
{"id":2182,"date":"2023-11-29T15:12:18","date_gmt":"2023-11-29T18:12:18","guid":{"rendered":"https:\/\/goias.gov.br\/cetran\/?p=2182"},"modified":"2023-11-29T16:11:06","modified_gmt":"2023-11-29T19:11:06","slug":"o-conselho-estadual-de-transito-de-goias-participou-do-xvii-forum-nacional-dos-conselhos-focotran-2023","status":"publish","type":"post","link":"https:\/\/goias.gov.br\/cetran\/o-conselho-estadual-de-transito-de-goias-participou-do-xvii-forum-nacional-dos-conselhos-focotran-2023\/","title":{"rendered":"O CONSELHO ESTADUAL DE TR\u00c2NSITO DE GOI\u00c1S, participou do XVII F\u00d3RUM NACIONAL DOS CONSELHOS \u2013 FOCOTRAN\/2023."},"content":{"rendered":"\n<p>Evento aberto com o SECRET\u00c1RIO DA CASA CIVIL e PRESIDENTE do CETRAN\/PR, Dr. Jo\u00e3o Carlos Ortega, Secret\u00e1rio da Senatran, Adrualdo Cat\u00e3o, Presidente do Focotran, Frederico Pierotti Arantes. Foram apresentados v\u00e1rios temas com informa\u00e7\u00f5es e mecanismos de capta\u00e7\u00e3o e investimentos para a mobilidade, participa\u00e7\u00e3o da SENATRAN com a Inspetora Maria Alice Nascimento Souza (Dir. Seguran\u00e7a no Tr\u00e2nsito \u2013 SENATRAN) ratificando a posi\u00e7\u00e3o de aberta a contribui\u00e7\u00f5es junto a SENATRAN. Apontamentos e necess\u00e1rias revis\u00f5es apresentadas pelo Conselheiro CETRAN\/SP Jos\u00e9 Luiz Nakama, informa\u00e7\u00f5es atualizadas da tramita\u00e7\u00e3o da minuta de resolu\u00e7\u00e3o tanto da revis\u00e3o da 901, quanto do NOVO PROCESSO ADMINISTRATIVO do tr\u00e2nsito trazidas por Coronel Ricardo Alves da Silva (Conselheiro &#8211; Cetran\/SC e membro da CT\/Esfor\u00e7o Legal), exposi\u00e7\u00f5es do mestre e Dr. Julyver Modesto de Ara\u00fajo (Conselheiro do CETRAN\/SP), participa\u00e7\u00e3o do Coronel Oderli Savadra Gomes dentre outras apresenta\u00e7\u00f5es e palestras que, sem d\u00favidas, representam as maiores refer\u00eancias bibliogr\u00e1ficas na \u00e1rea do Direito de Tr\u00e2nsito da atualidade.<\/p>\n\n\n\n<figure class=\"wp-block-image size-full\"><img fetchpriority=\"high\" decoding=\"async\" width=\"685\" height=\"692\" src=\"https:\/\/goias.gov.br\/cetran\/wp-content\/uploads\/sites\/17\/2023\/11\/WhatsApp-Image-2023-11-29-at-14.57.15.jpeg\" alt=\"\" class=\"wp-image-2183\" \/><\/figure>\n\n\n\n<figure class=\"wp-block-image size-full is-resized\"><img decoding=\"async\" src=\"https:\/\/goias.gov.br\/cetran\/wp-content\/uploads\/sites\/17\/2023\/11\/WhatsApp-Image-2023-11-29-at-14.59.01.jpeg\" alt=\"\" class=\"wp-image-2184\" style=\"width:685px;height:673px\" width=\"685\" height=\"673\" \/><\/figure>\n\n\n\n<figure class=\"wp-block-image size-full is-resized\"><img decoding=\"async\" src=\"https:\/\/goias.gov.br\/cetran\/wp-content\/uploads\/sites\/17\/2023\/11\/WhatsApp-Image-2023-11-29-at-15.02.56.jpeg\" alt=\"\" class=\"wp-image-2185\" style=\"width:688px;height:582px\" width=\"688\" height=\"582\" \/><\/figure>\n\n\n\n<figure class=\"wp-block-image size-full is-resized\"><img loading=\"lazy\" decoding=\"async\" src=\"https:\/\/goias.gov.br\/cetran\/wp-content\/uploads\/sites\/17\/2023\/11\/WhatsApp-Image-2023-11-29-at-15.03.40.jpeg\" alt=\"\" class=\"wp-image-2186\" style=\"width:693px;height:663px\" width=\"693\" height=\"663\" \/><\/figure>\n\n\n\n<figure class=\"wp-block-image size-full is-resized\"><img loading=\"lazy\" decoding=\"async\" src=\"https:\/\/goias.gov.br\/cetran\/wp-content\/uploads\/sites\/17\/2023\/11\/WhatsApp-Image-2023-11-29-at-15.04.37.jpeg\" alt=\"\" class=\"wp-image-2187\" style=\"width:695px;height:670px\" width=\"695\" height=\"670\" \/><\/figure>\n","protected":false},"excerpt":{"rendered":"<p>Evento aberto com o SECRET\u00c1RIO DA CASA CIVIL e PRESIDENTE do CETRAN\/PR, Dr. Jo\u00e3o Carlos Ortega, Secret\u00e1rio da Senatran, Adrualdo Cat\u00e3o, Presidente do Focotran, Frederico Pierotti Arantes. Foram apresentados v\u00e1rios temas com informa\u00e7\u00f5es e mecanismos de capta\u00e7\u00e3o e investimentos para a mobilidade, participa\u00e7\u00e3o da SENATRAN com a Inspetora Maria Alice Nascimento Souza (Dir. Seguran\u00e7a no [&hellip;]<\/p>\n","protected":false},"author":75,"featured_media":2188,"comment_status":"closed","ping_status":"open","sticky":false,"template":"","format":"standard","meta":{"footnotes":""},"categories":[48],"tags":[105],"class_list":["post-2182","post","type-post","status-publish","format-standard","has-post-thumbnail","hentry","category-noticias","tag-xvii-focotran"],"rttpg_featured_image_url":{"full":["https:\/\/goias.gov.br\/cetran\/wp-content\/uploads\/sites\/17\/2023\/11\/WhatsApp-Image-2023-11-29-at-14.57.15-1.jpeg",685,692,false],"landscape":["https:\/\/goias.gov.br\/cetran\/wp-content\/uploads\/sites\/17\/2023\/11\/WhatsApp-Image-2023-11-29-at-14.57.15-1.jpeg",685,692,false],"portraits":["https:\/\/goias.gov.br\/cetran\/wp-content\/uploads\/sites\/17\/2023\/11\/WhatsApp-Image-2023-11-29-at-14.57.15-1.jpeg",685,692,false],"thumbnail":["https:\/\/goias.gov.br\/cetran\/wp-content\/uploads\/sites\/17\/2023\/11\/WhatsApp-Image-2023-11-29-at-14.57.15-1.jpeg",148,150,false],"medium":["https:\/\/goias.gov.br\/cetran\/wp-content\/uploads\/sites\/17\/2023\/11\/WhatsApp-Image-2023-11-29-at-14.57.15-1.jpeg",297,300,false],"large":["https:\/\/goias.gov.br\/cetran\/wp-content\/uploads\/sites\/17\/2023\/11\/WhatsApp-Image-2023-11-29-at-14.57.15-1.jpeg",685,692,false],"1536x1536":["https:\/\/goias.gov.br\/cetran\/wp-content\/uploads\/sites\/17\/2023\/11\/WhatsApp-Image-2023-11-29-at-14.57.15-1.jpeg",685,692,false],"2048x2048":["https:\/\/goias.gov.br\/cetran\/wp-content\/uploads\/sites\/17\/2023\/11\/WhatsApp-Image-2023-11-29-at-14.57.15-1.jpeg",685,692,false]},"rttpg_author":{"display_name":"jenifferkm","author_link":"https:\/\/goias.gov.br\/cetran\/author\/jenifferkm\/"},"rttpg_comment":0,"rttpg_category":"<a href=\"https:\/\/goias.gov.br\/cetran\/categoria\/noticias\/\" rel=\"category tag\">Noticias<\/a>","rttpg_excerpt":"Evento aberto com o SECRET\u00c1RIO DA CASA CIVIL e PRESIDENTE do CETRAN\/PR, Dr. Jo\u00e3o Carlos Ortega, Secret\u00e1rio da Senatran, Adrualdo Cat\u00e3o, Presidente do Focotran, Frederico Pierotti Arantes. Foram apresentados v\u00e1rios temas com informa\u00e7\u00f5es e mecanismos de capta\u00e7\u00e3o e investimentos para a mobilidade, participa\u00e7\u00e3o da SENATRAN com a Inspetora Maria Alice Nascimento Souza (Dir. Seguran\u00e7a no&hellip;","_links":{"self":[{"href":"https:\/\/goias.gov.br\/cetran\/wp-json\/wp\/v2\/posts\/2182","targetHints":{"allow":["GET"]}}],"collection":[{"href":"https:\/\/goias.gov.br\/cetran\/wp-json\/wp\/v2\/posts"}],"about":[{"href":"https:\/\/goias.gov.br\/cetran\/wp-json\/wp\/v2\/types\/post"}],"author":[{"embeddable":true,"href":"https:\/\/goias.gov.br\/cetran\/wp-json\/wp\/v2\/users\/75"}],"replies":[{"embeddable":true,"href":"https:\/\/goias.gov.br\/cetran\/wp-json\/wp\/v2\/comments?post=2182"}],"version-history":[{"count":1,"href":"https:\/\/goias.gov.br\/cetran\/wp-json\/wp\/v2\/posts\/2182\/revisions"}],"predecessor-version":[{"id":2189,"href":"https:\/\/goias.gov.br\/cetran\/wp-json\/wp\/v2\/posts\/2182\/revisions\/2189"}],"wp:featuredmedia":[{"embeddable":true,"href":"https:\/\/goias.gov.br\/cetran\/wp-json\/wp\/v2\/media\/2188"}],"wp:attachment":[{"href":"https:\/\/goias.gov.br\/cetran\/wp-json\/wp\/v2\/media?parent=2182"}],"wp:term":[{"taxonomy":"category","embeddable":true,"href":"https:\/\/goias.gov.br\/cetran\/wp-json\/wp\/v2\/categories?post=2182"},{"taxonomy":"post_tag","embeddable":true,"href":"https:\/\/goias.gov.br\/cetran\/wp-json\/wp\/v2\/tags?post=2182"}],"curies":[{"name":"wp","href":"https:\/\/api.w.org\/{rel}","templated":true}]}}