
{"id":2136,"date":"2023-11-27T12:56:48","date_gmt":"2023-11-27T15:56:48","guid":{"rendered":"https:\/\/goias.gov.br\/cetran\/?p=2136"},"modified":"2023-11-27T12:57:11","modified_gmt":"2023-11-27T15:57:11","slug":"voce-sabia-3","status":"publish","type":"post","link":"https:\/\/goias.gov.br\/cetran\/voce-sabia-3\/","title":{"rendered":"VOC\u00ca SABIA?"},"content":{"rendered":"\n<p>Em Goi\u00e2nia, mulheres gr\u00e1vidas e m\u00e3es com crian\u00e7as de at\u00e9 2 anos t\u00eam direito a vagas preferenciais em estacionamentos p\u00fablicos e privados de Goi\u00e2nia. O direito est\u00e1 previsto na Lei Federal 13.146, de 2015. A vaga \u00e9 a mesma destinada a idosos e deficientes, mas no caso de lactantes e gestantes \u00e9 necess\u00e1rio que seja apresentado um laudo m\u00e9dico. No caso da gestante \u00e9 necess\u00e1rio o laudo do m\u00e9dico que acompanha a gravidez, neste caso a validade do cart\u00e3o \u00e9 a data prov\u00e1vel do parto. Para fazer o cadastro \u00e9 necess\u00e1rio acessar o site da prefeitura de Goi\u00e2nia ou procurar o Atende F\u00e1cil com os documentos da crian\u00e7a e comprovante de endere\u00e7o (de Goi\u00e2nia) em nome da m\u00e3e.&nbsp;<\/p>\n\n\n\n<p>Para cadastro pelo site da prefeitura, clique no link:<a href=\"https:\/\/www.goiania.go.gov.br\/sing_servicos\/cartao-de-estacionamento-vaga-especial\/\"> https:\/\/www.goiania.go.gov.br\/sing_servicos\/cartao-de-estacionamento-vaga-especial\/<\/a><\/p>\n\n\n\n<figure class=\"wp-block-image size-full\"><img fetchpriority=\"high\" decoding=\"async\" width=\"691\" height=\"682\" src=\"https:\/\/goias.gov.br\/cetran\/wp-content\/uploads\/sites\/17\/2023\/11\/WhatsApp-Image-2023-11-16-at-12.02.24.jpeg\" alt=\"\" class=\"wp-image-2137\" \/><\/figure>\n","protected":false},"excerpt":{"rendered":"<p>Em Goi\u00e2nia, mulheres gr\u00e1vidas e m\u00e3es com crian\u00e7as de at\u00e9 2 anos t\u00eam direito a vagas preferenciais em estacionamentos p\u00fablicos e privados de Goi\u00e2nia. O direito est\u00e1 previsto na Lei Federal 13.146, de 2015. A vaga \u00e9 a mesma destinada a idosos e deficientes, mas no caso de lactantes e gestantes \u00e9 necess\u00e1rio que seja [&hellip;]<\/p>\n","protected":false},"author":75,"featured_media":2137,"comment_status":"closed","ping_status":"open","sticky":false,"template":"","format":"standard","meta":{"footnotes":""},"categories":[48],"tags":[94],"class_list":["post-2136","post","type-post","status-publish","format-standard","has-post-thumbnail","hentry","category-noticias","tag-informacao"],"rttpg_featured_image_url":{"full":["https:\/\/goias.gov.br\/cetran\/wp-content\/uploads\/sites\/17\/2023\/11\/WhatsApp-Image-2023-11-16-at-12.02.24.jpeg",691,682,false],"landscape":["https:\/\/goias.gov.br\/cetran\/wp-content\/uploads\/sites\/17\/2023\/11\/WhatsApp-Image-2023-11-16-at-12.02.24.jpeg",691,682,false],"portraits":["https:\/\/goias.gov.br\/cetran\/wp-content\/uploads\/sites\/17\/2023\/11\/WhatsApp-Image-2023-11-16-at-12.02.24.jpeg",691,682,false],"thumbnail":["https:\/\/goias.gov.br\/cetran\/wp-content\/uploads\/sites\/17\/2023\/11\/WhatsApp-Image-2023-11-16-at-12.02.24.jpeg",150,148,false],"medium":["https:\/\/goias.gov.br\/cetran\/wp-content\/uploads\/sites\/17\/2023\/11\/WhatsApp-Image-2023-11-16-at-12.02.24.jpeg",300,296,false],"large":["https:\/\/goias.gov.br\/cetran\/wp-content\/uploads\/sites\/17\/2023\/11\/WhatsApp-Image-2023-11-16-at-12.02.24.jpeg",691,682,false],"1536x1536":["https:\/\/goias.gov.br\/cetran\/wp-content\/uploads\/sites\/17\/2023\/11\/WhatsApp-Image-2023-11-16-at-12.02.24.jpeg",691,682,false],"2048x2048":["https:\/\/goias.gov.br\/cetran\/wp-content\/uploads\/sites\/17\/2023\/11\/WhatsApp-Image-2023-11-16-at-12.02.24.jpeg",691,682,false]},"rttpg_author":{"display_name":"jenifferkm","author_link":"https:\/\/goias.gov.br\/cetran\/author\/jenifferkm\/"},"rttpg_comment":0,"rttpg_category":"<a href=\"https:\/\/goias.gov.br\/cetran\/categoria\/noticias\/\" rel=\"category tag\">Noticias<\/a>","rttpg_excerpt":"Em Goi\u00e2nia, mulheres gr\u00e1vidas e m\u00e3es com crian\u00e7as de at\u00e9 2 anos t\u00eam direito a vagas preferenciais em estacionamentos p\u00fablicos e privados de Goi\u00e2nia. O direito est\u00e1 previsto na Lei Federal 13.146, de 2015. A vaga \u00e9 a mesma destinada a idosos e deficientes, mas no caso de lactantes e gestantes \u00e9 necess\u00e1rio que seja&hellip;","_links":{"self":[{"href":"https:\/\/goias.gov.br\/cetran\/wp-json\/wp\/v2\/posts\/2136","targetHints":{"allow":["GET"]}}],"collection":[{"href":"https:\/\/goias.gov.br\/cetran\/wp-json\/wp\/v2\/posts"}],"about":[{"href":"https:\/\/goias.gov.br\/cetran\/wp-json\/wp\/v2\/types\/post"}],"author":[{"embeddable":true,"href":"https:\/\/goias.gov.br\/cetran\/wp-json\/wp\/v2\/users\/75"}],"replies":[{"embeddable":true,"href":"https:\/\/goias.gov.br\/cetran\/wp-json\/wp\/v2\/comments?post=2136"}],"version-history":[{"count":1,"href":"https:\/\/goias.gov.br\/cetran\/wp-json\/wp\/v2\/posts\/2136\/revisions"}],"predecessor-version":[{"id":2138,"href":"https:\/\/goias.gov.br\/cetran\/wp-json\/wp\/v2\/posts\/2136\/revisions\/2138"}],"wp:featuredmedia":[{"embeddable":true,"href":"https:\/\/goias.gov.br\/cetran\/wp-json\/wp\/v2\/media\/2137"}],"wp:attachment":[{"href":"https:\/\/goias.gov.br\/cetran\/wp-json\/wp\/v2\/media?parent=2136"}],"wp:term":[{"taxonomy":"category","embeddable":true,"href":"https:\/\/goias.gov.br\/cetran\/wp-json\/wp\/v2\/categories?post=2136"},{"taxonomy":"post_tag","embeddable":true,"href":"https:\/\/goias.gov.br\/cetran\/wp-json\/wp\/v2\/tags?post=2136"}],"curies":[{"name":"wp","href":"https:\/\/api.w.org\/{rel}","templated":true}]}}