
{"id":1636,"date":"2018-10-30T15:56:21","date_gmt":"2018-10-30T18:56:21","guid":{"rendered":"https:\/\/siteshom.goias.gov.br\/cetran\/historico-2\/"},"modified":"2025-05-08T10:08:16","modified_gmt":"2025-05-08T13:08:16","slug":"historico-2","status":"publish","type":"post","link":"https:\/\/goias.gov.br\/cetran\/historico-2\/","title":{"rendered":"Hist\u00f3rico do Cetran-GO (2)"},"content":{"rendered":"\n<p>Instalado <strong>em 1957 aos 08 dias do m\u00eas de junho<\/strong> denominado CONSELHO REGIONAL DE TR\u00c2NSITO, nos termos do C\u00f3digo Nacional de Tr\u00e2nsito \u2013&nbsp;<a href=\"http:\/\/www.planalto.gov.br\/ccivil_03\/decreto-lei\/1937-1946\/Del3651.htm\" target=\"_blank\" rel=\"noopener\">Decreto-Lei N\u00ba 3.651, de 25 de setembro de 1941<\/a>.<\/p>\n\n\n\n<p><strong>No ano de 2023 at\u00e9 2025.<\/strong><\/p>\n\n\n\n<p>13. PRESIDENTE ATUAL : <strong>NAYARA BARROS COIMBRA.<\/strong><\/p>\n\n\n\n<figure class=\"wp-block-image size-large is-resized\"><img fetchpriority=\"high\" decoding=\"async\" width=\"1024\" height=\"1024\" src=\"https:\/\/goias.gov.br\/cetran\/wp-content\/uploads\/sites\/17\/2023\/03\/WhatsApp_Image_2023-03-24_at_063602-c8f-1024x1024.jpeg\" alt=\"\" class=\"wp-image-1567\" style=\"width:500px\" srcset=\"https:\/\/goias.gov.br\/cetran\/wp-content\/uploads\/sites\/17\/2023\/03\/WhatsApp_Image_2023-03-24_at_063602-c8f-1024x1024.jpeg 1024w, https:\/\/goias.gov.br\/cetran\/wp-content\/uploads\/sites\/17\/2023\/03\/WhatsApp_Image_2023-03-24_at_063602-c8f-300x300.jpeg 300w, https:\/\/goias.gov.br\/cetran\/wp-content\/uploads\/sites\/17\/2023\/03\/WhatsApp_Image_2023-03-24_at_063602-c8f-150x150.jpeg 150w, https:\/\/goias.gov.br\/cetran\/wp-content\/uploads\/sites\/17\/2023\/03\/WhatsApp_Image_2023-03-24_at_063602-c8f-768x768.jpeg 768w, https:\/\/goias.gov.br\/cetran\/wp-content\/uploads\/sites\/17\/2023\/03\/WhatsApp_Image_2023-03-24_at_063602-c8f.jpeg 1080w\" sizes=\"(max-width: 1024px) 100vw, 1024px\" \/><\/figure>\n\n\n\n<p><strong>No ano de 2019 at\u00e9 2023.<\/strong><\/p>\n\n\n\n<p>12. PRESIDENTE: <strong>JOS\u00c9 NICOLAU DE OLIVEIRA NETO.<\/strong><\/p>\n\n\n\n<figure class=\"wp-block-image size-large is-resized\"><img decoding=\"async\" width=\"773\" height=\"1024\" src=\"https:\/\/goias.gov.br\/cetran\/wp-content\/uploads\/sites\/17\/2018\/10\/WhatsAppImage2023-05-10at09.22.56-832-773x1024.jpeg\" alt=\"\" class=\"wp-image-1635\" style=\"width:500px\" srcset=\"https:\/\/goias.gov.br\/cetran\/wp-content\/uploads\/sites\/17\/2018\/10\/WhatsAppImage2023-05-10at09.22.56-832-773x1024.jpeg 773w, https:\/\/goias.gov.br\/cetran\/wp-content\/uploads\/sites\/17\/2018\/10\/WhatsAppImage2023-05-10at09.22.56-832-226x300.jpeg 226w, https:\/\/goias.gov.br\/cetran\/wp-content\/uploads\/sites\/17\/2018\/10\/WhatsAppImage2023-05-10at09.22.56-832-768x1018.jpeg 768w, https:\/\/goias.gov.br\/cetran\/wp-content\/uploads\/sites\/17\/2018\/10\/WhatsAppImage2023-05-10at09.22.56-832.jpeg 966w\" sizes=\"(max-width: 773px) 100vw, 773px\" \/><\/figure>\n\n\n\n<p><strong>No ano de 2015 at\u00e9 2019.<\/strong><\/p>\n\n\n\n<p>11. PRESIDENTE: <strong>HOR\u00c1CIO MELLO E CUNHA SANTOS.<\/strong><\/p>\n\n\n\n<figure class=\"wp-block-image size-large is-resized\"><img decoding=\"async\" width=\"771\" height=\"1024\" src=\"https:\/\/goias.gov.br\/cetran\/wp-content\/uploads\/sites\/17\/2018\/10\/WhatsAppImage2023-05-05at07.52.33-462-771x1024.jpeg\" alt=\"\" class=\"wp-image-1634\" style=\"width:500px\" srcset=\"https:\/\/goias.gov.br\/cetran\/wp-content\/uploads\/sites\/17\/2018\/10\/WhatsAppImage2023-05-05at07.52.33-462-771x1024.jpeg 771w, https:\/\/goias.gov.br\/cetran\/wp-content\/uploads\/sites\/17\/2018\/10\/WhatsAppImage2023-05-05at07.52.33-462-226x300.jpeg 226w, https:\/\/goias.gov.br\/cetran\/wp-content\/uploads\/sites\/17\/2018\/10\/WhatsAppImage2023-05-05at07.52.33-462-768x1020.jpeg 768w, https:\/\/goias.gov.br\/cetran\/wp-content\/uploads\/sites\/17\/2018\/10\/WhatsAppImage2023-05-05at07.52.33-462.jpeg 916w\" sizes=\"(max-width: 771px) 100vw, 771px\" \/><\/figure>\n\n\n\n<p><strong>No ano de 2011 at\u00e9 2015.<\/strong><\/p>\n\n\n\n<p>10. PRESIDENTE: <strong>ANIC\u00c9SIO AFONSO DE MIRANDA.<\/strong><\/p>\n\n\n\n<figure class=\"wp-block-image size-full is-resized\"><img loading=\"lazy\" decoding=\"async\" width=\"320\" height=\"443\" src=\"https:\/\/goias.gov.br\/cetran\/wp-content\/uploads\/sites\/17\/2018\/10\/WhatsAppImage2023-05-05at07.52.32-1-2fe.jpeg\" alt=\"\" class=\"wp-image-1633\" style=\"width:500px\" srcset=\"https:\/\/goias.gov.br\/cetran\/wp-content\/uploads\/sites\/17\/2018\/10\/WhatsAppImage2023-05-05at07.52.32-1-2fe.jpeg 320w, https:\/\/goias.gov.br\/cetran\/wp-content\/uploads\/sites\/17\/2018\/10\/WhatsAppImage2023-05-05at07.52.32-1-2fe-217x300.jpeg 217w\" sizes=\"(max-width: 320px) 100vw, 320px\" \/><\/figure>\n\n\n\n<p><strong>&nbsp;Decreto de 21 de maio de 2009, compondo o conselho at\u00e9 2011.<\/strong><\/p>\n\n\n\n<p>9. PRESIDENTE: <strong>Antenor Jos\u00e9 de Pinheiro Santos.<\/strong><\/p>\n\n\n\n<p><strong>Por meio do Decreto Governamental de 29 de agosto de 2008 foi nomeado at\u00e9 2009.<\/strong><\/p>\n\n\n\n<p>8. PRESIDENTE: <strong>Paulo Henrique Bernardes.<\/strong><\/p>\n\n\n\n<p><strong>Aos tr\u00eas dias do m\u00eas de abril de 2006 foi nomeado at\u00e9 2008.<\/strong><\/p>\n\n\n\n<p>7. PRESIDENTE: <strong>Walter Marques de Jesus.<\/strong><\/p>\n\n\n\n<p><strong>Aos dezenove dias do m\u00eas de abril do ano de 2002, foi nomeado at\u00e9 2006.<\/strong><\/p>\n\n\n\n<p>6. PRESIDENTE <strong>: CLEUZO OMAR DO NASCIMENTO.<\/strong><\/p>\n\n\n\n<figure class=\"wp-block-image size-full is-resized\"><img loading=\"lazy\" decoding=\"async\" width=\"218\" height=\"150\" src=\"https:\/\/goias.gov.br\/cetran\/wp-content\/uploads\/sites\/17\/2018\/10\/WhatsAppImage2023-05-05at07.52.31-0be.jpeg\" alt=\"\" class=\"wp-image-1632\" style=\"width:500px\"\/><\/figure>\n\n\n\n<p><strong>No dia 05 de janeiro de 1999 foi nomeado at\u00e9 2002.<\/strong><\/p>\n\n\n\n<p>5. PRESIDENTE : \u00a0<strong>MARCELO FERNANDES DE MELO.\u00a0<\/strong><\/p>\n\n\n\n<figure class=\"wp-block-image size-large is-resized\"><img loading=\"lazy\" decoding=\"async\" width=\"723\" height=\"1024\" src=\"https:\/\/goias.gov.br\/cetran\/wp-content\/uploads\/sites\/17\/2018\/10\/WhatsAppImage2023-05-05at07.52.30-c0b-723x1024.jpeg\" alt=\"\" class=\"wp-image-1205\" style=\"width:500px\" srcset=\"https:\/\/goias.gov.br\/cetran\/wp-content\/uploads\/sites\/17\/2018\/10\/WhatsAppImage2023-05-05at07.52.30-c0b-723x1024.jpeg 723w, https:\/\/goias.gov.br\/cetran\/wp-content\/uploads\/sites\/17\/2018\/10\/WhatsAppImage2023-05-05at07.52.30-c0b-212x300.jpeg 212w, https:\/\/goias.gov.br\/cetran\/wp-content\/uploads\/sites\/17\/2018\/10\/WhatsAppImage2023-05-05at07.52.30-c0b-768x1088.jpeg 768w, https:\/\/goias.gov.br\/cetran\/wp-content\/uploads\/sites\/17\/2018\/10\/WhatsAppImage2023-05-05at07.52.30-c0b-1084x1536.jpeg 1084w, https:\/\/goias.gov.br\/cetran\/wp-content\/uploads\/sites\/17\/2018\/10\/WhatsAppImage2023-05-05at07.52.30-c0b.jpeg 1129w\" sizes=\"(max-width: 723px) 100vw, 723px\" \/><\/figure>\n\n\n\n<p><strong><strong>No dia 15 de outubro&nbsp; de 1997 <\/strong><\/strong>o Governador do Estado de Goi\u00e1s, no uso de suas atribui\u00e7\u00f5es constitucionais e legais, tendo em vista o que consta do Processo n\u00ba 15111601, e nos termos do art.2\u00ba do Regimento aprovado pelo Decreto n\u00ba 3.212, de julho de 1989, com modifica\u00e7\u00f5es posteriores, em harmonia com o art. 14, caput, e seus par\u00e1grafos 1\u00ba e 2\u00ba, do Regulamento aprovado pelo Decreto Federal n\u00ba 62.127, de 16 de janeiro de 1968, tamb\u00e9m com modifica\u00e7\u00f5es posteriores, resolve nomear para um mandato de 02 (dois) anos na qualidade de membros do Conselho Estadual de Tr\u00e2nsito de Goi\u00e1s os seguintes representantes:&nbsp;<\/p>\n\n\n\n<p>4. PRESIDENTE : <strong>Cap.PM Vitor Hugo Benevides de Souza.<\/strong><\/p>\n\n\n\n<p><strong>No ano de 1987 aos 20 dias do m\u00eas de outubro.<\/strong><\/p>\n\n\n\n<p>3. PRESIDENTE : <strong>Alu\u00edsio Am\u00edlcar S\u00e1 Peixoto.<\/strong><\/p>\n\n\n\n<p><strong>No ano de 1978 aos treze dias do m\u00eas de outubro<\/strong> formou-se um novo conselho.<\/p>\n\n\n\n<p>2. PRESIDENTE : <strong>Bel. Achiles Ferreira da Rocha<\/strong>, nomeado atrav\u00e9s do Of\u00edcio-Circular de treze de outubro de 1978, retificando o Decreto de 14 de junho de 1977.De acordo com o C\u00f3digo Nacional de\u00a0 Tr\u00e2nsito Lei 5.108\/1966 de 21.09.1966.<\/p>\n\n\n\n<p>1. PRESIDENTE :\u00a0<strong>Adolfo Souza Filho<\/strong>\u00a0(Diretor do DETRAN\/GO na \u00e9poca).<\/p>\n\n\n\n<p><\/p>\n","protected":false},"excerpt":{"rendered":"<p>Instalado em 1957 aos 08 dias do m\u00eas de junho denominado CONSELHO REGIONAL DE TR\u00c2NSITO, nos termos do C\u00f3digo Nacional de Tr\u00e2nsito \u2013&nbsp;Decreto-Lei N\u00ba 3.651, de 25 de setembro de 1941. No ano de 2023 at\u00e9 2025. 13. PRESIDENTE ATUAL : NAYARA BARROS COIMBRA. No ano de 2019 at\u00e9 2023. 12. PRESIDENTE: JOS\u00c9 NICOLAU DE [&hellip;]<\/p>\n","protected":false},"author":49,"featured_media":0,"comment_status":"closed","ping_status":"open","sticky":false,"template":"","format":"standard","meta":{"footnotes":""},"categories":[44],"tags":[],"class_list":["post-1636","post","type-post","status-publish","format-standard","hentry","category-institucional"],"rttpg_featured_image_url":null,"rttpg_author":{"display_name":"barbaracb","author_link":"https:\/\/goias.gov.br\/cetran\/author\/barbaracb\/"},"rttpg_comment":0,"rttpg_category":"<a href=\"https:\/\/goias.gov.br\/cetran\/categoria\/institucional\/\" rel=\"category tag\">Institucional<\/a>","rttpg_excerpt":"Instalado em 1957 aos 08 dias do m\u00eas de junho denominado CONSELHO REGIONAL DE TR\u00c2NSITO, nos termos do C\u00f3digo Nacional de Tr\u00e2nsito \u2013&nbsp;Decreto-Lei N\u00ba 3.651, de 25 de setembro de 1941. No ano de 2023 at\u00e9 2025. 13. PRESIDENTE ATUAL : NAYARA BARROS COIMBRA. No ano de 2019 at\u00e9 2023. 12. PRESIDENTE: JOS\u00c9 NICOLAU DE&hellip;","_links":{"self":[{"href":"https:\/\/goias.gov.br\/cetran\/wp-json\/wp\/v2\/posts\/1636","targetHints":{"allow":["GET"]}}],"collection":[{"href":"https:\/\/goias.gov.br\/cetran\/wp-json\/wp\/v2\/posts"}],"about":[{"href":"https:\/\/goias.gov.br\/cetran\/wp-json\/wp\/v2\/types\/post"}],"author":[{"embeddable":true,"href":"https:\/\/goias.gov.br\/cetran\/wp-json\/wp\/v2\/users\/49"}],"replies":[{"embeddable":true,"href":"https:\/\/goias.gov.br\/cetran\/wp-json\/wp\/v2\/comments?post=1636"}],"version-history":[{"count":2,"href":"https:\/\/goias.gov.br\/cetran\/wp-json\/wp\/v2\/posts\/1636\/revisions"}],"predecessor-version":[{"id":3488,"href":"https:\/\/goias.gov.br\/cetran\/wp-json\/wp\/v2\/posts\/1636\/revisions\/3488"}],"wp:attachment":[{"href":"https:\/\/goias.gov.br\/cetran\/wp-json\/wp\/v2\/media?parent=1636"}],"wp:term":[{"taxonomy":"category","embeddable":true,"href":"https:\/\/goias.gov.br\/cetran\/wp-json\/wp\/v2\/categories?post=1636"},{"taxonomy":"post_tag","embeddable":true,"href":"https:\/\/goias.gov.br\/cetran\/wp-json\/wp\/v2\/tags?post=1636"}],"curies":[{"name":"wp","href":"https:\/\/api.w.org\/{rel}","templated":true}]}}