

{"id":15096,"date":"2024-02-07T15:15:51","date_gmt":"2024-02-07T18:15:51","guid":{"rendered":"https:\/\/goias.gov.br\/cee\/?p=15096"},"modified":"2024-02-07T15:54:47","modified_gmt":"2024-02-07T18:54:47","slug":"conselheira-do-cne-participa-de-reuniao-do-cee-go","status":"publish","type":"post","link":"https:\/\/goias.gov.br\/cee\/conselheira-do-cne-participa-de-reuniao-do-cee-go\/","title":{"rendered":"Conselheira do CNE participa de reuni\u00e3o do CEE\/GO"},"content":{"rendered":"<p>A conselheira do Conselho Nacional de Educa\u00e7\u00e3o (CNE), Suely Melo de Castro Menezes, participa, nesta quinta-feira (08\/02), de reuni\u00e3o do Conselho Estadual de Educa\u00e7\u00e3o de Goi\u00e1s (CEE\/GO) que ser\u00e1 transmitida no Youtube, a partir das 9 horas.<\/p>\n<p>Suely vai falar sobre dois pareceres do CNE de grande import\u00e2ncia para o sistema de ensino brasileiro e que orientam sobre a educa\u00e7\u00e3o especial. Um dos documentos \u00e9 sobre o atendimento a estudantes com altas habilidades e o outro, sobre o atendimento de estudantes com Transtorno do Espectro Autista (TEA).<\/p>\n<p>A transmiss\u00e3o ser\u00e1 realizada no canal do CEE\/GO no Youtube. <a href=\"https:\/\/www.youtube.com\/watch?v=gGpXd_NdQdU\">Clique aqui para acompanhar<\/a>.<\/p>\n<h5>Confira os pareceres do CNE na integra:<\/h5>\n<p><a href=\"https:\/\/goias.gov.br\/cee\/wp-content\/uploads\/sites\/20\/2024\/02\/PARECER-_CNE_CP-_51_2023.pdf\">Orienta\u00e7\u00f5es espec\u00edficas para o p\u00fablico da Educa\u00e7\u00e3o Especial: atendimento dos estudantes com altas habilidades\/superdota\u00e7\u00e3o.<\/a><\/p>\n<p><a href=\"https:\/\/goias.gov.br\/cee\/wp-content\/uploads\/sites\/20\/2024\/02\/PARECER_CNE_CP_50_2023.pdf\">Orienta\u00e7\u00f5es espec\u00edficas para o p\u00fablico da Educa\u00e7\u00e3o Especial: atendimento de estudantes com Transtorno do Espectro Autista (TEA).<\/a><\/p>\n","protected":false},"excerpt":{"rendered":"<p>A conselheira do Conselho Nacional de Educa\u00e7\u00e3o (CNE), Suely Melo de Castro Menezes, participa, nesta quinta-feira (08\/02), de reuni\u00e3o do Conselho Estadual de Educa\u00e7\u00e3o de Goi\u00e1s (CEE\/GO) que ser\u00e1 transmitida no Youtube, a partir das 9 horas. Suely vai falar sobre dois pareceres do CNE de grande import\u00e2ncia para o sistema de ensino brasileiro e [&hellip;]<\/p>\n","protected":false},"author":79,"featured_media":15102,"comment_status":"closed","ping_status":"open","sticky":true,"template":"","format":"standard","meta":{"footnotes":""},"categories":[36],"tags":[68],"class_list":["post-15096","post","type-post","status-publish","format-standard","has-post-thumbnail","hentry","category-noticias","tag-educacao"],"rttpg_featured_image_url":{"full":["https:\/\/goias.gov.br\/cee\/wp-content\/uploads\/sites\/20\/2024\/02\/imagem-destaque-2-1.png",1921,1081,false],"landscape":["https:\/\/goias.gov.br\/cee\/wp-content\/uploads\/sites\/20\/2024\/02\/imagem-destaque-2-1.png",1921,1081,false],"portraits":["https:\/\/goias.gov.br\/cee\/wp-content\/uploads\/sites\/20\/2024\/02\/imagem-destaque-2-1.png",1921,1081,false],"thumbnail":["https:\/\/goias.gov.br\/cee\/wp-content\/uploads\/sites\/20\/2024\/02\/imagem-destaque-2-1.png",150,84,false],"medium":["https:\/\/goias.gov.br\/cee\/wp-content\/uploads\/sites\/20\/2024\/02\/imagem-destaque-2-1.png",300,169,false],"large":["https:\/\/goias.gov.br\/cee\/wp-content\/uploads\/sites\/20\/2024\/02\/imagem-destaque-2-1.png",1024,576,false],"1536x1536":["https:\/\/goias.gov.br\/cee\/wp-content\/uploads\/sites\/20\/2024\/02\/imagem-destaque-2-1.png",1536,864,false],"2048x2048":["https:\/\/goias.gov.br\/cee\/wp-content\/uploads\/sites\/20\/2024\/02\/imagem-destaque-2-1.png",1921,1081,false]},"rttpg_author":{"display_name":"isabeldias","author_link":"https:\/\/goias.gov.br\/cee\/author\/isabeldias\/"},"rttpg_comment":0,"rttpg_category":"<a href=\"https:\/\/goias.gov.br\/cee\/categoria\/noticias\/\" rel=\"category tag\">Not\u00edcias<\/a>","rttpg_excerpt":"A conselheira do Conselho Nacional de Educa\u00e7\u00e3o (CNE), Suely Melo de Castro Menezes, participa, nesta quinta-feira (08\/02), de reuni\u00e3o do Conselho Estadual de Educa\u00e7\u00e3o de Goi\u00e1s (CEE\/GO) que ser\u00e1 transmitida no Youtube, a partir das 9 horas. Suely vai falar sobre dois pareceres do CNE de grande import\u00e2ncia para o sistema de ensino brasileiro e&hellip;","_links":{"self":[{"href":"https:\/\/goias.gov.br\/cee\/wp-json\/wp\/v2\/posts\/15096","targetHints":{"allow":["GET"]}}],"collection":[{"href":"https:\/\/goias.gov.br\/cee\/wp-json\/wp\/v2\/posts"}],"about":[{"href":"https:\/\/goias.gov.br\/cee\/wp-json\/wp\/v2\/types\/post"}],"author":[{"embeddable":true,"href":"https:\/\/goias.gov.br\/cee\/wp-json\/wp\/v2\/users\/79"}],"replies":[{"embeddable":true,"href":"https:\/\/goias.gov.br\/cee\/wp-json\/wp\/v2\/comments?post=15096"}],"version-history":[{"count":2,"href":"https:\/\/goias.gov.br\/cee\/wp-json\/wp\/v2\/posts\/15096\/revisions"}],"predecessor-version":[{"id":15103,"href":"https:\/\/goias.gov.br\/cee\/wp-json\/wp\/v2\/posts\/15096\/revisions\/15103"}],"wp:featuredmedia":[{"embeddable":true,"href":"https:\/\/goias.gov.br\/cee\/wp-json\/wp\/v2\/media\/15102"}],"wp:attachment":[{"href":"https:\/\/goias.gov.br\/cee\/wp-json\/wp\/v2\/media?parent=15096"}],"wp:term":[{"taxonomy":"category","embeddable":true,"href":"https:\/\/goias.gov.br\/cee\/wp-json\/wp\/v2\/categories?post=15096"},{"taxonomy":"post_tag","embeddable":true,"href":"https:\/\/goias.gov.br\/cee\/wp-json\/wp\/v2\/tags?post=15096"}],"curies":[{"name":"wp","href":"https:\/\/api.w.org\/{rel}","templated":true}]}}