

{"id":14549,"date":"2023-12-14T16:09:11","date_gmt":"2023-12-14T19:09:11","guid":{"rendered":"https:\/\/goias.gov.br\/cee\/?p=14549"},"modified":"2023-12-14T19:12:29","modified_gmt":"2023-12-14T22:12:29","slug":"cee-go-suspende-matriculas-e-atividades-educacionais-de-colegio-particular-de-goiania","status":"publish","type":"post","link":"https:\/\/goias.gov.br\/cee\/cee-go-suspende-matriculas-e-atividades-educacionais-de-colegio-particular-de-goiania\/","title":{"rendered":"CEE\/GO suspende matr\u00edculas e atividades educacionais de col\u00e9gio particular de Goi\u00e2nia"},"content":{"rendered":"<p>O Conselho Estadual de Educa\u00e7\u00e3o de Goi\u00e1s (CEE) emitiu, nesta quinta-feira (14\/12), um parecer t\u00e9cnico que determinou a suspens\u00e3o de novas matr\u00edculas e das atividades educacionais do Col\u00e9gio Fractal Unidade Passeio das \u00c1guas, na regi\u00e3o noroeste de Goi\u00e2nia. Determina\u00e7\u00e3o surgiu ap\u00f3s o acolhimento de den\u00fancias que foram formalizadas e apuradas pelo \u00f3rg\u00e3o.<\/p>\n<p>Depois de busca minuciosa, foi constatado que o col\u00e9gio n\u00e3o possu\u00eda nenhum registro de processos para regulariza\u00e7\u00e3o junto \u00e0 C\u00e2mara de Educa\u00e7\u00e3o B\u00e1sica, departamento respons\u00e1vel pelo registro de funcionamento das unidades escolares no CEE\/GO. De acordo com o documento, a escola n\u00e3o possui autoriza\u00e7\u00e3o para funcionamento e descumpre as normas do Sistema Educativo do Estado de Goi\u00e1s.<\/p>\n<p>O parecer do CEE\/GO determinou ainda que est\u00e3o inv\u00e1lidos todos os atos pedag\u00f3gicos e documentos emitidos pela gest\u00e3o do col\u00e9gio. E solicitou o envio em, no prazo m\u00e1ximo de 3 dias \u00fateis, as informa\u00e7\u00f5es e documentos escolares de todos os alunos atendidos pela institui\u00e7\u00e3o. C\u00f3pias do parecer tamb\u00e9m foram enviadas para autoridades competentes como a Delegacia Estadual de Repress\u00e3o a Crimes Contra o Consumidor.<\/p>\n<h4>Outas unidades<\/h4>\n<p>Durante a apura\u00e7\u00e3o, foi constatado que a unidade do Col\u00e9gio Fractal, no setor Jardim Planalto, est\u00e1\u00a0com a autoriza\u00e7\u00e3o de oferta dos ensinos fundamental do 6\u00ba ao 9\u00ba ano e m\u00e9dio vencidos desde 01\/01\/2022. Contudo, pediram a renova\u00e7\u00e3o por meio do processo n\u00ba 202318037004102 protocolado em 14\/06\/2023. J\u00e1 o Col\u00e9gio Fractal Kids II Sudoeste est\u00e1 autorizado a ofertar o ensino fundamental do 1\u00ba ao 9\u00ba ano at\u00e9 31\/12\/2023.<\/p>\n<p>Confira a \u00edntegra do documento <a href=\"https:\/\/goias.gov.br\/cee\/wp-content\/uploads\/sites\/20\/2023\/12\/SEI_GOVERNADORIA-54688285-Parecer-CEE-Fractal.pdf\">Clicando Aqui<\/a><\/p>\n","protected":false},"excerpt":{"rendered":"<p>O Conselho Estadual de Educa\u00e7\u00e3o de Goi\u00e1s (CEE) emitiu, nesta quinta-feira (14\/12), um parecer t\u00e9cnico que determinou a suspens\u00e3o de novas matr\u00edculas e das atividades educacionais do Col\u00e9gio Fractal Unidade Passeio das \u00c1guas, na regi\u00e3o noroeste de Goi\u00e2nia. Determina\u00e7\u00e3o surgiu ap\u00f3s o acolhimento de den\u00fancias que foram formalizadas e apuradas pelo \u00f3rg\u00e3o. Depois de busca [&hellip;]<\/p>\n","protected":false},"author":79,"featured_media":14550,"comment_status":"closed","ping_status":"open","sticky":true,"template":"","format":"standard","meta":{"footnotes":""},"categories":[36],"tags":[78],"class_list":["post-14549","post","type-post","status-publish","format-standard","has-post-thumbnail","hentry","category-noticias","tag-alerta"],"rttpg_featured_image_url":{"full":["https:\/\/goias.gov.br\/cee\/wp-content\/uploads\/sites\/20\/2023\/12\/ALERTA.png",1921,1081,false],"landscape":["https:\/\/goias.gov.br\/cee\/wp-content\/uploads\/sites\/20\/2023\/12\/ALERTA.png",1921,1081,false],"portraits":["https:\/\/goias.gov.br\/cee\/wp-content\/uploads\/sites\/20\/2023\/12\/ALERTA.png",1921,1081,false],"thumbnail":["https:\/\/goias.gov.br\/cee\/wp-content\/uploads\/sites\/20\/2023\/12\/ALERTA.png",150,84,false],"medium":["https:\/\/goias.gov.br\/cee\/wp-content\/uploads\/sites\/20\/2023\/12\/ALERTA.png",300,169,false],"large":["https:\/\/goias.gov.br\/cee\/wp-content\/uploads\/sites\/20\/2023\/12\/ALERTA.png",1024,576,false],"1536x1536":["https:\/\/goias.gov.br\/cee\/wp-content\/uploads\/sites\/20\/2023\/12\/ALERTA.png",1536,864,false],"2048x2048":["https:\/\/goias.gov.br\/cee\/wp-content\/uploads\/sites\/20\/2023\/12\/ALERTA.png",1921,1081,false]},"rttpg_author":{"display_name":"isabeldias","author_link":"https:\/\/goias.gov.br\/cee\/author\/isabeldias\/"},"rttpg_comment":0,"rttpg_category":"<a href=\"https:\/\/goias.gov.br\/cee\/categoria\/noticias\/\" rel=\"category tag\">Not\u00edcias<\/a>","rttpg_excerpt":"O Conselho Estadual de Educa\u00e7\u00e3o de Goi\u00e1s (CEE) emitiu, nesta quinta-feira (14\/12), um parecer t\u00e9cnico que determinou a suspens\u00e3o de novas matr\u00edculas e das atividades educacionais do Col\u00e9gio Fractal Unidade Passeio das \u00c1guas, na regi\u00e3o noroeste de Goi\u00e2nia. Determina\u00e7\u00e3o surgiu ap\u00f3s o acolhimento de den\u00fancias que foram formalizadas e apuradas pelo \u00f3rg\u00e3o. Depois de busca&hellip;","_links":{"self":[{"href":"https:\/\/goias.gov.br\/cee\/wp-json\/wp\/v2\/posts\/14549","targetHints":{"allow":["GET"]}}],"collection":[{"href":"https:\/\/goias.gov.br\/cee\/wp-json\/wp\/v2\/posts"}],"about":[{"href":"https:\/\/goias.gov.br\/cee\/wp-json\/wp\/v2\/types\/post"}],"author":[{"embeddable":true,"href":"https:\/\/goias.gov.br\/cee\/wp-json\/wp\/v2\/users\/79"}],"replies":[{"embeddable":true,"href":"https:\/\/goias.gov.br\/cee\/wp-json\/wp\/v2\/comments?post=14549"}],"version-history":[{"count":1,"href":"https:\/\/goias.gov.br\/cee\/wp-json\/wp\/v2\/posts\/14549\/revisions"}],"predecessor-version":[{"id":14557,"href":"https:\/\/goias.gov.br\/cee\/wp-json\/wp\/v2\/posts\/14549\/revisions\/14557"}],"wp:featuredmedia":[{"embeddable":true,"href":"https:\/\/goias.gov.br\/cee\/wp-json\/wp\/v2\/media\/14550"}],"wp:attachment":[{"href":"https:\/\/goias.gov.br\/cee\/wp-json\/wp\/v2\/media?parent=14549"}],"wp:term":[{"taxonomy":"category","embeddable":true,"href":"https:\/\/goias.gov.br\/cee\/wp-json\/wp\/v2\/categories?post=14549"},{"taxonomy":"post_tag","embeddable":true,"href":"https:\/\/goias.gov.br\/cee\/wp-json\/wp\/v2\/tags?post=14549"}],"curies":[{"name":"wp","href":"https:\/\/api.w.org\/{rel}","templated":true}]}}