

{"id":12784,"date":"2023-11-24T17:43:27","date_gmt":"2023-11-24T20:43:27","guid":{"rendered":"https:\/\/goias.gov.br\/cee\/?p=12784"},"modified":"2024-06-10T12:04:41","modified_gmt":"2024-06-10T15:04:41","slug":"resolucoes-bicameral","status":"publish","type":"post","link":"https:\/\/goias.gov.br\/cee\/resolucoes-bicameral\/","title":{"rendered":"Resolu\u00e7\u00f5es | Bicameral"},"content":{"rendered":"\n<table class=\"planilhaview display\" style=\"width:100%\"><thead><tr><th>Tipo<\/th><th>C\u00e2mara<\/th><th>N\u00famero<\/th><th>Data<\/th><th>Descri\u00e7\u00e3o<\/th><th>Anexo<\/th><th><\/th><\/tr><tr><th><input type=\"text\" placeholder=\"Filtrar Tipo\"><\/th><th><input type=\"text\" placeholder=\"Filtrar C\u00e2mara\"><\/th><th><input type=\"text\" placeholder=\"Filtrar N\u00famero\"><\/th><th><input type=\"text\" placeholder=\"Filtrar Data\"><\/th><th><input type=\"text\" placeholder=\"Filtrar Descri\u00e7\u00e3o\"><\/th><th><input type=\"text\" placeholder=\"Filtrar Anexo\"><\/th><th><input type=\"text\" placeholder=\"Filtrar \"><\/th><\/tr><\/thead><tbody><tr><td style=\"color: #666666; background-color: #FFFFFF;\">Resolu\u00e7\u00e3o<\/td><td style=\"color: #666666; background-color: #FFFFFF;\">Bicameral<\/td><td style=\"color: #666666; background-color: #FFFFFF;\">01\/2019<\/td><td style=\"color: #666666; background-color: #FFFFFF;\">01\/02\/2019<\/td><td style=\"color: #666666; background-color: #FFFFFF;\">Disp\u00f5e sobre o recredenciamento e a renova\u00e7\u00e3o de autoriza\u00e7\u00e3o do ensino fundamental do 6\u00b0 ao 9\u00b0 ano e do Curso T\u00e9cnico em Agropecu\u00e1ria Integrado ao Ensino M\u00e9dio, da Escola Fam\u00edlia Agr\u00edcola de Goi\u00e1s \u2014 Cidade de Goi\u00e1s\/G0 e d\u00e1 outras provid\u00eancias.<\/td><td style=\"color: #0000FF; background-color: #FFFFFF;text-decoration: underline;\"><a href=\"https:\/\/goias.gov.br\/cee\/wp-content\/uploads\/sites\/20\/2023\/10\/2019-01-bic-resolucao.pdf\" target=\"_blank\">ABRIR<\/a><\/td><td style=\"color: #000000; background-color: #FFFFFF;\"><\/td><\/tr><tr><td style=\"color: #666666; background-color: #FFFFFF;\">Resolu\u00e7\u00e3o<\/td><td style=\"color: #666666; background-color: #FFFFFF;\">Bicameral<\/td><td style=\"color: #666666; background-color: #FFFFFF;\">02\/2019<\/td><td style=\"color: #666666; background-color: #FFFFFF;\">01\/02\/2019<\/td><td style=\"color: #666666; background-color: #FFFFFF;\">Disp\u00f5e sobre a autoriza\u00e7\u00e3o do \"Projeto Pedag\u00f3gico do Ensino M\u00e9dio com Itiner\u00e1rio de Forma\u00e7\u00e3o T\u00e9cnica em Eletrot\u00e9cnica e Mec\u00e2nica, pertencente ao eixo Tecnol\u00f3gico Controle e Processos Industriais, bem como os itiner\u00e1rios de forma\u00e7\u00e3o em Ci\u00eancias da Natureza e em Matem\u00e1tica\" da Escola SESI\/SENAI de Aparecida de Goi\u00e2nia \u2014 Aparecida de Goi\u00e2nia\/GO e d\u00e1 outras provid\u00eancias.<\/td><td style=\"color: #0000FF; background-color: #FFFFFF;text-decoration: underline;\"><a href=\"https:\/\/goias.gov.br\/cee\/wp-content\/uploads\/sites\/20\/2023\/10\/2019-02-bic-resolucao.pdf\" target=\"_blank\">ABRIR<\/a><\/td><td style=\"color: #000000; background-color: #FFFFFF;\"><\/td><\/tr><tr><td style=\"color: #666666; background-color: #FFFFFF;\">Resolu\u00e7\u00e3o<\/td><td style=\"color: #666666; background-color: #FFFFFF;\">Bicameral<\/td><td style=\"color: #666666; background-color: #FFFFFF;\">03\/2019<\/td><td style=\"color: #666666; background-color: #FFFFFF;\">01\/02\/2019<\/td><td style=\"color: #666666; background-color: #FFFFFF;\">Disp\u00f5e sobre a autoriza\u00e7\u00e3o do \"Projeto Pedag\u00f3gico do Ensino M\u00e9dio com Itiner\u00e1rio de Forma\u00e7\u00e3o T\u00e9cnica em Eletrot\u00e9cnica e Mec\u00e2nica, pertencente ao eixo Tecnol\u00f3gico Controle e Processos Industriais, bem como os itiner\u00e1rios de forma\u00e7\u00e3o em Ci\u00eancias da Natureza e em Matem\u00e1tica\" da Escola SESI Campinas \u2014 Goi\u00e2nia\/GO e d\u00e1 outras provid\u00eancias.<\/td><td style=\"color: #0000FF; background-color: #FFFFFF;text-decoration: underline;\"><a href=\"https:\/\/goias.gov.br\/cee\/wp-content\/uploads\/sites\/20\/2023\/10\/2019-03-bic-resolucao.pdf\" target=\"_blank\">ABRIR<\/a><\/td><td style=\"color: #000000; background-color: #FFFFFF;\"><\/td><\/tr><tr><td style=\"color: #666666; background-color: #FFFFFF;\">Resolu\u00e7\u00e3o<\/td><td style=\"color: #666666; background-color: #FFFFFF;\">Bicameral<\/td><td style=\"color: #666666; background-color: #FFFFFF;\">04\/2019<\/td><td style=\"color: #666666; background-color: #FFFFFF;\">01\/02\/2019<\/td><td style=\"color: #666666; background-color: #FFFFFF;\">Disp\u00f5e sobre a autoriza\u00e7\u00e3o do \"Projeto Pedag\u00f3gico do Ensino M\u00e9dio com Itiner\u00e1rio de Forma\u00e7\u00e3o T\u00e9cnica em Eletrot\u00e9cnica e Mec\u00e2nica, pertencente ao eixo Tecnol\u00f3gico Controle e Processos Industriais, bem como os itiner\u00e1rios de forma\u00e7\u00e3o em Ci\u00eancias da Natureza e em Matem\u00e1tica\" da Escola SESI\/SENAI \u2014 Catal\u00e3o\/GO e d\u00e1 outras provid\u00eancias<\/td><td style=\"color: #0000FF; background-color: #FFFFFF;text-decoration: underline;\"><a href=\"https:\/\/goias.gov.br\/cee\/wp-content\/uploads\/sites\/20\/2023\/10\/2019-04-bic-resolucao.pdf\" target=\"_blank\">ABRIR<\/a><\/td><td style=\"color: #000000; background-color: #FFFFFF;\"><\/td><\/tr><tr><td style=\"color: #666666; background-color: #FFFFFF;\">Resolu\u00e7\u00e3o<\/td><td style=\"color: #666666; background-color: #FFFFFF;\">Bicameral<\/td><td style=\"color: #666666; background-color: #FFFFFF;\">05\/2019<\/td><td style=\"color: #666666; background-color: #FFFFFF;\">01\/02\/2019<\/td><td style=\"color: #666666; background-color: #FFFFFF;\">Disp\u00f5e sobre a autoriza\u00e7\u00e3o do \"Projeto Pedag\u00f3gico do Ensino M\u00e9dio com Itiner\u00e1rio de Forma\u00e7\u00e3o T\u00e9cnica em Eletrot\u00e9cnica e Mec\u00e2nica, pertencente ao eixo Tecnol\u00f3gico Controle e Processos Industriais, bem como os itiner\u00e1rios de forma\u00e7\u00e3o em Ci\u00eancias da Natureza e em Matem\u00e1tica\" da Escola SESI Cana\u00e3 \u2014 Goi\u00e2nia\/GO e d\u00e1 outras provid\u00eancias.<\/td><td style=\"color: #0000FF; background-color: #FFFFFF;text-decoration: underline;\"><a href=\"https:\/\/goias.gov.br\/cee\/wp-content\/uploads\/sites\/20\/2023\/10\/2019-05-bic-resolucao.pdf\" target=\"_blank\">ABRIR<\/a><\/td><td style=\"color: #000000; background-color: #FFFFFF;\"><\/td><\/tr><tr><td style=\"color: #666666; background-color: #FFFFFF;\">Resolu\u00e7\u00e3o<\/td><td style=\"color: #666666; background-color: #FFFFFF;\">Bicameral<\/td><td style=\"color: #666666; background-color: #FFFFFF;\">06\/2019<\/td><td style=\"color: #666666; background-color: #FFFFFF;\">01\/02\/2019<\/td><td style=\"color: #666666; background-color: #FFFFFF;\">Disp\u00f5e sobre a autoriza\u00e7\u00e3o do \"Projeto Pedag\u00f3gico do Ensino M\u00e9dio com Itiner\u00e1rio de Forma\u00e7\u00e3o T\u00e9cnica em Eletrot\u00e9cnica e Mec\u00e2nica, pertencente ao eixo Tecnol\u00f3gico Controle e Processos Industriais, bem como os itiner\u00e1rios de forma\u00e7\u00e3o em Ci\u00eancias da Natureza e em Matem\u00e1tica\" da Escola SESI Jardim Colorado \u2014 Goi\u00e2nia\/GO e d\u00e1 outras provid\u00eancias.<\/td><td style=\"color: #0000FF; background-color: #FFFFFF;text-decoration: underline;\"><a href=\"https:\/\/goias.gov.br\/cee\/wp-content\/uploads\/sites\/20\/2023\/10\/2019-06-bic-resolucao.pdf\" target=\"_blank\">ABRIR<\/a><\/td><td style=\"color: #000000; background-color: #FFFFFF;\"><\/td><\/tr><tr><td style=\"color: #666666; background-color: #FFFFFF;\">Resolu\u00e7\u00e3o<\/td><td style=\"color: #666666; background-color: #FFFFFF;\">Bicameral<\/td><td style=\"color: #666666; background-color: #FFFFFF;\">07\/2019<\/td><td style=\"color: #666666; background-color: #FFFFFF;\">15\/02\/2019<\/td><td style=\"color: #666666; background-color: #FFFFFF;\">Disp\u00f5e sobre o credenciamento do Instituto Tecnol\u00f3gico de Estado de Goi\u00e1s Sebasti\u00e3o de Siqueira \u2014 ITEGOSS, bem como autorizar o curso superior de Tecnologia em Log\u00edstica deste Instituto de Educa\u00e7\u00e3o Superior no Parque Amaz\u00f4nia, Goi\u00e2nia\/GO e d\u00e1 outras provid\u00eancias.<\/td><td style=\"color: #0000FF; background-color: #FFFFFF;text-decoration: underline;\"><a href=\"https:\/\/goias.gov.br\/cee\/wp-content\/uploads\/sites\/20\/2023\/10\/2019-07-bic-resolucao.pdf\" target=\"_blank\">ABRIR<\/a><\/td><td style=\"color: #000000; background-color: #FFFFFF;\"><\/td><\/tr><tr><td style=\"color: #666666; background-color: #FFFFFF;\">Resolu\u00e7\u00e3o<\/td><td style=\"color: #666666; background-color: #FFFFFF;\">Bicameral<\/td><td style=\"color: #666666; background-color: #FFFFFF;\">08\/2019<\/td><td style=\"color: #000000; background-color: #FFFFFF;\">01\/03\/2019<\/td><td style=\"color: #666666; background-color: #FFFFFF;\">Disp\u00f5e sobre renovar o reconhecimento do Curso Superior de Tecnologia em Redes de Computadores da Universidade Estadual de Goi\u00e1s \u2014 Campus Crix\u00e1s, em Crix\u00e1s\/GO e d\u00e1 outras provid\u00eancias.<\/td><td style=\"color: #0000FF; background-color: #FFFFFF;text-decoration: underline;\"><a href=\"https:\/\/goias.gov.br\/cee\/wp-content\/uploads\/sites\/20\/2023\/10\/2019-08-bic-resolucao.pdf\" target=\"_blank\">ABRIR<\/a><\/td><td style=\"color: #000000; background-color: #FFFFFF;\"><\/td><\/tr><tr><td style=\"color: #666666; background-color: #FFFFFF;\">Resolu\u00e7\u00e3o<\/td><td style=\"color: #666666; background-color: #FFFFFF;\">Bicameral<\/td><td style=\"color: #666666; background-color: #FFFFFF;\">09\/2019<\/td><td style=\"color: #666666; background-color: #FFFFFF;\">08\/03\/2019<\/td><td style=\"color: #666666; background-color: #FFFFFF;\">Disp\u00f5e sobre renovar o reconhecimento do Curso Superior de Tecnologia em Redes de Computadores da Universidade Estadual de Goi\u00e1s - Campus Pires do Rio, em Pires do Rio\/GO e d\u00e1 outras provid\u00eancias.<\/td><td style=\"color: #0000FF; background-color: #FFFFFF;text-decoration: underline;\"><a href=\"https:\/\/goias.gov.br\/cee\/wp-content\/uploads\/sites\/20\/2023\/10\/2019-09-bic-resolucao.pdf\" target=\"_blank\">ABRIR<\/a><\/td><td style=\"color: #000000; background-color: #FFFFFF;\"><\/td><\/tr><tr><td style=\"color: #666666; background-color: #FFFFFF;\">Resolu\u00e7\u00e3o<\/td><td style=\"color: #666666; background-color: #FFFFFF;\">Bicameral<\/td><td style=\"color: #666666; background-color: #FFFFFF;\">10\/2019<\/td><td style=\"color: #666666; background-color: #FFFFFF;\">29\/03\/2019<\/td><td style=\"color: #666666; background-color: #FFFFFF;\">Disp\u00f5e sobre a valida\u00e7\u00e3o dos atos pedag\u00f3gicos e renova\u00e7\u00e3o de reconhecimento do Curso Superior de Tecnologia em Gastronomia da Universidade Estadual de Goi\u00e1s \u2014 Campus Caldas Novas, Caldas Novas\/G0 e d\u00e1 outras provid\u00eancias.<\/td><td style=\"color: #0000FF; background-color: #FFFFFF;text-decoration: underline;\"><a href=\"https:\/\/goias.gov.br\/cee\/wp-content\/uploads\/sites\/20\/2023\/10\/2019-10-bic-resolucao.pdf\" target=\"_blank\">ABRIR<\/a><\/td><td style=\"color: #000000; background-color: #FFFFFF;\"><\/td><\/tr><tr><td style=\"color: #666666; background-color: #FFFFFF;\">Resolu\u00e7\u00e3o<\/td><td style=\"color: #666666; background-color: #FFFFFF;\">Bicameral<\/td><td style=\"color: #666666; background-color: #FFFFFF;\">11\/2019<\/td><td style=\"color: #666666; background-color: #FFFFFF;\">29\/03\/2019<\/td><td style=\"color: #666666; background-color: #FFFFFF;\">Disp\u00f5e sobre a valida\u00e7\u00e3o dos atos pedag\u00f3gicos e renova\u00e7\u00e3o do reconhecimento do Curso Superior de Tecnologia em Produ\u00e7\u00e3o Sulcroalcooleira da Universidade Estadual de Goi\u00e1s \u2014 Campus Ed\u00e9ia, Ed\u00e9ia\/GO e d\u00e1 outras provid\u00eancias.<\/td><td style=\"color: #0000FF; background-color: #FFFFFF;text-decoration: underline;\"><a href=\"https:\/\/goias.gov.br\/cee\/wp-content\/uploads\/sites\/20\/2023\/10\/2019-11-bic-resolucao.pdf\" target=\"_blank\">ABRIR<\/a><\/td><td style=\"color: #000000; background-color: #FFFFFF;\"><\/td><\/tr><tr><td style=\"color: #666666; background-color: #FFFFFF;\">Resolu\u00e7\u00e3o<\/td><td style=\"color: #666666; background-color: #FFFFFF;\">Bicameral<\/td><td style=\"color: #666666; background-color: #FFFFFF;\">12\/2019<\/td><td style=\"color: #666666; background-color: #FFFFFF;\">05\/04\/2019<\/td><td style=\"color: #666666; background-color: #FFFFFF;\">Disp\u00f5e sobre a valida\u00e7\u00e3o dos atos pedag\u00f3gicos e renova\u00e7\u00e3o do reconhecimento do Curso Superior de Tecnologia em Agroneg\u00f3cio, da Universidade Estadual de Goi\u00e1s \u2014 Campus Ed\u00e9ia, Ed\u00e9ia\/GO e d\u00e1 outras provid\u00eancias.<\/td><td style=\"color: #0000FF; background-color: #FFFFFF;text-decoration: underline;\"><a href=\"https:\/\/goias.gov.br\/cee\/wp-content\/uploads\/sites\/20\/2023\/10\/2019-12-bic-resolucao.pdf\" target=\"_blank\">ABRIR<\/a><\/td><td style=\"color: #000000; background-color: #FFFFFF;\"><\/td><\/tr><tr><td style=\"color: #666666; background-color: #FFFFFF;\">Resolu\u00e7\u00e3o<\/td><td style=\"color: #666666; background-color: #FFFFFF;\">Bicameral<\/td><td style=\"color: #666666; background-color: #FFFFFF;\">13\/2019<\/td><td style=\"color: #666666; background-color: #FFFFFF;\">05\/04\/2019<\/td><td style=\"color: #666666; background-color: #FFFFFF;\">Disp\u00f5e sobre a valida\u00e7\u00e3o dos atos pedag\u00f3gicos e renova\u00e7\u00e3o do reconhecimento do Curso Superior de Tecnologia em Gest\u00e3o de Turismo, da Universidade Estadual de Goi\u00e1s \u2014 Campus Niquel\u00e2ndia, Niquel\u00e2ndia\/GO e d\u00e1 outras provid\u00eancias.<\/td><td style=\"color: #0000FF; background-color: #FFFFFF;text-decoration: underline;\"><a href=\"https:\/\/goias.gov.br\/cee\/wp-content\/uploads\/sites\/20\/2023\/10\/2019-13-bic-resolucao.pdf\" target=\"_blank\">ABRIR<\/a><\/td><td style=\"color: #000000; background-color: #FFFFFF;\"><\/td><\/tr><tr><td style=\"color: #666666; background-color: #FFFFFF;\">Resolu\u00e7\u00e3o<\/td><td style=\"color: #666666; background-color: #FFFFFF;\">Bicameral<\/td><td style=\"color: #666666; background-color: #FFFFFF;\">14\/2019<\/td><td style=\"color: #666666; background-color: #FFFFFF;\">05\/04\/2019<\/td><td style=\"color: #666666; background-color: #FFFFFF;\">Disp\u00f5e sobre a valida\u00e7\u00e3o dos atos pedag\u00f3gicos e renova\u00e7\u00e3o do reconhecimento do Curso Superior de Tecnologia em Minera\u00e7\u00e3o, da Universidade Estadual de Goi\u00e1s \u2014 Campus Niquel\u00e2ndia, Niquel\u00e2ndia\/GO e d\u00e1 outras provid\u00eancias.<\/td><td style=\"color: #0000FF; background-color: #FFFFFF;text-decoration: underline;\"><a href=\"https:\/\/goias.gov.br\/cee\/wp-content\/uploads\/sites\/20\/2023\/10\/2019-14-bic-resolucao.pdf\" target=\"_blank\">ABRIR<\/a><\/td><td style=\"color: #000000; background-color: #FFFFFF;\"><\/td><\/tr><tr><td style=\"color: #666666; background-color: #FFFFFF;\">Resolu\u00e7\u00e3o<\/td><td style=\"color: #666666; background-color: #FFFFFF;\">Bicameral<\/td><td style=\"color: #666666; background-color: #FFFFFF;\">15\/2019<\/td><td style=\"color: #666666; background-color: #FFFFFF;\">03\/05\/2019<\/td><td style=\"color: #666666; background-color: #FFFFFF;\">Disp\u00f5e sobre a renova\u00e7\u00e3o do reconhecimento do Curso Superior de Tecnologia em Produ\u00e7\u00e3o de Gr\u00e3os, da Universidade Estadual de Goi\u00e1s \u2014 Campus de Posse, Posse\/GO e d\u00e1 outras provid\u00eancias.<\/td><td style=\"color: #0000FF; background-color: #FFFFFF;text-decoration: underline;\"><a href=\"https:\/\/goias.gov.br\/cee\/wp-content\/uploads\/sites\/20\/2023\/10\/2019-15-bic-resolucao.pdf\" target=\"_blank\">ABRIR<\/a><\/td><td style=\"color: #000000; background-color: #FFFFFF;\"><\/td><\/tr><tr><td style=\"color: #666666; background-color: #FFFFFF;\">Resolu\u00e7\u00e3o<\/td><td style=\"color: #666666; background-color: #FFFFFF;\">Bicameral<\/td><td style=\"color: #666666; background-color: #FFFFFF;\">16\/2019<\/td><td style=\"color: #666666; background-color: #FFFFFF;\">03\/05\/2019<\/td><td style=\"color: #666666; background-color: #FFFFFF;\">Disp\u00f5e sobre a renova\u00e7\u00e3o do reconhecimento do Curso Superior de Tecnologia em Latic\u00ednios, da Universidade Estadual de Goi\u00e1s \u2014 Campus de S\u00e3o Lu\u00eds de Montes Belos, S\u00e3o Lu\u00eds de Montes Belos\/GO e d\u00e1 outras provid\u00eancias.<\/td><td style=\"color: #0000FF; background-color: #FFFFFF;text-decoration: underline;\"><a href=\"https:\/\/goias.gov.br\/cee\/wp-content\/uploads\/sites\/20\/2023\/10\/2019-16-bic-resolucao.pdf\" target=\"_blank\">ABRIR<\/a><\/td><td style=\"color: #000000; background-color: #FFFFFF;\"><\/td><\/tr><tr><td style=\"color: #666666; background-color: #FFFFFF;\">Resolu\u00e7\u00e3o<\/td><td style=\"color: #666666; background-color: #FFFFFF;\">Bicameral<\/td><td style=\"color: #666666; background-color: #FFFFFF;\">17\/2019<\/td><td style=\"color: #666666; background-color: #FFFFFF;\">17\/05\/2019<\/td><td style=\"color: #666666; background-color: #FFFFFF;\">Disp\u00f5e sobre a renova\u00e7\u00e3o do reconhecimento do Curso Superior de Tecnologia em Redes de Computadores, da Universidade Estadual de Goi\u00e1s \u2014 Campus de Trindade, Trindade\/GO e d\u00e1 outras provid\u00eancias.<\/td><td style=\"color: #0000FF; background-color: #FFFFFF;text-decoration: underline;\"><a href=\"https:\/\/goias.gov.br\/cee\/wp-content\/uploads\/sites\/20\/2023\/10\/2019-17-bic-resolucao.pdf\" target=\"_blank\">ABRIR<\/a><\/td><td style=\"color: #000000; background-color: #FFFFFF;\"><\/td><\/tr><tr><td style=\"color: #666666; background-color: #FFFFFF;\">Resolu\u00e7\u00e3o<\/td><td style=\"color: #666666; background-color: #FFFFFF;\">Bicameral<\/td><td style=\"color: #666666; background-color: #FFFFFF;\">18\/2019<\/td><td style=\"color: #666666; background-color: #FFFFFF;\">17\/05\/2019<\/td><td style=\"color: #666666; background-color: #FFFFFF;\">Disp\u00f5e sobre a renova\u00e7\u00e3o do reconhecimento do Curso Superior de Tecnologia em Produ\u00e7\u00e3o Sucroalcooleira, da Universidade Estadual de Goi\u00e1s \u2014 Campus de Mineiros, Mineiros\/GO e d\u00e1 outras provid\u00eancias.<\/td><td style=\"color: #0000FF; background-color: #FFFFFF;text-decoration: underline;\"><a href=\"https:\/\/goias.gov.br\/cee\/wp-content\/uploads\/sites\/20\/2023\/10\/2019-18-bic-resolucao.pdf\" target=\"_blank\">ABRIR<\/a><\/td><td style=\"color: #000000; background-color: #FFFFFF;\"><\/td><\/tr><tr><td style=\"color: #666666; background-color: #FFFFFF;\">Resolu\u00e7\u00e3o<\/td><td style=\"color: #666666; background-color: #FFFFFF;\">Bicameral<\/td><td style=\"color: #666666; background-color: #FFFFFF;\">19\/2019<\/td><td style=\"color: #666666; background-color: #FFFFFF;\">17\/10\/2019<\/td><td style=\"color: #666666; background-color: #FFFFFF;\">Disp\u00f5e sobre o credenciamento e a autoriza\u00e7\u00e3o do Curso T\u00e9cnico em Programa\u00e7\u00e3o em Jogos Digitais Integrado ao Ensino M\u00e9dio, do Instituto \u00c2ncora de Ensino \u2014 Formosa\/GO e d\u00e1 outras provid\u00eancias.<\/td><td style=\"color: #0000FF; background-color: #FFFFFF;text-decoration: underline;\"><a href=\"https:\/\/goias.gov.br\/cee\/wp-content\/uploads\/sites\/20\/2023\/10\/2019-19-bic-resolucao.pdf\" target=\"_blank\">ABRIR<\/a><\/td><td style=\"color: #000000; background-color: #FFFFFF;\"><\/td><\/tr><tr><td style=\"color: #666666; background-color: #FFFFFF;\">Resolu\u00e7\u00e3o<\/td><td style=\"color: #666666; background-color: #FFFFFF;\">Bicameral<\/td><td style=\"color: #666666; background-color: #FFFFFF;\">20\/2019<\/td><td style=\"color: #666666; background-color: #FFFFFF;\">17\/10\/2019<\/td><td style=\"color: #666666; background-color: #FFFFFF;\">Disp\u00f5e sobre a autoriza\u00e7\u00e3o do Curso T\u00e9cnico em Gr\u00e3os Integrado ao Ensino M\u00e9dio, do Instituto \u00c2ncora de Ensino \u2014 Formosa\/GO e d\u00e1 outras provid\u00eancias.<\/td><td style=\"color: #0000FF; background-color: #FFFFFF;text-decoration: underline;\"><a href=\"https:\/\/goias.gov.br\/cee\/wp-content\/uploads\/sites\/20\/2023\/10\/2019-20-bic-resolucao.pdf\" target=\"_blank\">ABRIR<\/a><\/td><td style=\"color: #000000; background-color: #FFFFFF;\"><\/td><\/tr><tr><td style=\"color: #666666; background-color: #FFFFFF;\">Resolu\u00e7\u00e3o<\/td><td style=\"color: #666666; background-color: #FFFFFF;\">Bicameral<\/td><td style=\"color: #666666; background-color: #FFFFFF;\">21\/2019<\/td><td style=\"color: #666666; background-color: #FFFFFF;\">17\/10\/2019<\/td><td style=\"color: #666666; background-color: #FFFFFF;\">Disp\u00f5e sobre a autoriza\u00e7\u00e3o do Curso T\u00e9cnico em Administra\u00e7\u00e3o Integrado ao Ensino M\u00e9dio, do Centro de Ensino em Per\u00edodo Integral Lyceu de Goi\u00e2nia \u2014 Goi\u00e2nia\/GO e d\u00e1 outras provid\u00eancias.<\/td><td style=\"color: #0000FF; background-color: #FFFFFF;text-decoration: underline;\"><a href=\"https:\/\/goias.gov.br\/cee\/wp-content\/uploads\/sites\/20\/2023\/10\/2019-21-bic-resolucao.pdf\" target=\"_blank\">ABRIR<\/a><\/td><td style=\"color: #000000; background-color: #FFFFFF;\"><\/td><\/tr><tr><td style=\"color: #666666; background-color: #FFFFFF;\">Resolu\u00e7\u00e3o<\/td><td style=\"color: #666666; background-color: #FFFFFF;\">Bicameral<\/td><td style=\"color: #666666; background-color: #FFFFFF;\">01\/2020<\/td><td style=\"color: #666666; background-color: #FFFFFF;\">18\/09\/2020<\/td><td style=\"color: #666666; background-color: #FFFFFF;\">Disp\u00f5e sobre a renova\u00e7\u00e3o de reconhecimento do Curso Superior de\nTecnologia em Produ\u00e7\u00e3o C\u00eanica, do Instituto Tecnol\u00f3gico do Estado de Goi\u00e1s\nem Artes Basileu Fran\u00e7a, em Goi\u00e2nia\/GO e d\u00e1 outras provid\u00eancias.<\/td><td style=\"color: #0000FF; background-color: #FFFFFF;text-decoration: underline;\"><a href=\"https:\/\/goias.gov.br\/cee\/wp-content\/uploads\/sites\/20\/2023\/10\/2020-01-ces-cep-resolucao-bicameral.pdf\" target=\"_blank\">ABRIR<\/a><\/td><td style=\"color: #000000; background-color: #FFFFFF;\"><\/td><\/tr><tr><td style=\"color: #666666; background-color: #FFFFFF;\">Resolu\u00e7\u00e3o<\/td><td style=\"color: #666666; background-color: #FFFFFF;\">Bicameral<\/td><td style=\"color: #666666; background-color: #FFFFFF;\">03\/2020<\/td><td style=\"color: #666666; background-color: #FFFFFF;\">14\/02\/2020<\/td><td style=\"color: #666666; background-color: #FFFFFF;\">Disp\u00f5e sobre o Credenciamento e a autoriza\u00e7\u00e3o ensino m\u00e9dio com Itiner\u00e1rio de Forma\u00e7\u00e3o T\u00e9cnica em Arte nas Modalidades: M\u00fasica, Teatro e Dan\u00e7a\u201d do Instituto de Educa\u00e7\u00e3o em Artes Professor Gustav Ritter \u2013 Goi\u00e2nia\/GO e d\u00e1 outras provid\u00eancias.<\/td><td style=\"color: #0000FF; background-color: #FFFFFF;text-decoration: underline;\"><a href=\"https:\/\/goias.gov.br\/cee\/wp-content\/uploads\/sites\/20\/2023\/10\/2020-03-cep-ceb-resolucao-bicameral.pdf\" target=\"_blank\">ABRIR<\/a><\/td><td style=\"color: #000000; background-color: #FFFFFF;\"><\/td><\/tr><tr><td style=\"color: #666666; background-color: #FFFFFF;\">Resolu\u00e7\u00e3o<\/td><td style=\"color: #666666; background-color: #FFFFFF;\">Bicameral<\/td><td style=\"color: #666666; background-color: #FFFFFF;\">04\/2020<\/td><td style=\"color: #666666; background-color: #FFFFFF;\">09\/07\/2020<\/td><td style=\"color: #666666; background-color: #FFFFFF;\">Disp\u00f5e sobre o credenciamento e autoriza\u00e7\u00e3o do curso T\u00e9cnico em Enfermagem, pertencente ao Eixo Tecnol\u00f3gico Ambiente e Sa\u00fade Integrado ao Ensino M\u00e9dio, da Sociedade Educacional \u00c1guas Lindas \/SEAL \u2013 \u00c1guas Lindas de Goi\u00e1s\/GO, e d\u00e1 outras provid\u00eancias.<\/td><td style=\"color: #0000FF; background-color: #FFFFFF;text-decoration: underline;\"><a href=\"https:\/\/goias.gov.br\/cee\/wp-content\/uploads\/sites\/20\/2023\/10\/2020-04-cep-ceb-resolucao-bicameral.pdf\" target=\"_blank\">ABRIR<\/a><\/td><td style=\"color: #000000; background-color: #FFFFFF;\"><\/td><\/tr><tr><td style=\"color: #666666; background-color: #FFFFFF;\">Resolu\u00e7\u00e3o<\/td><td style=\"color: #666666; background-color: #FFFFFF;\">Bicameral<\/td><td style=\"color: #666666; background-color: #FFFFFF;\">10\/2020<\/td><td style=\"color: #666666; background-color: #FFFFFF;\">18\/12\/2020<\/td><td style=\"color: #666666; background-color: #FFFFFF;\">Disp\u00f5e sobre a autoriza\u00e7\u00e3o do Ensino M\u00e9dio com Itiner\u00e1rios de Forma\u00e7\u00e3o em Qu\u00edmica e Eletromec\u00e2nica da Escola SESI SENAI - Ov\u00eddio In\u00e1cio Carneiro - Catal\u00e3o\/GO, e d\u00e1 outras provid\u00eancias.<\/td><td style=\"color: #0000FF; background-color: #FFFFFF;text-decoration: underline;\"><a href=\"https:\/\/goias.gov.br\/cee\/wp-content\/uploads\/sites\/20\/2023\/10\/2020-10-cep-ceb-resolucao-bicameral.pdf\" target=\"_blank\">ABRIR<\/a><\/td><td style=\"color: #000000; background-color: #FFFFFF;\"><\/td><\/tr><tr><td style=\"color: #666666; background-color: #FFFFFF;\">Resolu\u00e7\u00e3o<\/td><td style=\"color: #666666; background-color: #FFFFFF;\">Bicameral<\/td><td style=\"color: #666666; background-color: #FFFFFF;\">01\/2021<\/td><td style=\"color: #666666; background-color: #FFFFFF;\">22\/01\/2021<\/td><td style=\"color: #666666; background-color: #FFFFFF;\">Disp\u00f5e sobre o reconhecimento do Curso Superior de Tecnologia em Marketing, da Universidade de Rio Verde, em Rio Verde\/GO e d\u00e1 outras provid\u00eancias.<\/td><td style=\"color: #0000FF; background-color: #FFFFFF;text-decoration: underline;\"><a href=\"https:\/\/goias.gov.br\/cee\/wp-content\/uploads\/sites\/20\/2023\/10\/2021-01-ces-cep-resolucao-bicameral.pdf\" target=\"_blank\">ABRIR<\/a><\/td><td style=\"color: #000000; background-color: #FFFFFF;\"><\/td><\/tr><tr><td style=\"color: #666666; background-color: #FFFFFF;\">Resolu\u00e7\u00e3o<\/td><td style=\"color: #666666; background-color: #FFFFFF;\">Bicameral<\/td><td style=\"color: #666666; background-color: #FFFFFF;\">02\/2021<\/td><td style=\"color: #666666; background-color: #FFFFFF;\">07\/10\/2021<\/td><td style=\"color: #666666; background-color: #FFFFFF;\">Disp\u00f5e sobre o reconhecimento do Curso Superior de Tecnologia em Gest\u00e3o P\u00fablica, da Universidade Estadual de Goi\u00e1s\/Unidade Universit\u00e1ria de Jata\u00ed e d\u00e1 outras provid\u00eancias.<\/td><td style=\"color: #0000FF; background-color: #FFFFFF;text-decoration: underline;\"><a href=\"https:\/\/goias.gov.br\/cee\/wp-content\/uploads\/sites\/20\/2023\/10\/2021-02-ces-cep-resolucao-bicameral.pdf\" target=\"_blank\">ABRIR<\/a><\/td><td style=\"color: #000000; background-color: #FFFFFF;\"><\/td><\/tr><tr><td style=\"color: #666666; background-color: #FFFFFF;\">Resolu\u00e7\u00e3o<\/td><td style=\"color: #666666; background-color: #FFFFFF;\">Bicameral<\/td><td style=\"color: #666666; background-color: #FFFFFF;\">01\/2022<\/td><td style=\"color: #666666; background-color: #FFFFFF;\">04\/08\/2022<\/td><td style=\"color: #666666; background-color: #FFFFFF;\">Disp\u00f5e sobre a autoriza\u00e7\u00e3o do Ensino M\u00e9dio com o Itiner\u00e1rio Formativo de T\u00e9cnico em Qu\u00edmica do Col\u00e9gio Estadual Novo Gama, em Novo Gama\/GO e d\u00e1 outras provid\u00eancias.<\/td><td style=\"color: #0000FF; background-color: #FFFFFF;text-decoration: underline;\"><a href=\"https:\/\/goias.gov.br\/cee\/wp-content\/uploads\/sites\/20\/2023\/10\/2022-01-cep-ceb-resolucao-bicameral.pdf\" target=\"_blank\">ABRIR<\/a><\/td><td style=\"color: #000000; background-color: #FFFFFF;\"><\/td><\/tr><tr><td style=\"color: #666666; background-color: #FFFFFF;\">Resolu\u00e7\u00e3o<\/td><td style=\"color: #666666; background-color: #FFFFFF;\">Bicameral<\/td><td style=\"color: #666666; background-color: #FFFFFF;\">01\/2022<\/td><td style=\"color: #666666; background-color: #FFFFFF;\">29\/04\/2022<\/td><td style=\"color: #666666; background-color: #FFFFFF;\">Disp\u00f5e sobre a Valida\u00e7\u00e3o de estudos e a autoriza\u00e7\u00e3o para expedi\u00e7\u00e3o dos Diplomas do Curso Superior de Tecnologia em Minera\u00e7\u00e3o, da Universidade Estadual de Goi\u00e1s\/Unidade Universit\u00e1ria de Niquel\u00e2ndia, e d\u00e1 outras provid\u00eancias.<\/td><td style=\"color: #0000FF; background-color: #FFFFFF;text-decoration: underline;\"><a href=\"https:\/\/goias.gov.br\/cee\/wp-content\/uploads\/sites\/20\/2023\/10\/2022-01-ces-cep-resolucao-bicameral.pdf\" target=\"_blank\">ABRIR<\/a><\/td><td style=\"color: #000000; background-color: #FFFFFF;\"><\/td><\/tr><tr><td style=\"color: #666666; background-color: #FFFFFF;\">Resolu\u00e7\u00e3o<\/td><td style=\"color: #666666; background-color: #FFFFFF;\">Bicameral<\/td><td style=\"color: #666666; background-color: #FFFFFF;\">02\/2022<\/td><td style=\"color: #666666; background-color: #FFFFFF;\">04\/08\/2022<\/td><td style=\"color: #666666; background-color: #FFFFFF;\">Disp\u00f5e sobre a autoriza\u00e7\u00e3o do Ensino M\u00e9dio com o Itiner\u00e1rio Formativo em T\u00e9cnico de Inform\u00e1tica do Col\u00e9gio Estadual Luiz Alves Machado, em Itapaci\/GO e d\u00e1 outras provid\u00eancias.<\/td><td style=\"color: #0000FF; background-color: #FFFFFF;text-decoration: underline;\"><a href=\"https:\/\/goias.gov.br\/cee\/wp-content\/uploads\/sites\/20\/2023\/10\/2022-02-ceb-cep-resolucao-bicameral.pdf\" target=\"_blank\">ABRIR<\/a><\/td><td style=\"color: #000000; background-color: #FFFFFF;\"><\/td><\/tr><tr><td style=\"color: #666666; background-color: #FFFFFF;\">Resolu\u00e7\u00e3o<\/td><td style=\"color: #666666; background-color: #FFFFFF;\">Bicameral<\/td><td style=\"color: #666666; background-color: #FFFFFF;\">02\/2022<\/td><td style=\"color: #666666; background-color: #FFFFFF;\">29\/04\/2022<\/td><td style=\"color: #666666; background-color: #FFFFFF;\">Disp\u00f5e sobre a Valida\u00e7\u00e3o de estudos e a autoriza\u00e7\u00e3o para expedi\u00e7\u00e3o dos Diplomas do Curso Superior de Tecnologia em An\u00e1lise e Desenvolvimento de Sistemas, na Universidade Estadual de Goi\u00e1s\/UEG, Unidade Universit\u00e1ria de Sancrerl\u00e2ndia e d\u00e1 outras provid\u00eancias.<\/td><td style=\"color: #0000FF; background-color: #FFFFFF;text-decoration: underline;\"><a href=\"https:\/\/goias.gov.br\/cee\/wp-content\/uploads\/sites\/20\/2023\/10\/2022-02-ces-cep-resolucao-bicameral.pdf\" target=\"_blank\">ABRIR<\/a><\/td><td style=\"color: #000000; background-color: #FFFFFF;\"><\/td><\/tr><tr><td style=\"color: #666666; background-color: #FFFFFF;\">Resolu\u00e7\u00e3o<\/td><td style=\"color: #666666; background-color: #FFFFFF;\">Bicameral<\/td><td style=\"color: #666666; background-color: #FFFFFF;\">03\/2022<\/td><td style=\"color: #666666; background-color: #FFFFFF;\">29\/04\/2022<\/td><td style=\"color: #666666; background-color: #FFFFFF;\">Disp\u00f5e sobre a Valida\u00e7\u00e3o de estudos e a autoriza\u00e7\u00e3o para expedi\u00e7\u00e3o dos Diplomas do Curso de Curso Superior de Tecnologia em Agroneg\u00f3cios, da Universidade Estadual de Goi\u00e1s\/UEG, na Unidade Universit\u00e1ria de Mineiros, e d\u00e1 outras provid\u00eancias<\/td><td style=\"color: #0000FF; background-color: #FFFFFF;text-decoration: underline;\"><a href=\"https:\/\/goias.gov.br\/cee\/wp-content\/uploads\/sites\/20\/2023\/10\/2022-03-ces-cep-resolucao-bicameral.pdf\" target=\"_blank\">ABRIR<\/a><\/td><td style=\"color: #000000; background-color: #FFFFFF;\"><\/td><\/tr><tr><td style=\"color: #666666; background-color: #FFFFFF;\">Resolu\u00e7\u00e3o<\/td><td style=\"color: #666666; background-color: #FFFFFF;\">Bicameral<\/td><td style=\"color: #666666; background-color: #FFFFFF;\">04\/2022<\/td><td style=\"color: #666666; background-color: #FFFFFF;\">04\/08\/2022<\/td><td style=\"color: #666666; background-color: #FFFFFF;\">Disp\u00f5e sobre o credenciamento e a autoriza\u00e7\u00e3o do Ensino M\u00e9dio com o Itiner\u00e1rio Formativo de T\u00e9cnico em Inform\u00e1tica do Col\u00e9gio Estadual Melqu\u00edades Victor de Oliveira, em Aragar\u00e7as\/GO e d\u00e1 outras provid\u00eancias.<\/td><td style=\"color: #0000FF; background-color: #FFFFFF;text-decoration: underline;\"><a href=\"https:\/\/goias.gov.br\/cee\/wp-content\/uploads\/sites\/20\/2023\/10\/2022-04-ceb-cep-resolucao-bicameral.pdf\" target=\"_blank\">ABRIR<\/a><\/td><td style=\"color: #000000; background-color: #FFFFFF;\"><\/td><\/tr><tr><td style=\"color: #666666; background-color: #FFFFFF;\">Resolu\u00e7\u00e3o<\/td><td style=\"color: #666666; background-color: #FFFFFF;\">Bicameral<\/td><td style=\"color: #666666; background-color: #FFFFFF;\">04\/2022<\/td><td style=\"color: #666666; background-color: #FFFFFF;\">29\/04\/2022<\/td><td style=\"color: #666666; background-color: #FFFFFF;\">Disp\u00f5e sobre a Valida\u00e7\u00e3o de estudos e a autoriza\u00e7\u00e3o para expedi\u00e7\u00e3o dos Diplomas do Curso Superior de Tecnologia em Hotelaria, da Universidade Estadual de Goi\u00e1s\/UEG, Unidade Universit\u00e1ria de Caldas Novas, e d\u00e1 outras provid\u00eancias<\/td><td style=\"color: #0000FF; background-color: #FFFFFF;text-decoration: underline;\"><a href=\"https:\/\/goias.gov.br\/cee\/wp-content\/uploads\/sites\/20\/2023\/10\/2022-04-ces-cep-resolucao-bicameral.pdf\" target=\"_blank\">ABRIR<\/a><\/td><td style=\"color: #000000; background-color: #FFFFFF;\"><\/td><\/tr><tr><td style=\"color: #666666; background-color: #FFFFFF;\">Resolu\u00e7\u00e3o<\/td><td style=\"color: #666666; background-color: #FFFFFF;\">Bicameral<\/td><td style=\"color: #666666; background-color: #FFFFFF;\">05\/2022<\/td><td style=\"color: #666666; background-color: #FFFFFF;\">04\/08\/2022<\/td><td style=\"color: #666666; background-color: #FFFFFF;\">Disp\u00f5e sobre o credenciamento e a autoriza\u00e7\u00e3o do Ensino M\u00e9dio com o Itiner\u00e1rio Formativo em T\u00e9cnico em Inform\u00e1tica do Col\u00e9gio Estadual Rui Barbosa, em Inhumas\/GO e d\u00e1 outras provid\u00eancias.<\/td><td style=\"color: #0000FF; background-color: #FFFFFF;text-decoration: underline;\"><a href=\"https:\/\/goias.gov.br\/cee\/wp-content\/uploads\/sites\/20\/2023\/10\/2022-05-ceb-cep-resolucao-bicameral.pdf\" target=\"_blank\">ABRIR<\/a><\/td><td style=\"color: #000000; background-color: #FFFFFF;\"><\/td><\/tr><tr><td style=\"color: #666666; background-color: #FFFFFF;\">Resolu\u00e7\u00e3o<\/td><td style=\"color: #666666; background-color: #FFFFFF;\">Bicameral<\/td><td style=\"color: #666666; background-color: #FFFFFF;\">05\/2022<\/td><td style=\"color: #666666; background-color: #FFFFFF;\">13\/05\/2022<\/td><td style=\"color: #666666; background-color: #FFFFFF;\">Disp\u00f5e sobre a Renova\u00e7\u00e3o de Reconhecimento do Curso Superior de Tecnologia em Produ\u00e7\u00e3o C\u00eanica, da Escola do Futuro do Estado de Goi\u00e1s em Artes Basileu Fran\u00e7a, de Goi\u00e2nia\/GO e d\u00e1 outras provid\u00eancias.<\/td><td style=\"color: #0000FF; background-color: #FFFFFF;text-decoration: underline;\"><a href=\"https:\/\/goias.gov.br\/cee\/wp-content\/uploads\/sites\/20\/2023\/10\/2022-05-ces-cep-resolucao-bicameral.pdf\" target=\"_blank\">ABRIR<\/a><\/td><td style=\"color: #000000; background-color: #FFFFFF;\"><\/td><\/tr><tr><td style=\"color: #666666; background-color: #FFFFFF;\">Resolu\u00e7\u00e3o<\/td><td style=\"color: #666666; background-color: #FFFFFF;\">Bicameral<\/td><td style=\"color: #666666; background-color: #FFFFFF;\">06\/2022<\/td><td style=\"color: #666666; background-color: #FFFFFF;\">18\/08\/2022<\/td><td style=\"color: #666666; background-color: #FFFFFF;\">Disp\u00f5e sobre o credenciamento e a autoriza\u00e7\u00e3o do Ensino M\u00e9dio com o Itiner\u00e1rio Formativo de T\u00e9cnico em Inform\u00e1tica do Col\u00e9gio Estadual Joana D'Arc, em Urua\u00e7u\/GO e d\u00e1 outras provid\u00eancias.<\/td><td style=\"color: #0000FF; background-color: #FFFFFF;text-decoration: underline;\"><a href=\"https:\/\/goias.gov.br\/cee\/wp-content\/uploads\/sites\/20\/2023\/10\/2022-06-cep-ceb-resolucao-bicameral.pdf\" target=\"_blank\">ABRIR<\/a><\/td><td style=\"color: #000000; background-color: #FFFFFF;\"><\/td><\/tr><tr><td style=\"color: #666666; background-color: #FFFFFF;\">Resolu\u00e7\u00e3o<\/td><td style=\"color: #666666; background-color: #FFFFFF;\">Bicameral<\/td><td style=\"color: #666666; background-color: #FFFFFF;\">06\/2022<\/td><td style=\"color: #666666; background-color: #FFFFFF;\">13\/05\/2022<\/td><td style=\"color: #666666; background-color: #FFFFFF;\">Disp\u00f5e sobre a Renova\u00e7\u00e3o de Reconhecimento do Curso Superior de Tecnologia em Gest\u00e3o Ambiental do Centro Universit\u00e1rio de Goiatuba - UniCerrado, de Goiatuba\/GO e d\u00e1 outras provid\u00eancias.<\/td><td style=\"color: #0000FF; background-color: #FFFFFF;text-decoration: underline;\"><a href=\"https:\/\/goias.gov.br\/cee\/wp-content\/uploads\/sites\/20\/2023\/10\/2022-06-ces-cep-resolucao-bicameral.pdf\" target=\"_blank\">ABRIR<\/a><\/td><td style=\"color: #000000; background-color: #FFFFFF;\"><\/td><\/tr><tr><td style=\"color: #666666; background-color: #FFFFFF;\">Resolu\u00e7\u00e3o<\/td><td style=\"color: #666666; background-color: #FFFFFF;\">Bicameral<\/td><td style=\"color: #666666; background-color: #FFFFFF;\">07\/2022<\/td><td style=\"color: #666666; background-color: #FFFFFF;\">18\/08\/2022<\/td><td style=\"color: #666666; background-color: #FFFFFF;\">Disp\u00f5e sobre o credenciamento e a autoriza\u00e7\u00e3o do Ensino M\u00e9dio com o Itiner\u00e1rio Formativo de T\u00e9cnico em Inform\u00e1tica do Col\u00e9gio Estadual Professora Josefa Barbosa Valente, em Posse\/GO e d\u00e1 outras provid\u00eancias.<\/td><td style=\"color: #0000FF; background-color: #FFFFFF;text-decoration: underline;\"><a href=\"https:\/\/goias.gov.br\/cee\/wp-content\/uploads\/sites\/20\/2023\/10\/2022-07-cep-ceb-resolucao-bicameral.pdf\" target=\"_blank\">ABRIR<\/a><\/td><td style=\"color: #000000; background-color: #FFFFFF;\"><\/td><\/tr><tr><td style=\"color: #666666; background-color: #FFFFFF;\">Resolu\u00e7\u00e3o<\/td><td style=\"color: #666666; background-color: #FFFFFF;\">Bicameral<\/td><td style=\"color: #666666; background-color: #FFFFFF;\">07\/2022<\/td><td style=\"color: #666666; background-color: #FFFFFF;\">12\/08\/2022<\/td><td style=\"color: #666666; background-color: #FFFFFF;\">Disp\u00f5e sobre a Renova\u00e7\u00e3o de Reconhecimento do Curso Superior de Tecnologia em Log\u00edstica da Universidade Estadual de Goi\u00e1s\/UEG, Unidade Universit\u00e1ria de Jatai\/GO e d\u00e1 outras provid\u00eancias.<\/td><td style=\"color: #0000FF; background-color: #FFFFFF;text-decoration: underline;\"><a href=\"https:\/\/goias.gov.br\/cee\/wp-content\/uploads\/sites\/20\/2023\/10\/2022-07-ces-cep-resolucao-bicameral.pdf\" target=\"_blank\">ABRIR<\/a><\/td><td style=\"color: #000000; background-color: #FFFFFF;\"><\/td><\/tr><tr><td style=\"color: #666666; background-color: #FFFFFF;\">Resolu\u00e7\u00e3o<\/td><td style=\"color: #666666; background-color: #FFFFFF;\">Bicameral<\/td><td style=\"color: #666666; background-color: #FFFFFF;\">08\/2022<\/td><td style=\"color: #666666; background-color: #FFFFFF;\">18\/08\/2022<\/td><td style=\"color: #666666; background-color: #FFFFFF;\">Disp\u00f5e sobre o credenciamento e a autoriza\u00e7\u00e3o do Ensino M\u00e9dio com o Itiner\u00e1rio Formativo de T\u00e9cnico em Inform\u00e1tica do Col\u00e9gio Estadual Delcides Ferreira de Morais, em Caldas Novas\/GO e d\u00e1 outras provid\u00eancias.<\/td><td style=\"color: #0000FF; background-color: #FFFFFF;text-decoration: underline;\"><a href=\"https:\/\/goias.gov.br\/cee\/wp-content\/uploads\/sites\/20\/2023\/10\/2022-08-ceb-cep-resolucao-bicameral.pdf\" target=\"_blank\">ABRIR<\/a><\/td><td style=\"color: #000000; background-color: #FFFFFF;\"><\/td><\/tr><tr><td style=\"color: #666666; background-color: #FFFFFF;\">Resolu\u00e7\u00e3o<\/td><td style=\"color: #666666; background-color: #FFFFFF;\">Bicameral<\/td><td style=\"color: #666666; background-color: #FFFFFF;\">08\/2022<\/td><td style=\"color: #666666; background-color: #FFFFFF;\">16\/09\/2022<\/td><td style=\"color: #666666; background-color: #FFFFFF;\">Disp\u00f5e sobre a Renova\u00e7\u00e3o de Reconhecimento do Curso Superior de Tecnologia em Gastronomia da Universidade Estadual de Goi\u00e1s\/UEG, Unidade Universit\u00e1ria de Caldas Novas\/GO e d\u00e1 outras provid\u00eancias.<\/td><td style=\"color: #0000FF; background-color: #FFFFFF;text-decoration: underline;\"><a href=\"https:\/\/goias.gov.br\/cee\/wp-content\/uploads\/sites\/20\/2023\/10\/2022-08-ces-cep-resolucao-bicameral.pdf\" target=\"_blank\">ABRIR<\/a><\/td><td style=\"color: #000000; background-color: #FFFFFF;\"><\/td><\/tr><tr><td style=\"color: #666666; background-color: #FFFFFF;\">Resolu\u00e7\u00e3o<\/td><td style=\"color: #666666; background-color: #FFFFFF;\">Bicameral<\/td><td style=\"color: #666666; background-color: #FFFFFF;\">09\/2022<\/td><td style=\"color: #666666; background-color: #FFFFFF;\">18\/08\/2022<\/td><td style=\"color: #666666; background-color: #FFFFFF;\">Disp\u00f5e sobre o credenciamento e a autoriza\u00e7\u00e3o do Ensino M\u00e9dio com o Itiner\u00e1rio Formativo de T\u00e9cnico em Inform\u00e1tica do Col\u00e9gio Estadual Pr\u00e9 Vestibular de Itabera\u00ed, em Itabera\u00ed\/GO e d\u00e1 outras provid\u00eancias.<\/td><td style=\"color: #0000FF; background-color: #FFFFFF;text-decoration: underline;\"><a href=\"https:\/\/goias.gov.br\/cee\/wp-content\/uploads\/sites\/20\/2023\/10\/2022-09-cep-ceb-resolucao-bicameral.pdf\" target=\"_blank\">ABRIR<\/a><\/td><td style=\"color: #000000; background-color: #FFFFFF;\"><\/td><\/tr><tr><td style=\"color: #666666; background-color: #FFFFFF;\">Resolu\u00e7\u00e3o<\/td><td style=\"color: #666666; background-color: #FFFFFF;\">Bicameral<\/td><td style=\"color: #666666; background-color: #FFFFFF;\">09\/2022<\/td><td style=\"color: #666666; background-color: #FFFFFF;\">16\/09\/2022<\/td><td style=\"color: #666666; background-color: #FFFFFF;\">Disp\u00f5e sobre a Renova\u00e7\u00e3o de Reconhecimento do Curso Superior de Tecnologia em Log\u00edstica da Universidade Estadual de Goi\u00e1s\/UEG, Unidade Universit\u00e1ria de Senador Canedo\/GO e d\u00e1 outras provid\u00eancias.<\/td><td style=\"color: #0000FF; background-color: #FFFFFF;text-decoration: underline;\"><a href=\"https:\/\/goias.gov.br\/cee\/wp-content\/uploads\/sites\/20\/2023\/10\/2022-09-ces-cep-resolucao-bicameral.pdf\" target=\"_blank\">ABRIR<\/a><\/td><td style=\"color: #000000; background-color: #FFFFFF;\"><\/td><\/tr><tr><td style=\"color: #666666; background-color: #FFFFFF;\">Resolu\u00e7\u00e3o<\/td><td style=\"color: #666666; background-color: #FFFFFF;\">Bicameral<\/td><td style=\"color: #666666; background-color: #FFFFFF;\">10\/2022<\/td><td style=\"color: #666666; background-color: #FFFFFF;\">18\/08\/2022<\/td><td style=\"color: #666666; background-color: #FFFFFF;\">Disp\u00f5e sobre o credenciamento e a autoriza\u00e7\u00e3o do Ensino M\u00e9dio com o Itiner\u00e1rio Formativo de T\u00e9cnico em Inform\u00e1tica do Col\u00e9gio Estadual Laurentino Martins, em Goian\u00e9sia\/GO e d\u00e1 outras provid\u00eancias,<\/td><td style=\"color: #0000FF; background-color: #FFFFFF;text-decoration: underline;\"><a href=\"https:\/\/goias.gov.br\/cee\/wp-content\/uploads\/sites\/20\/2023\/10\/2022-10-cep-ceb-resolucao-bicameral.pdf\" target=\"_blank\">ABRIR<\/a><\/td><td style=\"color: #000000; background-color: #FFFFFF;\"><\/td><\/tr><tr><td style=\"color: #666666; background-color: #FFFFFF;\">Resolu\u00e7\u00e3o<\/td><td style=\"color: #666666; background-color: #FFFFFF;\">Bicameral<\/td><td style=\"color: #666666; background-color: #FFFFFF;\">10\/2022<\/td><td style=\"color: #666666; background-color: #FFFFFF;\">30\/09\/2022<\/td><td style=\"color: #666666; background-color: #FFFFFF;\">Disp\u00f5e sobre a Valida\u00e7\u00e3o de estudos e a autoriza\u00e7\u00e3o para expedi\u00e7\u00e3o dos Diplomas do Curso Superior de Tecnologia em Log\u00edstica, da Universidade Estadual de Goi\u00e1s\/UEG, Unidade Universit\u00e1ria de Valparaiso, e d\u00e1 outras provid\u00eancias<\/td><td style=\"color: #0000FF; background-color: #FFFFFF;text-decoration: underline;\"><a href=\"https:\/\/goias.gov.br\/cee\/wp-content\/uploads\/sites\/20\/2023\/10\/2022-10-ces-cep-resolucao-bicameral.pdf\" target=\"_blank\">ABRIR<\/a><\/td><td style=\"color: #000000; background-color: #FFFFFF;\"><\/td><\/tr><tr><td style=\"color: #666666; background-color: #FFFFFF;\">Resolu\u00e7\u00e3o<\/td><td style=\"color: #666666; background-color: #FFFFFF;\">Bicameral<\/td><td style=\"color: #666666; background-color: #FFFFFF;\">11\/2022<\/td><td style=\"color: #666666; background-color: #FFFFFF;\">18\/08\/2022<\/td><td style=\"color: #666666; background-color: #FFFFFF;\">Disp\u00f5e sobre o credenciamento e a autoriza\u00e7\u00e3o do Ensino M\u00e9dio com o Itiner\u00e1rio Formativo de T\u00e9cnico em Inform\u00e1tica do Col\u00e9gio Estadual Orcalino Fernandes Evangelista, em Goiatuba\/GO e d\u00e1 outras provid\u00eancias.<\/td><td style=\"color: #0000FF; background-color: #FFFFFF;text-decoration: underline;\"><a href=\"https:\/\/goias.gov.br\/cee\/wp-content\/uploads\/sites\/20\/2023\/10\/2022-11-cep-ceb-resolucao-bicameral.pdf\" target=\"_blank\">ABRIR<\/a><\/td><td style=\"color: #000000; background-color: #FFFFFF;\"><\/td><\/tr><tr><td style=\"color: #666666; background-color: #FFFFFF;\">Resolu\u00e7\u00e3o<\/td><td style=\"color: #666666; background-color: #FFFFFF;\">Bicameral<\/td><td style=\"color: #666666; background-color: #FFFFFF;\">11\/2022<\/td><td style=\"color: #666666; background-color: #FFFFFF;\">30\/09\/2022<\/td><td style=\"color: #666666; background-color: #FFFFFF;\">Disp\u00f5e sobre a Renova\u00e7\u00e3o de Reconhecimento do Curso Superior de Tecnologia em Redes de Computadores da Universidade Estadual de Goi\u00e1s\/UEG, Unidade Universit\u00e1ria de Crix\u00e1s\/GO e d\u00e1 outras provid\u00eancias.<\/td><td style=\"color: #0000FF; background-color: #FFFFFF;text-decoration: underline;\"><a href=\"https:\/\/goias.gov.br\/cee\/wp-content\/uploads\/sites\/20\/2023\/10\/2022-11-ces-cep-resolucao-bicameral.pdf\" target=\"_blank\">ABRIR<\/a><\/td><td style=\"color: #000000; background-color: #FFFFFF;\"><\/td><\/tr><tr><td style=\"color: #666666; background-color: #FFFFFF;\">Resolu\u00e7\u00e3o<\/td><td style=\"color: #666666; background-color: #FFFFFF;\">Bicameral<\/td><td style=\"color: #666666; background-color: #FFFFFF;\">12\/2022<\/td><td style=\"color: #666666; background-color: #FFFFFF;\">18\/08\/2022<\/td><td style=\"color: #666666; background-color: #FFFFFF;\">Disp\u00f5e sobre o credenciamento e a autoriza\u00e7\u00e3o do Ensino M\u00e9dio com o Itiner\u00e1rio Formativo em T\u00e9cnico de Administra\u00e7\u00e3o do Col\u00e9gio Estadual Heli Alves Ferreira, em An\u00e1polis\/GO e d\u00e1 outras provid\u00eancias.<\/td><td style=\"color: #0000FF; background-color: #FFFFFF;text-decoration: underline;\"><a href=\"https:\/\/goias.gov.br\/cee\/wp-content\/uploads\/sites\/20\/2023\/10\/2022-12-ceb-cep-resolucao-bicameral.pdf\" target=\"_blank\">ABRIR<\/a><\/td><td style=\"color: #000000; background-color: #FFFFFF;\"><\/td><\/tr><tr><td style=\"color: #666666; background-color: #FFFFFF;\">Resolu\u00e7\u00e3o<\/td><td style=\"color: #666666; background-color: #FFFFFF;\">Bicameral<\/td><td style=\"color: #666666; background-color: #FFFFFF;\">12\/2022<\/td><td style=\"color: #666666; background-color: #FFFFFF;\">28\/10\/2022<\/td><td style=\"color: #666666; background-color: #FFFFFF;\">Disp\u00f5e sobre a Renova\u00e7\u00e3o de Reconhecimento do Curso Superior de Tecnologia em Redes de Computadores da Universidade Estadual de Goi\u00e1s\/UEG, Unidade Universit\u00e1ria de Pires do Rio\/GO e d\u00e1 outras provid\u00eancias.<\/td><td style=\"color: #0000FF; background-color: #FFFFFF;text-decoration: underline;\"><a href=\"https:\/\/goias.gov.br\/cee\/wp-content\/uploads\/sites\/20\/2023\/10\/2022-12-ces-cep-resolucao-bicameral.pdf\" target=\"_blank\">ABRIR<\/a><\/td><td style=\"color: #000000; background-color: #FFFFFF;\"><\/td><\/tr><tr><td style=\"color: #666666; background-color: #FFFFFF;\">Resolu\u00e7\u00e3o<\/td><td style=\"color: #666666; background-color: #FFFFFF;\">Bicameral<\/td><td style=\"color: #666666; background-color: #FFFFFF;\">13\/2022<\/td><td style=\"color: #666666; background-color: #FFFFFF;\">18\/08\/2022<\/td><td style=\"color: #666666; background-color: #FFFFFF;\">Disp\u00f5e sobre o credenciamento e a autoriza\u00e7\u00e3o do Ensino M\u00e9dio com o\nItiner\u00e1rio Formativo de T\u00e9cnico em Administra\u00e7\u00e3o do Col\u00e9gio Estadual\nDamores do Amaral Medeiros, em Itumbiara\/GO e d\u00e1 outras\nprovid\u00eancias.<\/td><td style=\"color: #0000FF; background-color: #FFFFFF;text-decoration: underline;\"><a href=\"https:\/\/goias.gov.br\/cee\/wp-content\/uploads\/sites\/20\/2023\/10\/2022-13-cep-ceb-resolucao-bicameral.pdf\" target=\"_blank\">ABRIR<\/a><\/td><td style=\"color: #000000; background-color: #FFFFFF;\"><\/td><\/tr><tr><td style=\"color: #666666; background-color: #FFFFFF;\">Resolu\u00e7\u00e3o<\/td><td style=\"color: #666666; background-color: #FFFFFF;\">Bicameral<\/td><td style=\"color: #666666; background-color: #FFFFFF;\">13\/2022<\/td><td style=\"color: #666666; background-color: #FFFFFF;\">28\/10\/2022<\/td><td style=\"color: #666666; background-color: #FFFFFF;\">Disp\u00f5e sobre a Renova\u00e7\u00e3o de Reconhecimento do Curso Superior de Tecnologia em Design de Moda da Universidade Estadual de Goi\u00e1s\/UEG, Unidade Universit\u00e1ria de Jaragu\u00e1\/GO e d\u00e1 outras provid\u00eancias.<\/td><td style=\"color: #0000FF; background-color: #FFFFFF;text-decoration: underline;\"><a href=\"https:\/\/goias.gov.br\/cee\/wp-content\/uploads\/sites\/20\/2023\/10\/2022-13-ces-cep-resolucao-bicameral.pdf\" target=\"_blank\">ABRIR<\/a><\/td><td style=\"color: #000000; background-color: #FFFFFF;\"><\/td><\/tr><tr><td style=\"color: #666666; background-color: #FFFFFF;\">Resolu\u00e7\u00e3o<\/td><td style=\"color: #666666; background-color: #FFFFFF;\">Bicameral<\/td><td style=\"color: #666666; background-color: #FFFFFF;\">14\/2022<\/td><td style=\"color: #666666; background-color: #FFFFFF;\">01\/09\/2022<\/td><td style=\"color: #666666; background-color: #FFFFFF;\">Disp\u00f5e sobre o credenciamento e a autoriza\u00e7\u00e3o do Ensino M\u00e9dio com o Itiner\u00e1rio Formativo de T\u00e9cnico em Inform\u00e1tica do Col\u00e9gio Estadual Dr. Jos\u00e9 Baldu\u00edno de Souza D\u00e9cio, em Formosa\/GO e d\u00e1 outras provid\u00eancias.<\/td><td style=\"color: #0000FF; background-color: #FFFFFF;text-decoration: underline;\"><a href=\"https:\/\/goias.gov.br\/cee\/wp-content\/uploads\/sites\/20\/2023\/10\/2022-14-ceb-cep-resolucao-bicameral.pdf\" target=\"_blank\">ABRIR<\/a><\/td><td style=\"color: #000000; background-color: #FFFFFF;\"><\/td><\/tr><tr><td style=\"color: #666666; background-color: #FFFFFF;\">Resolu\u00e7\u00e3o<\/td><td style=\"color: #666666; background-color: #FFFFFF;\">Bicameral<\/td><td style=\"color: #666666; background-color: #FFFFFF;\">14\/2022<\/td><td style=\"color: #666666; background-color: #FFFFFF;\">28\/10\/2022<\/td><td style=\"color: #666666; background-color: #FFFFFF;\">Disp\u00f5e sobre a Renova\u00e7\u00e3o de Reconhecimento do Curso Superior de Tecnologia em Gastronomia da Universidade Estadual de Goi\u00e1s\/UEG, Unidade Universit\u00e1ria de Piren\u00f3polis\/GO e d\u00e1 outras provid\u00eancias.<\/td><td style=\"color: #0000FF; background-color: #FFFFFF;text-decoration: underline;\"><a href=\"https:\/\/goias.gov.br\/cee\/wp-content\/uploads\/sites\/20\/2023\/10\/2022-14-ces-cep-resolucao-bicameral.pdf\" target=\"_blank\">ABRIR<\/a><\/td><td style=\"color: #000000; background-color: #FFFFFF;\"><\/td><\/tr><tr><td style=\"color: #666666; background-color: #FFFFFF;\">Resolu\u00e7\u00e3o<\/td><td style=\"color: #666666; background-color: #FFFFFF;\">Bicameral<\/td><td style=\"color: #666666; background-color: #FFFFFF;\">15\/2022<\/td><td style=\"color: #666666; background-color: #FFFFFF;\">29\/09\/2022<\/td><td style=\"color: #666666; background-color: #FFFFFF;\">Disp\u00f5e sobre a rerratifica\u00e7\u00e3o da Resolu\u00e7\u00e3o CEE\/CEB\/CEP N. 3, de 4 de agosto de 2022, referente a autoriza\u00e7\u00e3o do Ensino M\u00e9dio com Itiner\u00e1rio Formativo em Inform\u00e1tica, do Col\u00e9gio Estadual Manoel Lino de Carvalho, em Crix\u00e1s\/GO e d\u00e1 outras provid\u00eancias.<\/td><td style=\"color: #0000FF; background-color: #FFFFFF;text-decoration: underline;\"><a href=\"https:\/\/goias.gov.br\/cee\/wp-content\/uploads\/sites\/20\/2023\/10\/2022-15-cep-ceb-resolucao-bicameral.pdf\" target=\"_blank\">ABRIR<\/a><\/td><td style=\"color: #000000; background-color: #FFFFFF;\"><\/td><\/tr><tr><td style=\"color: #666666; background-color: #FFFFFF;\">Resolu\u00e7\u00e3o<\/td><td style=\"color: #666666; background-color: #FFFFFF;\">Bicameral<\/td><td style=\"color: #666666; background-color: #FFFFFF;\">01\/2023<\/td><td style=\"color: #666666; background-color: #FFFFFF;\">03\/02\/2023<\/td><td style=\"color: #666666; background-color: #FFFFFF;\">Disp\u00f5e sobre a autoriza\u00e7\u00e3o para expedi\u00e7\u00e3o dos Diplomas do Curso Superior de Tecnologia em Log\u00edstica, do Col\u00e9gio Tecnol\u00f3gico \u2013 COTEC Sebasti\u00e3o de Siqueira de Goi\u00e2nia, e d\u00e1 outras provid\u00eancias.<\/td><td style=\"color: #0000FF; background-color: #FFFFFF;text-decoration: underline;\"><a href=\"https:\/\/goias.gov.br\/cee\/wp-content\/uploads\/sites\/20\/2023\/10\/2023-01-ces-cep-resolucao.pdf\" target=\"_blank\">ABRIR<\/a><\/td><td style=\"color: #000000; background-color: #FFFFFF;\"><\/td><\/tr><tr><td style=\"color: #666666; background-color: #FFFFFF;\">Resolu\u00e7\u00e3o<\/td><td style=\"color: #666666; background-color: #FFFFFF;\">Bicameral<\/td><td style=\"color: #666666; background-color: #FFFFFF;\">02\/2023<\/td><td style=\"color: #666666; background-color: #FFFFFF;\">03\/02\/2023<\/td><td style=\"color: #666666; background-color: #FFFFFF;\">Disp\u00f5e sobre a autoriza\u00e7\u00e3o para expedi\u00e7\u00e3o dos Diplomas do Curso Superior de Tecnologia em Gest\u00e3o da Produ\u00e7\u00e3o, do Col\u00e9gio Tecnol\u00f3gico \u2013 COTEC Governador Aguinaldo Campos Netto de Catal\u00e3o, e d\u00e1 outras provid\u00eancias.<\/td><td style=\"color: #0000FF; background-color: #FFFFFF;text-decoration: underline;\"><a href=\"https:\/\/goias.gov.br\/cee\/wp-content\/uploads\/sites\/20\/2023\/10\/2023-02-ces-cep-resolucao.pdf\" target=\"_blank\">ABRIR<\/a><\/td><td style=\"color: #000000; background-color: #FFFFFF;\"><\/td><\/tr><tr><td style=\"color: #666666; background-color: #FFFFFF;\">Resolu\u00e7\u00e3o<\/td><td style=\"color: #666666; background-color: #FFFFFF;\">Bicameral<\/td><td style=\"color: #666666; background-color: #FFFFFF;\">03\/2023<\/td><td style=\"color: #666666; background-color: #FFFFFF;\">03\/02\/2023<\/td><td style=\"color: #666666; background-color: #FFFFFF;\">Disp\u00f5e sobre a autoriza\u00e7\u00e3o para expedi\u00e7\u00e3o dos Diplomas do Curso Superior de Tecnologia em Processos Qu\u00edmicos, do Col\u00e9gio Tecnol\u00f3gico \u2013 COTEC Governador Onofre Quinan, de An\u00e1polis, e d\u00e1 outras provid\u00eancias.<\/td><td style=\"color: #0000FF; background-color: #FFFFFF;text-decoration: underline;\"><a href=\"https:\/\/goias.gov.br\/cee\/wp-content\/uploads\/sites\/20\/2023\/10\/2023-03-ces-cep-resolucao.pdf\" target=\"_blank\">ABRIR<\/a><\/td><td style=\"color: #000000; background-color: #FFFFFF;\"><\/td><\/tr><tr><td style=\"color: #666666; background-color: #FFFFFF;\">Resolu\u00e7\u00e3o<\/td><td style=\"color: #666666; background-color: #FFFFFF;\">Bicameral<\/td><td style=\"color: #666666; background-color: #FFFFFF;\">04\/2023<\/td><td style=\"color: #666666; background-color: #FFFFFF;\">03\/02\/2023<\/td><td style=\"color: #666666; background-color: #FFFFFF;\">Disp\u00f5e sobre a valida\u00e7\u00e3o e a autoriza\u00e7\u00e3o para expedi\u00e7\u00e3o dos Diplomas do Curso Superior de Tecnologia em Constru\u00e7\u00e3o de Edif\u00edcios, do Col\u00e9gio Tecnol\u00f3gico \u2013 COTEC Governador Ot\u00e1vio Lage de Goian\u00e9sia, e d\u00e1 outras provid\u00eancias.<\/td><td style=\"color: #0000FF; background-color: #FFFFFF;text-decoration: underline;\"><a href=\"https:\/\/goias.gov.br\/cee\/wp-content\/uploads\/sites\/20\/2023\/10\/2023-04-ces-cep-resolucao.pdf\" target=\"_blank\">ABRIR<\/a><\/td><td style=\"color: #000000; background-color: #FFFFFF;\"><\/td><\/tr><tr><td style=\"color: #666666; background-color: #FFFFFF;\">Resolu\u00e7\u00e3o<\/td><td style=\"color: #666666; background-color: #FFFFFF;\">Bicameral<\/td><td style=\"color: #666666; background-color: #FFFFFF;\">05\/2023<\/td><td style=\"color: #666666; background-color: #FFFFFF;\">03\/02\/2023<\/td><td style=\"color: #666666; background-color: #FFFFFF;\">Disp\u00f5e sobre a renova\u00e7\u00e3o de reconhecimento do Curso Superior de Tecnologia em Design Gr\u00e1fico, da Universidade de Rio Verde - Campus \"Fonte do Saber\" em Rio Verde, e d\u00e1 outras provid\u00eancias.<\/td><td style=\"color: #0000FF; background-color: #FFFFFF;text-decoration: underline;\"><a href=\"https:\/\/goias.gov.br\/cee\/wp-content\/uploads\/sites\/20\/2023\/10\/2023-05-ces-cep-resolucao.pdf\" target=\"_blank\">ABRIR<\/a><\/td><td style=\"color: #000000; background-color: #FFFFFF;\"><\/td><\/tr><tr><td style=\"color: #666666; background-color: #FFFFFF;\">Resolu\u00e7\u00e3o<\/td><td style=\"color: #666666; background-color: #FFFFFF;\">Bicameral<\/td><td style=\"color: #666666; background-color: #FFFFFF;\">06\/2023<\/td><td style=\"color: #666666; background-color: #FFFFFF;\">05\/05\/2023<\/td><td style=\"color: #666666; background-color: #FFFFFF;\">Disp\u00f5e sobre reconhecimento do Curso Superior de Tecnologia em Agroecologia ministrado pela Universidade Estadual de Goi\u00e1s - Campus de Campos Belos, em Campos Belos\/GO, e d\u00e1 outras provid\u00eancias.<\/td><td style=\"color: #0000FF; background-color: #FFFFFF;text-decoration: underline;\"><a href=\"https:\/\/goias.gov.br\/cee\/wp-content\/uploads\/sites\/20\/2023\/10\/2023-06-ces-cep-resolucao.pdf\" target=\"_blank\">ABRIR<\/a><\/td><td style=\"color: #000000; background-color: #FFFFFF;\"><\/td><\/tr><tr><td style=\"color: #666666; background-color: #FFFFFF;\">Resolu\u00e7\u00e3o<\/td><td style=\"color: #666666; background-color: #FFFFFF;\">Bicameral<\/td><td style=\"color: #666666; background-color: #FFFFFF;\">07\/2023<\/td><td style=\"color: #666666; background-color: #FFFFFF;\">05\/05\/2023<\/td><td style=\"color: #666666; background-color: #FFFFFF;\">Disp\u00f5e sobre a rerratifica\u00e7\u00e3o da Resolu\u00e7\u00e3o CEE\/CES\/CEP N. 3\/2022, de 29 de abril de 2022, da Universidade Estadual de Goi\u00e1s - UnU Mineiros, e d\u00e1 outras provid\u00eancias.<\/td><td style=\"color: #0000FF; background-color: #FFFFFF;text-decoration: underline;\"><a href=\"https:\/\/goias.gov.br\/cee\/wp-content\/uploads\/sites\/20\/2023\/10\/2023-07-ces-cep-resolucao.pdf\" target=\"_blank\">ABRIR<\/a><\/td><td style=\"color: #000000; background-color: #FFFFFF;\"><\/td><\/tr><tr><td style=\"color: #666666; background-color: #FFFFFF;\">Resolu\u00e7\u00e3o<\/td><td style=\"color: #666666; background-color: #FFFFFF;\">Bicameral<\/td><td style=\"color: #666666; background-color: #FFFFFF;\">08\/2023<\/td><td style=\"color: #666666; background-color: #FFFFFF;\">05\/05\/2023<\/td><td style=\"color: #666666; background-color: #FFFFFF;\">Disp\u00f5e sobre a rerratifica\u00e7\u00e3o da Resolu\u00e7\u00e3o CEE\/CES\/CEP N. 2\/2022, de 29 de abril de 2022, da Universidade Estadual de Goi\u00e1s - UnU Sancrerlandia, e d\u00e1 outras provid\u00eancias.<\/td><td style=\"color: #0000FF; background-color: #FFFFFF;text-decoration: underline;\"><a href=\"https:\/\/goias.gov.br\/cee\/wp-content\/uploads\/sites\/20\/2023\/10\/2023-08-ces-cep-resolucao.pdf\" target=\"_blank\">ABRIR<\/a><\/td><td style=\"color: #000000; background-color: #FFFFFF;\"><\/td><\/tr><tr><td style=\"color: #666666; background-color: #FFFFFF;\">Resolu\u00e7\u00e3o<\/td><td style=\"color: #666666; background-color: #FFFFFF;\">Bicameral<\/td><td style=\"color: #666666; background-color: #FFFFFF;\">09\/2023<\/td><td style=\"color: #666666; background-color: #FFFFFF;\">20\/04\/2023<\/td><td style=\"color: #666666; background-color: #FFFFFF;\">Disp\u00f5e sobre o Credenciamento e Autoriza\u00e7\u00e3o do Ensino M\u00e9dio com o Itiner\u00e1rio Formativo em T\u00e9cnico de Inform\u00e1tica pertencente ao Eixo Tecnol\u00f3gico Informa\u00e7\u00e3o e Comunica\u00e7\u00e3o do Col\u00e9gio Estadual Dr. On\u00e9rio Pereira Vieira \u2013 Quirin\u00f3polis\/GO, e d\u00e1 outras provid\u00eancias.<\/td><td style=\"color: #0000FF; background-color: #FFFFFF;text-decoration: underline;\"><a href=\"https:\/\/goias.gov.br\/cee\/wp-content\/uploads\/sites\/20\/2024\/01\/2023-09-ceb-cep-resolucao.pdf\" target=\"_blank\">ABRIR<\/a><\/td><td style=\"color: #000000; background-color: #FFFFFF;\"><\/td><\/tr><tr><td style=\"color: #666666; background-color: #FFFFFF;\">Resolu\u00e7\u00e3o<\/td><td style=\"color: #666666; background-color: #FFFFFF;\">Bicameral<\/td><td style=\"color: #666666; background-color: #FFFFFF;\">09\/2023<\/td><td style=\"color: #666666; background-color: #FFFFFF;\">12\/12\/2023<\/td><td style=\"color: #666666; background-color: #FFFFFF;\">Disp\u00f5e sobre Renovar o Reconhecimento do Curso Superior em Tecnologia em Design de Interiores, da Universidade de Rio verde - UNIRV, de Rio Verde\/GO e d\u00e1 outras provid\u00eancias.<\/td><td style=\"color: #0000FF; background-color: #FFFFFF;text-decoration: underline;\"><a href=\"https:\/\/goias.gov.br\/cee\/wp-content\/uploads\/sites\/20\/2024\/01\/2023-09-ces-cep-resolucao.pdf\" target=\"_blank\">ABRIR<\/a><\/td><td style=\"color: #000000; background-color: #FFFFFF;\"><\/td><\/tr><tr><td style=\"color: #666666; background-color: #FFFFFF;\">Resolu\u00e7\u00e3o<\/td><td style=\"color: #666666; background-color: #FFFFFF;\">Bicameral<\/td><td style=\"color: #666666; background-color: #FFFFFF;\">10\/2023<\/td><td style=\"color: #666666; background-color: #FFFFFF;\">20\/04\/2023<\/td><td style=\"color: #666666; background-color: #FFFFFF;\">Disp\u00f5e sobre o credenciamento e autoriza\u00e7\u00e3o do Ensino M\u00e9dio com o Itiner\u00e1rio Formativo em T\u00e9cnico de Inform\u00e1tica, pertencente ao Eixo Tecnol\u00f3gico informa\u00e7\u00e3o e Comunica\u00e7\u00e3o do Col\u00e9gio Estadual Padre Pel\u00e1gio \u2013 Trindade\/GO, e d\u00e1 outras provid\u00eancias.<\/td><td style=\"color: #0000FF; background-color: #FFFFFF;text-decoration: underline;\"><a href=\"https:\/\/goias.gov.br\/cee\/wp-content\/uploads\/sites\/20\/2024\/01\/2023-10-ceb-cep-resolucao.pdf\" target=\"_blank\">ABRIR<\/a><\/td><td style=\"color: #000000; background-color: #FFFFFF;\"><\/td><\/tr><tr><td style=\"color: #666666; background-color: #FFFFFF;\">Resolu\u00e7\u00e3o<\/td><td style=\"color: #666666; background-color: #FFFFFF;\">Bicameral<\/td><td style=\"color: #666666; background-color: #FFFFFF;\">10\/2023<\/td><td style=\"color: #666666; background-color: #FFFFFF;\">12\/12\/2023<\/td><td style=\"color: #666666; background-color: #FFFFFF;\">Disp\u00f5e sobre Renovar o Reconhecimento para fins de Valida\u00e7\u00e3o de estudos e a autoriza\u00e7\u00e3o para expedi\u00e7\u00e3o dos Diplomas do Curso Superior em Tecnologia em Hotelaria, da Universidade Estadual de Goi\u00e1s - Unidade Universit\u00e1ria de Piren\u00f3polis\/GO, e d\u00e1 outras provid\u00eancias.<\/td><td style=\"color: #0000FF; background-color: #FFFFFF;text-decoration: underline;\"><a href=\"https:\/\/goias.gov.br\/cee\/wp-content\/uploads\/sites\/20\/2024\/01\/2023-10-ces-cep-resolucao.pdf\" target=\"_blank\">ABRIR<\/a><\/td><td style=\"color: #000000; background-color: #FFFFFF;\"><\/td><\/tr><tr><td style=\"color: #666666; background-color: #FFFFFF;\">Resolu\u00e7\u00e3o<\/td><td style=\"color: #666666; background-color: #FFFFFF;\">Bicameral<\/td><td style=\"color: #666666; background-color: #FFFFFF;\">11\/2023<\/td><td style=\"color: #666666; background-color: #FFFFFF;\">20\/04\/2023<\/td><td style=\"color: #666666; background-color: #FFFFFF;\">Disp\u00f5e sobre o Credenciamento e Autoriza\u00e7\u00e3o do Ensino M\u00e9dio com o Itiner\u00e1rio Formativo em T\u00e9cnico de Inform\u00e1tica do Col\u00e9gio Estadual Jandira Ponciano dos Passos \u2013 Jussara\/GO, e d\u00e1 outras provid\u00eancias.<\/td><td style=\"color: #0000FF; background-color: #FFFFFF;text-decoration: underline;\"><a href=\"https:\/\/goias.gov.br\/cee\/wp-content\/uploads\/sites\/20\/2024\/01\/2023-11-ceb-cep-resolucao.pdf\" target=\"_blank\">ABRIR<\/a><\/td><td style=\"color: #000000; background-color: #FFFFFF;\"><\/td><\/tr><tr><td style=\"color: #666666; background-color: #FFFFFF;\">Resolu\u00e7\u00e3o<\/td><td style=\"color: #666666; background-color: #FFFFFF;\">Bicameral<\/td><td style=\"color: #666666; background-color: #FFFFFF;\">12\/2023<\/td><td style=\"color: #666666; background-color: #FFFFFF;\">01\/06\/2023<\/td><td style=\"color: #666666; background-color: #FFFFFF;\">Disp\u00f5e sobre credenciamento e a autoriza\u00e7\u00e3o do Ensino M\u00e9dio com o Itiner\u00e1rio Formativo em T\u00e9cnico de Inform\u00e1tica pertencente ao Eixo Tecnol\u00f3gico Informa\u00e7\u00e3o e Comunica\u00e7\u00e3o, a ser ofertado pela Escola Lyceu de Goyaz da Escola Lyceu de Goyaz \u2013 Cidade de Goias\/GO, e d\u00e1 outras provid\u00eancias.<\/td><td style=\"color: #0000FF; background-color: #FFFFFF;text-decoration: underline;\"><a href=\"https:\/\/goias.gov.br\/cee\/wp-content\/uploads\/sites\/20\/2024\/01\/2023-12-ceb-cep-resolucao.pdf\" target=\"_blank\">ABRIR<\/a><\/td><td style=\"color: #000000; background-color: #FFFFFF;\"><\/td><\/tr><tr><td style=\"color: #666666; background-color: #FFFFFF;\">Resolu\u00e7\u00e3o<\/td><td style=\"color: #666666; background-color: #FFFFFF;\">Bicameral<\/td><td style=\"color: #666666; background-color: #FFFFFF;\">13\/2023<\/td><td style=\"color: #666666; background-color: #FFFFFF;\">01\/06\/2023<\/td><td style=\"color: #666666; background-color: #FFFFFF;\">Disp\u00f5e sobre credenciamento e a autoriza\u00e7\u00e3o do Ensino M\u00e9dio com o Itiner\u00e1rio Formativo em Administra\u00e7\u00e3o pertencente ao Eixo Tecnol\u00f3gico Gest\u00e3o e Neg\u00f3cio do Col\u00e9gio Estadual Dom Fernando I \u2013 Goi\u00e2nia\/GO, e d\u00e1 outras provid\u00eancias.<\/td><td style=\"color: #0000FF; background-color: #FFFFFF;text-decoration: underline;\"><a href=\"https:\/\/goias.gov.br\/cee\/wp-content\/uploads\/sites\/20\/2024\/01\/2023-13-ceb-cep-resolucao.pdf\" target=\"_blank\">ABRIR<\/a><\/td><td style=\"color: #000000; background-color: #FFFFFF;\"><\/td><\/tr><tr><td style=\"color: #666666; background-color: #FFFFFF;\">Resolu\u00e7\u00e3o<\/td><td style=\"color: #666666; background-color: #FFFFFF;\">Bicameral<\/td><td style=\"color: #666666; background-color: #FFFFFF;\">14\/2023<\/td><td style=\"color: #666666; background-color: #FFFFFF;\">01\/06\/2023<\/td><td style=\"color: #666666; background-color: #FFFFFF;\">Disp\u00f5e sobre credenciamento e a autoriza\u00e7\u00e3o do Ensino M\u00e9dio com o Itiner\u00e1rio Formativo em T\u00e9cnico de Inform\u00e1tica pertencente ao Eixo Tecnol\u00f3gico Informa\u00e7\u00e3o e Comunica\u00e7\u00e3o da Col\u00e9gio Estadual prof\u00aa. Alice Pereira Alves \u2013 Mineiros\/GO, e d\u00e1 outras provid\u00eancias.<\/td><td style=\"color: #0000FF; background-color: #FFFFFF;text-decoration: underline;\"><a href=\"https:\/\/goias.gov.br\/cee\/wp-content\/uploads\/sites\/20\/2024\/01\/2023-14-ceb-cep-resolucao.pdf\" target=\"_blank\">ABRIR<\/a><\/td><td style=\"color: #000000; background-color: #FFFFFF;\"><\/td><\/tr><tr><td style=\"color: #666666; background-color: #FFFFFF;\">Resolu\u00e7\u00e3o<\/td><td style=\"color: #666666; background-color: #FFFFFF;\">Bicameral<\/td><td style=\"color: #666666; background-color: #FFFFFF;\">15\/2023<\/td><td style=\"color: #666666; background-color: #FFFFFF;\">06\/06\/2023<\/td><td style=\"color: #666666; background-color: #FFFFFF;\">Disp\u00f5e sobre o credenciamento e a Autoriza\u00e7\u00e3o do Ensino M\u00e9dio com o Itiner\u00e1rio Formativo em T\u00e9cnico em Administra\u00e7\u00e3o pertencente ao Eixo Tecnol\u00f3gico Gest\u00e3o e Neg\u00f3cio da Col\u00e9gio Estadual de Itapuranga \u2013 Itapuranga\/GO, e d\u00e1 outras provid\u00eancias.<\/td><td style=\"color: #0000FF; background-color: #FFFFFF;text-decoration: underline;\"><a href=\"https:\/\/goias.gov.br\/cee\/wp-content\/uploads\/sites\/20\/2024\/01\/2023-15-ceb-cep-resolucao.pdf\" target=\"_blank\">ABRIR<\/a><\/td><td style=\"color: #000000; background-color: #FFFFFF;\"><\/td><\/tr><tr><td style=\"color: #666666; background-color: #FFFFFF;\">Resolu\u00e7\u00e3o<\/td><td style=\"color: #666666; background-color: #FFFFFF;\">Bicameral<\/td><td style=\"color: #666666; background-color: #FFFFFF;\">16\/2023<\/td><td style=\"color: #666666; background-color: #FFFFFF;\">29\/09\/2023<\/td><td style=\"color: #666666; background-color: #FFFFFF;\">Disp\u00f5e sobreo Credenciamento da Institui\u00e7\u00e3o e a Autoriza\u00e7\u00e3o para oferta do Ensino M\u00e9dio com o Itiner\u00e1rio Formativo em Administra\u00e7\u00e3o, pertencente ao eixo Gest\u00e3o e Neg\u00f3cios da UNIALFA\/ALFA EDUCA\u00c7\u00c3O\u2013 Goi\u00e2nia\/GO, e d\u00e1 outras provid\u00eancias.<\/td><td style=\"color: #0000FF; background-color: #FFFFFF;text-decoration: underline;\"><a href=\"https:\/\/goias.gov.br\/cee\/wp-content\/uploads\/sites\/20\/2024\/01\/2023-16-ceb-cep-resolucao.pdf\" target=\"_blank\">ABRIR<\/a><\/td><td style=\"color: #000000; background-color: #FFFFFF;\"><\/td><\/tr><tr><td style=\"color: #666666; background-color: #FFFFFF;\">Resolu\u00e7\u00e3o<\/td><td style=\"color: #666666; background-color: #FFFFFF;\">Bicameral<\/td><td style=\"color: #666666; background-color: #FFFFFF;\">17\/2023<\/td><td style=\"color: #666666; background-color: #FFFFFF;\">08\/11\/2023<\/td><td style=\"color: #666666; background-color: #FFFFFF;\">Disp\u00f5e sobre o credenciamento e a Autoriza\u00e7\u00e3o do Ensino M\u00e9dio com o Itiner\u00e1rio Formativo em T\u00e9cnico em Administra\u00e7\u00e3o da Col\u00e9gio Estadual Joaquim Thom\u00e9 de Almeida \u2013 Mina\u00e7u\/GO, e d\u00e1 outras provid\u00eancias.<\/td><td style=\"color: #0000FF; background-color: #FFFFFF;text-decoration: underline;\"><a href=\"https:\/\/goias.gov.br\/cee\/wp-content\/uploads\/sites\/20\/2024\/01\/2023-17-ceb-cep-resolucao.pdf\" target=\"_blank\">ABRIR<\/a><\/td><td style=\"color: #000000; background-color: #FFFFFF;\"><\/td><\/tr><tr><td style=\"color: #666666; background-color: #FFFFFF;\">Resolu\u00e7\u00e3o<\/td><td style=\"color: #666666; background-color: #FFFFFF;\">Bicameral<\/td><td style=\"color: #666666; background-color: #FFFFFF;\">18\/2023<\/td><td style=\"color: #666666; background-color: #FFFFFF;\">08\/11\/2023<\/td><td style=\"color: #666666; background-color: #FFFFFF;\">Disp\u00f5e sobre o Credenciamento e Autoriza\u00e7\u00e3o do Ensino M\u00e9dio com o Itiner\u00e1rio Formativo em T\u00e9cnico de Inform\u00e1tica do Col\u00e9gio Estadual Professor Ant\u00f4nio Valdir Roriz \u2013 Luzi\u00e2nia\/GO, e d\u00e1 outras provid\u00eancias.<\/td><td style=\"color: #0000FF; background-color: #FFFFFF;text-decoration: underline;\"><a href=\"https:\/\/goias.gov.br\/cee\/wp-content\/uploads\/sites\/20\/2024\/01\/2023-18-ceb-cep-resolucao.pdf\" target=\"_blank\">ABRIR<\/a><\/td><td style=\"color: #000000; background-color: #FFFFFF;\"><\/td><\/tr><tr><td style=\"color: #666666; background-color: #FFFFFF;\">Resolu\u00e7\u00e3o<\/td><td style=\"color: #666666; background-color: #FFFFFF;\">Bicameral<\/td><td style=\"color: #666666; background-color: #FFFFFF;\">19\/2023<\/td><td style=\"color: #666666; background-color: #FFFFFF;\">08\/11\/2023<\/td><td style=\"color: #666666; background-color: #FFFFFF;\">Disp\u00f5e sobre a Autoriza\u00e7\u00e3o do Ensino M\u00e9dio com o Itiner\u00e1rio Formativo em T\u00e9cnico de Inform\u00e1tica da Col\u00e9gio Estadual Plinio Jaime, \u2013 An\u00e1polis\/GO, e d\u00e1 outras provid\u00eancias.<\/td><td style=\"color: #0000FF; background-color: #FFFFFF;text-decoration: underline;\"><a href=\"https:\/\/goias.gov.br\/cee\/wp-content\/uploads\/sites\/20\/2024\/01\/2023-19-ceb-cep-resolucao.pdf\" target=\"_blank\">ABRIR<\/a><\/td><td style=\"color: #000000; background-color: #FFFFFF;\"><\/td><\/tr><tr><td style=\"color: #666666; background-color: #FFFFFF;\">Resolu\u00e7\u00e3o<\/td><td style=\"color: #666666; background-color: #FFFFFF;\">Bicameral<\/td><td style=\"color: #666666; background-color: #FFFFFF;\">20\/2023<\/td><td style=\"color: #666666; background-color: #FFFFFF;\">08\/11\/2023<\/td><td style=\"color: #666666; background-color: #FFFFFF;\">Disp\u00f5e sobre solicita deste Conselho a Credenciamento e a Autoriza\u00e7\u00e3o do Ensino M\u00e9dio com o Itiner\u00e1rio Formativo em T\u00e9cnico em Qu\u00edmica do Col\u00e9gio Estadual Polivalente Frei Jo\u00e3o Batista \u2013 An\u00e1polis\/GO, e d\u00e1 outras provid\u00eancias.<\/td><td style=\"color: #0000FF; background-color: #FFFFFF;text-decoration: underline;\"><a href=\"https:\/\/goias.gov.br\/cee\/wp-content\/uploads\/sites\/20\/2024\/01\/2023-20-ceb-cep-resolucao.pdf\" target=\"_blank\">ABRIR<\/a><\/td><td style=\"color: #000000; background-color: #FFFFFF;\"><\/td><\/tr><tr><td style=\"color: #666666; background-color: #FFFFFF;\">Resolu\u00e7\u00e3o<\/td><td style=\"color: #666666; background-color: #FFFFFF;\">Bicameral<\/td><td style=\"color: #666666; background-color: #FFFFFF;\">21\/2023<\/td><td style=\"color: #666666; background-color: #FFFFFF;\">08\/11\/2023<\/td><td style=\"color: #666666; background-color: #FFFFFF;\">Disp\u00f5e sobre o Credenciamento e Autoriza\u00e7\u00e3o do Ensino M\u00e9dio com o Itiner\u00e1rio Formativo em T\u00e9cnico de Inform\u00e1tica do Col\u00e9gio Estadual Complexo 10 \u2013 Planaltina\/GO, e d\u00e1 outras provid\u00eancias.<\/td><td style=\"color: #0000FF; background-color: #FFFFFF;text-decoration: underline;\"><a href=\"https:\/\/goias.gov.br\/cee\/wp-content\/uploads\/sites\/20\/2024\/01\/2023-21-ceb-cep-resolucao.pdf\" target=\"_blank\">ABRIR<\/a><\/td><td style=\"color: #000000; background-color: #FFFFFF;\"><\/td><\/tr><tr><td style=\"color: #666666; background-color: #FFFFFF;\">Resolu\u00e7\u00e3o<\/td><td style=\"color: #666666; background-color: #FFFFFF;\">Bicameral<\/td><td style=\"color: #666666; background-color: #FFFFFF;\">22\/2023<\/td><td style=\"color: #666666; background-color: #FFFFFF;\">06\/07\/2023<\/td><td style=\"color: #666666; background-color: #FFFFFF;\">Disp\u00f5e sobre o Credenciamento e a Autoriza\u00e7\u00e3o do Ensino M\u00e9dio com o Itiner\u00e1rio Formativo em T\u00e9cnico de Inform\u00e1tica pertencente ao Eixo Tecnol\u00f3gico Informa\u00e7\u00e3o e Comunica\u00e7\u00e3o da Col\u00e9gio Estadual Professor Jos\u00e9 Paschoal da Silva \u2013 Silv\u00e2nia\/GO, e d\u00e1 outras provid\u00eancias.<\/td><td style=\"color: #0000FF; background-color: #FFFFFF;text-decoration: underline;\"><a href=\"https:\/\/goias.gov.br\/cee\/wp-content\/uploads\/sites\/20\/2024\/01\/2023-22-ceb-cep-resolucao.pdf\" target=\"_blank\">ABRIR<\/a><\/td><td style=\"color: #000000; background-color: #FFFFFF;\"><\/td><\/tr><tr><td style=\"color: #666666; background-color: #FFFFFF;\">Resolu\u00e7\u00e3o<\/td><td style=\"color: #666666; background-color: #FFFFFF;\">Bicameral<\/td><td style=\"color: #666666; background-color: #FFFFFF;\">23\/2023<\/td><td style=\"color: #666666; background-color: #FFFFFF;\">12\/12\/2023<\/td><td style=\"color: #666666; background-color: #FFFFFF;\">Disp\u00f5e sobre a autoriza\u00e7\u00e3o pr\u00e9via para oferecer o Ensino M\u00e9dio articulado ao Curso T\u00e9cnico em Desenvolvimento Web e Ciberseguran\u00e7a, que ser\u00e1 desenvolvido pelos CEPIs e as Escolas do Futuro do Estado de Goi\u00e1s - EFGs da Secretaria de Educa\u00e7\u00e3o e Secretaria de Ci\u00eancia \u2013 Estado de Goi\u00e1s, e d\u00e1 outras provid\u00eancias.<\/td><td style=\"color: #0000FF; background-color: #FFFFFF;text-decoration: underline;\"><a href=\"https:\/\/goias.gov.br\/cee\/wp-content\/uploads\/sites\/20\/2024\/01\/2023-23-ceb-cep-resolucao.pdf\" target=\"_blank\">ABRIR<\/a><\/td><td style=\"color: #000000; background-color: #FFFFFF;\"><\/td><\/tr><tr><td style=\"color: #666666; background-color: #FFFFFF;\">Resolu\u00e7\u00e3o<\/td><td style=\"color: #666666; background-color: #FFFFFF;\">Bicameral<\/td><td style=\"color: #666666; background-color: #FFFFFF;\">24\/2023<\/td><td style=\"color: #666666; background-color: #FFFFFF;\">06\/12\/2023<\/td><td style=\"color: #666666; background-color: #FFFFFF;\">Disp\u00f5e sobre a autoriza\u00e7\u00e3o pr\u00e9via para oferecer, em 2024, cursos T\u00e9cnicos integrados ao ensino m\u00e9dio, relacionados na Proposta de Amplia\u00e7\u00e3o de Cursos da Educa\u00e7\u00e3o Profissional e Tecnol\u00f3gica\/SEDUC-GO da Secret\u00e1ria de Estado da Educa\u00e7\u00e3o de Goi\u00e1s \u2013 Estado de Goi\u00e1s, e d\u00e1 outras provid\u00eancias.<\/td><td style=\"color: #0000FF; background-color: #FFFFFF;text-decoration: underline;\"><a href=\"https:\/\/goias.gov.br\/cee\/wp-content\/uploads\/sites\/20\/2024\/01\/2023-24-ceb-cep-resolucao.pdf\" target=\"_blank\">ABRIR<\/a><\/td><td style=\"color: #000000; background-color: #FFFFFF;\"><\/td><\/tr><tr><td style=\"color: #666666; background-color: #FFFFFF;\">Resolu\u00e7\u00e3o<\/td><td style=\"color: #666666; background-color: #FFFFFF;\">Bicameral<\/td><td style=\"color: #666666; background-color: #FFFFFF;\">25\/2023<\/td><td style=\"color: #666666; background-color: #FFFFFF;\">06\/03\/2024<\/td><td style=\"color: #666666; background-color: #FFFFFF;\">Disp\u00f5e sobre o Credenciamento da Institui\u00e7\u00e3o e Autoriza\u00e7\u00e3o do Ensino M\u00e9dio com o Itiner\u00e1rio Formativo em T\u00e9cnico em Qu\u00edmica, pertencente ao Eixo Tecnol\u00f3gico em Controle e\nProcesso Industriais do Col\u00e9gio Estadual Dom Pedro I \u2013Aparecida de Goi\u00e2nia\/GO, e d\u00e1 outras provid\u00eancias.<\/td><td style=\"color: #0000FF; background-color: #FFFFFF;text-decoration: underline;\"><a href=\"https:\/\/goias.gov.br\/cee\/wp-content\/uploads\/sites\/20\/2024\/04\/2023-25-cep-ceb-resolucao.pdf\" target=\"_blank\">ABRIR<\/a><\/td><td style=\"color: #000000; background-color: #FFFFFF;\"><\/td><\/tr><tr><td style=\"color: #666666; background-color: #FFFFFF;\">Resolu\u00e7\u00e3o<\/td><td style=\"color: #666666; background-color: #FFFFFF;\">Bicameral<\/td><td style=\"color: #666666; background-color: #FFFFFF;\">26\/2023<\/td><td style=\"color: #666666; background-color: #FFFFFF;\">06\/02\/2024<\/td><td style=\"color: #666666; background-color: #FFFFFF;\">Disp\u00f5e sobre a Autoriza\u00e7\u00e3o do Ensino M\u00e9dio com o Itiner\u00e1rio Formativo em T\u00e9cnico em Administra\u00e7\u00e3o pertencente ao Eixo Tecnol\u00f3gico Gest\u00e3o e Neg\u00f3cio da Col\u00e9gio Estadual Dona Iay\u00e1 \u2013 Catal\u00e3o\/GO, e d\u00e1 outras provid\u00eancias.<\/td><td style=\"color: #0000FF; background-color: #FFFFFF;text-decoration: underline;\"><a href=\"https:\/\/goias.gov.br\/cee\/wp-content\/uploads\/sites\/20\/2024\/04\/2023-26-ceb-cep-resolucao.pdf\" target=\"_blank\">ABRIR<\/a><\/td><td style=\"color: #000000; background-color: #FFFFFF;\"><\/td><\/tr><tr><td style=\"color: #666666; background-color: #FFFFFF;\">Resolu\u00e7\u00e3o<\/td><td style=\"color: #666666; background-color: #FFFFFF;\">Bicameral<\/td><td style=\"color: #666666; background-color: #FFFFFF;\">28\/2023<\/td><td style=\"color: #666666; background-color: #FFFFFF;\">06\/03\/2024<\/td><td style=\"color: #666666; background-color: #FFFFFF;\">Disp\u00f5e sobre solicitando ao Conselho Estadual de Educa\u00e7\u00e3o de Goi\u00e1s\/CEE a autoriza\u00e7\u00e3o pr\u00e9via para oferecer o Ensino M\u00e9dio articulado aos Cursos T\u00e9cnicos em T\u00e9cnico em Vendas e T\u00e9cnico em Recursos Humanos, a ser ofertados em regime de parceria entre institui\u00e7\u00f5es vinculadas as duas secretarias da Secretaria de Estado da Educa\u00e7\u00e3o - SEDUC em conjunto com a Secretaria de Estado da Retomada - SER \u2013 Goi\u00e1s e d\u00e1 outras provid\u00eancias.<\/td><td style=\"color: #0000FF; background-color: #FFFFFF;text-decoration: underline;\"><a href=\"https:\/\/goias.gov.br\/cee\/wp-content\/uploads\/sites\/20\/2024\/04\/2023-28-ceb-cep-resolucao.pdf\" target=\"_blank\">ABRIR<\/a><\/td><td style=\"color: #000000; background-color: #FFFFFF;\"><\/td><\/tr><tr><td style=\"color: #666666; background-color: #FFFFFF;\">Resolu\u00e7\u00e3o<\/td><td style=\"color: #666666; background-color: #FFFFFF;\">Bicameral<\/td><td style=\"color: #666666; background-color: #FFFFFF;\">29\/2023<\/td><td style=\"color: #666666; background-color: #FFFFFF;\">06\/03\/2024<\/td><td style=\"color: #666666; background-color: #FFFFFF;\">Disp\u00f5e sobre o Credenciamento e Autoriza\u00e7\u00e3o do Ensino M\u00e9dio com o Itiner\u00e1rio Formativo em T\u00e9cnico de Inform\u00e1tica pertencente ao Eixo Tecnol\u00f3gico Informa\u00e7\u00e3o e Comunica\u00e7\u00e3o do Centro de Educa\u00e7\u00e3o de Jovens e Adultos Dom Bosco \u2013 Ipor\u00e1\/GO, e d\u00e1 outras provid\u00eancias.<\/td><td style=\"color: #0000FF; background-color: #FFFFFF;text-decoration: underline;\"><a href=\"https:\/\/goias.gov.br\/cee\/wp-content\/uploads\/sites\/20\/2024\/04\/2023-29-ceb-cep-resolucao.pdf\" target=\"_blank\">ABRIR<\/a><\/td><td style=\"color: #000000; background-color: #FFFFFF;\"><\/td><\/tr><tr><td style=\"color: #666666; background-color: #FFFFFF;\">Resolu\u00e7\u00e3o<\/td><td style=\"color: #666666; background-color: #FFFFFF;\">Bicameral<\/td><td style=\"color: #666666; background-color: #FFFFFF;\">30\/2023<\/td><td style=\"color: #666666; background-color: #FFFFFF;\">06\/03\/2024<\/td><td style=\"color: #666666; background-color: #FFFFFF;\">Disp\u00f5e sobre o Credenciamento e a Autoriza\u00e7\u00e3o do Ensino M\u00e9dio com o Itiner\u00e1rio Formativo em T\u00e9cnico em Qu\u00edmica, pertencente ao Eixo Tecnol\u00f3gicos Controle e Processos Industriais. da Col\u00e9gio Estadual Polivalente Dr. Menezes J\u00fanior \u2013 Itumbiara\/GO, e d\u00e1 outras provid\u00eancias.<\/td><td style=\"color: #0000FF; background-color: #FFFFFF;text-decoration: underline;\"><a href=\"https:\/\/goias.gov.br\/cee\/wp-content\/uploads\/sites\/20\/2024\/04\/2023-30-cep-ceb-resolucao.pdf\" target=\"_blank\">ABRIR<\/a><\/td><td style=\"color: #000000; background-color: #FFFFFF;\"><\/td><\/tr><tr><td style=\"color: #666666; background-color: #FFFFFF;\">Resolu\u00e7\u00e3o<\/td><td style=\"color: #666666; background-color: #FFFFFF;\">Bicameral<\/td><td style=\"color: #666666; background-color: #FFFFFF;\">31\/2023<\/td><td style=\"color: #666666; background-color: #FFFFFF;\">06\/03\/2024<\/td><td style=\"color: #666666; background-color: #FFFFFF;\">Disp\u00f5e sobre o Credenciamento e a Autoriza\u00e7\u00e3o do Ensino M\u00e9dio com o Itiner\u00e1rio Formativo em T\u00e9cnico em Qu\u00edmica da Col\u00e9gio Estadual Murilo Braga \u2013 Goi\u00e2nia\/GO, e d\u00e1 outras provid\u00eancias.<\/td><td style=\"color: #0000FF; background-color: #FFFFFF;text-decoration: underline;\"><a href=\"https:\/\/goias.gov.br\/cee\/wp-content\/uploads\/sites\/20\/2024\/04\/2023-31-ceb-cep-resolucao.pdf\" target=\"_blank\">ABRIR<\/a><\/td><td style=\"color: #000000; background-color: #FFFFFF;\"><\/td><\/tr><\/tbody><\/table><div class=\"wp-block-file\"><a href=\"https:\/\/goias.gov.br\/cee\/wp-content\/uploads\/sites\/20\/2023\/11\/BICAMERAL_RESOLUCOES_2019_A_2023_16_ABRIL_v2.xlsx\">BICAMERAL_RESOLUCOES_2019_A_2023_16_ABRIL_v2.xlsx&nbsp; <span class=\"wp-block-file__button wp-element-button\">Baixar<\/span><\/a><\/div>\n","protected":false},"excerpt":{"rendered":"","protected":false},"author":62,"featured_media":0,"comment_status":"closed","ping_status":"open","sticky":false,"template":"","format":"standard","meta":{"footnotes":""},"categories":[],"tags":[],"class_list":["post-12784","post","type-post","status-publish","format-standard","hentry"],"rttpg_featured_image_url":null,"rttpg_author":{"display_name":"italoreis","author_link":"https:\/\/goias.gov.br\/cee\/author\/italoreis\/"},"rttpg_comment":0,"rttpg_category":"Sem categoria","rttpg_excerpt":null,"_links":{"self":[{"href":"https:\/\/goias.gov.br\/cee\/wp-json\/wp\/v2\/posts\/12784","targetHints":{"allow":["GET"]}}],"collection":[{"href":"https:\/\/goias.gov.br\/cee\/wp-json\/wp\/v2\/posts"}],"about":[{"href":"https:\/\/goias.gov.br\/cee\/wp-json\/wp\/v2\/types\/post"}],"author":[{"embeddable":true,"href":"https:\/\/goias.gov.br\/cee\/wp-json\/wp\/v2\/users\/62"}],"replies":[{"embeddable":true,"href":"https:\/\/goias.gov.br\/cee\/wp-json\/wp\/v2\/comments?post=12784"}],"version-history":[{"count":2,"href":"https:\/\/goias.gov.br\/cee\/wp-json\/wp\/v2\/posts\/12784\/revisions"}],"predecessor-version":[{"id":16029,"href":"https:\/\/goias.gov.br\/cee\/wp-json\/wp\/v2\/posts\/12784\/revisions\/16029"}],"wp:attachment":[{"href":"https:\/\/goias.gov.br\/cee\/wp-json\/wp\/v2\/media?parent=12784"}],"wp:term":[{"taxonomy":"category","embeddable":true,"href":"https:\/\/goias.gov.br\/cee\/wp-json\/wp\/v2\/categories?post=12784"},{"taxonomy":"post_tag","embeddable":true,"href":"https:\/\/goias.gov.br\/cee\/wp-json\/wp\/v2\/tags?post=12784"}],"curies":[{"name":"wp","href":"https:\/\/api.w.org\/{rel}","templated":true}]}}