

{"id":12782,"date":"2023-11-24T17:39:43","date_gmt":"2023-11-24T20:39:43","guid":{"rendered":"https:\/\/goias.gov.br\/cee\/?p=12782"},"modified":"2024-06-10T11:48:52","modified_gmt":"2024-06-10T14:48:52","slug":"resolucoes-camara-de-educacao-profissional","status":"publish","type":"post","link":"https:\/\/goias.gov.br\/cee\/resolucoes-camara-de-educacao-profissional\/","title":{"rendered":"Resolu\u00e7\u00f5es | C\u00e2mara de Educa\u00e7\u00e3o Profissional"},"content":{"rendered":"\n<table class=\"planilhaview display\" style=\"width:100%\"><thead><tr><th>Tipo<\/th><th>C\u00e2mara<\/th><th>N\u00famero<\/th><th>Data<\/th><th>Descri\u00e7\u00e3o<\/th><th>Anexo<\/th><th><\/th><\/tr><tr><th><input type=\"text\" placeholder=\"Filtrar Tipo\"><\/th><th><input type=\"text\" placeholder=\"Filtrar C\u00e2mara\"><\/th><th><input type=\"text\" placeholder=\"Filtrar N\u00famero\"><\/th><th><input type=\"text\" placeholder=\"Filtrar Data\"><\/th><th><input type=\"text\" placeholder=\"Filtrar Descri\u00e7\u00e3o\"><\/th><th><input type=\"text\" placeholder=\"Filtrar Anexo\"><\/th><th><input type=\"text\" placeholder=\"Filtrar \"><\/th><\/tr><\/thead><tbody><tr><td style=\"color: #666666; background-color: #FFFFFF;\">Resolu\u00e7\u00e3o<\/td><td style=\"color: #666666; background-color: #FFFFFF;\">C\u00e2mara de Educa\u00e7\u00e3o Profissional<\/td><td style=\"color: #666666; background-color: #FFFFFF;\">01\/2019<\/td><td style=\"color: #666666; background-color: #FFFFFF;\">18\/01\/2019<\/td><td style=\"color: #666666; background-color: #FFFFFF;\">Disp\u00f5e sobre a autoriza\u00e7\u00e3o do Curso T\u00e9cnico em Fruticultura do Programa Pronatec\/MedioTec, do Col\u00e9gio Estadual Ariston Gomes da Silva \u2014 Ipor\u00e1\/G0 e d\u00e1 outras provid\u00eancias.<\/td><td style=\"color: #0000FF; background-color: #FFFFFF;text-decoration: underline;\"><a href=\"https:\/\/goias.gov.br\/cee\/wp-content\/uploads\/sites\/20\/2023\/10\/2019-01-cep-resolucao.pdf\" target=\"_blank\">ABRIR<\/a><\/td><td style=\"color: #000000; background-color: #FFFFFF;\"><\/td><\/tr><tr><td style=\"color: #666666; background-color: #FFFFFF;\">Resolu\u00e7\u00e3o<\/td><td style=\"color: #666666; background-color: #FFFFFF;\">C\u00e2mara de Educa\u00e7\u00e3o Profissional<\/td><td style=\"color: #666666; background-color: #FFFFFF;\">02\/2019<\/td><td style=\"color: #666666; background-color: #FFFFFF;\">18\/01\/2019<\/td><td style=\"color: #666666; background-color: #FFFFFF;\">Disp\u00f5e sobre a aprova\u00e7\u00e3o do relat\u00f3rio do curso de L\u00edngua Brasileira de Sinais \u2014 M\u00f3dulo I ao V, realizado pela Ger\u00eancia de Ensino Especial atrav\u00e9s do Centro de Capacita\u00e7\u00e3o de Profissionais da Educa\u00e7\u00e3o e de Atendimento \u00e0s Pessoas com Surdez - CAS \u2014 Goi\u00e2nia\/GO e d\u00e1 outras provid\u00eancias.<\/td><td style=\"color: #0000FF; background-color: #FFFFFF;text-decoration: underline;\"><a href=\"https:\/\/goias.gov.br\/cee\/wp-content\/uploads\/sites\/20\/2023\/10\/2019-02-cep-resolucao.pdf\" target=\"_blank\">ABRIR<\/a><\/td><td style=\"color: #000000; background-color: #FFFFFF;\"><\/td><\/tr><tr><td style=\"color: #666666; background-color: #FFFFFF;\">Resolu\u00e7\u00e3o<\/td><td style=\"color: #666666; background-color: #FFFFFF;\">C\u00e2mara de Educa\u00e7\u00e3o Profissional<\/td><td style=\"color: #666666; background-color: #FFFFFF;\">03\/2019<\/td><td style=\"color: #666666; background-color: #FFFFFF;\">18\/01\/2019<\/td><td style=\"color: #666666; background-color: #FFFFFF;\">Disp\u00f5e sobre a aprova\u00e7\u00e3o do relat\u00f3rio do curso de \"B\u00e1sico em Tradu\u00e7\u00e3o Interpreta\u00e7\u00e3o de L\u00edngua Portuguesa\/Libras e Libras Portuguesa\", realizado pela Ger\u00eancia de Ensino Especial atrav\u00e9s do Centro de Capacita\u00e7\u00e3o de Profissionais da Educa\u00e7\u00e3o e de Atendimento \u00e0s Pessoas com Surdez - CAS \u2014 Goi\u00e2nia\/GO e d\u00e1 outras provid\u00eancias.<\/td><td style=\"color: #0000FF; background-color: #FFFFFF;text-decoration: underline;\"><a href=\"https:\/\/goias.gov.br\/cee\/wp-content\/uploads\/sites\/20\/2023\/10\/2019-03-cep-resolucao.pdf\" target=\"_blank\">ABRIR<\/a><\/td><td style=\"color: #000000; background-color: #FFFFFF;\"><\/td><\/tr><tr><td style=\"color: #666666; background-color: #FFFFFF;\">Resolu\u00e7\u00e3o<\/td><td style=\"color: #666666; background-color: #FFFFFF;\">C\u00e2mara de Educa\u00e7\u00e3o Profissional<\/td><td style=\"color: #666666; background-color: #FFFFFF;\">04\/2019<\/td><td style=\"color: #666666; background-color: #FFFFFF;\">18\/01\/2019<\/td><td style=\"color: #666666; background-color: #FFFFFF;\">Disp\u00f5e sobre a aprova\u00e7\u00e3o do relat\u00f3rio do curso de \"Libras como Segunda L\u00edngua para Servidores Administrativos e Familiares de Surdos \u2014 M\u00f3dulo I\", realizado pela Ger\u00eancia de Ensino Especial atrav\u00e9s do Centro de Capacita\u00e7\u00e3o de Profissionais da Educa\u00e7\u00e3o e de Atendimento \u00e0s Pessoas com Surdez - CAS \u2014 Goi\u00e2nia\/GO e d\u00e1 outras provid\u00eancias<\/td><td style=\"color: #0000FF; background-color: #FFFFFF;text-decoration: underline;\"><a href=\"https:\/\/goias.gov.br\/cee\/wp-content\/uploads\/sites\/20\/2023\/10\/2019-04-cep-resolucao.pdf\" target=\"_blank\">ABRIR<\/a><\/td><td style=\"color: #000000; background-color: #FFFFFF;\"><\/td><\/tr><tr><td style=\"color: #666666; background-color: #FFFFFF;\">Resolu\u00e7\u00e3o<\/td><td style=\"color: #666666; background-color: #FFFFFF;\">C\u00e2mara de Educa\u00e7\u00e3o Profissional<\/td><td style=\"color: #666666; background-color: #FFFFFF;\">05\/2019<\/td><td style=\"color: #666666; background-color: #FFFFFF;\">25\/01\/2019<\/td><td style=\"color: #666666; background-color: #FFFFFF;\">Disp\u00f5e sobre a aprova\u00e7\u00e3o do relat\u00f3rio do curso de \"Forma\u00e7\u00e3o em Atendimento Educacional Especializado: L\u00edngua Portuguesa como a Segunda L\u00edngua para Surdos M\u00f3dulo 1\", realizado pela Ger\u00eancia de Ensino Especial atrav\u00e9s do Centro de Capacita\u00e7\u00e3o de Profissionais da Educa\u00e7\u00e3o e de Atendimento \u00e0s Pessoas com Surdez - CAS \u2014 Goi\u00e2nia\/GO e d\u00e1 outras provid\u00eancias.<\/td><td style=\"color: #0000FF; background-color: #FFFFFF;text-decoration: underline;\"><a href=\"https:\/\/goias.gov.br\/cee\/wp-content\/uploads\/sites\/20\/2023\/10\/2019-05-cep-resolucao.pdf\" target=\"_blank\">ABRIR<\/a><\/td><td style=\"color: #000000; background-color: #FFFFFF;\"><\/td><\/tr><tr><td style=\"color: #666666; background-color: #FFFFFF;\">Resolu\u00e7\u00e3o<\/td><td style=\"color: #666666; background-color: #FFFFFF;\">C\u00e2mara de Educa\u00e7\u00e3o Profissional<\/td><td style=\"color: #666666; background-color: #FFFFFF;\">06\/2019<\/td><td style=\"color: #666666; background-color: #FFFFFF;\">25\/01\/2019<\/td><td style=\"color: #666666; background-color: #FFFFFF;\">Disp\u00f5e sobre a aprova\u00e7\u00e3o do relat\u00f3rio do curso de \"Curso Livre de Portugu\u00eas Escrito como Segunda L\u00edngua para Surdos\", realizado pela Ger\u00eancia de Ensino Especial atrav\u00e9s do Centro de Capacita\u00e7\u00e3o de Profissionais da Educa\u00e7\u00e3o e de Atendimento \u00e0s Pessoas com Surdez - CAS \u2014 Goi\u00e2nia\/GO e d\u00e1 outras provid\u00eancias.<\/td><td style=\"color: #0000FF; background-color: #FFFFFF;text-decoration: underline;\"><a href=\"https:\/\/goias.gov.br\/cee\/wp-content\/uploads\/sites\/20\/2023\/10\/2019-06-cep-resolucao.pdf\" target=\"_blank\">ABRIR<\/a><\/td><td style=\"color: #000000; background-color: #FFFFFF;\"><\/td><\/tr><tr><td style=\"color: #666666; background-color: #FFFFFF;\">Resolu\u00e7\u00e3o<\/td><td style=\"color: #666666; background-color: #FFFFFF;\">C\u00e2mara de Educa\u00e7\u00e3o Profissional<\/td><td style=\"color: #666666; background-color: #FFFFFF;\">07\/2019<\/td><td style=\"color: #666666; background-color: #FFFFFF;\">25\/01\/2019<\/td><td style=\"color: #666666; background-color: #FFFFFF;\">Disp\u00f5e sobre a aprova\u00e7\u00e3o do relat\u00f3rio do M\u00f3dulo I do curso de \"Libras como Primeira L\u00edngua (L1) para Surdos Jovens e Adultos\", realizado pela Ger\u00eancia de Ensino Especial atrav\u00e9s do Centro de Capacita\u00e7\u00e3o de Profissionais da Educa\u00e7\u00e3o e de Atendimento \u00e0s Pessoas com Surdez - CAS \u2014 Goi\u00e2nia\/GO e d\u00e1 outras provid\u00eancias.<\/td><td style=\"color: #0000FF; background-color: #FFFFFF;text-decoration: underline;\"><a href=\"https:\/\/goias.gov.br\/cee\/wp-content\/uploads\/sites\/20\/2023\/10\/2019-07-cep-resolucao.pdf\" target=\"_blank\">ABRIR<\/a><\/td><td style=\"color: #000000; background-color: #FFFFFF;\"><\/td><\/tr><tr><td style=\"color: #666666; background-color: #FFFFFF;\">Resolu\u00e7\u00e3o<\/td><td style=\"color: #666666; background-color: #FFFFFF;\">C\u00e2mara de Educa\u00e7\u00e3o Profissional<\/td><td style=\"color: #666666; background-color: #FFFFFF;\">08\/2019<\/td><td style=\"color: #666666; background-color: #FFFFFF;\">25\/01\/2019<\/td><td style=\"color: #666666; background-color: #FFFFFF;\">Disp\u00f5e sobre a autoriza\u00e7\u00e3o do projeto do curso de \"Estrat\u00e9gias e Metodologias: L\u00edngua Portuguesa como Segunda L\u00edngua para Surdos\", realizado pela SEDUCE\/GO por meio da Ger\u00eancia de Ensino Especial \u2014 Goi\u00e2nia\/GO e d\u00e1 outras provid\u00eancias.<\/td><td style=\"color: #0000FF; background-color: #FFFFFF;text-decoration: underline;\"><a href=\"https:\/\/goias.gov.br\/cee\/wp-content\/uploads\/sites\/20\/2023\/10\/2019-08-cep-resolucao.pdf\" target=\"_blank\">ABRIR<\/a><\/td><td style=\"color: #000000; background-color: #FFFFFF;\"><\/td><\/tr><tr><td style=\"color: #666666; background-color: #FFFFFF;\">Resolu\u00e7\u00e3o<\/td><td style=\"color: #666666; background-color: #FFFFFF;\">C\u00e2mara de Educa\u00e7\u00e3o Profissional<\/td><td style=\"color: #666666; background-color: #FFFFFF;\">10\/2019<\/td><td style=\"color: #666666; background-color: #FFFFFF;\">08\/02\/2019<\/td><td style=\"color: #666666; background-color: #FFFFFF;\">Disp\u00f5e sobre a autoriza\u00e7\u00e3o do Curso T\u00e9cnico em Turismo do Programa Pronatec\/MedioTec, pela Universidade Estadual de Goi\u00e1s \u2014 Campus Cidade de Goi\u00e1s \u2014 Cidade de Goi\u00e1s\/G0 e d\u00e1 outras provid\u00eancias.<\/td><td style=\"color: #0000FF; background-color: #FFFFFF;text-decoration: underline;\"><a href=\"https:\/\/goias.gov.br\/cee\/wp-content\/uploads\/sites\/20\/2023\/10\/2019-10-cep-resolucao.pdf\" target=\"_blank\">ABRIR<\/a><\/td><td style=\"color: #000000; background-color: #FFFFFF;\"><\/td><\/tr><tr><td style=\"color: #666666; background-color: #FFFFFF;\">Resolu\u00e7\u00e3o<\/td><td style=\"color: #666666; background-color: #FFFFFF;\">C\u00e2mara de Educa\u00e7\u00e3o Profissional<\/td><td style=\"color: #666666; background-color: #FFFFFF;\">11\/2019<\/td><td style=\"color: #666666; background-color: #FFFFFF;\">08\/02\/2019<\/td><td style=\"color: #666666; background-color: #FFFFFF;\">Disp\u00f5e sobre a autoriza\u00e7\u00e3o do Curso T\u00e9cnico em Seguran\u00e7a do Trabalho do Programa Pronatec\/MedioTec, pela Universidade Estadual de Goi\u00e1s \u2014 Campus Cidade de Goi\u00e1s \u2014 Cidade de Goi\u00e1s\/G0 e d\u00e1 outras provid\u00eancias.<\/td><td style=\"color: #0000FF; background-color: #FFFFFF;text-decoration: underline;\"><a href=\"https:\/\/goias.gov.br\/cee\/wp-content\/uploads\/sites\/20\/2023\/10\/2019-11-cep-resolucao.pdf\" target=\"_blank\">ABRIR<\/a><\/td><td style=\"color: #000000; background-color: #FFFFFF;\"><\/td><\/tr><tr><td style=\"color: #666666; background-color: #FFFFFF;\">Resolu\u00e7\u00e3o<\/td><td style=\"color: #666666; background-color: #FFFFFF;\">C\u00e2mara de Educa\u00e7\u00e3o Profissional<\/td><td style=\"color: #666666; background-color: #FFFFFF;\">12\/2019<\/td><td style=\"color: #666666; background-color: #FFFFFF;\">08\/02\/2019<\/td><td style=\"color: #666666; background-color: #FFFFFF;\">Disp\u00f5e sobre a autoriza\u00e7\u00e3o do Curso T\u00e9cnico em Inform\u00e1tica do Programa Pronatec\/MedioTec, pela Universidade Estadual de Goi\u00e1s \u2014 Campus Cidade de Goi\u00e1s \u2014 Cidade de Goi\u00e1s\/G0 e d\u00e1 outras provid\u00eancias.<\/td><td style=\"color: #0000FF; background-color: #FFFFFF;text-decoration: underline;\"><a href=\"https:\/\/goias.gov.br\/cee\/wp-content\/uploads\/sites\/20\/2023\/10\/2019-12-cep-resolucao.pdf\" target=\"_blank\">ABRIR<\/a><\/td><td style=\"color: #000000; background-color: #FFFFFF;\"><\/td><\/tr><tr><td style=\"color: #666666; background-color: #FFFFFF;\">Resolu\u00e7\u00e3o<\/td><td style=\"color: #666666; background-color: #FFFFFF;\">C\u00e2mara de Educa\u00e7\u00e3o Profissional<\/td><td style=\"color: #666666; background-color: #FFFFFF;\">13\/2019<\/td><td style=\"color: #666666; background-color: #FFFFFF;\">08\/02\/2019<\/td><td style=\"color: #666666; background-color: #FFFFFF;\">Disp\u00f5e sobre a autoriza\u00e7\u00e3o do Curso T\u00e9cnico em Com\u00e9rcio do Programa Pronatec\/MedioTec, pela Universidade Estadual de Goi\u00e1s \u2014 Campus Porangatu - Porangatu\/GO e d\u00e1 outras provid\u00eancias.<\/td><td style=\"color: #0000FF; background-color: #FFFFFF;text-decoration: underline;\"><a href=\"https:\/\/goias.gov.br\/cee\/wp-content\/uploads\/sites\/20\/2023\/10\/2019-13-cep-resolucao.pdf\" target=\"_blank\">ABRIR<\/a><\/td><td style=\"color: #000000; background-color: #FFFFFF;\"><\/td><\/tr><tr><td style=\"color: #666666; background-color: #FFFFFF;\">Resolu\u00e7\u00e3o<\/td><td style=\"color: #666666; background-color: #FFFFFF;\">C\u00e2mara de Educa\u00e7\u00e3o Profissional<\/td><td style=\"color: #666666; background-color: #FFFFFF;\">14\/2019<\/td><td style=\"color: #666666; background-color: #FFFFFF;\">08\/02\/2019<\/td><td style=\"color: #666666; background-color: #FFFFFF;\">Disp\u00f5e sobre a autoriza\u00e7\u00e3o do Curso T\u00e9cnico em Inform\u00e1tica do Programa Pronatec\/MedioTec, pela Universidade Estadual de Goi\u00e1s \u2014 Campus An\u00e1polis \u2014 An\u00e1polis\/GO e d\u00e1 outras provid\u00eancias.<\/td><td style=\"color: #0000FF; background-color: #FFFFFF;text-decoration: underline;\"><a href=\"https:\/\/goias.gov.br\/cee\/wp-content\/uploads\/sites\/20\/2023\/10\/2019-14-cep-resolucao.pdf\" target=\"_blank\">ABRIR<\/a><\/td><td style=\"color: #000000; background-color: #FFFFFF;\"><\/td><\/tr><tr><td style=\"color: #666666; background-color: #FFFFFF;\">Resolu\u00e7\u00e3o<\/td><td style=\"color: #666666; background-color: #FFFFFF;\">C\u00e2mara de Educa\u00e7\u00e3o Profissional<\/td><td style=\"color: #666666; background-color: #FFFFFF;\">15\/2019<\/td><td style=\"color: #666666; background-color: #FFFFFF;\">08\/02\/2019<\/td><td style=\"color: #666666; background-color: #FFFFFF;\">Disp\u00f5e sobre a autoriza\u00e7\u00e3o do Curso T\u00e9cnico em Inform\u00e1tica do Programa Pronatec\/MedioTec, pela Universidade Estadual de Goi\u00e1s \u2014 Campus Luzi\u00e2nia \u2014 Luzi\u00e2nia\/G0 e d\u00e1 outras provid\u00eancias.<\/td><td style=\"color: #0000FF; background-color: #FFFFFF;text-decoration: underline;\"><a href=\"https:\/\/goias.gov.br\/cee\/wp-content\/uploads\/sites\/20\/2023\/10\/2019-15-cep-resolucao.pdf\" target=\"_blank\">ABRIR<\/a><\/td><td style=\"color: #000000; background-color: #FFFFFF;\"><\/td><\/tr><tr><td style=\"color: #666666; background-color: #FFFFFF;\">Resolu\u00e7\u00e3o<\/td><td style=\"color: #666666; background-color: #FFFFFF;\">C\u00e2mara de Educa\u00e7\u00e3o Profissional<\/td><td style=\"color: #666666; background-color: #FFFFFF;\">16\/2019<\/td><td style=\"color: #666666; background-color: #FFFFFF;\">08\/02\/2019<\/td><td style=\"color: #666666; background-color: #FFFFFF;\">Disp\u00f5e sobre a autoriza\u00e7\u00e3o do Curso T\u00e9cnico em Inform\u00e1tica do Programa Pronatec\/MedioTec, pela Universidade Estadual de Goi\u00e1s \u2014 Campus Mina\u00e7u \u2014 Mina\u00e7u\/GO e d\u00e1 outras provid\u00eancias.<\/td><td style=\"color: #0000FF; background-color: #FFFFFF;text-decoration: underline;\"><a href=\"https:\/\/goias.gov.br\/cee\/wp-content\/uploads\/sites\/20\/2023\/10\/2019-16-cep-resolucao.pdf\" target=\"_blank\">ABRIR<\/a><\/td><td style=\"color: #000000; background-color: #FFFFFF;\"><\/td><\/tr><tr><td style=\"color: #666666; background-color: #FFFFFF;\">Resolu\u00e7\u00e3o<\/td><td style=\"color: #666666; background-color: #FFFFFF;\">C\u00e2mara de Educa\u00e7\u00e3o Profissional<\/td><td style=\"color: #666666; background-color: #FFFFFF;\">17\/2019<\/td><td style=\"color: #666666; background-color: #FFFFFF;\">08\/02\/2019<\/td><td style=\"color: #666666; background-color: #FFFFFF;\">Disp\u00f5e sobre a autoriza\u00e7\u00e3o do Curso T\u00e9cnico em Inform\u00e1tica do Programa Pronatec\/MedioTec, pela Universidade Estadual de Goi\u00e1s \u2014 Campus Palmeiras de Goi\u00e1s \u2014 Palmeiras de Goi\u00e1s\/G0 e d\u00e1 outras provid\u00eancias.<\/td><td style=\"color: #0000FF; background-color: #FFFFFF;text-decoration: underline;\"><a href=\"https:\/\/goias.gov.br\/cee\/wp-content\/uploads\/sites\/20\/2023\/10\/2019-17-cep-resolucao.pdf\" target=\"_blank\">ABRIR<\/a><\/td><td style=\"color: #000000; background-color: #FFFFFF;\"><\/td><\/tr><tr><td style=\"color: #666666; background-color: #FFFFFF;\">Resolu\u00e7\u00e3o<\/td><td style=\"color: #666666; background-color: #FFFFFF;\">C\u00e2mara de Educa\u00e7\u00e3o Profissional<\/td><td style=\"color: #666666; background-color: #FFFFFF;\">18\/2019<\/td><td style=\"color: #666666; background-color: #FFFFFF;\">08\/02\/2019<\/td><td style=\"color: #666666; background-color: #FFFFFF;\">Disp\u00f5e sobre a autoriza\u00e7\u00e3o do Curso T\u00e9cnico em Inform\u00e1tica do Programa Pronatec\/MedioTec, pela Universidade Estadual de Goi\u00e1s \u2014 Campus Porangatu \u2014 Porangatu\/GO e d\u00e1 outras provid\u00eancias.<\/td><td style=\"color: #0000FF; background-color: #FFFFFF;text-decoration: underline;\"><a href=\"https:\/\/goias.gov.br\/cee\/wp-content\/uploads\/sites\/20\/2023\/10\/2019-18-cep-resolucao.pdf\" target=\"_blank\">ABRIR<\/a><\/td><td style=\"color: #000000; background-color: #FFFFFF;\"><\/td><\/tr><tr><td style=\"color: #666666; background-color: #FFFFFF;\">Resolu\u00e7\u00e3o<\/td><td style=\"color: #666666; background-color: #FFFFFF;\">C\u00e2mara de Educa\u00e7\u00e3o Profissional<\/td><td style=\"color: #666666; background-color: #FFFFFF;\">19\/2019<\/td><td style=\"color: #666666; background-color: #FFFFFF;\">08\/02\/2019<\/td><td style=\"color: #666666; background-color: #FFFFFF;\">Disp\u00f5e sobre a autoriza\u00e7\u00e3o do Curso T\u00e9cnico em Inform\u00e1tica do Programa Pronatec\/MedioTec, pela Universidade Estadual de Goi\u00e1s \u2014 Campus de Posse \u2014 Posse\/G0 e d\u00e1 outras provid\u00eancias.<\/td><td style=\"color: #0000FF; background-color: #FFFFFF;text-decoration: underline;\"><a href=\"https:\/\/goias.gov.br\/cee\/wp-content\/uploads\/sites\/20\/2023\/10\/2019-19-cep-resolucao.pdf\" target=\"_blank\">ABRIR<\/a><\/td><td style=\"color: #000000; background-color: #FFFFFF;\"><\/td><\/tr><tr><td style=\"color: #666666; background-color: #FFFFFF;\">Resolu\u00e7\u00e3o<\/td><td style=\"color: #666666; background-color: #FFFFFF;\">C\u00e2mara de Educa\u00e7\u00e3o Profissional<\/td><td style=\"color: #666666; background-color: #FFFFFF;\">20\/2019<\/td><td style=\"color: #666666; background-color: #FFFFFF;\">08\/02\/2019<\/td><td style=\"color: #666666; background-color: #FFFFFF;\">Disp\u00f5e sobre a autoriza\u00e7\u00e3o do Curso T\u00e9cnico em Log\u00edstica do Programa Pronatec\/MedioTec, pela Universidade Estadual de Goi\u00e1s \u2014 Campus An\u00e1polis \u2014 An\u00e1polis\/GO e d\u00e1 outras provid\u00eancias.<\/td><td style=\"color: #0000FF; background-color: #FFFFFF;text-decoration: underline;\"><a href=\"https:\/\/goias.gov.br\/cee\/wp-content\/uploads\/sites\/20\/2023\/10\/2019-20-cep-resolucao.pdf\" target=\"_blank\">ABRIR<\/a><\/td><td style=\"color: #000000; background-color: #FFFFFF;\"><\/td><\/tr><tr><td style=\"color: #666666; background-color: #FFFFFF;\">Resolu\u00e7\u00e3o<\/td><td style=\"color: #666666; background-color: #FFFFFF;\">C\u00e2mara de Educa\u00e7\u00e3o Profissional<\/td><td style=\"color: #666666; background-color: #FFFFFF;\">21\/2019<\/td><td style=\"color: #666666; background-color: #FFFFFF;\">08\/02\/2019<\/td><td style=\"color: #666666; background-color: #FFFFFF;\">Disp\u00f5e sobre a autoriza\u00e7\u00e3o do Curso T\u00e9cnico em Manuten\u00e7\u00e3o e Suporte em Inform\u00e1tica do Programa Pronatec\/MedioTec, pela Universidade Estadual de Goi\u00e1s \u2014 Campus de Aparecida de Goi\u00e2nia \u2014 Aparecida de Goi\u00e2nia\/GO e d\u00e1 outras provid\u00eancias.<\/td><td style=\"color: #0000FF; background-color: #FFFFFF;text-decoration: underline;\"><a href=\"https:\/\/goias.gov.br\/cee\/wp-content\/uploads\/sites\/20\/2023\/10\/2019-21-cep-resolucao.pdf\" target=\"_blank\">ABRIR<\/a><\/td><td style=\"color: #000000; background-color: #FFFFFF;\"><\/td><\/tr><tr><td style=\"color: #666666; background-color: #FFFFFF;\">Resolu\u00e7\u00e3o<\/td><td style=\"color: #666666; background-color: #FFFFFF;\">C\u00e2mara de Educa\u00e7\u00e3o Profissional<\/td><td style=\"color: #666666; background-color: #FFFFFF;\">22\/2019<\/td><td style=\"color: #666666; background-color: #FFFFFF;\">08\/02\/2019<\/td><td style=\"color: #666666; background-color: #FFFFFF;\">Disp\u00f5e sobre a autoriza\u00e7\u00e3o do Curso T\u00e9cnico em Secretariado do Programa Pronatec\/MedioTec, pela Universidade Estadual de Goi\u00e1s \u2014 Campus de Mina\u00e7u \u2014 Mina\u00e7u\/GO e d\u00e1 outras provid\u00eancias.<\/td><td style=\"color: #0000FF; background-color: #FFFFFF;text-decoration: underline;\"><a href=\"https:\/\/goias.gov.br\/cee\/wp-content\/uploads\/sites\/20\/2023\/10\/2019-22-cep-resolucao.pdf\" target=\"_blank\">ABRIR<\/a><\/td><td style=\"color: #000000; background-color: #FFFFFF;\"><\/td><\/tr><tr><td style=\"color: #666666; background-color: #FFFFFF;\">Resolu\u00e7\u00e3o<\/td><td style=\"color: #666666; background-color: #FFFFFF;\">C\u00e2mara de Educa\u00e7\u00e3o Profissional<\/td><td style=\"color: #666666; background-color: #FFFFFF;\">23\/2019<\/td><td style=\"color: #666666; background-color: #FFFFFF;\">08\/02\/2019<\/td><td style=\"color: #666666; background-color: #FFFFFF;\">Disp\u00f5e sobre a autoriza\u00e7\u00e3o do Curso T\u00e9cnico em Seguran\u00e7a do Trabalho do Programa Pronatec\/MedioTec, pela Universidade Estadual de Goi\u00e1s \u2014 Campus de Itumbiara \u2014 Itumbiara\/G0 e d\u00e1 outras provid\u00eancias.<\/td><td style=\"color: #0000FF; background-color: #FFFFFF;text-decoration: underline;\"><a href=\"https:\/\/goias.gov.br\/cee\/wp-content\/uploads\/sites\/20\/2023\/10\/2019-23-cep-resolucao.pdf\" target=\"_blank\">ABRIR<\/a><\/td><td style=\"color: #000000; background-color: #FFFFFF;\"><\/td><\/tr><tr><td style=\"color: #666666; background-color: #FFFFFF;\">Resolu\u00e7\u00e3o<\/td><td style=\"color: #666666; background-color: #FFFFFF;\">C\u00e2mara de Educa\u00e7\u00e3o Profissional<\/td><td style=\"color: #666666; background-color: #FFFFFF;\">24\/2019<\/td><td style=\"color: #666666; background-color: #FFFFFF;\">08\/02\/2019<\/td><td style=\"color: #666666; background-color: #FFFFFF;\">Disp\u00f5e sobre a autoriza\u00e7\u00e3o do Curso T\u00e9cnico em Farm\u00e1cia do Programa Pronatec\/MedioTec, pela Universidade Estadual de Goi\u00e1s \u2014 Campus de An\u00e1polis \u2014 An\u00e1polis\/GO e d\u00e1 outras provid\u00eancias.<\/td><td style=\"color: #0000FF; background-color: #FFFFFF;text-decoration: underline;\"><a href=\"https:\/\/goias.gov.br\/cee\/wp-content\/uploads\/sites\/20\/2023\/10\/2019-24-cep-resolucao.pdf\" target=\"_blank\">ABRIR<\/a><\/td><td style=\"color: #000000; background-color: #FFFFFF;\"><\/td><\/tr><tr><td style=\"color: #666666; background-color: #FFFFFF;\">Resolu\u00e7\u00e3o<\/td><td style=\"color: #666666; background-color: #FFFFFF;\">C\u00e2mara de Educa\u00e7\u00e3o Profissional<\/td><td style=\"color: #666666; background-color: #FFFFFF;\">25\/2019<\/td><td style=\"color: #666666; background-color: #FFFFFF;\">08\/02\/2019<\/td><td style=\"color: #666666; background-color: #FFFFFF;\">Disp\u00f5e sobre a autoriza\u00e7\u00e3o do Curso T\u00e9cnico em Agroneg\u00f3cio do Programa Pronatec\/MedioTec, pela Universidade Estadual de Goi\u00e1s \u2014 Campus de Campo Limpo \u2014 Campo Limpo\/GO e d\u00e1 outras provid\u00eancias.<\/td><td style=\"color: #0000FF; background-color: #FFFFFF;text-decoration: underline;\"><a href=\"https:\/\/goias.gov.br\/cee\/wp-content\/uploads\/sites\/20\/2023\/10\/2019-25-cep-resolucao.pdf\" target=\"_blank\">ABRIR<\/a><\/td><td style=\"color: #000000; background-color: #FFFFFF;\"><\/td><\/tr><tr><td style=\"color: #666666; background-color: #FFFFFF;\">Resolu\u00e7\u00e3o<\/td><td style=\"color: #666666; background-color: #FFFFFF;\">C\u00e2mara de Educa\u00e7\u00e3o Profissional<\/td><td style=\"color: #666666; background-color: #FFFFFF;\">26\/2019<\/td><td style=\"color: #666666; background-color: #FFFFFF;\">08\/02\/2019<\/td><td style=\"color: #666666; background-color: #FFFFFF;\">Disp\u00f5e sobre a autoriza\u00e7\u00e3o do Curso T\u00e9cnico em Agricultura do Programa Pronatec\/MedioTec, pela Universidade Estadual de Goi\u00e1s \u2014 Campus de Goian\u00e9sia \u2014 Goian\u00e9sia\/GO e d\u00e1 outras provid\u00eancias.<\/td><td style=\"color: #0000FF; background-color: #FFFFFF;text-decoration: underline;\"><a href=\"https:\/\/goias.gov.br\/cee\/wp-content\/uploads\/sites\/20\/2023\/10\/2019-26-cep-resolucao.pdf\" target=\"_blank\">ABRIR<\/a><\/td><td style=\"color: #000000; background-color: #FFFFFF;\"><\/td><\/tr><tr><td style=\"color: #666666; background-color: #FFFFFF;\">Resolu\u00e7\u00e3o<\/td><td style=\"color: #666666; background-color: #FFFFFF;\">C\u00e2mara de Educa\u00e7\u00e3o Profissional<\/td><td style=\"color: #666666; background-color: #FFFFFF;\">27\/2019<\/td><td style=\"color: #666666; background-color: #FFFFFF;\">08\/02\/2019<\/td><td style=\"color: #666666; background-color: #FFFFFF;\">Disp\u00f5e sobre a autoriza\u00e7\u00e3o do Curso T\u00e9cnico em An\u00e1lises Qu\u00edmicas do Programa Pronatec\/MedioTec, pela Universidade Estadual de Goi\u00e1s \u2014 Campus de Itumbiara \u2014 Itumbiara\/G0 e d\u00e1 outras provid\u00eancias<\/td><td style=\"color: #0000FF; background-color: #FFFFFF;text-decoration: underline;\"><a href=\"https:\/\/goias.gov.br\/cee\/wp-content\/uploads\/sites\/20\/2023\/10\/2019-27-cep-resolucao.pdf\" target=\"_blank\">ABRIR<\/a><\/td><td style=\"color: #000000; background-color: #FFFFFF;\"><\/td><\/tr><tr><td style=\"color: #666666; background-color: #FFFFFF;\">Resolu\u00e7\u00e3o<\/td><td style=\"color: #666666; background-color: #FFFFFF;\">C\u00e2mara de Educa\u00e7\u00e3o Profissional<\/td><td style=\"color: #666666; background-color: #FFFFFF;\">28\/2019<\/td><td style=\"color: #666666; background-color: #FFFFFF;\">08\/02\/2019<\/td><td style=\"color: #666666; background-color: #FFFFFF;\">Disp\u00f5e sobre a autoriza\u00e7\u00e3o do Curso T\u00e9cnico em Agropecu\u00e1ria do Programa Pronatec\/MedioTec, pela Universidade Estadual de Goi\u00e1s \u2014 Campus de Quirin\u00f3polis \u2014 Quirin\u00f3polis\/G0 e d\u00e1 outras provid\u00eancias.<\/td><td style=\"color: #0000FF; background-color: #FFFFFF;text-decoration: underline;\"><a href=\"https:\/\/goias.gov.br\/cee\/wp-content\/uploads\/sites\/20\/2023\/10\/2019-28-cep-resolucao.pdf\" target=\"_blank\">ABRIR<\/a><\/td><td style=\"color: #000000; background-color: #FFFFFF;\"><\/td><\/tr><tr><td style=\"color: #666666; background-color: #FFFFFF;\">Resolu\u00e7\u00e3o<\/td><td style=\"color: #666666; background-color: #FFFFFF;\">C\u00e2mara de Educa\u00e7\u00e3o Profissional<\/td><td style=\"color: #666666; background-color: #FFFFFF;\">29\/2019<\/td><td style=\"color: #666666; background-color: #FFFFFF;\">08\/02\/2019<\/td><td style=\"color: #666666; background-color: #FFFFFF;\">Disp\u00f5e sobre a autoriza\u00e7\u00e3o do Curso T\u00e9cnico em Inform\u00e1tica do Programa Pronatec\/MedioTec, pela Universidade Estadual de Goi\u00e1s \u2014 Campus de S\u00e3o Miguel do Araguaia \u2014 S\u00e3o Miguel do Araguaia\/GO e d\u00e1 outras provid\u00eancias.<\/td><td style=\"color: #0000FF; background-color: #FFFFFF;text-decoration: underline;\"><a href=\"https:\/\/goias.gov.br\/cee\/wp-content\/uploads\/sites\/20\/2023\/10\/2019-29-cep-resolucao.pdf\" target=\"_blank\">ABRIR<\/a><\/td><td style=\"color: #000000; background-color: #FFFFFF;\"><\/td><\/tr><tr><td style=\"color: #666666; background-color: #FFFFFF;\">Resolu\u00e7\u00e3o<\/td><td style=\"color: #666666; background-color: #FFFFFF;\">C\u00e2mara de Educa\u00e7\u00e3o Profissional<\/td><td style=\"color: #666666; background-color: #FFFFFF;\">30\/2019<\/td><td style=\"color: #666666; background-color: #FFFFFF;\">08\/02\/2019<\/td><td style=\"color: #666666; background-color: #FFFFFF;\">Disp\u00f5e sobre a autoriza\u00e7\u00e3o do Curso T\u00e9cnico em Mec\u00e2nica do Programa Pronatec\/MedioTec, pelo ITEGO Governador Ot\u00e1vio Lages \u2014 Goian\u00e9sia\/GO e d\u00e1 outras provid\u00eancias.<\/td><td style=\"color: #0000FF; background-color: #FFFFFF;text-decoration: underline;\"><a href=\"https:\/\/goias.gov.br\/cee\/wp-content\/uploads\/sites\/20\/2023\/10\/2019-30-cep-resolucao.pdf\" target=\"_blank\">ABRIR<\/a><\/td><td style=\"color: #000000; background-color: #FFFFFF;\"><\/td><\/tr><tr><td style=\"color: #666666; background-color: #FFFFFF;\">Resolu\u00e7\u00e3o<\/td><td style=\"color: #666666; background-color: #FFFFFF;\">C\u00e2mara de Educa\u00e7\u00e3o Profissional<\/td><td style=\"color: #666666; background-color: #FFFFFF;\">31\/2019<\/td><td style=\"color: #666666; background-color: #FFFFFF;\">08\/02\/2019<\/td><td style=\"color: #666666; background-color: #FFFFFF;\">Disp\u00f5e sobre a autoriza\u00e7\u00e3o do Curso T\u00e9cnico em M\u00e1quinas Pesadas do Programa Pronatec\/MedioTec, pelo ITEGO Governador Ot\u00e1vio Lages \u2014 Goian\u00e9sia\/G0 e d\u00e1 outras provid\u00eancias.<\/td><td style=\"color: #0000FF; background-color: #FFFFFF;text-decoration: underline;\"><a href=\"https:\/\/goias.gov.br\/cee\/wp-content\/uploads\/sites\/20\/2023\/10\/2019-31-cep-resolucao.pdf\" target=\"_blank\">ABRIR<\/a><\/td><td style=\"color: #000000; background-color: #FFFFFF;\"><\/td><\/tr><tr><td style=\"color: #666666; background-color: #FFFFFF;\">Resolu\u00e7\u00e3o<\/td><td style=\"color: #666666; background-color: #FFFFFF;\">C\u00e2mara de Educa\u00e7\u00e3o Profissional<\/td><td style=\"color: #666666; background-color: #FFFFFF;\">32\/2019<\/td><td style=\"color: #666666; background-color: #FFFFFF;\">08\/02\/2019<\/td><td style=\"color: #666666; background-color: #FFFFFF;\">Disp\u00f5e sobre a autoriza\u00e7\u00e3o do Curso T\u00e9cnico em Inform\u00e1tica do Programa Pronatec\/MedioTec, pelo ITEGO Governador Onofre Quinan \u2014 An\u00e1polis\/GO e d\u00e1 outras provid\u00eancias.<\/td><td style=\"color: #0000FF; background-color: #FFFFFF;text-decoration: underline;\"><a href=\"https:\/\/goias.gov.br\/cee\/wp-content\/uploads\/sites\/20\/2023\/10\/2019-32-cep-resolucao.pdf\" target=\"_blank\">ABRIR<\/a><\/td><td style=\"color: #000000; background-color: #FFFFFF;\"><\/td><\/tr><tr><td style=\"color: #666666; background-color: #FFFFFF;\">Resolu\u00e7\u00e3o<\/td><td style=\"color: #666666; background-color: #FFFFFF;\">C\u00e2mara de Educa\u00e7\u00e3o Profissional<\/td><td style=\"color: #666666; background-color: #FFFFFF;\">33\/2019<\/td><td style=\"color: #666666; background-color: #FFFFFF;\">08\/02\/2019<\/td><td style=\"color: #666666; background-color: #FFFFFF;\">Disp\u00f5e sobre a autoriza\u00e7\u00e3o do Curso T\u00e9cnico em Manuten\u00e7\u00e3o e Suporte em Inform\u00e1tica do Programa Pronatec\/MedioTec, pelo ITEGO Maria Sebastiana da Silva \u2014 Porangatu\/GO e d\u00e1 outras provid\u00eancias.<\/td><td style=\"color: #0000FF; background-color: #FFFFFF;text-decoration: underline;\"><a href=\"https:\/\/goias.gov.br\/cee\/wp-content\/uploads\/sites\/20\/2023\/10\/2019-33-cep-resolucao.pdf\" target=\"_blank\">ABRIR<\/a><\/td><td style=\"color: #000000; background-color: #FFFFFF;\"><\/td><\/tr><tr><td style=\"color: #666666; background-color: #FFFFFF;\">Resolu\u00e7\u00e3o<\/td><td style=\"color: #666666; background-color: #FFFFFF;\">C\u00e2mara de Educa\u00e7\u00e3o Profissional<\/td><td style=\"color: #666666; background-color: #FFFFFF;\">34\/2019<\/td><td style=\"color: #666666; background-color: #FFFFFF;\">08\/02\/2019<\/td><td style=\"color: #666666; background-color: #FFFFFF;\">Disp\u00f5e sobre a autoriza\u00e7\u00e3o do Curso T\u00e9cnico em Inform\u00e1tica para Internet do Programa Pronatec\/MedioTec, pelo ITEGO Governador Onofre Quinan \u2014 An\u00e1polis\/GO e d\u00e1 outras provid\u00eancias.<\/td><td style=\"color: #0000FF; background-color: #FFFFFF;text-decoration: underline;\"><a href=\"https:\/\/goias.gov.br\/cee\/wp-content\/uploads\/sites\/20\/2023\/10\/2019-34-cep-resolucao.pdf\" target=\"_blank\">ABRIR<\/a><\/td><td style=\"color: #000000; background-color: #FFFFFF;\"><\/td><\/tr><tr><td style=\"color: #666666; background-color: #FFFFFF;\">Resolu\u00e7\u00e3o<\/td><td style=\"color: #666666; background-color: #FFFFFF;\">C\u00e2mara de Educa\u00e7\u00e3o Profissional<\/td><td style=\"color: #666666; background-color: #FFFFFF;\">35\/2019<\/td><td style=\"color: #666666; background-color: #FFFFFF;\">08\/02\/2019<\/td><td style=\"color: #666666; background-color: #FFFFFF;\">Disp\u00f5e sobre a autoriza\u00e7\u00e3o do Curso T\u00e9cnico em Seguran\u00e7a do Trabalho do Programa Pronatec\/MedioTec, pelo ITEGO Luiz Humberto de Menezes \u2014 Santa Helena de Goi\u00e1s\/G0 e d\u00e1 outras provid\u00eancias.<\/td><td style=\"color: #0000FF; background-color: #FFFFFF;text-decoration: underline;\"><a href=\"https:\/\/goias.gov.br\/cee\/wp-content\/uploads\/sites\/20\/2023\/10\/2019-35-cep-resolucao.pdf\" target=\"_blank\">ABRIR<\/a><\/td><td style=\"color: #000000; background-color: #FFFFFF;\"><\/td><\/tr><tr><td style=\"color: #666666; background-color: #FFFFFF;\">Resolu\u00e7\u00e3o<\/td><td style=\"color: #666666; background-color: #FFFFFF;\">C\u00e2mara de Educa\u00e7\u00e3o Profissional<\/td><td style=\"color: #666666; background-color: #FFFFFF;\">36\/2019<\/td><td style=\"color: #666666; background-color: #FFFFFF;\">08\/02\/2019<\/td><td style=\"color: #666666; background-color: #FFFFFF;\">Disp\u00f5e sobre a autoriza\u00e7\u00e3o do Curso T\u00e9cnico em Manuten\u00e7\u00e3o e Suporte em Inform\u00e1tica do Programa Pronatec\/MedioTec, pelo ITEGO Maria Sebastiana da Silva \u2014 Porangatu\/GO e d\u00e1 outras provid\u00eancias.<\/td><td style=\"color: #0000FF; background-color: #FFFFFF;text-decoration: underline;\"><a href=\"https:\/\/goias.gov.br\/cee\/wp-content\/uploads\/sites\/20\/2023\/10\/2019-36-cep-resolucao.pdf\" target=\"_blank\">ABRIR<\/a><\/td><td style=\"color: #000000; background-color: #FFFFFF;\"><\/td><\/tr><tr><td style=\"color: #666666; background-color: #FFFFFF;\">Resolu\u00e7\u00e3o<\/td><td style=\"color: #666666; background-color: #FFFFFF;\">C\u00e2mara de Educa\u00e7\u00e3o Profissional<\/td><td style=\"color: #666666; background-color: #FFFFFF;\">37\/2019<\/td><td style=\"color: #666666; background-color: #FFFFFF;\">08\/02\/2019<\/td><td style=\"color: #666666; background-color: #FFFFFF;\">Disp\u00f5e sobre a autoriza\u00e7\u00e3o do Curso T\u00e9cnico em Administra\u00e7\u00e3o do Programa Pronatec\/MedioTec, pelo ITEGO Maria Sebastiana da Silva \u2014 Alto Horizonte\/GO e d\u00e1 outras provid\u00eancias.<\/td><td style=\"color: #0000FF; background-color: #FFFFFF;text-decoration: underline;\"><a href=\"https:\/\/goias.gov.br\/cee\/wp-content\/uploads\/sites\/20\/2023\/10\/2019-37-cep-resolucao.pdf\" target=\"_blank\">ABRIR<\/a><\/td><td style=\"color: #000000; background-color: #FFFFFF;\"><\/td><\/tr><tr><td style=\"color: #666666; background-color: #FFFFFF;\">Resolu\u00e7\u00e3o<\/td><td style=\"color: #666666; background-color: #FFFFFF;\">C\u00e2mara de Educa\u00e7\u00e3o Profissional<\/td><td style=\"color: #666666; background-color: #FFFFFF;\">38\/2019<\/td><td style=\"color: #666666; background-color: #FFFFFF;\">08\/02\/2019<\/td><td style=\"color: #666666; background-color: #FFFFFF;\">Disp\u00f5e sobre a autoriza\u00e7\u00e3o do Curso T\u00e9cnico em Inform\u00e1tica para Internet do Programa Pronatec\/MedioTec, pelo ITEGO Genervino Evangelista da Fonseca \u2014 Cristalina\/GO e d\u00e1 outras provid\u00eancias<\/td><td style=\"color: #0000FF; background-color: #FFFFFF;text-decoration: underline;\"><a href=\"https:\/\/goias.gov.br\/cee\/wp-content\/uploads\/sites\/20\/2023\/10\/2019-38-cep-resolucao.pdf\" target=\"_blank\">ABRIR<\/a><\/td><td style=\"color: #000000; background-color: #FFFFFF;\"><\/td><\/tr><tr><td style=\"color: #666666; background-color: #FFFFFF;\">Resolu\u00e7\u00e3o<\/td><td style=\"color: #666666; background-color: #FFFFFF;\">C\u00e2mara de Educa\u00e7\u00e3o Profissional<\/td><td style=\"color: #666666; background-color: #FFFFFF;\">39\/2019<\/td><td style=\"color: #666666; background-color: #FFFFFF;\">08\/02\/2019<\/td><td style=\"color: #666666; background-color: #FFFFFF;\">Disp\u00f5e sobre a autoriza\u00e7\u00e3o do Curso T\u00e9cnico em Redes de Computadores do Programa Pronatec.\/MedioTec, pelo ITEGO Dr. Luiz Rassi \u2014 Aparecida de Goi\u00e2nia\/GO e d\u00e1 outras provid\u00eancias.<\/td><td style=\"color: #0000FF; background-color: #FFFFFF;text-decoration: underline;\"><a href=\"https:\/\/goias.gov.br\/cee\/wp-content\/uploads\/sites\/20\/2023\/10\/2019-39-cep-resolucao.pdf\" target=\"_blank\">ABRIR<\/a><\/td><td style=\"color: #000000; background-color: #FFFFFF;\"><\/td><\/tr><tr><td style=\"color: #666666; background-color: #FFFFFF;\">Resolu\u00e7\u00e3o<\/td><td style=\"color: #666666; background-color: #FFFFFF;\">C\u00e2mara de Educa\u00e7\u00e3o Profissional<\/td><td style=\"color: #666666; background-color: #FFFFFF;\">40\/2019<\/td><td style=\"color: #666666; background-color: #FFFFFF;\">08\/02\/2019<\/td><td style=\"color: #666666; background-color: #FFFFFF;\">Disp\u00f5e sobre a autoriza\u00e7\u00e3o do Curso T\u00e9cnico em Inform\u00e1tica do Programa Pronatec\/MedioTec, pelo ITEGO Luiz Humberto de Menezes \u2014 Santa Helena de Goi\u00e1s\/GO e d\u00e1 outras provid\u00eancias.<\/td><td style=\"color: #0000FF; background-color: #FFFFFF;text-decoration: underline;\"><a href=\"https:\/\/goias.gov.br\/cee\/wp-content\/uploads\/sites\/20\/2023\/10\/2019-40-cep-resolucao.pdf\" target=\"_blank\">ABRIR<\/a><\/td><td style=\"color: #000000; background-color: #FFFFFF;\"><\/td><\/tr><tr><td style=\"color: #666666; background-color: #FFFFFF;\">Resolu\u00e7\u00e3o<\/td><td style=\"color: #666666; background-color: #FFFFFF;\">C\u00e2mara de Educa\u00e7\u00e3o Profissional<\/td><td style=\"color: #666666; background-color: #FFFFFF;\">41\/2019<\/td><td style=\"color: #666666; background-color: #FFFFFF;\">08\/02\/2019<\/td><td style=\"color: #666666; background-color: #FFFFFF;\">Disp\u00f5e sobre a autoriza\u00e7\u00e3o do Curso T\u00e9cnico em Inform\u00e1tica do Programa Pronatec\/MedioTec, pelo ITEGO Sebasti\u00e3o de Siqueira \u2014 Aparecida de Goi\u00e2nia\/GO e d\u00e1 outras provid\u00eancias.<\/td><td style=\"color: #0000FF; background-color: #FFFFFF;text-decoration: underline;\"><a href=\"https:\/\/goias.gov.br\/cee\/wp-content\/uploads\/sites\/20\/2023\/10\/2019-41-cep-resolucao.pdf\" target=\"_blank\">ABRIR<\/a><\/td><td style=\"color: #000000; background-color: #FFFFFF;\"><\/td><\/tr><tr><td style=\"color: #666666; background-color: #FFFFFF;\">Resolu\u00e7\u00e3o<\/td><td style=\"color: #666666; background-color: #FFFFFF;\">C\u00e2mara de Educa\u00e7\u00e3o Profissional<\/td><td style=\"color: #666666; background-color: #FFFFFF;\">42\/2019<\/td><td style=\"color: #666666; background-color: #FFFFFF;\">08\/02\/2019<\/td><td style=\"color: #666666; background-color: #FFFFFF;\">Disp\u00f5e sobre a autoriza\u00e7\u00e3o do Curso T\u00e9cnico em Inform\u00e1tica do Programa Pronatec\/MedioTec, pelo ITEGO Celso Monteiro Furtado \u2014 Uruana\/GO e d\u00e1 outras provid\u00eancias.<\/td><td style=\"color: #0000FF; background-color: #FFFFFF;text-decoration: underline;\"><a href=\"https:\/\/goias.gov.br\/cee\/wp-content\/uploads\/sites\/20\/2023\/10\/2019-42-cep-resolucao.pdf\" target=\"_blank\">ABRIR<\/a><\/td><td style=\"color: #000000; background-color: #FFFFFF;\"><\/td><\/tr><tr><td style=\"color: #666666; background-color: #FFFFFF;\">Resolu\u00e7\u00e3o<\/td><td style=\"color: #666666; background-color: #FFFFFF;\">C\u00e2mara de Educa\u00e7\u00e3o Profissional<\/td><td style=\"color: #666666; background-color: #FFFFFF;\">43\/2019<\/td><td style=\"color: #666666; background-color: #FFFFFF;\">08\/02\/2019<\/td><td style=\"color: #666666; background-color: #FFFFFF;\">Disp\u00f5e sobre a autoriza\u00e7\u00e3o do Curso T\u00e9cnico em Manuten\u00e7\u00e3o e Suporte em Inform\u00e1tica do Programa Pronatec\/MedioTec, pelo ITEGO Goiadira Ayres do Couto \u2014 Cidade de Goi\u00e1s\/G0 e d\u00e1 outras provid\u00eancias.<\/td><td style=\"color: #0000FF; background-color: #FFFFFF;text-decoration: underline;\"><a href=\"https:\/\/goias.gov.br\/cee\/wp-content\/uploads\/sites\/20\/2023\/10\/2019-43-cep-resolucao.pdf\" target=\"_blank\">ABRIR<\/a><\/td><td style=\"color: #000000; background-color: #FFFFFF;\"><\/td><\/tr><tr><td style=\"color: #666666; background-color: #FFFFFF;\">Resolu\u00e7\u00e3o<\/td><td style=\"color: #666666; background-color: #FFFFFF;\">C\u00e2mara de Educa\u00e7\u00e3o Profissional<\/td><td style=\"color: #666666; background-color: #FFFFFF;\">44\/2019<\/td><td style=\"color: #666666; background-color: #FFFFFF;\">08\/02\/2019<\/td><td style=\"color: #666666; background-color: #FFFFFF;\">Disp\u00f5e sobre a autoriza\u00e7\u00e3o do Curso T\u00e9cnico em Inform\u00e1tica do Programa Pronatec\/MedioTec, pelo ITEGO Dr. Luiz Rassi \u2014 Aparecida de Goi\u00e2nia\/GO e d\u00e1 outras provid\u00eancias.<\/td><td style=\"color: #0000FF; background-color: #FFFFFF;text-decoration: underline;\"><a href=\"https:\/\/goias.gov.br\/cee\/wp-content\/uploads\/sites\/20\/2023\/10\/2019-44-cep-resolucao.pdf\" target=\"_blank\">ABRIR<\/a><\/td><td style=\"color: #000000; background-color: #FFFFFF;\"><\/td><\/tr><tr><td style=\"color: #666666; background-color: #FFFFFF;\">Resolu\u00e7\u00e3o<\/td><td style=\"color: #666666; background-color: #FFFFFF;\">C\u00e2mara de Educa\u00e7\u00e3o Profissional<\/td><td style=\"color: #666666; background-color: #FFFFFF;\">45\/2019<\/td><td style=\"color: #666666; background-color: #FFFFFF;\">08\/02\/2019<\/td><td style=\"color: #666666; background-color: #FFFFFF;\">Disp\u00f5e sobre a autoriza\u00e7\u00e3o do Curso T\u00e9cnico em Programa\u00e7\u00e3o de Jogos Digitais do Programa Pronatec\/MedioTec, pelo ITEGO Sebasti\u00e3o de Siqueira \u2014 Goi\u00e2nia\/GO e d\u00e1 outras provid\u00eancias.<\/td><td style=\"color: #0000FF; background-color: #FFFFFF;text-decoration: underline;\"><a href=\"https:\/\/goias.gov.br\/cee\/wp-content\/uploads\/sites\/20\/2023\/10\/2019-45-cep-resolucao.pdf\" target=\"_blank\">ABRIR<\/a><\/td><td style=\"color: #000000; background-color: #FFFFFF;\"><\/td><\/tr><tr><td style=\"color: #666666; background-color: #FFFFFF;\">Resolu\u00e7\u00e3o<\/td><td style=\"color: #666666; background-color: #FFFFFF;\">C\u00e2mara de Educa\u00e7\u00e3o Profissional<\/td><td style=\"color: #666666; background-color: #FFFFFF;\">46\/2019<\/td><td style=\"color: #666666; background-color: #FFFFFF;\">08\/02\/2019<\/td><td style=\"color: #666666; background-color: #FFFFFF;\">Disp\u00f5e sobre a autoriza\u00e7\u00e3o do Curso T\u00e9cnico em Seguran\u00e7a do Trabalho do Programa Pronatec\/MedioTec, pelo ITEGO Maria Sebastiana da Silva \u2014 Porangatu\/G0 e d\u00e1 outras provid\u00eancias.<\/td><td style=\"color: #0000FF; background-color: #FFFFFF;text-decoration: underline;\"><a href=\"https:\/\/goias.gov.br\/cee\/wp-content\/uploads\/sites\/20\/2023\/10\/2019-46-cep-resolucao.pdf\" target=\"_blank\">ABRIR<\/a><\/td><td style=\"color: #000000; background-color: #FFFFFF;\"><\/td><\/tr><tr><td style=\"color: #666666; background-color: #FFFFFF;\">Resolu\u00e7\u00e3o<\/td><td style=\"color: #666666; background-color: #FFFFFF;\">C\u00e2mara de Educa\u00e7\u00e3o Profissional<\/td><td style=\"color: #666666; background-color: #FFFFFF;\">47\/2019<\/td><td style=\"color: #666666; background-color: #FFFFFF;\">15\/02\/2019<\/td><td style=\"color: #666666; background-color: #FFFFFF;\">Disp\u00f5e sobre a autoriza\u00e7\u00e3o dos projetos de cursos de: Saberes e Experi\u00eancias de Trabalho para os Professores Nomeados na Rede Estadual de Goi\u00e1s; A\u00e7\u00f5es para a Qualidade do Atendimento e Melhoria da Produtividade na Gest\u00e3o P\u00fablica da SEDUCE \u2014 Curso Interno para os Profissionais da Educa\u00e7\u00e3o; e Primeira Forma\u00e7\u00e3o Continuada e em Servi\u00e7o para os Diretores Escolares da Rede Estadual de Goi\u00e1s da Gest\u00e3o 2018-2021, realizado pela Secretaria de Estado da Educa\u00e7\u00e3o atrav\u00e9s da Ger\u00eancia de Capacita\u00e7\u00e3o e Forma\u00e7\u00e3o \u2014 Goi\u00e2nia\/GO e d\u00e1 outras provid\u00eancias.<\/td><td style=\"color: #0000FF; background-color: #FFFFFF;text-decoration: underline;\"><a href=\"https:\/\/goias.gov.br\/cee\/wp-content\/uploads\/sites\/20\/2023\/10\/2019-47-cep-resolucao.pdf\" target=\"_blank\">ABRIR<\/a><\/td><td style=\"color: #000000; background-color: #FFFFFF;\"><\/td><\/tr><tr><td style=\"color: #666666; background-color: #FFFFFF;\">Resolu\u00e7\u00e3o<\/td><td style=\"color: #666666; background-color: #FFFFFF;\">C\u00e2mara de Educa\u00e7\u00e3o Profissional<\/td><td style=\"color: #666666; background-color: #FFFFFF;\">48\/2019<\/td><td style=\"color: #666666; background-color: #FFFFFF;\">15\/02\/2019<\/td><td style=\"color: #666666; background-color: #FFFFFF;\">Disp\u00f5e sobre o recredenciamento e a renova\u00e7\u00e3o da autoriza\u00e7\u00e3o do Curso de T\u00e9cnico em Seguran\u00e7a do Trabalho, do Col\u00e9gio Sena Aires \u2014 Goi\u00e2nia\/GO e d\u00e1 outras provid\u00eancias.<\/td><td style=\"color: #0000FF; background-color: #FFFFFF;text-decoration: underline;\"><a href=\"https:\/\/goias.gov.br\/cee\/wp-content\/uploads\/sites\/20\/2023\/10\/2019-48-cep-resolucao.pdf\" target=\"_blank\">ABRIR<\/a><\/td><td style=\"color: #000000; background-color: #FFFFFF;\"><\/td><\/tr><tr><td style=\"color: #666666; background-color: #FFFFFF;\">Resolu\u00e7\u00e3o<\/td><td style=\"color: #666666; background-color: #FFFFFF;\">C\u00e2mara de Educa\u00e7\u00e3o Profissional<\/td><td style=\"color: #666666; background-color: #FFFFFF;\">49\/2019<\/td><td style=\"color: #666666; background-color: #FFFFFF;\">15\/02\/2019<\/td><td style=\"color: #666666; background-color: #FFFFFF;\">Disp\u00f5e sobre o recredenciamento e a renova\u00e7\u00e3o da autoriza\u00e7\u00e3o do Curso de T\u00e9cnico em Enfermagem, do Col\u00e9gio Sena Aires \u2014 Valpara\u00edso de Goi\u00e1s\/G0 e d\u00e1 outras provid\u00eancias.<\/td><td style=\"color: #0000FF; background-color: #FFFFFF;text-decoration: underline;\"><a href=\"https:\/\/goias.gov.br\/cee\/wp-content\/uploads\/sites\/20\/2023\/10\/2019-49-cep-resolucao.pdf\" target=\"_blank\">ABRIR<\/a><\/td><td style=\"color: #000000; background-color: #FFFFFF;\"><\/td><\/tr><tr><td style=\"color: #666666; background-color: #FFFFFF;\">Resolu\u00e7\u00e3o<\/td><td style=\"color: #666666; background-color: #FFFFFF;\">C\u00e2mara de Educa\u00e7\u00e3o Profissional<\/td><td style=\"color: #666666; background-color: #FFFFFF;\">50\/2019<\/td><td style=\"color: #666666; background-color: #FFFFFF;\">15\/02\/2019<\/td><td style=\"color: #666666; background-color: #FFFFFF;\">Disp\u00f5e sobre a renova\u00e7\u00e3o da autoriza\u00e7\u00e3o do Curso de T\u00e9cnico em Radiologia na modalidade de EaD, do Col\u00e9gio Sena Aires \u2014 Goi\u00e2nia\/GO e Valparaiso de Goi\u00e1s\/G0 e d\u00e1 outras provid\u00eancias.<\/td><td style=\"color: #0000FF; background-color: #FFFFFF;text-decoration: underline;\"><a href=\"https:\/\/goias.gov.br\/cee\/wp-content\/uploads\/sites\/20\/2023\/10\/2019-50-cep-resolucao.pdf\" target=\"_blank\">ABRIR<\/a><\/td><td style=\"color: #000000; background-color: #FFFFFF;\"><\/td><\/tr><tr><td style=\"color: #666666; background-color: #FFFFFF;\">Resolu\u00e7\u00e3o<\/td><td style=\"color: #666666; background-color: #FFFFFF;\">C\u00e2mara de Educa\u00e7\u00e3o Profissional<\/td><td style=\"color: #666666; background-color: #FFFFFF;\">51\/2019<\/td><td style=\"color: #666666; background-color: #FFFFFF;\">15\/02\/2019<\/td><td style=\"color: #666666; background-color: #FFFFFF;\">Disp\u00f5e sobre a autoriza\u00e7\u00e3o do Curso de T\u00e9cnico em Enfermagem na modalidade de EaD, da Faculdade Impacto \u2014 Porangatu\/GO e d\u00e1 outras provid\u00eancias.<\/td><td style=\"color: #0000FF; background-color: #FFFFFF;text-decoration: underline;\"><a href=\"https:\/\/goias.gov.br\/cee\/wp-content\/uploads\/sites\/20\/2023\/10\/2019-51-cep-resolucao.pdf\" target=\"_blank\">ABRIR<\/a><\/td><td style=\"color: #000000; background-color: #FFFFFF;\"><\/td><\/tr><tr><td style=\"color: #666666; background-color: #FFFFFF;\">Resolu\u00e7\u00e3o<\/td><td style=\"color: #666666; background-color: #FFFFFF;\">C\u00e2mara de Educa\u00e7\u00e3o Profissional<\/td><td style=\"color: #666666; background-color: #FFFFFF;\">52\/2019<\/td><td style=\"color: #666666; background-color: #FFFFFF;\">22\/02\/2019<\/td><td style=\"color: #666666; background-color: #FFFFFF;\">Disp\u00f5e sobre a aprova\u00e7\u00e3o do relat\u00f3rio do curso Fundamentos Te\u00f3ricos em Educa\u00e7\u00e3o Especial na Perspectiva Inclusiva Altas Habilidades\/Superdota\u00e7\u00e3o, realizado pelo N\u00facleo de Atividades de Altas Habilidades\/Superdota\u00e7\u00e3o - NAAHS atrav\u00e9s da Secretaria de Estado de Educa\u00e7\u00e3o \u2014 Goi\u00e2nia\/GO e d\u00e1 outras provid\u00eancias<\/td><td style=\"color: #0000FF; background-color: #FFFFFF;text-decoration: underline;\"><a href=\"https:\/\/goias.gov.br\/cee\/wp-content\/uploads\/sites\/20\/2023\/10\/2019-52-cep-resolucao.pdf\" target=\"_blank\">ABRIR<\/a><\/td><td style=\"color: #000000; background-color: #FFFFFF;\"><\/td><\/tr><tr><td style=\"color: #666666; background-color: #FFFFFF;\">Resolu\u00e7\u00e3o<\/td><td style=\"color: #666666; background-color: #FFFFFF;\">C\u00e2mara de Educa\u00e7\u00e3o Profissional<\/td><td style=\"color: #666666; background-color: #FFFFFF;\">53\/2019<\/td><td style=\"color: #666666; background-color: #FFFFFF;\">22\/02\/2019<\/td><td style=\"color: #666666; background-color: #FFFFFF;\">Disp\u00f5e sobre a aprova\u00e7\u00e3o do relat\u00f3rio do curso Atendimento Educacional Especializado emAltas Habilidades\/Superdota\u00e7\u00e3o, realizado pelo N\u00facleo de Atividades de Altas Habilidades\/Superdota\u00e7\u00e3o - NAAHS atrav\u00e9s da Secretaria de Estado de Educa\u00e7\u00e3o \u2014 Goi\u00e2nia\/GO e d\u00e1 outras provid\u00eancias.<\/td><td style=\"color: #0000FF; background-color: #FFFFFF;text-decoration: underline;\"><a href=\"https:\/\/goias.gov.br\/cee\/wp-content\/uploads\/sites\/20\/2023\/10\/2019-53-cep-resolucao.pdf\" target=\"_blank\">ABRIR<\/a><\/td><td style=\"color: #000000; background-color: #FFFFFF;\"><\/td><\/tr><tr><td style=\"color: #666666; background-color: #FFFFFF;\">Resolu\u00e7\u00e3o<\/td><td style=\"color: #666666; background-color: #FFFFFF;\">C\u00e2mara de Educa\u00e7\u00e3o Profissional<\/td><td style=\"color: #666666; background-color: #FFFFFF;\">54\/2019<\/td><td style=\"color: #666666; background-color: #FFFFFF;\">22\/02\/2019<\/td><td style=\"color: #666666; background-color: #FFFFFF;\">Disp\u00f5e sobre a aprova\u00e7\u00e3o do relat\u00f3rio do Curso L\u00edngua Brasileira de Sinais \u2014M\u00f3dulo I e II,realizado pela Secretaria de Estado de Educa\u00e7\u00e3o atrav\u00e9s do Centro de Capacita\u00e7\u00e3o de Profissionais da Educa\u00e7\u00e3o e de Atendimento \u00e0s Pessoas com Surdez e Centro de Apoio Pedag\u00f3gico e Atendimento \u00e0s Pessoas com Defici\u00eancia Visual \u2014 CAS\/CAP \u2014 Ceres\/G0 e d\u00e1 outras provid\u00eancias.<\/td><td style=\"color: #0000FF; background-color: #FFFFFF;text-decoration: underline;\"><a href=\"https:\/\/goias.gov.br\/cee\/wp-content\/uploads\/sites\/20\/2023\/10\/2019-54-cep-resolucao.pdf\" target=\"_blank\">ABRIR<\/a><\/td><td style=\"color: #000000; background-color: #FFFFFF;\"><\/td><\/tr><tr><td style=\"color: #666666; background-color: #FFFFFF;\">Resolu\u00e7\u00e3o<\/td><td style=\"color: #666666; background-color: #FFFFFF;\">C\u00e2mara de Educa\u00e7\u00e3o Profissional<\/td><td style=\"color: #666666; background-color: #FFFFFF;\">55\/2019<\/td><td style=\"color: #666666; background-color: #FFFFFF;\">01\/03\/2019<\/td><td style=\"color: #666666; background-color: #FFFFFF;\">Disp\u00f5e sobre a autoriza\u00e7\u00e3o do projeto de curso Fundamentos em Altas Habilidades\/Superdota\u00e7\u00e3o, realizado pela Secretaria de Estado de Educa\u00e7\u00e3o atrav\u00e9s da Superintend\u00eancia de Inclus\u00e3o \u2014 Goi\u00e2nia\/GO e d\u00e1 outras provid\u00eancias.<\/td><td style=\"color: #0000FF; background-color: #FFFFFF;text-decoration: underline;\"><a href=\"https:\/\/goias.gov.br\/cee\/wp-content\/uploads\/sites\/20\/2023\/10\/2019-55-cep-resolucao.pdf\" target=\"_blank\">ABRIR<\/a><\/td><td style=\"color: #000000; background-color: #FFFFFF;\"><\/td><\/tr><tr><td style=\"color: #666666; background-color: #FFFFFF;\">Resolu\u00e7\u00e3o<\/td><td style=\"color: #666666; background-color: #FFFFFF;\">C\u00e2mara de Educa\u00e7\u00e3o Profissional<\/td><td style=\"color: #666666; background-color: #FFFFFF;\">56\/2019<\/td><td style=\"color: #666666; background-color: #FFFFFF;\">01\/03\/2019<\/td><td style=\"color: #666666; background-color: #FFFFFF;\">Disp\u00f5e sobre a autoriza\u00e7\u00e3o do projeto de curso de Capacita\u00e7\u00e3o para Professores \u2014 \u00c1rea Defici\u00eancia Visual, realizado pela Secretaria de Estado de Educa\u00e7\u00e3o atrav\u00e9s do Centro de Apoio Pedag\u00f3gico para Atendimento \u00e0s Pessoas com Defici\u00eancia Visual - CAP \u2014 Goi\u00e2nia\/G0e d\u00e1 outras provid\u00eancias.<\/td><td style=\"color: #0000FF; background-color: #FFFFFF;text-decoration: underline;\"><a href=\"https:\/\/goias.gov.br\/cee\/wp-content\/uploads\/sites\/20\/2023\/10\/2019-56-cep-resolucao.pdf\" target=\"_blank\">ABRIR<\/a><\/td><td style=\"color: #000000; background-color: #FFFFFF;\"><\/td><\/tr><tr><td style=\"color: #666666; background-color: #FFFFFF;\">Resolu\u00e7\u00e3o<\/td><td style=\"color: #666666; background-color: #FFFFFF;\">C\u00e2mara de Educa\u00e7\u00e3o Profissional<\/td><td style=\"color: #666666; background-color: #FFFFFF;\">57\/2019<\/td><td style=\"color: #666666; background-color: #FFFFFF;\">01\/03\/2019<\/td><td style=\"color: #666666; background-color: #FFFFFF;\">Disp\u00f5e sobre o recredenciamento e a renova\u00e7\u00e3o da autoriza\u00e7\u00e3o do Curso de T\u00e9cnico em Enfermagem, do Centro de Forma\u00e7\u00e3o Nobel do Brasil \u2014 Pontalina\/GO e d\u00e1 outras provid\u00eancias.<\/td><td style=\"color: #0000FF; background-color: #FFFFFF;text-decoration: underline;\"><a href=\"https:\/\/goias.gov.br\/cee\/wp-content\/uploads\/sites\/20\/2023\/10\/2019-57-cep-resolucao.pdf\" target=\"_blank\">ABRIR<\/a><\/td><td style=\"color: #000000; background-color: #FFFFFF;\"><\/td><\/tr><tr><td style=\"color: #666666; background-color: #FFFFFF;\">Resolu\u00e7\u00e3o<\/td><td style=\"color: #666666; background-color: #FFFFFF;\">C\u00e2mara de Educa\u00e7\u00e3o Profissional<\/td><td style=\"color: #666666; background-color: #FFFFFF;\">58\/2019<\/td><td style=\"color: #666666; background-color: #FFFFFF;\">08\/03\/2019<\/td><td style=\"color: #666666; background-color: #FFFFFF;\">Disp\u00f5e sobre a renova\u00e7\u00e3o da autoriza\u00e7\u00e3o do Curso de T\u00e9cnico em Radiologia, do Col\u00e9gio Sena Aires \u2014 Valpara\u00edso de Goi\u00e1s\/G0 e d\u00e1 outras provid\u00eancias.<\/td><td style=\"color: #0000FF; background-color: #FFFFFF;text-decoration: underline;\"><a href=\"https:\/\/goias.gov.br\/cee\/wp-content\/uploads\/sites\/20\/2023\/10\/2019-58-cep-resolucao.pdf\" target=\"_blank\">ABRIR<\/a><\/td><td style=\"color: #000000; background-color: #FFFFFF;\"><\/td><\/tr><tr><td style=\"color: #666666; background-color: #FFFFFF;\">Resolu\u00e7\u00e3o<\/td><td style=\"color: #666666; background-color: #FFFFFF;\">C\u00e2mara de Educa\u00e7\u00e3o Profissional<\/td><td style=\"color: #666666; background-color: #FFFFFF;\">59\/2019<\/td><td style=\"color: #666666; background-color: #FFFFFF;\">08\/03\/2019<\/td><td style=\"color: #666666; background-color: #FFFFFF;\">Disp\u00f5e sobre a renova\u00e7\u00e3o da autoriza\u00e7\u00e3o do Curso de T\u00e9cnico em Enfermagem na modalidade de EaD, do Col\u00e9gio Sena Aires \u2014 Valpara\u00edso de Goi\u00e1s\/G0 e Goi\u00e2nia\/GO e d\u00e1 outras provid\u00eancias.<\/td><td style=\"color: #0000FF; background-color: #FFFFFF;text-decoration: underline;\"><a href=\"https:\/\/goias.gov.br\/cee\/wp-content\/uploads\/sites\/20\/2023\/10\/2019-59-cep-resolucao.pdf\" target=\"_blank\">ABRIR<\/a><\/td><td style=\"color: #000000; background-color: #FFFFFF;\"><\/td><\/tr><tr><td style=\"color: #666666; background-color: #FFFFFF;\">Resolu\u00e7\u00e3o<\/td><td style=\"color: #666666; background-color: #FFFFFF;\">C\u00e2mara de Educa\u00e7\u00e3o Profissional<\/td><td style=\"color: #666666; background-color: #FFFFFF;\">60\/2019<\/td><td style=\"color: #666666; background-color: #FFFFFF;\">08\/03\/2019<\/td><td style=\"color: #666666; background-color: #FFFFFF;\">Disp\u00f5e sobre a renova\u00e7\u00e3o da autoriza\u00e7\u00e3o do Curso de T\u00e9cnico em Radiologia, do Col\u00e9gio Sena Aires \u2014 Goi\u00e2nia\/GO e d\u00e1 outras provid\u00eancias.<\/td><td style=\"color: #0000FF; background-color: #FFFFFF;text-decoration: underline;\"><a href=\"https:\/\/goias.gov.br\/cee\/wp-content\/uploads\/sites\/20\/2023\/10\/2019-60-cep-resolucao.pdf\" target=\"_blank\">ABRIR<\/a><\/td><td style=\"color: #000000; background-color: #FFFFFF;\"><\/td><\/tr><tr><td style=\"color: #666666; background-color: #FFFFFF;\">Resolu\u00e7\u00e3o<\/td><td style=\"color: #666666; background-color: #FFFFFF;\">C\u00e2mara de Educa\u00e7\u00e3o Profissional<\/td><td style=\"color: #666666; background-color: #FFFFFF;\">61\/2019<\/td><td style=\"color: #666666; background-color: #FFFFFF;\">15\/03\/2019<\/td><td style=\"color: #666666; background-color: #FFFFFF;\">Disp\u00f5e sobre o credenciamento e a autoriza\u00e7\u00e3o do Curso de T\u00e9cnico em Enfermagem, do Col\u00e9gio Vit\u00f3ria \u2014 Unidade II \u2014 Goi\u00e2nia\/GO e d\u00e1 outras provid\u00eancias.<\/td><td style=\"color: #0000FF; background-color: #FFFFFF;text-decoration: underline;\"><a href=\"https:\/\/goias.gov.br\/cee\/wp-content\/uploads\/sites\/20\/2023\/10\/2019-61-cep-resolucao.pdf\" target=\"_blank\">ABRIR<\/a><\/td><td style=\"color: #000000; background-color: #FFFFFF;\"><\/td><\/tr><tr><td style=\"color: #666666; background-color: #FFFFFF;\">Resolu\u00e7\u00e3o<\/td><td style=\"color: #666666; background-color: #FFFFFF;\">C\u00e2mara de Educa\u00e7\u00e3o Profissional<\/td><td style=\"color: #666666; background-color: #FFFFFF;\">62\/2019<\/td><td style=\"color: #666666; background-color: #FFFFFF;\">15\/03\/2019<\/td><td style=\"color: #666666; background-color: #FFFFFF;\">Disp\u00f5e sobre a renova\u00e7\u00e3o da autoriza\u00e7\u00e3o do Curso de T\u00e9cnico em Seguran\u00e7a do Trabalho, do Col\u00e9gio Sena Aires \u2014 Valpara\u00edso de Goi\u00e1s\/GO e d\u00e1 outras provid\u00eancias.<\/td><td style=\"color: #0000FF; background-color: #FFFFFF;text-decoration: underline;\"><a href=\"https:\/\/goias.gov.br\/cee\/wp-content\/uploads\/sites\/20\/2023\/10\/2019-62-cep-resolucao.pdf\" target=\"_blank\">ABRIR<\/a><\/td><td style=\"color: #000000; background-color: #FFFFFF;\"><\/td><\/tr><tr><td style=\"color: #666666; background-color: #FFFFFF;\">Resolu\u00e7\u00e3o<\/td><td style=\"color: #666666; background-color: #FFFFFF;\">C\u00e2mara de Educa\u00e7\u00e3o Profissional<\/td><td style=\"color: #666666; background-color: #FFFFFF;\">63\/2019<\/td><td style=\"color: #666666; background-color: #FFFFFF;\">15\/03\/2019<\/td><td style=\"color: #666666; background-color: #FFFFFF;\">Disp\u00f5e sobre a aprova\u00e7\u00e3o do relat\u00f3rio do Curso de \"Eletricista de Redes A\u00e9reas Convencionais e Compactas de Distribui\u00e7\u00e3o de Energia El\u00e9trica Urbanas e Rurais at\u00e9 a Classe de 36,2 Kv\", do Sistema de Aprendizagem e Forma\u00e7\u00e3o de Eletricista - SAFETE \u2014 An\u00e1polis\/GO e d\u00e1 outras provid\u00eancias.<\/td><td style=\"color: #0000FF; background-color: #FFFFFF;text-decoration: underline;\"><a href=\"https:\/\/goias.gov.br\/cee\/wp-content\/uploads\/sites\/20\/2023\/10\/2019-63-cep-resolucao.pdf\" target=\"_blank\">ABRIR<\/a><\/td><td style=\"color: #000000; background-color: #FFFFFF;\"><\/td><\/tr><tr><td style=\"color: #666666; background-color: #FFFFFF;\">Resolu\u00e7\u00e3o<\/td><td style=\"color: #666666; background-color: #FFFFFF;\">C\u00e2mara de Educa\u00e7\u00e3o Profissional<\/td><td style=\"color: #666666; background-color: #FFFFFF;\">64\/2019<\/td><td style=\"color: #666666; background-color: #FFFFFF;\">22\/03\/2019<\/td><td style=\"color: #666666; background-color: #FFFFFF;\">Disp\u00f5e sobre o credenciamento e a autoriza\u00e7\u00e3o do Curso de T\u00e9cnico em Eletrot\u00e9cnica, da Energia Brasil Profissional \u2014 Goi\u00e2nia\/GO e d\u00e1 outras provid\u00eancias.<\/td><td style=\"color: #0000FF; background-color: #FFFFFF;text-decoration: underline;\"><a href=\"https:\/\/goias.gov.br\/cee\/wp-content\/uploads\/sites\/20\/2023\/10\/2019-64-cep-resolucao.pdf\" target=\"_blank\">ABRIR<\/a><\/td><td style=\"color: #000000; background-color: #FFFFFF;\"><\/td><\/tr><tr><td style=\"color: #666666; background-color: #FFFFFF;\">Resolu\u00e7\u00e3o<\/td><td style=\"color: #666666; background-color: #FFFFFF;\">C\u00e2mara de Educa\u00e7\u00e3o Profissional<\/td><td style=\"color: #666666; background-color: #FFFFFF;\">65\/2019<\/td><td style=\"color: #666666; background-color: #FFFFFF;\">29\/03\/2019<\/td><td style=\"color: #666666; background-color: #FFFFFF;\">Disp\u00f5e sobre o credenciamento e a autoriza\u00e7\u00e3o do Curso de T\u00e9cnico em Enfermagem, do Col\u00e9gio Genoma - Aparecida de Goi\u00e2nia\/GO e d\u00e1 outras provid\u00eancias.<\/td><td style=\"color: #0000FF; background-color: #FFFFFF;text-decoration: underline;\"><a href=\"https:\/\/goias.gov.br\/cee\/wp-content\/uploads\/sites\/20\/2023\/10\/2019-65-cep-resolucao.pdf\" target=\"_blank\">ABRIR<\/a><\/td><td style=\"color: #000000; background-color: #FFFFFF;\"><\/td><\/tr><tr><td style=\"color: #666666; background-color: #FFFFFF;\">Resolu\u00e7\u00e3o<\/td><td style=\"color: #666666; background-color: #FFFFFF;\">C\u00e2mara de Educa\u00e7\u00e3o Profissional<\/td><td style=\"color: #666666; background-color: #FFFFFF;\">66\/2019<\/td><td style=\"color: #666666; background-color: #FFFFFF;\">29\/03\/2019<\/td><td style=\"color: #666666; background-color: #FFFFFF;\">Disp\u00f5e sobre a autoriza\u00e7\u00e3o do Curso de T\u00e9cnico em Redes de Computadores integrado ao Ensino M\u00e9dio, do Col\u00e9gio Estadual Padre Pel\u00e1gio \u2014 Trindade\/GO e d\u00e1 outras provid\u00eancias.<\/td><td style=\"color: #0000FF; background-color: #FFFFFF;text-decoration: underline;\"><a href=\"https:\/\/goias.gov.br\/cee\/wp-content\/uploads\/sites\/20\/2023\/10\/2019-66-cep-resolucao.pdf\" target=\"_blank\">ABRIR<\/a><\/td><td style=\"color: #000000; background-color: #FFFFFF;\"><\/td><\/tr><tr><td style=\"color: #666666; background-color: #FFFFFF;\">Resolu\u00e7\u00e3o<\/td><td style=\"color: #666666; background-color: #FFFFFF;\">C\u00e2mara de Educa\u00e7\u00e3o Profissional<\/td><td style=\"color: #666666; background-color: #FFFFFF;\">67\/2019<\/td><td style=\"color: #666666; background-color: #FFFFFF;\">05\/04\/2019<\/td><td style=\"color: #666666; background-color: #FFFFFF;\">Disp\u00f5e sobre a autoriza\u00e7\u00e3o do projeto de curso Inform\u00e1tica B\u00e1sica, realizado pela Secretaria Municipal de Educa\u00e7\u00e3o de Campo Limpo de Goi\u00e1s \u2014 Campo Limpo de Goi\u00e1s\/GO e d\u00e1 outras provid\u00eancias.<\/td><td style=\"color: #0000FF; background-color: #FFFFFF;text-decoration: underline;\"><a href=\"https:\/\/goias.gov.br\/cee\/wp-content\/uploads\/sites\/20\/2023\/10\/2019-67-cep-resolucao.pdf\" target=\"_blank\">ABRIR<\/a><\/td><td style=\"color: #000000; background-color: #FFFFFF;\"><\/td><\/tr><tr><td style=\"color: #666666; background-color: #FFFFFF;\">Resolu\u00e7\u00e3o<\/td><td style=\"color: #666666; background-color: #FFFFFF;\">C\u00e2mara de Educa\u00e7\u00e3o Profissional<\/td><td style=\"color: #666666; background-color: #FFFFFF;\">68\/2019<\/td><td style=\"color: #666666; background-color: #FFFFFF;\">05\/04\/2019<\/td><td style=\"color: #666666; background-color: #FFFFFF;\">Disp\u00f5e sobre a autoriza\u00e7\u00e3o, excepcional, dos Cursos T\u00e9cnicos em Agricultura e Seguran\u00e7a do Trabalho, pelo Instituto Tecnol\u00f3gico do Estado de Goi\u00e1s Governador Ot\u00e1vio Lages \u2014 Goian\u00e9sia\/GO e d\u00e1 outras provid\u00eancias<\/td><td style=\"color: #0000FF; background-color: #FFFFFF;text-decoration: underline;\"><a href=\"https:\/\/goias.gov.br\/cee\/wp-content\/uploads\/sites\/20\/2023\/10\/2019-68-cep-resolucao.pdf\" target=\"_blank\">ABRIR<\/a><\/td><td style=\"color: #000000; background-color: #FFFFFF;\"><\/td><\/tr><tr><td style=\"color: #666666; background-color: #FFFFFF;\">Resolu\u00e7\u00e3o<\/td><td style=\"color: #666666; background-color: #FFFFFF;\">C\u00e2mara de Educa\u00e7\u00e3o Profissional<\/td><td style=\"color: #666666; background-color: #FFFFFF;\">69\/2019<\/td><td style=\"color: #666666; background-color: #FFFFFF;\">12\/04\/2019<\/td><td style=\"color: #666666; background-color: #FFFFFF;\">Disp\u00f5e sobre a renova\u00e7\u00e3o da autoriza\u00e7\u00e3o do Curso de T\u00e9cnico em Seguran\u00e7a do Trabalho, do Suldam\u00e9rica Cursos T\u00e9cnicos \u2014 Aparecida de Goi\u00e2nia\/GO e d\u00e1 outras provid\u00eancias.<\/td><td style=\"color: #0000FF; background-color: #FFFFFF;text-decoration: underline;\"><a href=\"https:\/\/goias.gov.br\/cee\/wp-content\/uploads\/sites\/20\/2023\/10\/2019-69-cep-resolucao.pdf\" target=\"_blank\">ABRIR<\/a><\/td><td style=\"color: #000000; background-color: #FFFFFF;\"><\/td><\/tr><tr><td style=\"color: #666666; background-color: #FFFFFF;\">Resolu\u00e7\u00e3o<\/td><td style=\"color: #666666; background-color: #FFFFFF;\">C\u00e2mara de Educa\u00e7\u00e3o Profissional<\/td><td style=\"color: #666666; background-color: #FFFFFF;\">70\/2019<\/td><td style=\"color: #666666; background-color: #FFFFFF;\">12\/04\/2019<\/td><td style=\"color: #666666; background-color: #FFFFFF;\">Disp\u00f5e sobre a renova\u00e7\u00e3o da autoriza\u00e7\u00e3o do Curso de T\u00e9cnico em Sa\u00fade Bucal, do Suldam\u00e9rica Cursos T\u00e9cnicos \u2014 Aparecida de Goi\u00e2nia\/GO e d\u00e1 outras provid\u00eancias.<\/td><td style=\"color: #0000FF; background-color: #FFFFFF;text-decoration: underline;\"><a href=\"https:\/\/goias.gov.br\/cee\/wp-content\/uploads\/sites\/20\/2023\/10\/2019-70-cep-resolucao.pdf\" target=\"_blank\">ABRIR<\/a><\/td><td style=\"color: #000000; background-color: #FFFFFF;\"><\/td><\/tr><tr><td style=\"color: #666666; background-color: #FFFFFF;\">Resolu\u00e7\u00e3o<\/td><td style=\"color: #666666; background-color: #FFFFFF;\">C\u00e2mara de Educa\u00e7\u00e3o Profissional<\/td><td style=\"color: #666666; background-color: #FFFFFF;\">71\/2019<\/td><td style=\"color: #666666; background-color: #FFFFFF;\">12\/04\/2019<\/td><td style=\"color: #666666; background-color: #FFFFFF;\">Disp\u00f5e sobre a renova\u00e7\u00e3o da autoriza\u00e7\u00e3o do Curso de T\u00e9cnico em Enfermagem, do Suldam\u00e9rica Cursos T\u00e9cnicos \u2014 Aparecida de Goi\u00e2nia\/GO e d\u00e1 outras provid\u00eancias.<\/td><td style=\"color: #0000FF; background-color: #FFFFFF;text-decoration: underline;\"><a href=\"https:\/\/goias.gov.br\/cee\/wp-content\/uploads\/sites\/20\/2023\/10\/2019-71-cep-resolucao.pdf\" target=\"_blank\">ABRIR<\/a><\/td><td style=\"color: #000000; background-color: #FFFFFF;\"><\/td><\/tr><tr><td style=\"color: #666666; background-color: #FFFFFF;\">Resolu\u00e7\u00e3o<\/td><td style=\"color: #666666; background-color: #FFFFFF;\">C\u00e2mara de Educa\u00e7\u00e3o Profissional<\/td><td style=\"color: #666666; background-color: #FFFFFF;\">72\/2019<\/td><td style=\"color: #666666; background-color: #FFFFFF;\">12\/04\/2019<\/td><td style=\"color: #666666; background-color: #FFFFFF;\">Disp\u00f5e sobre a autoriza\u00e7\u00e3o dos Cursos de forma\u00e7\u00e3o continuada \"Eletricista Industrial; Eletricista Predial; Eletricista de Redes Energizadas Linha Viva nas Classes de Tens\u00f5es de 13,8 A 36,2 Kv; e Eletricista de Redes A\u00e9reas Convencionais e Compactas de Distribui\u00e7\u00e3o de Energia El\u00e9trica Urbanas e Rurais at\u00e9 a Classe de 36,2 Kv\", da Energia Brasil Profissional \u2014 Goi\u00e2nia\/GO e d\u00e1 outras provid\u00eancias.<\/td><td style=\"color: #0000FF; background-color: #FFFFFF;text-decoration: underline;\"><a href=\"https:\/\/goias.gov.br\/cee\/wp-content\/uploads\/sites\/20\/2023\/10\/2019-72-cep-resolucao.pdf\" target=\"_blank\">ABRIR<\/a><\/td><td style=\"color: #000000; background-color: #FFFFFF;\"><\/td><\/tr><tr><td style=\"color: #666666; background-color: #FFFFFF;\">Resolu\u00e7\u00e3o<\/td><td style=\"color: #666666; background-color: #FFFFFF;\">C\u00e2mara de Educa\u00e7\u00e3o Profissional<\/td><td style=\"color: #666666; background-color: #FFFFFF;\">73\/2019<\/td><td style=\"color: #666666; background-color: #FFFFFF;\">26\/04\/2019<\/td><td style=\"color: #666666; background-color: #FFFFFF;\">Disp\u00f5e sobre a autoriza\u00e7\u00e3o, excepcional, para abertura de matr\u00edculas, dos Cursos T\u00e9cnicos em Qu\u00edmica, Farm\u00e1cia, Seguran\u00e7a do Trabalho e Meio Ambiente e do Curso Superior em Tecnologia em Processos Qu\u00edmicos, pelo Instituto Tecnol\u00f3gico do Estado de Goi\u00e1s Governador Onofre Quinan \u2014 An\u00e1polis\/GO e d\u00e1 outras provid\u00eancias<\/td><td style=\"color: #0000FF; background-color: #FFFFFF;text-decoration: underline;\"><a href=\"https:\/\/goias.gov.br\/cee\/wp-content\/uploads\/sites\/20\/2023\/10\/2019-73-cep-resolucao.pdf\" target=\"_blank\">ABRIR<\/a><\/td><td style=\"color: #000000; background-color: #FFFFFF;\"><\/td><\/tr><tr><td style=\"color: #666666; background-color: #FFFFFF;\">Resolu\u00e7\u00e3o<\/td><td style=\"color: #666666; background-color: #FFFFFF;\">C\u00e2mara de Educa\u00e7\u00e3o Profissional<\/td><td style=\"color: #666666; background-color: #FFFFFF;\">74\/2019<\/td><td style=\"color: #666666; background-color: #FFFFFF;\">26\/04\/2019<\/td><td style=\"color: #666666; background-color: #FFFFFF;\">Disp\u00f5e sobre a autoriza\u00e7\u00e3o, excepcional, para abertura de matr\u00edculas, dos Cursos T\u00e9cnicos em Seguran\u00e7a do Trabalho, Agroneg\u00f3cio e Inform\u00e1tica, pelo Instituto Tecnol\u00f3gico do Estado de Goi\u00e1s Aguinaldo Campos Netto \u2014 Catal\u00e3o\/GO e d\u00e1 outras provid\u00eancias<\/td><td style=\"color: #0000FF; background-color: #FFFFFF;text-decoration: underline;\"><a href=\"https:\/\/goias.gov.br\/cee\/wp-content\/uploads\/sites\/20\/2023\/10\/2019-74-cep-resolucao.pdf\" target=\"_blank\">ABRIR<\/a><\/td><td style=\"color: #000000; background-color: #FFFFFF;\"><\/td><\/tr><tr><td style=\"color: #666666; background-color: #FFFFFF;\">Resolu\u00e7\u00e3o<\/td><td style=\"color: #666666; background-color: #FFFFFF;\">C\u00e2mara de Educa\u00e7\u00e3o Profissional<\/td><td style=\"color: #666666; background-color: #FFFFFF;\">75\/2019<\/td><td style=\"color: #666666; background-color: #FFFFFF;\">26\/04\/2019<\/td><td style=\"color: #666666; background-color: #FFFFFF;\">Disp\u00f5e sobre a autoriza\u00e7\u00e3o, excepcional, para abertura de matr\u00edculas, do Curso T\u00e9cnico em Publicidade, pelo Instituto Tecnol\u00f3gico do Estado de Goi\u00e1s Labibe Faiad \u2014 Catal\u00e3o\/GO e d\u00e1 outras provid\u00eancias<\/td><td style=\"color: #0000FF; background-color: #FFFFFF;text-decoration: underline;\"><a href=\"https:\/\/goias.gov.br\/cee\/wp-content\/uploads\/sites\/20\/2023\/10\/2019-75-cep-resolucao.pdf\" target=\"_blank\">ABRIR<\/a><\/td><td style=\"color: #000000; background-color: #FFFFFF;\"><\/td><\/tr><tr><td style=\"color: #666666; background-color: #FFFFFF;\">Resolu\u00e7\u00e3o<\/td><td style=\"color: #666666; background-color: #FFFFFF;\">C\u00e2mara de Educa\u00e7\u00e3o Profissional<\/td><td style=\"color: #666666; background-color: #FFFFFF;\">76\/2019<\/td><td style=\"color: #666666; background-color: #FFFFFF;\">26\/04\/2019<\/td><td style=\"color: #666666; background-color: #FFFFFF;\">Disp\u00f5e sobre o recredenciamento e a renova\u00e7\u00e3o da autoriza\u00e7\u00e3o do Curso de T\u00e9cnico em Enfermagem, da Escola T\u00e9cnica de Enfermagem \u2014 Santo Ant\u00f4nio do Descoberto\/GO e d\u00e1 outras provid\u00eancias.<\/td><td style=\"color: #0000FF; background-color: #FFFFFF;text-decoration: underline;\"><a href=\"https:\/\/goias.gov.br\/cee\/wp-content\/uploads\/sites\/20\/2023\/10\/2019-76-cep-resolucao.pdf\" target=\"_blank\">ABRIR<\/a><\/td><td style=\"color: #000000; background-color: #FFFFFF;\"><\/td><\/tr><tr><td style=\"color: #666666; background-color: #FFFFFF;\">Resolu\u00e7\u00e3o<\/td><td style=\"color: #666666; background-color: #FFFFFF;\">C\u00e2mara de Educa\u00e7\u00e3o Profissional<\/td><td style=\"color: #666666; background-color: #FFFFFF;\">77\/2019<\/td><td style=\"color: #666666; background-color: #FFFFFF;\">26\/04\/2019<\/td><td style=\"color: #666666; background-color: #FFFFFF;\">Disp\u00f5e sobre o recredenciamento e a autoriza\u00e7\u00e3o do Curso de T\u00e9cnico em Contabilidade na modalide de EaD, do Instituto Tecnol\u00f3gico do Estado de Goi\u00e1s Sebasti\u00e3o Siqueira \u2014 Goi\u00e2nia\/GO e d\u00e1 outras provid\u00eancias.<\/td><td style=\"color: #0000FF; background-color: #FFFFFF;text-decoration: underline;\"><a href=\"https:\/\/goias.gov.br\/cee\/wp-content\/uploads\/sites\/20\/2023\/10\/2019-77-cep-resolucao.pdf\" target=\"_blank\">ABRIR<\/a><\/td><td style=\"color: #000000; background-color: #FFFFFF;\"><\/td><\/tr><tr><td style=\"color: #666666; background-color: #FFFFFF;\">Resolu\u00e7\u00e3o<\/td><td style=\"color: #666666; background-color: #FFFFFF;\">C\u00e2mara de Educa\u00e7\u00e3o Profissional<\/td><td style=\"color: #666666; background-color: #FFFFFF;\">78\/2019<\/td><td style=\"color: #666666; background-color: #FFFFFF;\">10\/05\/2019<\/td><td style=\"color: #666666; background-color: #FFFFFF;\">Disp\u00f5e sobre o credenciamento e a autoriza\u00e7\u00e3o do Curso de T\u00e9cnico em Enfermagem, da Escola do Trabalho \u2014 Itumbiara\/G0 e d\u00e1 outras provid\u00eancias.<\/td><td style=\"color: #0000FF; background-color: #FFFFFF;text-decoration: underline;\"><a href=\"https:\/\/goias.gov.br\/cee\/wp-content\/uploads\/sites\/20\/2023\/10\/2019-78-cep-resolucao.pdf\" target=\"_blank\">ABRIR<\/a><\/td><td style=\"color: #000000; background-color: #FFFFFF;\"><\/td><\/tr><tr><td style=\"color: #666666; background-color: #FFFFFF;\">Resolu\u00e7\u00e3o<\/td><td style=\"color: #666666; background-color: #FFFFFF;\">C\u00e2mara de Educa\u00e7\u00e3o Profissional<\/td><td style=\"color: #666666; background-color: #FFFFFF;\">79\/2019<\/td><td style=\"color: #666666; background-color: #FFFFFF;\">10\/05\/2019<\/td><td style=\"color: #666666; background-color: #FFFFFF;\">Disp\u00f5e sobre a autoriza\u00e7\u00e3o do Curso de T\u00e9cnico em Est\u00e9tica, da Escola do Trabalho \u2014 Itumbiara\/G0 e d\u00e1 outras provid\u00eancias<\/td><td style=\"color: #0000FF; background-color: #FFFFFF;text-decoration: underline;\"><a href=\"https:\/\/goias.gov.br\/cee\/wp-content\/uploads\/sites\/20\/2023\/10\/2019-79-cep-resolucao.pdf\" target=\"_blank\">ABRIR<\/a><\/td><td style=\"color: #000000; background-color: #FFFFFF;\"><\/td><\/tr><tr><td style=\"color: #666666; background-color: #FFFFFF;\">Resolu\u00e7\u00e3o<\/td><td style=\"color: #666666; background-color: #FFFFFF;\">C\u00e2mara de Educa\u00e7\u00e3o Profissional<\/td><td style=\"color: #666666; background-color: #FFFFFF;\">80\/2019<\/td><td style=\"color: #666666; background-color: #FFFFFF;\">10\/05\/2019<\/td><td style=\"color: #666666; background-color: #FFFFFF;\">Disp\u00f5e sobre a autoriza\u00e7\u00e3o do Curso de T\u00e9cnico em Sa\u00fade Bucal, da Escola do Trabalho \u2014 Itumbiara\/G0 e d\u00e1 outras provid\u00eancias.<\/td><td style=\"color: #0000FF; background-color: #FFFFFF;text-decoration: underline;\"><a href=\"https:\/\/goias.gov.br\/cee\/wp-content\/uploads\/sites\/20\/2023\/10\/2019-80-cep-resolucao.pdf\" target=\"_blank\">ABRIR<\/a><\/td><td style=\"color: #000000; background-color: #FFFFFF;\"><\/td><\/tr><tr><td style=\"color: #666666; background-color: #FFFFFF;\">Resolu\u00e7\u00e3o<\/td><td style=\"color: #666666; background-color: #FFFFFF;\">C\u00e2mara de Educa\u00e7\u00e3o Profissional<\/td><td style=\"color: #666666; background-color: #FFFFFF;\">81\/2019<\/td><td style=\"color: #666666; background-color: #FFFFFF;\">10\/05\/2019<\/td><td style=\"color: #666666; background-color: #FFFFFF;\">Disp\u00f5e sobre a autoriza\u00e7\u00e3o do Curso de T\u00e9cnico em Edifica\u00e7\u00f5es, da Escola do Trabalho \u2014 Itumbiara\/G0 e d\u00e1 outras provid\u00eancias.<\/td><td style=\"color: #0000FF; background-color: #FFFFFF;text-decoration: underline;\"><a href=\"https:\/\/goias.gov.br\/cee\/wp-content\/uploads\/sites\/20\/2023\/10\/2019-81-cep-resolucao.pdf\" target=\"_blank\">ABRIR<\/a><\/td><td style=\"color: #000000; background-color: #FFFFFF;\"><\/td><\/tr><tr><td style=\"color: #666666; background-color: #FFFFFF;\">Resolu\u00e7\u00e3o<\/td><td style=\"color: #666666; background-color: #FFFFFF;\">C\u00e2mara de Educa\u00e7\u00e3o Profissional<\/td><td style=\"color: #666666; background-color: #FFFFFF;\">82\/2019<\/td><td style=\"color: #666666; background-color: #FFFFFF;\">10\/05\/2019<\/td><td style=\"color: #666666; background-color: #FFFFFF;\">Disp\u00f5e sobre a autoriza\u00e7\u00e3o do Curso de T\u00e9cnico em Seguran\u00e7a do Trabalho, da Escola do Trabalho \u2014 Itumbiara\/G0 e d\u00e1 outras provid\u00eancias.<\/td><td style=\"color: #0000FF; background-color: #FFFFFF;text-decoration: underline;\"><a href=\"https:\/\/goias.gov.br\/cee\/wp-content\/uploads\/sites\/20\/2023\/10\/2019-82-cep-resolucao.pdf\" target=\"_blank\">ABRIR<\/a><\/td><td style=\"color: #000000; background-color: #FFFFFF;\"><\/td><\/tr><tr><td style=\"color: #666666; background-color: #FFFFFF;\">Resolu\u00e7\u00e3o<\/td><td style=\"color: #666666; background-color: #FFFFFF;\">C\u00e2mara de Educa\u00e7\u00e3o Profissional<\/td><td style=\"color: #666666; background-color: #FFFFFF;\">83\/2019<\/td><td style=\"color: #666666; background-color: #FFFFFF;\">17\/05\/2019<\/td><td style=\"color: #666666; background-color: #FFFFFF;\">Disp\u00f5e sobre a renova\u00e7\u00e3o da autoriza\u00e7\u00e3o do Curso de T\u00e9cnico em Farm\u00e1cia, do Suldam\u00e9rica Cursos T\u00e9cnicos \u2014 Aparecida de Goi\u00e2nia\/GO e d\u00e1 outras provid\u00eancias.<\/td><td style=\"color: #0000FF; background-color: #FFFFFF;text-decoration: underline;\"><a href=\"https:\/\/goias.gov.br\/cee\/wp-content\/uploads\/sites\/20\/2023\/10\/2019-83-cep-resolucao.pdf\" target=\"_blank\">ABRIR<\/a><\/td><td style=\"color: #000000; background-color: #FFFFFF;\"><\/td><\/tr><tr><td style=\"color: #666666; background-color: #FFFFFF;\">Resolu\u00e7\u00e3o<\/td><td style=\"color: #666666; background-color: #FFFFFF;\">C\u00e2mara de Educa\u00e7\u00e3o Profissional<\/td><td style=\"color: #666666; background-color: #FFFFFF;\">84\/2019<\/td><td style=\"color: #666666; background-color: #FFFFFF;\">17\/05\/2019<\/td><td style=\"color: #666666; background-color: #FFFFFF;\">Disp\u00f5e sobre a renova\u00e7\u00e3o da autoriza\u00e7\u00e3o do Curso de T\u00e9cnico em An\u00e1lises Cl\u00ednicas, do Suldam\u00e9rica Cursos T\u00e9cnicos \u2014 Aparecida de Goi\u00e2nia\/GO e d\u00e1 outras provid\u00eancias.<\/td><td style=\"color: #0000FF; background-color: #FFFFFF;text-decoration: underline;\"><a href=\"https:\/\/goias.gov.br\/cee\/wp-content\/uploads\/sites\/20\/2023\/10\/2019-84-cep-resolucao.pdf\" target=\"_blank\">ABRIR<\/a><\/td><td style=\"color: #000000; background-color: #FFFFFF;\"><\/td><\/tr><tr><td style=\"color: #666666; background-color: #FFFFFF;\">Resolu\u00e7\u00e3o<\/td><td style=\"color: #666666; background-color: #FFFFFF;\">C\u00e2mara de Educa\u00e7\u00e3o Profissional<\/td><td style=\"color: #666666; background-color: #FFFFFF;\">85\/2019<\/td><td style=\"color: #666666; background-color: #FFFFFF;\">17\/05\/2019<\/td><td style=\"color: #666666; background-color: #FFFFFF;\">Disp\u00f5e sobre a aprova\u00e7\u00e3o do relat\u00f3rio dos M\u00f3dulos I e II do curso de \"Libras como Primeira L\u00edngua (L1) para Surdos Jovens e Adultos\", realizado pela Ger\u00eancia de Ensino Especial atrav\u00e9s do Centro de Capacita\u00e7\u00e3o de Profissionais da Educa\u00e7\u00e3o e de Atendimento \u00e0s Pessoas com Surdez - CAS \u2014 Goi\u00e2nia\/GO e d\u00e1 outras provid\u00eancias.<\/td><td style=\"color: #0000FF; background-color: #FFFFFF;text-decoration: underline;\"><a href=\"https:\/\/goias.gov.br\/cee\/wp-content\/uploads\/sites\/20\/2023\/10\/2019-85-cep-resolucao.pdf\" target=\"_blank\">ABRIR<\/a><\/td><td style=\"color: #000000; background-color: #FFFFFF;\"><\/td><\/tr><tr><td style=\"color: #666666; background-color: #FFFFFF;\">Resolu\u00e7\u00e3o<\/td><td style=\"color: #666666; background-color: #FFFFFF;\">C\u00e2mara de Educa\u00e7\u00e3o Profissional<\/td><td style=\"color: #666666; background-color: #FFFFFF;\">86\/2019<\/td><td style=\"color: #666666; background-color: #FFFFFF;\">17\/05\/2019<\/td><td style=\"color: #666666; background-color: #FFFFFF;\">Disp\u00f5e sobre a aprova\u00e7\u00e3o do relat\u00f3rio do curso de \"L\u00edngua Brasileira de Sinais \u2014 M\u00f3dulo 1 ao V\", realizado pela Ger\u00eancia de Ensino Especial atrav\u00e9s do Centro de Capacita\u00e7\u00e3o de Profissionais da Educa\u00e7\u00e3o e de Atendimento \u00e0s Pessoas com Surdez - CAS \u2014 Goi\u00e2nia\/GO e d\u00e1 outras provid\u00eancias.<\/td><td style=\"color: #0000FF; background-color: #FFFFFF;text-decoration: underline;\"><a href=\"https:\/\/goias.gov.br\/cee\/wp-content\/uploads\/sites\/20\/2023\/10\/2019-86-cep-resolucao.pdf\" target=\"_blank\">ABRIR<\/a><\/td><td style=\"color: #000000; background-color: #FFFFFF;\"><\/td><\/tr><tr><td style=\"color: #666666; background-color: #FFFFFF;\">Resolu\u00e7\u00e3o<\/td><td style=\"color: #666666; background-color: #FFFFFF;\">C\u00e2mara de Educa\u00e7\u00e3o Profissional<\/td><td style=\"color: #666666; background-color: #FFFFFF;\">87\/2019<\/td><td style=\"color: #666666; background-color: #FFFFFF;\">17\/05\/2019<\/td><td style=\"color: #666666; background-color: #FFFFFF;\">Disp\u00f5e sobre o credenciamento e a autoriza\u00e7\u00e3o do Curso de forma\u00e7\u00e3o continuada Eletricista de Redes A\u00e9reas Convencionais de Distribui\u00e7\u00e3o de Energia El\u00e9tricas Urbanas e Rurais at\u00e9 a Classe de 36,25 Kv, da JN Consultoria e Cursos Profissionalizantes \u2014 Goianira\/GO e d\u00e1 outras provid\u00eancias.<\/td><td style=\"color: #0000FF; background-color: #FFFFFF;text-decoration: underline;\"><a href=\"https:\/\/goias.gov.br\/cee\/wp-content\/uploads\/sites\/20\/2023\/10\/2019-87-cep-resolucao.pdf\" target=\"_blank\">ABRIR<\/a><\/td><td style=\"color: #000000; background-color: #FFFFFF;\"><\/td><\/tr><tr><td style=\"color: #666666; background-color: #FFFFFF;\">Resolu\u00e7\u00e3o<\/td><td style=\"color: #666666; background-color: #FFFFFF;\">C\u00e2mara de Educa\u00e7\u00e3o Profissional<\/td><td style=\"color: #666666; background-color: #FFFFFF;\">88\/2019<\/td><td style=\"color: #666666; background-color: #FFFFFF;\">31\/05\/2019<\/td><td style=\"color: #666666; background-color: #FFFFFF;\">Disp\u00f5e sobre a renova\u00e7\u00e3o da autoriza\u00e7\u00e3o dos oito projetos de cursos de Forma\u00e7\u00e3o Inicial e Continuada, realizado pela Ger\u00eancia de Ensino Especial atrav\u00e9s do Centro de Capacita\u00e7\u00e3o de Profissionais da Educa\u00e7\u00e3o e de Atendimento \u00e0s Pessoas com Surdez - CAS \u2014 Goi\u00e2nia\/GO e d\u00e1 outras provid\u00eancias.<\/td><td style=\"color: #0000FF; background-color: #FFFFFF;text-decoration: underline;\"><a href=\"https:\/\/goias.gov.br\/cee\/wp-content\/uploads\/sites\/20\/2023\/10\/2019-88-cep-resolucao.pdf\" target=\"_blank\">ABRIR<\/a><\/td><td style=\"color: #000000; background-color: #FFFFFF;\"><\/td><\/tr><tr><td style=\"color: #666666; background-color: #FFFFFF;\">Resolu\u00e7\u00e3o<\/td><td style=\"color: #666666; background-color: #FFFFFF;\">C\u00e2mara de Educa\u00e7\u00e3o Profissional<\/td><td style=\"color: #666666; background-color: #FFFFFF;\">89\/2019<\/td><td style=\"color: #666666; background-color: #FFFFFF;\">31\/05\/2019<\/td><td style=\"color: #666666; background-color: #FFFFFF;\">Disp\u00f5e sobre a autoriza\u00e7\u00e3o do Curso T\u00e9cnico em Massoterapia do Programa PRONATEC, pelo Instituto Tecnol\u00f3gico do Estado de Goi\u00e1s Goiandira Ayres do Couto \u2014 Cidade de Goi\u00e1s\/G0 e d\u00e1 outras provid\u00eancias.<\/td><td style=\"color: #0000FF; background-color: #FFFFFF;text-decoration: underline;\"><a href=\"https:\/\/goias.gov.br\/cee\/wp-content\/uploads\/sites\/20\/2023\/10\/2019-89-cep-resolucao.pdf\" target=\"_blank\">ABRIR<\/a><\/td><td style=\"color: #000000; background-color: #FFFFFF;\"><\/td><\/tr><tr><td style=\"color: #666666; background-color: #FFFFFF;\">Resolu\u00e7\u00e3o<\/td><td style=\"color: #666666; background-color: #FFFFFF;\">C\u00e2mara de Educa\u00e7\u00e3o Profissional<\/td><td style=\"color: #666666; background-color: #FFFFFF;\">90\/2019<\/td><td style=\"color: #666666; background-color: #FFFFFF;\">31\/05\/2019<\/td><td style=\"color: #666666; background-color: #FFFFFF;\">Disp\u00f5e sobre a autoriza\u00e7\u00e3o do Curso T\u00e9cnico em Recursos Humanos na modalidade de EaD do Programa PRONATEC, pelo Instituto Tecnol\u00f3gico do Estado de Goi\u00e1s C\u00e9lio Domingos Mazzonetto \u2014 Ceres\/G0 e d\u00e1 outras provid\u00eancias.<\/td><td style=\"color: #0000FF; background-color: #FFFFFF;text-decoration: underline;\"><a href=\"https:\/\/goias.gov.br\/cee\/wp-content\/uploads\/sites\/20\/2023\/10\/2019-90-cep-resolucao.pdf\" target=\"_blank\">ABRIR<\/a><\/td><td style=\"color: #000000; background-color: #FFFFFF;\"><\/td><\/tr><tr><td style=\"color: #666666; background-color: #FFFFFF;\">Resolu\u00e7\u00e3o<\/td><td style=\"color: #666666; background-color: #FFFFFF;\">C\u00e2mara de Educa\u00e7\u00e3o Profissional<\/td><td style=\"color: #666666; background-color: #FFFFFF;\">91\/2019<\/td><td style=\"color: #666666; background-color: #FFFFFF;\">31\/05\/2019<\/td><td style=\"color: #666666; background-color: #FFFFFF;\">Disp\u00f5e sobre a autoriza\u00e7\u00e3o do Curso T\u00e9cnico em Panifica\u00e7\u00e3o na modalidade de EaD do Programa PRONATEC, pelo Instituto Tecnol\u00f3gico do Estado de Goi\u00e1s Fernando Cunha J\u00fanior \u2014 Piranhas\/GO e d\u00e1 outras provid\u00eancias.<\/td><td style=\"color: #0000FF; background-color: #FFFFFF;text-decoration: underline;\"><a href=\"https:\/\/goias.gov.br\/cee\/wp-content\/uploads\/sites\/20\/2023\/10\/2019-91-cep-resolucao.pdf\" target=\"_blank\">ABRIR<\/a><\/td><td style=\"color: #000000; background-color: #FFFFFF;\"><\/td><\/tr><tr><td style=\"color: #666666; background-color: #FFFFFF;\">Resolu\u00e7\u00e3o<\/td><td style=\"color: #666666; background-color: #FFFFFF;\">C\u00e2mara de Educa\u00e7\u00e3o Profissional<\/td><td style=\"color: #666666; background-color: #FFFFFF;\">92\/2019<\/td><td style=\"color: #666666; background-color: #FFFFFF;\">31\/05\/2019<\/td><td style=\"color: #666666; background-color: #FFFFFF;\">Disp\u00f5e sobre a autoriza\u00e7\u00e3o do Curso T\u00e9cnico em Administra\u00e7\u00e3o do Programa PRONATEC, pelo Instituto Tecnol\u00f3gico do Estado de Goi\u00e1s Goiandira Ayres do Couto \u2014 Cidade de Goi\u00e1s\/G0 e d\u00e1 outras provid\u00eancias.<\/td><td style=\"color: #0000FF; background-color: #FFFFFF;text-decoration: underline;\"><a href=\"https:\/\/goias.gov.br\/cee\/wp-content\/uploads\/sites\/20\/2023\/10\/2019-92-cep-resolucao.pdf\" target=\"_blank\">ABRIR<\/a><\/td><td style=\"color: #000000; background-color: #FFFFFF;\"><\/td><\/tr><tr><td style=\"color: #666666; background-color: #FFFFFF;\">Resolu\u00e7\u00e3o<\/td><td style=\"color: #666666; background-color: #FFFFFF;\">C\u00e2mara de Educa\u00e7\u00e3o Profissional<\/td><td style=\"color: #666666; background-color: #FFFFFF;\">93\/2019<\/td><td style=\"color: #666666; background-color: #FFFFFF;\">31\/05\/2019<\/td><td style=\"color: #666666; background-color: #FFFFFF;\">Disp\u00f5e sobre a autoriza\u00e7\u00e3o do Curso T\u00e9cnico em Inform\u00e1tica para Internet do Programa PRONATEC, pelo Instituto Tecnol\u00f3gico do Estado de Goi\u00e1s Governador Onofre Quinan \u2014 An\u00e1polis\/GO e d\u00e1 outras provid\u00eancias.<\/td><td style=\"color: #0000FF; background-color: #FFFFFF;text-decoration: underline;\"><a href=\"https:\/\/goias.gov.br\/cee\/wp-content\/uploads\/sites\/20\/2023\/10\/2019-93-cep-resolucao.pdf\" target=\"_blank\">ABRIR<\/a><\/td><td style=\"color: #000000; background-color: #FFFFFF;\"><\/td><\/tr><tr><td style=\"color: #666666; background-color: #FFFFFF;\">Resolu\u00e7\u00e3o<\/td><td style=\"color: #666666; background-color: #FFFFFF;\">C\u00e2mara de Educa\u00e7\u00e3o Profissional<\/td><td style=\"color: #666666; background-color: #FFFFFF;\">94\/2019<\/td><td style=\"color: #666666; background-color: #FFFFFF;\">31\/05\/2019<\/td><td style=\"color: #666666; background-color: #FFFFFF;\">Disp\u00f5e sobre a autoriza\u00e7\u00e3o do Curso T\u00e9cnico em Imagem Pessoal na modalidade de EaD do Programa PRONATEC, pelo Instituto Tecnol\u00f3gico do Estado de Goi\u00e1s Fernando Cunha J\u00fanior \u2014 Piranhas\/GO e d\u00e1 outras provid\u00eancias.<\/td><td style=\"color: #0000FF; background-color: #FFFFFF;text-decoration: underline;\"><a href=\"https:\/\/goias.gov.br\/cee\/wp-content\/uploads\/sites\/20\/2023\/10\/2019-94-cep-resolucao.pdf\" target=\"_blank\">ABRIR<\/a><\/td><td style=\"color: #000000; background-color: #FFFFFF;\"><\/td><\/tr><tr><td style=\"color: #666666; background-color: #FFFFFF;\">Resolu\u00e7\u00e3o<\/td><td style=\"color: #666666; background-color: #FFFFFF;\">C\u00e2mara de Educa\u00e7\u00e3o Profissional<\/td><td style=\"color: #666666; background-color: #FFFFFF;\">95\/2019<\/td><td style=\"color: #666666; background-color: #FFFFFF;\">31\/05\/2019<\/td><td style=\"color: #666666; background-color: #FFFFFF;\">Disp\u00f5e sobre a autoriza\u00e7\u00e3o do Curso T\u00e9cnico em Panifica\u00e7\u00e3o do Programa PRONATEC, pelo Instituto Tecnol\u00f3gico do Estado de Goi\u00e1s Fernando Cunha J\u00fanior \u2014 Piranhas\/GO e d\u00e1 outras provid\u00eancias.<\/td><td style=\"color: #0000FF; background-color: #FFFFFF;text-decoration: underline;\"><a href=\"https:\/\/goias.gov.br\/cee\/wp-content\/uploads\/sites\/20\/2023\/10\/2019-95-cep-resolucao.pdf\" target=\"_blank\">ABRIR<\/a><\/td><td style=\"color: #000000; background-color: #FFFFFF;\"><\/td><\/tr><tr><td style=\"color: #666666; background-color: #FFFFFF;\">Resolu\u00e7\u00e3o<\/td><td style=\"color: #666666; background-color: #FFFFFF;\">C\u00e2mara de Educa\u00e7\u00e3o Profissional<\/td><td style=\"color: #666666; background-color: #FFFFFF;\">96\/2019<\/td><td style=\"color: #666666; background-color: #FFFFFF;\">31\/05\/2019<\/td><td style=\"color: #666666; background-color: #FFFFFF;\">Disp\u00f5e sobre a autoriza\u00e7\u00e3o do Curso T\u00e9cnico em Log\u00edstica do Programa PRONATEC, pelo Instituto Tecnol\u00f3gico do Estado de Goi\u00e1s Aguinaldo de Campos Netto \u2014 Catal\u00e3o\/GO e d\u00e1 outras provid\u00eancias.<\/td><td style=\"color: #0000FF; background-color: #FFFFFF;text-decoration: underline;\"><a href=\"https:\/\/goias.gov.br\/cee\/wp-content\/uploads\/sites\/20\/2023\/10\/2019-96-cep-resolucao.pdf\" target=\"_blank\">ABRIR<\/a><\/td><td style=\"color: #000000; background-color: #FFFFFF;\"><\/td><\/tr><tr><td style=\"color: #666666; background-color: #FFFFFF;\">Resolu\u00e7\u00e3o<\/td><td style=\"color: #666666; background-color: #FFFFFF;\">C\u00e2mara de Educa\u00e7\u00e3o Profissional<\/td><td style=\"color: #666666; background-color: #FFFFFF;\">97\/2019<\/td><td style=\"color: #666666; background-color: #FFFFFF;\">31\/05\/2019<\/td><td style=\"color: #666666; background-color: #FFFFFF;\">Disp\u00f5e sobre a autoriza\u00e7\u00e3o do Curso T\u00e9cnico em Recursos Humanos na modalidade de EaD do Programa PRONATEC, pelo Instituto Tecnol\u00f3gico do Estado de Goi\u00e1s Sebasti\u00e3o de Siqueira \u2014 Goi\u00e2nia\/GO e d\u00e1 outras provid\u00eancias.<\/td><td style=\"color: #0000FF; background-color: #FFFFFF;text-decoration: underline;\"><a href=\"https:\/\/goias.gov.br\/cee\/wp-content\/uploads\/sites\/20\/2023\/10\/2019-97-cep-resolucao.pdf\" target=\"_blank\">ABRIR<\/a><\/td><td style=\"color: #000000; background-color: #FFFFFF;\"><\/td><\/tr><tr><td style=\"color: #666666; background-color: #FFFFFF;\">Resolu\u00e7\u00e3o<\/td><td style=\"color: #666666; background-color: #FFFFFF;\">C\u00e2mara de Educa\u00e7\u00e3o Profissional<\/td><td style=\"color: #666666; background-color: #FFFFFF;\">98\/2019<\/td><td style=\"color: #666666; background-color: #FFFFFF;\">31\/05\/2019<\/td><td style=\"color: #666666; background-color: #FFFFFF;\">Disp\u00f5e sobre a autoriza\u00e7\u00e3o do Curso T\u00e9cnico em Inform\u00e1tica para Internet do Programa PRONATEC, pelo Instituto Tecnol\u00f3gico do Estado de Goi\u00e1s Sebasti\u00e3o de Siqueira \u2014 Goi\u00e2nia\/GO e d\u00e1 outras provid\u00eancias.<\/td><td style=\"color: #0000FF; background-color: #FFFFFF;text-decoration: underline;\"><a href=\"https:\/\/goias.gov.br\/cee\/wp-content\/uploads\/sites\/20\/2023\/10\/2019-98-cep-resolucao.pdf\" target=\"_blank\">ABRIR<\/a><\/td><td style=\"color: #000000; background-color: #FFFFFF;\"><\/td><\/tr><tr><td style=\"color: #666666; background-color: #FFFFFF;\">Resolu\u00e7\u00e3o<\/td><td style=\"color: #666666; background-color: #FFFFFF;\">C\u00e2mara de Educa\u00e7\u00e3o Profissional<\/td><td style=\"color: #666666; background-color: #FFFFFF;\">99\/2019<\/td><td style=\"color: #666666; background-color: #FFFFFF;\">31\/05\/2019<\/td><td style=\"color: #666666; background-color: #FFFFFF;\">Disp\u00f5e sobre a autoriza\u00e7\u00e3o do Curso T\u00e9cnico em Manuten\u00e7\u00e3o Suporte em Inform\u00e1tica do Programa PRONATEC, pelo Instituto Tecnol\u00f3gico do Estado de Goi\u00e1s Sebasti\u00e3o de Siqueira \u2014 Goi\u00e2nia\/GO e d\u00e1 outras provid\u00eancias.<\/td><td style=\"color: #0000FF; background-color: #FFFFFF;text-decoration: underline;\"><a href=\"https:\/\/goias.gov.br\/cee\/wp-content\/uploads\/sites\/20\/2023\/10\/2019-99-cep-resolucao.pdf\" target=\"_blank\">ABRIR<\/a><\/td><td style=\"color: #000000; background-color: #FFFFFF;\"><\/td><\/tr><tr><td style=\"color: #666666; background-color: #FFFFFF;\">Resolu\u00e7\u00e3o<\/td><td style=\"color: #666666; background-color: #FFFFFF;\">C\u00e2mara de Educa\u00e7\u00e3o Profissional<\/td><td style=\"color: #666666; background-color: #FFFFFF;\">100\/2019<\/td><td style=\"color: #666666; background-color: #FFFFFF;\">31\/05\/2019<\/td><td style=\"color: #666666; background-color: #FFFFFF;\">Disp\u00f5e sobre a autoriza\u00e7\u00e3o do Curso T\u00e9cnico em Instrumento Musical do Programa PRONATEC, pelo Instituto Tecnol\u00f3gico do Estado de Goi\u00e1s Labibe Faiad \u2014 Catal\u00e3o\/GO e d\u00e1 outras provid\u00eancias.<\/td><td style=\"color: #0000FF; background-color: #FFFFFF;text-decoration: underline;\"><a href=\"https:\/\/goias.gov.br\/cee\/wp-content\/uploads\/sites\/20\/2023\/10\/2019-100-cep-resolucao.pdf\" target=\"_blank\">ABRIR<\/a><\/td><td style=\"color: #000000; background-color: #FFFFFF;\"><\/td><\/tr><tr><td style=\"color: #666666; background-color: #FFFFFF;\">Resolu\u00e7\u00e3o<\/td><td style=\"color: #666666; background-color: #FFFFFF;\">C\u00e2mara de Educa\u00e7\u00e3o Profissional<\/td><td style=\"color: #666666; background-color: #FFFFFF;\">101\/2019<\/td><td style=\"color: #666666; background-color: #FFFFFF;\">07\/06\/2019<\/td><td style=\"color: #666666; background-color: #FFFFFF;\">Disp\u00f5e sobre a autoriza\u00e7\u00e3o do Curso T\u00e9cnico em Qualidade na modalidade de EaD do Programa PRONATEC, pelo Instituto Tecnol\u00f3gico do Estado de Goi\u00e1s Sebasti\u00e3o de Siqueira\u2014 Goi\u00e2nia\/GO e d\u00e1 outras provid\u00eancias.<\/td><td style=\"color: #0000FF; background-color: #FFFFFF;text-decoration: underline;\"><a href=\"https:\/\/goias.gov.br\/cee\/wp-content\/uploads\/sites\/20\/2023\/10\/2019-101-cep-resolucao.pdf\" target=\"_blank\">ABRIR<\/a><\/td><td style=\"color: #000000; background-color: #FFFFFF;\"><\/td><\/tr><tr><td style=\"color: #666666; background-color: #FFFFFF;\">Resolu\u00e7\u00e3o<\/td><td style=\"color: #666666; background-color: #FFFFFF;\">C\u00e2mara de Educa\u00e7\u00e3o Profissional<\/td><td style=\"color: #666666; background-color: #FFFFFF;\">102\/2019<\/td><td style=\"color: #666666; background-color: #FFFFFF;\">07\/06\/2019<\/td><td style=\"color: #666666; background-color: #FFFFFF;\">Disp\u00f5e sobre a autoriza\u00e7\u00e3o do Curso T\u00e9cnico em Imagem Pessoal na modalidade de EaD do Programa PRONATEC, pelo Instituto Tecnol\u00f3gico do Estado de Goi\u00e1s Sebastiana da Silva \u2014 Porangatu\/GO e d\u00e1 outras provid\u00eancias.<\/td><td style=\"color: #0000FF; background-color: #FFFFFF;text-decoration: underline;\"><a href=\"https:\/\/goias.gov.br\/cee\/wp-content\/uploads\/sites\/20\/2023\/10\/2019-102-cep-resolucao.pdf\" target=\"_blank\">ABRIR<\/a><\/td><td style=\"color: #000000; background-color: #FFFFFF;\"><\/td><\/tr><tr><td style=\"color: #666666; background-color: #FFFFFF;\">Resolu\u00e7\u00e3o<\/td><td style=\"color: #666666; background-color: #FFFFFF;\">C\u00e2mara de Educa\u00e7\u00e3o Profissional<\/td><td style=\"color: #666666; background-color: #FFFFFF;\">103\/2019<\/td><td style=\"color: #666666; background-color: #FFFFFF;\">07\/06\/2019<\/td><td style=\"color: #666666; background-color: #FFFFFF;\">Disp\u00f5e sobre a autoriza\u00e7\u00e3o do Curso T\u00e9cnico em Est\u00e9tica do Programa PRONATEC, pelo Instituto Tecnol\u00f3gico do Estado de Goi\u00e1s Goiandira Ayres do Couto \u2014 Cidade de Goi\u00e1s\/G0 e d\u00e1 outras provid\u00eancias.<\/td><td style=\"color: #0000FF; background-color: #FFFFFF;text-decoration: underline;\"><a href=\"https:\/\/goias.gov.br\/cee\/wp-content\/uploads\/sites\/20\/2023\/10\/2019-103-cep-resolucao.pdf\" target=\"_blank\">ABRIR<\/a><\/td><td style=\"color: #000000; background-color: #FFFFFF;\"><\/td><\/tr><tr><td style=\"color: #666666; background-color: #FFFFFF;\">Resolu\u00e7\u00e3o<\/td><td style=\"color: #666666; background-color: #FFFFFF;\">C\u00e2mara de Educa\u00e7\u00e3o Profissional<\/td><td style=\"color: #666666; background-color: #FFFFFF;\">104\/2019<\/td><td style=\"color: #666666; background-color: #FFFFFF;\">07\/06\/2019<\/td><td style=\"color: #666666; background-color: #FFFFFF;\">Disp\u00f5e sobre a autoriza\u00e7\u00e3o do Curso T\u00e9cnico em An\u00e1lise Qu\u00edmicas do Programa PRONATEC, pelo Instituto Tecnol\u00f3gico do Estado de Goi\u00e1s Governador Onofre Quinan \u2014 An\u00e1polis\/GO e d\u00e1 outras provid\u00eancias.<\/td><td style=\"color: #0000FF; background-color: #FFFFFF;text-decoration: underline;\"><a href=\"https:\/\/goias.gov.br\/cee\/wp-content\/uploads\/sites\/20\/2023\/10\/2019-104-cep-resolucao.pdf\" target=\"_blank\">ABRIR<\/a><\/td><td style=\"color: #000000; background-color: #FFFFFF;\"><\/td><\/tr><tr><td style=\"color: #666666; background-color: #FFFFFF;\">Resolu\u00e7\u00e3o<\/td><td style=\"color: #666666; background-color: #FFFFFF;\">C\u00e2mara de Educa\u00e7\u00e3o Profissional<\/td><td style=\"color: #666666; background-color: #FFFFFF;\">105\/2019<\/td><td style=\"color: #666666; background-color: #FFFFFF;\">07\/06\/2019<\/td><td style=\"color: #666666; background-color: #FFFFFF;\">Disp\u00f5e sobre a autoriza\u00e7\u00e3o do Curso T\u00e9cnico em Design de Embalagens do Programa PRONATEC, pelo Instituto Tecnol\u00f3gico do Estado de Goi\u00e1s Governador Onofre Quinan \u2014 An\u00e1polis\/GO e d\u00e1 outras provid\u00eancias<\/td><td style=\"color: #0000FF; background-color: #FFFFFF;text-decoration: underline;\"><a href=\"https:\/\/goias.gov.br\/cee\/wp-content\/uploads\/sites\/20\/2023\/10\/2019-105-cep-resolucao.pdf\" target=\"_blank\">ABRIR<\/a><\/td><td style=\"color: #000000; background-color: #FFFFFF;\"><\/td><\/tr><tr><td style=\"color: #666666; background-color: #FFFFFF;\">Resolu\u00e7\u00e3o<\/td><td style=\"color: #666666; background-color: #FFFFFF;\">C\u00e2mara de Educa\u00e7\u00e3o Profissional<\/td><td style=\"color: #666666; background-color: #FFFFFF;\">106\/2019<\/td><td style=\"color: #666666; background-color: #FFFFFF;\">07\/06\/2019<\/td><td style=\"color: #666666; background-color: #FFFFFF;\">Disp\u00f5e sobre a autoriza\u00e7\u00e3o do Curso T\u00e9cnico em Qu\u00edmica do Programa PRONATEC, pelo Instituto Tecnol\u00f3gico do Estado de Goi\u00e1s Aguinaldo de Campos Netto \u2014 Catal\u00e3o\/GO e d\u00e1 outras provid\u00eancias.<\/td><td style=\"color: #0000FF; background-color: #FFFFFF;text-decoration: underline;\"><a href=\"https:\/\/goias.gov.br\/cee\/wp-content\/uploads\/sites\/20\/2023\/10\/2019-106-cep-resolucao.pdf\" target=\"_blank\">ABRIR<\/a><\/td><td style=\"color: #000000; background-color: #FFFFFF;\"><\/td><\/tr><tr><td style=\"color: #666666; background-color: #FFFFFF;\">Resolu\u00e7\u00e3o<\/td><td style=\"color: #666666; background-color: #FFFFFF;\">C\u00e2mara de Educa\u00e7\u00e3o Profissional<\/td><td style=\"color: #666666; background-color: #FFFFFF;\">107\/2019<\/td><td style=\"color: #666666; background-color: #FFFFFF;\">07\/06\/2019<\/td><td style=\"color: #666666; background-color: #FFFFFF;\">Disp\u00f5e sobre a autoriza\u00e7\u00e3o do Curso T\u00e9cnico em Comunica\u00e7\u00e3o Visual do Programa PRONATEC, pelo Instituto Tecnol\u00f3gico do Estado de Goi\u00e1s Labibe Faiad \u2014 Catal\u00e3o\/GO e d\u00e1 outras provid\u00eancias.<\/td><td style=\"color: #0000FF; background-color: #FFFFFF;text-decoration: underline;\"><a href=\"https:\/\/goias.gov.br\/cee\/wp-content\/uploads\/sites\/20\/2023\/10\/2019-107-cep-resolucao.pdf\" target=\"_blank\">ABRIR<\/a><\/td><td style=\"color: #000000; background-color: #FFFFFF;\"><\/td><\/tr><tr><td style=\"color: #666666; background-color: #FFFFFF;\">Resolu\u00e7\u00e3o<\/td><td style=\"color: #666666; background-color: #FFFFFF;\">C\u00e2mara de Educa\u00e7\u00e3o Profissional<\/td><td style=\"color: #666666; background-color: #FFFFFF;\">108\/2019<\/td><td style=\"color: #666666; background-color: #FFFFFF;\">07\/06\/2019<\/td><td style=\"color: #666666; background-color: #FFFFFF;\">Disp\u00f5e sobre a autoriza\u00e7\u00e3o do Curso T\u00e9cnico em Dan\u00e7a do Programa PRONATEC, pelo Instituto Tecnol\u00f3gico do Estado de Goi\u00e1s Labibe Faiad \u2014 Catal\u00e3o\/GO e d\u00e1 outras provid\u00eancias.<\/td><td style=\"color: #0000FF; background-color: #FFFFFF;text-decoration: underline;\"><a href=\"https:\/\/goias.gov.br\/cee\/wp-content\/uploads\/sites\/20\/2023\/10\/2019-108-cep-resolucao.pdf\" target=\"_blank\">ABRIR<\/a><\/td><td style=\"color: #000000; background-color: #FFFFFF;\"><\/td><\/tr><tr><td style=\"color: #666666; background-color: #FFFFFF;\">Resolu\u00e7\u00e3o<\/td><td style=\"color: #666666; background-color: #FFFFFF;\">C\u00e2mara de Educa\u00e7\u00e3o Profissional<\/td><td style=\"color: #666666; background-color: #FFFFFF;\">109\/2019<\/td><td style=\"color: #666666; background-color: #FFFFFF;\">07\/06\/2019<\/td><td style=\"color: #666666; background-color: #FFFFFF;\">Disp\u00f5e sobre a autoriza\u00e7\u00e3o do Curso T\u00e9cnico em Meio Ambiente do Programa PRONATEC, pelo Instituto Tecnol\u00f3gico do Estado de Goi\u00e1s Aguinaldo Campos Netto \u2014 Catal\u00e3o\/GO e d\u00e1 outras provid\u00eancias.<\/td><td style=\"color: #0000FF; background-color: #FFFFFF;text-decoration: underline;\"><a href=\"https:\/\/goias.gov.br\/cee\/wp-content\/uploads\/sites\/20\/2023\/10\/2019-109-cep-resolucao.pdf\" target=\"_blank\">ABRIR<\/a><\/td><td style=\"color: #000000; background-color: #FFFFFF;\"><\/td><\/tr><tr><td style=\"color: #666666; background-color: #FFFFFF;\">Resolu\u00e7\u00e3o<\/td><td style=\"color: #666666; background-color: #FFFFFF;\">C\u00e2mara de Educa\u00e7\u00e3o Profissional<\/td><td style=\"color: #666666; background-color: #FFFFFF;\">110\/2019<\/td><td style=\"color: #666666; background-color: #FFFFFF;\">07\/06\/2019<\/td><td style=\"color: #666666; background-color: #FFFFFF;\">Disp\u00f5e sobre a autoriza\u00e7\u00e3o do Curso T\u00e9cnico em Vestu\u00e1rio do Programa PRONATEC, pelo Instituto Tecnol\u00f3gico do Estado de Goi\u00e1s Labibe Faiad \u2014 Catal\u00e3o\/GO e d\u00e1 outras provid\u00eancias.<\/td><td style=\"color: #0000FF; background-color: #FFFFFF;text-decoration: underline;\"><a href=\"https:\/\/goias.gov.br\/cee\/wp-content\/uploads\/sites\/20\/2023\/10\/2019-110-cep-resolucao.pdf\" target=\"_blank\">ABRIR<\/a><\/td><td style=\"color: #000000; background-color: #FFFFFF;\"><\/td><\/tr><tr><td style=\"color: #666666; background-color: #FFFFFF;\">Resolu\u00e7\u00e3o<\/td><td style=\"color: #666666; background-color: #FFFFFF;\">C\u00e2mara de Educa\u00e7\u00e3o Profissional<\/td><td style=\"color: #666666; background-color: #FFFFFF;\">111\/2019<\/td><td style=\"color: #666666; background-color: #FFFFFF;\">07\/06\/2019<\/td><td style=\"color: #666666; background-color: #FFFFFF;\">Disp\u00f5e sobre a autoriza\u00e7\u00e3o do Curso T\u00e9cnico em A\u00e7\u00facar e \u00c1lcool do Programa PRONATEC, pelo Instituto Tecnol\u00f3gico do Estado de Goi\u00e1s Governador Ot\u00e1vio Lage \u2014 Goian\u00e9sia\/GO e d\u00e1 outras provid\u00eancias.<\/td><td style=\"color: #0000FF; background-color: #FFFFFF;text-decoration: underline;\"><a href=\"https:\/\/goias.gov.br\/cee\/wp-content\/uploads\/sites\/20\/2023\/10\/2019-111-cep-resolucao.pdf\" target=\"_blank\">ABRIR<\/a><\/td><td style=\"color: #000000; background-color: #FFFFFF;\"><\/td><\/tr><tr><td style=\"color: #666666; background-color: #FFFFFF;\">Resolu\u00e7\u00e3o<\/td><td style=\"color: #666666; background-color: #FFFFFF;\">C\u00e2mara de Educa\u00e7\u00e3o Profissional<\/td><td style=\"color: #666666; background-color: #FFFFFF;\">112\/2019<\/td><td style=\"color: #666666; background-color: #FFFFFF;\">07\/06\/2019<\/td><td style=\"color: #666666; background-color: #FFFFFF;\">Disp\u00f5e sobre a autoriza\u00e7\u00e3o do Curso T\u00e9cnico em Desenvolvimento de Sistema do Programa PRONATEC, pelo Instituto Tecnol\u00f3gico do Estado de Goi\u00e1s Sebasti\u00e3o de Siqueira \u2014 Goi\u00e2nia\/GO e d\u00e1 outras provid\u00eancias.<\/td><td style=\"color: #0000FF; background-color: #FFFFFF;text-decoration: underline;\"><a href=\"https:\/\/goias.gov.br\/cee\/wp-content\/uploads\/sites\/20\/2023\/10\/2019-112-cep-resolucao.pdf\" target=\"_blank\">ABRIR<\/a><\/td><td style=\"color: #000000; background-color: #FFFFFF;\"><\/td><\/tr><tr><td style=\"color: #666666; background-color: #FFFFFF;\">Resolu\u00e7\u00e3o<\/td><td style=\"color: #666666; background-color: #FFFFFF;\">C\u00e2mara de Educa\u00e7\u00e3o Profissional<\/td><td style=\"color: #666666; background-color: #FFFFFF;\">113\/2019<\/td><td style=\"color: #666666; background-color: #FFFFFF;\">07\/06\/2019<\/td><td style=\"color: #666666; background-color: #FFFFFF;\">Disp\u00f5e sobre a autoriza\u00e7\u00e3o do Curso T\u00e9cnico em Panifica\u00e7\u00e3o do Programa PRONATEC, pelo Instituto Tecnol\u00f3gico do Estado de Goi\u00e1s Genervino Evangelista da Fonseca \u2014 Cristalina\/GO e d\u00e1 outras provid\u00eancias.<\/td><td style=\"color: #0000FF; background-color: #FFFFFF;text-decoration: underline;\"><a href=\"https:\/\/goias.gov.br\/cee\/wp-content\/uploads\/sites\/20\/2023\/10\/2019-113-cep-resolucao.pdf\" target=\"_blank\">ABRIR<\/a><\/td><td style=\"color: #000000; background-color: #FFFFFF;\"><\/td><\/tr><tr><td style=\"color: #666666; background-color: #FFFFFF;\">Resolu\u00e7\u00e3o<\/td><td style=\"color: #666666; background-color: #FFFFFF;\">C\u00e2mara de Educa\u00e7\u00e3o Profissional<\/td><td style=\"color: #666666; background-color: #FFFFFF;\">114\/2019<\/td><td style=\"color: #666666; background-color: #FFFFFF;\">07\/06\/2019<\/td><td style=\"color: #666666; background-color: #FFFFFF;\">Disp\u00f5e sobre a autoriza\u00e7\u00e3o do Curso T\u00e9cnico em Inform\u00e1tica do Programa PRONATEC, pelo Instituto Tecnol\u00f3gico do Estado de Goi\u00e1s Dr. Luiz Rassi \u2014 Aparecida de Goi\u00e2nia\/GO e d\u00e1 outras provid\u00eancias.<\/td><td style=\"color: #0000FF; background-color: #FFFFFF;text-decoration: underline;\"><a href=\"https:\/\/goias.gov.br\/cee\/wp-content\/uploads\/sites\/20\/2023\/10\/2019-114-cep-resolucao.pdf\" target=\"_blank\">ABRIR<\/a><\/td><td style=\"color: #000000; background-color: #FFFFFF;\"><\/td><\/tr><tr><td style=\"color: #666666; background-color: #FFFFFF;\">Resolu\u00e7\u00e3o<\/td><td style=\"color: #666666; background-color: #FFFFFF;\">C\u00e2mara de Educa\u00e7\u00e3o Profissional<\/td><td style=\"color: #666666; background-color: #FFFFFF;\">115\/2019<\/td><td style=\"color: #666666; background-color: #FFFFFF;\">07\/06\/2019<\/td><td style=\"color: #666666; background-color: #FFFFFF;\">Disp\u00f5e sobre a autoriza\u00e7\u00e3o do Curso T\u00e9cnico em Instrumento Musical do Programa PRONATEC, pelo Instituto Tecnol\u00f3gico do Estado de Goi\u00e1s em Artes Basileu Fran\u00e7a \u2014 Goi\u00e2nia\/GO e d\u00e1 outras provid\u00eancias.<\/td><td style=\"color: #0000FF; background-color: #FFFFFF;text-decoration: underline;\"><a href=\"https:\/\/goias.gov.br\/cee\/wp-content\/uploads\/sites\/20\/2023\/10\/2019-115-cep-resolucao.pdf\" target=\"_blank\">ABRIR<\/a><\/td><td style=\"color: #000000; background-color: #FFFFFF;\"><\/td><\/tr><tr><td style=\"color: #666666; background-color: #FFFFFF;\">Resolu\u00e7\u00e3o<\/td><td style=\"color: #666666; background-color: #FFFFFF;\">C\u00e2mara de Educa\u00e7\u00e3o Profissional<\/td><td style=\"color: #666666; background-color: #FFFFFF;\">116\/2019<\/td><td style=\"color: #666666; background-color: #FFFFFF;\">07\/06\/2019<\/td><td style=\"color: #666666; background-color: #FFFFFF;\">Disp\u00f5e sobre o recredenciamento e a renova\u00e7\u00e3o da autoriza\u00e7\u00e3o do Curso T\u00e9cnico em Agropecu\u00e1ria, do Centro Tecnol\u00f3gico Paula Pasquali \u2014 Itumbiara\/G0 e d\u00e1 outras provid\u00eancias.<\/td><td style=\"color: #0000FF; background-color: #FFFFFF;text-decoration: underline;\"><a href=\"https:\/\/goias.gov.br\/cee\/wp-content\/uploads\/sites\/20\/2023\/10\/2019-116-cep-resolucao.pdf\" target=\"_blank\">ABRIR<\/a><\/td><td style=\"color: #000000; background-color: #FFFFFF;\"><\/td><\/tr><tr><td style=\"color: #666666; background-color: #FFFFFF;\">Resolu\u00e7\u00e3o<\/td><td style=\"color: #666666; background-color: #FFFFFF;\">C\u00e2mara de Educa\u00e7\u00e3o Profissional<\/td><td style=\"color: #666666; background-color: #FFFFFF;\">117\/2019<\/td><td style=\"color: #666666; background-color: #FFFFFF;\">14\/06\/2019<\/td><td style=\"color: #666666; background-color: #FFFFFF;\">Disp\u00f5e sobre a autoriza\u00e7\u00e3o do Curso T\u00e9cnico em Administra\u00e7\u00e3o na modalidade de EaD do Programa PRONATEC, pelo Instituto Tecnol\u00f3gico do Estado de Goi\u00e1s Sebasti\u00e3o de Siqueira \u2014 Goi\u00e2nia\/GO e d\u00e1 outras provid\u00eancias.<\/td><td style=\"color: #0000FF; background-color: #FFFFFF;text-decoration: underline;\"><a href=\"https:\/\/goias.gov.br\/cee\/wp-content\/uploads\/sites\/20\/2023\/10\/2019-117-cep-resolucao.pdf\" target=\"_blank\">ABRIR<\/a><\/td><td style=\"color: #000000; background-color: #FFFFFF;\"><\/td><\/tr><tr><td style=\"color: #666666; background-color: #FFFFFF;\">Resolu\u00e7\u00e3o<\/td><td style=\"color: #666666; background-color: #FFFFFF;\">C\u00e2mara de Educa\u00e7\u00e3o Profissional<\/td><td style=\"color: #666666; background-color: #FFFFFF;\">118\/2019<\/td><td style=\"color: #666666; background-color: #FFFFFF;\">14\/06\/2019<\/td><td style=\"color: #666666; background-color: #FFFFFF;\">Disp\u00f5e sobre a autoriza\u00e7\u00e3o do Curso T\u00e9cnico em Agroneg\u00f3cio na modalidade de EaD do Programa PRONATEC, pelo Instituto Tecnol\u00f3gico do Estado de Goi\u00e1s C\u00e9lio Domingos Mazzonetto \u2014 Ceres\/G0 e d\u00e1 outras provid\u00eancias.<\/td><td style=\"color: #0000FF; background-color: #FFFFFF;text-decoration: underline;\"><a href=\"https:\/\/goias.gov.br\/cee\/wp-content\/uploads\/sites\/20\/2023\/10\/2019-118-cep-resolucao.pdf\" target=\"_blank\">ABRIR<\/a><\/td><td style=\"color: #000000; background-color: #FFFFFF;\"><\/td><\/tr><tr><td style=\"color: #666666; background-color: #FFFFFF;\">Resolu\u00e7\u00e3o<\/td><td style=\"color: #666666; background-color: #FFFFFF;\">C\u00e2mara de Educa\u00e7\u00e3o Profissional<\/td><td style=\"color: #666666; background-color: #FFFFFF;\">119\/2019<\/td><td style=\"color: #666666; background-color: #FFFFFF;\">14\/06\/2019<\/td><td style=\"color: #666666; background-color: #FFFFFF;\">Disp\u00f5e sobre a autoriza\u00e7\u00e3o do Curso T\u00e9cnico em Est\u00e9tica do Programa PRONATEC, pelo Instituto Tecnol\u00f3gico do Estado de Goi\u00e1s Maria Sebastiana da Silva \u2014 Porangatu\/GO e d\u00e1 outras provid\u00eancias<\/td><td style=\"color: #0000FF; background-color: #FFFFFF;text-decoration: underline;\"><a href=\"https:\/\/goias.gov.br\/cee\/wp-content\/uploads\/sites\/20\/2023\/10\/2019-119-cep-resolucao.pdf\" target=\"_blank\">ABRIR<\/a><\/td><td style=\"color: #000000; background-color: #FFFFFF;\"><\/td><\/tr><tr><td style=\"color: #666666; background-color: #FFFFFF;\">Resolu\u00e7\u00e3o<\/td><td style=\"color: #666666; background-color: #FFFFFF;\">C\u00e2mara de Educa\u00e7\u00e3o Profissional<\/td><td style=\"color: #666666; background-color: #FFFFFF;\">120\/2019<\/td><td style=\"color: #666666; background-color: #FFFFFF;\">14\/06\/2019<\/td><td style=\"color: #666666; background-color: #FFFFFF;\">Disp\u00f5e sobre a autoriza\u00e7\u00e3o do Curso T\u00e9cnico em Administra\u00e7\u00e3o do Programa PRONATEC, pelo Instituto Tecnol\u00f3gico do Estado de Goi\u00e1s Governador Onofre Quinan \u2014 An\u00e1polis\/GO e d\u00e1 outras provid\u00eancias.<\/td><td style=\"color: #0000FF; background-color: #FFFFFF;text-decoration: underline;\"><a href=\"https:\/\/goias.gov.br\/cee\/wp-content\/uploads\/sites\/20\/2023\/10\/2019-120-cep-resolucao.pdf\" target=\"_blank\">ABRIR<\/a><\/td><td style=\"color: #000000; background-color: #FFFFFF;\"><\/td><\/tr><tr><td style=\"color: #666666; background-color: #FFFFFF;\">Resolu\u00e7\u00e3o<\/td><td style=\"color: #666666; background-color: #FFFFFF;\">C\u00e2mara de Educa\u00e7\u00e3o Profissional<\/td><td style=\"color: #666666; background-color: #FFFFFF;\">121\/2019<\/td><td style=\"color: #666666; background-color: #FFFFFF;\">14\/06\/2019<\/td><td style=\"color: #666666; background-color: #FFFFFF;\">Disp\u00f5e sobre a autoriza\u00e7\u00e3o do Curso T\u00e9cnico em Administra\u00e7\u00e3o do Programa PRONATEC, pelo Instituto Tecnol\u00f3gico do Estado de Goi\u00e1s Ruth Vila\u00e7a Correia Leite Cardoso \u2014 Caiap\u00f4nia\/G0 e d\u00e1 outras provid\u00eancias.<\/td><td style=\"color: #0000FF; background-color: #FFFFFF;text-decoration: underline;\"><a href=\"https:\/\/goias.gov.br\/cee\/wp-content\/uploads\/sites\/20\/2023\/10\/2019-121-cep-resolucao.pdf\" target=\"_blank\">ABRIR<\/a><\/td><td style=\"color: #000000; background-color: #FFFFFF;\"><\/td><\/tr><tr><td style=\"color: #666666; background-color: #FFFFFF;\">Resolu\u00e7\u00e3o<\/td><td style=\"color: #666666; background-color: #FFFFFF;\">C\u00e2mara de Educa\u00e7\u00e3o Profissional<\/td><td style=\"color: #666666; background-color: #FFFFFF;\">122\/2019<\/td><td style=\"color: #666666; background-color: #FFFFFF;\">14\/06\/2019<\/td><td style=\"color: #666666; background-color: #FFFFFF;\">Disp\u00f5e sobre a autoriza\u00e7\u00e3o do Curso T\u00e9cnico em Administra\u00e7\u00e3o do Programa PRONATEC, pelo Instituto Tecnol\u00f3gico do Estado de Goi\u00e1s Aguinaldo de Campos Netto \u2014 Catal\u00e3o\/GO e d\u00e1 outras provid\u00eancias.<\/td><td style=\"color: #0000FF; background-color: #FFFFFF;text-decoration: underline;\"><a href=\"https:\/\/goias.gov.br\/cee\/wp-content\/uploads\/sites\/20\/2023\/10\/2019-122-cep-resolucao.pdf\" target=\"_blank\">ABRIR<\/a><\/td><td style=\"color: #000000; background-color: #FFFFFF;\"><\/td><\/tr><tr><td style=\"color: #666666; background-color: #FFFFFF;\">Resolu\u00e7\u00e3o<\/td><td style=\"color: #666666; background-color: #FFFFFF;\">C\u00e2mara de Educa\u00e7\u00e3o Profissional<\/td><td style=\"color: #666666; background-color: #FFFFFF;\">123\/2019<\/td><td style=\"color: #666666; background-color: #FFFFFF;\">14\/06\/2019<\/td><td style=\"color: #666666; background-color: #FFFFFF;\">Disp\u00f5e sobre a autoriza\u00e7\u00e3o do Curso T\u00e9cnico em Qu\u00edmica do Programa PRONATEC, pelo Instituto Tecnol\u00f3gico do Estado de Goi\u00e1s Governador Ot\u00e1vio Lage \u2014 Goian\u00e9sia\/GO e d\u00e1 outras provid\u00eancias.<\/td><td style=\"color: #0000FF; background-color: #FFFFFF;text-decoration: underline;\"><a href=\"https:\/\/goias.gov.br\/cee\/wp-content\/uploads\/sites\/20\/2023\/10\/2019-123-cep-resolucao.pdf\" target=\"_blank\">ABRIR<\/a><\/td><td style=\"color: #000000; background-color: #FFFFFF;\"><\/td><\/tr><tr><td style=\"color: #666666; background-color: #FFFFFF;\">Resolu\u00e7\u00e3o<\/td><td style=\"color: #666666; background-color: #FFFFFF;\">C\u00e2mara de Educa\u00e7\u00e3o Profissional<\/td><td style=\"color: #666666; background-color: #FFFFFF;\">124\/2019<\/td><td style=\"color: #666666; background-color: #FFFFFF;\">14\/06\/2019<\/td><td style=\"color: #666666; background-color: #FFFFFF;\">Disp\u00f5e sobre a autoriza\u00e7\u00e3o do Curso T\u00e9cnico em Com\u00e9rcio do Programa PRONATEC, pelo Instituto Tecnol\u00f3gico do Estado de Goi\u00e1s Celso Monteiro Furtado \u2014 Uruana\/GO e d\u00e1 outras provid\u00eancias.<\/td><td style=\"color: #0000FF; background-color: #FFFFFF;text-decoration: underline;\"><a href=\"https:\/\/goias.gov.br\/cee\/wp-content\/uploads\/sites\/20\/2023\/10\/2019-124-cep-resolucao.pdf\" target=\"_blank\">ABRIR<\/a><\/td><td style=\"color: #000000; background-color: #FFFFFF;\"><\/td><\/tr><tr><td style=\"color: #666666; background-color: #FFFFFF;\">Resolu\u00e7\u00e3o<\/td><td style=\"color: #666666; background-color: #FFFFFF;\">C\u00e2mara de Educa\u00e7\u00e3o Profissional<\/td><td style=\"color: #666666; background-color: #FFFFFF;\">125\/2019<\/td><td style=\"color: #666666; background-color: #FFFFFF;\">14\/06\/2019<\/td><td style=\"color: #666666; background-color: #FFFFFF;\">Disp\u00f5e sobre a autoriza\u00e7\u00e3o do Curso T\u00e9cnico em A\u00e7\u00facar e \u00c1lcool do Programa PRONATEC, pelo Instituto Tecnol\u00f3gico do Estado de Goi\u00e1s Jer\u00f4nimo Carlos do Prado \u2014 Goiatuba\/GO e d\u00e1 outras provid\u00eancias.<\/td><td style=\"color: #0000FF; background-color: #FFFFFF;text-decoration: underline;\"><a href=\"https:\/\/goias.gov.br\/cee\/wp-content\/uploads\/sites\/20\/2023\/10\/2019-125-cep-resolucao.pdf\" target=\"_blank\">ABRIR<\/a><\/td><td style=\"color: #000000; background-color: #FFFFFF;\"><\/td><\/tr><tr><td style=\"color: #666666; background-color: #FFFFFF;\">Resolu\u00e7\u00e3o<\/td><td style=\"color: #666666; background-color: #FFFFFF;\">C\u00e2mara de Educa\u00e7\u00e3o Profissional<\/td><td style=\"color: #666666; background-color: #FFFFFF;\">126\/2019<\/td><td style=\"color: #666666; background-color: #FFFFFF;\">14\/06\/2019<\/td><td style=\"color: #666666; background-color: #FFFFFF;\">Disp\u00f5e sobre a autoriza\u00e7\u00e3o do Curso T\u00e9cnico em Agroneg\u00f3cio do Programa PRONATEC, pelo Instituto Tecnol\u00f3gico do Estado de Goi\u00e1s Jer\u00f4nimo Carlos do Prado \u2014 Goiatuba\/GO e d\u00e1 outras provid\u00eancias.<\/td><td style=\"color: #0000FF; background-color: #FFFFFF;text-decoration: underline;\"><a href=\"https:\/\/goias.gov.br\/cee\/wp-content\/uploads\/sites\/20\/2023\/10\/2019-126-cep-resolucao.pdf\" target=\"_blank\">ABRIR<\/a><\/td><td style=\"color: #000000; background-color: #FFFFFF;\"><\/td><\/tr><tr><td style=\"color: #666666; background-color: #FFFFFF;\">Resolu\u00e7\u00e3o<\/td><td style=\"color: #666666; background-color: #FFFFFF;\">C\u00e2mara de Educa\u00e7\u00e3o Profissional<\/td><td style=\"color: #666666; background-color: #FFFFFF;\">127\/2019<\/td><td style=\"color: #666666; background-color: #FFFFFF;\">14\/06\/2019<\/td><td style=\"color: #666666; background-color: #FFFFFF;\">Disp\u00f5e sobre a autoriza\u00e7\u00e3o do Curso T\u00e9cnico em Massoterapia do Programa PRONATEC, pelo Instituto Tecnol\u00f3gico do Estado de Goi\u00e1s Maria Sebastiana da Silva \u2014 Porangatu\/GO e d\u00e1 outras provid\u00eancias.<\/td><td style=\"color: #0000FF; background-color: #FFFFFF;text-decoration: underline;\"><a href=\"https:\/\/goias.gov.br\/cee\/wp-content\/uploads\/sites\/20\/2023\/10\/2019-127-cep-resolucao.pdf\" target=\"_blank\">ABRIR<\/a><\/td><td style=\"color: #000000; background-color: #FFFFFF;\"><\/td><\/tr><tr><td style=\"color: #666666; background-color: #FFFFFF;\">Resolu\u00e7\u00e3o<\/td><td style=\"color: #666666; background-color: #FFFFFF;\">C\u00e2mara de Educa\u00e7\u00e3o Profissional<\/td><td style=\"color: #666666; background-color: #FFFFFF;\">128\/2019<\/td><td style=\"color: #666666; background-color: #FFFFFF;\">14\/06\/2019<\/td><td style=\"color: #666666; background-color: #FFFFFF;\">Disp\u00f5e sobre a autoriza\u00e7\u00e3o do Curso T\u00e9cnico em Apicultura do Programa PRONATEC, pelo Instituto Tecnol\u00f3gico do Estado de Goi\u00e1s Maria Sebastiana da Silva \u2014 Porangatu\/GO e d\u00e1 outras provid\u00eancias.<\/td><td style=\"color: #0000FF; background-color: #FFFFFF;text-decoration: underline;\"><a href=\"https:\/\/goias.gov.br\/cee\/wp-content\/uploads\/sites\/20\/2023\/10\/2019-128-cep-resolucao.pdf\" target=\"_blank\">ABRIR<\/a><\/td><td style=\"color: #000000; background-color: #FFFFFF;\"><\/td><\/tr><tr><td style=\"color: #666666; background-color: #FFFFFF;\">Resolu\u00e7\u00e3o<\/td><td style=\"color: #666666; background-color: #FFFFFF;\">C\u00e2mara de Educa\u00e7\u00e3o Profissional<\/td><td style=\"color: #666666; background-color: #FFFFFF;\">129\/2019<\/td><td style=\"color: #666666; background-color: #FFFFFF;\">14\/06\/2019<\/td><td style=\"color: #666666; background-color: #FFFFFF;\">Disp\u00f5e sobre o credenciamento e autoriza\u00e7\u00e3o o Curso T\u00e9cnico em Agropecu\u00e1ria do Centro Tecnol\u00f3gico Paula Pasquali \u2014 Inhumas\/GO e d\u00e1 outras provid\u00eancias.<\/td><td style=\"color: #0000FF; background-color: #FFFFFF;text-decoration: underline;\"><a href=\"https:\/\/goias.gov.br\/cee\/wp-content\/uploads\/sites\/20\/2023\/10\/2019-129-cep-resolucao.pdf\" target=\"_blank\">ABRIR<\/a><\/td><td style=\"color: #000000; background-color: #FFFFFF;\"><\/td><\/tr><tr><td style=\"color: #666666; background-color: #FFFFFF;\">Resolu\u00e7\u00e3o<\/td><td style=\"color: #666666; background-color: #FFFFFF;\">C\u00e2mara de Educa\u00e7\u00e3o Profissional<\/td><td style=\"color: #666666; background-color: #FFFFFF;\">130\/2019<\/td><td style=\"color: #666666; background-color: #FFFFFF;\">14\/06\/2019<\/td><td style=\"color: #666666; background-color: #FFFFFF;\">Disp\u00f5e sobre a autoriza\u00e7\u00e3o o Curso T\u00e9cnico em Seguran\u00e7a do Trabalho do Centro Tecnol\u00f3gico Paula Pasquali \u2014 Inhumas\/GO e d\u00e1 outras provid\u00eancias.<\/td><td style=\"color: #0000FF; background-color: #FFFFFF;text-decoration: underline;\"><a href=\"https:\/\/goias.gov.br\/cee\/wp-content\/uploads\/sites\/20\/2023\/10\/2019-130-cep-resolucao.pdf\" target=\"_blank\">ABRIR<\/a><\/td><td style=\"color: #000000; background-color: #FFFFFF;\"><\/td><\/tr><tr><td style=\"color: #666666; background-color: #FFFFFF;\">Resolu\u00e7\u00e3o<\/td><td style=\"color: #666666; background-color: #FFFFFF;\">C\u00e2mara de Educa\u00e7\u00e3o Profissional<\/td><td style=\"color: #666666; background-color: #FFFFFF;\">131\/2019<\/td><td style=\"color: #666666; background-color: #FFFFFF;\">28\/06\/2019<\/td><td style=\"color: #666666; background-color: #FFFFFF;\">Disp\u00f5e sobre a autoriza\u00e7\u00e3o o Curso T\u00e9cnico em Transa\u00e7\u00f5es Imobili\u00e1rias na modalidade de EaD, da Faculdade Impacto \u2014 Porangatu\/GO e d\u00e1 outras provid\u00eancias.<\/td><td style=\"color: #0000FF; background-color: #FFFFFF;text-decoration: underline;\"><a href=\"https:\/\/goias.gov.br\/cee\/wp-content\/uploads\/sites\/20\/2023\/10\/2019-131-cep-resolucao.pdf\" target=\"_blank\">ABRIR<\/a><\/td><td style=\"color: #000000; background-color: #FFFFFF;\"><\/td><\/tr><tr><td style=\"color: #666666; background-color: #FFFFFF;\">Resolu\u00e7\u00e3o<\/td><td style=\"color: #666666; background-color: #FFFFFF;\">C\u00e2mara de Educa\u00e7\u00e3o Profissional<\/td><td style=\"color: #666666; background-color: #FFFFFF;\">132\/2019<\/td><td style=\"color: #666666; background-color: #FFFFFF;\">28\/06\/2019<\/td><td style=\"color: #666666; background-color: #FFFFFF;\">Disp\u00f5e sobre o credenciamento e a autoriza\u00e7\u00e3o do Curso T\u00e9cnico em Agropecu\u00e1ria, do Col\u00e9gio Elo \u2014 Urua\u00e7u\/GO e d\u00e1 outras provid\u00eancias.<\/td><td style=\"color: #0000FF; background-color: #FFFFFF;text-decoration: underline;\"><a href=\"https:\/\/goias.gov.br\/cee\/wp-content\/uploads\/sites\/20\/2023\/10\/2019-132-cep-resolucao.pdf\" target=\"_blank\">ABRIR<\/a><\/td><td style=\"color: #000000; background-color: #FFFFFF;\"><\/td><\/tr><tr><td style=\"color: #666666; background-color: #FFFFFF;\">Resolu\u00e7\u00e3o<\/td><td style=\"color: #666666; background-color: #FFFFFF;\">C\u00e2mara de Educa\u00e7\u00e3o Profissional<\/td><td style=\"color: #666666; background-color: #FFFFFF;\">133\/2019<\/td><td style=\"color: #666666; background-color: #FFFFFF;\">05\/07\/2019<\/td><td style=\"color: #666666; background-color: #FFFFFF;\">Disp\u00f5e sobre o credenciamento e a autoriza\u00e7\u00e3o do Curso T\u00e9cnico em Enfermagem, do Instituto \u00c1trio \u2014 Ceres\/GO e d\u00e1 outras provid\u00eancias.<\/td><td style=\"color: #0000FF; background-color: #FFFFFF;text-decoration: underline;\"><a href=\"https:\/\/goias.gov.br\/cee\/wp-content\/uploads\/sites\/20\/2023\/10\/2019-133-cep-resolucao.pdf\" target=\"_blank\">ABRIR<\/a><\/td><td style=\"color: #000000; background-color: #FFFFFF;\"><\/td><\/tr><tr><td style=\"color: #666666; background-color: #FFFFFF;\">Resolu\u00e7\u00e3o<\/td><td style=\"color: #666666; background-color: #FFFFFF;\">C\u00e2mara de Educa\u00e7\u00e3o Profissional<\/td><td style=\"color: #666666; background-color: #FFFFFF;\">134\/2019<\/td><td style=\"color: #666666; background-color: #FFFFFF;\">05\/07\/2019<\/td><td style=\"color: #666666; background-color: #FFFFFF;\">Disp\u00f5e sobre a renova\u00e7\u00e3o da autoriza\u00e7\u00e3o do Curso T\u00e9cnico em Imobiliza\u00e7\u00e3o Ortop\u00e9dica, do Suldam\u00e9rica Cursos T\u00e9cnicos \u2014 Aparecida de Goi\u00e2nia\/GO e d\u00e1 outras provid\u00eancias.<\/td><td style=\"color: #0000FF; background-color: #FFFFFF;text-decoration: underline;\"><a href=\"https:\/\/goias.gov.br\/cee\/wp-content\/uploads\/sites\/20\/2023\/10\/2019-134-cep-resolucao.pdf\" target=\"_blank\">ABRIR<\/a><\/td><td style=\"color: #000000; background-color: #FFFFFF;\"><\/td><\/tr><tr><td style=\"color: #666666; background-color: #FFFFFF;\">Resolu\u00e7\u00e3o<\/td><td style=\"color: #666666; background-color: #FFFFFF;\">C\u00e2mara de Educa\u00e7\u00e3o Profissional<\/td><td style=\"color: #666666; background-color: #FFFFFF;\">135\/2019<\/td><td style=\"color: #666666; background-color: #FFFFFF;\">12\/07\/2019<\/td><td style=\"color: #666666; background-color: #FFFFFF;\">Disp\u00f5e sobre a aprova\u00e7\u00e3o do relat\u00f3rio do curso \"B\u00e1sico em Tradu\u00e7\u00e3o Interpreta\u00e7\u00e3o de L\u00edngua Portuguesa\/Libras e Libras\/L\u00edngua Portuguesa \u2014 M\u00f3dulos I, II e III\", realizado pela Secretaria de Estado de Educa\u00e7\u00e3o atrav\u00e9s do Centro de Capacita\u00e7\u00e3o de Profissionais da Educa\u00e7\u00e3o e de Atendimento \u00e0s Pessoas com Surdez - CAS \u2014 Goi\u00e2nia\/GO e d\u00e1 outras provid\u00eancias.<\/td><td style=\"color: #0000FF; background-color: #FFFFFF;text-decoration: underline;\"><a href=\"https:\/\/goias.gov.br\/cee\/wp-content\/uploads\/sites\/20\/2023\/10\/2019-135-cep-resolucao.pdf\" target=\"_blank\">ABRIR<\/a><\/td><td style=\"color: #000000; background-color: #FFFFFF;\"><\/td><\/tr><tr><td style=\"color: #666666; background-color: #FFFFFF;\">Resolu\u00e7\u00e3o<\/td><td style=\"color: #666666; background-color: #FFFFFF;\">C\u00e2mara de Educa\u00e7\u00e3o Profissional<\/td><td style=\"color: #666666; background-color: #FFFFFF;\">136\/2019<\/td><td style=\"color: #666666; background-color: #FFFFFF;\">12\/07\/2019<\/td><td style=\"color: #666666; background-color: #FFFFFF;\">Disp\u00f5e sobre a aprova\u00e7\u00e3o do relat\u00f3rio do curso \"Forma\u00e7\u00e3o em Atendimento Educacional Especializado: L\u00edngua Portuguesa como a Segunda L\u00edngua para Surdos M\u00f3dulo I\", realizado pela Secretaria de Estado de Educa\u00e7\u00e3o atrav\u00e9s do Centro de Capacita\u00e7\u00e3o de Profissionais da Educa\u00e7\u00e3o e de Atendimento \u00e0s Pessoas com Surdez - CAS \u2014 Goi\u00e2nia\/GO e d\u00e1 outras provid\u00eancias.<\/td><td style=\"color: #0000FF; background-color: #FFFFFF;text-decoration: underline;\"><a href=\"https:\/\/goias.gov.br\/cee\/wp-content\/uploads\/sites\/20\/2023\/10\/2019-136-cep-resolucao.pdf\" target=\"_blank\">ABRIR<\/a><\/td><td style=\"color: #000000; background-color: #FFFFFF;\"><\/td><\/tr><tr><td style=\"color: #666666; background-color: #FFFFFF;\">Resolu\u00e7\u00e3o<\/td><td style=\"color: #666666; background-color: #FFFFFF;\">C\u00e2mara de Educa\u00e7\u00e3o Profissional<\/td><td style=\"color: #666666; background-color: #FFFFFF;\">137\/2019<\/td><td style=\"color: #666666; background-color: #FFFFFF;\">12\/07\/2019<\/td><td style=\"color: #666666; background-color: #FFFFFF;\">Disp\u00f5e sobre a aprova\u00e7\u00e3o do relat\u00f3rio do curso \"Libras como Segunda L\u00edngua para Servidores Administrativos e Familiares de Surdos \u2014 M\u00f3dulos I e II\", realizado pela Secretaria de Estado de Educa\u00e7\u00e3o atrav\u00e9s do Centro de Capacita\u00e7\u00e3o de Profissionais da Educa\u00e7\u00e3o e de Atendimento \u00e0s Pessoas com Surdez - CAS \u2014 Goi\u00e2nia\/GO e d\u00e1 outras provid\u00eancias.<\/td><td style=\"color: #0000FF; background-color: #FFFFFF;text-decoration: underline;\"><a href=\"https:\/\/goias.gov.br\/cee\/wp-content\/uploads\/sites\/20\/2023\/10\/2019-137-cep-resolucao.pdf\" target=\"_blank\">ABRIR<\/a><\/td><td style=\"color: #000000; background-color: #FFFFFF;\"><\/td><\/tr><tr><td style=\"color: #666666; background-color: #FFFFFF;\">Resolu\u00e7\u00e3o<\/td><td style=\"color: #666666; background-color: #FFFFFF;\">C\u00e2mara de Educa\u00e7\u00e3o Profissional<\/td><td style=\"color: #666666; background-color: #FFFFFF;\">138\/2019<\/td><td style=\"color: #666666; background-color: #FFFFFF;\">05\/07\/2019<\/td><td style=\"color: #666666; background-color: #FFFFFF;\">Disp\u00f5e sobre a autoriza\u00e7\u00e3o do Curso T\u00e9cnico em Enfermagem na modalidade de EaD, do Instituto Educacional Shalom \u2014 Planaltina de Goi\u00e1s\/G0 e d\u00e1 outras provid\u00eancias.<\/td><td style=\"color: #0000FF; background-color: #FFFFFF;text-decoration: underline;\"><a href=\"https:\/\/goias.gov.br\/cee\/wp-content\/uploads\/sites\/20\/2023\/10\/2019-138-cep-resolucao.pdf\" target=\"_blank\">ABRIR<\/a><\/td><td style=\"color: #000000; background-color: #FFFFFF;\"><\/td><\/tr><tr><td style=\"color: #666666; background-color: #FFFFFF;\">Resolu\u00e7\u00e3o<\/td><td style=\"color: #666666; background-color: #FFFFFF;\">C\u00e2mara de Educa\u00e7\u00e3o Profissional<\/td><td style=\"color: #666666; background-color: #FFFFFF;\">139\/2019<\/td><td style=\"color: #666666; background-color: #FFFFFF;\">02\/08\/2019<\/td><td style=\"color: #666666; background-color: #FFFFFF;\">Disp\u00f5e sobre a autoriza\u00e7\u00e3o do Projeto de Curso \"Defici\u00eancia Intelectual \u2014 Compet\u00eancias Acad\u00eamicas Necess\u00e1rias para Educa\u00e7\u00e3o Infantil e Alfabetiza\u00e7\u00e3o\", realizado pelo Instituto Intelecto - INTEL \u2014 Niquel\u00e2ndia\/G0 e d\u00e1 outras provid\u00eancias.<\/td><td style=\"color: #0000FF; background-color: #FFFFFF;text-decoration: underline;\"><a href=\"https:\/\/goias.gov.br\/cee\/wp-content\/uploads\/sites\/20\/2023\/10\/2019-139-cep-resolucao.pdf\" target=\"_blank\">ABRIR<\/a><\/td><td style=\"color: #000000; background-color: #FFFFFF;\"><\/td><\/tr><tr><td style=\"color: #666666; background-color: #FFFFFF;\">Resolu\u00e7\u00e3o<\/td><td style=\"color: #666666; background-color: #FFFFFF;\">C\u00e2mara de Educa\u00e7\u00e3o Profissional<\/td><td style=\"color: #666666; background-color: #FFFFFF;\">140\/2019<\/td><td style=\"color: #666666; background-color: #FFFFFF;\">02\/08\/2019<\/td><td style=\"color: #666666; background-color: #FFFFFF;\">Disp\u00f5e sobre a autoriza\u00e7\u00e3o do Projeto de Curso \"M\u00eddias na Sala de Aula \u2014 Metodologia de Sucesso\", realizado pelo Instituto Intelecto - INTEL \u2014 Niquel\u00e2ndia\/GO e d\u00e1 outras provid\u00eancias.<\/td><td style=\"color: #0000FF; background-color: #FFFFFF;text-decoration: underline;\"><a href=\"https:\/\/goias.gov.br\/cee\/wp-content\/uploads\/sites\/20\/2023\/10\/2019-140-cep-resolucao.pdf\" target=\"_blank\">ABRIR<\/a><\/td><td style=\"color: #000000; background-color: #FFFFFF;\"><\/td><\/tr><tr><td style=\"color: #666666; background-color: #FFFFFF;\">Resolu\u00e7\u00e3o<\/td><td style=\"color: #666666; background-color: #FFFFFF;\">C\u00e2mara de Educa\u00e7\u00e3o Profissional<\/td><td style=\"color: #666666; background-color: #FFFFFF;\">141\/2019<\/td><td style=\"color: #666666; background-color: #FFFFFF;\">02\/08\/2019<\/td><td style=\"color: #666666; background-color: #FFFFFF;\">Disp\u00f5e sobre a autoriza\u00e7\u00e3o do Projeto de Curso \"Base Nacional Comum Curricular\/BNCC - Inova\u00e7\u00f5es Metodol\u00f3gicas na Pr\u00e1tica de Ensino\", realizado pelo Instituto Intelecto - INTEL - Niquel\u00e2ndia\/GO e d\u00e1 outras provid\u00eancias.<\/td><td style=\"color: #0000FF; background-color: #FFFFFF;text-decoration: underline;\"><a href=\"https:\/\/goias.gov.br\/cee\/wp-content\/uploads\/sites\/20\/2023\/10\/2019-141-cep-resolucao.pdf\" target=\"_blank\">ABRIR<\/a><\/td><td style=\"color: #000000; background-color: #FFFFFF;\"><\/td><\/tr><tr><td style=\"color: #666666; background-color: #FFFFFF;\">Resolu\u00e7\u00e3o<\/td><td style=\"color: #666666; background-color: #FFFFFF;\">C\u00e2mara de Educa\u00e7\u00e3o Profissional<\/td><td style=\"color: #666666; background-color: #FFFFFF;\">142\/2019<\/td><td style=\"color: #666666; background-color: #FFFFFF;\">02\/08\/2019<\/td><td style=\"color: #666666; background-color: #FFFFFF;\">Disp\u00f5e sobre a aprova\u00e7\u00e3o dos relat\u00f3rios dos cursos \"L\u00edngua Brasileira de Sinais \u2014 M\u00f3dulos I, II e III; e Braille, Sorab\u00e3, No\u00e7\u00f5es B\u00e1sicas de Orienta\u00e7\u00e3o e Mobilidade e Atividades de Vida Di\u00e1ria\", realizado pela Secretaria de Estado de Educa\u00e7\u00e3o atrav\u00e9s do Centro de Capacita\u00e7\u00e3o de Profissionais da Educa\u00e7\u00e3o e de Atendimento \u00e0s Pessoas com Surdez e Centro de Apoio Pedag\u00f3gico e Atendimento \u00e0s Pessoas com Defici\u00eancia Visual \u2014 CAS\/CAP \u2014 Ceres\/G0 e d\u00e1 outras provid\u00eancias.<\/td><td style=\"color: #0000FF; background-color: #FFFFFF;text-decoration: underline;\"><a href=\"https:\/\/goias.gov.br\/cee\/wp-content\/uploads\/sites\/20\/2023\/10\/2019-142-cep-resolucao.pdf\" target=\"_blank\">ABRIR<\/a><\/td><td style=\"color: #000000; background-color: #FFFFFF;\"><\/td><\/tr><tr><td style=\"color: #666666; background-color: #FFFFFF;\">Resolu\u00e7\u00e3o<\/td><td style=\"color: #666666; background-color: #FFFFFF;\">C\u00e2mara de Educa\u00e7\u00e3o Profissional<\/td><td style=\"color: #666666; background-color: #FFFFFF;\">143\/2019<\/td><td style=\"color: #666666; background-color: #FFFFFF;\">02\/08\/2019<\/td><td style=\"color: #666666; background-color: #FFFFFF;\">Disp\u00f5e sobre a aprova\u00e7\u00e3o do relat\u00f3rio do Curso de \"Eletricista de Redes A\u00e9reas Convencionais e Compactas de Distribui\u00e7\u00e3o de Energia El\u00e9trica Urbanas e Rurais at\u00e9 a Classe de 36,2 Kv\", do Sistema de Aprendizagem e Forma\u00e7\u00e3o de Eletricista - SAFETE \u2014 An\u00e1polis\/GO e d\u00e1 outras provid\u00eancias.<\/td><td style=\"color: #0000FF; background-color: #FFFFFF;text-decoration: underline;\"><a href=\"https:\/\/goias.gov.br\/cee\/wp-content\/uploads\/sites\/20\/2023\/10\/2019-143-cep-resolucao.pdf\" target=\"_blank\">ABRIR<\/a><\/td><td style=\"color: #000000; background-color: #FFFFFF;\"><\/td><\/tr><tr><td style=\"color: #666666; background-color: #FFFFFF;\">Resolu\u00e7\u00e3o<\/td><td style=\"color: #666666; background-color: #FFFFFF;\">C\u00e2mara de Educa\u00e7\u00e3o Profissional<\/td><td style=\"color: #666666; background-color: #FFFFFF;\">144\/2019<\/td><td style=\"color: #666666; background-color: #FFFFFF;\">02\/08\/2019<\/td><td style=\"color: #666666; background-color: #FFFFFF;\">Disp\u00f5e sobre a autoriza\u00e7\u00e3o do Projeto de Curso \"Comunicando com as M\u00e3os \u2014 L\u00edngua Brasileira de Sinais \u2014 (LIBRAS)\", realizado pela Associa\u00e7\u00e3o dos Surdos de Goi\u00e2nia \u2014 Goi\u00e2nia\/GO e d\u00e1 outras provid\u00eancias.<\/td><td style=\"color: #0000FF; background-color: #FFFFFF;text-decoration: underline;\"><a href=\"https:\/\/goias.gov.br\/cee\/wp-content\/uploads\/sites\/20\/2023\/10\/2019-144-cep-resolucao.pdf\" target=\"_blank\">ABRIR<\/a><\/td><td style=\"color: #000000; background-color: #FFFFFF;\"><\/td><\/tr><tr><td style=\"color: #666666; background-color: #FFFFFF;\">Resolu\u00e7\u00e3o<\/td><td style=\"color: #666666; background-color: #FFFFFF;\">C\u00e2mara de Educa\u00e7\u00e3o Profissional<\/td><td style=\"color: #666666; background-color: #FFFFFF;\">145\/2019<\/td><td style=\"color: #666666; background-color: #FFFFFF;\">02\/08\/2019<\/td><td style=\"color: #666666; background-color: #FFFFFF;\">Disp\u00f5e sobre a autoriza\u00e7\u00e3o do Curso T\u00e9cnico em Agroneg\u00f3cio na modalidade de EaD, por meio do Programa PRONATEC, pelo Instituto Tecnol\u00f3gico do Estado de Goi\u00e1s Maria Sebastiana da Silva \u2014 Porangatu\/G0 e d\u00e1 outras provid\u00eancias.<\/td><td style=\"color: #0000FF; background-color: #FFFFFF;text-decoration: underline;\"><a href=\"https:\/\/goias.gov.br\/cee\/wp-content\/uploads\/sites\/20\/2023\/10\/2019-145-cep-resolucao.pdf\" target=\"_blank\">ABRIR<\/a><\/td><td style=\"color: #000000; background-color: #FFFFFF;\"><\/td><\/tr><tr><td style=\"color: #666666; background-color: #FFFFFF;\">Resolu\u00e7\u00e3o<\/td><td style=\"color: #666666; background-color: #FFFFFF;\">C\u00e2mara de Educa\u00e7\u00e3o Profissional<\/td><td style=\"color: #666666; background-color: #FFFFFF;\">146\/2019<\/td><td style=\"color: #666666; background-color: #FFFFFF;\">02\/08\/2019<\/td><td style=\"color: #666666; background-color: #FFFFFF;\">Disp\u00f5e sobre a aprova\u00e7\u00e3o de vinte Cursos de Programa de Forma\u00e7\u00e3o Continuada na modalidade presencial, semipresencial e a dist\u00e2ncia, do Centro de Estudo e Pesquisa Ciranda da Arte \u2014 Goi\u00e2nia\/GO e d\u00e1 outras provid\u00eancias.<\/td><td style=\"color: #0000FF; background-color: #FFFFFF;text-decoration: underline;\"><a href=\"https:\/\/goias.gov.br\/cee\/wp-content\/uploads\/sites\/20\/2023\/10\/2019-146-cep-resolucao.pdf\" target=\"_blank\">ABRIR<\/a><\/td><td style=\"color: #000000; background-color: #FFFFFF;\"><\/td><\/tr><tr><td style=\"color: #666666; background-color: #FFFFFF;\">Resolu\u00e7\u00e3o<\/td><td style=\"color: #666666; background-color: #FFFFFF;\">C\u00e2mara de Educa\u00e7\u00e3o Profissional<\/td><td style=\"color: #666666; background-color: #FFFFFF;\">147\/2019<\/td><td style=\"color: #666666; background-color: #FFFFFF;\">02\/08\/2019<\/td><td style=\"color: #666666; background-color: #FFFFFF;\">Disp\u00f5e sobre a aprova\u00e7\u00e3o do relat\u00f3rio do curso \"Modelagem e Biscuit\", do Centro de Estudo e Pesquisa Ciranda da Arte \u2014 Goi\u00e2nia\/GO e d\u00e1 outras provid\u00eancias.<\/td><td style=\"color: #0000FF; background-color: #FFFFFF;text-decoration: underline;\"><a href=\"https:\/\/goias.gov.br\/cee\/wp-content\/uploads\/sites\/20\/2023\/10\/2019-147-cep-resolucao.pdf\" target=\"_blank\">ABRIR<\/a><\/td><td style=\"color: #000000; background-color: #FFFFFF;\"><\/td><\/tr><tr><td style=\"color: #666666; background-color: #FFFFFF;\">Resolu\u00e7\u00e3o<\/td><td style=\"color: #666666; background-color: #FFFFFF;\">C\u00e2mara de Educa\u00e7\u00e3o Profissional<\/td><td style=\"color: #666666; background-color: #FFFFFF;\">148\/2019<\/td><td style=\"color: #666666; background-color: #FFFFFF;\">09\/08\/2019<\/td><td style=\"color: #666666; background-color: #FFFFFF;\">Disp\u00f5e sobre a autoriza\u00e7\u00e3o do Curso T\u00e9cnico em Inform\u00e1tica do Programa PRONATEC, do Col\u00e9gio Estadual Santa F\u00e9 \u2014 Aparecida de Goi\u00e2nia\/GO e d\u00e1 outras provid\u00eancias. <\/td><td style=\"color: #0000FF; background-color: #FFFFFF;text-decoration: underline;\"><a href=\"https:\/\/goias.gov.br\/cee\/wp-content\/uploads\/sites\/20\/2023\/10\/2019-148-cep-resolucao.pdf\" target=\"_blank\">ABRIR<\/a><\/td><td style=\"color: #000000; background-color: #FFFFFF;\"><\/td><\/tr><tr><td style=\"color: #666666; background-color: #FFFFFF;\">Resolu\u00e7\u00e3o<\/td><td style=\"color: #666666; background-color: #FFFFFF;\">C\u00e2mara de Educa\u00e7\u00e3o Profissional<\/td><td style=\"color: #666666; background-color: #FFFFFF;\">149\/2019<\/td><td style=\"color: #666666; background-color: #FFFFFF;\">09\/08\/2019<\/td><td style=\"color: #666666; background-color: #FFFFFF;\">Disp\u00f5e sobre a autoriza\u00e7\u00e3o do Curso T\u00e9cnico em Redes de Computadores do Programa PRONATEC, do Col\u00e9gio Estadual Santa F\u00e9 \u2014 Aparecida de Goi\u00e2nia\/GO e d\u00e1 outras provid\u00eancias.<\/td><td style=\"color: #0000FF; background-color: #FFFFFF;text-decoration: underline;\"><a href=\"https:\/\/goias.gov.br\/cee\/wp-content\/uploads\/sites\/20\/2023\/10\/2019-149-cep-resolucao.pdf\" target=\"_blank\">ABRIR<\/a><\/td><td style=\"color: #000000; background-color: #FFFFFF;\"><\/td><\/tr><tr><td style=\"color: #666666; background-color: #FFFFFF;\">Resolu\u00e7\u00e3o<\/td><td style=\"color: #666666; background-color: #FFFFFF;\">C\u00e2mara de Educa\u00e7\u00e3o Profissional<\/td><td style=\"color: #666666; background-color: #FFFFFF;\">150\/2019<\/td><td style=\"color: #666666; background-color: #FFFFFF;\">09\/08\/2019<\/td><td style=\"color: #666666; background-color: #FFFFFF;\">Disp\u00f5e sobre a autoriza\u00e7\u00e3o do Curso T\u00e9cnico em Inform\u00e1tica do Programa PRONATEC, do Col\u00e9gio Estadual C\u00e2mara Filho \u2014 Rialma\/G0 e d\u00e1 outras provid\u00eancias.<\/td><td style=\"color: #0000FF; background-color: #FFFFFF;text-decoration: underline;\"><a href=\"https:\/\/goias.gov.br\/cee\/wp-content\/uploads\/sites\/20\/2023\/10\/2019-150-cep-resolucao.pdf\" target=\"_blank\">ABRIR<\/a><\/td><td style=\"color: #000000; background-color: #FFFFFF;\"><\/td><\/tr><tr><td style=\"color: #666666; background-color: #FFFFFF;\">Resolu\u00e7\u00e3o<\/td><td style=\"color: #666666; background-color: #FFFFFF;\">C\u00e2mara de Educa\u00e7\u00e3o Profissional<\/td><td style=\"color: #666666; background-color: #FFFFFF;\">151\/2019<\/td><td style=\"color: #666666; background-color: #FFFFFF;\">09\/08\/2019<\/td><td style=\"color: #666666; background-color: #FFFFFF;\">Disp\u00f5e sobre a autoriza\u00e7\u00e3o do Curso T\u00e9cnico em Inform\u00e1tica do Programa PRONATEC, do Col\u00e9gio Estadual Polivalente Frei Jo\u00e3o Batista \u2014 An\u00e1polis\/GO e d\u00e1 outras provid\u00eancias.<\/td><td style=\"color: #0000FF; background-color: #FFFFFF;text-decoration: underline;\"><a href=\"https:\/\/goias.gov.br\/cee\/wp-content\/uploads\/sites\/20\/2023\/10\/2019-151-cep-resolucao.pdf\" target=\"_blank\">ABRIR<\/a><\/td><td style=\"color: #000000; background-color: #FFFFFF;\"><\/td><\/tr><tr><td style=\"color: #666666; background-color: #FFFFFF;\">Resolu\u00e7\u00e3o<\/td><td style=\"color: #666666; background-color: #FFFFFF;\">C\u00e2mara de Educa\u00e7\u00e3o Profissional<\/td><td style=\"color: #666666; background-color: #FFFFFF;\">152\/2019<\/td><td style=\"color: #666666; background-color: #FFFFFF;\">09\/08\/2019<\/td><td style=\"color: #666666; background-color: #FFFFFF;\">Disp\u00f5e sobre a autoriza\u00e7\u00e3o do Curso T\u00e9cnico em Inform\u00e1tica do Programa PRONATEC, do Col\u00e9gio Estadual Murilo Braga \u2014 Goi\u00e2nia\/GO e d\u00e1 outras provid\u00eancias.<\/td><td style=\"color: #0000FF; background-color: #FFFFFF;text-decoration: underline;\"><a href=\"https:\/\/goias.gov.br\/cee\/wp-content\/uploads\/sites\/20\/2023\/10\/2019-152-cep-resolucao.pdf\" target=\"_blank\">ABRIR<\/a><\/td><td style=\"color: #000000; background-color: #FFFFFF;\"><\/td><\/tr><tr><td style=\"color: #666666; background-color: #FFFFFF;\">Resolu\u00e7\u00e3o<\/td><td style=\"color: #666666; background-color: #FFFFFF;\">C\u00e2mara de Educa\u00e7\u00e3o Profissional<\/td><td style=\"color: #666666; background-color: #FFFFFF;\">153\/2019<\/td><td style=\"color: #666666; background-color: #FFFFFF;\">09\/08\/2019<\/td><td style=\"color: #666666; background-color: #FFFFFF;\">Disp\u00f5e sobre a autoriza\u00e7\u00e3o do Curso T\u00e9cnico em Inform\u00e1tica do Programa PRONATEC, do Col\u00e9gio Estadual Irm\u00e3 Ang\u00e9lica \u2014 Aparecida de Goi\u00e2nia\/GO e d\u00e1 outras provid\u00eancias.<\/td><td style=\"color: #0000FF; background-color: #FFFFFF;text-decoration: underline;\"><a href=\"https:\/\/goias.gov.br\/cee\/wp-content\/uploads\/sites\/20\/2023\/10\/2019-153-cep-resolucao.pdf\" target=\"_blank\">ABRIR<\/a><\/td><td style=\"color: #000000; background-color: #FFFFFF;\"><\/td><\/tr><tr><td style=\"color: #666666; background-color: #FFFFFF;\">Resolu\u00e7\u00e3o<\/td><td style=\"color: #666666; background-color: #FFFFFF;\">C\u00e2mara de Educa\u00e7\u00e3o Profissional<\/td><td style=\"color: #666666; background-color: #FFFFFF;\">154\/2019<\/td><td style=\"color: #666666; background-color: #FFFFFF;\">09\/08\/2019<\/td><td style=\"color: #666666; background-color: #FFFFFF;\">Disp\u00f5e sobre a autoriza\u00e7\u00e3o do Curso T\u00e9cnico em Redes de Computadores do Programa PRONATEC, do Col\u00e9gio Estadual Irm\u00e3 Ang\u00e9lica \u2014 Aparecida de Goi\u00e2nia\/GO e d\u00e1 outras provid\u00eancias.<\/td><td style=\"color: #0000FF; background-color: #FFFFFF;text-decoration: underline;\"><a href=\"https:\/\/goias.gov.br\/cee\/wp-content\/uploads\/sites\/20\/2023\/10\/2019-154-cep-resolucao.pdf\" target=\"_blank\">ABRIR<\/a><\/td><td style=\"color: #000000; background-color: #FFFFFF;\"><\/td><\/tr><tr><td style=\"color: #666666; background-color: #FFFFFF;\">Resolu\u00e7\u00e3o<\/td><td style=\"color: #666666; background-color: #FFFFFF;\">C\u00e2mara de Educa\u00e7\u00e3o Profissional<\/td><td style=\"color: #666666; background-color: #FFFFFF;\">155\/2019<\/td><td style=\"color: #666666; background-color: #FFFFFF;\">09\/08\/2019<\/td><td style=\"color: #666666; background-color: #FFFFFF;\">Disp\u00f5e sobre a autoriza\u00e7\u00e3o do Curso T\u00e9cnico em Inform\u00e1tica do Programa PRONATEC, do Col\u00e9gio Estadual Chico Mendes \u2014 Montividiu do Norte\/G0 e d\u00e1 outras provid\u00eancias.<\/td><td style=\"color: #0000FF; background-color: #FFFFFF;text-decoration: underline;\"><a href=\"https:\/\/goias.gov.br\/cee\/wp-content\/uploads\/sites\/20\/2023\/10\/2019-155-cep-resolucao.pdf\" target=\"_blank\">ABRIR<\/a><\/td><td style=\"color: #000000; background-color: #FFFFFF;\"><\/td><\/tr><tr><td style=\"color: #666666; background-color: #FFFFFF;\">Resolu\u00e7\u00e3o<\/td><td style=\"color: #666666; background-color: #FFFFFF;\">C\u00e2mara de Educa\u00e7\u00e3o Profissional<\/td><td style=\"color: #666666; background-color: #FFFFFF;\">157\/2019<\/td><td style=\"color: #666666; background-color: #FFFFFF;\">09\/08\/2019<\/td><td style=\"color: #666666; background-color: #FFFFFF;\">Disp\u00f5e sobre a autoriza\u00e7\u00e3o do Curso T\u00e9cnico em Inform\u00e1tica do Programa PRONATEC, do Col\u00e9gio Estadual Jos\u00e9 Ribeiro Magalh\u00e3es \u2014 Uruana\/GO e d\u00e1 outras provid\u00eancias.<\/td><td style=\"color: #0000FF; background-color: #FFFFFF;text-decoration: underline;\"><a href=\"https:\/\/goias.gov.br\/cee\/wp-content\/uploads\/sites\/20\/2023\/10\/2019-157-cep-resolucao.pdf\" target=\"_blank\">ABRIR<\/a><\/td><td style=\"color: #000000; background-color: #FFFFFF;\"><\/td><\/tr><tr><td style=\"color: #666666; background-color: #FFFFFF;\">Resolu\u00e7\u00e3o<\/td><td style=\"color: #666666; background-color: #FFFFFF;\">C\u00e2mara de Educa\u00e7\u00e3o Profissional<\/td><td style=\"color: #666666; background-color: #FFFFFF;\">158\/2019<\/td><td style=\"color: #666666; background-color: #FFFFFF;\">09\/08\/2019<\/td><td style=\"color: #666666; background-color: #FFFFFF;\">Disp\u00f5e sobre a autoriza\u00e7\u00e3o do Curso T\u00e9cnico em Inform\u00e1tica do Programa PRONATEC, do Col\u00e9gio Estadual Jacy Paraguassu \u2014 Cachoeira Alta\/GO e d\u00e1 outras provid\u00eancias.<\/td><td style=\"color: #0000FF; background-color: #FFFFFF;text-decoration: underline;\"><a href=\"https:\/\/goias.gov.br\/cee\/wp-content\/uploads\/sites\/20\/2023\/10\/2019-158-cep-resolucao.pdf\" target=\"_blank\">ABRIR<\/a><\/td><td style=\"color: #000000; background-color: #FFFFFF;\"><\/td><\/tr><tr><td style=\"color: #666666; background-color: #FFFFFF;\">Resolu\u00e7\u00e3o<\/td><td style=\"color: #666666; background-color: #FFFFFF;\">C\u00e2mara de Educa\u00e7\u00e3o Profissional<\/td><td style=\"color: #666666; background-color: #FFFFFF;\">159\/2019<\/td><td style=\"color: #666666; background-color: #FFFFFF;\">09\/08\/2019<\/td><td style=\"color: #666666; background-color: #FFFFFF;\">Disp\u00f5e sobre a autoriza\u00e7\u00e3o do Curso T\u00e9cnico em Inform\u00e1tica do Programa PRONATEC, do Col\u00e9gio Estadual Deputado Jos\u00e9 Alves de Assis \u2014 Mineiros\/GO e d\u00e1 outras provid\u00eancias.<\/td><td style=\"color: #0000FF; background-color: #FFFFFF;text-decoration: underline;\"><a href=\"https:\/\/goias.gov.br\/cee\/wp-content\/uploads\/sites\/20\/2023\/10\/2019-159-cep-resolucao.pdf\" target=\"_blank\">ABRIR<\/a><\/td><td style=\"color: #000000; background-color: #FFFFFF;\"><\/td><\/tr><tr><td style=\"color: #666666; background-color: #FFFFFF;\">Resolu\u00e7\u00e3o<\/td><td style=\"color: #666666; background-color: #FFFFFF;\">C\u00e2mara de Educa\u00e7\u00e3o Profissional<\/td><td style=\"color: #666666; background-color: #FFFFFF;\">160\/2019<\/td><td style=\"color: #666666; background-color: #FFFFFF;\">09\/08\/2019<\/td><td style=\"color: #666666; background-color: #FFFFFF;\">Disp\u00f5e sobre a autoriza\u00e7\u00e3o do Curso T\u00e9cnico em Redes de Computadores do Programa PRONATEC, do Col\u00e9gio Estadual Novo Gama \u2014 Novo Gama\/GO e d\u00e1 outras provid\u00eancias.<\/td><td style=\"color: #0000FF; background-color: #FFFFFF;text-decoration: underline;\"><a href=\"https:\/\/goias.gov.br\/cee\/wp-content\/uploads\/sites\/20\/2023\/10\/2019-160-cep-resolucao.pdf\" target=\"_blank\">ABRIR<\/a><\/td><td style=\"color: #000000; background-color: #FFFFFF;\"><\/td><\/tr><tr><td style=\"color: #666666; background-color: #FFFFFF;\">Resolu\u00e7\u00e3o<\/td><td style=\"color: #666666; background-color: #FFFFFF;\">C\u00e2mara de Educa\u00e7\u00e3o Profissional<\/td><td style=\"color: #666666; background-color: #FFFFFF;\">161\/2019<\/td><td style=\"color: #666666; background-color: #FFFFFF;\">09\/08\/2019<\/td><td style=\"color: #666666; background-color: #FFFFFF;\">Disp\u00f5e sobre a autoriza\u00e7\u00e3o do Curso T\u00e9cnico em Inform\u00e1tica do Programa PRONATEC, do CEPI Gricon e Silva \u2014 Rian\u00e1polis\/GO e d\u00e1 outras provid\u00eancias.<\/td><td style=\"color: #0000FF; background-color: #FFFFFF;text-decoration: underline;\"><a href=\"https:\/\/goias.gov.br\/cee\/wp-content\/uploads\/sites\/20\/2023\/10\/2019-161-cep-resolucao.pdf\" target=\"_blank\">ABRIR<\/a><\/td><td style=\"color: #000000; background-color: #FFFFFF;\"><\/td><\/tr><tr><td style=\"color: #666666; background-color: #FFFFFF;\">Resolu\u00e7\u00e3o<\/td><td style=\"color: #666666; background-color: #FFFFFF;\">C\u00e2mara de Educa\u00e7\u00e3o Profissional<\/td><td style=\"color: #666666; background-color: #FFFFFF;\">162\/2019<\/td><td style=\"color: #666666; background-color: #FFFFFF;\">09\/08\/2019<\/td><td style=\"color: #666666; background-color: #FFFFFF;\">Disp\u00f5e sobre a autoriza\u00e7\u00e3o do Curso T\u00e9cnico em Inform\u00e1tica do Programa PRONATEC, do Centro de Educa\u00e7\u00e3o de Jovens e Adultos Filostro Machado \u2014 Caldas Novas\/GO e d\u00e1 outras provid\u00eancias.<\/td><td style=\"color: #0000FF; background-color: #FFFFFF;text-decoration: underline;\"><a href=\"https:\/\/goias.gov.br\/cee\/wp-content\/uploads\/sites\/20\/2023\/10\/2019-162-cep-resolucao.pdf\" target=\"_blank\">ABRIR<\/a><\/td><td style=\"color: #000000; background-color: #FFFFFF;\"><\/td><\/tr><tr><td style=\"color: #666666; background-color: #FFFFFF;\">Resolu\u00e7\u00e3o<\/td><td style=\"color: #666666; background-color: #FFFFFF;\">C\u00e2mara de Educa\u00e7\u00e3o Profissional<\/td><td style=\"color: #666666; background-color: #FFFFFF;\">163\/2019<\/td><td style=\"color: #666666; background-color: #FFFFFF;\">09\/08\/2019<\/td><td style=\"color: #666666; background-color: #FFFFFF;\">Disp\u00f5e sobre a autoriza\u00e7\u00e3o do Curso T\u00e9cnico em Inform\u00e1tica do Programa PRONATEC, do Col\u00e9gio Estadual Dona Torinha \u2014 Luzi\u00e2nia\/G0 e d\u00e1 outras provid\u00eancias.<\/td><td style=\"color: #0000FF; background-color: #FFFFFF;text-decoration: underline;\"><a href=\"https:\/\/goias.gov.br\/cee\/wp-content\/uploads\/sites\/20\/2023\/10\/2019-163-cep-resolucao.pdf\" target=\"_blank\">ABRIR<\/a><\/td><td style=\"color: #000000; background-color: #FFFFFF;\"><\/td><\/tr><tr><td style=\"color: #666666; background-color: #FFFFFF;\">Resolu\u00e7\u00e3o<\/td><td style=\"color: #666666; background-color: #FFFFFF;\">C\u00e2mara de Educa\u00e7\u00e3o Profissional<\/td><td style=\"color: #666666; background-color: #FFFFFF;\">164\/2019<\/td><td style=\"color: #666666; background-color: #FFFFFF;\">09\/08\/2019<\/td><td style=\"color: #666666; background-color: #FFFFFF;\">Disp\u00f5e sobre a autoriza\u00e7\u00e3o do Curso T\u00e9cnico em Inform\u00e1tica do Programa PRONATEC, do Col\u00e9gio Estadual 13 de Maio \u2014 Alex\u00e2nia\/GO e d\u00e1 outras provid\u00eancias.<\/td><td style=\"color: #0000FF; background-color: #FFFFFF;text-decoration: underline;\"><a href=\"https:\/\/goias.gov.br\/cee\/wp-content\/uploads\/sites\/20\/2023\/10\/2019-164-cep-resolucao.pdf\" target=\"_blank\">ABRIR<\/a><\/td><td style=\"color: #000000; background-color: #FFFFFF;\"><\/td><\/tr><tr><td style=\"color: #666666; background-color: #FFFFFF;\">Resolu\u00e7\u00e3o<\/td><td style=\"color: #666666; background-color: #FFFFFF;\">C\u00e2mara de Educa\u00e7\u00e3o Profissional<\/td><td style=\"color: #666666; background-color: #FFFFFF;\">165\/2019<\/td><td style=\"color: #666666; background-color: #FFFFFF;\">15\/08\/2019<\/td><td style=\"color: #666666; background-color: #FFFFFF;\">Disp\u00f5e sobre a autoriza\u00e7\u00e3o do Curso T\u00e9cnico em Inform\u00e1tica do Programa PRONATEC, do Col\u00e9gio Estadual Professora Josefa Barbosa Valente \u2014 Posse\/GO e d\u00e1 outras provid\u00eancias.<\/td><td style=\"color: #0000FF; background-color: #FFFFFF;text-decoration: underline;\"><a href=\"https:\/\/goias.gov.br\/cee\/wp-content\/uploads\/sites\/20\/2023\/10\/2019-165-cep-resolucao.pdf\" target=\"_blank\">ABRIR<\/a><\/td><td style=\"color: #000000; background-color: #FFFFFF;\"><\/td><\/tr><tr><td style=\"color: #666666; background-color: #FFFFFF;\">Resolu\u00e7\u00e3o<\/td><td style=\"color: #666666; background-color: #FFFFFF;\">C\u00e2mara de Educa\u00e7\u00e3o Profissional<\/td><td style=\"color: #666666; background-color: #FFFFFF;\">166\/2019<\/td><td style=\"color: #666666; background-color: #FFFFFF;\">15\/08\/2019<\/td><td style=\"color: #666666; background-color: #FFFFFF;\">Disp\u00f5e sobre a autoriza\u00e7\u00e3o do Curso T\u00e9cnico em Administra\u00e7\u00e3o do Programa PRONATEC, do Col\u00e9gio Estadual Jo\u00e3o Gon\u00e7alves Filho \u2014 Alto Horizonte\/GO e d\u00e1 outras provid\u00eancias.<\/td><td style=\"color: #0000FF; background-color: #FFFFFF;text-decoration: underline;\"><a href=\"https:\/\/goias.gov.br\/cee\/wp-content\/uploads\/sites\/20\/2023\/10\/2019-166-cep-resolucao.pdf\" target=\"_blank\">ABRIR<\/a><\/td><td style=\"color: #000000; background-color: #FFFFFF;\"><\/td><\/tr><tr><td style=\"color: #666666; background-color: #FFFFFF;\">Resolu\u00e7\u00e3o<\/td><td style=\"color: #666666; background-color: #FFFFFF;\">C\u00e2mara de Educa\u00e7\u00e3o Profissional<\/td><td style=\"color: #666666; background-color: #FFFFFF;\">167\/2019<\/td><td style=\"color: #666666; background-color: #FFFFFF;\">15\/08\/2019<\/td><td style=\"color: #666666; background-color: #FFFFFF;\">Disp\u00f5e sobre a autoriza\u00e7\u00e3o do Curso T\u00e9cnico em Seguran\u00e7a do Trabalho do Programa PRONATEC, do Col\u00e9gio Estadual Jo\u00e3o Gon\u00e7alves Filho \u2014 Alto Horizonte\/GO e d\u00e1 outras provid\u00eancias.<\/td><td style=\"color: #0000FF; background-color: #FFFFFF;text-decoration: underline;\"><a href=\"https:\/\/goias.gov.br\/cee\/wp-content\/uploads\/sites\/20\/2023\/10\/2019-167-cep-resolucao.pdf\" target=\"_blank\">ABRIR<\/a><\/td><td style=\"color: #000000; background-color: #FFFFFF;\"><\/td><\/tr><tr><td style=\"color: #666666; background-color: #FFFFFF;\">Resolu\u00e7\u00e3o<\/td><td style=\"color: #666666; background-color: #FFFFFF;\">C\u00e2mara de Educa\u00e7\u00e3o Profissional<\/td><td style=\"color: #666666; background-color: #FFFFFF;\">168\/2019<\/td><td style=\"color: #666666; background-color: #FFFFFF;\">15\/08\/2019<\/td><td style=\"color: #666666; background-color: #FFFFFF;\">Disp\u00f5e sobre a autoriza\u00e7\u00e3o do Curso T\u00e9cnico em Inform\u00e1tica do Programa PRONATEC, do Col\u00e9gio Estadual Jos\u00e9 Ludovico de Almeida \u2014 An\u00e1polis\/GO e d\u00e1 outras provid\u00eancias.<\/td><td style=\"color: #0000FF; background-color: #FFFFFF;text-decoration: underline;\"><a href=\"https:\/\/goias.gov.br\/cee\/wp-content\/uploads\/sites\/20\/2023\/10\/2019-168-cep-resolucao.pdf\" target=\"_blank\">ABRIR<\/a><\/td><td style=\"color: #000000; background-color: #FFFFFF;\"><\/td><\/tr><tr><td style=\"color: #666666; background-color: #FFFFFF;\">Resolu\u00e7\u00e3o<\/td><td style=\"color: #666666; background-color: #FFFFFF;\">C\u00e2mara de Educa\u00e7\u00e3o Profissional<\/td><td style=\"color: #666666; background-color: #FFFFFF;\">169\/2019<\/td><td style=\"color: #666666; background-color: #FFFFFF;\">15\/08\/2019<\/td><td style=\"color: #666666; background-color: #FFFFFF;\">Disp\u00f5e sobre a autoriza\u00e7\u00e3o do Curso T\u00e9cnico em Inform\u00e1tica do Programa PRONATEC, do Col\u00e9gio Estadual Belmiro Soares \u2014 Paranaiguara\/G0 e d\u00e1 outras provid\u00eancias.<\/td><td style=\"color: #0000FF; background-color: #FFFFFF;text-decoration: underline;\"><a href=\"https:\/\/goias.gov.br\/cee\/wp-content\/uploads\/sites\/20\/2023\/10\/2019-169-cep-resolucao.pdf\" target=\"_blank\">ABRIR<\/a><\/td><td style=\"color: #000000; background-color: #FFFFFF;\"><\/td><\/tr><tr><td style=\"color: #666666; background-color: #FFFFFF;\">Resolu\u00e7\u00e3o<\/td><td style=\"color: #666666; background-color: #FFFFFF;\">C\u00e2mara de Educa\u00e7\u00e3o Profissional<\/td><td style=\"color: #666666; background-color: #FFFFFF;\">170\/2019<\/td><td style=\"color: #666666; background-color: #FFFFFF;\">15\/08\/2019<\/td><td style=\"color: #666666; background-color: #FFFFFF;\">Disp\u00f5e sobre a autoriza\u00e7\u00e3o do Curso T\u00e9cnico em Manuten\u00e7\u00e3o e Suporte em Inform\u00e1tica do Programa PRONATEC, do Col\u00e9gio Estadual Belmiro Soares \u2014 Paranaiguara\/GO e d\u00e1 outras provid\u00eancias.<\/td><td style=\"color: #0000FF; background-color: #FFFFFF;text-decoration: underline;\"><a href=\"https:\/\/goias.gov.br\/cee\/wp-content\/uploads\/sites\/20\/2023\/10\/2019-170-cep-resolucao.pdf\" target=\"_blank\">ABRIR<\/a><\/td><td style=\"color: #000000; background-color: #FFFFFF;\"><\/td><\/tr><tr><td style=\"color: #666666; background-color: #FFFFFF;\">Resolu\u00e7\u00e3o<\/td><td style=\"color: #666666; background-color: #FFFFFF;\">C\u00e2mara de Educa\u00e7\u00e3o Profissional<\/td><td style=\"color: #666666; background-color: #FFFFFF;\">171\/2019<\/td><td style=\"color: #666666; background-color: #FFFFFF;\">15\/08\/2019<\/td><td style=\"color: #666666; background-color: #FFFFFF;\">Disp\u00f5e sobre a autoriza\u00e7\u00e3o do Curso T\u00e9cnico em Inform\u00e1tica para o uso de Internet do Programa PRONATEC, do Col\u00e9gio Estadual Professor Jos\u00e9 Paschoal da Silva \u2014 Silv\u00e2nia\/GO e d\u00e1 outras provid\u00eancias.<\/td><td style=\"color: #0000FF; background-color: #FFFFFF;text-decoration: underline;\"><a href=\"https:\/\/goias.gov.br\/cee\/wp-content\/uploads\/sites\/20\/2023\/10\/2019-171-cep-resolucao.pdf\" target=\"_blank\">ABRIR<\/a><\/td><td style=\"color: #000000; background-color: #FFFFFF;\"><\/td><\/tr><tr><td style=\"color: #666666; background-color: #FFFFFF;\">Resolu\u00e7\u00e3o<\/td><td style=\"color: #666666; background-color: #FFFFFF;\">C\u00e2mara de Educa\u00e7\u00e3o Profissional<\/td><td style=\"color: #666666; background-color: #FFFFFF;\">172\/2019<\/td><td style=\"color: #666666; background-color: #FFFFFF;\">15\/08\/2019<\/td><td style=\"color: #666666; background-color: #FFFFFF;\">Disp\u00f5e sobre a autoriza\u00e7\u00e3o do Curso T\u00e9cnico em Inform\u00e1tica do Programa PRONATEC, do Col\u00e9gio Estadual Jo\u00e3o Teodoro de Oliveira \u2014 Mutun\u00f3polis\/G0 e d\u00e1 outras provid\u00eancias.<\/td><td style=\"color: #0000FF; background-color: #FFFFFF;text-decoration: underline;\"><a href=\"https:\/\/goias.gov.br\/cee\/wp-content\/uploads\/sites\/20\/2023\/10\/2019-172-cep-resolucao.pdf\" target=\"_blank\">ABRIR<\/a><\/td><td style=\"color: #000000; background-color: #FFFFFF;\"><\/td><\/tr><tr><td style=\"color: #666666; background-color: #FFFFFF;\">Resolu\u00e7\u00e3o<\/td><td style=\"color: #666666; background-color: #FFFFFF;\">C\u00e2mara de Educa\u00e7\u00e3o Profissional<\/td><td style=\"color: #666666; background-color: #FFFFFF;\">173\/2019<\/td><td style=\"color: #666666; background-color: #FFFFFF;\">15\/08\/2019<\/td><td style=\"color: #666666; background-color: #FFFFFF;\">Disp\u00f5e sobre a autoriza\u00e7\u00e3o do Curso T\u00e9cnico em Administra\u00e7\u00e3o do Programa PRONATEC, do Col\u00e9gio Estadual Joaquim Thom\u00e9 de Almeida \u2014 Mina\u00e7u\/GO e d\u00e1 outras provid\u00eancias.<\/td><td style=\"color: #0000FF; background-color: #FFFFFF;text-decoration: underline;\"><a href=\"https:\/\/goias.gov.br\/cee\/wp-content\/uploads\/sites\/20\/2023\/10\/2019-173-cep-resolucao.pdf\" target=\"_blank\">ABRIR<\/a><\/td><td style=\"color: #000000; background-color: #FFFFFF;\"><\/td><\/tr><tr><td style=\"color: #666666; background-color: #FFFFFF;\">Resolu\u00e7\u00e3o<\/td><td style=\"color: #666666; background-color: #FFFFFF;\">C\u00e2mara de Educa\u00e7\u00e3o Profissional<\/td><td style=\"color: #666666; background-color: #FFFFFF;\">174\/2019<\/td><td style=\"color: #666666; background-color: #FFFFFF;\">15\/08\/2019<\/td><td style=\"color: #666666; background-color: #FFFFFF;\">Disp\u00f5e sobre a autoriza\u00e7\u00e3o do Curso T\u00e9cnico em Inform\u00e1tica do Programa PRONATEC, do Col\u00e9gio Estadual Joaquim Thom\u00e9 de Almeida \u2014 Mina\u00e7u\/GO e d\u00e1 outras provid\u00eancias.<\/td><td style=\"color: #0000FF; background-color: #FFFFFF;text-decoration: underline;\"><a href=\"https:\/\/goias.gov.br\/cee\/wp-content\/uploads\/sites\/20\/2023\/10\/2019-174-cep-resolucao.pdf\" target=\"_blank\">ABRIR<\/a><\/td><td style=\"color: #000000; background-color: #FFFFFF;\"><\/td><\/tr><tr><td style=\"color: #666666; background-color: #FFFFFF;\">Resolu\u00e7\u00e3o<\/td><td style=\"color: #666666; background-color: #FFFFFF;\">C\u00e2mara de Educa\u00e7\u00e3o Profissional<\/td><td style=\"color: #666666; background-color: #FFFFFF;\">175\/2019<\/td><td style=\"color: #666666; background-color: #FFFFFF;\">15\/08\/2019<\/td><td style=\"color: #666666; background-color: #FFFFFF;\">Disp\u00f5e sobre a autoriza\u00e7\u00e3o do Curso T\u00e9cnico em Inform\u00e1tica para Internet do Programa PRONATEC, do Col\u00e9gio Estadual Professor Heli Alves Ferreira \u2014 An\u00e1polis\/GO e d\u00e1 outras provid\u00eancias.<\/td><td style=\"color: #0000FF; background-color: #FFFFFF;text-decoration: underline;\"><a href=\"https:\/\/goias.gov.br\/cee\/wp-content\/uploads\/sites\/20\/2023\/10\/2019-175-cep-resolucao.pdf\" target=\"_blank\">ABRIR<\/a><\/td><td style=\"color: #000000; background-color: #FFFFFF;\"><\/td><\/tr><tr><td style=\"color: #666666; background-color: #FFFFFF;\">Resolu\u00e7\u00e3o<\/td><td style=\"color: #666666; background-color: #FFFFFF;\">C\u00e2mara de Educa\u00e7\u00e3o Profissional<\/td><td style=\"color: #666666; background-color: #FFFFFF;\">176\/2019<\/td><td style=\"color: #666666; background-color: #FFFFFF;\">15\/08\/2019<\/td><td style=\"color: #666666; background-color: #FFFFFF;\">Disp\u00f5e sobre a autoriza\u00e7\u00e3o do Curso T\u00e9cnico em Inform\u00e1tica para Internet do Programa PRONATEC, do Col\u00e9gio Estadual Ilidia Maria Perillo Caiado \u2014 Itapirapu\u00e3\/G0 e d\u00e1 outras provid\u00eancias.<\/td><td style=\"color: #0000FF; background-color: #FFFFFF;text-decoration: underline;\"><a href=\"https:\/\/goias.gov.br\/cee\/wp-content\/uploads\/sites\/20\/2023\/10\/2019-176-cep-resolucao.pdf\" target=\"_blank\">ABRIR<\/a><\/td><td style=\"color: #000000; background-color: #FFFFFF;\"><\/td><\/tr><tr><td style=\"color: #666666; background-color: #FFFFFF;\">Resolu\u00e7\u00e3o<\/td><td style=\"color: #666666; background-color: #FFFFFF;\">C\u00e2mara de Educa\u00e7\u00e3o Profissional<\/td><td style=\"color: #666666; background-color: #FFFFFF;\">177\/2019<\/td><td style=\"color: #666666; background-color: #FFFFFF;\">15\/08\/2019<\/td><td style=\"color: #666666; background-color: #FFFFFF;\">Disp\u00f5e sobre a autoriza\u00e7\u00e3o do Curso T\u00e9cnico em Inform\u00e1tica do Programa PRONATEC, do Col\u00e9gio Estadual Jos\u00e9 Alves Toledo \u2014 Uruana\/G0 e d\u00e1 outras provid\u00eancias.<\/td><td style=\"color: #0000FF; background-color: #FFFFFF;text-decoration: underline;\"><a href=\"https:\/\/goias.gov.br\/cee\/wp-content\/uploads\/sites\/20\/2023\/10\/2019-177-cep-resolucao.pdf\" target=\"_blank\">ABRIR<\/a><\/td><td style=\"color: #000000; background-color: #FFFFFF;\"><\/td><\/tr><tr><td style=\"color: #666666; background-color: #FFFFFF;\">Resolu\u00e7\u00e3o<\/td><td style=\"color: #666666; background-color: #FFFFFF;\">C\u00e2mara de Educa\u00e7\u00e3o Profissional<\/td><td style=\"color: #666666; background-color: #FFFFFF;\">178\/2019<\/td><td style=\"color: #666666; background-color: #FFFFFF;\">22\/08\/2019<\/td><td style=\"color: #666666; background-color: #FFFFFF;\">Disp\u00f5e sobre a autoriza\u00e7\u00e3o do Curso T\u00e9cnico em Manuten\u00e7\u00e3o e Suporte de Inform\u00e1tica do Programa PRONATEC, do Col\u00e9gio Estadual Pedro Alves de Moura \u2014 Rubiataba\/GO e d\u00e1 outras provid\u00eancias.<\/td><td style=\"color: #0000FF; background-color: #FFFFFF;text-decoration: underline;\"><a href=\"https:\/\/goias.gov.br\/cee\/wp-content\/uploads\/sites\/20\/2023\/10\/2019-178-cep-resolucao.pdf\" target=\"_blank\">ABRIR<\/a><\/td><td style=\"color: #000000; background-color: #FFFFFF;\"><\/td><\/tr><tr><td style=\"color: #666666; background-color: #FFFFFF;\">Resolu\u00e7\u00e3o<\/td><td style=\"color: #666666; background-color: #FFFFFF;\">C\u00e2mara de Educa\u00e7\u00e3o Profissional<\/td><td style=\"color: #666666; background-color: #FFFFFF;\">179\/2019<\/td><td style=\"color: #666666; background-color: #FFFFFF;\">22\/08\/2019<\/td><td style=\"color: #666666; background-color: #FFFFFF;\">Disp\u00f5e sobre o recredenciamento e a renova\u00e7\u00e3o da autoriza\u00e7\u00e3o o Curso T\u00e9cnico em Agropecu\u00e1ria do Centro Tecnol\u00f3gico Paula Pasquali \u2014 Quirin\u00f3polis\/GO e d\u00e1 outras provid\u00eancias.<\/td><td style=\"color: #0000FF; background-color: #FFFFFF;text-decoration: underline;\"><a href=\"https:\/\/goias.gov.br\/cee\/wp-content\/uploads\/sites\/20\/2023\/10\/2019-179-cep-resolucao.pdf\" target=\"_blank\">ABRIR<\/a><\/td><td style=\"color: #000000; background-color: #FFFFFF;\"><\/td><\/tr><tr><td style=\"color: #666666; background-color: #FFFFFF;\">Resolu\u00e7\u00e3o<\/td><td style=\"color: #666666; background-color: #FFFFFF;\">C\u00e2mara de Educa\u00e7\u00e3o Profissional<\/td><td style=\"color: #666666; background-color: #FFFFFF;\">180\/2019<\/td><td style=\"color: #666666; background-color: #FFFFFF;\">22\/08\/2019<\/td><td style=\"color: #666666; background-color: #FFFFFF;\">Disp\u00f5e sobre a autoriza\u00e7\u00e3o do Curso T\u00e9cnico em Agroneg\u00f3cio do Programa PRONATEC, do Col\u00e9gio Estadual Jacy Paraguassu \u2014 Cachoeira Alta\/GO e d\u00e1 outras provid\u00eancias.<\/td><td style=\"color: #0000FF; background-color: #FFFFFF;text-decoration: underline;\"><a href=\"https:\/\/goias.gov.br\/cee\/wp-content\/uploads\/sites\/20\/2023\/10\/2019-180-cep-resolucao.pdf\" target=\"_blank\">ABRIR<\/a><\/td><td style=\"color: #000000; background-color: #FFFFFF;\"><\/td><\/tr><tr><td style=\"color: #666666; background-color: #FFFFFF;\">Resolu\u00e7\u00e3o<\/td><td style=\"color: #666666; background-color: #FFFFFF;\">C\u00e2mara de Educa\u00e7\u00e3o Profissional<\/td><td style=\"color: #666666; background-color: #FFFFFF;\">181\/2019<\/td><td style=\"color: #666666; background-color: #FFFFFF;\">22\/08\/2019<\/td><td style=\"color: #666666; background-color: #FFFFFF;\">Disp\u00f5e sobre a autoriza\u00e7\u00e3o do Curso T\u00e9cnico em Agroind\u00fastria do Programa PRONATEC, do Col\u00e9gio Estadual Jacy Paraguassu \u2014 Cachoeira Alta\/GO e d\u00e1 outras provid\u00eancias.<\/td><td style=\"color: #0000FF; background-color: #FFFFFF;text-decoration: underline;\"><a href=\"https:\/\/goias.gov.br\/cee\/wp-content\/uploads\/sites\/20\/2023\/10\/2019-181-cep-resolucao.pdf\" target=\"_blank\">ABRIR<\/a><\/td><td style=\"color: #000000; background-color: #FFFFFF;\"><\/td><\/tr><tr><td style=\"color: #666666; background-color: #FFFFFF;\">Resolu\u00e7\u00e3o<\/td><td style=\"color: #666666; background-color: #FFFFFF;\">C\u00e2mara de Educa\u00e7\u00e3o Profissional<\/td><td style=\"color: #666666; background-color: #FFFFFF;\">182\/2019<\/td><td style=\"color: #666666; background-color: #FFFFFF;\">22\/08\/2019<\/td><td style=\"color: #666666; background-color: #FFFFFF;\">Disp\u00f5e sobre a autoriza\u00e7\u00e3o do Curso T\u00e9cnico em Manuten\u00e7\u00e3o e Suporte de Inform\u00e1tica do Programa PRONATEC, do Col\u00e9gio Estadual Alfredo Nasser \u2014 Aren\u00f3polis\/G0 e d\u00e1 outras provid\u00eancias.<\/td><td style=\"color: #0000FF; background-color: #FFFFFF;text-decoration: underline;\"><a href=\"https:\/\/goias.gov.br\/cee\/wp-content\/uploads\/sites\/20\/2023\/10\/2019-182-cep-resolucao.pdf\" target=\"_blank\">ABRIR<\/a><\/td><td style=\"color: #000000; background-color: #FFFFFF;\"><\/td><\/tr><tr><td style=\"color: #666666; background-color: #FFFFFF;\">Resolu\u00e7\u00e3o<\/td><td style=\"color: #666666; background-color: #FFFFFF;\">C\u00e2mara de Educa\u00e7\u00e3o Profissional<\/td><td style=\"color: #666666; background-color: #FFFFFF;\">183\/2019<\/td><td style=\"color: #666666; background-color: #FFFFFF;\">22\/08\/2019<\/td><td style=\"color: #666666; background-color: #FFFFFF;\">Disp\u00f5e sobre a autoriza\u00e7\u00e3o do Curso T\u00e9cnico em Manuten\u00e7\u00e3o e Suporte de Inform\u00e1tica do Programa PRONATEC, do Col\u00e9gio Estadual Deputado Jos\u00e9 de Assis \u2014 Goi\u00e2nia\/GO e d\u00e1 outras provid\u00eancias.<\/td><td style=\"color: #0000FF; background-color: #FFFFFF;text-decoration: underline;\"><a href=\"https:\/\/goias.gov.br\/cee\/wp-content\/uploads\/sites\/20\/2023\/10\/2019-183-cep-resolucao.pdf\" target=\"_blank\">ABRIR<\/a><\/td><td style=\"color: #000000; background-color: #FFFFFF;\"><\/td><\/tr><tr><td style=\"color: #666666; background-color: #FFFFFF;\">Resolu\u00e7\u00e3o<\/td><td style=\"color: #666666; background-color: #FFFFFF;\">C\u00e2mara de Educa\u00e7\u00e3o Profissional<\/td><td style=\"color: #666666; background-color: #FFFFFF;\">184\/2019<\/td><td style=\"color: #666666; background-color: #FFFFFF;\">22\/08\/2019<\/td><td style=\"color: #666666; background-color: #FFFFFF;\">Disp\u00f5e sobre a autoriza\u00e7\u00e3o do Curso T\u00e9cnico em Inform\u00e1tica do Programa PRONATEC, do Col\u00e9gio Estadual Adelvina Flores Ribeiro \u2014 Cristalina\/GO e d\u00e1 outras provid\u00eancias.<\/td><td style=\"color: #0000FF; background-color: #FFFFFF;text-decoration: underline;\"><a href=\"https:\/\/goias.gov.br\/cee\/wp-content\/uploads\/sites\/20\/2023\/10\/2019-184-cep-resolucao.pdf\" target=\"_blank\">ABRIR<\/a><\/td><td style=\"color: #000000; background-color: #FFFFFF;\"><\/td><\/tr><tr><td style=\"color: #666666; background-color: #FFFFFF;\">Resolu\u00e7\u00e3o<\/td><td style=\"color: #666666; background-color: #FFFFFF;\">C\u00e2mara de Educa\u00e7\u00e3o Profissional<\/td><td style=\"color: #666666; background-color: #FFFFFF;\">185\/2019<\/td><td style=\"color: #666666; background-color: #FFFFFF;\">22\/08\/2019<\/td><td style=\"color: #666666; background-color: #FFFFFF;\">Disp\u00f5e sobre a autoriza\u00e7\u00e3o o Curso T\u00e9cnico em Enfermagem do Centro Tecnol\u00f3gico Paula Pasquali \u2014 Inhumas\/GO e d\u00e1 outras provid\u00eancias.<\/td><td style=\"color: #0000FF; background-color: #FFFFFF;text-decoration: underline;\"><a href=\"https:\/\/goias.gov.br\/cee\/wp-content\/uploads\/sites\/20\/2023\/10\/2019-185-cep-resolucao.pdf\" target=\"_blank\">ABRIR<\/a><\/td><td style=\"color: #000000; background-color: #FFFFFF;\"><\/td><\/tr><tr><td style=\"color: #666666; background-color: #FFFFFF;\">Resolu\u00e7\u00e3o<\/td><td style=\"color: #666666; background-color: #FFFFFF;\">C\u00e2mara de Educa\u00e7\u00e3o Profissional<\/td><td style=\"color: #666666; background-color: #FFFFFF;\">186\/2019<\/td><td style=\"color: #666666; background-color: #FFFFFF;\">22\/08\/2019<\/td><td style=\"color: #666666; background-color: #FFFFFF;\">Disp\u00f5e sobre o recredenciamento e a renova\u00e7\u00e3o da autoriza\u00e7\u00e3o o Curso T\u00e9cnico em Administra\u00e7\u00e3o, do Col\u00e9gio Funda\u00e7\u00e3o Bradesco \u2014 Aparecida de Goi\u00e2nia\/GO e d\u00e1 outras provid\u00eancias.<\/td><td style=\"color: #0000FF; background-color: #FFFFFF;text-decoration: underline;\"><a href=\"https:\/\/goias.gov.br\/cee\/wp-content\/uploads\/sites\/20\/2023\/10\/2019-186-cep-resolucao.pdf\" target=\"_blank\">ABRIR<\/a><\/td><td style=\"color: #000000; background-color: #FFFFFF;\"><\/td><\/tr><tr><td style=\"color: #666666; background-color: #FFFFFF;\">Resolu\u00e7\u00e3o<\/td><td style=\"color: #666666; background-color: #FFFFFF;\">C\u00e2mara de Educa\u00e7\u00e3o Profissional<\/td><td style=\"color: #666666; background-color: #FFFFFF;\">187\/2019<\/td><td style=\"color: #666666; background-color: #FFFFFF;\">29\/08\/2019<\/td><td style=\"color: #666666; background-color: #FFFFFF;\">Disp\u00f5e sobre a autoriza\u00e7\u00e3o do Curso T\u00e9cnico em Redes de Computadores do Programa PRONATEC, do Col\u00e9gio Estadual In\u00e1cio Paes Lemes \u2014 Cachoeira Dourada\/GO e d\u00e1 outras provid\u00eancias.<\/td><td style=\"color: #0000FF; background-color: #FFFFFF;text-decoration: underline;\"><a href=\"https:\/\/goias.gov.br\/cee\/wp-content\/uploads\/sites\/20\/2023\/10\/2019-187-cep-resolucao.pdf\" target=\"_blank\">ABRIR<\/a><\/td><td style=\"color: #000000; background-color: #FFFFFF;\"><\/td><\/tr><tr><td style=\"color: #666666; background-color: #FFFFFF;\">Resolu\u00e7\u00e3o<\/td><td style=\"color: #666666; background-color: #FFFFFF;\">C\u00e2mara de Educa\u00e7\u00e3o Profissional<\/td><td style=\"color: #666666; background-color: #FFFFFF;\">188\/2019<\/td><td style=\"color: #666666; background-color: #FFFFFF;\">29\/08\/2019<\/td><td style=\"color: #666666; background-color: #FFFFFF;\">Disp\u00f5e sobre a autoriza\u00e7\u00e3o do Curso T\u00e9cnico em Agricultura do Programa PRONATEC, do Col\u00e9gio Estadual Santo Ant\u00f4nio de Cana Brava \u2014 Mina\u00e7u\/GO e d\u00e1 outras provid\u00eancias.<\/td><td style=\"color: #0000FF; background-color: #FFFFFF;text-decoration: underline;\"><a href=\"https:\/\/goias.gov.br\/cee\/wp-content\/uploads\/sites\/20\/2023\/10\/2019-188-cep-resolucao.pdf\" target=\"_blank\">ABRIR<\/a><\/td><td style=\"color: #000000; background-color: #FFFFFF;\"><\/td><\/tr><tr><td style=\"color: #666666; background-color: #FFFFFF;\">Resolu\u00e7\u00e3o<\/td><td style=\"color: #666666; background-color: #FFFFFF;\">C\u00e2mara de Educa\u00e7\u00e3o Profissional<\/td><td style=\"color: #666666; background-color: #FFFFFF;\">189\/2019<\/td><td style=\"color: #666666; background-color: #FFFFFF;\">29\/08\/2019<\/td><td style=\"color: #666666; background-color: #FFFFFF;\">Disp\u00f5e sobre o recredenciamento e a autoriza\u00e7\u00e3o o Curso T\u00e9cnico em Recursos Humanos na modalidade de EaD, da Institui\u00e7\u00e3o de Ensino Charles Babbage - UNIORKA \u2014 Goi\u00e2nia\/GO e d\u00e1 outras provid\u00eancias.<\/td><td style=\"color: #0000FF; background-color: #FFFFFF;text-decoration: underline;\"><a href=\"https:\/\/goias.gov.br\/cee\/wp-content\/uploads\/sites\/20\/2023\/10\/2019-189-cep-resolucao.pdf\" target=\"_blank\">ABRIR<\/a><\/td><td style=\"color: #000000; background-color: #FFFFFF;\"><\/td><\/tr><tr><td style=\"color: #666666; background-color: #FFFFFF;\">Resolu\u00e7\u00e3o<\/td><td style=\"color: #666666; background-color: #FFFFFF;\">C\u00e2mara de Educa\u00e7\u00e3o Profissional<\/td><td style=\"color: #666666; background-color: #FFFFFF;\">190\/2019<\/td><td style=\"color: #666666; background-color: #FFFFFF;\">29\/08\/2019<\/td><td style=\"color: #666666; background-color: #FFFFFF;\">Disp\u00f5e sobre a autoriza\u00e7\u00e3o o Curso T\u00e9cnico em Agroneg\u00f3cio na modalidade de EaD, da Institui\u00e7\u00e3o de Ensino Charles Babbage - UNIORKA \u2014 Goi\u00e2nia\/GO e d\u00e1 outras provid\u00eancias<\/td><td style=\"color: #0000FF; background-color: #FFFFFF;text-decoration: underline;\"><a href=\"https:\/\/goias.gov.br\/cee\/wp-content\/uploads\/sites\/20\/2023\/10\/2019-190-cep-resolucao.pdf\" target=\"_blank\">ABRIR<\/a><\/td><td style=\"color: #000000; background-color: #FFFFFF;\"><\/td><\/tr><tr><td style=\"color: #666666; background-color: #FFFFFF;\">Resolu\u00e7\u00e3o<\/td><td style=\"color: #666666; background-color: #FFFFFF;\">C\u00e2mara de Educa\u00e7\u00e3o Profissional<\/td><td style=\"color: #666666; background-color: #FFFFFF;\">191\/2019<\/td><td style=\"color: #666666; background-color: #FFFFFF;\">29\/08\/2019<\/td><td style=\"color: #666666; background-color: #FFFFFF;\">Disp\u00f5e sobre a autoriza\u00e7\u00e3o o Curso T\u00e9cnico em Administra\u00e7\u00e3o na modalidade de EaD, da Institui\u00e7\u00e3o de Ensino Charles Babbage - UNIORKA \u2014 Goi\u00e2nia\/GO e d\u00e1 outras provid\u00eancias.<\/td><td style=\"color: #0000FF; background-color: #FFFFFF;text-decoration: underline;\"><a href=\"https:\/\/goias.gov.br\/cee\/wp-content\/uploads\/sites\/20\/2023\/10\/2019-191-cep-resolucao.pdf\" target=\"_blank\">ABRIR<\/a><\/td><td style=\"color: #000000; background-color: #FFFFFF;\"><\/td><\/tr><tr><td style=\"color: #666666; background-color: #FFFFFF;\">Resolu\u00e7\u00e3o<\/td><td style=\"color: #666666; background-color: #FFFFFF;\">C\u00e2mara de Educa\u00e7\u00e3o Profissional<\/td><td style=\"color: #666666; background-color: #FFFFFF;\">192\/2019<\/td><td style=\"color: #666666; background-color: #FFFFFF;\">29\/08\/2019<\/td><td style=\"color: #666666; background-color: #FFFFFF;\">Disp\u00f5e sobre a rerratifica\u00e7\u00e3o da Res. CEE\/CEP N. 88, de 31 de maio de 2019, Centro de Capacita\u00e7\u00e3o de Profissionais da Educa\u00e7\u00e3o e de Atendimento \u00e0s Pessoas com Surdez - CAS \u2014 Goi\u00e2nia\/GO e d\u00e1 outras provid\u00eancias.<\/td><td style=\"color: #0000FF; background-color: #FFFFFF;text-decoration: underline;\"><a href=\"https:\/\/goias.gov.br\/cee\/wp-content\/uploads\/sites\/20\/2023\/10\/2019-192-cep-resolucao.pdf\" target=\"_blank\">ABRIR<\/a><\/td><td style=\"color: #000000; background-color: #FFFFFF;\"><\/td><\/tr><tr><td style=\"color: #666666; background-color: #FFFFFF;\">Resolu\u00e7\u00e3o<\/td><td style=\"color: #666666; background-color: #FFFFFF;\">C\u00e2mara de Educa\u00e7\u00e3o Profissional<\/td><td style=\"color: #666666; background-color: #FFFFFF;\">193\/2019<\/td><td style=\"color: #666666; background-color: #FFFFFF;\">05\/09\/2019<\/td><td style=\"color: #666666; background-color: #FFFFFF;\">Disp\u00f5e sobre o recredenciamento e a renova\u00e7\u00e3o da autoriza\u00e7\u00e3o do Curso T\u00e9cnico em Pr\u00f3tese Dent\u00e1ria, do Col\u00e9gio de Pr\u00f3tese Dent\u00e1ria de Goi\u00e2nia \u2014 Goi\u00e2nia\/GO e d\u00e1 outras provid\u00eancias.<\/td><td style=\"color: #0000FF; background-color: #FFFFFF;text-decoration: underline;\"><a href=\"https:\/\/goias.gov.br\/cee\/wp-content\/uploads\/sites\/20\/2023\/10\/2019-193-cep-resolucao.pdf\" target=\"_blank\">ABRIR<\/a><\/td><td style=\"color: #000000; background-color: #FFFFFF;\"><\/td><\/tr><tr><td style=\"color: #666666; background-color: #FFFFFF;\">Resolu\u00e7\u00e3o<\/td><td style=\"color: #666666; background-color: #FFFFFF;\">C\u00e2mara de Educa\u00e7\u00e3o Profissional<\/td><td style=\"color: #666666; background-color: #FFFFFF;\">194\/2019<\/td><td style=\"color: #666666; background-color: #FFFFFF;\">05\/09\/2019<\/td><td style=\"color: #666666; background-color: #FFFFFF;\">Disp\u00f5e sobre o recredenciamento e a renova\u00e7\u00e3o da autoriza\u00e7\u00e3o do Curso T\u00e9cnico em Enfermagem, da Superintend\u00eancia da Escola de Sa\u00fade de Goi\u00e1s \u2014 Goi\u00e2nia\/GO e d\u00e1 outras provid\u00eancias.<\/td><td style=\"color: #0000FF; background-color: #FFFFFF;text-decoration: underline;\"><a href=\"https:\/\/goias.gov.br\/cee\/wp-content\/uploads\/sites\/20\/2023\/10\/2019-194-cep-resolucao.pdf\" target=\"_blank\">ABRIR<\/a><\/td><td style=\"color: #000000; background-color: #FFFFFF;\"><\/td><\/tr><tr><td style=\"color: #666666; background-color: #FFFFFF;\">Resolu\u00e7\u00e3o<\/td><td style=\"color: #666666; background-color: #FFFFFF;\">C\u00e2mara de Educa\u00e7\u00e3o Profissional<\/td><td style=\"color: #666666; background-color: #FFFFFF;\">195\/2019<\/td><td style=\"color: #666666; background-color: #FFFFFF;\">12\/09\/2019<\/td><td style=\"color: #666666; background-color: #FFFFFF;\">Disp\u00f5e sobre o recredenciamento e a renova\u00e7\u00e3o da autoriza\u00e7\u00e3o do Curso T\u00e9cnico em Secretaria Escolar na modalidade de EAD, da Escola Nossa Senhora Aparecida - Luzi\u00e2nia\/GO e d\u00e1 outras provid\u00eancias. <\/td><td style=\"color: #0000FF; background-color: #FFFFFF;text-decoration: underline;\"><a href=\"https:\/\/goias.gov.br\/cee\/wp-content\/uploads\/sites\/20\/2023\/10\/2019-195-cep-resolucao.pdf\" target=\"_blank\">ABRIR<\/a><\/td><td style=\"color: #000000; background-color: #FFFFFF;\"><\/td><\/tr><tr><td style=\"color: #666666; background-color: #FFFFFF;\">Resolu\u00e7\u00e3o<\/td><td style=\"color: #666666; background-color: #FFFFFF;\">C\u00e2mara de Educa\u00e7\u00e3o Profissional<\/td><td style=\"color: #666666; background-color: #FFFFFF;\">196\/2019<\/td><td style=\"color: #666666; background-color: #FFFFFF;\">12\/09\/2019<\/td><td style=\"color: #666666; background-color: #FFFFFF;\">Disp\u00f5e sobre o recredenciamento e a renova\u00e7\u00e3o da autoriza\u00e7\u00e3o do Curso T\u00e9cnico em Edifica\u00e7\u00f5es na modalidade de EAD, da Escola Nossa Senhora Aparecida - Luzi\u00e2nia\/GO e d\u00e1 outras provid\u00eancias.<\/td><td style=\"color: #0000FF; background-color: #FFFFFF;text-decoration: underline;\"><a href=\"https:\/\/goias.gov.br\/cee\/wp-content\/uploads\/sites\/20\/2023\/10\/2019-196-cep-resolucao.pdf\" target=\"_blank\">ABRIR<\/a><\/td><td style=\"color: #000000; background-color: #FFFFFF;\"><\/td><\/tr><tr><td style=\"color: #666666; background-color: #FFFFFF;\">Resolu\u00e7\u00e3o<\/td><td style=\"color: #666666; background-color: #FFFFFF;\">C\u00e2mara de Educa\u00e7\u00e3o Profissional<\/td><td style=\"color: #666666; background-color: #FFFFFF;\">197\/2019<\/td><td style=\"color: #666666; background-color: #FFFFFF;\">12\/09\/2019<\/td><td style=\"color: #666666; background-color: #FFFFFF;\">Disp\u00f5e sobre o recredenciamento e a renova\u00e7\u00e3o da autoriza\u00e7\u00e3o do Curso T\u00e9cnico em Eletrot\u00e9cnica na modalidade de EAD, da Escola Nossa Senhora Aparecida - Luzi\u00e2nia\/GO e d\u00e1 outras provid\u00eancias.<\/td><td style=\"color: #0000FF; background-color: #FFFFFF;text-decoration: underline;\"><a href=\"https:\/\/goias.gov.br\/cee\/wp-content\/uploads\/sites\/20\/2023\/10\/2019-197-cep-resolucao.pdf\" target=\"_blank\">ABRIR<\/a><\/td><td style=\"color: #000000; background-color: #FFFFFF;\"><\/td><\/tr><tr><td style=\"color: #666666; background-color: #FFFFFF;\">Resolu\u00e7\u00e3o<\/td><td style=\"color: #666666; background-color: #FFFFFF;\">C\u00e2mara de Educa\u00e7\u00e3o Profissional<\/td><td style=\"color: #666666; background-color: #FFFFFF;\">198\/2019<\/td><td style=\"color: #666666; background-color: #FFFFFF;\">12\/09\/2019<\/td><td style=\"color: #666666; background-color: #FFFFFF;\">Disp\u00f5e sobre o recredenciamento e a renova\u00e7\u00e3o da autoriza\u00e7\u00e3o do Curso T\u00e9cnico em Seguran\u00e7a do Trabalho na modalidade de EAD, da Escola Nossa Senhora Aparecida - Luzi\u00e2nia\/GO e d\u00e1 outras provid\u00eancias.<\/td><td style=\"color: #0000FF; background-color: #FFFFFF;text-decoration: underline;\"><a href=\"https:\/\/goias.gov.br\/cee\/wp-content\/uploads\/sites\/20\/2023\/10\/2019-198-cep-resolucao.pdf\" target=\"_blank\">ABRIR<\/a><\/td><td style=\"color: #000000; background-color: #FFFFFF;\"><\/td><\/tr><tr><td style=\"color: #666666; background-color: #FFFFFF;\">Resolu\u00e7\u00e3o<\/td><td style=\"color: #666666; background-color: #FFFFFF;\">C\u00e2mara de Educa\u00e7\u00e3o Profissional<\/td><td style=\"color: #666666; background-color: #FFFFFF;\">199\/2019<\/td><td style=\"color: #666666; background-color: #FFFFFF;\">12\/09\/2019<\/td><td style=\"color: #666666; background-color: #FFFFFF;\">Disp\u00f5e sobre o recredenciamento e a renova\u00e7\u00e3o da autoriza\u00e7\u00e3o do Curso T\u00e9cnico em Telecomunica\u00e7\u00f5es na modalidade de EAD, da Escola Nossa Senhora Aparecida - Luzi\u00e2nia\/GO e d\u00e1 outras provid\u00eancias.<\/td><td style=\"color: #0000FF; background-color: #FFFFFF;text-decoration: underline;\"><a href=\"https:\/\/goias.gov.br\/cee\/wp-content\/uploads\/sites\/20\/2023\/10\/2019-199-cep-resolucao.pdf\" target=\"_blank\">ABRIR<\/a><\/td><td style=\"color: #000000; background-color: #FFFFFF;\"><\/td><\/tr><tr><td style=\"color: #666666; background-color: #FFFFFF;\">Resolu\u00e7\u00e3o<\/td><td style=\"color: #666666; background-color: #FFFFFF;\">C\u00e2mara de Educa\u00e7\u00e3o Profissional<\/td><td style=\"color: #666666; background-color: #FFFFFF;\">200\/2019<\/td><td style=\"color: #666666; background-color: #FFFFFF;\">12\/09\/2019<\/td><td style=\"color: #666666; background-color: #FFFFFF;\">Disp\u00f5e sobre a autoriza\u00e7\u00e3o do projeto \u201cEscotismo nas Escolas Estaduais do Estado de Goi\u00e1s: Construindo um Mundo Melhor\u201d, realizado pela Secretaria de Estado de Educa\u00e7\u00e3o do Estado de Goi\u00e1s por meio da Superintend\u00eancia de Ensino M\u00e9dio \u2013 Goi\u00e2nia\/GO e d\u00e1 outras provid\u00eancias.<\/td><td style=\"color: #0000FF; background-color: #FFFFFF;text-decoration: underline;\"><a href=\"https:\/\/goias.gov.br\/cee\/wp-content\/uploads\/sites\/20\/2023\/10\/2019-200-cep-resolucao.pdf\" target=\"_blank\">ABRIR<\/a><\/td><td style=\"color: #000000; background-color: #FFFFFF;\"><\/td><\/tr><tr><td style=\"color: #666666; background-color: #FFFFFF;\">Resolu\u00e7\u00e3o<\/td><td style=\"color: #666666; background-color: #FFFFFF;\">C\u00e2mara de Educa\u00e7\u00e3o Profissional<\/td><td style=\"color: #666666; background-color: #FFFFFF;\">201\/2019<\/td><td style=\"color: #666666; background-color: #FFFFFF;\">19\/09\/2019<\/td><td style=\"color: #666666; background-color: #FFFFFF;\">Disp\u00f5e sobre a autoriza\u00e7\u00e3o da amplia\u00e7\u00e3o do n\u00famero de vagas, do Col\u00e9gio Genoma - Goian\u00e9sia\/GO e d\u00e1 outras provid\u00eancias.<\/td><td style=\"color: #0000FF; background-color: #FFFFFF;text-decoration: underline;\"><a href=\"https:\/\/goias.gov.br\/cee\/wp-content\/uploads\/sites\/20\/2023\/10\/2019-201-cep-resolucao.pdf\" target=\"_blank\">ABRIR<\/a><\/td><td style=\"color: #000000; background-color: #FFFFFF;\"><\/td><\/tr><tr><td style=\"color: #666666; background-color: #FFFFFF;\">Resolu\u00e7\u00e3o<\/td><td style=\"color: #666666; background-color: #FFFFFF;\">C\u00e2mara de Educa\u00e7\u00e3o Profissional<\/td><td style=\"color: #666666; background-color: #FFFFFF;\">202\/2019<\/td><td style=\"color: #666666; background-color: #FFFFFF;\">19\/09\/2019<\/td><td style=\"color: #666666; background-color: #FFFFFF;\">Disp\u00f5e sobre a autoriza\u00e7\u00e3o, excepcional, dos ITEGOS, a oferecerem Cursos T\u00e9cnicos de N\u00edvel M\u00e9dio, Caiap\u00f4nia\/GO, Ceres\/GO, Goian\u00e9sia\/GO, Jaragu\u00e1\/GO, Piranhas\/GO, Uruana\/GO e d\u00e1 outras provid\u00eancias. <\/td><td style=\"color: #0000FF; background-color: #FFFFFF;text-decoration: underline;\"><a href=\"https:\/\/goias.gov.br\/cee\/wp-content\/uploads\/sites\/20\/2023\/10\/2019-202-cep-resolucao.pdf\" target=\"_blank\">ABRIR<\/a><\/td><td style=\"color: #000000; background-color: #FFFFFF;\"><\/td><\/tr><tr><td style=\"color: #666666; background-color: #FFFFFF;\">Resolu\u00e7\u00e3o<\/td><td style=\"color: #666666; background-color: #FFFFFF;\">C\u00e2mara de Educa\u00e7\u00e3o Profissional<\/td><td style=\"color: #666666; background-color: #FFFFFF;\">203\/2019<\/td><td style=\"color: #666666; background-color: #FFFFFF;\">26\/09\/2019<\/td><td style=\"color: #666666; background-color: #FFFFFF;\">Disp\u00f5e sobre a autoriza\u00e7\u00e3o, excepcional, dos ITEGOS, a oferecerem Cursos T\u00e9cnicos de N\u00edvel M\u00e9dio, Catal\u00e3o\/GO e An\u00e1polis\/GO e d\u00e1 outras provid\u00eancias.<\/td><td style=\"color: #0000FF; background-color: #FFFFFF;text-decoration: underline;\"><a href=\"https:\/\/goias.gov.br\/cee\/wp-content\/uploads\/sites\/20\/2023\/10\/2019-203-cep-resolucao.pdf\" target=\"_blank\">ABRIR<\/a><\/td><td style=\"color: #000000; background-color: #FFFFFF;\"><\/td><\/tr><tr><td style=\"color: #666666; background-color: #FFFFFF;\">Resolu\u00e7\u00e3o<\/td><td style=\"color: #666666; background-color: #FFFFFF;\">C\u00e2mara de Educa\u00e7\u00e3o Profissional<\/td><td style=\"color: #666666; background-color: #FFFFFF;\">204\/2019<\/td><td style=\"color: #666666; background-color: #FFFFFF;\">26\/09\/2019<\/td><td style=\"color: #666666; background-color: #FFFFFF;\">Disp\u00f5e sobre o credenciamento e a autoriza\u00e7\u00e3o o Curso T\u00e9cnico em Radiologia, do Centro Prime de Ensino - Inhumas\/GO e d\u00e1 outras provid\u00eancias.<\/td><td style=\"color: #0000FF; background-color: #FFFFFF;text-decoration: underline;\"><a href=\"https:\/\/goias.gov.br\/cee\/wp-content\/uploads\/sites\/20\/2023\/10\/2019-204-cep-resolucao.pdf\" target=\"_blank\">ABRIR<\/a><\/td><td style=\"color: #000000; background-color: #FFFFFF;\"><\/td><\/tr><tr><td style=\"color: #666666; background-color: #FFFFFF;\">Resolu\u00e7\u00e3o<\/td><td style=\"color: #666666; background-color: #FFFFFF;\">C\u00e2mara de Educa\u00e7\u00e3o Profissional<\/td><td style=\"color: #666666; background-color: #FFFFFF;\">205\/2019<\/td><td style=\"color: #666666; background-color: #FFFFFF;\">26\/09\/2019<\/td><td style=\"color: #666666; background-color: #FFFFFF;\">Disp\u00f5e sobre a renova\u00e7\u00e3o da autoriza\u00e7\u00e3o do Curso T\u00e9cnico em Agente Comunit\u00e1rio de Sa\u00fade, da Superintend\u00eancia da Escola de Sa\u00fade de Goi\u00e1s - Goi\u00e2nia\/GO e d\u00e1 outras provid\u00eancias. <\/td><td style=\"color: #0000FF; background-color: #FFFFFF;text-decoration: underline;\"><a href=\"https:\/\/goias.gov.br\/cee\/wp-content\/uploads\/sites\/20\/2023\/10\/2019-205-cep-resolucao.pdf\" target=\"_blank\">ABRIR<\/a><\/td><td style=\"color: #000000; background-color: #FFFFFF;\"><\/td><\/tr><tr><td style=\"color: #666666; background-color: #FFFFFF;\">Resolu\u00e7\u00e3o<\/td><td style=\"color: #666666; background-color: #FFFFFF;\">C\u00e2mara de Educa\u00e7\u00e3o Profissional<\/td><td style=\"color: #666666; background-color: #FFFFFF;\">206\/2019<\/td><td style=\"color: #666666; background-color: #FFFFFF;\">26\/09\/2019<\/td><td style=\"color: #666666; background-color: #FFFFFF;\">Disp\u00f5e sobre a renova\u00e7\u00e3o da autoriza\u00e7\u00e3o do Curso T\u00e9cnico em Vigil\u00e2ncia em Sa\u00fade, da Superintend\u00eancia da Escola de Sa\u00fade de Goi\u00e1s - Goi\u00e2nia\/GO e d\u00e1 outras provid\u00eancias.<\/td><td style=\"color: #0000FF; background-color: #FFFFFF;text-decoration: underline;\"><a href=\"https:\/\/goias.gov.br\/cee\/wp-content\/uploads\/sites\/20\/2023\/10\/2019-206-cep-resolucao.pdf\" target=\"_blank\">ABRIR<\/a><\/td><td style=\"color: #000000; background-color: #FFFFFF;\"><\/td><\/tr><tr><td style=\"color: #666666; background-color: #FFFFFF;\">Resolu\u00e7\u00e3o<\/td><td style=\"color: #666666; background-color: #FFFFFF;\">C\u00e2mara de Educa\u00e7\u00e3o Profissional<\/td><td style=\"color: #666666; background-color: #FFFFFF;\">207\/2019<\/td><td style=\"color: #666666; background-color: #FFFFFF;\">03\/10\/2019<\/td><td style=\"color: #666666; background-color: #FFFFFF;\">Disp\u00f5e sobre a autoriza\u00e7\u00e3o do Curso T\u00e9cnico em An\u00e1lises Cl\u00ednicas, da Superintend\u00eancia da Escola de Sa\u00fade de Goi\u00e1s \u2014 Goi\u00e2nia\/GO e d\u00e1 outras provid\u00eancias.<\/td><td style=\"color: #0000FF; background-color: #FFFFFF;text-decoration: underline;\"><a href=\"https:\/\/goias.gov.br\/cee\/wp-content\/uploads\/sites\/20\/2023\/10\/2019-207-cep-resolucao.pdf\" target=\"_blank\">ABRIR<\/a><\/td><td style=\"color: #000000; background-color: #FFFFFF;\"><\/td><\/tr><tr><td style=\"color: #666666; background-color: #FFFFFF;\">Resolu\u00e7\u00e3o<\/td><td style=\"color: #666666; background-color: #FFFFFF;\">C\u00e2mara de Educa\u00e7\u00e3o Profissional<\/td><td style=\"color: #666666; background-color: #FFFFFF;\">208\/2019<\/td><td style=\"color: #666666; background-color: #FFFFFF;\">03\/10\/2019<\/td><td style=\"color: #666666; background-color: #FFFFFF;\">Disp\u00f5e sobre a autoriza\u00e7\u00e3o o Curso T\u00e9cnico em Enfermagem, do Centro Prime de Ensino - Inhumas\/GO e d\u00e1 outras provid\u00eancias.<\/td><td style=\"color: #0000FF; background-color: #FFFFFF;text-decoration: underline;\"><a href=\"https:\/\/goias.gov.br\/cee\/wp-content\/uploads\/sites\/20\/2023\/10\/2019-208-cep-resolucao.pdf\" target=\"_blank\">ABRIR<\/a><\/td><td style=\"color: #000000; background-color: #FFFFFF;\"><\/td><\/tr><tr><td style=\"color: #666666; background-color: #FFFFFF;\">Resolu\u00e7\u00e3o<\/td><td style=\"color: #666666; background-color: #FFFFFF;\">C\u00e2mara de Educa\u00e7\u00e3o Profissional<\/td><td style=\"color: #666666; background-color: #FFFFFF;\">209\/2019<\/td><td style=\"color: #666666; background-color: #FFFFFF;\">03\/10\/2019<\/td><td style=\"color: #666666; background-color: #FFFFFF;\">Disp\u00f5e sobre a autoriza\u00e7\u00e3o o Curso T\u00e9cnico em Contabilidade na modalidade de EaD, da Institui\u00e7\u00e3o de Ensino Charles Babbage - UNIORKA Goi\u00e2nia\/GO e d\u00e1 outras provid\u00eancias.<\/td><td style=\"color: #0000FF; background-color: #FFFFFF;text-decoration: underline;\"><a href=\"https:\/\/goias.gov.br\/cee\/wp-content\/uploads\/sites\/20\/2023\/10\/2019-209-cep-resolucao.pdf\" target=\"_blank\">ABRIR<\/a><\/td><td style=\"color: #000000; background-color: #FFFFFF;\"><\/td><\/tr><tr><td style=\"color: #666666; background-color: #FFFFFF;\">Resolu\u00e7\u00e3o<\/td><td style=\"color: #666666; background-color: #FFFFFF;\">C\u00e2mara de Educa\u00e7\u00e3o Profissional<\/td><td style=\"color: #666666; background-color: #FFFFFF;\">210\/2019<\/td><td style=\"color: #666666; background-color: #FFFFFF;\">03\/10\/2019<\/td><td style=\"color: #666666; background-color: #FFFFFF;\">Disp\u00f5e sobre a autoriza\u00e7\u00e3o o Curso T\u00e9cnico em Transa\u00e7\u00f5es Imobili\u00e1rios na modalidade de EaD, da Institui\u00e7\u00e3o de Ensino Charles Babbage - UNIORKA \u2014 Goi\u00e2nia\/GO e d\u00e1 outras provid\u00eancias.<\/td><td style=\"color: #0000FF; background-color: #FFFFFF;text-decoration: underline;\"><a href=\"https:\/\/goias.gov.br\/cee\/wp-content\/uploads\/sites\/20\/2023\/10\/2019-210-cep-resolucao.pdf\" target=\"_blank\">ABRIR<\/a><\/td><td style=\"color: #000000; background-color: #FFFFFF;\"><\/td><\/tr><tr><td style=\"color: #666666; background-color: #FFFFFF;\">Resolu\u00e7\u00e3o<\/td><td style=\"color: #666666; background-color: #FFFFFF;\">C\u00e2mara de Educa\u00e7\u00e3o Profissional<\/td><td style=\"color: #666666; background-color: #FFFFFF;\">211\/2019<\/td><td style=\"color: #666666; background-color: #FFFFFF;\">10\/10\/2019<\/td><td style=\"color: #666666; background-color: #FFFFFF;\">Disp\u00f5e sobre a rerratifica\u00e7\u00e3o da Res. CEE\/CEP N. 190, de 29 de agosto de 2019, da Institui\u00e7\u00e3o de Ensino Charles Babbage - UNIORKA \u2014 Goi\u00e2nia\/GO, e d\u00e1 outras provid\u00eancias.<\/td><td style=\"color: #0000FF; background-color: #FFFFFF;text-decoration: underline;\"><a href=\"https:\/\/goias.gov.br\/cee\/wp-content\/uploads\/sites\/20\/2023\/10\/2019-211-cep-resolucao.pdf\" target=\"_blank\">ABRIR<\/a><\/td><td style=\"color: #000000; background-color: #FFFFFF;\"><\/td><\/tr><tr><td style=\"color: #666666; background-color: #FFFFFF;\">Resolu\u00e7\u00e3o<\/td><td style=\"color: #666666; background-color: #FFFFFF;\">C\u00e2mara de Educa\u00e7\u00e3o Profissional<\/td><td style=\"color: #666666; background-color: #FFFFFF;\">212\/2019<\/td><td style=\"color: #666666; background-color: #FFFFFF;\">10\/10\/2019<\/td><td style=\"color: #666666; background-color: #FFFFFF;\">Disp\u00f5e sobre a rerratifica\u00e7\u00e3o da Res. CEE\/CEP N. 191, de 29 de agosto de 2019, da Institui\u00e7\u00e3o de Ensino Charles Babbage - UNIORKA \u2014 Goi\u00e2nia\/GO, e d\u00e1 outras provid\u00eancias.<\/td><td style=\"color: #0000FF; background-color: #FFFFFF;text-decoration: underline;\"><a href=\"https:\/\/goias.gov.br\/cee\/wp-content\/uploads\/sites\/20\/2023\/10\/2019-212-cep-resolucao.pdf\" target=\"_blank\">ABRIR<\/a><\/td><td style=\"color: #000000; background-color: #FFFFFF;\"><\/td><\/tr><tr><td style=\"color: #666666; background-color: #FFFFFF;\">Resolu\u00e7\u00e3o<\/td><td style=\"color: #666666; background-color: #FFFFFF;\">C\u00e2mara de Educa\u00e7\u00e3o Profissional<\/td><td style=\"color: #666666; background-color: #FFFFFF;\">213\/2019<\/td><td style=\"color: #666666; background-color: #FFFFFF;\">10\/10\/2019<\/td><td style=\"color: #666666; background-color: #FFFFFF;\">Disp\u00f5e sobre o recredenciamento e a autoriza\u00e7\u00e3o o Curso T\u00e9cnico em Enfermagem, do Instituto e Col\u00e9gio Quality \u2014 Goi\u00e2nia\/GO e d\u00e1 outras provid\u00eancias.<\/td><td style=\"color: #0000FF; background-color: #FFFFFF;text-decoration: underline;\"><a href=\"https:\/\/goias.gov.br\/cee\/wp-content\/uploads\/sites\/20\/2023\/10\/2019-213-cep-resolucao.pdf\" target=\"_blank\">ABRIR<\/a><\/td><td style=\"color: #000000; background-color: #FFFFFF;\"><\/td><\/tr><tr><td style=\"color: #666666; background-color: #FFFFFF;\">Resolu\u00e7\u00e3o<\/td><td style=\"color: #666666; background-color: #FFFFFF;\">C\u00e2mara de Educa\u00e7\u00e3o Profissional<\/td><td style=\"color: #666666; background-color: #FFFFFF;\">214\/2019<\/td><td style=\"color: #666666; background-color: #FFFFFF;\">10\/10\/2019<\/td><td style=\"color: #666666; background-color: #FFFFFF;\">Disp\u00f5e sobre a renova\u00e7\u00e3o da autoriza\u00e7\u00e3o o Curso T\u00e9cnico em Radiologia, do Instituto e Col\u00e9gio Quality \u2014 Goi\u00e2nia\/GO e d\u00e1 outras provid\u00eancias.<\/td><td style=\"color: #0000FF; background-color: #FFFFFF;text-decoration: underline;\"><a href=\"https:\/\/goias.gov.br\/cee\/wp-content\/uploads\/sites\/20\/2023\/10\/2019-214-cep-resolucao.pdf\" target=\"_blank\">ABRIR<\/a><\/td><td style=\"color: #000000; background-color: #FFFFFF;\"><\/td><\/tr><tr><td style=\"color: #666666; background-color: #FFFFFF;\">Resolu\u00e7\u00e3o<\/td><td style=\"color: #666666; background-color: #FFFFFF;\">C\u00e2mara de Educa\u00e7\u00e3o Profissional<\/td><td style=\"color: #666666; background-color: #FFFFFF;\">215\/2019<\/td><td style=\"color: #666666; background-color: #FFFFFF;\">17\/10\/2019<\/td><td style=\"color: #666666; background-color: #FFFFFF;\">Disp\u00f5e sobre o credenciarnento e a autoriza\u00e7\u00e3o do Curso T\u00e9cnico em Gr\u00e3os, do Instituto \u00c2ncora de Ensino \u2014 Formosa\/GO e d\u00e1 outras provid\u00eancias.<\/td><td style=\"color: #0000FF; background-color: #FFFFFF;text-decoration: underline;\"><a href=\"https:\/\/goias.gov.br\/cee\/wp-content\/uploads\/sites\/20\/2023\/10\/2019-215-cep-resolucao.pdf\" target=\"_blank\">ABRIR<\/a><\/td><td style=\"color: #000000; background-color: #FFFFFF;\"><\/td><\/tr><tr><td style=\"color: #666666; background-color: #FFFFFF;\">Resolu\u00e7\u00e3o<\/td><td style=\"color: #666666; background-color: #FFFFFF;\">C\u00e2mara de Educa\u00e7\u00e3o Profissional<\/td><td style=\"color: #666666; background-color: #FFFFFF;\">216\/2019<\/td><td style=\"color: #666666; background-color: #FFFFFF;\">17\/10\/2019<\/td><td style=\"color: #666666; background-color: #FFFFFF;\">Disp\u00f5e sobre a autoriza\u00e7\u00e3o do Curso T\u00e9cnico em Programa\u00e7\u00e3o em Jogos Digitais, do Instituto \u00c2ncora de Ensino \u2014 Formosa\/G0 e d\u00e1 outras provid\u00eancias.<\/td><td style=\"color: #0000FF; background-color: #FFFFFF;text-decoration: underline;\"><a href=\"https:\/\/goias.gov.br\/cee\/wp-content\/uploads\/sites\/20\/2023\/10\/2019-216-cep-resolucao.pdf\" target=\"_blank\">ABRIR<\/a><\/td><td style=\"color: #000000; background-color: #FFFFFF;\"><\/td><\/tr><tr><td style=\"color: #666666; background-color: #FFFFFF;\">Resolu\u00e7\u00e3o<\/td><td style=\"color: #666666; background-color: #FFFFFF;\">C\u00e2mara de Educa\u00e7\u00e3o Profissional<\/td><td style=\"color: #666666; background-color: #FFFFFF;\">217\/2019<\/td><td style=\"color: #666666; background-color: #FFFFFF;\">07\/11\/2019<\/td><td style=\"color: #666666; background-color: #FFFFFF;\">Disp\u00f5e sobre a autoriza\u00e7\u00e3o do Curso T\u00e9cnico em Enfermagem, da Escola Nossa Senhora Aparecida - Luzi\u00e2nia\/G0 e d\u00e1 outras provid\u00eancias.<\/td><td style=\"color: #0000FF; background-color: #FFFFFF;text-decoration: underline;\"><a href=\"https:\/\/goias.gov.br\/cee\/wp-content\/uploads\/sites\/20\/2023\/10\/2019-217-cep-resolucao.pdf\" target=\"_blank\">ABRIR<\/a><\/td><td style=\"color: #000000; background-color: #FFFFFF;\"><\/td><\/tr><tr><td style=\"color: #666666; background-color: #FFFFFF;\">Resolu\u00e7\u00e3o<\/td><td style=\"color: #666666; background-color: #FFFFFF;\">C\u00e2mara de Educa\u00e7\u00e3o Profissional<\/td><td style=\"color: #666666; background-color: #FFFFFF;\">218\/2019<\/td><td style=\"color: #666666; background-color: #FFFFFF;\">07\/11\/2019<\/td><td style=\"color: #666666; background-color: #FFFFFF;\">Disp\u00f5e sobre a aprova\u00e7\u00e3o de relat\u00f3rios de 14 (quatorze) Cursos de Forma\u00e7\u00e3o Inicial e Continuada, do Cento de Estudo e Pesquisa Ciranda da Arte \u2014 Goi\u00e2nia\/GO e d\u00e1 outras provid\u00eancias.<\/td><td style=\"color: #0000FF; background-color: #FFFFFF;text-decoration: underline;\"><a href=\"https:\/\/goias.gov.br\/cee\/wp-content\/uploads\/sites\/20\/2023\/10\/2019-218-cep-resolucao.pdf\" target=\"_blank\">ABRIR<\/a><\/td><td style=\"color: #000000; background-color: #FFFFFF;\"><\/td><\/tr><tr><td style=\"color: #666666; background-color: #FFFFFF;\">Resolu\u00e7\u00e3o<\/td><td style=\"color: #666666; background-color: #FFFFFF;\">C\u00e2mara de Educa\u00e7\u00e3o Profissional<\/td><td style=\"color: #666666; background-color: #FFFFFF;\">219\/2019<\/td><td style=\"color: #666666; background-color: #FFFFFF;\">07\/11\/2019<\/td><td style=\"color: #666666; background-color: #FFFFFF;\">Disp\u00f5e sobre a autoriza\u00e7\u00e3o do projeto de Curso \"A Informa\u00e7\u00e3o \u00e9 a Chave\", da Coordena\u00e7\u00e3o Regional de Educa\u00e7\u00e3o de Mineiros -- Mineiros\/GO e d\u00e1 outras provid\u00eancias.<\/td><td style=\"color: #0000FF; background-color: #FFFFFF;text-decoration: underline;\"><a href=\"https:\/\/goias.gov.br\/cee\/wp-content\/uploads\/sites\/20\/2023\/10\/2019-219-cep-resolucao.pdf\" target=\"_blank\">ABRIR<\/a><\/td><td style=\"color: #000000; background-color: #FFFFFF;\"><\/td><\/tr><tr><td style=\"color: #666666; background-color: #FFFFFF;\">Resolu\u00e7\u00e3o<\/td><td style=\"color: #666666; background-color: #FFFFFF;\">C\u00e2mara de Educa\u00e7\u00e3o Profissional<\/td><td style=\"color: #666666; background-color: #FFFFFF;\">220\/2019<\/td><td style=\"color: #666666; background-color: #FFFFFF;\">07\/11\/2019<\/td><td style=\"color: #666666; background-color: #FFFFFF;\">Disp\u00f5e sobre a prorroga\u00e7\u00e3o do Ato de Renova\u00e7\u00e3o de Autoriza\u00e7\u00e3o do Curso T\u00e9cnico de Enfermagem, d o Col\u00e9gio Sena Aires \u2013 Goi\u00e2nia\/GO e d\u00e1 outras provid\u00eancias.<\/td><td style=\"color: #0000FF; background-color: #FFFFFF;text-decoration: underline;\"><a href=\"https:\/\/goias.gov.br\/cee\/wp-content\/uploads\/sites\/20\/2023\/10\/2019-220-cep-resolucao.pdf\" target=\"_blank\">ABRIR<\/a><\/td><td style=\"color: #000000; background-color: #FFFFFF;\"><\/td><\/tr><tr><td style=\"color: #666666; background-color: #FFFFFF;\">Resolu\u00e7\u00e3o<\/td><td style=\"color: #666666; background-color: #FFFFFF;\">C\u00e2mara de Educa\u00e7\u00e3o Profissional<\/td><td style=\"color: #666666; background-color: #FFFFFF;\">221\/2019<\/td><td style=\"color: #666666; background-color: #FFFFFF;\">14\/11\/2019<\/td><td style=\"color: #666666; background-color: #FFFFFF;\">Disp\u00f5e sobre a renova\u00e7\u00e3o da autoriza\u00e7\u00e3o do Curso T\u00e9cnico em Seguran\u00e7a do Trabalho, do Col\u00e9gio Oswaldo Cruz \u2014 Goi\u00e2nia\/GO e d\u00e1 outras provid\u00eancias.<\/td><td style=\"color: #0000FF; background-color: #FFFFFF;text-decoration: underline;\"><a href=\"https:\/\/goias.gov.br\/cee\/wp-content\/uploads\/sites\/20\/2023\/10\/2019-221-cep-resolucao.pdf\" target=\"_blank\">ABRIR<\/a><\/td><td style=\"color: #000000; background-color: #FFFFFF;\"><\/td><\/tr><tr><td style=\"color: #666666; background-color: #FFFFFF;\">Resolu\u00e7\u00e3o<\/td><td style=\"color: #666666; background-color: #FFFFFF;\">C\u00e2mara de Educa\u00e7\u00e3o Profissional<\/td><td style=\"color: #666666; background-color: #FFFFFF;\">222\/2019<\/td><td style=\"color: #666666; background-color: #FFFFFF;\">21\/11\/2019<\/td><td style=\"color: #666666; background-color: #FFFFFF;\">Disp\u00f5e sobre o credenciamento e a autoriza\u00e7\u00e3o do Curso T\u00e9cnico em Enfermagem, do Col\u00e9gio Genoma \u2014 Mina\u00e7u\/GO e d\u00e1 outras provid\u00eancias.<\/td><td style=\"color: #0000FF; background-color: #FFFFFF;text-decoration: underline;\"><a href=\"https:\/\/goias.gov.br\/cee\/wp-content\/uploads\/sites\/20\/2023\/10\/2019-222-cep-resolucao.pdf\" target=\"_blank\">ABRIR<\/a><\/td><td style=\"color: #000000; background-color: #FFFFFF;\"><\/td><\/tr><tr><td style=\"color: #666666; background-color: #FFFFFF;\">Resolu\u00e7\u00e3o<\/td><td style=\"color: #666666; background-color: #FFFFFF;\">C\u00e2mara de Educa\u00e7\u00e3o Profissional<\/td><td style=\"color: #666666; background-color: #FFFFFF;\">223\/2019<\/td><td style=\"color: #666666; background-color: #FFFFFF;\">21\/11\/2019<\/td><td style=\"color: #666666; background-color: #FFFFFF;\">Disp\u00f5e sobre o recredenciamento e a autoriza\u00e7\u00e3o do Curso T\u00e9cnico em Radiologia, do Col\u00e9gio Genoma - Trindade\/GO e d\u00e1 outras provid\u00eancias.<\/td><td style=\"color: #0000FF; background-color: #FFFFFF;text-decoration: underline;\"><a href=\"https:\/\/goias.gov.br\/cee\/wp-content\/uploads\/sites\/20\/2023\/10\/2019-223-cep-resolucao.pdf\" target=\"_blank\">ABRIR<\/a><\/td><td style=\"color: #000000; background-color: #FFFFFF;\"><\/td><\/tr><tr><td style=\"color: #666666; background-color: #FFFFFF;\">Resolu\u00e7\u00e3o<\/td><td style=\"color: #666666; background-color: #FFFFFF;\">C\u00e2mara de Educa\u00e7\u00e3o Profissional<\/td><td style=\"color: #666666; background-color: #FFFFFF;\">224\/2019<\/td><td style=\"color: #666666; background-color: #FFFFFF;\">22\/11\/2019<\/td><td style=\"color: #666666; background-color: #FFFFFF;\">Disp\u00f5e sobre a rerratifica\u00e7\u00e3o da Res. CEE\/CEP N. 179, de 22 de agosto de 2019, do Centro Tecnol\u00f3gico Paula Pasquali \u2014 Quirini5polis\/GO, e d\u00e1 outras provid\u00eancias.<\/td><td style=\"color: #0000FF; background-color: #FFFFFF;text-decoration: underline;\"><a href=\"https:\/\/goias.gov.br\/cee\/wp-content\/uploads\/sites\/20\/2023\/10\/2019-224-cep-resolucao.pdf\" target=\"_blank\">ABRIR<\/a><\/td><td style=\"color: #000000; background-color: #FFFFFF;\"><\/td><\/tr><tr><td style=\"color: #666666; background-color: #FFFFFF;\">Resolu\u00e7\u00e3o<\/td><td style=\"color: #666666; background-color: #FFFFFF;\">C\u00e2mara de Educa\u00e7\u00e3o Profissional<\/td><td style=\"color: #666666; background-color: #FFFFFF;\">225\/2019<\/td><td style=\"color: #666666; background-color: #FFFFFF;\">23\/11\/2019<\/td><td style=\"color: #666666; background-color: #FFFFFF;\">Disp\u00f5e sobre a rerratifica\u00e7\u00e3o da Res. CEE\/CEP N. 185, de 22 de agosto de 2019, do Centro Tecnol\u00f3gico Paula Pasquali \u2014 Inhumas\/GO, e d\u00e1 outras provid\u00eancias.<\/td><td style=\"color: #0000FF; background-color: #FFFFFF;text-decoration: underline;\"><a href=\"https:\/\/goias.gov.br\/cee\/wp-content\/uploads\/sites\/20\/2023\/10\/2019-225-cep-resolucao.pdf\" target=\"_blank\">ABRIR<\/a><\/td><td style=\"color: #000000; background-color: #FFFFFF;\"><\/td><\/tr><tr><td style=\"color: #666666; background-color: #FFFFFF;\">Resolu\u00e7\u00e3o<\/td><td style=\"color: #666666; background-color: #FFFFFF;\">C\u00e2mara de Educa\u00e7\u00e3o Profissional<\/td><td style=\"color: #666666; background-color: #FFFFFF;\">226\/2019<\/td><td style=\"color: #666666; background-color: #FFFFFF;\">24\/11\/2019<\/td><td style=\"color: #666666; background-color: #FFFFFF;\">Disp\u00f5e sobre a rerratifica\u00e7\u00e3o da Res.. CEE\/CEP N. 80, de 20 de agosto de 2018, do Instituto Genoma Rubiataba\/GO, e d\u00e1 outras provid\u00eancias.<\/td><td style=\"color: #0000FF; background-color: #FFFFFF;text-decoration: underline;\"><a href=\"https:\/\/goias.gov.br\/cee\/wp-content\/uploads\/sites\/20\/2023\/10\/2019-226-cep-resolucao.pdf\" target=\"_blank\">ABRIR<\/a><\/td><td style=\"color: #000000; background-color: #FFFFFF;\"><\/td><\/tr><tr><td style=\"color: #666666; background-color: #FFFFFF;\">Resolu\u00e7\u00e3o<\/td><td style=\"color: #666666; background-color: #FFFFFF;\">C\u00e2mara de Educa\u00e7\u00e3o Profissional<\/td><td style=\"color: #666666; background-color: #FFFFFF;\">227\/2019<\/td><td style=\"color: #666666; background-color: #FFFFFF;\">28\/11\/2019<\/td><td style=\"color: #666666; background-color: #FFFFFF;\">Disp\u00f5e sobre a renova\u00e7\u00e3o da autoriza\u00e7\u00e3o o Curso T\u00e9cnico em Seguran\u00e7a do Trabaliho, do Instituto e Col\u00e9gio Quality \u2014 Goi\u00e2nia\/GO e d\u00e1 outras provid\u00eancias<\/td><td style=\"color: #0000FF; background-color: #FFFFFF;text-decoration: underline;\"><a href=\"https:\/\/goias.gov.br\/cee\/wp-content\/uploads\/sites\/20\/2023\/10\/2019-227-cep-resolucao.pdf\" target=\"_blank\">ABRIR<\/a><\/td><td style=\"color: #000000; background-color: #FFFFFF;\"><\/td><\/tr><tr><td style=\"color: #666666; background-color: #FFFFFF;\">Resolu\u00e7\u00e3o<\/td><td style=\"color: #666666; background-color: #FFFFFF;\">C\u00e2mara de Educa\u00e7\u00e3o Profissional<\/td><td style=\"color: #666666; background-color: #FFFFFF;\">228\/2019<\/td><td style=\"color: #666666; background-color: #FFFFFF;\">28\/11\/2019<\/td><td style=\"color: #666666; background-color: #FFFFFF;\">Disp\u00f5e sobre a renova\u00e7\u00e3o da autoriza\u00e7\u00e3o dos Cursos de Forma\u00e7\u00e3o Inicial e Continuada: Psicomotricidade; Rotinas Pedag\u00f3gicas; L\u00edngua Portuguesa; Ludoteca; Conta\u00e7\u00e3o de Hist\u00f3rias; TICs \u2014 Tecnol\u00f3gicas da Informa\u00e7\u00e3o e da Comunica\u00e7\u00e3o, por meio do Instituto Consci\u00eancia GO \u2014 Goi\u00e2nia\/GO e d\u00e1 outras provid\u00eancias.<\/td><td style=\"color: #0000FF; background-color: #FFFFFF;text-decoration: underline;\"><a href=\"https:\/\/goias.gov.br\/cee\/wp-content\/uploads\/sites\/20\/2023\/10\/2019-228-cep-resolucao.pdf\" target=\"_blank\">ABRIR<\/a><\/td><td style=\"color: #000000; background-color: #FFFFFF;\"><\/td><\/tr><tr><td style=\"color: #666666; background-color: #FFFFFF;\">Resolu\u00e7\u00e3o<\/td><td style=\"color: #666666; background-color: #FFFFFF;\">C\u00e2mara de Educa\u00e7\u00e3o Profissional<\/td><td style=\"color: #666666; background-color: #FFFFFF;\">229\/2019<\/td><td style=\"color: #666666; background-color: #FFFFFF;\">28\/11\/2019<\/td><td style=\"color: #666666; background-color: #FFFFFF;\">Disp\u00f5e sobre a renova\u00e7\u00e3o da autoriza\u00e7\u00e3o dos Cursos de Forma\u00e7\u00e3o Inicial e Continuada: Responsabilidade Social e Ambiental; Fundamentos da Administra\u00e7\u00e3o Estrat\u00e9gica: \u00c9tica Profissional e Gest\u00e3o de Pessoas; L\u00edngua Portuguesa para Aperfei\u00e7oamento Profissional; Comunica\u00e7\u00e3o Empresarial; Fundamentos da Economia e Mercado; Fundamentos da Contabilidade Geral; Fundamentos da Administra\u00e7\u00e3o e do Direito Comercial; Empreendedorismo; Fundamentos da Gest\u00e3o da Qualidade, Produtividade e Tecnologias Aplicadas; Marketing e Vendas, por meio do Instituto Consci\u00eancia GO \u2014 Goi\u00e2nia\/GO e d\u00e1 outras provid\u00eancias.<\/td><td style=\"color: #0000FF; background-color: #FFFFFF;text-decoration: underline;\"><a href=\"https:\/\/goias.gov.br\/cee\/wp-content\/uploads\/sites\/20\/2023\/10\/2019-229-cep-resolucao.pdf\" target=\"_blank\">ABRIR<\/a><\/td><td style=\"color: #000000; background-color: #FFFFFF;\"><\/td><\/tr><tr><td style=\"color: #666666; background-color: #FFFFFF;\">Resolu\u00e7\u00e3o<\/td><td style=\"color: #666666; background-color: #FFFFFF;\">C\u00e2mara de Educa\u00e7\u00e3o Profissional<\/td><td style=\"color: #666666; background-color: #FFFFFF;\">230\/2019<\/td><td style=\"color: #666666; background-color: #FFFFFF;\">28\/11\/2019<\/td><td style=\"color: #666666; background-color: #FFFFFF;\">Disp\u00f5e sobre a autoriza\u00e7\u00e3o do Projeto do Curso \"Metodologias Ativas\" na modalidade de EaD, por meio do Instituto Consci\u00eancia GO -- Goi\u00e2nia\/GO e d\u00e1 outras provid\u00eancias.<\/td><td style=\"color: #0000FF; background-color: #FFFFFF;text-decoration: underline;\"><a href=\"https:\/\/goias.gov.br\/cee\/wp-content\/uploads\/sites\/20\/2023\/10\/2019-230-cep-resolucao.pdf\" target=\"_blank\">ABRIR<\/a><\/td><td style=\"color: #000000; background-color: #FFFFFF;\"><\/td><\/tr><tr><td style=\"color: #666666; background-color: #FFFFFF;\">Resolu\u00e7\u00e3o<\/td><td style=\"color: #666666; background-color: #FFFFFF;\">C\u00e2mara de Educa\u00e7\u00e3o Profissional<\/td><td style=\"color: #666666; background-color: #FFFFFF;\">231\/2019<\/td><td style=\"color: #666666; background-color: #FFFFFF;\">05\/12\/2019<\/td><td style=\"color: #666666; background-color: #FFFFFF;\">Disp\u00f5e sobre o recredenciamento e a renova\u00e7\u00e3o da autoriza\u00e7\u00e3o do Curso T\u00e9cnico em Enfermagem, do Instituto Tecnol\u00f3gico do Estado de Goi\u00e1s Sebasti\u00e3o Siqueira \u2014 Goi\u00e2nia\/GO e d\u00e1 outras provid\u00eancias. <\/td><td style=\"color: #0000FF; background-color: #FFFFFF;text-decoration: underline;\"><a href=\"https:\/\/goias.gov.br\/cee\/wp-content\/uploads\/sites\/20\/2023\/10\/2019-231-cep-resolucao.pdf\" target=\"_blank\">ABRIR<\/a><\/td><td style=\"color: #000000; background-color: #FFFFFF;\"><\/td><\/tr><tr><td style=\"color: #666666; background-color: #FFFFFF;\">Resolu\u00e7\u00e3o<\/td><td style=\"color: #666666; background-color: #FFFFFF;\">C\u00e2mara de Educa\u00e7\u00e3o Profissional<\/td><td style=\"color: #666666; background-color: #FFFFFF;\">232\/2019<\/td><td style=\"color: #666666; background-color: #FFFFFF;\">05\/12\/2019<\/td><td style=\"color: #666666; background-color: #FFFFFF;\">Disp\u00f5e sobre a renova\u00e7\u00e3o da autoriza\u00e7\u00e3o do Curso T\u00e9cnico em Seguran\u00e7a do Trabalho, do Instituto Tecnol\u00f3gico do Estado de Goi\u00e1s Sebasti\u00e3o Siqueira \u2014 Goi\u00e2nia\/GO e d\u00e1 outras provid\u00eancias.<\/td><td style=\"color: #0000FF; background-color: #FFFFFF;text-decoration: underline;\"><a href=\"https:\/\/goias.gov.br\/cee\/wp-content\/uploads\/sites\/20\/2023\/10\/2019-232-cep-resolucao.pdf\" target=\"_blank\">ABRIR<\/a><\/td><td style=\"color: #000000; background-color: #FFFFFF;\"><\/td><\/tr><tr><td style=\"color: #666666; background-color: #FFFFFF;\">Resolu\u00e7\u00e3o<\/td><td style=\"color: #666666; background-color: #FFFFFF;\">C\u00e2mara de Educa\u00e7\u00e3o Profissional<\/td><td style=\"color: #666666; background-color: #FFFFFF;\">233\/2019<\/td><td style=\"color: #666666; background-color: #FFFFFF;\">13\/12\/2019<\/td><td style=\"color: #666666; background-color: #FFFFFF;\">Disp\u00f5e sobre a aprova\u00e7\u00e3o de relat\u00f3rios dos Cursos de Forma\u00e7\u00e3o Inicial e Continuada: Estudos e Pesquisa em Dan\u00e7a Numa Perspectiva Contempor\u00e2nea; Edi\u00e7\u00e3o de V\u00eddeos; Estudos do Movimento da Dan\u00e7a; e Dispositivos Midi\u00e1ticos na Educa\u00e7\u00e3o: Desenvolvendo pr\u00e1ticas Educomunicadoras em Ambiente Escolar, d o Centro de Estudo e Pesquisa Ciranda da Arte \u2013 Goi\u00e2nia\/GO e d\u00e1 outras provid\u00eancias.<\/td><td style=\"color: #0000FF; background-color: #FFFFFF;text-decoration: underline;\"><a href=\"https:\/\/goias.gov.br\/cee\/wp-content\/uploads\/sites\/20\/2023\/10\/2019-233-cep-resolucao.pdf\" target=\"_blank\">ABRIR<\/a><\/td><td style=\"color: #000000; background-color: #FFFFFF;\"><\/td><\/tr><tr><td style=\"color: #666666; background-color: #FFFFFF;\">Resolu\u00e7\u00e3o<\/td><td style=\"color: #666666; background-color: #FFFFFF;\">C\u00e2mara de Educa\u00e7\u00e3o Profissional<\/td><td style=\"color: #666666; background-color: #FFFFFF;\">234\/2019<\/td><td style=\"color: #666666; background-color: #FFFFFF;\">13\/12\/2019<\/td><td style=\"color: #666666; background-color: #FFFFFF;\">Disp\u00f5e sobre a aprova\u00e7\u00e3o do relat\u00f3rio do curso Atendimento Educacional Especializado em Altas habilidades\/Superdota\u00e7\u00e3o, realizado pela Secretaria de Estado de Educa\u00e7\u00e3o atrav\u00e9s do N\u00facleo de Atividades de Altas Habilidades\/Superdota\u00e7\u00e3o \u2013 NAAH\/S \u2013 Goi\u00e2nia\/GO e d\u00e1 outras provid\u00eancias.<\/td><td style=\"color: #0000FF; background-color: #FFFFFF;text-decoration: underline;\"><a href=\"https:\/\/goias.gov.br\/cee\/wp-content\/uploads\/sites\/20\/2023\/10\/2019-234-cep-resolucao.pdf\" target=\"_blank\">ABRIR<\/a><\/td><td style=\"color: #000000; background-color: #FFFFFF;\"><\/td><\/tr><tr><td style=\"color: #666666; background-color: #FFFFFF;\">Resolu\u00e7\u00e3o<\/td><td style=\"color: #666666; background-color: #FFFFFF;\">C\u00e2mara de Educa\u00e7\u00e3o Profissional<\/td><td style=\"color: #666666; background-color: #FFFFFF;\">235\/2019<\/td><td style=\"color: #666666; background-color: #FFFFFF;\">13\/12\/2019<\/td><td style=\"color: #666666; background-color: #FFFFFF;\">Disp\u00f5e sobre a autoriza\u00e7\u00e3o do curso \u201cForma\u00e7\u00e3o Para Tradutores Interpretes de Libras L\u00edngua Portuguesa\u201d, realizado pela Secretaria de Estado de Educa\u00e7\u00e3o atrav\u00e9s do Centro de Capacita\u00e7\u00e3o de Profissionais da Educa\u00e7\u00e3o e de Atendimento \u00e0s Pessoas com Surdez\u2013 CAS \u2013 Goi\u00e2nia\/GO e d\u00e1 outras provid\u00eancias.<\/td><td style=\"color: #0000FF; background-color: #FFFFFF;text-decoration: underline;\"><a href=\"https:\/\/goias.gov.br\/cee\/wp-content\/uploads\/sites\/20\/2023\/10\/2019-235-cep-resolucao.pdf\" target=\"_blank\">ABRIR<\/a><\/td><td style=\"color: #000000; background-color: #FFFFFF;\"><\/td><\/tr><tr><td style=\"color: #666666; background-color: #FFFFFF;\">Resolu\u00e7\u00e3o<\/td><td style=\"color: #666666; background-color: #FFFFFF;\">C\u00e2mara de Educa\u00e7\u00e3o Profissional<\/td><td style=\"color: #666666; background-color: #FFFFFF;\">236\/2019<\/td><td style=\"color: #666666; background-color: #FFFFFF;\">19\/12\/2019<\/td><td style=\"color: #666666; background-color: #FFFFFF;\">Disp\u00f5e sobre o credenciamento e a autoriza\u00e7\u00e3o do Curse T\u00e9cnico em Enfermagem, da Faculdade e Col\u00e9gio Florence \u2014 Planaltina de Goi\u00e1s\/GO e d\u00e1 outras provid\u00eancias.<\/td><td style=\"color: #0000FF; background-color: #FFFFFF;text-decoration: underline;\"><a href=\"https:\/\/goias.gov.br\/cee\/wp-content\/uploads\/sites\/20\/2023\/10\/2019-236-cep-resolucao.pdf\" target=\"_blank\">ABRIR<\/a><\/td><td style=\"color: #000000; background-color: #FFFFFF;\"><\/td><\/tr><tr><td style=\"color: #666666; background-color: #FFFFFF;\">Resolu\u00e7\u00e3o<\/td><td style=\"color: #666666; background-color: #FFFFFF;\">C\u00e2mara de Educa\u00e7\u00e3o Profissional<\/td><td style=\"color: #666666; background-color: #FFFFFF;\">237\/2019<\/td><td style=\"color: #666666; background-color: #FFFFFF;\">19\/12\/2019<\/td><td style=\"color: #666666; background-color: #FFFFFF;\">Disp\u00f5e sobre a aprova\u00e7\u00e3o do relat\u00f3rio dos Cursos L\u00edngua Brasileira de Sinais \u2014 M\u00f3dulos II, III e IV; e Braille, Sorab\u00e3, No\u00e7\u00f5es B\u00e1sicas de Orienta\u00e7\u00e3o e Mobilidade e Atividades de Vida Di\u00e1ria, realizado pela Secretaria de Estado de Educa\u00e7\u00e3o atrav\u00e9s do Centro de Capacita\u00e7\u00e3o de Profissionais da Educa\u00e7\u00e3o e de Atendimento \u00e0s Pessoas com Surdez e Centro de Apokt Pedag\u00f3gico e Atendimento \u00e0s Pessoas com Defici\u00eancia Visual \u2014 CAS\/CAP \u2014 Ceres\/GO e d\u00e1 outras provid\u00eancias.<\/td><td style=\"color: #0000FF; background-color: #FFFFFF;text-decoration: underline;\"><a href=\"https:\/\/goias.gov.br\/cee\/wp-content\/uploads\/sites\/20\/2023\/10\/2019-237-cep-resolucao.pdf\" target=\"_blank\">ABRIR<\/a><\/td><td style=\"color: #000000; background-color: #FFFFFF;\"><\/td><\/tr><tr><td style=\"color: #666666; background-color: #FFFFFF;\">Resolu\u00e7\u00e3o<\/td><td style=\"color: #666666; background-color: #FFFFFF;\">C\u00e2mara de Educa\u00e7\u00e3o Profissional<\/td><td style=\"color: #666666; background-color: #FFFFFF;\">01\/2020<\/td><td style=\"color: #666666; background-color: #FFFFFF;\">16\/01\/2020<\/td><td style=\"color: #666666; background-color: #FFFFFF;\">Disp\u00f5e sobre a aprova\u00e7\u00e3o do relat\u00f3rio do curso Defici\u00eancia Intelectual \u2013 Compet\u00eancias Acad\u00eamicas Necess\u00e1rias para Educa\u00e7\u00e3o infantil e Alfabetiza\u00e7\u00e3o do Instituto Intelecto \u2013 Niquel\u00e2ndia\/GO e d\u00e1 outras provid\u00eancias.\n<\/td><td style=\"color: #0000FF; background-color: #FFFFFF;text-decoration: underline;\"><a href=\"https:\/\/goias.gov.br\/cee\/wp-content\/uploads\/sites\/20\/2023\/10\/2020-01-cep-resolucao.pdf\" target=\"_blank\">ABRIR<\/a><\/td><td style=\"color: #000000; background-color: #FFFFFF;\"><\/td><\/tr><tr><td style=\"color: #666666; background-color: #FFFFFF;\">Resolu\u00e7\u00e3o<\/td><td style=\"color: #666666; background-color: #FFFFFF;\">C\u00e2mara de Educa\u00e7\u00e3o Profissional<\/td><td style=\"color: #666666; background-color: #FFFFFF;\">02\/2020<\/td><td style=\"color: #666666; background-color: #FFFFFF;\">16\/01\/2020<\/td><td style=\"color: #666666; background-color: #FFFFFF;\">Disp\u00f5e sobre a renova\u00e7\u00e3o de autoriza\u00e7\u00e3o do curso t\u00e9cnico em Enfermagem do Instituto Genoma \u2013 Trindade\/GO e d\u00e1 outras provid\u00eancias<\/td><td style=\"color: #0000FF; background-color: #FFFFFF;text-decoration: underline;\"><a href=\"https:\/\/goias.gov.br\/cee\/wp-content\/uploads\/sites\/20\/2023\/10\/2020-02-cep-resolucao.pdf\" target=\"_blank\">ABRIR<\/a><\/td><td style=\"color: #000000; background-color: #FFFFFF;\"><\/td><\/tr><tr><td style=\"color: #666666; background-color: #FFFFFF;\">Resolu\u00e7\u00e3o<\/td><td style=\"color: #666666; background-color: #FFFFFF;\">C\u00e2mara de Educa\u00e7\u00e3o Profissional<\/td><td style=\"color: #666666; background-color: #FFFFFF;\">03\/2020<\/td><td style=\"color: #666666; background-color: #FFFFFF;\">23\/01\/2020<\/td><td style=\"color: #666666; background-color: #FFFFFF;\">Disp\u00f5e sobre a autoriza\u00e7\u00e3o do projeto de curso Monitor Infantil do Instituto Intelecto \u2013 Niquel\u00e2ndia\/GO e d\u00e1 outras provid\u00eancias.<\/td><td style=\"color: #0000FF; background-color: #FFFFFF;text-decoration: underline;\"><a href=\"https:\/\/goias.gov.br\/cee\/wp-content\/uploads\/sites\/20\/2023\/10\/2020-03-cep-resolucao.pdf\" target=\"_blank\">ABRIR<\/a><\/td><td style=\"color: #000000; background-color: #FFFFFF;\"><\/td><\/tr><tr><td style=\"color: #666666; background-color: #FFFFFF;\">Resolu\u00e7\u00e3o<\/td><td style=\"color: #666666; background-color: #FFFFFF;\">C\u00e2mara de Educa\u00e7\u00e3o Profissional<\/td><td style=\"color: #666666; background-color: #FFFFFF;\">04\/2020<\/td><td style=\"color: #666666; background-color: #FFFFFF;\">23\/01\/2020<\/td><td style=\"color: #666666; background-color: #FFFFFF;\">Disp\u00f5e sobre a autoriza\u00e7\u00e3o do projeto de curso Educa\u00e7\u00e3o Inclusiva do Instituto Intelecto \u2013 Niquel\u00e2ndia\/GO e d\u00e1 outras provid\u00eancias.<\/td><td style=\"color: #0000FF; background-color: #FFFFFF;text-decoration: underline;\"><a href=\"https:\/\/siteshom.goias.gov.br\/cee\/wp-content\/uploads\/sites\/20\/2023\/10\/2020-04a-cep-resolucao.pdf\" target=\"_blank\">ABRIR<\/a><\/td><td style=\"color: #000000; background-color: #FFFFFF;\"><\/td><\/tr><tr><td style=\"color: #666666; background-color: #FFFFFF;\">Resolu\u00e7\u00e3o<\/td><td style=\"color: #666666; background-color: #FFFFFF;\">C\u00e2mara de Educa\u00e7\u00e3o Profissional<\/td><td style=\"color: #666666; background-color: #FFFFFF;\">04\/2020B<\/td><td style=\"color: #666666; background-color: #FFFFFF;\">09\/07\/2020<\/td><td style=\"color: #666666; background-color: #FFFFFF;\">Disp\u00f5e sobre o credenciamento e autoriza\u00e7\u00e3o do curso T\u00e9cnico em Enfermagem, pertencente ao Eixo Tecnol\u00f3gico Ambiente e Sa\u00fade Integrado ao Ensino M\u00e9dio, da Sociedade Educacional \u00c1guas Lindas \/SEAL \u2013 \u00c1guas Lindas de Goi\u00e1s\/GO, e d\u00e1 outras provid\u00eancias.<\/td><td style=\"color: #0000FF; background-color: #FFFFFF;text-decoration: underline;\"><a href=\"https:\/\/goias.gov.br\/cee\/wp-content\/uploads\/sites\/20\/2023\/10\/2020-04b-cep-resolucao.pdf\" target=\"_blank\">ABRIR<\/a><\/td><td style=\"color: #000000; background-color: #FFFFFF;\"><\/td><\/tr><tr><td style=\"color: #666666; background-color: #FFFFFF;\">Resolu\u00e7\u00e3o<\/td><td style=\"color: #666666; background-color: #FFFFFF;\">C\u00e2mara de Educa\u00e7\u00e3o Profissional<\/td><td style=\"color: #666666; background-color: #FFFFFF;\">05\/2020<\/td><td style=\"color: #666666; background-color: #FFFFFF;\">30\/01\/2020<\/td><td style=\"color: #666666; background-color: #FFFFFF;\">Disp\u00f5e sobre a renova\u00e7\u00e3o de autoriza\u00e7\u00e3o dos cursos em EaD: A\u00e7\u00e3o Pedag\u00f3gica na Escola Contempor\u00e2nea; Alimenta\u00e7\u00e3o Escolar; Conhecendo a L\u00edngua Portuguesa; Defici\u00eancia Auditiva; Defici\u00eancia Intelectual; Defici\u00eancia Intelectual; Defici\u00eancia F\u00edsica; Defici\u00eancia Visual; Dificuldade de Aprendizagem; Educa\u00e7\u00e3o Especial e Inclusiva; Import\u00e2ncia da Comunica\u00e7\u00e3o Eficaz; Letramento e Alfabetiza\u00e7\u00e3o; Organiza\u00e7\u00e3o Administrativa; Pol\u00edtica Educacional \u2013 Educa\u00e7\u00e3o Infantil; Projeto Pol\u00edtico Pedag\u00f3gico; Qualidade no Servi\u00e7o P\u00fablico; Reda\u00e7\u00e3o Oficial; Relacionamento Organizacional; Tecnologia e Educa\u00e7\u00e3o; Transtornos Globais do Desenvolvimento; Zelando do Ambiente de Trabalho; Desenvolvimento Web com PHP e Banco de Dados MYSQL; Forma\u00e7\u00e3o em Web Design; Apresenta\u00e7\u00f5es Eficientes com Power Point; Inform\u00e1tica B\u00e1sica com Internet; Aprendizagem Significativa; Educa\u00e7\u00e3o e Projetos; Legisla\u00e7\u00e3o, documenta\u00e7\u00e3o e Arquivos Escolares; Pol\u00edticas Educacionais \u2013 Ensino Fundamental; Planejamento e Organiza\u00e7\u00e3o de Processos Educacionais; Atendimento ao P\u00fablico do Centro de Ensino Tecnol\u00f3gico de Goi\u00e1s - CETEG \u2013 Goi\u00e2nia\/GO e d\u00e1 outras provid\u00eancias.<\/td><td style=\"color: #0000FF; background-color: #FFFFFF;text-decoration: underline;\"><a href=\"https:\/\/goias.gov.br\/cee\/wp-content\/uploads\/sites\/20\/2023\/10\/2020-05-cep-resolucao.pdf\" target=\"_blank\">ABRIR<\/a><\/td><td style=\"color: #000000; background-color: #FFFFFF;\"><\/td><\/tr><tr><td style=\"color: #666666; background-color: #FFFFFF;\">Resolu\u00e7\u00e3o<\/td><td style=\"color: #666666; background-color: #FFFFFF;\">C\u00e2mara de Educa\u00e7\u00e3o Profissional<\/td><td style=\"color: #666666; background-color: #FFFFFF;\">06\/2020<\/td><td style=\"color: #666666; background-color: #FFFFFF;\">30\/01\/2020<\/td><td style=\"color: #666666; background-color: #FFFFFF;\">Disp\u00f5e sobre o credenciamento e a autoriza\u00e7\u00e3o do curso t\u00e9cnico em Transa\u00e7\u00f5es Imobili\u00e1rias da UNIWAM \u2013 Goi\u00e2nia\/GO e d\u00e1 outras provid\u00eancias.\n<\/td><td style=\"color: #0000FF; background-color: #FFFFFF;text-decoration: underline;\"><a href=\"https:\/\/goias.gov.br\/cee\/wp-content\/uploads\/sites\/20\/2023\/10\/2020-06-cep-resolucao.pdf\" target=\"_blank\">ABRIR<\/a><\/td><td style=\"color: #000000; background-color: #FFFFFF;\"><\/td><\/tr><tr><td style=\"color: #666666; background-color: #FFFFFF;\">Resolu\u00e7\u00e3o<\/td><td style=\"color: #666666; background-color: #FFFFFF;\">C\u00e2mara de Educa\u00e7\u00e3o Profissional<\/td><td style=\"color: #666666; background-color: #FFFFFF;\">07\/2020<\/td><td style=\"color: #666666; background-color: #FFFFFF;\">30\/01\/2020<\/td><td style=\"color: #666666; background-color: #FFFFFF;\">Disp\u00f5e sobre o imediato recolhimento dos documentos escolares, do Col\u00e9gio ITEG \u2013 Senador Canedo\/GO e d\u00e1 outras provid\u00eancias. A C\u00c2MARA DE EDUCA\u00c7\u00c3O PROFISSIONAL, no uso de suas atribui\u00e7\u00f5es legais e regimentais, ao deliberar sobre o Processo N. 202018037000833 com base no Parecer CEE\/CEP N. 8, de 30 de janeiro de 2020,\n<\/td><td style=\"color: #0000FF; background-color: #FFFFFF;text-decoration: underline;\"><a href=\"https:\/\/goias.gov.br\/cee\/wp-content\/uploads\/sites\/20\/2023\/10\/2020-07-cep-resolucao.pdf\" target=\"_blank\">ABRIR<\/a><\/td><td style=\"color: #000000; background-color: #FFFFFF;\"><\/td><\/tr><tr><td style=\"color: #666666; background-color: #FFFFFF;\">Resolu\u00e7\u00e3o<\/td><td style=\"color: #666666; background-color: #FFFFFF;\">C\u00e2mara de Educa\u00e7\u00e3o Profissional<\/td><td style=\"color: #666666; background-color: #FFFFFF;\">08\/2020<\/td><td style=\"color: #666666; background-color: #FFFFFF;\">13\/02\/2020<\/td><td style=\"color: #666666; background-color: #FFFFFF;\">Disp\u00f5e sobre o recredenciamento e renova\u00e7\u00e3o de autoriza\u00e7\u00e3o do cursot\u00e9cnico em Seguran\u00e7a do Trabalho do Instituto Tecnol\u00f3gico do Estado de Goi\u00e1s Governador Otavio Lage \u2013 Goian\u00e9sia\/GO e d\u00e1 outras provid\u00eancias.\n<\/td><td style=\"color: #0000FF; background-color: #FFFFFF;text-decoration: underline;\"><a href=\"https:\/\/goias.gov.br\/cee\/wp-content\/uploads\/sites\/20\/2023\/10\/2020-08-cep-resolucao.pdf\" target=\"_blank\">ABRIR<\/a><\/td><td style=\"color: #000000; background-color: #FFFFFF;\"><\/td><\/tr><tr><td style=\"color: #666666; background-color: #FFFFFF;\">Resolu\u00e7\u00e3o<\/td><td style=\"color: #666666; background-color: #FFFFFF;\">C\u00e2mara de Educa\u00e7\u00e3o Profissional<\/td><td style=\"color: #666666; background-color: #FFFFFF;\">09\/2020<\/td><td style=\"color: #666666; background-color: #FFFFFF;\">20\/02\/2020<\/td><td style=\"color: #666666; background-color: #FFFFFF;\">Disp\u00f5e sobre a autoriza\u00e7\u00e3o do projeto de curso: L\u00edngua Brasileira de Sinais - LIBRAS do Instituto Intelecto \u2013 Niquel\u00e2ndia\/GO e d\u00e1 outras provid\u00eancias.<\/td><td style=\"color: #0000FF; background-color: #FFFFFF;text-decoration: underline;\"><a href=\"https:\/\/goias.gov.br\/cee\/wp-content\/uploads\/sites\/20\/2023\/10\/2020-09-cep-resolucao.pdf\" target=\"_blank\">ABRIR<\/a><\/td><td style=\"color: #000000; background-color: #FFFFFF;\"><\/td><\/tr><tr><td style=\"color: #666666; background-color: #FFFFFF;\">Resolu\u00e7\u00e3o<\/td><td style=\"color: #666666; background-color: #FFFFFF;\">C\u00e2mara de Educa\u00e7\u00e3o Profissional<\/td><td style=\"color: #666666; background-color: #FFFFFF;\">10\/2020<\/td><td style=\"color: #666666; background-color: #FFFFFF;\">20\/02\/2020<\/td><td style=\"color: #666666; background-color: #FFFFFF;\">Disp\u00f5e sobre a autoriza\u00e7\u00e3o do curso: Estrat\u00e9gias e Metodologias das Libras com L1 e L\u00edngua Portuguesa Como L2 para Surdos do Centro de Capacita\u00e7\u00e3o de Profissionais da Educa\u00e7\u00e3o e de Atendimento \u00e0s Pessoas com Surdez \u2013 Goi\u00e2nia\/GO e d\u00e1 outras provid\u00eancias.<\/td><td style=\"color: #0000FF; background-color: #FFFFFF;text-decoration: underline;\"><a href=\"https:\/\/goias.gov.br\/cee\/wp-content\/uploads\/sites\/20\/2023\/10\/2020-10-cep-resolucao.pdf\" target=\"_blank\">ABRIR<\/a><\/td><td style=\"color: #000000; background-color: #FFFFFF;\"><\/td><\/tr><tr><td style=\"color: #666666; background-color: #FFFFFF;\">Resolu\u00e7\u00e3o<\/td><td style=\"color: #666666; background-color: #FFFFFF;\">C\u00e2mara de Educa\u00e7\u00e3o Profissional<\/td><td style=\"color: #666666; background-color: #FFFFFF;\">11\/2020<\/td><td style=\"color: #666666; background-color: #FFFFFF;\">27\/02\/2020<\/td><td style=\"color: #666666; background-color: #FFFFFF;\">Disp\u00f5e sobre a autoriza\u00e7\u00e3o do curso t\u00e9cnico em Enfermagem do Centro Tecnol\u00f3gico Paula Pasquali \u2013 Itumbiara\/GO e d\u00e1 outras provid\u00eancias.\n<\/td><td style=\"color: #0000FF; background-color: #FFFFFF;text-decoration: underline;\"><a href=\"https:\/\/goias.gov.br\/cee\/wp-content\/uploads\/sites\/20\/2023\/10\/2020-11-cep-resolucao.pdf\" target=\"_blank\">ABRIR<\/a><\/td><td style=\"color: #000000; background-color: #FFFFFF;\"><\/td><\/tr><tr><td style=\"color: #666666; background-color: #FFFFFF;\">Resolu\u00e7\u00e3o<\/td><td style=\"color: #666666; background-color: #FFFFFF;\">C\u00e2mara de Educa\u00e7\u00e3o Profissional<\/td><td style=\"color: #666666; background-color: #FFFFFF;\">12\/2020<\/td><td style=\"color: #666666; background-color: #FFFFFF;\">20\/02\/2020<\/td><td style=\"color: #666666; background-color: #FFFFFF;\">Disp\u00f5e sobre a autoriza\u00e7\u00e3o do curso t\u00e9cnico em Seguran\u00e7a do Trabalho\ndo Instituto Genoma \u2013 Trindade\/GO e d\u00e1 outras provid\u00eancias.\n<\/td><td style=\"color: #0000FF; background-color: #FFFFFF;text-decoration: underline;\"><a href=\"https:\/\/goias.gov.br\/cee\/wp-content\/uploads\/sites\/20\/2023\/10\/2020-12-cep-resolucao.pdf\" target=\"_blank\">ABRIR<\/a><\/td><td style=\"color: #000000; background-color: #FFFFFF;\"><\/td><\/tr><tr><td style=\"color: #666666; background-color: #FFFFFF;\">Resolu\u00e7\u00e3o<\/td><td style=\"color: #666666; background-color: #FFFFFF;\">C\u00e2mara de Educa\u00e7\u00e3o Profissional<\/td><td style=\"color: #666666; background-color: #FFFFFF;\">13\/2020<\/td><td style=\"color: #666666; background-color: #FFFFFF;\">27\/02\/2020<\/td><td style=\"color: #666666; background-color: #FFFFFF;\">Disp\u00f5e sobre a renova\u00e7\u00e3o de autoriza\u00e7\u00e3o do curso t\u00e9cnico em Mec\u00e2nica do Centro de Ci\u00eancias, Cultura e Tecnologia S\u00e3o Jose \u2013 CCCTEC \u2013 Quirin\u00f3polis\/GO e d\u00e1 outras provid\u00eancias.\n<\/td><td style=\"color: #0000FF; background-color: #FFFFFF;text-decoration: underline;\"><a href=\"https:\/\/goias.gov.br\/cee\/wp-content\/uploads\/sites\/20\/2023\/10\/2020-13-cep-resolucao.pdf\" target=\"_blank\">ABRIR<\/a><\/td><td style=\"color: #000000; background-color: #FFFFFF;\"><\/td><\/tr><tr><td style=\"color: #666666; background-color: #FFFFFF;\">Resolu\u00e7\u00e3o<\/td><td style=\"color: #666666; background-color: #FFFFFF;\">C\u00e2mara de Educa\u00e7\u00e3o Profissional<\/td><td style=\"color: #666666; background-color: #FFFFFF;\">14\/2020<\/td><td style=\"color: #666666; background-color: #FFFFFF;\">27\/02\/2020<\/td><td style=\"color: #666666; background-color: #FFFFFF;\">Disp\u00f5e sobre o recredenciamento e renova\u00e7\u00e3o de autoriza\u00e7\u00e3o do curso\nt\u00e9cnico em Enfermagem do Col\u00e9gio Decis\u00e3o \u2013 Goian\u00e9sia\/GO e d\u00e1 outras\nprovid\u00eancias.\n<\/td><td style=\"color: #0000FF; background-color: #FFFFFF;text-decoration: underline;\"><a href=\"https:\/\/goias.gov.br\/cee\/wp-content\/uploads\/sites\/20\/2023\/10\/2020-14-cep-resolucao.pdf\" target=\"_blank\">ABRIR<\/a><\/td><td style=\"color: #000000; background-color: #FFFFFF;\"><\/td><\/tr><tr><td style=\"color: #666666; background-color: #FFFFFF;\">Resolu\u00e7\u00e3o<\/td><td style=\"color: #666666; background-color: #FFFFFF;\">C\u00e2mara de Educa\u00e7\u00e3o Profissional<\/td><td style=\"color: #666666; background-color: #FFFFFF;\">15\/2020<\/td><td style=\"color: #666666; background-color: #FFFFFF;\">27\/02\/2020<\/td><td style=\"color: #666666; background-color: #FFFFFF;\">Disp\u00f5e sobre a autoriza\u00e7\u00e3o do curso t\u00e9cnico em Moda\/EaD do Instituto Tecnol\u00f3gico do Estado de Goi\u00e1s Celso Monteiro Furtado \u2013 Uruana\/GO e d\u00e1 outras provid\u00eancias.\n<\/td><td style=\"color: #0000FF; background-color: #FFFFFF;text-decoration: underline;\"><a href=\"https:\/\/goias.gov.br\/cee\/wp-content\/uploads\/sites\/20\/2023\/10\/2020-15-cep-resolucao.pdf\" target=\"_blank\">ABRIR<\/a><\/td><td style=\"color: #000000; background-color: #FFFFFF;\"><\/td><\/tr><tr><td style=\"color: #666666; background-color: #FFFFFF;\">Resolu\u00e7\u00e3o<\/td><td style=\"color: #666666; background-color: #FFFFFF;\">C\u00e2mara de Educa\u00e7\u00e3o Profissional<\/td><td style=\"color: #666666; background-color: #FFFFFF;\">16\/2020<\/td><td style=\"color: #666666; background-color: #FFFFFF;\">27\/02\/2020<\/td><td style=\"color: #666666; background-color: #FFFFFF;\">Disp\u00f5e sobre a autoriza\u00e7\u00e3o do curso t\u00e9cnico em Vendas\/EaD\ndo Instituto Tecnol\u00f3gico do Estado de Goi\u00e1s Celso Monteiro Furtado \u2013\nItaguaru\/GO e d\u00e1 outras provid\u00eancias<\/td><td style=\"color: #0000FF; background-color: #FFFFFF;text-decoration: underline;\"><a href=\"https:\/\/goias.gov.br\/cee\/wp-content\/uploads\/sites\/20\/2023\/10\/2020-16-cep-resolucao.pdf\" target=\"_blank\">ABRIR<\/a><\/td><td style=\"color: #000000; background-color: #FFFFFF;\"><\/td><\/tr><tr><td style=\"color: #666666; background-color: #FFFFFF;\">Resolu\u00e7\u00e3o<\/td><td style=\"color: #666666; background-color: #FFFFFF;\">C\u00e2mara de Educa\u00e7\u00e3o Profissional<\/td><td style=\"color: #666666; background-color: #FFFFFF;\">17\/2020<\/td><td style=\"color: #666666; background-color: #FFFFFF;\">27\/02\/2020<\/td><td style=\"color: #666666; background-color: #FFFFFF;\">Disp\u00f5e sobre a autoriza\u00e7\u00e3o do curso t\u00e9cnico em Agropecu\u00e1ria\/EaD do Instituto Tecnol\u00f3gico do Estado de Goi\u00e1s Ruth Vila\u00e7a Correia Leite Cardoso \u2013 Caiap\u00f4nia\/GO e d\u00e1 outras provid\u00eancias.\n<\/td><td style=\"color: #0000FF; background-color: #FFFFFF;text-decoration: underline;\"><a href=\"https:\/\/goias.gov.br\/cee\/wp-content\/uploads\/sites\/20\/2023\/10\/2020-17-cep-resolucao.pdf\" target=\"_blank\">ABRIR<\/a><\/td><td style=\"color: #000000; background-color: #FFFFFF;\"><\/td><\/tr><tr><td style=\"color: #666666; background-color: #FFFFFF;\">Resolu\u00e7\u00e3o<\/td><td style=\"color: #666666; background-color: #FFFFFF;\">C\u00e2mara de Educa\u00e7\u00e3o Profissional<\/td><td style=\"color: #666666; background-color: #FFFFFF;\">18\/2020<\/td><td style=\"color: #666666; background-color: #FFFFFF;\">27\/02\/2020<\/td><td style=\"color: #666666; background-color: #FFFFFF;\">Disp\u00f5e sobre a autoriza\u00e7\u00e3o do curso t\u00e9cnico em Alimentos do Instituto Tecnol\u00f3gico do Estado de Goi\u00e1s Goiandira Ayres do Couto \u2013 Cidade de Goi\u00e1s\/GO e d\u00e1 outras provid\u00eancias.<\/td><td style=\"color: #0000FF; background-color: #FFFFFF;text-decoration: underline;\"><a href=\"https:\/\/goias.gov.br\/cee\/wp-content\/uploads\/sites\/20\/2023\/10\/2020-18-cep-resolucao.pdf\" target=\"_blank\">ABRIR<\/a><\/td><td style=\"color: #000000; background-color: #FFFFFF;\"><\/td><\/tr><tr><td style=\"color: #666666; background-color: #FFFFFF;\">Resolu\u00e7\u00e3o<\/td><td style=\"color: #666666; background-color: #FFFFFF;\">C\u00e2mara de Educa\u00e7\u00e3o Profissional<\/td><td style=\"color: #666666; background-color: #FFFFFF;\">19\/2020<\/td><td style=\"color: #666666; background-color: #FFFFFF;\">27\/02\/2020<\/td><td style=\"color: #666666; background-color: #FFFFFF;\">Disp\u00f5e sobre a autoriza\u00e7\u00e3o do curso t\u00e9cnico em Redes de Computadores\/EaD do Instituto Tecnol\u00f3gico do Estado de Goi\u00e1s Celso Monteiro Furtado \u2013 Uruana\/GO e d\u00e1 outras provid\u00eancias.<\/td><td style=\"color: #0000FF; background-color: #FFFFFF;text-decoration: underline;\"><a href=\"https:\/\/goias.gov.br\/cee\/wp-content\/uploads\/sites\/20\/2023\/10\/2020-19-cep-resolucao.pdf\" target=\"_blank\">ABRIR<\/a><\/td><td style=\"color: #000000; background-color: #FFFFFF;\"><\/td><\/tr><tr><td style=\"color: #666666; background-color: #FFFFFF;\">Resolu\u00e7\u00e3o<\/td><td style=\"color: #666666; background-color: #FFFFFF;\">C\u00e2mara de Educa\u00e7\u00e3o Profissional<\/td><td style=\"color: #666666; background-color: #FFFFFF;\">20\/2020<\/td><td style=\"color: #666666; background-color: #FFFFFF;\">27\/02\/2020<\/td><td style=\"color: #666666; background-color: #FFFFFF;\">Disp\u00f5e sobre a autoriza\u00e7\u00e3o do curso t\u00e9cnico em Recursos Humanos\/EaD do Instituto Tecnol\u00f3gico do Estado de Goi\u00e1s C\u00e9lio Domingos Mazzonetto \u2013 Ceres\/GO e d\u00e1 outras provid\u00eancias.\n<\/td><td style=\"color: #0000FF; background-color: #FFFFFF;text-decoration: underline;\"><a href=\"https:\/\/goias.gov.br\/cee\/wp-content\/uploads\/sites\/20\/2023\/10\/2020-20-cep-resolucao.pdf\" target=\"_blank\">ABRIR<\/a><\/td><td style=\"color: #000000; background-color: #FFFFFF;\"><\/td><\/tr><tr><td style=\"color: #666666; background-color: #FFFFFF;\">Resolu\u00e7\u00e3o<\/td><td style=\"color: #666666; background-color: #FFFFFF;\">C\u00e2mara de Educa\u00e7\u00e3o Profissional<\/td><td style=\"color: #666666; background-color: #FFFFFF;\">21\/2020<\/td><td style=\"color: #666666; background-color: #FFFFFF;\">27\/02\/2020<\/td><td style=\"color: #666666; background-color: #FFFFFF;\">Disp\u00f5e sobre a autoriza\u00e7\u00e3o do curso t\u00e9cnico em Hospedagem\/EaD do Instituto Tecnol\u00f3gico do Estado de Goi\u00e1s Genervino Evangelista da Fonseca \u2013 Goi\u00e2nia\/GO e d\u00e1 outras provid\u00eancias.<\/td><td style=\"color: #0000FF; background-color: #FFFFFF;text-decoration: underline;\"><a href=\"https:\/\/goias.gov.br\/cee\/wp-content\/uploads\/sites\/20\/2023\/10\/2020-21-cep-resolucao.pdf\" target=\"_blank\">ABRIR<\/a><\/td><td style=\"color: #000000; background-color: #FFFFFF;\"><\/td><\/tr><tr><td style=\"color: #666666; background-color: #FFFFFF;\">Resolu\u00e7\u00e3o<\/td><td style=\"color: #666666; background-color: #FFFFFF;\">C\u00e2mara de Educa\u00e7\u00e3o Profissional<\/td><td style=\"color: #666666; background-color: #FFFFFF;\">22\/2020<\/td><td style=\"color: #666666; background-color: #FFFFFF;\">27\/02\/2020<\/td><td style=\"color: #666666; background-color: #FFFFFF;\">Disp\u00f5e sobre a autoriza\u00e7\u00e3o do curso t\u00e9cnico em Comercio\/EaD do Instituto Tecnol\u00f3gico do Estado de Goi\u00e1s Maria Sebasti\u00e3o de Siqueira \u2013 Goi\u00e2nia\/GO e d\u00e1 outras provid\u00eancias.\n<\/td><td style=\"color: #0000FF; background-color: #FFFFFF;text-decoration: underline;\"><a href=\"https:\/\/goias.gov.br\/cee\/wp-content\/uploads\/sites\/20\/2023\/10\/2020-22-cep-resolucao.pdf\" target=\"_blank\">ABRIR<\/a><\/td><td style=\"color: #000000; background-color: #FFFFFF;\"><\/td><\/tr><tr><td style=\"color: #666666; background-color: #FFFFFF;\">Resolu\u00e7\u00e3o<\/td><td style=\"color: #666666; background-color: #FFFFFF;\">C\u00e2mara de Educa\u00e7\u00e3o Profissional<\/td><td style=\"color: #666666; background-color: #FFFFFF;\">23\/2020<\/td><td style=\"color: #666666; background-color: #FFFFFF;\">27\/02\/2020<\/td><td style=\"color: #666666; background-color: #FFFFFF;\">Disp\u00f5e sobre a autoriza\u00e7\u00e3o do curso t\u00e9cnico em Agropecu\u00e1ria\/EaD do Instituto Tecnol\u00f3gico do Estado de Goi\u00e1s Maria Sebastiana da Silva \u2013 Porangatu\/GO e d\u00e1 outras provid\u00eancias.\n<\/td><td style=\"color: #0000FF; background-color: #FFFFFF;text-decoration: underline;\"><a href=\"https:\/\/goias.gov.br\/cee\/wp-content\/uploads\/sites\/20\/2023\/10\/2020-23-cep-resolucao.pdf\" target=\"_blank\">ABRIR<\/a><\/td><td style=\"color: #000000; background-color: #FFFFFF;\"><\/td><\/tr><tr><td style=\"color: #666666; background-color: #FFFFFF;\">Resolu\u00e7\u00e3o<\/td><td style=\"color: #666666; background-color: #FFFFFF;\">C\u00e2mara de Educa\u00e7\u00e3o Profissional<\/td><td style=\"color: #666666; background-color: #FFFFFF;\">27\/2020<\/td><td style=\"color: #666666; background-color: #FFFFFF;\">27\/02\/2020<\/td><td style=\"color: #666666; background-color: #FFFFFF;\">Disp\u00f5e sobre a autoriza\u00e7\u00e3o do curso t\u00e9cnico em Secretaria Escolar do Instituto Tecnol\u00f3gico do Estado de Goi\u00e1s Maria Sebastiana da Silva \u2013 Porangatu\/GO e d\u00e1 outras provid\u00eancias.\n<\/td><td style=\"color: #0000FF; background-color: #FFFFFF;text-decoration: underline;\"><a href=\"https:\/\/goias.gov.br\/cee\/wp-content\/uploads\/sites\/20\/2023\/10\/2020-24-cep-resolucao.pdf\" target=\"_blank\">ABRIR<\/a><\/td><td style=\"color: #000000; background-color: #FFFFFF;\"><\/td><\/tr><tr><td style=\"color: #666666; background-color: #FFFFFF;\">Resolu\u00e7\u00e3o<\/td><td style=\"color: #666666; background-color: #FFFFFF;\">C\u00e2mara de Educa\u00e7\u00e3o Profissional<\/td><td style=\"color: #666666; background-color: #FFFFFF;\">25\/2020<\/td><td style=\"color: #666666; background-color: #FFFFFF;\">27\/02\/2020<\/td><td style=\"color: #666666; background-color: #FFFFFF;\">Disp\u00f5e sobre a autoriza\u00e7\u00e3o do curso t\u00e9cnico em Manuten\u00e7\u00e3o e Suporte\nem Inform\u00e1tica do Instituto Tecnol\u00f3gico do Estado de Goi\u00e1s\nGoiandira Ayres do Couto \u2013 Cidade De Goi\u00e1s\/GO e d\u00e1 outras\nprovid\u00eancias.\n<\/td><td style=\"color: #0000FF; background-color: #FFFFFF;text-decoration: underline;\"><a href=\"https:\/\/siteshom.goias.gov.br\/cee\/wp-content\/uploads\/sites\/20\/2023\/10\/2020-25-cep-resolucao.pdf\" target=\"_blank\">ABRIR<\/a><\/td><td style=\"color: #000000; background-color: #FFFFFF;\"><\/td><\/tr><tr><td style=\"color: #666666; background-color: #FFFFFF;\">Resolu\u00e7\u00e3o<\/td><td style=\"color: #666666; background-color: #FFFFFF;\">C\u00e2mara de Educa\u00e7\u00e3o Profissional<\/td><td style=\"color: #666666; background-color: #FFFFFF;\">26\/2020<\/td><td style=\"color: #666666; background-color: #FFFFFF;\">27\/02\/2020<\/td><td style=\"color: #666666; background-color: #FFFFFF;\">Disp\u00f5e sobre a autoriza\u00e7\u00e3o do curso t\u00e9cnico em Meio Ambiente do Instituto Tecnol\u00f3gico do Estado de Goi\u00e1s Governador Otavio Lage \u2013 Goian\u00e9sia\/GO e d\u00e1 outras provid\u00eancias.\n<\/td><td style=\"color: #0000FF; background-color: #FFFFFF;text-decoration: underline;\"><a href=\"https:\/\/siteshom.goias.gov.br\/cee\/wp-content\/uploads\/sites\/20\/2023\/10\/2020-26-cep-resolucao.pdf\" target=\"_blank\">ABRIR<\/a><\/td><td style=\"color: #000000; background-color: #FFFFFF;\"><\/td><\/tr><tr><td style=\"color: #666666; background-color: #FFFFFF;\">Resolu\u00e7\u00e3o<\/td><td style=\"color: #666666; background-color: #FFFFFF;\">C\u00e2mara de Educa\u00e7\u00e3o Profissional<\/td><td style=\"color: #666666; background-color: #FFFFFF;\">27\/2020<\/td><td style=\"color: #666666; background-color: #FFFFFF;\">27\/02\/2020<\/td><td style=\"color: #666666; background-color: #FFFFFF;\">Disp\u00f5e sobre a autoriza\u00e7\u00e3o do curso t\u00e9cnico em Agropecu\u00e1ria do Instituto Tecnol\u00f3gico do Estado de Goi\u00e1s Governador Otavio Lage \u2013 Goian\u00e9sia\/GO e d\u00e1 outras provid\u00eancias.\n<\/td><td style=\"color: #0000FF; background-color: #FFFFFF;text-decoration: underline;\"><a href=\"https:\/\/siteshom.goias.gov.br\/cee\/wp-content\/uploads\/sites\/20\/2023\/10\/2020-27-cep-resolucao.pdf\" target=\"_blank\">ABRIR<\/a><\/td><td style=\"color: #000000; background-color: #FFFFFF;\"><\/td><\/tr><tr><td style=\"color: #666666; background-color: #FFFFFF;\">Resolu\u00e7\u00e3o<\/td><td style=\"color: #666666; background-color: #FFFFFF;\">C\u00e2mara de Educa\u00e7\u00e3o Profissional<\/td><td style=\"color: #666666; background-color: #FFFFFF;\">28\/2020<\/td><td style=\"color: #666666; background-color: #FFFFFF;\">05\/03\/2020<\/td><td style=\"color: #666666; background-color: #FFFFFF;\">Disp\u00f5e sobre a autoriza\u00e7\u00e3o do curso Descobrindo-me Contador de Hist\u00f3rias\/Mediador de Leitura da Universidade Federal de Goi\u00e1s \u2013 Goi\u00e2nia\/GO e d\u00e1 outras provid\u00eancias.\n<\/td><td style=\"color: #0000FF; background-color: #FFFFFF;text-decoration: underline;\"><a href=\"https:\/\/goias.gov.br\/cee\/wp-content\/uploads\/sites\/20\/2023\/10\/2020-28-cep-resolucao.pdf\" target=\"_blank\">ABRIR<\/a><\/td><td style=\"color: #000000; background-color: #FFFFFF;\"><\/td><\/tr><tr><td style=\"color: #666666; background-color: #FFFFFF;\">Resolu\u00e7\u00e3o<\/td><td style=\"color: #666666; background-color: #FFFFFF;\">C\u00e2mara de Educa\u00e7\u00e3o Profissional<\/td><td style=\"color: #666666; background-color: #FFFFFF;\">29\/2020<\/td><td style=\"color: #666666; background-color: #FFFFFF;\">05\/03\/2020<\/td><td style=\"color: #666666; background-color: #FFFFFF;\">Disp\u00f5e sobre a autoriza\u00e7\u00e3o do curso t\u00e9cnico em Agricultura do Instituto Tecnol\u00f3gico do Estado de Goi\u00e1s Governador Otavio Lage \u2013 Goian\u00e9sia\/GO e d\u00e1 outras provid\u00eancias.\n<\/td><td style=\"color: #0000FF; background-color: #FFFFFF;text-decoration: underline;\"><a href=\"https:\/\/goias.gov.br\/cee\/wp-content\/uploads\/sites\/20\/2023\/10\/2020-29-cep-resolucao.pdf\" target=\"_blank\">ABRIR<\/a><\/td><td style=\"color: #000000; background-color: #FFFFFF;\"><\/td><\/tr><tr><td style=\"color: #666666; background-color: #FFFFFF;\">Resolu\u00e7\u00e3o<\/td><td style=\"color: #666666; background-color: #FFFFFF;\">C\u00e2mara de Educa\u00e7\u00e3o Profissional<\/td><td style=\"color: #666666; background-color: #FFFFFF;\">30\/2020<\/td><td style=\"color: #666666; background-color: #FFFFFF;\">05\/03\/2020<\/td><td style=\"color: #666666; background-color: #FFFFFF;\">Disp\u00f5e sobre a autoriza\u00e7\u00e3o excepcional certifica\u00e7\u00e3o de compet\u00eancia profissional dos Cursos T\u00e9cnicos: Qu\u00edmica, Minera\u00e7\u00e3o, Administra\u00e7\u00e3o e Log\u00edstica \u2013 ITEGO Agnaldo Campos Netto \u2013 Catal\u00e3o\/GO, e d\u00e1 outras provid\u00eancias.\n<\/td><td style=\"color: #0000FF; background-color: #FFFFFF;text-decoration: underline;\"><a href=\"https:\/\/goias.gov.br\/cee\/wp-content\/uploads\/sites\/20\/2023\/10\/2020-30-cep-resolucao.pdf\" target=\"_blank\">ABRIR<\/a><\/td><td style=\"color: #000000; background-color: #FFFFFF;\"><\/td><\/tr><tr><td style=\"color: #666666; background-color: #FFFFFF;\">Resolu\u00e7\u00e3o<\/td><td style=\"color: #666666; background-color: #FFFFFF;\">C\u00e2mara de Educa\u00e7\u00e3o Profissional<\/td><td style=\"color: #666666; background-color: #FFFFFF;\">31\/2020<\/td><td style=\"color: #666666; background-color: #FFFFFF;\">02\/03\/2020<\/td><td style=\"color: #666666; background-color: #FFFFFF;\">Disp\u00f5e sobre a autoriza\u00e7\u00e3o excepcional de matr\u00edculas nos Cursos T\u00e9cnicos de N\u00edvel M\u00e9dio: Enfermagem, Seguran\u00e7a do trabalho, Log\u00edstica, Qualidade, Seguran\u00e7a do Trabalho, Secretariado, Vendas, Inform\u00e1tica, Recursos Humanos, Administra\u00e7\u00e3o e Agropecu\u00e1ria \u2013 Goi\u00e2nia, Palmeiras de Goi\u00e1s, Aparecida de Goi\u00e2nia, Santa Helena,Mineiros\/GO, e d\u00e1 outras provid\u00eancias.<\/td><td style=\"color: #0000FF; background-color: #FFFFFF;text-decoration: underline;\"><a href=\"https:\/\/goias.gov.br\/cee\/wp-content\/uploads\/sites\/20\/2023\/10\/2020-31-cep-resolucao.pdf\" target=\"_blank\">ABRIR<\/a><\/td><td style=\"color: #000000; background-color: #FFFFFF;\"><\/td><\/tr><tr><td style=\"color: #666666; background-color: #FFFFFF;\">Resolu\u00e7\u00e3o<\/td><td style=\"color: #666666; background-color: #FFFFFF;\">C\u00e2mara de Educa\u00e7\u00e3o Profissional<\/td><td style=\"color: #666666; background-color: #FFFFFF;\">32\/2020<\/td><td style=\"color: #666666; background-color: #FFFFFF;\">05\/03\/2020<\/td><td style=\"color: #666666; background-color: #FFFFFF;\">Disp\u00f5e sobre o credenciamento e renova\u00e7\u00e3o de autoriza\u00e7\u00e3o dos cursos de qualifica\u00e7\u00e3o profissional: Eletricista De Manuten\u00e7\u00e3o, Constru\u00e7\u00e3o e Opera\u00e7\u00e3o de Redes El\u00e9tricas A\u00e9reas de Distribui\u00e7\u00e3o Desenergizadas, Urbana e Rural, classe de tens\u00e3o at\u00e9 36,2 Kv\u201d e \u201cEletricista de redes Energizadas Linha viva nas classes de tens\u00e3o de 13,8 a 36,2 kv do SAFETE \u2013 Sistema de Aprendizagem e Forma\u00e7\u00e3o Profissional \u2013 An\u00e1polis\/GO, e d\u00e1 outras provid\u00eancias.\n<\/td><td style=\"color: #0000FF; background-color: #FFFFFF;text-decoration: underline;\"><a href=\"https:\/\/goias.gov.br\/cee\/wp-content\/uploads\/sites\/20\/2023\/10\/2020-32-cep-resolucao.pdf\" target=\"_blank\">ABRIR<\/a><\/td><td style=\"color: #000000; background-color: #FFFFFF;\"><\/td><\/tr><tr><td style=\"color: #666666; background-color: #FFFFFF;\">Resolu\u00e7\u00e3o<\/td><td style=\"color: #666666; background-color: #FFFFFF;\">C\u00e2mara de Educa\u00e7\u00e3o Profissional<\/td><td style=\"color: #666666; background-color: #FFFFFF;\">33\/2020<\/td><td style=\"color: #666666; background-color: #FFFFFF;\">12\/03\/2020<\/td><td style=\"color: #666666; background-color: #FFFFFF;\">Disp\u00f5e sobre a autoriza\u00e7\u00e3o do curso t\u00e9cnicos em Enfermagem do Col\u00e9gio Elo \u2013 Urua\u00e7u\/GO, e d\u00e1 outras provid\u00eancias.<\/td><td style=\"color: #0000FF; background-color: #FFFFFF;text-decoration: underline;\"><a href=\"https:\/\/goias.gov.br\/cee\/wp-content\/uploads\/sites\/20\/2023\/10\/2020-33-cep-resolucao.pdf\" target=\"_blank\">ABRIR<\/a><\/td><td style=\"color: #000000; background-color: #FFFFFF;\"><\/td><\/tr><tr><td style=\"color: #666666; background-color: #FFFFFF;\">Resolu\u00e7\u00e3o<\/td><td style=\"color: #666666; background-color: #FFFFFF;\">C\u00e2mara de Educa\u00e7\u00e3o Profissional<\/td><td style=\"color: #666666; background-color: #FFFFFF;\">34\/2020<\/td><td style=\"color: #666666; background-color: #FFFFFF;\">12\/03\/2020<\/td><td style=\"color: #666666; background-color: #FFFFFF;\">Disp\u00f5e sobre a autoriza\u00e7\u00e3o excepcional de matr\u00edculas nos Cursos T\u00e9cnicos de N\u00edvel M\u00e9dio em Administra\u00e7\u00e3o e Minera\u00e7\u00e3o do Instituto\nTecnol\u00f3gico do Estado de Goi\u00e1s Agnaldo Campos Netto \u2013 Catal\u00e3o\/GO, e d\u00e1 outras provid\u00eancias.\n<\/td><td style=\"color: #0000FF; background-color: #FFFFFF;text-decoration: underline;\"><a href=\"https:\/\/goias.gov.br\/cee\/wp-content\/uploads\/sites\/20\/2023\/10\/2020-34-cep-resolucao.pdf\" target=\"_blank\">ABRIR<\/a><\/td><td style=\"color: #000000; background-color: #FFFFFF;\"><\/td><\/tr><tr><td style=\"color: #666666; background-color: #FFFFFF;\">Resolu\u00e7\u00e3o<\/td><td style=\"color: #666666; background-color: #FFFFFF;\">C\u00e2mara de Educa\u00e7\u00e3o Profissional<\/td><td style=\"color: #666666; background-color: #FFFFFF;\">35\/2020<\/td><td style=\"color: #666666; background-color: #FFFFFF;\">12\/03\/2020<\/td><td style=\"color: #666666; background-color: #FFFFFF;\">Disp\u00f5e sobre a excepcionaliza\u00e7\u00e3o 600 de matriculas dos cursos T\u00e9cnicosde: Agropecu\u00e1ria; Rede de omputadores; Log\u00edstica; Produ\u00e7\u00e3o de Modas do ITEGO Jer\u00f4nimo Carlos do Prado; dos cursos T\u00e9cnicos de:\nDesign de Embalagem; Inform\u00e1tica para Internet; Geografia do ITEGO em Arte Basileu Fran\u00e7a; dos cursos T\u00e9cnicos de: Manuten\u00e7\u00e3oe Suporte em Inform\u00e1tica; Hospedagem; Agropecu\u00e1ria do ITEGO Goiandira Ayres do Couto \u2013 Goi\u00e2nia\/GO e d\u00e1 outras provid\u00eancias.<\/td><td style=\"color: #0000FF; background-color: #FFFFFF;text-decoration: underline;\"><a href=\"https:\/\/goias.gov.br\/cee\/wp-content\/uploads\/sites\/20\/2023\/10\/2020-35-cep-resolucao.pdf\" target=\"_blank\">ABRIR<\/a><\/td><td style=\"color: #000000; background-color: #FFFFFF;\"><\/td><\/tr><tr><td style=\"color: #666666; background-color: #FFFFFF;\">Resolu\u00e7\u00e3o<\/td><td style=\"color: #666666; background-color: #FFFFFF;\">C\u00e2mara de Educa\u00e7\u00e3o Profissional<\/td><td style=\"color: #666666; background-color: #FFFFFF;\">36\/2020<\/td><td style=\"color: #666666; background-color: #FFFFFF;\">12\/03\/2020<\/td><td style=\"color: #666666; background-color: #FFFFFF;\">Disp\u00f5e sobre a autoriza\u00e7\u00e3o excepcional de matr\u00edculas nos CursosT\u00e9cnicos de N\u00edvel M\u00e9dio em Seguran\u00e7a do Trabalho do Instituto Tecnol\u00f3gico do Estado de Goi\u00e1s Irtes Alves de Castro Ribeiro \u2013 Jaragu\u00e1\/GO, e d\u00e1 outras provid\u00eancias.<\/td><td style=\"color: #0000FF; background-color: #FFFFFF;text-decoration: underline;\"><a href=\"https:\/\/goias.gov.br\/cee\/wp-content\/uploads\/sites\/20\/2023\/10\/2020-36-cep-resolucao.pdf\" target=\"_blank\">ABRIR<\/a><\/td><td style=\"color: #000000; background-color: #FFFFFF;\"><\/td><\/tr><tr><td style=\"color: #666666; background-color: #FFFFFF;\">Resolu\u00e7\u00e3o<\/td><td style=\"color: #666666; background-color: #FFFFFF;\">C\u00e2mara de Educa\u00e7\u00e3o Profissional<\/td><td style=\"color: #666666; background-color: #FFFFFF;\">37\/2020<\/td><td style=\"color: #666666; background-color: #FFFFFF;\">12\/03\/2020<\/td><td style=\"color: #666666; background-color: #FFFFFF;\">Disp\u00f5e sobre a autoriza\u00e7\u00e3o excepcional de matr\u00edculas nos Cursos T\u00e9cnicos de N\u00edvel M\u00e9dio em Manuten\u00e7\u00e3o e Suporte em Inform\u00e1tica do Instituto Tecnol\u00f3gico do Estado de Goi\u00e1s Irtes Alves de Castro Ribeiro \u2013 Jaragu\u00e1\/GO, e d\u00e1 outras provid\u00eancias.\n<\/td><td style=\"color: #0000FF; background-color: #FFFFFF;text-decoration: underline;\"><a href=\"https:\/\/goias.gov.br\/cee\/wp-content\/uploads\/sites\/20\/2023\/10\/2020-37-cep-resolucao.pdf\" target=\"_blank\">ABRIR<\/a><\/td><td style=\"color: #000000; background-color: #FFFFFF;\"><\/td><\/tr><tr><td style=\"color: #666666; background-color: #FFFFFF;\">Resolu\u00e7\u00e3o<\/td><td style=\"color: #666666; background-color: #FFFFFF;\">C\u00e2mara de Educa\u00e7\u00e3o Profissional<\/td><td style=\"color: #666666; background-color: #FFFFFF;\">38\/2020<\/td><td style=\"color: #666666; background-color: #FFFFFF;\">19\/2020<\/td><td style=\"color: #666666; background-color: #FFFFFF;\">Disp\u00f5e sobre o recredenciamento e renova\u00e7\u00e3o de autoriza\u00e7\u00e3o do Curso T\u00e9cnico em Enfermagem, do Instituto Genoma \u2013 Itabera\u00ed\/GO e d\u00e1 outras provid\u00eancias.\n<\/td><td style=\"color: #0000FF; background-color: #FFFFFF;text-decoration: underline;\"><a href=\"https:\/\/goias.gov.br\/cee\/wp-content\/uploads\/sites\/20\/2023\/10\/2020-38-cep-resolucao.pdf\" target=\"_blank\">ABRIR<\/a><\/td><td style=\"color: #000000; background-color: #FFFFFF;\"><\/td><\/tr><tr><td style=\"color: #666666; background-color: #FFFFFF;\">Resolu\u00e7\u00e3o<\/td><td style=\"color: #666666; background-color: #FFFFFF;\">C\u00e2mara de Educa\u00e7\u00e3o Profissional<\/td><td style=\"color: #666666; background-color: #FFFFFF;\">39\/2020<\/td><td style=\"color: #666666; background-color: #FFFFFF;\">26\/03\/2020<\/td><td style=\"color: #666666; background-color: #FFFFFF;\">Disp\u00f5e sobre a autoriza\u00e7\u00e3o do Curso T\u00e9cnico em Redes de Computadores, do Col\u00e9gio Estadual Alfredo Nasser \u2013 Novo Brasil\/GO e d\u00e1 outras provid\u00eancias.\n<\/td><td style=\"color: #0000FF; background-color: #FFFFFF;text-decoration: underline;\"><a href=\"https:\/\/goias.gov.br\/cee\/wp-content\/uploads\/sites\/20\/2023\/10\/2020-39-cep-resolucao.pdf\" target=\"_blank\">ABRIR<\/a><\/td><td style=\"color: #000000; background-color: #FFFFFF;\"><\/td><\/tr><tr><td style=\"color: #666666; background-color: #FFFFFF;\">Resolu\u00e7\u00e3o<\/td><td style=\"color: #666666; background-color: #FFFFFF;\">C\u00e2mara de Educa\u00e7\u00e3o Profissional<\/td><td style=\"color: #666666; background-color: #FFFFFF;\">40\/2020<\/td><td style=\"color: #666666; background-color: #FFFFFF;\">26\/03\/2020<\/td><td style=\"color: #666666; background-color: #FFFFFF;\">Disp\u00f5e sobre a autoriza\u00e7\u00e3o do Curso T\u00e9cnico em Manuten\u00e7\u00e3o e Suporte em Inform\u00e1tica, do Col\u00e9gio Estadual da Pol\u00edcia Militar de Goi\u00e1s Tomaz Martins da Cunha \u2013 Porangatu\/GO e d\u00e1 outras provid\u00eancias.<\/td><td style=\"color: #0000FF; background-color: #FFFFFF;text-decoration: underline;\"><a href=\"https:\/\/goias.gov.br\/cee\/wp-content\/uploads\/sites\/20\/2023\/10\/2020-40-cep-resolucao.pdf\" target=\"_blank\">ABRIR<\/a><\/td><td style=\"color: #000000; background-color: #FFFFFF;\"><\/td><\/tr><tr><td style=\"color: #666666; background-color: #FFFFFF;\">Resolu\u00e7\u00e3o<\/td><td style=\"color: #666666; background-color: #FFFFFF;\">C\u00e2mara de Educa\u00e7\u00e3o Profissional<\/td><td style=\"color: #666666; background-color: #FFFFFF;\">41\/2020<\/td><td style=\"color: #666666; background-color: #FFFFFF;\">26\/03\/2020<\/td><td style=\"color: #666666; background-color: #FFFFFF;\">Disp\u00f5e sobre a autoriza\u00e7\u00e3o do Curso T\u00e9cnico em Inform\u00e1tica, do Col\u00e9gio Estadual Ant\u00f4nio Alves Fortes \u2013  parecida de Goi\u00e2nia\/GO e d\u00e1 outras provid\u00eancias.\n<\/td><td style=\"color: #0000FF; background-color: #FFFFFF;text-decoration: underline;\"><a href=\"https:\/\/goias.gov.br\/cee\/wp-content\/uploads\/sites\/20\/2023\/10\/2020-41-cep-resolucao.pdf\" target=\"_blank\">ABRIR<\/a><\/td><td style=\"color: #000000; background-color: #FFFFFF;\"><\/td><\/tr><tr><td style=\"color: #666666; background-color: #FFFFFF;\">Resolu\u00e7\u00e3o<\/td><td style=\"color: #666666; background-color: #FFFFFF;\">C\u00e2mara de Educa\u00e7\u00e3o Profissional<\/td><td style=\"color: #666666; background-color: #FFFFFF;\">42\/2020<\/td><td style=\"color: #666666; background-color: #FFFFFF;\">02\/04\/2020<\/td><td style=\"color: #666666; background-color: #FFFFFF;\">Disp\u00f5e sobre a autoriza\u00e7\u00e3o do Curso T\u00e9cnico em Redes de Computadores, do Col\u00e9gio Estadual Antonio Alves Fortes \u2013 Goi\u00e2nia\/GO e d\u00e1 outras provid\u00eancias.<\/td><td style=\"color: #0000FF; background-color: #FFFFFF;text-decoration: underline;\"><a href=\"https:\/\/goias.gov.br\/cee\/wp-content\/uploads\/sites\/20\/2023\/10\/2020-42-cep-resolucao.pdf\" target=\"_blank\">ABRIR<\/a><\/td><td style=\"color: #000000; background-color: #FFFFFF;\"><\/td><\/tr><tr><td style=\"color: #666666; background-color: #FFFFFF;\">Resolu\u00e7\u00e3o<\/td><td style=\"color: #666666; background-color: #FFFFFF;\">C\u00e2mara de Educa\u00e7\u00e3o Profissional<\/td><td style=\"color: #666666; background-color: #FFFFFF;\">43\/2020<\/td><td style=\"color: #666666; background-color: #FFFFFF;\">08\/04\/2020<\/td><td style=\"color: #666666; background-color: #FFFFFF;\">Disp\u00f5e sobre o recredenciamento e a renova\u00e7\u00e3o de autoriza\u00e7\u00e3o do Curso T\u00e9cnico em Est\u00e9tica, do Euroamerica Instituto T\u00e9cnico Profissional \u2013 Goi\u00e2nia\/GO e d\u00e1 outras provid\u00eancias.\n<\/td><td style=\"color: #0000FF; background-color: #FFFFFF;text-decoration: underline;\"><a href=\"https:\/\/goias.gov.br\/cee\/wp-content\/uploads\/sites\/20\/2023\/10\/2020-43-cep-resolucao.pdf\" target=\"_blank\">ABRIR<\/a><\/td><td style=\"color: #000000; background-color: #FFFFFF;\"><\/td><\/tr><tr><td style=\"color: #666666; background-color: #FFFFFF;\">Resolu\u00e7\u00e3o<\/td><td style=\"color: #666666; background-color: #FFFFFF;\">C\u00e2mara de Educa\u00e7\u00e3o Profissional<\/td><td style=\"color: #666666; background-color: #FFFFFF;\">44\/2020<\/td><td style=\"color: #666666; background-color: #FFFFFF;\">16\/04\/2020<\/td><td style=\"color: #666666; background-color: #FFFFFF;\">Disp\u00f5e sobre o recredenciamento e a renova\u00e7\u00e3o de autoriza\u00e7\u00e3o do Curso T\u00e9cnico em Redes de Computadores, do Centro de Ensino em Per\u00edodo Integral Dom Bosco \u2013 Jussara\/GO e d\u00e1 outras provid\u00eancias.\n<\/td><td style=\"color: #0000FF; background-color: #FFFFFF;text-decoration: underline;\"><a href=\"https:\/\/goias.gov.br\/cee\/wp-content\/uploads\/sites\/20\/2023\/10\/2020-44-cep-resolucao.pdf\" target=\"_blank\">ABRIR<\/a><\/td><td style=\"color: #000000; background-color: #FFFFFF;\"><\/td><\/tr><tr><td style=\"color: #666666; background-color: #FFFFFF;\">Resolu\u00e7\u00e3o<\/td><td style=\"color: #666666; background-color: #FFFFFF;\">C\u00e2mara de Educa\u00e7\u00e3o Profissional<\/td><td style=\"color: #666666; background-color: #FFFFFF;\">45\/2020<\/td><td style=\"color: #666666; background-color: #FFFFFF;\">16\/04\/2020<\/td><td style=\"color: #666666; background-color: #FFFFFF;\">Disp\u00f5e sobre a autoriza\u00e7\u00e3o do Curso T\u00e9cnico em Inform\u00e1tica,do Col\u00e9gio Estadual Edmundo Rocha \u2013 Goi\u00e2nia\/GO e d\u00e1 outras provid\u00eancias.\n<\/td><td style=\"color: #0000FF; background-color: #FFFFFF;text-decoration: underline;\"><a href=\"https:\/\/goias.gov.br\/cee\/wp-content\/uploads\/sites\/20\/2023\/10\/2020-45-cep-resolucao.pdf\" target=\"_blank\">ABRIR<\/a><\/td><td style=\"color: #000000; background-color: #FFFFFF;\"><\/td><\/tr><tr><td style=\"color: #666666; background-color: #FFFFFF;\">Resolu\u00e7\u00e3o<\/td><td style=\"color: #666666; background-color: #FFFFFF;\">C\u00e2mara de Educa\u00e7\u00e3o Profissional<\/td><td style=\"color: #666666; background-color: #FFFFFF;\">46\/2020<\/td><td style=\"color: #666666; background-color: #FFFFFF;\">23\/04\/2020<\/td><td style=\"color: #666666; background-color: #FFFFFF;\">Disp\u00f5e sobre a autoriza\u00e7\u00e3o do Curso T\u00e9cnico em Inform\u00e1tica, do Col\u00e9gio Estadual Melquiades Victor de Oliveira \u2013 Aragar\u00e7as\/GO e d\u00e1 outras provid\u00eancias.<\/td><td style=\"color: #0000FF; background-color: #FFFFFF;text-decoration: underline;\"><a href=\"https:\/\/goias.gov.br\/cee\/wp-content\/uploads\/sites\/20\/2023\/10\/2020-46-cep-resolucao.pdf\" target=\"_blank\">ABRIR<\/a><\/td><td style=\"color: #000000; background-color: #FFFFFF;\"><\/td><\/tr><tr><td style=\"color: #666666; background-color: #FFFFFF;\">Resolu\u00e7\u00e3o<\/td><td style=\"color: #666666; background-color: #FFFFFF;\">C\u00e2mara de Educa\u00e7\u00e3o Profissional<\/td><td style=\"color: #666666; background-color: #FFFFFF;\">47\/2020<\/td><td style=\"color: #666666; background-color: #FFFFFF;\">23\/04\/2020<\/td><td style=\"color: #666666; background-color: #FFFFFF;\">Disp\u00f5e sobre a autoriza\u00e7\u00e3o do Curso T\u00e9cnico em Manuten\u00e7\u00e3o e Suporte em Inform\u00e1tica, do Col\u00e9gio Estadual Sebasti\u00e3o Alves de Souza \u2013 Goi\u00e2nia\/GO e d\u00e1 outras provid\u00eancias<\/td><td style=\"color: #0000FF; background-color: #FFFFFF;text-decoration: underline;\"><a href=\"https:\/\/goias.gov.br\/cee\/wp-content\/uploads\/sites\/20\/2023\/10\/2020-47-cep-resolucao.pdf\" target=\"_blank\">ABRIR<\/a><\/td><td style=\"color: #000000; background-color: #FFFFFF;\"><\/td><\/tr><tr><td style=\"color: #666666; background-color: #FFFFFF;\">Resolu\u00e7\u00e3o<\/td><td style=\"color: #666666; background-color: #FFFFFF;\">C\u00e2mara de Educa\u00e7\u00e3o Profissional<\/td><td style=\"color: #666666; background-color: #FFFFFF;\">48\/2020<\/td><td style=\"color: #666666; background-color: #FFFFFF;\">29\/04\/2020<\/td><td style=\"color: #666666; background-color: #FFFFFF;\">Disp\u00f5e sobre a autoriza\u00e7\u00e3o do Curso T\u00e9cnico em Inform\u00e1tica para Internet, do Col\u00e9gio Estadual Jandira Bretas Quinan \u2013 Vian\u00f3polis\/GOe d\u00e1 outras provid\u00eancias.\n<\/td><td style=\"color: #0000FF; background-color: #FFFFFF;text-decoration: underline;\"><a href=\"https:\/\/goias.gov.br\/cee\/wp-content\/uploads\/sites\/20\/2023\/10\/2020-48-cep-resolucao.pdf\" target=\"_blank\">ABRIR<\/a><\/td><td style=\"color: #000000; background-color: #FFFFFF;\"><\/td><\/tr><tr><td style=\"color: #666666; background-color: #FFFFFF;\">Resolu\u00e7\u00e3o<\/td><td style=\"color: #666666; background-color: #FFFFFF;\">C\u00e2mara de Educa\u00e7\u00e3o Profissional<\/td><td style=\"color: #666666; background-color: #FFFFFF;\">49\/2020<\/td><td style=\"color: #666666; background-color: #FFFFFF;\">29\/04\/2020<\/td><td style=\"color: #666666; background-color: #FFFFFF;\">Disp\u00f5e sobre a autoriza\u00e7\u00e3o do Curso T\u00e9cnico em Manuten\u00e7\u00e3o e Suporte em Inform\u00e1tica, do Col\u00e9gio Estadual Sebasti\u00e3o Moreira da Silveira \u2013 Mamba\u00ed\/GO e d\u00e1 outras provid\u00eancias.<\/td><td style=\"color: #0000FF; background-color: #FFFFFF;text-decoration: underline;\"><a href=\"https:\/\/goias.gov.br\/cee\/wp-content\/uploads\/sites\/20\/2023\/10\/2020-49-cep-resolucao.pdf\" target=\"_blank\">ABRIR<\/a><\/td><td style=\"color: #000000; background-color: #FFFFFF;\"><\/td><\/tr><tr><td style=\"color: #666666; background-color: #FFFFFF;\">Resolu\u00e7\u00e3o<\/td><td style=\"color: #666666; background-color: #FFFFFF;\">C\u00e2mara de Educa\u00e7\u00e3o Profissional<\/td><td style=\"color: #666666; background-color: #FFFFFF;\">50\/2020<\/td><td style=\"color: #666666; background-color: #FFFFFF;\">07\/05\/2020<\/td><td style=\"color: #666666; background-color: #FFFFFF;\">Disp\u00f5e sobre a autoriza\u00e7\u00e3o do Curso T\u00e9cnico em Manuten\u00e7\u00e3o e Suporte em Inform\u00e1tica, do Col\u00e9gio Estadual Jandira Bretas Quinan \u2013 Vianopolis\/GO e d\u00e1 outras provid\u00eancias.<\/td><td style=\"color: #0000FF; background-color: #FFFFFF;text-decoration: underline;\"><a href=\"https:\/\/goias.gov.br\/cee\/wp-content\/uploads\/sites\/20\/2023\/10\/2020-50-cep-resolucao.pdf\" target=\"_blank\">ABRIR<\/a><\/td><td style=\"color: #000000; background-color: #FFFFFF;\"><\/td><\/tr><tr><td style=\"color: #666666; background-color: #FFFFFF;\">Resolu\u00e7\u00e3o<\/td><td style=\"color: #666666; background-color: #FFFFFF;\">C\u00e2mara de Educa\u00e7\u00e3o Profissional<\/td><td style=\"color: #666666; background-color: #FFFFFF;\">51\/2020<\/td><td style=\"color: #666666; background-color: #FFFFFF;\">07\/05\/2020<\/td><td style=\"color: #666666; background-color: #FFFFFF;\">Disp\u00f5e sobre a autoriza\u00e7\u00e3o do Curso T\u00e9cnico em Inform\u00e1tica para Internet, do Col\u00e9gio Estadual Valpara\u00edzo \u2013 Valpara\u00edzo\/GO e d\u00e1 outras provid\u00eancias.\n<\/td><td style=\"color: #0000FF; background-color: #FFFFFF;text-decoration: underline;\"><a href=\"https:\/\/goias.gov.br\/cee\/wp-content\/uploads\/sites\/20\/2023\/10\/2020-51-cep-resolucao.pdf\" target=\"_blank\">ABRIR<\/a><\/td><td style=\"color: #000000; background-color: #FFFFFF;\"><\/td><\/tr><tr><td style=\"color: #666666; background-color: #FFFFFF;\">Resolu\u00e7\u00e3o<\/td><td style=\"color: #666666; background-color: #FFFFFF;\">C\u00e2mara de Educa\u00e7\u00e3o Profissional<\/td><td style=\"color: #666666; background-color: #FFFFFF;\">52\/2020<\/td><td style=\"color: #666666; background-color: #FFFFFF;\">14\/05\/2020<\/td><td style=\"color: #666666; background-color: #FFFFFF;\">Disp\u00f5e sobre a autoriza\u00e7\u00e3o de amplia\u00e7\u00e3o do numero de vagas do Curso T\u00e9cnico em Enfermagem, do Col\u00e9gio Genoma \u2013 Aparecida de Goi\u00e2nia\/GO e d\u00e1 outras provid\u00eancias.\n<\/td><td style=\"color: #0000FF; background-color: #FFFFFF;text-decoration: underline;\"><a href=\"https:\/\/goias.gov.br\/cee\/wp-content\/uploads\/sites\/20\/2023\/10\/2020-52-cep-resolucao.pdf\" target=\"_blank\">ABRIR<\/a><\/td><td style=\"color: #000000; background-color: #FFFFFF;\"><\/td><\/tr><tr><td style=\"color: #666666; background-color: #FFFFFF;\">Resolu\u00e7\u00e3o<\/td><td style=\"color: #666666; background-color: #FFFFFF;\">C\u00e2mara de Educa\u00e7\u00e3o Profissional<\/td><td style=\"color: #666666; background-color: #FFFFFF;\">53\/2020<\/td><td style=\"color: #666666; background-color: #FFFFFF;\">14\/05\/2020<\/td><td style=\"color: #666666; background-color: #FFFFFF;\">Disp\u00f5e sobre o recredenciamento e renova\u00e7\u00e3o de autoriza\u00e7\u00e3o do Curso\nT\u00e9cnico em Enfermagem, do Centro de Educa\u00e7\u00e3o Profissional Zilma\nCarneiro da Silva \u2013 Goi\u00e2nia\/GO e d\u00e1 outras provid\u00eancias.\n<\/td><td style=\"color: #0000FF; background-color: #FFFFFF;text-decoration: underline;\"><a href=\"https:\/\/goias.gov.br\/cee\/wp-content\/uploads\/sites\/20\/2023\/10\/2020-53-cep-resolucao.pdf\" target=\"_blank\">ABRIR<\/a><\/td><td style=\"color: #000000; background-color: #FFFFFF;\"><\/td><\/tr><tr><td style=\"color: #666666; background-color: #FFFFFF;\">Resolu\u00e7\u00e3o<\/td><td style=\"color: #666666; background-color: #FFFFFF;\">C\u00e2mara de Educa\u00e7\u00e3o Profissional<\/td><td style=\"color: #666666; background-color: #FFFFFF;\">54\/2020<\/td><td style=\"color: #666666; background-color: #FFFFFF;\">21\/05\/2020<\/td><td style=\"color: #666666; background-color: #FFFFFF;\">Disp\u00f5e sobre o credenciamento e autoriza\u00e7\u00e3o do Curso T\u00e9cnico em Enfermagem, do Col\u00e9gio \u00c1pice \u2013 S\u00e3o Luis de Montes Belos\/GO e d\u00e1 outras provid\u00eancias.\n<\/td><td style=\"color: #0000FF; background-color: #FFFFFF;text-decoration: underline;\"><a href=\"https:\/\/goias.gov.br\/cee\/wp-content\/uploads\/sites\/20\/2023\/10\/2020-54-cep-resolucao.pdf\" target=\"_blank\">ABRIR<\/a><\/td><td style=\"color: #000000; background-color: #FFFFFF;\"><\/td><\/tr><tr><td style=\"color: #666666; background-color: #FFFFFF;\">Resolu\u00e7\u00e3o<\/td><td style=\"color: #666666; background-color: #FFFFFF;\">C\u00e2mara de Educa\u00e7\u00e3o Profissional<\/td><td style=\"color: #666666; background-color: #FFFFFF;\">55\/2020<\/td><td style=\"color: #666666; background-color: #FFFFFF;\">21\/05\/2020<\/td><td style=\"color: #666666; background-color: #FFFFFF;\">Disp\u00f5e sobre a aprova\u00e7\u00e3o de relat\u00f3rio de curso do Curso T\u00e9cnico em L\u00edngua Brasileira de Sinais \u2013 LIBRAS, M\u00f3dulos III, IV e V,\ndo Centro de Capacita\u00e7\u00e3o de Profissionais de Educa\u00e7\u00e3o e de Atendimento \u00e0s Pessoas com Surdez e Centro de Apoio Pedag\u00f3gico e Atendimento \u00e0s Pessoas com Defici\u00eancia Visual CAS\/CAP \u2013 Ceres \/GO e d\u00e1 outras provid\u00eancias.\n<\/td><td style=\"color: #0000FF; background-color: #FFFFFF;text-decoration: underline;\"><a href=\"https:\/\/goias.gov.br\/cee\/wp-content\/uploads\/sites\/20\/2023\/10\/2020-55-cep-resolucao.pdf\" target=\"_blank\">ABRIR<\/a><\/td><td style=\"color: #000000; background-color: #FFFFFF;\"><\/td><\/tr><tr><td style=\"color: #666666; background-color: #FFFFFF;\">Resolu\u00e7\u00e3o<\/td><td style=\"color: #666666; background-color: #FFFFFF;\">C\u00e2mara de Educa\u00e7\u00e3o Profissional<\/td><td style=\"color: #666666; background-color: #FFFFFF;\">56\/2020<\/td><td style=\"color: #666666; background-color: #FFFFFF;\">28\/05\/2020<\/td><td style=\"color: #666666; background-color: #FFFFFF;\">Disp\u00f5e sobre a aprova\u00e7\u00e3o de relat\u00f3rio de curso do Curso T\u00e9cnico em Fundamentos em Altas Habilidades do N\u00facleo de Atividades de Alta Habilidades\/Superdota\u00e7ao - NAAHS \u2013 Goi\u00e2nia\/GO e d\u00e1 outras provid\u00eancias.\n<\/td><td style=\"color: #0000FF; background-color: #FFFFFF;text-decoration: underline;\"><a href=\"https:\/\/goias.gov.br\/cee\/wp-content\/uploads\/sites\/20\/2023\/10\/2020-56-cep-resolucao.pdf\" target=\"_blank\">ABRIR<\/a><\/td><td style=\"color: #000000; background-color: #FFFFFF;\"><\/td><\/tr><tr><td style=\"color: #666666; background-color: #FFFFFF;\">Resolu\u00e7\u00e3o<\/td><td style=\"color: #666666; background-color: #FFFFFF;\">C\u00e2mara de Educa\u00e7\u00e3o Profissional<\/td><td style=\"color: #666666; background-color: #FFFFFF;\">57\/2020<\/td><td style=\"color: #666666; background-color: #FFFFFF;\">28\/05\/2020<\/td><td style=\"color: #666666; background-color: #FFFFFF;\">Disp\u00f5e sobre a autoriza\u00e7\u00e3o do Curso T\u00e9cnico em Seguran\u00e7a do Trabalho do Col\u00e9gio Genoma \u2013 Goi\u00e2nia\/GO e d\u00e1 outras provid\u00eancias.\n<\/td><td style=\"color: #0000FF; background-color: #FFFFFF;text-decoration: underline;\"><a href=\"https:\/\/goias.gov.br\/cee\/wp-content\/uploads\/sites\/20\/2023\/10\/2020-57-cep-resolucao.pdf\" target=\"_blank\">ABRIR<\/a><\/td><td style=\"color: #000000; background-color: #FFFFFF;\"><\/td><\/tr><tr><td style=\"color: #666666; background-color: #FFFFFF;\">Resolu\u00e7\u00e3o<\/td><td style=\"color: #666666; background-color: #FFFFFF;\">C\u00e2mara de Educa\u00e7\u00e3o Profissional<\/td><td style=\"color: #666666; background-color: #FFFFFF;\">58\/2020<\/td><td style=\"color: #666666; background-color: #FFFFFF;\">04\/06\/2020<\/td><td style=\"color: #666666; background-color: #FFFFFF;\">Disp\u00f5e sobre a aprova\u00e7\u00e3o do relat\u00f3rio de curso \"M\u00eddias na Sala de Aula: Metodologia de Sucesso\u201d, realizado pelo Instituto Intelecto \u2013 Niquel\u00e2ndia\/GO e d\u00e1 outras provid\u00eancias.<\/td><td style=\"color: #0000FF; background-color: #FFFFFF;text-decoration: underline;\"><a href=\"https:\/\/goias.gov.br\/cee\/wp-content\/uploads\/sites\/20\/2023\/10\/2020-58-cep-resolucao.pdf\" target=\"_blank\">ABRIR<\/a><\/td><td style=\"color: #000000; background-color: #FFFFFF;\"><\/td><\/tr><tr><td style=\"color: #666666; background-color: #FFFFFF;\">Resolu\u00e7\u00e3o<\/td><td style=\"color: #666666; background-color: #FFFFFF;\">C\u00e2mara de Educa\u00e7\u00e3o Profissional<\/td><td style=\"color: #666666; background-color: #FFFFFF;\">59\/2020<\/td><td style=\"color: #666666; background-color: #FFFFFF;\">04\/06\/2020<\/td><td style=\"color: #666666; background-color: #FFFFFF;\">Disp\u00f5e sobre a autoriza\u00e7\u00e3o do Curso T\u00e9cnico em Enfermagem do Centro Tecnol\u00f3gico Paula Pasquali \u2013 Rio Verde\/GO e d\u00e1 outras provid\u00eancias.\n<\/td><td style=\"color: #0000FF; background-color: #FFFFFF;text-decoration: underline;\"><a href=\"https:\/\/goias.gov.br\/cee\/wp-content\/uploads\/sites\/20\/2023\/10\/2020-59-cep-resolucao.pdf\" target=\"_blank\">ABRIR<\/a><\/td><td style=\"color: #000000; background-color: #FFFFFF;\"><\/td><\/tr><tr><td style=\"color: #666666; background-color: #FFFFFF;\">Resolu\u00e7\u00e3o<\/td><td style=\"color: #666666; background-color: #FFFFFF;\">C\u00e2mara de Educa\u00e7\u00e3o Profissional<\/td><td style=\"color: #666666; background-color: #FFFFFF;\">60\/2020<\/td><td style=\"color: #666666; background-color: #FFFFFF;\">18\/06\/2020<\/td><td style=\"color: #666666; background-color: #FFFFFF;\">Disp\u00f5e sobre o recredenciamento e renova\u00e7\u00e3o de autoriza\u00e7\u00e3o do Curso T\u00e9cnico em Enfermagem, do Centro de Educa\u00e7\u00e3o Profissional Genesis \u2013 Goi\u00e2nia\/GO e d\u00e1 outras provid\u00eancias.\n<\/td><td style=\"color: #0000FF; background-color: #FFFFFF;text-decoration: underline;\"><a href=\"https:\/\/goias.gov.br\/cee\/wp-content\/uploads\/sites\/20\/2023\/10\/2020-60-cep-resolucao.pdf\" target=\"_blank\">ABRIR<\/a><\/td><td style=\"color: #000000; background-color: #FFFFFF;\"><\/td><\/tr><tr><td style=\"color: #666666; background-color: #FFFFFF;\">Resolu\u00e7\u00e3o<\/td><td style=\"color: #666666; background-color: #FFFFFF;\">C\u00e2mara de Educa\u00e7\u00e3o Profissional<\/td><td style=\"color: #666666; background-color: #FFFFFF;\">61\/2020<\/td><td style=\"color: #666666; background-color: #FFFFFF;\">18\/06\/2020<\/td><td style=\"color: #666666; background-color: #FFFFFF;\">Disp\u00f5e sobre a renova\u00e7\u00e3o de autoriza\u00e7\u00e3o do Curso T\u00e9cnico em Radiologia, do Centro de Educa\u00e7\u00e3o Profissional Genesis \u2013 Goi\u00e2nia\/GO e d\u00e1 outras provid\u00eancias<\/td><td style=\"color: #0000FF; background-color: #FFFFFF;text-decoration: underline;\"><a href=\"https:\/\/goias.gov.br\/cee\/wp-content\/uploads\/sites\/20\/2023\/10\/2020-61-cep-resolucao.pdf\" target=\"_blank\">ABRIR<\/a><\/td><td style=\"color: #000000; background-color: #FFFFFF;\"><\/td><\/tr><tr><td style=\"color: #666666; background-color: #FFFFFF;\">Resolu\u00e7\u00e3o<\/td><td style=\"color: #666666; background-color: #FFFFFF;\">C\u00e2mara de Educa\u00e7\u00e3o Profissional<\/td><td style=\"color: #666666; background-color: #FFFFFF;\">62\/2020<\/td><td style=\"color: #666666; background-color: #FFFFFF;\">25\/06\/2020<\/td><td style=\"color: #666666; background-color: #FFFFFF;\">Disp\u00f5e sobre a aprova\u00e7\u00e3o de relat\u00f3rio de curso dos Cursos T\u00e9cnicos em Educa\u00e7\u00e3o Ambiental para Sustentabilidade, Fotografia, Estudos e Pesquisas em Dan\u00e7a Numa Perspectiva Contempor\u00e2nea, Dispositivos\nMidi\u00e1ticos na Educa\u00e7\u00e3o, Forma\u00e7\u00e3o de Professores de Linha de Frente, Estudo do Movimento da Dan\u00e7a, Edi\u00e7\u00e3o de V\u00eddeos, Orienta\u00e7\u00f5es B\u00e1sicas em Linha de Frente, Artes Integradas na Sala de Aula e Teatro sem Preconceitos do Centro de Estudo e Pesquisa Ciranda da Arte \u2013 Goi\u00e2nia\/GO e d\u00e1 outras provid\u00eancias<\/td><td style=\"color: #0000FF; background-color: #FFFFFF;text-decoration: underline;\"><a href=\"https:\/\/goias.gov.br\/cee\/wp-content\/uploads\/sites\/20\/2023\/10\/2020-62-cep-resolucao.pdf\" target=\"_blank\">ABRIR<\/a><\/td><td style=\"color: #000000; background-color: #FFFFFF;\"><\/td><\/tr><tr><td style=\"color: #666666; background-color: #FFFFFF;\">Resolu\u00e7\u00e3o<\/td><td style=\"color: #666666; background-color: #FFFFFF;\">C\u00e2mara de Educa\u00e7\u00e3o Profissional<\/td><td style=\"color: #666666; background-color: #FFFFFF;\">63\/2020<\/td><td style=\"color: #666666; background-color: #FFFFFF;\">02\/07\/2020<\/td><td style=\"color: #666666; background-color: #FFFFFF;\">Disp\u00f5e sobre o recredenciamento e a autoriza\u00e7\u00e3o do curso t\u00e9cnico em Artes Circenses do Instituto Tecnol\u00f3gico em Artes Basileu Fran\u00e7a, Goi\u00e2nia\/GO e d\u00e1 outras provid\u00eancias.\n<\/td><td style=\"color: #0000FF; background-color: #FFFFFF;text-decoration: underline;\"><a href=\"https:\/\/goias.gov.br\/cee\/wp-content\/uploads\/sites\/20\/2023\/10\/2020-63-cep-resolucao.pdf\" target=\"_blank\">ABRIR<\/a><\/td><td style=\"color: #000000; background-color: #FFFFFF;\"><\/td><\/tr><tr><td style=\"color: #666666; background-color: #FFFFFF;\">Resolu\u00e7\u00e3o<\/td><td style=\"color: #666666; background-color: #FFFFFF;\">C\u00e2mara de Educa\u00e7\u00e3o Profissional<\/td><td style=\"color: #666666; background-color: #FFFFFF;\">64\/2020<\/td><td style=\"color: #666666; background-color: #FFFFFF;\">02\/07\/2020<\/td><td style=\"color: #666666; background-color: #FFFFFF;\">Disp\u00f5e sobre a aprova\u00e7\u00e3o de relat\u00f3rio de curso dos Cursos T\u00e9cnicosem Conta\u00e7\u00e3o de Historias: Papel obrado, Palavras Coloridas;Estudo e Pesquisa em Pedagogia e Est\u00e9tica Teatral, T\u00e9cnicas Teatrais,Improvisa\u00e7\u00e3o eatral e Experimenta\u00e7\u00f5es Teatrais para Surdos eOuvintes, Pintura em Tela: Experimenta\u00e7\u00e3o no Cotidiano Escolar\ndo Centro de Estudo e Pesquisa Ciranda da Arte \u2013 Goi\u00e2nia\/GO e d\u00e1outras provid\u00eancias.\n<\/td><td style=\"color: #0000FF; background-color: #FFFFFF;text-decoration: underline;\"><a href=\"https:\/\/goias.gov.br\/cee\/wp-content\/uploads\/sites\/20\/2023\/10\/2020-64-cep-resolucao.pdf\" target=\"_blank\">ABRIR<\/a><\/td><td style=\"color: #000000; background-color: #FFFFFF;\"><\/td><\/tr><tr><td style=\"color: #666666; background-color: #FFFFFF;\">Resolu\u00e7\u00e3o<\/td><td style=\"color: #666666; background-color: #FFFFFF;\">C\u00e2mara de Educa\u00e7\u00e3o Profissional<\/td><td style=\"color: #666666; background-color: #FFFFFF;\">65\/2020<\/td><td style=\"color: #666666; background-color: #FFFFFF;\">09\/07\/2020<\/td><td style=\"color: #666666; background-color: #FFFFFF;\">Disp\u00f5e sobre o recredenciamento e a autoriza\u00e7\u00e3o do curso t\u00e9cnico em Sa\u00fade Bucal\/EAD da Sociedade Educacional \u00c1guas Lindas - SEAL,\u00c1guas Lindas de Goi\u00e1s\/GO e d\u00e1 outras provid\u00eancias.\n<\/td><td style=\"color: #0000FF; background-color: #FFFFFF;text-decoration: underline;\"><a href=\"https:\/\/goias.gov.br\/cee\/wp-content\/uploads\/sites\/20\/2023\/10\/2020-65-cep-resolucao.pdf\" target=\"_blank\">ABRIR<\/a><\/td><td style=\"color: #000000; background-color: #FFFFFF;\"><\/td><\/tr><tr><td style=\"color: #666666; background-color: #FFFFFF;\">Resolu\u00e7\u00e3o<\/td><td style=\"color: #666666; background-color: #FFFFFF;\">C\u00e2mara de Educa\u00e7\u00e3o Profissional<\/td><td style=\"color: #666666; background-color: #FFFFFF;\">66\/2020<\/td><td style=\"color: #666666; background-color: #FFFFFF;\">09\/07\/2020<\/td><td style=\"color: #666666; background-color: #FFFFFF;\">Disp\u00f5e sobre a mudan\u00e7a de denomina\u00e7\u00e3o e mantenedora, recredenciamento e a autoriza\u00e7\u00e3o dos cursos t\u00e9cnicos em Enfermagem e Transa\u00e7\u00f5es Imobili\u00e1rias da Faculdade Impacto de Porangatu, Porangatu\/GO e d\u00e1 outras provid\u00eancias.\n<\/td><td style=\"color: #0000FF; background-color: #FFFFFF;text-decoration: underline;\"><a href=\"https:\/\/goias.gov.br\/cee\/wp-content\/uploads\/sites\/20\/2023\/10\/2020-66-cep-resolucao.pdf\" target=\"_blank\">ABRIR<\/a><\/td><td style=\"color: #000000; background-color: #FFFFFF;\"><\/td><\/tr><tr><td style=\"color: #666666; background-color: #FFFFFF;\">Resolu\u00e7\u00e3o<\/td><td style=\"color: #666666; background-color: #FFFFFF;\">C\u00e2mara de Educa\u00e7\u00e3o Profissional<\/td><td style=\"color: #666666; background-color: #FFFFFF;\">67\/2020<\/td><td style=\"color: #666666; background-color: #FFFFFF;\">16\/07\/2020<\/td><td style=\"color: #666666; background-color: #FFFFFF;\">Disp\u00f5e sobre a mudan\u00e7a de endere\u00e7o, recredenciamento e renova\u00e7\u00e3o de autoriza\u00e7\u00e3o dos projetos de curso de forma\u00e7\u00e3o inicial e continuado: Fundamentos e Altas Habilidades\/Superdota\u00e7\u00e3o; Atendimento  Educacional Especializado em Altas Habilidades\/Superdota\u00e7\u00e3o - EAD do N\u00facleo de Atividades de Alta Habilidades\/Superdota\u00e7\u00e3o\/NAAHS,\nGoi\u00e2nia\/GO e d\u00e1 outras provid\u00eancias.<\/td><td style=\"color: #0000FF; background-color: #FFFFFF;text-decoration: underline;\"><a href=\"https:\/\/goias.gov.br\/cee\/wp-content\/uploads\/sites\/20\/2023\/10\/2020-67-cep-resolucao.pdf\" target=\"_blank\">ABRIR<\/a><\/td><td style=\"color: #000000; background-color: #FFFFFF;\"><\/td><\/tr><tr><td style=\"color: #666666; background-color: #FFFFFF;\">Resolu\u00e7\u00e3o<\/td><td style=\"color: #666666; background-color: #FFFFFF;\">C\u00e2mara de Educa\u00e7\u00e3o Profissional<\/td><td style=\"color: #666666; background-color: #FFFFFF;\">68\/2020<\/td><td style=\"color: #666666; background-color: #FFFFFF;\">23\/07\/2020<\/td><td style=\"color: #666666; background-color: #FFFFFF;\">Disp\u00f5e sobre a abertura de matricula para os cursos t\u00e9cnicos em Enfermagem, Radiologia e Sa\u00fade Bucal do Centro de Educa\u00e7\u00e3o Profissional Irm\u00e3 Dulce Goi\u00e2nia\/GO e d\u00e1 outras provid\u00eancias.\n<\/td><td style=\"color: #0000FF; background-color: #FFFFFF;text-decoration: underline;\"><a href=\"https:\/\/goias.gov.br\/cee\/wp-content\/uploads\/sites\/20\/2023\/10\/2020-68-cep-resolucao.pdf\" target=\"_blank\">ABRIR<\/a><\/td><td style=\"color: #000000; background-color: #FFFFFF;\"><\/td><\/tr><tr><td style=\"color: #666666; background-color: #FFFFFF;\">Resolu\u00e7\u00e3o<\/td><td style=\"color: #666666; background-color: #FFFFFF;\">C\u00e2mara de Educa\u00e7\u00e3o Profissional<\/td><td style=\"color: #666666; background-color: #FFFFFF;\">69\/2020<\/td><td style=\"color: #666666; background-color: #FFFFFF;\">23\/07\/2020<\/td><td style=\"color: #666666; background-color: #FFFFFF;\">Disp\u00f5e sobre a aprova\u00e7\u00e3o de relat\u00f3rio dos Cursos de forma\u00e7\u00e3o inicial e continuada em Rotinas Pedag\u00f3gicas, Ludoteca, Conta\u00e7\u00e3o de Hist\u00f3rias, Responsabilidade Social e Ambiental, Metodologias Ativas, L\u00edngua Portuguesa, Psicomotricidade: T\u00f3picos Essenciais, Tecnologia da Informa\u00e7\u00e3o do Instituto Consci\u00eancia \u2013 Goi\u00e2nia\/GO e d\u00e1 outras provid\u00eancias.<\/td><td style=\"color: #0000FF; background-color: #FFFFFF;text-decoration: underline;\"><a href=\"https:\/\/goias.gov.br\/cee\/wp-content\/uploads\/sites\/20\/2023\/10\/2020-69-cep-resolucao.pdf\" target=\"_blank\">ABRIR<\/a><\/td><td style=\"color: #000000; background-color: #FFFFFF;\"><\/td><\/tr><tr><td style=\"color: #666666; background-color: #FFFFFF;\">Resolu\u00e7\u00e3o<\/td><td style=\"color: #666666; background-color: #FFFFFF;\">C\u00e2mara de Educa\u00e7\u00e3o Profissional<\/td><td style=\"color: #666666; background-color: #FFFFFF;\">70\/2020<\/td><td style=\"color: #666666; background-color: #FFFFFF;\">13\/08\/2020<\/td><td style=\"color: #666666; background-color: #FFFFFF;\">Disp\u00f5e sobre a aprova\u00e7\u00e3o de relat\u00f3rio de curso dos Cursos T\u00e9cnicos em Fotografia: um click no cotidiano para a cria\u00e7\u00e3o de narrativas visuais e Pintura em Tela: experimenta\u00e7\u00e3o do cotidiano escolar do Centro de Estudo e Pesquisa Ciranda da Arte \u2013 Goi\u00e2nia\/GO e d\u00e1 outras provid\u00eancias.<\/td><td style=\"color: #0000FF; background-color: #FFFFFF;text-decoration: underline;\"><a href=\"https:\/\/goias.gov.br\/cee\/wp-content\/uploads\/sites\/20\/2023\/10\/2020-70-cep-resolucao.pdf\" target=\"_blank\">ABRIR<\/a><\/td><td style=\"color: #000000; background-color: #FFFFFF;\"><\/td><\/tr><tr><td style=\"color: #666666; background-color: #FFFFFF;\">Resolu\u00e7\u00e3o<\/td><td style=\"color: #666666; background-color: #FFFFFF;\">C\u00e2mara de Educa\u00e7\u00e3o Profissional<\/td><td style=\"color: #666666; background-color: #FFFFFF;\">71\/2020<\/td><td style=\"color: #666666; background-color: #FFFFFF;\">06\/082020<\/td><td style=\"color: #666666; background-color: #FFFFFF;\">Disp\u00f5e sobre o encerramento das atividades pedag\u00f3gicas referente aos cursos T\u00e9cnicos em Qu\u00edmica e Mec\u00e2nica e solicita ainda que a guarda do acervo escolar ficar\u00e1 sob a responsabilidade da Faculdade de\nQuirin\u00f3polis no Centro de Ci\u00eancias, Cultura e Tecnologia S\u00e3o Jose \u2013 Quirin\u00f3polis\/GO e d\u00e1 outras provid\u00eancias.\n<\/td><td style=\"color: #0000FF; background-color: #FFFFFF;text-decoration: underline;\"><a href=\"https:\/\/goias.gov.br\/cee\/wp-content\/uploads\/sites\/20\/2023\/10\/2020-71-cep-resolucao.pdf\" target=\"_blank\">ABRIR<\/a><\/td><td style=\"color: #000000; background-color: #FFFFFF;\"><\/td><\/tr><tr><td style=\"color: #666666; background-color: #FFFFFF;\">Resolu\u00e7\u00e3o<\/td><td style=\"color: #666666; background-color: #FFFFFF;\">C\u00e2mara de Educa\u00e7\u00e3o Profissional<\/td><td style=\"color: #666666; background-color: #FFFFFF;\">72\/2020<\/td><td style=\"color: #666666; background-color: #FFFFFF;\">06\/08\/2020<\/td><td style=\"color: #666666; background-color: #FFFFFF;\">Disp\u00f5e sobre a amplia\u00e7\u00e3o do numero de vagas, de 60 para 200 vagas anuais do curso T\u00e9cnico de Enfermagem do Instituto Florence: Educa\u00e7\u00e3o e Consultoria em Sa\u00fade \u2013 Trindade\/GO e d\u00e1 outras\nprovid\u00eancias.\n<\/td><td style=\"color: #0000FF; background-color: #FFFFFF;text-decoration: underline;\"><a href=\"https:\/\/goias.gov.br\/cee\/wp-content\/uploads\/sites\/20\/2023\/10\/2020-72-cep-resolucao.pdf\" target=\"_blank\">ABRIR<\/a><\/td><td style=\"color: #000000; background-color: #FFFFFF;\"><\/td><\/tr><tr><td style=\"color: #666666; background-color: #FFFFFF;\">Resolu\u00e7\u00e3o<\/td><td style=\"color: #666666; background-color: #FFFFFF;\">C\u00e2mara de Educa\u00e7\u00e3o Profissional<\/td><td style=\"color: #666666; background-color: #FFFFFF;\">73\/2020<\/td><td style=\"color: #666666; background-color: #FFFFFF;\">27\/08\/2020<\/td><td style=\"color: #666666; background-color: #FFFFFF;\">Disp\u00f5e sobre a autoriza\u00e7\u00e3o para os cursos: Experimenta\u00e7\u00f5es no cotidiano escolar; Flauta doce para sala de aula; Maquiagem e visagismo; Teatro e comunica\u00e7\u00e3o n\u00e3o-violenta; A palha\u00e7aria e o teatro da espontaneidade na sala de aula; Teatro do Oprimido; Mem\u00f3ria criativa e O componente arte e o documento curricular para Goi\u00e1s -ampliado: desafios e possibilidades do Centro de Estudo e Pesquisa Ciranda da Arte \u2013 Goi\u00e2nia\/GO e d\u00e1 outras provid\u00eancias.\n<\/td><td style=\"color: #0000FF; background-color: #FFFFFF;text-decoration: underline;\"><a href=\"https:\/\/siteshom.goias.gov.br\/cee\/wp-content\/uploads\/sites\/20\/2023\/10\/2020-73-cep-resolucao.pdf\" target=\"_blank\">ABRIR<\/a><\/td><td style=\"color: #000000; background-color: #FFFFFF;\"><\/td><\/tr><tr><td style=\"color: #666666; background-color: #FFFFFF;\">Resolu\u00e7\u00e3o<\/td><td style=\"color: #666666; background-color: #FFFFFF;\">C\u00e2mara de Educa\u00e7\u00e3o Profissional<\/td><td style=\"color: #666666; background-color: #FFFFFF;\">74\/2020<\/td><td style=\"color: #666666; background-color: #FFFFFF;\">27\/08\/2020<\/td><td style=\"color: #666666; background-color: #FFFFFF;\">Disp\u00f5e sobre a aprova\u00e7\u00e3o de relat\u00f3rio do curso Fundamentos em Altas Habilidades do NAAHS \u2013 N\u00facleo de Atividades de Altas Habilidades\/Superdota\u00e7\u00e3o \u2013 Goi\u00e2nia\/GO e d\u00e1 outras provid\u00eancias.\n<\/td><td style=\"color: #0000FF; background-color: #FFFFFF;text-decoration: underline;\"><a href=\"https:\/\/goias.gov.br\/cee\/wp-content\/uploads\/sites\/20\/2023\/10\/2020-74-cep-resolucao.pdf\" target=\"_blank\">ABRIR<\/a><\/td><td style=\"color: #000000; background-color: #FFFFFF;\"><\/td><\/tr><tr><td style=\"color: #666666; background-color: #FFFFFF;\">Resolu\u00e7\u00e3o<\/td><td style=\"color: #666666; background-color: #FFFFFF;\">C\u00e2mara de Educa\u00e7\u00e3o Profissional<\/td><td style=\"color: #666666; background-color: #FFFFFF;\">75\/2020<\/td><td style=\"color: #666666; background-color: #FFFFFF;\">27\/082020<\/td><td style=\"color: #666666; background-color: #FFFFFF;\">Disp\u00f5e sobre a excepcionaliza\u00e7\u00e3o de matr\u00edculas no curso T\u00e9cnico de Marketing, na modalidade presencial, analogicamente, ao deliberado para o Programa Nacional de Acesso ao Ensino T\u00e9cnico e Emprego \u2013 PRONATEC\/M\u00c9DIOTEC e a concess\u00e3o de um prazo de 90 (noventa) dias, para a instru\u00e7\u00e3o e protocolo do processo de autoriza\u00e7\u00e3o do citado curso no Instituto Tecnol\u00f3gico do Estado de Goi\u00e1s C\u00e9lio Monteiro Furtado \u2013 Uruana\/GO e d\u00e1 outras provid\u00eancias.\n<\/td><td style=\"color: #0000FF; background-color: #FFFFFF;text-decoration: underline;\"><a href=\"https:\/\/goias.gov.br\/cee\/wp-content\/uploads\/sites\/20\/2023\/10\/2020-75-cep-resolucao.pdf\" target=\"_blank\">ABRIR<\/a><\/td><td style=\"color: #000000; background-color: #FFFFFF;\"><\/td><\/tr><tr><td style=\"color: #666666; background-color: #FFFFFF;\">Resolu\u00e7\u00e3o<\/td><td style=\"color: #666666; background-color: #FFFFFF;\">C\u00e2mara de Educa\u00e7\u00e3o Profissional<\/td><td style=\"color: #666666; background-color: #FFFFFF;\">76\/2020<\/td><td style=\"color: #666666; background-color: #FFFFFF;\">03\/09\/2020<\/td><td style=\"color: #666666; background-color: #FFFFFF;\">Disp\u00f5e sobre a prorroga\u00e7\u00e3o de autoriza\u00e7\u00e3o dos cursos t\u00e9cnicos em Agropecu\u00e1ria e Enfermagem do Instituto Educacional Tiradentes \u2013 Niquel\u00e2ndia\/GO e d\u00e1 outras provid\u00eancias.\n<\/td><td style=\"color: #0000FF; background-color: #FFFFFF;text-decoration: underline;\"><a href=\"https:\/\/goias.gov.br\/cee\/wp-content\/uploads\/sites\/20\/2023\/10\/2020-76-cep-resolucao.pdf\" target=\"_blank\">ABRIR<\/a><\/td><td style=\"color: #000000; background-color: #FFFFFF;\"><\/td><\/tr><tr><td style=\"color: #666666; background-color: #FFFFFF;\">Resolu\u00e7\u00e3o<\/td><td style=\"color: #666666; background-color: #FFFFFF;\">C\u00e2mara de Educa\u00e7\u00e3o Profissional<\/td><td style=\"color: #666666; background-color: #FFFFFF;\">77\/2020<\/td><td style=\"color: #666666; background-color: #FFFFFF;\">03\/08\/2020<\/td><td style=\"color: #666666; background-color: #FFFFFF;\">Disp\u00f5e sobre a prorroga\u00e7\u00e3o de autoriza\u00e7\u00e3o do curso t\u00e9cnico em Radiologia do Instituto Ana Neri \u2013 Goi\u00e2nia\/GO e d\u00e1 outras provid\u00eancias.\n<\/td><td style=\"color: #0000FF; background-color: #FFFFFF;text-decoration: underline;\"><a href=\"https:\/\/goias.gov.br\/cee\/wp-content\/uploads\/sites\/20\/2023\/10\/2020-77-cep-resolucao.pdf\" target=\"_blank\">ABRIR<\/a><\/td><td style=\"color: #000000; background-color: #FFFFFF;\"><\/td><\/tr><tr><td style=\"color: #666666; background-color: #FFFFFF;\">Resolu\u00e7\u00e3o<\/td><td style=\"color: #666666; background-color: #FFFFFF;\">C\u00e2mara de Educa\u00e7\u00e3o Profissional<\/td><td style=\"color: #666666; background-color: #FFFFFF;\">78\/2020<\/td><td style=\"color: #666666; background-color: #FFFFFF;\">29\/07\/2021<\/td><td style=\"color: #666666; background-color: #FFFFFF;\">Disp\u00f5e sobre a retifica\u00e7\u00e3o da Resolu\u00e7\u00e3o CEE\/CEP N. 89 de 22 de outubro de 2020, referente ao credenciamento e autoriza\u00e7\u00e3o dos cursos de forma\u00e7\u00e3o inicial e continuada: Dire\u00e7\u00e3o Defensiva; Opera\u00e7\u00e3o e\nManuten\u00e7\u00e3o de Motosserra e Poda; Opera\u00e7\u00e3o de Guindaulto Hidr\u00e1ulico;instru\u00e7\u00e3o Formal para Empregados com Atividades n\u00e3o relacionadasdiretamente \u00e0s instala\u00e7\u00f5es; NR 10 \u2013 B\u00e1sico de Seguran\u00e7a em Instala\u00e7\u00f5es e\nServi\u00e7os com Eletricidade; NR 10 \u2013 Reciclagem; Trabalho em Altura NR 35 e Complementar \u2013 Seguran\u00e7a no Sistema El\u00e9trico de Potencia e suas proximidades do Crescer Treinamentos e Seguran\u00e7a do Trabalho \u2013\nGoi\u00e2nia\/GO e d\u00e1 outras provid\u00eancias.\n<\/td><td style=\"color: #0000FF; background-color: #FFFFFF;text-decoration: underline;\"><a href=\"https:\/\/goias.gov.br\/cee\/wp-content\/uploads\/sites\/20\/2023\/10\/2020-78-cep-resolucao.pdf\" target=\"_blank\">ABRIR<\/a><\/td><td style=\"color: #000000; background-color: #FFFFFF;\"><\/td><\/tr><tr><td style=\"color: #666666; background-color: #FFFFFF;\">Resolu\u00e7\u00e3o<\/td><td style=\"color: #666666; background-color: #FFFFFF;\">C\u00e2mara de Educa\u00e7\u00e3o Profissional<\/td><td style=\"color: #666666; background-color: #FFFFFF;\">79\/2020<\/td><td style=\"color: #666666; background-color: #FFFFFF;\">17\/09\/2020<\/td><td style=\"color: #666666; background-color: #FFFFFF;\">Disp\u00f5e sobre a aprova\u00e7\u00e3o de relat\u00f3rio do curso Atendimento Educacional Especializado em Altas Habilidades\/Superdota\u00e7\u00e3o - EaD do NAAHS \u2013 N\u00facleo de Atividades de Alta Habilidades\/Superdota\u00e7\u00e3o\n\u2013 Goi\u00e2nia\/GO e d\u00e1 outras provid\u00eancias.\n<\/td><td style=\"color: #0000FF; background-color: #FFFFFF;text-decoration: underline;\"><a href=\"https:\/\/goias.gov.br\/cee\/wp-content\/uploads\/sites\/20\/2023\/10\/2020-79-cep-resolucao.pdf\" target=\"_blank\">ABRIR<\/a><\/td><td style=\"color: #000000; background-color: #FFFFFF;\"><\/td><\/tr><tr><td style=\"color: #666666; background-color: #FFFFFF;\">Resolu\u00e7\u00e3o<\/td><td style=\"color: #666666; background-color: #FFFFFF;\">C\u00e2mara de Educa\u00e7\u00e3o Profissional<\/td><td style=\"color: #666666; background-color: #FFFFFF;\">80\/2020<\/td><td style=\"color: #666666; background-color: #FFFFFF;\">17\/09\/2020<\/td><td style=\"color: #666666; background-color: #FFFFFF;\">Disp\u00f5e sobre a autoriza\u00e7\u00e3o do curso T\u00e9cnico em Radiologia do Instituto\nGenoma \u2013 Aparecida de Goi\u00e2nia\/GO e d\u00e1 outras provid\u00eancias.\n<\/td><td style=\"color: #0000FF; background-color: #FFFFFF;text-decoration: underline;\"><a href=\"https:\/\/goias.gov.br\/cee\/wp-content\/uploads\/sites\/20\/2023\/10\/2020-80-cep-resolucao.pdf\" target=\"_blank\">ABRIR<\/a><\/td><td style=\"color: #000000; background-color: #FFFFFF;\"><\/td><\/tr><tr><td style=\"color: #666666; background-color: #FFFFFF;\">Resolu\u00e7\u00e3o<\/td><td style=\"color: #666666; background-color: #FFFFFF;\">C\u00e2mara de Educa\u00e7\u00e3o Profissional<\/td><td style=\"color: #666666; background-color: #FFFFFF;\">81\/2020<\/td><td style=\"color: #666666; background-color: #FFFFFF;\">24\/09\/2020<\/td><td style=\"color: #666666; background-color: #FFFFFF;\">Disp\u00f5e sobre a autoriza\u00e7\u00e3o do curso T\u00e9cnico em Enfermagem do SEAL \u2013 Sociedade Educacional \u00c1guas Lindas\u2013 \u00c1guas Lindas de Goi\u00e1s\/GO e d\u00e1 outras provid\u00eancias.\n<\/td><td style=\"color: #0000FF; background-color: #FFFFFF;text-decoration: underline;\"><a href=\"https:\/\/goias.gov.br\/cee\/wp-content\/uploads\/sites\/20\/2023\/10\/2020-81-cep-resolucao.pdf\" target=\"_blank\">ABRIR<\/a><\/td><td style=\"color: #000000; background-color: #FFFFFF;\"><\/td><\/tr><tr><td style=\"color: #666666; background-color: #FFFFFF;\">Resolu\u00e7\u00e3o<\/td><td style=\"color: #666666; background-color: #FFFFFF;\">C\u00e2mara de Educa\u00e7\u00e3o Profissional<\/td><td style=\"color: #666666; background-color: #FFFFFF;\">82\/2020<\/td><td style=\"color: #666666; background-color: #FFFFFF;\">27\/09\/2020<\/td><td style=\"color: #666666; background-color: #FFFFFF;\">Disp\u00f5e sobre a autoriza\u00e7\u00e3o do curso Capacita\u00e7\u00e3o para Professores: \u00c1rea Defici\u00eancia Visual do Centro de Apoio Pedag\u00f3gico para Atendimento \u00e0s Pessoas com Defici\u00eancia Visual \u2013 CAP \u2013 Goi\u00e2nia\/GO e\nd\u00e1 outras provid\u00eancias.\n<\/td><td style=\"color: #0000FF; background-color: #FFFFFF;text-decoration: underline;\"><a href=\"https:\/\/goias.gov.br\/cee\/wp-content\/uploads\/sites\/20\/2023\/10\/2020-82-cep-resolucao.pdf\" target=\"_blank\">ABRIR<\/a><\/td><td style=\"color: #000000; background-color: #FFFFFF;\"><\/td><\/tr><tr><td style=\"color: #666666; background-color: #FFFFFF;\">Resolu\u00e7\u00e3o<\/td><td style=\"color: #666666; background-color: #FFFFFF;\">C\u00e2mara de Educa\u00e7\u00e3o Profissional<\/td><td style=\"color: #666666; background-color: #FFFFFF;\">83\/2020<\/td><td style=\"color: #666666; background-color: #FFFFFF;\">24\/09\/2020<\/td><td style=\"color: #666666; background-color: #FFFFFF;\">Disp\u00f5e sobre a aprova\u00e7\u00e3o de relat\u00f3rio do curso Fundamentos em Altas Habilidades do NAAHS \u2013 N\u00facleo de Atividades de AltaHabilidades\/Superdota\u00e7\u00e3o \u2013 Goi\u00e2nia\/GO e d\u00e1 outras provid\u00eancias.\n<\/td><td style=\"color: #0000FF; background-color: #FFFFFF;text-decoration: underline;\"><a href=\"https:\/\/goias.gov.br\/cee\/wp-content\/uploads\/sites\/20\/2023\/10\/2020-83-cep-resolucao.pdf\" target=\"_blank\">ABRIR<\/a><\/td><td style=\"color: #000000; background-color: #FFFFFF;\"><\/td><\/tr><tr><td style=\"color: #666666; background-color: #FFFFFF;\">Resolu\u00e7\u00e3o<\/td><td style=\"color: #666666; background-color: #FFFFFF;\">C\u00e2mara de Educa\u00e7\u00e3o Profissional<\/td><td style=\"color: #666666; background-color: #FFFFFF;\">84\/2020<\/td><td style=\"color: #666666; background-color: #FFFFFF;\">01\/10\/2020<\/td><td style=\"color: #666666; background-color: #FFFFFF;\">Disp\u00f5e sobre a renova\u00e7\u00e3o de autoriza\u00e7\u00e3o do curso t\u00e9cnico de Pr\u00f3tese Dentaria do CEPEG \u2013 Cursos Profissionalizantes \u2013 Goi\u00e2nia\/GO e d\u00e1 outras provid\u00eancias.<\/td><td style=\"color: #0000FF; background-color: #FFFFFF;text-decoration: underline;\"><a href=\"https:\/\/goias.gov.br\/cee\/wp-content\/uploads\/sites\/20\/2023\/10\/2020-84-cep-resolucao.pdf\" target=\"_blank\">ABRIR<\/a><\/td><td style=\"color: #000000; background-color: #FFFFFF;\"><\/td><\/tr><tr><td style=\"color: #666666; background-color: #FFFFFF;\">Resolu\u00e7\u00e3o<\/td><td style=\"color: #666666; background-color: #FFFFFF;\">C\u00e2mara de Educa\u00e7\u00e3o Profissional<\/td><td style=\"color: #666666; background-color: #FFFFFF;\">85\/2020<\/td><td style=\"color: #666666; background-color: #FFFFFF;\">01\/10\/2020<\/td><td style=\"color: #666666; background-color: #FFFFFF;\">Disp\u00f5e sobre a aprova\u00e7\u00e3o de relat\u00f3rio dos cursos: Conta\u00e7\u00e3o de Historias; L\u00edngua Portuguesa; Ludoteca; Psicomotricidade; Rotinas Pedag\u00f3gicas e TICS \u2013 Tecnologias da Informa\u00e7\u00e3o e da Comunica\u00e7\u00e3o do Instituto Consci\u00eancia \u2013 Goi\u00e2nia\/GO e d\u00e1 outras provid\u00eancias.<\/td><td style=\"color: #0000FF; background-color: #FFFFFF;text-decoration: underline;\"><a href=\"https:\/\/goias.gov.br\/cee\/wp-content\/uploads\/sites\/20\/2023\/10\/2020-85-cep-resolucao.pdf\" target=\"_blank\">ABRIR<\/a><\/td><td style=\"color: #000000; background-color: #FFFFFF;\"><\/td><\/tr><tr><td style=\"color: #666666; background-color: #FFFFFF;\">Resolu\u00e7\u00e3o<\/td><td style=\"color: #666666; background-color: #FFFFFF;\">C\u00e2mara de Educa\u00e7\u00e3o Profissional<\/td><td style=\"color: #666666; background-color: #FFFFFF;\">86\/2020<\/td><td style=\"color: #666666; background-color: #FFFFFF;\">08\/10\/2020<\/td><td style=\"color: #666666; background-color: #FFFFFF;\">Disp\u00f5e sobre o credenciamento e autoriza\u00e7\u00e3o do curso t\u00e9cnico emFarm\u00e1cia do Grau T\u00e9cnico \u2013 Unidade Goi\u00e2nia - Centro \u2013 Goi\u00e2nia\/GO e d\u00e1 outras provid\u00eancias.\n<\/td><td style=\"color: #0000FF; background-color: #FFFFFF;text-decoration: underline;\"><a href=\"https:\/\/goias.gov.br\/cee\/wp-content\/uploads\/sites\/20\/2023\/10\/2020-86-cep-resolucao.pdf\" target=\"_blank\">ABRIR<\/a><\/td><td style=\"color: #000000; background-color: #FFFFFF;\"><\/td><\/tr><tr><td style=\"color: #666666; background-color: #FFFFFF;\">Resolu\u00e7\u00e3o<\/td><td style=\"color: #666666; background-color: #FFFFFF;\">C\u00e2mara de Educa\u00e7\u00e3o Profissional<\/td><td style=\"color: #666666; background-color: #FFFFFF;\">87\/2020<\/td><td style=\"color: #666666; background-color: #FFFFFF;\">08\/10 2020<\/td><td style=\"color: #666666; background-color: #FFFFFF;\">Disp\u00f5e sobre a autoriza\u00e7\u00e3o do curso t\u00e9cnico em Radiologia do Col\u00e9gio Grau T\u00e9cnico \u2013 Unidade Goi\u00e2nia Centro \u2013 Goi\u00e2nia\/GO e d\u00e1 outras provid\u00eancias.\n<\/td><td style=\"color: #0000FF; background-color: #FFFFFF;text-decoration: underline;\"><a href=\"https:\/\/goias.gov.br\/cee\/wp-content\/uploads\/sites\/20\/2023\/10\/2020-87-cep-resolucao.pdf\" target=\"_blank\">ABRIR<\/a><\/td><td style=\"color: #000000; background-color: #FFFFFF;\"><\/td><\/tr><tr><td style=\"color: #666666; background-color: #FFFFFF;\">Resolu\u00e7\u00e3o<\/td><td style=\"color: #666666; background-color: #FFFFFF;\">C\u00e2mara de Educa\u00e7\u00e3o Profissional<\/td><td style=\"color: #666666; background-color: #FFFFFF;\">88\/2020<\/td><td style=\"color: #666666; background-color: #FFFFFF;\">08\/10\/2020<\/td><td style=\"color: #666666; background-color: #FFFFFF;\">Disp\u00f5e sobre a renova\u00e7\u00e3o de autoriza\u00e7\u00e3o do curso t\u00e9cnico em Nutri\u00e7\u00e3o e Diet\u00e9tica do Centro de Educa\u00e7\u00e3o Profissional Zilma Carneiro da Silva \u2013 Goi\u00e2nia\/GO e d\u00e1 outras provid\u00eancias.\n<\/td><td style=\"color: #0000FF; background-color: #FFFFFF;text-decoration: underline;\"><a href=\"https:\/\/goias.gov.br\/cee\/wp-content\/uploads\/sites\/20\/2023\/10\/2020-88-cep-resolucao.pdf\" target=\"_blank\">ABRIR<\/a><\/td><td style=\"color: #000000; background-color: #FFFFFF;\"><\/td><\/tr><tr><td style=\"color: #666666; background-color: #FFFFFF;\">Resolu\u00e7\u00e3o<\/td><td style=\"color: #666666; background-color: #FFFFFF;\">C\u00e2mara de Educa\u00e7\u00e3o Profissional<\/td><td style=\"color: #666666; background-color: #FFFFFF;\">89\/2020<\/td><td style=\"color: #666666; background-color: #FFFFFF;\">22\/10\/2020<\/td><td style=\"color: #666666; background-color: #FFFFFF;\">Disp\u00f5e sobre o credenciamento e autoriza\u00e7\u00e3o dos cursos de forma\u00e7\u00e3o inicial e continuada: Dire\u00e7\u00e3o  efensiva; Opera\u00e7\u00e3o e Manuten\u00e7\u00e3o de Motosserra e Poda; Opera\u00e7\u00e3o de Guindaulto Hidr\u00e1ulico; instru\u00e7\u00e3o Formal para Empregados com Atividades n\u00e3o relacionadas diretamente \u00e0s instala\u00e7\u00f5es; NR 10 \u2013 B\u00e1sico de Seguran\u00e7a em Instala\u00e7\u00f5es e Servi\u00e7os com Eletricidade; NR 10 \u2013 Reciclagem; Trabalho em Altura NR 35 e Complementar \u2013 Seguran\u00e7a no Sistema El\u00e9trico de Potencia e suas proximidades do Crescer Treinamentos e Seguran\u00e7a do Trabalho \u2013 Goi\u00e2nia\/GO e d\u00e1 outras\nprovid\u00eancias.<\/td><td style=\"color: #0000FF; background-color: #FFFFFF;text-decoration: underline;\"><a href=\"https:\/\/goias.gov.br\/cee\/wp-content\/uploads\/sites\/20\/2023\/10\/2020-89-cep-resolucao.pdf\" target=\"_blank\">ABRIR,<\/a><\/td><td style=\"color: #000000; background-color: #FFFFFF;\"><\/td><\/tr><tr><td style=\"color: #666666; background-color: #FFFFFF;\">Resolu\u00e7\u00e3o<\/td><td style=\"color: #666666; background-color: #FFFFFF;\">C\u00e2mara de Educa\u00e7\u00e3o Profissional<\/td><td style=\"color: #666666; background-color: #FFFFFF;\">90\/2020<\/td><td style=\"color: #666666; background-color: #FFFFFF;\">22\/10\/2020<\/td><td style=\"color: #666666; background-color: #FFFFFF;\">Disp\u00f5e sobre a autoriza\u00e7\u00e3o do curso t\u00e9cnico em Seguran\u00e7a do Trabalho do CEPEG \u2013 Cursos Profissionalizantes \u2013 Goi\u00e2nia\/GO e d\u00e1 outras provid\u00eancias<\/td><td style=\"color: #0000FF; background-color: #FFFFFF;text-decoration: underline;\"><a href=\"https:\/\/goias.gov.br\/cee\/wp-content\/uploads\/sites\/20\/2023\/10\/2020-90-cep-resolucao.pdf\" target=\"_blank\">ABRIR<\/a><\/td><td style=\"color: #000000; background-color: #FFFFFF;\"><\/td><\/tr><tr><td style=\"color: #666666; background-color: #FFFFFF;\">Resolu\u00e7\u00e3o<\/td><td style=\"color: #666666; background-color: #FFFFFF;\">C\u00e2mara de Educa\u00e7\u00e3o Profissional<\/td><td style=\"color: #666666; background-color: #FFFFFF;\">91\/2020<\/td><td style=\"color: #666666; background-color: #FFFFFF;\">22\/10\/2020<\/td><td style=\"color: #666666; background-color: #FFFFFF;\">Disp\u00f5e sobre o recredenciamento e a renova\u00e7\u00e3o de autoriza\u00e7\u00e3o do curso t\u00e9cnico em Transa\u00e7\u00f5es Imobili\u00e1rias da NovaescolaBrasil \u2013 Goi\u00e2nia\/GO e d\u00e1 outras provid\u00eancias.<\/td><td style=\"color: #0000FF; background-color: #FFFFFF;text-decoration: underline;\"><a href=\"https:\/\/goias.gov.br\/cee\/wp-content\/uploads\/sites\/20\/2023\/10\/2020-91-cep-resolucao.pdf\" target=\"_blank\">ABRIR<\/a><\/td><td style=\"color: #000000; background-color: #FFFFFF;\"><\/td><\/tr><tr><td style=\"color: #666666; background-color: #FFFFFF;\">Resolu\u00e7\u00e3o<\/td><td style=\"color: #666666; background-color: #FFFFFF;\">C\u00e2mara de Educa\u00e7\u00e3o Profissional<\/td><td style=\"color: #666666; background-color: #FFFFFF;\">92\/2020<\/td><td style=\"color: #666666; background-color: #FFFFFF;\">22\/10\/2020<\/td><td style=\"color: #666666; background-color: #FFFFFF;\">Disp\u00f5e sobre a amplia\u00e7\u00e3o do numero de vagas do curso t\u00e9cnico em Enfermagem do Instituto Florence: Educa\u00e7\u00e3o e Consultoria em Sa\u00fade\n\u2013 Trindade\/GO e d\u00e1 outras provid\u00eancias.\n<\/td><td style=\"color: #0000FF; background-color: #FFFFFF;text-decoration: underline;\"><a href=\"https:\/\/goias.gov.br\/cee\/wp-content\/uploads\/sites\/20\/2023\/10\/2020-92-cep-resolucao.pdf\" target=\"_blank\">ABRIR<\/a><\/td><td style=\"color: #000000; background-color: #FFFFFF;\"><\/td><\/tr><tr><td style=\"color: #666666; background-color: #FFFFFF;\">Resolu\u00e7\u00e3o<\/td><td style=\"color: #666666; background-color: #FFFFFF;\">C\u00e2mara de Educa\u00e7\u00e3o Profissional<\/td><td style=\"color: #666666; background-color: #FFFFFF;\">93\/2020<\/td><td style=\"color: #666666; background-color: #FFFFFF;\">29\/10\/2020<\/td><td style=\"color: #666666; background-color: #FFFFFF;\">Disp\u00f5e sobre o recredenciamento e a renova\u00e7\u00e3o de autoriza\u00e7\u00e3o do curso t\u00e9cnico em Eletromec\u00e2nica do Col\u00e9gio Montes Belos \u2013 S\u00e3o Lu\u00eds de Montes Belos\/GO e d\u00e1 outras provid\u00eancias.<\/td><td style=\"color: #0000FF; background-color: #FFFFFF;text-decoration: underline;\"><a href=\"https:\/\/goias.gov.br\/cee\/wp-content\/uploads\/sites\/20\/2023\/10\/2020-93-cep-resolucao.pdf\" target=\"_blank\">ABRIR<\/a><\/td><td style=\"color: #000000; background-color: #FFFFFF;\"><\/td><\/tr><tr><td style=\"color: #666666; background-color: #FFFFFF;\">Resolu\u00e7\u00e3o<\/td><td style=\"color: #666666; background-color: #FFFFFF;\">C\u00e2mara de Educa\u00e7\u00e3o Profissional<\/td><td style=\"color: #666666; background-color: #FFFFFF;\">94\/2020<\/td><td style=\"color: #666666; background-color: #FFFFFF;\">29\/10\/2020<\/td><td style=\"color: #666666; background-color: #FFFFFF;\">Disp\u00f5e sobre a renova\u00e7\u00e3o de autoriza\u00e7\u00e3o do curso t\u00e9cnico em Enfermagem do Col\u00e9gio Montes Belos \u2013 S\u00e3o Lu\u00eds de Montes Belos\/GO e d\u00e1 outras provid\u00eancias.\n<\/td><td style=\"color: #0000FF; background-color: #FFFFFF;text-decoration: underline;\"><a href=\"https:\/\/goias.gov.br\/cee\/wp-content\/uploads\/sites\/20\/2023\/10\/2020-94-cep-resolucao.pdf\" target=\"_blank\">ABRIR<\/a><\/td><td style=\"color: #000000; background-color: #FFFFFF;\"><\/td><\/tr><tr><td style=\"color: #666666; background-color: #FFFFFF;\">Resolu\u00e7\u00e3o<\/td><td style=\"color: #666666; background-color: #FFFFFF;\">C\u00e2mara de Educa\u00e7\u00e3o Profissional<\/td><td style=\"color: #666666; background-color: #FFFFFF;\">95\/2020<\/td><td style=\"color: #666666; background-color: #FFFFFF;\">29\/10\/2020<\/td><td style=\"color: #666666; background-color: #FFFFFF;\">Disp\u00f5e sobre a renova\u00e7\u00e3o de autoriza\u00e7\u00e3o do curso t\u00e9cnico em Est\u00e9tica do Col\u00e9gio Montes Belos \u2013 S\u00e3o Lu\u00eds de Montes Belos\/GO e d\u00e1 outras provid\u00eancias.<\/td><td style=\"color: #0000FF; background-color: #FFFFFF;text-decoration: underline;\"><a href=\"https:\/\/goias.gov.br\/cee\/wp-content\/uploads\/sites\/20\/2023\/10\/2020-95-cep-resolucao.pdf\" target=\"_blank\">ABRIR<\/a><\/td><td style=\"color: #000000; background-color: #FFFFFF;\"><\/td><\/tr><tr><td style=\"color: #666666; background-color: #FFFFFF;\">Resolu\u00e7\u00e3o<\/td><td style=\"color: #666666; background-color: #FFFFFF;\">C\u00e2mara de Educa\u00e7\u00e3o Profissional<\/td><td style=\"color: #666666; background-color: #FFFFFF;\">96\/2020<\/td><td style=\"color: #666666; background-color: #FFFFFF;\">29\/10\/2020<\/td><td style=\"color: #666666; background-color: #FFFFFF;\">Disp\u00f5e sobre a certifica\u00e7\u00e3o dos cursistas dos cursos: Flauta Doce para Sala de Aula, Maquiagem e Visagismo, Teatro do Oprimido e Palha\u00e7aria\/Palha\u00e7o: Ser ou N\u00e3o Ser? do Centro de Estudo e Pesquisa Ciranda da Arte \u2013 Goi\u00e2nia\/GO e d\u00e1 outras provid\u00eancias.\n<\/td><td style=\"color: #0000FF; background-color: #FFFFFF;text-decoration: underline;\"><a href=\"https:\/\/goias.gov.br\/cee\/wp-content\/uploads\/sites\/20\/2023\/10\/2020-96-cep-resolucao.pdf\" target=\"_blank\">ABRIR<\/a><\/td><td style=\"color: #000000; background-color: #FFFFFF;\"><\/td><\/tr><tr><td style=\"color: #666666; background-color: #FFFFFF;\">Resolu\u00e7\u00e3o<\/td><td style=\"color: #666666; background-color: #FFFFFF;\">C\u00e2mara de Educa\u00e7\u00e3o Profissional<\/td><td style=\"color: #666666; background-color: #FFFFFF;\">97\/2020<\/td><td style=\"color: #666666; background-color: #FFFFFF;\">05\/11\/2020<\/td><td style=\"color: #666666; background-color: #FFFFFF;\">Disp\u00f5e sobre a aprova\u00e7\u00e3o de relat\u00f3rio do curso \u201cFundamentos da Administra\u00e7\u00e3o Estrat\u00e9gica\u201d do Instituto Consci\u00eancia, Goi\u00e2nia\/GO e d\u00e1 outras provid\u00eancias. A C\u00c2MARA DE EDUCA\u00c7\u00c3O PROFISSION<\/td><td style=\"color: #0000FF; background-color: #FFFFFF;text-decoration: underline;\"><a href=\"https:\/\/goias.gov.br\/cee\/wp-content\/uploads\/sites\/20\/2023\/10\/2020-97-cep-resolucao.pdf\" target=\"_blank\">ABRIR<\/a><\/td><td style=\"color: #000000; background-color: #FFFFFF;\"><\/td><\/tr><tr><td style=\"color: #666666; background-color: #FFFFFF;\">Resolu\u00e7\u00e3o<\/td><td style=\"color: #666666; background-color: #FFFFFF;\">C\u00e2mara de Educa\u00e7\u00e3o Profissional<\/td><td style=\"color: #666666; background-color: #FFFFFF;\">98\/2020<\/td><td style=\"color: #666666; background-color: #FFFFFF;\">05\/11\/2020<\/td><td style=\"color: #666666; background-color: #FFFFFF;\">Disp\u00f5e sobre a certifica\u00e7\u00e3o dos cursistas do curso: Metodologias Ativas do Instituto Consci\u00eancia \u2013 Goi\u00e2nia\/GO e d\u00e1 outras provid\u00eancias.<\/td><td style=\"color: #0000FF; background-color: #FFFFFF;text-decoration: underline;\"><a href=\"https:\/\/goias.gov.br\/cee\/wp-content\/uploads\/sites\/20\/2023\/10\/2020-98-cep-resolucao.pdf\" target=\"_blank\">ABRIR<\/a><\/td><td style=\"color: #000000; background-color: #FFFFFF;\"><\/td><\/tr><tr><td style=\"color: #666666; background-color: #FFFFFF;\">Resolu\u00e7\u00e3o<\/td><td style=\"color: #666666; background-color: #FFFFFF;\">C\u00e2mara de Educa\u00e7\u00e3o Profissional<\/td><td style=\"color: #666666; background-color: #FFFFFF;\">99\/2020<\/td><td style=\"color: #666666; background-color: #FFFFFF;\">05\/11\/2020<\/td><td style=\"color: #666666; background-color: #FFFFFF;\">Disp\u00f5e sobre o recredenciamento e autoriza\u00e7\u00e3o de renova\u00e7\u00e3o do curso t\u00e9cnico em Radiologia do Instituto de Educa\u00e7\u00e3o Profissional \u2013 \u00c1guas Lindas de Goi\u00e1s\/GO e d\u00e1 outras provid\u00eancias.<\/td><td style=\"color: #0000FF; background-color: #FFFFFF;text-decoration: underline;\"><a href=\"https:\/\/goias.gov.br\/cee\/wp-content\/uploads\/sites\/20\/2023\/10\/2020-99-cep-resolucao.pdf\" target=\"_blank\">ABRIR<\/a><\/td><td style=\"color: #000000; background-color: #FFFFFF;\"><\/td><\/tr><tr><td style=\"color: #666666; background-color: #FFFFFF;\">Resolu\u00e7\u00e3o<\/td><td style=\"color: #666666; background-color: #FFFFFF;\">C\u00e2mara de Educa\u00e7\u00e3o Profissional<\/td><td style=\"color: #666666; background-color: #FFFFFF;\">100\/2020<\/td><td style=\"color: #666666; background-color: #FFFFFF;\">12\/11\/2020<\/td><td style=\"color: #666666; background-color: #FFFFFF;\">Disp\u00f5e sobre a autoriza\u00e7\u00e3o do curso t\u00e9cnico em Enfermagem do Grau T\u00e9cnico \u2013 Unidade Centro Goi\u00e2nia \u2013 Goi\u00e2nia\/GO e d\u00e1 outras provid\u00eancias.\n<\/td><td style=\"color: #0000FF; background-color: #FFFFFF;text-decoration: underline;\"><a href=\"https:\/\/goias.gov.br\/cee\/wp-content\/uploads\/sites\/20\/2023\/10\/2020-100-cep-resolucao.pdf\" target=\"_blank\">ABRIR<\/a><\/td><td style=\"color: #000000; background-color: #FFFFFF;\"><\/td><\/tr><tr><td style=\"color: #666666; background-color: #FFFFFF;\">Resolu\u00e7\u00e3o<\/td><td style=\"color: #666666; background-color: #FFFFFF;\">C\u00e2mara de Educa\u00e7\u00e3o Profissional<\/td><td style=\"color: #666666; background-color: #FFFFFF;\">101\/2020<\/td><td style=\"color: #666666; background-color: #FFFFFF;\">12\/11\/2020<\/td><td style=\"color: #666666; background-color: #FFFFFF;\">Disp\u00f5e sobre a renova\u00e7\u00e3o de autoriza\u00e7\u00e3o das atividades: Atendimento ao educando hospitalizado, em tratamento e\/ou em convales\u00e7a e acompanhantes; Atendimento pedag\u00f3gico domiciliares em Casas de Apoio, Cl\u00ednicas de Reabilita\u00e7\u00e3o de Depend\u00eancia Qu\u00edmica devidamente regulamentadas e nos domic\u00edlios dos educandos; Promover adapta\u00e7\u00e3o\/flexibiliza\u00e7\u00e3o dos conte\u00fados do Curr\u00edculo Refer\u00eancia do Estado de Goi\u00e1s, de acordo com a necessidade do aluno; Dar continuidade ao processo de desenvolvimento e ao processo de aprendizagem de alunos matriculados em escola de educa\u00e7\u00e3o b\u00e1sica, visando ao seu retorno e reintegra\u00e7\u00e3o ao grupo escolar; Planejar e acompanhar as atividades atendendo as necessidades dos educandos; Oferecer subs\u00eddios t\u00e9cnicos, pedag\u00f3gicos e forma\u00e7\u00e3o continuada aos professores envolvidos nas institui\u00e7\u00f5es hospitalares, casas de apoio ou domic\u00edlios; Promover e garantir o acompanhamento da sa\u00fade emocional de educador e de toda equipe t\u00e9cnica administrativa do N\u00facleo de Atendimento Educacional Hospitalar \u2013 Goi\u00e2nia\/GO e d\u00e1 outras provid\u00eancias.<\/td><td style=\"color: #0000FF; background-color: #FFFFFF;text-decoration: underline;\"><a href=\"https:\/\/goias.gov.br\/cee\/wp-content\/uploads\/sites\/20\/2023\/10\/2020-101-cep-resolucao.pdf\" target=\"_blank\">ABRIR<\/a><\/td><td style=\"color: #000000; background-color: #FFFFFF;\"><\/td><\/tr><tr><td style=\"color: #666666; background-color: #FFFFFF;\">Resolu\u00e7\u00e3o<\/td><td style=\"color: #666666; background-color: #FFFFFF;\">C\u00e2mara de Educa\u00e7\u00e3o Profissional<\/td><td style=\"color: #666666; background-color: #FFFFFF;\">102\/2020<\/td><td style=\"color: #666666; background-color: #FFFFFF;\">12\/11\/2020<\/td><td style=\"color: #666666; background-color: #FFFFFF;\">Disp\u00f5e sobre a renova\u00e7\u00e3o de autoriza\u00e7\u00e3o do curso t\u00e9cnico em Enfermagem do Instituto De Educa\u00e7\u00e3o Profissional \u2013 \u00c1guas Lindas de Goi\u00e1s\/GO e d\u00e1 outras provid\u00eancias.\n<\/td><td style=\"color: #0000FF; background-color: #FFFFFF;text-decoration: underline;\"><a href=\"https:\/\/goias.gov.br\/cee\/wp-content\/uploads\/sites\/20\/2023\/10\/2020-102-cep-resolucao.pdf\" target=\"_blank\">ABRIR<\/a><\/td><td style=\"color: #000000; background-color: #FFFFFF;\"><\/td><\/tr><tr><td style=\"color: #666666; background-color: #FFFFFF;\">Resolu\u00e7\u00e3o<\/td><td style=\"color: #666666; background-color: #FFFFFF;\">C\u00e2mara de Educa\u00e7\u00e3o Profissional<\/td><td style=\"color: #666666; background-color: #FFFFFF;\">103\/2020<\/td><td style=\"color: #666666; background-color: #FFFFFF;\">19\/11\/2020<\/td><td style=\"color: #666666; background-color: #FFFFFF;\">Disp\u00f5e sobre o recredenciamento e a renova\u00e7\u00e3o da autoriza\u00e7\u00e3o docurso T\u00e9cnico em Enfermagem da Escola de Educa\u00e7\u00e3o ProfissionalIrm\u00e3 Dulce, Goi\u00e2nia\/GO e d\u00e1 outras provid\u00eancias.\n<\/td><td style=\"color: #0000FF; background-color: #FFFFFF;text-decoration: underline;\"><a href=\"https:\/\/goias.gov.br\/cee\/wp-content\/uploads\/sites\/20\/2023\/10\/2020-103-cep-resolucao.pdf\" target=\"_blank\">ABRIR<\/a><\/td><td style=\"color: #000000; background-color: #FFFFFF;\"><\/td><\/tr><tr><td style=\"color: #666666; background-color: #FFFFFF;\">Resolu\u00e7\u00e3o<\/td><td style=\"color: #666666; background-color: #FFFFFF;\">C\u00e2mara de Educa\u00e7\u00e3o Profissional<\/td><td style=\"color: #666666; background-color: #FFFFFF;\">104\/2020<\/td><td style=\"color: #666666; background-color: #FFFFFF;\">19\/11\/2020<\/td><td style=\"color: #666666; background-color: #FFFFFF;\">Disp\u00f5e sobre a renova\u00e7\u00e3o da autoriza\u00e7\u00e3o do Curso T\u00e9cnico em Radiologia da Escola de Educa\u00e7\u00e3o Profissional Irm\u00e3 Dulce, de Goi\u00e2nia\/GO e d\u00e1 outras provid\u00eancias.<\/td><td style=\"color: #0000FF; background-color: #FFFFFF;text-decoration: underline;\"><a href=\"https:\/\/goias.gov.br\/cee\/wp-content\/uploads\/sites\/20\/2023\/10\/2020-104-cep-resolucao.pdf\" target=\"_blank\">ABRIR<\/a><\/td><td style=\"color: #000000; background-color: #FFFFFF;\"><\/td><\/tr><tr><td style=\"color: #666666; background-color: #FFFFFF;\">Resolu\u00e7\u00e3o<\/td><td style=\"color: #666666; background-color: #FFFFFF;\">C\u00e2mara de Educa\u00e7\u00e3o Profissional<\/td><td style=\"color: #666666; background-color: #FFFFFF;\">105\/2020<\/td><td style=\"color: #666666; background-color: #FFFFFF;\">19\/11\/2020<\/td><td style=\"color: #666666; background-color: #FFFFFF;\">Disp\u00f5e sobre a renova\u00e7\u00e3o da autoriza\u00e7\u00e3o do Curso T\u00e9cnico em Sa\u00fade Bucal da Escola de Educa\u00e7\u00e3o Profissional Irm\u00e3 Dulce, Goi\u00e2nia\/GO e d\u00e1 outras provid\u00eancias.\n<\/td><td style=\"color: #0000FF; background-color: #FFFFFF;text-decoration: underline;\"><a href=\"https:\/\/goias.gov.br\/cee\/wp-content\/uploads\/sites\/20\/2023\/10\/2020-105-cep-resolucao.pdf\" target=\"_blank\">ABRIR<\/a><\/td><td style=\"color: #000000; background-color: #FFFFFF;\"><\/td><\/tr><tr><td style=\"color: #666666; background-color: #FFFFFF;\">Resolu\u00e7\u00e3o<\/td><td style=\"color: #666666; background-color: #FFFFFF;\">C\u00e2mara de Educa\u00e7\u00e3o Profissional<\/td><td style=\"color: #666666; background-color: #FFFFFF;\">106\/2020<\/td><td style=\"color: #666666; background-color: #FFFFFF;\">19\/11\/2020<\/td><td style=\"color: #666666; background-color: #FFFFFF;\">Disp\u00f5e sobre a renova\u00e7\u00e3o de autoriza\u00e7\u00e3o do curso T\u00e9cnico em Qu\u00edmica do Col\u00e9gio Estadual Polivalente Frei Jo\u00e3o Batista,An\u00e1polis\/GO e d\u00e1 outras provid\u00eancias.\n<\/td><td style=\"color: #0000FF; background-color: #FFFFFF;text-decoration: underline;\"><a href=\"https:\/\/goias.gov.br\/cee\/wp-content\/uploads\/sites\/20\/2023\/10\/2020-106-cep-resolucao.pdf\" target=\"_blank\">ABRIR<\/a><\/td><td style=\"color: #000000; background-color: #FFFFFF;\"><\/td><\/tr><tr><td style=\"color: #666666; background-color: #FFFFFF;\">Resolu\u00e7\u00e3o<\/td><td style=\"color: #666666; background-color: #FFFFFF;\">C\u00e2mara de Educa\u00e7\u00e3o Profissional<\/td><td style=\"color: #666666; background-color: #FFFFFF;\">107\/2020<\/td><td style=\"color: #666666; background-color: #FFFFFF;\">19\/11\/2020<\/td><td style=\"color: #666666; background-color: #FFFFFF;\">Disp\u00f5e sobre a renova\u00e7\u00e3o de autoriza\u00e7\u00e3o do curso T\u00e9cnico em Inform\u00e1tica do Col\u00e9gio Estadual Vasco dos Reis Gon\u00e7alves,de Luzi\u00e2nia\/GO e d\u00e1 outras provid\u00eancias.<\/td><td style=\"color: #0000FF; background-color: #FFFFFF;text-decoration: underline;\"><a href=\"https:\/\/goias.gov.br\/cee\/wp-content\/uploads\/sites\/20\/2023\/10\/2020-107-cep-resolucao.pdf\" target=\"_blank\">ABRIR<\/a><\/td><td style=\"color: #000000; background-color: #FFFFFF;\"><\/td><\/tr><tr><td style=\"color: #666666; background-color: #FFFFFF;\">Resolu\u00e7\u00e3o<\/td><td style=\"color: #666666; background-color: #FFFFFF;\">C\u00e2mara de Educa\u00e7\u00e3o Profissional<\/td><td style=\"color: #666666; background-color: #FFFFFF;\">108\/2020<\/td><td style=\"color: #666666; background-color: #FFFFFF;\">26\/11\/2020<\/td><td style=\"color: #666666; background-color: #FFFFFF;\">Disp\u00f5e sobre o credenciamento e a autoriza\u00e7\u00e3o do curso T\u00e9cnico em An\u00e1lises Cl\u00ednicas do Padr\u00e3o C-Teste - Centro T\u00e9cnico de Ensino\nSa\u00fade, de Rio Verde\/GO e d\u00e1 outras provid\u00eancias.<\/td><td style=\"color: #0000FF; background-color: #FFFFFF;text-decoration: underline;\"><a href=\"https:\/\/goias.gov.br\/cee\/wp-content\/uploads\/sites\/20\/2023\/10\/2020-108-cep-resolucao.pdf\" target=\"_blank\">ABRIR<\/a><\/td><td style=\"color: #000000; background-color: #FFFFFF;\"><\/td><\/tr><tr><td style=\"color: #666666; background-color: #FFFFFF;\">Resolu\u00e7\u00e3o<\/td><td style=\"color: #666666; background-color: #FFFFFF;\">C\u00e2mara de Educa\u00e7\u00e3o Profissional<\/td><td style=\"color: #666666; background-color: #FFFFFF;\">109\/2020<\/td><td style=\"color: #666666; background-color: #FFFFFF;\">26\/11\/2020<\/td><td style=\"color: #666666; background-color: #FFFFFF;\">Disp\u00f5e sobre a autoriza\u00e7\u00e3o do Curso T\u00e9cnico de Enfermagem, do Padr\u00e3o C- Teste - Centro T\u00e9cnico de Ensino Sa\u00fade de Rio Verde\/GO, ed\u00e1 outras provid\u00eancias.\n<\/td><td style=\"color: #0000FF; background-color: #FFFFFF;text-decoration: underline;\"><a href=\"https:\/\/goias.gov.br\/cee\/wp-content\/uploads\/sites\/20\/2023\/10\/2020-109-cep-resolucao.pdf\" target=\"_blank\">ABRIR<\/a><\/td><td style=\"color: #000000; background-color: #FFFFFF;\"><\/td><\/tr><tr><td style=\"color: #666666; background-color: #FFFFFF;\">Resolu\u00e7\u00e3o<\/td><td style=\"color: #666666; background-color: #FFFFFF;\">C\u00e2mara de Educa\u00e7\u00e3o Profissional<\/td><td style=\"color: #666666; background-color: #FFFFFF;\">110\/2020<\/td><td style=\"color: #666666; background-color: #FFFFFF;\">26\/11\/2020<\/td><td style=\"color: #666666; background-color: #FFFFFF;\">Disp\u00f5e sobre a aprova\u00e7\u00e3o de relat\u00f3rio do curso \"Libras Como Primeira L\u00edngua (L1) Para Surdos Jovens e Adultos M\u00f3dulos I e II\u201d do Centro de Capacita\u00e7\u00e3o de Profissionais da Educa\u00e7\u00e3o e de Atendimento \u00e0s Pessoas com Surdez\/CAS, Goi\u00e2nia\/GO e d\u00e1 outras provid\u00eancias.\n<\/td><td style=\"color: #0000FF; background-color: #FFFFFF;text-decoration: underline;\"><a href=\"https:\/\/goias.gov.br\/cee\/wp-content\/uploads\/sites\/20\/2023\/10\/2020-110-cep-resolucao.pdf\" target=\"_blank\">ABRIR<\/a><\/td><td style=\"color: #000000; background-color: #FFFFFF;\"><\/td><\/tr><tr><td style=\"color: #666666; background-color: #FFFFFF;\">Resolu\u00e7\u00e3o<\/td><td style=\"color: #666666; background-color: #FFFFFF;\">C\u00e2mara de Educa\u00e7\u00e3o Profissional<\/td><td style=\"color: #666666; background-color: #FFFFFF;\">111\/2020<\/td><td style=\"color: #666666; background-color: #FFFFFF;\">26\/11\/2020<\/td><td style=\"color: #666666; background-color: #FFFFFF;\">Disp\u00f5e sobre a aprova\u00e7\u00e3o de relat\u00f3rio do curso \u201c Portugu\u00eas Escrito Como Segunda L\u00edngua Para Surdos - M\u00f3dulo I e II\u201d do Centro de Capacita\u00e7\u00e3o de Profissionais da Educa\u00e7\u00e3o e de Atendimento \u00e0s Pessoas com Surdez\/CAS, Goi\u00e2nia\/GO e d\u00e1 outras provid\u00eancias.<\/td><td style=\"color: #0000FF; background-color: #FFFFFF;text-decoration: underline;\"><a href=\"https:\/\/goias.gov.br\/cee\/wp-content\/uploads\/sites\/20\/2023\/10\/2020-111-cep-resolucao.pdf\" target=\"_blank\">ABRIR<\/a><\/td><td style=\"color: #000000; background-color: #FFFFFF;\"><\/td><\/tr><tr><td style=\"color: #666666; background-color: #FFFFFF;\">Resolu\u00e7\u00e3o<\/td><td style=\"color: #666666; background-color: #FFFFFF;\">C\u00e2mara de Educa\u00e7\u00e3o Profissional<\/td><td style=\"color: #666666; background-color: #FFFFFF;\">112\/2020<\/td><td style=\"color: #666666; background-color: #FFFFFF;\">03\/12\/2020<\/td><td style=\"color: #666666; background-color: #FFFFFF;\">Disp\u00f5e sobre a valida\u00e7\u00e3o dos atos pedag\u00f3gicos dos cursos de Especializa\u00e7\u00e3o T\u00e9cnica de N\u00edvel M\u00e9dio em Instrumenta\u00e7\u00e3o Cir\u00fargica e Enfermagem do Trabalho, do Instituto Forma\u00e7\u00e3o Dr. Jean Cintra \u2013 Niquel\u00e2ndia\/GO e d\u00e1 outras provid\u00eancias.\n<\/td><td style=\"color: #0000FF; background-color: #FFFFFF;text-decoration: underline;\"><a href=\"https:\/\/goias.gov.br\/cee\/wp-content\/uploads\/sites\/20\/2023\/10\/2020-112-cep-resolucao.pdf\" target=\"_blank\">ABRIR<\/a><\/td><td style=\"color: #000000; background-color: #FFFFFF;\"><\/td><\/tr><tr><td style=\"color: #666666; background-color: #FFFFFF;\">Resolu\u00e7\u00e3o<\/td><td style=\"color: #666666; background-color: #FFFFFF;\">C\u00e2mara de Educa\u00e7\u00e3o Profissional<\/td><td style=\"color: #666666; background-color: #FFFFFF;\">113\/2020<\/td><td style=\"color: #666666; background-color: #FFFFFF;\">03\/12\/2020<\/td><td style=\"color: #666666; background-color: #FFFFFF;\">Disp\u00f5e sobre autoriza\u00e7\u00e3o excepcional das Institui\u00e7\u00f5es de Ensino vinculadas \u00e0 Secretaria de Educa\u00e7\u00e3o de Goi\u00e1s, a ministrar Cursos de T\u00e9cnicos de N\u00edvel M\u00e9dio e d\u00e1 outras provid\u00eancias.<\/td><td style=\"color: #0000FF; background-color: #FFFFFF;text-decoration: underline;\"><a href=\"https:\/\/goias.gov.br\/cee\/wp-content\/uploads\/sites\/20\/2023\/10\/2020-113-cep-resolucao.pdf\" target=\"_blank\">ABRIR<\/a><\/td><td style=\"color: #000000; background-color: #FFFFFF;\"><\/td><\/tr><tr><td style=\"color: #666666; background-color: #FFFFFF;\">Resolu\u00e7\u00e3o<\/td><td style=\"color: #666666; background-color: #FFFFFF;\">C\u00e2mara de Educa\u00e7\u00e3o Profissional<\/td><td style=\"color: #666666; background-color: #FFFFFF;\">114\/2020<\/td><td style=\"color: #666666; background-color: #FFFFFF;\">03\/12\/2020<\/td><td style=\"color: #666666; background-color: #FFFFFF;\">Disp\u00f5e sobre o recredenciamento e a renova\u00e7\u00e3o da autoriza\u00e7\u00e3o do curso T\u00e9cnico em Transa\u00e7\u00f5es Imobili\u00e1rias namodalidade EaD, do Centro de Ensino Tecnol\u00f3gico de Goi\u00e1s \u2013 CETEG\u2013 Goi\u00e2nia\/GO e d\u00e1 outras provid\u00eancias.\n<\/td><td style=\"color: #0000FF; background-color: #FFFFFF;text-decoration: underline;\"><a href=\"https:\/\/goias.gov.br\/cee\/wp-content\/uploads\/sites\/20\/2023\/10\/2020-114-cep-resolucao.pdf\" target=\"_blank\">ABRIR<\/a><\/td><td style=\"color: #000000; background-color: #FFFFFF;\"><\/td><\/tr><tr><td style=\"color: #666666; background-color: #FFFFFF;\">Resolu\u00e7\u00e3o<\/td><td style=\"color: #666666; background-color: #FFFFFF;\">C\u00e2mara de Educa\u00e7\u00e3o Profissional<\/td><td style=\"color: #666666; background-color: #FFFFFF;\">115\/2020<\/td><td style=\"color: #666666; background-color: #FFFFFF;\">03\/12\/2020<\/td><td style=\"color: #666666; background-color: #FFFFFF;\">Disp\u00f5e sobre a rerratifica\u00e7\u00e3o da Resolu\u00e7\u00e3o CEE\/CEP N. 81, de 24 de setembro de 2020, referente ao curso T\u00e9cnico em Enfermagem da SEAL - Sociedade Educacional \u00c1guas Lindas Ltda., em \u00c1guas Lindas de\nGoi\u00e1s\/GO e d\u00e1 outras provid\u00eancias.\n<\/td><td style=\"color: #0000FF; background-color: #FFFFFF;text-decoration: underline;\"><a href=\"https:\/\/goias.gov.br\/cee\/wp-content\/uploads\/sites\/20\/2023\/10\/2020-115-cep-resolucao.pdf\" target=\"_blank\">ABRIR<\/a><\/td><td style=\"color: #000000; background-color: #FFFFFF;\"><\/td><\/tr><tr><td style=\"color: #666666; background-color: #FFFFFF;\">Resolu\u00e7\u00e3o<\/td><td style=\"color: #666666; background-color: #FFFFFF;\">C\u00e2mara de Educa\u00e7\u00e3o Profissional<\/td><td style=\"color: #666666; background-color: #FFFFFF;\">116\/2020<\/td><td style=\"color: #666666; background-color: #FFFFFF;\">03\/12\/2020<\/td><td style=\"color: #666666; background-color: #FFFFFF;\">Disp\u00f5e sobre a retifica\u00e7\u00e3o da Resolu\u00e7\u00e3o CEE\/CEP N. 194 de 05 de setembro de 2019, referente ao e credenciamento e a renova\u00e7\u00e3o da autoriza\u00e7\u00e3o do curso T\u00e9cnico em Enfermagem, da Superintend\u00eancia\nda Escola de Sa\u00fade de Goi\u00e1s - Goi\u00e2nia\/GO e d\u00e1 outras provid\u00eancias.\n<\/td><td style=\"color: #0000FF; background-color: #FFFFFF;text-decoration: underline;\"><a href=\"https:\/\/goias.gov.br\/cee\/wp-content\/uploads\/sites\/20\/2023\/10\/2020-116-cep-resolucao.pdf\" target=\"_blank\">ABRIR<\/a><\/td><td style=\"color: #000000; background-color: #FFFFFF;\"><\/td><\/tr><tr><td style=\"color: #666666; background-color: #FFFFFF;\">Resolu\u00e7\u00e3o<\/td><td style=\"color: #666666; background-color: #FFFFFF;\">C\u00e2mara de Educa\u00e7\u00e3o Profissional<\/td><td style=\"color: #666666; background-color: #FFFFFF;\">117\/2020<\/td><td style=\"color: #666666; background-color: #FFFFFF;\">10\/12\/2020<\/td><td style=\"color: #666666; background-color: #FFFFFF;\">Disp\u00f5e sobre a autoriza\u00e7\u00e3o do Curso T\u00e9cnico em Administra\u00e7\u00e3o do Grau T\u00e9cnico \u2013 Unidade Centro - Goi\u00e2nia\/GO e d\u00e1 outras provid\u00eancias.<\/td><td style=\"color: #0000FF; background-color: #FFFFFF;text-decoration: underline;\"><a href=\"https:\/\/goias.gov.br\/cee\/wp-content\/uploads\/sites\/20\/2023\/10\/2020-117-cep-resolucao.pdf\" target=\"_blank\">ABRIR<\/a><\/td><td style=\"color: #000000; background-color: #FFFFFF;\"><\/td><\/tr><tr><td style=\"color: #666666; background-color: #FFFFFF;\">Resolu\u00e7\u00e3o<\/td><td style=\"color: #666666; background-color: #FFFFFF;\">C\u00e2mara de Educa\u00e7\u00e3o Profissional<\/td><td style=\"color: #666666; background-color: #FFFFFF;\">118\/2020<\/td><td style=\"color: #666666; background-color: #FFFFFF;\">10\/12\/2020<\/td><td style=\"color: #666666; background-color: #FFFFFF;\">Disp\u00f5e sobre a aprova\u00e7\u00e3o de relat\u00f3rio do curso \u201cLibras Como Segunda L\u00edngua Para Servidores dministrativos e Familiares de Surdos -M\u00f3dulo I e II\u201d do Centro de Capacita\u00e7\u00e3o de Profissionais da Educa\u00e7\u00e3o e\nde Atendimento \u00e0s Pessoas com Surdez\/CAS, Goi\u00e2nia\/GO e d\u00e1 outras provid\u00eancias.<\/td><td style=\"color: #0000FF; background-color: #FFFFFF;text-decoration: underline;\"><a href=\"https:\/\/goias.gov.br\/cee\/wp-content\/uploads\/sites\/20\/2023\/10\/2020-118-cep-resolucao.pdf\" target=\"_blank\">ABRIR<\/a><\/td><td style=\"color: #000000; background-color: #FFFFFF;\"><\/td><\/tr><tr><td style=\"color: #666666; background-color: #FFFFFF;\">Resolu\u00e7\u00e3o<\/td><td style=\"color: #666666; background-color: #FFFFFF;\">C\u00e2mara de Educa\u00e7\u00e3o Profissional<\/td><td style=\"color: #666666; background-color: #FFFFFF;\">119\/2020<\/td><td style=\"color: #666666; background-color: #FFFFFF;\">10\/12\/2020<\/td><td style=\"color: #666666; background-color: #FFFFFF;\">Disp\u00f5e sobre a aprova\u00e7\u00e3o de relat\u00f3rio do curso \u201cL\u00cdNGUA BRASILEIRA DE SINAIS - M\u00d3DULO de I a V\u201d do Centro de Capacita\u00e7\u00e3o de Profissionais da Educa\u00e7\u00e3o e de Atendimento \u00e0s Pessoas\ncom Surdez\/CAS, Goi\u00e2nia\/GO e d\u00e1 outras provid\u00eancias.\n<\/td><td style=\"color: #0000FF; background-color: #FFFFFF;text-decoration: underline;\"><a href=\"https:\/\/goias.gov.br\/cee\/wp-content\/uploads\/sites\/20\/2023\/10\/2020-119-cep-resolucao.pdf\" target=\"_blank\">ABRIR<\/a><\/td><td style=\"color: #000000; background-color: #FFFFFF;\"><\/td><\/tr><tr><td style=\"color: #666666; background-color: #FFFFFF;\">Resolu\u00e7\u00e3o<\/td><td style=\"color: #666666; background-color: #FFFFFF;\">C\u00e2mara de Educa\u00e7\u00e3o Profissional<\/td><td style=\"color: #666666; background-color: #FFFFFF;\">120\/2020<\/td><td style=\"color: #666666; background-color: #FFFFFF;\">10\/12\/2020<\/td><td style=\"color: #666666; background-color: #FFFFFF;\">Disp\u00f5e sobre a aprova\u00e7\u00e3o de relat\u00f3rio do curso \u201cB\u00e1sico Em Tradu\u00e7\u00e3o e Interpreta\u00e7\u00e3o da L\u00edngua Portuguesa \/ Libras e Libras \/ L\u00edngua Portuguesa - M\u00f3dulo I, II e III\u201d do Centro de Capacita\u00e7\u00e3o de Profissionais da Educa\u00e7\u00e3o e de Atendimento \u00e0s Pessoas com Surdez\/CAS, Goi\u00e2nia\/GO e d\u00e1 outras provid\u00eancias<\/td><td style=\"color: #0000FF; background-color: #FFFFFF;text-decoration: underline;\"><a href=\"https:\/\/goias.gov.br\/cee\/wp-content\/uploads\/sites\/20\/2023\/10\/2020-120-cep-resolucao.pdf\" target=\"_blank\">ABRIR<\/a><\/td><td style=\"color: #000000; background-color: #FFFFFF;\"><\/td><\/tr><tr><td style=\"color: #666666; background-color: #FFFFFF;\">Resolu\u00e7\u00e3o<\/td><td style=\"color: #666666; background-color: #FFFFFF;\">C\u00e2mara de Educa\u00e7\u00e3o Profissional<\/td><td style=\"color: #666666; background-color: #FFFFFF;\">121\/2020<\/td><td style=\"color: #666666; background-color: #FFFFFF;\">10\/12\/2020<\/td><td style=\"color: #666666; background-color: #FFFFFF;\">Disp\u00f5e sobre a renova\u00e7\u00e3o da autoriza\u00e7\u00e3o do curso t\u00e9cnico em Radiologia do Col\u00e9gio Montes Belos, S\u00e3o Lu\u00eds de Montes Belos\/GO e d\u00e1 outras provid\u00eancias<\/td><td style=\"color: #0000FF; background-color: #FFFFFF;text-decoration: underline;\"><a href=\"https:\/\/goias.gov.br\/cee\/wp-content\/uploads\/sites\/20\/2023\/10\/2020-121-cep-resolucao.pdf\" target=\"_blank\">ABRIR<\/a><\/td><td style=\"color: #000000; background-color: #FFFFFF;\"><\/td><\/tr><tr><td style=\"color: #666666; background-color: #FFFFFF;\">Resolu\u00e7\u00e3o<\/td><td style=\"color: #666666; background-color: #FFFFFF;\">C\u00e2mara de Educa\u00e7\u00e3o Profissional<\/td><td style=\"color: #666666; background-color: #FFFFFF;\">122\/2020<\/td><td style=\"color: #666666; background-color: #FFFFFF;\">17\/12\/2020<\/td><td style=\"color: #666666; background-color: #FFFFFF;\">Disp\u00f5e sobre a autoriza\u00e7\u00e3o do curso T\u00e9cnico em Agrimensura\/EaD da Escola Nossa Senhora Aparecida, em Luzi\u00e2nia\/GO e d\u00e1 outras provid\u00eancias.\n<\/td><td style=\"color: #0000FF; background-color: #FFFFFF;text-decoration: underline;\"><a href=\"https:\/\/goias.gov.br\/cee\/wp-content\/uploads\/sites\/20\/2023\/10\/2020-122-cep-resolucao.pdf\" target=\"_blank\">ABRIR<\/a><\/td><td style=\"color: #000000; background-color: #FFFFFF;\"><\/td><\/tr><tr><td style=\"color: #666666; background-color: #FFFFFF;\">Resolu\u00e7\u00e3o<\/td><td style=\"color: #666666; background-color: #FFFFFF;\">C\u00e2mara de Educa\u00e7\u00e3o Profissional<\/td><td style=\"color: #666666; background-color: #FFFFFF;\">123\/2020<\/td><td style=\"color: #666666; background-color: #FFFFFF;\">17\/12\/2020<\/td><td style=\"color: #666666; background-color: #FFFFFF;\">Disp\u00f5e sobre a autoriza\u00e7\u00e3o do curso T\u00e9cnico em Agropecu\u00e1ria\/EaD da\nEscola Nossa Senhora Aparecida, em Luzi\u00e2nia\/GO e d\u00e1 outras\nprovid\u00eancias.\n<\/td><td style=\"color: #0000FF; background-color: #FFFFFF;text-decoration: underline;\"><a href=\"https:\/\/goias.gov.br\/cee\/wp-content\/uploads\/sites\/20\/2023\/10\/2020-123-cep-resolucao.pdf\" target=\"_blank\">ABRIR<\/a><\/td><td style=\"color: #000000; background-color: #FFFFFF;\"><\/td><\/tr><tr><td style=\"color: #666666; background-color: #FFFFFF;\">Resolu\u00e7\u00e3o<\/td><td style=\"color: #666666; background-color: #FFFFFF;\">C\u00e2mara de Educa\u00e7\u00e3o Profissional<\/td><td style=\"color: #666666; background-color: #FFFFFF;\">124\/2020<\/td><td style=\"color: #666666; background-color: #FFFFFF;\">17\/12\/2020<\/td><td style=\"color: #666666; background-color: #FFFFFF;\">Disp\u00f5e sobre a autoriza\u00e7\u00e3o do Curso T\u00e9cnico em Qu\u00edmica\/EaD da Escola Nossa Senhora Aparecida em Luzi\u00e2nia\/GO e d\u00e1 outras provid\u00eancias<\/td><td style=\"color: #0000FF; background-color: #FFFFFF;text-decoration: underline;\"><a href=\"https:\/\/goias.gov.br\/cee\/wp-content\/uploads\/sites\/20\/2023\/10\/2020-124-cep-resolucao.pdf\" target=\"_blank\">ABRIR<\/a><\/td><td style=\"color: #000000; background-color: #FFFFFF;\"><\/td><\/tr><tr><td style=\"color: #666666; background-color: #FFFFFF;\">Resolu\u00e7\u00e3o<\/td><td style=\"color: #666666; background-color: #FFFFFF;\">C\u00e2mara de Educa\u00e7\u00e3o Profissional<\/td><td style=\"color: #666666; background-color: #FFFFFF;\">125\/2020<\/td><td style=\"color: #666666; background-color: #FFFFFF;\">17\/12\/2020<\/td><td style=\"color: #666666; background-color: #FFFFFF;\">Disp\u00f5e sobre a autoriza\u00e7\u00e3o do curso T\u00e9cnico em Minera\u00e7\u00e3o\/EaD da Escola Nossa Senhora Aparecida, em Luzi\u00e2nia\/GO e d\u00e1 outras provid\u00eancias.\n<\/td><td style=\"color: #0000FF; background-color: #FFFFFF;text-decoration: underline;\"><a href=\"https:\/\/goias.gov.br\/cee\/wp-content\/uploads\/sites\/20\/2023\/10\/2020-125-cep-resolucao.pdf\" target=\"_blank\">ABRIR<\/a><\/td><td style=\"color: #000000; background-color: #FFFFFF;\"><\/td><\/tr><tr><td style=\"color: #666666; background-color: #FFFFFF;\">Resolu\u00e7\u00e3o<\/td><td style=\"color: #666666; background-color: #FFFFFF;\">C\u00e2mara de Educa\u00e7\u00e3o Profissional<\/td><td style=\"color: #666666; background-color: #FFFFFF;\">126\/2020<\/td><td style=\"color: #666666; background-color: #FFFFFF;\">17\/12\/2020<\/td><td style=\"color: #666666; background-color: #FFFFFF;\">Disp\u00f5e sobre a renova\u00e7\u00e3o da autoriza\u00e7\u00e3o do curso T\u00e9cnico em Seguran\u00e7a do Trabalho, do Centro Tecnol\u00f3gico Paula Pasquali, em Quirin\u00f3polis\/GO e d\u00e1 outras provid\u00eancias.\n<\/td><td style=\"color: #0000FF; background-color: #FFFFFF;text-decoration: underline;\"><a href=\"https:\/\/goias.gov.br\/cee\/wp-content\/uploads\/sites\/20\/2023\/10\/2020-126-cep-resolucao.pdf\" target=\"_blank\">ABRIR<\/a><\/td><td style=\"color: #000000; background-color: #FFFFFF;\"><\/td><\/tr><tr><td style=\"color: #666666; background-color: #FFFFFF;\">Resolu\u00e7\u00e3o<\/td><td style=\"color: #666666; background-color: #FFFFFF;\">C\u00e2mara de Educa\u00e7\u00e3o Profissional<\/td><td style=\"color: #666666; background-color: #FFFFFF;\">127\/2020<\/td><td style=\"color: #666666; background-color: #FFFFFF;\">23\/12\/2020<\/td><td style=\"color: #666666; background-color: #FFFFFF;\">Disp\u00f5e sobre a rerratifica\u00e7\u00e3o da Resolu\u00e7\u00e3o CEE\/CEP N. 205, de 26 de setembro de 2019, referente a renova\u00e7\u00e3o da autoriza\u00e7\u00e3o do Curso T\u00e9cnico em Agente Comunit\u00e1rio de Sa\u00fade, da Superintend\u00eancia da Escola de Sa\u00fade de Goi\u00e1s - Goi\u00e2nia\/GO e d\u00e1 outras provid\u00eancias.\n<\/td><td style=\"color: #0000FF; background-color: #FFFFFF;text-decoration: underline;\"><a href=\"https:\/\/goias.gov.br\/cee\/wp-content\/uploads\/sites\/20\/2023\/10\/2020-127-cep-resolucao.pdf\" target=\"_blank\">ABRIR<\/a><\/td><td style=\"color: #000000; background-color: #FFFFFF;\"><\/td><\/tr><tr><td style=\"color: #666666; background-color: #FFFFFF;\">Resolu\u00e7\u00e3o<\/td><td style=\"color: #666666; background-color: #FFFFFF;\">C\u00e2mara de Educa\u00e7\u00e3o Profissional<\/td><td style=\"color: #666666; background-color: #FFFFFF;\">128\/2020<\/td><td style=\"color: #666666; background-color: #FFFFFF;\">23\/10\/2020<\/td><td style=\"color: #666666; background-color: #FFFFFF;\">Disp\u00f5e sobre a rerratifica\u00e7\u00e3o da Resolu\u00e7\u00e3o CEE\/CEP N. 206 de 26 de setembro de 2019, referente a renova\u00e7\u00e3o da autoriza\u00e7\u00e3o do Curso T\u00e9cnico em Vigil\u00e2ncia em Sa\u00fade, da Superintend\u00eancia da Escola de Sa\u00fade de Goi\u00e1s - Goi\u00e2nia\/GO e d\u00e1 outras provid\u00eancias.<\/td><td style=\"color: #0000FF; background-color: #FFFFFF;text-decoration: underline;\"><a href=\"https:\/\/goias.gov.br\/cee\/wp-content\/uploads\/sites\/20\/2023\/10\/2020-128-cep-resolucao.pdf\" target=\"_blank\">ABRIR<\/a><\/td><td style=\"color: #000000; background-color: #FFFFFF;\"><\/td><\/tr><tr><td style=\"color: #666666; background-color: #FFFFFF;\">Resolu\u00e7\u00e3o<\/td><td style=\"color: #666666; background-color: #FFFFFF;\">C\u00e2mara de Educa\u00e7\u00e3o Profissional<\/td><td style=\"color: #666666; background-color: #FFFFFF;\">129\/2020<\/td><td style=\"color: #666666; background-color: #FFFFFF;\">23\/12\/2020<\/td><td style=\"color: #666666; background-color: #FFFFFF;\">Disp\u00f5e sobre a rerratifica\u00e7\u00e3o da Resolu\u00e7\u00e3o CEE\/CEP N. 207 de 03 de outubro de 2019, referente a autoriza\u00e7\u00e3o do Curso T\u00e9cnico em An\u00e1lises Cl\u00ednicas, da Superintend\u00eancia da Escola de Sa\u00fade de Goi\u00e1s - Goi\u00e2nia\/GO e d\u00e1 outras provid\u00eancias.<\/td><td style=\"color: #0000FF; background-color: #FFFFFF;text-decoration: underline;\"><a href=\"https:\/\/goias.gov.br\/cee\/wp-content\/uploads\/sites\/20\/2023\/10\/2020-129-cep-resolucao.pdf\" target=\"_blank\">ABRIR<\/a><\/td><td style=\"color: #000000; background-color: #FFFFFF;\"><\/td><\/tr><tr><td style=\"color: #666666; background-color: #FFFFFF;\">Resolu\u00e7\u00e3o<\/td><td style=\"color: #666666; background-color: #FFFFFF;\">C\u00e2mara de Educa\u00e7\u00e3o Profissional<\/td><td style=\"color: #666666; background-color: #FFFFFF;\">01\/2021<\/td><td style=\"color: #666666; background-color: #FFFFFF;\">07\/01\/2021<\/td><td style=\"color: #666666; background-color: #FFFFFF;\">Disp\u00f5e sobre a autoriza\u00e7\u00e3o do Curso T\u00e9cnico em Administra\u00e7\u00e3o\/EaD do ITB \u2013 Instituto Tecnol\u00f3gico Brasileiro LTDA, no Polo de Apoio Presencial em Goi\u00e2nia\/GO e d\u00e1 outras provid\u00eancias.<\/td><td style=\"color: #0000FF; background-color: #FFFFFF;text-decoration: underline;\"><a href=\"https:\/\/goias.gov.br\/cee\/wp-content\/uploads\/sites\/20\/2023\/10\/2021-1-cep-resolucao.pdf\" target=\"_blank\">ABRIR<\/a><\/td><td style=\"color: #000000; background-color: #FFFFFF;\"><\/td><\/tr><tr><td style=\"color: #666666; background-color: #FFFFFF;\">Resolu\u00e7\u00e3o<\/td><td style=\"color: #666666; background-color: #FFFFFF;\">C\u00e2mara de Educa\u00e7\u00e3o Profissional<\/td><td style=\"color: #666666; background-color: #FFFFFF;\">02\/2021<\/td><td style=\"color: #666666; background-color: #FFFFFF;\">07\/01\/2021<\/td><td style=\"color: #666666; background-color: #FFFFFF;\">Disp\u00f5e sobre a autoriza\u00e7\u00e3o do Curso T\u00e9cnico em Recursos Humanos\/EaD do ITB \u2013 Instituto Tecnol\u00f3gico Brasileiro LTDA, no Polo de Apoio Presencial em Goi\u00e2nia\/GO e d\u00e1 outras provid\u00eancias.<\/td><td style=\"color: #0000FF; background-color: #FFFFFF;text-decoration: underline;\"><a href=\"https:\/\/goias.gov.br\/cee\/wp-content\/uploads\/sites\/20\/2023\/10\/2021-2-cep-resolucao.pdf\" target=\"_blank\">ABRIR<\/a><\/td><td style=\"color: #000000; background-color: #FFFFFF;\"><\/td><\/tr><tr><td style=\"color: #666666; background-color: #FFFFFF;\">Resolu\u00e7\u00e3o<\/td><td style=\"color: #666666; background-color: #FFFFFF;\">C\u00e2mara de Educa\u00e7\u00e3o Profissional<\/td><td style=\"color: #666666; background-color: #FFFFFF;\">03\/2021<\/td><td style=\"color: #666666; background-color: #FFFFFF;\">07\/01\/2021<\/td><td style=\"color: #666666; background-color: #FFFFFF;\">Disp\u00f5e sobre a autoriza\u00e7\u00e3o do Curso T\u00e9cnico em Transa\u00e7\u00f5es Imobili\u00e1rias\/EaD do ITB \u2013 Instituto Tecnol\u00f3gico Brasileiro LTDA, o Polo de Apoio Presencial em Goi\u00e2nia\/GO e d\u00e1 outras provid\u00eancias.\n<\/td><td style=\"color: #0000FF; background-color: #FFFFFF;text-decoration: underline;\"><a href=\"https:\/\/goias.gov.br\/cee\/wp-content\/uploads\/sites\/20\/2023\/10\/2021-3-cep-resolucao.pdf\" target=\"_blank\">ABRIR<\/a><\/td><td style=\"color: #000000; background-color: #FFFFFF;\"><\/td><\/tr><tr><td style=\"color: #666666; background-color: #FFFFFF;\">Resolu\u00e7\u00e3o<\/td><td style=\"color: #666666; background-color: #FFFFFF;\">C\u00e2mara de Educa\u00e7\u00e3o Profissional<\/td><td style=\"color: #666666; background-color: #FFFFFF;\">04\/2021<\/td><td style=\"color: #666666; background-color: #FFFFFF;\">14\/01\/2021<\/td><td style=\"color: #666666; background-color: #FFFFFF;\">Disp\u00f5e sobre a autoriza\u00e7\u00e3o do Curso T\u00e9cnico em Agricultura\/EaD da Escola Nossa Senhora Aparecida em Luzi\u00e2nia\/GO e d\u00e1 outras provid\u00eancias.\n<\/td><td style=\"color: #0000FF; background-color: #FFFFFF;text-decoration: underline;\"><a href=\"https:\/\/goias.gov.br\/cee\/wp-content\/uploads\/sites\/20\/2023\/10\/2021-4-cep-resolucao.pdf\" target=\"_blank\">ABRIR<\/a><\/td><td style=\"color: #000000; background-color: #FFFFFF;\"><\/td><\/tr><tr><td style=\"color: #666666; background-color: #FFFFFF;\">Resolu\u00e7\u00e3o<\/td><td style=\"color: #666666; background-color: #FFFFFF;\">C\u00e2mara de Educa\u00e7\u00e3o Profissional<\/td><td style=\"color: #666666; background-color: #FFFFFF;\">05\/2021<\/td><td style=\"color: #666666; background-color: #FFFFFF;\">14\/01\/2021<\/td><td style=\"color: #666666; background-color: #FFFFFF;\">Disp\u00f5e sobre o recredenciamento e a renova\u00e7\u00e3o da autoriza\u00e7\u00e3o do Curso T\u00e9cnico em Enfermagem, do Instituto Educacional Shalom - Planaltina\/GO e d\u00e1 outras provid\u00eancias<\/td><td style=\"color: #0000FF; background-color: #FFFFFF;text-decoration: underline;\"><a href=\"https:\/\/goias.gov.br\/cee\/wp-content\/uploads\/sites\/20\/2023\/10\/2021-5-cep-resolucao.pdf\" target=\"_blank\">ABRIR<\/a><\/td><td style=\"color: #000000; background-color: #FFFFFF;\"><\/td><\/tr><tr><td style=\"color: #666666; background-color: #FFFFFF;\">Resolu\u00e7\u00e3o<\/td><td style=\"color: #666666; background-color: #FFFFFF;\">C\u00e2mara de Educa\u00e7\u00e3o Profissional<\/td><td style=\"color: #666666; background-color: #FFFFFF;\">06\/2021<\/td><td style=\"color: #666666; background-color: #FFFFFF;\">21\/01\/2021<\/td><td style=\"color: #666666; background-color: #FFFFFF;\">Disp\u00f5e sobre a autoriza\u00e7\u00e3o do Curso T\u00e9cnico em Inform\u00e1tica do Programa PRONATEC\/MEDIOTEC pela Universidade Estadual de Goi\u00e1s - An\u00e1polis\/GO e d\u00e1 outras provid\u00eancias.<\/td><td style=\"color: #0000FF; background-color: #FFFFFF;text-decoration: underline;\"><a href=\"https:\/\/goias.gov.br\/cee\/wp-content\/uploads\/sites\/20\/2023\/10\/2021-6-cep-resolucao.pdf\" target=\"_blank\">ABRIR<\/a><\/td><td style=\"color: #000000; background-color: #FFFFFF;\"><\/td><\/tr><tr><td style=\"color: #666666; background-color: #FFFFFF;\">Resolu\u00e7\u00e3o<\/td><td style=\"color: #666666; background-color: #FFFFFF;\">C\u00e2mara de Educa\u00e7\u00e3o Profissional<\/td><td style=\"color: #666666; background-color: #FFFFFF;\">07\/2021<\/td><td style=\"color: #666666; background-color: #FFFFFF;\">21\/01\/2021<\/td><td style=\"color: #666666; background-color: #FFFFFF;\">Disp\u00f5e sobre a autoriza\u00e7\u00e3o do Curso T\u00e9cnico em Inform\u00e1tica do Programa PRONATEC\/MEDIOTEC, da UEG - Universidade Estadual de Goi\u00e1s, em Morrinhos\/GO e d\u00e1 outras provid\u00eancias.\n<\/td><td style=\"color: #0000FF; background-color: #FFFFFF;text-decoration: underline;\"><a href=\"https:\/\/goias.gov.br\/cee\/wp-content\/uploads\/sites\/20\/2023\/10\/2021-7-cep-resolucao.pdf\" target=\"_blank\">ABRIR<\/a><\/td><td style=\"color: #000000; background-color: #FFFFFF;\"><\/td><\/tr><tr><td style=\"color: #666666; background-color: #FFFFFF;\">Resolu\u00e7\u00e3o<\/td><td style=\"color: #666666; background-color: #FFFFFF;\">C\u00e2mara de Educa\u00e7\u00e3o Profissional<\/td><td style=\"color: #666666; background-color: #FFFFFF;\">08\/2021<\/td><td style=\"color: #666666; background-color: #FFFFFF;\">21\/01\/2021<\/td><td style=\"color: #666666; background-color: #FFFFFF;\">Disp\u00f5e sobre a autoriza\u00e7\u00e3o do Curso T\u00e9cnico em Inform\u00e1tica do Programa PRONATEC\/MEDIOTEC, da UEG \u2013 Universidade Estadual de Goi\u00e1s, em Urua\u00e7u\/GO e d\u00e1 outras provid\u00eancias.<\/td><td style=\"color: #0000FF; background-color: #FFFFFF;text-decoration: underline;\"><a href=\"https:\/\/goias.gov.br\/cee\/wp-content\/uploads\/sites\/20\/2023\/10\/2021-8-cep-resolucao.pdf\" target=\"_blank\">ABRIR<\/a><\/td><td style=\"color: #000000; background-color: #FFFFFF;\"><\/td><\/tr><tr><td style=\"color: #666666; background-color: #FFFFFF;\">Resolu\u00e7\u00e3o<\/td><td style=\"color: #666666; background-color: #FFFFFF;\">C\u00e2mara de Educa\u00e7\u00e3o Profissional<\/td><td style=\"color: #666666; background-color: #FFFFFF;\">09\/2021<\/td><td style=\"color: #666666; background-color: #FFFFFF;\">21\/01\/2021<\/td><td style=\"color: #666666; background-color: #FFFFFF;\">Disp\u00f5e sobre a renova\u00e7\u00e3o da autoriza\u00e7\u00e3o do Curso T\u00e9cnico em Agroneg\u00f3cio do Programa PRONATEC\/MEDIOTEC, da UEG -\nUniversidade Estadual de Goi\u00e1s, em Palmeiras de Goi\u00e1s\/GO e d\u00e1 outras provid\u00eancias.<\/td><td style=\"color: #0000FF; background-color: #FFFFFF;text-decoration: underline;\"><a href=\"https:\/\/goias.gov.br\/cee\/wp-content\/uploads\/sites\/20\/2023\/10\/2021-9-cep-resolucao.pdf\" target=\"_blank\">ABRIR<\/a><\/td><td style=\"color: #000000; background-color: #FFFFFF;\"><\/td><\/tr><tr><td style=\"color: #666666; background-color: #FFFFFF;\">Resolu\u00e7\u00e3o<\/td><td style=\"color: #666666; background-color: #FFFFFF;\">C\u00e2mara de Educa\u00e7\u00e3o Profissional<\/td><td style=\"color: #666666; background-color: #FFFFFF;\">10\/2021<\/td><td style=\"color: #666666; background-color: #FFFFFF;\">21\/01\/2021<\/td><td style=\"color: #666666; background-color: #FFFFFF;\">Disp\u00f5e sobre a autoriza\u00e7\u00e3o do Curso T\u00e9cnico em Agricultura do Programa PRONATEC\/MEDIOTEC da UEG \u2013 Universidade Estadual de Goi\u00e1s, na Unidade Goian\u00e9sia\/GO e d\u00e1 outras provid\u00eancias.<\/td><td style=\"color: #0000FF; background-color: #FFFFFF;text-decoration: underline;\"><a href=\"https:\/\/goias.gov.br\/cee\/wp-content\/uploads\/sites\/20\/2023\/10\/2021-10-cep-resolucao.pdf\" target=\"_blank\">ABRIR<\/a><\/td><td style=\"color: #000000; background-color: #FFFFFF;\"><\/td><\/tr><tr><td style=\"color: #666666; background-color: #FFFFFF;\">Resolu\u00e7\u00e3o<\/td><td style=\"color: #666666; background-color: #FFFFFF;\">C\u00e2mara de Educa\u00e7\u00e3o Profissional<\/td><td style=\"color: #666666; background-color: #FFFFFF;\">11\/2021<\/td><td style=\"color: #666666; background-color: #FFFFFF;\">21\/01\/2021<\/td><td style=\"color: #666666; background-color: #FFFFFF;\">Disp\u00f5e sobre a renova\u00e7\u00e3o da autoriza\u00e7\u00e3o do Curso T\u00e9cnico em Com\u00e9rcio do Programa PRONATEC\/MEDIOTEC da UEG \u2013 Universidade Estadual de Goi\u00e1s, em Ipor\u00e1\/GO e d\u00e1 outras provid\u00eancias<\/td><td style=\"color: #0000FF; background-color: #FFFFFF;text-decoration: underline;\"><a href=\"https:\/\/goias.gov.br\/cee\/wp-content\/uploads\/sites\/20\/2023\/10\/2021-11-cep-resolucao.pdf\" target=\"_blank\">ABRIR<\/a><\/td><td style=\"color: #000000; background-color: #FFFFFF;\"><\/td><\/tr><tr><td style=\"color: #666666; background-color: #FFFFFF;\">Resolu\u00e7\u00e3o<\/td><td style=\"color: #666666; background-color: #FFFFFF;\">C\u00e2mara de Educa\u00e7\u00e3o Profissional<\/td><td style=\"color: #666666; background-color: #FFFFFF;\">12\/2021<\/td><td style=\"color: #666666; background-color: #FFFFFF;\">21\/01\/2021<\/td><td style=\"color: #666666; background-color: #FFFFFF;\">Disp\u00f5e sobre a renova\u00e7\u00e3o da autoriza\u00e7\u00e3o do Curso T\u00e9cnico em Com\u00e9rcio do Programa PRONATEC\/MEDIOTEC, pela Universidade Estadual de Goi\u00e1s - Campus Porangatu - Porangatu\/GO e d\u00e1 outras provid\u00eancias.<\/td><td style=\"color: #0000FF; background-color: #FFFFFF;text-decoration: underline;\"><a href=\"https:\/\/goias.gov.br\/cee\/wp-content\/uploads\/sites\/20\/2023\/10\/2021-12-cep-resolucao.pdf\" target=\"_blank\">ABRIR<\/a><\/td><td style=\"color: #000000; background-color: #FFFFFF;\"><\/td><\/tr><tr><td style=\"color: #666666; background-color: #FFFFFF;\">Resolu\u00e7\u00e3o<\/td><td style=\"color: #666666; background-color: #FFFFFF;\">C\u00e2mara de Educa\u00e7\u00e3o Profissional<\/td><td style=\"color: #666666; background-color: #FFFFFF;\">13\/2021<\/td><td style=\"color: #666666; background-color: #FFFFFF;\">21\/01\/2021<\/td><td style=\"color: #666666; background-color: #FFFFFF;\">Disp\u00f5e sobre a autoriza\u00e7\u00e3o do Curso T\u00e9cnico em Est\u00e9tica do Programa PRONATEC\/MEDIOTEC, da UEG - Universidade Estadual de Goi\u00e1s, na Unidade Laranjeiras em Goi\u00e2nia\/GO e d\u00e1 outras provid\u00eancias.<\/td><td style=\"color: #0000FF; background-color: #FFFFFF;text-decoration: underline;\"><a href=\"https:\/\/goias.gov.br\/cee\/wp-content\/uploads\/sites\/20\/2023\/10\/2021-13-cep-resolucao.pdf\" target=\"_blank\">ABRIR<\/a><\/td><td style=\"color: #000000; background-color: #FFFFFF;\"><\/td><\/tr><tr><td style=\"color: #666666; background-color: #FFFFFF;\">Resolu\u00e7\u00e3o<\/td><td style=\"color: #666666; background-color: #FFFFFF;\">C\u00e2mara de Educa\u00e7\u00e3o Profissional<\/td><td style=\"color: #666666; background-color: #FFFFFF;\">14\/2021<\/td><td style=\"color: #666666; background-color: #FFFFFF;\">21\/01\/2021<\/td><td style=\"color: #666666; background-color: #FFFFFF;\">Disp\u00f5e sobre a autoriza\u00e7\u00e3o e valida\u00e7\u00e3o dos atos pedag\u00f3gicos da Especializa\u00e7\u00e3o T\u00e9cnica de N\u00edvel M\u00e9dio em Topografia Aplicada ao Georreferenciamento\/EaD pela Escola Nossa Senhora Aparecida em Luzi\u00e2nia\/GO e d\u00e1 outras provid\u00eancias.\n<\/td><td style=\"color: #0000FF; background-color: #FFFFFF;text-decoration: underline;\"><a href=\"https:\/\/goias.gov.br\/cee\/wp-content\/uploads\/sites\/20\/2023\/10\/2021-14-cep-resolucao.pdf\" target=\"_blank\">ABRIR<\/a><\/td><td style=\"color: #000000; background-color: #FFFFFF;\"><\/td><\/tr><tr><td style=\"color: #666666; background-color: #FFFFFF;\">Resolu\u00e7\u00e3o<\/td><td style=\"color: #666666; background-color: #FFFFFF;\">C\u00e2mara de Educa\u00e7\u00e3o Profissional<\/td><td style=\"color: #666666; background-color: #FFFFFF;\">15\/2021<\/td><td style=\"color: #666666; background-color: #FFFFFF;\">28\/01\/2021<\/td><td style=\"color: #666666; background-color: #FFFFFF;\">Disp\u00f5e sobre a renova\u00e7\u00e3o da autoriza\u00e7\u00e3o do curso T\u00e9cnico em Enfermagem\/EaD, do Instituto Educacional Shalom, de Planaltina\/GO e d\u00e1 outras provid\u00eancias.\n<\/td><td style=\"color: #0000FF; background-color: #FFFFFF;text-decoration: underline;\"><a href=\"https:\/\/goias.gov.br\/cee\/wp-content\/uploads\/sites\/20\/2023\/10\/2021-15-cep-resolucao.pdf\" target=\"_blank\">ABRIR<\/a><\/td><td style=\"color: #000000; background-color: #FFFFFF;\"><\/td><\/tr><tr><td style=\"color: #666666; background-color: #FFFFFF;\">Resolu\u00e7\u00e3o<\/td><td style=\"color: #666666; background-color: #FFFFFF;\">C\u00e2mara de Educa\u00e7\u00e3o Profissional<\/td><td style=\"color: #666666; background-color: #FFFFFF;\">16\/2021<\/td><td style=\"color: #666666; background-color: #FFFFFF;\">04\/02\/2021<\/td><td style=\"color: #666666; background-color: #FFFFFF;\">Disp\u00f5e sobre o credenciamento e a autoriza\u00e7\u00e3o do curso T\u00e9cnico em Enfermagem do Centro de Ensino Profissional Irm\u00e3 Dulce, em Inhumas\/GO e d\u00e1 outras provid\u00eancias<\/td><td style=\"color: #0000FF; background-color: #FFFFFF;text-decoration: underline;\"><a href=\"https:\/\/goias.gov.br\/cee\/wp-content\/uploads\/sites\/20\/2023\/10\/2021-16-cep-resolucao.pdf\" target=\"_blank\">ABRIR<\/a><\/td><td style=\"color: #000000; background-color: #FFFFFF;\"><\/td><\/tr><tr><td style=\"color: #666666; background-color: #FFFFFF;\">Resolu\u00e7\u00e3o<\/td><td style=\"color: #666666; background-color: #FFFFFF;\">C\u00e2mara de Educa\u00e7\u00e3o Profissional<\/td><td style=\"color: #666666; background-color: #FFFFFF;\">17\/2021<\/td><td style=\"color: #666666; background-color: #FFFFFF;\">04\/02\/2021<\/td><td style=\"color: #666666; background-color: #FFFFFF;\">Disp\u00f5e sobre o credenciamento e a autoriza\u00e7\u00e3o do curso T\u00e9cnico em Enfermagem, do Instituto Genoma - Goi\u00e2nia\/GO e d\u00e1 outras provid\u00eancias.<\/td><td style=\"color: #0000FF; background-color: #FFFFFF;text-decoration: underline;\"><a href=\"https:\/\/goias.gov.br\/cee\/wp-content\/uploads\/sites\/20\/2023\/10\/2021-17-cep-resolucao.pdf\" target=\"_blank\">ABRIR<\/a><\/td><td style=\"color: #000000; background-color: #FFFFFF;\"><\/td><\/tr><tr><td style=\"color: #666666; background-color: #FFFFFF;\">Resolu\u00e7\u00e3o<\/td><td style=\"color: #666666; background-color: #FFFFFF;\">C\u00e2mara de Educa\u00e7\u00e3o Profissional<\/td><td style=\"color: #666666; background-color: #FFFFFF;\">18\/2021<\/td><td style=\"color: #666666; background-color: #FFFFFF;\">11\/02\/2021<\/td><td style=\"color: #666666; background-color: #FFFFFF;\">Disp\u00f5e sobre a autoriza\u00e7\u00e3o do Curso T\u00e9cnico em Inform\u00e1tica do Programa PRONATEC\/MEDIOTEC, da UEG - Universidade Estadual de Goi\u00e1s, em Mina\u00e7u\/GO e d\u00e1 outras provid\u00eancias.\n<\/td><td style=\"color: #0000FF; background-color: #FFFFFF;text-decoration: underline;\"><a href=\"https:\/\/goias.gov.br\/cee\/wp-content\/uploads\/sites\/20\/2023\/10\/2021-18-cep-resolucao.pdf\" target=\"_blank\">ABRIR<\/a><\/td><td style=\"color: #000000; background-color: #FFFFFF;\"><\/td><\/tr><tr><td style=\"color: #666666; background-color: #FFFFFF;\">Resolu\u00e7\u00e3o<\/td><td style=\"color: #666666; background-color: #FFFFFF;\">C\u00e2mara de Educa\u00e7\u00e3o Profissional<\/td><td style=\"color: #666666; background-color: #FFFFFF;\">19\/2021<\/td><td style=\"color: #666666; background-color: #FFFFFF;\">11\/02\/2021<\/td><td style=\"color: #666666; background-color: #FFFFFF;\">Disp\u00f5e sobre a autoriza\u00e7\u00e3o do Curso T\u00e9cnico em Com\u00e9rcio, do Programa PRONATEC\/MEDIOTEC, da UEG - Universidade Estadual de Goi\u00e1s, em Formosa\/GO e d\u00e1 outras provid\u00eancias.\n<\/td><td style=\"color: #0000FF; background-color: #FFFFFF;text-decoration: underline;\"><a href=\"https:\/\/goias.gov.br\/cee\/wp-content\/uploads\/sites\/20\/2023\/10\/2021-19-cep-resolucao.pdf\" target=\"_blank\">ABRIR<\/a><\/td><td style=\"color: #000000; background-color: #FFFFFF;\"><\/td><\/tr><tr><td style=\"color: #666666; background-color: #FFFFFF;\">Resolu\u00e7\u00e3o<\/td><td style=\"color: #666666; background-color: #FFFFFF;\">C\u00e2mara de Educa\u00e7\u00e3o Profissional<\/td><td style=\"color: #666666; background-color: #FFFFFF;\">20\/2021<\/td><td style=\"color: #666666; background-color: #FFFFFF;\">11\/02\/2021<\/td><td style=\"color: #666666; background-color: #FFFFFF;\">Disp\u00f5e sobre a autoriza\u00e7\u00e3o do Curso T\u00e9cnico em Farm\u00e1cia do Programa PRONATEC\/MEDIOTEC, da UEG - Universidade Estadual de Goi\u00e1s, em An\u00e1polis\/GO e d\u00e1 outras provid\u00eancias.<\/td><td style=\"color: #0000FF; background-color: #FFFFFF;text-decoration: underline;\"><a href=\"https:\/\/goias.gov.br\/cee\/wp-content\/uploads\/sites\/20\/2023\/10\/2021-20-cep-resolucao.pdf\" target=\"_blank\">ABRIR<\/a><\/td><td style=\"color: #000000; background-color: #FFFFFF;\"><\/td><\/tr><tr><td style=\"color: #666666; background-color: #FFFFFF;\">Resolu\u00e7\u00e3o<\/td><td style=\"color: #666666; background-color: #FFFFFF;\">C\u00e2mara de Educa\u00e7\u00e3o Profissional<\/td><td style=\"color: #666666; background-color: #FFFFFF;\">21\/2021<\/td><td style=\"color: #666666; background-color: #FFFFFF;\">11\/02\/2021<\/td><td style=\"color: #666666; background-color: #FFFFFF;\">Disp\u00f5e sobre a autoriza\u00e7\u00e3o do Curso T\u00e9cnico em Log\u00edstica do Programa PRONATEC\/MEDIOTEC, da UEG - Universidade Estadual de Goi\u00e1s, em Luzi\u00e2nia\/GO e d\u00e1 outras provid\u00eancias.\n<\/td><td style=\"color: #0000FF; background-color: #FFFFFF;text-decoration: underline;\"><a href=\"https:\/\/goias.gov.br\/cee\/wp-content\/uploads\/sites\/20\/2023\/10\/2021-21-cep-resolucao.pdf\" target=\"_blank\">ABRIR<\/a><\/td><td style=\"color: #000000; background-color: #FFFFFF;\"><\/td><\/tr><tr><td style=\"color: #666666; background-color: #FFFFFF;\">Resolu\u00e7\u00e3o<\/td><td style=\"color: #666666; background-color: #FFFFFF;\">C\u00e2mara de Educa\u00e7\u00e3o Profissional<\/td><td style=\"color: #666666; background-color: #FFFFFF;\">22\/2021<\/td><td style=\"color: #666666; background-color: #FFFFFF;\">11\/02\/2021<\/td><td style=\"color: #666666; background-color: #FFFFFF;\">Disp\u00f5e sobre a autoriza\u00e7\u00e3o do Curso T\u00e9cnico em Hospedagem, do Programa PRONATEC\/MEDIOTEC, da UEG - Universidade Estadual de Goi\u00e1s, em Piren\u00f3polis\/GO e d\u00e1 outras provid\u00eancias.<\/td><td style=\"color: #0000FF; background-color: #FFFFFF;text-decoration: underline;\"><a href=\"https:\/\/goias.gov.br\/cee\/wp-content\/uploads\/sites\/20\/2023\/10\/2021-22-cep-resolucao.pdf\" target=\"_blank\">ABRIR<\/a><\/td><td style=\"color: #000000; background-color: #FFFFFF;\"><\/td><\/tr><tr><td style=\"color: #666666; background-color: #FFFFFF;\">Resolu\u00e7\u00e3o<\/td><td style=\"color: #666666; background-color: #FFFFFF;\">C\u00e2mara de Educa\u00e7\u00e3o Profissional<\/td><td style=\"color: #666666; background-color: #FFFFFF;\">23\/2021<\/td><td style=\"color: #666666; background-color: #FFFFFF;\">11\/02\/2021<\/td><td style=\"color: #666666; background-color: #FFFFFF;\">Disp\u00f5e sobre a autoriza\u00e7\u00e3o do Curso T\u00e9cnico em Manuten\u00e7\u00e3o e Suporte em Inform\u00e1tica, do Programa PRONATEC\/MEDIOTEC, da UEG - Universidade Estadual de Goi\u00e1s, em Quirin\u00f3polis\/GO e d\u00e1 outras provid\u00eancias.\n<\/td><td style=\"color: #0000FF; background-color: #FFFFFF;text-decoration: underline;\"><a href=\"https:\/\/goias.gov.br\/cee\/wp-content\/uploads\/sites\/20\/2023\/10\/2021-23-cep-resolucao.pdf\" target=\"_blank\">ABRIR<\/a><\/td><td style=\"color: #000000; background-color: #FFFFFF;\"><\/td><\/tr><tr><td style=\"color: #666666; background-color: #FFFFFF;\">Resolu\u00e7\u00e3o<\/td><td style=\"color: #666666; background-color: #FFFFFF;\">C\u00e2mara de Educa\u00e7\u00e3o Profissional<\/td><td style=\"color: #666666; background-color: #FFFFFF;\">24\/2021<\/td><td style=\"color: #666666; background-color: #FFFFFF;\">18\/02\/2021<\/td><td style=\"color: #666666; background-color: #FFFFFF;\">Disp\u00f5e sobre o recredenciamento e a renova\u00e7\u00e3o da autoriza\u00e7\u00e3o do curso T\u00e9cnico em Enfermagem, do Centro Prime de Ensino - Trindade\/GO e d\u00e1 outras provid\u00eancias\n<\/td><td style=\"color: #0000FF; background-color: #FFFFFF;text-decoration: underline;\"><a href=\"https:\/\/goias.gov.br\/cee\/wp-content\/uploads\/sites\/20\/2023\/10\/2021-24-cep-resolucao.pdf\" target=\"_blank\">ABRIR<\/a><\/td><td style=\"color: #000000; background-color: #FFFFFF;\"><\/td><\/tr><tr><td style=\"color: #666666; background-color: #FFFFFF;\">Resolu\u00e7\u00e3o<\/td><td style=\"color: #666666; background-color: #FFFFFF;\">C\u00e2mara de Educa\u00e7\u00e3o Profissional<\/td><td style=\"color: #666666; background-color: #FFFFFF;\">25\/2021<\/td><td style=\"color: #666666; background-color: #FFFFFF;\">18\/02\/2021<\/td><td style=\"color: #666666; background-color: #FFFFFF;\">Disp\u00f5e sobre a autoriza\u00e7\u00e3o do Curso T\u00e9cnico em Log\u00edstica do Programa PRONATEC\/MEDIOTEC, da UEG - Universidade Estadual de Goi\u00e1s, em Aparecida de Goi\u00e2nia\/GO e d\u00e1 outras provid\u00eancias.\n<\/td><td style=\"color: #0000FF; background-color: #FFFFFF;text-decoration: underline;\"><a href=\"https:\/\/goias.gov.br\/cee\/wp-content\/uploads\/sites\/20\/2023\/10\/2021-25-cep-resolucao.pdf\" target=\"_blank\">ABRIR<\/a><\/td><td style=\"color: #000000; background-color: #FFFFFF;\"><\/td><\/tr><tr><td style=\"color: #666666; background-color: #FFFFFF;\">Resolu\u00e7\u00e3o<\/td><td style=\"color: #666666; background-color: #FFFFFF;\">C\u00e2mara de Educa\u00e7\u00e3o Profissional<\/td><td style=\"color: #666666; background-color: #FFFFFF;\">26\/2021<\/td><td style=\"color: #666666; background-color: #FFFFFF;\">18\/02\/2021<\/td><td style=\"color: #666666; background-color: #FFFFFF;\">Disp\u00f5e sobre a autoriza\u00e7\u00e3o do Curso T\u00e9cnico em Inform\u00e1tica do programa PRONATEC\/MEDIOTEC, da UEG - Universidade Estadual de Goi\u00e1s, na Cidade de Goi\u00e1s\/GO e d\u00e1 outras provid\u00eancias.<\/td><td style=\"color: #0000FF; background-color: #FFFFFF;text-decoration: underline;\"><a href=\"https:\/\/goias.gov.br\/cee\/wp-content\/uploads\/sites\/20\/2023\/10\/2021-26-cep-resolucao.pdf\" target=\"_blank\">ABRIR<\/a><\/td><td style=\"color: #000000; background-color: #FFFFFF;\"><\/td><\/tr><tr><td style=\"color: #666666; background-color: #FFFFFF;\">Resolu\u00e7\u00e3o<\/td><td style=\"color: #666666; background-color: #FFFFFF;\">C\u00e2mara de Educa\u00e7\u00e3o Profissional<\/td><td style=\"color: #666666; background-color: #FFFFFF;\">27\/2021<\/td><td style=\"color: #666666; background-color: #FFFFFF;\">25\/02\/2021<\/td><td style=\"color: #666666; background-color: #FFFFFF;\">Disp\u00f5e sobre a autoriza\u00e7\u00e3o do Curso T\u00e9cnico em \u00d3rtese e Pr\u00f3teses da Superintend\u00eancia da Escola de Sa\u00fade de Goi\u00e1s, em Goi\u00e2nia\/GO e d\u00e1 outras provid\u00eancias.<\/td><td style=\"color: #0000FF; background-color: #FFFFFF;text-decoration: underline;\"><a href=\"https:\/\/goias.gov.br\/cee\/wp-content\/uploads\/sites\/20\/2023\/10\/2021-27-cep-resolucao.pdf\" target=\"_blank\">ABRIR<\/a><\/td><td style=\"color: #000000; background-color: #FFFFFF;\"><\/td><\/tr><tr><td style=\"color: #666666; background-color: #FFFFFF;\">Resolu\u00e7\u00e3o<\/td><td style=\"color: #666666; background-color: #FFFFFF;\">C\u00e2mara de Educa\u00e7\u00e3o Profissional<\/td><td style=\"color: #666666; background-color: #FFFFFF;\">28\/2021<\/td><td style=\"color: #666666; background-color: #FFFFFF;\">25\/02\/2021<\/td><td style=\"color: #666666; background-color: #FFFFFF;\">Disp\u00f5e sobre a renova\u00e7\u00e3o da autoriza\u00e7\u00e3o do Curso T\u00e9cnico em Radiologia, do Centro Prime de Ensino - Trindade\/GO e d\u00e1 outras provid\u00eancias.\n<\/td><td style=\"color: #0000FF; background-color: #FFFFFF;text-decoration: underline;\"><a href=\"https:\/\/goias.gov.br\/cee\/wp-content\/uploads\/sites\/20\/2023\/10\/2021-28-cep-resolucao.pdf\" target=\"_blank\">ABRIR<\/a><\/td><td style=\"color: #000000; background-color: #FFFFFF;\"><\/td><\/tr><tr><td style=\"color: #666666; background-color: #FFFFFF;\">Resolu\u00e7\u00e3o<\/td><td style=\"color: #666666; background-color: #FFFFFF;\">C\u00e2mara de Educa\u00e7\u00e3o Profissional<\/td><td style=\"color: #666666; background-color: #FFFFFF;\">29\/2021<\/td><td style=\"color: #666666; background-color: #FFFFFF;\">25\/02\/2021<\/td><td style=\"color: #666666; background-color: #FFFFFF;\">Disp\u00f5e sobre a renova\u00e7\u00e3o da autoriza\u00e7\u00e3o do curso T\u00e9cnico em Enfermagem, do Centro Tecnol\u00f3gico Paula Pasquali em Quirin\u00f3polis\/GO e d\u00e1 outras provid\u00eancias.\n<\/td><td style=\"color: #0000FF; background-color: #FFFFFF;text-decoration: underline;\"><a href=\"https:\/\/goias.gov.br\/cee\/wp-content\/uploads\/sites\/20\/2023\/10\/2021-29-cep-resolucao.pdf\" target=\"_blank\">ABRIR<\/a><\/td><td style=\"color: #000000; background-color: #FFFFFF;\"><\/td><\/tr><tr><td style=\"color: #666666; background-color: #FFFFFF;\">Resolu\u00e7\u00e3o<\/td><td style=\"color: #666666; background-color: #FFFFFF;\">C\u00e2mara de Educa\u00e7\u00e3o Profissional<\/td><td style=\"color: #666666; background-color: #FFFFFF;\">30\/2021<\/td><td style=\"color: #666666; background-color: #FFFFFF;\">04\/03\/2021<\/td><td style=\"color: #666666; background-color: #FFFFFF;\">Disp\u00f5e sobre o recredenciamento e a renova\u00e7\u00e3o da autoriza\u00e7\u00e3o do Curso T\u00e9cnico em Enfermagem, do Centro Educacional CETESI em Formosa\/GO e d\u00e1 outras provid\u00eancias.\n<\/td><td style=\"color: #0000FF; background-color: #FFFFFF;text-decoration: underline;\"><a href=\"https:\/\/goias.gov.br\/cee\/wp-content\/uploads\/sites\/20\/2023\/10\/2021-30-cep-resolucao.pdf\" target=\"_blank\">ABRIR<\/a><\/td><td style=\"color: #000000; background-color: #FFFFFF;\"><\/td><\/tr><tr><td style=\"color: #666666; background-color: #FFFFFF;\">Resolu\u00e7\u00e3o<\/td><td style=\"color: #666666; background-color: #FFFFFF;\">C\u00e2mara de Educa\u00e7\u00e3o Profissional<\/td><td style=\"color: #666666; background-color: #FFFFFF;\">31\/2021<\/td><td style=\"color: #666666; background-color: #FFFFFF;\">11\/03\/2021<\/td><td style=\"color: #666666; background-color: #FFFFFF;\">Disp\u00f5e sobre o credenciamento e a autoriza\u00e7\u00e3o do curso T\u00e9cnico em Enfermagem, do MINDTEC Trindade, em Trindade\/GO e d\u00e1 outras provid\u00eancias.\n<\/td><td style=\"color: #0000FF; background-color: #FFFFFF;text-decoration: underline;\"><a href=\"https:\/\/goias.gov.br\/cee\/wp-content\/uploads\/sites\/20\/2023\/10\/2021-31-cep-resolucao.pdf\" target=\"_blank\">ABRIR<\/a><\/td><td style=\"color: #000000; background-color: #FFFFFF;\"><\/td><\/tr><tr><td style=\"color: #666666; background-color: #FFFFFF;\">Resolu\u00e7\u00e3o<\/td><td style=\"color: #666666; background-color: #FFFFFF;\">C\u00e2mara de Educa\u00e7\u00e3o Profissional<\/td><td style=\"color: #666666; background-color: #FFFFFF;\">32\/2021<\/td><td style=\"color: #666666; background-color: #FFFFFF;\">11\/03\/2021<\/td><td style=\"color: #666666; background-color: #FFFFFF;\">Disp\u00f5e sobre o credenciamento e a autoriza\u00e7\u00e3o do curso T\u00e9cnico em Enfermagem do Centro de Ensino Profissional Irm\u00e3 Dulce, em Inhumas\/GO e d\u00e1 outras provid\u00eancias.<\/td><td style=\"color: #0000FF; background-color: #FFFFFF;text-decoration: underline;\"><a href=\"https:\/\/goias.gov.br\/cee\/wp-content\/uploads\/sites\/20\/2023\/10\/2021-30-cep-resolucao.pdf\" target=\"_blank\">ABRIR<\/a><\/td><td style=\"color: #000000; background-color: #FFFFFF;\"><\/td><\/tr><tr><td style=\"color: #666666; background-color: #FFFFFF;\">Resolu\u00e7\u00e3o<\/td><td style=\"color: #666666; background-color: #FFFFFF;\">C\u00e2mara de Educa\u00e7\u00e3o Profissional<\/td><td style=\"color: #666666; background-color: #FFFFFF;\">33\/2021<\/td><td style=\"color: #666666; background-color: #FFFFFF;\">11\/03\/2021<\/td><td style=\"color: #666666; background-color: #FFFFFF;\">Disp\u00f5e sobre a renova\u00e7\u00e3o da autoriza\u00e7\u00e3o do curso T\u00e9cnico em Radiologia, da Faculdade e Col\u00e9gio Florence, em Planaltina\/GO e d\u00e1 outras provid\u00eancias.<\/td><td style=\"color: #0000FF; background-color: #FFFFFF;text-decoration: underline;\"><a href=\"https:\/\/goias.gov.br\/cee\/wp-content\/uploads\/sites\/20\/2023\/10\/2021-33-cep-resolucao.pdf\" target=\"_blank\">ABRIR<\/a><\/td><td style=\"color: #000000; background-color: #FFFFFF;\"><\/td><\/tr><tr><td style=\"color: #666666; background-color: #FFFFFF;\">Resolu\u00e7\u00e3o<\/td><td style=\"color: #666666; background-color: #FFFFFF;\">C\u00e2mara de Educa\u00e7\u00e3o Profissional<\/td><td style=\"color: #666666; background-color: #FFFFFF;\">34\/2021<\/td><td style=\"color: #666666; background-color: #FFFFFF;\">18\/03\/2021<\/td><td style=\"color: #666666; background-color: #FFFFFF;\">Disp\u00f5e sobre a renova\u00e7\u00e3o da autoriza\u00e7\u00e3o do Curso T\u00e9cnico em Necropsia e Anatomia Patol\u00f3gica, do Col\u00e9gio Montes Belos em S\u00e3o Lu\u00eds de Montes Belos\/GO e d\u00e1 outras provid\u00eancias.<\/td><td style=\"color: #0000FF; background-color: #FFFFFF;text-decoration: underline;\"><a href=\"https:\/\/goias.gov.br\/cee\/wp-content\/uploads\/sites\/20\/2023\/10\/2021-34-cep-resolucao.pdf\" target=\"_blank\">ABRIR<\/a><\/td><td style=\"color: #000000; background-color: #FFFFFF;\"><\/td><\/tr><tr><td style=\"color: #666666; background-color: #FFFFFF;\">Resolu\u00e7\u00e3o<\/td><td style=\"color: #666666; background-color: #FFFFFF;\">C\u00e2mara de Educa\u00e7\u00e3o Profissional<\/td><td style=\"color: #666666; background-color: #FFFFFF;\">35\/2021<\/td><td style=\"color: #666666; background-color: #FFFFFF;\">18\/03\/2021<\/td><td style=\"color: #666666; background-color: #FFFFFF;\">Disp\u00f5e sobre a renova\u00e7\u00e3o da autoriza\u00e7\u00e3o do Curso T\u00e9cnico em Seguran\u00e7a do Trabalho, do Centro Educacional CETESI em Formosa\/GO e d\u00e1 outras provid\u00eancias.\n<\/td><td style=\"color: #0000FF; background-color: #FFFFFF;text-decoration: underline;\"><a href=\"https:\/\/goias.gov.br\/cee\/wp-content\/uploads\/sites\/20\/2023\/10\/2021-35-cep-resolucao.pdf\" target=\"_blank\">ABRIR<\/a><\/td><td style=\"color: #000000; background-color: #FFFFFF;\"><\/td><\/tr><tr><td style=\"color: #666666; background-color: #FFFFFF;\">Resolu\u00e7\u00e3o<\/td><td style=\"color: #666666; background-color: #FFFFFF;\">C\u00e2mara de Educa\u00e7\u00e3o Profissional<\/td><td style=\"color: #666666; background-color: #FFFFFF;\">36\/2021<\/td><td style=\"color: #666666; background-color: #FFFFFF;\">18\/03\/2021<\/td><td style=\"color: #666666; background-color: #FFFFFF;\">Disp\u00f5e sobre a autoriza\u00e7\u00e3o do Projeto de Curso \u201cDocumento Curricular para Goi\u00e1s \u2013 Ampliado: Conhecer para Implementar\u201d, do Conselho Nacional de Secret\u00e1rios de Educa\u00e7\u00e3o; Secretaria de Estado da Educa\u00e7\u00e3o Goi\u00e1s-SEDUC e Uni\u00e3o Nacional dos Dirigentes Municipais de Educa\u00e7\u00e3o de Goi\u00e1s\/UNDIME, em Goi\u00e2nia\/GO e d\u00e1 outras, provid\u00eancias.<\/td><td style=\"color: #0000FF; background-color: #FFFFFF;text-decoration: underline;\"><a href=\"https:\/\/goias.gov.br\/cee\/wp-content\/uploads\/sites\/20\/2023\/10\/2021-36-cep-resolucao.pdf\" target=\"_blank\">ABRIR<\/a><\/td><td style=\"color: #000000; background-color: #FFFFFF;\"><\/td><\/tr><tr><td style=\"color: #666666; background-color: #FFFFFF;\">Resolu\u00e7\u00e3o<\/td><td style=\"color: #666666; background-color: #FFFFFF;\">C\u00e2mara de Educa\u00e7\u00e3o Profissional<\/td><td style=\"color: #666666; background-color: #FFFFFF;\">37\/2021<\/td><td style=\"color: #666666; background-color: #FFFFFF;\">18\/03\/2021<\/td><td style=\"color: #666666; background-color: #FFFFFF;\">Disp\u00f5e sobre o credenciamento e autoriza\u00e7\u00e3o do Curso T\u00e9cnico em Sa\u00fade Bucal\/EaD do CEAPES, em Goi\u00e2nia\/GO e d\u00e1 outras provid\u00eancias.<\/td><td style=\"color: #0000FF; background-color: #FFFFFF;text-decoration: underline;\"><a href=\"https:\/\/goias.gov.br\/cee\/wp-content\/uploads\/sites\/20\/2023\/10\/2021-37-cep-resolucao.pdf\" target=\"_blank\">ABRIR<\/a><\/td><td style=\"color: #000000; background-color: #FFFFFF;\"><\/td><\/tr><tr><td style=\"color: #666666; background-color: #FFFFFF;\">Resolu\u00e7\u00e3o<\/td><td style=\"color: #666666; background-color: #FFFFFF;\">C\u00e2mara de Educa\u00e7\u00e3o Profissional<\/td><td style=\"color: #666666; background-color: #FFFFFF;\">38\/2021<\/td><td style=\"color: #666666; background-color: #FFFFFF;\">25\/03\/2021<\/td><td style=\"color: #666666; background-color: #FFFFFF;\">Disp\u00f5e sobre o recredenciamento e a autoriza\u00e7\u00e3o do curso T\u00e9cnico em Enfermagem, da FAI - Faculdade de Ipor\u00e1, na cidade de Ipor\u00e1\/GO e d\u00e1 outras provid\u00eancias.\n<\/td><td style=\"color: #0000FF; background-color: #FFFFFF;text-decoration: underline;\"><a href=\"https:\/\/goias.gov.br\/cee\/wp-content\/uploads\/sites\/20\/2023\/10\/2021-38-cep-resolucao.pdf\" target=\"_blank\">ABRIR<\/a><\/td><td style=\"color: #000000; background-color: #FFFFFF;\"><\/td><\/tr><tr><td style=\"color: #666666; background-color: #FFFFFF;\">Resolu\u00e7\u00e3o<\/td><td style=\"color: #666666; background-color: #FFFFFF;\">C\u00e2mara de Educa\u00e7\u00e3o Profissional<\/td><td style=\"color: #666666; background-color: #FFFFFF;\">39\/2021<\/td><td style=\"color: #666666; background-color: #FFFFFF;\">25\/03\/2021<\/td><td style=\"color: #666666; background-color: #FFFFFF;\">Disp\u00f5e sobre a renova\u00e7\u00e3o da autoriza\u00e7\u00e3o do curso T\u00e9cnico em Radiologia, da FAI - Faculdade de Ipor\u00e1 - Ipor\u00e1\/GO e d\u00e1 outras provid\u00eancias.\n<\/td><td style=\"color: #0000FF; background-color: #FFFFFF;text-decoration: underline;\"><a href=\"https:\/\/goias.gov.br\/cee\/wp-content\/uploads\/sites\/20\/2023\/10\/2021-39-cep-resolucao.pdf\" target=\"_blank\">ABRIR<\/a><\/td><td style=\"color: #000000; background-color: #FFFFFF;\"><\/td><\/tr><tr><td style=\"color: #666666; background-color: #FFFFFF;\">Resolu\u00e7\u00e3o<\/td><td style=\"color: #666666; background-color: #FFFFFF;\">C\u00e2mara de Educa\u00e7\u00e3o Profissional<\/td><td style=\"color: #666666; background-color: #FFFFFF;\">40\/2021<\/td><td style=\"color: #666666; background-color: #FFFFFF;\">25\/03\/2021<\/td><td style=\"color: #666666; background-color: #FFFFFF;\">Disp\u00f5e sobre a autoriza\u00e7\u00e3o do Curso T\u00e9cnico em Cuidados de Idosos, pela FAI - Faculdade de Ipor\u00e1, na Cidade de Ipor\u00e1\/GO e d\u00e1 outras provid\u00eancias.<\/td><td style=\"color: #0000FF; background-color: #FFFFFF;text-decoration: underline;\"><a href=\"https:\/\/goias.gov.br\/cee\/wp-content\/uploads\/sites\/20\/2023\/10\/2021-40-cep-resolucao.pdf\" target=\"_blank\">ABRIR<\/a><\/td><td style=\"color: #000000; background-color: #FFFFFF;\"><\/td><\/tr><tr><td style=\"color: #666666; background-color: #FFFFFF;\">Resolu\u00e7\u00e3o<\/td><td style=\"color: #666666; background-color: #FFFFFF;\">C\u00e2mara de Educa\u00e7\u00e3o Profissional<\/td><td style=\"color: #666666; background-color: #FFFFFF;\">41\/2021<\/td><td style=\"color: #666666; background-color: #FFFFFF;\">08\/04\/2021<\/td><td style=\"color: #666666; background-color: #FFFFFF;\">Disp\u00f5e sobre o credenciamento e a autoriza\u00e7\u00e3o do Curso T\u00e9cnico em Enfermagem do Instituto Canedo Cursos T\u00e9cnicos em Senador Canedo\/GO e d\u00e1 outras provid\u00eancias.<\/td><td style=\"color: #0000FF; background-color: #FFFFFF;text-decoration: underline;\"><a href=\"https:\/\/goias.gov.br\/cee\/wp-content\/uploads\/sites\/20\/2023\/10\/2021-41-cep-resolucao.pdf\" target=\"_blank\">ABRIR<\/a><\/td><td style=\"color: #000000; background-color: #FFFFFF;\"><\/td><\/tr><tr><td style=\"color: #666666; background-color: #FFFFFF;\">Resolu\u00e7\u00e3o<\/td><td style=\"color: #666666; background-color: #FFFFFF;\">C\u00e2mara de Educa\u00e7\u00e3o Profissional<\/td><td style=\"color: #666666; background-color: #FFFFFF;\">42\/2021<\/td><td style=\"color: #666666; background-color: #FFFFFF;\">08\/04\/2021<\/td><td style=\"color: #666666; background-color: #FFFFFF;\">Disp\u00f5e sobre a autoriza\u00e7\u00e3o do curso \u201cB\u00e1sico de L\u00edngua Portuguesa Para Surdos\u201d do Centro de Capacita\u00e7\u00e3o de Profissionais da Educa\u00e7\u00e3o e de Atendimento \u00e0s Pessoas com Surdez\/CAS, Goi\u00e2nia\/GO e d\u00e1 outras provid\u00eancias.<\/td><td style=\"color: #0000FF; background-color: #FFFFFF;text-decoration: underline;\"><a href=\"https:\/\/goias.gov.br\/cee\/wp-content\/uploads\/sites\/20\/2023\/10\/2021-42-cep-resolucao.pdf\" target=\"_blank\">ABRIR<\/a><\/td><td style=\"color: #000000; background-color: #FFFFFF;\"><\/td><\/tr><tr><td style=\"color: #666666; background-color: #FFFFFF;\">Resolu\u00e7\u00e3o<\/td><td style=\"color: #666666; background-color: #FFFFFF;\">C\u00e2mara de Educa\u00e7\u00e3o Profissional<\/td><td style=\"color: #666666; background-color: #FFFFFF;\">43\/2021<\/td><td style=\"color: #666666; background-color: #FFFFFF;\">08\/04\/2021<\/td><td style=\"color: #666666; background-color: #FFFFFF;\">Disp\u00f5e sobre a autoriza\u00e7\u00e3o do curso \u201cInstrumental de L\u00edngua Brasileira de Sinais - Libras na \u00c1rea da Seguran\u00e7a nas Escolas\u201d do Centro deCapacita\u00e7\u00e3o de Profissionais da Educa\u00e7\u00e3o e de Atendimento \u00e0s Pessoas com Surdez\/CAS, Goi\u00e2nia\/GO e d\u00e1 outras provid\u00eancias.\n<\/td><td style=\"color: #0000FF; background-color: #FFFFFF;text-decoration: underline;\"><a href=\"https:\/\/siteshom.goias.gov.br\/cee\/wp-content\/uploads\/sites\/20\/2023\/10\/2021-43-cep-resolucao.pdf\" target=\"_blank\">ABRIR<\/a><\/td><td style=\"color: #000000; background-color: #FFFFFF;\"><\/td><\/tr><tr><td style=\"color: #666666; background-color: #FFFFFF;\">Resolu\u00e7\u00e3o<\/td><td style=\"color: #666666; background-color: #FFFFFF;\">C\u00e2mara de Educa\u00e7\u00e3o Profissional<\/td><td style=\"color: #666666; background-color: #FFFFFF;\">44\/2021<\/td><td style=\"color: #666666; background-color: #FFFFFF;\">15\/04\/2021<\/td><td style=\"color: #666666; background-color: #FFFFFF;\">Disp\u00f5e sobre o credenciamento e autoriza\u00e7\u00e3o do curso T\u00e9cnico em Podologia do Instituto de Podologia e Sa\u00fade Goi\u00e2nia, em Goi\u00e2nia\/GO e d\u00e1 outras provid\u00eancias.\n<\/td><td style=\"color: #0000FF; background-color: #FFFFFF;text-decoration: underline;\"><a href=\"https:\/\/goias.gov.br\/cee\/wp-content\/uploads\/sites\/20\/2023\/10\/2021-44-cep-resolucao.pdf\" target=\"_blank\">ABRIR<\/a><\/td><td style=\"color: #000000; background-color: #FFFFFF;\"><\/td><\/tr><tr><td style=\"color: #666666; background-color: #FFFFFF;\">Resolu\u00e7\u00e3o<\/td><td style=\"color: #666666; background-color: #FFFFFF;\">C\u00e2mara de Educa\u00e7\u00e3o Profissional<\/td><td style=\"color: #666666; background-color: #FFFFFF;\">45\/2021<\/td><td style=\"color: #666666; background-color: #FFFFFF;\">15\/04\/2021<\/td><td style=\"color: #666666; background-color: #FFFFFF;\">Disp\u00f5e sobre a aprova\u00e7\u00e3o do relat\u00f3rio do curso \u201cAtendimento Educacional Especializado em Altas Habilidades\/Superdota\u00e7\u00e3o - EaD do NAAHS - N\u00facleo de Atividades de Altas habilidades\/Superdota\u00e7\u00e3o,Goi\u00e2nia\/GO e d\u00e1 outras provid\u00eancias.\n<\/td><td style=\"color: #0000FF; background-color: #FFFFFF;text-decoration: underline;\"><a href=\"https:\/\/goias.gov.br\/cee\/wp-content\/uploads\/sites\/20\/2023\/10\/2021-45-cep-resolucao.pdf\" target=\"_blank\">ABRIR<\/a><\/td><td style=\"color: #000000; background-color: #FFFFFF;\"><\/td><\/tr><tr><td style=\"color: #666666; background-color: #FFFFFF;\">Resolu\u00e7\u00e3o<\/td><td style=\"color: #666666; background-color: #FFFFFF;\">C\u00e2mara de Educa\u00e7\u00e3o Profissional<\/td><td style=\"color: #666666; background-color: #FFFFFF;\">46\/2021<\/td><td style=\"color: #666666; background-color: #FFFFFF;\">15\/04\/2021<\/td><td style=\"color: #666666; background-color: #FFFFFF;\">Disp\u00f5e sobre a aprova\u00e7\u00e3o de relat\u00f3rio dos dos cursos: \"Conta\u00e7\u00e3o de Hist\u00f3rias: Papel Dobrado e Palavras Coloridas; Desenho e Hist\u00f3ria da\nArte; Jogos Corporais e Espa\u00e7os C\u00eanicos: Cria\u00e7\u00f5es em Dan\u00e7a Atrav\u00e9s da Escola; Fundamentos de Arranjo e Composi\u00e7\u00e3o Para Bandas, do Centro de Estudo e Pesquisa Ciranda da Arte\" em Goi\u00e2nia\/GO e d\u00e1 outras provid\u00eancias.\n<\/td><td style=\"color: #0000FF; background-color: #FFFFFF;text-decoration: underline;\"><a href=\"https:\/\/goias.gov.br\/cee\/wp-content\/uploads\/sites\/20\/2023\/10\/2021-46-cep-resolucao.pdf\" target=\"_blank\">ABRIR<\/a><\/td><td style=\"color: #000000; background-color: #FFFFFF;\"><\/td><\/tr><tr><td style=\"color: #666666; background-color: #FFFFFF;\">Resolu\u00e7\u00e3o<\/td><td style=\"color: #666666; background-color: #FFFFFF;\">C\u00e2mara de Educa\u00e7\u00e3o Profissional<\/td><td style=\"color: #666666; background-color: #FFFFFF;\">47\/2021<\/td><td style=\"color: #666666; background-color: #FFFFFF;\">15\/04\/2021<\/td><td style=\"color: #666666; background-color: #FFFFFF;\">Disp\u00f5e sobre a autoriza\u00e7\u00e3o do curso T\u00e9cnico em Radiologia\/EaD da Escola Nossa Senhora Aparecida em Luzi\u00e2nia\/GO e d\u00e1 outras provid\u00eancias.<\/td><td style=\"color: #0000FF; background-color: #FFFFFF;text-decoration: underline;\"><a href=\"https:\/\/goias.gov.br\/cee\/wp-content\/uploads\/sites\/20\/2023\/10\/2021-47-cep-resolucao.pdf\" target=\"_blank\">ABRIR<\/a><\/td><td style=\"color: #000000; background-color: #FFFFFF;\"><\/td><\/tr><tr><td style=\"color: #666666; background-color: #FFFFFF;\">Resolu\u00e7\u00e3o<\/td><td style=\"color: #666666; background-color: #FFFFFF;\">C\u00e2mara de Educa\u00e7\u00e3o Profissional<\/td><td style=\"color: #666666; background-color: #FFFFFF;\">48\/2021<\/td><td style=\"color: #666666; background-color: #FFFFFF;\">22\/04\/2021<\/td><td style=\"color: #666666; background-color: #FFFFFF;\">Disp\u00f5e sobre a aprova\u00e7\u00e3o do relat\u00f3rio dos cursos: \u201cTic\u00b4s; Ludoteca; Psicomotricidade; Conta\u00e7\u00e3o de hist\u00f3rias; Rotinas pedag\u00f3gicas; L\u00edngua portuguesa\" do Instituto Consci\u00eancia - ICG, em Goi\u00e2nia\/GO e d\u00e1 outras provid\u00eancias.<\/td><td style=\"color: #0000FF; background-color: #FFFFFF;text-decoration: underline;\"><a href=\"https:\/\/goias.gov.br\/cee\/wp-content\/uploads\/sites\/20\/2023\/10\/2021-48-cep-resolucao.pdf\" target=\"_blank\">ABRIR<\/a><\/td><td style=\"color: #000000; background-color: #FFFFFF;\"><\/td><\/tr><tr><td style=\"color: #666666; background-color: #FFFFFF;\">Resolu\u00e7\u00e3o<\/td><td style=\"color: #666666; background-color: #FFFFFF;\">C\u00e2mara de Educa\u00e7\u00e3o Profissional<\/td><td style=\"color: #666666; background-color: #FFFFFF;\">49\/2021<\/td><td style=\"color: #666666; background-color: #FFFFFF;\">22\/04\/2021<\/td><td style=\"color: #666666; background-color: #FFFFFF;\">Disp\u00f5e sobre a aprova\u00e7\u00e3o do relat\u00f3rio do curso: \u201cFundamentos da Gest\u00e3o da Qualidade, Produtividade e Tecnologias Aplicadas\u201d, do Instituto Consci\u00eancia - ICG em Goi\u00e2nia\/GO e d\u00e1 outras provid\u00eancias.<\/td><td style=\"color: #0000FF; background-color: #FFFFFF;text-decoration: underline;\"><a href=\"https:\/\/goias.gov.br\/cee\/wp-content\/uploads\/sites\/20\/2023\/10\/2021-49-cep-resolucao.pdf\" target=\"_blank\">ABRIR<\/a><\/td><td style=\"color: #000000; background-color: #FFFFFF;\"><\/td><\/tr><tr><td style=\"color: #666666; background-color: #FFFFFF;\">Resolu\u00e7\u00e3o<\/td><td style=\"color: #666666; background-color: #FFFFFF;\">C\u00e2mara de Educa\u00e7\u00e3o Profissional<\/td><td style=\"color: #666666; background-color: #FFFFFF;\">50\/2021<\/td><td style=\"color: #666666; background-color: #FFFFFF;\">22\/04\/2021<\/td><td style=\"color: #666666; background-color: #FFFFFF;\">Disp\u00f5e sobre a aprova\u00e7\u00e3o do relat\u00f3rio dos cursos: \u201cMetodologias Ativas e Conta\u00e7\u00e3o de Hist\u00f3ria\u201d do Instituto Consci\u00eancia - ICG em Goi\u00e2nia\/GO e d\u00e1 outras provid\u00eancias.<\/td><td style=\"color: #0000FF; background-color: #FFFFFF;text-decoration: underline;\"><a href=\"https:\/\/goias.gov.br\/cee\/wp-content\/uploads\/sites\/20\/2023\/10\/2021-50-cep-resolucao.pdf\" target=\"_blank\">ABRIR<\/a><\/td><td style=\"color: #000000; background-color: #FFFFFF;\"><\/td><\/tr><tr><td style=\"color: #666666; background-color: #FFFFFF;\">Resolu\u00e7\u00e3o<\/td><td style=\"color: #666666; background-color: #FFFFFF;\">C\u00e2mara de Educa\u00e7\u00e3o Profissional<\/td><td style=\"color: #666666; background-color: #FFFFFF;\">51\/2021<\/td><td style=\"color: #666666; background-color: #FFFFFF;\">29\/04\/2021<\/td><td style=\"color: #666666; background-color: #FFFFFF;\">Disp\u00f5e sobre a autoriza\u00e7\u00e3o do curso T\u00e9cnico em An\u00e1lises Cl\u00ednicas do Grau T\u00e9cnico \u2013 Unidade Goi\u00e2nia - Centro \u2013 Goi\u00e2nia\/GO e d\u00e1 outras provid\u00eancias<\/td><td style=\"color: #0000FF; background-color: #FFFFFF;text-decoration: underline;\"><a href=\"https:\/\/goias.gov.br\/cee\/wp-content\/uploads\/sites\/20\/2023\/10\/2021-51-cep-resolucao.pdf\" target=\"_blank\">ABRIR<\/a><\/td><td style=\"color: #000000; background-color: #FFFFFF;\"><\/td><\/tr><tr><td style=\"color: #666666; background-color: #FFFFFF;\">Resolu\u00e7\u00e3o<\/td><td style=\"color: #666666; background-color: #FFFFFF;\">C\u00e2mara de Educa\u00e7\u00e3o Profissional<\/td><td style=\"color: #666666; background-color: #FFFFFF;\">52\/2021<\/td><td style=\"color: #666666; background-color: #FFFFFF;\">29\/04\/2021<\/td><td style=\"color: #666666; background-color: #FFFFFF;\">Disp\u00f5e sobre o recredenciamento e autoriza\u00e7\u00e3o do curso T\u00e9cnico em Sa\u00fade Bucal, do Col\u00e9gio Tecnol\u00f3gico do Estado de Goi\u00e1s Jer\u00f4nimo Carlos do Prado \u2013 Goiatuba\/GO e d\u00e1 outras provid\u00eancias.<\/td><td style=\"color: #0000FF; background-color: #FFFFFF;text-decoration: underline;\"><a href=\"https:\/\/goias.gov.br\/cee\/wp-content\/uploads\/sites\/20\/2023\/10\/2021-52-cep-resolucao.pdf\" target=\"_blank\">ABRIR<\/a><\/td><td style=\"color: #000000; background-color: #FFFFFF;\"><\/td><\/tr><tr><td style=\"color: #666666; background-color: #FFFFFF;\">Resolu\u00e7\u00e3o<\/td><td style=\"color: #666666; background-color: #FFFFFF;\">C\u00e2mara de Educa\u00e7\u00e3o Profissional<\/td><td style=\"color: #666666; background-color: #FFFFFF;\">53\/2021<\/td><td style=\"color: #666666; background-color: #FFFFFF;\">06\/05\/2021<\/td><td style=\"color: #666666; background-color: #FFFFFF;\">Disp\u00f5e sobre a autoriza\u00e7\u00e3o do curso T\u00e9cnico em An\u00e1lises Cl\u00ednicas do Col\u00e9gio Tecnol\u00f3gico do Estado de Goi\u00e1s Jer\u00f4nimo Carlos do Prado, Goiatuba\/GO e d\u00e1 outras provid\u00eancias.\n<\/td><td style=\"color: #0000FF; background-color: #FFFFFF;text-decoration: underline;\"><a href=\"https:\/\/goias.gov.br\/cee\/wp-content\/uploads\/sites\/20\/2023\/10\/2021-53-cep-resolucao.pdf\" target=\"_blank\">ABRIR<\/a><\/td><td style=\"color: #000000; background-color: #FFFFFF;\"><\/td><\/tr><tr><td style=\"color: #666666; background-color: #FFFFFF;\">Resolu\u00e7\u00e3o<\/td><td style=\"color: #666666; background-color: #FFFFFF;\">C\u00e2mara de Educa\u00e7\u00e3o Profissional<\/td><td style=\"color: #666666; background-color: #FFFFFF;\">54\/2021<\/td><td style=\"color: #666666; background-color: #FFFFFF;\">06\/05\/2021<\/td><td style=\"color: #666666; background-color: #FFFFFF;\">Disp\u00f5e sobre a autoriza\u00e7\u00e3o do curso T\u00e9cnico em A\u00e7\u00facar e \u00c1lcool do Col\u00e9gio Tecnol\u00f3gico de Goi\u00e1s Jer\u00f4nimo Carlos do Prado, em Goiatuba\/GO e d\u00e1 outras provid\u00eancias.<\/td><td style=\"color: #0000FF; background-color: #FFFFFF;text-decoration: underline;\"><a href=\"https:\/\/goias.gov.br\/cee\/wp-content\/uploads\/sites\/20\/2023\/10\/2021-54-cep-resolucao.pdf\" target=\"_blank\">ABRIR<\/a><\/td><td style=\"color: #000000; background-color: #FFFFFF;\"><\/td><\/tr><tr><td style=\"color: #666666; background-color: #FFFFFF;\">Resolu\u00e7\u00e3o<\/td><td style=\"color: #666666; background-color: #FFFFFF;\">C\u00e2mara de Educa\u00e7\u00e3o Profissional<\/td><td style=\"color: #666666; background-color: #FFFFFF;\">55\/2021<\/td><td style=\"color: #666666; background-color: #FFFFFF;\">13\/05\/2021<\/td><td style=\"color: #666666; background-color: #FFFFFF;\">Disp\u00f5e sobre a autoriza\u00e7\u00e3o dos cursos: \u201cDist\u00farbio de Processamento Auditivo Central-DPAC; Libras I; Consci\u00eancia Fonol\u00f3gica\u201d do Instituto \u00cdcone em \u00c1guas Lindas de Goi\u00e1s\/GO e d\u00e1 outras provid\u00eancias.<\/td><td style=\"color: #0000FF; background-color: #FFFFFF;text-decoration: underline;\"><a href=\"https:\/\/goias.gov.br\/cee\/wp-content\/uploads\/sites\/20\/2023\/10\/2021-55-cep-resolucao.pdf\" target=\"_blank\">ABRIR<\/a><\/td><td style=\"color: #000000; background-color: #FFFFFF;\"><\/td><\/tr><tr><td style=\"color: #666666; background-color: #FFFFFF;\">Resolu\u00e7\u00e3o<\/td><td style=\"color: #666666; background-color: #FFFFFF;\">C\u00e2mara de Educa\u00e7\u00e3o Profissional<\/td><td style=\"color: #666666; background-color: #FFFFFF;\">56\/2021<\/td><td style=\"color: #666666; background-color: #FFFFFF;\">13\/05\/2021<\/td><td style=\"color: #666666; background-color: #FFFFFF;\">Disp\u00f5e sobre a aprova\u00e7\u00e3o de relat\u00f3rio do curso \u201cEstrat\u00e9gias e Metodologias: L\u00edngua Portuguesa como segunda L\u00edngua para Surdos - M\u00f3dulo I, II e III\u201d do Centro de Capacita\u00e7\u00e3o de Profissionais da Educa\u00e7\u00e3o e de Atendimento \u00e0s Pessoas com Surdez \/CAS - Goi\u00e2nia\/GO e d\u00e1 outras provid\u00eancias.\n<\/td><td style=\"color: #0000FF; background-color: #FFFFFF;text-decoration: underline;\"><a href=\"https:\/\/goias.gov.br\/cee\/wp-content\/uploads\/sites\/20\/2023\/10\/2021-56-cep-resolucao.pdf\" target=\"_blank\">ABRIR<\/a><\/td><td style=\"color: #000000; background-color: #FFFFFF;\"><\/td><\/tr><tr><td style=\"color: #666666; background-color: #FFFFFF;\">Resolu\u00e7\u00e3o<\/td><td style=\"color: #666666; background-color: #FFFFFF;\">C\u00e2mara de Educa\u00e7\u00e3o Profissional<\/td><td style=\"color: #666666; background-color: #FFFFFF;\">57\/2021<\/td><td style=\"color: #666666; background-color: #FFFFFF;\">13\/05\/2021<\/td><td style=\"color: #666666; background-color: #FFFFFF;\">Disp\u00f5e sobre a autoriza\u00e7\u00e3o do curso \u201cNovo Ensino M\u00e9dio: Desafios e Pr\u00e1ticas Curso de Forma\u00e7\u00e3o para Professores\u201d - do Focus do Saber - Goi\u00e2nia\/GO e d\u00e1 outras provid\u00eancias.\n<\/td><td style=\"color: #0000FF; background-color: #FFFFFF;text-decoration: underline;\"><a href=\"https:\/\/goias.gov.br\/cee\/wp-content\/uploads\/sites\/20\/2023\/10\/2021-57-cep-resolucao.pdf\" target=\"_blank\">ABRIR<\/a><\/td><td style=\"color: #000000; background-color: #FFFFFF;\"><\/td><\/tr><tr><td style=\"color: #666666; background-color: #FFFFFF;\">Resolu\u00e7\u00e3o<\/td><td style=\"color: #666666; background-color: #FFFFFF;\">C\u00e2mara de Educa\u00e7\u00e3o Profissional<\/td><td style=\"color: #666666; background-color: #FFFFFF;\">58\/2021<\/td><td style=\"color: #666666; background-color: #FFFFFF;\">13\/05\/2021<\/td><td style=\"color: #666666; background-color: #FFFFFF;\">Disp\u00f5e sobre a autoriza\u00e7\u00e3o dos cursos \u201cHabilidades pela Pr\u00e1tica Curricular (Hpc) \u2013 Artes Visuais; Habilidades pela Pr\u00e1tica Curricular (hpc) \u2013 dan\u00e7a; Habilidades pela Pr\u00e1tica Curricular (hpc) \u2013 m\u00fasica; Habilidades pela Pr\u00e1tica Curricular (hpc) \u2013 teatro; Voz e Express\u00e3o; Escola das Teclas \u2013 do zero ao topo; Introdu\u00e7\u00e3o ao Baixo El\u00e9trico; Desenvolvendo o Ritmo a partir do Corpo Humano; Canto Livre\u201d - Goi\u00e2nia\/GO e d\u00e1 outras provid\u00eancias.\n<\/td><td style=\"color: #0000FF; background-color: #FFFFFF;text-decoration: underline;\"><a href=\"https:\/\/goias.gov.br\/cee\/wp-content\/uploads\/sites\/20\/2023\/10\/2021-58-cep-resolucao.pdf\" target=\"_blank\">ABRIR<\/a><\/td><td style=\"color: #000000; background-color: #FFFFFF;\"><\/td><\/tr><tr><td style=\"color: #666666; background-color: #FFFFFF;\">Resolu\u00e7\u00e3o<\/td><td style=\"color: #666666; background-color: #FFFFFF;\">C\u00e2mara de Educa\u00e7\u00e3o Profissional<\/td><td style=\"color: #666666; background-color: #FFFFFF;\">59\/2021<\/td><td style=\"color: #666666; background-color: #FFFFFF;\">13\/05\/2021<\/td><td style=\"color: #666666; background-color: #FFFFFF;\">Disp\u00f5e sobre a retifica\u00e7\u00e3o da Resolu\u00e7\u00e3o CEE\/CEP N. 52 de 29 de abril de 2021, referente \u00e0 autoriza\u00e7\u00e3o do curso T\u00e9cnico em Sa\u00fade Bucal, do Col\u00e9gio Tecnol\u00f3gico do Estado de Goi\u00e1s Jer\u00f4nimo Carlos do Prado \u2013 Goiatuba\/GO e d\u00e1 outras provid\u00eancias.\n<\/td><td style=\"color: #0000FF; background-color: #FFFFFF;text-decoration: underline;\"><a href=\"https:\/\/goias.gov.br\/cee\/wp-content\/uploads\/sites\/20\/2023\/10\/2021-59-cep-resolucao.pdf\" target=\"_blank\">ABRIR<\/a><\/td><td style=\"color: #000000; background-color: #FFFFFF;\"><\/td><\/tr><tr><td style=\"color: #666666; background-color: #FFFFFF;\">Resolu\u00e7\u00e3o<\/td><td style=\"color: #666666; background-color: #FFFFFF;\">C\u00e2mara de Educa\u00e7\u00e3o Profissional<\/td><td style=\"color: #666666; background-color: #FFFFFF;\">60\/2021<\/td><td style=\"color: #666666; background-color: #FFFFFF;\">13\/05\/2021<\/td><td style=\"color: #666666; background-color: #FFFFFF;\">Disp\u00f5e sobre a retifica\u00e7\u00e3o da Resolu\u00e7\u00e3o CEE\/CEP N. 46, de 15 de abril de 2021, referente a aprova\u00e7\u00e3o de relat\u00f3rio dos cursos: \"Conta\u00e7\u00e3o de Hist\u00f3rias: Papel Dobrado e Palavras Coloridas; Desenho e Hist\u00f3ria da Arte; Jogos Corporais e Espa\u00e7os C\u00eanicos: Cria\u00e7\u00f5es em Dan\u00e7a atrav\u00e9s da Escola; Fundamentos de Arranjo e Composi\u00e7\u00e3o para Bandas\u201d, do Centro de Estudo e Pesquisa Ciranda da Arte- Goi\u00e2nia\/GO e d\u00e1 outras provid\u00eancias.\n<\/td><td style=\"color: #0000FF; background-color: #FFFFFF;text-decoration: underline;\"><a href=\"https:\/\/goias.gov.br\/cee\/wp-content\/uploads\/sites\/20\/2023\/10\/2021-60-cep-resolucao.pdf\" target=\"_blank\">ABRIR<\/a><\/td><td style=\"color: #000000; background-color: #FFFFFF;\"><\/td><\/tr><tr><td style=\"color: #666666; background-color: #FFFFFF;\">Resolu\u00e7\u00e3o<\/td><td style=\"color: #666666; background-color: #FFFFFF;\">C\u00e2mara de Educa\u00e7\u00e3o Profissional<\/td><td style=\"color: #666666; background-color: #FFFFFF;\">61\/2021<\/td><td style=\"color: #666666; background-color: #FFFFFF;\">20\/05\/2021<\/td><td style=\"color: #666666; background-color: #FFFFFF;\">Disp\u00f5e sobre a autoriza\u00e7\u00e3o do curso \u201cLibras Como Segunda L\u00edngua Para Deficientes Auditivos\" do Centro de Capacita\u00e7\u00e3o de Profissionais da Educa\u00e7\u00e3o e de Atendimento \u00e0s Pessoas com Surdez\/CAS, Goi\u00e2nia\/GO e d\u00e1 outras provid\u00eancias.\n<\/td><td style=\"color: #0000FF; background-color: #FFFFFF;text-decoration: underline;\"><a href=\"https:\/\/goias.gov.br\/cee\/wp-content\/uploads\/sites\/20\/2023\/10\/2021-61-cep-resolucao.pdf\" target=\"_blank\">ABRIR<\/a><\/td><td style=\"color: #000000; background-color: #FFFFFF;\"><\/td><\/tr><tr><td style=\"color: #666666; background-color: #FFFFFF;\">Resolu\u00e7\u00e3o<\/td><td style=\"color: #666666; background-color: #FFFFFF;\">C\u00e2mara de Educa\u00e7\u00e3o Profissional<\/td><td style=\"color: #666666; background-color: #FFFFFF;\">62\/2021<\/td><td style=\"color: #666666; background-color: #FFFFFF;\">20\/05\/2021<\/td><td style=\"color: #666666; background-color: #FFFFFF;\">Disp\u00f5e sobre a aprova\u00e7\u00e3o do relat\u00f3rio do Curso \"Forma\u00e7\u00e3o para Tradutores Int\u00e9rpretes de Libras L\u00edngua Portuguesa\" do Centro de Capacita\u00e7\u00e3o de Profissionais da Educa\u00e7\u00e3o e de Atendimento \u00e0s Pessoas com Surdez - CAS, em Goi\u00e2nia\/GO e d\u00e1 outras provid\u00eancias.<\/td><td style=\"color: #0000FF; background-color: #FFFFFF;text-decoration: underline;\"><a href=\"https:\/\/goias.gov.br\/cee\/wp-content\/uploads\/sites\/20\/2023\/10\/2021-62-cep-resolucao.pdf\" target=\"_blank\">ABRIR<\/a><\/td><td style=\"color: #000000; background-color: #FFFFFF;\"><\/td><\/tr><tr><td style=\"color: #666666; background-color: #FFFFFF;\">Resolu\u00e7\u00e3o<\/td><td style=\"color: #666666; background-color: #FFFFFF;\">C\u00e2mara de Educa\u00e7\u00e3o Profissional<\/td><td style=\"color: #666666; background-color: #FFFFFF;\">63\/2021<\/td><td style=\"color: #666666; background-color: #FFFFFF;\">20\/05\/2021<\/td><td style=\"color: #666666; background-color: #FFFFFF;\">Disp\u00f5e sobre a aprova\u00e7\u00e3o do relat\u00f3rio do curso \u201cEstrat\u00e9gias e Metodologias da Libras como L1 e L\u00edngua Portuguesa como L2 para Surdos\" do Centro de Capacita\u00e7\u00e3o de Profissionais da Educa\u00e7\u00e3o e de Atendimento \u00e0s Pessoas com Surdez\/CAS, Goi\u00e2nia\/GO e d\u00e1 outras provid\u00eancias.\n<\/td><td style=\"color: #0000FF; background-color: #FFFFFF;text-decoration: underline;\"><a href=\"https:\/\/goias.gov.br\/cee\/wp-content\/uploads\/sites\/20\/2023\/10\/2021-63-cep-resolucao.pdf\" target=\"_blank\">ABRIR<\/a><\/td><td style=\"color: #000000; background-color: #FFFFFF;\"><\/td><\/tr><tr><td style=\"color: #666666; background-color: #FFFFFF;\">Resolu\u00e7\u00e3o<\/td><td style=\"color: #666666; background-color: #FFFFFF;\">C\u00e2mara de Educa\u00e7\u00e3o Profissional<\/td><td style=\"color: #666666; background-color: #FFFFFF;\">64\/2021<\/td><td style=\"color: #666666; background-color: #FFFFFF;\">20\/05\/2021<\/td><td style=\"color: #666666; background-color: #FFFFFF;\">Disp\u00f5e sobre a aprova\u00e7\u00e3o do relat\u00f3rio do Curso \u201cBase Nacional Comum Curricular\/BNCC- Inova\u00e7\u00f5es Metodol\u00f3gicas na Pr\u00e1tica de Ensino\" do Instituto Intelecto - INTEL, em Niquel\u00e2ndia\/GO e d\u00e1 outras provid\u00eancias.\n<\/td><td style=\"color: #0000FF; background-color: #FFFFFF;text-decoration: underline;\"><a href=\"https:\/\/goias.gov.br\/cee\/wp-content\/uploads\/sites\/20\/2023\/10\/2021-64-cep-resolucao.pdf\" target=\"_blank\">ABRIR<\/a><\/td><td style=\"color: #000000; background-color: #FFFFFF;\"><\/td><\/tr><tr><td style=\"color: #666666; background-color: #FFFFFF;\">Resolu\u00e7\u00e3o<\/td><td style=\"color: #666666; background-color: #FFFFFF;\">C\u00e2mara de Educa\u00e7\u00e3o Profissional<\/td><td style=\"color: #666666; background-color: #FFFFFF;\">65\/2021<\/td><td style=\"color: #666666; background-color: #FFFFFF;\">27\/05\/2021<\/td><td style=\"color: #666666; background-color: #FFFFFF;\">Disp\u00f5e sobre a aprova\u00e7\u00e3o do relat\u00f3rio do curso \u201cB\u00e1sico de L\u00edngua Portuguesa para Surdos\u201d do Centro de Capacita\u00e7\u00e3o de Profissionais da Educa\u00e7\u00e3o e de Atendimento \u00e0s Pessoas com Surdez\/CAS, Goi\u00e2nia\/GO e d\u00e1 outras provid\u00eancias.<\/td><td style=\"color: #0000FF; background-color: #FFFFFF;text-decoration: underline;\"><a href=\"https:\/\/goias.gov.br\/cee\/wp-content\/uploads\/sites\/20\/2023\/10\/2021-65-cep-resolucao.pdf\" target=\"_blank\">ABRIR<\/a><\/td><td style=\"color: #000000; background-color: #FFFFFF;\"><\/td><\/tr><tr><td style=\"color: #666666; background-color: #FFFFFF;\">Resolu\u00e7\u00e3o<\/td><td style=\"color: #666666; background-color: #FFFFFF;\">C\u00e2mara de Educa\u00e7\u00e3o Profissional<\/td><td style=\"color: #666666; background-color: #FFFFFF;\">66\/2021<\/td><td style=\"color: #666666; background-color: #FFFFFF;\">27\/05\/2021<\/td><td style=\"color: #666666; background-color: #FFFFFF;\">Disp\u00f5e sobre a aprova\u00e7\u00e3o do relat\u00f3rio do curso \"Comunicando com as M\u00e3os - L\u00edngua Brasileira de Sinais - LIBRAS\u201d do Centro Especial Elysio Campos, Goi\u00e2nia\/GO e d\u00e1 outras provid\u00eancias.\n<\/td><td style=\"color: #0000FF; background-color: #FFFFFF;text-decoration: underline;\"><a href=\"https:\/\/goias.gov.br\/cee\/wp-content\/uploads\/sites\/20\/2023\/10\/2021-66-cep-resolucao.pdf\" target=\"_blank\">ABRIR<\/a><\/td><td style=\"color: #000000; background-color: #FFFFFF;\"><\/td><\/tr><tr><td style=\"color: #666666; background-color: #FFFFFF;\">Resolu\u00e7\u00e3o<\/td><td style=\"color: #666666; background-color: #FFFFFF;\">C\u00e2mara de Educa\u00e7\u00e3o Profissional<\/td><td style=\"color: #666666; background-color: #FFFFFF;\">67\/2021<\/td><td style=\"color: #666666; background-color: #FFFFFF;\">27\/05\/2021<\/td><td style=\"color: #666666; background-color: #FFFFFF;\">Disp\u00f5e sobre a aprova\u00e7\u00e3o do relat\u00f3rio do curso \u201cL\u00edngua Brasileira de Sinais - Libras\u201d do Centro de Capacita\u00e7\u00e3o de Profissionais da Educa\u00e7\u00e3o e de Atendimento \u00e0s Pessoas com Surdez\/CAS, Goi\u00e2nia\/GO e d\u00e1 outras provid\u00eancias.\n<\/td><td style=\"color: #0000FF; background-color: #FFFFFF;text-decoration: underline;\"><a href=\"https:\/\/goias.gov.br\/cee\/wp-content\/uploads\/sites\/20\/2023\/10\/2021-67-cep-resolucao.pdf\" target=\"_blank\">ABRIR<\/a><\/td><td style=\"color: #000000; background-color: #FFFFFF;\"><\/td><\/tr><tr><td style=\"color: #666666; background-color: #FFFFFF;\">Resolu\u00e7\u00e3o<\/td><td style=\"color: #666666; background-color: #FFFFFF;\">C\u00e2mara de Educa\u00e7\u00e3o Profissional<\/td><td style=\"color: #666666; background-color: #FFFFFF;\">68\/2021<\/td><td style=\"color: #666666; background-color: #FFFFFF;\">27\/05\/2021<\/td><td style=\"color: #666666; background-color: #FFFFFF;\">Disp\u00f5e sobre a aprova\u00e7\u00e3o do Relat\u00f3rio do Curso \u201cLibras como Segunda L\u00edngua para Servidores Administrativos e Familiares de Surdos\" do Centro de Capacita\u00e7\u00e3o de Profissionais da Educa\u00e7\u00e3o e de Atendimento \u00e0s Pessoas com Surdez\/CAS, Goi\u00e2nia\/GO e d\u00e1 outras provid\u00eancias.\n<\/td><td style=\"color: #0000FF; background-color: #FFFFFF;text-decoration: underline;\"><a href=\"https:\/\/goias.gov.br\/cee\/wp-content\/uploads\/sites\/20\/2023\/10\/2021-68-cep-resolucao.pdf\" target=\"_blank\">ABRIR<\/a><\/td><td style=\"color: #000000; background-color: #FFFFFF;\"><\/td><\/tr><tr><td style=\"color: #666666; background-color: #FFFFFF;\">Resolu\u00e7\u00e3o<\/td><td style=\"color: #666666; background-color: #FFFFFF;\">C\u00e2mara de Educa\u00e7\u00e3o Profissional<\/td><td style=\"color: #666666; background-color: #FFFFFF;\">69\/2021<\/td><td style=\"color: #666666; background-color: #FFFFFF;\">10\/06\/2021<\/td><td style=\"color: #666666; background-color: #FFFFFF;\">Disp\u00f5e sobre o credenciamento e autoriza\u00e7\u00e3o do Curso T\u00e9cnico em Enfermagem do ITH P\u00f3s-Gradua\u00e7\u00e3o, em Goi\u00e2nia\/GO e d\u00e1 outras provid\u00eancias.<\/td><td style=\"color: #0000FF; background-color: #FFFFFF;text-decoration: underline;\"><a href=\"https:\/\/siteshom.goias.gov.br\/cee\/wp-content\/uploads\/sites\/20\/2023\/10\/2021-69-cep-resolucao.pdf\" target=\"_blank\">ABRIR<\/a><\/td><td style=\"color: #000000; background-color: #FFFFFF;\"><\/td><\/tr><tr><td style=\"color: #666666; background-color: #FFFFFF;\">Resolu\u00e7\u00e3o<\/td><td style=\"color: #666666; background-color: #FFFFFF;\">C\u00e2mara de Educa\u00e7\u00e3o Profissional<\/td><td style=\"color: #666666; background-color: #FFFFFF;\">70\/2021<\/td><td style=\"color: #666666; background-color: #FFFFFF;\">10\/06\/2021<\/td><td style=\"color: #666666; background-color: #FFFFFF;\">Disp\u00f5e sobre a aprova\u00e7\u00e3o do relat\u00f3rio do \"Curso Instrumental de L\u00edngua Brasileira de Sinais - LIBRAS na \u00c1rea de Seguran\u00e7a nas Escolas do Centro de Capacita\u00e7\u00e3o de Profissionais da Educa\u00e7\u00e3o e de Atendimento \u00e0s Pessoas com Surdez\/CAS, Goi\u00e2nia\/GO e d\u00e1 outras provid\u00eancias.\n<\/td><td style=\"color: #0000FF; background-color: #FFFFFF;text-decoration: underline;\"><a href=\"https:\/\/goias.gov.br\/cee\/wp-content\/uploads\/sites\/20\/2023\/10\/2021-70-cep-resolucao.pdf\" target=\"_blank\">ABRIR<\/a><\/td><td style=\"color: #000000; background-color: #FFFFFF;\"><\/td><\/tr><tr><td style=\"color: #666666; background-color: #FFFFFF;\">Resolu\u00e7\u00e3o<\/td><td style=\"color: #666666; background-color: #FFFFFF;\">C\u00e2mara de Educa\u00e7\u00e3o Profissional<\/td><td style=\"color: #666666; background-color: #FFFFFF;\">71\/2021<\/td><td style=\"color: #666666; background-color: #FFFFFF;\">10\/06\/2021<\/td><td style=\"color: #666666; background-color: #FFFFFF;\">Disp\u00f5e sobre a renova\u00e7\u00e3o da autoriza\u00e7\u00e3o do Curso T\u00e9cnico em Seguran\u00e7a do Trabalho do Col\u00e9gio Tecnol\u00f3gico de Goi\u00e1s Jer\u00f4nimo Carlos do Prado, em Goiatuba\/GO e d\u00e1 outras provid\u00eancias.<\/td><td style=\"color: #0000FF; background-color: #FFFFFF;text-decoration: underline;\"><a href=\"https:\/\/goias.gov.br\/cee\/wp-content\/uploads\/sites\/20\/2023\/10\/2021-71-cep-resolucao.pdf\" target=\"_blank\">ABRIR<\/a><\/td><td style=\"color: #000000; background-color: #FFFFFF;\"><\/td><\/tr><tr><td style=\"color: #666666; background-color: #FFFFFF;\">Resolu\u00e7\u00e3o<\/td><td style=\"color: #666666; background-color: #FFFFFF;\">C\u00e2mara de Educa\u00e7\u00e3o Profissional<\/td><td style=\"color: #666666; background-color: #FFFFFF;\">72\/2021<\/td><td style=\"color: #666666; background-color: #FFFFFF;\">10\/06\/2021<\/td><td style=\"color: #666666; background-color: #FFFFFF;\">Disp\u00f5e sobre a retifica\u00e7\u00e3o da Resolu\u00e7\u00e3o CEE\/CEP N. 30 de 4 de mar\u00e7o de 2021, referente ao recredenciamento e renova\u00e7\u00e3o da autoriza\u00e7\u00e3o do Curso T\u00e9cnico em Enfermagem, do Centro Educacional CETESI - Formosa\/GO e d\u00e1 outras provid\u00eancias.\n<\/td><td style=\"color: #0000FF; background-color: #FFFFFF;text-decoration: underline;\"><a href=\"https:\/\/goias.gov.br\/cee\/wp-content\/uploads\/sites\/20\/2023\/10\/2021-72-cep-resolucao.pdf\" target=\"_blank\">ABRIR<\/a><\/td><td style=\"color: #000000; background-color: #FFFFFF;\"><\/td><\/tr><tr><td style=\"color: #666666; background-color: #FFFFFF;\">Resolu\u00e7\u00e3o<\/td><td style=\"color: #666666; background-color: #FFFFFF;\">C\u00e2mara de Educa\u00e7\u00e3o Profissional<\/td><td style=\"color: #666666; background-color: #FFFFFF;\">73\/2021<\/td><td style=\"color: #666666; background-color: #FFFFFF;\">17\/06\/2021<\/td><td style=\"color: #666666; background-color: #FFFFFF;\">Disp\u00f5e sobre a retifica\u00e7\u00e3o da Resolu\u00e7\u00e3o CEE\/CEP N. 37 de 18 de mar\u00e7o de 2021, referente a autoriza\u00e7\u00e3o do Curso T\u00e9cnico em Sa\u00fade Bucal\/EaD, do CEAPES em Goi\u00e2nia\/GO e d\u00e1 outras provid\u00eancias.\n<\/td><td style=\"color: #0000FF; background-color: #FFFFFF;text-decoration: underline;\"><a href=\"https:\/\/goias.gov.br\/cee\/wp-content\/uploads\/sites\/20\/2023\/10\/2021-73-cep-resolucao.pdf\" target=\"_blank\">ABRIR<\/a><\/td><td style=\"color: #000000; background-color: #FFFFFF;\"><\/td><\/tr><tr><td style=\"color: #666666; background-color: #FFFFFF;\">Resolu\u00e7\u00e3o<\/td><td style=\"color: #666666; background-color: #FFFFFF;\">C\u00e2mara de Educa\u00e7\u00e3o Profissional<\/td><td style=\"color: #666666; background-color: #FFFFFF;\">74\/2021<\/td><td style=\"color: #666666; background-color: #FFFFFF;\">24\/06\/2021<\/td><td style=\"color: #666666; background-color: #FFFFFF;\">Disp\u00f5e sobre o recredenciamento e renova\u00e7\u00e3o da autoriza\u00e7\u00e3o do curso T\u00e9cnico em Transa\u00e7\u00f5es Imobili\u00e1rias do Centro de Educa\u00e7\u00e3o Profissional do SINDIM\u00d3VEIS - Goi\u00e2nia\/GO e d\u00e1 outras provid\u00eancias.<\/td><td style=\"color: #0000FF; background-color: #FFFFFF;text-decoration: underline;\"><a href=\"https:\/\/goias.gov.br\/cee\/wp-content\/uploads\/sites\/20\/2023\/10\/2021-74-cep-resolucao.pdf\" target=\"_blank\">ABRIR<\/a><\/td><td style=\"color: #000000; background-color: #FFFFFF;\"><\/td><\/tr><tr><td style=\"color: #666666; background-color: #FFFFFF;\">Resolu\u00e7\u00e3o<\/td><td style=\"color: #666666; background-color: #FFFFFF;\">C\u00e2mara de Educa\u00e7\u00e3o Profissional<\/td><td style=\"color: #666666; background-color: #FFFFFF;\">75\/2021<\/td><td style=\"color: #666666; background-color: #FFFFFF;\">01\/07\/2021<\/td><td style=\"color: #666666; background-color: #FFFFFF;\">Disp\u00f5e sobre o credenciamento e autoriza\u00e7\u00e3o do Curso T\u00e9cnico em Seguran\u00e7a do Trabalho do Instituto Brasileiro de Educa\u00e7\u00e3o e Cultura EIRELI, em Aparecida de Goi\u00e2nia\/GO e d\u00e1 outras provid\u00eancias.\n<\/td><td style=\"color: #0000FF; background-color: #FFFFFF;text-decoration: underline;\"><a href=\"https:\/\/goias.gov.br\/cee\/wp-content\/uploads\/sites\/20\/2023\/10\/2021-75-cep-resolucao.pdf\" target=\"_blank\">ABRIR<\/a><\/td><td style=\"color: #000000; background-color: #FFFFFF;\"><\/td><\/tr><tr><td style=\"color: #666666; background-color: #FFFFFF;\">Resolu\u00e7\u00e3o<\/td><td style=\"color: #666666; background-color: #FFFFFF;\">C\u00e2mara de Educa\u00e7\u00e3o Profissional<\/td><td style=\"color: #666666; background-color: #FFFFFF;\">76\/2021<\/td><td style=\"color: #666666; background-color: #FFFFFF;\">29\/07\/2021<\/td><td style=\"color: #666666; background-color: #FFFFFF;\">Disp\u00f5e sobre o credenciamento e a autoriza\u00e7\u00e3o do Curso T\u00e9cnico em Enfermagem do TECBRAS, em Rio Verde\/GO e d\u00e1 outras provid\u00eancias.\n<\/td><td style=\"color: #0000FF; background-color: #FFFFFF;text-decoration: underline;\"><a href=\"https:\/\/goias.gov.br\/cee\/wp-content\/uploads\/sites\/20\/2023\/10\/2021-76-cep-resolucao.pdf\" target=\"_blank\">ABRIR<\/a><\/td><td style=\"color: #000000; background-color: #FFFFFF;\"><\/td><\/tr><tr><td style=\"color: #666666; background-color: #FFFFFF;\">Resolu\u00e7\u00e3o<\/td><td style=\"color: #666666; background-color: #FFFFFF;\">C\u00e2mara de Educa\u00e7\u00e3o Profissional<\/td><td style=\"color: #666666; background-color: #FFFFFF;\">77\/2021<\/td><td style=\"color: #666666; background-color: #FFFFFF;\">29\/07\/2021<\/td><td style=\"color: #666666; background-color: #FFFFFF;\">Disp\u00f5e sobre a autoriza\u00e7\u00e3o do Curso T\u00e9cnico em Radiologia do TECBRAS, em Rio Verde\/GO e d\u00e1 outras provid\u00eancias.<\/td><td style=\"color: #0000FF; background-color: #FFFFFF;text-decoration: underline;\"><a href=\"https:\/\/goias.gov.br\/cee\/wp-content\/uploads\/sites\/20\/2023\/10\/2021-77-cep-resolucao.pdf\" target=\"_blank\">ABRIR<\/a><\/td><td style=\"color: #000000; background-color: #FFFFFF;\"><\/td><\/tr><tr><td style=\"color: #666666; background-color: #FFFFFF;\">Resolu\u00e7\u00e3o<\/td><td style=\"color: #666666; background-color: #FFFFFF;\">C\u00e2mara de Educa\u00e7\u00e3o Profissional<\/td><td style=\"color: #666666; background-color: #FFFFFF;\">78\/2021<\/td><td style=\"color: #666666; background-color: #FFFFFF;\">29\/07\/2021<\/td><td style=\"color: #666666; background-color: #FFFFFF;\">Disp\u00f5e sobre a retifica\u00e7\u00e3o da Resolu\u00e7\u00e3o CEE\/CEP N. 89 de 22 de outubro de 2020, referente ao credenciamento e autoriza\u00e7\u00e3o dos cursos de forma\u00e7\u00e3o inicial e continuada: Dire\u00e7\u00e3o Defensiva; Opera\u00e7\u00e3o e Manuten\u00e7\u00e3o de Motosserra e Poda; Opera\u00e7\u00e3o de Guindaulto Hidr\u00e1ulico; instru\u00e7\u00e3o Formal para Empregados com Atividades n\u00e3o relacionadas diretamente \u00e0s instala\u00e7\u00f5es; NR 10 \u2013 B\u00e1sico de Seguran\u00e7a em Instala\u00e7\u00f5es e Servi\u00e7os com Eletricidade; NR 10 \u2013 Reciclagem; Trabalho em Altura NR 35 e Complementar \u2013 Seguran\u00e7a no Sistema El\u00e9trico de Potencia e suas proximidades do Crescer Treinamentos e Seguran\u00e7a do Trabalho \u2013 Goi\u00e2nia\/GO e d\u00e1 outras provid\u00eancias.\n<\/td><td style=\"color: #0000FF; background-color: #FFFFFF;text-decoration: underline;\"><a href=\"https:\/\/goias.gov.br\/cee\/wp-content\/uploads\/sites\/20\/2023\/10\/2021-78-cep-resolucao.pdf\" target=\"_blank\">ABRIR<\/a><\/td><td style=\"color: #000000; background-color: #FFFFFF;\"><\/td><\/tr><tr><td style=\"color: #666666; background-color: #FFFFFF;\">Resolu\u00e7\u00e3o<\/td><td style=\"color: #666666; background-color: #FFFFFF;\">C\u00e2mara de Educa\u00e7\u00e3o Profissional<\/td><td style=\"color: #666666; background-color: #FFFFFF;\">79\/2021<\/td><td style=\"color: #666666; background-color: #FFFFFF;\">29\/07\/2021<\/td><td style=\"color: #666666; background-color: #FFFFFF;\">Disp\u00f5e sobre a aprova\u00e7\u00e3o do relat\u00f3rio do curso: \"Fundamentos da Administra\u00e7\u00e3o Estrat\u00e9gica - \u00c9tica Profissional e Gest\u00e3o de Pessoas\" do ICG - Instituto da Consci\u00eancia, em Goi\u00e2nia\/GO e d\u00e1 outras provid\u00eancias.<\/td><td style=\"color: #0000FF; background-color: #FFFFFF;text-decoration: underline;\"><a href=\"https:\/\/goias.gov.br\/cee\/wp-content\/uploads\/sites\/20\/2023\/10\/2021-79-cep-resolucao.pdf\" target=\"_blank\">ABRIR<\/a><\/td><td style=\"color: #000000; background-color: #FFFFFF;\"><\/td><\/tr><tr><td style=\"color: #666666; background-color: #FFFFFF;\">Resolu\u00e7\u00e3o<\/td><td style=\"color: #666666; background-color: #FFFFFF;\">C\u00e2mara de Educa\u00e7\u00e3o Profissional<\/td><td style=\"color: #666666; background-color: #FFFFFF;\">80\/2021<\/td><td style=\"color: #666666; background-color: #FFFFFF;\">06\/08\/2021<\/td><td style=\"color: #666666; background-color: #FFFFFF;\">Disp\u00f5e sobre o recredenciamento e a renova\u00e7\u00e3o da autoriza\u00e7\u00e3o do Curso T\u00e9cnico em Enfermagem do Instituto Forma\u00e7\u00e3o Dr. Jean Cintra em Niquel\u00e2ndia\/GO e d\u00e1 outras provid\u00eancias.\n<\/td><td style=\"color: #0000FF; background-color: #FFFFFF;text-decoration: underline;\"><a href=\"https:\/\/goias.gov.br\/cee\/wp-content\/uploads\/sites\/20\/2023\/10\/2021-80-cep-resolucao.pdf\" target=\"_blank\">ABRIR<\/a><\/td><td style=\"color: #000000; background-color: #FFFFFF;\"><\/td><\/tr><tr><td style=\"color: #666666; background-color: #FFFFFF;\">Resolu\u00e7\u00e3o<\/td><td style=\"color: #666666; background-color: #FFFFFF;\">C\u00e2mara de Educa\u00e7\u00e3o Profissional<\/td><td style=\"color: #666666; background-color: #FFFFFF;\">81\/2021<\/td><td style=\"color: #666666; background-color: #FFFFFF;\">06\/08\/2021<\/td><td style=\"color: #666666; background-color: #FFFFFF;\">Disp\u00f5e sobre a autoriza\u00e7\u00e3o do curso \u201cAvalia\u00e7\u00e3o e Identifica\u00e7\u00e3o das Altas Habilidades\/Superdota\u00e7\u00e3o na Pr\u00e1tica\u201d, do N\u00facleo de Atividades de Altas Habilidades\/Superdota\u00e7\u00e3o - NAAH\/S GO, em Goi\u00e2nia\/GO e d\u00e1 outras provid\u00eancias.\n<\/td><td style=\"color: #0000FF; background-color: #FFFFFF;text-decoration: underline;\"><a href=\"https:\/\/goias.gov.br\/cee\/wp-content\/uploads\/sites\/20\/2023\/10\/2021-81-cep-resolucao.pdf\" target=\"_blank\">ABRIR<\/a><\/td><td style=\"color: #000000; background-color: #FFFFFF;\"><\/td><\/tr><tr><td style=\"color: #666666; background-color: #FFFFFF;\">Resolu\u00e7\u00e3o<\/td><td style=\"color: #666666; background-color: #FFFFFF;\">C\u00e2mara de Educa\u00e7\u00e3o Profissional<\/td><td style=\"color: #666666; background-color: #FFFFFF;\">82\/2021<\/td><td style=\"color: #666666; background-color: #FFFFFF;\">06\/08\/2021<\/td><td style=\"color: #666666; background-color: #FFFFFF;\">Disp\u00f5e sobre a aprova\u00e7\u00e3o do relat\u00f3rio do curso: \"B\u00e1sico em Tradu\u00e7\u00e3o e Interpreta\u00e7\u00e3o da L\u00edngua Portuguesa\/Libras e Libras\/L\u00edngua Portuguesa\", do Centro de Capacita\u00e7\u00e3o de Profissionais da Educa\u00e7\u00e3o e de Atendimento \u00e0s Pessoas com Surdez\/CAS, em Goi\u00e2nia\/GO e d\u00e1 outras provid\u00eancias.\n<\/td><td style=\"color: #0000FF; background-color: #FFFFFF;text-decoration: underline;\"><a href=\"https:\/\/goias.gov.br\/cee\/wp-content\/uploads\/sites\/20\/2023\/10\/2021-82-cep-resolucao.pdf\" target=\"_blank\">ABRIR<\/a><\/td><td style=\"color: #000000; background-color: #FFFFFF;\"><\/td><\/tr><tr><td style=\"color: #666666; background-color: #FFFFFF;\">Resolu\u00e7\u00e3o<\/td><td style=\"color: #666666; background-color: #FFFFFF;\">C\u00e2mara de Educa\u00e7\u00e3o Profissional<\/td><td style=\"color: #666666; background-color: #FFFFFF;\">83\/2021<\/td><td style=\"color: #666666; background-color: #FFFFFF;\">06\/08\/2021<\/td><td style=\"color: #666666; background-color: #FFFFFF;\">Disp\u00f5e sobre a aprova\u00e7\u00e3o do relat\u00f3rio dos cursos: \u201cConta\u00e7\u00e3o de hist\u00f3rias, Ludoteca e Psicomotricidade\u201d do ICG - Instituto da Consci\u00eancia, Goi\u00e2nia\/GO e d\u00e1 outras provid\u00eancias.<\/td><td style=\"color: #0000FF; background-color: #FFFFFF;text-decoration: underline;\"><a href=\"https:\/\/goias.gov.br\/cee\/wp-content\/uploads\/sites\/20\/2023\/10\/2021-83-cep-resolucao.pdf\" target=\"_blank\">ABRIR<\/a><\/td><td style=\"color: #000000; background-color: #FFFFFF;\"><\/td><\/tr><tr><td style=\"color: #666666; background-color: #FFFFFF;\">Resolu\u00e7\u00e3o<\/td><td style=\"color: #666666; background-color: #FFFFFF;\">C\u00e2mara de Educa\u00e7\u00e3o Profissional<\/td><td style=\"color: #666666; background-color: #FFFFFF;\">84\/2021<\/td><td style=\"color: #666666; background-color: #FFFFFF;\">12\/08\/2021<\/td><td style=\"color: #666666; background-color: #FFFFFF;\">Disp\u00f5e sobre o credenciamento e a autoriza\u00e7\u00e3o do curso \u201cM\u00eddias em Sala de Aula \u2013 Oficinas de Pr\u00e1ticas Pedag\u00f3gicas Virtuais\u201d, do Instituto Intelecto - INTEL, em Niquel\u00e2ndia\/GO e d\u00e1 outras provid\u00eancias.\n<\/td><td style=\"color: #0000FF; background-color: #FFFFFF;text-decoration: underline;\"><a href=\"https:\/\/goias.gov.br\/cee\/wp-content\/uploads\/sites\/20\/2023\/10\/2021-84-cep-resolucao.pdf\" target=\"_blank\">ABRIR<\/a><\/td><td style=\"color: #000000; background-color: #FFFFFF;\"><\/td><\/tr><tr><td style=\"color: #666666; background-color: #FFFFFF;\">Resolu\u00e7\u00e3o<\/td><td style=\"color: #666666; background-color: #FFFFFF;\">C\u00e2mara de Educa\u00e7\u00e3o Profissional<\/td><td style=\"color: #666666; background-color: #FFFFFF;\">85\/2021<\/td><td style=\"color: #666666; background-color: #FFFFFF;\">12\/08\/2021<\/td><td style=\"color: #666666; background-color: #FFFFFF;\">Disp\u00f5e sobre a autoriza\u00e7\u00e3o do Curso T\u00e9cnico em Enfermagem\/EAD, do Centro Educacional CETESI, em Formosa\/GO e d\u00e1 outras provid\u00eancias.\n<\/td><td style=\"color: #0000FF; background-color: #FFFFFF;text-decoration: underline;\"><a href=\"https:\/\/goias.gov.br\/cee\/wp-content\/uploads\/sites\/20\/2023\/10\/2021-85-cep-resolucao.pdf\" target=\"_blank\">ABRIR<\/a><\/td><td style=\"color: #000000; background-color: #FFFFFF;\"><\/td><\/tr><tr><td style=\"color: #666666; background-color: #FFFFFF;\">Resolu\u00e7\u00e3o<\/td><td style=\"color: #666666; background-color: #FFFFFF;\">C\u00e2mara de Educa\u00e7\u00e3o Profissional<\/td><td style=\"color: #666666; background-color: #FFFFFF;\">86\/2021<\/td><td style=\"color: #666666; background-color: #FFFFFF;\">12\/08\/2021<\/td><td style=\"color: #666666; background-color: #FFFFFF;\">Disp\u00f5e sobre a aprova\u00e7\u00e3o do relat\u00f3rio do curso: \"B\u00e1sico em Tradu\u00e7\u00e3o e Interpreta\u00e7\u00e3o da L\u00edngua Portuguesa\/Libras e Libras\/L\u00edngua Portuguesa\", realizado pelo Centro de Capacita\u00e7\u00e3o de Profissionais da Educa\u00e7\u00e3o e de Atendimento \u00e0s Pessoas com Surdez\/CAS, em Goi\u00e2nia\/GO e d\u00e1 outras provid\u00eancias.\n<\/td><td style=\"color: #0000FF; background-color: #FFFFFF;text-decoration: underline;\"><a href=\"https:\/\/goias.gov.br\/cee\/wp-content\/uploads\/sites\/20\/2023\/10\/2021-86-cep-resolucao.pdf\" target=\"_blank\">ABRIR<\/a><\/td><td style=\"color: #000000; background-color: #FFFFFF;\"><\/td><\/tr><tr><td style=\"color: #666666; background-color: #FFFFFF;\">Resolu\u00e7\u00e3o<\/td><td style=\"color: #666666; background-color: #FFFFFF;\">C\u00e2mara de Educa\u00e7\u00e3o Profissional<\/td><td style=\"color: #666666; background-color: #FFFFFF;\">87\/2021<\/td><td style=\"color: #666666; background-color: #FFFFFF;\">12\/08\/2021<\/td><td style=\"color: #666666; background-color: #FFFFFF;\">Disp\u00f5e sobre a aprova\u00e7\u00e3o do relat\u00f3rio do curso \u201cB\u00e1sico de L\u00edngua Portuguesa para Surdos\u201d do Centro de Capacita\u00e7\u00e3o de Profissionais da Educa\u00e7\u00e3o e de Atendimento \u00e0s Pessoas com Surdez\/CAS, Goi\u00e2nia\/GO e d\u00e1 outras provid\u00eancias.\n<\/td><td style=\"color: #0000FF; background-color: #FFFFFF;text-decoration: underline;\"><a href=\"https:\/\/goias.gov.br\/cee\/wp-content\/uploads\/sites\/20\/2023\/10\/2021-87-cep-resolucao.pdf\" target=\"_blank\">ABRIR<\/a><\/td><td style=\"color: #000000; background-color: #FFFFFF;\"><\/td><\/tr><tr><td style=\"color: #666666; background-color: #FFFFFF;\">Resolu\u00e7\u00e3o<\/td><td style=\"color: #666666; background-color: #FFFFFF;\">C\u00e2mara de Educa\u00e7\u00e3o Profissional<\/td><td style=\"color: #666666; background-color: #FFFFFF;\">88\/2021<\/td><td style=\"color: #666666; background-color: #FFFFFF;\">12\/08\/2021<\/td><td style=\"color: #666666; background-color: #FFFFFF;\">Disp\u00f5e sobre a retifica\u00e7\u00e3o da Resolu\u00e7\u00e3o CEE\/CEP N. 86 de 8 de outubro de 2020, referente ao credenciamento e autoriza\u00e7\u00e3o do Curso T\u00e9cnico em Farm\u00e1cia, do Grau T\u00e9cnico em Goi\u00e2nia\/GO e d\u00e1 outras provid\u00eancias.\n<\/td><td style=\"color: #0000FF; background-color: #FFFFFF;text-decoration: underline;\"><a href=\"https:\/\/goias.gov.br\/cee\/wp-content\/uploads\/sites\/20\/2023\/10\/2021-88-cep-resolucao.pdf\" target=\"_blank\">ABRIR<\/a><\/td><td style=\"color: #000000; background-color: #FFFFFF;\"><\/td><\/tr><tr><td style=\"color: #666666; background-color: #FFFFFF;\">Resolu\u00e7\u00e3o<\/td><td style=\"color: #666666; background-color: #FFFFFF;\">C\u00e2mara de Educa\u00e7\u00e3o Profissional<\/td><td style=\"color: #666666; background-color: #FFFFFF;\">89\/2021<\/td><td style=\"color: #666666; background-color: #FFFFFF;\">19\/08\/2021<\/td><td style=\"color: #666666; background-color: #FFFFFF;\">Disp\u00f5e sobre o credenciamento e a autoriza\u00e7\u00e3o do Curso T\u00e9cnico em Enfermagem da Faculdade Cunha em Aparecida de Goi\u00e2nia\/GO e d\u00e1 outras provid\u00eancias.<\/td><td style=\"color: #0000FF; background-color: #FFFFFF;text-decoration: underline;\"><a href=\"https:\/\/goias.gov.br\/cee\/wp-content\/uploads\/sites\/20\/2023\/10\/2021-89-cep-resolucao.pdf\" target=\"_blank\">ABRIR<\/a><\/td><td style=\"color: #000000; background-color: #FFFFFF;\"><\/td><\/tr><tr><td style=\"color: #666666; background-color: #FFFFFF;\">Resolu\u00e7\u00e3o<\/td><td style=\"color: #666666; background-color: #FFFFFF;\">C\u00e2mara de Educa\u00e7\u00e3o Profissional<\/td><td style=\"color: #666666; background-color: #FFFFFF;\">90\/2021<\/td><td style=\"color: #666666; background-color: #FFFFFF;\">26\/08\/2021<\/td><td style=\"color: #666666; background-color: #FFFFFF;\">Disp\u00f5e sobre a autoriza\u00e7\u00e3o do Curso T\u00e9cnico em Enfermagem do Instituto Brasileiro de Educa\u00e7\u00e3o e Cultura em Aparecida de Goi\u00e2nia\/GO e d\u00e1 outras provid\u00eancias<\/td><td style=\"color: #0000FF; background-color: #FFFFFF;text-decoration: underline;\"><a href=\"https:\/\/goias.gov.br\/cee\/wp-content\/uploads\/sites\/20\/2023\/10\/2021-90-cep-resolucao.pdf\" target=\"_blank\">ABRIR<\/a><\/td><td style=\"color: #000000; background-color: #FFFFFF;\"><\/td><\/tr><tr><td style=\"color: #666666; background-color: #FFFFFF;\">Resolu\u00e7\u00e3o<\/td><td style=\"color: #666666; background-color: #FFFFFF;\">C\u00e2mara de Educa\u00e7\u00e3o Profissional<\/td><td style=\"color: #666666; background-color: #FFFFFF;\">91\/2021<\/td><td style=\"color: #666666; background-color: #FFFFFF;\">26\/08\/2021<\/td><td style=\"color: #666666; background-color: #FFFFFF;\">Disp\u00f5e sobre a autoriza\u00e7\u00e3o do Curso T\u00e9cnico em Seguran\u00e7a do Trabalho\/EAD, do Instituto Brasileiro de Educa\u00e7\u00e3o e Cultura EIRELI, em Aparecida de Goi\u00e2nia\/GO e d\u00e1 outras provid\u00eancias.<\/td><td style=\"color: #0000FF; background-color: #FFFFFF;text-decoration: underline;\"><a href=\"https:\/\/goias.gov.br\/cee\/wp-content\/uploads\/sites\/20\/2023\/10\/2021-91-cep-resolucao.pdf\" target=\"_blank\">ABRIR<\/a><\/td><td style=\"color: #000000; background-color: #FFFFFF;\"><\/td><\/tr><tr><td style=\"color: #666666; background-color: #FFFFFF;\">Resolu\u00e7\u00e3o<\/td><td style=\"color: #666666; background-color: #FFFFFF;\">C\u00e2mara de Educa\u00e7\u00e3o Profissional<\/td><td style=\"color: #666666; background-color: #FFFFFF;\">92\/2021<\/td><td style=\"color: #666666; background-color: #FFFFFF;\">26\/08\/2021<\/td><td style=\"color: #666666; background-color: #FFFFFF;\">Disp\u00f5e sobre o recredenciamento e a renova\u00e7\u00e3o da autoriza\u00e7\u00e3o do Curso T\u00e9cnico em Enfermagem do Col\u00e9gio Noroeste em Goi\u00e2nia\/GO e d\u00e1 outras provid\u00eancias.<\/td><td style=\"color: #0000FF; background-color: #FFFFFF;text-decoration: underline;\"><a href=\"https:\/\/goias.gov.br\/cee\/wp-content\/uploads\/sites\/20\/2023\/10\/2021-92-cep-resolucao.pdf\" target=\"_blank\">ABRIR<\/a><\/td><td style=\"color: #000000; background-color: #FFFFFF;\"><\/td><\/tr><tr><td style=\"color: #666666; background-color: #FFFFFF;\">Resolu\u00e7\u00e3o<\/td><td style=\"color: #666666; background-color: #FFFFFF;\">C\u00e2mara de Educa\u00e7\u00e3o Profissional<\/td><td style=\"color: #666666; background-color: #FFFFFF;\">93\/2021<\/td><td style=\"color: #666666; background-color: #FFFFFF;\">02\/09\/2021<\/td><td style=\"color: #666666; background-color: #FFFFFF;\">Disp\u00f5e sobre a autoriza\u00e7\u00e3o do Curso T\u00e9cnico em Seguran\u00e7a do Trabalho\/EaD do Centro Educacional CETESI, em Formosa\/GO e d\u00e1 outras provid\u00eancias.\n<\/td><td style=\"color: #0000FF; background-color: #FFFFFF;text-decoration: underline;\"><a href=\"https:\/\/goias.gov.br\/cee\/wp-content\/uploads\/sites\/20\/2023\/10\/2021-93-cep-resolucao.pdf\" target=\"_blank\">ABRIR<\/a><\/td><td style=\"color: #000000; background-color: #FFFFFF;\"><\/td><\/tr><tr><td style=\"color: #666666; background-color: #FFFFFF;\">Resolu\u00e7\u00e3o<\/td><td style=\"color: #666666; background-color: #FFFFFF;\">C\u00e2mara de Educa\u00e7\u00e3o Profissional<\/td><td style=\"color: #666666; background-color: #FFFFFF;\">94\/2094<\/td><td style=\"color: #666666; background-color: #FFFFFF;\">02\/09\/2021<\/td><td style=\"color: #666666; background-color: #FFFFFF;\">Disp\u00f5e sobre a autoriza\u00e7\u00e3o do Curso T\u00e9cnico em Radiologia\/EAD do Centro Educacional CETESI, em Formosa\/GO e d\u00e1 outras provid\u00eancias.\n<\/td><td style=\"color: #0000FF; background-color: #FFFFFF;text-decoration: underline;\"><a href=\"https:\/\/goias.gov.br\/cee\/wp-content\/uploads\/sites\/20\/2023\/10\/2021-94-cep-resolucao.pdf\" target=\"_blank\">ABRIR<\/a><\/td><td style=\"color: #000000; background-color: #FFFFFF;\"><\/td><\/tr><tr><td style=\"color: #666666; background-color: #FFFFFF;\">Resolu\u00e7\u00e3o<\/td><td style=\"color: #666666; background-color: #FFFFFF;\">C\u00e2mara de Educa\u00e7\u00e3o Profissional<\/td><td style=\"color: #666666; background-color: #FFFFFF;\">95\/2021<\/td><td style=\"color: #666666; background-color: #FFFFFF;\">02\/09\/2021<\/td><td style=\"color: #666666; background-color: #FFFFFF;\">Disp\u00f5e sobre o credenciamento e a autoriza\u00e7\u00e3o dos Projetos de Cursos de Qualifica\u00e7\u00e3o profissional do Instituto Reeducar em Rio Verde\/GO e d\u00e1 outras provid\u00eancias.\n<\/td><td style=\"color: #0000FF; background-color: #FFFFFF;text-decoration: underline;\"><a href=\"https:\/\/goias.gov.br\/cee\/wp-content\/uploads\/sites\/20\/2023\/10\/2021-95-cep-resolucao.pdf\" target=\"_blank\">ABRIR<\/a><\/td><td style=\"color: #000000; background-color: #FFFFFF;\"><\/td><\/tr><tr><td style=\"color: #666666; background-color: #FFFFFF;\">Resolu\u00e7\u00e3o<\/td><td style=\"color: #666666; background-color: #FFFFFF;\">C\u00e2mara de Educa\u00e7\u00e3o Profissional<\/td><td style=\"color: #666666; background-color: #FFFFFF;\">96\/2021<\/td><td style=\"color: #666666; background-color: #FFFFFF;\">02\/09\/2021<\/td><td style=\"color: #666666; background-color: #FFFFFF;\">Disp\u00f5e sobre a autoriza\u00e7\u00e3o de 41 Projetos cursos, do Centro de Estudo e Pesquisa Ciranda da Arte, Goi\u00e2nia\/GO e d\u00e1 outras provid\u00eancias.\n<\/td><td style=\"color: #0000FF; background-color: #FFFFFF;text-decoration: underline;\"><a href=\"https:\/\/goias.gov.br\/cee\/wp-content\/uploads\/sites\/20\/2023\/10\/2021-96-cep-resolucao.pdf\" target=\"_blank\">ABRIR<\/a><\/td><td style=\"color: #000000; background-color: #FFFFFF;\"><\/td><\/tr><tr><td style=\"color: #666666; background-color: #FFFFFF;\">Resolu\u00e7\u00e3o<\/td><td style=\"color: #666666; background-color: #FFFFFF;\">C\u00e2mara de Educa\u00e7\u00e3o Profissional<\/td><td style=\"color: #666666; background-color: #FFFFFF;\">97\/2021<\/td><td style=\"color: #666666; background-color: #FFFFFF;\">02\/09\/2021<\/td><td style=\"color: #666666; background-color: #FFFFFF;\">Disp\u00f5e sobre o recredenciamento e renova\u00e7\u00e3o da autoriza\u00e7\u00e3o do Curso T\u00e9cnico em Enfermagem da Escola de Enfermagem Florence Nightingale em An\u00e1polis\/GO e d\u00e1 outras provid\u00eancias.<\/td><td style=\"color: #0000FF; background-color: #FFFFFF;text-decoration: underline;\"><a href=\"https:\/\/goias.gov.br\/cee\/wp-content\/uploads\/sites\/20\/2023\/10\/2021-97-cep-resolucao.pdf\" target=\"_blank\">ABRIR<\/a><\/td><td style=\"color: #000000; background-color: #FFFFFF;\"><\/td><\/tr><tr><td style=\"color: #666666; background-color: #FFFFFF;\">Resolu\u00e7\u00e3o<\/td><td style=\"color: #666666; background-color: #FFFFFF;\">C\u00e2mara de Educa\u00e7\u00e3o Profissional<\/td><td style=\"color: #666666; background-color: #FFFFFF;\">98\/2021<\/td><td style=\"color: #666666; background-color: #FFFFFF;\">09\/09\/2021<\/td><td style=\"color: #666666; background-color: #FFFFFF;\">Disp\u00f5e sobre o recredenciamento e a renova\u00e7\u00e3o da autoriza\u00e7\u00e3o do Curso T\u00e9cnico em Enfermagem do Instituto e Col\u00e9gio Quality, em Rio verde\/GO e d\u00e1 outras provid\u00eancias<\/td><td style=\"color: #0000FF; background-color: #FFFFFF;text-decoration: underline;\"><a href=\"https:\/\/goias.gov.br\/cee\/wp-content\/uploads\/sites\/20\/2023\/10\/2021-98-cep-resolucao.pdf\" target=\"_blank\">ABRIR<\/a><\/td><td style=\"color: #000000; background-color: #FFFFFF;\"><\/td><\/tr><tr><td style=\"color: #666666; background-color: #FFFFFF;\">Resolu\u00e7\u00e3o<\/td><td style=\"color: #666666; background-color: #FFFFFF;\">C\u00e2mara de Educa\u00e7\u00e3o Profissional<\/td><td style=\"color: #666666; background-color: #FFFFFF;\">99\/2021<\/td><td style=\"color: #666666; background-color: #FFFFFF;\">09\/09\/2021<\/td><td style=\"color: #666666; background-color: #FFFFFF;\">Disp\u00f5e sobre a renova\u00e7\u00e3o da autoriza\u00e7\u00e3o do Curso T\u00e9cnico em Agropecu\u00e1ria do Centro Tecnol\u00f3gico Paula Pasquali, em Rio Verde\/GO e d\u00e1 outras provid\u00eancias.<\/td><td style=\"color: #0000FF; background-color: #FFFFFF;text-decoration: underline;\"><a href=\"https:\/\/siteshom.goias.gov.br\/cee\/wp-content\/uploads\/sites\/20\/2023\/10\/2021-99-cep-resolucao.pdf\" target=\"_blank\">ABRIR<\/a><\/td><td style=\"color: #000000; background-color: #FFFFFF;\"><\/td><\/tr><tr><td style=\"color: #666666; background-color: #FFFFFF;\">Resolu\u00e7\u00e3o<\/td><td style=\"color: #666666; background-color: #FFFFFF;\">C\u00e2mara de Educa\u00e7\u00e3o Profissional<\/td><td style=\"color: #666666; background-color: #FFFFFF;\">100\/2021<\/td><td style=\"color: #666666; background-color: #FFFFFF;\">09\/09\/2021<\/td><td style=\"color: #666666; background-color: #FFFFFF;\">Disp\u00f5e sobre aprova\u00e7\u00e3o do relat\u00f3rio do Curso \u201cL\u00edngua Brasileira de Sinais \u2013 Libras\" do Centro de Capacita\u00e7\u00e3o de Profissionais da Educa\u00e7\u00e3o e de Atendimento \u00e0s Pessoas com Surdez \/CAS, em Goi\u00e2nia\/GO e d\u00e1 outras provid\u00eancias.\n<\/td><td style=\"color: #0000FF; background-color: #FFFFFF;text-decoration: underline;\"><a href=\"https:\/\/goias.gov.br\/cee\/wp-content\/uploads\/sites\/20\/2023\/10\/2021-100-cep-resolucao.pdf\" target=\"_blank\">ABRIR<\/a><\/td><td style=\"color: #000000; background-color: #FFFFFF;\"><\/td><\/tr><tr><td style=\"color: #666666; background-color: #FFFFFF;\">Resolu\u00e7\u00e3o<\/td><td style=\"color: #666666; background-color: #FFFFFF;\">C\u00e2mara de Educa\u00e7\u00e3o Profissional<\/td><td style=\"color: #666666; background-color: #FFFFFF;\">101\/2021<\/td><td style=\"color: #666666; background-color: #FFFFFF;\">09\/09\/2021<\/td><td style=\"color: #666666; background-color: #FFFFFF;\">Disp\u00f5e sobre aprova\u00e7\u00e3o do relat\u00f3rio do Curso \u201cLibras como Segunda L\u00edngua para Deficientes Auditivos\u201d do Centro de Capacita\u00e7\u00e3o de Profissionais da Educa\u00e7\u00e3o e de Atendimento \u00e0s Pessoas com Surdez \/CAS, em Goi\u00e2nia\/GO e d\u00e1 outras provid\u00eancias.\n<\/td><td style=\"color: #0000FF; background-color: #FFFFFF;text-decoration: underline;\"><a href=\"https:\/\/goias.gov.br\/cee\/wp-content\/uploads\/sites\/20\/2023\/10\/2021-101-cep-resolucao.pdf\" target=\"_blank\">ABRIR<\/a><\/td><td style=\"color: #000000; background-color: #FFFFFF;\"><\/td><\/tr><tr><td style=\"color: #666666; background-color: #FFFFFF;\">Resolu\u00e7\u00e3o<\/td><td style=\"color: #666666; background-color: #FFFFFF;\">C\u00e2mara de Educa\u00e7\u00e3o Profissional<\/td><td style=\"color: #666666; background-color: #FFFFFF;\">102\/2021<\/td><td style=\"color: #666666; background-color: #FFFFFF;\">09\/09\/2021<\/td><td style=\"color: #666666; background-color: #FFFFFF;\">Disp\u00f5e sobre aprova\u00e7\u00e3o do relat\u00f3rio do Curso \u201cEstrat\u00e9gias e Metodologias: L\u00edngua Portuguesa como Segunda L\u00edngua para Surdos\u201d do Centro de Capacita\u00e7\u00e3o de Profissionais da Educa\u00e7\u00e3o e de Atendimento \u00e0s Pessoas com Surdez \/CAS, em Goi\u00e2nia\/GO e d\u00e1 outras provid\u00eancias.<\/td><td style=\"color: #0000FF; background-color: #FFFFFF;text-decoration: underline;\"><a href=\"https:\/\/siteshom.goias.gov.br\/cee\/wp-content\/uploads\/sites\/20\/2023\/10\/2021-102-cep-resolucao.pdf\" target=\"_blank\">ABRIR<\/a><\/td><td style=\"color: #000000; background-color: #FFFFFF;\"><\/td><\/tr><tr><td style=\"color: #666666; background-color: #FFFFFF;\">Resolu\u00e7\u00e3o<\/td><td style=\"color: #666666; background-color: #FFFFFF;\">C\u00e2mara de Educa\u00e7\u00e3o Profissional<\/td><td style=\"color: #666666; background-color: #FFFFFF;\">103\/2021<\/td><td style=\"color: #666666; background-color: #FFFFFF;\">16\/09\/2021<\/td><td style=\"color: #666666; background-color: #FFFFFF;\">Disp\u00f5e sobre o recredenciamento e a renova\u00e7\u00e3o da autoriza\u00e7\u00e3o do Curso T\u00e9cnico em Agropecu\u00e1ria\/EAD, do Col\u00e9gio Oliveira Silva em Itumbiara\/GO e d\u00e1 outras provid\u00eancias.\n<\/td><td style=\"color: #0000FF; background-color: #FFFFFF;text-decoration: underline;\"><a href=\"https:\/\/goias.gov.br\/cee\/wp-content\/uploads\/sites\/20\/2023\/10\/2021-103-cep-resolucao.pdf\" target=\"_blank\">ABRIR<\/a><\/td><td style=\"color: #000000; background-color: #FFFFFF;\"><\/td><\/tr><tr><td style=\"color: #666666; background-color: #FFFFFF;\">Resolu\u00e7\u00e3o<\/td><td style=\"color: #666666; background-color: #FFFFFF;\">C\u00e2mara de Educa\u00e7\u00e3o Profissional<\/td><td style=\"color: #666666; background-color: #FFFFFF;\">104\/2021<\/td><td style=\"color: #666666; background-color: #FFFFFF;\">16\/09\/2021<\/td><td style=\"color: #666666; background-color: #FFFFFF;\">Disp\u00f5e sobre a aprova\u00e7\u00e3o do relat\u00f3rio dos cursos: \"Metodologias Ativas\" do ICG - Instituto da Consci\u00eancia, Goi\u00e2nia\/GO e d\u00e1 outras provid\u00eancias.\n<\/td><td style=\"color: #0000FF; background-color: #FFFFFF;text-decoration: underline;\"><a href=\"https:\/\/goias.gov.br\/cee\/wp-content\/uploads\/sites\/20\/2023\/10\/2021-104-cep-resolucao.pdf\" target=\"_blank\">ABRIR<\/a><\/td><td style=\"color: #000000; background-color: #FFFFFF;\"><\/td><\/tr><tr><td style=\"color: #666666; background-color: #FFFFFF;\">Resolu\u00e7\u00e3o<\/td><td style=\"color: #666666; background-color: #FFFFFF;\">C\u00e2mara de Educa\u00e7\u00e3o Profissional<\/td><td style=\"color: #666666; background-color: #FFFFFF;\">105\/2021<\/td><td style=\"color: #666666; background-color: #FFFFFF;\">16\/09\/2021<\/td><td style=\"color: #666666; background-color: #FFFFFF;\">Disp\u00f5e sobre o credenciamento e a autoriza\u00e7\u00e3o dos Projetos dos cursos livres, do Instituto Gal\u00e1xia em Goian\u00e9sia\/GO e d\u00e1 outras provid\u00eancias.\n<\/td><td style=\"color: #0000FF; background-color: #FFFFFF;text-decoration: underline;\"><a href=\"https:\/\/goias.gov.br\/cee\/wp-content\/uploads\/sites\/20\/2023\/10\/2021-105-cep-resolucao.pdf\" target=\"_blank\">ABRIR<\/a><\/td><td style=\"color: #000000; background-color: #FFFFFF;\"><\/td><\/tr><tr><td style=\"color: #666666; background-color: #FFFFFF;\">Resolu\u00e7\u00e3o<\/td><td style=\"color: #666666; background-color: #FFFFFF;\">C\u00e2mara de Educa\u00e7\u00e3o Profissional<\/td><td style=\"color: #666666; background-color: #FFFFFF;\">106\/2021<\/td><td style=\"color: #666666; background-color: #FFFFFF;\">23\/09\/2021<\/td><td style=\"color: #666666; background-color: #FFFFFF;\">Disp\u00f5e sobre a renova\u00e7\u00e3o da autoriza\u00e7\u00e3o do Curso T\u00e9cnico em Radiologia do Instituto e Col\u00e9gio Quality, em Rio Verde\/GO e d\u00e1 outras provid\u00eancias.<\/td><td style=\"color: #0000FF; background-color: #FFFFFF;text-decoration: underline;\"><a href=\"https:\/\/goias.gov.br\/cee\/wp-content\/uploads\/sites\/20\/2023\/10\/2021-106-cep-resolucao.pdf\" target=\"_blank\">ABRIR<\/a><\/td><td style=\"color: #000000; background-color: #FFFFFF;\"><\/td><\/tr><tr><td style=\"color: #666666; background-color: #FFFFFF;\">Resolu\u00e7\u00e3o<\/td><td style=\"color: #666666; background-color: #FFFFFF;\">C\u00e2mara de Educa\u00e7\u00e3o Profissional<\/td><td style=\"color: #666666; background-color: #FFFFFF;\">107\/2021<\/td><td style=\"color: #666666; background-color: #FFFFFF;\">23\/09\/2021<\/td><td style=\"color: #666666; background-color: #FFFFFF;\">Disp\u00f5e sobre a aprova\u00e7\u00e3o do relat\u00f3rio do Curso \u201cComunicando com as M\u00e3os - L\u00edngua Brasileira de Sinais - LIBRAS\u201d ministrado pela Associa\u00e7\u00e3o dos Surdos de Goi\u00e2nia - ASG em Goi\u00e2nia\/GO e d\u00e1 outras provid\u00eancias.<\/td><td style=\"color: #0000FF; background-color: #FFFFFF;text-decoration: underline;\"><a href=\"https:\/\/goias.gov.br\/cee\/wp-content\/uploads\/sites\/20\/2023\/10\/2021-107-cep-resolucao.pdf\" target=\"_blank\">ABRIR<\/a><\/td><td style=\"color: #000000; background-color: #FFFFFF;\"><\/td><\/tr><tr><td style=\"color: #666666; background-color: #FFFFFF;\">Resolu\u00e7\u00e3o<\/td><td style=\"color: #666666; background-color: #FFFFFF;\">C\u00e2mara de Educa\u00e7\u00e3o Profissional<\/td><td style=\"color: #666666; background-color: #FFFFFF;\">108\/2021<\/td><td style=\"color: #666666; background-color: #FFFFFF;\">23\/09\/2021<\/td><td style=\"color: #666666; background-color: #FFFFFF;\">Disp\u00f5e sobre o credenciamento e a autoriza\u00e7\u00e3o dos Projetos de Cursos\/EaD realizados pelo IBEC, em Aparecida de Goi\u00e2nia\/GO e d\u00e1 outras provid\u00eancias.\n<\/td><td style=\"color: #0000FF; background-color: #FFFFFF;text-decoration: underline;\"><a href=\"https:\/\/goias.gov.br\/cee\/wp-content\/uploads\/sites\/20\/2023\/10\/2021-108-cep-resolucao.pdf\" target=\"_blank\">ABRIR<\/a><\/td><td style=\"color: #000000; background-color: #FFFFFF;\"><\/td><\/tr><tr><td style=\"color: #666666; background-color: #FFFFFF;\">Resolu\u00e7\u00e3o<\/td><td style=\"color: #666666; background-color: #FFFFFF;\">C\u00e2mara de Educa\u00e7\u00e3o Profissional<\/td><td style=\"color: #666666; background-color: #FFFFFF;\">109\/2021<\/td><td style=\"color: #666666; background-color: #FFFFFF;\">23\/09\/2021<\/td><td style=\"color: #666666; background-color: #FFFFFF;\">Disp\u00f5e sobre a autoriza\u00e7\u00e3o do Projeto do Curso \u201cPotencializa\u00e7\u00e3o e Desenvolvimento de Projetos em Altas Habilidades\/Superdota\u00e7\u00e3o\u201d a ser oferecido pelo N\u00facleo de Atividades de Altas Habilidades\/Superdota\u00e7\u00e3o - NAAH\/S GO, em Goi\u00e2nia\/GO e d\u00e1 outras provid\u00eancias.<\/td><td style=\"color: #0000FF; background-color: #FFFFFF;text-decoration: underline;\"><a href=\"https:\/\/goias.gov.br\/cee\/wp-content\/uploads\/sites\/20\/2023\/10\/2021-109-cep-resolucao.pdf\" target=\"_blank\">ABRIR<\/a><\/td><td style=\"color: #000000; background-color: #FFFFFF;\"><\/td><\/tr><tr><td style=\"color: #666666; background-color: #FFFFFF;\">Resolu\u00e7\u00e3o<\/td><td style=\"color: #666666; background-color: #FFFFFF;\">C\u00e2mara de Educa\u00e7\u00e3o Profissional<\/td><td style=\"color: #666666; background-color: #FFFFFF;\">110\/2021<\/td><td style=\"color: #666666; background-color: #FFFFFF;\">30\/09\/2021<\/td><td style=\"color: #666666; background-color: #FFFFFF;\">Disp\u00f5e sobre a autoriza\u00e7\u00e3o do Curso T\u00e9cnico em Enfermagem\/EaD do Instituto Quality em Rio Verde\/GO e d\u00e1 outras provid\u00eancias.<\/td><td style=\"color: #0000FF; background-color: #FFFFFF;text-decoration: underline;\"><a href=\"https:\/\/goias.gov.br\/cee\/wp-content\/uploads\/sites\/20\/2023\/10\/2021-110-cep-resolucao.pdf\" target=\"_blank\">ABRIR<\/a><\/td><td style=\"color: #000000; background-color: #FFFFFF;\"><\/td><\/tr><tr><td style=\"color: #666666; background-color: #FFFFFF;\">Resolu\u00e7\u00e3o<\/td><td style=\"color: #666666; background-color: #FFFFFF;\">C\u00e2mara de Educa\u00e7\u00e3o Profissional<\/td><td style=\"color: #666666; background-color: #FFFFFF;\">111\/2021<\/td><td style=\"color: #666666; background-color: #FFFFFF;\">07\/10\/2021<\/td><td style=\"color: #666666; background-color: #FFFFFF;\">Disp\u00f5e sobre a autoriza\u00e7\u00e3o do Curso T\u00e9cnico em Manuten\u00e7\u00e3o e Suporte em Inform\u00e1tica do Programa Pronatec\/MedioTEC\/Novos Caminhos em Novo Gama\/GO e d\u00e1 outras provid\u00eancias.\n<\/td><td style=\"color: #0000FF; background-color: #FFFFFF;text-decoration: underline;\"><a href=\"https:\/\/goias.gov.br\/cee\/wp-content\/uploads\/sites\/20\/2023\/10\/2021-111-cep-resolucao.pdf\" target=\"_blank\">ABRIR<\/a><\/td><td style=\"color: #000000; background-color: #FFFFFF;\"><\/td><\/tr><tr><td style=\"color: #666666; background-color: #FFFFFF;\">Resolu\u00e7\u00e3o<\/td><td style=\"color: #666666; background-color: #FFFFFF;\">C\u00e2mara de Educa\u00e7\u00e3o Profissional<\/td><td style=\"color: #666666; background-color: #FFFFFF;\">112\/2021<\/td><td style=\"color: #666666; background-color: #FFFFFF;\">07\/10\/2021<\/td><td style=\"color: #666666; background-color: #FFFFFF;\">Disp\u00f5e sobrea aprova\u00e7\u00e3o do relat\u00f3rio do Curso \u201cAtendimento Educacional Especializado em Altas Habilidades\/ Superdota\u00e7\u00e3o - EaD\u201d do N\u00facleo de Atividades de Altas Habilidades\/Superdota\u00e7\u00e3o \u2013 NAAH\/S, em Goi\u00e2nia\/GO e d\u00e1 outras provid\u00eancias.\n<\/td><td style=\"color: #0000FF; background-color: #FFFFFF;text-decoration: underline;\"><a href=\"https:\/\/goias.gov.br\/cee\/wp-content\/uploads\/sites\/20\/2023\/10\/2021-112-cep-resolucao.pdf\" target=\"_blank\">ABRIR<\/a><\/td><td style=\"color: #000000; background-color: #FFFFFF;\"><\/td><\/tr><tr><td style=\"color: #666666; background-color: #FFFFFF;\">Resolu\u00e7\u00e3o<\/td><td style=\"color: #666666; background-color: #FFFFFF;\">C\u00e2mara de Educa\u00e7\u00e3o Profissional<\/td><td style=\"color: #666666; background-color: #FFFFFF;\">113\/2021<\/td><td style=\"color: #666666; background-color: #FFFFFF;\">07\/10\/2021<\/td><td style=\"color: #666666; background-color: #FFFFFF;\">Disp\u00f5e sobre a aprova\u00e7\u00e3o do relat\u00f3rio do Curso \u201cLibras como Segunda L\u00edngua para Deficientes Auditivos\" ministrado pela Centro de Capacita\u00e7\u00e3o de Profissionais da Educa\u00e7\u00e3o e de Atendimento \u00e0s Pessoas com Surdez \/CAS, em Goi\u00e2nia\/GO e d\u00e1 outras provid\u00eancias.<\/td><td style=\"color: #0000FF; background-color: #FFFFFF;text-decoration: underline;\"><a href=\"https:\/\/goias.gov.br\/cee\/wp-content\/uploads\/sites\/20\/2023\/10\/2021-113-cep-resolucao.pdf\" target=\"_blank\">ABRIR<\/a><\/td><td style=\"color: #000000; background-color: #FFFFFF;\"><\/td><\/tr><tr><td style=\"color: #666666; background-color: #FFFFFF;\">Resolu\u00e7\u00e3o<\/td><td style=\"color: #666666; background-color: #FFFFFF;\">C\u00e2mara de Educa\u00e7\u00e3o Profissional<\/td><td style=\"color: #666666; background-color: #FFFFFF;\">114\/2021<\/td><td style=\"color: #666666; background-color: #FFFFFF;\">07\/10\/2021<\/td><td style=\"color: #666666; background-color: #FFFFFF;\">Disp\u00f5e sobre aprova\u00e7\u00e3o do relat\u00f3rio do Curso \u201cLibras como Segunda L\u00edngua para Servidores Administrativos e Familiares de Surdos\" do Centro de Capacita\u00e7\u00e3o de Profissionais da Educa\u00e7\u00e3o e de Atendimento \u00e0s Pessoas com Surdez \/CAS, em Goi\u00e2nia\/GO e d\u00e1 outras provid\u00eancias.\n <\/td><td style=\"color: #0000FF; background-color: #FFFFFF;text-decoration: underline;\"><a href=\"https:\/\/goias.gov.br\/cee\/wp-content\/uploads\/sites\/20\/2023\/10\/2021-114-cep-resolucao.pdf\" target=\"_blank\">ABRIR<\/a><\/td><td style=\"color: #000000; background-color: #FFFFFF;\"><\/td><\/tr><tr><td style=\"color: #666666; background-color: #FFFFFF;\">Resolu\u00e7\u00e3o<\/td><td style=\"color: #666666; background-color: #FFFFFF;\">C\u00e2mara de Educa\u00e7\u00e3o Profissional<\/td><td style=\"color: #666666; background-color: #FFFFFF;\">115\/2021<\/td><td style=\"color: #666666; background-color: #FFFFFF;\">14\/10\/2021<\/td><td style=\"color: #666666; background-color: #FFFFFF;\">Disp\u00f5e sobre a autoriza\u00e7\u00e3o do curso T\u00e9cnico em Transa\u00e7\u00f5es Imobili\u00e1rias\/EAD, da Escola Nossa Senhora Aparecida, em Luzi\u00e2nia\/GO e d\u00e1 outras provid\u00eancias.\n<\/td><td style=\"color: #0000FF; background-color: #FFFFFF;text-decoration: underline;\"><a href=\"https:\/\/goias.gov.br\/cee\/wp-content\/uploads\/sites\/20\/2023\/10\/2021-115-cep-resolucao.pdf\" target=\"_blank\">ABRIR<\/a><\/td><td style=\"color: #000000; background-color: #FFFFFF;\"><\/td><\/tr><tr><td style=\"color: #666666; background-color: #FFFFFF;\">Resolu\u00e7\u00e3o<\/td><td style=\"color: #666666; background-color: #FFFFFF;\">C\u00e2mara de Educa\u00e7\u00e3o Profissional<\/td><td style=\"color: #666666; background-color: #FFFFFF;\">116\/2021<\/td><td style=\"color: #666666; background-color: #FFFFFF;\">14\/10\/2021<\/td><td style=\"color: #666666; background-color: #FFFFFF;\">Disp\u00f5e sobre a aprova\u00e7\u00e3o do relat\u00f3rio dos Cursos: Conta\u00e7\u00e3o de Hist\u00f3rias; Ludoteca; Rotinas Pedag\u00f3gicas e L\u00edngua Portuguesa, do ICG - Instituto da Consci\u00eancia, Goi\u00e2nia\/GO e d\u00e1 outras provid\u00eancias.<\/td><td style=\"color: #0000FF; background-color: #FFFFFF;text-decoration: underline;\"><a href=\"https:\/\/goias.gov.br\/cee\/wp-content\/uploads\/sites\/20\/2023\/10\/2021-116-cep-resolucao.pdf\" target=\"_blank\">ABRIR<\/a><\/td><td style=\"color: #000000; background-color: #FFFFFF;\"><\/td><\/tr><tr><td style=\"color: #666666; background-color: #FFFFFF;\">Resolu\u00e7\u00e3o<\/td><td style=\"color: #666666; background-color: #FFFFFF;\">C\u00e2mara de Educa\u00e7\u00e3o Profissional<\/td><td style=\"color: #666666; background-color: #FFFFFF;\">117\/2021<\/td><td style=\"color: #666666; background-color: #FFFFFF;\">14\/10\/2021<\/td><td style=\"color: #666666; background-color: #FFFFFF;\">Disp\u00f5e sobre aprova\u00e7\u00e3o do relat\u00f3rio do Curso \u201cFundamentos em Altas Habilidades\/ Superdota\u00e7\u00e3o\u201d do N\u00facleo de Atividades de Altas Habilidades\/Superdota\u00e7\u00e3o \u2013 NAAH\/S, em Goi\u00e2nia\/GO e d\u00e1 outras provid\u00eancias.\n<\/td><td style=\"color: #0000FF; background-color: #FFFFFF;text-decoration: underline;\"><a href=\"https:\/\/goias.gov.br\/cee\/wp-content\/uploads\/sites\/20\/2023\/10\/2021-117-cep-resolucao.pdf\" target=\"_blank\">ABRIR<\/a><\/td><td style=\"color: #000000; background-color: #FFFFFF;\"><\/td><\/tr><tr><td style=\"color: #666666; background-color: #FFFFFF;\">Resolu\u00e7\u00e3o<\/td><td style=\"color: #666666; background-color: #FFFFFF;\">C\u00e2mara de Educa\u00e7\u00e3o Profissional<\/td><td style=\"color: #666666; background-color: #FFFFFF;\">118\/2021<\/td><td style=\"color: #666666; background-color: #FFFFFF;\">21\/10\/2021<\/td><td style=\"color: #666666; background-color: #FFFFFF;\">Disp\u00f5e sobre o credenciamento e a autoriza\u00e7\u00e3o dos Cursos de Qualifica\u00e7\u00e3o Profissional do CETEM - Centro de Treinamento El\u00e9trico de Morrinhos em Morrinhos\/GO e d\u00e1 outras provid\u00eancias.\n<\/td><td style=\"color: #0000FF; background-color: #FFFFFF;text-decoration: underline;\"><a href=\"https:\/\/goias.gov.br\/cee\/wp-content\/uploads\/sites\/20\/2023\/10\/2021-118-cep-resolucao.pdf\" target=\"_blank\">ABRIR<\/a><\/td><td style=\"color: #000000; background-color: #FFFFFF;\"><\/td><\/tr><tr><td style=\"color: #666666; background-color: #FFFFFF;\">Resolu\u00e7\u00e3o<\/td><td style=\"color: #666666; background-color: #FFFFFF;\">C\u00e2mara de Educa\u00e7\u00e3o Profissional<\/td><td style=\"color: #666666; background-color: #FFFFFF;\">119\/2021<\/td><td style=\"color: #666666; background-color: #FFFFFF;\">21\/10\/2021<\/td><td style=\"color: #666666; background-color: #FFFFFF;\">Disp\u00f5e sobre a autoriza\u00e7\u00e3o do Curso T\u00e9cnico em Log\u00edstica do Programa Pronatec\/MedioTEC, em An\u00e1polis\/GO e d\u00e1 outras provid\u00eancias.<\/td><td style=\"color: #0000FF; background-color: #FFFFFF;text-decoration: underline;\"><a href=\"https:\/\/goias.gov.br\/cee\/wp-content\/uploads\/sites\/20\/2023\/10\/2021-119-cep-resolucao.pdf\" target=\"_blank\">ABRIR<\/a><\/td><td style=\"color: #000000; background-color: #FFFFFF;\"><\/td><\/tr><tr><td style=\"color: #666666; background-color: #FFFFFF;\">Resolu\u00e7\u00e3o<\/td><td style=\"color: #666666; background-color: #FFFFFF;\">C\u00e2mara de Educa\u00e7\u00e3o Profissional<\/td><td style=\"color: #666666; background-color: #FFFFFF;\">120\/2021<\/td><td style=\"color: #666666; background-color: #FFFFFF;\">21\/10\/2021<\/td><td style=\"color: #666666; background-color: #FFFFFF;\">Disp\u00f5e sobre a autoriza\u00e7\u00e3o do Curso T\u00e9cnico em Log\u00edstica do Programa Pronatec\/MedioTEC, em Trindade\/GO e d\u00e1 outras provid\u00eancias.<\/td><td style=\"color: #0000FF; background-color: #FFFFFF;text-decoration: underline;\"><a href=\"https:\/\/goias.gov.br\/cee\/wp-content\/uploads\/sites\/20\/2023\/10\/2021-120-cep-resolucao.pdf\" target=\"_blank\">ABRIR<\/a><\/td><td style=\"color: #000000; background-color: #FFFFFF;\"><\/td><\/tr><tr><td style=\"color: #666666; background-color: #FFFFFF;\">Resolu\u00e7\u00e3o<\/td><td style=\"color: #666666; background-color: #FFFFFF;\">C\u00e2mara de Educa\u00e7\u00e3o Profissional<\/td><td style=\"color: #666666; background-color: #FFFFFF;\">121\/2021<\/td><td style=\"color: #666666; background-color: #FFFFFF;\">21\/10\/2021<\/td><td style=\"color: #666666; background-color: #FFFFFF;\">Disp\u00f5e sobre a autoriza\u00e7\u00e3o do Curso T\u00e9cnico em Inform\u00e1tica do Programa Pronatec\/MedioTEC em Aparecida de Goi\u00e2nia\/GO e d\u00e1 outras provid\u00eancias.\n<\/td><td style=\"color: #0000FF; background-color: #FFFFFF;text-decoration: underline;\"><a href=\"https:\/\/goias.gov.br\/cee\/wp-content\/uploads\/sites\/20\/2023\/10\/2021-121-cep-resolucao.pdf\" target=\"_blank\">ABRIR<\/a><\/td><td style=\"color: #000000; background-color: #FFFFFF;\"><\/td><\/tr><tr><td style=\"color: #666666; background-color: #FFFFFF;\">Resolu\u00e7\u00e3o<\/td><td style=\"color: #666666; background-color: #FFFFFF;\">C\u00e2mara de Educa\u00e7\u00e3o Profissional<\/td><td style=\"color: #666666; background-color: #FFFFFF;\">122\/2021<\/td><td style=\"color: #666666; background-color: #FFFFFF;\">28\/10\/2021<\/td><td style=\"color: #666666; background-color: #FFFFFF;\">Disp\u00f5e sobre a aprova\u00e7\u00e3o do relat\u00f3rio do Curso \u201cL\u00edngua Brasileira de Sinais - Libras\" ministrado pela Centro de Capacita\u00e7\u00e3o de Profissionais\nda Educa\u00e7\u00e3o e de Atendimento \u00e0s Pessoas com Surdez \/CAS, em Goi\u00e2nia\/GO e d\u00e1 outras provid\u00eancias.\n<\/td><td style=\"color: #0000FF; background-color: #FFFFFF;text-decoration: underline;\"><a href=\"https:\/\/goias.gov.br\/cee\/wp-content\/uploads\/sites\/20\/2023\/10\/2021-122-cep-resolucao.pdf\" target=\"_blank\">ABRIR<\/a><\/td><td style=\"color: #000000; background-color: #FFFFFF;\"><\/td><\/tr><tr><td style=\"color: #666666; background-color: #FFFFFF;\">Resolu\u00e7\u00e3o<\/td><td style=\"color: #666666; background-color: #FFFFFF;\">C\u00e2mara de Educa\u00e7\u00e3o Profissional<\/td><td style=\"color: #666666; background-color: #FFFFFF;\">123\/2021<\/td><td style=\"color: #666666; background-color: #FFFFFF;\">04\/11\/2021<\/td><td style=\"color: #666666; background-color: #FFFFFF;\">Disp\u00f5e sobre o credenciamento e a autoriza\u00e7\u00e3o do Curso T\u00e9cnico em Enfermagem do IETEC em Ca\u00e7u\/GO e d\u00e1 outras provid\u00eancias.<\/td><td style=\"color: #0000FF; background-color: #FFFFFF;text-decoration: underline;\"><a href=\"https:\/\/goias.gov.br\/cee\/wp-content\/uploads\/sites\/20\/2023\/10\/2021-123-cep-resolucao.pdf\" target=\"_blank\">ABRIR<\/a><\/td><td style=\"color: #000000; background-color: #FFFFFF;\"><\/td><\/tr><tr><td style=\"color: #666666; background-color: #FFFFFF;\">Resolu\u00e7\u00e3o<\/td><td style=\"color: #666666; background-color: #FFFFFF;\">C\u00e2mara de Educa\u00e7\u00e3o Profissional<\/td><td style=\"color: #666666; background-color: #FFFFFF;\">124\/2021<\/td><td style=\"color: #666666; background-color: #FFFFFF;\">17\/11\/2021<\/td><td style=\"color: #666666; background-color: #FFFFFF;\">Disp\u00f5e sobre a aprova\u00e7\u00e3o do relat\u00f3rio do Curso: Curso de Metodologias Ativas\/EAD, do ICG \u2013 Instituto da Consci\u00eancia, em Goi\u00e2nia\/GO e d\u00e1 outras provid\u00eancias.<\/td><td style=\"color: #0000FF; background-color: #FFFFFF;text-decoration: underline;\"><a href=\"https:\/\/goias.gov.br\/cee\/wp-content\/uploads\/sites\/20\/2023\/10\/2021-124-cep-resolucao.pdf\" target=\"_blank\">ABRIR<\/a><\/td><td style=\"color: #000000; background-color: #FFFFFF;\"><\/td><\/tr><tr><td style=\"color: #666666; background-color: #FFFFFF;\">Resolu\u00e7\u00e3o<\/td><td style=\"color: #666666; background-color: #FFFFFF;\">C\u00e2mara de Educa\u00e7\u00e3o Profissional<\/td><td style=\"color: #666666; background-color: #FFFFFF;\">125\/2021<\/td><td style=\"color: #666666; background-color: #FFFFFF;\">11\/11\/2021<\/td><td style=\"color: #666666; background-color: #FFFFFF;\">Disp\u00f5e sobre a renova\u00e7\u00e3o da autoriza\u00e7\u00e3o do Curso T\u00e9cnico em Transa\u00e7\u00f5es Imobili\u00e1rias da NovaescolaBrasil\/Novaeschola.c, em Goi\u00e2nia\/GO e d\u00e1 outras provid\u00eancias.<\/td><td style=\"color: #0000FF; background-color: #FFFFFF;text-decoration: underline;\"><a href=\"https:\/\/goias.gov.br\/cee\/wp-content\/uploads\/sites\/20\/2023\/10\/2021-125-cep-resolucao.pdf\" target=\"_blank\">ABRIR<\/a><\/td><td style=\"color: #000000; background-color: #FFFFFF;\"><\/td><\/tr><tr><td style=\"color: #666666; background-color: #FFFFFF;\">Resolu\u00e7\u00e3o<\/td><td style=\"color: #666666; background-color: #FFFFFF;\">C\u00e2mara de Educa\u00e7\u00e3o Profissional<\/td><td style=\"color: #666666; background-color: #FFFFFF;\">126\/2021<\/td><td style=\"color: #666666; background-color: #FFFFFF;\">11\/11\/2021<\/td><td style=\"color: #666666; background-color: #FFFFFF;\">Disp\u00f5e sobre a autoriza\u00e7\u00e3o do Curso T\u00e9cnico em Inform\u00e1tica do Programa Pronatec\/MedioTEC, em Morrinhos\/GO e d\u00e1 outras provid\u00eancias.<\/td><td style=\"color: #0000FF; background-color: #FFFFFF;text-decoration: underline;\"><a href=\"https:\/\/goias.gov.br\/cee\/wp-content\/uploads\/sites\/20\/2023\/10\/2021-126-cep-resolucao.pdf\" target=\"_blank\">ABRIR<\/a><\/td><td style=\"color: #000000; background-color: #FFFFFF;\"><\/td><\/tr><tr><td style=\"color: #666666; background-color: #FFFFFF;\">Resolu\u00e7\u00e3o<\/td><td style=\"color: #666666; background-color: #FFFFFF;\">C\u00e2mara de Educa\u00e7\u00e3o Profissional<\/td><td style=\"color: #666666; background-color: #FFFFFF;\">127\/2021<\/td><td style=\"color: #666666; background-color: #FFFFFF;\">11\/11\/2021<\/td><td style=\"color: #666666; background-color: #FFFFFF;\">Disp\u00f5e sobre a autoriza\u00e7\u00e3o do Curso T\u00e9cnico em Redes de Computadores do Programa Pronatec\/MedioTEC, em Aparecida de Goi\u00e2nia\/GO e d\u00e1 outras provid\u00eancias.<\/td><td style=\"color: #0000FF; background-color: #FFFFFF;text-decoration: underline;\"><a href=\"https:\/\/goias.gov.br\/cee\/wp-content\/uploads\/sites\/20\/2023\/10\/2021-127-cep-resolucao.pdf\" target=\"_blank\">ABRIR<\/a><\/td><td style=\"color: #000000; background-color: #FFFFFF;\"><\/td><\/tr><tr><td style=\"color: #666666; background-color: #FFFFFF;\">Resolu\u00e7\u00e3o<\/td><td style=\"color: #666666; background-color: #FFFFFF;\">C\u00e2mara de Educa\u00e7\u00e3o Profissional<\/td><td style=\"color: #666666; background-color: #FFFFFF;\">128\/2021<\/td><td style=\"color: #666666; background-color: #FFFFFF;\">18\/11\/2021<\/td><td style=\"color: #666666; background-color: #FFFFFF;\">Disp\u00f5e sobre a autoriza\u00e7\u00e3o do Curso T\u00e9cnico em Seguran\u00e7a do Trabalho, do Instituto Canedo Cursos T\u00e9cnicos, em Senador Canedo\/GO e d\u00e1 outras provid\u00eancias.<\/td><td style=\"color: #0000FF; background-color: #FFFFFF;text-decoration: underline;\"><a href=\"https:\/\/goias.gov.br\/cee\/wp-content\/uploads\/sites\/20\/2023\/10\/2021-128-cep-resolucao.pdf\" target=\"_blank\">ABRIR<\/a><\/td><td style=\"color: #000000; background-color: #FFFFFF;\"><\/td><\/tr><tr><td style=\"color: #666666; background-color: #FFFFFF;\">Resolu\u00e7\u00e3o<\/td><td style=\"color: #666666; background-color: #FFFFFF;\">C\u00e2mara de Educa\u00e7\u00e3o Profissional<\/td><td style=\"color: #666666; background-color: #FFFFFF;\">129\/2021<\/td><td style=\"color: #666666; background-color: #FFFFFF;\">18\/11\/2021<\/td><td style=\"color: #666666; background-color: #FFFFFF;\">Disp\u00f5e sobre a aprova\u00e7\u00e3o dos relat\u00f3rios de Cursos Livres do Centro de Estudo e Pesquisa Ciranda da Arte, em Goi\u00e2nia\/GO e d\u00e1 outras provid\u00eancias.\n<\/td><td style=\"color: #0000FF; background-color: #FFFFFF;text-decoration: underline;\"><a href=\"https:\/\/goias.gov.br\/cee\/wp-content\/uploads\/sites\/20\/2023\/10\/2021-129-cep-resolucao.pdf\" target=\"_blank\">ABRIR<\/a><\/td><td style=\"color: #000000; background-color: #FFFFFF;\"><\/td><\/tr><tr><td style=\"color: #666666; background-color: #FFFFFF;\">Resolu\u00e7\u00e3o<\/td><td style=\"color: #666666; background-color: #FFFFFF;\">C\u00e2mara de Educa\u00e7\u00e3o Profissional<\/td><td style=\"color: #666666; background-color: #FFFFFF;\">130\/2021<\/td><td style=\"color: #666666; background-color: #FFFFFF;\">25\/11\/2021<\/td><td style=\"color: #666666; background-color: #FFFFFF;\">Disp\u00f5e sobre o credenciamento e a autoriza\u00e7\u00e3o do Curso T\u00e9cnico em Servi\u00e7os Jur\u00eddicos do Col\u00e9gio IESGO Master em formosa\/GO e d\u00e1 outras provid\u00eancias.\n<\/td><td style=\"color: #0000FF; background-color: #FFFFFF;text-decoration: underline;\"><a href=\"https:\/\/goias.gov.br\/cee\/wp-content\/uploads\/sites\/20\/2023\/10\/2021-130-cep-resolucao.pdf\" target=\"_blank\">ABRIR<\/a><\/td><td style=\"color: #000000; background-color: #FFFFFF;\"><\/td><\/tr><tr><td style=\"color: #666666; background-color: #FFFFFF;\">Resolu\u00e7\u00e3o<\/td><td style=\"color: #666666; background-color: #FFFFFF;\">C\u00e2mara de Educa\u00e7\u00e3o Profissional<\/td><td style=\"color: #666666; background-color: #FFFFFF;\">132\/2021<\/td><td style=\"color: #666666; background-color: #FFFFFF;\">09\/12\/2021<\/td><td style=\"color: #666666; background-color: #FFFFFF;\">Disp\u00f5e sobre a autoriza\u00e7\u00e3o do Curso T\u00e9cnico em Est\u00e9tica do Grau T\u00e9cnico \u2013 Unidade Goi\u00e2nia, em Goi\u00e2nia\/GO e d\u00e1 outras provid\u00eancias.\n<\/td><td style=\"color: #0000FF; background-color: #FFFFFF;text-decoration: underline;\"><a href=\"https:\/\/goias.gov.br\/cee\/wp-content\/uploads\/sites\/20\/2023\/10\/2021-132-cep-resolucao.pdf\" target=\"_blank\">ABRIR<\/a><\/td><td style=\"color: #000000; background-color: #FFFFFF;\"><\/td><\/tr><tr><td style=\"color: #666666; background-color: #FFFFFF;\">Resolu\u00e7\u00e3o<\/td><td style=\"color: #666666; background-color: #FFFFFF;\">C\u00e2mara de Educa\u00e7\u00e3o Profissional<\/td><td style=\"color: #666666; background-color: #FFFFFF;\">136\/2021<\/td><td style=\"color: #666666; background-color: #FFFFFF;\">16\/12\/2021<\/td><td style=\"color: #666666; background-color: #FFFFFF;\">Disp\u00f5e sobre a autoriza\u00e7\u00e3o do curso T\u00e9cnico em Transa\u00e7\u00f5es Imobili\u00e1rias do Instituto de Educa\u00e7\u00e3o Profissional - IEP, em \u00c1guas Linda  de Goi\u00e1s\/GO e d\u00e1 outras provid\u00eancias.<\/td><td style=\"color: #666666; background-color: #FFFFFF;\">ABRIR<\/td><td style=\"color: #000000; background-color: #FFFFFF;\"><\/td><\/tr><tr><td style=\"color: #666666; background-color: #FFFFFF;\">Resolu\u00e7\u00e3o<\/td><td style=\"color: #666666; background-color: #FFFFFF;\">C\u00e2mara de Educa\u00e7\u00e3o Profissional<\/td><td style=\"color: #666666; background-color: #FFFFFF;\">01\/2022<\/td><td style=\"color: #666666; background-color: #FFFFFF;\">13\/01\/2022<\/td><td style=\"color: #666666; background-color: #FFFFFF;\">Disp\u00f5e sobre o recredenciamento e a renova\u00e7\u00e3o da autoriza\u00e7\u00e3o do Curso T\u00e9cnico em Enfermagem do Col\u00e9gio Emiliana Ribeiro de Castro em Jussara\/GO e d\u00e1 outras provid\u00eancias.<\/td><td style=\"color: #0000FF; background-color: #FFFFFF;text-decoration: underline;\"><a href=\"https:\/\/goias.gov.br\/cee\/wp-content\/uploads\/sites\/20\/2023\/10\/2022-1-cep-resolucao.pdf\" target=\"_blank\">ABRIR<\/a><\/td><td style=\"color: #000000; background-color: #FFFFFF;\"><\/td><\/tr><tr><td style=\"color: #666666; background-color: #FFFFFF;\">Resolu\u00e7\u00e3o<\/td><td style=\"color: #666666; background-color: #FFFFFF;\">C\u00e2mara de Educa\u00e7\u00e3o Profissional<\/td><td style=\"color: #666666; background-color: #FFFFFF;\">02\/2022<\/td><td style=\"color: #666666; background-color: #FFFFFF;\">13\/01\/2022<\/td><td style=\"color: #666666; background-color: #FFFFFF;\">Disp\u00f5e sobre a autoriza\u00e7\u00e3o do \u201cCurso B\u00e1sico de Portugu\u00eas como Segunda L\u00edngua para Surdos\u201d do Centro de Capacita\u00e7\u00e3o de Profissionais da Educa\u00e7\u00e3o e de Atendimento \u00e0s Pessoas com Surdez\/CAS, Goi\u00e2nia\/GO e d\u00e1 outras provid\u00eancias.<\/td><td style=\"color: #0000FF; background-color: #FFFFFF;text-decoration: underline;\"><a href=\"https:\/\/siteshom.goias.gov.br\/cee\/wp-content\/uploads\/sites\/20\/2023\/10\/2022-2-cep-resolucao.pdf\" target=\"_blank\">ABRIR<\/a><\/td><td style=\"color: #000000; background-color: #FFFFFF;\"><\/td><\/tr><tr><td style=\"color: #666666; background-color: #FFFFFF;\">Resolu\u00e7\u00e3o<\/td><td style=\"color: #666666; background-color: #FFFFFF;\">C\u00e2mara de Educa\u00e7\u00e3o Profissional<\/td><td style=\"color: #666666; background-color: #FFFFFF;\">03\/2022<\/td><td style=\"color: #666666; background-color: #FFFFFF;\">13\/01\/2022<\/td><td style=\"color: #666666; background-color: #FFFFFF;\">Disp\u00f5e sobre a autoriza\u00e7\u00e3o do \u201cCurso de Forma\u00e7\u00e3o para Tradutores Int\u00e9rpretes de Libras e L\u00edngua Portuguesa\u201d do Centro de Capacita\u00e7\u00e3o de Profissionais da Educa\u00e7\u00e3o e de Atendimento \u00e0s Pessoas com Surdez\/CAS, Goi\u00e2nia\/GO e d\u00e1 outras provid\u00eancias.\n<\/td><td style=\"color: #0000FF; background-color: #FFFFFF;text-decoration: underline;\"><a href=\"https:\/\/goias.gov.br\/cee\/wp-content\/uploads\/sites\/20\/2023\/10\/2022-3-cep-resolucao.pdf\" target=\"_blank\">ABRIR<\/a><\/td><td style=\"color: #000000; background-color: #FFFFFF;\"><\/td><\/tr><tr><td style=\"color: #666666; background-color: #FFFFFF;\">Resolu\u00e7\u00e3o<\/td><td style=\"color: #666666; background-color: #FFFFFF;\">C\u00e2mara de Educa\u00e7\u00e3o Profissional<\/td><td style=\"color: #666666; background-color: #FFFFFF;\">04\/2022<\/td><td style=\"color: #666666; background-color: #FFFFFF;\">13\/01\/2022<\/td><td style=\"color: #666666; background-color: #FFFFFF;\">Disp\u00f5e sobre a valida\u00e7\u00e3o dos atos pedag\u00f3gicos do Curso T\u00e9cnico em Inform\u00e1tica do Programa PRONATEC do Centro de Ensino em Per\u00edodo Integral Ant\u00f4nio Claret Cardoso em Alvorada do Norte\/GO e d\u00e1 outras provid\u00eancias.<\/td><td style=\"color: #0000FF; background-color: #FFFFFF;text-decoration: underline;\"><a href=\"https:\/\/goias.gov.br\/cee\/wp-content\/uploads\/sites\/20\/2023\/10\/2022-4-cep-resolucao.pdf\" target=\"_blank\">ABRIR<\/a><\/td><td style=\"color: #000000; background-color: #FFFFFF;\"><\/td><\/tr><tr><td style=\"color: #666666; background-color: #FFFFFF;\">Resolu\u00e7\u00e3o<\/td><td style=\"color: #666666; background-color: #FFFFFF;\">C\u00e2mara de Educa\u00e7\u00e3o Profissional<\/td><td style=\"color: #666666; background-color: #FFFFFF;\">05\/2022<\/td><td style=\"color: #666666; background-color: #FFFFFF;\">13\/01\/2022<\/td><td style=\"color: #666666; background-color: #FFFFFF;\">Disp\u00f5e sobre a autoriza\u00e7\u00e3o para a oferta de cursos T\u00e9cnicos de N\u00edvel M\u00e9dio, em car\u00e1ter experimental, bem como a excepcionaliza\u00e7\u00e3o de matr\u00edcula nas Escolas do futuro do Estado de Goi\u00e1s - EFG's e d\u00e1 outras provid\u00eancias.\n<\/td><td style=\"color: #0000FF; background-color: #FFFFFF;text-decoration: underline;\"><a href=\"https:\/\/goias.gov.br\/cee\/wp-content\/uploads\/sites\/20\/2023\/10\/2022-5-cep-resolucao.pdf\" target=\"_blank\">ABRIR<\/a><\/td><td style=\"color: #000000; background-color: #FFFFFF;\"><\/td><\/tr><tr><td style=\"color: #666666; background-color: #FFFFFF;\">Resolu\u00e7\u00e3o<\/td><td style=\"color: #666666; background-color: #FFFFFF;\">C\u00e2mara de Educa\u00e7\u00e3o Profissional<\/td><td style=\"color: #666666; background-color: #FFFFFF;\">06\/2022<\/td><td style=\"color: #666666; background-color: #FFFFFF;\">20\/01\/2022<\/td><td style=\"color: #666666; background-color: #FFFFFF;\">Disp\u00f5e sobre a aprova\u00e7\u00e3o do relat\u00f3rio do curso \u201cLibras como Segunda L\u00edngua para Deficientes Auditivos\" do Centro de Capacita\u00e7\u00e3o de Profissionais da Educa\u00e7\u00e3o e de Atendimento \u00e0s Pessoas com Surdez\/CAS, Goi\u00e2nia\/GO e d\u00e1 outras provid\u00eancias.\n<\/td><td style=\"color: #0000FF; background-color: #FFFFFF;text-decoration: underline;\"><a href=\"https:\/\/goias.gov.br\/cee\/wp-content\/uploads\/sites\/20\/2023\/10\/2022-6-cep-resolucao.pdf\" target=\"_blank\">ABRIR<\/a><\/td><td style=\"color: #000000; background-color: #FFFFFF;\"><\/td><\/tr><tr><td style=\"color: #666666; background-color: #FFFFFF;\">Resolu\u00e7\u00e3o<\/td><td style=\"color: #666666; background-color: #FFFFFF;\">C\u00e2mara de Educa\u00e7\u00e3o Profissional<\/td><td style=\"color: #666666; background-color: #FFFFFF;\">07\/2022<\/td><td style=\"color: #666666; background-color: #FFFFFF;\">20\/01\/2022<\/td><td style=\"color: #666666; background-color: #FFFFFF;\">Disp\u00f5e sobre o recredenciamento e renova\u00e7\u00e3o da autoriza\u00e7\u00e3o do Curso T\u00e9cnico em Radiologia do SULDAM\u00c9RICA Cursos T\u00e9cnicos em Aparecida de Goi\u00e2nia\/GO e d\u00e1 outras provid\u00eancias.\n<\/td><td style=\"color: #0000FF; background-color: #FFFFFF;text-decoration: underline;\"><a href=\"https:\/\/goias.gov.br\/cee\/wp-content\/uploads\/sites\/20\/2023\/10\/2022-7-cep-resolucao.pdf\" target=\"_blank\">ABRIR<\/a><\/td><td style=\"color: #000000; background-color: #FFFFFF;\"><\/td><\/tr><tr><td style=\"color: #666666; background-color: #FFFFFF;\">Resolu\u00e7\u00e3o<\/td><td style=\"color: #666666; background-color: #FFFFFF;\">C\u00e2mara de Educa\u00e7\u00e3o Profissional<\/td><td style=\"color: #666666; background-color: #FFFFFF;\">08\/2022<\/td><td style=\"color: #666666; background-color: #FFFFFF;\">27\/01\/2022<\/td><td style=\"color: #666666; background-color: #FFFFFF;\">Disp\u00f5e sobre o recredenciamento e renova\u00e7\u00e3o da autoriza\u00e7\u00e3o do Curso T\u00e9cnico em Enfermagem do Conex\u00e3o Educacional em Urua\u00e7u\/GO e d\u00e1 outras provid\u00eancias.\n<\/td><td style=\"color: #0000FF; background-color: #FFFFFF;text-decoration: underline;\"><a href=\"https:\/\/goias.gov.br\/cee\/wp-content\/uploads\/sites\/20\/2023\/10\/2022-8-cep-resolucao.pdf\" target=\"_blank\">ABRIR<\/a><\/td><td style=\"color: #000000; background-color: #FFFFFF;\"><\/td><\/tr><tr><td style=\"color: #666666; background-color: #FFFFFF;\">Resolu\u00e7\u00e3o<\/td><td style=\"color: #666666; background-color: #FFFFFF;\">C\u00e2mara de Educa\u00e7\u00e3o Profissional<\/td><td style=\"color: #666666; background-color: #FFFFFF;\">09\/2022<\/td><td style=\"color: #666666; background-color: #FFFFFF;\">03\/02\/2022<\/td><td style=\"color: #666666; background-color: #FFFFFF;\">Disp\u00f5e sobre a autoriza\u00e7\u00e3o do Curso T\u00e9cnico em Agropecu\u00e1ria do Col\u00e9gio IESGO Master em Formosa\/GO e d\u00e1 outras provid\u00eancias.<\/td><td style=\"color: #0000FF; background-color: #FFFFFF;text-decoration: underline;\"><a href=\"https:\/\/goias.gov.br\/cee\/wp-content\/uploads\/sites\/20\/2023\/10\/2022-9-cep-resolucao.pdf\" target=\"_blank\">ABRIR<\/a><\/td><td style=\"color: #000000; background-color: #FFFFFF;\"><\/td><\/tr><tr><td style=\"color: #666666; background-color: #FFFFFF;\">Resolu\u00e7\u00e3o<\/td><td style=\"color: #666666; background-color: #FFFFFF;\">C\u00e2mara de Educa\u00e7\u00e3o Profissional<\/td><td style=\"color: #666666; background-color: #FFFFFF;\">10\/2022<\/td><td style=\"color: #666666; background-color: #FFFFFF;\">03\/02\/2022<\/td><td style=\"color: #666666; background-color: #FFFFFF;\">Disp\u00f5e sobre o recredenciamento e renova\u00e7\u00e3o da autoriza\u00e7\u00e3o do Curso T\u00e9cnico em Enfermagem do ASTEQ em Itapaci\/GO e d\u00e1 outras provid\u00eancias.<\/td><td style=\"color: #0000FF; background-color: #FFFFFF;text-decoration: underline;\"><a href=\"https:\/\/goias.gov.br\/cee\/wp-content\/uploads\/sites\/20\/2023\/10\/2022-10-cep-resolucao.pdf\" target=\"_blank\">ABRIR<\/a><\/td><td style=\"color: #000000; background-color: #FFFFFF;\"><\/td><\/tr><tr><td style=\"color: #666666; background-color: #FFFFFF;\">Resolu\u00e7\u00e3o<\/td><td style=\"color: #666666; background-color: #FFFFFF;\">C\u00e2mara de Educa\u00e7\u00e3o Profissional<\/td><td style=\"color: #666666; background-color: #FFFFFF;\">11\/2022<\/td><td style=\"color: #666666; background-color: #FFFFFF;\">03\/02\/2022<\/td><td style=\"color: #666666; background-color: #FFFFFF;\">Disp\u00f5e sobre o recredenciamento e a renova\u00e7\u00e3o da autoriza\u00e7\u00e3o do Curso T\u00e9cnico em Enfermagem do Instituto Genoma em Goian\u00e9sia\/GO e d\u00e1 outras provid\u00eancias.\n<\/td><td style=\"color: #0000FF; background-color: #FFFFFF;text-decoration: underline;\"><a href=\"https:\/\/goias.gov.br\/cee\/wp-content\/uploads\/sites\/20\/2023\/10\/2022-11-cep-resolucao.pdf\" target=\"_blank\">ABRIR<\/a><\/td><td style=\"color: #000000; background-color: #FFFFFF;\"><\/td><\/tr><tr><td style=\"color: #666666; background-color: #FFFFFF;\">Resolu\u00e7\u00e3o<\/td><td style=\"color: #666666; background-color: #FFFFFF;\">C\u00e2mara de Educa\u00e7\u00e3o Profissional<\/td><td style=\"color: #666666; background-color: #FFFFFF;\">12\/2022<\/td><td style=\"color: #666666; background-color: #FFFFFF;\">10\/02\/2022<\/td><td style=\"color: #666666; background-color: #FFFFFF;\">Disp\u00f5e sobre o recredenciamento e a renova\u00e7\u00e3o da autoriza\u00e7\u00e3o do Curso T\u00e9cnico em Enfermagem da Faculdade Itapuranga em Itapuranga\/GO e d\u00e1 outras provid\u00eancias.\n<\/td><td style=\"color: #0000FF; background-color: #FFFFFF;text-decoration: underline;\"><a href=\"https:\/\/goias.gov.br\/cee\/wp-content\/uploads\/sites\/20\/2023\/10\/2022-12-cep-resolucao.pdf\" target=\"_blank\">ABRIR<\/a><\/td><td style=\"color: #000000; background-color: #FFFFFF;\"><\/td><\/tr><tr><td style=\"color: #666666; background-color: #FFFFFF;\">Resolu\u00e7\u00e3o<\/td><td style=\"color: #666666; background-color: #FFFFFF;\">C\u00e2mara de Educa\u00e7\u00e3o Profissional<\/td><td style=\"color: #666666; background-color: #FFFFFF;\">13\/2022<\/td><td style=\"color: #666666; background-color: #FFFFFF;\">10\/02\/2022<\/td><td style=\"color: #666666; background-color: #FFFFFF;\">Disp\u00f5e sobre a aprova\u00e7\u00e3o de relat\u00f3rio do curso \u201cCapacita\u00e7\u00e3o para Professores(as): \u00c1rea Defici\u00eancia Visual\" do Centro de Apoio Pedag\u00f3gico para Atendimento \u00e0s Pessoas com Defici\u00eancia Visual \u2013 CAP em Goi\u00e2nia\/GO e d\u00e1 outras provid\u00eancias.\n<\/td><td style=\"color: #0000FF; background-color: #FFFFFF;text-decoration: underline;\"><a href=\"https:\/\/goias.gov.br\/cee\/wp-content\/uploads\/sites\/20\/2023\/10\/2022-13-cep-resolucao.pdf\" target=\"_blank\">ABRIR<\/a><\/td><td style=\"color: #000000; background-color: #FFFFFF;\"><\/td><\/tr><tr><td style=\"color: #666666; background-color: #FFFFFF;\">Resolu\u00e7\u00e3o<\/td><td style=\"color: #666666; background-color: #FFFFFF;\">C\u00e2mara de Educa\u00e7\u00e3o Profissional<\/td><td style=\"color: #666666; background-color: #FFFFFF;\">14\/2022<\/td><td style=\"color: #666666; background-color: #FFFFFF;\">17\/02\/2022<\/td><td style=\"color: #666666; background-color: #FFFFFF;\">Disp\u00f5e sobre o recredenciamento e renova\u00e7\u00e3o da autoriza\u00e7\u00e3o do Curso T\u00e9cnico em Enfermag<\/td><td style=\"color: #0000FF; background-color: #FFFFFF;text-decoration: underline;\"><a href=\"https:\/\/siteshom.goias.gov.br\/cee\/wp-content\/uploads\/sites\/20\/2023\/10\/2022-14-cep-resolucao.pdf\" target=\"_blank\">ABRIR<\/a><\/td><td style=\"color: #000000; background-color: #FFFFFF;\"><\/td><\/tr><tr><td style=\"color: #666666; background-color: #FFFFFF;\">Resolu\u00e7\u00e3o<\/td><td style=\"color: #666666; background-color: #FFFFFF;\">C\u00e2mara de Educa\u00e7\u00e3o Profissional<\/td><td style=\"color: #666666; background-color: #FFFFFF;\">15\/2022<\/td><td style=\"color: #666666; background-color: #FFFFFF;\">17\/02\/2022<\/td><td style=\"color: #666666; background-color: #FFFFFF;\">Disp\u00f5e sobre aprova\u00e7\u00e3o do relat\u00f3rio do Curso \u201cFundamentos em Altas Habilidades\/ Superdota\u00e7\u00e3o\u201d do N\u00facleo de Atividades de Altas Habilidades\/Superdota\u00e7\u00e3o \u2013 NAAH\/S, em Goi\u00e2nia\/GO e d\u00e1 outras provid\u00eancias.\n<\/td><td style=\"color: #0000FF; background-color: #FFFFFF;text-decoration: underline;\"><a href=\"https:\/\/goias.gov.br\/cee\/wp-content\/uploads\/sites\/20\/2023\/10\/2022-15-cep-resolucao.pdf\" target=\"_blank\">ABRIR<\/a><\/td><td style=\"color: #000000; background-color: #FFFFFF;\"><\/td><\/tr><tr><td style=\"color: #666666; background-color: #FFFFFF;\">Resolu\u00e7\u00e3o<\/td><td style=\"color: #666666; background-color: #FFFFFF;\">C\u00e2mara de Educa\u00e7\u00e3o Profissional<\/td><td style=\"color: #666666; background-color: #FFFFFF;\">16\/2022<\/td><td style=\"color: #666666; background-color: #FFFFFF;\">17\/02\/2022<\/td><td style=\"color: #666666; background-color: #FFFFFF;\">Disp\u00f5e sobre a autoriza\u00e7\u00e3o para a oferta de cursos T\u00e9cnicos de N\u00edvel M\u00e9dio, a excepcionaliza\u00e7\u00e3o de matr\u00edcula nas Escolas do futuro do Estado de Goi\u00e1s - EFG's e d\u00e1 outras provid\u00eancias.\n<\/td><td style=\"color: #0000FF; background-color: #FFFFFF;text-decoration: underline;\"><a href=\"https:\/\/goias.gov.br\/cee\/wp-content\/uploads\/sites\/20\/2023\/10\/2022-16-cep-resolucao.pdf\" target=\"_blank\">ABRIR<\/a><\/td><td style=\"color: #000000; background-color: #FFFFFF;\"><\/td><\/tr><tr><td style=\"color: #666666; background-color: #FFFFFF;\">Resolu\u00e7\u00e3o<\/td><td style=\"color: #666666; background-color: #FFFFFF;\">C\u00e2mara de Educa\u00e7\u00e3o Profissional<\/td><td style=\"color: #666666; background-color: #FFFFFF;\">17\/2022<\/td><td style=\"color: #666666; background-color: #FFFFFF;\">17\/02\/2022<\/td><td style=\"color: #666666; background-color: #FFFFFF;\">Disp\u00f5e sobre a retifica\u00e7\u00e3o da Resolu\u00e7\u00e3o CEE\/CEP N. 9 de 3 de fevereiro de 2022, referente a autoriza\u00e7\u00e3o do Curso T\u00e9cnico em Agropecu\u00e1ria, do Col\u00e9gio IESGO Master, em Formosa\/GO e d\u00e1 outras provid\u00eancias.<\/td><td style=\"color: #0000FF; background-color: #FFFFFF;text-decoration: underline;\"><a href=\"https:\/\/goias.gov.br\/cee\/wp-content\/uploads\/sites\/20\/2023\/10\/2022-17-cep-resolucao.pdf\" target=\"_blank\">ABRIR<\/a><\/td><td style=\"color: #000000; background-color: #FFFFFF;\"><\/td><\/tr><tr><td style=\"color: #666666; background-color: #FFFFFF;\">Resolu\u00e7\u00e3o<\/td><td style=\"color: #666666; background-color: #FFFFFF;\">C\u00e2mara de Educa\u00e7\u00e3o Profissional<\/td><td style=\"color: #666666; background-color: #FFFFFF;\">18\/2022<\/td><td style=\"color: #666666; background-color: #FFFFFF;\">24\/02\/2022<\/td><td style=\"color: #666666; background-color: #FFFFFF;\">Disp\u00f5e sobre o recredenciamento e a renova\u00e7\u00e3o da autoriza\u00e7\u00e3o do Curso T\u00e9cnico em Enfermagem do Col\u00e9gio Oswaldo Cruz em Goi\u00e2nia\/GO e d\u00e1 outras provid\u00eancias.\n<\/td><td style=\"color: #0000FF; background-color: #FFFFFF;text-decoration: underline;\"><a href=\"https:\/\/goias.gov.br\/cee\/wp-content\/uploads\/sites\/20\/2023\/10\/2022-18-cep-resolucao.pdf\" target=\"_blank\">ABRIR<\/a><\/td><td style=\"color: #000000; background-color: #FFFFFF;\"><\/td><\/tr><tr><td style=\"color: #666666; background-color: #FFFFFF;\">Resolu\u00e7\u00e3o<\/td><td style=\"color: #666666; background-color: #FFFFFF;\">C\u00e2mara de Educa\u00e7\u00e3o Profissional<\/td><td style=\"color: #666666; background-color: #FFFFFF;\">19\/2022<\/td><td style=\"color: #666666; background-color: #FFFFFF;\">24\/02\/2022<\/td><td style=\"color: #666666; background-color: #FFFFFF;\">Disp\u00f5e sobre a autoriza\u00e7\u00e3o do Curso T\u00e9cnico em Manuten\u00e7\u00e3o e Suporte\nem Inform\u00e1tica do Col\u00e9gio Estadual Jandira Bretas Quinan em\nVian\u00f3polis\/GO e d\u00e1 outras provid\u00eancias.\n<\/td><td style=\"color: #0000FF; background-color: #FFFFFF;text-decoration: underline;\"><a href=\"https:\/\/goias.gov.br\/cee\/wp-content\/uploads\/sites\/20\/2023\/10\/2022-19-cep-resolucao.pdf\" target=\"_blank\">ABRIR<\/a><\/td><td style=\"color: #000000; background-color: #FFFFFF;\"><\/td><\/tr><tr><td style=\"color: #666666; background-color: #FFFFFF;\">Resolu\u00e7\u00e3o<\/td><td style=\"color: #666666; background-color: #FFFFFF;\">C\u00e2mara de Educa\u00e7\u00e3o Profissional<\/td><td style=\"color: #666666; background-color: #FFFFFF;\">20\/2022<\/td><td style=\"color: #666666; background-color: #FFFFFF;\">24\/02\/2022<\/td><td style=\"color: #666666; background-color: #FFFFFF;\">Disp\u00f5e sobre o recredenciamento e a renova\u00e7\u00e3o da autoriza\u00e7\u00e3o do Curso T\u00e9cnico em Pr\u00f3tese Dent\u00e1ria da Escola de Educa\u00e7\u00e3o Profissional Monte Si\u00e3o, em Goi\u00e2nia\/GO e d\u00e1 outras provid\u00eancias.\n<\/td><td style=\"color: #0000FF; background-color: #FFFFFF;text-decoration: underline;\"><a href=\"https:\/\/goias.gov.br\/cee\/wp-content\/uploads\/sites\/20\/2023\/10\/2022-20-cep-resolucao.pdf\" target=\"_blank\">ABRIR<\/a><\/td><td style=\"color: #000000; background-color: #FFFFFF;\"><\/td><\/tr><tr><td style=\"color: #666666; background-color: #FFFFFF;\">Resolu\u00e7\u00e3o<\/td><td style=\"color: #666666; background-color: #FFFFFF;\">C\u00e2mara de Educa\u00e7\u00e3o Profissional<\/td><td style=\"color: #666666; background-color: #FFFFFF;\">21\/2022<\/td><td style=\"color: #666666; background-color: #FFFFFF;\">24\/02\/2022<\/td><td style=\"color: #666666; background-color: #FFFFFF;\">Disp\u00f5e sobre aprova\u00e7\u00e3o do relat\u00f3rio do Curso \u201cPotencializa\u00e7\u00e3o e Desenvolvimento de Projetos em Altas Habilidades\/ Superdota\u00e7\u00e3o\u201d do N\u00facleo de Atividades de Altas Habilidades\/Superdota\u00e7\u00e3o \u2013 NAAH\/S, em Goi\u00e2nia\/GO e d\u00e1 outras provid\u00eancias.<\/td><td style=\"color: #0000FF; background-color: #FFFFFF;text-decoration: underline;\"><a href=\"https:\/\/goias.gov.br\/cee\/wp-content\/uploads\/sites\/20\/2023\/10\/2022-21-cep-resolucao.pdf\" target=\"_blank\">ABRIR<\/a><\/td><td style=\"color: #000000; background-color: #FFFFFF;\"><\/td><\/tr><tr><td style=\"color: #666666; background-color: #FFFFFF;\">Resolu\u00e7\u00e3o<\/td><td style=\"color: #666666; background-color: #FFFFFF;\">C\u00e2mara de Educa\u00e7\u00e3o Profissional<\/td><td style=\"color: #666666; background-color: #FFFFFF;\">22\/2022<\/td><td style=\"color: #666666; background-color: #FFFFFF;\">03\/03\/2022<\/td><td style=\"color: #666666; background-color: #FFFFFF;\">Disp\u00f5e sobre a renova\u00e7\u00e3o da autoriza\u00e7\u00e3o do Curso T\u00e9cnico em Seguran\u00e7a do Trabalho do Col\u00e9gio Oswaldo Cruz, em Goi\u00e2nia\/GO e d\u00e1 outras provid\u00eancias.<\/td><td style=\"color: #0000FF; background-color: #FFFFFF;text-decoration: underline;\"><a href=\"https:\/\/siteshom.goias.gov.br\/cee\/wp-content\/uploads\/sites\/20\/2023\/10\/2022-22-cep-resolucao.pdf\" target=\"_blank\">ABRIR<\/a><\/td><td style=\"color: #000000; background-color: #FFFFFF;\"><\/td><\/tr><tr><td style=\"color: #666666; background-color: #FFFFFF;\">Resolu\u00e7\u00e3o<\/td><td style=\"color: #666666; background-color: #FFFFFF;\">C\u00e2mara de Educa\u00e7\u00e3o Profissional<\/td><td style=\"color: #666666; background-color: #FFFFFF;\">23\/2022<\/td><td style=\"color: #666666; background-color: #FFFFFF;\">03\/03\/2022<\/td><td style=\"color: #666666; background-color: #FFFFFF;\">Disp\u00f5e sobre a autoriza\u00e7\u00e3o do Projeto de Curso do Centro de Apoio Pedag\u00f3gico para Atendimento \u00e0s Pessoas com Defici\u00eancia Visual \u2013 CAP, em Goi\u00e2nia\/GO e d\u00e1 outras provid\u00eancias.\n<\/td><td style=\"color: #0000FF; background-color: #FFFFFF;text-decoration: underline;\"><a href=\"https:\/\/goias.gov.br\/cee\/wp-content\/uploads\/sites\/20\/2023\/10\/2022-23-cep-resolucao.pdf\" target=\"_blank\">ABRIR<\/a><\/td><td style=\"color: #000000; background-color: #FFFFFF;\"><\/td><\/tr><tr><td style=\"color: #666666; background-color: #FFFFFF;\">Resolu\u00e7\u00e3o<\/td><td style=\"color: #666666; background-color: #FFFFFF;\">C\u00e2mara de Educa\u00e7\u00e3o Profissional<\/td><td style=\"color: #666666; background-color: #FFFFFF;\">24\/2022<\/td><td style=\"color: #666666; background-color: #FFFFFF;\">10\/03\/2022<\/td><td style=\"color: #666666; background-color: #FFFFFF;\">Disp\u00f5e sobre o credenciamento e autoriza\u00e7\u00e3o do Curso T\u00e9cnico em Enfermagem do Instituto ACDF em Aparecida de Goi\u00e2nia\/GO e d\u00e1 outras provid\u00eancias.<\/td><td style=\"color: #0000FF; background-color: #FFFFFF;text-decoration: underline;\"><a href=\"https:\/\/goias.gov.br\/cee\/wp-content\/uploads\/sites\/20\/2023\/10\/2022-24-cep-resolucao.pdf\" target=\"_blank\">ABRIR<\/a><\/td><td style=\"color: #000000; background-color: #FFFFFF;\"><\/td><\/tr><tr><td style=\"color: #666666; background-color: #FFFFFF;\">Resolu\u00e7\u00e3o<\/td><td style=\"color: #666666; background-color: #FFFFFF;\">C\u00e2mara de Educa\u00e7\u00e3o Profissional<\/td><td style=\"color: #666666; background-color: #FFFFFF;\">25\/2022<\/td><td style=\"color: #666666; background-color: #FFFFFF;\">10\/03\/2022<\/td><td style=\"color: #666666; background-color: #FFFFFF;\">Disp\u00f5e sobre o recredenciamento e a renova\u00e7\u00e3o da autoriza\u00e7\u00e3o do Curso T\u00e9cnico em Radiologia do Col\u00e9gio \u00caxito Centro de Ensino e Profissionaliza\u00e7\u00e3o em An\u00e1polis\/GO e d\u00e1 outras provid\u00eancias.\n<\/td><td style=\"color: #0000FF; background-color: #FFFFFF;text-decoration: underline;\"><a href=\"https:\/\/goias.gov.br\/cee\/wp-content\/uploads\/sites\/20\/2023\/10\/2022-25-cep-resolucao.pdf\" target=\"_blank\">ABRIR<\/a><\/td><td style=\"color: #000000; background-color: #FFFFFF;\"><\/td><\/tr><tr><td style=\"color: #666666; background-color: #FFFFFF;\">Resolu\u00e7\u00e3o<\/td><td style=\"color: #666666; background-color: #FFFFFF;\">C\u00e2mara de Educa\u00e7\u00e3o Profissional<\/td><td style=\"color: #666666; background-color: #FFFFFF;\">26\/2022<\/td><td style=\"color: #666666; background-color: #FFFFFF;\">10\/03\/2022<\/td><td style=\"color: #666666; background-color: #FFFFFF;\">Disp\u00f5e sobre a renova\u00e7\u00e3o da autoriza\u00e7\u00e3o do Curso T\u00e9cnico em Necropsia do Col\u00e9gio \u00caxito Centro de Ensino e Profissionaliza\u00e7\u00e3o em An\u00e1polis\/GO e d\u00e1 outras provid\u00eancias.<\/td><td style=\"color: #0000FF; background-color: #FFFFFF;text-decoration: underline;\"><a href=\"https:\/\/goias.gov.br\/cee\/wp-content\/uploads\/sites\/20\/2023\/10\/2022-26-cep-resolucao.pdf\" target=\"_blank\">ABRIR<\/a><\/td><td style=\"color: #000000; background-color: #FFFFFF;\"><\/td><\/tr><tr><td style=\"color: #666666; background-color: #FFFFFF;\">Resolu\u00e7\u00e3o<\/td><td style=\"color: #666666; background-color: #FFFFFF;\">C\u00e2mara de Educa\u00e7\u00e3o Profissional<\/td><td style=\"color: #666666; background-color: #FFFFFF;\">27\/2022<\/td><td style=\"color: #666666; background-color: #FFFFFF;\">17\/03\/2022<\/td><td style=\"color: #666666; background-color: #FFFFFF;\">Disp\u00f5e sobre a renova\u00e7\u00e3o da autoriza\u00e7\u00e3o do Curso T\u00e9cnico em An\u00e1lises Cl\u00ednicas do Suldam\u00e9rica Cursos T\u00e9cnicos em Aparecida de Goi\u00e2nia\/GO e d\u00e1 outras provid\u00eancias<\/td><td style=\"color: #0000FF; background-color: #FFFFFF;text-decoration: underline;\"><a href=\"https:\/\/goias.gov.br\/cee\/wp-content\/uploads\/sites\/20\/2023\/10\/2022-27-cep-resolucao.pdf\" target=\"_blank\">ABRIR<\/a><\/td><td style=\"color: #000000; background-color: #FFFFFF;\"><\/td><\/tr><tr><td style=\"color: #666666; background-color: #FFFFFF;\">Resolu\u00e7\u00e3o<\/td><td style=\"color: #666666; background-color: #FFFFFF;\">C\u00e2mara de Educa\u00e7\u00e3o Profissional<\/td><td style=\"color: #666666; background-color: #FFFFFF;\">28\/2022<\/td><td style=\"color: #666666; background-color: #FFFFFF;\">17\/03\/2022<\/td><td style=\"color: #666666; background-color: #FFFFFF;\">Disp\u00f5e sobre a renova\u00e7\u00e3o da autoriza\u00e7\u00e3o do Curso T\u00e9cnico em Enfermagem do SULDAM\u00c9RICA Cursos T\u00e9cnicos em Aparecida de Goi\u00e2nia\/GO e d\u00e1 outras provid\u00eancias.\n<\/td><td style=\"color: #0000FF; background-color: #FFFFFF;text-decoration: underline;\"><a href=\"https:\/\/goias.gov.br\/cee\/wp-content\/uploads\/sites\/20\/2023\/10\/2022-28-cep-resolucao.pdf\" target=\"_blank\">ABRIR<\/a><\/td><td style=\"color: #000000; background-color: #FFFFFF;\"><\/td><\/tr><tr><td style=\"color: #666666; background-color: #FFFFFF;\">Resolu\u00e7\u00e3o<\/td><td style=\"color: #666666; background-color: #FFFFFF;\">C\u00e2mara de Educa\u00e7\u00e3o Profissional<\/td><td style=\"color: #666666; background-color: #FFFFFF;\">29\/2022<\/td><td style=\"color: #666666; background-color: #FFFFFF;\">17\/03\/2022<\/td><td style=\"color: #666666; background-color: #FFFFFF;\">Disp\u00f5e sobre a autoriza\u00e7\u00e3o do Relat\u00f3rio do Curso de Qualifica\u00e7\u00e3o Profissional do Centro Especial Elysio Campos, em Goi\u00e2nia\/GO e d\u00e1 outras provid\u00eancias.<\/td><td style=\"color: #0000FF; background-color: #FFFFFF;text-decoration: underline;\"><a href=\"https:\/\/goias.gov.br\/cee\/wp-content\/uploads\/sites\/20\/2023\/10\/2022-29-cep-resolucao.pdf\" target=\"_blank\">ABRIR<\/a><\/td><td style=\"color: #000000; background-color: #FFFFFF;\"><\/td><\/tr><tr><td style=\"color: #666666; background-color: #FFFFFF;\">Resolu\u00e7\u00e3o<\/td><td style=\"color: #666666; background-color: #FFFFFF;\">C\u00e2mara de Educa\u00e7\u00e3o Profissional<\/td><td style=\"color: #666666; background-color: #FFFFFF;\">30\/2022<\/td><td style=\"color: #666666; background-color: #FFFFFF;\">17\/03\/2022<\/td><td style=\"color: #666666; background-color: #FFFFFF;\">Disp\u00f5e sobre a aprova\u00e7\u00e3o dos relat\u00f3rios de Cursos Livres do Instituto Gal\u00e1xia, em Goian\u00e9sia\/GO e d\u00e1 outras provid\u00eancias.\n<\/td><td style=\"color: #0000FF; background-color: #FFFFFF;text-decoration: underline;\"><a href=\"https:\/\/siteshom.goias.gov.br\/cee\/wp-content\/uploads\/sites\/20\/2023\/10\/2022-30-cep-resolucao.pdf\" target=\"_blank\">ABRIR<\/a><\/td><td style=\"color: #000000; background-color: #FFFFFF;\"><\/td><\/tr><tr><td style=\"color: #666666; background-color: #FFFFFF;\">Resolu\u00e7\u00e3o<\/td><td style=\"color: #666666; background-color: #FFFFFF;\">C\u00e2mara de Educa\u00e7\u00e3o Profissional<\/td><td style=\"color: #666666; background-color: #FFFFFF;\">31\/2022<\/td><td style=\"color: #666666; background-color: #FFFFFF;\">24\/03\/2022<\/td><td style=\"color: #666666; background-color: #FFFFFF;\">Disp\u00f5e sobre o credenciamento e a autoriza\u00e7\u00e3o do Curso T\u00e9cnico em Transa\u00e7\u00f5es Imobili\u00e1rias\/EAD, do Instituto Brasileiro de Coaching - BC, em Goi\u00e2nia\/GO e d\u00e1 outras provid\u00eancias.<\/td><td style=\"color: #0000FF; background-color: #FFFFFF;text-decoration: underline;\"><a href=\"https:\/\/goias.gov.br\/cee\/wp-content\/uploads\/sites\/20\/2023\/10\/2022-31-cep-resolucao.pdf\" target=\"_blank\">ABRIR<\/a><\/td><td style=\"color: #000000; background-color: #FFFFFF;\"><\/td><\/tr><tr><td style=\"color: #666666; background-color: #FFFFFF;\">Resolu\u00e7\u00e3o<\/td><td style=\"color: #666666; background-color: #FFFFFF;\">C\u00e2mara de Educa\u00e7\u00e3o Profissional<\/td><td style=\"color: #666666; background-color: #FFFFFF;\">32\/2022<\/td><td style=\"color: #666666; background-color: #FFFFFF;\">24\/03\/2022<\/td><td style=\"color: #666666; background-color: #FFFFFF;\">Disp\u00f5e sobre a renova\u00e7\u00e3o da autoriza\u00e7\u00e3o do Curso T\u00e9cnico em Farm\u00e1cia do SULDAM\u00c9RICA Cursos T\u00e9cnicos, em Aparecida de Goi\u00e2nia\/GO e d\u00e1 outras provid\u00eancias.\n<\/td><td style=\"color: #0000FF; background-color: #FFFFFF;text-decoration: underline;\"><a href=\"https:\/\/goias.gov.br\/cee\/wp-content\/uploads\/sites\/20\/2023\/10\/2022-32-cep-resolucao.pdf\" target=\"_blank\">ABRIR<\/a><\/td><td style=\"color: #000000; background-color: #FFFFFF;\"><\/td><\/tr><tr><td style=\"color: #666666; background-color: #FFFFFF;\">Resolu\u00e7\u00e3o<\/td><td style=\"color: #666666; background-color: #FFFFFF;\">C\u00e2mara de Educa\u00e7\u00e3o Profissional<\/td><td style=\"color: #666666; background-color: #FFFFFF;\">33\/2022<\/td><td style=\"color: #666666; background-color: #FFFFFF;\">24\/03\/2022<\/td><td style=\"color: #666666; background-color: #FFFFFF;\">Disp\u00f5e sobre a renova\u00e7\u00e3o da autoriza\u00e7\u00e3o do Curso T\u00e9cnico em An\u00e1lises Cl\u00ednicas do Col\u00e9gio Oswaldo Cruz em Goi\u00e2nia\/GO e d\u00e1 outras provid\u00eancias.\n<\/td><td style=\"color: #0000FF; background-color: #FFFFFF;text-decoration: underline;\"><a href=\"https:\/\/goias.gov.br\/cee\/wp-content\/uploads\/sites\/20\/2023\/10\/2022-33-cep-resolucao.pdf\" target=\"_blank\">ABRIR<\/a><\/td><td style=\"color: #000000; background-color: #FFFFFF;\"><\/td><\/tr><tr><td style=\"color: #666666; background-color: #FFFFFF;\">Resolu\u00e7\u00e3o<\/td><td style=\"color: #666666; background-color: #FFFFFF;\">C\u00e2mara de Educa\u00e7\u00e3o Profissional<\/td><td style=\"color: #666666; background-color: #FFFFFF;\">34\/2022<\/td><td style=\"color: #666666; background-color: #FFFFFF;\">31\/03\/2022<\/td><td style=\"color: #666666; background-color: #FFFFFF;\">Disp\u00f5e sobre a autoriza\u00e7\u00e3o do Curso T\u00e9cnico em Transa\u00e7\u00f5es Imobili\u00e1rias, do Col\u00e9gio IESGO Master de Formosa\/GO e d\u00e1 outras provid\u00eancias.\n<\/td><td style=\"color: #0000FF; background-color: #FFFFFF;text-decoration: underline;\"><a href=\"https:\/\/goias.gov.br\/cee\/wp-content\/uploads\/sites\/20\/2023\/10\/2022-34-cep-resolucao.pdf\" target=\"_blank\">ABRIR<\/a><\/td><td style=\"color: #000000; background-color: #FFFFFF;\"><\/td><\/tr><tr><td style=\"color: #666666; background-color: #FFFFFF;\">Resolu\u00e7\u00e3o<\/td><td style=\"color: #666666; background-color: #FFFFFF;\">C\u00e2mara de Educa\u00e7\u00e3o Profissional<\/td><td style=\"color: #666666; background-color: #FFFFFF;\">35\/2022<\/td><td style=\"color: #666666; background-color: #FFFFFF;\">31\/03\/2022<\/td><td style=\"color: #666666; background-color: #FFFFFF;\">Disp\u00f5e sobre a renova\u00e7\u00e3o da autoriza\u00e7\u00e3o do Curso T\u00e9cnico em Imobiliza\u00e7\u00e3o Ortop\u00e9dica, do Suldam\u00e9rica Cursos T\u00e9cnicos, em Aparecida de Goi\u00e2nia\/GO e d\u00e1 outras provid\u00eancias.<\/td><td style=\"color: #0000FF; background-color: #FFFFFF;text-decoration: underline;\"><a href=\"https:\/\/goias.gov.br\/cee\/wp-content\/uploads\/sites\/20\/2023\/10\/2022-35-cep-resolucao.pdf\" target=\"_blank\">ABRIR<\/a><\/td><td style=\"color: #000000; background-color: #FFFFFF;\"><\/td><\/tr><tr><td style=\"color: #666666; background-color: #FFFFFF;\">Resolu\u00e7\u00e3o<\/td><td style=\"color: #666666; background-color: #FFFFFF;\">C\u00e2mara de Educa\u00e7\u00e3o Profissional<\/td><td style=\"color: #666666; background-color: #FFFFFF;\">36\/2022<\/td><td style=\"color: #666666; background-color: #FFFFFF;\">31\/03\/2022<\/td><td style=\"color: #666666; background-color: #FFFFFF;\">Disp\u00f5e sobre a valida\u00e7\u00e3o de estudos e renova\u00e7\u00e3o da autoriza\u00e7\u00e3o do Curso T\u00e9cnico em Artes visuais, da Escola do Futuro do Estado de Goi\u00e1s em Artes Basileu Fran\u00e7a em Goi\u00e2nia\/GO e d\u00e1 outras provid\u00eancias.\n<\/td><td style=\"color: #0000FF; background-color: #FFFFFF;text-decoration: underline;\"><a href=\"https:\/\/goias.gov.br\/cee\/wp-content\/uploads\/sites\/20\/2023\/10\/2022-36-cep-resolucao.pdf\" target=\"_blank\">ABRIR<\/a><\/td><td style=\"color: #000000; background-color: #FFFFFF;\"><\/td><\/tr><tr><td style=\"color: #666666; background-color: #FFFFFF;\">Resolu\u00e7\u00e3o<\/td><td style=\"color: #666666; background-color: #FFFFFF;\">C\u00e2mara de Educa\u00e7\u00e3o Profissional<\/td><td style=\"color: #666666; background-color: #FFFFFF;\">37\/2022<\/td><td style=\"color: #666666; background-color: #FFFFFF;\">07\/04\/2022<\/td><td style=\"color: #666666; background-color: #FFFFFF;\">Disp\u00f5e sobre a renova\u00e7\u00e3o de autoriza\u00e7\u00e3o do Curso T\u00e9cnico em Sa\u00fade Bucal do Suldamerica Cursos T\u00e9cnicos em Aparecida de Goi\u00e2nia\/GO e d\u00e1 outras provid\u00eancias.\n<\/td><td style=\"color: #0000FF; background-color: #FFFFFF;text-decoration: underline;\"><a href=\"https:\/\/goias.gov.br\/cee\/wp-content\/uploads\/sites\/20\/2023\/10\/2022-37-cep-resolucao.pdf\" target=\"_blank\">ABRIR<\/a><\/td><td style=\"color: #000000; background-color: #FFFFFF;\"><\/td><\/tr><tr><td style=\"color: #666666; background-color: #FFFFFF;\">Resolu\u00e7\u00e3o<\/td><td style=\"color: #666666; background-color: #FFFFFF;\">C\u00e2mara de Educa\u00e7\u00e3o Profissional<\/td><td style=\"color: #666666; background-color: #FFFFFF;\">38\/2022<\/td><td style=\"color: #666666; background-color: #FFFFFF;\">07\/04\/2022<\/td><td style=\"color: #666666; background-color: #FFFFFF;\">Disp\u00f5e sobre a valida\u00e7\u00e3o e a renova\u00e7\u00e3o da autoriza\u00e7\u00e3o do Curso T\u00e9cnico em Seguran\u00e7a do Trabalho, do SULDAM\u00c9RICA Cursos T\u00e9cnicos em Aparecida de Goi\u00e2nia\/GO e d\u00e1 outras provid\u00eancias.\n<\/td><td style=\"color: #0000FF; background-color: #FFFFFF;text-decoration: underline;\"><a href=\"https:\/\/goias.gov.br\/cee\/wp-content\/uploads\/sites\/20\/2023\/10\/2022-38-cep-resolucao.pdf\" target=\"_blank\">ABRIR<\/a><\/td><td style=\"color: #000000; background-color: #FFFFFF;\"><\/td><\/tr><tr><td style=\"color: #666666; background-color: #FFFFFF;\">Resolu\u00e7\u00e3o<\/td><td style=\"color: #666666; background-color: #FFFFFF;\">C\u00e2mara de Educa\u00e7\u00e3o Profissional<\/td><td style=\"color: #666666; background-color: #FFFFFF;\">39\/2022<\/td><td style=\"color: #666666; background-color: #FFFFFF;\">07\/04\/2022<\/td><td style=\"color: #666666; background-color: #FFFFFF;\">Disp\u00f5e sobre o recredenciamento e a renova\u00e7\u00e3o da autoriza\u00e7\u00e3o do Curso T\u00e9cnico em Enfermagem, do Instituto Genoma em Urua\u00e7u\/GO e d\u00e1 outras provid\u00eancias.\n<\/td><td style=\"color: #0000FF; background-color: #FFFFFF;text-decoration: underline;\"><a href=\"https:\/\/goias.gov.br\/cee\/wp-content\/uploads\/sites\/20\/2023\/10\/2022-39-cep-resolucao.pdf\" target=\"_blank\">ABRIR<\/a><\/td><td style=\"color: #000000; background-color: #FFFFFF;\"><\/td><\/tr><tr><td style=\"color: #666666; background-color: #FFFFFF;\">Resolu\u00e7\u00e3o<\/td><td style=\"color: #666666; background-color: #FFFFFF;\">C\u00e2mara de Educa\u00e7\u00e3o Profissional<\/td><td style=\"color: #666666; background-color: #FFFFFF;\">40\/2022<\/td><td style=\"color: #666666; background-color: #FFFFFF;\">28\/04\/2022<\/td><td style=\"color: #666666; background-color: #FFFFFF;\">Disp\u00f5e sobre o credenciamento e a autoriza\u00e7\u00e3o do Curso T\u00e9cnico em Enfermagem, da Escola de Enfermagem Florence Nightingale, em An\u00e1polis\/GO e d\u00e1 outras provid\u00eancias.\n<\/td><td style=\"color: #0000FF; background-color: #FFFFFF;text-decoration: underline;\"><a href=\"https:\/\/goias.gov.br\/cee\/wp-content\/uploads\/sites\/20\/2023\/10\/2022-40-cep-resolucao.pdf\" target=\"_blank\">ABRIR<\/a><\/td><td style=\"color: #000000; background-color: #FFFFFF;\"><\/td><\/tr><tr><td style=\"color: #666666; background-color: #FFFFFF;\">Resolu\u00e7\u00e3o<\/td><td style=\"color: #666666; background-color: #FFFFFF;\">C\u00e2mara de Educa\u00e7\u00e3o Profissional<\/td><td style=\"color: #666666; background-color: #FFFFFF;\">41\/2022<\/td><td style=\"color: #666666; background-color: #FFFFFF;\">28\/04\/2022<\/td><td style=\"color: #666666; background-color: #FFFFFF;\">Disp\u00f5e sobre a renova\u00e7\u00e3o da autoriza\u00e7\u00e3o do Curso T\u00e9cnico em Radiologia, do Col\u00e9gio Oswaldo Cruz, em Goi\u00e2nia\/GO e d\u00e1 outras provid\u00eancias.\n<\/td><td style=\"color: #0000FF; background-color: #FFFFFF;text-decoration: underline;\"><a href=\"https:\/\/goias.gov.br\/cee\/wp-content\/uploads\/sites\/20\/2023\/10\/2022-41-cep-resolucao.pdf\" target=\"_blank\">ABRIR<\/a><\/td><td style=\"color: #000000; background-color: #FFFFFF;\"><\/td><\/tr><tr><td style=\"color: #666666; background-color: #FFFFFF;\">Resolu\u00e7\u00e3o<\/td><td style=\"color: #666666; background-color: #FFFFFF;\">C\u00e2mara de Educa\u00e7\u00e3o Profissional<\/td><td style=\"color: #666666; background-color: #FFFFFF;\">42\/2022<\/td><td style=\"color: #666666; background-color: #FFFFFF;\">28\/04\/2022<\/td><td style=\"color: #666666; background-color: #FFFFFF;\">Disp\u00f5e sobre o recredenciamento e a renova\u00e7\u00e3o da autoriza\u00e7\u00e3o do Curso T\u00e9cnico em Seguran\u00e7a do Trabalho, da ASTEQ em Itapaci\/GO e d\u00e1 outras provid\u00eancias.\n<\/td><td style=\"color: #0000FF; background-color: #FFFFFF;text-decoration: underline;\"><a href=\"https:\/\/goias.gov.br\/cee\/wp-content\/uploads\/sites\/20\/2023\/10\/2022-42-cep-resolucao.pdf\" target=\"_blank\">ABRIR<\/a><\/td><td style=\"color: #000000; background-color: #FFFFFF;\"><\/td><\/tr><tr><td style=\"color: #666666; background-color: #FFFFFF;\">Resolu\u00e7\u00e3o<\/td><td style=\"color: #666666; background-color: #FFFFFF;\">C\u00e2mara de Educa\u00e7\u00e3o Profissional<\/td><td style=\"color: #666666; background-color: #FFFFFF;\">43\/2022<\/td><td style=\"color: #666666; background-color: #FFFFFF;\">05\/05\/2022<\/td><td style=\"color: #666666; background-color: #FFFFFF;\">Disp\u00f5e sobre o recredenciamento e a renova\u00e7\u00e3o da autoriza\u00e7\u00e3o do Curso T\u00e9cnico em Enfermagem, do Col\u00e9gio Vit\u00f3ria em Goi\u00e2nia\/GO e d\u00e1 outras provid\u00eancias.\n<\/td><td style=\"color: #0000FF; background-color: #FFFFFF;text-decoration: underline;\"><a href=\"https:\/\/goias.gov.br\/cee\/wp-content\/uploads\/sites\/20\/2023\/10\/2022-43-cep-resolucao.pdf\" target=\"_blank\">ABRIR<\/a><\/td><td style=\"color: #000000; background-color: #FFFFFF;\"><\/td><\/tr><tr><td style=\"color: #666666; background-color: #FFFFFF;\">Resolu\u00e7\u00e3o<\/td><td style=\"color: #666666; background-color: #FFFFFF;\">C\u00e2mara de Educa\u00e7\u00e3o Profissional<\/td><td style=\"color: #666666; background-color: #FFFFFF;\">44\/2022<\/td><td style=\"color: #666666; background-color: #FFFFFF;\">05\/05\/2022<\/td><td style=\"color: #666666; background-color: #FFFFFF;\">Disp\u00f5e sobre a renova\u00e7\u00e3o da autoriza\u00e7\u00e3o do Curso T\u00e9cnico em Enfermagem, do Col\u00e9gio \u00caxito Centro de Ensino e Profissionaliza\u00e7\u00e3o em An\u00e1polis\/GO e d\u00e1 outras provid\u00eancias.<\/td><td style=\"color: #0000FF; background-color: #FFFFFF;text-decoration: underline;\"><a href=\"https:\/\/goias.gov.br\/cee\/wp-content\/uploads\/sites\/20\/2023\/10\/2022-44-cep-resolucao.pdf\" target=\"_blank\">ABRIR<\/a><\/td><td style=\"color: #000000; background-color: #FFFFFF;\"><\/td><\/tr><tr><td style=\"color: #666666; background-color: #FFFFFF;\">Resolu\u00e7\u00e3o<\/td><td style=\"color: #666666; background-color: #FFFFFF;\">C\u00e2mara de Educa\u00e7\u00e3o Profissional<\/td><td style=\"color: #666666; background-color: #FFFFFF;\">45\/2022<\/td><td style=\"color: #666666; background-color: #FFFFFF;\">05\/05\/2022<\/td><td style=\"color: #666666; background-color: #FFFFFF;\">Disp\u00f5e sobre a autoriza\u00e7\u00e3o dos Projetos de Cursos do Centro de Apoio Pedag\u00f3gico para Atendimento \u00e0s Pessoas com Defici\u00eancia Visual \u2013 CAP, em Goi\u00e2nia\/GO e d\u00e1 outras provid\u00eancias.\n<\/td><td style=\"color: #0000FF; background-color: #FFFFFF;text-decoration: underline;\"><a href=\"https:\/\/goias.gov.br\/cee\/wp-content\/uploads\/sites\/20\/2023\/10\/2022-45-cep-resolucao.pdf\" target=\"_blank\">ABRIR<\/a><\/td><td style=\"color: #000000; background-color: #FFFFFF;\"><\/td><\/tr><tr><td style=\"color: #666666; background-color: #FFFFFF;\">Resolu\u00e7\u00e3o<\/td><td style=\"color: #666666; background-color: #FFFFFF;\">C\u00e2mara de Educa\u00e7\u00e3o Profissional<\/td><td style=\"color: #666666; background-color: #FFFFFF;\">46\/2022<\/td><td style=\"color: #666666; background-color: #FFFFFF;\">05\/05\/2022<\/td><td style=\"color: #666666; background-color: #FFFFFF;\">Disp\u00f5e sobre a amplia\u00e7\u00e3o de vagas do Curso T\u00e9cnico em Enfermagem, do Suldam\u00e9rica Cursos T\u00e9cnicos em Aparecida de Goi\u00e2nia\/GO e d\u00e1 outras provid\u00eancias.\n<\/td><td style=\"color: #0000FF; background-color: #FFFFFF;text-decoration: underline;\"><a href=\"https:\/\/goias.gov.br\/cee\/wp-content\/uploads\/sites\/20\/2023\/10\/2022-46-cep-resolucao.pdf\" target=\"_blank\">ABRIR<\/a><\/td><td style=\"color: #000000; background-color: #FFFFFF;\"><\/td><\/tr><tr><td style=\"color: #666666; background-color: #FFFFFF;\">Resolu\u00e7\u00e3o<\/td><td style=\"color: #666666; background-color: #FFFFFF;\">C\u00e2mara de Educa\u00e7\u00e3o Profissional<\/td><td style=\"color: #666666; background-color: #FFFFFF;\">47\/2022<\/td><td style=\"color: #666666; background-color: #FFFFFF;\">12\/05\/2022<\/td><td style=\"color: #666666; background-color: #FFFFFF;\">Disp\u00f5e sobre a renova\u00e7\u00e3o da autoriza\u00e7\u00e3o do Curso T\u00e9cnico em An\u00e1lises Cl\u00ednicas, do Col\u00e9gio Vit\u00f3ria em Goi\u00e2nia\/GO e d\u00e1 outras provid\u00eancias.<\/td><td style=\"color: #0000FF; background-color: #FFFFFF;text-decoration: underline;\"><a href=\"https:\/\/goias.gov.br\/cee\/wp-content\/uploads\/sites\/20\/2023\/10\/2022-47-cep-resolucao.pdf\" target=\"_blank\">ABRIR<\/a><\/td><td style=\"color: #000000; background-color: #FFFFFF;\"><\/td><\/tr><tr><td style=\"color: #666666; background-color: #FFFFFF;\">Resolu\u00e7\u00e3o<\/td><td style=\"color: #666666; background-color: #FFFFFF;\">C\u00e2mara de Educa\u00e7\u00e3o Profissional<\/td><td style=\"color: #666666; background-color: #FFFFFF;\">48\/2022<\/td><td style=\"color: #666666; background-color: #FFFFFF;\">12\/05\/2022<\/td><td style=\"color: #666666; background-color: #FFFFFF;\">Disp\u00f5e sobre a valida\u00e7\u00e3o de estudos e renova\u00e7\u00e3o da autoriza\u00e7\u00e3o do Curso T\u00e9cnico em Instrumento Musical - M\u00fasica, da Escola do Futuro do Estado de Goi\u00e1s em Artes Basileu Fran\u00e7a em Goi\u00e2nia\/GO e d\u00e1 outras provid\u00eancias.<\/td><td style=\"color: #0000FF; background-color: #FFFFFF;text-decoration: underline;\"><a href=\"https:\/\/goias.gov.br\/cee\/wp-content\/uploads\/sites\/20\/2023\/10\/2022-48-cep-resolucao.pdf\" target=\"_blank\">ABRIR<\/a><\/td><td style=\"color: #000000; background-color: #FFFFFF;\"><\/td><\/tr><tr><td style=\"color: #666666; background-color: #FFFFFF;\">Resolu\u00e7\u00e3o<\/td><td style=\"color: #666666; background-color: #FFFFFF;\">C\u00e2mara de Educa\u00e7\u00e3o Profissional<\/td><td style=\"color: #666666; background-color: #FFFFFF;\">49\/2022<\/td><td style=\"color: #666666; background-color: #FFFFFF;\">12\/05\/2022<\/td><td style=\"color: #666666; background-color: #FFFFFF;\">Disp\u00f5e sobre a valida\u00e7\u00e3o de estudos e renova\u00e7\u00e3o da autoriza\u00e7\u00e3o do Curso T\u00e9cnico em Arte Dram\u00e1tica\/Teatro, da Escola do Futuro do Estado de Goi\u00e1s em Artes Basileu Fran\u00e7a em Goi\u00e2nia\/GO e d\u00e1 outras provid\u00eancias.<\/td><td style=\"color: #0000FF; background-color: #FFFFFF;text-decoration: underline;\"><a href=\"https:\/\/goias.gov.br\/cee\/wp-content\/uploads\/sites\/20\/2023\/10\/2022-49-cep-resolucao.pdf\" target=\"_blank\">ABRIR<\/a><\/td><td style=\"color: #000000; background-color: #FFFFFF;\"><\/td><\/tr><tr><td style=\"color: #666666; background-color: #FFFFFF;\">Resolu\u00e7\u00e3o<\/td><td style=\"color: #666666; background-color: #FFFFFF;\">C\u00e2mara de Educa\u00e7\u00e3o Profissional<\/td><td style=\"color: #666666; background-color: #FFFFFF;\">50\/2022<\/td><td style=\"color: #666666; background-color: #FFFFFF;\">12\/05\/2022<\/td><td style=\"color: #666666; background-color: #FFFFFF;\">Disp\u00f5e sobre a valida\u00e7\u00e3o de estudos e renova\u00e7\u00e3o da autoriza\u00e7\u00e3o do Curso T\u00e9cnico em Dan\u00e7a Contempor\u00e2nea, da Escola do Futuro do Estado de Goi\u00e1s em Artes Basileu Fran\u00e7a em Goi\u00e2nia\/GO e d\u00e1 outras provid\u00eancias.<\/td><td style=\"color: #0000FF; background-color: #FFFFFF;text-decoration: underline;\"><a href=\"https:\/\/goias.gov.br\/cee\/wp-content\/uploads\/sites\/20\/2023\/10\/2022-50-cep-resolucao.pdf\" target=\"_blank\">ABRIR<\/a><\/td><td style=\"color: #000000; background-color: #FFFFFF;\"><\/td><\/tr><tr><td style=\"color: #666666; background-color: #FFFFFF;\">Resolu\u00e7\u00e3o<\/td><td style=\"color: #666666; background-color: #FFFFFF;\">C\u00e2mara de Educa\u00e7\u00e3o Profissional<\/td><td style=\"color: #666666; background-color: #FFFFFF;\">51\/2022<\/td><td style=\"color: #666666; background-color: #FFFFFF;\">19\/05\/2022<\/td><td style=\"color: #666666; background-color: #FFFFFF;\">Disp\u00f5e sobre o credenciamento e autoriza\u00e7\u00e3o do Curso T\u00e9cnico em Enfermagem, do Tecmind Cursos T\u00e9cnicos Profissionalizantes em An\u00e1polis\/GO e d\u00e1 outras provid\u00eancias.\n<\/td><td style=\"color: #0000FF; background-color: #FFFFFF;text-decoration: underline;\"><a href=\"https:\/\/goias.gov.br\/cee\/wp-content\/uploads\/sites\/20\/2023\/10\/2022-51-cep-resolucao.pdf\" target=\"_blank\">ABRIR<\/a><\/td><td style=\"color: #000000; background-color: #FFFFFF;\"><\/td><\/tr><tr><td style=\"color: #666666; background-color: #FFFFFF;\">Resolu\u00e7\u00e3o<\/td><td style=\"color: #666666; background-color: #FFFFFF;\">C\u00e2mara de Educa\u00e7\u00e3o Profissional<\/td><td style=\"color: #666666; background-color: #FFFFFF;\">52\/2022<\/td><td style=\"color: #666666; background-color: #FFFFFF;\">19\/05\/2022<\/td><td style=\"color: #666666; background-color: #FFFFFF;\">Disp\u00f5e sobre a renova\u00e7\u00e3o da autoriza\u00e7\u00e3o do Curso T\u00e9cnico em Seguran\u00e7a do Trabalho, do Col\u00e9gio Vit\u00f3ria em Goi\u00e2nia\/GO e d\u00e1 outras provid\u00eancias.<\/td><td style=\"color: #0000FF; background-color: #FFFFFF;text-decoration: underline;\"><a href=\"https:\/\/goias.gov.br\/cee\/wp-content\/uploads\/sites\/20\/2023\/10\/2022-52-cep-resolucao.pdf\" target=\"_blank\">ABRIR<\/a><\/td><td style=\"color: #000000; background-color: #FFFFFF;\"><\/td><\/tr><tr><td style=\"color: #666666; background-color: #FFFFFF;\">Resolu\u00e7\u00e3o<\/td><td style=\"color: #666666; background-color: #FFFFFF;\">C\u00e2mara de Educa\u00e7\u00e3o Profissional<\/td><td style=\"color: #666666; background-color: #FFFFFF;\">53\/2022<\/td><td style=\"color: #666666; background-color: #FFFFFF;\">19\/05\/2022<\/td><td style=\"color: #666666; background-color: #FFFFFF;\">Disp\u00f5e sobre a aprova\u00e7\u00e3o do relat\u00f3rio de Curso do Centro Especial Elysio Campos, em Goi\u00e2nia\/GO e d\u00e1 outras provid\u00eancias.\n<\/td><td style=\"color: #0000FF; background-color: #FFFFFF;text-decoration: underline;\"><a href=\"https:\/\/goias.gov.br\/cee\/wp-content\/uploads\/sites\/20\/2023\/10\/2022-53-cep-resolucao.pdf\" target=\"_blank\">ABRIR<\/a><\/td><td style=\"color: #000000; background-color: #FFFFFF;\"><\/td><\/tr><tr><td style=\"color: #666666; background-color: #FFFFFF;\">Resolu\u00e7\u00e3o<\/td><td style=\"color: #666666; background-color: #FFFFFF;\">C\u00e2mara de Educa\u00e7\u00e3o Profissional<\/td><td style=\"color: #666666; background-color: #FFFFFF;\">54\/2022<\/td><td style=\"color: #666666; background-color: #FFFFFF;\">19\/05\/2022<\/td><td style=\"color: #666666; background-color: #FFFFFF;\">Disp\u00f5e sobre a valida\u00e7\u00e3o de estudos e renova\u00e7\u00e3o da autoriza\u00e7\u00e3o do Curso T\u00e9cnico em Dan\u00e7a - Dan\u00e7a-Ballet Cl\u00e1ssico, da Escola do Futuro do Estado de Goi\u00e1s em Artes Basileu Fran\u00e7a em Goi\u00e2nia\/GO e d\u00e1 outras provid\u00eancias.<\/td><td style=\"color: #0000FF; background-color: #FFFFFF;text-decoration: underline;\"><a href=\"https:\/\/goias.gov.br\/cee\/wp-content\/uploads\/sites\/20\/2023\/10\/2022-54-cep-resolucao.pdf\" target=\"_blank\">ABRIR<\/a><\/td><td style=\"color: #000000; background-color: #FFFFFF;\"><\/td><\/tr><tr><td style=\"color: #666666; background-color: #FFFFFF;\">Resolu\u00e7\u00e3o<\/td><td style=\"color: #666666; background-color: #FFFFFF;\">C\u00e2mara de Educa\u00e7\u00e3o Profissional<\/td><td style=\"color: #666666; background-color: #FFFFFF;\">55\/2022<\/td><td style=\"color: #666666; background-color: #FFFFFF;\">26\/05\/2022<\/td><td style=\"color: #666666; background-color: #FFFFFF;\">Disp\u00f5e sobre o recredenciamento e a renova\u00e7\u00e3o da autoriza\u00e7\u00e3o do curso T\u00e9cnico em Qu\u00edmica do Centro Tecnol\u00f3gico Paula Pasquali, em Quirin\u00f3polis\/GO e d\u00e1 outras provid\u00eancias.\n<\/td><td style=\"color: #0000FF; background-color: #FFFFFF;text-decoration: underline;\"><a href=\"https:\/\/goias.gov.br\/cee\/wp-content\/uploads\/sites\/20\/2023\/10\/2022-55-cep-resolucao.pdf\" target=\"_blank\">ABRIR<\/a><\/td><td style=\"color: #000000; background-color: #FFFFFF;\"><\/td><\/tr><tr><td style=\"color: #666666; background-color: #FFFFFF;\">Resolu\u00e7\u00e3o<\/td><td style=\"color: #666666; background-color: #FFFFFF;\">C\u00e2mara de Educa\u00e7\u00e3o Profissional<\/td><td style=\"color: #666666; background-color: #FFFFFF;\">56\/2022<\/td><td style=\"color: #666666; background-color: #FFFFFF;\">26\/05\/2022<\/td><td style=\"color: #666666; background-color: #FFFFFF;\">Disp\u00f5e sobre o recredenciamento e a renova\u00e7\u00e3o da autoriza\u00e7\u00e3o do Curso T\u00e9cnico em Enfermagem, do Instituto Florence:Educa\u00e7\u00e3o e Consultoria em Sa\u00fade em Trindade\/GO e d\u00e1 outras provid\u00eancias.<\/td><td style=\"color: #0000FF; background-color: #FFFFFF;text-decoration: underline;\"><a href=\"https:\/\/goias.gov.br\/cee\/wp-content\/uploads\/sites\/20\/2023\/10\/2022-56-cep-resolucao.pdf\" target=\"_blank\">ABRIR<\/a><\/td><td style=\"color: #000000; background-color: #FFFFFF;\"><\/td><\/tr><tr><td style=\"color: #666666; background-color: #FFFFFF;\">Resolu\u00e7\u00e3o<\/td><td style=\"color: #666666; background-color: #FFFFFF;\">C\u00e2mara de Educa\u00e7\u00e3o Profissional<\/td><td style=\"color: #666666; background-color: #FFFFFF;\">57\/2022<\/td><td style=\"color: #666666; background-color: #FFFFFF;\">26\/05\/2022<\/td><td style=\"color: #666666; background-color: #FFFFFF;\">Disp\u00f5e sobre a autoriza\u00e7\u00e3o do Projeto de Curso do N\u00facleo de Atividades de Altas Habilidades\/Superdota\u00e7\u00e3o - NAAH\/S, em Goi\u00e2nia\/GO e d\u00e1 outras provid\u00eancias.<\/td><td style=\"color: #0000FF; background-color: #FFFFFF;text-decoration: underline;\"><a href=\"https:\/\/goias.gov.br\/cee\/wp-content\/uploads\/sites\/20\/2023\/10\/2022-57-cep-resolucao.pdf\" target=\"_blank\">ABRIR<\/a><\/td><td style=\"color: #000000; background-color: #FFFFFF;\"><\/td><\/tr><tr><td style=\"color: #666666; background-color: #FFFFFF;\">Resolu\u00e7\u00e3o<\/td><td style=\"color: #666666; background-color: #FFFFFF;\">C\u00e2mara de Educa\u00e7\u00e3o Profissional<\/td><td style=\"color: #666666; background-color: #FFFFFF;\">58\/2022<\/td><td style=\"color: #666666; background-color: #FFFFFF;\">26\/05\/2022<\/td><td style=\"color: #666666; background-color: #FFFFFF;\">Disp\u00f5e sobre a aprova\u00e7\u00e3o do relat\u00f3rio de Curso do Centro de Capacita\u00e7\u00e3o de Profissionais da Educa\u00e7\u00e3o e de Atendimento \u00e0s Pessoas com Surdez \/CAS em Goi\u00e2nia\/GO e d\u00e1 outras provid\u00eancias.\n<\/td><td style=\"color: #0000FF; background-color: #FFFFFF;text-decoration: underline;\"><a href=\"https:\/\/goias.gov.br\/cee\/wp-content\/uploads\/sites\/20\/2023\/10\/2022-58-cep-resolucao.pdf\" target=\"_blank\">ABRIR<\/a><\/td><td style=\"color: #000000; background-color: #FFFFFF;\"><\/td><\/tr><tr><td style=\"color: #666666; background-color: #FFFFFF;\">Resolu\u00e7\u00e3o<\/td><td style=\"color: #666666; background-color: #FFFFFF;\">C\u00e2mara de Educa\u00e7\u00e3o Profissional<\/td><td style=\"color: #666666; background-color: #FFFFFF;\">59\/2022<\/td><td style=\"color: #666666; background-color: #FFFFFF;\">02\/06\/2022<\/td><td style=\"color: #666666; background-color: #FFFFFF;\">Disp\u00f5e sobre a renova\u00e7\u00e3o da autoriza\u00e7\u00e3o do Curso T\u00e9cnico em Radiologia, do Col\u00e9gio Vit\u00f3ria em Goi\u00e2nia\/GO e d\u00e1 outras provid\u00eancias.\n<\/td><td style=\"color: #0000FF; background-color: #FFFFFF;text-decoration: underline;\"><a href=\"https:\/\/goias.gov.br\/cee\/wp-content\/uploads\/sites\/20\/2023\/10\/2022-59-cep-resolucao.pdf\" target=\"_blank\">ABRIR<\/a><\/td><td style=\"color: #000000; background-color: #FFFFFF;\"><\/td><\/tr><tr><td style=\"color: #666666; background-color: #FFFFFF;\">Resolu\u00e7\u00e3o<\/td><td style=\"color: #666666; background-color: #FFFFFF;\">C\u00e2mara de Educa\u00e7\u00e3o Profissional<\/td><td style=\"color: #666666; background-color: #FFFFFF;\">60\/2022<\/td><td style=\"color: #666666; background-color: #FFFFFF;\">02\/06\/2022<\/td><td style=\"color: #666666; background-color: #FFFFFF;\">Disp\u00f5e sobre a autoriza\u00e7\u00e3o do Projeto de Curso do N\u00facleo de Atividades de Altas Habilidades\/Superdota\u00e7\u00e3o - NAAH\/S, em Goi\u00e2nia\/GO e d\u00e1 outras provid\u00eancias.\n<\/td><td style=\"color: #0000FF; background-color: #FFFFFF;text-decoration: underline;\"><a href=\"https:\/\/goias.gov.br\/cee\/wp-content\/uploads\/sites\/20\/2023\/10\/2022-60-cep-resolucao.pdf\" target=\"_blank\">ABRIR<\/a><\/td><td style=\"color: #000000; background-color: #FFFFFF;\"><\/td><\/tr><tr><td style=\"color: #666666; background-color: #FFFFFF;\">Resolu\u00e7\u00e3o<\/td><td style=\"color: #666666; background-color: #FFFFFF;\">C\u00e2mara de Educa\u00e7\u00e3o Profissional<\/td><td style=\"color: #666666; background-color: #FFFFFF;\">61\/2022<\/td><td style=\"color: #666666; background-color: #FFFFFF;\">02\/06\/2022<\/td><td style=\"color: #666666; background-color: #FFFFFF;\">Disp\u00f5e sobre a autoriza\u00e7\u00e3o do Projeto de Curso do N\u00facleo de Atividades de Altas Habilidades\/Superdota\u00e7\u00e3o - NAAH\/S, em Goi\u00e2nia\/GO e d\u00e1 outras provid\u00eancias.\n<\/td><td style=\"color: #0000FF; background-color: #FFFFFF;text-decoration: underline;\"><a href=\"https:\/\/goias.gov.br\/cee\/wp-content\/uploads\/sites\/20\/2023\/10\/2022-61-cep-resolucao.pdf\" target=\"_blank\">ABRIR<\/a><\/td><td style=\"color: #000000; background-color: #FFFFFF;\"><\/td><\/tr><tr><td style=\"color: #666666; background-color: #FFFFFF;\">Resolu\u00e7\u00e3o<\/td><td style=\"color: #666666; background-color: #FFFFFF;\">C\u00e2mara de Educa\u00e7\u00e3o Profissional<\/td><td style=\"color: #666666; background-color: #FFFFFF;\">62\/2022<\/td><td style=\"color: #666666; background-color: #FFFFFF;\">02\/06\/2022<\/td><td style=\"color: #666666; background-color: #FFFFFF;\">Disp\u00f5e sobre a valida\u00e7\u00e3o e a autoriza\u00e7\u00e3o do Curso T\u00e9cnico em Seguran\u00e7a do Trabalho, da Escola do Futuro do Estado de Goi\u00e1s Luiz Rassi em Aparecida de Goi\u00e2nia\/GO e d\u00e1 outras provid\u00eancias.<\/td><td style=\"color: #0000FF; background-color: #FFFFFF;text-decoration: underline;\"><a href=\"https:\/\/goias.gov.br\/cee\/wp-content\/uploads\/sites\/20\/2023\/10\/2022-62-cep-resolucao.pdf\" target=\"_blank\">ABRIR<\/a><\/td><td style=\"color: #000000; background-color: #FFFFFF;\"><\/td><\/tr><tr><td style=\"color: #666666; background-color: #FFFFFF;\">Resolu\u00e7\u00e3o<\/td><td style=\"color: #666666; background-color: #FFFFFF;\">C\u00e2mara de Educa\u00e7\u00e3o Profissional<\/td><td style=\"color: #666666; background-color: #FFFFFF;\">63\/2022<\/td><td style=\"color: #666666; background-color: #FFFFFF;\">09\/06\/2022<\/td><td style=\"color: #666666; background-color: #FFFFFF;\">Disp\u00f5e sobre o credenciamento e a autoriza\u00e7\u00e3o do Curso T\u00e9cnico em Enfermagem, do CETEG, em Santa Helena de Goi\u00e1s\/GO e d\u00e1 outras provid\u00eancias.\n<\/td><td style=\"color: #0000FF; background-color: #FFFFFF;text-decoration: underline;\"><a href=\"https:\/\/goias.gov.br\/cee\/wp-content\/uploads\/sites\/20\/2023\/10\/2022-63-cep-resolucao.pdf\" target=\"_blank\">ABRIR<\/a><\/td><td style=\"color: #000000; background-color: #FFFFFF;\"><\/td><\/tr><tr><td style=\"color: #666666; background-color: #FFFFFF;\">Resolu\u00e7\u00e3o<\/td><td style=\"color: #666666; background-color: #FFFFFF;\">C\u00e2mara de Educa\u00e7\u00e3o Profissional<\/td><td style=\"color: #666666; background-color: #FFFFFF;\">64\/2022<\/td><td style=\"color: #666666; background-color: #FFFFFF;\">09\/06\/2022<\/td><td style=\"color: #666666; background-color: #FFFFFF;\">Disp\u00f5e sobre a autoriza\u00e7\u00e3o dos Projetos de Cursos do Centro de Estudo e Pesquisa Ciranda da Arte, em Goi\u00e2nia\/GO e d\u00e1 outras provid\u00eancias.<\/td><td style=\"color: #0000FF; background-color: #FFFFFF;text-decoration: underline;\"><a href=\"https:\/\/goias.gov.br\/cee\/wp-content\/uploads\/sites\/20\/2023\/10\/2022-64-cep-resolucao.pdf\" target=\"_blank\">ABRIR<\/a><\/td><td style=\"color: #000000; background-color: #FFFFFF;\"><\/td><\/tr><tr><td style=\"color: #666666; background-color: #FFFFFF;\">Resolu\u00e7\u00e3o<\/td><td style=\"color: #666666; background-color: #FFFFFF;\">C\u00e2mara de Educa\u00e7\u00e3o Profissional<\/td><td style=\"color: #666666; background-color: #FFFFFF;\">65\/2022<\/td><td style=\"color: #666666; background-color: #FFFFFF;\">23\/06\/2022<\/td><td style=\"color: #666666; background-color: #FFFFFF;\">Disp\u00f5e sobre a autoriza\u00e7\u00e3o do Curso de Eletricista de Redes Energizadas Linha Viva nas Classes de Tens\u00e3o de 13,8 a 36,2 KV, da JN Consultoria, em Goianira\/GO e d\u00e1 outras provid\u00eancias.<\/td><td style=\"color: #0000FF; background-color: #FFFFFF;text-decoration: underline;\"><a href=\"https:\/\/siteshom.goias.gov.br\/cee\/wp-content\/uploads\/sites\/20\/2023\/10\/2022-65-cep-resolucao.pdf\" target=\"_blank\">ABRIR<\/a><\/td><td style=\"color: #000000; background-color: #FFFFFF;\"><\/td><\/tr><tr><td style=\"color: #666666; background-color: #FFFFFF;\">Resolu\u00e7\u00e3o<\/td><td style=\"color: #666666; background-color: #FFFFFF;\">C\u00e2mara de Educa\u00e7\u00e3o Profissional<\/td><td style=\"color: #666666; background-color: #FFFFFF;\">66\/2022<\/td><td style=\"color: #666666; background-color: #FFFFFF;\">23\/06\/2022<\/td><td style=\"color: #666666; background-color: #FFFFFF;\">Disp\u00f5e sobre a aprova\u00e7\u00e3o dos relat\u00f3rios de Cursos do Centro de Estudo e Pesquisa Ciranda da Arte, em Goi\u00e2nia\/GO e d\u00e1 outras provid\u00eancias.\n<\/td><td style=\"color: #0000FF; background-color: #FFFFFF;text-decoration: underline;\"><a href=\"https:\/\/goias.gov.br\/cee\/wp-content\/uploads\/sites\/20\/2023\/10\/2022-66-cep-resolucao.pdf\" target=\"_blank\">ABRIR<\/a><\/td><td style=\"color: #000000; background-color: #FFFFFF;\"><\/td><\/tr><tr><td style=\"color: #666666; background-color: #FFFFFF;\">Resolu\u00e7\u00e3o<\/td><td style=\"color: #666666; background-color: #FFFFFF;\">C\u00e2mara de Educa\u00e7\u00e3o Profissional<\/td><td style=\"color: #666666; background-color: #FFFFFF;\">67\/2022<\/td><td style=\"color: #666666; background-color: #FFFFFF;\">23\/06\/2022<\/td><td style=\"color: #666666; background-color: #FFFFFF;\">Disp\u00f5e sobre a autoriza\u00e7\u00e3o do relat\u00f3rio do Projeto de Curso do Centro de Estudo e Pesquisa Ciranda da Arte, em Goi\u00e2nia\/GO e d\u00e1 outras provid\u00eancias.\n<\/td><td style=\"color: #0000FF; background-color: #FFFFFF;text-decoration: underline;\"><a href=\"https:\/\/goias.gov.br\/cee\/wp-content\/uploads\/sites\/20\/2023\/10\/2022-67-cep-resolucao.pdf\" target=\"_blank\">ABRIR<\/a><\/td><td style=\"color: #000000; background-color: #FFFFFF;\"><\/td><\/tr><tr><td style=\"color: #666666; background-color: #FFFFFF;\">Resolu\u00e7\u00e3o<\/td><td style=\"color: #666666; background-color: #FFFFFF;\">C\u00e2mara de Educa\u00e7\u00e3o Profissional<\/td><td style=\"color: #666666; background-color: #FFFFFF;\">68\/2022<\/td><td style=\"color: #666666; background-color: #FFFFFF;\">07\/07\/2022<\/td><td style=\"color: #666666; background-color: #FFFFFF;\">Disp\u00f5e sobre a autoriza\u00e7\u00e3o do Projeto de Curso do Centro de Capacita\u00e7\u00e3o de Profissionais da Educa\u00e7\u00e3o e de Atendimento \u00e0s Pessoas com Surdez \/CAS, em Goi\u00e2nia\/GO e d\u00e1 outras provid\u00eancias.<\/td><td style=\"color: #0000FF; background-color: #FFFFFF;text-decoration: underline;\"><a href=\"https:\/\/goias.gov.br\/cee\/wp-content\/uploads\/sites\/20\/2023\/10\/2022-68-cep-resolucao.pdf\" target=\"_blank\">ABRIR<\/a><\/td><td style=\"color: #000000; background-color: #FFFFFF;\"><\/td><\/tr><tr><td style=\"color: #666666; background-color: #FFFFFF;\">Resolu\u00e7\u00e3o<\/td><td style=\"color: #666666; background-color: #FFFFFF;\">C\u00e2mara de Educa\u00e7\u00e3o Profissional<\/td><td style=\"color: #666666; background-color: #FFFFFF;\">69\/2022<\/td><td style=\"color: #666666; background-color: #FFFFFF;\">07\/07\/2022<\/td><td style=\"color: #666666; background-color: #FFFFFF;\">Disp\u00f5e sobre o recredenciamento e a renova\u00e7\u00e3o da autoriza\u00e7\u00e3o do Curso T\u00e9cnico em Enfermagem do Centro de Forma\u00e7\u00e3o Nobel do Brasil em Pontalina\/GO e d\u00e1 outras provid\u00eancias.\n<\/td><td style=\"color: #0000FF; background-color: #FFFFFF;text-decoration: underline;\"><a href=\"https:\/\/goias.gov.br\/cee\/wp-content\/uploads\/sites\/20\/2023\/10\/2022-69-cep-resolucao.pdf\" target=\"_blank\">ABRIR<\/a><\/td><td style=\"color: #000000; background-color: #FFFFFF;\"><\/td><\/tr><tr><td style=\"color: #666666; background-color: #FFFFFF;\">Resolu\u00e7\u00e3o<\/td><td style=\"color: #666666; background-color: #FFFFFF;\">C\u00e2mara de Educa\u00e7\u00e3o Profissional<\/td><td style=\"color: #666666; background-color: #FFFFFF;\">70\/2022<\/td><td style=\"color: #666666; background-color: #FFFFFF;\">07\/07\/2022<\/td><td style=\"color: #666666; background-color: #FFFFFF;\">Disp\u00f5e sobre a aprova\u00e7\u00e3o do relat\u00f3rio de Curso do N\u00facleo de Atividades de Altas Habilidades\/Superdota\u00e7\u00e3o - NAAH\/S, em Goi\u00e2nia\/GO e d\u00e1 outras provid\u00eancias.\n<\/td><td style=\"color: #0000FF; background-color: #FFFFFF;text-decoration: underline;\"><a href=\"https:\/\/siteshom.goias.gov.br\/cee\/wp-content\/uploads\/sites\/20\/2023\/10\/2022-70-cep-resolucao.pdf\" target=\"_blank\">ABRIR<\/a><\/td><td style=\"color: #000000; background-color: #FFFFFF;\"><\/td><\/tr><tr><td style=\"color: #666666; background-color: #FFFFFF;\">Resolu\u00e7\u00e3o<\/td><td style=\"color: #666666; background-color: #FFFFFF;\">C\u00e2mara de Educa\u00e7\u00e3o Profissional<\/td><td style=\"color: #666666; background-color: #FFFFFF;\">71\/2022<\/td><td style=\"color: #666666; background-color: #FFFFFF;\">07\/07\/2022<\/td><td style=\"color: #666666; background-color: #FFFFFF;\">Disp\u00f5e sobre a aprova\u00e7\u00e3o do relat\u00f3rio de Curso do Centro de Capacita\u00e7\u00e3o de Profissionais da Educa\u00e7\u00e3o e de Atendimento \u00e0s Pessoas com Surdez\/CAS, em Goi\u00e2nia\/GO e d\u00e1 outras provid\u00eancias.\n<\/td><td style=\"color: #0000FF; background-color: #FFFFFF;text-decoration: underline;\"><a href=\"https:\/\/goias.gov.br\/cee\/wp-content\/uploads\/sites\/20\/2023\/10\/2022-71-cep-resolucao.pdf\" target=\"_blank\">ABRIR<\/a><\/td><td style=\"color: #000000; background-color: #FFFFFF;\"><\/td><\/tr><tr><td style=\"color: #666666; background-color: #FFFFFF;\">Resolu\u00e7\u00e3o<\/td><td style=\"color: #666666; background-color: #FFFFFF;\">C\u00e2mara de Educa\u00e7\u00e3o Profissional<\/td><td style=\"color: #666666; background-color: #FFFFFF;\">72\/2022<\/td><td style=\"color: #666666; background-color: #FFFFFF;\">07\/07\/2022<\/td><td style=\"color: #666666; background-color: #FFFFFF;\">Disp\u00f5e sobre a autoriza\u00e7\u00e3o do Projeto de Curso do Centro de Capacita\u00e7\u00e3o de Profissionais da Educa\u00e7\u00e3o e de Atendimento \u00e0s Pessoas com Surdez \/CAS, em Goi\u00e2nia\/GO e d\u00e1 outras provid\u00eancias.\n<\/td><td style=\"color: #0000FF; background-color: #FFFFFF;text-decoration: underline;\"><a href=\"https:\/\/goias.gov.br\/cee\/wp-content\/uploads\/sites\/20\/2023\/10\/2022-72-cep-resolucao.pdf\" target=\"_blank\">ABRIR<\/a><\/td><td style=\"color: #000000; background-color: #FFFFFF;\"><\/td><\/tr><tr><td style=\"color: #666666; background-color: #FFFFFF;\">Resolu\u00e7\u00e3o<\/td><td style=\"color: #666666; background-color: #FFFFFF;\">C\u00e2mara de Educa\u00e7\u00e3o Profissional<\/td><td style=\"color: #666666; background-color: #FFFFFF;\">73\/2022<\/td><td style=\"color: #666666; background-color: #FFFFFF;\">14\/07\/2022<\/td><td style=\"color: #666666; background-color: #FFFFFF;\">Disp\u00f5e sobre a autoriza\u00e7\u00e3o do curso T\u00e9cnico em Secretaria Escolar, do Col\u00e9gio IESGO Master, em Formosa\/GO e d\u00e1 outras provid\u00eancias.\n<\/td><td style=\"color: #0000FF; background-color: #FFFFFF;text-decoration: underline;\"><a href=\"https:\/\/goias.gov.br\/cee\/wp-content\/uploads\/sites\/20\/2023\/10\/2022-73-cep-resolucao.pdf\" target=\"_blank\">ABRIR<\/a><\/td><td style=\"color: #000000; background-color: #FFFFFF;\"><\/td><\/tr><tr><td style=\"color: #666666; background-color: #FFFFFF;\">Resolu\u00e7\u00e3o<\/td><td style=\"color: #666666; background-color: #FFFFFF;\">C\u00e2mara de Educa\u00e7\u00e3o Profissional<\/td><td style=\"color: #666666; background-color: #FFFFFF;\">74\/2022<\/td><td style=\"color: #666666; background-color: #FFFFFF;\">14\/07\/2022<\/td><td style=\"color: #666666; background-color: #FFFFFF;\">Disp\u00f5e sobre a aprova\u00e7\u00e3o do relat\u00f3rio de Curso do ICG \u2013 Instituto da Consci\u00eancia, em Goi\u00e2nia\/GO e d\u00e1 outras provid\u00eancias.\n<\/td><td style=\"color: #0000FF; background-color: #FFFFFF;text-decoration: underline;\"><a href=\"https:\/\/goias.gov.br\/cee\/wp-content\/uploads\/sites\/20\/2023\/10\/2022-74-cep-resolucao.pdf\" target=\"_blank\">ABRIR<\/a><\/td><td style=\"color: #000000; background-color: #FFFFFF;\"><\/td><\/tr><tr><td style=\"color: #666666; background-color: #FFFFFF;\">Resolu\u00e7\u00e3o<\/td><td style=\"color: #666666; background-color: #FFFFFF;\">C\u00e2mara de Educa\u00e7\u00e3o Profissional<\/td><td style=\"color: #666666; background-color: #FFFFFF;\">75\/2022<\/td><td style=\"color: #666666; background-color: #FFFFFF;\">14\/07\/2022<\/td><td style=\"color: #666666; background-color: #FFFFFF;\">Disp\u00f5e sobre a aprova\u00e7\u00e3o do relat\u00f3rio de Curso do ICG \u2013 Instituto da Consci\u00eancia, em Goi\u00e2nia\/GO e d\u00e1 outras provid\u00eancias.\n<\/td><td style=\"color: #0000FF; background-color: #FFFFFF;text-decoration: underline;\"><a href=\"https:\/\/goias.gov.br\/cee\/wp-content\/uploads\/sites\/20\/2023\/10\/2022-75-cep-resolucao.pdf\" target=\"_blank\">ABRIR<\/a><\/td><td style=\"color: #000000; background-color: #FFFFFF;\"><\/td><\/tr><tr><td style=\"color: #666666; background-color: #FFFFFF;\">Resolu\u00e7\u00e3o<\/td><td style=\"color: #666666; background-color: #FFFFFF;\">C\u00e2mara de Educa\u00e7\u00e3o Profissional<\/td><td style=\"color: #666666; background-color: #FFFFFF;\">76\/2022<\/td><td style=\"color: #666666; background-color: #FFFFFF;\">11\/08\/2022<\/td><td style=\"color: #666666; background-color: #FFFFFF;\">Disp\u00f5e sobre o credenciamento e a autoriza\u00e7\u00e3o do curso T\u00e9cnico em Enfermagem, da Faculdade Cat\u00f3lica de An\u00e1polis, em An\u00e1polis\/GO e d\u00e1\noutras provid\u00eancias.<\/td><td style=\"color: #0000FF; background-color: #FFFFFF;text-decoration: underline;\"><a href=\"https:\/\/goias.gov.br\/cee\/wp-content\/uploads\/sites\/20\/2023\/10\/2022-76-cep-resolucao.pdf\" target=\"_blank\">ABRIR<\/a><\/td><td style=\"color: #000000; background-color: #FFFFFF;\"><\/td><\/tr><tr><td style=\"color: #666666; background-color: #FFFFFF;\">Resolu\u00e7\u00e3o<\/td><td style=\"color: #666666; background-color: #FFFFFF;\">C\u00e2mara de Educa\u00e7\u00e3o Profissional<\/td><td style=\"color: #666666; background-color: #FFFFFF;\">77\/2022<\/td><td style=\"color: #666666; background-color: #FFFFFF;\">11\/08\/2022<\/td><td style=\"color: #666666; background-color: #FFFFFF;\">Disp\u00f5e sobre a aprova\u00e7\u00e3o do relat\u00f3rio de Curso do ICG \u2013 Instituto da Consci\u00eancia, em Goi\u00e2nia\/GO e d\u00e1 outras provid\u00eancias.\n<\/td><td style=\"color: #0000FF; background-color: #FFFFFF;text-decoration: underline;\"><a href=\"https:\/\/goias.gov.br\/cee\/wp-content\/uploads\/sites\/20\/2023\/10\/2022-77-cep-resolucao.pdf\" target=\"_blank\">ABRIR<\/a><\/td><td style=\"color: #000000; background-color: #FFFFFF;\"><\/td><\/tr><tr><td style=\"color: #666666; background-color: #FFFFFF;\">Resolu\u00e7\u00e3o<\/td><td style=\"color: #666666; background-color: #FFFFFF;\">C\u00e2mara de Educa\u00e7\u00e3o Profissional<\/td><td style=\"color: #666666; background-color: #FFFFFF;\">78\/2022<\/td><td style=\"color: #666666; background-color: #FFFFFF;\">11\/08\/2022<\/td><td style=\"color: #666666; background-color: #FFFFFF;\">Disp\u00f5e sobre a aprova\u00e7\u00e3o do relat\u00f3rio de Curso do Centro de Capacita\u00e7\u00e3o de Profissionais da Educa\u00e7\u00e3o e de Atendimento \u00e0s Pessoas com Surdez \/CAS em Goi\u00e2nia\/GO e d\u00e1 outras provid\u00eancias.<\/td><td style=\"color: #0000FF; background-color: #FFFFFF;text-decoration: underline;\"><a href=\"https:\/\/goias.gov.br\/cee\/wp-content\/uploads\/sites\/20\/2023\/10\/2022-78-cep-resolucao.pdf\" target=\"_blank\">ABRIR<\/a><\/td><td style=\"color: #000000; background-color: #FFFFFF;\"><\/td><\/tr><tr><td style=\"color: #666666; background-color: #FFFFFF;\">Resolu\u00e7\u00e3o<\/td><td style=\"color: #666666; background-color: #FFFFFF;\">C\u00e2mara de Educa\u00e7\u00e3o Profissional<\/td><td style=\"color: #666666; background-color: #FFFFFF;\">79\/2022<\/td><td style=\"color: #666666; background-color: #FFFFFF;\">11\/08\/2022<\/td><td style=\"color: #666666; background-color: #FFFFFF;\">Disp\u00f5e sobre a aprova\u00e7\u00e3o do relat\u00f3rio de Curso do N\u00facleo de Atividades de Altas Habilidades\/Superdota\u00e7\u00e3o - NAAH\/S, em Goi\u00e2nia\/GO e d\u00e1 outras provid\u00eancias.<\/td><td style=\"color: #0000FF; background-color: #FFFFFF;text-decoration: underline;\"><a href=\"https:\/\/goias.gov.br\/cee\/wp-content\/uploads\/sites\/20\/2023\/10\/2022-79-cep-resolucao.pdf\" target=\"_blank\">ABRIR<\/a><\/td><td style=\"color: #000000; background-color: #FFFFFF;\"><\/td><\/tr><tr><td style=\"color: #666666; background-color: #FFFFFF;\">Resolu\u00e7\u00e3o<\/td><td style=\"color: #666666; background-color: #FFFFFF;\">C\u00e2mara de Educa\u00e7\u00e3o Profissional<\/td><td style=\"color: #666666; background-color: #FFFFFF;\">80\/2022<\/td><td style=\"color: #666666; background-color: #FFFFFF;\">25\/08\/2022<\/td><td style=\"color: #666666; background-color: #FFFFFF;\">Disp\u00f5e sobre a autoriza\u00e7\u00e3o do curso T\u00e9cnico em Est\u00e9tica, do Col\u00e9gio Vit\u00f3ria, em Goi\u00e2nia\/GO e d\u00e1 outras provid\u00eancias.<\/td><td style=\"color: #0000FF; background-color: #FFFFFF;text-decoration: underline;\"><a href=\"https:\/\/goias.gov.br\/cee\/wp-content\/uploads\/sites\/20\/2023\/10\/2022-80-cep-resolucao.pdf\" target=\"_blank\">ABRIR<\/a><\/td><td style=\"color: #000000; background-color: #FFFFFF;\"><\/td><\/tr><tr><td style=\"color: #666666; background-color: #FFFFFF;\">Resolu\u00e7\u00e3o<\/td><td style=\"color: #666666; background-color: #FFFFFF;\">C\u00e2mara de Educa\u00e7\u00e3o Profissional<\/td><td style=\"color: #666666; background-color: #FFFFFF;\">81\/2022<\/td><td style=\"color: #666666; background-color: #FFFFFF;\">25\/08\/2022<\/td><td style=\"color: #666666; background-color: #FFFFFF;\">Disp\u00f5e sobre a autoriza\u00e7\u00e3o do cursos T\u00e9cnicos, do o Instituto Reeducar, em Goi\u00e2nia\/GO e d\u00e1 outras provid\u00eancias.<\/td><td style=\"color: #0000FF; background-color: #FFFFFF;text-decoration: underline;\"><a href=\"https:\/\/goias.gov.br\/cee\/wp-content\/uploads\/sites\/20\/2023\/10\/2022-81-cep-resolucao.pdf\" target=\"_blank\">ABRIR<\/a><\/td><td style=\"color: #000000; background-color: #FFFFFF;\"><\/td><\/tr><tr><td style=\"color: #666666; background-color: #FFFFFF;\">Resolu\u00e7\u00e3o<\/td><td style=\"color: #666666; background-color: #FFFFFF;\">C\u00e2mara de Educa\u00e7\u00e3o Profissional<\/td><td style=\"color: #666666; background-color: #FFFFFF;\">82\/2022<\/td><td style=\"color: #666666; background-color: #FFFFFF;\">08\/09\/2022<\/td><td style=\"color: #666666; background-color: #FFFFFF;\">Disp\u00f5e sobre a aprova\u00e7\u00e3o do relat\u00f3rio de Curso do N\u00facleo de Atividades de Altas Habilidades\/Superdota\u00e7\u00e3o - NAAH\/S, em Goi\u00e2nia\/GO e d\u00e1 outras provid\u00eancias.\n<\/td><td style=\"color: #0000FF; background-color: #FFFFFF;text-decoration: underline;\"><a href=\"https:\/\/goias.gov.br\/cee\/wp-content\/uploads\/sites\/20\/2023\/10\/2022-82-cep-resolucao.pdf\" target=\"_blank\">ABRIR<\/a><\/td><td style=\"color: #000000; background-color: #FFFFFF;\"><\/td><\/tr><tr><td style=\"color: #666666; background-color: #FFFFFF;\">Resolu\u00e7\u00e3o<\/td><td style=\"color: #666666; background-color: #FFFFFF;\">C\u00e2mara de Educa\u00e7\u00e3o Profissional<\/td><td style=\"color: #666666; background-color: #FFFFFF;\">83\/2022<\/td><td style=\"color: #666666; background-color: #FFFFFF;\">08\/09\/2022<\/td><td style=\"color: #666666; background-color: #FFFFFF;\">Disp\u00f5e sobre o credenciamento e autoriza\u00e7\u00e3o do Curso T\u00e9cnico em Enfermagem do Centro Educacional Corpus, em Caldas novas\/GO e d\u00e1 outras provid\u00eancias.<\/td><td style=\"color: #0000FF; background-color: #FFFFFF;text-decoration: underline;\"><a href=\"https:\/\/goias.gov.br\/cee\/wp-content\/uploads\/sites\/20\/2023\/10\/2022-83-cep-resolucao.pdf\" target=\"_blank\">ABRIR<\/a><\/td><td style=\"color: #000000; background-color: #FFFFFF;\"><\/td><\/tr><tr><td style=\"color: #666666; background-color: #FFFFFF;\">Resolu\u00e7\u00e3o<\/td><td style=\"color: #666666; background-color: #FFFFFF;\">C\u00e2mara de Educa\u00e7\u00e3o Profissional<\/td><td style=\"color: #666666; background-color: #FFFFFF;\">84\/2022<\/td><td style=\"color: #666666; background-color: #FFFFFF;\">08\/09\/2022<\/td><td style=\"color: #666666; background-color: #FFFFFF;\">Disp\u00f5e sobre o recredenciamento e renova\u00e7\u00e3o da autoriza\u00e7\u00e3o do Curso T\u00e9cnico em Enfermagem do Col\u00e9gio Logos, em Novo Gama\/GO e d\u00e1 outras provid\u00eancias.<\/td><td style=\"color: #0000FF; background-color: #FFFFFF;text-decoration: underline;\"><a href=\"https:\/\/goias.gov.br\/cee\/wp-content\/uploads\/sites\/20\/2023\/10\/2022-84-cep-resolucao.pdf\" target=\"_blank\">ABRIR<\/a><\/td><td style=\"color: #000000; background-color: #FFFFFF;\"><\/td><\/tr><tr><td style=\"color: #666666; background-color: #FFFFFF;\">Resolu\u00e7\u00e3o<\/td><td style=\"color: #666666; background-color: #FFFFFF;\">C\u00e2mara de Educa\u00e7\u00e3o Profissional<\/td><td style=\"color: #666666; background-color: #FFFFFF;\">85\/2022<\/td><td style=\"color: #666666; background-color: #FFFFFF;\">15\/09\/2022<\/td><td style=\"color: #666666; background-color: #FFFFFF;\">Disp\u00f5e sobre o recredenciamento e renova\u00e7\u00e3o da autoriza\u00e7\u00e3o do Curso T\u00e9cnico em Enfermagem do Instituto Educacional Tiradentes, em Niquel\u00e2ndia\/GO e d\u00e1 outras provid\u00eancias.<\/td><td style=\"color: #0000FF; background-color: #FFFFFF;text-decoration: underline;\"><a href=\"https:\/\/goias.gov.br\/cee\/wp-content\/uploads\/sites\/20\/2023\/10\/2022-85-cep-resolucao.pdf\" target=\"_blank\">ABRIR<\/a><\/td><td style=\"color: #000000; background-color: #FFFFFF;\"><\/td><\/tr><tr><td style=\"color: #666666; background-color: #FFFFFF;\">Resolu\u00e7\u00e3o<\/td><td style=\"color: #666666; background-color: #FFFFFF;\">C\u00e2mara de Educa\u00e7\u00e3o Profissional<\/td><td style=\"color: #666666; background-color: #FFFFFF;\">86\/2022<\/td><td style=\"color: #666666; background-color: #FFFFFF;\">15\/09\/2022<\/td><td style=\"color: #666666; background-color: #FFFFFF;\">Disp\u00f5e sobre a renova\u00e7\u00e3o da autoriza\u00e7\u00e3o do Curso T\u00e9cnico em Agropecu\u00e1ria do Instituto Educacional Tiradentes, em Niquel\u00e2ndia\/GO e d\u00e1 outras provid\u00eancias.\n<\/td><td style=\"color: #0000FF; background-color: #FFFFFF;text-decoration: underline;\"><a href=\"https:\/\/goias.gov.br\/cee\/wp-content\/uploads\/sites\/20\/2023\/10\/2022-86-cep-resolucao.pdf\" target=\"_blank\">ABRIR<\/a><\/td><td style=\"color: #000000; background-color: #FFFFFF;\"><\/td><\/tr><tr><td style=\"color: #666666; background-color: #FFFFFF;\">Resolu\u00e7\u00e3o<\/td><td style=\"color: #666666; background-color: #FFFFFF;\">C\u00e2mara de Educa\u00e7\u00e3o Profissional<\/td><td style=\"color: #666666; background-color: #FFFFFF;\">87\/2022<\/td><td style=\"color: #666666; background-color: #FFFFFF;\">15\/09\/2022<\/td><td style=\"color: #666666; background-color: #FFFFFF;\">Disp\u00f5e sobre a aprova\u00e7\u00e3o do relat\u00f3rio de Curso do Centro de de Apoio Pedag\u00f3gico para Atendimento \u00e0s Pessoas com Defici\u00eancia Visual \u2013 CAP em Goi\u00e2nia\/GO e d\u00e1 outras provid\u00eancias.<\/td><td style=\"color: #0000FF; background-color: #FFFFFF;text-decoration: underline;\"><a href=\"https:\/\/goias.gov.br\/cee\/wp-content\/uploads\/sites\/20\/2023\/10\/2022-87-cep-resolucao.pdf\" target=\"_blank\">ABRIR<\/a><\/td><td style=\"color: #000000; background-color: #FFFFFF;\"><\/td><\/tr><tr><td style=\"color: #666666; background-color: #FFFFFF;\">Resolu\u00e7\u00e3o<\/td><td style=\"color: #666666; background-color: #FFFFFF;\">C\u00e2mara de Educa\u00e7\u00e3o Profissional<\/td><td style=\"color: #666666; background-color: #FFFFFF;\">88\/2022<\/td><td style=\"color: #666666; background-color: #FFFFFF;\">22\/09\/2022<\/td><td style=\"color: #666666; background-color: #FFFFFF;\">Disp\u00f5e sobre a autoriza\u00e7\u00e3o do Curso T\u00e9cnico em Enfermagem do Col\u00e9gio IESGO Master, em Formosa\/GO e d\u00e1 outras provid\u00eancias.<\/td><td style=\"color: #0000FF; background-color: #FFFFFF;text-decoration: underline;\"><a href=\"https:\/\/goias.gov.br\/cee\/wp-content\/uploads\/sites\/20\/2023\/10\/2022-88-cep-resolucao.pdf\" target=\"_blank\">ABRIR<\/a><\/td><td style=\"color: #000000; background-color: #FFFFFF;\"><\/td><\/tr><tr><td style=\"color: #666666; background-color: #FFFFFF;\">Resolu\u00e7\u00e3o<\/td><td style=\"color: #666666; background-color: #FFFFFF;\">C\u00e2mara de Educa\u00e7\u00e3o Profissional<\/td><td style=\"color: #666666; background-color: #FFFFFF;\">89\/2022<\/td><td style=\"color: #666666; background-color: #FFFFFF;\">22\/09\/2022<\/td><td style=\"color: #666666; background-color: #FFFFFF;\">Disp\u00f5e sobre a autoriza\u00e7\u00e3o da emiss\u00e3o de diplomas dos alunos concluintes do Curso T\u00e9cnico em Agropecu\u00e1ria oferecido pelo Escola do Futuro do Estado de Goi\u00e1s Jos\u00e9 Luiz Bittencourt de Goi\u00e2nia \u2013 GO, na Unidade Descentralizada localizada no mun\u00edcipio de Mineiros \u2013 GO, e d\u00e1 outras provid\u00eancias.<\/td><td style=\"color: #0000FF; background-color: #FFFFFF;text-decoration: underline;\"><a href=\"https:\/\/goias.gov.br\/cee\/wp-content\/uploads\/sites\/20\/2023\/10\/2022-89-cep-resolucao.pdf\" target=\"_blank\">ABRIR<\/a><\/td><td style=\"color: #000000; background-color: #FFFFFF;\"><\/td><\/tr><tr><td style=\"color: #666666; background-color: #FFFFFF;\">Resolu\u00e7\u00e3o<\/td><td style=\"color: #666666; background-color: #FFFFFF;\">C\u00e2mara de Educa\u00e7\u00e3o Profissional<\/td><td style=\"color: #666666; background-color: #FFFFFF;\">90\/2022<\/td><td style=\"color: #666666; background-color: #FFFFFF;\">22\/09\/2022<\/td><td style=\"color: #666666; background-color: #FFFFFF;\">Disp\u00f5e sobre a aprova\u00e7\u00e3o do projeto de Curso do Instituto Intelecto - INTEL em Niquel\u00e2ndia\/GO e d\u00e1 outras provid\u00eancias.\n<\/td><td style=\"color: #0000FF; background-color: #FFFFFF;text-decoration: underline;\"><a href=\"https:\/\/goias.gov.br\/cee\/wp-content\/uploads\/sites\/20\/2023\/10\/2022-90-cep-resolucao.pdf\" target=\"_blank\">ABRIR<\/a><\/td><td style=\"color: #000000; background-color: #FFFFFF;\"><\/td><\/tr><tr><td style=\"color: #666666; background-color: #FFFFFF;\">Resolu\u00e7\u00e3o<\/td><td style=\"color: #666666; background-color: #FFFFFF;\">C\u00e2mara de Educa\u00e7\u00e3o Profissional<\/td><td style=\"color: #666666; background-color: #FFFFFF;\">91\/2022<\/td><td style=\"color: #666666; background-color: #FFFFFF;\">29\/09\/2022<\/td><td style=\"color: #666666; background-color: #FFFFFF;\">Disp\u00f5e sobre a amplia\u00e7\u00e3o de vagas do Curso T\u00e9cnico em Enfermagem, da Escola de Enfermagem Florence Nightingale em An\u00e1polis\/GO e d\u00e1 outras provid\u00eancias.<\/td><td style=\"color: #0000FF; background-color: #FFFFFF;text-decoration: underline;\"><a href=\"https:\/\/goias.gov.br\/cee\/wp-content\/uploads\/sites\/20\/2023\/10\/2022-91-cep-resolucao.pdf\" target=\"_blank\">ABRIR<\/a><\/td><td style=\"color: #000000; background-color: #FFFFFF;\"><\/td><\/tr><tr><td style=\"color: #666666; background-color: #FFFFFF;\">Resolu\u00e7\u00e3o<\/td><td style=\"color: #666666; background-color: #FFFFFF;\">C\u00e2mara de Educa\u00e7\u00e3o Profissional<\/td><td style=\"color: #666666; background-color: #FFFFFF;\">92\/2022<\/td><td style=\"color: #666666; background-color: #FFFFFF;\">29\/09\/2022<\/td><td style=\"color: #666666; background-color: #FFFFFF;\">Disp\u00f5e sobre a autoriza\u00e7\u00e3o do Col\u00e9gio Tecnol\u00f3gico do Estado de Goi\u00e1s Governador Onofre Quinan, em An\u00e1polis\/GO, para a emiss\u00e3o de diplomas dos alunos concluintes do Curso T\u00e9cnico em Seguran\u00e7a do Trabalho e d\u00e1 outras provid\u00eancias.<\/td><td style=\"color: #0000FF; background-color: #FFFFFF;text-decoration: underline;\"><a href=\"https:\/\/goias.gov.br\/cee\/wp-content\/uploads\/sites\/20\/2023\/10\/2022-92-cep-resolucao.pdf\" target=\"_blank\">ABRIR<\/a><\/td><td style=\"color: #000000; background-color: #FFFFFF;\"><\/td><\/tr><tr><td style=\"color: #666666; background-color: #FFFFFF;\">Resolu\u00e7\u00e3o<\/td><td style=\"color: #666666; background-color: #FFFFFF;\">C\u00e2mara de Educa\u00e7\u00e3o Profissional<\/td><td style=\"color: #666666; background-color: #FFFFFF;\">93\/2022<\/td><td style=\"color: #666666; background-color: #FFFFFF;\">06\/10\/2022<\/td><td style=\"color: #666666; background-color: #FFFFFF;\">Disp\u00f5e sobre a autoriza\u00e7\u00e3o , para a emiss\u00e3o de diplomas dos alunos concluintes do Curso T\u00e9cnico em Qualidade oferecido pelo Col\u00e9gio Tecnol\u00f3gico do Estado de Goi\u00e1s Governador Onofre Quinan, em An\u00e1polis\/GO e d\u00e1 outras provid\u00eancias.\n<\/td><td style=\"color: #0000FF; background-color: #FFFFFF;text-decoration: underline;\"><a href=\"https:\/\/goias.gov.br\/cee\/wp-content\/uploads\/sites\/20\/2023\/10\/2022-93-cep-resolucao.pdf\" target=\"_blank\">ABRIR<\/a><\/td><td style=\"color: #000000; background-color: #FFFFFF;\"><\/td><\/tr><tr><td style=\"color: #666666; background-color: #FFFFFF;\">Resolu\u00e7\u00e3o<\/td><td style=\"color: #666666; background-color: #FFFFFF;\">C\u00e2mara de Educa\u00e7\u00e3o Profissional<\/td><td style=\"color: #666666; background-color: #FFFFFF;\">94\/2022<\/td><td style=\"color: #666666; background-color: #FFFFFF;\">06\/10\/2022<\/td><td style=\"color: #666666; background-color: #FFFFFF;\">Disp\u00f5e sobre o credenciamento e autoriza\u00e7\u00e3o do Curso T\u00e9cnico em Enfermagem do Educativa Cursos, em Luzi\u00e2nia\/GO e d\u00e1 outras provid\u00eancias.\n<\/td><td style=\"color: #0000FF; background-color: #FFFFFF;text-decoration: underline;\"><a href=\"https:\/\/goias.gov.br\/cee\/wp-content\/uploads\/sites\/20\/2023\/10\/2022-94-cep-resolucao.pdf\" target=\"_blank\">ABRIR<\/a><\/td><td style=\"color: #000000; background-color: #FFFFFF;\"><\/td><\/tr><tr><td style=\"color: #666666; background-color: #FFFFFF;\">Resolu\u00e7\u00e3o<\/td><td style=\"color: #666666; background-color: #FFFFFF;\">C\u00e2mara de Educa\u00e7\u00e3o Profissional<\/td><td style=\"color: #666666; background-color: #FFFFFF;\">95\/2022<\/td><td style=\"color: #666666; background-color: #FFFFFF;\">06\/10\/2022<\/td><td style=\"color: #666666; background-color: #FFFFFF;\">Disp\u00f5e sobre a renova\u00e7\u00e3o da autoriza\u00e7\u00e3o do Curso T\u00e9cnico em An\u00e1lises Cl\u00ednicas, do Col\u00e9gio Logos, em Novo Gama\/GO, e d\u00e1 outras provid\u00eancias.<\/td><td style=\"color: #0000FF; background-color: #FFFFFF;text-decoration: underline;\"><a href=\"https:\/\/goias.gov.br\/cee\/wp-content\/uploads\/sites\/20\/2023\/10\/2022-95-cep-resolucao.pdf\" target=\"_blank\">ABRIR<\/a><\/td><td style=\"color: #000000; background-color: #FFFFFF;\"><\/td><\/tr><tr><td style=\"color: #666666; background-color: #FFFFFF;\">Resolu\u00e7\u00e3o<\/td><td style=\"color: #666666; background-color: #FFFFFF;\">C\u00e2mara de Educa\u00e7\u00e3o Profissional<\/td><td style=\"color: #666666; background-color: #FFFFFF;\">96\/2022<\/td><td style=\"color: #666666; background-color: #FFFFFF;\">06\/10\/2022<\/td><td style=\"color: #666666; background-color: #FFFFFF;\">Disp\u00f5e sobre a autoriza\u00e7\u00e3o para emiss\u00e3o de diplomas dos alunos concluintes do Curso T\u00e9cnico em Recursos Humanos oferecido pelo Col\u00e9gio Tecnol\u00f3gico do Estado de Goi\u00e1s C\u00e9lio Domingos Mazzoneto, em Ceres\/GO, e d\u00e1 outras provid\u00eancias.\n<\/td><td style=\"color: #0000FF; background-color: #FFFFFF;text-decoration: underline;\"><a href=\"https:\/\/goias.gov.br\/cee\/wp-content\/uploads\/sites\/20\/2023\/10\/2022-96-cep-resolucao.pdf\" target=\"_blank\">ABRIR<\/a><\/td><td style=\"color: #000000; background-color: #FFFFFF;\"><\/td><\/tr><tr><td style=\"color: #666666; background-color: #FFFFFF;\">Resolu\u00e7\u00e3o<\/td><td style=\"color: #666666; background-color: #FFFFFF;\">C\u00e2mara de Educa\u00e7\u00e3o Profissional<\/td><td style=\"color: #666666; background-color: #FFFFFF;\">97\/2022<\/td><td style=\"color: #666666; background-color: #FFFFFF;\">13\/10\/2022<\/td><td style=\"color: #666666; background-color: #FFFFFF;\">Disp\u00f5e sobre a renova\u00e7\u00e3o da autoriza\u00e7\u00e3o do Curso T\u00e9cnico em Radiologia, do Col\u00e9gio Logos, em Novo Gama\/GO, e d\u00e1 outras provid\u00eancias.<\/td><td style=\"color: #0000FF; background-color: #FFFFFF;text-decoration: underline;\"><a href=\"https:\/\/goias.gov.br\/cee\/wp-content\/uploads\/sites\/20\/2023\/10\/2022-97-cep-resolucao.pdf\" target=\"_blank\">ABRIR<\/a><\/td><td style=\"color: #000000; background-color: #FFFFFF;\"><\/td><\/tr><tr><td style=\"color: #666666; background-color: #FFFFFF;\">Resolu\u00e7\u00e3o<\/td><td style=\"color: #666666; background-color: #FFFFFF;\">C\u00e2mara de Educa\u00e7\u00e3o Profissional<\/td><td style=\"color: #666666; background-color: #FFFFFF;\">98\/2022<\/td><td style=\"color: #666666; background-color: #FFFFFF;\">13\/10\/2022<\/td><td style=\"color: #666666; background-color: #FFFFFF;\">Disp\u00f5e sobre a aprova\u00e7\u00e3o do relat\u00f3rio de Curso do Centro de Capacita\u00e7\u00e3o de Profissionais da Educa\u00e7\u00e3o e de Atendimento \u00e0s Pessoas com Surdez \/CAS, em Goi\u00e2nia\/GO e d\u00e1 outras provid\u00eancias.\n<\/td><td style=\"color: #0000FF; background-color: #FFFFFF;text-decoration: underline;\"><a href=\"https:\/\/goias.gov.br\/cee\/wp-content\/uploads\/sites\/20\/2023\/10\/2022-98-cep-resolucao.pdf\" target=\"_blank\">ABRIR<\/a><\/td><td style=\"color: #000000; background-color: #FFFFFF;\"><\/td><\/tr><tr><td style=\"color: #666666; background-color: #FFFFFF;\">Resolu\u00e7\u00e3o<\/td><td style=\"color: #666666; background-color: #FFFFFF;\">C\u00e2mara de Educa\u00e7\u00e3o Profissional<\/td><td style=\"color: #666666; background-color: #FFFFFF;\">99\/2022<\/td><td style=\"color: #666666; background-color: #FFFFFF;\">13\/10\/2022<\/td><td style=\"color: #666666; background-color: #FFFFFF;\">Disp\u00f5e sobre a valida\u00e7\u00e3o e autoriza\u00e7\u00e3o para emiss\u00e3o de diplomas dos alunos concluintes do Curso T\u00e9cnico em Seguran\u00e7a do Trabalho oferecido pelo Col\u00e9gio Tecnol\u00f3gico do Estado de Goi\u00e1s Padre Ant\u00f4nio Vermey, em Palmeiras de Goi\u00e1s\/GO, e d\u00e1 outras provid\u00eancias.<\/td><td style=\"color: #0000FF; background-color: #FFFFFF;text-decoration: underline;\"><a href=\"https:\/\/goias.gov.br\/cee\/wp-content\/uploads\/sites\/20\/2023\/10\/2022-99-cep-resolucao.pdf\" target=\"_blank\">ABRIR<\/a><\/td><td style=\"color: #000000; background-color: #FFFFFF;\"><\/td><\/tr><tr><td style=\"color: #666666; background-color: #FFFFFF;\">Resolu\u00e7\u00e3o<\/td><td style=\"color: #666666; background-color: #FFFFFF;\">C\u00e2mara de Educa\u00e7\u00e3o Profissional<\/td><td style=\"color: #666666; background-color: #FFFFFF;\">100\/2022<\/td><td style=\"color: #666666; background-color: #FFFFFF;\">13\/10\/2022<\/td><td style=\"color: #666666; background-color: #FFFFFF;\">Disp\u00f5e sobre a valida\u00e7\u00e3o e autoriza\u00e7\u00e3o para emiss\u00e3o de diplomas dos alunos concluintes do Curso T\u00e9cnico em Log\u00edstica oferecido pelo Col\u00e9gio Tecnol\u00f3gico Maria Sebastiana da Silva, de Porangatu\/GO, na unidade descentralizada localizada no munic\u00edpio de Urua\u00e7u e d\u00e1 outras provid\u00eancias.<\/td><td style=\"color: #0000FF; background-color: #FFFFFF;text-decoration: underline;\"><a href=\"https:\/\/goias.gov.br\/cee\/wp-content\/uploads\/sites\/20\/2023\/10\/2022-100-cep-resolucao.pdf\" target=\"_blank\">ABRIR<\/a><\/td><td style=\"color: #000000; background-color: #FFFFFF;\"><\/td><\/tr><tr><td style=\"color: #666666; background-color: #FFFFFF;\">Resolu\u00e7\u00e3o<\/td><td style=\"color: #666666; background-color: #FFFFFF;\">C\u00e2mara de Educa\u00e7\u00e3o Profissional<\/td><td style=\"color: #666666; background-color: #FFFFFF;\">101\/2022<\/td><td style=\"color: #666666; background-color: #FFFFFF;\">20\/10\/2022<\/td><td style=\"color: #666666; background-color: #FFFFFF;\">Disp\u00f5e sobre a aprova\u00e7\u00e3o do projeto de Curso do Instituto Intelecto - INTEL em Niquel\u00e2ndia\/GO e d\u00e1 outras provid\u00eancias.\n<\/td><td style=\"color: #0000FF; background-color: #FFFFFF;text-decoration: underline;\"><a href=\"https:\/\/goias.gov.br\/cee\/wp-content\/uploads\/sites\/20\/2023\/10\/2022-101-cep-resolucao.pdf\" target=\"_blank\">ABRIR<\/a><\/td><td style=\"color: #000000; background-color: #FFFFFF;\"><\/td><\/tr><tr><td style=\"color: #666666; background-color: #FFFFFF;\">Resolu\u00e7\u00e3o<\/td><td style=\"color: #666666; background-color: #FFFFFF;\">C\u00e2mara de Educa\u00e7\u00e3o Profissional<\/td><td style=\"color: #666666; background-color: #FFFFFF;\">102\/2022<\/td><td style=\"color: #666666; background-color: #FFFFFF;\">20\/10\/2022<\/td><td style=\"color: #666666; background-color: #FFFFFF;\">Disp\u00f5e sobre a aprova\u00e7\u00e3o dos relat\u00f3rios de Cursos do Centro de Estudo e Pesquisa Ciranda da Arte, em Goi\u00e2nia\/GO e d\u00e1 outras provid\u00eancias.\n<\/td><td style=\"color: #0000FF; background-color: #FFFFFF;text-decoration: underline;\"><a href=\"https:\/\/goias.gov.br\/cee\/wp-content\/uploads\/sites\/20\/2023\/10\/2022-102-cep-resolucao.pdf\" target=\"_blank\">ABRIR<\/a><\/td><td style=\"color: #000000; background-color: #FFFFFF;\"><\/td><\/tr><tr><td style=\"color: #666666; background-color: #FFFFFF;\">Resolu\u00e7\u00e3o<\/td><td style=\"color: #666666; background-color: #FFFFFF;\">C\u00e2mara de Educa\u00e7\u00e3o Profissional<\/td><td style=\"color: #666666; background-color: #FFFFFF;\">103\/2022<\/td><td style=\"color: #666666; background-color: #FFFFFF;\">20\/10\/2022<\/td><td style=\"color: #666666; background-color: #FFFFFF;\">Disp\u00f5e sobre a aprova\u00e7\u00e3o do relat\u00f3rio de Curso do Centro de Capacita\u00e7\u00e3o de Profissionais da Educa\u00e7\u00e3o e de Atendimento \u00e0s Pessoas com Surdez \/CAS, em Goi\u00e2nia\/GO e d\u00e1 outras provid\u00eancias.\n<\/td><td style=\"color: #0000FF; background-color: #FFFFFF;text-decoration: underline;\"><a href=\"https:\/\/goias.gov.br\/cee\/wp-content\/uploads\/sites\/20\/2023\/10\/2022-103-cep-resolucao.pdf\" target=\"_blank\">ABRIR<\/a><\/td><td style=\"color: #000000; background-color: #FFFFFF;\"><\/td><\/tr><tr><td style=\"color: #666666; background-color: #FFFFFF;\">Resolu\u00e7\u00e3o<\/td><td style=\"color: #666666; background-color: #FFFFFF;\">C\u00e2mara de Educa\u00e7\u00e3o Profissional<\/td><td style=\"color: #666666; background-color: #FFFFFF;\">104\/2022<\/td><td style=\"color: #666666; background-color: #FFFFFF;\">27\/10\/2022<\/td><td style=\"color: #666666; background-color: #FFFFFF;\">Disp\u00f5e sobre o recredenciamento e a renova\u00e7\u00e3o da autoriza\u00e7\u00e3o do Curso T\u00e9cnico em Eletrot\u00e9cnica, da Escola Energia Brasil Profissional, em Goi\u00e2nia\/GO, e d\u00e1 outras provid\u00eancias.<\/td><td style=\"color: #0000FF; background-color: #FFFFFF;text-decoration: underline;\"><a href=\"https:\/\/goias.gov.br\/cee\/wp-content\/uploads\/sites\/20\/2023\/10\/2022-104-cep-resolucao.pdf\" target=\"_blank\">ABRIR<\/a><\/td><td style=\"color: #000000; background-color: #FFFFFF;\"><\/td><\/tr><tr><td style=\"color: #666666; background-color: #FFFFFF;\">Resolu\u00e7\u00e3o<\/td><td style=\"color: #666666; background-color: #FFFFFF;\">C\u00e2mara de Educa\u00e7\u00e3o Profissional<\/td><td style=\"color: #666666; background-color: #FFFFFF;\">105\/2022<\/td><td style=\"color: #666666; background-color: #FFFFFF;\">27\/10\/2022<\/td><td style=\"color: #666666; background-color: #FFFFFF;\">Disp\u00f5e sobre a aprova\u00e7\u00e3o do relat\u00f3rio de Curso do N\u00facleo de Atividades de Altas Habilidades\/Superdota\u00e7\u00e3o, em Goi\u00e2nia\/GO e d\u00e1 outras provid\u00eancias.\n<\/td><td style=\"color: #0000FF; background-color: #FFFFFF;text-decoration: underline;\"><a href=\"https:\/\/goias.gov.br\/cee\/wp-content\/uploads\/sites\/20\/2023\/10\/2022-105-cep-resolucao.pdf\" target=\"_blank\">ABRIR<\/a><\/td><td style=\"color: #000000; background-color: #FFFFFF;\"><\/td><\/tr><tr><td style=\"color: #666666; background-color: #FFFFFF;\">Resolu\u00e7\u00e3o<\/td><td style=\"color: #666666; background-color: #FFFFFF;\">C\u00e2mara de Educa\u00e7\u00e3o Profissional<\/td><td style=\"color: #666666; background-color: #FFFFFF;\">106\/2022<\/td><td style=\"color: #666666; background-color: #FFFFFF;\">27\/10\/2022<\/td><td style=\"color: #666666; background-color: #FFFFFF;\">Disp\u00f5e sobre a aprova\u00e7\u00e3o do relat\u00f3rio de Curso do N\u00facleo de Atividades de Altas Habilidades\/Superdota\u00e7\u00e3o, em Goi\u00e2nia\/GO e d\u00e1 outras provid\u00eancias.\n<\/td><td style=\"color: #0000FF; background-color: #FFFFFF;text-decoration: underline;\"><a href=\"https:\/\/goias.gov.br\/cee\/wp-content\/uploads\/sites\/20\/2023\/10\/2022-106-cep-resolucao.pdf\" target=\"_blank\">ABRIR<\/a><\/td><td style=\"color: #000000; background-color: #FFFFFF;\"><\/td><\/tr><tr><td style=\"color: #666666; background-color: #FFFFFF;\">Resolu\u00e7\u00e3o<\/td><td style=\"color: #666666; background-color: #FFFFFF;\">C\u00e2mara de Educa\u00e7\u00e3o Profissional<\/td><td style=\"color: #666666; background-color: #FFFFFF;\">107\/2022<\/td><td style=\"color: #666666; background-color: #FFFFFF;\">03\/10\/2022<\/td><td style=\"color: #666666; background-color: #FFFFFF;\">Disp\u00f5e sobre a aprova\u00e7\u00e3o do projeto de Curso do Instituto Intelecto - INTEL em Niquel\u00e2ndia\/GO e d\u00e1 outras provid\u00eancias.<\/td><td style=\"color: #0000FF; background-color: #FFFFFF;text-decoration: underline;\"><a href=\"https:\/\/goias.gov.br\/cee\/wp-content\/uploads\/sites\/20\/2023\/10\/2022-107-cep-resolucao.pdf\" target=\"_blank\">ABRIR<\/a><\/td><td style=\"color: #000000; background-color: #FFFFFF;\"><\/td><\/tr><tr><td style=\"color: #666666; background-color: #FFFFFF;\">Resolu\u00e7\u00e3o<\/td><td style=\"color: #666666; background-color: #FFFFFF;\">C\u00e2mara de Educa\u00e7\u00e3o Profissional<\/td><td style=\"color: #666666; background-color: #FFFFFF;\">108\/2022<\/td><td style=\"color: #666666; background-color: #FFFFFF;\">10\/11\/2022<\/td><td style=\"color: #666666; background-color: #FFFFFF;\">Disp\u00f5e sobre o recredenciamento e a renova\u00e7\u00e3o da autoriza\u00e7\u00e3o do Curso T\u00e9cnico em Radiologia\/EAD, do Educacional CTS, em Formosa\/GO, e d\u00e1 outras provid\u00eancias.\n<\/td><td style=\"color: #0000FF; background-color: #FFFFFF;text-decoration: underline;\"><a href=\"https:\/\/goias.gov.br\/cee\/wp-content\/uploads\/sites\/20\/2023\/10\/2022-108-cep-resolucao.pdf\" target=\"_blank\">ABRIR<\/a><\/td><td style=\"color: #000000; background-color: #FFFFFF;\"><\/td><\/tr><tr><td style=\"color: #666666; background-color: #FFFFFF;\">Resolu\u00e7\u00e3o<\/td><td style=\"color: #666666; background-color: #FFFFFF;\">C\u00e2mara de Educa\u00e7\u00e3o Profissional<\/td><td style=\"color: #666666; background-color: #FFFFFF;\">109\/2022<\/td><td style=\"color: #666666; background-color: #FFFFFF;\">17\/11\/2022<\/td><td style=\"color: #666666; background-color: #FFFFFF;\">Disp\u00f5e sobre a aprova\u00e7\u00e3o do relat\u00f3rio do Curso do Centro Especial Elysio Campos em Goi\u00e2nia\/GO e d\u00e1 outras provid\u00eancias.<\/td><td style=\"color: #0000FF; background-color: #FFFFFF;text-decoration: underline;\"><a href=\"https:\/\/siteshom.goias.gov.br\/cee\/wp-content\/uploads\/sites\/20\/2023\/10\/2022-109-cep-resolucao.pdf\" target=\"_blank\">ABRIR<\/a><\/td><td style=\"color: #000000; background-color: #FFFFFF;\"><\/td><\/tr><tr><td style=\"color: #666666; background-color: #FFFFFF;\">Resolu\u00e7\u00e3o<\/td><td style=\"color: #666666; background-color: #FFFFFF;\">C\u00e2mara de Educa\u00e7\u00e3o Profissional<\/td><td style=\"color: #666666; background-color: #FFFFFF;\">110\/2022<\/td><td style=\"color: #666666; background-color: #FFFFFF;\">17\/11\/2022<\/td><td style=\"color: #666666; background-color: #FFFFFF;\">Disp\u00f5e sobre a renova\u00e7\u00e3o da autoriza\u00e7\u00e3o do Curso T\u00e9cnico em Enfermagem\/EAD, do Educacional CTS, em Formosa\/GO, e d\u00e1 outras provid\u00eancias.<\/td><td style=\"color: #0000FF; background-color: #FFFFFF;text-decoration: underline;\"><a href=\"https:\/\/goias.gov.br\/cee\/wp-content\/uploads\/sites\/20\/2023\/10\/2022-110-cep-resolucao.pdf\" target=\"_blank\">ABRIR<\/a><\/td><td style=\"color: #000000; background-color: #FFFFFF;\"><\/td><\/tr><tr><td style=\"color: #666666; background-color: #FFFFFF;\">Resolu\u00e7\u00e3o<\/td><td style=\"color: #666666; background-color: #FFFFFF;\">C\u00e2mara de Educa\u00e7\u00e3o Profissional<\/td><td style=\"color: #666666; background-color: #FFFFFF;\">111\/2022<\/td><td style=\"color: #666666; background-color: #FFFFFF;\">24\/11\/2022<\/td><td style=\"color: #666666; background-color: #FFFFFF;\">Disp\u00f5e sobre a renova\u00e7\u00e3o da autoriza\u00e7\u00e3o do Curso T\u00e9cnico em Enfermagem, do Educacional CTS, em Formosa\/GO, e d\u00e1 outras provid\u00eancias.\n<\/td><td style=\"color: #0000FF; background-color: #FFFFFF;text-decoration: underline;\"><a href=\"https:\/\/goias.gov.br\/cee\/wp-content\/uploads\/sites\/20\/2023\/10\/2022-111-cep-resolucao.pdf\" target=\"_blank\">ABRIR<\/a><\/td><td style=\"color: #000000; background-color: #FFFFFF;\"><\/td><\/tr><tr><td style=\"color: #666666; background-color: #FFFFFF;\">Resolu\u00e7\u00e3o<\/td><td style=\"color: #666666; background-color: #FFFFFF;\">C\u00e2mara de Educa\u00e7\u00e3o Profissional<\/td><td style=\"color: #666666; background-color: #FFFFFF;\">112\/2022<\/td><td style=\"color: #666666; background-color: #FFFFFF;\">24\/11\/2022<\/td><td style=\"color: #666666; background-color: #FFFFFF;\">Disp\u00f5e sobre a renova\u00e7\u00e3o da autoriza\u00e7\u00e3o do Curso T\u00e9cnico em Seguran\u00e7a do Trabalho\/EAD, do Educacional CTS, em Formosa\/GO, e d\u00e1 outras provid\u00eancias.\n<\/td><td style=\"color: #0000FF; background-color: #FFFFFF;text-decoration: underline;\"><a href=\"https:\/\/goias.gov.br\/cee\/wp-content\/uploads\/sites\/20\/2023\/10\/2022-112-cep-resolucao.pdf\" target=\"_blank\">ABRIR<\/a><\/td><td style=\"color: #000000; background-color: #FFFFFF;\"><\/td><\/tr><tr><td style=\"color: #666666; background-color: #FFFFFF;\">Resolu\u00e7\u00e3o<\/td><td style=\"color: #666666; background-color: #FFFFFF;\">C\u00e2mara de Educa\u00e7\u00e3o Profissional<\/td><td style=\"color: #666666; background-color: #FFFFFF;\">113\/2022<\/td><td style=\"color: #666666; background-color: #FFFFFF;\">24\/11\/2022<\/td><td style=\"color: #666666; background-color: #FFFFFF;\">Disp\u00f5e sobre a aprova\u00e7\u00e3o do projeto de Curso do Instituto Intelecto - INTEL em Niquel\u00e2ndia\/GO e d\u00e1 outras provid\u00eancias.\n<\/td><td style=\"color: #0000FF; background-color: #FFFFFF;text-decoration: underline;\"><a href=\"https:\/\/goias.gov.br\/cee\/wp-content\/uploads\/sites\/20\/2023\/10\/2022-113-cep-resolucao.pdf\" target=\"_blank\">ABRIR<\/a><\/td><td style=\"color: #000000; background-color: #FFFFFF;\"><\/td><\/tr><tr><td style=\"color: #666666; background-color: #FFFFFF;\">Resolu\u00e7\u00e3o<\/td><td style=\"color: #666666; background-color: #FFFFFF;\">C\u00e2mara de Educa\u00e7\u00e3o Profissional<\/td><td style=\"color: #666666; background-color: #FFFFFF;\">114\/2022<\/td><td style=\"color: #666666; background-color: #FFFFFF;\">24\/11\/2022<\/td><td style=\"color: #666666; background-color: #FFFFFF;\">Disp\u00f5e sobre a aprova\u00e7\u00e3o do relat\u00f3rio de Curso do Centro de Apoio Pedag\u00f3gico para Atendimento \u00e0s Pessoas com Defici\u00eancia Visual \u2013 CAP, em Goi\u00e2nia\/GO e d\u00e1 outras provid\u00eancias.<\/td><td style=\"color: #0000FF; background-color: #FFFFFF;text-decoration: underline;\"><a href=\"https:\/\/goias.gov.br\/cee\/wp-content\/uploads\/sites\/20\/2023\/10\/2022-114-cep-resolucao.pdf\" target=\"_blank\">ABRIR<\/a><\/td><td style=\"color: #000000; background-color: #FFFFFF;\"><\/td><\/tr><tr><td style=\"color: #666666; background-color: #FFFFFF;\">Resolu\u00e7\u00e3o<\/td><td style=\"color: #666666; background-color: #FFFFFF;\">C\u00e2mara de Educa\u00e7\u00e3o Profissional<\/td><td style=\"color: #666666; background-color: #FFFFFF;\">115\/2022<\/td><td style=\"color: #666666; background-color: #FFFFFF;\">24\/11\/2022<\/td><td style=\"color: #666666; background-color: #FFFFFF;\">Disp\u00f5e sobre a aprova\u00e7\u00e3o do Projeto de Curso do N\u00facleo de Atividades de Altas Habilidades\/Superdota\u00e7\u00e3o, em Goi\u00e2nia\/GO e d\u00e1 outras provid\u00eancias.\n<\/td><td style=\"color: #0000FF; background-color: #FFFFFF;text-decoration: underline;\"><a href=\"https:\/\/goias.gov.br\/cee\/wp-content\/uploads\/sites\/20\/2023\/10\/2022-115-cep-resolucao.pdf\" target=\"_blank\">ABRIR<\/a><\/td><td style=\"color: #000000; background-color: #FFFFFF;\"><\/td><\/tr><tr><td style=\"color: #666666; background-color: #FFFFFF;\">Resolu\u00e7\u00e3o<\/td><td style=\"color: #666666; background-color: #FFFFFF;\">C\u00e2mara de Educa\u00e7\u00e3o Profissional<\/td><td style=\"color: #666666; background-color: #FFFFFF;\">116\/2022<\/td><td style=\"color: #666666; background-color: #FFFFFF;\">14\/12\/2022<\/td><td style=\"color: #666666; background-color: #FFFFFF;\">Disp\u00f5e sobre a autoriza\u00e7\u00e3o para emiss\u00e3o de diplomas dos alunos concluintes do Curso T\u00e9cnico em Agricultura oferecido pelo Col\u00e9gio Tecnol\u00f3gico do Estado de Goi\u00e1s Genervino Evangelista da Fonseca, Cristalina\/GO.<\/td><td style=\"color: #0000FF; background-color: #FFFFFF;text-decoration: underline;\"><a href=\"https:\/\/goias.gov.br\/cee\/wp-content\/uploads\/sites\/20\/2023\/10\/2022-116-cep-resolucao.pdf\" target=\"_blank\">ABRIR<\/a><\/td><td style=\"color: #000000; background-color: #FFFFFF;\"><\/td><\/tr><tr><td style=\"color: #666666; background-color: #FFFFFF;\">Resolu\u00e7\u00e3o<\/td><td style=\"color: #666666; background-color: #FFFFFF;\">C\u00e2mara de Educa\u00e7\u00e3o Profissional<\/td><td style=\"color: #666666; background-color: #FFFFFF;\">117\/2022<\/td><td style=\"color: #666666; background-color: #FFFFFF;\">14\/12\/2022<\/td><td style=\"color: #666666; background-color: #FFFFFF;\">Disp\u00f5e sobre a valida\u00e7\u00e3o e autoriza\u00e7\u00e3o para emiss\u00e3o de diplomas dos alunos concluintes do Curso T\u00e9cnico em Seguran\u00e7a do Trabalho oferecido pelo Col\u00e9gio Tecnol\u00f3gico Luiz Humberto de Menezes Luiz Humberto de Menezes, localizado em Santa Helena de Goi\u00e1s\/GO e d\u00e1 outras provid\u00eancias.\n<\/td><td style=\"color: #0000FF; background-color: #FFFFFF;text-decoration: underline;\"><a href=\"https:\/\/goias.gov.br\/cee\/wp-content\/uploads\/sites\/20\/2023\/10\/2022-117-cep-resolucao.pdf\" target=\"_blank\">ABRIR<\/a><\/td><td style=\"color: #000000; background-color: #FFFFFF;\"><\/td><\/tr><tr><td style=\"color: #666666; background-color: #FFFFFF;\">Resolu\u00e7\u00e3o<\/td><td style=\"color: #666666; background-color: #FFFFFF;\">C\u00e2mara de Educa\u00e7\u00e3o Profissional<\/td><td style=\"color: #666666; background-color: #FFFFFF;\">118\/2022<\/td><td style=\"color: #666666; background-color: #FFFFFF;\">14\/12\/2022<\/td><td style=\"color: #666666; background-color: #FFFFFF;\">Disp\u00f5e sobre a autoriza\u00e7\u00e3o para emiss\u00e3o de diplomas dos alunos concluintes do Curso T\u00e9cnico em Log\u00edstica oferecido pelo Col\u00e9gio Tecnol\u00f3gico do Estado de Goi\u00e1s Genervino Evangelista da Fonseca, na Unidade Descentralizada localizada na Cidade Ocidental \u2013 GO<\/td><td style=\"color: #0000FF; background-color: #FFFFFF;text-decoration: underline;\"><a href=\"https:\/\/goias.gov.br\/cee\/wp-content\/uploads\/sites\/20\/2023\/10\/2022-118-cep-resolucao.pdf\" target=\"_blank\">ABRIR<\/a><\/td><td style=\"color: #000000; background-color: #FFFFFF;\"><\/td><\/tr><tr><td style=\"color: #666666; background-color: #FFFFFF;\">Resolu\u00e7\u00e3o<\/td><td style=\"color: #666666; background-color: #FFFFFF;\">C\u00e2mara de Educa\u00e7\u00e3o Profissional<\/td><td style=\"color: #666666; background-color: #FFFFFF;\">119\/2022<\/td><td style=\"color: #666666; background-color: #FFFFFF;\">14\/12\/2022<\/td><td style=\"color: #666666; background-color: #FFFFFF;\">Disp\u00f5e sobre a autoriza\u00e7\u00e3o de curso da Secretaria Municipal de Educa\u00e7\u00e3o e Cultura de Caldazinha\/GO em parceria com a SEDUC\/GO, e d\u00e1 outras provid\u00eancias<\/td><td style=\"color: #0000FF; background-color: #FFFFFF;text-decoration: underline;\"><a href=\"https:\/\/goias.gov.br\/cee\/wp-content\/uploads\/sites\/20\/2023\/10\/2022-119-cep-resolucao.pdf\" target=\"_blank\">ABRIR<\/a><\/td><td style=\"color: #000000; background-color: #FFFFFF;\"><\/td><\/tr><tr><td style=\"color: #666666; background-color: #FFFFFF;\">Resolu\u00e7\u00e3o<\/td><td style=\"color: #666666; background-color: #FFFFFF;\">C\u00e2mara de Educa\u00e7\u00e3o Profissional<\/td><td style=\"color: #666666; background-color: #FFFFFF;\">120\/2022<\/td><td style=\"color: #666666; background-color: #FFFFFF;\">14\/12\/2022<\/td><td style=\"color: #666666; background-color: #FFFFFF;\">Disp\u00f5e sobre a autoriza\u00e7\u00e3o de cursos do FENAPESTALOZZI, em Goi\u00e2nia\/GO d\u00e1 outras provid\u00eancias.<\/td><td style=\"color: #0000FF; background-color: #FFFFFF;text-decoration: underline;\"><a href=\"https:\/\/goias.gov.br\/cee\/wp-content\/uploads\/sites\/20\/2023\/10\/2022-120-cep-resolucao.pdf\" target=\"_blank\">ABRIR<\/a><\/td><td style=\"color: #000000; background-color: #FFFFFF;\"><\/td><\/tr><tr><td style=\"color: #666666; background-color: #FFFFFF;\">Resolu\u00e7\u00e3o<\/td><td style=\"color: #666666; background-color: #FFFFFF;\">C\u00e2mara de Educa\u00e7\u00e3o Profissional<\/td><td style=\"color: #666666; background-color: #FFFFFF;\">121\/2022<\/td><td style=\"color: #666666; background-color: #FFFFFF;\">14\/12\/2022<\/td><td style=\"color: #666666; background-color: #FFFFFF;\">Disp\u00f5e sobre o credenciamento e autoriza\u00e7\u00e3o do Curso T\u00e9cnico em Enfermagem, do CTS \u2013 GO \u2013 Centro de Treinamento em Sa\u00fade de Goi\u00e1s, em Planaltina\/GO, e d\u00e1 outras provid\u00eancias.\n<\/td><td style=\"color: #0000FF; background-color: #FFFFFF;text-decoration: underline;\"><a href=\"https:\/\/goias.gov.br\/cee\/wp-content\/uploads\/sites\/20\/2023\/10\/2022-121-cep-resolucao.pdf\" target=\"_blank\">ABRIR<\/a><\/td><td style=\"color: #000000; background-color: #FFFFFF;\"><\/td><\/tr><tr><td style=\"color: #666666; background-color: #FFFFFF;\">Resolu\u00e7\u00e3o<\/td><td style=\"color: #666666; background-color: #FFFFFF;\">C\u00e2mara de Educa\u00e7\u00e3o Profissional<\/td><td style=\"color: #666666; background-color: #FFFFFF;\">01\/2023<\/td><td style=\"color: #666666; background-color: #FFFFFF;\">12\/01\/2023<\/td><td style=\"color: #666666; background-color: #FFFFFF;\">Disp\u00f5e sobre a autoriza\u00e7\u00e3o para emiss\u00e3o de diplomas dos alunos concluintes do Curso T\u00e9cnico em Log\u00edstica oferecido pela Escola do Futuro do Estado de Goi\u00e1s Sarah Lu\u00edsa  Lemos Kubitschek de Oliveira, localizado em Santo Ant\u00f4nio do Descoberto-GO e d\u00e1 outras provid\u00eancias.<\/td><td style=\"color: #0000FF; background-color: #FFFFFF;text-decoration: underline;\"><a href=\"https:\/\/goias.gov.br\/cee\/wp-content\/uploads\/sites\/20\/2023\/10\/2023-1-cep-resolucao.pdf\" target=\"_blank\">ABRIR<\/a><\/td><td style=\"color: #000000; background-color: #FFFFFF;\"><\/td><\/tr><tr><td style=\"color: #666666; background-color: #FFFFFF;\">Resolu\u00e7\u00e3o<\/td><td style=\"color: #666666; background-color: #FFFFFF;\">C\u00e2mara de Educa\u00e7\u00e3o Profissional<\/td><td style=\"color: #666666; background-color: #FFFFFF;\">02\/2023<\/td><td style=\"color: #666666; background-color: #FFFFFF;\">12\/01\/2023<\/td><td style=\"color: #666666; background-color: #FFFFFF;\">Disp\u00f5e sobre a aprova\u00e7\u00e3o do relat\u00f3rio de Curso do Instituto Consci\u00eancia - ICG, em Goi\u00e2nia\/GO e d\u00e1 outras provid\u00eancias.<\/td><td style=\"color: #0000FF; background-color: #FFFFFF;text-decoration: underline;\"><a href=\"https:\/\/goias.gov.br\/cee\/wp-content\/uploads\/sites\/20\/2023\/10\/2023-2-cep-resolucao.pdf\" target=\"_blank\">ABRIR<\/a><\/td><td style=\"color: #000000; background-color: #FFFFFF;\"><\/td><\/tr><tr><td style=\"color: #666666; background-color: #FFFFFF;\">Resolu\u00e7\u00e3o<\/td><td style=\"color: #666666; background-color: #FFFFFF;\">C\u00e2mara de Educa\u00e7\u00e3o Profissional<\/td><td style=\"color: #666666; background-color: #FFFFFF;\">03\/2023<\/td><td style=\"color: #666666; background-color: #FFFFFF;\">12\/01\/2023<\/td><td style=\"color: #666666; background-color: #FFFFFF;\">Disp\u00f5e sobre da autoriza\u00e7\u00e3o de cursos do Centro de Estudo e Pesquisa Ciranda da Arte, localizado em Goi\u00e2nia\/GO e d\u00e1 outras provid\u00eancias.<\/td><td style=\"color: #0000FF; background-color: #FFFFFF;text-decoration: underline;\"><a href=\"https:\/\/goias.gov.br\/cee\/wp-content\/uploads\/sites\/20\/2023\/10\/2023-3-cep-resolucao.pdf\" target=\"_blank\">ABRIR<\/a><\/td><td style=\"color: #000000; background-color: #FFFFFF;\"><\/td><\/tr><tr><td style=\"color: #666666; background-color: #FFFFFF;\">Resolu\u00e7\u00e3o<\/td><td style=\"color: #666666; background-color: #FFFFFF;\">C\u00e2mara de Educa\u00e7\u00e3o Profissional<\/td><td style=\"color: #666666; background-color: #FFFFFF;\">04\/2023<\/td><td style=\"color: #666666; background-color: #FFFFFF;\">19\/01\/2023<\/td><td style=\"color: #666666; background-color: #FFFFFF;\">Disp\u00f5e sobre o credenciamento e autoriza\u00e7\u00e3o do Curso T\u00e9cnico em Enfermagem, da Faculdade Evang\u00e9lica e Col\u00e9gio Educativo, em Goi\u00e2nia\/GO, e d\u00e1 outras provid\u00eancias.\n<\/td><td style=\"color: #0000FF; background-color: #FFFFFF;text-decoration: underline;\"><a href=\"https:\/\/goias.gov.br\/cee\/wp-content\/uploads\/sites\/20\/2023\/10\/2023-4-cep-resolucao.pdf\" target=\"_blank\">ABRIR<\/a><\/td><td style=\"color: #000000; background-color: #FFFFFF;\"><\/td><\/tr><tr><td style=\"color: #666666; background-color: #FFFFFF;\">Resolu\u00e7\u00e3o<\/td><td style=\"color: #666666; background-color: #FFFFFF;\">C\u00e2mara de Educa\u00e7\u00e3o Profissional<\/td><td style=\"color: #666666; background-color: #FFFFFF;\">05\/2023<\/td><td style=\"color: #666666; background-color: #FFFFFF;\">19\/01\/2023<\/td><td style=\"color: #666666; background-color: #FFFFFF;\">Disp\u00f5e sobre a autoriza\u00e7\u00e3o para emiss\u00e3o de diplomas dos alunos concluintes do Curso T\u00e9cnico em Log\u00edstica\/EaD oferecido pelo Col\u00e9gio Tecnol\u00f3gico do Estado de Goi\u00e1s Governador Onofre Quinan, localizado em An\u00e1polis\/GO e d\u00e1 outras provid\u00eancias.<\/td><td style=\"color: #0000FF; background-color: #FFFFFF;text-decoration: underline;\"><a href=\"https:\/\/goias.gov.br\/cee\/wp-content\/uploads\/sites\/20\/2023\/10\/2023-5-cep-resolucao.pdf\" target=\"_blank\">ABRIR<\/a><\/td><td style=\"color: #000000; background-color: #FFFFFF;\"><\/td><\/tr><tr><td style=\"color: #666666; background-color: #FFFFFF;\">Resolu\u00e7\u00e3o<\/td><td style=\"color: #666666; background-color: #FFFFFF;\">C\u00e2mara de Educa\u00e7\u00e3o Profissional<\/td><td style=\"color: #666666; background-color: #FFFFFF;\">06\/2023<\/td><td style=\"color: #666666; background-color: #FFFFFF;\">19\/01\/2023<\/td><td style=\"color: #666666; background-color: #FFFFFF;\">Disp\u00f5e sobre a autoriza\u00e7\u00e3o para emiss\u00e3o de diplomas dos alunos concluintes do Curso T\u00e9cnico em Qualidade\/EaD oferecido pelo Col\u00e9gio Tecnol\u00f3gico do Estado de Goi\u00e1s Aguinaldo de Campos Netto, localizado em Catal\u00e3o\/GO e d\u00e1 outras provid\u00eancias.\n<\/td><td style=\"color: #0000FF; background-color: #FFFFFF;text-decoration: underline;\"><a href=\"https:\/\/goias.gov.br\/cee\/wp-content\/uploads\/sites\/20\/2023\/10\/2023-6-cep-resolucao.pdf\" target=\"_blank\">ABRIR<\/a><\/td><td style=\"color: #000000; background-color: #FFFFFF;\"><\/td><\/tr><tr><td style=\"color: #666666; background-color: #FFFFFF;\">Resolu\u00e7\u00e3o<\/td><td style=\"color: #666666; background-color: #FFFFFF;\">C\u00e2mara de Educa\u00e7\u00e3o Profissional<\/td><td style=\"color: #666666; background-color: #FFFFFF;\">07\/2023<\/td><td style=\"color: #666666; background-color: #FFFFFF;\">19\/01\/2023<\/td><td style=\"color: #666666; background-color: #FFFFFF;\">Disp\u00f5e sobre a autoriza\u00e7\u00e3o para emiss\u00e3o de diplomas dos alunos concluintes do Curso T\u00e9cnico em Recursos Humanos EaD, oferecido pelo Col\u00e9gio Tecnol\u00f3gico do Estado de Goi\u00e1s Aguinaldo de Campos Netto, localizado em Catal\u00e3o\/GO e d\u00e1 outras provid\u00eancias.<\/td><td style=\"color: #0000FF; background-color: #FFFFFF;text-decoration: underline;\"><a href=\"https:\/\/goias.gov.br\/cee\/wp-content\/uploads\/sites\/20\/2023\/10\/2023-7-cep-resolucao.pdf\" target=\"_blank\">ABRIR<\/a><\/td><td style=\"color: #000000; background-color: #FFFFFF;\"><\/td><\/tr><tr><td style=\"color: #666666; background-color: #FFFFFF;\">Resolu\u00e7\u00e3o<\/td><td style=\"color: #666666; background-color: #FFFFFF;\">C\u00e2mara de Educa\u00e7\u00e3o Profissional<\/td><td style=\"color: #666666; background-color: #FFFFFF;\">08\/2023<\/td><td style=\"color: #666666; background-color: #FFFFFF;\">19\/01\/2023<\/td><td style=\"color: #666666; background-color: #FFFFFF;\">Disp\u00f5e sobre a autoriza\u00e7\u00e3o para emiss\u00e3o de diplomas dos alunos concluintes do Curso T\u00e9cnico em Recursos Humanos\/EaD oferecido pelo Col\u00e9gio Tecnol\u00f3gico do Estado de Goi\u00e1s Sebasti\u00e3o de Siqueira, localizado em Goi\u00e2nia\/GO e d\u00e1 outras provid\u00eancias.\n<\/td><td style=\"color: #0000FF; background-color: #FFFFFF;text-decoration: underline;\"><a href=\"https:\/\/goias.gov.br\/cee\/wp-content\/uploads\/sites\/20\/2023\/10\/2023-8-cep-resolucao.pdf\" target=\"_blank\">ABRIR<\/a><\/td><td style=\"color: #000000; background-color: #FFFFFF;\"><\/td><\/tr><tr><td style=\"color: #666666; background-color: #FFFFFF;\">Resolu\u00e7\u00e3o<\/td><td style=\"color: #666666; background-color: #FFFFFF;\">C\u00e2mara de Educa\u00e7\u00e3o Profissional<\/td><td style=\"color: #666666; background-color: #FFFFFF;\">09\/2023<\/td><td style=\"color: #666666; background-color: #FFFFFF;\">19\/01\/2023<\/td><td style=\"color: #666666; background-color: #FFFFFF;\">Disp\u00f5e sobre a autoriza\u00e7\u00e3o para emiss\u00e3o de diplomas dos alunos concluintes do Curso T\u00e9cnico em Recursos Humanos oferecido pelo Col\u00e9gio Tecnol\u00f3gico do Estado de Goi\u00e1s Padre Ant\u00f4nio V\u00e9rmey, localizado em Palmeiras de Goi\u00e1s\/GO e d\u00e1 outras provid\u00eancias.<\/td><td style=\"color: #0000FF; background-color: #FFFFFF;text-decoration: underline;\"><a href=\"https:\/\/goias.gov.br\/cee\/wp-content\/uploads\/sites\/20\/2023\/10\/2023-9-cep-resolucao.pdf\" target=\"_blank\">ABRIR<\/a><\/td><td style=\"color: #000000; background-color: #FFFFFF;\"><\/td><\/tr><tr><td style=\"color: #666666; background-color: #FFFFFF;\">Resolu\u00e7\u00e3o<\/td><td style=\"color: #666666; background-color: #FFFFFF;\">C\u00e2mara de Educa\u00e7\u00e3o Profissional<\/td><td style=\"color: #666666; background-color: #FFFFFF;\">10\/2023<\/td><td style=\"color: #666666; background-color: #FFFFFF;\">19\/01\/2023<\/td><td style=\"color: #666666; background-color: #FFFFFF;\">Disp\u00f5e sobre a autoriza\u00e7\u00e3o para emiss\u00e3o de diplomas dos alunos concluintes do Curso T\u00e9cnico em Agroneg\u00f3cio oferecido pelo Col\u00e9gio Tecnol\u00f3gico do Estado de Goi\u00e1s Luiz Humberto de Menezes, localizado em Santa Helena\/GO e d\u00e1 outras provid\u00eancias.<\/td><td style=\"color: #0000FF; background-color: #FFFFFF;text-decoration: underline;\"><a href=\"https:\/\/goias.gov.br\/cee\/wp-content\/uploads\/sites\/20\/2023\/10\/2023-10-cep-resolucao.pdf\" target=\"_blank\">ABRIR<\/a><\/td><td style=\"color: #000000; background-color: #FFFFFF;\"><\/td><\/tr><tr><td style=\"color: #666666; background-color: #FFFFFF;\">Resolu\u00e7\u00e3o<\/td><td style=\"color: #666666; background-color: #FFFFFF;\">C\u00e2mara de Educa\u00e7\u00e3o Profissional<\/td><td style=\"color: #666666; background-color: #FFFFFF;\">11\/2023<\/td><td style=\"color: #666666; background-color: #FFFFFF;\">19\/01\/2023<\/td><td style=\"color: #666666; background-color: #FFFFFF;\">Disp\u00f5e sobre a autoriza\u00e7\u00e3o para emiss\u00e3o de diplomas dos alunos concluintes do Curso T\u00e9cnico em Agroneg\u00f3cio EaD do Col\u00e9gio Tecnol\u00f3gico do Estado de Goi\u00e1s Luiz Humberto de Menezes, localizado em Santa Helena de Goi\u00e1s\/GO e d\u00e1 outras provid\u00eancias.\n<\/td><td style=\"color: #0000FF; background-color: #FFFFFF;text-decoration: underline;\"><a href=\"https:\/\/goias.gov.br\/cee\/wp-content\/uploads\/sites\/20\/2023\/10\/2023-11-cep-resolucao.pdf\" target=\"_blank\">ABRIR<\/a><\/td><td style=\"color: #000000; background-color: #FFFFFF;\"><\/td><\/tr><tr><td style=\"color: #666666; background-color: #FFFFFF;\">Resolu\u00e7\u00e3o<\/td><td style=\"color: #666666; background-color: #FFFFFF;\">C\u00e2mara de Educa\u00e7\u00e3o Profissional<\/td><td style=\"color: #666666; background-color: #FFFFFF;\">12\/2023<\/td><td style=\"color: #666666; background-color: #FFFFFF;\">19\/01\/2023<\/td><td style=\"color: #666666; background-color: #FFFFFF;\">Disp\u00f5e sobre a amplia\u00e7\u00e3o do n\u00famero de vagas do curso T\u00e9cnico em Enfermagem da Faculdade Cat\u00f3lica de An\u00e1polis, An\u00e1polis\/GO e d\u00e1 outras provid\u00eancias.<\/td><td style=\"color: #0000FF; background-color: #FFFFFF;text-decoration: underline;\"><a href=\"https:\/\/goias.gov.br\/cee\/wp-content\/uploads\/sites\/20\/2023\/10\/2023-12-cep-resolucao.pdf\" target=\"_blank\">ABRIR<\/a><\/td><td style=\"color: #000000; background-color: #FFFFFF;\"><\/td><\/tr><tr><td style=\"color: #666666; background-color: #FFFFFF;\">Resolu\u00e7\u00e3o<\/td><td style=\"color: #666666; background-color: #FFFFFF;\">C\u00e2mara de Educa\u00e7\u00e3o Profissional<\/td><td style=\"color: #666666; background-color: #FFFFFF;\">13\/2023<\/td><td style=\"color: #666666; background-color: #FFFFFF;\">26\/01\/2023<\/td><td style=\"color: #666666; background-color: #FFFFFF;\">Disp\u00f5e sobre a autoriza\u00e7\u00e3o para emiss\u00e3o de diplomas dos alunos concluintes do Curso T\u00e9cnico em Qualidade\/EaD do Col\u00e9gio Tecnol\u00f3gico do Estado de Goi\u00e1s Padre Ant\u00f4nio Vermey, localizado em Palmeiras de Goi\u00e1s\/GO e d\u00e1 outras provid\u00eancias.<\/td><td style=\"color: #0000FF; background-color: #FFFFFF;text-decoration: underline;\"><a href=\"https:\/\/goias.gov.br\/cee\/wp-content\/uploads\/sites\/20\/2023\/10\/2023-13-cep-resolucao.pdf\" target=\"_blank\">ABRIR<\/a><\/td><td style=\"color: #000000; background-color: #FFFFFF;\"><\/td><\/tr><tr><td style=\"color: #666666; background-color: #FFFFFF;\">Resolu\u00e7\u00e3o<\/td><td style=\"color: #666666; background-color: #FFFFFF;\">C\u00e2mara de Educa\u00e7\u00e3o Profissional<\/td><td style=\"color: #666666; background-color: #FFFFFF;\">14\/2023<\/td><td style=\"color: #666666; background-color: #FFFFFF;\">26\/01\/2023<\/td><td style=\"color: #666666; background-color: #FFFFFF;\">Disp\u00f5e sobre a autoriza\u00e7\u00e3o para emiss\u00e3o de diplomas dos alunos concluintes do Curso T\u00e9cnico em Produ\u00e7\u00e3o de Moda\/EaD do Col\u00e9gio Tecnol\u00f3gico do Estado de Goi\u00e1s Celso Monteiro Furtado, localizado em Uruana\/GO - Unidade descentralizada de Itapuranga e d\u00e1 outras provid\u00eancias.<\/td><td style=\"color: #0000FF; background-color: #FFFFFF;text-decoration: underline;\"><a href=\"https:\/\/goias.gov.br\/cee\/wp-content\/uploads\/sites\/20\/2023\/10\/2023-14-cep-resolucao.pdf\" target=\"_blank\">ABRIR<\/a><\/td><td style=\"color: #000000; background-color: #FFFFFF;\"><\/td><\/tr><tr><td style=\"color: #666666; background-color: #FFFFFF;\">Resolu\u00e7\u00e3o<\/td><td style=\"color: #666666; background-color: #FFFFFF;\">C\u00e2mara de Educa\u00e7\u00e3o Profissional<\/td><td style=\"color: #666666; background-color: #FFFFFF;\">15\/2023<\/td><td style=\"color: #666666; background-color: #FFFFFF;\">26\/01\/2023<\/td><td style=\"color: #666666; background-color: #FFFFFF;\">Disp\u00f5e sobre a autoriza\u00e7\u00e3o para emiss\u00e3o de diplomas dos alunos concluintes do Curso T\u00e9cnico em Enfermagem do Col\u00e9gio Tecnol\u00f3gico do Estado de Goi\u00e1s Goiandira Ayres do Couto, localizado na Cidade de Goi\u00e1s\/GO e d\u00e1 outras provid\u00eancias.\n<\/td><td style=\"color: #0000FF; background-color: #FFFFFF;text-decoration: underline;\"><a href=\"https:\/\/goias.gov.br\/cee\/wp-content\/uploads\/sites\/20\/2023\/10\/2023-15-cep-resolucao.pdf\" target=\"_blank\">ABRIR<\/a><\/td><td style=\"color: #000000; background-color: #FFFFFF;\"><\/td><\/tr><tr><td style=\"color: #666666; background-color: #FFFFFF;\">Resolu\u00e7\u00e3o<\/td><td style=\"color: #666666; background-color: #FFFFFF;\">C\u00e2mara de Educa\u00e7\u00e3o Profissional<\/td><td style=\"color: #666666; background-color: #FFFFFF;\">16\/2023<\/td><td style=\"color: #666666; background-color: #FFFFFF;\">26\/01\/2023<\/td><td style=\"color: #666666; background-color: #FFFFFF;\">Disp\u00f5e sobre a autoriza\u00e7\u00e3o para emiss\u00e3o de diplomas dos alunos concluintes do Curso T\u00e9cnico em Produ\u00e7\u00e3o de Moda\/EaD do Col\u00e9gio Tecnol\u00f3gico do Estado de Goi\u00e1s Celso Monteiro Furtado , localizado em Uruana\/GO - Unidade descentralizada de Taquaral\/GO e d\u00e1 outras provid\u00eancias.\n<\/td><td style=\"color: #0000FF; background-color: #FFFFFF;text-decoration: underline;\"><a href=\"https:\/\/goias.gov.br\/cee\/wp-content\/uploads\/sites\/20\/2023\/10\/2023-16-cep-resolucao.pdf\" target=\"_blank\">ABRIR<\/a><\/td><td style=\"color: #000000; background-color: #FFFFFF;\"><\/td><\/tr><tr><td style=\"color: #666666; background-color: #FFFFFF;\">Resolu\u00e7\u00e3o<\/td><td style=\"color: #666666; background-color: #FFFFFF;\">C\u00e2mara de Educa\u00e7\u00e3o Profissional<\/td><td style=\"color: #666666; background-color: #FFFFFF;\">17\/2023<\/td><td style=\"color: #666666; background-color: #FFFFFF;\">26\/01\/2023<\/td><td style=\"color: #666666; background-color: #FFFFFF;\">Disp\u00f5e sobre a autoriza\u00e7\u00e3o para emiss\u00e3o de diplomas dos alunos concluintes do Curso T\u00e9cnico em Agroneg\u00f3cio do Col\u00e9gio Tecnol\u00f3gico do Estado de Goi\u00e1s Celso Monteiro Furtado , localizado em Uruana\/GO e d\u00e1 outras provid\u00eancias.<\/td><td style=\"color: #0000FF; background-color: #FFFFFF;text-decoration: underline;\"><a href=\"https:\/\/goias.gov.br\/cee\/wp-content\/uploads\/sites\/20\/2023\/10\/2023-17-cep-resolucao.pdf\" target=\"_blank\">ABRIR<\/a><\/td><td style=\"color: #000000; background-color: #FFFFFF;\"><\/td><\/tr><tr><td style=\"color: #666666; background-color: #FFFFFF;\">Resolu\u00e7\u00e3o<\/td><td style=\"color: #666666; background-color: #FFFFFF;\">C\u00e2mara de Educa\u00e7\u00e3o Profissional<\/td><td style=\"color: #666666; background-color: #FFFFFF;\">18\/2023<\/td><td style=\"color: #666666; background-color: #FFFFFF;\">26\/01\/2023<\/td><td style=\"color: #666666; background-color: #FFFFFF;\">Disp\u00f5e sobre a autoriza\u00e7\u00e3o para emiss\u00e3o de diplomas dos alunos concluintes do Curso T\u00e9cnico em Agroneg\u00f3cio do Col\u00e9gio Tecnol\u00f3gico do Estado de Goi\u00e1s Celso Monteiro Furtado, localizado em Uruana\/GO - Unidade Descentralizada de Itapuranga\/GO e d\u00e1 outras provid\u00eancias.\n<\/td><td style=\"color: #0000FF; background-color: #FFFFFF;text-decoration: underline;\"><a href=\"https:\/\/goias.gov.br\/cee\/wp-content\/uploads\/sites\/20\/2023\/10\/2023-18-cep-resolucao.pdf\" target=\"_blank\">ABRIR<\/a><\/td><td style=\"color: #000000; background-color: #FFFFFF;\"><\/td><\/tr><tr><td style=\"color: #666666; background-color: #FFFFFF;\">Resolu\u00e7\u00e3o<\/td><td style=\"color: #666666; background-color: #FFFFFF;\">C\u00e2mara de Educa\u00e7\u00e3o Profissional<\/td><td style=\"color: #666666; background-color: #FFFFFF;\">19\/2023<\/td><td style=\"color: #666666; background-color: #FFFFFF;\">26\/01\/2023<\/td><td style=\"color: #666666; background-color: #FFFFFF;\">Disp\u00f5e sobre a autoriza\u00e7\u00e3o para emiss\u00e3o de diplomas dos alunos concluintes do Curso T\u00e9cnico em Zootecnia do Col\u00e9gio Tecnol\u00f3gico do Estado de Goi\u00e1s Maria Sebastiana da Silva, localizado em Porangatu\/GO e d\u00e1 outras provid\u00eancias.\n<\/td><td style=\"color: #0000FF; background-color: #FFFFFF;text-decoration: underline;\"><a href=\"https:\/\/goias.gov.br\/cee\/wp-content\/uploads\/sites\/20\/2023\/10\/2023-19-cep-resolucao.pdf\" target=\"_blank\">ABRIR<\/a><\/td><td style=\"color: #000000; background-color: #FFFFFF;\"><\/td><\/tr><tr><td style=\"color: #666666; background-color: #FFFFFF;\">Resolu\u00e7\u00e3o<\/td><td style=\"color: #666666; background-color: #FFFFFF;\">C\u00e2mara de Educa\u00e7\u00e3o Profissional<\/td><td style=\"color: #666666; background-color: #FFFFFF;\">20\/2023<\/td><td style=\"color: #666666; background-color: #FFFFFF;\">26\/01\/2023<\/td><td style=\"color: #666666; background-color: #FFFFFF;\">Disp\u00f5e sobre a autoriza\u00e7\u00e3o para emiss\u00e3o de diplomas dos alunos concluintes do Curso T\u00e9cnico em minera\u00e7\u00e3o do Col\u00e9gio Tecnol\u00f3gico do Estado de Goi\u00e1s Aguinaldo Campos Netto, localizado em Catal\u00e3o\/GO e d\u00e1 outras provid\u00eancias.\n<\/td><td style=\"color: #0000FF; background-color: #FFFFFF;text-decoration: underline;\"><a href=\"https:\/\/goias.gov.br\/cee\/wp-content\/uploads\/sites\/20\/2023\/10\/2023-20-cep-resolucao.pdf\" target=\"_blank\">ABRIR<\/a><\/td><td style=\"color: #000000; background-color: #FFFFFF;\"><\/td><\/tr><tr><td style=\"color: #666666; background-color: #FFFFFF;\">Resolu\u00e7\u00e3o<\/td><td style=\"color: #666666; background-color: #FFFFFF;\">C\u00e2mara de Educa\u00e7\u00e3o Profissional<\/td><td style=\"color: #666666; background-color: #FFFFFF;\">21\/2023<\/td><td style=\"color: #666666; background-color: #FFFFFF;\">02\/02\/2023<\/td><td style=\"color: #666666; background-color: #FFFFFF;\">Disp\u00f5e sobre o credenciamento e autoriza\u00e7\u00e3o do Curso T\u00e9cnico em Enfermagem do Instituto Educacional Tecnol\u00f3gico de Cursos, localizado em Rio Verde\/GO e d\u00e1 outras provid\u00eancias.\n<\/td><td style=\"color: #0000FF; background-color: #FFFFFF;text-decoration: underline;\"><a href=\"https:\/\/goias.gov.br\/cee\/wp-content\/uploads\/sites\/20\/2023\/10\/2023-21-cep-resolucao.pdf\" target=\"_blank\">ABRIR<\/a><\/td><td style=\"color: #000000; background-color: #FFFFFF;\"><\/td><\/tr><tr><td style=\"color: #666666; background-color: #FFFFFF;\">Resolu\u00e7\u00e3o<\/td><td style=\"color: #666666; background-color: #FFFFFF;\">C\u00e2mara de Educa\u00e7\u00e3o Profissional<\/td><td style=\"color: #666666; background-color: #FFFFFF;\">22\/2023<\/td><td style=\"color: #666666; background-color: #FFFFFF;\">02\/02\/2023<\/td><td style=\"color: #666666; background-color: #FFFFFF;\">Disp\u00f5e sobre a autoriza\u00e7\u00e3o do Curso T\u00e9cnico em Administra\u00e7\u00e3o do Educacional Cursos, localizado em Luzi\u00e2nia\/GO e d\u00e1 outras provid\u00eancias.\n<\/td><td style=\"color: #0000FF; background-color: #FFFFFF;text-decoration: underline;\"><a href=\"https:\/\/goias.gov.br\/cee\/wp-content\/uploads\/sites\/20\/2023\/10\/2023-22-cep-resolucao.pdf\" target=\"_blank\">ABRIR<\/a><\/td><td style=\"color: #000000; background-color: #FFFFFF;\"><\/td><\/tr><tr><td style=\"color: #666666; background-color: #FFFFFF;\">Resolu\u00e7\u00e3o<\/td><td style=\"color: #666666; background-color: #FFFFFF;\">C\u00e2mara de Educa\u00e7\u00e3o Profissional<\/td><td style=\"color: #666666; background-color: #FFFFFF;\">23\/2023<\/td><td style=\"color: #666666; background-color: #FFFFFF;\">02\/02\/2023<\/td><td style=\"color: #666666; background-color: #FFFFFF;\">Disp\u00f5e sobre a autoriza\u00e7\u00e3o para emiss\u00e3o de diplomas dos alunos concluintes do Curso T\u00e9cnico em Administra\u00e7\u00e3o do Col\u00e9gio Tecnol\u00f3gico do Estado de Goi\u00e1s Luiz Humberto de Menezes, localizado em Santa Helena\/GO e d\u00e1 outras provid\u00eancias.<\/td><td style=\"color: #0000FF; background-color: #FFFFFF;text-decoration: underline;\"><a href=\"https:\/\/goias.gov.br\/cee\/wp-content\/uploads\/sites\/20\/2023\/10\/2023-23-cep-resolucao.pdf\" target=\"_blank\">ABRIR<\/a><\/td><td style=\"color: #000000; background-color: #FFFFFF;\"><\/td><\/tr><tr><td style=\"color: #666666; background-color: #FFFFFF;\">Resolu\u00e7\u00e3o<\/td><td style=\"color: #666666; background-color: #FFFFFF;\">C\u00e2mara de Educa\u00e7\u00e3o Profissional<\/td><td style=\"color: #666666; background-color: #FFFFFF;\">24\/2023<\/td><td style=\"color: #666666; background-color: #FFFFFF;\">02\/02\/2023<\/td><td style=\"color: #666666; background-color: #FFFFFF;\">Disp\u00f5e sobre a autoriza\u00e7\u00e3o para emiss\u00e3o de diplomas dos alunos concluintes do Curso T\u00e9cnico em Recursos Humanos do Col\u00e9gio Tecnol\u00f3gico do Estado de Goi\u00e1s Celso Monteiro Furtado, localizado em Uruana\/GO e d\u00e1 outras provid\u00eancias.\n<\/td><td style=\"color: #0000FF; background-color: #FFFFFF;text-decoration: underline;\"><a href=\"https:\/\/goias.gov.br\/cee\/wp-content\/uploads\/sites\/20\/2023\/10\/2023-24-cep-resolucao.pdf\" target=\"_blank\">ABRIR<\/a><\/td><td style=\"color: #000000; background-color: #FFFFFF;\"><\/td><\/tr><tr><td style=\"color: #666666; background-color: #FFFFFF;\">Resolu\u00e7\u00e3o<\/td><td style=\"color: #666666; background-color: #FFFFFF;\">C\u00e2mara de Educa\u00e7\u00e3o Profissional<\/td><td style=\"color: #666666; background-color: #FFFFFF;\">25\/2023<\/td><td style=\"color: #666666; background-color: #FFFFFF;\">02\/02\/2023<\/td><td style=\"color: #666666; background-color: #FFFFFF;\">Disp\u00f5e sobre a autoriza\u00e7\u00e3o para emiss\u00e3o de diplomas dos alunos concluintes do Curso T\u00e9cnico em Administra\u00e7\u00e3o do Col\u00e9gio Tecnol\u00f3gico do Estado de Goi\u00e1s Luiz Humberto de Menezes, localizado em Santa Helena\/GO - Unidade descentralizada de Cachoeira Alta e d\u00e1 outras provid\u00eancias.\n<\/td><td style=\"color: #0000FF; background-color: #FFFFFF;text-decoration: underline;\"><a href=\"https:\/\/goias.gov.br\/cee\/wp-content\/uploads\/sites\/20\/2023\/10\/2023-25-cep-resolucao.pdf\" target=\"_blank\">ABRIR<\/a><\/td><td style=\"color: #000000; background-color: #FFFFFF;\"><\/td><\/tr><tr><td style=\"color: #666666; background-color: #FFFFFF;\">Resolu\u00e7\u00e3o<\/td><td style=\"color: #666666; background-color: #FFFFFF;\">C\u00e2mara de Educa\u00e7\u00e3o Profissional<\/td><td style=\"color: #666666; background-color: #FFFFFF;\">26\/2023<\/td><td style=\"color: #666666; background-color: #FFFFFF;\">09\/02\/2023<\/td><td style=\"color: #666666; background-color: #FFFFFF;\">Disp\u00f5e sobre a autoriza\u00e7\u00e3o para emiss\u00e3o de diploma do aluno concluinte do Curso T\u00e9cnico em Log\u00edstica do Col\u00e9gio Tecnol\u00f3gico Padre Ant\u00f4nio Vermey, localizado em Palmeiras de Goi\u00e1s\/GO e d\u00e1 outras provid\u00eancias.<\/td><td style=\"color: #0000FF; background-color: #FFFFFF;text-decoration: underline;\"><a href=\"https:\/\/goias.gov.br\/cee\/wp-content\/uploads\/sites\/20\/2023\/10\/2023-26-cep-resolucao.pdf\" target=\"_blank\">ABRIR<\/a><\/td><td style=\"color: #000000; background-color: #FFFFFF;\"><\/td><\/tr><tr><td style=\"color: #666666; background-color: #FFFFFF;\">Resolu\u00e7\u00e3o<\/td><td style=\"color: #666666; background-color: #FFFFFF;\">C\u00e2mara de Educa\u00e7\u00e3o Profissional<\/td><td style=\"color: #666666; background-color: #FFFFFF;\">27\/2023<\/td><td style=\"color: #666666; background-color: #FFFFFF;\">09\/02\/2023<\/td><td style=\"color: #666666; background-color: #FFFFFF;\">Disp\u00f5e sobre a autoriza\u00e7\u00e3o para emiss\u00e3o de diplomas dos alunos concluintes do Curso T\u00e9cnico em Log\u00edstica do Col\u00e9gio Tecnol\u00f3gico do Estado de Goi\u00e1s Luiz Humberto de Menezes, localizado em Santa Helena de Goi\u00e1s\/GO e d\u00e1 outras provid\u00eancias.\n<\/td><td style=\"color: #0000FF; background-color: #FFFFFF;text-decoration: underline;\"><a href=\"https:\/\/goias.gov.br\/cee\/wp-content\/uploads\/sites\/20\/2023\/10\/2023-27-cep-resolucao.pdf\" target=\"_blank\">ABRIR<\/a><\/td><td style=\"color: #000000; background-color: #FFFFFF;\"><\/td><\/tr><tr><td style=\"color: #666666; background-color: #FFFFFF;\">Resolu\u00e7\u00e3o<\/td><td style=\"color: #666666; background-color: #FFFFFF;\">C\u00e2mara de Educa\u00e7\u00e3o Profissional<\/td><td style=\"color: #666666; background-color: #FFFFFF;\">28\/2023<\/td><td style=\"color: #666666; background-color: #FFFFFF;\">09\/02\/2023<\/td><td style=\"color: #666666; background-color: #FFFFFF;\">Disp\u00f5e sobre a autoriza\u00e7\u00e3o para emiss\u00e3o de diplomas dos alunos concluintes do Curso T\u00e9cnico em Administra\u00e7\u00e3o da Escola do Futuro do Estado de Goi\u00e1s Jos\u00e9 Luiz Bittencourt , localizado em Goi\u00e2nia\/GO e d\u00e1 outras provid\u00eancias.\n<\/td><td style=\"color: #0000FF; background-color: #FFFFFF;text-decoration: underline;\"><a href=\"https:\/\/goias.gov.br\/cee\/wp-content\/uploads\/sites\/20\/2023\/10\/2023-28-cep-resolucao.pdf\" target=\"_blank\">ABRIR<\/a><\/td><td style=\"color: #000000; background-color: #FFFFFF;\"><\/td><\/tr><tr><td style=\"color: #666666; background-color: #FFFFFF;\">Resolu\u00e7\u00e3o<\/td><td style=\"color: #666666; background-color: #FFFFFF;\">C\u00e2mara de Educa\u00e7\u00e3o Profissional<\/td><td style=\"color: #666666; background-color: #FFFFFF;\">29\/2023<\/td><td style=\"color: #666666; background-color: #FFFFFF;\">09\/02\/2023<\/td><td style=\"color: #666666; background-color: #FFFFFF;\">Disp\u00f5e sobre a autoriza\u00e7\u00e3o para emiss\u00e3o de diplomas dos alunos concluintes do Curso T\u00e9cnico em Inform\u00e1tica da Escola do Futuro do Estado de Goi\u00e1s Jos\u00e9 Luiz Bittencourt , localizado em Goi\u00e2nia\/GO e d\u00e1 outras provid\u00eancias.<\/td><td style=\"color: #0000FF; background-color: #FFFFFF;text-decoration: underline;\"><a href=\"https:\/\/goias.gov.br\/cee\/wp-content\/uploads\/sites\/20\/2023\/10\/2023-29-cep-resolucao.pdf\" target=\"_blank\">ABRIR<\/a><\/td><td style=\"color: #000000; background-color: #FFFFFF;\"><\/td><\/tr><tr><td style=\"color: #666666; background-color: #FFFFFF;\">Resolu\u00e7\u00e3o<\/td><td style=\"color: #666666; background-color: #FFFFFF;\">C\u00e2mara de Educa\u00e7\u00e3o Profissional<\/td><td style=\"color: #666666; background-color: #FFFFFF;\">30\/2023<\/td><td style=\"color: #666666; background-color: #FFFFFF;\">09\/02\/2023<\/td><td style=\"color: #666666; background-color: #FFFFFF;\">Disp\u00f5e sobre a autoriza\u00e7\u00e3o para emiss\u00e3o de diplomas dos alunos concluintes do Curso T\u00e9cnico em Seguran\u00e7a do Trabalho da Escola do Futuro do Estado de Goi\u00e1s Jos\u00e9 Luiz Bittencourt , localizado em Goi\u00e2nia\/GO e d\u00e1 outras provid\u00eancias.\n<\/td><td style=\"color: #0000FF; background-color: #FFFFFF;text-decoration: underline;\"><a href=\"https:\/\/goias.gov.br\/cee\/wp-content\/uploads\/sites\/20\/2023\/10\/2023-30-cep-resolucao.pdf\" target=\"_blank\">ABRIR<\/a><\/td><td style=\"color: #000000; background-color: #FFFFFF;\"><\/td><\/tr><tr><td style=\"color: #666666; background-color: #FFFFFF;\">Resolu\u00e7\u00e3o<\/td><td style=\"color: #666666; background-color: #FFFFFF;\">C\u00e2mara de Educa\u00e7\u00e3o Profissional<\/td><td style=\"color: #666666; background-color: #FFFFFF;\">31\/2023<\/td><td style=\"color: #666666; background-color: #FFFFFF;\">09\/02\/2023<\/td><td style=\"color: #666666; background-color: #FFFFFF;\">Disp\u00f5e sobre a autoriza\u00e7\u00e3o para emiss\u00e3o de diplomas dos alunos concluintes do Curso T\u00e9cnico em Secretariado da Escola do Futuro do Estado de Goi\u00e1s Jos\u00e9 Luiz Bittencourt , localizado em Goi\u00e2nia\/GO e d\u00e1 outras provid\u00eancias.\n<\/td><td style=\"color: #0000FF; background-color: #FFFFFF;text-decoration: underline;\"><a href=\"https:\/\/goias.gov.br\/cee\/wp-content\/uploads\/sites\/20\/2023\/10\/2023-31-cep-resolucao.pdf\" target=\"_blank\">ABRIR<\/a><\/td><td style=\"color: #000000; background-color: #FFFFFF;\"><\/td><\/tr><tr><td style=\"color: #666666; background-color: #FFFFFF;\">Resolu\u00e7\u00e3o<\/td><td style=\"color: #666666; background-color: #FFFFFF;\">C\u00e2mara de Educa\u00e7\u00e3o Profissional<\/td><td style=\"color: #666666; background-color: #FFFFFF;\">32\/2023<\/td><td style=\"color: #666666; background-color: #FFFFFF;\">09\/02\/2023<\/td><td style=\"color: #666666; background-color: #FFFFFF;\">Disp\u00f5e sobre a autoriza\u00e7\u00e3o para emiss\u00e3o de diplomas dos alunos concluintes do Curso T\u00e9cnico em Redes de Computadores da Escola do Futuro do Estado de Goi\u00e1s Jos\u00e9 Luiz Rassi , localizada em Aparecida de Goi\u00e2nia\/GO e d\u00e1 outras provid\u00eancias.<\/td><td style=\"color: #0000FF; background-color: #FFFFFF;text-decoration: underline;\"><a href=\"https:\/\/goias.gov.br\/cee\/wp-content\/uploads\/sites\/20\/2023\/10\/2023-32-cep-resolucao.pdf\" target=\"_blank\">ABRIR<\/a><\/td><td style=\"color: #000000; background-color: #FFFFFF;\"><\/td><\/tr><tr><td style=\"color: #666666; background-color: #FFFFFF;\">Resolu\u00e7\u00e3o<\/td><td style=\"color: #666666; background-color: #FFFFFF;\">C\u00e2mara de Educa\u00e7\u00e3o Profissional<\/td><td style=\"color: #666666; background-color: #FFFFFF;\">33\/2023<\/td><td style=\"color: #666666; background-color: #FFFFFF;\">09\/02\/2023<\/td><td style=\"color: #666666; background-color: #FFFFFF;\">Disp\u00f5e sobre a autoriza\u00e7\u00e3o para emiss\u00e3o de diplomas dos alunos concluintes do Curso T\u00e9cnico em Redes de Computadores da Escola do Futuro do Estado de Goi\u00e1s Jos\u00e9 Luiz Rassi , localizado em Aparecida de Goi\u00e2nia\/GO e d\u00e1 outras provid\u00eancias.<\/td><td style=\"color: #0000FF; background-color: #FFFFFF;text-decoration: underline;\"><a href=\"https:\/\/goias.gov.br\/cee\/wp-content\/uploads\/sites\/20\/2023\/10\/2023-33-cep-resolucao.pdf\" target=\"_blank\">ABRIR<\/a><\/td><td style=\"color: #000000; background-color: #FFFFFF;\"><\/td><\/tr><tr><td style=\"color: #666666; background-color: #FFFFFF;\">Resolu\u00e7\u00e3o<\/td><td style=\"color: #666666; background-color: #FFFFFF;\">C\u00e2mara de Educa\u00e7\u00e3o Profissional<\/td><td style=\"color: #666666; background-color: #FFFFFF;\">34\/2023<\/td><td style=\"color: #666666; background-color: #FFFFFF;\">09\/02\/2023<\/td><td style=\"color: #666666; background-color: #FFFFFF;\">Disp\u00f5e sobre a autoriza\u00e7\u00e3o para emiss\u00e3o de diplomas dos alunos concluintes do Curso T\u00e9cnico em Log\u00edstica da Escola do Futuro do Estado de Goi\u00e1s Jos\u00e9 Luiz Bittencourt, localizado na unidade descentralizada em Mineiros-GO e d\u00e1 outras provid\u00eancias.\n<\/td><td style=\"color: #0000FF; background-color: #FFFFFF;text-decoration: underline;\"><a href=\"https:\/\/goias.gov.br\/cee\/wp-content\/uploads\/sites\/20\/2023\/10\/2023-34-cep-resolucao.pdf\" target=\"_blank\">ABRIR<\/a><\/td><td style=\"color: #000000; background-color: #FFFFFF;\"><\/td><\/tr><tr><td style=\"color: #666666; background-color: #FFFFFF;\">Resolu\u00e7\u00e3o<\/td><td style=\"color: #666666; background-color: #FFFFFF;\">C\u00e2mara de Educa\u00e7\u00e3o Profissional<\/td><td style=\"color: #666666; background-color: #FFFFFF;\">35\/2023<\/td><td style=\"color: #666666; background-color: #FFFFFF;\">09\/02\/2023<\/td><td style=\"color: #666666; background-color: #FFFFFF;\">Disp\u00f5e sobre a autoriza\u00e7\u00e3o para emiss\u00e3o de diplomas dos alunos concluintes do Curso T\u00e9cnico em Recursos Humanos da Escola do Futuro do Estado de Goi\u00e1s Jos\u00e9 Luiz Bittencourt , localizado em Goi\u00e2nia\/GO e d\u00e1 outras provid\u00eancias.\n<\/td><td style=\"color: #0000FF; background-color: #FFFFFF;text-decoration: underline;\"><a href=\"https:\/\/goias.gov.br\/cee\/wp-content\/uploads\/sites\/20\/2023\/10\/2023-35-cep-resolucao.pdf\" target=\"_blank\">ABRIR<\/a><\/td><td style=\"color: #000000; background-color: #FFFFFF;\"><\/td><\/tr><tr><td style=\"color: #666666; background-color: #FFFFFF;\">Resolu\u00e7\u00e3o<\/td><td style=\"color: #666666; background-color: #FFFFFF;\">C\u00e2mara de Educa\u00e7\u00e3o Profissional<\/td><td style=\"color: #666666; background-color: #FFFFFF;\">36\/2023<\/td><td style=\"color: #666666; background-color: #FFFFFF;\">16\/02\/2023<\/td><td style=\"color: #666666; background-color: #FFFFFF;\">Disp\u00f5e sobre o credenciamento e autoriza\u00e7\u00e3o do curso T\u00e9cnico em Enfermagem da Multiplique Centro de Treinamentos em Goi\u00e2nia\/GO e d\u00e1 outras provid\u00eancias.\n<\/td><td style=\"color: #0000FF; background-color: #FFFFFF;text-decoration: underline;\"><a href=\"https:\/\/goias.gov.br\/cee\/wp-content\/uploads\/sites\/20\/2023\/10\/2023-36-cep-resolucao.pdf\" target=\"_blank\">ABRIR<\/a><\/td><td style=\"color: #000000; background-color: #FFFFFF;\"><\/td><\/tr><tr><td style=\"color: #666666; background-color: #FFFFFF;\">Resolu\u00e7\u00e3o<\/td><td style=\"color: #666666; background-color: #FFFFFF;\">C\u00e2mara de Educa\u00e7\u00e3o Profissional<\/td><td style=\"color: #666666; background-color: #FFFFFF;\">37\/2023<\/td><td style=\"color: #666666; background-color: #FFFFFF;\">16\/02\/2023<\/td><td style=\"color: #666666; background-color: #FFFFFF;\">Disp\u00f5e sobre a autoriza\u00e7\u00e3o para emiss\u00e3o de diplomas dos alunos concluintes do Curso T\u00e9cnico em administra\u00e7\u00e3o da Escola do Futuro do Estado de Goi\u00e1s Jos\u00e9 Luiz Bittencourt , localizado em Goi\u00e2nia\/GO, ofertado na unidade descentralizada em Mineiros e d\u00e1 outras provid\u00eancias.<\/td><td style=\"color: #0000FF; background-color: #FFFFFF;text-decoration: underline;\"><a href=\"https:\/\/goias.gov.br\/cee\/wp-content\/uploads\/sites\/20\/2023\/10\/2023-37-cep-resolucao.pdf\" target=\"_blank\">ABRIR<\/a><\/td><td style=\"color: #000000; background-color: #FFFFFF;\"><\/td><\/tr><tr><td style=\"color: #666666; background-color: #FFFFFF;\">Resolu\u00e7\u00e3o<\/td><td style=\"color: #666666; background-color: #FFFFFF;\">C\u00e2mara de Educa\u00e7\u00e3o Profissional<\/td><td style=\"color: #666666; background-color: #FFFFFF;\">38\/2023<\/td><td style=\"color: #666666; background-color: #FFFFFF;\">16\/02\/2023<\/td><td style=\"color: #666666; background-color: #FFFFFF;\">Disp\u00f5e sobre a autoriza\u00e7\u00e3o para emiss\u00e3o de diplomas dos alunos concluintes do Curso T\u00e9cnico em Administra\u00e7\u00e3o da Escola do Futuro do Estado de Goi\u00e1s Jos\u00e9 Luiz Rassi, localizado em Aparecida de Goi\u00e2nia\/GO e d\u00e1 outras provid\u00eancias.\n<\/td><td style=\"color: #0000FF; background-color: #FFFFFF;text-decoration: underline;\"><a href=\"https:\/\/goias.gov.br\/cee\/wp-content\/uploads\/sites\/20\/2023\/10\/2023-38-cep-resolucao.pdf\" target=\"_blank\">ABRIR<\/a><\/td><td style=\"color: #000000; background-color: #FFFFFF;\"><\/td><\/tr><tr><td style=\"color: #666666; background-color: #FFFFFF;\">Resolu\u00e7\u00e3o<\/td><td style=\"color: #666666; background-color: #FFFFFF;\">C\u00e2mara de Educa\u00e7\u00e3o Profissional<\/td><td style=\"color: #666666; background-color: #FFFFFF;\">39\/2023<\/td><td style=\"color: #666666; background-color: #FFFFFF;\">16\/02\/2023<\/td><td style=\"color: #666666; background-color: #FFFFFF;\">Disp\u00f5e sobre a autoriza\u00e7\u00e3o para emiss\u00e3o de diplomas dos alunos concluintes do Curso T\u00e9cnico em Seguran\u00e7a do Trabalho da Escola do Futuro do Estado de Goi\u00e1s Jos\u00e9 Luiz Bittencourt, localizada em Goi\u00e2nia\/GO e d\u00e1 outras provid\u00eancias.\n<\/td><td style=\"color: #0000FF; background-color: #FFFFFF;text-decoration: underline;\"><a href=\"https:\/\/goias.gov.br\/cee\/wp-content\/uploads\/sites\/20\/2023\/10\/2023-39-cep-resolucao.pdf\" target=\"_blank\">ABRIR<\/a><\/td><td style=\"color: #000000; background-color: #FFFFFF;\"><\/td><\/tr><tr><td style=\"color: #666666; background-color: #FFFFFF;\">Resolu\u00e7\u00e3o<\/td><td style=\"color: #666666; background-color: #FFFFFF;\">C\u00e2mara de Educa\u00e7\u00e3o Profissional<\/td><td style=\"color: #666666; background-color: #FFFFFF;\">40\/2023<\/td><td style=\"color: #666666; background-color: #FFFFFF;\">16\/02\/2023<\/td><td style=\"color: #666666; background-color: #FFFFFF;\">Disp\u00f5e sobre a autoriza\u00e7\u00e3o para emiss\u00e3o de diplomas dos alunos concluintes do Curso T\u00e9cnico em Log\u00edstica do Col\u00e9gio Tecnol\u00f3gico do Estado de Goi\u00e1s Maria Sebastiana da Silva, localizado em Porangatu\/GO e d\u00e1 outras provid\u00eancias.\n<\/td><td style=\"color: #0000FF; background-color: #FFFFFF;text-decoration: underline;\"><a href=\"https:\/\/goias.gov.br\/cee\/wp-content\/uploads\/sites\/20\/2023\/10\/2023-40-cep-resolucao.pdf\" target=\"_blank\">ABRIR<\/a><\/td><td style=\"color: #000000; background-color: #FFFFFF;\"><\/td><\/tr><tr><td style=\"color: #666666; background-color: #FFFFFF;\">Resolu\u00e7\u00e3o<\/td><td style=\"color: #666666; background-color: #FFFFFF;\">C\u00e2mara de Educa\u00e7\u00e3o Profissional<\/td><td style=\"color: #666666; background-color: #FFFFFF;\">42\/2023<\/td><td style=\"color: #666666; background-color: #FFFFFF;\">16\/02\/2023<\/td><td style=\"color: #666666; background-color: #FFFFFF;\">Disp\u00f5e sobre a autoriza\u00e7\u00e3o para emiss\u00e3o de diplomas dos alunos concluintes do Curso T\u00e9cnico em Log\u00edstica do Col\u00e9gio Tecnol\u00f3gico do Estado de Goi\u00e1s Maria Sebastiana da Silva, localizado na unidade descentralizada de Mara Rosa\/GO e d\u00e1 outras provid\u00eancias.\n<\/td><td style=\"color: #0000FF; background-color: #FFFFFF;text-decoration: underline;\"><a href=\"https:\/\/goias.gov.br\/cee\/wp-content\/uploads\/sites\/20\/2023\/10\/2023-41-cep-resolucao.pdf\" target=\"_blank\">ABRIR<\/a><\/td><td style=\"color: #000000; background-color: #FFFFFF;\"><\/td><\/tr><tr><td style=\"color: #666666; background-color: #FFFFFF;\">Resolu\u00e7\u00e3o<\/td><td style=\"color: #666666; background-color: #FFFFFF;\">C\u00e2mara de Educa\u00e7\u00e3o Profissional<\/td><td style=\"color: #666666; background-color: #FFFFFF;\">43\/2023<\/td><td style=\"color: #666666; background-color: #FFFFFF;\">16\/02\/2023<\/td><td style=\"color: #666666; background-color: #FFFFFF;\">Disp\u00f5e sobre a autoriza\u00e7\u00e3o para emiss\u00e3o de diplomas dos alunos do Curso T\u00e9cnico em Qualidade do Col\u00e9gio Tecnol\u00f3gico do Estado de Goi\u00e1s Padre Ant\u00f4nio Vermey , localizado em Palmeiras de Goi\u00e1s\/GO e d\u00e1 outras provid\u00eancias.<\/td><td style=\"color: #0000FF; background-color: #FFFFFF;text-decoration: underline;\"><a href=\"https:\/\/goias.gov.br\/cee\/wp-content\/uploads\/sites\/20\/2023\/10\/2023-42-cep-resolucao.pdf\" target=\"_blank\">ABRIR<\/a><\/td><td style=\"color: #000000; background-color: #FFFFFF;\"><\/td><\/tr><tr><td style=\"color: #666666; background-color: #FFFFFF;\">Resolu\u00e7\u00e3o<\/td><td style=\"color: #666666; background-color: #FFFFFF;\">C\u00e2mara de Educa\u00e7\u00e3o Profissional<\/td><td style=\"color: #666666; background-color: #FFFFFF;\">44\/2023<\/td><td style=\"color: #666666; background-color: #FFFFFF;\">23\/02\/2023<\/td><td style=\"color: #666666; background-color: #FFFFFF;\">Disp\u00f5e sobre o recredenciamento e renova\u00e7\u00e3o do Curso T\u00e9cnico em Enfermagem da Escola do Trabalho, localizada em Itumbiara\/GO e d\u00e1 outras provid\u00eancias.<\/td><td style=\"color: #0000FF; background-color: #FFFFFF;text-decoration: underline;\"><a href=\"https:\/\/goias.gov.br\/cee\/wp-content\/uploads\/sites\/20\/2023\/10\/2023-43-cep-resolucao.pdf\" target=\"_blank\">ABRIR<\/a><\/td><td style=\"color: #000000; background-color: #FFFFFF;\"><\/td><\/tr><tr><td style=\"color: #666666; background-color: #FFFFFF;\">Resolu\u00e7\u00e3o<\/td><td style=\"color: #666666; background-color: #FFFFFF;\">C\u00e2mara de Educa\u00e7\u00e3o Profissional<\/td><td style=\"color: #666666; background-color: #FFFFFF;\">45\/2023<\/td><td style=\"color: #666666; background-color: #FFFFFF;\">23\/02\/2023<\/td><td style=\"color: #666666; background-color: #FFFFFF;\">Disp\u00f5e sobre a renova\u00e7\u00e3o da autoriza\u00e7\u00e3o do curso T\u00e9cnico em Sa\u00fade Bucal da Escola do Trabalho, em Itumbiara\/GO e d\u00e1 outras provid\u00eancias.<\/td><td style=\"color: #0000FF; background-color: #FFFFFF;text-decoration: underline;\"><a href=\"https:\/\/goias.gov.br\/cee\/wp-content\/uploads\/sites\/20\/2023\/10\/2023-44-cep-resolucao.pdf\" target=\"_blank\">ABRIR<\/a><\/td><td style=\"color: #000000; background-color: #FFFFFF;\"><\/td><\/tr><tr><td style=\"color: #666666; background-color: #FFFFFF;\">Resolu\u00e7\u00e3o<\/td><td style=\"color: #666666; background-color: #FFFFFF;\">C\u00e2mara de Educa\u00e7\u00e3o Profissional<\/td><td style=\"color: #666666; background-color: #FFFFFF;\">46\/2023<\/td><td style=\"color: #666666; background-color: #FFFFFF;\">23\/02\/2023<\/td><td style=\"color: #666666; background-color: #FFFFFF;\">Disp\u00f5e sobre a renova\u00e7\u00e3o da autoriza\u00e7\u00e3o do curso T\u00e9cnico em Edifica\u00e7\u00f5es da Escola do Trabalho, em Itumbiara\/GO e d\u00e1 outras provid\u00eancias.<\/td><td style=\"color: #0000FF; background-color: #FFFFFF;text-decoration: underline;\"><a href=\"https:\/\/goias.gov.br\/cee\/wp-content\/uploads\/sites\/20\/2023\/10\/2023-45-cep-resolucao.pdf\" target=\"_blank\">ABRIR<\/a><\/td><td style=\"color: #000000; background-color: #FFFFFF;\"><\/td><\/tr><tr><td style=\"color: #666666; background-color: #FFFFFF;\">Resolu\u00e7\u00e3o<\/td><td style=\"color: #666666; background-color: #FFFFFF;\">C\u00e2mara de Educa\u00e7\u00e3o Profissional<\/td><td style=\"color: #666666; background-color: #FFFFFF;\">47\/2023<\/td><td style=\"color: #666666; background-color: #FFFFFF;\">23\/02\/2023<\/td><td style=\"color: #666666; background-color: #FFFFFF;\">Disp\u00f5e sobre a aprova\u00e7\u00e3o do relat\u00f3rio de curso do CAP - Centro de Apoio Pedag\u00f3gico para Atendimento \u00e0s Pessoas com Defici\u00eancia Visual, localizado em Goi\u00e2nia\/GO e d\u00e1 outras provid\u00eancias.\n<\/td><td style=\"color: #0000FF; background-color: #FFFFFF;text-decoration: underline;\"><a href=\"https:\/\/goias.gov.br\/cee\/wp-content\/uploads\/sites\/20\/2023\/10\/2023-46-cep-resolucao.pdf\" target=\"_blank\">ABRIR<\/a><\/td><td style=\"color: #000000; background-color: #FFFFFF;\"><\/td><\/tr><tr><td style=\"color: #666666; background-color: #FFFFFF;\">Resolu\u00e7\u00e3o<\/td><td style=\"color: #666666; background-color: #FFFFFF;\">C\u00e2mara de Educa\u00e7\u00e3o Profissional<\/td><td style=\"color: #666666; background-color: #FFFFFF;\">48\/2023<\/td><td style=\"color: #666666; background-color: #FFFFFF;\">23\/02\/2023<\/td><td style=\"color: #666666; background-color: #FFFFFF;\">Disp\u00f5e sobre a autoriza\u00e7\u00e3o do curso T\u00e9cnico em Manuten\u00e7\u00e3o e Suporte em Inform\u00e1tica do Col\u00e9gio IESGO Master, em Formosa\/GO e d\u00e1 outras provid\u00eancias.<\/td><td style=\"color: #0000FF; background-color: #FFFFFF;text-decoration: underline;\"><a href=\"https:\/\/goias.gov.br\/cee\/wp-content\/uploads\/sites\/20\/2023\/10\/2023-47-cep-resolucao.pdf\" target=\"_blank\">ABRIR<\/a><\/td><td style=\"color: #000000; background-color: #FFFFFF;\"><\/td><\/tr><tr><td style=\"color: #666666; background-color: #FFFFFF;\">Resolu\u00e7\u00e3o<\/td><td style=\"color: #666666; background-color: #FFFFFF;\">C\u00e2mara de Educa\u00e7\u00e3o Profissional<\/td><td style=\"color: #666666; background-color: #FFFFFF;\">49\/2023<\/td><td style=\"color: #666666; background-color: #FFFFFF;\">02\/03\/2023<\/td><td style=\"color: #666666; background-color: #FFFFFF;\">Disp\u00f5e sobre a autoriza\u00e7\u00e3o de cursos de especializa\u00e7\u00f5es do curso T\u00e9cnico em Enfermagem, em Planaltina\/GO e d\u00e1 outras provid\u00eancias.\n<\/td><td style=\"color: #0000FF; background-color: #FFFFFF;text-decoration: underline;\"><a href=\"https:\/\/goias.gov.br\/cee\/wp-content\/uploads\/sites\/20\/2023\/10\/2023-48-cep-resolucao.pdf\" target=\"_blank\">ABRIR<\/a><\/td><td style=\"color: #000000; background-color: #FFFFFF;\"><\/td><\/tr><tr><td style=\"color: #666666; background-color: #FFFFFF;\">Resolu\u00e7\u00e3o<\/td><td style=\"color: #666666; background-color: #FFFFFF;\">C\u00e2mara de Educa\u00e7\u00e3o Profissional<\/td><td style=\"color: #666666; background-color: #FFFFFF;\">50\/2023<\/td><td style=\"color: #666666; background-color: #FFFFFF;\">02\/03\/2023<\/td><td style=\"color: #666666; background-color: #FFFFFF;\">Disp\u00f5e sobre a autoriza\u00e7\u00e3o para emiss\u00e3o de diplomas dos alunos concluintes do Curso T\u00e9cnico em Agroneg\u00f3cio\/EaD do Col\u00e9gio Tecnol\u00f3gico do Estado de Goi\u00e1s Fernando Cunha J\u00fanior, localizado em Piranha\/GO, e d\u00e1 outras provid\u00eancias.\n<\/td><td style=\"color: #0000FF; background-color: #FFFFFF;text-decoration: underline;\"><a href=\"https:\/\/goias.gov.br\/cee\/wp-content\/uploads\/sites\/20\/2023\/10\/2023-49-cep-resolucao.pdf\" target=\"_blank\">ABRIR<\/a><\/td><td style=\"color: #000000; background-color: #FFFFFF;\"><\/td><\/tr><tr><td style=\"color: #666666; background-color: #FFFFFF;\">Resolu\u00e7\u00e3o<\/td><td style=\"color: #666666; background-color: #FFFFFF;\">C\u00e2mara de Educa\u00e7\u00e3o Profissional<\/td><td style=\"color: #666666; background-color: #FFFFFF;\">51\/2023<\/td><td style=\"color: #666666; background-color: #FFFFFF;\">02\/03\/2023<\/td><td style=\"color: #666666; background-color: #FFFFFF;\">Disp\u00f5e sobre a autoriza\u00e7\u00e3o para emiss\u00e3o de diplomas dos alunos concluintes do Curso T\u00e9cnico em Agroneg\u00f3cio\/EaD do Col\u00e9gio Tecnol\u00f3gico do Estado de Goi\u00e1s Fernando Cunha J\u00fanior, localizado em Piranha\/GO, e d\u00e1 outras provid\u00eancias.\n<\/td><td style=\"color: #0000FF; background-color: #FFFFFF;text-decoration: underline;\"><a href=\"https:\/\/goias.gov.br\/cee\/wp-content\/uploads\/sites\/20\/2023\/10\/2023-50-cep-resolucao.pdf\" target=\"_blank\">ABRIR<\/a><\/td><td style=\"color: #000000; background-color: #FFFFFF;\"><\/td><\/tr><tr><td style=\"color: #666666; background-color: #FFFFFF;\">Resolu\u00e7\u00e3o<\/td><td style=\"color: #666666; background-color: #FFFFFF;\">C\u00e2mara de Educa\u00e7\u00e3o Profissional<\/td><td style=\"color: #666666; background-color: #FFFFFF;\">52\/2023<\/td><td style=\"color: #666666; background-color: #FFFFFF;\">02\/03\/2023<\/td><td style=\"color: #666666; background-color: #FFFFFF;\">Disp\u00f5e sobre a autoriza\u00e7\u00e3o para emiss\u00e3o de diplomas dos alunos concluintes de curso T\u00e9cnico em Minera\u00e7\u00e3o do Col\u00e9gio Tecnol\u00f3gico do Estado de Goi\u00e1s Aguinaldo Campos Netto localizado em Catal\u00e3o\/GO, e d\u00e1 outras provid\u00eancias.\n<\/td><td style=\"color: #0000FF; background-color: #FFFFFF;text-decoration: underline;\"><a href=\"https:\/\/goias.gov.br\/cee\/wp-content\/uploads\/sites\/20\/2023\/10\/2023-52-cep-resolucao.pdf\" target=\"_blank\">ABRIR<\/a><\/td><td style=\"color: #000000; background-color: #FFFFFF;\"><\/td><\/tr><tr><td style=\"color: #666666; background-color: #FFFFFF;\">Resolu\u00e7\u00e3o<\/td><td style=\"color: #666666; background-color: #FFFFFF;\">C\u00e2mara de Educa\u00e7\u00e3o Profissional<\/td><td style=\"color: #666666; background-color: #FFFFFF;\">53\/2023<\/td><td style=\"color: #666666; background-color: #FFFFFF;\">02\/03\/2023<\/td><td style=\"color: #666666; background-color: #FFFFFF;\">Disp\u00f5e sobre a autoriza\u00e7\u00e3o para emiss\u00e3o de diploma do aluno concluinte do Curso T\u00e9cnico em Produ\u00e7\u00e3o de Moda\/EaD do Col\u00e9gio Tecnol\u00f3gico Irtes Alves de Castro Ribeiro, localizado em Jaragu\u00e1\/GO e d\u00e1 outras provid\u00eancias.<\/td><td style=\"color: #0000FF; background-color: #FFFFFF;text-decoration: underline;\"><a href=\"https:\/\/goias.gov.br\/cee\/wp-content\/uploads\/sites\/20\/2023\/10\/2023-53-cep-resolucao.pdf\" target=\"_blank\">ABRIR<\/a><\/td><td style=\"color: #000000; background-color: #FFFFFF;\"><\/td><\/tr><tr><td style=\"color: #666666; background-color: #FFFFFF;\">Resolu\u00e7\u00e3o<\/td><td style=\"color: #666666; background-color: #FFFFFF;\">C\u00e2mara de Educa\u00e7\u00e3o Profissional<\/td><td style=\"color: #666666; background-color: #FFFFFF;\">54\/2023<\/td><td style=\"color: #666666; background-color: #FFFFFF;\">09\/03\/2023<\/td><td style=\"color: #666666; background-color: #FFFFFF;\">Disp\u00f5e sobre a rerratifica\u00e7\u00e3o da Resolu\u00e7\u00e3o CEE\/CEP N. 23 de 2 de fevereiro de 2023, referente a autoriza\u00e7\u00e3o para emiss\u00e3o de diplomas dos alunos concluintes do Curso T\u00e9cnico em Administra\u00e7\u00e3o do Col\u00e9gio Tecnol\u00f3gico do Estado de Goi\u00e1s Luiz Humberto de Menezes, localizado na unidade descentralizada de Quirin\u00f3polis\/GO.\n<\/td><td style=\"color: #0000FF; background-color: #FFFFFF;text-decoration: underline;\"><a href=\"https:\/\/goias.gov.br\/cee\/wp-content\/uploads\/sites\/20\/2023\/10\/2023-54-cep-resolucao.pdf\" target=\"_blank\">ABRIR<\/a><\/td><td style=\"color: #000000; background-color: #FFFFFF;\"><\/td><\/tr><tr><td style=\"color: #666666; background-color: #FFFFFF;\">Resolu\u00e7\u00e3o<\/td><td style=\"color: #666666; background-color: #FFFFFF;\">C\u00e2mara de Educa\u00e7\u00e3o Profissional<\/td><td style=\"color: #666666; background-color: #FFFFFF;\">55\/2023<\/td><td style=\"color: #666666; background-color: #FFFFFF;\">09\/03\/2023<\/td><td style=\"color: #666666; background-color: #FFFFFF;\">Disp\u00f5e sobre o credenciamento e autoriza\u00e7\u00e3o do curso T\u00e9cnico em Enfermagem\/EaD da Antares, localizado em Goi\u00e2nia\/GO, e d\u00e1 outras provid\u00eancias<\/td><td style=\"color: #0000FF; background-color: #FFFFFF;text-decoration: underline;\"><a href=\"https:\/\/goias.gov.br\/cee\/wp-content\/uploads\/sites\/20\/2023\/10\/2023-55-cep-resolucao.pdf\" target=\"_blank\">ABRIR<\/a><\/td><td style=\"color: #000000; background-color: #FFFFFF;\"><\/td><\/tr><tr><td style=\"color: #666666; background-color: #FFFFFF;\">Resolu\u00e7\u00e3o<\/td><td style=\"color: #666666; background-color: #FFFFFF;\">C\u00e2mara de Educa\u00e7\u00e3o Profissional<\/td><td style=\"color: #666666; background-color: #FFFFFF;\">56\/2023<\/td><td style=\"color: #666666; background-color: #FFFFFF;\">09\/03\/2023<\/td><td style=\"color: #666666; background-color: #FFFFFF;\">Disp\u00f5e sobre o recredenciamento e renova\u00e7\u00e3o da autoriza\u00e7\u00e3o do curso T\u00e9cnico em Enfermagem da Escola T\u00e9cnica Matos Reis, localizado na Cidade Ocidental \/GO, e d\u00e1 outras provid\u00eancias.\n<\/td><td style=\"color: #0000FF; background-color: #FFFFFF;text-decoration: underline;\"><a href=\"https:\/\/goias.gov.br\/cee\/wp-content\/uploads\/sites\/20\/2023\/10\/2023-56-cep-resolucao.pdf\" target=\"_blank\">ABRIR<\/a><\/td><td style=\"color: #000000; background-color: #FFFFFF;\"><\/td><\/tr><tr><td style=\"color: #666666; background-color: #FFFFFF;\">Resolu\u00e7\u00e3o<\/td><td style=\"color: #666666; background-color: #FFFFFF;\">C\u00e2mara de Educa\u00e7\u00e3o Profissional<\/td><td style=\"color: #666666; background-color: #FFFFFF;\">57\/2023<\/td><td style=\"color: #666666; background-color: #FFFFFF;\">09\/03\/2023<\/td><td style=\"color: #666666; background-color: #FFFFFF;\">Disp\u00f5e sobre aprova\u00e7\u00e3o do relat\u00f3rio de curso do CAP - Centro de Apoio Pedag\u00f3gico paras Atendimento \u00e0s Pessoas com Defici\u00eancia Visual,localizado em Goi\u00e2nia\/GO e d\u00e1 outras provid\u00eancias.<\/td><td style=\"color: #0000FF; background-color: #FFFFFF;text-decoration: underline;\"><a href=\"https:\/\/goias.gov.br\/cee\/wp-content\/uploads\/sites\/20\/2023\/10\/2023-57-cep-resolucao.pdf\" target=\"_blank\">ABRIR<\/a><\/td><td style=\"color: #000000; background-color: #FFFFFF;\"><\/td><\/tr><tr><td style=\"color: #666666; background-color: #FFFFFF;\">Resolu\u00e7\u00e3o<\/td><td style=\"color: #666666; background-color: #FFFFFF;\">C\u00e2mara de Educa\u00e7\u00e3o Profissional<\/td><td style=\"color: #666666; background-color: #FFFFFF;\">58\/2023<\/td><td style=\"color: #666666; background-color: #FFFFFF;\">09\/03\/2023<\/td><td style=\"color: #666666; background-color: #FFFFFF;\">Disp\u00f5e sobre aprova\u00e7\u00e3o de curso do ICG - Instituto Consci\u00eancia, em Goi\u00e2nia\/GO e d\u00e1 outras provid\u00eancias<\/td><td style=\"color: #0000FF; background-color: #FFFFFF;text-decoration: underline;\"><a href=\"https:\/\/goias.gov.br\/cee\/wp-content\/uploads\/sites\/20\/2023\/10\/2023-58-cep-resolucao.pdf\" target=\"_blank\">ABRIR<\/a><\/td><td style=\"color: #000000; background-color: #FFFFFF;\"><\/td><\/tr><tr><td style=\"color: #666666; background-color: #FFFFFF;\">Resolu\u00e7\u00e3o<\/td><td style=\"color: #666666; background-color: #FFFFFF;\">C\u00e2mara de Educa\u00e7\u00e3o Profissional<\/td><td style=\"color: #666666; background-color: #FFFFFF;\">59\/2023<\/td><td style=\"color: #666666; background-color: #FFFFFF;\">16\/03\/2023<\/td><td style=\"color: #666666; background-color: #FFFFFF;\">Disp\u00f5e sobre a autoriza\u00e7\u00e3o do curso T\u00e9cnico em Enfermagem\/EaD do Col\u00e9gio Oswaldo Cruz, localizado em Goi\u00e2nia\/GO, e d\u00e1 outras provid\u00eancias.\n<\/td><td style=\"color: #0000FF; background-color: #FFFFFF;text-decoration: underline;\"><a href=\"https:\/\/goias.gov.br\/cee\/wp-content\/uploads\/sites\/20\/2023\/10\/2023-59-cep-resolucao.pdf\" target=\"_blank\">ABRIR<\/a><\/td><td style=\"color: #000000; background-color: #FFFFFF;\"><\/td><\/tr><tr><td style=\"color: #666666; background-color: #FFFFFF;\">Resolu\u00e7\u00e3o<\/td><td style=\"color: #666666; background-color: #FFFFFF;\">C\u00e2mara de Educa\u00e7\u00e3o Profissional<\/td><td style=\"color: #666666; background-color: #FFFFFF;\">60\/2023<\/td><td style=\"color: #666666; background-color: #FFFFFF;\">16\/03\/2023<\/td><td style=\"color: #666666; background-color: #FFFFFF;\">Disp\u00f5e sobre o credenciamento e autoriza\u00e7\u00e3o do curso T\u00e9cnico em Transa\u00e7\u00f5es Imobili\u00e1rias\/EaD da Escola T\u00e9cnica Monte Carlo, localizado em Goi\u00e2nia\/GO, e d\u00e1 outras provid\u00eancias.\n<\/td><td style=\"color: #0000FF; background-color: #FFFFFF;text-decoration: underline;\"><a href=\"https:\/\/goias.gov.br\/cee\/wp-content\/uploads\/sites\/20\/2023\/10\/2023-60-cep-resolucao.pdf\" target=\"_blank\">ABRIR<\/a><\/td><td style=\"color: #000000; background-color: #FFFFFF;\"><\/td><\/tr><tr><td style=\"color: #666666; background-color: #FFFFFF;\">Resolu\u00e7\u00e3o<\/td><td style=\"color: #666666; background-color: #FFFFFF;\">C\u00e2mara de Educa\u00e7\u00e3o Profissional<\/td><td style=\"color: #666666; background-color: #FFFFFF;\">61\/2023<\/td><td style=\"color: #666666; background-color: #FFFFFF;\">16\/03\/2023<\/td><td style=\"color: #666666; background-color: #FFFFFF;\">Disp\u00f5e sobre a autoriza\u00e7\u00e3o de cursos do Centro de Estudo e Pesquisa Ciranda da Arte, localizado em Goi\u00e2nia\/GO, e d\u00e1 outras provid\u00eancias.\n<\/td><td style=\"color: #0000FF; background-color: #FFFFFF;text-decoration: underline;\"><a href=\"https:\/\/goias.gov.br\/cee\/wp-content\/uploads\/sites\/20\/2023\/10\/2023-61-cep-resolucao.pdf\" target=\"_blank\">ABRIR<\/a><\/td><td style=\"color: #000000; background-color: #FFFFFF;\"><\/td><\/tr><tr><td style=\"color: #666666; background-color: #FFFFFF;\">Resolu\u00e7\u00e3o<\/td><td style=\"color: #666666; background-color: #FFFFFF;\">C\u00e2mara de Educa\u00e7\u00e3o Profissional<\/td><td style=\"color: #666666; background-color: #FFFFFF;\">62\/2023<\/td><td style=\"color: #666666; background-color: #FFFFFF;\">16\/03\/2023<\/td><td style=\"color: #666666; background-color: #FFFFFF;\">Disp\u00f5e sobre aprova\u00e7\u00e3o do Relat\u00f3rio de curso do N\u00facleo de Atividades de Altas Habilidades\/Superdota\u00e7\u00e3o - NAAH\/S GO, localizado em Goi\u00e2nia\/GO, e d\u00e1 outras provid\u00eancias.<\/td><td style=\"color: #0000FF; background-color: #FFFFFF;text-decoration: underline;\"><a href=\"https:\/\/goias.gov.br\/cee\/wp-content\/uploads\/sites\/20\/2023\/10\/2023-62-cep-resolucao.pdf\" target=\"_blank\">ABRIR<\/a><\/td><td style=\"color: #000000; background-color: #FFFFFF;\"><\/td><\/tr><tr><td style=\"color: #666666; background-color: #FFFFFF;\">Resolu\u00e7\u00e3o<\/td><td style=\"color: #666666; background-color: #FFFFFF;\">C\u00e2mara de Educa\u00e7\u00e3o Profissional<\/td><td style=\"color: #666666; background-color: #FFFFFF;\">63\/2023<\/td><td style=\"color: #666666; background-color: #FFFFFF;\">16\/03\/2023<\/td><td style=\"color: #666666; background-color: #FFFFFF;\">Disp\u00f5e sobre a aprova\u00e7\u00e3o do relat\u00f3rio de curso do N\u00facleo de Atividades de Altas Habilidades\/Superdota\u00e7\u00e3o - NAAH\/S GO, localizado em Goi\u00e2nia\/GO, e d\u00e1 outras provid\u00eancias.\n<\/td><td style=\"color: #0000FF; background-color: #FFFFFF;text-decoration: underline;\"><a href=\"https:\/\/goias.gov.br\/cee\/wp-content\/uploads\/sites\/20\/2023\/10\/2023-63-cep-resolucao.pdf\" target=\"_blank\">ABRIR<\/a><\/td><td style=\"color: #000000; background-color: #FFFFFF;\"><\/td><\/tr><tr><td style=\"color: #666666; background-color: #FFFFFF;\">Resolu\u00e7\u00e3o<\/td><td style=\"color: #666666; background-color: #FFFFFF;\">C\u00e2mara de Educa\u00e7\u00e3o Profissional<\/td><td style=\"color: #666666; background-color: #FFFFFF;\">64\/2023<\/td><td style=\"color: #666666; background-color: #FFFFFF;\">23\/03\/2023<\/td><td style=\"color: #666666; background-color: #FFFFFF;\">Disp\u00f5e sobre o credenciamento e a autoriza\u00e7\u00e3o do curso T\u00e9cnico em Enfermagem da FACINPRO, localizado em Goi\u00e2nia\/GO, e d\u00e1 outras provid\u00eancias.\n<\/td><td style=\"color: #0000FF; background-color: #FFFFFF;text-decoration: underline;\"><a href=\"https:\/\/goias.gov.br\/cee\/wp-content\/uploads\/sites\/20\/2023\/10\/2023-64-cep-resolucao.pdf\" target=\"_blank\">ABRIR<\/a><\/td><td style=\"color: #000000; background-color: #FFFFFF;\"><\/td><\/tr><tr><td style=\"color: #666666; background-color: #FFFFFF;\">Resolu\u00e7\u00e3o<\/td><td style=\"color: #666666; background-color: #FFFFFF;\">C\u00e2mara de Educa\u00e7\u00e3o Profissional<\/td><td style=\"color: #666666; background-color: #FFFFFF;\">65\/2023<\/td><td style=\"color: #666666; background-color: #FFFFFF;\">23\/03\/2023<\/td><td style=\"color: #666666; background-color: #FFFFFF;\">Disp\u00f5e sobre o recredenciamento e a autoriza\u00e7\u00e3o do curso T\u00e9cnico em Enfermagem\/EaD, do GENOTEC Centro Educacional, localizado em Goi\u00e2nia\/GO, e d\u00e1 outras provid\u00eancias.<\/td><td style=\"color: #0000FF; background-color: #FFFFFF;text-decoration: underline;\"><a href=\"https:\/\/goias.gov.br\/cee\/wp-content\/uploads\/sites\/20\/2023\/10\/2023-65-cep-resolucao.pdf\" target=\"_blank\">ABRIR<\/a><\/td><td style=\"color: #000000; background-color: #FFFFFF;\"><\/td><\/tr><tr><td style=\"color: #666666; background-color: #FFFFFF;\">Resolu\u00e7\u00e3o<\/td><td style=\"color: #666666; background-color: #FFFFFF;\">C\u00e2mara de Educa\u00e7\u00e3o Profissional<\/td><td style=\"color: #666666; background-color: #FFFFFF;\">66\/2023<\/td><td style=\"color: #666666; background-color: #FFFFFF;\">05\/04\/2023<\/td><td style=\"color: #666666; background-color: #FFFFFF;\">Disp\u00f5e sobre a rerratifica\u00e7\u00e3o da Resolu\u00e7\u00e3o CEE\/CEP N. 110 de 17 de novembro de 2022, referente a renova\u00e7\u00e3o da autoriza\u00e7\u00e3o do Curso T\u00e9cnico em Enfermagem\/EAD, do Educacional CTS, em Formosa\/GO, e d\u00e1 outras provid\u00eancias.\n<\/td><td style=\"color: #0000FF; background-color: #FFFFFF;text-decoration: underline;\"><a href=\"https:\/\/goias.gov.br\/cee\/wp-content\/uploads\/sites\/20\/2023\/10\/2023-66-cep-resolucao.pdf\" target=\"_blank\">ABRIR<\/a><\/td><td style=\"color: #000000; background-color: #FFFFFF;\"><\/td><\/tr><tr><td style=\"color: #666666; background-color: #FFFFFF;\">Resolu\u00e7\u00e3o<\/td><td style=\"color: #666666; background-color: #FFFFFF;\">C\u00e2mara de Educa\u00e7\u00e3o Profissional<\/td><td style=\"color: #666666; background-color: #FFFFFF;\">67\/2023<\/td><td style=\"color: #666666; background-color: #FFFFFF;\">13\/04\/2023<\/td><td style=\"color: #666666; background-color: #FFFFFF;\">Disp\u00f5e sobre o recredenciamento e renova\u00e7\u00e3o da autoriza\u00e7\u00e3o do curso T\u00e9cnico em Enfermagem do Col\u00e9gio Maria Montessori, localizado em Cristalina\/GO, e d\u00e1 outras provid\u00eancias.\n<\/td><td style=\"color: #0000FF; background-color: #FFFFFF;text-decoration: underline;\"><a href=\"https:\/\/goias.gov.br\/cee\/wp-content\/uploads\/sites\/20\/2023\/10\/2023-67-cep-resolucao.pdf\" target=\"_blank\">ABRIR<\/a><\/td><td style=\"color: #000000; background-color: #FFFFFF;\"><\/td><\/tr><tr><td style=\"color: #666666; background-color: #FFFFFF;\">Resolu\u00e7\u00e3o<\/td><td style=\"color: #666666; background-color: #FFFFFF;\">C\u00e2mara de Educa\u00e7\u00e3o Profissional<\/td><td style=\"color: #666666; background-color: #FFFFFF;\">68\/2023<\/td><td style=\"color: #666666; background-color: #FFFFFF;\">13\/04\/2023<\/td><td style=\"color: #666666; background-color: #FFFFFF;\">Disp\u00f5e sobre o recredenciamento e renova\u00e7\u00e3o da autoriza\u00e7\u00e3o do curso T\u00e9cnico em Transa\u00e7\u00f5es Imobili\u00e1rias\/EaD do ICG Instituto da Consci\u00eancia , localizado em Goi\u00e2nia\/GO, e d\u00e1 outras provid\u00eancias.\n<\/td><td style=\"color: #0000FF; background-color: #FFFFFF;text-decoration: underline;\"><a href=\"https:\/\/siteshom.goias.gov.br\/cee\/wp-content\/uploads\/sites\/20\/2023\/10\/2023-68-cep-resolucao.pdf\" target=\"_blank\">ABRIR<\/a><\/td><td style=\"color: #000000; background-color: #FFFFFF;\"><\/td><\/tr><tr><td style=\"color: #666666; background-color: #FFFFFF;\">Resolu\u00e7\u00e3o<\/td><td style=\"color: #666666; background-color: #FFFFFF;\">C\u00e2mara de Educa\u00e7\u00e3o Profissional<\/td><td style=\"color: #666666; background-color: #FFFFFF;\">69\/2023<\/td><td style=\"color: #666666; background-color: #FFFFFF;\">13\/04\/2023<\/td><td style=\"color: #666666; background-color: #FFFFFF;\">Disp\u00f5e sobre a autoriza\u00e7\u00e3o de cursos de especializa\u00e7\u00f5es do curso T\u00e9cnico em Enfermagem, em Planaltina\/GO e d\u00e1 outras provid\u00eancia<\/td><td style=\"color: #0000FF; background-color: #FFFFFF;text-decoration: underline;\"><a href=\"https:\/\/goias.gov.br\/cee\/wp-content\/uploads\/sites\/20\/2023\/10\/2023-69-cep-resolucao.pdf\" target=\"_blank\">ABRIR<\/a><\/td><td style=\"color: #000000; background-color: #FFFFFF;\"><\/td><\/tr><tr><td style=\"color: #666666; background-color: #FFFFFF;\">Resolu\u00e7\u00e3o<\/td><td style=\"color: #666666; background-color: #FFFFFF;\">C\u00e2mara de Educa\u00e7\u00e3o Profissional<\/td><td style=\"color: #666666; background-color: #FFFFFF;\">70\/2023<\/td><td style=\"color: #666666; background-color: #FFFFFF;\">13\/04\/2023<\/td><td style=\"color: #666666; background-color: #FFFFFF;\">Disp\u00f5e sobre a autoriza\u00e7\u00e3o para emiss\u00e3o de diplomas dos alunos concluintes do Curso T\u00e9cnico em Recursos Humanos\/EaD do Col\u00e9gio Tecnol\u00f3gico do Estado de Goi\u00e1s Irtes Alves de Castro Ribeiro, localizado em Jaragu\u00e1\/GO, e d\u00e1 outras provid\u00eancias.\n<\/td><td style=\"color: #0000FF; background-color: #FFFFFF;text-decoration: underline;\"><a href=\"https:\/\/goias.gov.br\/cee\/wp-content\/uploads\/sites\/20\/2023\/10\/2023-70-cep-resolucao.pdf\" target=\"_blank\">ABRIR<\/a><\/td><td style=\"color: #000000; background-color: #FFFFFF;\"><\/td><\/tr><tr><td style=\"color: #666666; background-color: #FFFFFF;\">Resolu\u00e7\u00e3o<\/td><td style=\"color: #666666; background-color: #FFFFFF;\">C\u00e2mara de Educa\u00e7\u00e3o Profissional<\/td><td style=\"color: #666666; background-color: #FFFFFF;\">71\/2023<\/td><td style=\"color: #666666; background-color: #FFFFFF;\">13\/04\/2023<\/td><td style=\"color: #666666; background-color: #FFFFFF;\">Disp\u00f5e sobre a autoriza\u00e7\u00e3o para emiss\u00e3o de diplomas dos alunos concluintes do Curso T\u00e9cnico em Enfermagem do Col\u00e9gio Tecnol\u00f3gico do Estado de Goi\u00e1s Maria Sebastiana da Silva, localizado em Porangatu\/GO, e d\u00e1 outras provid\u00eancias.\n<\/td><td style=\"color: #0000FF; background-color: #FFFFFF;text-decoration: underline;\"><a href=\"https:\/\/goias.gov.br\/cee\/wp-content\/uploads\/sites\/20\/2023\/10\/2023-71-cep-resolucao.pdf\" target=\"_blank\">ABRIR<\/a><\/td><td style=\"color: #000000; background-color: #FFFFFF;\"><\/td><\/tr><tr><td style=\"color: #666666; background-color: #FFFFFF;\">Resolu\u00e7\u00e3o<\/td><td style=\"color: #666666; background-color: #FFFFFF;\">C\u00e2mara de Educa\u00e7\u00e3o Profissional<\/td><td style=\"color: #666666; background-color: #FFFFFF;\">72\/2023<\/td><td style=\"color: #666666; background-color: #FFFFFF;\">13\/04\/2023<\/td><td style=\"color: #666666; background-color: #FFFFFF;\">Disp\u00f5e sobre a rerratifica\u00e7\u00e3o da Resolu\u00e7\u00e3o CEE\/CEP N. 93 de 06 de outubro de 2022, referente a autoriza\u00e7\u00e3o, para a emiss\u00e3o de diplomas dos alunos concluintes do Curso T\u00e9cnico em Qualidade\/EaD oferecido pelo Col\u00e9gio Tecnol\u00f3gico do Estado de Goi\u00e1s Governador Onofre Quinan, em An\u00e1polis\/GO e d\u00e1 outras provid\u00eancias.<\/td><td style=\"color: #0000FF; background-color: #FFFFFF;text-decoration: underline;\"><a href=\"https:\/\/goias.gov.br\/cee\/wp-content\/uploads\/sites\/20\/2023\/10\/2023-72-cep-resolucao.pdf\" target=\"_blank\">ABRIR<\/a><\/td><td style=\"color: #000000; background-color: #FFFFFF;\"><\/td><\/tr><tr><td style=\"color: #666666; background-color: #FFFFFF;\">Resolu\u00e7\u00e3o<\/td><td style=\"color: #666666; background-color: #FFFFFF;\">C\u00e2mara de Educa\u00e7\u00e3o Profissional<\/td><td style=\"color: #666666; background-color: #FFFFFF;\">74\/2023<\/td><td style=\"color: #666666; background-color: #FFFFFF;\">13\/04\/2023<\/td><td style=\"color: #666666; background-color: #FFFFFF;\">Disp\u00f5e sobre a rerratifica\u00e7\u00e3o da Resolu\u00e7\u00e3o CEE\/CEP N. 96 de 06 de outubro de 2022, referente a autoriza\u00e7\u00e3o, para a emiss\u00e3o de diplomas dos alunos concluintes do Curso T\u00e9cnico em Recursos Humanos\/EaD oferecido pelo Col\u00e9gio Tecnol\u00f3gico do Estado de Goi\u00e1s C\u00e9lio Domingos Mazzoneto, em Ceres\/GO, e d\u00e1 outras provid\u00eancias.\n<\/td><td style=\"color: #0000FF; background-color: #FFFFFF;text-decoration: underline;\"><a href=\"https:\/\/goias.gov.br\/cee\/wp-content\/uploads\/sites\/20\/2023\/10\/2023-73-cep-resolucao.pdf\" target=\"_blank\">ABRIR<\/a><\/td><td style=\"color: #000000; background-color: #FFFFFF;\"><\/td><\/tr><tr><td style=\"color: #666666; background-color: #FFFFFF;\">Resolu\u00e7\u00e3o<\/td><td style=\"color: #666666; background-color: #FFFFFF;\">C\u00e2mara de Educa\u00e7\u00e3o Profissional<\/td><td style=\"color: #666666; background-color: #FFFFFF;\">75\/2023<\/td><td style=\"color: #666666; background-color: #FFFFFF;\">27\/04\/2023<\/td><td style=\"color: #666666; background-color: #FFFFFF;\">Disp\u00f5e sobre a autoriza\u00e7\u00e3o do curso T\u00e9cnico em Cuidador de Idosos da FACINPRO, localizado em Goi\u00e2nia\/GO, e d\u00e1 outras provid\u00eancias.\n<\/td><td style=\"color: #0000FF; background-color: #FFFFFF;text-decoration: underline;\"><a href=\"https:\/\/goias.gov.br\/cee\/wp-content\/uploads\/sites\/20\/2023\/10\/2023-74-cep-resolucao.pdf\" target=\"_blank\">ABRIR<\/a><\/td><td style=\"color: #000000; background-color: #FFFFFF;\"><\/td><\/tr><tr><td style=\"color: #666666; background-color: #FFFFFF;\">Resolu\u00e7\u00e3o<\/td><td style=\"color: #666666; background-color: #FFFFFF;\">C\u00e2mara de Educa\u00e7\u00e3o Profissional<\/td><td style=\"color: #666666; background-color: #FFFFFF;\">76\/2023<\/td><td style=\"color: #666666; background-color: #FFFFFF;\">27\/04\/2023<\/td><td style=\"color: #666666; background-color: #FFFFFF;\">Disp\u00f5e sobre a autoriza\u00e7\u00e3o do curso T\u00e9cnico em Programa\u00e7\u00e3o de Jogos Digitais da FACINPRO, localizado em Goi\u00e2nia\/GO, e d\u00e1 outras provid\u00eancias.\n<\/td><td style=\"color: #0000FF; background-color: #FFFFFF;text-decoration: underline;\"><a href=\"https:\/\/goias.gov.br\/cee\/wp-content\/uploads\/sites\/20\/2023\/10\/2023-76-cep-resolucao.pdf\" target=\"_blank\">ABRIR<\/a><\/td><td style=\"color: #000000; background-color: #FFFFFF;\"><\/td><\/tr><tr><td style=\"color: #666666; background-color: #FFFFFF;\">Resolu\u00e7\u00e3o<\/td><td style=\"color: #666666; background-color: #FFFFFF;\">C\u00e2mara de Educa\u00e7\u00e3o Profissional<\/td><td style=\"color: #666666; background-color: #FFFFFF;\">77\/2023<\/td><td style=\"color: #666666; background-color: #FFFFFF;\">27\/04\/2023<\/td><td style=\"color: #666666; background-color: #FFFFFF;\">Disp\u00f5e sobre a autoriza\u00e7\u00e3o para emiss\u00e3o de diplomas dos alunos concluintes do Curso T\u00e9cnico em Enfermagem do Col\u00e9gio Tecnol\u00f3gico do Estado de Goi\u00e1s Fernando Cunha J\u00fanior, localizado em Piranhas\/GO, e d\u00e1 outras provid\u00eancias.<\/td><td style=\"color: #0000FF; background-color: #FFFFFF;text-decoration: underline;\"><a href=\"https:\/\/goias.gov.br\/cee\/wp-content\/uploads\/sites\/20\/2023\/10\/2023-77-cep-resolucao.pdf\" target=\"_blank\">ABRIR<\/a><\/td><td style=\"color: #000000; background-color: #FFFFFF;\"><\/td><\/tr><tr><td style=\"color: #666666; background-color: #FFFFFF;\">Resolu\u00e7\u00e3o<\/td><td style=\"color: #666666; background-color: #FFFFFF;\">C\u00e2mara de Educa\u00e7\u00e3o Profissional<\/td><td style=\"color: #666666; background-color: #FFFFFF;\">78\/2023<\/td><td style=\"color: #666666; background-color: #FFFFFF;\">27\/04\/2023<\/td><td style=\"color: #666666; background-color: #FFFFFF;\">Disp\u00f5e sobre a autoriza\u00e7\u00e3o para emiss\u00e3o de diplomas dos alunos concluintes do Curso T\u00e9cnico em Seguran\u00e7a do Trabalho do Col\u00e9gio Tecnol\u00f3gico do Estado de Goi\u00e1s Luiz Humberto de Menezes, localizado em Santa Helena de Goi\u00e1s\/GO, na Unidade Descentralizada de Cachoeira Alta\/GO e d\u00e1 outras provid\u00eancias.<\/td><td style=\"color: #0000FF; background-color: #FFFFFF;text-decoration: underline;\"><a href=\"https:\/\/goias.gov.br\/cee\/wp-content\/uploads\/sites\/20\/2023\/10\/2023-78-cep-resolucao.pdf\" target=\"_blank\">ABRIR<\/a><\/td><td style=\"color: #000000; background-color: #FFFFFF;\"><\/td><\/tr><tr><td style=\"color: #666666; background-color: #FFFFFF;\">Resolu\u00e7\u00e3o<\/td><td style=\"color: #666666; background-color: #FFFFFF;\">C\u00e2mara de Educa\u00e7\u00e3o Profissional<\/td><td style=\"color: #666666; background-color: #FFFFFF;\">79\/2023<\/td><td style=\"color: #666666; background-color: #FFFFFF;\">27\/04\/2023<\/td><td style=\"color: #666666; background-color: #FFFFFF;\">Disp\u00f5e sobre a autoriza\u00e7\u00e3o para emiss\u00e3o de diplomas dos alunos concluintes do Curso T\u00e9cnico em Multimeios Did\u00e1ticos\/EaD do Col\u00e9gio Tecnol\u00f3gico do Estado de Goi\u00e1s Aguinaldo de Campos Netto, localizado em Catal\u00e3o\/GO, e d\u00e1 outras provid\u00eancias<\/td><td style=\"color: #0000FF; background-color: #FFFFFF;text-decoration: underline;\"><a href=\"https:\/\/goias.gov.br\/cee\/wp-content\/uploads\/sites\/20\/2023\/10\/2023-79-cep-resolucao.pdf\" target=\"_blank\">ABRIR<\/a><\/td><td style=\"color: #000000; background-color: #FFFFFF;\"><\/td><\/tr><tr><td style=\"color: #666666; background-color: #FFFFFF;\">Resolu\u00e7\u00e3o<\/td><td style=\"color: #666666; background-color: #FFFFFF;\">C\u00e2mara de Educa\u00e7\u00e3o Profissional<\/td><td style=\"color: #666666; background-color: #FFFFFF;\">80\/2023<\/td><td style=\"color: #666666; background-color: #FFFFFF;\">04\/05\/2023<\/td><td style=\"color: #666666; background-color: #FFFFFF;\">Disp\u00f5e sobre a autoriza\u00e7\u00e3o do curso T\u00e9cnico em Agroneg\u00f3cio do Col\u00e9gio Maria Montessori, localizado em Cristalina\/GO, e d\u00e1 outras provid\u00eancias.\n<\/td><td style=\"color: #0000FF; background-color: #FFFFFF;text-decoration: underline;\"><a href=\"https:\/\/goias.gov.br\/cee\/wp-content\/uploads\/sites\/20\/2023\/10\/2023-80-cep-resolucao.pdf\" target=\"_blank\">ABRIR<\/a><\/td><td style=\"color: #000000; background-color: #FFFFFF;\"><\/td><\/tr><tr><td style=\"color: #666666; background-color: #FFFFFF;\">Resolu\u00e7\u00e3o<\/td><td style=\"color: #666666; background-color: #FFFFFF;\">C\u00e2mara de Educa\u00e7\u00e3o Profissional<\/td><td style=\"color: #666666; background-color: #FFFFFF;\">82\/2023<\/td><td style=\"color: #666666; background-color: #FFFFFF;\">11\/05\/2023<\/td><td style=\"color: #666666; background-color: #FFFFFF;\">Disp\u00f5e sobre o recredenciamento e a renova\u00e7\u00e3o da autoriza\u00e7\u00e3o do curso T\u00e9cnico em Radiologia do Col\u00e9gio Montes Belos, localizado em S\u00e3o Lu\u00eds de Montes Belos\/GO, e d\u00e1 outras provid\u00eancias.\n<\/td><td style=\"color: #0000FF; background-color: #FFFFFF;text-decoration: underline;\"><a href=\"https:\/\/goias.gov.br\/cee\/wp-content\/uploads\/sites\/20\/2023\/10\/2023-82-cep-resolucao.pdf\" target=\"_blank\">ABRIR<\/a><\/td><td style=\"color: #000000; background-color: #FFFFFF;\"><\/td><\/tr><tr><td style=\"color: #666666; background-color: #FFFFFF;\">Resolu\u00e7\u00e3o<\/td><td style=\"color: #666666; background-color: #FFFFFF;\">C\u00e2mara de Educa\u00e7\u00e3o Profissional<\/td><td style=\"color: #666666; background-color: #FFFFFF;\">83\/2023<\/td><td style=\"color: #666666; background-color: #FFFFFF;\">11\/05\/2023<\/td><td style=\"color: #666666; background-color: #FFFFFF;\">Disp\u00f5e sobre aprova\u00e7\u00e3o do relat\u00f3rio final de cursos do ICG - Instituto Consci\u00eancia, em Goi\u00e2nia\/GO e d\u00e1 outras provid\u00eancias.\n<\/td><td style=\"color: #0000FF; background-color: #FFFFFF;text-decoration: underline;\"><a href=\"https:\/\/goias.gov.br\/cee\/wp-content\/uploads\/sites\/20\/2023\/10\/2023-83-cep-resolucao.pdf\" target=\"_blank\">ABRIR<\/a><\/td><td style=\"color: #000000; background-color: #FFFFFF;\"><\/td><\/tr><tr><td style=\"color: #666666; background-color: #FFFFFF;\">Resolu\u00e7\u00e3o<\/td><td style=\"color: #666666; background-color: #FFFFFF;\">C\u00e2mara de Educa\u00e7\u00e3o Profissional<\/td><td style=\"color: #666666; background-color: #FFFFFF;\">84\/2023<\/td><td style=\"color: #666666; background-color: #FFFFFF;\">18\/05\/2023<\/td><td style=\"color: #666666; background-color: #FFFFFF;\">Disp\u00f5e sobre o credenciamento e autoriza\u00e7\u00e3o do curso T\u00e9cnico em Enfermagem da Faculdade Evang\u00e9lica de Jaragu\u00e1, localizada em Jaragu\u00e1\/GO, e d\u00e1 outras provid\u00eancias.\n<\/td><td style=\"color: #0000FF; background-color: #FFFFFF;text-decoration: underline;\"><a href=\"https:\/\/goias.gov.br\/cee\/wp-content\/uploads\/sites\/20\/2023\/10\/2023-84-cep-resolucao.pdf\" target=\"_blank\">ABRIR<\/a><\/td><td style=\"color: #000000; background-color: #FFFFFF;\"><\/td><\/tr><tr><td style=\"color: #666666; background-color: #FFFFFF;\">Resolu\u00e7\u00e3o<\/td><td style=\"color: #666666; background-color: #FFFFFF;\">C\u00e2mara de Educa\u00e7\u00e3o Profissional<\/td><td style=\"color: #666666; background-color: #FFFFFF;\">85\/2023<\/td><td style=\"color: #666666; background-color: #FFFFFF;\">18\/05\/2023<\/td><td style=\"color: #666666; background-color: #FFFFFF;\">Disp\u00f5e sobre a renova\u00e7\u00e3o da autoriza\u00e7\u00e3o do curso T\u00e9cnico em Enfermagem do Col\u00e9gio Montes Belos em S\u00e3o Lu\u00eds de Montes Belos\/GO, e d\u00e1 outras provid\u00eancias.<\/td><td style=\"color: #0000FF; background-color: #FFFFFF;text-decoration: underline;\"><a href=\"https:\/\/goias.gov.br\/cee\/wp-content\/uploads\/sites\/20\/2023\/10\/2023-85-cep-resolucao.pdf\" target=\"_blank\">ABRIR<\/a><\/td><td style=\"color: #000000; background-color: #FFFFFF;\"><\/td><\/tr><tr><td style=\"color: #666666; background-color: #FFFFFF;\">Resolu\u00e7\u00e3o<\/td><td style=\"color: #666666; background-color: #FFFFFF;\">C\u00e2mara de Educa\u00e7\u00e3o Profissional<\/td><td style=\"color: #666666; background-color: #FFFFFF;\">86\/2023<\/td><td style=\"color: #666666; background-color: #FFFFFF;\">18\/05\/2023<\/td><td style=\"color: #666666; background-color: #FFFFFF;\">Disp\u00f5e sobre o recredenciamento e a renova\u00e7\u00e3o da autoriza\u00e7\u00e3o do curso T\u00e9cnico em Est\u00e9tica do Col\u00e9gio Montes Belos, localizado em S\u00e3o Lu\u00eds de Montes Belos\/GO, e d\u00e1 outras provid\u00eancias.\n<\/td><td style=\"color: #0000FF; background-color: #FFFFFF;text-decoration: underline;\"><a href=\"https:\/\/goias.gov.br\/cee\/wp-content\/uploads\/sites\/20\/2023\/10\/2023-86-cep-resolucao.pdf\" target=\"_blank\">ABRIR<\/a><\/td><td style=\"color: #000000; background-color: #FFFFFF;\"><\/td><\/tr><tr><td style=\"color: #666666; background-color: #FFFFFF;\">Resolu\u00e7\u00e3o<\/td><td style=\"color: #666666; background-color: #FFFFFF;\">C\u00e2mara de Educa\u00e7\u00e3o Profissional<\/td><td style=\"color: #666666; background-color: #FFFFFF;\">87\/2023<\/td><td style=\"color: #666666; background-color: #FFFFFF;\">25\/05\/2023<\/td><td style=\"color: #666666; background-color: #FFFFFF;\">Disp\u00f5e sobre a autoriza\u00e7\u00e3o do curso T\u00e9cnico em Enfermagem\/EaD do Instituto Educacional Shalom, localizado em Alex\u00e2nia\/GO, e d\u00e1 outras provid\u00eancias.\n<\/td><td style=\"color: #0000FF; background-color: #FFFFFF;text-decoration: underline;\"><a href=\"https:\/\/goias.gov.br\/cee\/wp-content\/uploads\/sites\/20\/2023\/10\/2023-87-cep-resolucao.pdf\" target=\"_blank\">ABRIR<\/a><\/td><td style=\"color: #000000; background-color: #FFFFFF;\"><\/td><\/tr><tr><td style=\"color: #666666; background-color: #FFFFFF;\">Resolu\u00e7\u00e3o<\/td><td style=\"color: #666666; background-color: #FFFFFF;\">C\u00e2mara de Educa\u00e7\u00e3o Profissional<\/td><td style=\"color: #666666; background-color: #FFFFFF;\">88\/2023<\/td><td style=\"color: #666666; background-color: #FFFFFF;\">15\/06\/2023<\/td><td style=\"color: #666666; background-color: #FFFFFF;\">Disp\u00f5e sobre a autoriza\u00e7\u00e3o do curso de Qualifica\u00e7\u00e3o Profissional do Instituto Educacional META, localizada em Luzi\u00e2nia\/GO, e d\u00e1 outras provid\u00eancias.\n<\/td><td style=\"color: #0000FF; background-color: #FFFFFF;text-decoration: underline;\"><a href=\"https:\/\/goias.gov.br\/cee\/wp-content\/uploads\/sites\/20\/2023\/10\/2023-88-cep-resolucao.pdf\" target=\"_blank\">ABRIR<\/a><\/td><td style=\"color: #000000; background-color: #FFFFFF;\"><\/td><\/tr><tr><td style=\"color: #666666; background-color: #FFFFFF;\">Resolu\u00e7\u00e3o<\/td><td style=\"color: #666666; background-color: #FFFFFF;\">C\u00e2mara de Educa\u00e7\u00e3o Profissional<\/td><td style=\"color: #666666; background-color: #FFFFFF;\">89\/2023<\/td><td style=\"color: #666666; background-color: #FFFFFF;\">15\/06\/2023<\/td><td style=\"color: #666666; background-color: #FFFFFF;\">Disp\u00f5e sobre o recredenciamento e a autoriza\u00e7\u00e3o do curso T\u00e9cnico em Enfermagem\/EaD da Escola de Educa\u00e7\u00e3o Profissional Irm\u00e3 Dulce, localizada em Goi\u00e2nia\/GO, e d\u00e1 outras provid\u00eancias.\n<\/td><td style=\"color: #0000FF; background-color: #FFFFFF;text-decoration: underline;\"><a href=\"https:\/\/goias.gov.br\/cee\/wp-content\/uploads\/sites\/20\/2023\/10\/2023-89-cep-resolucao.pdf\" target=\"_blank\">ABRIR<\/a><\/td><td style=\"color: #000000; background-color: #FFFFFF;\"><\/td><\/tr><tr><td style=\"color: #666666; background-color: #FFFFFF;\">Resolu\u00e7\u00e3o<\/td><td style=\"color: #666666; background-color: #FFFFFF;\">C\u00e2mara de Educa\u00e7\u00e3o Profissional<\/td><td style=\"color: #666666; background-color: #FFFFFF;\">90\/2023<\/td><td style=\"color: #666666; background-color: #FFFFFF;\">22\/06\/2023<\/td><td style=\"color: #666666; background-color: #FFFFFF;\">Disp\u00f5e sobre o credenciamento e a autoriza\u00e7\u00e3o do curso T\u00e9cnico em Eletrot\u00e9cnica do CETEM Centro de Treinamento El\u00e9trico Morrinhos, localizado em Morrinhos\/GO, e d\u00e1 outras provid\u00eancias.\n<\/td><td style=\"color: #0000FF; background-color: #FFFFFF;text-decoration: underline;\"><a href=\"https:\/\/goias.gov.br\/cee\/wp-content\/uploads\/sites\/20\/2023\/10\/2023-90-cep-resolucao.pdf\" target=\"_blank\">ABRIR<\/a><\/td><td style=\"color: #000000; background-color: #FFFFFF;\"><\/td><\/tr><tr><td style=\"color: #666666; background-color: #FFFFFF;\">Resolu\u00e7\u00e3o<\/td><td style=\"color: #666666; background-color: #FFFFFF;\">C\u00e2mara de Educa\u00e7\u00e3o Profissional<\/td><td style=\"color: #666666; background-color: #FFFFFF;\">91\/2023<\/td><td style=\"color: #666666; background-color: #FFFFFF;\">22\/06\/2023<\/td><td style=\"color: #666666; background-color: #FFFFFF;\">Disp\u00f5e sobre o credenciamento e a autoriza\u00e7\u00e3o do curso T\u00e9cnico em Enfermagem do IBA Instituto Brunna Andrade, localizado em \/GO, e d\u00e1 outras provid\u00eancias.\n<\/td><td style=\"color: #0000FF; background-color: #FFFFFF;text-decoration: underline;\"><a href=\"https:\/\/goias.gov.br\/cee\/wp-content\/uploads\/sites\/20\/2023\/10\/2023-91-cep-resolucao.pdf\" target=\"_blank\">ABRIR<\/a><\/td><td style=\"color: #000000; background-color: #FFFFFF;\"><\/td><\/tr><tr><td style=\"color: #666666; background-color: #FFFFFF;\">Resolu\u00e7\u00e3o<\/td><td style=\"color: #666666; background-color: #FFFFFF;\">C\u00e2mara de Educa\u00e7\u00e3o Profissional<\/td><td style=\"color: #666666; background-color: #FFFFFF;\">92\/2023<\/td><td style=\"color: #666666; background-color: #FFFFFF;\">06\/07\/2023<\/td><td style=\"color: #666666; background-color: #FFFFFF;\">Disp\u00f5e sobre autoriza\u00e7\u00e3o do curso T\u00e9cnico em Inform\u00e1tica da Educativa Cursos, localizado em Luzi\u00e2nia\/GO, e d\u00e1 outras provid\u00eancias\n<\/td><td style=\"color: #0000FF; background-color: #FFFFFF;text-decoration: underline;\"><a href=\"https:\/\/goias.gov.br\/cee\/wp-content\/uploads\/sites\/20\/2023\/10\/2023-92-cep-resolucao.pdf\" target=\"_blank\">ABRIR<\/a><\/td><td style=\"color: #000000; background-color: #FFFFFF;\"><\/td><\/tr><tr><td style=\"color: #666666; background-color: #FFFFFF;\">Resolu\u00e7\u00e3o<\/td><td style=\"color: #666666; background-color: #FFFFFF;\">C\u00e2mara de Educa\u00e7\u00e3o Profissional<\/td><td style=\"color: #666666; background-color: #FFFFFF;\">93\/2023<\/td><td style=\"color: #666666; background-color: #FFFFFF;\">06\/07\/2023<\/td><td style=\"color: #666666; background-color: #FFFFFF;\">Disp\u00f5e sobre o recredenciamento e renova\u00e7\u00e3o do curso t\u00e9cnico em Enfermagem do Centro Prime de Ensino, localizado em Trindade\/GO, e d\u00e1 outras provid\u00eancias.<\/td><td style=\"color: #0000FF; background-color: #FFFFFF;text-decoration: underline;\"><a href=\"https:\/\/goias.gov.br\/cee\/wp-content\/uploads\/sites\/20\/2023\/10\/2023-93-cep-resolucao.pdf\" target=\"_blank\">ABRIR<\/a><\/td><td style=\"color: #000000; background-color: #FFFFFF;\"><\/td><\/tr><tr><td style=\"color: #666666; background-color: #FFFFFF;\">Resolu\u00e7\u00e3o<\/td><td style=\"color: #666666; background-color: #FFFFFF;\">C\u00e2mara de Educa\u00e7\u00e3o Profissional<\/td><td style=\"color: #666666; background-color: #FFFFFF;\">94\/2023<\/td><td style=\"color: #666666; background-color: #FFFFFF;\">06\/07\/2023<\/td><td style=\"color: #666666; background-color: #FFFFFF;\">Disp\u00f5e sobre aprova\u00e7\u00e3o do Relat\u00f3rio de curso do Centro de Capacita\u00e7\u00e3o de Profissionais de Educa\u00e7\u00e3o e de Atendimento as Pessoas com Surdez\/CAS, localizado em Goi\u00e2nia\/GO, e d\u00e1 outras provid\u00eancias.\n<\/td><td style=\"color: #0000FF; background-color: #FFFFFF;text-decoration: underline;\"><a href=\"https:\/\/goias.gov.br\/cee\/wp-content\/uploads\/sites\/20\/2023\/10\/2023-94-cep-resolucao.pdf\" target=\"_blank\">ABRIR<\/a><\/td><td style=\"color: #000000; background-color: #FFFFFF;\"><\/td><\/tr><tr><td style=\"color: #666666; background-color: #FFFFFF;\">Resolu\u00e7\u00e3o<\/td><td style=\"color: #666666; background-color: #FFFFFF;\">C\u00e2mara de Educa\u00e7\u00e3o Profissional<\/td><td style=\"color: #666666; background-color: #FFFFFF;\">95\/2023<\/td><td style=\"color: #666666; background-color: #FFFFFF;\">13\/07\/2023<\/td><td style=\"color: #666666; background-color: #FFFFFF;\">Disp\u00f5e sobre o credenciamento e a autoriza\u00e7\u00e3o do curso T\u00e9cnico em Recursos Humanos do COTEC - Col\u00e9gio Tecnol\u00f3gico do Estado de Goi\u00e1s Carmem Dutra de Ara\u00fajo, localizado em Formosa\/GO, e d\u00e1 outras provid\u00eancias.\n<\/td><td style=\"color: #0000FF; background-color: #FFFFFF;text-decoration: underline;\"><a href=\"https:\/\/goias.gov.br\/cee\/wp-content\/uploads\/sites\/20\/2023\/10\/2023-95-cep-resolucao.pdf\" target=\"_blank\">ABRIR<\/a><\/td><td style=\"color: #000000; background-color: #FFFFFF;\"><\/td><\/tr><tr><td style=\"color: #666666; background-color: #FFFFFF;\">Resolu\u00e7\u00e3o<\/td><td style=\"color: #666666; background-color: #FFFFFF;\">C\u00e2mara de Educa\u00e7\u00e3o Profissional<\/td><td style=\"color: #666666; background-color: #FFFFFF;\">96\/2023<\/td><td style=\"color: #666666; background-color: #FFFFFF;\">03\/08\/2023<\/td><td style=\"color: #666666; background-color: #FFFFFF;\">Disp\u00f5e sobre autoriza\u00e7\u00e3o do curso T\u00e9cnico em Agropecu\u00e1ria do Col\u00e9gio Maria Montessori, localizado em Cristalina\/GO, e d\u00e1 outras provid\u00eancias<\/td><td style=\"color: #0000FF; background-color: #FFFFFF;text-decoration: underline;\"><a href=\"https:\/\/goias.gov.br\/cee\/wp-content\/uploads\/sites\/20\/2023\/10\/2023-96-cep-resolucao.pdf\" target=\"_blank\">ABRIR<\/a><\/td><td style=\"color: #000000; background-color: #FFFFFF;\"><\/td><\/tr><tr><td style=\"color: #666666; background-color: #FFFFFF;\">Resolu\u00e7\u00e3o<\/td><td style=\"color: #666666; background-color: #FFFFFF;\">C\u00e2mara de Educa\u00e7\u00e3o Profissional<\/td><td style=\"color: #666666; background-color: #FFFFFF;\">97\/2023<\/td><td style=\"color: #666666; background-color: #FFFFFF;\">10\/08\/2023<\/td><td style=\"color: #666666; background-color: #FFFFFF;\">Disp\u00f5e sobre o credenciamento e a autoriza\u00e7\u00e3o do Curso T\u00e9cnico em Seguran\u00e7a do Trabalho do Col\u00e9gio e Faculdade Din\u00e2mica, localizado em Santa Terezinha de Goi\u00e1s\/GO, e d\u00e1 outras provid\u00eancias.\n<\/td><td style=\"color: #0000FF; background-color: #FFFFFF;text-decoration: underline;\"><a href=\"https:\/\/goias.gov.br\/cee\/wp-content\/uploads\/sites\/20\/2023\/10\/2023-97-cep-resolucao.pdf\" target=\"_blank\">ABRIR<\/a><\/td><td style=\"color: #000000; background-color: #FFFFFF;\"><\/td><\/tr><tr><td style=\"color: #666666; background-color: #FFFFFF;\">Resolu\u00e7\u00e3o<\/td><td style=\"color: #666666; background-color: #FFFFFF;\">C\u00e2mara de Educa\u00e7\u00e3o Profissional<\/td><td style=\"color: #666666; background-color: #FFFFFF;\">98\/2023<\/td><td style=\"color: #666666; background-color: #FFFFFF;\">10\/08\/2023<\/td><td style=\"color: #666666; background-color: #FFFFFF;\">Disp\u00f5e sobre a renova\u00e7\u00e3o da autoriza\u00e7\u00e3o do Curso T\u00e9cnico em Enfermagem do Centro Tecnol\u00f3gico Paula Pasquali, localizado em Quirin\u00f3polis\/GO, e d\u00e1 outras provid\u00eancias.<\/td><td style=\"color: #0000FF; background-color: #FFFFFF;text-decoration: underline;\"><a href=\"https:\/\/goias.gov.br\/cee\/wp-content\/uploads\/sites\/20\/2023\/10\/2023-98-cep-resolucao.pdf\" target=\"_blank\">ABRIR<\/a><\/td><td style=\"color: #000000; background-color: #FFFFFF;\"><\/td><\/tr><tr><td style=\"color: #666666; background-color: #FFFFFF;\">Resolu\u00e7\u00e3o<\/td><td style=\"color: #666666; background-color: #FFFFFF;\">C\u00e2mara de Educa\u00e7\u00e3o Profissional<\/td><td style=\"color: #666666; background-color: #FFFFFF;\">99\/2023<\/td><td style=\"color: #666666; background-color: #FFFFFF;\">10\/08\/2023<\/td><td style=\"color: #666666; background-color: #FFFFFF;\">Disp\u00f5e sobre autoriza\u00e7\u00e3o do Projeto de curso do Secretaria de Estado da Educa\u00e7\u00e3o de Goi\u00e1s (SEDUC) e Conselho Estadual de Educa\u00e7\u00e3o de Goi\u00e1s, localizados em Goi\u00e2nia\/GO, e d\u00e1 outras provid\u00eancias.<\/td><td style=\"color: #0000FF; background-color: #FFFFFF;text-decoration: underline;\"><a href=\"https:\/\/goias.gov.br\/cee\/wp-content\/uploads\/sites\/20\/2023\/10\/2023-99-cep-resolucao.pdf\" target=\"_blank\">ABRIR<\/a><\/td><td style=\"color: #000000; background-color: #FFFFFF;\"><\/td><\/tr><tr><td style=\"color: #666666; background-color: #FFFFFF;\">Resolu\u00e7\u00e3o<\/td><td style=\"color: #666666; background-color: #FFFFFF;\">C\u00e2mara de Educa\u00e7\u00e3o Profissional<\/td><td style=\"color: #666666; background-color: #FFFFFF;\">100\/2023<\/td><td style=\"color: #666666; background-color: #FFFFFF;\">10\/08\/2023<\/td><td style=\"color: #666666; background-color: #FFFFFF;\">Disp\u00f5e sobre autoriza\u00e7\u00e3o do Projetos de cursos do Secretaria de Estado da Educa\u00e7\u00e3o de Goi\u00e1s (SEDUC) e Conselho Estadual de Educa\u00e7\u00e3o de Goi\u00e1s, localizados em Goi\u00e2nia\/GO, e d\u00e1 outras provid\u00eancias.\n<\/td><td style=\"color: #0000FF; background-color: #FFFFFF;text-decoration: underline;\"><a href=\"https:\/\/goias.gov.br\/cee\/wp-content\/uploads\/sites\/20\/2023\/10\/2023-100-cep-resolucao.pdf\" target=\"_blank\">ABRIR<\/a><\/td><td style=\"color: #000000; background-color: #FFFFFF;\"><\/td><\/tr><tr><td style=\"color: #666666; background-color: #FFFFFF;\">Resolu\u00e7\u00e3o<\/td><td style=\"color: #666666; background-color: #FFFFFF;\">C\u00e2mara de Educa\u00e7\u00e3o Profissional<\/td><td style=\"color: #666666; background-color: #FFFFFF;\">101\/2023<\/td><td style=\"color: #666666; background-color: #FFFFFF;\">17\/08\/2023<\/td><td style=\"color: #666666; background-color: #FFFFFF;\">Disp\u00f5e sobre o recredenciamento e a autoriza\u00e7\u00e3o do curso T\u00e9cnico em Finan\u00e7as do COTEC - Col\u00e9gio Tecnol\u00f3gico do Estado de Goi\u00e1s Agnaldo de Campos Netto, localizado em Catal\u00e3o\/GO, e d\u00e1 outras provid\u00eancias.\n<\/td><td style=\"color: #0000FF; background-color: #FFFFFF;text-decoration: underline;\"><a href=\"https:\/\/goias.gov.br\/cee\/wp-content\/uploads\/sites\/20\/2023\/10\/2023-101-cep-resolucao.pdf\" target=\"_blank\">ABRIR<\/a><\/td><td style=\"color: #000000; background-color: #FFFFFF;\"><\/td><\/tr><tr><td style=\"color: #666666; background-color: #FFFFFF;\">Resolu\u00e7\u00e3o<\/td><td style=\"color: #666666; background-color: #FFFFFF;\">C\u00e2mara de Educa\u00e7\u00e3o Profissional<\/td><td style=\"color: #666666; background-color: #FFFFFF;\">102\/2023<\/td><td style=\"color: #666666; background-color: #FFFFFF;\">17\/08\/2023<\/td><td style=\"color: #666666; background-color: #FFFFFF;\">Disp\u00f5e sobre a autoriza\u00e7\u00e3o do curso T\u00e9cnico em Seguran\u00e7a do trabalho do COTEC - Col\u00e9gio Tecnol\u00f3gico do Estado de Goi\u00e1s Aguinaldo de Campos Netto, localizado em Catal\u00e3o\/GO, e d\u00e1 outras provid\u00eancias.<\/td><td style=\"color: #0000FF; background-color: #FFFFFF;text-decoration: underline;\"><a href=\"https:\/\/goias.gov.br\/cee\/wp-content\/uploads\/sites\/20\/2023\/10\/2023-102-cep-resolucao.pdf\" target=\"_blank\">ABRIR<\/a><\/td><td style=\"color: #000000; background-color: #FFFFFF;\"><\/td><\/tr><tr><td style=\"color: #666666; background-color: #FFFFFF;\">Resolu\u00e7\u00e3o<\/td><td style=\"color: #666666; background-color: #FFFFFF;\">C\u00e2mara de Educa\u00e7\u00e3o Profissional<\/td><td style=\"color: #666666; background-color: #FFFFFF;\">103\/2023<\/td><td style=\"color: #666666; background-color: #FFFFFF;\">17\/08\/2023<\/td><td style=\"color: #666666; background-color: #FFFFFF;\">Disp\u00f5e sobre a autoriza\u00e7\u00e3o do Curso T\u00e9cnico em Agricultura do Col\u00e9gio Tecnol\u00f3gico do Estado de Goi\u00e1s Agnaldo de Campos Netto, localizado em Catal\u00e3o\/GO, e d\u00e1 outras provid\u00eancias.\n<\/td><td style=\"color: #0000FF; background-color: #FFFFFF;text-decoration: underline;\"><a href=\"https:\/\/goias.gov.br\/cee\/wp-content\/uploads\/sites\/20\/2023\/10\/2023-103-cep-resolucao.pdf\" target=\"_blank\">ABRIR<\/a><\/td><td style=\"color: #000000; background-color: #FFFFFF;\"><\/td><\/tr><tr><td style=\"color: #666666; background-color: #FFFFFF;\">Resolu\u00e7\u00e3o<\/td><td style=\"color: #666666; background-color: #FFFFFF;\">C\u00e2mara de Educa\u00e7\u00e3o Profissional<\/td><td style=\"color: #666666; background-color: #FFFFFF;\">104\/2023<\/td><td style=\"color: #666666; background-color: #FFFFFF;\">24\/08\/2023<\/td><td style=\"color: #666666; background-color: #FFFFFF;\">Disp\u00f5e sobre o Recredenciamento e a renova\u00e7\u00e3o da autoriza\u00e7\u00e3o do curso T\u00e9cnico em Recursos Humanos\/EaD do Col\u00e9gio Tecnol\u00f3gico do Estado de Goi\u00e1s Sebasti\u00e3o de Siqueira, localizado em Goi\u00e2nia\/GO, e d\u00e1 outras provid\u00eancias.\n<\/td><td style=\"color: #0000FF; background-color: #FFFFFF;text-decoration: underline;\"><a href=\"https:\/\/goias.gov.br\/cee\/wp-content\/uploads\/sites\/20\/2023\/10\/2023-104-cep-resolucao.pdf\" target=\"_blank\">ABRIR<\/a><\/td><td style=\"color: #000000; background-color: #FFFFFF;\"><\/td><\/tr><tr><td style=\"color: #666666; background-color: #FFFFFF;\">Resolu\u00e7\u00e3o<\/td><td style=\"color: #666666; background-color: #FFFFFF;\">C\u00e2mara de Educa\u00e7\u00e3o Profissional<\/td><td style=\"color: #666666; background-color: #FFFFFF;\">105\/2023<\/td><td style=\"color: #666666; background-color: #FFFFFF;\">24\/08\/2023<\/td><td style=\"color: #666666; background-color: #FFFFFF;\">Disp\u00f5e sobre a autoriza\u00e7\u00e3o do curso T\u00e9cnico em Finan\u00e7as do Col\u00e9gio Tecnol\u00f3gico do Estado de Goi\u00e1s Sebasti\u00e3o de Siqueira, localizado em Goi\u00e2nia\/GO, e d\u00e1 outras provid\u00eancias.\n<\/td><td style=\"color: #0000FF; background-color: #FFFFFF;text-decoration: underline;\"><a href=\"https:\/\/goias.gov.br\/cee\/wp-content\/uploads\/sites\/20\/2023\/10\/2023-105-cep-resolucao.pdf\" target=\"_blank\">ABRIR<\/a><\/td><td style=\"color: #000000; background-color: #FFFFFF;\"><\/td><\/tr><tr><td style=\"color: #666666; background-color: #FFFFFF;\">Resolu\u00e7\u00e3o<\/td><td style=\"color: #666666; background-color: #FFFFFF;\">C\u00e2mara de Educa\u00e7\u00e3o Profissional<\/td><td style=\"color: #666666; background-color: #FFFFFF;\">106\/2023<\/td><td style=\"color: #666666; background-color: #FFFFFF;\">24\/08\/2023<\/td><td style=\"color: #666666; background-color: #FFFFFF;\">Disp\u00f5e sobre a autoriza\u00e7\u00e3o do Curso T\u00e9cnico em Manuten\u00e7\u00e3o e Suporte em Inform\u00e1tica do Programa Pronatec\/MedioTEC, em Goi\u00e2nia\/GO e d\u00e1 outras provid\u00eancias.\n<\/td><td style=\"color: #0000FF; background-color: #FFFFFF;text-decoration: underline;\"><a href=\"https:\/\/goias.gov.br\/cee\/wp-content\/uploads\/sites\/20\/2023\/10\/2023-106-cep-resolucao.pdf\" target=\"_blank\">ABRIR<\/a><\/td><td style=\"color: #000000; background-color: #FFFFFF;\"><\/td><\/tr><tr><td style=\"color: #666666; background-color: #FFFFFF;\">Resolu\u00e7\u00e3o<\/td><td style=\"color: #666666; background-color: #FFFFFF;\">C\u00e2mara de Educa\u00e7\u00e3o Profissional<\/td><td style=\"color: #666666; background-color: #FFFFFF;\">107\/2023<\/td><td style=\"color: #666666; background-color: #FFFFFF;\">24\/08\/2023<\/td><td style=\"color: #666666; background-color: #FFFFFF;\">Disp\u00f5e sobre a autoriza\u00e7\u00e3o do Curso T\u00e9cnico em Administra\u00e7\u00e3o do Programa Pronatec\/MedioTEC, em Itapac\u00ed\/GO e d\u00e1 outras provid\u00eancias.<\/td><td style=\"color: #0000FF; background-color: #FFFFFF;text-decoration: underline;\"><a href=\"https:\/\/goias.gov.br\/cee\/wp-content\/uploads\/sites\/20\/2023\/10\/2023-107-cep-resolucao.pdf\" target=\"_blank\">ABRIR<\/a><\/td><td style=\"color: #000000; background-color: #FFFFFF;\"><\/td><\/tr><tr><td style=\"color: #666666; background-color: #FFFFFF;\">Resolu\u00e7\u00e3o<\/td><td style=\"color: #666666; background-color: #FFFFFF;\">C\u00e2mara de Educa\u00e7\u00e3o Profissional<\/td><td style=\"color: #666666; background-color: #FFFFFF;\">108\/2023<\/td><td style=\"color: #666666; background-color: #FFFFFF;\">24\/08\/2023<\/td><td style=\"color: #666666; background-color: #FFFFFF;\">Disp\u00f5e sobre a autoriza\u00e7\u00e3o do Curso T\u00e9cnico em Manuten\u00e7\u00e3o e Suporte em Inform\u00e1tica do Programa Pronatec\/MedioTEC, em Cristalina\/GO e d\u00e1 outras provid\u00eancias.\n<\/td><td style=\"color: #0000FF; background-color: #FFFFFF;text-decoration: underline;\"><a href=\"https:\/\/goias.gov.br\/cee\/wp-content\/uploads\/sites\/20\/2023\/10\/2023-108-cep-resolucao.pdf\" target=\"_blank\">ABRIR<\/a><\/td><td style=\"color: #000000; background-color: #FFFFFF;\"><\/td><\/tr><tr><td style=\"color: #666666; background-color: #FFFFFF;\">Resolu\u00e7\u00e3o<\/td><td style=\"color: #666666; background-color: #FFFFFF;\">C\u00e2mara de Educa\u00e7\u00e3o Profissional<\/td><td style=\"color: #666666; background-color: #FFFFFF;\">109\/2023<\/td><td style=\"color: #666666; background-color: #FFFFFF;\">31\/08\/2023<\/td><td style=\"color: #666666; background-color: #FFFFFF;\">Disp\u00f5e sobre o recredenciamento e autoriza\u00e7\u00e3o do curso T\u00e9cnico em Sa\u00fade Bucal do Col\u00e9gio Tecnol\u00f3gico do Estado de Goi\u00e1s Goiandira Ayres do Couto, localizado na Cidade de Goi\u00e1s\/GO, e d\u00e1 outras provid\u00eancias.<\/td><td style=\"color: #0000FF; background-color: #FFFFFF;text-decoration: underline;\"><a href=\"https:\/\/goias.gov.br\/cee\/wp-content\/uploads\/sites\/20\/2023\/10\/2023-109-cep-resolucao.pdf\" target=\"_blank\">ABRIR<\/a><\/td><td style=\"color: #000000; background-color: #FFFFFF;\"><\/td><\/tr><tr><td style=\"color: #666666; background-color: #FFFFFF;\">Resolu\u00e7\u00e3o<\/td><td style=\"color: #666666; background-color: #FFFFFF;\">C\u00e2mara de Educa\u00e7\u00e3o Profissional<\/td><td style=\"color: #666666; background-color: #FFFFFF;\">110\/2023<\/td><td style=\"color: #666666; background-color: #FFFFFF;\">31\/08\/2023<\/td><td style=\"color: #666666; background-color: #FFFFFF;\">Disp\u00f5e sobre a autoriza\u00e7\u00e3o do curso T\u00e9cnico em Gastronomia do Col\u00e9gio Tecnol\u00f3gico do Estado de Goi\u00e1s Goiandira Ayres do Couto, localizado na Cidade de Goi\u00e1s\/GO, e d\u00e1 outras provid\u00eancias.\n<\/td><td style=\"color: #0000FF; background-color: #FFFFFF;text-decoration: underline;\"><a href=\"https:\/\/siteshom.goias.gov.br\/cee\/wp-content\/uploads\/sites\/20\/2023\/10\/2023-110-cep-resolucao.pdf\" target=\"_blank\">ABRIR<\/a><\/td><td style=\"color: #000000; background-color: #FFFFFF;\"><\/td><\/tr><tr><td style=\"color: #666666; background-color: #FFFFFF;\">Resolu\u00e7\u00e3o<\/td><td style=\"color: #666666; background-color: #FFFFFF;\">C\u00e2mara de Educa\u00e7\u00e3o Profissional<\/td><td style=\"color: #666666; background-color: #FFFFFF;\">111\/2023<\/td><td style=\"color: #666666; background-color: #FFFFFF;\">31\/08\/2023<\/td><td style=\"color: #666666; background-color: #FFFFFF;\">Disp\u00f5e sobre a autoriza\u00e7\u00e3o do curso T\u00e9cnico em Enfermagem do Col\u00e9gio Tecnol\u00f3gico do Estado de Goi\u00e1s Goiandira Ayres do Couto, localizado na Cidade de Goi\u00e1s\/GO, e d\u00e1 outras provid\u00eancias.<\/td><td style=\"color: #0000FF; background-color: #FFFFFF;text-decoration: underline;\"><a href=\"https:\/\/goias.gov.br\/cee\/wp-content\/uploads\/sites\/20\/2023\/10\/2023-111-cep-resolucao.pdf\" target=\"_blank\">ABRIR<\/a><\/td><td style=\"color: #000000; background-color: #FFFFFF;\"><\/td><\/tr><tr><td style=\"color: #666666; background-color: #FFFFFF;\">Resolu\u00e7\u00e3o<\/td><td style=\"color: #666666; background-color: #FFFFFF;\">C\u00e2mara de Educa\u00e7\u00e3o Profissional<\/td><td style=\"color: #666666; background-color: #FFFFFF;\">112\/2023<\/td><td style=\"color: #666666; background-color: #FFFFFF;\">31\/08\/2023<\/td><td style=\"color: #666666; background-color: #FFFFFF;\">Disp\u00f5e sobre a autoriza\u00e7\u00e3o do curso T\u00e9cnico em Enfermagem do Col\u00e9gio Tecnol\u00f3gico do Estado de Goi\u00e1s Goiandira Ayres do Couto, localizado na Cidade de Goi\u00e1s\/GO, e d\u00e1 outras provid\u00eancias.<\/td><td style=\"color: #0000FF; background-color: #FFFFFF;text-decoration: underline;\"><a href=\"https:\/\/siteshom.goias.gov.br\/cee\/wp-content\/uploads\/sites\/20\/2023\/10\/2023-111-cep-resolucao.pdf\" target=\"_blank\">ABRIR<\/a><\/td><td style=\"color: #000000; background-color: #FFFFFF;\"><\/td><\/tr><tr><td style=\"color: #666666; background-color: #FFFFFF;\">Resolu\u00e7\u00e3o<\/td><td style=\"color: #666666; background-color: #FFFFFF;\">C\u00e2mara de Educa\u00e7\u00e3o Profissional<\/td><td style=\"color: #666666; background-color: #FFFFFF;\">113\/2023<\/td><td style=\"color: #666666; background-color: #FFFFFF;\">31\/08\/2023<\/td><td style=\"color: #666666; background-color: #FFFFFF;\">Disp\u00f5e sobre a autoriza\u00e7\u00e3o do curso T\u00e9cnico em Modelagem de Vestu\u00e1rio do Col\u00e9gio Tecnol\u00f3gico do Estado de Goi\u00e1s Goiandira Ayres do Couto, localizado na Cidade de Goi\u00e1s\/GO, e d\u00e1 outras provid\u00eancias.<\/td><td style=\"color: #0000FF; background-color: #FFFFFF;text-decoration: underline;\"><a href=\"https:\/\/goias.gov.br\/cee\/wp-content\/uploads\/sites\/20\/2023\/10\/2023-112-cep-resolucao.pdf\" target=\"_blank\">ABRIR<\/a><\/td><td style=\"color: #000000; background-color: #FFFFFF;\"><\/td><\/tr><tr><td style=\"color: #666666; background-color: #FFFFFF;\">Resolu\u00e7\u00e3o<\/td><td style=\"color: #666666; background-color: #FFFFFF;\">C\u00e2mara de Educa\u00e7\u00e3o Profissional<\/td><td style=\"color: #666666; background-color: #FFFFFF;\">114\/2023<\/td><td style=\"color: #666666; background-color: #FFFFFF;\">14\/09\/2023<\/td><td style=\"color: #666666; background-color: #FFFFFF;\">Disp\u00f5e sobre o recredenciamento e renova\u00e7\u00e3o da autoriza\u00e7\u00e3o do curso T\u00e9cnico em Transa\u00e7\u00f5es Imobili\u00e1rias\/EaD do Col\u00e9gio Impacto de Porangatu, localizado em Porangatu\/GO, e d\u00e1 outras provid\u00eancias.<\/td><td style=\"color: #0000FF; background-color: #FFFFFF;text-decoration: underline;\"><a href=\"https:\/\/goias.gov.br\/cee\/wp-content\/uploads\/sites\/20\/2023\/10\/2023-113-cep-resolucao.pdf\" target=\"_blank\">ABRIR<\/a><\/td><td style=\"color: #000000; background-color: #FFFFFF;\"><\/td><\/tr><tr><td style=\"color: #666666; background-color: #FFFFFF;\">Resolu\u00e7\u00e3o<\/td><td style=\"color: #666666; background-color: #FFFFFF;\">C\u00e2mara de Educa\u00e7\u00e3o Profissional<\/td><td style=\"color: #666666; background-color: #FFFFFF;\">115\/2023<\/td><td style=\"color: #666666; background-color: #FFFFFF;\">31\/08\/2023<\/td><td style=\"color: #666666; background-color: #FFFFFF;\">Disp\u00f5e sobre a renova\u00e7\u00e3o da autoriza\u00e7\u00e3o do curso T\u00e9cnico em Enfermagem\/EaD do Col\u00e9gio Impacto de Porangatu, localizado em Porangatu\/GO, e d\u00e1 outras provid\u00eancias.\n<\/td><td style=\"color: #0000FF; background-color: #FFFFFF;text-decoration: underline;\"><a href=\"https:\/\/goias.gov.br\/cee\/wp-content\/uploads\/sites\/20\/2023\/10\/2023-114-cep-resolucao.pdf\" target=\"_blank\">ABRIR<\/a><\/td><td style=\"color: #000000; background-color: #FFFFFF;\"><\/td><\/tr><tr><td style=\"color: #666666; background-color: #FFFFFF;\">Resolu\u00e7\u00e3o<\/td><td style=\"color: #666666; background-color: #FFFFFF;\">C\u00e2mara de Educa\u00e7\u00e3o Profissional<\/td><td style=\"color: #666666; background-color: #FFFFFF;\">123\/2023<\/td><td style=\"color: #666666; background-color: #FFFFFF;\">31\/08\/2023<\/td><td style=\"color: #666666; background-color: #FFFFFF;\">Disp\u00f5e sobre aprova\u00e7\u00e3o do Relat\u00f3rio de curso do Centro de Estudo e Pesquisa Ciranda da Arte localizado em Goi\u00e2nia\/GO, e d\u00e1 outras provid\u00eancias.\n<\/td><td style=\"color: #0000FF; background-color: #FFFFFF;text-decoration: underline;\"><a href=\"https:\/\/goias.gov.br\/cee\/wp-content\/uploads\/sites\/20\/2023\/10\/2023-115-cep-resolucao.pdf\" target=\"_blank\">ABRIR<\/a><\/td><td style=\"color: #000000; background-color: #FFFFFF;\"><\/td><\/tr><tr><td style=\"color: #666666; background-color: #FFFFFF;\">Resolu\u00e7\u00e3o<\/td><td style=\"color: #666666; background-color: #FFFFFF;\">C\u00e2mara de Educa\u00e7\u00e3o Profissional<\/td><td style=\"color: #666666; background-color: #FFFFFF;\">124\/2023<\/td><td style=\"color: #666666; background-color: #FFFFFF;\">27\/09\/2023<\/td><td style=\"color: #666666; background-color: #FFFFFF;\">Disp\u00f5e sobre a autoriza\u00e7\u00e3o do curso T\u00e9cnico em Log\u00edstica do Programa Pronatec\/MedioTEC, em Itumbiara\/GO e d\u00e1 outras provid\u00eancias.<\/td><td style=\"color: #0000FF; background-color: #FFFFFF;text-decoration: underline;\"><a href=\"https:\/\/goias.gov.br\/cee\/wp-content\/uploads\/sites\/20\/2023\/12\/2023-124-cep-resolucao.pdf\" target=\"_blank\">ABRIR<\/a><\/td><td style=\"color: #000000; background-color: #FFFFFF;\"><\/td><\/tr><tr><td style=\"color: #666666; background-color: #FFFFFF;\">Resolu\u00e7\u00e3o<\/td><td style=\"color: #666666; background-color: #FFFFFF;\">C\u00e2mara de Educa\u00e7\u00e3o Profissional<\/td><td style=\"color: #666666; background-color: #FFFFFF;\">125\/2023<\/td><td style=\"color: #666666; background-color: #FFFFFF;\">27\/09\/2023<\/td><td style=\"color: #666666; background-color: #FFFFFF;\">Disp\u00f5e sobre a autoriza\u00e7\u00e3o do curso T\u00e9cnico em Agroneg\u00f3cio do Programa Pronatec\/MedioTEC, em Rio Verde\/GO e d\u00e1 outras provid\u00eancias<\/td><td style=\"color: #0000FF; background-color: #FFFFFF;text-decoration: underline;\"><a href=\"https:\/\/goias.gov.br\/cee\/wp-content\/uploads\/sites\/20\/2023\/12\/2023-125-cep-resolucao.pdf\" target=\"_blank\">ABRIR<\/a><\/td><td style=\"color: #000000; background-color: #FFFFFF;\"><\/td><\/tr><tr><td style=\"color: #666666; background-color: #FFFFFF;\">Resolu\u00e7\u00e3o<\/td><td style=\"color: #666666; background-color: #FFFFFF;\">C\u00e2mara de Educa\u00e7\u00e3o Profissional<\/td><td style=\"color: #666666; background-color: #FFFFFF;\">126\/2023<\/td><td style=\"color: #666666; background-color: #FFFFFF;\">27\/09\/2023<\/td><td style=\"color: #666666; background-color: #FFFFFF;\">Disp\u00f5e sobre a autoriza\u00e7\u00e3o do Curso T\u00e9cnico em Agroecologia do\nPrograma Pronatec\/MedioTEC, em S\u00e3o Miguel do Araguaia\/GO e d\u00e1\noutras provid\u00eancias.\n<\/td><td style=\"color: #0000FF; background-color: #FFFFFF;text-decoration: underline;\"><a href=\"https:\/\/goias.gov.br\/cee\/wp-content\/uploads\/sites\/20\/2023\/12\/2023-126-cep-resolucao.pdf\" target=\"_blank\">ABRIR<\/a><\/td><td style=\"color: #000000; background-color: #FFFFFF;\"><\/td><\/tr><tr><td style=\"color: #666666; background-color: #FFFFFF;\">Resolu\u00e7\u00e3o<\/td><td style=\"color: #666666; background-color: #FFFFFF;\">C\u00e2mara de Educa\u00e7\u00e3o Profissional<\/td><td style=\"color: #666666; background-color: #FFFFFF;\">127\/2023<\/td><td style=\"color: #666666; background-color: #FFFFFF;\">27\/09\/2023<\/td><td style=\"color: #666666; background-color: #FFFFFF;\">Disp\u00f5e sobre a autoriza\u00e7\u00e3o do Curso T\u00e9cnico em Administra\u00e7\u00e3o do Programa Pronatec\/MedioTEC, em Trindade\/GO e d\u00e1 outras provid\u00eancias.<\/td><td style=\"color: #0000FF; background-color: #FFFFFF;text-decoration: underline;\"><a href=\"https:\/\/goias.gov.br\/cee\/wp-content\/uploads\/sites\/20\/2023\/12\/2023-127-cep-resolucao.pdf\" target=\"_blank\">ABRIR<\/a><\/td><td style=\"color: #000000; background-color: #FFFFFF;\"><\/td><\/tr><tr><td style=\"color: #666666; background-color: #FFFFFF;\">Resolu\u00e7\u00e3o<\/td><td style=\"color: #666666; background-color: #FFFFFF;\">C\u00e2mara de Educa\u00e7\u00e3o Profissional<\/td><td style=\"color: #666666; background-color: #FFFFFF;\">128\/2023<\/td><td style=\"color: #666666; background-color: #FFFFFF;\">27\/09\/2023<\/td><td style=\"color: #666666; background-color: #FFFFFF;\">Disp\u00f5e sobre aprova\u00e7\u00e3o do Relat\u00f3rio de curso do Centro de Capacita\u00e7\u00e3o de Professionais da Educa\u00e7\u00e3o e de Atendimento \u00e0s Pessoas com Surdez localizado em Goi\u00e2nia\/GO, e d\u00e1 outras provid\u00eancias.\n<\/td><td style=\"color: #0000FF; background-color: #FFFFFF;text-decoration: underline;\"><a href=\"https:\/\/goias.gov.br\/cee\/wp-content\/uploads\/sites\/20\/2023\/12\/2023-128-cep-resolucao.pdf\" target=\"_blank\">ABRIR<\/a><\/td><td style=\"color: #000000; background-color: #FFFFFF;\"><\/td><\/tr><tr><td style=\"color: #666666; background-color: #FFFFFF;\">Resolu\u00e7\u00e3o<\/td><td style=\"color: #666666; background-color: #FFFFFF;\">C\u00e2mara de Educa\u00e7\u00e3o Profissional<\/td><td style=\"color: #666666; background-color: #FFFFFF;\">129\/2023<\/td><td style=\"color: #666666; background-color: #FFFFFF;\">27\/09\/2023<\/td><td style=\"color: #666666; background-color: #FFFFFF;\">Disp\u00f5e sobre aprova\u00e7\u00e3o do Relat\u00f3rio de curso do Centro de Capacita\u00e7\u00e3o de Professionais da Educa\u00e7\u00e3o e de Atendimento \u00e0s Pessoas com Surdez localizado em Goi\u00e2nia\/GO, e d\u00e1 outras provid\u00eancias.<\/td><td style=\"color: #0000FF; background-color: #FFFFFF;text-decoration: underline;\"><a href=\"https:\/\/goias.gov.br\/cee\/wp-content\/uploads\/sites\/20\/2023\/12\/2023-129-cep-resolucao.pdf\" target=\"_blank\">ABRIR<\/a><\/td><td style=\"color: #000000; background-color: #FFFFFF;\"><\/td><\/tr><tr><td style=\"color: #666666; background-color: #FFFFFF;\">Resolu\u00e7\u00e3o<\/td><td style=\"color: #666666; background-color: #FFFFFF;\">C\u00e2mara de Educa\u00e7\u00e3o Profissional<\/td><td style=\"color: #666666; background-color: #FFFFFF;\">130\/2023<\/td><td style=\"color: #666666; background-color: #FFFFFF;\">27\/09\/2023<\/td><td style=\"color: #666666; background-color: #FFFFFF;\">Disp\u00f5e sobre aprova\u00e7\u00e3o do Relat\u00f3rio de curso do Centro de Capacita\u00e7\u00e3o de Professionais da Educa\u00e7\u00e3o e de Atendimento \u00e0s Pessoas com Surdez localizado em Goi\u00e2nia\/GO, e d\u00e1 outras provid\u00eancias.<\/td><td style=\"color: #0000FF; background-color: #FFFFFF;text-decoration: underline;\"><a href=\"https:\/\/goias.gov.br\/cee\/wp-content\/uploads\/sites\/20\/2023\/12\/2023-130-cep-resolucao.pdf\" target=\"_blank\">ABRIR<\/a><\/td><td style=\"color: #000000; background-color: #FFFFFF;\"><\/td><\/tr><tr><td style=\"color: #666666; background-color: #FFFFFF;\">Resolu\u00e7\u00e3o<\/td><td style=\"color: #666666; background-color: #FFFFFF;\">C\u00e2mara de Educa\u00e7\u00e3o Profissional<\/td><td style=\"color: #666666; background-color: #FFFFFF;\">131\/2023<\/td><td style=\"color: #666666; background-color: #FFFFFF;\">28\/09\/2023<\/td><td style=\"color: #666666; background-color: #FFFFFF;\">Disp\u00f5e sobre o credenciamento e a autoriza\u00e7\u00e3o do curso T\u00e9cnico em Enfermagem do PROZ, localizado em Goi\u00e2nia\/GO, e d\u00e1 outras provid\u00eancias.<\/td><td style=\"color: #0000FF; background-color: #FFFFFF;text-decoration: underline;\"><a href=\"https:\/\/goias.gov.br\/cee\/wp-content\/uploads\/sites\/20\/2023\/12\/2023-131-cep-resolucao.pdf\" target=\"_blank\">ABRIR<\/a><\/td><td style=\"color: #000000; background-color: #FFFFFF;\"><\/td><\/tr><tr><td style=\"color: #666666; background-color: #FFFFFF;\">Resolu\u00e7\u00e3o<\/td><td style=\"color: #666666; background-color: #FFFFFF;\">C\u00e2mara de Educa\u00e7\u00e3o Profissional<\/td><td style=\"color: #666666; background-color: #FFFFFF;\">132\/2023<\/td><td style=\"color: #666666; background-color: #FFFFFF;\">05\/10\/2023<\/td><td style=\"color: #666666; background-color: #FFFFFF;\">Disp\u00f5e sobre o credenciamento e a autoriza\u00e7\u00e3o do curso T\u00e9cnico em Guia de Turismo\/EaD do COTEC - Col\u00e9gio Tecnol\u00f3gico do Estado de Goi\u00e1s Luiz Humberto de Menezes, localizado em Santa Helena de Goi\u00e1s\/GO, e d\u00e1 outras provid\u00eancias.<\/td><td style=\"color: #0000FF; background-color: #FFFFFF;text-decoration: underline;\"><a href=\"https:\/\/goias.gov.br\/cee\/wp-content\/uploads\/sites\/20\/2023\/12\/2023-132-cep-resolucao.pdf\" target=\"_blank\">ABRIR<\/a><\/td><td style=\"color: #000000; background-color: #FFFFFF;\"><\/td><\/tr><tr><td style=\"color: #666666; background-color: #FFFFFF;\">Resolu\u00e7\u00e3o<\/td><td style=\"color: #666666; background-color: #FFFFFF;\">C\u00e2mara de Educa\u00e7\u00e3o Profissional<\/td><td style=\"color: #666666; background-color: #FFFFFF;\">133\/2023<\/td><td style=\"color: #666666; background-color: #FFFFFF;\">05\/10\/2023<\/td><td style=\"color: #666666; background-color: #FFFFFF;\">Disp\u00f5e sobre a autoriza\u00e7\u00e3o de cursos de especializa\u00e7\u00e3o do curso T\u00e9cnico em Enfermagem, em Goi\u00e2nia\/GO e d\u00e1 outras provid\u00eancias.\n<\/td><td style=\"color: #0000FF; background-color: #FFFFFF;text-decoration: underline;\"><a href=\"https:\/\/goias.gov.br\/cee\/wp-content\/uploads\/sites\/20\/2023\/12\/2023-133-cep-resolucao.pdf\" target=\"_blank\">ABRIR<\/a><\/td><td style=\"color: #000000; background-color: #FFFFFF;\"><\/td><\/tr><tr><td style=\"color: #666666; background-color: #FFFFFF;\">Resolu\u00e7\u00e3o<\/td><td style=\"color: #666666; background-color: #FFFFFF;\">C\u00e2mara de Educa\u00e7\u00e3o Profissional<\/td><td style=\"color: #666666; background-color: #FFFFFF;\">134\/2023<\/td><td style=\"color: #666666; background-color: #FFFFFF;\">05\/10\/2023<\/td><td style=\"color: #666666; background-color: #FFFFFF;\">Disp\u00f5e sobre o recredenciamento e a renova\u00e7\u00e3o da autoriza\u00e7\u00e3o do cursoT\u00e9cnico em Enfermagem do Centro Tecnol\u00f3gico Paula Pasquali, localizado em Inhumas\/GO, e d\u00e1 outras provid\u00eancias.<\/td><td style=\"color: #0000FF; background-color: #FFFFFF;text-decoration: underline;\"><a href=\"https:\/\/goias.gov.br\/cee\/wp-content\/uploads\/sites\/20\/2023\/12\/2023-134-cep-resolucao.pdf\" target=\"_blank\">ABRIR<\/a><\/td><td style=\"color: #000000; background-color: #FFFFFF;\"><\/td><\/tr><tr><td style=\"color: #666666; background-color: #FFFFFF;\">Resolu\u00e7\u00e3o<\/td><td style=\"color: #666666; background-color: #FFFFFF;\">C\u00e2mara de Educa\u00e7\u00e3o Profissional<\/td><td style=\"color: #666666; background-color: #FFFFFF;\">135\/2023<\/td><td style=\"color: #666666; background-color: #FFFFFF;\">05\/10\/2023<\/td><td style=\"color: #666666; background-color: #FFFFFF;\">Disp\u00f5e sobre o recredenciamento e a renova\u00e7\u00e3o da autoriza\u00e7\u00e3o do curso T\u00e9cnico em Radiologia do Centro de Ensino Superior de Ipor\u00e1 Eireli, localizado em Ipor\u00e1\/GO, e d\u00e1 outras provid\u00eancias.<\/td><td style=\"color: #0000FF; background-color: #FFFFFF;text-decoration: underline;\"><a href=\"https:\/\/goias.gov.br\/cee\/wp-content\/uploads\/sites\/20\/2023\/12\/2023-135-cep-resolucao.pdf\" target=\"_blank\">ABRIR<\/a><\/td><td style=\"color: #000000; background-color: #FFFFFF;\"><\/td><\/tr><tr><td style=\"color: #666666; background-color: #FFFFFF;\">Resolu\u00e7\u00e3o<\/td><td style=\"color: #666666; background-color: #FFFFFF;\">C\u00e2mara de Educa\u00e7\u00e3o Profissional<\/td><td style=\"color: #666666; background-color: #FFFFFF;\">136\/2023<\/td><td style=\"color: #666666; background-color: #FFFFFF;\">11\/10\/2023<\/td><td style=\"color: #666666; background-color: #FFFFFF;\">Disp\u00f5e sobre aprova\u00e7\u00e3o do Relat\u00f3rio de curso do Centro de Capacita\u00e7\u00e3o de Professionais da Educa\u00e7\u00e3o e de Atendimento \u00e0s Pessoas com Surdez - CAS localizado em Goi\u00e2nia\/GO, e d\u00e1 outras provid\u00eancias.<\/td><td style=\"color: #0000FF; background-color: #FFFFFF;text-decoration: underline;\"><a href=\"https:\/\/goias.gov.br\/cee\/wp-content\/uploads\/sites\/20\/2023\/12\/2023-136-cep-resolucao.pdf\" target=\"_blank\">ABRIR<\/a><\/td><td style=\"color: #000000; background-color: #FFFFFF;\"><\/td><\/tr><tr><td style=\"color: #666666; background-color: #FFFFFF;\">Resolu\u00e7\u00e3o<\/td><td style=\"color: #666666; background-color: #FFFFFF;\">C\u00e2mara de Educa\u00e7\u00e3o Profissional<\/td><td style=\"color: #666666; background-color: #FFFFFF;\">137\/2023<\/td><td style=\"color: #666666; background-color: #FFFFFF;\">11\/10\/2023<\/td><td style=\"color: #666666; background-color: #FFFFFF;\">Disp\u00f5e sobre aprova\u00e7\u00e3o do Relat\u00f3rio de curso do Centro de Capacita\u00e7\u00e3o de Professionais da Educa\u00e7\u00e3o e de Atendimento \u00e0s Pessoas com Surdez - CAS localizado em Goi\u00e2nia\/GO, e d\u00e1 outras provid\u00eancias.\n<\/td><td style=\"color: #0000FF; background-color: #FFFFFF;text-decoration: underline;\"><a href=\"https:\/\/goias.gov.br\/cee\/wp-content\/uploads\/sites\/20\/2023\/12\/2023-137-cep-resolucao.pdf\" target=\"_blank\">ABRIR<\/a><\/td><td style=\"color: #000000; background-color: #FFFFFF;\"><\/td><\/tr><tr><td style=\"color: #666666; background-color: #FFFFFF;\">Resolu\u00e7\u00e3o<\/td><td style=\"color: #666666; background-color: #FFFFFF;\">C\u00e2mara de Educa\u00e7\u00e3o Profissional<\/td><td style=\"color: #666666; background-color: #FFFFFF;\">138\/2023<\/td><td style=\"color: #666666; background-color: #FFFFFF;\">11\/10\/2023<\/td><td style=\"color: #666666; background-color: #FFFFFF;\">Disp\u00f5e sobre aprova\u00e7\u00e3o do Relat\u00f3rio de curso do Centro de Capacita\u00e7\u00e3o de Professionais da Educa\u00e7\u00e3o e de Atendimento \u00e0s Pessoas com Surdez - CAS localizado em Goi\u00e2nia\/GO, e d\u00e1 outras provid\u00eancias.<\/td><td style=\"color: #0000FF; background-color: #FFFFFF;text-decoration: underline;\"><a href=\"https:\/\/goias.gov.br\/cee\/wp-content\/uploads\/sites\/20\/2023\/12\/2023-138-cep-resolucao.pdf\" target=\"_blank\">ABRIR<\/a><\/td><td style=\"color: #000000; background-color: #FFFFFF;\"><\/td><\/tr><tr><td style=\"color: #666666; background-color: #FFFFFF;\">Resolu\u00e7\u00e3o<\/td><td style=\"color: #666666; background-color: #FFFFFF;\">C\u00e2mara de Educa\u00e7\u00e3o Profissional<\/td><td style=\"color: #666666; background-color: #FFFFFF;\">139\/2023<\/td><td style=\"color: #666666; background-color: #FFFFFF;\">19\/10\/2023<\/td><td style=\"color: #666666; background-color: #FFFFFF;\">Disp\u00f5e sobre o credenciamento e autoriza\u00e7\u00e3o do curso T\u00e9cnico em Enfermagem do Centro de Ensino ATIVAJOB, localizado em Goi\u00e2nia\/GO, e d\u00e1 outras provid\u00eancias.<\/td><td style=\"color: #0000FF; background-color: #FFFFFF;text-decoration: underline;\"><a href=\"https:\/\/goias.gov.br\/cee\/wp-content\/uploads\/sites\/20\/2023\/12\/2023-139-cep-resolucao.pdf\" target=\"_blank\">ABRIR<\/a><\/td><td style=\"color: #000000; background-color: #FFFFFF;\"><\/td><\/tr><tr><td style=\"color: #666666; background-color: #FFFFFF;\">Resolu\u00e7\u00e3o<\/td><td style=\"color: #666666; background-color: #FFFFFF;\">C\u00e2mara de Educa\u00e7\u00e3o Profissional<\/td><td style=\"color: #666666; background-color: #FFFFFF;\">140\/2023<\/td><td style=\"color: #666666; background-color: #FFFFFF;\">19\/10\/2023<\/td><td style=\"color: #666666; background-color: #FFFFFF;\">Disp\u00f5e sobre a autoriza\u00e7\u00e3o do curso T\u00e9cnico em An\u00e1lises Cl\u00ednicas do Instituto Canedo Cursos T\u00e9cnicos, localizado em Senador Canedo\/GO, e d\u00e1 outras provid\u00eancias.<\/td><td style=\"color: #0000FF; background-color: #FFFFFF;text-decoration: underline;\"><a href=\"https:\/\/goias.gov.br\/cee\/wp-content\/uploads\/sites\/20\/2023\/12\/2023-140-cep-resolucao.pdf\" target=\"_blank\">ABRIR<\/a><\/td><td style=\"color: #000000; background-color: #FFFFFF;\"><\/td><\/tr><tr><td style=\"color: #666666; background-color: #FFFFFF;\">Resolu\u00e7\u00e3o<\/td><td style=\"color: #666666; background-color: #FFFFFF;\">C\u00e2mara de Educa\u00e7\u00e3o Profissional<\/td><td style=\"color: #666666; background-color: #FFFFFF;\">141\/2023<\/td><td style=\"color: #666666; background-color: #FFFFFF;\">19\/10\/2023<\/td><td style=\"color: #666666; background-color: #FFFFFF;\">Disp\u00f5e sobre aprova\u00e7\u00e3o do Relat\u00f3rio de curso do Centro de Capacita\u00e7\u00e3o de Professionais da Educa\u00e7\u00e3o e de Atendimento \u00e0s Pessoas com Surdez - CAS localizado em Goi\u00e2nia\/GO, e d\u00e1 outras provid\u00eancias<\/td><td style=\"color: #0000FF; background-color: #FFFFFF;text-decoration: underline;\"><a href=\"https:\/\/goias.gov.br\/cee\/wp-content\/uploads\/sites\/20\/2023\/12\/2023-141-cep-resolucao.pdf\" target=\"_blank\">ABRIR<\/a><\/td><td style=\"color: #000000; background-color: #FFFFFF;\"><\/td><\/tr><tr><td style=\"color: #666666; background-color: #FFFFFF;\">Resolu\u00e7\u00e3o<\/td><td style=\"color: #666666; background-color: #FFFFFF;\">C\u00e2mara de Educa\u00e7\u00e3o Profissional<\/td><td style=\"color: #666666; background-color: #FFFFFF;\">142\/2023<\/td><td style=\"color: #666666; background-color: #FFFFFF;\">19\/10\/2023<\/td><td style=\"color: #666666; background-color: #FFFFFF;\">Disp\u00f5e sobre aprova\u00e7\u00e3o do Relat\u00f3rio de curso do Centro de Capacita\u00e7\u00e3o de Professionais da Educa\u00e7\u00e3o e de Atendimento \u00e0s Pessoas com Surdez - CAS localizado em Goi\u00e2nia\/GO, e d\u00e1 outras provid\u00eancias.<\/td><td style=\"color: #0000FF; background-color: #FFFFFF;text-decoration: underline;\"><a href=\"https:\/\/goias.gov.br\/cee\/wp-content\/uploads\/sites\/20\/2023\/12\/2023-142-cep-resolucao.pdf\" target=\"_blank\">ABRIR<\/a><\/td><td style=\"color: #000000; background-color: #FFFFFF;\"><\/td><\/tr><tr><td style=\"color: #666666; background-color: #FFFFFF;\">Resolu\u00e7\u00e3o<\/td><td style=\"color: #666666; background-color: #FFFFFF;\">C\u00e2mara de Educa\u00e7\u00e3o Profissional<\/td><td style=\"color: #666666; background-color: #FFFFFF;\">143\/2023<\/td><td style=\"color: #666666; background-color: #FFFFFF;\">19\/10\/2023<\/td><td style=\"color: #666666; background-color: #FFFFFF;\">Disp\u00f5e sobre aprova\u00e7\u00e3o do Relat\u00f3rio de curso do Centro de Capacita\u00e7\u00e3o de Professionais da Educa\u00e7\u00e3o e de Atendimento \u00e0s Pessoas com Surdez - AS localizado em Goi\u00e2nia\/GO, e d\u00e1 outras provid\u00eancias.<\/td><td style=\"color: #0000FF; background-color: #FFFFFF;text-decoration: underline;\"><a href=\"https:\/\/goias.gov.br\/cee\/wp-content\/uploads\/sites\/20\/2023\/12\/2023-143-cep-resolucao.pdf\" target=\"_blank\">ABRIR<\/a><\/td><td style=\"color: #000000; background-color: #FFFFFF;\"><\/td><\/tr><tr><td style=\"color: #666666; background-color: #FFFFFF;\">Resolu\u00e7\u00e3o<\/td><td style=\"color: #666666; background-color: #FFFFFF;\">C\u00e2mara de Educa\u00e7\u00e3o Profissional<\/td><td style=\"color: #666666; background-color: #FFFFFF;\">144\/2023<\/td><td style=\"color: #666666; background-color: #FFFFFF;\">26\/10\/2023<\/td><td style=\"color: #666666; background-color: #FFFFFF;\">Disp\u00f5e sobre aprova\u00e7\u00e3o do Relat\u00f3rio de curso do NAAH\/S \u2013 N\u00facleo de Atividades de Altas Habilidades\/ Superdota\u00e7\u00e3o localizado em Goi\u00e2nia\/GO, e d\u00e1 outras provid\u00eancias<\/td><td style=\"color: #0000FF; background-color: #FFFFFF;text-decoration: underline;\"><a href=\"https:\/\/goias.gov.br\/cee\/wp-content\/uploads\/sites\/20\/2023\/12\/2023-144-cep-resolucao.pdf\" target=\"_blank\">ABRIR<\/a><\/td><td style=\"color: #000000; background-color: #FFFFFF;\"><\/td><\/tr><tr><td style=\"color: #666666; background-color: #FFFFFF;\">Resolu\u00e7\u00e3o<\/td><td style=\"color: #666666; background-color: #FFFFFF;\">C\u00e2mara de Educa\u00e7\u00e3o Profissional<\/td><td style=\"color: #666666; background-color: #FFFFFF;\">148\/2023<\/td><td style=\"color: #666666; background-color: #FFFFFF;\">08\/11\/2023<\/td><td style=\"color: #666666; background-color: #FFFFFF;\">Disp\u00f5e sobre o credenciamento e autoriza\u00e7\u00e3o do curso T\u00e9cnico em Enfermagem do Tempo Educacional, localizado em S\u00e3o Miguel do Araguaia\/GO, e d\u00e1 outras provid\u00eancias.<\/td><td style=\"color: #0000FF; background-color: #FFFFFF;text-decoration: underline;\"><a href=\"https:\/\/goias.gov.br\/cee\/wp-content\/uploads\/sites\/20\/2024\/01\/2023-148-cep-resolucao.pdf\" target=\"_blank\">ABRIR<\/a><\/td><td style=\"color: #000000; background-color: #FFFFFF;\"><\/td><\/tr><tr><td style=\"color: #666666; background-color: #FFFFFF;\">Resolu\u00e7\u00e3o<\/td><td style=\"color: #666666; background-color: #FFFFFF;\">C\u00e2mara de Educa\u00e7\u00e3o Profissional<\/td><td style=\"color: #666666; background-color: #FFFFFF;\">149\/2023<\/td><td style=\"color: #666666; background-color: #FFFFFF;\">09\/11\/2023<\/td><td style=\"color: #666666; background-color: #FFFFFF;\">Disp\u00f5e sobre aprova\u00e7\u00e3o do Relat\u00f3rio de curso do ICG \u2013 Instituto da Consci\u00eancia localizado em Goi\u00e2nia\/GO, e d\u00e1 outras provid\u00eancias.<\/td><td style=\"color: #0000FF; background-color: #FFFFFF;text-decoration: underline;\"><a href=\"https:\/\/goias.gov.br\/cee\/wp-content\/uploads\/sites\/20\/2024\/01\/2023-149-cep-resolucao.pdf\" target=\"_blank\">ABRIR<\/a><\/td><td style=\"color: #000000; background-color: #FFFFFF;\"><\/td><\/tr><tr><td style=\"color: #666666; background-color: #FFFFFF;\">Resolu\u00e7\u00e3o<\/td><td style=\"color: #666666; background-color: #FFFFFF;\">C\u00e2mara de Educa\u00e7\u00e3o Profissional<\/td><td style=\"color: #666666; background-color: #FFFFFF;\">150\/2023<\/td><td style=\"color: #666666; background-color: #FFFFFF;\">09\/11\/2023<\/td><td style=\"color: #666666; background-color: #FFFFFF;\">Disp\u00f5e sobre a autoriza\u00e7\u00e3o do Projeto de curso do Centro de Estudo e Pesquisa Ciranda da Arte localizado em Goi\u00e2nia\/GO, e d\u00e1 outras provid\u00eancias.<\/td><td style=\"color: #0000FF; background-color: #FFFFFF;text-decoration: underline;\"><a href=\"https:\/\/goias.gov.br\/cee\/wp-content\/uploads\/sites\/20\/2024\/01\/2023-150-cep-resolucao.pdf\" target=\"_blank\">ABRIR<\/a><\/td><td style=\"color: #000000; background-color: #FFFFFF;\"><\/td><\/tr><tr><td style=\"color: #666666; background-color: #FFFFFF;\">Resolu\u00e7\u00e3o<\/td><td style=\"color: #666666; background-color: #FFFFFF;\">C\u00e2mara de Educa\u00e7\u00e3o Profissional<\/td><td style=\"color: #666666; background-color: #FFFFFF;\">151\/2023<\/td><td style=\"color: #666666; background-color: #FFFFFF;\">16\/11\/2023<\/td><td style=\"color: #666666; background-color: #FFFFFF;\">Disp\u00f5e sobre o recredenciamento e a autoriza\u00e7\u00e3o do curso T\u00e9cnico em Guia de Turismo\/EaD do COTEC - Col\u00e9gio Tecnol\u00f3gico do Estado de Goi\u00e1s Maria Sebastiana da Silva, localizado em Porangatu\/GO, e d\u00e1 outras provid\u00eancias.<\/td><td style=\"color: #0000FF; background-color: #FFFFFF;text-decoration: underline;\"><a href=\"https:\/\/goias.gov.br\/cee\/wp-content\/uploads\/sites\/20\/2024\/01\/2023-151-cep-resolucao.pdf\" target=\"_blank\">ABRIR<\/a><\/td><td style=\"color: #000000; background-color: #FFFFFF;\"><\/td><\/tr><tr><td style=\"color: #666666; background-color: #FFFFFF;\">Resolu\u00e7\u00e3o<\/td><td style=\"color: #666666; background-color: #FFFFFF;\">C\u00e2mara de Educa\u00e7\u00e3o Profissional<\/td><td style=\"color: #666666; background-color: #FFFFFF;\">152\/2023<\/td><td style=\"color: #666666; background-color: #FFFFFF;\">16\/11\/2023<\/td><td style=\"color: #666666; background-color: #FFFFFF;\">Disp\u00f5e sobre a autoriza\u00e7\u00e3o do curso T\u00e9cnico em Guia de Turismo\/EaD do COTEC - Col\u00e9gio Tecnol\u00f3gico do Estado de Goi\u00e1s Carmem Dutra De Ara\u00fajo, localizado em Formosa\/GO, e d\u00e1 outras provid\u00eancias.<\/td><td style=\"color: #0000FF; background-color: #FFFFFF;text-decoration: underline;\"><a href=\"https:\/\/goias.gov.br\/cee\/wp-content\/uploads\/sites\/20\/2024\/01\/2023-152-cep-resolucao.pdf\" target=\"_blank\">ABRIR<\/a><\/td><td style=\"color: #000000; background-color: #FFFFFF;\"><\/td><\/tr><tr><td style=\"color: #666666; background-color: #FFFFFF;\">Resolu\u00e7\u00e3o<\/td><td style=\"color: #666666; background-color: #FFFFFF;\">C\u00e2mara de Educa\u00e7\u00e3o Profissional<\/td><td style=\"color: #666666; background-color: #FFFFFF;\">153\/2023<\/td><td style=\"color: #666666; background-color: #FFFFFF;\">16\/11\/2023<\/td><td style=\"color: #666666; background-color: #FFFFFF;\">Disp\u00f5e sobre o recredenciamento e a autoriza\u00e7\u00e3o do curso T\u00e9cnico em Guia de Turismo\/EaD do COTEC - Col\u00e9gio Tecnol\u00f3gico do Estado de Goi\u00e1s Ruth Vila\u00e7a Correia Leite Cardoso, localizado em Caiap\u00f4nia\/GO, e d\u00e1 outras provid\u00eancias.<\/td><td style=\"color: #0000FF; background-color: #FFFFFF;text-decoration: underline;\"><a href=\"https:\/\/goias.gov.br\/cee\/wp-content\/uploads\/sites\/20\/2024\/01\/2023-153-cep-resolucao.pdf\" target=\"_blank\">ABRIR<\/a><\/td><td style=\"color: #000000; background-color: #FFFFFF;\"><\/td><\/tr><tr><td style=\"color: #666666; background-color: #FFFFFF;\">Resolu\u00e7\u00e3o<\/td><td style=\"color: #666666; background-color: #FFFFFF;\">C\u00e2mara de Educa\u00e7\u00e3o Profissional<\/td><td style=\"color: #666666; background-color: #FFFFFF;\">154\/2023<\/td><td style=\"color: #666666; background-color: #FFFFFF;\">16\/11\/2023<\/td><td style=\"color: #666666; background-color: #FFFFFF;\">Disp\u00f5e sobre o recredenciamento e a autoriza\u00e7\u00e3o do curso T\u00e9cnico em Guia de Turismo\/EaD do COTEC - Col\u00e9gio Tecnol\u00f3gico do Estado de Goi\u00e1s Goiandira Ayres do couto, localizado em Cidade de Goi\u00e1s\/GO, e d\u00e1 outras provid\u00eancias.<\/td><td style=\"color: #0000FF; background-color: #FFFFFF;text-decoration: underline;\"><a href=\"https:\/\/goias.gov.br\/cee\/wp-content\/uploads\/sites\/20\/2024\/01\/2023-154-cep-resolucao.pdf\" target=\"_blank\">ABRIR<\/a><\/td><td style=\"color: #000000; background-color: #FFFFFF;\"><\/td><\/tr><tr><td style=\"color: #666666; background-color: #FFFFFF;\">Resolu\u00e7\u00e3o<\/td><td style=\"color: #666666; background-color: #FFFFFF;\">C\u00e2mara de Educa\u00e7\u00e3o Profissional<\/td><td style=\"color: #666666; background-color: #FFFFFF;\">155\/2023<\/td><td style=\"color: #666666; background-color: #FFFFFF;\">16\/11\/2023<\/td><td style=\"color: #666666; background-color: #FFFFFF;\">Disp\u00f5e sobre o credenciamento e a autoriza\u00e7\u00e3o do curso T\u00e9cnico em Guia de Turismo\/EaD do COTEC - Col\u00e9gio Tecnol\u00f3gico do Estado de Goi\u00e1s Irtes Alves de Castro Ribeiro, localizado em Jaragu\u00e1\/GO, e d\u00e1 outras provid\u00eancias.<\/td><td style=\"color: #0000FF; background-color: #FFFFFF;text-decoration: underline;\"><a href=\"https:\/\/goias.gov.br\/cee\/wp-content\/uploads\/sites\/20\/2024\/01\/2023-155-cep-resolucao.pdf\" target=\"_blank\">ABRIR<\/a><\/td><td style=\"color: #000000; background-color: #FFFFFF;\"><\/td><\/tr><tr><td style=\"color: #666666; background-color: #FFFFFF;\">Resolu\u00e7\u00e3o<\/td><td style=\"color: #666666; background-color: #FFFFFF;\">C\u00e2mara de Educa\u00e7\u00e3o Profissional<\/td><td style=\"color: #666666; background-color: #FFFFFF;\">156\/2023<\/td><td style=\"color: #666666; background-color: #FFFFFF;\">16\/11\/2023<\/td><td style=\"color: #666666; background-color: #FFFFFF;\">Disp\u00f5e sobre certifica\u00e7\u00e3o de alunos de cursos de qualifica\u00e7\u00e3o profissional do CEPFOR - Centro de Estudos, Pesquisa e Forma\u00e7\u00e3o da Educa\u00e7\u00e3o, localizado em Goi\u00e2nia\/GO, e d\u00e1 outras provid\u00eancias.<\/td><td style=\"color: #0000FF; background-color: #FFFFFF;text-decoration: underline;\"><a href=\"https:\/\/goias.gov.br\/cee\/wp-content\/uploads\/sites\/20\/2024\/01\/2023-156-cep-resolucao.pdf\" target=\"_blank\">ABRIR<\/a><\/td><td style=\"color: #000000; background-color: #FFFFFF;\"><\/td><\/tr><tr><td style=\"color: #666666; background-color: #FFFFFF;\">Resolu\u00e7\u00e3o<\/td><td style=\"color: #666666; background-color: #FFFFFF;\">C\u00e2mara de Educa\u00e7\u00e3o Profissional<\/td><td style=\"color: #666666; background-color: #FFFFFF;\">157\/2023<\/td><td style=\"color: #666666; background-color: #FFFFFF;\">16\/11\/2023<\/td><td style=\"color: #666666; background-color: #FFFFFF;\">Disp\u00f5e sobre certifica\u00e7\u00e3o de alunos de cursos de qualifica\u00e7\u00e3o profissional da SECTI - Secretaria de Estado de Ci\u00eancia Tecnologia e Inova\u00e7\u00e3o, localizado em Goi\u00e2nia\/GO, e d\u00e1 outras provid\u00eancias.<\/td><td style=\"color: #0000FF; background-color: #FFFFFF;text-decoration: underline;\"><a href=\"https:\/\/goias.gov.br\/cee\/wp-content\/uploads\/sites\/20\/2024\/01\/2023-157-cep-resolucao.pdf\" target=\"_blank\">ABRIR<\/a><\/td><td style=\"color: #000000; background-color: #FFFFFF;\"><\/td><\/tr><tr><td style=\"color: #666666; background-color: #FFFFFF;\">Resolu\u00e7\u00e3o<\/td><td style=\"color: #666666; background-color: #FFFFFF;\">C\u00e2mara de Educa\u00e7\u00e3o Profissional<\/td><td style=\"color: #666666; background-color: #FFFFFF;\">158\/2023<\/td><td style=\"color: #666666; background-color: #FFFFFF;\">23\/11\/2023<\/td><td style=\"color: #666666; background-color: #FFFFFF;\">Disp\u00f5e sobre o credenciamento e a autoriza\u00e7\u00e3o do curso T\u00e9cnico em Enfermagem do Col\u00e9gio Noroeste V, localizado em Goi\u00e2nia\/GO, e d\u00e1 outras provid\u00eancias.<\/td><td style=\"color: #0000FF; background-color: #FFFFFF;text-decoration: underline;\"><a href=\"https:\/\/goias.gov.br\/cee\/wp-content\/uploads\/sites\/20\/2024\/01\/2023-158-cep-resolucao.pdf\" target=\"_blank\">ABRIR<\/a><\/td><td style=\"color: #000000; background-color: #FFFFFF;\"><\/td><\/tr><tr><td style=\"color: #666666; background-color: #FFFFFF;\">Resolu\u00e7\u00e3o<\/td><td style=\"color: #666666; background-color: #FFFFFF;\">C\u00e2mara de Educa\u00e7\u00e3o Profissional<\/td><td style=\"color: #666666; background-color: #FFFFFF;\">159\/2023<\/td><td style=\"color: #666666; background-color: #FFFFFF;\">23\/11\/2023<\/td><td style=\"color: #666666; background-color: #FFFFFF;\">Disp\u00f5e sobre o credenciamento e a autoriza\u00e7\u00e3o do curso T\u00e9cnico de Enfermagem, localizado em Bom Jesus\/GO, e d\u00e1 outras provid\u00eancias.<\/td><td style=\"color: #0000FF; background-color: #FFFFFF;text-decoration: underline;\"><a href=\"https:\/\/goias.gov.br\/cee\/wp-content\/uploads\/sites\/20\/2024\/01\/2023-159-cep-resolucao.pdf\" target=\"_blank\">ABRIR<\/a><\/td><td style=\"color: #000000; background-color: #FFFFFF;\"><\/td><\/tr><tr><td style=\"color: #666666; background-color: #FFFFFF;\">Resolu\u00e7\u00e3o<\/td><td style=\"color: #666666; background-color: #FFFFFF;\">C\u00e2mara de Educa\u00e7\u00e3o Profissional<\/td><td style=\"color: #666666; background-color: #FFFFFF;\">160\/2023<\/td><td style=\"color: #666666; background-color: #FFFFFF;\">23\/11\/2023<\/td><td style=\"color: #666666; background-color: #FFFFFF;\">Disp\u00f5e sobre a autoriza\u00e7\u00e3o do curso T\u00e9cnico em Desenvolvimento de Sistemas do PROZ, localizado em Goi\u00e2nia\/GO, e d\u00e1 outras provid\u00eancias.<\/td><td style=\"color: #0000FF; background-color: #FFFFFF;text-decoration: underline;\"><a href=\"https:\/\/goias.gov.br\/cee\/wp-content\/uploads\/sites\/20\/2024\/01\/2023-160-cep-resolucao.pdf\" target=\"_blank\">ABRIR<\/a><\/td><td style=\"color: #000000; background-color: #FFFFFF;\"><\/td><\/tr><tr><td style=\"color: #666666; background-color: #FFFFFF;\">Resolu\u00e7\u00e3o<\/td><td style=\"color: #666666; background-color: #FFFFFF;\">C\u00e2mara de Educa\u00e7\u00e3o Profissional<\/td><td style=\"color: #666666; background-color: #FFFFFF;\">161\/2023<\/td><td style=\"color: #666666; background-color: #FFFFFF;\">23\/11\/2023<\/td><td style=\"color: #666666; background-color: #FFFFFF;\">Disp\u00f5e sobre aprova\u00e7\u00e3o do Relat\u00f3rio de curso do NAAH\/S \u2013 N\u00facleo de Atividades de Altas Habilidades\/ Superdota\u00e7\u00e3o localizado em Goi\u00e2nia\/GO, e d\u00e1 outras provid\u00eancias.<\/td><td style=\"color: #0000FF; background-color: #FFFFFF;text-decoration: underline;\"><a href=\"https:\/\/goias.gov.br\/cee\/wp-content\/uploads\/sites\/20\/2024\/01\/2023-161-cep-resolucao.pdf\" target=\"_blank\">ABRIR<\/a><\/td><td style=\"color: #000000; background-color: #FFFFFF;\"><\/td><\/tr><tr><td style=\"color: #666666; background-color: #FFFFFF;\">Resolu\u00e7\u00e3o<\/td><td style=\"color: #666666; background-color: #FFFFFF;\">C\u00e2mara de Educa\u00e7\u00e3o Profissional<\/td><td style=\"color: #666666; background-color: #FFFFFF;\">162\/2023<\/td><td style=\"color: #666666; background-color: #FFFFFF;\">30\/11\/2023<\/td><td style=\"color: #666666; background-color: #FFFFFF;\">Disp\u00f5e sobre a autoriza\u00e7\u00e3o do curso T\u00e9cnico em Enfermagem do Col\u00e9gio e Faculdade Din\u00e2mica, localizado em Santa Terezinha de Goi\u00e1s\/GO, e d\u00e1 outras provid\u00eancias.<\/td><td style=\"color: #0000FF; background-color: #FFFFFF;text-decoration: underline;\"><a href=\"https:\/\/goias.gov.br\/cee\/wp-content\/uploads\/sites\/20\/2024\/01\/2023-162-cep-resolucao.pdf\" target=\"_blank\">ABRIR<\/a><\/td><td style=\"color: #000000; background-color: #FFFFFF;\"><\/td><\/tr><tr><td style=\"color: #666666; background-color: #FFFFFF;\">Resolu\u00e7\u00e3o<\/td><td style=\"color: #666666; background-color: #FFFFFF;\">C\u00e2mara de Educa\u00e7\u00e3o Profissional<\/td><td style=\"color: #666666; background-color: #FFFFFF;\">163\/2023<\/td><td style=\"color: #666666; background-color: #FFFFFF;\">30\/11\/2023<\/td><td style=\"color: #666666; background-color: #FFFFFF;\">Disp\u00f5e sobre o credenciamento e a autoriza\u00e7\u00e3o do curso T\u00e9cnico em Enfermagem do Instituto Delta Proto, localizado em Rio Verde\/GO, e d\u00e1 outras provid\u00eancias.<\/td><td style=\"color: #0000FF; background-color: #FFFFFF;text-decoration: underline;\"><a href=\"https:\/\/goias.gov.br\/cee\/wp-content\/uploads\/sites\/20\/2024\/01\/2023-163-cep-resolucao.pdf\" target=\"_blank\">ABRIR<\/a><\/td><td style=\"color: #000000; background-color: #FFFFFF;\"><\/td><\/tr><tr><td style=\"color: #666666; background-color: #FFFFFF;\">Resolu\u00e7\u00e3o<\/td><td style=\"color: #666666; background-color: #FFFFFF;\">C\u00e2mara de Educa\u00e7\u00e3o Profissional<\/td><td style=\"color: #666666; background-color: #FFFFFF;\">165\/2023<\/td><td style=\"color: #666666; background-color: #FFFFFF;\">30\/11\/2023<\/td><td style=\"color: #666666; background-color: #FFFFFF;\">Disp\u00f5e sobre o recredenciamento e a renova\u00e7\u00e3o da autoriza\u00e7\u00e3o do curso T\u00e9cnico em Enfermagem da Faculdade de Ipor\u00e1, localizado em Ipor\u00e1\/GO, e d\u00e1 outras provid\u00eancias.<\/td><td style=\"color: #0000FF; background-color: #FFFFFF;text-decoration: underline;\"><a href=\"https:\/\/goias.gov.br\/cee\/wp-content\/uploads\/sites\/20\/2024\/01\/2023-165-cep-resolucao.pdf\" target=\"_blank\">ABRIR<\/a><\/td><td style=\"color: #000000; background-color: #FFFFFF;\"><\/td><\/tr><tr><td style=\"color: #666666; background-color: #FFFFFF;\">Resolu\u00e7\u00e3o<\/td><td style=\"color: #666666; background-color: #FFFFFF;\">C\u00e2mara de Educa\u00e7\u00e3o Profissional<\/td><td style=\"color: #666666; background-color: #FFFFFF;\">166\/2023<\/td><td style=\"color: #666666; background-color: #FFFFFF;\">07\/12\/2023<\/td><td style=\"color: #666666; background-color: #FFFFFF;\">Disp\u00f5e sobre a autoriza\u00e7\u00e3o do curso T\u00e9cnico em Agropecu\u00e1ria do Col\u00e9gio Tecnol\u00f3gico do Estado de Goi\u00e1s Carmem Dutra de Ara\u00fajo, localizado na Cidade de Formosa\/GO, e d\u00e1 outras provid\u00eancias.<\/td><td style=\"color: #0000FF; background-color: #FFFFFF;text-decoration: underline;\"><a href=\"https:\/\/goias.gov.br\/cee\/wp-content\/uploads\/sites\/20\/2024\/01\/2023-166-cep-resolucao.pdf\" target=\"_blank\">ABRIR<\/a><\/td><td style=\"color: #000000; background-color: #FFFFFF;\"><\/td><\/tr><tr><td style=\"color: #666666; background-color: #FFFFFF;\">Resolu\u00e7\u00e3o<\/td><td style=\"color: #666666; background-color: #FFFFFF;\">C\u00e2mara de Educa\u00e7\u00e3o Profissional<\/td><td style=\"color: #666666; background-color: #FFFFFF;\">167\/2023<\/td><td style=\"color: #666666; background-color: #FFFFFF;\">06\/12\/2023<\/td><td style=\"color: #666666; background-color: #FFFFFF;\">Disp\u00f5e sobre a autoriza\u00e7\u00e3o do curso T\u00e9cnico em Recursos Humanos do Col\u00e9gio Tecnol\u00f3gico do Estado de Goi\u00e1s Governador Ot\u00e1vio Lage, localizado na Cidade de Goian\u00e9sia\/GO, e d\u00e1 outras provid\u00eancias.<\/td><td style=\"color: #0000FF; background-color: #FFFFFF;text-decoration: underline;\"><a href=\"https:\/\/goias.gov.br\/cee\/wp-content\/uploads\/sites\/20\/2024\/01\/2023-167-cep-resolucao.pdf\" target=\"_blank\">ABRIR<\/a><\/td><td style=\"color: #000000; background-color: #FFFFFF;\"><\/td><\/tr><tr><td style=\"color: #666666; background-color: #FFFFFF;\">Resolu\u00e7\u00e3o<\/td><td style=\"color: #666666; background-color: #FFFFFF;\">C\u00e2mara de Educa\u00e7\u00e3o Profissional<\/td><td style=\"color: #666666; background-color: #FFFFFF;\">168\/2023<\/td><td style=\"color: #666666; background-color: #FFFFFF;\">07\/12\/2023<\/td><td style=\"color: #666666; background-color: #FFFFFF;\">Disp\u00f5e sobre a autoriza\u00e7\u00e3o do curso T\u00e9cnico em Vendas do Col\u00e9gio Tecnol\u00f3gico do Estado de Goi\u00e1s Sebasti\u00e3o de Siqueira, localizado na Cidade de Goi\u00e2nia\/GO, e d\u00e1 outras provid\u00eancias.<\/td><td style=\"color: #0000FF; background-color: #FFFFFF;text-decoration: underline;\"><a href=\"https:\/\/goias.gov.br\/cee\/wp-content\/uploads\/sites\/20\/2024\/01\/2023-168-cep-resolucao.pdf\" target=\"_blank\">ABRIR<\/a><\/td><td style=\"color: #000000; background-color: #FFFFFF;\"><\/td><\/tr><tr><td style=\"color: #666666; background-color: #FFFFFF;\">Resolu\u00e7\u00e3o<\/td><td style=\"color: #666666; background-color: #FFFFFF;\">C\u00e2mara de Educa\u00e7\u00e3o Profissional<\/td><td style=\"color: #666666; background-color: #FFFFFF;\">169\/2023<\/td><td style=\"color: #666666; background-color: #FFFFFF;\">08\/12\/2023<\/td><td style=\"color: #666666; background-color: #FFFFFF;\">Disp\u00f5e sobre o credenciamento e autoriza\u00e7\u00e3o dos cursos do Centro de Estudos, Pesquisa e Forma\u00e7\u00e3o dos Profissionais da Educa\u00e7\u00e3o - CEPFOR\/EDUC, localizado em Goi\u00e2nia\/GO, e d\u00e1 outras provid\u00eancias.<\/td><td style=\"color: #0000FF; background-color: #FFFFFF;text-decoration: underline;\"><a href=\"https:\/\/goias.gov.br\/cee\/wp-content\/uploads\/sites\/20\/2024\/01\/2023-169-cep-resolucao.pdf\" target=\"_blank\">ABRIR<\/a><\/td><td style=\"color: #000000; background-color: #FFFFFF;\"><\/td><\/tr><tr><td style=\"color: #666666; background-color: #FFFFFF;\">Resolu\u00e7\u00e3o<\/td><td style=\"color: #666666; background-color: #FFFFFF;\">C\u00e2mara de Educa\u00e7\u00e3o Profissional<\/td><td style=\"color: #666666; background-color: #FFFFFF;\">170\/2023<\/td><td style=\"color: #666666; background-color: #FFFFFF;\">07\/12\/2023<\/td><td style=\"color: #666666; background-color: #FFFFFF;\">Disp\u00f5e sobre a renova\u00e7\u00e3o da autoriza\u00e7\u00e3o do curso T\u00e9cnico em Enfermagem do Genotec Centro Educacional, localizado em Goi\u00e2nia\/GO, e d\u00e1 outras provid\u00eancias.<\/td><td style=\"color: #0000FF; background-color: #FFFFFF;text-decoration: underline;\"><a href=\"https:\/\/goias.gov.br\/cee\/wp-content\/uploads\/sites\/20\/2024\/01\/2023-170-cep-resolucao.pdf\" target=\"_blank\">ABRIR<\/a><\/td><td style=\"color: #000000; background-color: #FFFFFF;\"><\/td><\/tr><tr><td style=\"color: #666666; background-color: #FFFFFF;\">Resolu\u00e7\u00e3o<\/td><td style=\"color: #666666; background-color: #FFFFFF;\">C\u00e2mara de Educa\u00e7\u00e3o Profissional<\/td><td style=\"color: #666666; background-color: #FFFFFF;\">172\/2023<\/td><td style=\"color: #666666; background-color: #FFFFFF;\">12\/12\/2023<\/td><td style=\"color: #666666; background-color: #FFFFFF;\">Disp\u00f5e sobre o credenciamento e autoriza\u00e7\u00e3o do curso T\u00e9cnico em Enfermagem da Faculdade Terra, localizado na Cidade de Campos Belos\/GO, e d\u00e1 outras provid\u00eancias.<\/td><td style=\"color: #0000FF; background-color: #FFFFFF;text-decoration: underline;\"><a href=\"https:\/\/goias.gov.br\/cee\/wp-content\/uploads\/sites\/20\/2024\/01\/2023-172-cep-resolucao.pdf\" target=\"_blank\">ABRIR<\/a><\/td><td style=\"color: #000000; background-color: #FFFFFF;\"><\/td><\/tr><tr><td style=\"color: #666666; background-color: #FFFFFF;\">Resolu\u00e7\u00e3o<\/td><td style=\"color: #666666; background-color: #FFFFFF;\">C\u00e2mara de Educa\u00e7\u00e3o Profissional<\/td><td style=\"color: #666666; background-color: #FFFFFF;\">173\/2023<\/td><td style=\"color: #666666; background-color: #FFFFFF;\">12\/12\/2023<\/td><td style=\"color: #666666; background-color: #FFFFFF;\">Disp\u00f5e sobre o credenciamento e a autoriza\u00e7\u00e3o do curso T\u00e9cnico em Enfermagem do CESF - Centro de Ensino Superior Fraga, localizado na Cidade Ocidental\/GO, e d\u00e1 outras provid\u00eancias.<\/td><td style=\"color: #0000FF; background-color: #FFFFFF;text-decoration: underline;\"><a href=\"https:\/\/goias.gov.br\/cee\/wp-content\/uploads\/sites\/20\/2024\/01\/2023-173-cep-resolucao.pdf\" target=\"_blank\">ABRIR<\/a><\/td><td style=\"color: #000000; background-color: #FFFFFF;\"><\/td><\/tr><tr><td style=\"color: #666666; background-color: #FFFFFF;\">Resolu\u00e7\u00e3o<\/td><td style=\"color: #666666; background-color: #FFFFFF;\">C\u00e2mara de Educa\u00e7\u00e3o Profissional<\/td><td style=\"color: #666666; background-color: #FFFFFF;\">174\/2023<\/td><td style=\"color: #666666; background-color: #FFFFFF;\">12\/12\/2023<\/td><td style=\"color: #666666; background-color: #FFFFFF;\">Disp\u00f5e sobre a autoriza\u00e7\u00e3o do curso T\u00e9cnico em Est\u00e9tica do Instituto Canedo Cursos T\u00e9cnicos, localizado em Senador Canedo\/GO, e d\u00e1 outras provid\u00eancias<\/td><td style=\"color: #0000FF; background-color: #FFFFFF;text-decoration: underline;\"><a href=\"https:\/\/goias.gov.br\/cee\/wp-content\/uploads\/sites\/20\/2024\/01\/2023-174-cep-resolucao.pdf\" target=\"_blank\">ABRIR<\/a><\/td><td style=\"color: #000000; background-color: #FFFFFF;\"><\/td><\/tr><tr><td style=\"color: #666666; background-color: #FFFFFF;\">Resolu\u00e7\u00e3o<\/td><td style=\"color: #666666; background-color: #FFFFFF;\">C\u00e2mara de Educa\u00e7\u00e3o Profissional<\/td><td style=\"color: #666666; background-color: #FFFFFF;\">01\/2024<\/td><td style=\"color: #666666; background-color: #FFFFFF;\">16\/01\/2024<\/td><td style=\"color: #666666; background-color: #FFFFFF;\">Disp\u00f5e sobre valida\u00e7\u00e3o, credenciamento e autoriza\u00e7\u00e3o do curso T\u00e9cnico em Enfermagem do Col\u00e9gio Adventus, localizado em Aparecida de Goi\u00e2nia\/GO, e d\u00e1 outras provid\u00eancias.<\/td><td style=\"color: #0000FF; background-color: #FFFFFF;text-decoration: underline;\"><a href=\"https:\/\/goias.gov.br\/cee\/wp-content\/uploads\/sites\/20\/2024\/04\/2024-1-cep-resolucao.pdf\" target=\"_blank\">ABRIR<\/a><\/td><td style=\"color: #000000; background-color: #FFFFFF;\"><\/td><\/tr><tr><td style=\"color: #666666; background-color: #FFFFFF;\">Resolu\u00e7\u00e3o<\/td><td style=\"color: #666666; background-color: #FFFFFF;\">C\u00e2mara de Educa\u00e7\u00e3o Profissional<\/td><td style=\"color: #666666; background-color: #FFFFFF;\">02\/2024<\/td><td style=\"color: #666666; background-color: #FFFFFF;\">16\/01\/2024<\/td><td style=\"color: #666666; background-color: #FFFFFF;\">Disp\u00f5e sobre a autoriza\u00e7\u00e3o do Polo de Apoio Presencial do IBREP, localizado em Goi\u00e2nia\/GO, e d\u00e1 outras provid\u00eancias.<\/td><td style=\"color: #0000FF; background-color: #FFFFFF;text-decoration: underline;\"><a href=\"https:\/\/goias.gov.br\/cee\/wp-content\/uploads\/sites\/20\/2024\/04\/2024-2-cep-resolucao.pdf\" target=\"_blank\">ABRIR<\/a><\/td><td style=\"color: #000000; background-color: #FFFFFF;\"><\/td><\/tr><tr><td style=\"color: #666666; background-color: #FFFFFF;\">Resolu\u00e7\u00e3o<\/td><td style=\"color: #666666; background-color: #FFFFFF;\">C\u00e2mara de Educa\u00e7\u00e3o Profissional<\/td><td style=\"color: #666666; background-color: #FFFFFF;\">03\/2024<\/td><td style=\"color: #666666; background-color: #FFFFFF;\">16\/01\/2024<\/td><td style=\"color: #666666; background-color: #FFFFFF;\">Disp\u00f5e sobre a renova\u00e7\u00e3o da autoriza\u00e7\u00e3o do curso T\u00e9cnico em Enfermagem do Instituto Genoma, localizado em Trindade\/GO, e d\u00e1 outras provid\u00eancias<\/td><td style=\"color: #0000FF; background-color: #FFFFFF;text-decoration: underline;\"><a href=\"https:\/\/goias.gov.br\/cee\/wp-content\/uploads\/sites\/20\/2024\/04\/2024-3-cep-resolucao.pdf\" target=\"_blank\">ABRIR<\/a><\/td><td style=\"color: #000000; background-color: #FFFFFF;\"><\/td><\/tr><tr><td style=\"color: #666666; background-color: #FFFFFF;\">Resolu\u00e7\u00e3o<\/td><td style=\"color: #666666; background-color: #FFFFFF;\">C\u00e2mara de Educa\u00e7\u00e3o Profissional<\/td><td style=\"color: #666666; background-color: #FFFFFF;\">04\/2024<\/td><td style=\"color: #666666; background-color: #FFFFFF;\">22\/01\/2024<\/td><td style=\"color: #666666; background-color: #FFFFFF;\">Disp\u00f5e sobre aprova\u00e7\u00e3o do Relat\u00f3rio de curso do Centro de Capacita\u00e7\u00e3o de Profissionais da Educa\u00e7\u00e3o e de Atendimento \u00e0s Pessoas com Surdez - CAS localizado em Goi\u00e2nia\/GO, e d\u00e1 outras provid\u00eancias.<\/td><td style=\"color: #0000FF; background-color: #FFFFFF;text-decoration: underline;\"><a href=\"https:\/\/goias.gov.br\/cee\/wp-content\/uploads\/sites\/20\/2024\/04\/2024-4-cep-resolucao.pdf\" target=\"_blank\">ABRIR<\/a><\/td><td style=\"color: #000000; background-color: #FFFFFF;\"><\/td><\/tr><tr><td style=\"color: #666666; background-color: #FFFFFF;\">Resolu\u00e7\u00e3o<\/td><td style=\"color: #666666; background-color: #FFFFFF;\">C\u00e2mara de Educa\u00e7\u00e3o Profissional<\/td><td style=\"color: #666666; background-color: #FFFFFF;\">05\/2024<\/td><td style=\"color: #666666; background-color: #FFFFFF;\">23\/01\/2024<\/td><td style=\"color: #666666; background-color: #FFFFFF;\">Disp\u00f5e sobre o recredenciamento e renova\u00e7\u00e3o da autoriza\u00e7\u00e3o do curso T\u00e9cnico em Enfermagem do Grau T\u00e9cnico - Unidade Goi\u00e2nia Centro, localizado em Goi\u00e2nia\/GO, e d\u00e1 outras provid\u00eancias.<\/td><td style=\"color: #0000FF; background-color: #FFFFFF;text-decoration: underline;\"><a href=\"https:\/\/goias.gov.br\/cee\/wp-content\/uploads\/sites\/20\/2024\/04\/2024-5-cep-resolucao.pdf\" target=\"_blank\">ABRIR<\/a><\/td><td style=\"color: #000000; background-color: #FFFFFF;\"><\/td><\/tr><tr><td style=\"color: #666666; background-color: #FFFFFF;\">Resolu\u00e7\u00e3o<\/td><td style=\"color: #666666; background-color: #FFFFFF;\">C\u00e2mara de Educa\u00e7\u00e3o Profissional<\/td><td style=\"color: #666666; background-color: #FFFFFF;\">06\/2024<\/td><td style=\"color: #666666; background-color: #FFFFFF;\">29\/01\/2024<\/td><td style=\"color: #666666; background-color: #FFFFFF;\">Disp\u00f5e sobre aprova\u00e7\u00e3o do Relat\u00f3rio de curso do ICG Instituto da Consci\u00eancia localizado em Goi\u00e2nia\/GO, e d\u00e1 outras provid\u00eancias.\n<\/td><td style=\"color: #0000FF; background-color: #FFFFFF;text-decoration: underline;\"><a href=\"https:\/\/goias.gov.br\/cee\/wp-content\/uploads\/sites\/20\/2024\/04\/2024-6-cep-resolucao.pdf\" target=\"_blank\">ABRIR<\/a><\/td><td style=\"color: #000000; background-color: #FFFFFF;\"><\/td><\/tr><tr><td style=\"color: #666666; background-color: #FFFFFF;\">Resolu\u00e7\u00e3o<\/td><td style=\"color: #666666; background-color: #FFFFFF;\">C\u00e2mara de Educa\u00e7\u00e3o Profissional<\/td><td style=\"color: #666666; background-color: #FFFFFF;\">07\/2024<\/td><td style=\"color: #666666; background-color: #FFFFFF;\">29\/01\/2024<\/td><td style=\"color: #666666; background-color: #FFFFFF;\">Disp\u00f5e sobre aprova\u00e7\u00e3o do Relat\u00f3rio de curso da Associa\u00e7\u00e3o dos Surdos de Goi\u00e2nia - ASG localizado em Goi\u00e2nia\/GO, e d\u00e1 outras provid\u00eancias.\n<\/td><td style=\"color: #0000FF; background-color: #FFFFFF;text-decoration: underline;\"><a href=\"https:\/\/goias.gov.br\/cee\/wp-content\/uploads\/sites\/20\/2024\/04\/2024-7-cep-resolucao.pdf\" target=\"_blank\">ABRIR<\/a><\/td><td style=\"color: #000000; background-color: #FFFFFF;\"><\/td><\/tr><tr><td style=\"color: #666666; background-color: #FFFFFF;\">Resolu\u00e7\u00e3o<\/td><td style=\"color: #666666; background-color: #FFFFFF;\">C\u00e2mara de Educa\u00e7\u00e3o Profissional<\/td><td style=\"color: #666666; background-color: #FFFFFF;\">08\/2024<\/td><td style=\"color: #666666; background-color: #FFFFFF;\">29\/01\/2024<\/td><td style=\"color: #666666; background-color: #FFFFFF;\">Disp\u00f5e sobre o recredenciamento e a renova\u00e7\u00e3o de autoriza\u00e7\u00e3o do curso T\u00e9cnico em Enfermagem do Col\u00e9gio Sena Aires em Goi\u00e2nia\/GO, e d\u00e1 outras provid\u00eancias.<\/td><td style=\"color: #0000FF; background-color: #FFFFFF;text-decoration: underline;\"><a href=\"https:\/\/goias.gov.br\/cee\/wp-content\/uploads\/sites\/20\/2024\/04\/2024-8-cep-resolucao.pdf\" target=\"_blank\">ABRIR<\/a><\/td><td style=\"color: #000000; background-color: #FFFFFF;\"><\/td><\/tr><tr><td style=\"color: #666666; background-color: #FFFFFF;\">Resolu\u00e7\u00e3o<\/td><td style=\"color: #666666; background-color: #FFFFFF;\">C\u00e2mara de Educa\u00e7\u00e3o Profissional<\/td><td style=\"color: #666666; background-color: #FFFFFF;\">09\/2024<\/td><td style=\"color: #666666; background-color: #FFFFFF;\">05\/02\/2024<\/td><td style=\"color: #666666; background-color: #FFFFFF;\">Disp\u00f5e sobre aprova\u00e7\u00e3o do Relat\u00f3rio de cursos do Centro de Estudo e Pesquisa Ciranda da Arte localizado em Goi\u00e2nia\/GO, e d\u00e1 outras provid\u00eancias<\/td><td style=\"color: #0000FF; background-color: #FFFFFF;text-decoration: underline;\"><a href=\"https:\/\/goias.gov.br\/cee\/wp-content\/uploads\/sites\/20\/2024\/04\/2024-9-cep-resolucao.pdf\" target=\"_blank\">ABRIR<\/a><\/td><td style=\"color: #000000; background-color: #FFFFFF;\"><\/td><\/tr><tr><td style=\"color: #666666; background-color: #FFFFFF;\">Resolu\u00e7\u00e3o<\/td><td style=\"color: #666666; background-color: #FFFFFF;\">C\u00e2mara de Educa\u00e7\u00e3o Profissional<\/td><td style=\"color: #666666; background-color: #FFFFFF;\">10\/2024<\/td><td style=\"color: #666666; background-color: #FFFFFF;\">16\/02\/2024<\/td><td style=\"color: #666666; background-color: #FFFFFF;\">Disp\u00f5e sobre o recredenciamento e a renova\u00e7\u00e3o de autoriza\u00e7\u00e3o do curso T\u00e9cnico em Radiologia do Col\u00e9gio Sena Aires em Goi\u00e2nia\/GO, e d\u00e1 outras provid\u00eancias<\/td><td style=\"color: #0000FF; background-color: #FFFFFF;text-decoration: underline;\"><a href=\"https:\/\/goias.gov.br\/cee\/wp-content\/uploads\/sites\/20\/2024\/04\/2024-10-cep-resolucao.pdf\" target=\"_blank\">ABRIR<\/a><\/td><td style=\"color: #000000; background-color: #FFFFFF;\"><\/td><\/tr><tr><td style=\"color: #666666; background-color: #FFFFFF;\">Resolu\u00e7\u00e3o<\/td><td style=\"color: #666666; background-color: #FFFFFF;\">C\u00e2mara de Educa\u00e7\u00e3o Profissional<\/td><td style=\"color: #666666; background-color: #FFFFFF;\">11\/2024<\/td><td style=\"color: #666666; background-color: #FFFFFF;\">16\/02\/2024<\/td><td style=\"color: #666666; background-color: #FFFFFF;\">Disp\u00f5e sobre a autoriza\u00e7\u00e3o do curso T\u00e9cnico em Administra\u00e7\u00e3o do PROZ em Goi\u00e2nia\/GO, e d\u00e1 outras provid\u00eancias.<\/td><td style=\"color: #0000FF; background-color: #FFFFFF;text-decoration: underline;\"><a href=\"https:\/\/goias.gov.br\/cee\/wp-content\/uploads\/sites\/20\/2024\/04\/2024-11-cep-resolucao.pdf\" target=\"_blank\">ABRIR<\/a><\/td><td style=\"color: #000000; background-color: #FFFFFF;\"><\/td><\/tr><tr><td style=\"color: #666666; background-color: #FFFFFF;\">Resolu\u00e7\u00e3o<\/td><td style=\"color: #666666; background-color: #FFFFFF;\">C\u00e2mara de Educa\u00e7\u00e3o Profissional<\/td><td style=\"color: #666666; background-color: #FFFFFF;\">12\/2024<\/td><td style=\"color: #666666; background-color: #FFFFFF;\">05\/02\/2024<\/td><td style=\"color: #666666; background-color: #FFFFFF;\">Disp\u00f5e sobre a prorroga\u00e7\u00e3o de credenciamento do SAFETE - Sistema de Aprendizagem e Forma\u00e7\u00e3o de Profissional de An\u00e1polis\/GO e d\u00e1 outras provid\u00eancias<\/td><td style=\"color: #0000FF; background-color: #FFFFFF;text-decoration: underline;\"><a href=\"https:\/\/goias.gov.br\/cee\/wp-content\/uploads\/sites\/20\/2024\/04\/2024-12-cep-resolucao.pdf\" target=\"_blank\">ABRIR<\/a><\/td><td style=\"color: #000000; background-color: #FFFFFF;\"><\/td><\/tr><tr><td style=\"color: #666666; background-color: #FFFFFF;\">Resolu\u00e7\u00e3o<\/td><td style=\"color: #666666; background-color: #FFFFFF;\">C\u00e2mara de Educa\u00e7\u00e3o Profissional<\/td><td style=\"color: #666666; background-color: #FFFFFF;\">13\/2024<\/td><td style=\"color: #666666; background-color: #FFFFFF;\">29\/02\/2024<\/td><td style=\"color: #666666; background-color: #FFFFFF;\">Disp\u00f5e sobre autoriza\u00e7\u00e3o de Projetos de cursos do Instituto Reflex\u00e3o - Educa\u00e7\u00e3o, Cultura e Pesquisa localizado em Goi\u00e2nia\/GO, e d\u00e1 outras\nprovid\u00eancias.<\/td><td style=\"color: #0000FF; background-color: #FFFFFF;text-decoration: underline;\"><a href=\"https:\/\/goias.gov.br\/cee\/wp-content\/uploads\/sites\/20\/2024\/04\/2024-13-cep-resolucao.pdf\" target=\"_blank\">ABRIR<\/a><\/td><td style=\"color: #000000; background-color: #FFFFFF;\"><\/td><\/tr><tr><td style=\"color: #666666; background-color: #FFFFFF;\">Resolu\u00e7\u00e3o<\/td><td style=\"color: #666666; background-color: #FFFFFF;\">C\u00e2mara de Educa\u00e7\u00e3o Profissional<\/td><td style=\"color: #666666; background-color: #FFFFFF;\">14\/2024<\/td><td style=\"color: #666666; background-color: #FFFFFF;\">19\/02\/2024<\/td><td style=\"color: #666666; background-color: #FFFFFF;\">Disp\u00f5e sobre autoriza\u00e7\u00e3o do Projeto de curso da SEDUC\/GO localizado em Goi\u00e2nia\/GO, e d\u00e1 outras provid\u00eancias.\n<\/td><td style=\"color: #0000FF; background-color: #FFFFFF;text-decoration: underline;\"><a href=\"https:\/\/goias.gov.br\/cee\/wp-content\/uploads\/sites\/20\/2024\/04\/2024-14-cep-resolucao.pdf\" target=\"_blank\">ABRIR<\/a><\/td><td style=\"color: #000000; background-color: #FFFFFF;\"><\/td><\/tr><tr><td style=\"color: #666666; background-color: #FFFFFF;\">Resolu\u00e7\u00e3o<\/td><td style=\"color: #666666; background-color: #FFFFFF;\">C\u00e2mara de Educa\u00e7\u00e3o Profissional<\/td><td style=\"color: #666666; background-color: #FFFFFF;\">15\/2024<\/td><td style=\"color: #666666; background-color: #FFFFFF;\">19\/02\/2024<\/td><td style=\"color: #666666; background-color: #FFFFFF;\">Disp\u00f5e sobre o encerramento das atividades pedag\u00f3gicas referente ao curso T\u00e9cnico em Transa\u00e7\u00f5es Imobili\u00e1rias\/EaD na UNIWAM em Goi\u00e2nia\/GO e d\u00e1 outras provid\u00eancias.<\/td><td style=\"color: #0000FF; background-color: #FFFFFF;text-decoration: underline;\"><a href=\"https:\/\/goias.gov.br\/cee\/wp-content\/uploads\/sites\/20\/2024\/04\/2024-15-cep-resolucao.pdf\" target=\"_blank\">ABRIR<\/a><\/td><td style=\"color: #000000; background-color: #FFFFFF;\"><\/td><\/tr><tr><td style=\"color: #666666; background-color: #FFFFFF;\">Resolu\u00e7\u00e3o<\/td><td style=\"color: #666666; background-color: #FFFFFF;\">C\u00e2mara de Educa\u00e7\u00e3o Profissional<\/td><td style=\"color: #666666; background-color: #FFFFFF;\">16\/2024<\/td><td style=\"color: #666666; background-color: #FFFFFF;\">22\/02\/2024<\/td><td style=\"color: #666666; background-color: #FFFFFF;\">Disp\u00f5e sobre o credenciamento e autoriza\u00e7\u00e3o do curso T\u00e9cnico em Enfermagem do Tempo Educacional em Rian\u00e1polis\/GO, e d\u00e1 outras  provid\u00eancias<\/td><td style=\"color: #0000FF; background-color: #FFFFFF;text-decoration: underline;\"><a href=\"https:\/\/goias.gov.br\/cee\/wp-content\/uploads\/sites\/20\/2024\/04\/2024-16-cep-resolucao.pdf\" target=\"_blank\">ABRIR<\/a><\/td><td style=\"color: #000000; background-color: #FFFFFF;\"><\/td><\/tr><tr><td style=\"color: #666666; background-color: #FFFFFF;\">Resolu\u00e7\u00e3o<\/td><td style=\"color: #666666; background-color: #FFFFFF;\">C\u00e2mara de Educa\u00e7\u00e3o Profissional<\/td><td style=\"color: #666666; background-color: #FFFFFF;\">17\/2024<\/td><td style=\"color: #666666; background-color: #FFFFFF;\">22\/02\/2024<\/td><td style=\"color: #666666; background-color: #FFFFFF;\">Disp\u00f5e sobre a autoriza\u00e7\u00e3o do curso T\u00e9cnico em Seguran\u00e7a do Trabalho\/EaD do Centro Tecnol\u00f3gico Paula Pasquali em Quirin\u00f3polis\/GO, e d\u00e1 outras provid\u00eancias.<\/td><td style=\"color: #0000FF; background-color: #FFFFFF;text-decoration: underline;\"><a href=\"https:\/\/goias.gov.br\/cee\/wp-content\/uploads\/sites\/20\/2024\/04\/2024-17-cep-resolucao.pdf\" target=\"_blank\">ABRIR<\/a><\/td><td style=\"color: #000000; background-color: #FFFFFF;\"><\/td><\/tr><tr><td style=\"color: #666666; background-color: #FFFFFF;\">Resolu\u00e7\u00e3o<\/td><td style=\"color: #666666; background-color: #FFFFFF;\">C\u00e2mara de Educa\u00e7\u00e3o Profissional<\/td><td style=\"color: #666666; background-color: #FFFFFF;\">18\/2024<\/td><td style=\"color: #666666; background-color: #FFFFFF;\">29\/02\/2024<\/td><td style=\"color: #666666; background-color: #FFFFFF;\">Disp\u00f5e sobre o credenciamento e autoriza\u00e7\u00e3o do curso T\u00e9cnico em Enfermagem do Centro Prime de Ensino em Goianira\/GO, e d\u00e1 outras provid\u00eancias.\n<\/td><td style=\"color: #0000FF; background-color: #FFFFFF;text-decoration: underline;\"><a href=\"https:\/\/goias.gov.br\/cee\/wp-content\/uploads\/sites\/20\/2024\/04\/2024-18-cep-resolucao.pdf\" target=\"_blank\">ABRIR<\/a><\/td><td style=\"color: #000000; background-color: #FFFFFF;\"><\/td><\/tr><tr><td style=\"color: #666666; background-color: #FFFFFF;\">Resolu\u00e7\u00e3o<\/td><td style=\"color: #666666; background-color: #FFFFFF;\">C\u00e2mara de Educa\u00e7\u00e3o Profissional<\/td><td style=\"color: #666666; background-color: #FFFFFF;\">19\/2024<\/td><td style=\"color: #666666; background-color: #FFFFFF;\">28\/02\/2024<\/td><td style=\"color: #666666; background-color: #FFFFFF;\">Disp\u00f5e sobre o recredenciamento e a renova\u00e7\u00e3o da autoriza\u00e7\u00e3o do curso T\u00e9cnico em Enfermagem do Instituto Genoma em Aparecida de Goi\u00e2nia\/GO, e d\u00e1 outras provid\u00eancias.<\/td><td style=\"color: #0000FF; background-color: #FFFFFF;text-decoration: underline;\"><a href=\"https:\/\/goias.gov.br\/cee\/wp-content\/uploads\/sites\/20\/2024\/04\/2024-19-cep-resolucao.pdf\" target=\"_blank\">ABRIR<\/a><\/td><td style=\"color: #000000; background-color: #FFFFFF;\"><\/td><\/tr><tr><td style=\"color: #666666; background-color: #FFFFFF;\">Resolu\u00e7\u00e3o<\/td><td style=\"color: #666666; background-color: #FFFFFF;\">C\u00e2mara de Educa\u00e7\u00e3o Profissional<\/td><td style=\"color: #666666; background-color: #FFFFFF;\">20\/2024<\/td><td style=\"color: #666666; background-color: #FFFFFF;\">07\/03\/2024<\/td><td style=\"color: #666666; background-color: #FFFFFF;\">Disp\u00f5e sobre o credenciamento e autoriza\u00e7\u00e3o do curso T\u00e9cnico em Enfermagem do Instituto Cient\u00edfico de Ensino e Pesquisa - EP, em Goi\u00e2nia\/GO, e d\u00e1 outras provid\u00eancias<\/td><td style=\"color: #0000FF; background-color: #FFFFFF;text-decoration: underline;\"><a href=\"https:\/\/goias.gov.br\/cee\/wp-content\/uploads\/sites\/20\/2024\/04\/2024-20-cep-resolucao.pdf\" target=\"_blank\">ABRIR<\/a><\/td><td style=\"color: #000000; background-color: #FFFFFF;\"><\/td><\/tr><tr><td style=\"color: #666666; background-color: #FFFFFF;\">Resolu\u00e7\u00e3o<\/td><td style=\"color: #666666; background-color: #FFFFFF;\">C\u00e2mara de Educa\u00e7\u00e3o Profissional<\/td><td style=\"color: #666666; background-color: #FFFFFF;\">21\/2024<\/td><td style=\"color: #666666; background-color: #FFFFFF;\">22\/03\/2024<\/td><td style=\"color: #666666; background-color: #FFFFFF;\">Disp\u00f5e sobre a aprova\u00e7\u00e3o do Novo Plano de curso T\u00e9cnico em Guia de Turismo\/EaD do COTEC - Col\u00e9gio Tecnol\u00f3gico do Estado de Goi\u00e1s Maria Sebastiana da Silva, localizado em Porangatu\/GO, e d\u00e1 outras provid\u00eancias.<\/td><td style=\"color: #0000FF; background-color: #FFFFFF;text-decoration: underline;\"><a href=\"https:\/\/goias.gov.br\/cee\/wp-content\/uploads\/sites\/20\/2024\/04\/2024-21-cep-resolucao.pdf\" target=\"_blank\">ABRIR<\/a><\/td><td style=\"color: #000000; background-color: #FFFFFF;\"><\/td><\/tr><tr><td style=\"color: #666666; background-color: #FFFFFF;\">Resolu\u00e7\u00e3o<\/td><td style=\"color: #666666; background-color: #FFFFFF;\">C\u00e2mara de Educa\u00e7\u00e3o Profissional<\/td><td style=\"color: #666666; background-color: #FFFFFF;\">22\/2024<\/td><td style=\"color: #666666; background-color: #FFFFFF;\">22\/03\/2024<\/td><td style=\"color: #666666; background-color: #FFFFFF;\">Disp\u00f5e sobre a aprova\u00e7\u00e3o do Novo Plano de curso T\u00e9cnico em Guia de Turismo\/EaD do COTEC - Col\u00e9gio Tecnol\u00f3gico do Estado de Goi\u00e1s Maria Carmem Dutra de Ara\u00fajo, em Formosa\/GO, e d\u00e1 outras provid\u00eancias.<\/td><td style=\"color: #0000FF; background-color: #FFFFFF;text-decoration: underline;\"><a href=\"https:\/\/goias.gov.br\/cee\/wp-content\/uploads\/sites\/20\/2024\/04\/2024-22-cep-resolucao.pdf\" target=\"_blank\">ABRIR<\/a><\/td><td style=\"color: #000000; background-color: #FFFFFF;\"><\/td><\/tr><tr><td style=\"color: #666666; background-color: #FFFFFF;\">Resolu\u00e7\u00e3o<\/td><td style=\"color: #666666; background-color: #FFFFFF;\">C\u00e2mara de Educa\u00e7\u00e3o Profissional<\/td><td style=\"color: #666666; background-color: #FFFFFF;\">23\/2024<\/td><td style=\"color: #666666; background-color: #FFFFFF;\">22\/03\/2024<\/td><td style=\"color: #666666; background-color: #FFFFFF;\">Disp\u00f5e sobre a aprova\u00e7\u00e3o do Novo Plano de curso T\u00e9cnico em Guia de Turismo\/EaD do COTEC - Col\u00e9gio Tecnol\u00f3gico do Estado de Goi\u00e1s Ruth Vila\u00e7a Correia Leite Cardoso, localizado em Caiap\u00f4nia\/GO, e d\u00e1 outras provid\u00eancias.<\/td><td style=\"color: #0000FF; background-color: #FFFFFF;text-decoration: underline;\"><a href=\"https:\/\/goias.gov.br\/cee\/wp-content\/uploads\/sites\/20\/2024\/04\/2024-23-cep-resolucao.pdf\" target=\"_blank\">ABRIR<\/a><\/td><td style=\"color: #000000; background-color: #FFFFFF;\"><\/td><\/tr><tr><td style=\"color: #666666; background-color: #FFFFFF;\">Resolu\u00e7\u00e3o<\/td><td style=\"color: #666666; background-color: #FFFFFF;\">C\u00e2mara de Educa\u00e7\u00e3o Profissional<\/td><td style=\"color: #666666; background-color: #FFFFFF;\">24\/2024<\/td><td style=\"color: #666666; background-color: #FFFFFF;\">22\/03\/2024<\/td><td style=\"color: #666666; background-color: #FFFFFF;\">Disp\u00f5e sobre a aprova\u00e7\u00e3o do Novo Plano de curso T\u00e9cnico em Guia de Turismo\/EaD do COTEC - Col\u00e9gio Tecnol\u00f3gico do Estado de Goi\u00e1s Goiandira Ayres do Couto, localizado na Cidade de Goi\u00e1s\/GO, e d\u00e1 outras provid\u00eancias.<\/td><td style=\"color: #0000FF; background-color: #FFFFFF;text-decoration: underline;\"><a href=\"https:\/\/goias.gov.br\/cee\/wp-content\/uploads\/sites\/20\/2024\/04\/2024-24-cep-resolucao.pdf\" target=\"_blank\">ABRIR<\/a><\/td><td style=\"color: #000000; background-color: #FFFFFF;\"><\/td><\/tr><tr><td style=\"color: #666666; background-color: #FFFFFF;\">Resolu\u00e7\u00e3o<\/td><td style=\"color: #666666; background-color: #FFFFFF;\">C\u00e2mara de Educa\u00e7\u00e3o Profissional<\/td><td style=\"color: #666666; background-color: #FFFFFF;\">25\/2024<\/td><td style=\"color: #666666; background-color: #FFFFFF;\">22\/03\/2024<\/td><td style=\"color: #666666; background-color: #FFFFFF;\">Disp\u00f5e sobre a aprova\u00e7\u00e3o do Plano de curso T\u00e9cnico em Guia de Turismo\/EaD do COTEC - Col\u00e9gio Tecnol\u00f3gico do Estado de Goi\u00e1s Irtes Alves de Castro Ribeiro, em Jaragu\u00e1\/GO, e d\u00e1 outras provid\u00eancias.<\/td><td style=\"color: #0000FF; background-color: #FFFFFF;text-decoration: underline;\"><a href=\"https:\/\/goias.gov.br\/cee\/wp-content\/uploads\/sites\/20\/2024\/04\/2024-25-cep-resolucao.pdf\" target=\"_blank\">ABRIR<\/a><\/td><td style=\"color: #000000; background-color: #FFFFFF;\"><\/td><\/tr><tr><td style=\"color: #666666; background-color: #FFFFFF;\">Resolu\u00e7\u00e3o<\/td><td style=\"color: #666666; background-color: #FFFFFF;\">C\u00e2mara de Educa\u00e7\u00e3o Profissional<\/td><td style=\"color: #666666; background-color: #FFFFFF;\">26\/2024<\/td><td style=\"color: #666666; background-color: #FFFFFF;\">22\/03\/2024<\/td><td style=\"color: #666666; background-color: #FFFFFF;\">Disp\u00f5e sobre a aprova\u00e7\u00e3o do Novo Plano de curso T\u00e9cnico em Guia de Turismo\/EaD do COTEC - Col\u00e9gio Tecnol\u00f3gico do Estado de Goi\u00e1s Luiz Humberto de Menezes, localizado em Santa Helena\/GO, e d\u00e1 outras provid\u00eancias.<\/td><td style=\"color: #0000FF; background-color: #FFFFFF;text-decoration: underline;\"><a href=\"https:\/\/goias.gov.br\/cee\/wp-content\/uploads\/sites\/20\/2024\/04\/2024-26-cep-resolucao.pdf\" target=\"_blank\">ABRIR<\/a><\/td><td style=\"color: #000000; background-color: #FFFFFF;\"><\/td><\/tr><tr><td style=\"color: #666666; background-color: #FFFFFF;\">Resolu\u00e7\u00e3o<\/td><td style=\"color: #666666; background-color: #FFFFFF;\">C\u00e2mara de Educa\u00e7\u00e3o Profissional<\/td><td style=\"color: #666666; background-color: #FFFFFF;\">28\/2024<\/td><td style=\"color: #666666; background-color: #FFFFFF;\">15\/03\/2024<\/td><td style=\"color: #666666; background-color: #FFFFFF;\">Disp\u00f5e sobre o recredenciamento e a renova\u00e7\u00e3o da autoriza\u00e7\u00e3o do curso T\u00e9cnico em Enfermagem do Instituto Genoma, em Mina\u00e7u\/GO, e d\u00e1 outras provid\u00eancias.<\/td><td style=\"color: #0000FF; background-color: #FFFFFF;text-decoration: underline;\"><a href=\"https:\/\/goias.gov.br\/cee\/wp-content\/uploads\/sites\/20\/2024\/04\/2024-28-cep-resolucao.pdf\" target=\"_blank\">ABRIR<\/a><\/td><td style=\"color: #000000; background-color: #FFFFFF;\"><\/td><\/tr><\/tbody><\/table><div class=\"wp-block-file\"><a href=\"https:\/\/goias.gov.br\/cee\/wp-content\/uploads\/sites\/20\/2023\/11\/CEP_RESOLUCOES_2019_A_2024_16_ABRIL_v2.xlsx\">CEP_RESOLUCOES_2019_A_2024_16_ABRIL_v2.xlsx&nbsp; <span class=\"wp-block-file__button wp-element-button\">Baixar<\/span><\/a><\/div>\n","protected":false},"excerpt":{"rendered":"","protected":false},"author":62,"featured_media":0,"comment_status":"closed","ping_status":"open","sticky":false,"template":"","format":"standard","meta":{"footnotes":""},"categories":[],"tags":[],"class_list":["post-12782","post","type-post","status-publish","format-standard","hentry"],"rttpg_featured_image_url":null,"rttpg_author":{"display_name":"italoreis","author_link":"https:\/\/goias.gov.br\/cee\/author\/italoreis\/"},"rttpg_comment":0,"rttpg_category":"Sem categoria","rttpg_excerpt":null,"_links":{"self":[{"href":"https:\/\/goias.gov.br\/cee\/wp-json\/wp\/v2\/posts\/12782","targetHints":{"allow":["GET"]}}],"collection":[{"href":"https:\/\/goias.gov.br\/cee\/wp-json\/wp\/v2\/posts"}],"about":[{"href":"https:\/\/goias.gov.br\/cee\/wp-json\/wp\/v2\/types\/post"}],"author":[{"embeddable":true,"href":"https:\/\/goias.gov.br\/cee\/wp-json\/wp\/v2\/users\/62"}],"replies":[{"embeddable":true,"href":"https:\/\/goias.gov.br\/cee\/wp-json\/wp\/v2\/comments?post=12782"}],"version-history":[{"count":2,"href":"https:\/\/goias.gov.br\/cee\/wp-json\/wp\/v2\/posts\/12782\/revisions"}],"predecessor-version":[{"id":16020,"href":"https:\/\/goias.gov.br\/cee\/wp-json\/wp\/v2\/posts\/12782\/revisions\/16020"}],"wp:attachment":[{"href":"https:\/\/goias.gov.br\/cee\/wp-json\/wp\/v2\/media?parent=12782"}],"wp:term":[{"taxonomy":"category","embeddable":true,"href":"https:\/\/goias.gov.br\/cee\/wp-json\/wp\/v2\/categories?post=12782"},{"taxonomy":"post_tag","embeddable":true,"href":"https:\/\/goias.gov.br\/cee\/wp-json\/wp\/v2\/tags?post=12782"}],"curies":[{"name":"wp","href":"https:\/\/api.w.org\/{rel}","templated":true}]}}