

{"id":48487,"date":"2025-09-12T08:08:01","date_gmt":"2025-09-12T11:08:01","guid":{"rendered":"https:\/\/goias.gov.br\/ceasa\/?p=48487"},"modified":"2025-09-12T08:08:04","modified_gmt":"2025-09-12T11:08:04","slug":"posto-da-pm-e-inaugurado-com-presenca-de-autoridades","status":"publish","type":"post","link":"https:\/\/goias.gov.br\/ceasa\/posto-da-pm-e-inaugurado-com-presenca-de-autoridades\/","title":{"rendered":"Posto da PM \u00e9 inaugurado com presen\u00e7a de autoridades"},"content":{"rendered":"\n<p>\u00a0A Ceasa\/GO celebrou a abertura de sua nova base da Pol\u00edcia Militar, marcando mais um passo para fortalecer a prote\u00e7\u00e3o de todos que frequentam e operam no local. A cerim\u00f4nia contou com a presen\u00e7a de figuras importantes, como o Comandante-Geral da PM de Goi\u00e1s, Coronel Marcelo Granja, o Comandante do Policiamento da Capital, Coronel Pedro Henrique Batista Alves de Paiva, o Comandante do 9\u00ba Batalh\u00e3o, Tenente-Coronel Rodrigo Almeida, e o Subtenente Vadson Mendes dos Santos, que foram homenageados com a Medalha M\u00e9rito do Abastecimento. A vice-prefeita de Goi\u00e2nia, Coronel Cl\u00e1udia da Silva Lira, al\u00e9m de deputados e vereadores, \u00a0e o ex-presidente da empresa, Manoel de Castro tamb\u00e9m marcaram presen\u00e7a.<br><br>Durante o evento, Carlos Alberto Oliveira (Carl\u00e3o da Fox), presidente da Ceasa, expressou gratid\u00e3o aos parceiros, destacando a import\u00e2ncia do novo espa\u00e7o para aumentar a seguran\u00e7a de todos que trabalham e negociam no local. Ele enfatizou que a a\u00e7\u00e3o est\u00e1 em sintonia com a pol\u00edtica do governador Ronaldo Caiado, que prioriza a prote\u00e7\u00e3o da popula\u00e7\u00e3o goiana. O presidente acrescentou que a inaugura\u00e7\u00e3o de mais essa obra refor\u00e7a o papel da Ceasa como um dos maiores entrepostos do pa\u00eds, assegurando o fornecimento de alimentos com qualidade, seguran\u00e7a e organiza\u00e7\u00e3o.<\/p>\n\n\n<div class=\"wp-block-image\">\n<figure class=\"alignleft size-large is-resized\"><img fetchpriority=\"high\" decoding=\"async\" width=\"1024\" height=\"683\" src=\"https:\/\/goias.gov.br\/ceasa\/wp-content\/uploads\/sites\/48\/2025\/09\/1a-1024x683.jpg\" alt=\"\" class=\"wp-image-48489\" style=\"width:480px;height:auto\" srcset=\"https:\/\/goias.gov.br\/ceasa\/wp-content\/uploads\/sites\/48\/2025\/09\/1a-1024x683.jpg 1024w, https:\/\/goias.gov.br\/ceasa\/wp-content\/uploads\/sites\/48\/2025\/09\/1a-300x200.jpg 300w, https:\/\/goias.gov.br\/ceasa\/wp-content\/uploads\/sites\/48\/2025\/09\/1a-768x512.jpg 768w, https:\/\/goias.gov.br\/ceasa\/wp-content\/uploads\/sites\/48\/2025\/09\/1a-1536x1024.jpg 1536w, https:\/\/goias.gov.br\/ceasa\/wp-content\/uploads\/sites\/48\/2025\/09\/1a.jpg 2048w\" sizes=\"(max-width: 1024px) 100vw, 1024px\" \/><\/figure>\n<\/div>\n\n\n<p>O Coronel Marcelo Granja, em seu discurso, parabenizou a Ceasa pela iniciativa e ressaltando que a presen\u00e7a da Pol\u00edcia Militar \u00e9 crucial para manter um ambiente seguro e organizado, sendo a seguran\u00e7a p\u00fablica uma das principais metas do Governo Estadual.<br><br>O novo posto, estrategicamente posicionado em frente \u00e0 R\u00e1dio Ceasa, em local bastante vis\u00edvel e com visibilidade para a portaria principal, oferece ampla vis\u00e3o da entrada principal do entreposto. Com 40 metros quadrados, o espa\u00e7o disp\u00f5e de salas e banheiro, proporcionando mais conforto e dignidade aos policiais que ali atuam. A obra, realizada pela MART Servi\u00e7os e Engenharia, teve um custo de R$ 179.109 e visa oferecer maior prote\u00e7\u00e3o \u00e0s cerca de 15 mil pessoas que circulam diariamente pela Ceasa, incluindo comerciantes, trabalhadores, transportadores e consumidores.<\/p>\n\n\n\n<figure class=\"wp-block-image size-large is-resized\"><img decoding=\"async\" width=\"1024\" height=\"683\" src=\"https:\/\/goias.gov.br\/ceasa\/wp-content\/uploads\/sites\/48\/2025\/09\/8-1024x683.jpg\" alt=\"\" class=\"wp-image-48490\" style=\"width:801px;height:auto\" srcset=\"https:\/\/goias.gov.br\/ceasa\/wp-content\/uploads\/sites\/48\/2025\/09\/8-1024x683.jpg 1024w, https:\/\/goias.gov.br\/ceasa\/wp-content\/uploads\/sites\/48\/2025\/09\/8-300x200.jpg 300w, https:\/\/goias.gov.br\/ceasa\/wp-content\/uploads\/sites\/48\/2025\/09\/8-768x512.jpg 768w, https:\/\/goias.gov.br\/ceasa\/wp-content\/uploads\/sites\/48\/2025\/09\/8-1536x1024.jpg 1536w, https:\/\/goias.gov.br\/ceasa\/wp-content\/uploads\/sites\/48\/2025\/09\/8.jpg 2048w\" sizes=\"(max-width: 1024px) 100vw, 1024px\" \/><\/figure>\n","protected":false},"excerpt":{"rendered":"<p>\u00a0A Ceasa\/GO celebrou a abertura de sua nova base da Pol\u00edcia Militar, marcando mais um passo para fortalecer a prote\u00e7\u00e3o de todos que frequentam e operam no local. A cerim\u00f4nia contou com a presen\u00e7a de figuras importantes, como o Comandante-Geral da PM de Goi\u00e1s, Coronel Marcelo Granja, o Comandante do Policiamento da Capital, Coronel Pedro [&hellip;]<\/p>\n","protected":false},"author":406,"featured_media":48488,"comment_status":"closed","ping_status":"open","sticky":false,"template":"","format":"standard","meta":{"footnotes":""},"categories":[6],"tags":[],"class_list":["post-48487","post","type-post","status-publish","format-standard","has-post-thumbnail","hentry","category-noticias"],"rttpg_featured_image_url":{"full":["https:\/\/goias.gov.br\/ceasa\/wp-content\/uploads\/sites\/48\/2025\/09\/5.jpg",2048,1365,false],"landscape":["https:\/\/goias.gov.br\/ceasa\/wp-content\/uploads\/sites\/48\/2025\/09\/5.jpg",2048,1365,false],"portraits":["https:\/\/goias.gov.br\/ceasa\/wp-content\/uploads\/sites\/48\/2025\/09\/5.jpg",2048,1365,false],"thumbnail":["https:\/\/goias.gov.br\/ceasa\/wp-content\/uploads\/sites\/48\/2025\/09\/5-150x150.jpg",150,150,true],"medium":["https:\/\/goias.gov.br\/ceasa\/wp-content\/uploads\/sites\/48\/2025\/09\/5-300x200.jpg",300,200,true],"large":["https:\/\/goias.gov.br\/ceasa\/wp-content\/uploads\/sites\/48\/2025\/09\/5-1024x683.jpg",1024,683,true],"1536x1536":["https:\/\/goias.gov.br\/ceasa\/wp-content\/uploads\/sites\/48\/2025\/09\/5-1536x1024.jpg",1536,1024,true],"2048x2048":["https:\/\/goias.gov.br\/ceasa\/wp-content\/uploads\/sites\/48\/2025\/09\/5.jpg",2048,1365,false]},"rttpg_author":{"display_name":"josevasconcelos","author_link":"https:\/\/goias.gov.br\/ceasa\/author\/josevasconcelos\/"},"rttpg_comment":0,"rttpg_category":"<a href=\"https:\/\/goias.gov.br\/ceasa\/categoria\/noticias\/\" rel=\"category tag\">Not\u00edcias<\/a>","rttpg_excerpt":"\u00a0A Ceasa\/GO celebrou a abertura de sua nova base da Pol\u00edcia Militar, marcando mais um passo para fortalecer a prote\u00e7\u00e3o de todos que frequentam e operam no local. A cerim\u00f4nia contou com a presen\u00e7a de figuras importantes, como o Comandante-Geral da PM de Goi\u00e1s, Coronel Marcelo Granja, o Comandante do Policiamento da Capital, Coronel Pedro&hellip;","_links":{"self":[{"href":"https:\/\/goias.gov.br\/ceasa\/wp-json\/wp\/v2\/posts\/48487","targetHints":{"allow":["GET"]}}],"collection":[{"href":"https:\/\/goias.gov.br\/ceasa\/wp-json\/wp\/v2\/posts"}],"about":[{"href":"https:\/\/goias.gov.br\/ceasa\/wp-json\/wp\/v2\/types\/post"}],"author":[{"embeddable":true,"href":"https:\/\/goias.gov.br\/ceasa\/wp-json\/wp\/v2\/users\/406"}],"replies":[{"embeddable":true,"href":"https:\/\/goias.gov.br\/ceasa\/wp-json\/wp\/v2\/comments?post=48487"}],"version-history":[{"count":1,"href":"https:\/\/goias.gov.br\/ceasa\/wp-json\/wp\/v2\/posts\/48487\/revisions"}],"predecessor-version":[{"id":48491,"href":"https:\/\/goias.gov.br\/ceasa\/wp-json\/wp\/v2\/posts\/48487\/revisions\/48491"}],"wp:featuredmedia":[{"embeddable":true,"href":"https:\/\/goias.gov.br\/ceasa\/wp-json\/wp\/v2\/media\/48488"}],"wp:attachment":[{"href":"https:\/\/goias.gov.br\/ceasa\/wp-json\/wp\/v2\/media?parent=48487"}],"wp:term":[{"taxonomy":"category","embeddable":true,"href":"https:\/\/goias.gov.br\/ceasa\/wp-json\/wp\/v2\/categories?post=48487"},{"taxonomy":"post_tag","embeddable":true,"href":"https:\/\/goias.gov.br\/ceasa\/wp-json\/wp\/v2\/tags?post=48487"}],"curies":[{"name":"wp","href":"https:\/\/api.w.org\/{rel}","templated":true}]}}