

{"id":3188,"date":"2012-11-06T23:11:43","date_gmt":"2012-11-07T01:11:43","guid":{"rendered":"https:\/\/siteshom.goias.gov.br\/ceasa\/galeria-de-fotos-setembro-2011\/"},"modified":"2012-11-06T23:11:43","modified_gmt":"2012-11-07T01:11:43","slug":"galeria-de-fotos-setembro-2011","status":"publish","type":"post","link":"https:\/\/goias.gov.br\/ceasa\/galeria-de-fotos-setembro-2011\/","title":{"rendered":"Galeria de Fotos &#8211; Setembro 2011"},"content":{"rendered":"<p><!DOCTYPE html PUBLIC \"-\/\/W3C\/\/DTD HTML 4.0 Transitional\/\/EN\" \"https:\/\/www.w3.org\/TR\/REC-html40\/loose.dtd\"><br \/>\n<html><body><\/p>\n<table border=\"0\">\n<tbody>\n<tr>\n<td>\n<p><a href=\"https:\/\/picasaweb.google.com\/117705992547601188403\/7E9DeMarco2012EncontroNacionalDaAbracen?feat=email\" target=\"_blank\" rel=\"noopener\"><img decoding=\"async\" src=\"https:\/\/goias.gov.br\/ceasa\/wp-content\/uploads\/sites\/48\/2012\/11\/VisitaPlantacaoDeUvasSaoJoaoDaParauna-aea.jpg\" alt=\"7 e 9 de mar&ccedil;o 2012 Encontro Nacional da Abracen\" width=\"150\" height=\"110\"><\/a><\/p>\n<\/td>\n<td>\n<p><span class=\"gphoto-context-current\"><span style=\"color: #000000;\"><br \/><\/span><\/span><\/p>\n<p><span class=\"gphoto-context-current\"><span style=\"color: #000000;\"><br \/><\/span><\/span><\/p>\n<p><span class=\"gphoto-context-current\"><span style=\"color: #000000;\">30\/09\/2011<\/span><br \/><\/span><\/p>\n<p><a class=\"gphoto-album-cover-link\" href=\"https:\/\/picasaweb.google.com\/117705992547601188403\/VisitaPlantacaoDeUvasSaoJoaoDaParauna\" target=\"_blank\" rel=\"noopener\">Visita planta&ccedil;&atilde;o de Uvas &#8211; S&atilde;o Jo&atilde;o da Parauna<\/a><\/p>\n<\/td>\n<td>&nbsp;<a href=\"https:\/\/picasaweb.google.com\/117705992547601188403\/VacinacaoNaCeasa?feat=email\" target=\"_blank\" rel=\"noopener\"><\/p>\n<p><img decoding=\"async\" src=\"images\/imagens_migradas\/-KNRzJwpCB7g\/T8eAs2j9s_E\/AAAAAAAABpQ\/mV9C_r9NL60\/s144-c\/3EncontroDosProdutoresDeHortifrutigrajeiroDoEstadoDeGoiasOuroVerdeDeGoias.jpg\" alt=\"Vacina&ccedil;&atilde;o na ceasa\" width=\"150\" height=\"110\"><\/a><\/td>\n<td>\n<p>&nbsp;<\/p>\n<p><span style=\"color: #000000;\"><br \/><\/span><\/p>\n<p><span style=\"color: #000000;\">06\/09\/2011<\/span><\/p>\n<p><span class=\"gphoto-context-current\"><a class=\"gphoto-album-cover-link\" href=\"https:\/\/picasaweb.google.com\/117705992547601188403\/3EncontroDosProdutoresDeHortifrutigrajeiroDoEstadoDeGoiasOuroVerdeDeGoias\" target=\"_blank\" rel=\"noopener\">3&ordm; Encontro dos Produtores de Hortifrutigrajeiro do Estado de goi&aacute;s (Ouro Verde de Goi&aacute;s)<\/a><\/span><\/p>\n<\/td>\n<\/tr>\n<\/tbody>\n<\/table>\n<p><\/body><\/html><\/p>\n","protected":false},"excerpt":{"rendered":"<p>30\/09\/2011 Visita planta&ccedil;&atilde;o de Uvas &#8211; S&atilde;o Jo&atilde;o da Parauna &nbsp; &nbsp; 06\/09\/2011 3&ordm; Encontro dos Produtores de Hortifrutigrajeiro do Estado de goi&aacute;s (Ouro Verde de Goi&aacute;s)<\/p>\n","protected":false},"author":7,"featured_media":3187,"comment_status":"closed","ping_status":"open","sticky":false,"template":"","format":"standard","meta":{"footnotes":""},"categories":[5],"tags":[],"class_list":["post-3188","post","type-post","status-publish","format-standard","has-post-thumbnail","hentry","category-areas-de-atuacao"],"rttpg_featured_image_url":{"full":["https:\/\/goias.gov.br\/ceasa\/wp-content\/uploads\/sites\/48\/2012\/11\/VisitaPlantacaoDeUvasSaoJoaoDaParauna-aea.jpg",144,144,false],"landscape":["https:\/\/goias.gov.br\/ceasa\/wp-content\/uploads\/sites\/48\/2012\/11\/VisitaPlantacaoDeUvasSaoJoaoDaParauna-aea.jpg",144,144,false],"portraits":["https:\/\/goias.gov.br\/ceasa\/wp-content\/uploads\/sites\/48\/2012\/11\/VisitaPlantacaoDeUvasSaoJoaoDaParauna-aea.jpg",144,144,false],"thumbnail":["https:\/\/goias.gov.br\/ceasa\/wp-content\/uploads\/sites\/48\/2012\/11\/VisitaPlantacaoDeUvasSaoJoaoDaParauna-aea.jpg",144,144,false],"medium":["https:\/\/goias.gov.br\/ceasa\/wp-content\/uploads\/sites\/48\/2012\/11\/VisitaPlantacaoDeUvasSaoJoaoDaParauna-aea.jpg",144,144,false],"large":["https:\/\/goias.gov.br\/ceasa\/wp-content\/uploads\/sites\/48\/2012\/11\/VisitaPlantacaoDeUvasSaoJoaoDaParauna-aea.jpg",144,144,false],"1536x1536":["https:\/\/goias.gov.br\/ceasa\/wp-content\/uploads\/sites\/48\/2012\/11\/VisitaPlantacaoDeUvasSaoJoaoDaParauna-aea.jpg",144,144,false],"2048x2048":["https:\/\/goias.gov.br\/ceasa\/wp-content\/uploads\/sites\/48\/2012\/11\/VisitaPlantacaoDeUvasSaoJoaoDaParauna-aea.jpg",144,144,false]},"rttpg_author":{"display_name":"gustavogoncalves","author_link":"https:\/\/goias.gov.br\/ceasa\/author\/gustavogoncalves\/"},"rttpg_comment":0,"rttpg_category":"<a href=\"https:\/\/goias.gov.br\/ceasa\/categoria\/areas-de-atuacao\/\" rel=\"category tag\">\u00c1reas de Atua\u00e7\u00e3o<\/a>","rttpg_excerpt":"30\/09\/2011 Visita planta&ccedil;&atilde;o de Uvas &#8211; S&atilde;o Jo&atilde;o da Parauna &nbsp; &nbsp; 06\/09\/2011 3&ordm; Encontro dos Produtores de Hortifrutigrajeiro do Estado de goi&aacute;s (Ouro Verde de Goi&aacute;s)","_links":{"self":[{"href":"https:\/\/goias.gov.br\/ceasa\/wp-json\/wp\/v2\/posts\/3188","targetHints":{"allow":["GET"]}}],"collection":[{"href":"https:\/\/goias.gov.br\/ceasa\/wp-json\/wp\/v2\/posts"}],"about":[{"href":"https:\/\/goias.gov.br\/ceasa\/wp-json\/wp\/v2\/types\/post"}],"author":[{"embeddable":true,"href":"https:\/\/goias.gov.br\/ceasa\/wp-json\/wp\/v2\/users\/7"}],"replies":[{"embeddable":true,"href":"https:\/\/goias.gov.br\/ceasa\/wp-json\/wp\/v2\/comments?post=3188"}],"version-history":[{"count":0,"href":"https:\/\/goias.gov.br\/ceasa\/wp-json\/wp\/v2\/posts\/3188\/revisions"}],"wp:featuredmedia":[{"embeddable":true,"href":"https:\/\/goias.gov.br\/ceasa\/wp-json\/wp\/v2\/media\/3187"}],"wp:attachment":[{"href":"https:\/\/goias.gov.br\/ceasa\/wp-json\/wp\/v2\/media?parent=3188"}],"wp:term":[{"taxonomy":"category","embeddable":true,"href":"https:\/\/goias.gov.br\/ceasa\/wp-json\/wp\/v2\/categories?post=3188"},{"taxonomy":"post_tag","embeddable":true,"href":"https:\/\/goias.gov.br\/ceasa\/wp-json\/wp\/v2\/tags?post=3188"}],"curies":[{"name":"wp","href":"https:\/\/api.w.org\/{rel}","templated":true}]}}