

{"id":2231,"date":"2015-09-04T07:09:07","date_gmt":"2015-09-04T10:09:07","guid":{"rendered":"https:\/\/siteshom.goias.gov.br\/ceasa\/plano-de-gestao-ambiental\/"},"modified":"2025-06-06T09:55:37","modified_gmt":"2025-06-06T12:55:37","slug":"plano-de-gestao-ambiental","status":"publish","type":"post","link":"https:\/\/goias.gov.br\/ceasa\/plano-de-gestao-ambiental\/","title":{"rendered":"Plano de Gest\u00e3o Ambiental"},"content":{"rendered":"<div style=\"clear: both;\">\n<ul>\n<li><a href=\"https:\/\/goias.gov.br\/ceasa\/wp-content\/uploads\/sites\/48\/2015\/09\/plano-de-gestAo-ambiental-da-ceasa-afa.pdf\" target=\"_blank\" rel=\"noopener\">Plano de Gest\u00e3o Ambiental da Ceasa &#8211; NeoAmbiental<\/a><\/li>\n<li><a href=\"https:\/\/goias.gov.br\/ceasa\/wp-content\/uploads\/sites\/48\/2015\/09\/ciclo-de-palesta-gestao-ambiental-e-o-desafio-dos-residuos-solidos-43a.pdf\" target=\"_blank\" rel=\"noopener\">Ciclo de Palestras &#8211; Gest\u00e3o Ambiental e o Desafio dos Res\u00edduos S\u00f3lidos<\/a><\/li>\n<li><a href=\"https:\/\/goias.gov.br\/ceasa\/wp-content\/uploads\/sites\/48\/2015\/09\/apresentacao-_plano-de-gestAo-ambiental-4fc.pdf\" target=\"_blank\" rel=\"noopener\">Apresenta\u00e7\u00e3o &#8211; Jos\u00e9 Rodrigues de Oliveira Filho &#8211; Plano de Gest\u00e3o Ambiental da Ceasa<\/a><\/li>\n<li><a href=\"https:\/\/goias.gov.br\/ceasa\/wp-content\/uploads\/sites\/48\/2015\/09\/palestra-estrategia-executiva-ef3.pdf\" target=\"_blank\" rel=\"noopener\">Apresenta\u00e7\u00e3o &#8211; Estrat\u00e9gia Executiva da Ceasa Goi\u00e1s<\/a><\/li>\n<li><a href=\"https:\/\/goias.gov.br\/ceasa\/wp-content\/uploads\/sites\/48\/2015\/09\/ata_debates_plano_gestAo_ambiental-ace.pdf\" target=\"_blank\" rel=\"noopener\">Ata de debates &#8211; Plano de Gest\u00e3o Ambiental &#8211; PGA e Plano de Gerenciamento de Res\u00edduos S\u00f3lidos &#8211; PGRS<\/a><\/li>\n<li><a href=\"https:\/\/goias.gov.br\/ceasa\/wp-content\/uploads\/sites\/48\/2015\/09\/palestra-resultados-do-diagnostico-de-residuos-do-mercado-da-ceasa-go-ffe.pdf\" target=\"_blank\" rel=\"noopener\">Palestra &#8211; Resultados do Diagn\u00f3stico de Res\u00edduos do Mercado da Ceasa-GO<\/a><\/li>\n<li><a href=\"https:\/\/goias.gov.br\/ceasa\/wp-content\/uploads\/sites\/48\/2015\/09\/relatorio-diagnostico-de-residuos-do-mercado-da-ceasa-go-4f5.pdf\" target=\"_blank\" rel=\"noopener\">Relat\u00f3rio &#8211; Diagn\u00f3stico de Res\u00edduos do Mercado da Ceasa-GO<\/a><\/li>\n<li><a href=\"https:\/\/goias.gov.br\/ceasa\/\/audiencias-publicas\/\">Audi\u00eancias P\u00fablicas<\/a><\/li>\n<li><a href=\"https:\/\/goias.gov.br\/ceasa\/\/documentos-das-audiencias-publicas\/\">Documentos das Audi\u00eancias P\u00fablicas<\/a><\/li>\n<li><a href=\"https:\/\/goias.gov.br\/ceasa\/wp-content\/uploads\/sites\/48\/2015\/09\/pga-pgr-ceasa-rev-0003-final_assinada-43b.pdf\">Plano de Gest\u00e3o Ambiental &#8211; Plano de Gerenciamento de Res\u00edduos<\/a><\/li>\n<\/ul>\n<div><\/div>\n<div><\/div>\n<div><\/div>\n<div><\/div>\n<div><\/div>\n<\/div>\n","protected":false},"excerpt":{"rendered":"<p>Plano de Gest\u00e3o Ambiental da Ceasa &#8211; NeoAmbiental Ciclo de Palestras &#8211; Gest\u00e3o Ambiental e o Desafio dos Res\u00edduos S\u00f3lidos Apresenta\u00e7\u00e3o &#8211; Jos\u00e9 Rodrigues de Oliveira Filho &#8211; Plano de Gest\u00e3o Ambiental da Ceasa Apresenta\u00e7\u00e3o &#8211; Estrat\u00e9gia Executiva da Ceasa Goi\u00e1s Ata de debates &#8211; Plano de Gest\u00e3o Ambiental &#8211; PGA e Plano de Gerenciamento [&hellip;]<\/p>\n","protected":false},"author":7,"featured_media":0,"comment_status":"closed","ping_status":"open","sticky":false,"template":"","format":"standard","meta":{"footnotes":""},"categories":[54,64,67,66],"tags":[],"class_list":["post-2231","post","type-post","status-publish","format-standard","hentry","category-acesso-a-informacao","category-planejamento-e-prestacao-de-contas","category-plano-de-gestao-ambiental","category-plano-de-negocios-e-projetos"],"rttpg_featured_image_url":null,"rttpg_author":{"display_name":"gustavogoncalves","author_link":"https:\/\/goias.gov.br\/ceasa\/author\/gustavogoncalves\/"},"rttpg_comment":0,"rttpg_category":"<a href=\"https:\/\/goias.gov.br\/ceasa\/categoria\/acesso-a-informacao\/\" rel=\"category tag\">Acesso \u00e0 Informa\u00e7\u00e3o<\/a> <a href=\"https:\/\/goias.gov.br\/ceasa\/categoria\/acesso-a-informacao\/planejamento-e-prestacao-de-contas\/\" rel=\"category tag\">Planejamento e Presta\u00e7\u00e3o de Contas<\/a> <a href=\"https:\/\/goias.gov.br\/ceasa\/categoria\/acesso-a-informacao\/planejamento-e-prestacao-de-contas\/plano-de-negocios-e-projetos\/plano-de-gestao-ambiental\/\" rel=\"category tag\">Plano de Gest\u00e3o Ambiental<\/a> <a href=\"https:\/\/goias.gov.br\/ceasa\/categoria\/acesso-a-informacao\/planejamento-e-prestacao-de-contas\/plano-de-negocios-e-projetos\/\" rel=\"category tag\">Plano de Neg\u00f3cios e Projetos<\/a>","rttpg_excerpt":"Plano de Gest\u00e3o Ambiental da Ceasa &#8211; NeoAmbiental Ciclo de Palestras &#8211; Gest\u00e3o Ambiental e o Desafio dos Res\u00edduos S\u00f3lidos Apresenta\u00e7\u00e3o &#8211; Jos\u00e9 Rodrigues de Oliveira Filho &#8211; Plano de Gest\u00e3o Ambiental da Ceasa Apresenta\u00e7\u00e3o &#8211; Estrat\u00e9gia Executiva da Ceasa Goi\u00e1s Ata de debates &#8211; Plano de Gest\u00e3o Ambiental &#8211; PGA e Plano de Gerenciamento&hellip;","_links":{"self":[{"href":"https:\/\/goias.gov.br\/ceasa\/wp-json\/wp\/v2\/posts\/2231","targetHints":{"allow":["GET"]}}],"collection":[{"href":"https:\/\/goias.gov.br\/ceasa\/wp-json\/wp\/v2\/posts"}],"about":[{"href":"https:\/\/goias.gov.br\/ceasa\/wp-json\/wp\/v2\/types\/post"}],"author":[{"embeddable":true,"href":"https:\/\/goias.gov.br\/ceasa\/wp-json\/wp\/v2\/users\/7"}],"replies":[{"embeddable":true,"href":"https:\/\/goias.gov.br\/ceasa\/wp-json\/wp\/v2\/comments?post=2231"}],"version-history":[{"count":2,"href":"https:\/\/goias.gov.br\/ceasa\/wp-json\/wp\/v2\/posts\/2231\/revisions"}],"predecessor-version":[{"id":13734,"href":"https:\/\/goias.gov.br\/ceasa\/wp-json\/wp\/v2\/posts\/2231\/revisions\/13734"}],"wp:attachment":[{"href":"https:\/\/goias.gov.br\/ceasa\/wp-json\/wp\/v2\/media?parent=2231"}],"wp:term":[{"taxonomy":"category","embeddable":true,"href":"https:\/\/goias.gov.br\/ceasa\/wp-json\/wp\/v2\/categories?post=2231"},{"taxonomy":"post_tag","embeddable":true,"href":"https:\/\/goias.gov.br\/ceasa\/wp-json\/wp\/v2\/tags?post=2231"}],"curies":[{"name":"wp","href":"https:\/\/api.w.org\/{rel}","templated":true}]}}