

{"id":1219,"date":"2018-08-16T11:08:50","date_gmt":"2018-08-16T14:08:50","guid":{"rendered":"https:\/\/siteshom.goias.gov.br\/ceasa\/veja-a-cotacao-dos-precos-no-dia-de-hoje88\/"},"modified":"2018-08-16T11:08:50","modified_gmt":"2018-08-16T14:08:50","slug":"veja-a-cotacao-dos-precos-no-dia-de-hoje88","status":"publish","type":"post","link":"https:\/\/goias.gov.br\/ceasa\/veja-a-cotacao-dos-precos-no-dia-de-hoje88\/","title":{"rendered":"Veja a Cota\u00e7\u00e3o dos Pre\u00e7os no Dia de Hoje"},"content":{"rendered":"<p><img fetchpriority=\"high\" decoding=\"async\" class=\" size-full wp-image-1218\" src=\"https:\/\/goias.gov.br\/ceasa\/wp-content\/uploads\/sites\/48\/2018\/08\/reducao-jilo-cc2.png\" alt=\"\" width=\"650\" height=\"650\" srcset=\"https:\/\/goias.gov.br\/ceasa\/wp-content\/uploads\/sites\/48\/2018\/08\/reducao-jilo-cc2.png 650w, https:\/\/goias.gov.br\/ceasa\/wp-content\/uploads\/sites\/48\/2018\/08\/reducao-jilo-cc2-300x300.png 300w, https:\/\/goias.gov.br\/ceasa\/wp-content\/uploads\/sites\/48\/2018\/08\/reducao-jilo-cc2-150x150.png 150w\" sizes=\"(max-width: 650px) 100vw, 650px\" \/><!DOCTYPE html PUBLIC \"-\/\/W3C\/\/DTD HTML 4.0 Transitional\/\/EN\" \"https:\/\/www.w3.org\/TR\/REC-html40\/loose.dtd\"><br \/>\n<html><body><\/p>\n<p>&nbsp;<\/p>\n<p>&nbsp;<\/p>\n<p>&nbsp;<\/p>\n<p>&nbsp;<\/p>\n<p>&nbsp;<\/p>\n<p>&nbsp;<\/p>\n<p>&nbsp;<\/p>\n<p>&nbsp;<\/p>\n<p>&nbsp;<\/p>\n<p>&nbsp;<\/p>\n<p>&nbsp;<\/p>\n<p>&nbsp;<\/p>\n<p>&nbsp;<\/p>\n<p>&nbsp;<\/p>\n<p>&nbsp;<\/p>\n<p><span style=\"color: #000000; font-size: 16px;\"><span style=\"color: #1d2129;\"><span style=\"font-family: Helvetica, Arial, sans-serif;\">De acordo com a cota&ccedil;&atilde;o de hoje, dia 1<\/span><\/span><span style=\"color: #1d2129;\"><span style=\"font-family: Helvetica, Arial, sans-serif;\">6<\/span><\/span><span style=\"color: #1d2129;\"><span style=\"font-family: Helvetica, Arial, sans-serif;\">\/08, o <\/span><\/span><span style=\"color: #1d2129;\"><span style=\"font-family: Helvetica, Arial, sans-serif;\">jil&oacute;<\/span><\/span><span style=\"color: #1d2129;\"><span style=\"font-family: Helvetica, Arial, sans-serif;\"> teve uma queda de 2<\/span><\/span><span style=\"color: #1d2129;\"><span style=\"font-family: Helvetica, Arial, sans-serif;\">5<\/span><\/span><span style=\"color: #1d2129;\"><span style=\"font-family: Helvetica, Arial, sans-serif;\">% em seu pre&ccedil;o em compara&ccedil;&atilde;o com a cota&ccedil;&atilde;o do dia 07\/08. Nesse per&iacute;odo a caixa de <\/span><\/span><span style=\"color: #1d2129;\"><span style=\"font-family: Helvetica, Arial, sans-serif;\">17<\/span><\/span><span style=\"color: #1d2129;\"><span style=\"font-family: Helvetica, Arial, sans-serif;\">kg do produto caiu de <\/span><\/span><span style=\"color: #1d2129;\"><span style=\"font-family: Helvetica, Arial, sans-serif;\">40<\/span><\/span><span style=\"color: #1d2129;\"><span style=\"font-family: Helvetica, Arial, sans-serif;\"> para <\/span><\/span><span style=\"color: #1d2129;\"><span style=\"font-family: Helvetica, Arial, sans-serif;\">3<\/span><\/span><span style=\"color: #1d2129;\"><span style=\"font-family: Helvetica, Arial, sans-serif;\">0 reais. Em contrapartida, <\/span><\/span><span style=\"color: #1d2129;\"><span style=\"font-family: Helvetica, Arial, sans-serif;\">a beterraba<\/span><\/span><span style=\"color: #1d2129;\"><span style=\"font-family: Helvetica, Arial, sans-serif;\">se manteve est&aacute;vel em <\/span><\/span><span style=\"color: #1d2129;\"><span style=\"font-family: Helvetica, Arial, sans-serif;\">3<\/span><\/span><span style=\"color: #1d2129;\"><span style=\"font-family: Helvetica, Arial, sans-serif;\">0 reais <\/span><\/span><span style=\"color: #1d2129;\"><span style=\"font-family: Helvetica, Arial, sans-serif;\">a caixa de 20 kg<\/span><\/span><span style=\"color: #1d2129;\"><span style=\"font-family: Helvetica, Arial, sans-serif;\"> e a cenoura teve um aumento de 20% em seu valor, passando de 25<\/span><\/span><span style=\"color: #1d2129;\"><span style=\"font-family: Helvetica, Arial, sans-serif;\">para 30 reais a saca de 21 kg.<\/span><\/span><\/span><\/p>\n<p><\/body><\/html><\/p>\n","protected":false},"excerpt":{"rendered":"<p>&nbsp; &nbsp; &nbsp; &nbsp; &nbsp; &nbsp; &nbsp; &nbsp; &nbsp; &nbsp; &nbsp; &nbsp; &nbsp; &nbsp; &nbsp; De acordo com a cota&ccedil;&atilde;o de hoje, dia 16\/08, o jil&oacute; teve uma queda de 25% em seu pre&ccedil;o em compara&ccedil;&atilde;o com a cota&ccedil;&atilde;o do dia 07\/08. Nesse per&iacute;odo a caixa de 17kg do produto caiu de 40 para 30 [&hellip;]<\/p>\n","protected":false},"author":7,"featured_media":1217,"comment_status":"closed","ping_status":"open","sticky":false,"template":"","format":"standard","meta":{"footnotes":""},"categories":[17],"tags":[],"class_list":["post-1219","post","type-post","status-publish","format-standard","has-post-thumbnail","hentry","category-cotacoes-diarias"],"rttpg_featured_image_url":{"full":["https:\/\/goias.gov.br\/ceasa\/wp-content\/uploads\/sites\/48\/2018\/08\/reducao-jilo1-d56.png",650,650,false],"landscape":["https:\/\/goias.gov.br\/ceasa\/wp-content\/uploads\/sites\/48\/2018\/08\/reducao-jilo1-d56.png",650,650,false],"portraits":["https:\/\/goias.gov.br\/ceasa\/wp-content\/uploads\/sites\/48\/2018\/08\/reducao-jilo1-d56.png",650,650,false],"thumbnail":["https:\/\/goias.gov.br\/ceasa\/wp-content\/uploads\/sites\/48\/2018\/08\/reducao-jilo1-d56-150x150.png",150,150,true],"medium":["https:\/\/goias.gov.br\/ceasa\/wp-content\/uploads\/sites\/48\/2018\/08\/reducao-jilo1-d56-300x300.png",300,300,true],"large":["https:\/\/goias.gov.br\/ceasa\/wp-content\/uploads\/sites\/48\/2018\/08\/reducao-jilo1-d56.png",650,650,false],"1536x1536":["https:\/\/goias.gov.br\/ceasa\/wp-content\/uploads\/sites\/48\/2018\/08\/reducao-jilo1-d56.png",650,650,false],"2048x2048":["https:\/\/goias.gov.br\/ceasa\/wp-content\/uploads\/sites\/48\/2018\/08\/reducao-jilo1-d56.png",650,650,false]},"rttpg_author":{"display_name":"gustavogoncalves","author_link":"https:\/\/goias.gov.br\/ceasa\/author\/gustavogoncalves\/"},"rttpg_comment":0,"rttpg_category":"<a href=\"https:\/\/goias.gov.br\/ceasa\/categoria\/cotacoes-diarias\/\" rel=\"category tag\">Cota\u00e7\u00f5es Di\u00e1rias<\/a>","rttpg_excerpt":"&nbsp; &nbsp; &nbsp; &nbsp; &nbsp; &nbsp; &nbsp; &nbsp; &nbsp; &nbsp; &nbsp; &nbsp; &nbsp; &nbsp; &nbsp; De acordo com a cota&ccedil;&atilde;o de hoje, dia 16\/08, o jil&oacute; teve uma queda de 25% em seu pre&ccedil;o em compara&ccedil;&atilde;o com a cota&ccedil;&atilde;o do dia 07\/08. Nesse per&iacute;odo a caixa de 17kg do produto caiu de 40 para 30&hellip;","_links":{"self":[{"href":"https:\/\/goias.gov.br\/ceasa\/wp-json\/wp\/v2\/posts\/1219","targetHints":{"allow":["GET"]}}],"collection":[{"href":"https:\/\/goias.gov.br\/ceasa\/wp-json\/wp\/v2\/posts"}],"about":[{"href":"https:\/\/goias.gov.br\/ceasa\/wp-json\/wp\/v2\/types\/post"}],"author":[{"embeddable":true,"href":"https:\/\/goias.gov.br\/ceasa\/wp-json\/wp\/v2\/users\/7"}],"replies":[{"embeddable":true,"href":"https:\/\/goias.gov.br\/ceasa\/wp-json\/wp\/v2\/comments?post=1219"}],"version-history":[{"count":0,"href":"https:\/\/goias.gov.br\/ceasa\/wp-json\/wp\/v2\/posts\/1219\/revisions"}],"wp:featuredmedia":[{"embeddable":true,"href":"https:\/\/goias.gov.br\/ceasa\/wp-json\/wp\/v2\/media\/1217"}],"wp:attachment":[{"href":"https:\/\/goias.gov.br\/ceasa\/wp-json\/wp\/v2\/media?parent=1219"}],"wp:term":[{"taxonomy":"category","embeddable":true,"href":"https:\/\/goias.gov.br\/ceasa\/wp-json\/wp\/v2\/categories?post=1219"},{"taxonomy":"post_tag","embeddable":true,"href":"https:\/\/goias.gov.br\/ceasa\/wp-json\/wp\/v2\/tags?post=1219"}],"curies":[{"name":"wp","href":"https:\/\/api.w.org\/{rel}","templated":true}]}}