

{"id":11211,"date":"2024-07-15T11:40:59","date_gmt":"2024-07-15T14:40:59","guid":{"rendered":"https:\/\/goias.gov.br\/ceasa\/?p=11211"},"modified":"2024-07-15T11:40:59","modified_gmt":"2024-07-15T14:40:59","slug":"raphael-rodrigues-de-oliveira-e-silva","status":"publish","type":"post","link":"https:\/\/goias.gov.br\/ceasa\/raphael-rodrigues-de-oliveira-e-silva\/","title":{"rendered":"Raphael Rodrigues de Oliveira e Silva"},"content":{"rendered":"\n<ul class=\"wp-block-list\">\n<li><strong>Informa\u00e7\u00f5es Pessoais:<\/strong>\n<ul class=\"wp-block-list\">\n<li>Advogado graduado pela Sociedade Objetivo de Ensino Superior<\/li>\n\n\n\n<li>Especialidade em Direito Constitucional e Direito Administrativo pela Pontif\u00edcia Universidade Cat\u00f3lica de Goi\u00e1s (PUC-GO)<\/li>\n<\/ul>\n<\/li>\n\n\n\n<li><strong>Experi\u00eancia Profissional:<\/strong>\n<ul class=\"wp-block-list\">\n<li><strong>Empresa:<\/strong> Raphael Rodrigues e Moura Advogados Associados \u2013 S\/S<\/li>\n\n\n\n<li><strong>Per\u00edodo:<\/strong> Outubro de 2002 at\u00e9 a data atual<\/li>\n\n\n\n<li><strong>Cargo:<\/strong> S\u00f3cio respons\u00e1vel pela carteira de Direito Civil, Constitucional, Administrativo<\/li>\n\n\n\n<li>Atuou comprovadamente em mais de 10 mil processos, nos estados de Goi\u00e1s, S\u00e3o Paulo e Distrito Federal<\/li>\n<\/ul>\n<\/li>\n\n\n\n<li><strong>Atividades e Cargos Complementares:<\/strong>\n<ul class=\"wp-block-list\">\n<li>Membro da Comiss\u00e3o de Direitos Humanos, Acesso \u00e0 Justi\u00e7a e Direitos Sociais da Ordem dos Advogados do Brasil, Se\u00e7\u00e3o de Goi\u00e1s (2007\/2009)<\/li>\n\n\n\n<li>Procurador do Munic\u00edpio de Nova Crix\u00e1s (Mandato 2008\/2012)<\/li>\n\n\n\n<li>Membro do Conselho de Administra\u00e7\u00e3o das Centrais de Abastecimento de Goi\u00e1s (CEASAGO) desde mar\u00e7o de 2018 at\u00e9 a data atual, indicado pelos Produtores de Hortifrutigranjeiros do Estado de Goi\u00e1s<\/li>\n\n\n\n<li>Corregedor da Secretaria de Educa\u00e7\u00e3o, nomeado por decreto (DO n.\u00ba 23.796) pelo Governador do Estado de Goi\u00e1s em 13\/05\/2022 at\u00e9 a data atual<\/li>\n<\/ul>\n<\/li>\n<\/ul>\n","protected":false},"excerpt":{"rendered":"","protected":false},"author":441,"featured_media":0,"comment_status":"closed","ping_status":"open","sticky":false,"template":"","format":"standard","meta":{"footnotes":""},"categories":[3],"tags":[],"class_list":["post-11211","post","type-post","status-publish","format-standard","hentry","category-publicacoes"],"rttpg_featured_image_url":null,"rttpg_author":{"display_name":"aldovasconcelos","author_link":"https:\/\/goias.gov.br\/ceasa\/author\/aldovasconcelos\/"},"rttpg_comment":0,"rttpg_category":"<a href=\"https:\/\/goias.gov.br\/ceasa\/categoria\/publicacoes\/\" rel=\"category tag\">Publicacoes<\/a>","rttpg_excerpt":null,"_links":{"self":[{"href":"https:\/\/goias.gov.br\/ceasa\/wp-json\/wp\/v2\/posts\/11211","targetHints":{"allow":["GET"]}}],"collection":[{"href":"https:\/\/goias.gov.br\/ceasa\/wp-json\/wp\/v2\/posts"}],"about":[{"href":"https:\/\/goias.gov.br\/ceasa\/wp-json\/wp\/v2\/types\/post"}],"author":[{"embeddable":true,"href":"https:\/\/goias.gov.br\/ceasa\/wp-json\/wp\/v2\/users\/441"}],"replies":[{"embeddable":true,"href":"https:\/\/goias.gov.br\/ceasa\/wp-json\/wp\/v2\/comments?post=11211"}],"version-history":[{"count":1,"href":"https:\/\/goias.gov.br\/ceasa\/wp-json\/wp\/v2\/posts\/11211\/revisions"}],"predecessor-version":[{"id":11456,"href":"https:\/\/goias.gov.br\/ceasa\/wp-json\/wp\/v2\/posts\/11211\/revisions\/11456"}],"wp:attachment":[{"href":"https:\/\/goias.gov.br\/ceasa\/wp-json\/wp\/v2\/media?parent=11211"}],"wp:term":[{"taxonomy":"category","embeddable":true,"href":"https:\/\/goias.gov.br\/ceasa\/wp-json\/wp\/v2\/categories?post=11211"},{"taxonomy":"post_tag","embeddable":true,"href":"https:\/\/goias.gov.br\/ceasa\/wp-json\/wp\/v2\/tags?post=11211"}],"curies":[{"name":"wp","href":"https:\/\/api.w.org\/{rel}","templated":true}]}}