

{"id":644,"date":"2024-02-26T15:27:12","date_gmt":"2024-02-26T18:27:12","guid":{"rendered":"https:\/\/siteshom.goias.gov.br\/casamilitar\/?p=644"},"modified":"2024-02-26T15:27:13","modified_gmt":"2024-02-26T18:27:13","slug":"palacio-das-esmeraldas","status":"publish","type":"post","link":"https:\/\/goias.gov.br\/casamilitar\/palacio-das-esmeraldas\/","title":{"rendered":"Pal\u00e1cio das Esmeraldas"},"content":{"rendered":"<p class=\"pull-center\"><img fetchpriority=\"high\" decoding=\"async\" id=\"\" class=\"size-full wp-image-643 aligncenter\" title=\"\" src=\"https:\/\/goias.gov.br\/casamilitar\/wp-content\/uploads\/sites\/52\/2018\/10\/palacio-esmeraldas2-f26.jpg\" alt=\"Pal\u00e1cio das Esmeraldas a noite\" width=\"750\" height=\"350\" data-image-widget-flowlayout=\"1\" srcset=\"https:\/\/goias.gov.br\/casamilitar\/wp-content\/uploads\/sites\/52\/2018\/10\/palacio-esmeraldas2-f26.jpg 750w, https:\/\/goias.gov.br\/casamilitar\/wp-content\/uploads\/sites\/52\/2018\/10\/palacio-esmeraldas2-f26-300x140.jpg 300w\" sizes=\"(max-width: 750px) 100vw, 750px\" \/><\/p>\n<p>O Pal\u00e1cio das Esmeraldas \u00e9 a sede do governo estadual desde 1937.<\/p>\n<p>Localiza-se na Pra\u00e7a Dr. Pedro Ludovico Teixeira &#8211; St. Central, Goi\u00e2nia &#8211; GO, 74083-010.<\/p>\n","protected":false},"excerpt":{"rendered":"<p>O Pal\u00e1cio das Esmeraldas \u00e9 a sede do governo estadual desde 1937. Localiza-se na Pra\u00e7a Dr. Pedro Ludovico Teixeira &#8211; St. Central, Goi\u00e2nia &#8211; GO, 74083-010.<\/p>\n","protected":false},"author":49,"featured_media":0,"comment_status":"closed","ping_status":"open","sticky":false,"template":"","format":"standard","meta":{"footnotes":""},"categories":[2],"tags":[],"class_list":["post-644","post","type-post","status-publish","format-standard","hentry","category-institucional"],"rttpg_featured_image_url":null,"rttpg_author":{"display_name":"barbaracb","author_link":"https:\/\/goias.gov.br\/casamilitar\/author\/barbaracb\/"},"rttpg_comment":0,"rttpg_category":"<a href=\"https:\/\/goias.gov.br\/casamilitar\/categoria\/institucional\/\" rel=\"category tag\">Institucional<\/a>","rttpg_excerpt":"O Pal\u00e1cio das Esmeraldas \u00e9 a sede do governo estadual desde 1937. Localiza-se na Pra\u00e7a Dr. Pedro Ludovico Teixeira &#8211; St. Central, Goi\u00e2nia &#8211; GO, 74083-010.","_links":{"self":[{"href":"https:\/\/goias.gov.br\/casamilitar\/wp-json\/wp\/v2\/posts\/644","targetHints":{"allow":["GET"]}}],"collection":[{"href":"https:\/\/goias.gov.br\/casamilitar\/wp-json\/wp\/v2\/posts"}],"about":[{"href":"https:\/\/goias.gov.br\/casamilitar\/wp-json\/wp\/v2\/types\/post"}],"author":[{"embeddable":true,"href":"https:\/\/goias.gov.br\/casamilitar\/wp-json\/wp\/v2\/users\/49"}],"replies":[{"embeddable":true,"href":"https:\/\/goias.gov.br\/casamilitar\/wp-json\/wp\/v2\/comments?post=644"}],"version-history":[{"count":1,"href":"https:\/\/goias.gov.br\/casamilitar\/wp-json\/wp\/v2\/posts\/644\/revisions"}],"predecessor-version":[{"id":1922,"href":"https:\/\/goias.gov.br\/casamilitar\/wp-json\/wp\/v2\/posts\/644\/revisions\/1922"}],"wp:attachment":[{"href":"https:\/\/goias.gov.br\/casamilitar\/wp-json\/wp\/v2\/media?parent=644"}],"wp:term":[{"taxonomy":"category","embeddable":true,"href":"https:\/\/goias.gov.br\/casamilitar\/wp-json\/wp\/v2\/categories?post=644"},{"taxonomy":"post_tag","embeddable":true,"href":"https:\/\/goias.gov.br\/casamilitar\/wp-json\/wp\/v2\/tags?post=644"}],"curies":[{"name":"wp","href":"https:\/\/api.w.org\/{rel}","templated":true}]}}