

{"id":6173,"date":"2024-10-16T11:30:38","date_gmt":"2024-10-16T14:30:38","guid":{"rendered":"https:\/\/goias.gov.br\/casamilitar\/?p=6173"},"modified":"2024-10-16T11:30:38","modified_gmt":"2024-10-16T14:30:38","slug":"6173-2","status":"publish","type":"post","link":"https:\/\/goias.gov.br\/casamilitar\/6173-2\/","title":{"rendered":""},"content":{"rendered":"\n<p>Caiado e Gracinha lan\u00e7am Natal do Bem 2024<\/p>\n\n\n\n<p>Evento do Goi\u00e1s Social ser\u00e1 realizado de 14 de novembro a 5 de janeiro; edi\u00e7\u00e3o deste ano ter\u00e1 roda-gigante, mais vagas de estacionamento e novas linhas de \u00f4nibus em opera\u00e7\u00e3o<\/p>\n\n\n\n<p>Pelo quarto ano consecutivo, o Centro Cultural Oscar Niemeyer, em Goi\u00e2nia, ser\u00e1 palco do Natal do Bem, considerado o maior do g\u00eanero natalino gratuito no Brasil. A festa ser\u00e1 realizada de 14 de novembro a 5 de janeiro. \u201cSer\u00e3o 53 dias de festa e muita confraterniza\u00e7\u00e3o. Tivemos a preocupa\u00e7\u00e3o em ofertar, de gra\u00e7a, um ambiente que realmente reproduz a beleza do Natal\u201d, afirmou o governador Ronaldo Caiado, nesta ter\u00e7a-feira (15\/10).<\/p>\n\n\n\n<p>Nesta edi\u00e7\u00e3o, o evento do Goi\u00e1s Social ser\u00e1 ainda maior e tem expectativa de p\u00fablico de 1,5 milh\u00e3o de pessoas. Al\u00e9m dos j\u00e1 tradicionais shows no Pal\u00e1cio da M\u00fasica e no coreto; Vila do Papai Noel; brinquedos, gastronomia e nevasca artificial, o Natal do Bem 2024 ter\u00e1 um complexo natalino com mais de 30 mil metros quadrados e 2,7 milh\u00f5es de pontos de luz. Outro destaque \u00e9 a \u00e1rvore de Natal de 40 metros de altura e, de forma in\u00e9dita, uma roda-gigante.<\/p>\n\n\n\n<p>\u201cQueremos proporcionar um Natal onde todos possam sonhar e se encantar, sem barreiras e sem distin\u00e7\u00e3o\u201d, sublinhou a coordenadora do Goi\u00e1s Social e primeira-dama do Estado, Gracinha Caiado. \u201cEu tenho certeza de que a edi\u00e7\u00e3o deste ano vai ficar marcada na nossa hist\u00f3ria, vamos mostrar o que temos de melhor\u201d, acrescentou. A programa\u00e7\u00e3o est\u00e1 sob responsabilidade da Organiza\u00e7\u00e3o das Volunt\u00e1rias de Goi\u00e1s (OVG)<\/p>\n\n\n\n<p>No ano passado, o Natal do Bem recebeu p\u00fablico de 17 estados e de 90 munic\u00edpios goianos, de acordo com a diretora-geral da OVG, Adryanna Caiado. \u201cA cada ano temos o desafio de superar o anterior. Quando a festa termina, nossa equipe j\u00e1 come\u00e7a a trabalhar na pr\u00f3xima edi\u00e7\u00e3o e passa o ano inteiro envolvida com essa magia que \u00e9 o nosso Natal\u201d, afirmou, ao citar que os preparativos envolvem mais de 700 colaboradores nas frentes operacional e art\u00edstica.<\/p>\n\n\n\n<p>Para receber o p\u00fablico com mais conforto, todos os espa\u00e7os ter\u00e3o equipes de apoio \u00e0 sa\u00fade e de seguran\u00e7a. Ainda, seis estacionamentos estar\u00e3o dispon\u00edveis com 12 mil vagas rotativas, 5 mil a mais do que em 2023. No transporte p\u00fablico, ser\u00e3o quatro linhas exclusivas, sendo duas gratuitas, com sa\u00eddas do Shopping Flamboyant e Pra\u00e7a C\u00edvica, e duas regulares da Rede Metropolitana de Transportes Coletivos (RMTC).<\/p>\n\n\n\n<p>Atra\u00e7\u00f5es<br>O Natal do Bem vai funcionar de ter\u00e7a-feira a domingo, das 18h \u00e0s 23h. Apenas nos dias 24 e 31 de dezembro, o hor\u00e1rio ser\u00e1 diferente: das 19h at\u00e9 \u00e0s 21h. Apresenta\u00e7\u00f5es com cenas teatrais e m\u00fasicas cl\u00e1ssicas de Natal, interpretadas por bailarinos, cantores, acrobatas e artistas circenses ocupar\u00e3o todos os espa\u00e7os do complexo. Cerca de 90% dos artistas musicais s\u00e3o residentes em Goi\u00e1s. \u201cEstamos valorizando os nossos artistas e tamb\u00e9m pagando um cach\u00ea digno\u201d, afirmou a titular da Secult, Yara Nunes.<\/p>\n\n\n\n<p>Entrega de brinquedos<br>A segunda etapa do Natal do Bem ter\u00e1 ainda a distribui\u00e7\u00e3o de 525 mil brinquedos \u00e0s crian\u00e7as dos 246 munic\u00edpios do estado. No dia 15 de dezembro, o Governo de Goi\u00e1s promover\u00e1 um grande evento no Gin\u00e1sio Goi\u00e2nia Arena, em Goi\u00e2nia, para entrega de carrinhos, bolas, bonecas e kits de panelinhas. As crian\u00e7as assistir\u00e3o \u00e0 tradicional chegada do Papai Noel e ao show do cantor Daniel. O investimento \u00e9 de R$ 17,8 milh\u00f5es.<\/p>\n\n\n\n<p>Linhas de \u00f4nibus exclusivas<br>Linha 990 &#8211; Terminal Pra\u00e7a da B\u00edblia \/ Pra\u00e7a C\u00edvica \/ Oscar Niemeyer<br>Linha 991 \u2013 Terminal Isid\u00f3ria \/ Flamboyant \/ Oscar Niemeyer<br>Linha gratuita &#8211; Pra\u00e7a C\u00edvica \/ Oscar Niemeyer<br>Linha gratuita \u2013 Shopping Flamboyant \/ Oscar Niemeyer<\/p>\n\n\n\n<p>Funcionamento<br>14 de novembro a 5 de janeiro<br>3\u00aa feira a domingo &#8211; 18h \u00e0s 23h<br>24 e 31 de dezembro &#8211; 19h \u00e0s 21h<\/p>\n\n\n\n<p>Fotos: Wesley Costa e Romullo Carvalho<\/p>\n\n\n\n<p><\/p>\n\n\n\n<p><\/p>\n","protected":false},"excerpt":{"rendered":"<p>Caiado e Gracinha lan\u00e7am Natal do Bem 2024 Evento do Goi\u00e1s Social ser\u00e1 realizado de 14 de novembro a 5 de janeiro; edi\u00e7\u00e3o deste ano ter\u00e1 roda-gigante, mais vagas de estacionamento e novas linhas de \u00f4nibus em opera\u00e7\u00e3o Pelo quarto ano consecutivo, o Centro Cultural Oscar Niemeyer, em Goi\u00e2nia, ser\u00e1 palco do Natal do Bem, [&hellip;]<\/p>\n","protected":false},"author":417,"featured_media":6193,"comment_status":"closed","ping_status":"open","sticky":false,"template":"","format":"standard","meta":{"footnotes":""},"categories":[6],"tags":[],"class_list":["post-6173","post","type-post","status-publish","format-standard","has-post-thumbnail","hentry","category-noticias"],"rttpg_featured_image_url":{"full":["https:\/\/goias.gov.br\/casamilitar\/wp-content\/uploads\/sites\/52\/2024\/10\/WhatsApp-Image-2024-10-15-at-14.22.48-2-scaled.jpeg",2560,1707,false],"landscape":["https:\/\/goias.gov.br\/casamilitar\/wp-content\/uploads\/sites\/52\/2024\/10\/WhatsApp-Image-2024-10-15-at-14.22.48-2-scaled.jpeg",2560,1707,false],"portraits":["https:\/\/goias.gov.br\/casamilitar\/wp-content\/uploads\/sites\/52\/2024\/10\/WhatsApp-Image-2024-10-15-at-14.22.48-2-scaled.jpeg",2560,1707,false],"thumbnail":["https:\/\/goias.gov.br\/casamilitar\/wp-content\/uploads\/sites\/52\/2024\/10\/WhatsApp-Image-2024-10-15-at-14.22.48-2-150x150.jpeg",150,150,true],"medium":["https:\/\/goias.gov.br\/casamilitar\/wp-content\/uploads\/sites\/52\/2024\/10\/WhatsApp-Image-2024-10-15-at-14.22.48-2-300x200.jpeg",300,200,true],"large":["https:\/\/goias.gov.br\/casamilitar\/wp-content\/uploads\/sites\/52\/2024\/10\/WhatsApp-Image-2024-10-15-at-14.22.48-2-1024x683.jpeg",1024,683,true],"1536x1536":["https:\/\/goias.gov.br\/casamilitar\/wp-content\/uploads\/sites\/52\/2024\/10\/WhatsApp-Image-2024-10-15-at-14.22.48-2-1536x1024.jpeg",1536,1024,true],"2048x2048":["https:\/\/goias.gov.br\/casamilitar\/wp-content\/uploads\/sites\/52\/2024\/10\/WhatsApp-Image-2024-10-15-at-14.22.48-2-2048x1366.jpeg",2048,1366,true]},"rttpg_author":{"display_name":"fabioarocha","author_link":"https:\/\/goias.gov.br\/casamilitar\/author\/fabioarocha\/"},"rttpg_comment":0,"rttpg_category":"<a href=\"https:\/\/goias.gov.br\/casamilitar\/categoria\/noticias\/\" rel=\"category tag\">Not\u00edcias<\/a>","rttpg_excerpt":"Caiado e Gracinha lan\u00e7am Natal do Bem 2024 Evento do Goi\u00e1s Social ser\u00e1 realizado de 14 de novembro a 5 de janeiro; edi\u00e7\u00e3o deste ano ter\u00e1 roda-gigante, mais vagas de estacionamento e novas linhas de \u00f4nibus em opera\u00e7\u00e3o Pelo quarto ano consecutivo, o Centro Cultural Oscar Niemeyer, em Goi\u00e2nia, ser\u00e1 palco do Natal do Bem,&hellip;","_links":{"self":[{"href":"https:\/\/goias.gov.br\/casamilitar\/wp-json\/wp\/v2\/posts\/6173","targetHints":{"allow":["GET"]}}],"collection":[{"href":"https:\/\/goias.gov.br\/casamilitar\/wp-json\/wp\/v2\/posts"}],"about":[{"href":"https:\/\/goias.gov.br\/casamilitar\/wp-json\/wp\/v2\/types\/post"}],"author":[{"embeddable":true,"href":"https:\/\/goias.gov.br\/casamilitar\/wp-json\/wp\/v2\/users\/417"}],"replies":[{"embeddable":true,"href":"https:\/\/goias.gov.br\/casamilitar\/wp-json\/wp\/v2\/comments?post=6173"}],"version-history":[{"count":2,"href":"https:\/\/goias.gov.br\/casamilitar\/wp-json\/wp\/v2\/posts\/6173\/revisions"}],"predecessor-version":[{"id":6197,"href":"https:\/\/goias.gov.br\/casamilitar\/wp-json\/wp\/v2\/posts\/6173\/revisions\/6197"}],"wp:featuredmedia":[{"embeddable":true,"href":"https:\/\/goias.gov.br\/casamilitar\/wp-json\/wp\/v2\/media\/6193"}],"wp:attachment":[{"href":"https:\/\/goias.gov.br\/casamilitar\/wp-json\/wp\/v2\/media?parent=6173"}],"wp:term":[{"taxonomy":"category","embeddable":true,"href":"https:\/\/goias.gov.br\/casamilitar\/wp-json\/wp\/v2\/categories?post=6173"},{"taxonomy":"post_tag","embeddable":true,"href":"https:\/\/goias.gov.br\/casamilitar\/wp-json\/wp\/v2\/tags?post=6173"}],"curies":[{"name":"wp","href":"https:\/\/api.w.org\/{rel}","templated":true}]}}