

{"id":62786,"date":"2026-03-13T08:55:17","date_gmt":"2026-03-13T11:55:17","guid":{"rendered":"https:\/\/goias.gov.br\/casacivil\/?p=62786"},"modified":"2026-03-13T09:28:45","modified_gmt":"2026-03-13T12:28:45","slug":"casa-civil-participa-de-encontro-nacional-sobre-inovacao-publica","status":"publish","type":"post","link":"https:\/\/goias.gov.br\/casacivil\/casa-civil-participa-de-encontro-nacional-sobre-inovacao-publica\/","title":{"rendered":"Casa Civil participa de encontro nacional sobre inova\u00e7\u00e3o p\u00fablica"},"content":{"rendered":"\n<p>O evento Converg\u00eancia 2026 \u2013 Inova\u00e7\u00e3o P\u00fablica e Conex\u00e3o Humana teve in\u00edcio no dia 11\/3 e ser\u00e1 encerrado nesta sexta-feira, 13\/3, no Teatro Basileu Fran\u00e7a, em Goi\u00e2nia. O encontro re\u00fane gestores p\u00fablicos, servidores, pesquisadores, estudantes e especialistas de diversas regi\u00f5es do pa\u00eds para debater solu\u00e7\u00f5es inovadoras voltadas ao aprimoramento da gest\u00e3o p\u00fablica e dos servi\u00e7os prestados \u00e0 popula\u00e7\u00e3o.<\/p>\n\n\n\n<p>A Secretaria de Estado da Casa Civil de Goi\u00e1s esteve representada por membros do TransformaGov,<strong> <\/strong>que participaram das atividades e debates do evento: Tiago Ribeiro Santana, coordenador e ponto focal da Gest\u00e3o de Processos; Danila Ferreira de Paula, ponto focal da Gest\u00e3o da Carta de Servi\u00e7os ao Usu\u00e1rio; Matheus Barcelos, ponto focal de Inova\u00e7\u00e3o da Gest\u00e3o P\u00fablica; e Isabela Costa Mascarenhas, ponto focal da Avalia\u00e7\u00e3o da Gest\u00e3o e dos Servi\u00e7os P\u00fablicos.<\/p>\n\n\n\n<p>A participa\u00e7\u00e3o refor\u00e7a o compromisso da Casa Civil com o fortalecimento de iniciativas voltadas \u00e0 inova\u00e7\u00e3o, \u00e0 moderniza\u00e7\u00e3o da gest\u00e3o p\u00fablica e \u00e0 melhoria cont\u00ednua dos servi\u00e7os prestados \u00e0 sociedade.<\/p>\n\n\n\n<figure class=\"wp-block-image\"><img fetchpriority=\"high\" decoding=\"async\" width=\"1280\" height=\"1600\" src=\"https:\/\/goias.gov.br\/casacivil\/wp-content\/uploads\/sites\/47\/2026\/03\/WhatsApp-Image-2026-03-13-at-08.50.20.jpeg\" alt=\"\" class=\"wp-image-62793\" srcset=\"https:\/\/goias.gov.br\/casacivil\/wp-content\/uploads\/sites\/47\/2026\/03\/WhatsApp-Image-2026-03-13-at-08.50.20.jpeg 1280w, https:\/\/goias.gov.br\/casacivil\/wp-content\/uploads\/sites\/47\/2026\/03\/WhatsApp-Image-2026-03-13-at-08.50.20-240x300.jpeg 240w, https:\/\/goias.gov.br\/casacivil\/wp-content\/uploads\/sites\/47\/2026\/03\/WhatsApp-Image-2026-03-13-at-08.50.20-819x1024.jpeg 819w, https:\/\/goias.gov.br\/casacivil\/wp-content\/uploads\/sites\/47\/2026\/03\/WhatsApp-Image-2026-03-13-at-08.50.20-768x960.jpeg 768w, https:\/\/goias.gov.br\/casacivil\/wp-content\/uploads\/sites\/47\/2026\/03\/WhatsApp-Image-2026-03-13-at-08.50.20-1229x1536.jpeg 1229w\" sizes=\"(max-width: 1280px) 100vw, 1280px\" \/><\/figure>\n","protected":false},"excerpt":{"rendered":"<p>O evento Converg\u00eancia 2026 \u2013 Inova\u00e7\u00e3o P\u00fablica e Conex\u00e3o Humana teve in\u00edcio no dia 11\/3 e ser\u00e1 encerrado nesta sexta-feira, 13\/3, no Teatro Basileu Fran\u00e7a, em Goi\u00e2nia. O encontro re\u00fane gestores p\u00fablicos, servidores, pesquisadores, estudantes e especialistas de diversas regi\u00f5es do pa\u00eds para debater solu\u00e7\u00f5es inovadoras voltadas ao aprimoramento da gest\u00e3o p\u00fablica e dos servi\u00e7os [&hellip;]<\/p>\n","protected":false},"author":385,"featured_media":0,"comment_status":"closed","ping_status":"open","sticky":false,"template":"","format":"standard","meta":{"footnotes":""},"categories":[283],"tags":[],"class_list":["post-62786","post","type-post","status-publish","format-standard","hentry","category-noticias"],"rttpg_featured_image_url":null,"rttpg_author":{"display_name":"lucianavitorino","author_link":"https:\/\/goias.gov.br\/casacivil\/author\/lucianavitorino\/"},"rttpg_comment":0,"rttpg_category":"<a href=\"https:\/\/goias.gov.br\/casacivil\/categoria\/noticias\/\" rel=\"category tag\">Not\u00edcias<\/a>","rttpg_excerpt":"O evento Converg\u00eancia 2026 \u2013 Inova\u00e7\u00e3o P\u00fablica e Conex\u00e3o Humana teve in\u00edcio no dia 11\/3 e ser\u00e1 encerrado nesta sexta-feira, 13\/3, no Teatro Basileu Fran\u00e7a, em Goi\u00e2nia. O encontro re\u00fane gestores p\u00fablicos, servidores, pesquisadores, estudantes e especialistas de diversas regi\u00f5es do pa\u00eds para debater solu\u00e7\u00f5es inovadoras voltadas ao aprimoramento da gest\u00e3o p\u00fablica e dos servi\u00e7os&hellip;","_links":{"self":[{"href":"https:\/\/goias.gov.br\/casacivil\/wp-json\/wp\/v2\/posts\/62786","targetHints":{"allow":["GET"]}}],"collection":[{"href":"https:\/\/goias.gov.br\/casacivil\/wp-json\/wp\/v2\/posts"}],"about":[{"href":"https:\/\/goias.gov.br\/casacivil\/wp-json\/wp\/v2\/types\/post"}],"author":[{"embeddable":true,"href":"https:\/\/goias.gov.br\/casacivil\/wp-json\/wp\/v2\/users\/385"}],"replies":[{"embeddable":true,"href":"https:\/\/goias.gov.br\/casacivil\/wp-json\/wp\/v2\/comments?post=62786"}],"version-history":[{"count":2,"href":"https:\/\/goias.gov.br\/casacivil\/wp-json\/wp\/v2\/posts\/62786\/revisions"}],"predecessor-version":[{"id":62866,"href":"https:\/\/goias.gov.br\/casacivil\/wp-json\/wp\/v2\/posts\/62786\/revisions\/62866"}],"wp:attachment":[{"href":"https:\/\/goias.gov.br\/casacivil\/wp-json\/wp\/v2\/media?parent=62786"}],"wp:term":[{"taxonomy":"category","embeddable":true,"href":"https:\/\/goias.gov.br\/casacivil\/wp-json\/wp\/v2\/categories?post=62786"},{"taxonomy":"post_tag","embeddable":true,"href":"https:\/\/goias.gov.br\/casacivil\/wp-json\/wp\/v2\/tags?post=62786"}],"curies":[{"name":"wp","href":"https:\/\/api.w.org\/{rel}","templated":true}]}}