

{"id":55946,"date":"2025-12-08T14:00:27","date_gmt":"2025-12-08T17:00:27","guid":{"rendered":"https:\/\/goias.gov.br\/casacivil\/?p=55946"},"modified":"2025-12-08T16:42:03","modified_gmt":"2025-12-08T19:42:03","slug":"cupula-goias-100-transparente","status":"publish","type":"post","link":"https:\/\/goias.gov.br\/casacivil\/cupula-goias-100-transparente\/","title":{"rendered":"Casa Civil prestigia encontro da C\u00fapula Goi\u00e1s 100% Transparente"},"content":{"rendered":"\n<p>Na manh\u00e3 desta segunda-feira (8), foi realizada a C\u00fapula Goi\u00e1s 100% Transparente, encontro promovido pela Controladoria-Geral do Estado de Goi\u00e1s (CGE-GO) para celebrar o bicampeonato do Selo Diamante da Associa\u00e7\u00e3o dos Membros dos Tribunais de Contas do Brasil (Atricon).<\/p>\n\n\n\n<p>O evento foi realizado em Goi\u00e2nia, no Hotel K.<\/p>\n\n\n\n<p>A mesa de abertura foi composta pelo secret\u00e1rio da Secretaria-Geral da Governadoria (SGG), Adriano Rocha Lima; do secret\u00e1rio-chefe da Controladoria-Geral do Estado de Goi\u00e1s (CGE-GO), Marcos Tadeu de Andrade; do conselheiro do Tribunal de Contas do Estado de Goi\u00e1s (TCE-GO), Celmar Rech; do presidente do Tribunal de Contas dos Munic\u00edpios de Goi\u00e1s (TCM-GO), Joaquim Alves de Castro Neto; e do gerente de Governan\u00e7a do Banco Mundial (BM) para a Am\u00e9rica Latina e Caribe, Joseph Mubiro Kizito, entre outras autoridades.<\/p>\n\n\n\n<p>O superintendente de Gest\u00e3o Integrada da Casa Civil, Pedro Tiago Andrade Chagas, prestigiou o evento.<\/p>\n\n\n\n<p><strong>Foto: Casa Civil<\/strong><\/p>\n\n\n\n<p><strong>Secretaria de Estado da Casa Civil<\/strong><\/p>\n\n\n\n<p><\/p>\n","protected":false},"excerpt":{"rendered":"<p>Na manh\u00e3 desta segunda-feira (8), foi realizada a C\u00fapula Goi\u00e1s 100% Transparente, encontro promovido pela Controladoria-Geral do Estado de Goi\u00e1s (CGE-GO) para celebrar o bicampeonato do Selo Diamante da Associa\u00e7\u00e3o dos Membros dos Tribunais de Contas do Brasil (Atricon). O evento foi realizado em Goi\u00e2nia, no Hotel K. A mesa de abertura foi composta pelo [&hellip;]<\/p>\n","protected":false},"author":805,"featured_media":55959,"comment_status":"closed","ping_status":"open","sticky":false,"template":"","format":"standard","meta":{"footnotes":""},"categories":[283],"tags":[],"class_list":["post-55946","post","type-post","status-publish","format-standard","has-post-thumbnail","hentry","category-noticias"],"rttpg_featured_image_url":{"full":["https:\/\/goias.gov.br\/casacivil\/wp-content\/uploads\/sites\/47\/2025\/12\/59070596-800b-498c-80b7-33be61f9210a-2.jpg",4032,3024,false],"landscape":["https:\/\/goias.gov.br\/casacivil\/wp-content\/uploads\/sites\/47\/2025\/12\/59070596-800b-498c-80b7-33be61f9210a-2.jpg",4032,3024,false],"portraits":["https:\/\/goias.gov.br\/casacivil\/wp-content\/uploads\/sites\/47\/2025\/12\/59070596-800b-498c-80b7-33be61f9210a-2.jpg",4032,3024,false],"thumbnail":["https:\/\/goias.gov.br\/casacivil\/wp-content\/uploads\/sites\/47\/2025\/12\/59070596-800b-498c-80b7-33be61f9210a-2-150x150.jpg",150,150,true],"medium":["https:\/\/goias.gov.br\/casacivil\/wp-content\/uploads\/sites\/47\/2025\/12\/59070596-800b-498c-80b7-33be61f9210a-2-300x225.jpg",300,225,true],"large":["https:\/\/goias.gov.br\/casacivil\/wp-content\/uploads\/sites\/47\/2025\/12\/59070596-800b-498c-80b7-33be61f9210a-2-1024x768.jpg",1024,768,true],"1536x1536":["https:\/\/goias.gov.br\/casacivil\/wp-content\/uploads\/sites\/47\/2025\/12\/59070596-800b-498c-80b7-33be61f9210a-2-1536x1152.jpg",1536,1152,true],"2048x2048":["https:\/\/goias.gov.br\/casacivil\/wp-content\/uploads\/sites\/47\/2025\/12\/59070596-800b-498c-80b7-33be61f9210a-2-2048x1536.jpg",2048,1536,true]},"rttpg_author":{"display_name":"sandroragonezi","author_link":"https:\/\/goias.gov.br\/casacivil\/author\/sandroragonezi\/"},"rttpg_comment":0,"rttpg_category":"<a href=\"https:\/\/goias.gov.br\/casacivil\/categoria\/noticias\/\" rel=\"category tag\">Not\u00edcias<\/a>","rttpg_excerpt":"Na manh\u00e3 desta segunda-feira (8), foi realizada a C\u00fapula Goi\u00e1s 100% Transparente, encontro promovido pela Controladoria-Geral do Estado de Goi\u00e1s (CGE-GO) para celebrar o bicampeonato do Selo Diamante da Associa\u00e7\u00e3o dos Membros dos Tribunais de Contas do Brasil (Atricon). O evento foi realizado em Goi\u00e2nia, no Hotel K. A mesa de abertura foi composta pelo&hellip;","_links":{"self":[{"href":"https:\/\/goias.gov.br\/casacivil\/wp-json\/wp\/v2\/posts\/55946","targetHints":{"allow":["GET"]}}],"collection":[{"href":"https:\/\/goias.gov.br\/casacivil\/wp-json\/wp\/v2\/posts"}],"about":[{"href":"https:\/\/goias.gov.br\/casacivil\/wp-json\/wp\/v2\/types\/post"}],"author":[{"embeddable":true,"href":"https:\/\/goias.gov.br\/casacivil\/wp-json\/wp\/v2\/users\/805"}],"replies":[{"embeddable":true,"href":"https:\/\/goias.gov.br\/casacivil\/wp-json\/wp\/v2\/comments?post=55946"}],"version-history":[{"count":2,"href":"https:\/\/goias.gov.br\/casacivil\/wp-json\/wp\/v2\/posts\/55946\/revisions"}],"predecessor-version":[{"id":55986,"href":"https:\/\/goias.gov.br\/casacivil\/wp-json\/wp\/v2\/posts\/55946\/revisions\/55986"}],"wp:featuredmedia":[{"embeddable":true,"href":"https:\/\/goias.gov.br\/casacivil\/wp-json\/wp\/v2\/media\/55959"}],"wp:attachment":[{"href":"https:\/\/goias.gov.br\/casacivil\/wp-json\/wp\/v2\/media?parent=55946"}],"wp:term":[{"taxonomy":"category","embeddable":true,"href":"https:\/\/goias.gov.br\/casacivil\/wp-json\/wp\/v2\/categories?post=55946"},{"taxonomy":"post_tag","embeddable":true,"href":"https:\/\/goias.gov.br\/casacivil\/wp-json\/wp\/v2\/tags?post=55946"}],"curies":[{"name":"wp","href":"https:\/\/api.w.org\/{rel}","templated":true}]}}