

{"id":49969,"date":"2025-09-25T15:38:26","date_gmt":"2025-09-25T18:38:26","guid":{"rendered":"https:\/\/goias.gov.br\/casacivil\/?p=49969"},"modified":"2025-09-25T15:40:20","modified_gmt":"2025-09-25T18:40:20","slug":"49969-2","status":"publish","type":"post","link":"https:\/\/goias.gov.br\/casacivil\/49969-2\/","title":{"rendered":"Casa Civil participa da inaugura\u00e7\u00e3o do CORA, maior hospital p\u00fablico infantil de c\u00e2ncer do Centro-Oeste"},"content":{"rendered":"\n<p>O Governo de Goi\u00e1s inaugurou, nesta quinta-feira (25\/09), o Complexo Oncol\u00f3gico de Refer\u00eancia do Estado de Goi\u00e1s (Cora), a primeira unidade p\u00fablica do Estado dedicada exclusivamente ao tratamento de c\u00e2ncer infantil. A cerim\u00f4nia de abertura coincidiu com o anivers\u00e1rio do governador Ronaldo Caiado, que destacou a import\u00e2ncia do hospital para a sa\u00fade p\u00fablica goiana.<\/p>\n\n\n\n<p>Localizado em Goi\u00e2nia, o Cora possui mais de 44 mil metros quadrados de \u00e1rea constru\u00edda. Foram investidos R$ 192,7 milh\u00f5es em obras e R$ 63,2 milh\u00f5es em equipamentos, consolidando o hospital como uma das maiores iniciativas de sa\u00fade infantil do pa\u00eds.<\/p>\n\n\n\n<p>A solenidade contou com a presen\u00e7a de autoridades locais e estaduais. Na ocasi\u00e3o, a Chefe de Gabinete da Secretaria de Estado da Casa Civil, Beatriz Duarte Fleury Florentino, prestigiou a cerim\u00f4nia.<\/p>\n\n\n\n<p>A unidade come\u00e7ou a funcionar em 9 de junho de 2025 e conta atualmente com 60 leitos, sendo 48 de interna\u00e7\u00e3o e 12 de observa\u00e7\u00e3o. O espa\u00e7o foi projetado para oferecer conforto, humaniza\u00e7\u00e3o e qualidade no atendimento, com foco na recupera\u00e7\u00e3o de crian\u00e7as diagnosticadas com c\u00e2ncer.<\/p>\n\n\n\n<p><strong>Fotos: Casa Civil<\/strong><\/p>\n\n\n\n<p><strong>Secretaria de Estado da Casa Civil<\/strong><\/p>\n\n\n\n<p><\/p>\n","protected":false},"excerpt":{"rendered":"<p>O Governo de Goi\u00e1s inaugurou, nesta quinta-feira (25\/09), o Complexo Oncol\u00f3gico de Refer\u00eancia do Estado de Goi\u00e1s (Cora), a primeira unidade p\u00fablica do Estado dedicada exclusivamente ao tratamento de c\u00e2ncer infantil. A cerim\u00f4nia de abertura coincidiu com o anivers\u00e1rio do governador Ronaldo Caiado, que destacou a import\u00e2ncia do hospital para a sa\u00fade p\u00fablica goiana. Localizado [&hellip;]<\/p>\n","protected":false},"author":805,"featured_media":49970,"comment_status":"closed","ping_status":"open","sticky":false,"template":"","format":"standard","meta":{"footnotes":""},"categories":[283],"tags":[],"class_list":["post-49969","post","type-post","status-publish","format-standard","has-post-thumbnail","hentry","category-noticias"],"rttpg_featured_image_url":{"full":["https:\/\/goias.gov.br\/casacivil\/wp-content\/uploads\/sites\/47\/2025\/09\/site.jpg",1200,600,false],"landscape":["https:\/\/goias.gov.br\/casacivil\/wp-content\/uploads\/sites\/47\/2025\/09\/site.jpg",1200,600,false],"portraits":["https:\/\/goias.gov.br\/casacivil\/wp-content\/uploads\/sites\/47\/2025\/09\/site.jpg",1200,600,false],"thumbnail":["https:\/\/goias.gov.br\/casacivil\/wp-content\/uploads\/sites\/47\/2025\/09\/site-150x150.jpg",150,150,true],"medium":["https:\/\/goias.gov.br\/casacivil\/wp-content\/uploads\/sites\/47\/2025\/09\/site-300x150.jpg",300,150,true],"large":["https:\/\/goias.gov.br\/casacivil\/wp-content\/uploads\/sites\/47\/2025\/09\/site-1024x512.jpg",1024,512,true],"1536x1536":["https:\/\/goias.gov.br\/casacivil\/wp-content\/uploads\/sites\/47\/2025\/09\/site.jpg",1200,600,false],"2048x2048":["https:\/\/goias.gov.br\/casacivil\/wp-content\/uploads\/sites\/47\/2025\/09\/site.jpg",1200,600,false]},"rttpg_author":{"display_name":"sandroragonezi","author_link":"https:\/\/goias.gov.br\/casacivil\/author\/sandroragonezi\/"},"rttpg_comment":0,"rttpg_category":"<a href=\"https:\/\/goias.gov.br\/casacivil\/categoria\/noticias\/\" rel=\"category tag\">Not\u00edcias<\/a>","rttpg_excerpt":"O Governo de Goi\u00e1s inaugurou, nesta quinta-feira (25\/09), o Complexo Oncol\u00f3gico de Refer\u00eancia do Estado de Goi\u00e1s (Cora), a primeira unidade p\u00fablica do Estado dedicada exclusivamente ao tratamento de c\u00e2ncer infantil. A cerim\u00f4nia de abertura coincidiu com o anivers\u00e1rio do governador Ronaldo Caiado, que destacou a import\u00e2ncia do hospital para a sa\u00fade p\u00fablica goiana. Localizado&hellip;","_links":{"self":[{"href":"https:\/\/goias.gov.br\/casacivil\/wp-json\/wp\/v2\/posts\/49969","targetHints":{"allow":["GET"]}}],"collection":[{"href":"https:\/\/goias.gov.br\/casacivil\/wp-json\/wp\/v2\/posts"}],"about":[{"href":"https:\/\/goias.gov.br\/casacivil\/wp-json\/wp\/v2\/types\/post"}],"author":[{"embeddable":true,"href":"https:\/\/goias.gov.br\/casacivil\/wp-json\/wp\/v2\/users\/805"}],"replies":[{"embeddable":true,"href":"https:\/\/goias.gov.br\/casacivil\/wp-json\/wp\/v2\/comments?post=49969"}],"version-history":[{"count":2,"href":"https:\/\/goias.gov.br\/casacivil\/wp-json\/wp\/v2\/posts\/49969\/revisions"}],"predecessor-version":[{"id":49972,"href":"https:\/\/goias.gov.br\/casacivil\/wp-json\/wp\/v2\/posts\/49969\/revisions\/49972"}],"wp:featuredmedia":[{"embeddable":true,"href":"https:\/\/goias.gov.br\/casacivil\/wp-json\/wp\/v2\/media\/49970"}],"wp:attachment":[{"href":"https:\/\/goias.gov.br\/casacivil\/wp-json\/wp\/v2\/media?parent=49969"}],"wp:term":[{"taxonomy":"category","embeddable":true,"href":"https:\/\/goias.gov.br\/casacivil\/wp-json\/wp\/v2\/categories?post=49969"},{"taxonomy":"post_tag","embeddable":true,"href":"https:\/\/goias.gov.br\/casacivil\/wp-json\/wp\/v2\/tags?post=49969"}],"curies":[{"name":"wp","href":"https:\/\/api.w.org\/{rel}","templated":true}]}}