

{"id":48880,"date":"2025-09-15T07:25:19","date_gmt":"2025-09-15T10:25:19","guid":{"rendered":"https:\/\/goias.gov.br\/casacivil\/?p=48880"},"modified":"2025-09-15T07:25:21","modified_gmt":"2025-09-15T10:25:21","slug":"nota-de-pesar-11","status":"publish","type":"post","link":"https:\/\/goias.gov.br\/casacivil\/nota-de-pesar-11\/","title":{"rendered":"NOTA DE PESAR"},"content":{"rendered":"\n<p>Foi com profundo pesar que Gracinha e eu recebemos a not\u00edcia do falecimento do Capit\u00e3o do Corpo de Bombeiros Militar de Goi\u00e1s Clever Fideles Reis ocorrido neste final de semana, em Goi\u00e2nia.<\/p>\n\n\n\n<p>Desde que ingressou na corpora\u00e7\u00e3o como Soldado em 2004, o Capit\u00e3o Fideles construiu uma carreira marcada pela dedica\u00e7\u00e3o, disciplina e esp\u00edrito de servir. Atuou em diversas unidades da corpora\u00e7\u00e3o e atualmente exercia suas fun\u00e7\u00f5es na Ajud\u00e2ncia de Ordens.<\/p>\n\n\n\n<p>Seu legado de coragem e compromisso com a sociedade goiana ser\u00e1 sempre lembrado por todos que conviveram com ele.<\/p>\n\n\n\n<p>Neste momento de dor, nos solidarizamos com os familiares, amigos, companheiros de farda e com todo o Corpo de Bombeiros Militar do Estado de Goi\u00e1s, rogando a Deus que conceda consolo e paz aos cora\u00e7\u00f5es enlutados.<\/p>\n\n\n\n<p><strong>Ronaldo Caiado<\/strong><br><strong>Governador de Goi\u00e1s<\/strong><\/p>\n\n\n\n<p><\/p>\n","protected":false},"excerpt":{"rendered":"<p>Foi com profundo pesar que Gracinha e eu recebemos a not\u00edcia do falecimento do Capit\u00e3o do Corpo de Bombeiros Militar de Goi\u00e1s Clever Fideles Reis ocorrido neste final de semana, em Goi\u00e2nia. Desde que ingressou na corpora\u00e7\u00e3o como Soldado em 2004, o Capit\u00e3o Fideles construiu uma carreira marcada pela dedica\u00e7\u00e3o, disciplina e esp\u00edrito de servir. [&hellip;]<\/p>\n","protected":false},"author":805,"featured_media":0,"comment_status":"closed","ping_status":"open","sticky":false,"template":"","format":"standard","meta":{"footnotes":""},"categories":[283],"tags":[],"class_list":["post-48880","post","type-post","status-publish","format-standard","hentry","category-noticias"],"rttpg_featured_image_url":null,"rttpg_author":{"display_name":"sandroragonezi","author_link":"https:\/\/goias.gov.br\/casacivil\/author\/sandroragonezi\/"},"rttpg_comment":0,"rttpg_category":"<a href=\"https:\/\/goias.gov.br\/casacivil\/categoria\/noticias\/\" rel=\"category tag\">Not\u00edcias<\/a>","rttpg_excerpt":"Foi com profundo pesar que Gracinha e eu recebemos a not\u00edcia do falecimento do Capit\u00e3o do Corpo de Bombeiros Militar de Goi\u00e1s Clever Fideles Reis ocorrido neste final de semana, em Goi\u00e2nia. Desde que ingressou na corpora\u00e7\u00e3o como Soldado em 2004, o Capit\u00e3o Fideles construiu uma carreira marcada pela dedica\u00e7\u00e3o, disciplina e esp\u00edrito de servir.&hellip;","_links":{"self":[{"href":"https:\/\/goias.gov.br\/casacivil\/wp-json\/wp\/v2\/posts\/48880","targetHints":{"allow":["GET"]}}],"collection":[{"href":"https:\/\/goias.gov.br\/casacivil\/wp-json\/wp\/v2\/posts"}],"about":[{"href":"https:\/\/goias.gov.br\/casacivil\/wp-json\/wp\/v2\/types\/post"}],"author":[{"embeddable":true,"href":"https:\/\/goias.gov.br\/casacivil\/wp-json\/wp\/v2\/users\/805"}],"replies":[{"embeddable":true,"href":"https:\/\/goias.gov.br\/casacivil\/wp-json\/wp\/v2\/comments?post=48880"}],"version-history":[{"count":1,"href":"https:\/\/goias.gov.br\/casacivil\/wp-json\/wp\/v2\/posts\/48880\/revisions"}],"predecessor-version":[{"id":48881,"href":"https:\/\/goias.gov.br\/casacivil\/wp-json\/wp\/v2\/posts\/48880\/revisions\/48881"}],"wp:attachment":[{"href":"https:\/\/goias.gov.br\/casacivil\/wp-json\/wp\/v2\/media?parent=48880"}],"wp:term":[{"taxonomy":"category","embeddable":true,"href":"https:\/\/goias.gov.br\/casacivil\/wp-json\/wp\/v2\/categories?post=48880"},{"taxonomy":"post_tag","embeddable":true,"href":"https:\/\/goias.gov.br\/casacivil\/wp-json\/wp\/v2\/tags?post=48880"}],"curies":[{"name":"wp","href":"https:\/\/api.w.org\/{rel}","templated":true}]}}