

{"id":47718,"date":"2025-09-01T07:36:55","date_gmt":"2025-09-01T10:36:55","guid":{"rendered":"https:\/\/goias.gov.br\/casacivil\/?p=47718"},"modified":"2025-09-01T07:36:57","modified_gmt":"2025-09-01T10:36:57","slug":"goias-abre-inscricoes-para-programa-que-capacita-professores-em-pensamento-computacional","status":"publish","type":"post","link":"https:\/\/goias.gov.br\/casacivil\/goias-abre-inscricoes-para-programa-que-capacita-professores-em-pensamento-computacional\/","title":{"rendered":"Goi\u00e1s abre inscri\u00e7\u00f5es para programa que capacita professores em pensamento computacional"},"content":{"rendered":"\n<p><em>Curso de capacita\u00e7\u00e3o de professores da rede p\u00fablica \u00e9 gratuita e as inscri\u00e7\u00f5es v\u00e3o at\u00e9 o dia 12 de setembro<\/em><\/p>\n\n\n\n<p>Em parceria com o British Council, o Governo de Goi\u00e1s abriu inscri\u00e7\u00f5es para curso gratuito de capacita\u00e7\u00e3o de professores da rede p\u00fablica em pensamento computacional e habilidades de programa\u00e7\u00e3o. As inscri\u00e7\u00f5es podem ser feitas at\u00e9 12 de setembro pelo link abre.go.gov.br\/codificagoias. O programa Codifica+, feito no Estado com apoio da Secretaria de Ci\u00eancia, Tecnologia e Inova\u00e7\u00e3o (Secti), \u00e9 destinado a professores do ensino fundamental II (6\u00ba ao 9\u00ba ano) e m\u00e9dio.<\/p>\n\n\n\n<p>O programa foi desenvolvido especialmente para o contexto educacional brasileiro, apoiando redes p\u00fablicas na implementa\u00e7\u00e3o da Base Nacional Comum Curricular (BNCC) e de seu complemento para a \u00e1rea de computa\u00e7\u00e3o. Em ambos os m\u00f3dulos, o pensamento computacional \u00e9 apresentado como uma ferramenta transversal, capaz de potencializar o ensino em diversas disciplinas, n\u00e3o apenas nas \u00e1reas STEM (sigla em ingl\u00eas para Ci\u00eancia, Tecnologia, Engenharia e Matem\u00e1tica).<\/p>\n\n\n\n<p>\u201cAo capacitar os professores das redes municipal, estadual e federal com habilidades de ponta em tecnologia, estamos preparando nossos alunos para prosperar em um mundo cada vez mais tecnol\u00f3gico\u201d, afirma o secret\u00e1rio de Ci\u00eancia, Tecnologia e Inova\u00e7\u00e3o de Goi\u00e1s, Jos\u00e9 Frederico Lyra Netto. Em sua primeira fase, em 2024, o programa certificou 55 professores em Goi\u00e1s, envolvendo docentes das tr\u00eas redes.<\/p>\n\n\n\n<p>Os cursos oferecem estrat\u00e9gias pr\u00e1ticas para integrar o racioc\u00ednio l\u00f3gico e estruturado a mat\u00e9rias como matem\u00e1tica, hist\u00f3ria, portugu\u00eas e ci\u00eancias, por meio de propostas que podem ser aplicadas com ou sem o uso de tecnologia (plugadas ou desplugadas). Al\u00e9m disso, os educadores t\u00eam acesso a sugest\u00f5es de atividades online e offline, alinhadas \u00e0 realidade das escolas p\u00fablicas. Faz parte tamb\u00e9m da forma\u00e7\u00e3o a abordagem transversal de princ\u00edpios de Diversidade, Equidade e Inclus\u00e3o (DEI), que permeiam todo o conte\u00fado e incentivam pr\u00e1ticas pedag\u00f3gicas mais inclusivas desde a base.<\/p>\n\n\n\n<p>A primeira turma do programa recebeu mais de 250 inscri\u00e7\u00f5es. \u201cO sucesso da iniciativa em Goi\u00e1s mostra que podemos replicar esse impacto em outros estados. A primeira fase do programa comprovou sua efic\u00e1cia como uma solu\u00e7\u00e3o acess\u00edvel e inovadora para fortalecer a educa\u00e7\u00e3o p\u00fablica, promovendo o desenvolvimento de compet\u00eancias essenciais para o s\u00e9culo 21. Agora, convidamos l\u00edderes educacionais, empresas e organiza\u00e7\u00f5es do terceiro setor a se unirem a essa expans\u00e3o, ajudando a levar forma\u00e7\u00e3o de qualidade para professores em todo o Brasil\u201d, afirma a diretora de Engajamento Cultural do British Council Brasil, Diana Daste.<\/p>\n\n\n\n<p>Como parte da primeira edi\u00e7\u00e3o do Codifica+, em 2024, foi realizada em Goi\u00e1s a competi\u00e7\u00e3o Learning Sectors, um desafio in\u00e9dito de pensamento computacional com apoio da F\u00f3rmula 1. A atividade envolveu mais de 150 equipes de professores e estudantes do Ensino M\u00e9dio das redes p\u00fablicas de Goi\u00e1s e do Centro Paula Souza (SP), em uma jornada de aprendizagem com oficinas online, atividades pr\u00e1ticas e colabora\u00e7\u00e3o. As equipes mapearam problemas reais em suas comunidades e criaram solu\u00e7\u00f5es voltadas \u00e0 acessibilidade, sustentabilidade e inclus\u00e3o.<\/p>\n\n\n\n<p>Ao todo, 106 projetos se transformaram em prot\u00f3tipos testados e aprimorados com base em feedback real. Os finalistas foram avaliados por crit\u00e9rios como originalidade, viabilidade e impacto social. Tr\u00eas alunas do Centro de Ensino em Per\u00edodo Integral (Cepi) Gomes de Souza, em An\u00e1polis, venceram a competi\u00e7\u00e3o e v\u00e3o participar de uma experi\u00eancia imersiva nos bastidores do Grande Pr\u00eamio de S\u00e3o Paulo de F\u00f3rmula 1, em novembro, com despesas totalmente pagas, vivenciando de perto a conex\u00e3o entre educa\u00e7\u00e3o, inova\u00e7\u00e3o e tecnologia.<\/p>\n\n\n\n<p><strong>Fotos: Secti<\/strong><\/p>\n\n\n\n<p><strong>Secretaria de Ci\u00eancia, Tecnologia e Inova\u00e7\u00e3o \u2014 Governo de Goi\u00e1s<\/strong><\/p>\n","protected":false},"excerpt":{"rendered":"<p>Curso de capacita\u00e7\u00e3o de professores da rede p\u00fablica \u00e9 gratuita e as inscri\u00e7\u00f5es v\u00e3o at\u00e9 o dia 12 de setembro Em parceria com o British Council, o Governo de Goi\u00e1s abriu inscri\u00e7\u00f5es para curso gratuito de capacita\u00e7\u00e3o de professores da rede p\u00fablica em pensamento computacional e habilidades de programa\u00e7\u00e3o. As inscri\u00e7\u00f5es podem ser feitas at\u00e9 [&hellip;]<\/p>\n","protected":false},"author":805,"featured_media":47719,"comment_status":"closed","ping_status":"open","sticky":false,"template":"","format":"standard","meta":{"footnotes":""},"categories":[283],"tags":[],"class_list":["post-47718","post","type-post","status-publish","format-standard","has-post-thumbnail","hentry","category-noticias"],"rttpg_featured_image_url":{"full":["https:\/\/goias.gov.br\/casacivil\/wp-content\/uploads\/sites\/47\/2025\/09\/4f9284bd-2037-4e00-b48e-0cc1f85c68af.jpg",1084,610,false],"landscape":["https:\/\/goias.gov.br\/casacivil\/wp-content\/uploads\/sites\/47\/2025\/09\/4f9284bd-2037-4e00-b48e-0cc1f85c68af.jpg",1084,610,false],"portraits":["https:\/\/goias.gov.br\/casacivil\/wp-content\/uploads\/sites\/47\/2025\/09\/4f9284bd-2037-4e00-b48e-0cc1f85c68af.jpg",1084,610,false],"thumbnail":["https:\/\/goias.gov.br\/casacivil\/wp-content\/uploads\/sites\/47\/2025\/09\/4f9284bd-2037-4e00-b48e-0cc1f85c68af-150x150.jpg",150,150,true],"medium":["https:\/\/goias.gov.br\/casacivil\/wp-content\/uploads\/sites\/47\/2025\/09\/4f9284bd-2037-4e00-b48e-0cc1f85c68af-300x169.jpg",300,169,true],"large":["https:\/\/goias.gov.br\/casacivil\/wp-content\/uploads\/sites\/47\/2025\/09\/4f9284bd-2037-4e00-b48e-0cc1f85c68af-1024x576.jpg",1024,576,true],"1536x1536":["https:\/\/goias.gov.br\/casacivil\/wp-content\/uploads\/sites\/47\/2025\/09\/4f9284bd-2037-4e00-b48e-0cc1f85c68af.jpg",1084,610,false],"2048x2048":["https:\/\/goias.gov.br\/casacivil\/wp-content\/uploads\/sites\/47\/2025\/09\/4f9284bd-2037-4e00-b48e-0cc1f85c68af.jpg",1084,610,false]},"rttpg_author":{"display_name":"sandroragonezi","author_link":"https:\/\/goias.gov.br\/casacivil\/author\/sandroragonezi\/"},"rttpg_comment":0,"rttpg_category":"<a href=\"https:\/\/goias.gov.br\/casacivil\/categoria\/noticias\/\" rel=\"category tag\">Not\u00edcias<\/a>","rttpg_excerpt":"Curso de capacita\u00e7\u00e3o de professores da rede p\u00fablica \u00e9 gratuita e as inscri\u00e7\u00f5es v\u00e3o at\u00e9 o dia 12 de setembro Em parceria com o British Council, o Governo de Goi\u00e1s abriu inscri\u00e7\u00f5es para curso gratuito de capacita\u00e7\u00e3o de professores da rede p\u00fablica em pensamento computacional e habilidades de programa\u00e7\u00e3o. As inscri\u00e7\u00f5es podem ser feitas at\u00e9&hellip;","_links":{"self":[{"href":"https:\/\/goias.gov.br\/casacivil\/wp-json\/wp\/v2\/posts\/47718","targetHints":{"allow":["GET"]}}],"collection":[{"href":"https:\/\/goias.gov.br\/casacivil\/wp-json\/wp\/v2\/posts"}],"about":[{"href":"https:\/\/goias.gov.br\/casacivil\/wp-json\/wp\/v2\/types\/post"}],"author":[{"embeddable":true,"href":"https:\/\/goias.gov.br\/casacivil\/wp-json\/wp\/v2\/users\/805"}],"replies":[{"embeddable":true,"href":"https:\/\/goias.gov.br\/casacivil\/wp-json\/wp\/v2\/comments?post=47718"}],"version-history":[{"count":1,"href":"https:\/\/goias.gov.br\/casacivil\/wp-json\/wp\/v2\/posts\/47718\/revisions"}],"predecessor-version":[{"id":47720,"href":"https:\/\/goias.gov.br\/casacivil\/wp-json\/wp\/v2\/posts\/47718\/revisions\/47720"}],"wp:featuredmedia":[{"embeddable":true,"href":"https:\/\/goias.gov.br\/casacivil\/wp-json\/wp\/v2\/media\/47719"}],"wp:attachment":[{"href":"https:\/\/goias.gov.br\/casacivil\/wp-json\/wp\/v2\/media?parent=47718"}],"wp:term":[{"taxonomy":"category","embeddable":true,"href":"https:\/\/goias.gov.br\/casacivil\/wp-json\/wp\/v2\/categories?post=47718"},{"taxonomy":"post_tag","embeddable":true,"href":"https:\/\/goias.gov.br\/casacivil\/wp-json\/wp\/v2\/tags?post=47718"}],"curies":[{"name":"wp","href":"https:\/\/api.w.org\/{rel}","templated":true}]}}