

{"id":34684,"date":"2025-04-16T08:20:41","date_gmt":"2025-04-16T11:20:41","guid":{"rendered":"https:\/\/goias.gov.br\/casacivil\/?p=34684"},"modified":"2025-04-16T08:20:43","modified_gmt":"2025-04-16T11:20:43","slug":"governo-de-goias-veja-o-que-abre-e-fecha-nos-feriados-da-semana-santa-e-tiradentes","status":"publish","type":"post","link":"https:\/\/goias.gov.br\/casacivil\/governo-de-goias-veja-o-que-abre-e-fecha-nos-feriados-da-semana-santa-e-tiradentes\/","title":{"rendered":"Governo de Goi\u00e1s: veja o que abre e fecha nos feriados da Semana Santa e Tiradentes"},"content":{"rendered":"\n<p><em>Conforme o Decreto n\u00ba 10.659, haver\u00e1 altera\u00e7\u00e3o no funcionamento dos \u00f3rg\u00e3os e unidades estaduais de quinta-feira (17\/4) a segunda-feira (21\/4)<\/em><\/p>\n\n\n\n<p>O feriado prolongado provocar\u00e1 mudan\u00e7as no funcionamento de reparti\u00e7\u00f5es p\u00fablicas estaduais em Goi\u00e1s. O Decreto 10.659, assinado pelo governador Ronaldo Caiado e publicado no Di\u00e1rio Oficial do Estado (DOE) no dia 17 de mar\u00e7o, determina ponto facultativo na quinta-feira (17\/4), v\u00e9spera do feriado nacional da Sexta-feira Santa (18\/4). Com isso, o expediente normal ser\u00e1 retomado na ter\u00e7a-feira (22\/4), ap\u00f3s o feriado de Tiradentes.<\/p>\n\n\n\n<p>Ainda segundo o disposto no documento, a medida n\u00e3o se aplica aos \u00f3rg\u00e3os e unidades cujas atividades s\u00e3o consideradas indispens\u00e1veis \u00e0 popula\u00e7\u00e3o. Isso inclui servi\u00e7os de sa\u00fade, como hospitais, Corpo de Bombeiros, e policiamento civil e militar.<\/p>\n\n\n\n<p><strong>Confira como ficam os hor\u00e1rios:<\/strong><\/p>\n\n\n\n<ul class=\"wp-block-list\">\n<li><strong>Vapt Vupt:<br><\/strong>Na quinta-feira (17), as unidades funcionar\u00e3o em hor\u00e1rio especial, das 8h \u00e0s 13h. A exce\u00e7\u00e3o s\u00e3o as ag\u00eancias Padr\u00e3o Detran, Padr\u00e3o Procon e Buriti Shopping, que n\u00e3o ter\u00e3o expediente neste dia. De sexta-feira (18) at\u00e9 segunda-feira (21), todas as unidades estar\u00e3o fechadas, na capital e interior, voltando a funcionar em seus hor\u00e1rios habituais a partir de ter\u00e7a-feira (22).<\/li>\n\n\n\n<li><strong>Detran:<br><\/strong>O Departamento Estadual de Tr\u00e2nsito de Goi\u00e1s (Detran) e as Circunscri\u00e7\u00f5es Regionais de Tr\u00e2nsito (Ciretrans) estar\u00e3o fechados de quinta-feira (17) a segunda-feira (21). Neste per\u00edodo, os usu\u00e1rios podem ter acesso aos v\u00e1rios servi\u00e7os pelo site <a href=\"http:\/\/www.detran.go.gov.br\" data-type=\"link\" data-id=\"www.detran.go.gov.br\">www.detran.go.gov.br<\/a>, Portal Expresso e aplicativo Detran GO ON.<\/li>\n\n\n\n<li><strong>Restaurante do Bem:<br><\/strong>As 15 unidades do Restaurante do Bem no Estado funcionam normalmente na quinta-feira (17), apesar do ponto facultativo, e ficam fechadas de sexta-feira (18) a segunda-feira (21). O atendimento \u00e0 popula\u00e7\u00e3o \u00e9 realizado das 10h \u00e0s 14h30, garantindo refei\u00e7\u00f5es balanceadas a um valor simb\u00f3lico de R$ 2.<\/li>\n\n\n\n<li><strong>Procon:<br><\/strong>Seguindo o decreto estadual, n\u00e3o haver\u00e1 expediente na sede do Procon Goi\u00e1s dos dias 17 a 21 de abril. O atendimento presencial no \u00f3rg\u00e3o retorna na ter\u00e7a-feira (22). Durante o feriado, caso o consumidor queira registrar den\u00fancias ou reclama\u00e7\u00f5es, poder\u00e1 usar a plataforma Procon Web (<a href=\"http:\/\/proconweb.ssp.go.gov.br\" data-type=\"link\" data-id=\"proconweb.ssp.go.gov.br\">proconweb.ssp.go.gov.br<\/a>).<\/li>\n\n\n\n<li><strong>Saneago:<br><\/strong>Mesmo durante os feriados, equipes da Saneago v\u00e3o manter os trabalhos administrativos e operacionais para o pleno funcionamento dos sistemas de \u00e1gua e esgoto. O atendimento ao cliente para informar vazamentos, consultar faturas, entre outros, ser\u00e1 garantido 24 horas pelos canais: Central 0800 645 0115, Ag\u00eancia Virtual no site <a href=\"http:\/\/www.saneago.com.br\" data-type=\"link\" data-id=\"www.saneago.com.br\">www.saneago.com.br<\/a> ou App.<\/li>\n\n\n\n<li><strong>Ceasa:<br><\/strong>O mercado das Centrais de Abastecimento de Goi\u00e1s (Ceasa) funciona normalmente na quinta-feira (17) e fica fechado na sexta-feira (18), voltando a funcionar normalmente no s\u00e1bado (19) e na segunda\u2013feira (21). O departamento administrativo n\u00e3o funciona dos dias 17 a 21 de abril.<\/li>\n\n\n\n<li><strong>Unidades culturais:<br><\/strong>O Cine Cultura, em Goi\u00e2nia, e o Cine Teatro S\u00e3o Joaquim, na cidade de Goi\u00e1s, ter\u00e3o programa\u00e7\u00e3o especial durante o feriado prolongado. O primeiro ter\u00e1 estreias de cl\u00e1ssicos nesta quinta (17). E o Cine Teatro S\u00e3o Joaquim segue com as sess\u00f5es nos per\u00edodos da tarde e da noite. As demais unidades culturais do Estado estar\u00e3o fechadas de 17 a 21 de abril.<\/li>\n<\/ul>\n\n\n\n<p><strong>Secretaria de Comunica\u00e7\u00e3o &#8211; Governo de Goi\u00e1s<\/strong><\/p>\n","protected":false},"excerpt":{"rendered":"<p>Conforme o Decreto n\u00ba 10.659, haver\u00e1 altera\u00e7\u00e3o no funcionamento dos \u00f3rg\u00e3os e unidades estaduais de quinta-feira (17\/4) a segunda-feira (21\/4) O feriado prolongado provocar\u00e1 mudan\u00e7as no funcionamento de reparti\u00e7\u00f5es p\u00fablicas estaduais em Goi\u00e1s. O Decreto 10.659, assinado pelo governador Ronaldo Caiado e publicado no Di\u00e1rio Oficial do Estado (DOE) no dia 17 de mar\u00e7o, determina [&hellip;]<\/p>\n","protected":false},"author":571,"featured_media":34685,"comment_status":"closed","ping_status":"open","sticky":false,"template":"","format":"standard","meta":{"footnotes":""},"categories":[283],"tags":[],"class_list":["post-34684","post","type-post","status-publish","format-standard","has-post-thumbnail","hentry","category-noticias"],"rttpg_featured_image_url":{"full":["https:\/\/goias.gov.br\/casacivil\/wp-content\/uploads\/sites\/47\/2025\/04\/WhatsApp-Image-2025-04-16-at-07.10.04.jpeg",2560,1707,false],"landscape":["https:\/\/goias.gov.br\/casacivil\/wp-content\/uploads\/sites\/47\/2025\/04\/WhatsApp-Image-2025-04-16-at-07.10.04.jpeg",2560,1707,false],"portraits":["https:\/\/goias.gov.br\/casacivil\/wp-content\/uploads\/sites\/47\/2025\/04\/WhatsApp-Image-2025-04-16-at-07.10.04.jpeg",2560,1707,false],"thumbnail":["https:\/\/goias.gov.br\/casacivil\/wp-content\/uploads\/sites\/47\/2025\/04\/WhatsApp-Image-2025-04-16-at-07.10.04-150x150.jpeg",150,150,true],"medium":["https:\/\/goias.gov.br\/casacivil\/wp-content\/uploads\/sites\/47\/2025\/04\/WhatsApp-Image-2025-04-16-at-07.10.04-300x200.jpeg",300,200,true],"large":["https:\/\/goias.gov.br\/casacivil\/wp-content\/uploads\/sites\/47\/2025\/04\/WhatsApp-Image-2025-04-16-at-07.10.04-1024x683.jpeg",1024,683,true],"1536x1536":["https:\/\/goias.gov.br\/casacivil\/wp-content\/uploads\/sites\/47\/2025\/04\/WhatsApp-Image-2025-04-16-at-07.10.04-1536x1024.jpeg",1536,1024,true],"2048x2048":["https:\/\/goias.gov.br\/casacivil\/wp-content\/uploads\/sites\/47\/2025\/04\/WhatsApp-Image-2025-04-16-at-07.10.04-2048x1366.jpeg",2048,1366,true]},"rttpg_author":{"display_name":"isabelladsilva","author_link":"https:\/\/goias.gov.br\/casacivil\/author\/isabelladsilva\/"},"rttpg_comment":0,"rttpg_category":"<a href=\"https:\/\/goias.gov.br\/casacivil\/categoria\/noticias\/\" rel=\"category tag\">Not\u00edcias<\/a>","rttpg_excerpt":"Conforme o Decreto n\u00ba 10.659, haver\u00e1 altera\u00e7\u00e3o no funcionamento dos \u00f3rg\u00e3os e unidades estaduais de quinta-feira (17\/4) a segunda-feira (21\/4) O feriado prolongado provocar\u00e1 mudan\u00e7as no funcionamento de reparti\u00e7\u00f5es p\u00fablicas estaduais em Goi\u00e1s. O Decreto 10.659, assinado pelo governador Ronaldo Caiado e publicado no Di\u00e1rio Oficial do Estado (DOE) no dia 17 de mar\u00e7o, determina&hellip;","_links":{"self":[{"href":"https:\/\/goias.gov.br\/casacivil\/wp-json\/wp\/v2\/posts\/34684","targetHints":{"allow":["GET"]}}],"collection":[{"href":"https:\/\/goias.gov.br\/casacivil\/wp-json\/wp\/v2\/posts"}],"about":[{"href":"https:\/\/goias.gov.br\/casacivil\/wp-json\/wp\/v2\/types\/post"}],"author":[{"embeddable":true,"href":"https:\/\/goias.gov.br\/casacivil\/wp-json\/wp\/v2\/users\/571"}],"replies":[{"embeddable":true,"href":"https:\/\/goias.gov.br\/casacivil\/wp-json\/wp\/v2\/comments?post=34684"}],"version-history":[{"count":1,"href":"https:\/\/goias.gov.br\/casacivil\/wp-json\/wp\/v2\/posts\/34684\/revisions"}],"predecessor-version":[{"id":34686,"href":"https:\/\/goias.gov.br\/casacivil\/wp-json\/wp\/v2\/posts\/34684\/revisions\/34686"}],"wp:featuredmedia":[{"embeddable":true,"href":"https:\/\/goias.gov.br\/casacivil\/wp-json\/wp\/v2\/media\/34685"}],"wp:attachment":[{"href":"https:\/\/goias.gov.br\/casacivil\/wp-json\/wp\/v2\/media?parent=34684"}],"wp:term":[{"taxonomy":"category","embeddable":true,"href":"https:\/\/goias.gov.br\/casacivil\/wp-json\/wp\/v2\/categories?post=34684"},{"taxonomy":"post_tag","embeddable":true,"href":"https:\/\/goias.gov.br\/casacivil\/wp-json\/wp\/v2\/tags?post=34684"}],"curies":[{"name":"wp","href":"https:\/\/api.w.org\/{rel}","templated":true}]}}