

{"id":33910,"date":"2025-03-20T08:06:21","date_gmt":"2025-03-20T11:06:21","guid":{"rendered":"https:\/\/goias.gov.br\/casacivil\/?p=33910"},"modified":"2025-03-20T08:06:23","modified_gmt":"2025-03-20T11:06:23","slug":"saude-estadual-realiza-dia-d-de-combate-a-tuberculose","status":"publish","type":"post","link":"https:\/\/goias.gov.br\/casacivil\/saude-estadual-realiza-dia-d-de-combate-a-tuberculose\/","title":{"rendered":"Sa\u00fade estadual realiza Dia D de combate \u00e0 tuberculose"},"content":{"rendered":"\n<p><em>Campanhas de conscientiza\u00e7\u00e3o, busca ativa de casos e tratamento gratuito pelo SUS s\u00e3o algumas das iniciativas para reduzir os impactos da doen\u00e7a em Goi\u00e1s<\/em><\/p>\n\n\n\n<p>O Governo de Goi\u00e1s, por meio da Secretaria de Estado da Sa\u00fade (SES), realiza no dia 24 de mar\u00e7o o Dia &#8220;D&#8221; de combate \u00e0 tuberculose. A data refor\u00e7a a import\u00e2ncia do combate \u00e0 doen\u00e7a que ainda representa um desafio para a sa\u00fade p\u00fablica. Na ocasi\u00e3o, ser\u00e1 lan\u00e7ada a Campanha \u201cTuberculose: Tem preven\u00e7\u00e3o, tem tratamento e tem cura\u201d nas Unidades de Pronto Atendimento (UPAs) Noroeste (\u00e0s 8h30) e Itaipu (\u00e0s 14h), em Goi\u00e2nia, com a\u00e7\u00f5es de conscientiza\u00e7\u00e3o e atendimento \u00e0 popula\u00e7\u00e3o, uma parceria entre a SES e a Secretaria Municipal de Sa\u00fade de Goi\u00e2nia.<\/p>\n\n\n\n<p>Para fortalecer as a\u00e7\u00f5es de preven\u00e7\u00e3o, diagn\u00f3stico e tratamento da tuberculose durante o m\u00eas de mar\u00e7o, institu\u00eddo pela Organiza\u00e7\u00e3o Mundial da Sa\u00fade (OMS) como o m\u00eas de conscientiza\u00e7\u00e3o sobre a doen\u00e7a, a SES realiza campanhas de conscientiza\u00e7\u00e3o, busca ativa de casos e tratamento gratuito pelo Sistema \u00danico de Sa\u00fade (SUS). Apesar do aumento no n\u00famero de casos, Goi\u00e1s mant\u00e9m um dos menores coeficientes de incid\u00eancia entre os estados brasileiros, ocupando a terceira menor posi\u00e7\u00e3o. Em 2021 foram registrados 980 casos, 1.084 casos em 2022, 1.182 casos em 2023, 1.077 casos em 2024, e neste ano, s\u00e3o 132 casos registrados.<\/p>\n\n\n\n<p>Al\u00e9m disso, a SES, em parceria com o Conselho Regional de Medicina de Goi\u00e1s, realiza no dia 21 de mar\u00e7o de 2025, das 8h \u00e0s 17h30, um curso de atualiza\u00e7\u00e3o sobre tuberculose para profissionais da sa\u00fade, abordando desafios e avan\u00e7os no diagn\u00f3stico e no manejo de casos graves. Em parceria com o Hospital de Doen\u00e7as Tropicais (HDT), a SES participa tamb\u00e9m do Projeto Acolher \u2013 HDT nas Escolas, que ser\u00e1 realizado no dia 20 de mar\u00e7o, no Col\u00e9gio Militar Major Oscar, em Goi\u00e2nia.<\/p>\n\n\n\n<p>O coordenador do Programa Estadual de Controle da Tuberculose e Micobact\u00e9rias n\u00e3o Tuberculosas da Subsecretaria de Vigil\u00e2ncia em Sa\u00fade (Suvisa) da SES, Em\u00edlio Alves Miranda, ressalta que a doen\u00e7a ainda \u00e9 um desafio para a sa\u00fade p\u00fablica. \u201cTemos avan\u00e7ado na ades\u00e3o dos profissionais de sa\u00fade para o diagn\u00f3stico da doen\u00e7a por meio das capacita\u00e7\u00f5es realizadas nos munic\u00edpios. O diagn\u00f3stico e a ades\u00e3o do paciente ao tratamento s\u00e3o essenciais para reduzirmos o n\u00famero de casos e \u00f3bitos em Goi\u00e1s\u201d, refor\u00e7a Em\u00edlio.<\/p>\n\n\n\n<p>A SES recomenda que os munic\u00edpios e servi\u00e7os de sa\u00fade desenvolvam a\u00e7\u00f5es cont\u00ednuas, como a intensifica\u00e7\u00e3o da busca ativa por &#8220;sintom\u00e1ticos respirat\u00f3rios&#8221; na popula\u00e7\u00e3o, estabelecimento de parcerias intersetoriais para apoio \u00e0s popula\u00e7\u00f5es em situa\u00e7\u00e3o de vulnerabilidade social, divulga\u00e7\u00e3o de boletins epidemiol\u00f3gicos com dados atualizados sobre a doen\u00e7a nos munic\u00edpios, campanhas educativas para conscientizar sobre preven\u00e7\u00e3o, sintomas, diagn\u00f3stico precoce e tratamento gratuito, al\u00e9m da import\u00e2ncia da ades\u00e3o ao tratamento e da desestigmatiza\u00e7\u00e3o da doen\u00e7a, al\u00e9m de atividades de treinamento junto \u00e0s equipes de sa\u00fade locais, visando a capacita\u00e7\u00e3o nas atividades de vigil\u00e2ncia epidemiol\u00f3gica, preven\u00e7\u00e3o, diagn\u00f3stico e tratamento.<\/p>\n\n\n\n<p><strong>Tratamento gratuito na rede do SUS<br><\/strong>O diagn\u00f3stico da tuberculose \u00e9 realizado por meio da avalia\u00e7\u00e3o dos sintomas, exames laboratoriais, coleta de escarro e exames de imagem, todos disponibilizados gratuitamente na rede p\u00fablica de sa\u00fade. Pessoas com sintomas devem procurar a unidade b\u00e1sica de sa\u00fade mais pr\u00f3xima para avalia\u00e7\u00e3o cl\u00ednica, realiza\u00e7\u00e3o de exames diagn\u00f3sticos e in\u00edcio do tratamento, caso necess\u00e1rio. Profissionais de sa\u00fade e a popula\u00e7\u00e3o devem estar atentos aos sintomas respirat\u00f3rios, que podem ser semelhantes aos de outras doen\u00e7as respirat\u00f3rias comuns no per\u00edodo, como a Covid-19 e Influenza.<\/p>\n\n\n\n<p>Apesar da gravidade, a tuberculose tem cura. O tratamento \u00e9 gratuito e fornecido pelo SUS, com dura\u00e7\u00e3o m\u00ednima de seis meses, dependendo da forma cl\u00ednica da doen\u00e7a. A ades\u00e3o ao tratamento \u00e9 fundamental, pois sua interrup\u00e7\u00e3o pode prejudicar tanto o paciente quanto a sa\u00fade p\u00fablica, aumentando o risco de transmiss\u00e3o e o desenvolvimento de resist\u00eancia aos medicamentos.<\/p>\n\n\n\n<p><strong>A doen\u00e7a<br><\/strong>A tuberculose \u00e9 causada por um bacilo que afeta principalmente os pulm\u00f5es e pode se agravar, levando, inclusive, ao \u00f3bito. Quando n\u00e3o diagnosticada precocemente e tratada adequadamente, a doen\u00e7a pode evoluir para diversas complica\u00e7\u00f5es, resultando em interna\u00e7\u00e3o hospitalar, perda da produtividade econ\u00f4mica e comprometimento da renda familiar devido aos custos com o tratamento, podendo, em alguns casos, levar \u00e0 morte. Em Goi\u00e1s foram registrados 90 \u00f3bitos em 2021, 116 \u00f3bitos em 2022, 103 \u00f3bitos em 2023, 106 \u00f3bitos em 2024, e neste ano nenhum \u00f3bito foi registrado.<\/p>\n\n\n\n<p>A transmiss\u00e3o ocorre por via respirat\u00f3ria, por meio da inala\u00e7\u00e3o de aeross\u00f3is produzidos pela tosse, espirro ou fala de pessoas infectadas que n\u00e3o est\u00e3o em tratamento. Os principais sintomas incluem tosse persistente, com ou sem catarro, perda acentuada de peso, febre no per\u00edodo da tarde e suor excessivo \u00e0 noite. A vacina\u00e7\u00e3o com a BCG ajuda a prevenir formas graves da doen\u00e7a, mas n\u00e3o garante 100% de efic\u00e1cia na preven\u00e7\u00e3o da tuberculose pulmonar. No calend\u00e1rio vacinal, a BCG \u00e9 destinada a crian\u00e7as de 0 a 4 anos, 11 meses e 29 dias. Para adultos, a preven\u00e7\u00e3o ocorre por meio do tratamento da infec\u00e7\u00e3o latente, quando a doen\u00e7a ainda n\u00e3o se manifestou.<\/p>\n\n\n\n<p>Foto: Iron Braz<\/p>\n\n\n\n<p><strong>Secretaria de Estado da Sa\u00fade \u2013 Governo de Goi\u00e1s<\/strong><\/p>\n","protected":false},"excerpt":{"rendered":"<p>Campanhas de conscientiza\u00e7\u00e3o, busca ativa de casos e tratamento gratuito pelo SUS s\u00e3o algumas das iniciativas para reduzir os impactos da doen\u00e7a em Goi\u00e1s O Governo de Goi\u00e1s, por meio da Secretaria de Estado da Sa\u00fade (SES), realiza no dia 24 de mar\u00e7o o Dia &#8220;D&#8221; de combate \u00e0 tuberculose. A data refor\u00e7a a import\u00e2ncia [&hellip;]<\/p>\n","protected":false},"author":571,"featured_media":33911,"comment_status":"closed","ping_status":"open","sticky":false,"template":"","format":"standard","meta":{"footnotes":""},"categories":[283],"tags":[],"class_list":["post-33910","post","type-post","status-publish","format-standard","has-post-thumbnail","hentry","category-noticias"],"rttpg_featured_image_url":{"full":["https:\/\/goias.gov.br\/casacivil\/wp-content\/uploads\/sites\/47\/2025\/03\/WhatsApp-Image-2025-03-20-at-07.03.09.jpeg",1600,1066,false],"landscape":["https:\/\/goias.gov.br\/casacivil\/wp-content\/uploads\/sites\/47\/2025\/03\/WhatsApp-Image-2025-03-20-at-07.03.09.jpeg",1600,1066,false],"portraits":["https:\/\/goias.gov.br\/casacivil\/wp-content\/uploads\/sites\/47\/2025\/03\/WhatsApp-Image-2025-03-20-at-07.03.09.jpeg",1600,1066,false],"thumbnail":["https:\/\/goias.gov.br\/casacivil\/wp-content\/uploads\/sites\/47\/2025\/03\/WhatsApp-Image-2025-03-20-at-07.03.09-150x150.jpeg",150,150,true],"medium":["https:\/\/goias.gov.br\/casacivil\/wp-content\/uploads\/sites\/47\/2025\/03\/WhatsApp-Image-2025-03-20-at-07.03.09-300x200.jpeg",300,200,true],"large":["https:\/\/goias.gov.br\/casacivil\/wp-content\/uploads\/sites\/47\/2025\/03\/WhatsApp-Image-2025-03-20-at-07.03.09-1024x682.jpeg",1024,682,true],"1536x1536":["https:\/\/goias.gov.br\/casacivil\/wp-content\/uploads\/sites\/47\/2025\/03\/WhatsApp-Image-2025-03-20-at-07.03.09-1536x1023.jpeg",1536,1023,true],"2048x2048":["https:\/\/goias.gov.br\/casacivil\/wp-content\/uploads\/sites\/47\/2025\/03\/WhatsApp-Image-2025-03-20-at-07.03.09.jpeg",1600,1066,false]},"rttpg_author":{"display_name":"isabelladsilva","author_link":"https:\/\/goias.gov.br\/casacivil\/author\/isabelladsilva\/"},"rttpg_comment":0,"rttpg_category":"<a href=\"https:\/\/goias.gov.br\/casacivil\/categoria\/noticias\/\" rel=\"category tag\">Not\u00edcias<\/a>","rttpg_excerpt":"Campanhas de conscientiza\u00e7\u00e3o, busca ativa de casos e tratamento gratuito pelo SUS s\u00e3o algumas das iniciativas para reduzir os impactos da doen\u00e7a em Goi\u00e1s O Governo de Goi\u00e1s, por meio da Secretaria de Estado da Sa\u00fade (SES), realiza no dia 24 de mar\u00e7o o Dia &#8220;D&#8221; de combate \u00e0 tuberculose. A data refor\u00e7a a import\u00e2ncia&hellip;","_links":{"self":[{"href":"https:\/\/goias.gov.br\/casacivil\/wp-json\/wp\/v2\/posts\/33910","targetHints":{"allow":["GET"]}}],"collection":[{"href":"https:\/\/goias.gov.br\/casacivil\/wp-json\/wp\/v2\/posts"}],"about":[{"href":"https:\/\/goias.gov.br\/casacivil\/wp-json\/wp\/v2\/types\/post"}],"author":[{"embeddable":true,"href":"https:\/\/goias.gov.br\/casacivil\/wp-json\/wp\/v2\/users\/571"}],"replies":[{"embeddable":true,"href":"https:\/\/goias.gov.br\/casacivil\/wp-json\/wp\/v2\/comments?post=33910"}],"version-history":[{"count":1,"href":"https:\/\/goias.gov.br\/casacivil\/wp-json\/wp\/v2\/posts\/33910\/revisions"}],"predecessor-version":[{"id":33912,"href":"https:\/\/goias.gov.br\/casacivil\/wp-json\/wp\/v2\/posts\/33910\/revisions\/33912"}],"wp:featuredmedia":[{"embeddable":true,"href":"https:\/\/goias.gov.br\/casacivil\/wp-json\/wp\/v2\/media\/33911"}],"wp:attachment":[{"href":"https:\/\/goias.gov.br\/casacivil\/wp-json\/wp\/v2\/media?parent=33910"}],"wp:term":[{"taxonomy":"category","embeddable":true,"href":"https:\/\/goias.gov.br\/casacivil\/wp-json\/wp\/v2\/categories?post=33910"},{"taxonomy":"post_tag","embeddable":true,"href":"https:\/\/goias.gov.br\/casacivil\/wp-json\/wp\/v2\/tags?post=33910"}],"curies":[{"name":"wp","href":"https:\/\/api.w.org\/{rel}","templated":true}]}}