

{"id":27359,"date":"2024-06-06T11:15:28","date_gmt":"2024-06-06T14:15:28","guid":{"rendered":"https:\/\/goias.gov.br\/casacivil\/?p=27359"},"modified":"2025-12-09T09:19:43","modified_gmt":"2025-12-09T12:19:43","slug":"acordos-sem-transferencia-de-recursos","status":"publish","type":"post","link":"https:\/\/goias.gov.br\/casacivil\/acordos-sem-transferencia-de-recursos\/","title":{"rendered":"Acordos sem Transfer\u00eancia de Recursos"},"content":{"rendered":"\n<p><\/p>\n\n\n\n<table class=\"planilhaview display\" style=\"width:100%\"><thead><tr><th>\u00d3RG\u00c3O OU ENTIDADE<\/th><th>BDC<\/th><th>OBJETO <\/th><th>PROCESSO SEI!<\/th><th>IN\u00cdCIO DE VIG\u00caNCIA<\/th><th>T\u00c9RMINO DE VIG\u00caNCIA<\/th><th>INTEIRO TEOR\nTERMO DE COOPERA\u00c7\u00c3O T\u00c9CNICA OU CONV\u00caNIO<\/th><th>INTEIRO TEOR\nDI\u00c1RIO OFICIAL DO ESTADO DE GOI\u00c1S<\/th><th>INTEIRO TEOR\nPLANO DE TRABALHO<\/th><\/tr><tr><th><input type=\"text\" placeholder=\"Filtrar \u00d3RG\u00c3O OU ENTIDADE\"><\/th><th><input type=\"text\" placeholder=\"Filtrar BDC\"><\/th><th><input type=\"text\" placeholder=\"Filtrar OBJETO \"><\/th><th><input type=\"text\" placeholder=\"Filtrar PROCESSO SEI!\"><\/th><th><input type=\"text\" placeholder=\"Filtrar IN\u00cdCIO DE VIG\u00caNCIA\"><\/th><th><input type=\"text\" placeholder=\"Filtrar T\u00c9RMINO DE VIG\u00caNCIA\"><\/th><th><input type=\"text\" placeholder=\"Filtrar INTEIRO TEOR\nTERMO DE COOPERA\u00c7\u00c3O T\u00c9CNICA OU CONV\u00caNIO\"><\/th><th><input type=\"text\" placeholder=\"Filtrar INTEIRO TEOR\nDI\u00c1RIO OFICIAL DO ESTADO DE GOI\u00c1S\"><\/th><th><input type=\"text\" placeholder=\"Filtrar INTEIRO TEOR\nPLANO DE TRABALHO\"><\/th><\/tr><\/thead><tbody><tr><td style=\"color: #000000; background-color: #FFFFFF;\">FAPEG<\/td><td style=\"color: #000000; background-color: #FFFFFF;\">3\/2025<\/td><td style=\"color: #000000; background-color: #FFFFFF;\">TERMO DE COOPERA\u00c7\u00c3O T\u00c9CNICA QUE ESTABELECE M\u00daTUA COOPERA\u00c7\u00c3O ENTRE A SECRETARIA DE ESTADO DA CASA CIVIL \u2013 CASA CIVIL E A FUNDA\u00c7\u00c3O DE AMPARO A PESQUISA DO ESTADO DE GOI\u00c1S \u2013 FAPEG, VISANDO \u00c0 CONCESS\u00c3O TEMPOR\u00c1RIA DE PERFIL DE ACESSO \u00c0 PLATAFORMA LEGISLA GOI\u00c1S MEDIANTE A DISPONIBILIZA\u00c7\u00c3O DE USU\u00c1RIO E SENHA, RESTRITA AO \u201cM\u00d3DULO DE ATOS INFRALEGAIS DE ADMIN.\u201d,  SEM A TRANSFER\u00caNCIA DE RECURSOS FINANCEIROS.<\/td><td style=\"color: #000000; background-color: #FFFFFF;\">202410267001377<\/td><td style=\"color: #000000; background-color: #FFFFFF;\">02\/12\/2025<\/td><td style=\"color: #000000; background-color: #FFFFFF;\">INDETERMINADO<\/td><td style=\"color: #0563C1; background-color: #FFFFFF;text-decoration: underline;\"><a href=\"https:\/\/goias.gov.br\/casacivil\/wp-content\/uploads\/sites\/47\/2025\/01\/TC-FAPEG.pdf\" target=\"_blank\">TCT<\/a><\/td><td style=\"color: #0563C1; background-color: #FFFFFF;text-decoration: underline;\"><a href=\"https:\/\/goias.gov.br\/casacivil\/wp-content\/uploads\/sites\/47\/2025\/01\/DOE-16.pdf\" target=\"_blank\">DOE<\/a><\/td><td style=\"color: #0563C1; background-color: #FFFFFF;text-decoration: underline;\"><a href=\"https:\/\/goias.gov.br\/casacivil\/wp-content\/uploads\/sites\/47\/2025\/01\/PLANO-DE-TRABALHO-FAPEG.pdf\" target=\"_blank\">PDT<\/a><\/td><\/tr><tr><td style=\"color: #000000; background-color: #FFFFFF;\">SEMAD<\/td><td style=\"color: #000000; background-color: #FFFFFF;\">1\/2023<\/td><td style=\"color: #000000; background-color: #FFFFFF;\">EXTRATO DE COOPERA\u00c7\u00c3O QUE ESTABELECE M\u00daTUA COOPERA\u00c7\u00c3O ENTRE A SECRETARIA DE ESTADO DA CASA CIVIL \u2013 CASA CIVIL E A SECRETARIA DE ESTADO DE MEIO AMBIENTE E DESENVOLVIMENTO SUSTENT\u00c1VEL \u2013 SEMAD VISANDO \u00c0 CONCESS\u00c3O TEMPOR\u00c1RIA DE PERFIL DE ACESSO \u00c0 PLATAFORMA LEGISLA GOI\u00c1S.<\/td><td style=\"color: #000000; background-color: #FFFFFF;\">202300017009900<\/td><td style=\"color: #000000; background-color: #FFFFFF;\">18\/11\/2025<\/td><td style=\"color: #000000; background-color: #FFFFFF;\">INDETERMINADO<\/td><td style=\"color: #0563C1; background-color: #FFFFFF;text-decoration: underline;\"><a href=\"https:\/\/goias.gov.br\/casacivil\/wp-content\/uploads\/sites\/47\/2025\/01\/SEI-202300017009900.pdf\" target=\"_blank\">TCT<\/a><\/td><td style=\"color: #0563C1; background-color: #FFFFFF;text-decoration: underline;\"><a href=\"https:\/\/goias.gov.br\/casacivil\/wp-content\/uploads\/sites\/47\/2025\/01\/controlador.php_-2.pdf\" target=\"_blank\">DOE<\/a><\/td><td style=\"color: #0563C1; background-color: #FFFFFF;text-decoration: underline;\"><a href=\"https:\/\/goias.gov.br\/casacivil\/wp-content\/uploads\/sites\/47\/2025\/01\/Plano-de-Trabalho-SEMAD.pdf\" target=\"_blank\">PDT<\/a><\/td><\/tr><tr><td style=\"color: #000000; background-color: #FFFFFF;\">SECULT<\/td><td style=\"color: #000000; background-color: #FFFFFF;\">4\/2025<\/td><td style=\"color: #000000; background-color: #FFFFFF;\">TERMO DE COOPERA\u00c7\u00c3O T\u00c9CNICA QUE ESTABELECE REGRAS DE CONCESS\u00c3O TEMPOR\u00c1RIA DE PERFIL DE ACESSO \u00c0 PLATAFORMA LEGISLA GOI\u00c1S, QUE ENTRE SI CELEBRAM A SECRETARIA DE ESTADO DA CASA CIVIL \u2013 SECRETARIA DE ESTADO DA CULTURA \u2013 SECULT<\/td><td style=\"color: #000000; background-color: #FFFFFF;\">20230003018314<\/td><td style=\"color: #000000; background-color: #FFFFFF;\">30\/10\/2025<\/td><td style=\"color: #000000; background-color: #FFFFFF;\">INDETERMINADO<\/td><td style=\"color: #0563C1; background-color: #FFFFFF;text-decoration: underline;\"><a href=\"https:\/\/goias.gov.br\/casacivil\/wp-content\/uploads\/sites\/47\/2025\/01\/TC.pdf\" target=\"_blank\">TCT<\/a><\/td><td style=\"color: #0563C1; background-color: #FFFFFF;text-decoration: underline;\"><a href=\"https:\/\/goias.gov.br\/casacivil\/wp-content\/uploads\/sites\/47\/2025\/01\/DOE-14.pdf\" target=\"_blank\">DOE<\/a><\/td><td style=\"color: #0563C1; background-color: #FFFFFF;text-decoration: underline;\"><a href=\"https:\/\/goias.gov.br\/casacivil\/wp-content\/uploads\/sites\/47\/2025\/01\/PT.pdf\" target=\"_blank\">PDT<\/a><\/td><\/tr><tr><td style=\"color: #000000; background-color: #FFFFFF;\">MUNIC\u00cdPIO DE APARECIDA DE GOI\u00c2NIA<\/td><td style=\"color: #000000; background-color: #FFFFFF;\">1\/2025<\/td><td style=\"color: #000000; background-color: #FFFFFF;\">TERMO DE COOPERA\u00c7\u00c3O QUE ESTABELECE REGRAS DE CONCESS\u00c3O TEMPOR\u00c1RIA DE PERFIL DE ACESSO \u00c0 PLATAFORMA LEGISLA GOI\u00c1S, QUE ENTRE SI CELEBRAM O ESTADO DE GOI\u00c1S, PESSOA JUR\u00cdDICA DE DIREITO P\u00daBLICO INTERNO, POR INTERM\u00c9DIO DA SECRETARIA DE ESTADO DA CASA CIVIL \u2013 CASA CIVIL E O MUNIC\u00cdPIO DE APARECIDA DE GOI\u00c2NIA - GO.<\/td><td style=\"color: #000000; background-color: #FFFFFF;\">202500013001284<\/td><td style=\"color: #000000; background-color: #FFFFFF;\">09\/10\/2025<\/td><td style=\"color: #000000; background-color: #FFFFFF;\">INDETERMINADO<\/td><td style=\"color: #0563C1; background-color: #FFFFFF;text-decoration: underline;\"><a href=\"https:\/\/goias.gov.br\/casacivil\/wp-content\/uploads\/sites\/47\/2025\/01\/Termo-de-Cooperacao.pdf\" target=\"_blank\">TCT<\/a><\/td><td style=\"color: #0563C1; background-color: #FFFFFF;text-decoration: underline;\"><a href=\"https:\/\/goias.gov.br\/casacivil\/wp-content\/uploads\/sites\/47\/2025\/01\/D.O.E-APARECIDA.pdf\" target=\"_blank\">DOE<\/a><\/td><td style=\"color: #0563C1; background-color: #FFFFFF;text-decoration: underline;\"><a href=\"https:\/\/goias.gov.br\/casacivil\/wp-content\/uploads\/sites\/47\/2025\/01\/Plano-de-Trabalho-Aparecida-de-Goiania.pdf\" target=\"_blank\">PDT<\/a><\/td><\/tr><tr><td style=\"color: #000000; background-color: #FFFFFF;\">DETRAN <\/td><td style=\"color: #000000; background-color: #FFFFFF;\">3\/2023<\/td><td style=\"color: #000000; background-color: #FFFFFF;\">TERMO ADITIVO TEM COMO OBJETO A PRORROGA\u00c7\u00c3O DO PRAZO DE VIG\u00caNCIA DO TERMO DE COOPERA\u00c7\u00c3O T\u00c9CNICA<\/td><td style=\"color: #000000; background-color: #FFFFFF;\">202300025004029<\/td><td style=\"color: #000000; background-color: #FFFFFF;\">06\/10\/2025<\/td><td style=\"color: #000000; background-color: #FFFFFF;\">INDETERMINADO<\/td><td style=\"color: #0563C1; background-color: #FFFFFF;text-decoration: underline;\"><a href=\"https:\/\/goias.gov.br\/casacivil\/wp-content\/uploads\/sites\/47\/2025\/01\/ADITIVO-1.pdf\" target=\"_blank\">TCT<\/a><\/td><td style=\"color: #0563C1; background-color: #FFFFFF;text-decoration: underline;\"><a href=\"https:\/\/goias.gov.br\/casacivil\/wp-content\/uploads\/sites\/47\/2025\/01\/doe.pdf\" target=\"_blank\">D.O.E.<\/a><\/td><td style=\"color: #0563C1; background-color: #FFFFFF;text-decoration: underline;\"><a href=\"https:\/\/goias.gov.br\/casacivil\/wp-content\/uploads\/sites\/47\/2025\/01\/doe.pdf\" target=\"_blank\">PDT<\/a><\/td><\/tr><tr><td style=\"color: #000000; background-color: #FFFFFF;\">SIC<\/td><td style=\"color: #000000; background-color: #FFFFFF;\">2\/2023<\/td><td style=\"color: #000000; background-color: #FFFFFF;\">TERMO ADITIVO TEM COMO OBJETO A PRORROGA\u00c7\u00c3O DO PRAZO DE VIG\u00caNCIA DO TERMO DE COOPERA\u00c7\u00c3O T\u00c9CNICA<\/td><td style=\"color: #000000; background-color: #FFFFFF;\">202317604004721<\/td><td style=\"color: #000000; background-color: #FFFFFF;\">18\/10\/2025<\/td><td style=\"color: #000000; background-color: #FFFFFF;\">INDETERMINADO<\/td><td style=\"color: #0563C1; background-color: #FFFFFF;text-decoration: underline;\"><a href=\"https:\/\/goias.gov.br\/casacivil\/wp-content\/uploads\/sites\/47\/2025\/01\/1-ADITIVO.pdf\" target=\"_blank\">TCT<\/a><\/td><td style=\"color: #0563C1; background-color: #FFFFFF;text-decoration: underline;\"><a href=\"https:\/\/goias.gov.br\/casacivil\/wp-content\/uploads\/sites\/47\/2025\/01\/DOE-ADITIVO.pdf\" target=\"_blank\">D.O.E.<\/a><\/td><td style=\"color: #0563C1; background-color: #FFFFFF;text-decoration: underline;\"><a href=\"https:\/\/goias.gov.br\/casacivil\/wp-content\/uploads\/sites\/47\/2025\/01\/PLANO-DE-TRABALHO-ADITIVO.pdf\" target=\"_blank\">PDT<\/a><\/td><\/tr><tr><td style=\"color: #000000; background-color: #FFFFFF;\">SGG<\/td><td style=\"color: #000000; background-color: #FFFFFF;\">3\/2025<\/td><td style=\"color: #000000; background-color: #FFFFFF;\">TERMO DE COOPERA\u00c7\u00c3O T\u00c9CNICA QUE ESTABELECE REGRAS DE CONCESS\u00c3O TEMPOR\u00c1RIA DE PERFIL DE ACESSO \u00c0 PLATAFORMA LEGISLA GOI\u00c1S, QUE ENTRE SI CELEBRAM A SECRETARIA DE ESTADO DA CASA CIVIL \u2013 CASA CIVIL E A SECRETARIA-GERAL DE GOVERNO \u2013 SGG.<\/td><td style=\"color: #000000; background-color: #FFFFFF;\">202400013002160<\/td><td style=\"color: #000000; background-color: #FFFFFF;\">13\/08\/2025<\/td><td style=\"color: #000000; background-color: #FFFFFF;\">13\/08\/2027<\/td><td style=\"color: #0563C1; background-color: #FFFFFF;text-decoration: underline;\"><a href=\"https:\/\/goias.gov.br\/casacivil\/wp-content\/uploads\/sites\/47\/2025\/01\/Termo-SGG.pdf\" target=\"_blank\">TCT<\/a><\/td><td style=\"color: #0563C1; background-color: #FFFFFF;text-decoration: underline;\"><a href=\"https:\/\/goias.gov.br\/casacivil\/wp-content\/uploads\/sites\/47\/2025\/01\/DOE-SGG.pdf\" target=\"_blank\">D.O.E.<\/a><\/td><td style=\"color: #0563C1; background-color: #FFFFFF;text-decoration: underline;\"><a href=\"https:\/\/goias.gov.br\/casacivil\/wp-content\/uploads\/sites\/47\/2025\/01\/SEI-202400013002160.pdf\" target=\"_blank\">PDT<\/a><\/td><\/tr><tr><td style=\"color: #000000; background-color: #FFFFFF;\">SESC\/AR\/GO<\/td><td style=\"color: #000000; background-color: #FFFFFF;\">Conv\u00eanio\nn\u00ba 1\/2025\/CASA CIVIL<\/td><td style=\"color: #000000; background-color: #FFFFFF;\">CONV\u00caNIO N\u00ba 1\/2025\/CASA CIVIL, QUE ENTRE SI CELEBRAM O ESTADO DE GOI\u00c1S, POR MEIO DA SECRETARIA DE ESTADO DA CASA CIVIL \u2013 CASA CIVIL, E A EMPRESA SERVI\u00c7O SOCIAL DO COM\u00c9RCIO \u2013 SESC\/AR\/GO, VISANDO O ESTABELECIMENTO DE AJUSTE CONVENIAL PARA OS FINS QUE ESPECIFICAM.<\/td><td style=\"color: #000000; background-color: #FFFFFF;\">202500013000575<\/td><td style=\"color: #000000; background-color: #FFFFFF;\">06\/08\/2025<\/td><td style=\"color: #000000; background-color: #FFFFFF;\">06\/08\/2027<\/td><td style=\"color: #0563C1; background-color: #FFFFFF;text-decoration: underline;\"><a href=\"https:\/\/goias.gov.br\/casacivil\/wp-content\/uploads\/sites\/47\/2025\/01\/Convenio.pdf\" target=\"_blank\">CONV\u00caNIO<\/a><\/td><td style=\"color: #0563C1; background-color: #FFFFFF;text-decoration: underline;\"><a href=\"https:\/\/goias.gov.br\/casacivil\/wp-content\/uploads\/sites\/47\/2025\/01\/DOE-10.pdf\" target=\"_blank\">D.O.E.<\/a><\/td><td style=\"color: #0563C1; background-color: #FFFFFF;text-decoration: underline;\"><a href=\"https:\/\/goias.gov.br\/casacivil\/wp-content\/uploads\/sites\/47\/2025\/01\/Plano-de-Trabalho-SEI-202500013000575.pdf\" target=\"_blank\">PDT<\/a><\/td><\/tr><tr><td style=\"color: #000000; background-color: #FFFFFF;\">DGPP<\/td><td style=\"color: #000000; background-color: #FFFFFF;\">4\/2025<\/td><td style=\"color: #000000; background-color: #FFFFFF;\">TERMO DE COOPERA\u00c7\u00c3O T\u00c9CNICA QUE ESTABELECE REGRAS DE CONCESS\u00c3O TEMPOR\u00c1RIA DE PERFIL DE ACESSO \u00c0 PLATAFORMA LEGISLA GOI\u00c1S, QUE ENTRE SI CELEBRAM A SECRETARIA DE ESTADO DA CASA CIVIL \u2013 CASA CIVIL E A DIRETORIA GERAL DE POL\u00cdCIA PENAL \u2013 DGPP.<\/td><td style=\"color: #000000; background-color: #FFFFFF;\">202400013002119<\/td><td style=\"color: #000000; background-color: #FFFFFF;\">29\/07\/2025<\/td><td style=\"color: #000000; background-color: #FFFFFF;\">29\/07\/2027<\/td><td style=\"color: #0563C1; background-color: #FFFFFF;text-decoration: underline;\"><a href=\"https:\/\/goias.gov.br\/casacivil\/wp-content\/uploads\/sites\/47\/2025\/01\/SEI-202400013002119.pdf\" target=\"_blank\">TCT<\/a><\/td><td style=\"color: #0563C1; background-color: #FFFFFF;text-decoration: underline;\"><a href=\"https:\/\/goias.gov.br\/casacivil\/wp-content\/uploads\/sites\/47\/2025\/01\/diario_oficial_2025-07-31_completo-56.pdf\" target=\"_blank\">D.O.E.<\/a><\/td><td style=\"color: #0563C1; background-color: #FFFFFF;text-decoration: underline;\"><a href=\"https:\/\/goias.gov.br\/casacivil\/wp-content\/uploads\/sites\/47\/2025\/01\/PLANO-DE-TRABALHO-DGPP.pdf\" target=\"_blank\">PDT<\/a><\/td><\/tr><tr><td style=\"color: #000000; background-color: #FFFFFF;\">SSP<\/td><td style=\"color: #000000; background-color: #FFFFFF;\">1\/2025<\/td><td style=\"color: #000000; background-color: #FFFFFF;\">TERMO DE COOPERA\u00c7\u00c3O T\u00c9CNICA QUE ESTABELECE REGRAS DE CONCESS\u00c3O TEMPOR\u00c1RIA DE PERMISS\u00c3O DE ACESSO \u00c0 PLATAFORMA 'LEGISLA GOI\u00c1S', QUE ENTRE SI CELEBRAM A SECRETARIA DE ESTADO DA CASA CIVIL - CASA CIVIL E A SECRETARIA DE ESTADO DA SEGURAN\u00c7A P\u00daBLICA - SSP.<\/td><td style=\"color: #000000; background-color: #FFFFFF;\">202400013002115<\/td><td style=\"color: #000000; background-color: #FFFFFF;\">20\/01\/2025<\/td><td style=\"color: #000000; background-color: #FFFFFF;\">20\/01\/2027<\/td><td style=\"color: #0563C1; background-color: #FFFFFF;text-decoration: underline;\"><a href=\"https:\/\/goias.gov.br\/casacivil\/wp-content\/uploads\/sites\/47\/2025\/01\/SEI_GOVERNADORIA-69543007-Termo-de-Cooperacao-Tecnica.pdf\" target=\"_blank\">TCT<\/a><\/td><td style=\"color: #0563C1; background-color: #FFFFFF;text-decoration: underline;\"><a href=\"https:\/\/goias.gov.br\/casacivil\/wp-content\/uploads\/sites\/47\/2025\/01\/diario_oficial_2025_01_22_completo_19.pdf\" target=\"_blank\">D.O.E.<\/a><\/td><td style=\"color: #0563C1; background-color: #FFFFFF;text-decoration: underline;\"><a href=\"https:\/\/goias.gov.br\/casacivil\/wp-content\/uploads\/sites\/47\/2025\/01\/PLANO-DE-TRABALHO-SSP.pdf\" target=\"_blank\">PDT<\/a><\/td><\/tr><tr><td style=\"color: #000000; background-color: #FFFFFF;\">AGR<\/td><td style=\"color: #000000; background-color: #FFFFFF;\">1\/2022<\/td><td style=\"color: #000000; background-color: #FFFFFF;\">PRIMEIRO TERMO ADITIVO DE TERMO DE COOPERA\u00c7\u00c3O T\u00c9CNICA N\u00ba 1\/2022\/CASACIVIL, CELEBRADO ENTRE A SECRETARIA DE ESTADO DA CASA CIVIL E A AG\u00caNCIA GOIANA DE REGULA\u00c7\u00c3O E FISCALIZA\u00c7\u00c3O DE SERVI\u00c7OS P\u00daBLICOS \u2013 AGR<\/td><td style=\"color: #000000; background-color: #FFFFFF;\">202200029001643<\/td><td style=\"color: #000000; background-color: #FFFFFF;\">28\/12\/2024<\/td><td style=\"color: #000000; background-color: #FFFFFF;\">28\/12\/2026<\/td><td style=\"color: #0563C1; background-color: #FFFFFF;text-decoration: underline;\"><a href=\"https:\/\/goias.gov.br\/casacivil\/wp-content\/uploads\/sites\/47\/2024\/07\/SEI_68376257_Aditivo.pdf\" target=\"_blank\">TCT<\/a><\/td><td style=\"color: #0563C1; background-color: #FFFFFF;text-decoration: underline;\"><a href=\"https:\/\/goias.gov.br\/casacivil\/wp-content\/uploads\/sites\/47\/2024\/07\/DOE-pag_48.pdf\" target=\"_blank\">D.O.E.<\/a><\/td><td style=\"color: #0563C1; background-color: #FFFFFF;text-decoration: underline;\"><a href=\"https:\/\/goias.gov.br\/casacivil\/wp-content\/uploads\/sites\/47\/2024\/07\/SEI_68161899_Plano_de_Trabalho.pdf\" target=\"_blank\">PDT<\/a><\/td><\/tr><tr><td style=\"color: #000000; background-color: #FFFFFF;\">SGG<\/td><td style=\"color: #000000; background-color: #FFFFFF;\">5\/2024<\/td><td style=\"color: #000000; background-color: #FFFFFF;\">TERMO DE COOPERA\u00c7\u00c3O T\u00c9CNICA QUE ENTRE SI CELEBRAM A\nSECRETARIA-GERAL DE GOVERNO \u2013 SGG E OS DEMAIS \u00d3RG\u00c3OS E\nENTIDADES DA ADMINISTRA\u00c7\u00c3O DIRETA E INDIRETA DO ESTADO DE GOI\u00c1S PARA IMPLEMENTA\u00c7\u00c3O DO \"PROGRAMA DE EFICI\u00caNCIA\nENERG\u00c9TICA DA ADMINISTRA\u00c7\u00c3O DIRETA E INDIRETA DO ESTADO DE GOI\u00c1S\".<\/td><td style=\"color: #000000; background-color: #FFFFFF;\">202418037004503<\/td><td style=\"color: #000000; background-color: #FFFFFF;\">08\/10\/2024<\/td><td style=\"color: #000000; background-color: #FFFFFF;\">08\/10\/2026<\/td><td style=\"color: #0563C1; background-color: #FFFFFF;text-decoration: underline;\"><a href=\"https:\/\/goias.gov.br\/casacivil\/wp-content\/uploads\/sites\/47\/2024\/07\/Termo-de-operacao-SGG.pdf\" target=\"_blank\">TCT<\/a><\/td><td style=\"color: #0563C1; background-color: #FFFFFF;text-decoration: underline;\"><a href=\"https:\/\/goias.gov.br\/casacivil\/wp-content\/uploads\/sites\/47\/2024\/07\/D.O-TERMO-ENERGIA-SGG-005-24.pdf\" target=\"_blank\">D.O.E.<\/a><\/td><td style=\"color: #0563C1; background-color: #FFFFFF;text-decoration: underline;\"><a href=\"https:\/\/goias.gov.br\/casacivil\/wp-content\/uploads\/sites\/47\/2024\/07\/Plano-de-Trabalho-SGG.pdf\" target=\"_blank\">PDT<\/a><\/td><\/tr><tr><td style=\"color: #000000; background-color: #FFFFFF;\">DELEGACIA-GERAL DA POL\u00cdCIA\nCIVIL \u2013 PCGO\/DGPC<\/td><td style=\"color: #000000; background-color: #FFFFFF;\">13\/2024<\/td><td style=\"color: #000000; background-color: #FFFFFF;\">TERMO DE COOPERA\u00c7\u00c3O N.\u00ba 13\/2024\/DGPC QUE ESTABELECE REGRAS DE CONCESS\u00c3O TEMPOR\u00c1RIA DE PERFIL DE ACESSO \u00c0 PLATAFORMA LEGISLAGOI\u00c1S, QUE ENTRE SI CELEBRAM A SECRETARIA DE ESTADO DA CASA CIVIL \u2013 CASA CIVIL E A SECRETARIA DE ESTADO DA SEGURAN\u00c7A P\u00daBLICA - SSP, POR MEIO DA DELEGACIAGERAL DA POL\u00cdCIA CIVIL - PCGO.<\/td><td style=\"color: #000000; background-color: #FFFFFF;\">202400007017705<\/td><td style=\"color: #000000; background-color: #FFFFFF;\">26\/07\/2024<\/td><td style=\"color: #000000; background-color: #FFFFFF;\">26\/07\/2026<\/td><td style=\"color: #0563C1; background-color: #FFFFFF;text-decoration: underline;\"><a href=\"https:\/\/goias.gov.br\/casacivil\/wp-content\/uploads\/sites\/47\/2024\/07\/Diario-Oficial-controlador.php_.pdf\" target=\"_blank\">TCT<\/a><\/td><td style=\"color: #0563C1; background-color: #FFFFFF;text-decoration: underline;\"><a href=\"https:\/\/goias.gov.br\/casacivil\/wp-content\/uploads\/sites\/47\/2024\/07\/Diario-Oficial-controlador.php_.pdf\" target=\"_blank\">D.O.E.<\/a><\/td><td style=\"color: #0563C1; background-color: #FFFFFF;text-decoration: underline;\"><a href=\"https:\/\/goias.gov.br\/casacivil\/wp-content\/uploads\/sites\/47\/2024\/07\/SEI_62838408_Plano_de_Trabalho.pdf\" target=\"_blank\">PDT<\/a><\/td><\/tr><tr><td style=\"color: #000000; background-color: #FFFFFF;\">SEAPA<\/td><td style=\"color: #000000; background-color: #FFFFFF;\">1\/2024<\/td><td style=\"color: #000000; background-color: #FFFFFF;\">TERMO DE COOPERA\u00c7\u00c3O T\u00c9CNICA QUE ESTABELECE REGRAS DE CONCESS\u00c3O TEMPOR\u00c1RIA DE PERFIL DE ACESSO \u00c0 PLATAFORMA LEGISLA GOI\u00c1S, QUE ENTRE SI CELEBRAM A SECRETARIA DE ESTADO DA CASA CIVIL \u2013 CASA CIVIL E A SEAPA<\/td><td style=\"color: #000000; background-color: #FFFFFF;\">20241764000845<\/td><td style=\"color: #000000; background-color: #FFFFFF;\">05\/07\/2024<\/td><td style=\"color: #000000; background-color: #FFFFFF;\">04\/07\/2026<\/td><td style=\"color: #0563C1; background-color: #FFFFFF;text-decoration: underline;\"><a href=\"https:\/\/goias.gov.br\/casacivil\/wp-content\/uploads\/sites\/47\/2024\/07\/extrato-de-publicacao-controlador.php_.pdf\" target=\"_blank\">TCT<\/a><\/td><td style=\"color: #0563C1; background-color: #FFFFFF;text-decoration: underline;\"><a href=\"https:\/\/goias.gov.br\/casacivil\/wp-content\/uploads\/sites\/47\/2024\/07\/extrato-de-publicacao-controlador.php_.pdf\" target=\"_blank\">D.O.E.<\/a><\/td><td style=\"color: #0563C1; background-color: #FFFFFF;text-decoration: underline;\"><a href=\"https:\/\/goias.gov.br\/casacivil\/wp-content\/uploads\/sites\/47\/2024\/07\/SEI_61631841_Plano_de_Trabalho.pdf\" target=\"_blank\">PDT<\/a><\/td><\/tr><tr><td style=\"color: #000000; background-color: #FFFFFF;\">DETRAN <\/td><td style=\"color: #000000; background-color: #FFFFFF;\">3\/2023<\/td><td style=\"color: #000000; background-color: #FFFFFF;\">TERMO DE COOPERA\u00c7\u00c3O T\u00c9CNICA QUE ESTABELECE REGRAS DE\nCONCESS\u00c3O TEMPOR\u00c1RIA DE PERFIL DE ACESSO \u00c0 PLATAFORMA\nLEGISLAGOI\u00c1S, QUE ENTRE SI CELEBRAM A SECRETARIA DE ESTADO DA CASA CIVIL \u2013 CASA CIVIL E O DEPARTAMENTO ESTADUAL DE TR\u00c2NSITO DE GOI\u00c1S - DETRAN-GO<\/td><td style=\"color: #000000; background-color: #FFFFFF;\">2300025004029<\/td><td style=\"color: #000000; background-color: #FFFFFF;\">11\/10\/2023<\/td><td style=\"color: #000000; background-color: #FFFFFF;\">11\/10\/2025<\/td><td style=\"color: #0563C1; background-color: #FFFFFF;text-decoration: underline;\"><a href=\"https:\/\/goias.gov.br\/casacivil\/wp-content\/uploads\/sites\/47\/2023\/01\/Termo-de-Cooperacao-1.pdf\" target=\"_blank\">TCT<\/a><\/td><td style=\"color: #0563C1; background-color: #FFFFFF;text-decoration: underline;\"><a href=\"https:\/\/goias.gov.br\/casacivil\/wp-content\/uploads\/sites\/47\/2023\/01\/DOE-3.pdf\" target=\"_blank\">D.O.E.<\/a><\/td><td style=\"color: #0563C1; background-color: #FFFFFF;text-decoration: underline;\"><a href=\"https:\/\/goias.gov.br\/casacivil\/wp-content\/uploads\/sites\/47\/2023\/01\/Termo-de-Cooperacao-1.pdf\" target=\"_blank\">PDT<\/a><\/td><\/tr><tr><td style=\"color: #000000; background-color: #FFFFFF;\">SIC<\/td><td style=\"color: #000000; background-color: #FFFFFF;\">2\/2023<\/td><td style=\"color: #000000; background-color: #FFFFFF;\">TERMO DE COOPERA\u00c7\u00c3O T\u00c9CNICA QUE ESTABELECE REGRAS DE\nCONCESS\u00c3O TEMPOR\u00c1RIA DE PERFIL DE ACESSO \u00c0 PLATAFORMA\nLEGISLAGOI\u00c1S, QUE ENTRE SI CELEBRAM A SECRETARIA DE ESTADO DA CASA CIVIL \u2013 CASA CIVIL E A SECRETARIA DE ESTADO DE IND\u00daSTRIA,\nCOM\u00c9RCIO E SERVI\u00c7O, NA FORMA ABAIXO.<\/td><td style=\"color: #000000; background-color: #FFFFFF;\">2317604004721<\/td><td style=\"color: #000000; background-color: #FFFFFF;\">18\/10\/2023<\/td><td style=\"color: #000000; background-color: #FFFFFF;\">18\/10\/2025<\/td><td style=\"color: #0563C1; background-color: #FFFFFF;text-decoration: underline;\"><a href=\"https:\/\/goias.gov.br\/casacivil\/wp-content\/uploads\/sites\/47\/2023\/01\/Termo-Cooperacao.pdf\" target=\"_blank\">TCT<\/a><\/td><td style=\"color: #0563C1; background-color: #FFFFFF;text-decoration: underline;\"><a href=\"https:\/\/goias.gov.br\/casacivil\/wp-content\/uploads\/sites\/47\/2023\/01\/DOE.pdf\" target=\"_blank\">D.O.E.<\/a><\/td><td style=\"color: #0563C1; background-color: #FFFFFF;text-decoration: underline;\"><a href=\"https:\/\/goias.gov.br\/casacivil\/wp-content\/uploads\/sites\/47\/2023\/01\/Plano-de-Trabalho.pdf\" target=\"_blank\">PDT<\/a><\/td><\/tr><tr><td style=\"color: #000000; background-color: #FFFFFF;\">PGE<\/td><td style=\"color: #000000; background-color: #FFFFFF;\">6\/2023<\/td><td style=\"color: #000000; background-color: #FFFFFF;\">TERMO DE COOPERA\u00c7\u00c3O T\u00c9CNICA QUE ESTABELECE REGRAS DE\nCONCESS\u00c3O TEMPOR\u00c1RIA DE PERFIL DE ACESSO \u00c0 PLATAFORMA\nLEGISLAGOI\u00c1S, QUE ENTRE SI CELEBRAM A SECRETARIA DE ESTADO DA CASA CIVIL-CASA CIVIL E A PROCURADORIA-GERAL DO ESTADO DE GOI\u00c1S-PGE.<\/td><td style=\"color: #000000; background-color: #FFFFFF;\">202300003018314<\/td><td style=\"color: #000000; background-color: #FFFFFF;\">25\/10\/2023<\/td><td style=\"color: #000000; background-color: #FFFFFF;\">25\/10\/2025<\/td><td style=\"color: #0563C1; background-color: #FFFFFF;text-decoration: underline;\"><a href=\"https:\/\/goias.gov.br\/casacivil\/wp-content\/uploads\/sites\/47\/2023\/01\/Termo-Cooperacao-1.pdf\" target=\"_blank\">TCT<\/a><\/td><td style=\"color: #0563C1; background-color: #FFFFFF;text-decoration: underline;\"><a href=\"https:\/\/goias.gov.br\/casacivil\/wp-content\/uploads\/sites\/47\/2023\/01\/DOE-1.pdf\" target=\"_blank\">D.O.E.<\/a><\/td><td style=\"color: #0563C1; background-color: #FFFFFF;text-decoration: underline;\"><a href=\"https:\/\/goias.gov.br\/casacivil\/wp-content\/uploads\/sites\/47\/2023\/01\/PLANO-DE-TRABALHO.pdf\" target=\"_blank\">PDT<\/a><\/td><\/tr><tr><td style=\"color: #000000; background-color: #FFFFFF;\">SEMAD<\/td><td style=\"color: #000000; background-color: #FFFFFF;\">1\/2023<\/td><td style=\"color: #000000; background-color: #FFFFFF;\">TERMO DE COOPERA\u00c7\u00c3O T\u00c9CNICA QUE ESTABELECE REGRAS DE\nCONCESS\u00c3O TEMPOR\u00c1RIA DE PERFIL DE ACESSO \u00c0 PLATAFORMA\nLEGISLAGOI\u00c1S, QUE ENTRE SI CELEBRAM A SECRETARIA DE ESTADO DA CASA CIVIL E A SECRETARIA DE ESTADO DE MEIO AMBIENTE E\nDESENVOLVIMENTO SUSTENT\u00c1VEL.<\/td><td style=\"color: #000000; background-color: #FFFFFF;\">202300017009900<\/td><td style=\"color: #000000; background-color: #FFFFFF;\">17\/11\/2023<\/td><td style=\"color: #000000; background-color: #FFFFFF;\">17\/11\/2025<\/td><td style=\"color: #0563C1; background-color: #FFFFFF;text-decoration: underline;\"><a href=\"https:\/\/goias.gov.br\/casacivil\/wp-content\/uploads\/sites\/47\/2023\/01\/Termo-de-Cooperacao.pdf\" target=\"_blank\">TCT<\/a><\/td><td style=\"color: #0563C1; background-color: #FFFFFF;text-decoration: underline;\"><a href=\"https:\/\/goias.gov.br\/casacivil\/wp-content\/uploads\/sites\/47\/2023\/01\/DOE-2.pdf\" target=\"_blank\">D.O.E.<\/a><\/td><td style=\"color: #0563C1; background-color: #FFFFFF;text-decoration: underline;\"><a href=\"https:\/\/goias.gov.br\/casacivil\/wp-content\/uploads\/sites\/47\/2023\/01\/Plano-de-trabalho.pdf\" target=\"_blank\">PDT<\/a><\/td><\/tr><tr><td style=\"color: #000000; background-color: #FFFFFF;\">AGR<\/td><td style=\"color: #000000; background-color: #FFFFFF;\">001\/2022<\/td><td style=\"color: #000000; background-color: #FFFFFF;\">TERMO DE COOPERA\u00c7\u00c3O T\u00c9CNICA QUE ESTABELECE REGRAS DE\nCONCESS\u00c3O TEMPOR\u00c1RIA DE PERFIL DE ACESSO \u00c0 PLATAFORMA\nLEGISLAGOI\u00c1S, QUE ENTRE SI CELEBRAM A SECRETARIA DE ESTADO DA CASA CIVIL \u2013 CASA CIVIL E A AG\u00caNCIA GOIANA DE REGULA\u00c7\u00c3O E\nFISCALIZA\u00c7\u00c3O DE SERVI\u00c7OS P\u00daBLICOS - AGR<\/td><td style=\"color: #000000; background-color: #FFFFFF;\">200029001643<\/td><td style=\"color: #000000; background-color: #FFFFFF;\">28\/12\/2022<\/td><td style=\"color: #000000; background-color: #FFFFFF;\">28\/12\/2024<\/td><td style=\"color: #0563C1; background-color: #FFFFFF;text-decoration: underline;\"><a href=\"https:\/\/goias.gov.br\/casacivil\/wp-content\/uploads\/sites\/47\/2023\/01\/TERMODECOOP.T001-22-20a.pdf\" target=\"_blank\">TCT<\/a><\/td><td style=\"color: #0563C1; background-color: #FFFFFF;text-decoration: underline;\"><a href=\"https:\/\/goias.gov.br\/casacivil\/wp-content\/uploads\/sites\/47\/2023\/01\/D.OTCT_.001-1ff.pdf\" target=\"_blank\">D.O.E.<\/a><\/td><td style=\"color: #0563C1; background-color: #FFFFFF;text-decoration: underline;\"><a href=\"https:\/\/goias.gov.br\/casacivil\/wp-content\/uploads\/sites\/47\/2024\/07\/SEI_68161899_Plano_de_Trabalho.pdf\" target=\"_blank\">PDT<\/a><\/td><\/tr><\/tbody><\/table><div class=\"wp-block-file\"><a href=\"https:\/\/goias.gov.br\/casacivil\/wp-content\/uploads\/sites\/47\/2024\/06\/Acordo-sem-Trans-Recursos-16-8-3-1.xlsx\">Acordo-sem-Trans-Recursos-16-8-3-1.xlsx&nbsp; <span class=\"wp-block-file__button wp-element-button\">Baixar<\/span><\/a><\/div>\n\n\n\n<h4 class=\"wp-block-heading\">Ger\u00eancia de Compras Governamentais<\/h4>\n\n\n\n<p>Gerente:&nbsp;<strong>JAQUELINE F\u00c1TIMA DE SOUZA<br><\/strong>Pal\u00e1cio Pedro Ludovico Teixeira \u2013 Rua 82, n\u00ba 400, 8\u00ba andar<br>Setor Central \u2013 Goi\u00e2nia\/GO \u2013 CEP: 74015-908<br>E-mail: gcg.casacivil@goias.gov.br<br>Telefone: (62) 3201-5817<br>Unidade SEI: 5414<br><a href=\"https:\/\/goias.gov.br\/casacivil\/licitacoes-e-contrato\/\">https:\/\/goias.gov.br\/casacivil\/licitacoes-e-contrato\/<\/a><\/p>\n","protected":false},"excerpt":{"rendered":"<p>Ger\u00eancia de Compras Governamentais Gerente:&nbsp;JAQUELINE F\u00c1TIMA DE SOUZAPal\u00e1cio Pedro Ludovico Teixeira \u2013 Rua 82, n\u00ba 400, 8\u00ba andarSetor Central \u2013 Goi\u00e2nia\/GO \u2013 CEP: 74015-908E-mail: gcg.casacivil@goias.gov.brTelefone: (62) 3201-5817Unidade SEI: 5414https:\/\/goias.gov.br\/casacivil\/licitacoes-e-contrato\/<\/p>\n","protected":false},"author":386,"featured_media":0,"comment_status":"closed","ping_status":"open","sticky":false,"template":"","format":"standard","meta":{"footnotes":""},"categories":[322],"tags":[],"class_list":["post-27359","post","type-post","status-publish","format-standard","hentry","category-lai"],"rttpg_featured_image_url":null,"rttpg_author":{"display_name":"marilialobo","author_link":"https:\/\/goias.gov.br\/casacivil\/author\/marilialobo\/"},"rttpg_comment":0,"rttpg_category":"<a href=\"https:\/\/goias.gov.br\/casacivil\/categoria\/noticias\/lai\/\" rel=\"category tag\">LAI<\/a>","rttpg_excerpt":"Ger\u00eancia de Compras Governamentais Gerente:&nbsp;JAQUELINE F\u00c1TIMA DE SOUZAPal\u00e1cio Pedro Ludovico Teixeira \u2013 Rua 82, n\u00ba 400, 8\u00ba andarSetor Central \u2013 Goi\u00e2nia\/GO \u2013 CEP: 74015-908E-mail: gcg.casacivil@goias.gov.brTelefone: (62) 3201-5817Unidade SEI: 5414https:\/\/goias.gov.br\/casacivil\/licitacoes-e-contrato\/","_links":{"self":[{"href":"https:\/\/goias.gov.br\/casacivil\/wp-json\/wp\/v2\/posts\/27359","targetHints":{"allow":["GET"]}}],"collection":[{"href":"https:\/\/goias.gov.br\/casacivil\/wp-json\/wp\/v2\/posts"}],"about":[{"href":"https:\/\/goias.gov.br\/casacivil\/wp-json\/wp\/v2\/types\/post"}],"author":[{"embeddable":true,"href":"https:\/\/goias.gov.br\/casacivil\/wp-json\/wp\/v2\/users\/386"}],"replies":[{"embeddable":true,"href":"https:\/\/goias.gov.br\/casacivil\/wp-json\/wp\/v2\/comments?post=27359"}],"version-history":[{"count":2,"href":"https:\/\/goias.gov.br\/casacivil\/wp-json\/wp\/v2\/posts\/27359\/revisions"}],"predecessor-version":[{"id":56037,"href":"https:\/\/goias.gov.br\/casacivil\/wp-json\/wp\/v2\/posts\/27359\/revisions\/56037"}],"wp:attachment":[{"href":"https:\/\/goias.gov.br\/casacivil\/wp-json\/wp\/v2\/media?parent=27359"}],"wp:term":[{"taxonomy":"category","embeddable":true,"href":"https:\/\/goias.gov.br\/casacivil\/wp-json\/wp\/v2\/categories?post=27359"},{"taxonomy":"post_tag","embeddable":true,"href":"https:\/\/goias.gov.br\/casacivil\/wp-json\/wp\/v2\/tags?post=27359"}],"curies":[{"name":"wp","href":"https:\/\/api.w.org\/{rel}","templated":true}]}}