

{"id":24942,"date":"2023-08-17T14:03:38","date_gmt":"2023-08-17T17:03:38","guid":{"rendered":"https:\/\/siteshom.goias.gov.br\/casacivil\/pregoes-eletronicos-2023-2\/"},"modified":"2023-08-17T14:03:38","modified_gmt":"2023-08-17T17:03:38","slug":"pregoes-eletronicos-2023-2","status":"publish","type":"post","link":"https:\/\/goias.gov.br\/casacivil\/pregoes-eletronicos-2023-2\/","title":{"rendered":"Preg\u00f5es Eletr\u00f4nicos 2023"},"content":{"rendered":"<p align=\"center\"><strong>AVISO DE LICITA\u00c7\u00c3O<\/strong><\/p>\n<p align=\"center\"><b>PREG\u00c3O ELETR\u00d4NICO n.\u00ba&nbsp;002\/2023 &#8211; CASA CIVIL<\/b><\/p>\n<p>&nbsp;<\/p>\n<p><b>Processo<\/b>: 202300013001617<\/p>\n<p>&nbsp;<\/p>\n<p><b>Objeto<\/b>:&nbsp;<b>CONTRATA\u00c7\u00c3O DE EMPRESA ESPECIALIZADA&nbsp;<\/b>na<b>&nbsp;<\/b>execu\u00e7\u00e3o de servi\u00e7os de desmontagem e remontagem de divis\u00f3rias por reaproveitamento, instala\u00e7\u00e3o de novas divis\u00f3rias, vidros, pel\u00edculas em vidros, bem como instala\u00e7\u00e3o de cabeamento estruturado e de rede el\u00e9trica, contemplando assim os servi\u00e7os e o fornecimento de todo o material necess\u00e1rio \u00e0 sua execu\u00e7\u00e3o,<b>&nbsp;DE ACORDO COM AS CONDI\u00c7\u00d5ES E ESPECIFICA\u00c7\u00d5ES ESTABELECIDAS NO EDITAL E SEUS ANEXOS.<\/b><\/p>\n<p>&nbsp;<\/p>\n<p><b>Participa\u00e7\u00e3o:&nbsp;<\/b>Disputa GERAL<\/p>\n<p><b>Modalidade<\/b>: Preg\u00e3o<\/p>\n<p><b>Forma<\/b>: Eletr\u00f4nica<\/p>\n<p><b>Crit\u00e9rio de Julgamento<\/b>: Menor pre\u00e7o por lote<\/p>\n<p><b>Dota\u00e7\u00e3o Or\u00e7ament\u00e1ria<\/b>: 2023.11.01.04.122.4200.4243.04<\/p>\n<p><b>Naturezas de Despesa<\/b>. 4.4.90.39.18, 4.4.90.52.28 e 4.4.90.30.33<\/p>\n<p><b>Fonte Or\u00e7ament\u00e1ria<\/b>:&nbsp;15000100<\/p>\n<p><b>Data da abertura da sess\u00e3o<\/b>: 19\/10\/2023<\/p>\n<p><b>Hor\u00e1rio<\/b>: 09:00 horas (Bras\u00edlia\/DF, UTC -03h00min)<\/p>\n<p><b>Local de realiza\u00e7\u00e3o<\/b>:&nbsp;<a href=\"https:\/\/www.comprasnet.go.gov.br\/\" target=\"_blank\" rel=\"noopener\">www.comprasnet.go.gov.br<\/a><\/p>\n<p><b>Fundamento Legal<\/b>: O presente certame ser\u00e1 regido pela Lei Federal n.\u00ba 10.520\/2002, Lei Complementar n.\u00ba 123\/2006, Lei Complementar 117\/2015, Lei Estadual n.\u00ba 17.928\/2012, Decreto Estadual n.\u00ba 9.666\/2020, Decreto Estadual n.\u00ba 7.466\/2011, aplicando-se subsidiariamente, no que couberem, as disposi\u00e7\u00f5es da&nbsp;<u>Lei Federal n.\u00ba 8.666<\/u>, de 23 de junho de 1993 e demais normas regulamentares aplic\u00e1veis \u00e0 esp\u00e9cie<\/p>\n<p><b>Obten\u00e7\u00e3o do Edital<\/b>:&nbsp;<a href=\"https:\/\/www.comprasnet.go.gov.br\/\" target=\"_blank\" rel=\"noopener\">www.comprasnet.go.gov.br<\/a>&nbsp;e&nbsp;<a href=\"https:\/\/www.administracao.go.gov.br\/\" target=\"_blank\" rel=\"noopener\">www.casacivil.go.gov.br<\/a><\/p>\n<p><b>Informa\u00e7\u00f5es<\/b>: (62) 3201\u20135817<\/p>\n<p>&nbsp;<\/p>\n<p align=\"center\">Pedro Tiago Andrade Chagas Freitas<\/p>\n<p align=\"center\">Gerente de Compras Governamentais&nbsp;<\/p>\n<p style=\"text-align: left;\"><a href=\"https:\/\/goias.gov.br\/casacivil\/wp-content\/uploads\/sites\/47\/2023\/08\/EDITALPE002-2023.ASSINADO-3b8.pdf\">EDITAL PE 002\/2023<\/a><\/p>\n<p style=\"text-align: left;\"><a href=\"https:\/\/goias.gov.br\/casacivil\/wp-content\/uploads\/sites\/47\/2023\/08\/D.OPE002.23-087.pdf\">PUBLICA\u00c7\u00c3O AVISO D.O<\/a><\/p>\n<p><a href=\"https:\/\/goias.gov.br\/casacivil\/wp-content\/uploads\/sites\/47\/2023\/08\/PB.A1TR-1-774.pdf\"><b>Anexo I do Termo de Refer\u00eancia<\/b>&nbsp;&#8211; Projeto B\u00e1sico de Arquitetura<\/a><\/p>\n<p><a href=\"https:\/\/goias.gov.br\/casacivil\/wp-content\/uploads\/sites\/47\/2023\/08\/PEA-2TR-2cd.pdf\"><b>Anexo II do Termo de Refer\u00eancia<\/b>&nbsp;&#8211; Projeto de Rede El\u00e9trica<\/a><\/p>\n<p><a href=\"https:\/\/goias.gov.br\/casacivil\/wp-content\/uploads\/sites\/47\/2023\/08\/MD.A3TR-049.pdf\"><b>Anexo III do Termo de Refer\u00eancia<\/b>&nbsp;&#8211; Memorial Descritivo de Rede El\u00e9trica<\/a><\/p>\n<p><a href=\"https:\/\/goias.gov.br\/casacivil\/wp-content\/uploads\/sites\/47\/2023\/08\/LMEA4TR-730.pdf\"><b>Anexo IV do Termo de Refer\u00eancia<\/b>&nbsp;&#8211; Lista de Materiais El\u00e9tricos<\/a><\/p>\n<p><a href=\"https:\/\/goias.gov.br\/casacivil\/wp-content\/uploads\/sites\/47\/2023\/08\/PC.5TR-f64.pdf\"><b>Anexo V do Termo de Refer\u00eancia<\/b>&nbsp;&#8211; Projeto de Cabeamento Estruturado<\/a><\/p>\n<p><a href=\"https:\/\/goias.gov.br\/casacivil\/wp-content\/uploads\/sites\/47\/2023\/08\/MC.A6-TR-6a2.pdf\"><b>Anexo VI <\/b>Memorial Descritivo de Cabeamento Estruturado<\/a><\/p>\n<p><a href=\"https:\/\/goias.gov.br\/casacivil\/wp-content\/uploads\/sites\/47\/2023\/08\/LMC.A7-TR-d69.pdf\"><b>Anexo VII do Termo de Refer\u00eancia<\/b>&nbsp;\u2013 Lista de Materiais Cabeamento Estruturado<\/a><\/p>\n<p><a href=\"https:\/\/goias.gov.br\/casacivil\/wp-content\/uploads\/sites\/47\/2023\/08\/portariaECONOMIAIR-a1a.pdf\">ANEXO DO EDITAL&nbsp;PORTARIA 261-2023-ECONOMIA<\/a><\/p>\n<p><a href=\"https:\/\/goias.gov.br\/casacivil\/wp-content\/uploads\/sites\/47\/2023\/08\/Manual_IRRF___PJ_vFinal1-034.pdf\">ANEXO DO EDITAL&nbsp;MANUAL&nbsp;T\u00e9cnico do Imposto de Renda Retido na Fonte<\/a><\/p>\n<p><a href=\"https:\/\/goias.gov.br\/casacivil\/wp-content\/uploads\/sites\/47\/2023\/08\/T.H.2-9eb.pdf\">TERMO DE HOMOLOGA\u00c7\u00c3O<\/a><\/p>\n<p><a href=\"https:\/\/goias.gov.br\/casacivil\/wp-content\/uploads\/sites\/47\/2023\/08\/D.OHOMOLO2-38e.pdf\">D.O. TERMO DE HOMOLOGA\u00c7\u00c3O<\/a><\/p>\n<hr \/>\n<p align=\"center\"><b>AVISO DE &nbsp;LICITA\u00c7\u00c3O<\/b><\/p>\n<p align=\"center\"><b>PREG\u00c3O ELETR\u00d4NICO n.\u00ba001&nbsp;\/ 2023-SECC<\/b><\/p>\n<p>&nbsp;<\/p>\n<p><b>Processo<\/b>: 202300013000608<\/p>\n<p>&nbsp;<\/p>\n<p><b>Objeto<\/b>: Contrata\u00e7\u00e3o de empresa para presta\u00e7\u00e3o de servi\u00e7os de agenciamento de viagens, por demanda, com fornecimento de passagens a\u00e9reas nacionais e reserva de hot\u00e9is (hospedagens), compreendendo reserva, emiss\u00e3o, cancelamento, altera\u00e7\u00e3o, remarca\u00e7\u00e3o, endosso e a devida entrega dos bilhetes e quaisquer servi\u00e7os correlatos, pelo per\u00edodo de 12 (doze) meses.<\/p>\n<p><b>Participa\u00e7\u00e3o:&nbsp;<\/b>Disputa Exclusiva para ME e EPP<\/p>\n<p><b>Modalidade<\/b>: Preg\u00e3o<\/p>\n<p><b>Forma<\/b>: Eletr\u00f4nica<\/p>\n<p><b>Crit\u00e9rio de Julgamento<\/b>: Menor pre\u00e7o por lote<\/p>\n<p><b>Dota\u00e7\u00e3o Or\u00e7ament\u00e1ria<\/b>: 2023.11.01.04.122.4200.4243.03<\/p>\n<p><b>Naturezas de Despesa<\/b>. 3.3.90.39.65,&nbsp;3.3.90.33.02 e 3.3.90.39.11<\/p>\n<p><b>Fontes Or\u00e7ament\u00e1rias<\/b>: 25000100<\/p>\n<p><b>Data da abertura da sess\u00e3o<\/b>:01\/09\/2023<\/p>\n<p><b>Hor\u00e1rio<\/b>: 08 horas e 30 minutos (Bras\u00edlia\/DF, UTC -03h00min)<\/p>\n<p><b>Local de realiza\u00e7\u00e3o<\/b>:&nbsp;<a href=\"https:\/\/www.comprasnet.go.gov.br\/\" target=\"_blank\" rel=\"noopener\">www.comprasnet.go.gov.br<\/a><\/p>\n<p><b>Fundamento Legal<\/b>: O presente certame ser\u00e1 regido pela Lei Federal n.\u00ba 10.520\/2002, Lei Complementar n.\u00ba 123\/2006, Lei Complementar 117\/2015, Lei Estadual n.\u00ba 17.928\/2012, Decreto Estadual n.\u00ba 9.666\/2020, Decreto Estadual n.\u00ba 7.466\/2011, aplicando-se subsidiariamente, no que couberem, as disposi\u00e7\u00f5es da Lei Federal n.\u00ba 8.666, de 23 de junho de 1993 e demais normas regulamentares aplic\u00e1veis \u00e0 esp\u00e9cie.<\/p>\n<p><b>Obten\u00e7\u00e3o do Edital<\/b>:&nbsp;<a href=\"https:\/\/www.comprasnet.go.gov.br\/\" target=\"_blank\" rel=\"noopener\">www.comprasnet.go.gov.br&nbsp;<\/a>e&nbsp;<a href=\"https:\/\/www.administracao.go.gov.br\/\" target=\"_blank\" rel=\"noopener\">www.casacivil.go.gov.br<\/a><\/p>\n<p><b>Informa\u00e7\u00f5es<\/b>: (62) 3201\u20135817<\/p>\n<p>&nbsp;<\/p>\n<p align=\"center\">Jaqueline F\u00e1tima de Souza<\/p>\n<p align=\"center\">Pregoeira \u2014 Portaria n.\u00ba 832\/2022-SECC<\/p>\n<p style=\"text-align: left;\"><a href=\"https:\/\/goias.gov.br\/casacivil\/wp-content\/uploads\/sites\/47\/2023\/08\/PE001-2023PASSAGENSAEREAS-9e1.pdf\">EDITAL P.E 001\/2023<\/a><\/p>\n<p style=\"text-align: left;\"><a href=\"https:\/\/goias.gov.br\/casacivil\/wp-content\/uploads\/sites\/47\/2023\/08\/D.OEDITAL-f63.pdf\">PUBLICA\u00c7\u00c3O D.O.E<\/a><\/p>\n<p style=\"text-align: left;\">ANEXO DO EDITAL&nbsp;<a href=\"https:\/\/goias.gov.br\/casacivil\/wp-content\/uploads\/sites\/47\/2023\/08\/portariaECONOMIAIR-a1a.pdf\">PORTARIA 261-2023-ECONOMIA<\/a><\/p>\n<p style=\"text-align: left;\">ANEXO DO EDITAL&nbsp;<a href=\"https:\/\/goias.gov.br\/casacivil\/wp-content\/uploads\/sites\/47\/2023\/08\/Manual_IRRF___PJ_vFinal1-034.pdf\">MANUAL&nbsp;T\u00e9cnico do Imposto de Renda Retido na Fonte<\/a><\/p>\n<p style=\"text-align: left;\"><a href=\"https:\/\/goias.gov.br\/casacivil\/wp-content\/uploads\/sites\/47\/2023\/08\/AdjeHomo-984.pdf\">TERMO DE ADJUDICA\u00c7\u00c3O E HOMOLOGA\u00c7\u00c3O NO D.O.E&nbsp;<\/a><\/p>\n<p style=\"text-align: left;\">&nbsp;<\/p>\n","protected":false},"excerpt":{"rendered":"<p>AVISO DE LICITA\u00c7\u00c3O PREG\u00c3O ELETR\u00d4NICO n.\u00ba&nbsp;002\/2023 &#8211; CASA CIVIL &nbsp; Processo: 202300013001617 &nbsp; Objeto:&nbsp;CONTRATA\u00c7\u00c3O DE EMPRESA ESPECIALIZADA&nbsp;na&nbsp;execu\u00e7\u00e3o de servi\u00e7os de desmontagem e remontagem de divis\u00f3rias por reaproveitamento, instala\u00e7\u00e3o de novas divis\u00f3rias, vidros, pel\u00edculas em vidros, bem como instala\u00e7\u00e3o de cabeamento estruturado e de rede el\u00e9trica, contemplando assim os servi\u00e7os e o fornecimento de todo o [&hellip;]<\/p>\n","protected":false},"author":1218,"featured_media":0,"comment_status":"closed","ping_status":"open","sticky":false,"template":"","format":"standard","meta":{"footnotes":""},"categories":[320],"tags":[],"class_list":["post-24942","post","type-post","status-publish","format-standard","hentry","category-licitacoes-e-contratos"],"rttpg_featured_image_url":null,"rttpg_author":{"display_name":"","author_link":"https:\/\/goias.gov.br\/casacivil\/author\/"},"rttpg_comment":0,"rttpg_category":"<a href=\"https:\/\/goias.gov.br\/casacivil\/categoria\/licitacoes-e-contratos\/\" rel=\"category tag\">Licita\u00e7\u00f5es e contratos<\/a>","rttpg_excerpt":"AVISO DE LICITA\u00c7\u00c3O PREG\u00c3O ELETR\u00d4NICO n.\u00ba&nbsp;002\/2023 &#8211; CASA CIVIL &nbsp; Processo: 202300013001617 &nbsp; Objeto:&nbsp;CONTRATA\u00c7\u00c3O DE EMPRESA ESPECIALIZADA&nbsp;na&nbsp;execu\u00e7\u00e3o de servi\u00e7os de desmontagem e remontagem de divis\u00f3rias por reaproveitamento, instala\u00e7\u00e3o de novas divis\u00f3rias, vidros, pel\u00edculas em vidros, bem como instala\u00e7\u00e3o de cabeamento estruturado e de rede el\u00e9trica, contemplando assim os servi\u00e7os e o fornecimento de todo o&hellip;","_links":{"self":[{"href":"https:\/\/goias.gov.br\/casacivil\/wp-json\/wp\/v2\/posts\/24942","targetHints":{"allow":["GET"]}}],"collection":[{"href":"https:\/\/goias.gov.br\/casacivil\/wp-json\/wp\/v2\/posts"}],"about":[{"href":"https:\/\/goias.gov.br\/casacivil\/wp-json\/wp\/v2\/types\/post"}],"author":[{"embeddable":true,"href":"https:\/\/goias.gov.br\/casacivil\/wp-json\/wp\/v2\/users\/1218"}],"replies":[{"embeddable":true,"href":"https:\/\/goias.gov.br\/casacivil\/wp-json\/wp\/v2\/comments?post=24942"}],"version-history":[{"count":0,"href":"https:\/\/goias.gov.br\/casacivil\/wp-json\/wp\/v2\/posts\/24942\/revisions"}],"wp:attachment":[{"href":"https:\/\/goias.gov.br\/casacivil\/wp-json\/wp\/v2\/media?parent=24942"}],"wp:term":[{"taxonomy":"category","embeddable":true,"href":"https:\/\/goias.gov.br\/casacivil\/wp-json\/wp\/v2\/categories?post=24942"},{"taxonomy":"post_tag","embeddable":true,"href":"https:\/\/goias.gov.br\/casacivil\/wp-json\/wp\/v2\/tags?post=24942"}],"curies":[{"name":"wp","href":"https:\/\/api.w.org\/{rel}","templated":true}]}}