

{"id":23409,"date":"2020-09-29T18:17:57","date_gmt":"2020-09-29T21:17:57","guid":{"rendered":"https:\/\/siteshom.goias.gov.br\/casacivil\/palestra-organizada-pelo-comite-setorial-de-compliance-enfatiza-a-etica-nas-boas-praticas-da-casa-civil\/"},"modified":"2020-09-29T18:17:57","modified_gmt":"2020-09-29T21:17:57","slug":"palestra-organizada-pelo-comite-setorial-de-compliance-enfatiza-a-etica-nas-boas-praticas-da-casa-civil","status":"publish","type":"post","link":"https:\/\/goias.gov.br\/casacivil\/palestra-organizada-pelo-comite-setorial-de-compliance-enfatiza-a-etica-nas-boas-praticas-da-casa-civil\/","title":{"rendered":"Palestra organizada pelo Comit\u00ea Setorial de Compliance enfatiza a \u00e9tica nas boas pr\u00e1ticas da Casa Civil"},"content":{"rendered":"<p><img fetchpriority=\"high\" decoding=\"async\" class=\" size-full wp-image-23408\" src=\"https:\/\/goias.gov.br\/casacivil\/wp-content\/uploads\/sites\/47\/2020\/09\/2909_palestra_tica_site-9ea.png\" alt=\"\" width=\"1789\" height=\"1080\" srcset=\"https:\/\/goias.gov.br\/casacivil\/wp-content\/uploads\/sites\/47\/2020\/09\/2909_palestra_tica_site-9ea.png 1789w, https:\/\/goias.gov.br\/casacivil\/wp-content\/uploads\/sites\/47\/2020\/09\/2909_palestra_tica_site-9ea-300x181.png 300w, https:\/\/goias.gov.br\/casacivil\/wp-content\/uploads\/sites\/47\/2020\/09\/2909_palestra_tica_site-9ea-1024x618.png 1024w, https:\/\/goias.gov.br\/casacivil\/wp-content\/uploads\/sites\/47\/2020\/09\/2909_palestra_tica_site-9ea-768x464.png 768w, https:\/\/goias.gov.br\/casacivil\/wp-content\/uploads\/sites\/47\/2020\/09\/2909_palestra_tica_site-9ea-1536x927.png 1536w\" sizes=\"(max-width: 1789px) 100vw, 1789px\" \/><\/p>\n<p>O Comit&ecirc; Setorial de Compliance P&uacute;blico da Secretaria da Casa Civil do Estado de Goi&aacute;s promoveu nesta ter&ccedil;a-feira (29\/09) a primeira de uma s&eacute;rie de palestras sobre &eacute;tica no setor p&uacute;blico. O evento aconteceu por videoconfer&ecirc;ncia e teve como tema &ldquo;Vamos Falar de &Eacute;tica&rdquo;, com o objetivo de propagar e debater o assunto no trabalho e na sociedade.<\/p>\n<p>A conversa foi ministrada pelo Gerente de Comiss&atilde;o de Defesa Pr&eacute;via da Ag&ecirc;ncia Goiana de Infraestrutura e Transportes (GOINFRA) R&ocirc;mulo C&eacute;sar Barbosa Marques. A introdu&ccedil;&atilde;o foi feita pelo Secret&aacute;rio de Estado da Casa Civil Alan Tavares que agradeceu a disponibilidade do palestrante e tamb&eacute;m a presen&ccedil;a dos mais de 100 servidores online. Na oportunidade foram abordados os conceitos de moral e &eacute;tica, termos que etimologicamente se referem a conduta, mas se diferem por ser a &eacute;tica mais ligada aos princ&iacute;pios e a moral relacionada aos costumes. &ldquo;A conduta &eacute;tica &eacute; intr&iacute;nseca. A &eacute;tica deve partir de n&oacute;s mesmos, n&atilde;o &eacute; problema dos outros&rdquo;, definiu o palestrante.<\/p>\n<p>Ao come&ccedil;ar a palestra, R&ocirc;mulo C&eacute;sar lembrou um fato ocorrido com o do historiador, professor, escritor e palestrante Leandro Karnal sobre uma viagem que ele fez ao Jap&atilde;o para um evento. No caminho da Universidade, no trem, uma das palestrantes que dividiriam o dia com ele esqueceu sua bolsa, com documentos, dinheiro, cart&otilde;es, passaporte e tudo o mais. Ao chegar &agrave; Universidade se deu conta do lapso e desesperada foi &agrave; coordena&ccedil;&atilde;o relatar o caso. Ouviram-na com toda a aten&ccedil;&atilde;o e disseram: &ldquo;Fique tranquila, professora, o trem volta!&rdquo;. Enquanto a palestra deles n&atilde;o come&ccedil;ava o trem chegou ao destino e retornou, pontualmente, como de costume. A Universidade j&aacute; tinha deixado um funcion&aacute;rio, devidamente autorizado pela professora, a pegar a bolsa na esta&ccedil;&atilde;o e trazer para ela. Quando findou sua palestra, foi chamada pela coordena&ccedil;&atilde;o e entregaram-lhe a bolsa, completa, com tudo dentro. Que tinha sido pega pelo funcion&aacute;rio no mesmo assento onde a professora havia esquecido. E ela disse: &ldquo;Nossa!! Ningu&eacute;m pegou? Est&aacute; tudo aqui, meu Deus que maravilha.&rdquo;. Diante da comemora&ccedil;&atilde;o a coordenadora, demonstrando n&atilde;o estar entendendo toda aquela felicidade disse: &ldquo;Mas por que n&atilde;o estaria? &Eacute; sua bolsa, professora.&rdquo;.<\/p>\n<p>Para o palestrante, uma conduta eticamente correta pode ser um tipo de comportamento mediado por princ&iacute;pios e valores morais. Nesse sentido, trata-se de uma reflex&atilde;o sobre a moral, podendo-se afirmar que a &eacute;tica &eacute; a parte da filosofia que estuda a moral, pois reflete e questiona sobre as regras morais. No caso, a &eacute;tica &eacute; um padr&atilde;o de comportamento na qual devemos verificar se nossos servidores p&uacute;blicos est&atilde;o realmente tendo em suas a&ccedil;&otilde;es.<\/p>\n<p>A &eacute;tica, juntamente com a transpar&ecirc;ncia, a responsabiliza&ccedil;&atilde;o e a gest&atilde;o de riscos, e\u0301 um dos eixos do Programa de Compliance Pu\u0301blico (PCP) do Poder Executivo do Estado de Goia\u0301s, lanc\u0327ado em 2019 pelo governador Ronaldo Caiado para ser implantado em todos os o\u0301rga\u0303os estaduais.<\/p>\n<p>A palestra faz parte do atendimento ao Ranking do PCP 2020, que dentre outros quesitos contempla a replica&ccedil;&atilde;o do tema &eacute;tica. Com comit&ecirc;s setoriais em todos &oacute;rg&atilde;os estaduais, o Programa tem ampliado cada vez mais os debates sobre os temas &ldquo;&Eacute;tica&rdquo; e &ldquo;Moral&rdquo; na rotina de seus colaboradores.<\/p>\n<p>Segundo o Superintendente da SLAT (Superintend&ecirc;ncia de Legisla&ccedil;&atilde;o, Atos Oficiais e Assuntos T&eacute;cnicos) e Procurador do Estado de Goi&aacute;s Jorge Lu&iacute;s Pinchemel, palestras como essa em que o Governo do Estado tem promovido dentro do Programa de Compliance P&uacute;blico (PCP) evidencia uma realidade atual em que conceitos como moralidade, comportamento reto, integridade e controle est&atilde;o t&atilde;o em voga. &quot;Serve para aproximar o elemento te&oacute;rico, tantas vezes t&atilde;o distante quando se trata de &eacute;tica, de filosofia, ou a um dever inacess&iacute;vel &agrave; realidade pr&aacute;tica, f&aacute;tica do servidor. Essa aproxima&ccedil;&atilde;o &eacute; de suma import&acirc;ncia para que comportamentos valorados por uma &eacute;tica de conduta tenha uma continuidade, ou seja, criados esses comportamentos a partir da percep&ccedil;&atilde;o de certas condutas n&atilde;o se ad&eacute;qua aquele feixe de princ&iacute;pios que a administra&ccedil;&atilde;o p&uacute;blica tra&ccedil;a como limites, barreiras, fronteiras, como balizas para o comportamento profissional do servidor p&uacute;blico&quot;, explica Pinchemel.<\/p>\n<p>J&aacute; a Superintendente de Gest&atilde;o Integrada da Casa Civil Adriana da Costa Soares destaca a aplica&ccedil;&atilde;o das normas morais e de conduta social aprovadas em conven&ccedil;&otilde;es sociais no campo do servi&ccedil;o p&uacute;blico. &quot;A palestra de hoje representa a ado&ccedil;&atilde;o da integridade p&uacute;blica como princ&iacute;pio de gest&atilde;o, vislumbrando e perseguindo constantemente alinhamento consistente e ades&atilde;o de valores, princ&iacute;pios e normas &eacute;ticas comuns para sustentar e priorizar o interesse p&uacute;blico&quot;.<\/p>\n<p>O palestrante lembrou uma fala do fil&oacute;sofo Mario Sergio Cortella ao dizer que &eacute;tica &eacute; o conjunto de valores e princ&iacute;pios usados para responder a tr&ecirc;s perguntas b&aacute;sicas da vida: quero?; devo?; posso?. Nem tudo que eu quero eu posso; nem tudo que eu posso eu devo; e nem tudo que eu devo eu quero. Voc&ecirc; tem paz de esp&iacute;rito quando aquilo que voc&ecirc; quer &eacute; ao mesmo tempo o que voc&ecirc; pode e o que voc&ecirc; deve.<\/p>\n<p>&quot;Mais do que cuidar de documentos, a Casa Civil quer ouvir o cidad&atilde;o. Isso est&aacute; escrito no site da secretaria e em v&aacute;rios documentos do &oacute;rg&atilde;o. Nada pode ser mais &eacute;tico do que querer manter esse di&aacute;logo no relacionamento com as entidades da sociedade civil e no desempenho de suas atribui&ccedil;&otilde;es constitucionais e legais&quot;, finalizou Marques.<\/p>\n<p>A pr&oacute;xima palestra sobre &eacute;tica promovida pelo Comit&ecirc; Setorial de Compliance P&uacute;blico da Secretaria da Casa Civil do Estado de Goi&aacute;s est&aacute; marcada para acontecer no pr&oacute;ximo dia 7 de outubro, quarta-feira, &agrave;s 10h, com a participa&ccedil;&atilde;o do Procurador-Geral do Estado, Dr. Ant&ocirc;nio Fl&aacute;vio, que abordar&aacute; &#39;&Eacute;tica e Integridade&#39;.<\/p>\n","protected":false},"excerpt":{"rendered":"<p>O Comit&ecirc; Setorial de Compliance P&uacute;blico da Secretaria da Casa Civil do Estado de Goi&aacute;s promoveu nesta ter&ccedil;a-feira (29\/09) a primeira de uma s&eacute;rie de palestras sobre &eacute;tica no setor p&uacute;blico. O evento aconteceu por videoconfer&ecirc;ncia e teve como tema &ldquo;Vamos Falar de &Eacute;tica&rdquo;, com o objetivo de propagar e debater o assunto no trabalho [&hellip;]<\/p>\n","protected":false},"author":1222,"featured_media":23408,"comment_status":"closed","ping_status":"open","sticky":false,"template":"","format":"standard","meta":{"footnotes":""},"categories":[283],"tags":[389,379,378,377],"class_list":["post-23409","post","type-post","status-publish","format-standard","has-post-thumbnail","hentry","category-noticias","tag-comite-setorial-de-compliance-publico","tag-etica","tag-palestra","tag-secretaria-da-casa-civil-do-estado-de-goias"],"rttpg_featured_image_url":{"full":["https:\/\/goias.gov.br\/casacivil\/wp-content\/uploads\/sites\/47\/2020\/09\/2909_palestra_tica_site-9ea.png",1789,1080,false],"landscape":["https:\/\/goias.gov.br\/casacivil\/wp-content\/uploads\/sites\/47\/2020\/09\/2909_palestra_tica_site-9ea.png",1789,1080,false],"portraits":["https:\/\/goias.gov.br\/casacivil\/wp-content\/uploads\/sites\/47\/2020\/09\/2909_palestra_tica_site-9ea.png",1789,1080,false],"thumbnail":["https:\/\/goias.gov.br\/casacivil\/wp-content\/uploads\/sites\/47\/2020\/09\/2909_palestra_tica_site-9ea-150x150.png",150,150,true],"medium":["https:\/\/goias.gov.br\/casacivil\/wp-content\/uploads\/sites\/47\/2020\/09\/2909_palestra_tica_site-9ea-300x181.png",300,181,true],"large":["https:\/\/goias.gov.br\/casacivil\/wp-content\/uploads\/sites\/47\/2020\/09\/2909_palestra_tica_site-9ea-1024x618.png",1024,618,true],"1536x1536":["https:\/\/goias.gov.br\/casacivil\/wp-content\/uploads\/sites\/47\/2020\/09\/2909_palestra_tica_site-9ea-1536x927.png",1536,927,true],"2048x2048":["https:\/\/goias.gov.br\/casacivil\/wp-content\/uploads\/sites\/47\/2020\/09\/2909_palestra_tica_site-9ea.png",1789,1080,false]},"rttpg_author":{"display_name":"","author_link":"https:\/\/goias.gov.br\/casacivil\/author\/"},"rttpg_comment":0,"rttpg_category":"<a href=\"https:\/\/goias.gov.br\/casacivil\/categoria\/noticias\/\" rel=\"category tag\">Not\u00edcias<\/a>","rttpg_excerpt":"O Comit&ecirc; Setorial de Compliance P&uacute;blico da Secretaria da Casa Civil do Estado de Goi&aacute;s promoveu nesta ter&ccedil;a-feira (29\/09) a primeira de uma s&eacute;rie de palestras sobre &eacute;tica no setor p&uacute;blico. O evento aconteceu por videoconfer&ecirc;ncia e teve como tema &ldquo;Vamos Falar de &Eacute;tica&rdquo;, com o objetivo de propagar e debater o assunto no trabalho&hellip;","_links":{"self":[{"href":"https:\/\/goias.gov.br\/casacivil\/wp-json\/wp\/v2\/posts\/23409","targetHints":{"allow":["GET"]}}],"collection":[{"href":"https:\/\/goias.gov.br\/casacivil\/wp-json\/wp\/v2\/posts"}],"about":[{"href":"https:\/\/goias.gov.br\/casacivil\/wp-json\/wp\/v2\/types\/post"}],"author":[{"embeddable":true,"href":"https:\/\/goias.gov.br\/casacivil\/wp-json\/wp\/v2\/users\/1222"}],"replies":[{"embeddable":true,"href":"https:\/\/goias.gov.br\/casacivil\/wp-json\/wp\/v2\/comments?post=23409"}],"version-history":[{"count":0,"href":"https:\/\/goias.gov.br\/casacivil\/wp-json\/wp\/v2\/posts\/23409\/revisions"}],"wp:featuredmedia":[{"embeddable":true,"href":"https:\/\/goias.gov.br\/casacivil\/wp-json\/wp\/v2\/media\/23408"}],"wp:attachment":[{"href":"https:\/\/goias.gov.br\/casacivil\/wp-json\/wp\/v2\/media?parent=23409"}],"wp:term":[{"taxonomy":"category","embeddable":true,"href":"https:\/\/goias.gov.br\/casacivil\/wp-json\/wp\/v2\/categories?post=23409"},{"taxonomy":"post_tag","embeddable":true,"href":"https:\/\/goias.gov.br\/casacivil\/wp-json\/wp\/v2\/tags?post=23409"}],"curies":[{"name":"wp","href":"https:\/\/api.w.org\/{rel}","templated":true}]}}