

{"id":22613,"date":"2015-05-13T05:05:44","date_gmt":"2015-05-13T08:05:44","guid":{"rendered":"https:\/\/siteshom.goias.gov.br\/casacivil\/governador-propoe-intercambio-com-conselho-das-americas\/"},"modified":"2015-05-13T05:05:44","modified_gmt":"2015-05-13T08:05:44","slug":"governador-propoe-intercambio-com-conselho-das-americas","status":"publish","type":"post","link":"https:\/\/goias.gov.br\/casacivil\/governador-propoe-intercambio-com-conselho-das-americas\/","title":{"rendered":"Governador prop\u00f5e interc\u00e2mbio com Conselho das Am\u00e9ricas"},"content":{"rendered":"<p><img decoding=\"async\" src=\"images\/imagens_migradas\/upload\/fotos\/2015-05\/materia.jpg\" alt=\"Gabinete de Imprensa do Governador\" \/><!DOCTYPE html PUBLIC \"-\/\/W3C\/\/DTD HTML 4.0 Transitional\/\/EN\" \"https:\/\/www.w3.org\/TR\/REC-html40\/loose.dtd\"><br \/>\n<html><body><\/p>\n<p><em>Nova York <\/em>&mdash; No segundo dia da miss&atilde;o do Governo de Goi&aacute;s nos Estados Unidos, o governador Marconi Perillo se reuniu nesta ter&ccedil;a-feira (12\/05), em Nova York, com a presidente do <em>Council of Americas<\/em> (Conselho das Am&eacute;ricas), Susan Segal, e prop&ocirc;s a realiza&ccedil;&atilde;o do evento anual da entidade, em 2016, em Goi&acirc;nia.&nbsp;O conselho est&aacute; interessado em aprofundar seu interc&acirc;mbio com o Estado, para conhecer melhor as solu&ccedil;&otilde;es locais que impulsionaram o crescimento da economia e as melhorias dos &iacute;ndices na educa&ccedil;&atilde;o, na sa&uacute;de e na &aacute;rea social.<\/p>\n<p>O&nbsp;Conselho das Am&eacute;ricas tem alto interesse no Brasil pela condi&ccedil;&atilde;o de lideran&ccedil;a do crescimento latino-americano. Segal disse estar principalmente impressionada com&nbsp;os n&uacute;meros do desenvolvimento humano em Goi&aacute;s. O <em>Council of Americas<\/em> dedica boa parte de seus esfor&ccedil;os para envolver mulheres na faixa et&aacute;ria de 18 a 25 anos que passam por dificuldade natural de se manter no mercado de trabalho.<\/p>\n<p>O governador e a comitiva goiana, composta pelos&nbsp;secret&aacute;rios Thiago Peixoto (Segplan), Ana Carla Abr&atilde;o Costa (Fazenda) e Isanulfo Cordeiro (Gabinete de Gest&atilde;o de Assuntos Internacionais), tamb&eacute;m acompanharam a palestra do economista P&eacute;rsio Arida em semin&aacute;rio promovido pelo Banco BTG Pactual. Arida &eacute; considerado um dos maiores especialistas em economia brasileira.<\/p>\n<p>Na noite desta ter&ccedil;a-feira (12\/05), Marconi e comitiva participaram de evento-jantar do&nbsp;2015 <em>Person of the Year Awards<\/em>, que teve como palestrantes deste ano os ex-presidentes do Brasil Fernando Henrique Cardoso e dos Estados Unidos Bill Clinton.<\/p>\n<p><strong>Pol&iacute;tica e ajuste fiscal<\/strong><br \/>Ainda na busca de solu&ccedil;&otilde;es para o novo momento econ&ocirc;mico, o governador voltou a se encontrar com estudiosos e especialistas em pol&iacute;ticas fiscais que estudam unidades federativas que tenham enfrentado o fim dos incentivos regionais, como parece ser o destino de Goi&aacute;s. Marconi e a comitiva foram &agrave; Universidade de Columbia para tratar do assunto. Encontraram-se com o professor Erik Verhoogen, que pesquisa o tema desde 2012.<\/p>\n<p>Para&nbsp;Verhoogen, uma das sa&iacute;das &eacute; o est&iacute;mulo &agrave; prolifera&ccedil;&atilde;o&nbsp;de neg&oacute;cios de pequeno e m&eacute;dio portes que produzam mat&eacute;rias-primas e servi&ccedil;os para os grandes projetos industriais e comerciais, como contrapartida ao fim dos incentivos fiscais de forma individual.<\/p>\n<p>Nestes dois dias de miss&atilde;o, o governador procurou compreender como os norte-americanos enfrentaram a &uacute;ltima crise econ&ocirc;mica e como veem, agora, a fase de fortes ajustes atravessada pelo Brasil. Nos encontros, ele disse que, apesar de Goi&aacute;s ter se antecipado &agrave;s dificuldades, o Estado tamb&eacute;m vem sofrendo as consequ&ecirc;ncias da crise nacional brasileira, que afeta o consumo, a renda e os empregos da popula&ccedil;&atilde;o local. O governador defendeu as medidas adotadas pelo ministro Joaquim Levy e disse acreditar na efic&aacute;cia delas.<\/p>\n<p><strong>FONTE: Gabinete de Gest&atilde;o de Imprensa do Governador de Goi&aacute;s<\/strong><\/p>\n<p><\/body><\/html><\/p>\n","protected":false},"excerpt":{"rendered":"<p>Nova York &mdash; No segundo dia da miss&atilde;o do Governo de Goi&aacute;s nos Estados Unidos, o governador Marconi Perillo se reuniu nesta ter&ccedil;a-feira (12\/05), em Nova York, com a presidente do Council of Americas (Conselho das Am&eacute;ricas), Susan Segal, e prop&ocirc;s a realiza&ccedil;&atilde;o do evento anual da entidade, em 2016, em Goi&acirc;nia.&nbsp;O conselho est&aacute; interessado [&hellip;]<\/p>\n","protected":false},"author":7,"featured_media":0,"comment_status":"closed","ping_status":"open","sticky":false,"template":"","format":"standard","meta":{"footnotes":""},"categories":[283],"tags":[],"class_list":["post-22613","post","type-post","status-publish","format-standard","hentry","category-noticias"],"rttpg_featured_image_url":null,"rttpg_author":{"display_name":"gustavogoncalves","author_link":"https:\/\/goias.gov.br\/casacivil\/author\/gustavogoncalves\/"},"rttpg_comment":0,"rttpg_category":"<a href=\"https:\/\/goias.gov.br\/casacivil\/categoria\/noticias\/\" rel=\"category tag\">Not\u00edcias<\/a>","rttpg_excerpt":"Nova York &mdash; No segundo dia da miss&atilde;o do Governo de Goi&aacute;s nos Estados Unidos, o governador Marconi Perillo se reuniu nesta ter&ccedil;a-feira (12\/05), em Nova York, com a presidente do Council of Americas (Conselho das Am&eacute;ricas), Susan Segal, e prop&ocirc;s a realiza&ccedil;&atilde;o do evento anual da entidade, em 2016, em Goi&acirc;nia.&nbsp;O conselho est&aacute; interessado&hellip;","_links":{"self":[{"href":"https:\/\/goias.gov.br\/casacivil\/wp-json\/wp\/v2\/posts\/22613","targetHints":{"allow":["GET"]}}],"collection":[{"href":"https:\/\/goias.gov.br\/casacivil\/wp-json\/wp\/v2\/posts"}],"about":[{"href":"https:\/\/goias.gov.br\/casacivil\/wp-json\/wp\/v2\/types\/post"}],"author":[{"embeddable":true,"href":"https:\/\/goias.gov.br\/casacivil\/wp-json\/wp\/v2\/users\/7"}],"replies":[{"embeddable":true,"href":"https:\/\/goias.gov.br\/casacivil\/wp-json\/wp\/v2\/comments?post=22613"}],"version-history":[{"count":0,"href":"https:\/\/goias.gov.br\/casacivil\/wp-json\/wp\/v2\/posts\/22613\/revisions"}],"wp:attachment":[{"href":"https:\/\/goias.gov.br\/casacivil\/wp-json\/wp\/v2\/media?parent=22613"}],"wp:term":[{"taxonomy":"category","embeddable":true,"href":"https:\/\/goias.gov.br\/casacivil\/wp-json\/wp\/v2\/categories?post=22613"},{"taxonomy":"post_tag","embeddable":true,"href":"https:\/\/goias.gov.br\/casacivil\/wp-json\/wp\/v2\/tags?post=22613"}],"curies":[{"name":"wp","href":"https:\/\/api.w.org\/{rel}","templated":true}]}}