

{"id":547,"date":"2018-01-31T09:01:28","date_gmt":"2018-01-31T11:01:28","guid":{"rendered":"https:\/\/siteshom.goias.gov.br\/agrodefesa\/portarias-reenquadramento\/"},"modified":"2018-01-31T09:01:28","modified_gmt":"2018-01-31T11:01:28","slug":"portarias-reenquadramento","status":"publish","type":"post","link":"https:\/\/goias.gov.br\/agrodefesa\/portarias-reenquadramento\/","title":{"rendered":"Portarias de Reenquadramento, Progress\u00e3o e Promo\u00e7\u00e3o"},"content":{"rendered":"<p><span style=\"font-size: 12px;\">A Agrodefesa torna p&uacute;blico as Portarias n&deg;s 698, 699, 700, 701, 702, 703, 704, 705, 706, 707, 708, 709, 710, 830, 831, 832\/2017 relativas ao Reenquadramento, Progress&atilde;o e Promo&ccedil;&atilde;o dos servidores de seu quadro de pessoal, em aten&ccedil;ao &agrave; Lei n&deg;19.740 alteradfa pela Lei Esatadual n&deg; 19.866 de 16\/10\/2017.<\/span><\/p>\n<p><b>AGENTE DE FISCALIZA&Ccedil;&Atilde;O AGROPECU&Aacute;RIA:<\/b><\/p>\n<p><a href=\"https:\/\/goias.gov.br\/agrodefesa\/wp-content\/uploads\/sites\/49\/2018\/01\/PT7262010PROGRESSAOFUNCIONAL-4f5.pdf\" id=\"\" style=\"\" target=\"\" title=\"\" rel=\"noopener\">PT. N&ordm; 726\/2010 &#8211; Progress&atilde;o Funcional<\/a><br \/>\n<a href=\"https:\/\/goias.gov.br\/agrodefesa\/wp-content\/uploads\/sites\/49\/2018\/01\/PT7022017CONCEDERAGENTEDEFISCALIZACAO1PROGRESSAO2013-447.pdf\" id=\"\" style=\"\" target=\"\" title=\"\" rel=\"noopener\">PT. N&ordm; 702\/2017 &#8211; 1&ordf; Progress&atilde;o &#8211; 2013<\/a><\/p>\n<p><a href=\"https:\/\/goias.gov.br\/agrodefesa\/wp-content\/uploads\/sites\/49\/2018\/01\/PT7032017CONCEDERAGENTEDEFISCALIZACAO2PROGRESSAO2016-460.pdf\" id=\"\" style=\"\" target=\"\" title=\"\" rel=\"noopener\">PT. N&ordm; 703\/2017 &#8211; 2&ordf; Progress&atilde;o &#8211; 2016<\/a><br \/>\n<a href=\"https:\/\/goias.gov.br\/agrodefesa\/wp-content\/uploads\/sites\/49\/2018\/01\/PT7042017CONCEDERAGENTEDEFISCALIZACAONOVACLASSE2017-94e.pdf\" id=\"\" style=\"\" target=\"\" title=\"\" rel=\"noopener\">PT. N&ordm; 704\/2017 &#8211; NOVA CLASSE<\/a><br \/>\n<a href=\"https:\/\/goias.gov.br\/agrodefesa\/wp-content\/uploads\/sites\/49\/2018\/01\/PT7052017CONCEDERAGENTEDEFISCALIZACAOAPOSENTADOSPROGRESSAOFUNCIONALNOVACLASSE-e43.pdf\" id=\"\" style=\"\" target=\"\" title=\"\" rel=\"noopener\">PT. N&ordm; 705\/2017 &#8211; APOSENTADOS &#8211; NOVA CLASSE<\/a><br \/>\n<a href=\"https:\/\/goias.gov.br\/agrodefesa\/wp-content\/uploads\/sites\/49\/2018\/01\/PT8312017REENQUADRAMENTOFUNCIONALAOSAGENTESDEFISCALIZACAOAGROPECUARIA-ebc.pdf\" id=\"\" style=\"\" target=\"\" title=\"\" rel=\"noopener\">PT. N&ordm; 831\/2017 &#8211; Reenquadramento<\/a><\/p>\n<p><a href=\"https:\/\/goias.gov.br\/agrodefesa\/wp-content\/uploads\/sites\/49\/2018\/01\/PORTARIA3012022PROGRESSao-8d1.pdf\" id=\"\" style=\"\" target=\"\" title=\"\" rel=\"noopener\">PT. N&ordm; 301\/2022 &#8211; Progress&atilde;o Funcional dos Agentes<\/a><\/p>\n<p>&nbsp;<\/p>\n<p><font size=\"4\"><b>FISCAL ESTADUAL AGROPECU&Aacute;RIO:<\/b><\/font><\/p>\n<p><a href=\"https:\/\/goias.gov.br\/agrodefesa\/wp-content\/uploads\/sites\/49\/2018\/01\/PT354-e58.pdf\" id=\"\" style=\"\" target=\"\" title=\"\" rel=\"noopener\">PT. N&ordm; 354\/2010 &#8211; Progress&atilde;o Funcional<\/a><\/p>\n<p><a href=\"https:\/\/goias.gov.br\/agrodefesa\/wp-content\/uploads\/sites\/49\/2018\/01\/PT698-058.pdf\" id=\"\" style=\"\" target=\"\" title=\"\" rel=\"noopener\">PT. N&ordm; 698\/2017 &#8211; 1&ordf; Progress&atilde;o &#8211; 2013<\/a><\/p>\n<p><a href=\"https:\/\/goias.gov.br\/agrodefesa\/wp-content\/uploads\/sites\/49\/2018\/01\/PT699-38e.pdf\" id=\"\" style=\"\" target=\"\" title=\"\" rel=\"noopener\">PT. N&ordm; 699\/2017 &#8211; 2&ordf; Progress&atilde;o &#8211; 2016<\/a><\/p>\n<p><a href=\"https:\/\/goias.gov.br\/agrodefesa\/wp-content\/uploads\/sites\/49\/2018\/01\/PT700-1-9a9.pdf\" id=\"\" style=\"\" target=\"\" title=\"\" rel=\"noopener\">PT. N&ordm; 700\/2017 &#8211; Reenquadramento &#8211; NOVA CLASSE<\/a><\/p>\n<p><a href=\"https:\/\/goias.gov.br\/agrodefesa\/wp-content\/uploads\/sites\/49\/2018\/01\/PT701-89e.pdf\" id=\"\" style=\"\" target=\"\" title=\"\" rel=\"noopener\">PT. N&ordm; 701\/2017 &#8211; Reenquadramento APOSENTADOS &#8211; NOVA CLASSE<\/a><\/p>\n<p><a href=\"https:\/\/goias.gov.br\/agrodefesa\/wp-content\/uploads\/sites\/49\/2018\/01\/PT830-c45.pdf\" id=\"\" style=\"\" target=\"\" title=\"\" rel=\"noopener\">PT. N&ordm; 830\/2017 &#8211; Reenquadramento APOSENTADOS<\/a><\/p>\n<p><a href=\"https:\/\/goias.gov.br\/agrodefesa\/wp-content\/uploads\/sites\/49\/2018\/01\/PT302FISCAIS-cfb.pdf\" id=\"\" style=\"\" target=\"\" title=\"\" rel=\"noopener\">PT. N&ordm; 302\/2022 &#8211; Progress&atilde;o Funcional dos Fiscais<\/a><\/p>\n<p>&nbsp;<\/p>\n<p><font size=\"4\"><b>ASSISTENTE, AUXILIAR E ANALISTA DE GEST&Atilde;O ADMINISTRATIVA:<\/b><\/font><\/p>\n<p><a href=\"https:\/\/goias.gov.br\/agrodefesa\/wp-content\/uploads\/sites\/49\/2018\/01\/PT380ADMIN-36a.pdf\" id=\"\" style=\"\" target=\"\" title=\"\" rel=\"noopener\">PT. N&ordm; 380\/2017 &#8211; Progress&atilde;o Funcional &#8211; 2012<\/a><\/p>\n<p><a href=\"https:\/\/goias.gov.br\/agrodefesa\/wp-content\/uploads\/sites\/49\/2018\/01\/PT381ADMIN-d96.pdf\" id=\"\" style=\"\" target=\"\" title=\"\" rel=\"noopener\">PT. N&ordm; 381\/2017 &#8211; Progress&atilde;o Funcional &#8211; 2014<\/a><\/p>\n<p><a href=\"https:\/\/goias.gov.br\/agrodefesa\/wp-content\/uploads\/sites\/49\/2018\/01\/PT382ADMIN-325.pdf\" id=\"\" style=\"\" target=\"\" title=\"\" rel=\"noopener\">PT. N&ordm; 382\/2017 &#8211; Progress&atilde;o Funcional &#8211; 2016<\/a><\/p>\n<p><a href=\"https:\/\/goias.gov.br\/agrodefesa\/wp-content\/uploads\/sites\/49\/2018\/01\/PT706ADMIN-827.pdf\" id=\"\" style=\"\" target=\"\" title=\"\" rel=\"noopener\">PT. N&ordm; 706\/2017 &#8211; Progress&atilde;o Funcional APOSENTADOS &#8211; NOVA CLASSE<\/a><\/p>\n<p><a href=\"https:\/\/goias.gov.br\/agrodefesa\/wp-content\/uploads\/sites\/49\/2018\/01\/PT707ADMIN-1-e16.pdf\" id=\"\" style=\"\" target=\"\" title=\"\" rel=\"noopener\">PT. N&ordm; 707\/2017 &#8211; Progress&atilde;o Funcional Assistentes de Gest&atilde;o ADM &#8211; CLT<\/a><\/p>\n<p><a href=\"https:\/\/goias.gov.br\/agrodefesa\/wp-content\/uploads\/sites\/49\/2018\/01\/PT708ADMIN-9cb.pdf\" id=\"\" style=\"\" target=\"\" title=\"\" rel=\"noopener\">PT. N&ordm; 708\/2017 &#8211; Progress&atilde;o Funcional CLT &#8211; BI, BII &#8211; 2014<\/a><\/p>\n<p><a href=\"https:\/\/goias.gov.br\/agrodefesa\/wp-content\/uploads\/sites\/49\/2018\/01\/PT709ADMIN-737.pdf\" id=\"\" style=\"\" target=\"\" title=\"\" rel=\"noopener\">PT. N&ordm; 709\/2017 &#8211; Progress&atilde;o Funcional Administrativos, Auxiliares e Analistas &#8211; CLT e Estatut&aacute;rios &#8211; 2016<\/a><\/p>\n<p><a href=\"https:\/\/goias.gov.br\/agrodefesa\/wp-content\/uploads\/sites\/49\/2018\/01\/PT710ADMIN-4ee.pdf\" id=\"\" style=\"\" target=\"\" title=\"\" rel=\"noopener\">PT. N&ordm; 710\/2017 &#8211; Reenquadramento Administrativos, Auxiliares e Analistas<\/a><\/p>\n<p><a href=\"https:\/\/goias.gov.br\/agrodefesa\/wp-content\/uploads\/sites\/49\/2018\/01\/PT832ADMIN-60e.pdf\" id=\"\" style=\"\" target=\"\" title=\"\" rel=\"noopener\">PT. N&ordm; 832\/2017 &#8211; Reenquadramento Administrativos, Auxiliares e Analistas APOSENTADOS<\/a><\/p>\n<p><a href=\"https:\/\/goias.gov.br\/agrodefesa\/wp-content\/uploads\/sites\/49\/2018\/01\/PT300ADMIN-8c6.pdf\" id=\"\" style=\"\" target=\"\" title=\"\" rel=\"noopener\">PT. N&ordm; 300\/2022 &#8211; Progress&atilde;o Funcional Administrativos<\/a><\/p>\n<p>&nbsp;<\/p>\n<p><a href=\"https:\/\/goias.gov.br\/agrodefesa\/wp-content\/uploads\/sites\/49\/2018\/01\/PT354FISCAL-872.pdf\" id=\"\" style=\"\" target=\"\" title=\"\" rel=\"noopener\">PT.&nbsp;354\/2010 &#8211; CONCEDER &#8211; FISCAL ESTADUAL AGROPECU&Aacute;RIO &#8211; PROGRESS&Atilde;O FUNCIONAL<\/a><\/p>\n<p><a href=\"https:\/\/goias.gov.br\/agrodefesa\/wp-content\/uploads\/sites\/49\/2018\/01\/pt_-698-conceder-fiscal-estadual-agropecuArio-1o_-progressAo-2013-ad0.pdf\">PT. 698 &#8211; CONCEDER &#8211; FISCAL ESTADUAL AGROPECU&Aacute;RIO &#8211; 1&ordm; PROGRESS&Atilde;O &#8211; 2013<\/a><\/p>\n<p><a href=\"https:\/\/goias.gov.br\/agrodefesa\/wp-content\/uploads\/sites\/49\/2018\/01\/pt_-699-conceder-fiscal-estadual-agropecuArio-2a_-progressAo-2016-e80.pdf\">PT. 699 &#8211; CONCEDER &#8211; FISCAL ESTADUAL AGROPECU&Aacute;RIO &#8211; 2&ordf; PROGRESS&Atilde;O &#8211; 2016<\/a><\/p>\n<p><a href=\"https:\/\/goias.gov.br\/agrodefesa\/wp-content\/uploads\/sites\/49\/2018\/01\/pt_-700-conceder-fiscal-estadual-agropecuArio-nova-classe-2017-9f2.pdf\">PT. 700 &#8211; CONCEDER &#8211; FISCAL ESTADUAL AGROPECU&Aacute;RIO &#8211; NOVA CLASSE &#8211; 2017<\/a><\/p>\n<p><a href=\"https:\/\/goias.gov.br\/agrodefesa\/wp-content\/uploads\/sites\/49\/2018\/01\/pt_-701-conceder-fiscal-estadual-agropecuArio-aposentados-nova-classe-copia1-5b0.pdf\">PT. 701 &#8211; CONCEDER &#8211; FISCAL ESTADUAL AGROPECU&Aacute;RIO &#8211; APOSENTADOS &#8211; NOVA CLASSE <\/a><\/p>\n<p><a href=\"https:\/\/goias.gov.br\/agrodefesa\/wp-content\/uploads\/sites\/49\/2018\/01\/pt_-702-conceder-agente-de-fiscalizaCAo-1a_-progressAo-9fe.pdf\">PT. 702 &#8211; CONCEDER &#8211; AGENTE DE FISCALIZA&Ccedil;&Atilde;O &#8211; 1&ordf; PROGRESS&Atilde;O<\/a><\/p>\n<p><a href=\"https:\/\/goias.gov.br\/agrodefesa\/wp-content\/uploads\/sites\/49\/2018\/01\/pt_-703-conceder-agente-de-fiscalizaCAo-2a_-progressAo1-7af.pdf\">PT. 703 &#8211; CONCEDER &#8211; AGENTE DE FISCALIZA&Ccedil;&Atilde;O &#8211; 2&ordf; PROGRESS&Atilde;O<\/a><\/p>\n<p><a href=\"https:\/\/goias.gov.br\/agrodefesa\/wp-content\/uploads\/sites\/49\/2018\/01\/pt_-704-conceder-agente-de-fiscaliuzaCAo-nova-classe-2017-cf4.pdf\">PT. 704 &#8211; CONCEDER &#8211; AGENTE DE FISCALIUZA&Ccedil;&Atilde;O &#8211; NOVA CLASSE &#8211; 2017<\/a><\/p>\n<p><a href=\"https:\/\/goias.gov.br\/agrodefesa\/wp-content\/uploads\/sites\/49\/2018\/01\/pt_-705-conceder-agente-de-fiscalizaCAo-aposentados-progressAo-funcional-nova-classe-228.pdf\">PT. 705 &#8211; CONCEDER &#8211; AGENTE DE FISCALIZA&Ccedil;&Atilde;O &#8211; APOSENTADOS &#8211; PROGRESS&Atilde;O FUNCIONAL &#8211; NOVA CLASSE<\/a><\/p>\n<p><a href=\"https:\/\/goias.gov.br\/agrodefesa\/wp-content\/uploads\/sites\/49\/2018\/01\/pt_-706-conceder-administrativos-aposentados-progressAo-funcional-nova-classe-819.pdf\">PT. 706 &#8211; CONCEDER &#8211; ADMINISTRATIVOS &#8211; APOSENTADOS &#8211; PROGRESS&Atilde;O FUNCIONAL &#8211; NOVA CLASSE<\/a><\/p>\n<p><a href=\"https:\/\/goias.gov.br\/agrodefesa\/wp-content\/uploads\/sites\/49\/2018\/01\/pt_-707-conceder-auxiliar-assistente-analista-2012-promoCAo-funcional-5d8.pdf\">PT. 707 &#8211; CONCEDER &#8211; AUXILIAR ASSISTENTE ANALISTA &#8211; 2012 &#8211; PROMO&Ccedil;&Atilde;O FUNCIONAL<\/a><\/p>\n<p><a href=\"https:\/\/goias.gov.br\/agrodefesa\/wp-content\/uploads\/sites\/49\/2018\/01\/pt_-708-conceder-celetista-progressAo-funcional-bi-bii-2014-ece.pdf\">PT. 708 &#8211; CONCEDER &#8211; CELETISTA &#8211; PROGRESS&Atilde;O FUNCIONAL &#8211; BI BII &#8211; 2014<\/a><\/p>\n<p><a href=\"https:\/\/goias.gov.br\/agrodefesa\/wp-content\/uploads\/sites\/49\/2018\/01\/pt_-709-conceder-auxiliar-assistente-analista-2016-progressAo-funcional-595.pdf\">PT. 709 &#8211; CONCEDER &#8211; AUXILIAR ASSISTENTE ANALISTA &#8211; 2016 &#8211; PROGRESS&Atilde;O FUNCIONAL<\/a><\/p>\n<p><a href=\"https:\/\/goias.gov.br\/agrodefesa\/wp-content\/uploads\/sites\/49\/2018\/01\/pt_-710-conceder-auxiliar-assistente-analista-reenquadramento-2017-b9a.pdf\">PT. 710 &#8211; CONCEDER &#8211; AUXILIAR ASSISTENTE ANALISTA &#8211; REENQUADRAMENTO 2017<\/a><\/p>\n<p><a href=\"https:\/\/goias.gov.br\/agrodefesa\/wp-content\/uploads\/sites\/49\/2018\/01\/pt_-830-conceder-reenquadramento-funcional-aos-fiscais-estaduais-5f7.pdf\">PT. 830 &#8211; CONCEDER REENQUADRAMENTO FUNCIONAL AOS FISCAIS ESTADUAIS<\/a><\/p>\n<p><a href=\"https:\/\/goias.gov.br\/agrodefesa\/wp-content\/uploads\/sites\/49\/2018\/01\/pt_-831-conceder-reenquadramento-funcional-aos-agentes-de-fiscalizaCAo-agropecuaria-609.pdf\">PT. 831 &#8211; CONCEDER REENQUADRAMENTO FUNCIONAL AOS AGENTES DE FISCALIZA&Ccedil;&Atilde;O AGROPECUARIA<\/a><\/p>\n<p><a href=\"https:\/\/goias.gov.br\/agrodefesa\/wp-content\/uploads\/sites\/49\/2018\/01\/pt_-832-conceder-reenquamento-aos-ausiliares-assistente-e-analista-de-gestAo-administrativa1-90f.pdf\">PT. 832 &#8211; CONCEDER REENQUAMENTO AOS AUXILIARES &#8211; ASSISTENTE E ANALISTA DE GEST&Atilde;O ADMINISTRATIVA<\/a><\/p>\n","protected":false},"excerpt":{"rendered":"<p>A Agrodefesa torna p&uacute;blico as Portarias n&deg;s 698, 699, 700, 701, 702, 703, 704, 705, 706, 707, 708, 709, 710, 830, 831, 832\/2017 relativas ao Reenquadramento, Progress&atilde;o e Promo&ccedil;&atilde;o dos servidores de seu quadro de pessoal, em aten&ccedil;ao &agrave; Lei n&deg;19.740 alteradfa pela Lei Esatadual n&deg; 19.866 de 16\/10\/2017. AGENTE DE FISCALIZA&Ccedil;&Atilde;O AGROPECU&Aacute;RIA: PT. N&ordm; [&hellip;]<\/p>\n","protected":false},"author":7,"featured_media":0,"comment_status":"closed","ping_status":"open","sticky":false,"template":"","format":"standard","meta":{"footnotes":""},"categories":[3],"tags":[],"class_list":["post-547","post","type-post","status-publish","format-standard","hentry","category-noticias"],"rttpg_featured_image_url":null,"rttpg_author":{"display_name":"gustavogoncalves","author_link":"https:\/\/goias.gov.br\/agrodefesa\/author\/gustavogoncalves\/"},"rttpg_comment":0,"rttpg_category":"<a href=\"https:\/\/goias.gov.br\/agrodefesa\/categoria\/noticias\/\" rel=\"category tag\">Not\u00edcias<\/a>","rttpg_excerpt":"A Agrodefesa torna p&uacute;blico as Portarias n&deg;s 698, 699, 700, 701, 702, 703, 704, 705, 706, 707, 708, 709, 710, 830, 831, 832\/2017 relativas ao Reenquadramento, Progress&atilde;o e Promo&ccedil;&atilde;o dos servidores de seu quadro de pessoal, em aten&ccedil;ao &agrave; Lei n&deg;19.740 alteradfa pela Lei Esatadual n&deg; 19.866 de 16\/10\/2017. AGENTE DE FISCALIZA&Ccedil;&Atilde;O AGROPECU&Aacute;RIA: PT. N&ordm;&hellip;","_links":{"self":[{"href":"https:\/\/goias.gov.br\/agrodefesa\/wp-json\/wp\/v2\/posts\/547","targetHints":{"allow":["GET"]}}],"collection":[{"href":"https:\/\/goias.gov.br\/agrodefesa\/wp-json\/wp\/v2\/posts"}],"about":[{"href":"https:\/\/goias.gov.br\/agrodefesa\/wp-json\/wp\/v2\/types\/post"}],"author":[{"embeddable":true,"href":"https:\/\/goias.gov.br\/agrodefesa\/wp-json\/wp\/v2\/users\/7"}],"replies":[{"embeddable":true,"href":"https:\/\/goias.gov.br\/agrodefesa\/wp-json\/wp\/v2\/comments?post=547"}],"version-history":[{"count":0,"href":"https:\/\/goias.gov.br\/agrodefesa\/wp-json\/wp\/v2\/posts\/547\/revisions"}],"wp:attachment":[{"href":"https:\/\/goias.gov.br\/agrodefesa\/wp-json\/wp\/v2\/media?parent=547"}],"wp:term":[{"taxonomy":"category","embeddable":true,"href":"https:\/\/goias.gov.br\/agrodefesa\/wp-json\/wp\/v2\/categories?post=547"},{"taxonomy":"post_tag","embeddable":true,"href":"https:\/\/goias.gov.br\/agrodefesa\/wp-json\/wp\/v2\/tags?post=547"}],"curies":[{"name":"wp","href":"https:\/\/api.w.org\/{rel}","templated":true}]}}