

{"id":45993,"date":"2026-04-06T09:30:00","date_gmt":"2026-04-06T12:30:00","guid":{"rendered":"https:\/\/goias.gov.br\/agrodefesa\/?p=45993"},"modified":"2026-04-07T15:43:39","modified_gmt":"2026-04-07T18:43:39","slug":"correcao-exigencia-de-exames-negativos-de-brucelose-e-tuberculose-para-movimentacao-de-gado-destinado-a-reproducao-vale-apenas-para-transito-interestadual","status":"publish","type":"post","link":"https:\/\/goias.gov.br\/agrodefesa\/correcao-exigencia-de-exames-negativos-de-brucelose-e-tuberculose-para-movimentacao-de-gado-destinado-a-reproducao-vale-apenas-para-transito-interestadual\/","title":{"rendered":"CORRE\u00c7\u00c3O: Exig\u00eancia de exames negativos de brucelose e tuberculose para movimenta\u00e7\u00e3o de gado destinado \u00e0 reprodu\u00e7\u00e3o vale apenas para tr\u00e2nsito interestadual"},"content":{"rendered":"\n<p><em>Agrodefesa retifica informa\u00e7\u00e3o divulgada na \u00faltima segunda-feira (7\/4). \u201cN\u00e3o h\u00e1 imposi\u00e7\u00e3o de nova exig\u00eancia ou custo a mais ao produtor\u201d, garante o presidente da Ag\u00eancia<\/em><\/p>\n\n\n\n<figure class=\"wp-block-image size-large\"><img fetchpriority=\"high\" decoding=\"async\" width=\"1280\" height=\"720\" src=\"https:\/\/goias.gov.br\/agrodefesa\/wp-content\/uploads\/sites\/49\/2026\/03\/Rebanho-Credito-Bruno-Rodrigues-edited.jpeg\" alt=\"\" class=\"wp-image-46034\" srcset=\"https:\/\/goias.gov.br\/agrodefesa\/wp-content\/uploads\/sites\/49\/2026\/03\/Rebanho-Credito-Bruno-Rodrigues-edited.jpeg 1280w, https:\/\/goias.gov.br\/agrodefesa\/wp-content\/uploads\/sites\/49\/2026\/03\/Rebanho-Credito-Bruno-Rodrigues-edited-300x169.jpeg 300w, https:\/\/goias.gov.br\/agrodefesa\/wp-content\/uploads\/sites\/49\/2026\/03\/Rebanho-Credito-Bruno-Rodrigues-edited-1024x576.jpeg 1024w, https:\/\/goias.gov.br\/agrodefesa\/wp-content\/uploads\/sites\/49\/2026\/03\/Rebanho-Credito-Bruno-Rodrigues-edited-768x432.jpeg 768w\" sizes=\"(max-width: 1280px) 100vw, 1280px\" \/><figcaption class=\"wp-element-caption\"><em>Iniciativa refor\u00e7a preven\u00e7\u00e3o e controle de doen\u00e7as no rebanho goiano (Foto: Bruno Rodrigues\/Agrodefesa)<\/em><\/figcaption><\/figure>\n\n\n\n<p>A Ag\u00eancia Goiana de Defesa Agropecu\u00e1ria (Agrodefesa) informa que, diferente do que foi divulgado na \u00faltima segunda-feira (7\/4), a obrigatoriedade da apresenta\u00e7\u00e3o de exames para brucelose e tuberculose bovina de bovinos e bubalinos destinados \u00e0 reprodu\u00e7\u00e3o segue v\u00e1lida apenas para movimenta\u00e7\u00f5es entre unidades da federa\u00e7\u00e3o, ou seja, para o tr\u00e2nsito interestadual, conforme previsto na <a href=\"https:\/\/goias.gov.br\/agrodefesa\/wp-content\/uploads\/sites\/49\/2025\/05\/SEI_GOVERNADORIA-Instrucao-Normativa-no-2-2025.pdf\" target=\"_blank\" rel=\"noreferrer noopener\">Instru\u00e7\u00e3o Normativa n\u00ba 02\/2025<\/a> da Agrodefesa e na <a href=\"https:\/\/www.gov.br\/agricultura\/pt-br\/assuntos\/sanidade-animal-e-vegetal\/saude-animal\/programas-de-saude-animal\/pncebt\/principais-normas-pncebt\/in-10-de-3-de-marco-de-2017-aprova-o-regulamento-tecnico-do-pncebt.pdf\" target=\"_blank\" rel=\"noreferrer noopener\">Instru\u00e7\u00e3o Normativa n\u00ba 10\/2017<\/a> do Minist\u00e9rio da Agricultura e Pecu\u00e1ria (Mapa).<\/p>\n\n\n\n<p>\u201cEstamos intensificando o combate \u00e0 brucelose e \u00e0 tuberculose bovina em todo o estado, mas com a\u00e7\u00f5es educativas e mantendo a fiscaliza\u00e7\u00e3o sobre as exig\u00eancias em vigor. N\u00e3o h\u00e1 altera\u00e7\u00e3o no sentido de impor uma nova exig\u00eancia ou um custo a mais ao produtor\u201d, esclarece o presidente da Agrodefesa, Jos\u00e9 Ricardo Caixeta Ramos. \u201cA exig\u00eancia de atestados negativos e dentro do prazo de validade j\u00e1 \u00e9 uma realidade para a movimenta\u00e7\u00e3o de animais entre estados, e tamb\u00e9m para aglomera\u00e7\u00f5es dentro do estado de Goi\u00e1s, h\u00e1 muitos anos. Isso continua valendo, sem nenhuma altera\u00e7\u00e3o, como medida de preven\u00e7\u00e3o e controle sanit\u00e1rio\u201d, completa ele.<\/p>\n\n\n\n<p>Conforme a IN 02\/2025, os atestados t\u00eam validade de 60 dias, contados a partir da data da coleta de sangue para diagn\u00f3stico de brucelose e da realiza\u00e7\u00e3o do teste para tuberculose. No caso da brucelose, a normativa especifica os seguintes crit\u00e9rios: a partir de oito meses, devem ser testadas as f\u00eameas n\u00e3o vacinadas com B19, e\/ou vacinadas com RB51, e machos; para f\u00eameas vacinadas com B-19, o teste s\u00f3 pode ser realizado a partir dos 24 meses. J\u00e1 o teste para diagn\u00f3stico de tuberculose \u00e9 obrigat\u00f3rio para bovinos e bubalinos com idade igual ou superior a seis semanas.<\/p>\n\n\n\n<p><strong>Casos positivos<br><\/strong>Ainda segundo a IN 02\/2025, o tr\u00e2nsito de animais com resultado positivo para brucelose e tuberculose \u00e9 proibido, exceto quando destinados ao abate. Os animais positivos devem ser identificados pelo m\u00e9dico-veterin\u00e1rio respons\u00e1vel (com um &#8220;P&#8221; dentro de um c\u00edrculo), isolados do restante do rebanho e retirados imediatamente da produ\u00e7\u00e3o leiteira. Os abates sanit\u00e1rios devem ocorrer at\u00e9 30 dias ap\u00f3s o diagn\u00f3stico, em estabelecimento com Servi\u00e7o de Inspe\u00e7\u00e3o Oficial, podendo alternativamente ser realizada a eutan\u00e1sia no pr\u00f3prio local, sob supervis\u00e3o da Agrodefesa.<\/p>\n\n\n\n<p><strong>Recomenda\u00e7\u00e3o<\/strong><br>O diretor de Defesa Agropecu\u00e1ria da Agrodefesa, Rafael Vieira, lembra que a brucelose e a tuberculose bovina s\u00e3o doen\u00e7as infecciosas importantes e devem sem controladas e monitoradas nas propriedades. \u201cAo adquirir animais, \u00e9 prudente que os propriet\u00e1rios busquem conhecer a sa\u00fade dos animais, exigindo atestados de exames para garantir que n\u00e3o est\u00e1 introduzindo animais doentes no rebanho\u201d, recomenda ele.<\/p>\n\n\n\n<p>Confira a \u00edntegra da IN 02\/2025 da Agrodefesa:<\/p>\n\n\n\n<div class=\"wp-block-buttons is-content-justification-center is-layout-flex wp-container-core-buttons-is-layout-16018d1d wp-block-buttons-is-layout-flex\">\n<div class=\"wp-block-button is-style-fill\"><a class=\"wp-block-button__link has-black-color has-vivid-green-cyan-background-color has-text-color has-background has-link-color has-text-align-center wp-element-button\" href=\"https:\/\/goias.gov.br\/agrodefesa\/wp-content\/uploads\/sites\/49\/2025\/05\/SEI_GOVERNADORIA-Instrucao-Normativa-no-2-2025.pdf\" target=\"_blank\" rel=\"noreferrer noopener\">Instru\u00e7\u00e3o Normativa n\u00ba 02\/2025-Agrodefesa<\/a><\/div>\n<\/div>\n\n\n\n<hr class=\"wp-block-separator has-alpha-channel-opacity is-style-dots\"\/>\n\n\n\n<p><strong>Comunica\u00e7\u00e3o Setorial da Ag\u00eancia Goiana de Defesa Agropecu\u00e1ria (Agrodefesa) \u2013 Governo de Goi\u00e1s<\/strong><br>Siga a Agrodefesa no Instagram:&nbsp;<a href=\"https:\/\/www.instagram.com\/agrodefesa\/\" target=\"_blank\" rel=\"noreferrer noopener\">@agrodefesa<\/a><br>Acesse o canal de not\u00edcias da Agrodefesa no Whatsapp:&nbsp;<a href=\"https:\/\/whatsapp.com\/channel\/0029VbAWZjDAInPsj4o6NO0J\" target=\"_blank\" rel=\"noreferrer noopener\">Agrodefesa Goi\u00e1s<\/a><\/p>\n","protected":false},"excerpt":{"rendered":"<p>Agrodefesa retifica informa\u00e7\u00e3o divulgada na \u00faltima segunda-feira (7\/4). \u201cN\u00e3o h\u00e1 imposi\u00e7\u00e3o de nova exig\u00eancia ou custo a mais ao produtor\u201d, garante o presidente da Ag\u00eancia A Ag\u00eancia Goiana de Defesa Agropecu\u00e1ria (Agrodefesa) informa que, diferente do que foi divulgado na \u00faltima segunda-feira (7\/4), a obrigatoriedade da apresenta\u00e7\u00e3o de exames para brucelose e tuberculose bovina de [&hellip;]<\/p>\n","protected":false},"author":813,"featured_media":46034,"comment_status":"closed","ping_status":"open","sticky":false,"template":"","format":"standard","meta":{"footnotes":""},"categories":[3],"tags":[],"class_list":["post-45993","post","type-post","status-publish","format-standard","has-post-thumbnail","hentry","category-noticias"],"rttpg_featured_image_url":{"full":["https:\/\/goias.gov.br\/agrodefesa\/wp-content\/uploads\/sites\/49\/2026\/03\/Rebanho-Credito-Bruno-Rodrigues-edited.jpeg",1280,720,false],"landscape":["https:\/\/goias.gov.br\/agrodefesa\/wp-content\/uploads\/sites\/49\/2026\/03\/Rebanho-Credito-Bruno-Rodrigues-edited.jpeg",1280,720,false],"portraits":["https:\/\/goias.gov.br\/agrodefesa\/wp-content\/uploads\/sites\/49\/2026\/03\/Rebanho-Credito-Bruno-Rodrigues-edited.jpeg",1280,720,false],"thumbnail":["https:\/\/goias.gov.br\/agrodefesa\/wp-content\/uploads\/sites\/49\/2026\/03\/Rebanho-Credito-Bruno-Rodrigues-edited-150x150.jpeg",150,150,true],"medium":["https:\/\/goias.gov.br\/agrodefesa\/wp-content\/uploads\/sites\/49\/2026\/03\/Rebanho-Credito-Bruno-Rodrigues-edited-300x169.jpeg",300,169,true],"large":["https:\/\/goias.gov.br\/agrodefesa\/wp-content\/uploads\/sites\/49\/2026\/03\/Rebanho-Credito-Bruno-Rodrigues-edited-1024x576.jpeg",1024,576,true],"1536x1536":["https:\/\/goias.gov.br\/agrodefesa\/wp-content\/uploads\/sites\/49\/2026\/03\/Rebanho-Credito-Bruno-Rodrigues-edited.jpeg",1280,720,false],"2048x2048":["https:\/\/goias.gov.br\/agrodefesa\/wp-content\/uploads\/sites\/49\/2026\/03\/Rebanho-Credito-Bruno-Rodrigues-edited.jpeg",1280,720,false]},"rttpg_author":{"display_name":"marcovigario","author_link":"https:\/\/goias.gov.br\/agrodefesa\/author\/marcovigario\/"},"rttpg_comment":0,"rttpg_category":"<a href=\"https:\/\/goias.gov.br\/agrodefesa\/categoria\/noticias\/\" rel=\"category tag\">Not\u00edcias<\/a>","rttpg_excerpt":"Agrodefesa retifica informa\u00e7\u00e3o divulgada na \u00faltima segunda-feira (7\/4). \u201cN\u00e3o h\u00e1 imposi\u00e7\u00e3o de nova exig\u00eancia ou custo a mais ao produtor\u201d, garante o presidente da Ag\u00eancia A Ag\u00eancia Goiana de Defesa Agropecu\u00e1ria (Agrodefesa) informa que, diferente do que foi divulgado na \u00faltima segunda-feira (7\/4), a obrigatoriedade da apresenta\u00e7\u00e3o de exames para brucelose e tuberculose bovina de&hellip;","_links":{"self":[{"href":"https:\/\/goias.gov.br\/agrodefesa\/wp-json\/wp\/v2\/posts\/45993","targetHints":{"allow":["GET"]}}],"collection":[{"href":"https:\/\/goias.gov.br\/agrodefesa\/wp-json\/wp\/v2\/posts"}],"about":[{"href":"https:\/\/goias.gov.br\/agrodefesa\/wp-json\/wp\/v2\/types\/post"}],"author":[{"embeddable":true,"href":"https:\/\/goias.gov.br\/agrodefesa\/wp-json\/wp\/v2\/users\/813"}],"replies":[{"embeddable":true,"href":"https:\/\/goias.gov.br\/agrodefesa\/wp-json\/wp\/v2\/comments?post=45993"}],"version-history":[{"count":2,"href":"https:\/\/goias.gov.br\/agrodefesa\/wp-json\/wp\/v2\/posts\/45993\/revisions"}],"predecessor-version":[{"id":46679,"href":"https:\/\/goias.gov.br\/agrodefesa\/wp-json\/wp\/v2\/posts\/45993\/revisions\/46679"}],"wp:featuredmedia":[{"embeddable":true,"href":"https:\/\/goias.gov.br\/agrodefesa\/wp-json\/wp\/v2\/media\/46034"}],"wp:attachment":[{"href":"https:\/\/goias.gov.br\/agrodefesa\/wp-json\/wp\/v2\/media?parent=45993"}],"wp:term":[{"taxonomy":"category","embeddable":true,"href":"https:\/\/goias.gov.br\/agrodefesa\/wp-json\/wp\/v2\/categories?post=45993"},{"taxonomy":"post_tag","embeddable":true,"href":"https:\/\/goias.gov.br\/agrodefesa\/wp-json\/wp\/v2\/tags?post=45993"}],"curies":[{"name":"wp","href":"https:\/\/api.w.org\/{rel}","templated":true}]}}