

{"id":44856,"date":"2026-03-24T16:53:45","date_gmt":"2026-03-24T19:53:45","guid":{"rendered":"https:\/\/goias.gov.br\/agrodefesa\/?p=44856"},"modified":"2026-03-24T16:55:11","modified_gmt":"2026-03-24T19:55:11","slug":"em-goias-prazo-para-a-semeadura-do-girassol-termina-no-dia-31-de-marco","status":"publish","type":"post","link":"https:\/\/goias.gov.br\/agrodefesa\/em-goias-prazo-para-a-semeadura-do-girassol-termina-no-dia-31-de-marco\/","title":{"rendered":"Em Goi\u00e1s, prazo para a semeadura do girassol termina no dia 31 de mar\u00e7o"},"content":{"rendered":"\n<p><em>Medida fitossanit\u00e1ria busca conter plantas volunt\u00e1rias de soja e prevenir a ferrugem asi\u00e1tica no estado que lidera a produ\u00e7\u00e3o nacional do gr\u00e3o<\/em><\/p>\n\n\n\n<figure class=\"wp-block-image size-large\"><img fetchpriority=\"high\" decoding=\"async\" width=\"1024\" height=\"682\" src=\"https:\/\/goias.gov.br\/agrodefesa\/wp-content\/uploads\/sites\/49\/2026\/03\/Girassol-Foto-Wenderson-Araujo-CNA-1024x682.jpeg\" alt=\"\" class=\"wp-image-44875\" srcset=\"https:\/\/goias.gov.br\/agrodefesa\/wp-content\/uploads\/sites\/49\/2026\/03\/Girassol-Foto-Wenderson-Araujo-CNA-1024x682.jpeg 1024w, https:\/\/goias.gov.br\/agrodefesa\/wp-content\/uploads\/sites\/49\/2026\/03\/Girassol-Foto-Wenderson-Araujo-CNA-300x200.jpeg 300w, https:\/\/goias.gov.br\/agrodefesa\/wp-content\/uploads\/sites\/49\/2026\/03\/Girassol-Foto-Wenderson-Araujo-CNA-768x512.jpeg 768w, https:\/\/goias.gov.br\/agrodefesa\/wp-content\/uploads\/sites\/49\/2026\/03\/Girassol-Foto-Wenderson-Araujo-CNA-1536x1024.jpeg 1536w, https:\/\/goias.gov.br\/agrodefesa\/wp-content\/uploads\/sites\/49\/2026\/03\/Girassol-Foto-Wenderson-Araujo-CNA-2048x1365.jpeg 2048w\" sizes=\"(max-width: 1024px) 100vw, 1024px\" \/><figcaption class=\"wp-element-caption\"><em>Goi\u00e1s lidera a produ\u00e7\u00e3o nacional de girassol e previs\u00e3o da Conab aponta colheita superior a 72 mil toneladas na safra 2025\/2026 (Foto: Wenderson Ara\u00fajo\/CNA)<\/em><\/figcaption><\/figure>\n\n\n\n<p>A Ag\u00eancia Goiana de Defesa Agropecu\u00e1ria (Agrodefesa) informa que termina no dia 31 de mar\u00e7o de 2026 (ter\u00e7a-feira) o prazo para o produtor rural efetuar a semeadura do girassol em Goi\u00e1s. A medida fitossanit\u00e1ria est\u00e1 prevista na <a href=\"https:\/\/goias.gov.br\/agrodefesa\/wp-content\/uploads\/sites\/49\/2014\/09\/IN012022-5be.pdf\" target=\"_blank\" rel=\"noreferrer noopener\">Instru\u00e7\u00e3o Normativa n\u00ba 01\/2022<\/a> e vem sendo adotada com o objetivo de conter plantas volunt\u00e1rias de soja (tiguera) que germinam nas entrelinhas do cultivo do girassol, de modo a prevenir a prolifera\u00e7\u00e3o da ferrugem asi\u00e1tica, doen\u00e7a causada pelo fungo Phakopsora pachyrhizi.<\/p>\n\n\n\n<p>Goi\u00e1s ocupa a lideran\u00e7a nacional na produ\u00e7\u00e3o de girassol. De acordo com a Companhia Nacional de Abastecimento (Conab), a estimativa para a safra 2025\/2026 \u00e9 de 72,3 mil toneladas do gr\u00e3o. \u201cO sucesso de Goi\u00e1s na produ\u00e7\u00e3o de girassol n\u00e3o seria poss\u00edvel sem as medidas fitossanit\u00e1rias voltadas ao manejo adequado de plantas daninhas. Essas a\u00e7\u00f5es garantem seguran\u00e7a ao produtor e preservam a integridade da cadeia produtiva\u201d, destaca o presidente da Agrodefesa, Jos\u00e9 Ricardo Caixeta Ramos.<\/p>\n\n\n\n<p>O girassol \u00e9 uma alternativa de cultivo na safrinha, geralmente implantado em sucess\u00e3o \u00e0 soja, e representa uma atividade relevante para a economia goiana. O calend\u00e1rio de semeadura foi estabelecido como medida fitossanit\u00e1ria e deve ser rigorosamente cumprido, pois a emerg\u00eancia de plantas volunt\u00e1rias de soja nas \u00e1reas cultivadas com girassol eleva o risco de ocorr\u00eancia da ferrugem asi\u00e1tica. Al\u00e9m disso, n\u00e3o h\u00e1 herbicidas seletivos registrados no Minist\u00e9rio da Agricultura e Pecu\u00e1ria (Mapa) que sejam eficazes no controle dessas plantas na cultura do girassol, o que refor\u00e7a a import\u00e2ncia do cumprimento das normas estabelecidas.<\/p>\n\n\n\n<p>O gerente de Sanidade Vegetal da Agrodefesa, Leonardo Macedo, explica que as normas fitossanit\u00e1rias tornam poss\u00edvel o cultivo do girassol em Goi\u00e1s sem preju\u00edzos ao manejo da soja. \u201cAs medidas adotadas visam impedir a dissemina\u00e7\u00e3o de pragas, especialmente da ferrugem asi\u00e1tica, cuja ocorr\u00eancia pode ser intensificada pela presen\u00e7a de plantas volunt\u00e1rias de soja nas \u00e1reas cultivadas com girassol\u201d, afirma. \u201c\u00c9 importante ressaltar que as lavouras de girassol plantadas ap\u00f3s quatorze de mar\u00e7o (14\/3), em sucess\u00e3o \u00e0 cultura da soja, dever\u00e3o ser semeadas com cultivares de ciclo curto, de at\u00e9 105 dias, de modo que a permitir a colheita at\u00e9 15 de julho\u201d, acrescenta ele.<\/p>\n\n\n\n<p>As lavouras de girassol com presen\u00e7a de plantas volunt\u00e1rias de soja dever\u00e3o ser colhidas impreterivelmente at\u00e9 15 de julho de cada ano. Al\u00e9m disso, \u00e9 obrigat\u00f3rio o cadastramento anual das lavouras no Sistema de Defesa Agropecu\u00e1rio de Goi\u00e1s (Sidago) para o girassol, ferramenta que possibilita o monitoramento eficiente das \u00e1reas produtivas.<\/p>\n\n\n\n<p><strong>Cadastro de lavoura<br><\/strong>Conforme a Instru\u00e7\u00e3o Normativa n\u00ba 1\/2022, que institui os procedimentos para disciplinar as a\u00e7\u00f5es e medidas fitossanit\u00e1rias que visam \u00e0 conten\u00e7\u00e3o das plantas volunt\u00e1rias de soja que germinam no meio da cultura do girassol, o produtor deve realizar o cadastramento da lavoura de girassol no site da Agrodefesa at\u00e9 15 dias ap\u00f3s o t\u00e9rmino da semeadura. Ap\u00f3s o registro, \u00e9 gerado um Documento de Arrecada\u00e7\u00e3o de Receitas Estaduais (Dare), cujo pagamento \u00e9 necess\u00e1rio para efetivar o cadastro.<\/p>\n\n\n\n<hr class=\"wp-block-separator has-alpha-channel-opacity is-style-dots\"\/>\n\n\n\n<p><strong>Comunica\u00e7\u00e3o Setorial da Ag\u00eancia Goiana de Defesa Agropecu\u00e1ria (Agrodefesa) \u2013 Governo de Goi\u00e1s<\/strong><br>Siga a Agrodefesa no Instagram:\u00a0<a href=\"https:\/\/www.instagram.com\/agrodefesa\/\" target=\"_blank\" rel=\"noreferrer noopener\">@agrodefesa<\/a><br>Acesse o canal de not\u00edcias da Agrodefesa no Whatsapp:\u00a0<a href=\"https:\/\/whatsapp.com\/channel\/0029VbAWZjDAInPsj4o6NO0J\" target=\"_blank\" rel=\"noreferrer noopener\">Agrodefesa Goi\u00e1s<\/a><\/p>\n","protected":false},"excerpt":{"rendered":"<p>Medida fitossanit\u00e1ria busca conter plantas volunt\u00e1rias de soja e prevenir a ferrugem asi\u00e1tica no estado que lidera a produ\u00e7\u00e3o nacional do gr\u00e3o A Ag\u00eancia Goiana de Defesa Agropecu\u00e1ria (Agrodefesa) informa que termina no dia 31 de mar\u00e7o de 2026 (ter\u00e7a-feira) o prazo para o produtor rural efetuar a semeadura do girassol em Goi\u00e1s. A medida [&hellip;]<\/p>\n","protected":false},"author":813,"featured_media":44875,"comment_status":"closed","ping_status":"open","sticky":false,"template":"","format":"standard","meta":{"footnotes":""},"categories":[3],"tags":[],"class_list":["post-44856","post","type-post","status-publish","format-standard","has-post-thumbnail","hentry","category-noticias"],"rttpg_featured_image_url":{"full":["https:\/\/goias.gov.br\/agrodefesa\/wp-content\/uploads\/sites\/49\/2026\/03\/Girassol-Foto-Wenderson-Araujo-CNA.jpeg",2560,1706,false],"landscape":["https:\/\/goias.gov.br\/agrodefesa\/wp-content\/uploads\/sites\/49\/2026\/03\/Girassol-Foto-Wenderson-Araujo-CNA.jpeg",2560,1706,false],"portraits":["https:\/\/goias.gov.br\/agrodefesa\/wp-content\/uploads\/sites\/49\/2026\/03\/Girassol-Foto-Wenderson-Araujo-CNA.jpeg",2560,1706,false],"thumbnail":["https:\/\/goias.gov.br\/agrodefesa\/wp-content\/uploads\/sites\/49\/2026\/03\/Girassol-Foto-Wenderson-Araujo-CNA-150x150.jpeg",150,150,true],"medium":["https:\/\/goias.gov.br\/agrodefesa\/wp-content\/uploads\/sites\/49\/2026\/03\/Girassol-Foto-Wenderson-Araujo-CNA-300x200.jpeg",300,200,true],"large":["https:\/\/goias.gov.br\/agrodefesa\/wp-content\/uploads\/sites\/49\/2026\/03\/Girassol-Foto-Wenderson-Araujo-CNA-1024x682.jpeg",1024,682,true],"1536x1536":["https:\/\/goias.gov.br\/agrodefesa\/wp-content\/uploads\/sites\/49\/2026\/03\/Girassol-Foto-Wenderson-Araujo-CNA-1536x1024.jpeg",1536,1024,true],"2048x2048":["https:\/\/goias.gov.br\/agrodefesa\/wp-content\/uploads\/sites\/49\/2026\/03\/Girassol-Foto-Wenderson-Araujo-CNA-2048x1365.jpeg",2048,1365,true]},"rttpg_author":{"display_name":"marcovigario","author_link":"https:\/\/goias.gov.br\/agrodefesa\/author\/marcovigario\/"},"rttpg_comment":0,"rttpg_category":"<a href=\"https:\/\/goias.gov.br\/agrodefesa\/categoria\/noticias\/\" rel=\"category tag\">Not\u00edcias<\/a>","rttpg_excerpt":"Medida fitossanit\u00e1ria busca conter plantas volunt\u00e1rias de soja e prevenir a ferrugem asi\u00e1tica no estado que lidera a produ\u00e7\u00e3o nacional do gr\u00e3o A Ag\u00eancia Goiana de Defesa Agropecu\u00e1ria (Agrodefesa) informa que termina no dia 31 de mar\u00e7o de 2026 (ter\u00e7a-feira) o prazo para o produtor rural efetuar a semeadura do girassol em Goi\u00e1s. A medida&hellip;","_links":{"self":[{"href":"https:\/\/goias.gov.br\/agrodefesa\/wp-json\/wp\/v2\/posts\/44856","targetHints":{"allow":["GET"]}}],"collection":[{"href":"https:\/\/goias.gov.br\/agrodefesa\/wp-json\/wp\/v2\/posts"}],"about":[{"href":"https:\/\/goias.gov.br\/agrodefesa\/wp-json\/wp\/v2\/types\/post"}],"author":[{"embeddable":true,"href":"https:\/\/goias.gov.br\/agrodefesa\/wp-json\/wp\/v2\/users\/813"}],"replies":[{"embeddable":true,"href":"https:\/\/goias.gov.br\/agrodefesa\/wp-json\/wp\/v2\/comments?post=44856"}],"version-history":[{"count":2,"href":"https:\/\/goias.gov.br\/agrodefesa\/wp-json\/wp\/v2\/posts\/44856\/revisions"}],"predecessor-version":[{"id":44895,"href":"https:\/\/goias.gov.br\/agrodefesa\/wp-json\/wp\/v2\/posts\/44856\/revisions\/44895"}],"wp:featuredmedia":[{"embeddable":true,"href":"https:\/\/goias.gov.br\/agrodefesa\/wp-json\/wp\/v2\/media\/44875"}],"wp:attachment":[{"href":"https:\/\/goias.gov.br\/agrodefesa\/wp-json\/wp\/v2\/media?parent=44856"}],"wp:term":[{"taxonomy":"category","embeddable":true,"href":"https:\/\/goias.gov.br\/agrodefesa\/wp-json\/wp\/v2\/categories?post=44856"},{"taxonomy":"post_tag","embeddable":true,"href":"https:\/\/goias.gov.br\/agrodefesa\/wp-json\/wp\/v2\/tags?post=44856"}],"curies":[{"name":"wp","href":"https:\/\/api.w.org\/{rel}","templated":true}]}}