

{"id":44124,"date":"2026-03-17T14:42:11","date_gmt":"2026-03-17T17:42:11","guid":{"rendered":"https:\/\/goias.gov.br\/agrodefesa\/?p=44124"},"modified":"2026-03-19T15:17:45","modified_gmt":"2026-03-19T18:17:45","slug":"agrodefesa-assume-acoes-de-certificacao-de-granjas-de-reprodutores-suinos-no-estado-confira-novas-regras","status":"publish","type":"post","link":"https:\/\/goias.gov.br\/agrodefesa\/agrodefesa-assume-acoes-de-certificacao-de-granjas-de-reprodutores-suinos-no-estado-confira-novas-regras\/","title":{"rendered":"Agrodefesa assume a\u00e7\u00f5es de certifica\u00e7\u00e3o de granjas de reprodutores su\u00ednos no estado; confira novas regras"},"content":{"rendered":"\n<p><em>Fiscais da Agrodefesa e respons\u00e1veis t\u00e9cnicos por GRSCs receberam treinamento para implementa\u00e7\u00e3o da Portaria n\u00ba 1.358\/2025 do Minist\u00e9rio da Agricultura e Pecu\u00e1ria<\/em><\/p>\n\n\n\n<figure class=\"wp-block-image size-full\"><img fetchpriority=\"high\" decoding=\"async\" width=\"960\" height=\"720\" src=\"https:\/\/goias.gov.br\/agrodefesa\/wp-content\/uploads\/sites\/49\/2026\/03\/Suinos-Foto-Agrodefesa-1.jpeg\" alt=\"\" class=\"wp-image-44126\" srcset=\"https:\/\/goias.gov.br\/agrodefesa\/wp-content\/uploads\/sites\/49\/2026\/03\/Suinos-Foto-Agrodefesa-1.jpeg 960w, https:\/\/goias.gov.br\/agrodefesa\/wp-content\/uploads\/sites\/49\/2026\/03\/Suinos-Foto-Agrodefesa-1-300x225.jpeg 300w, https:\/\/goias.gov.br\/agrodefesa\/wp-content\/uploads\/sites\/49\/2026\/03\/Suinos-Foto-Agrodefesa-1-768x576.jpeg 768w\" sizes=\"(max-width: 960px) 100vw, 960px\" \/><figcaption class=\"wp-element-caption\"><em>Portaria n\u00ba 1.358\/2025 do Mapa estabelece crit\u00e9rios mais claros para certifica\u00e7\u00e3o de GRSCs (Foto: Agrodefesa)<\/em><\/figcaption><\/figure>\n\n\n\n<p>A Ag\u00eancia Goiana de Defesa Agropecu\u00e1ria (Agrodefesa) est\u00e1 assumindo todas as a\u00e7\u00f5es relacionadas \u00e0 certifica\u00e7\u00e3o de Granjas de Reprodutores Su\u00ednos (GRSCs) no Estado, ap\u00f3s a publica\u00e7\u00e3o da <a href=\"https:\/\/www.gov.br\/agricultura\/pt-br\/assuntos\/sanidade-animal-e-vegetal\/saude-animal\/programas-de-saude-animal\/sanidade-suidea\/legislacao-suideos\/copy_of_Portaria1358_2025_GRSC.pdf\" target=\"_blank\" rel=\"noreferrer noopener\">Portaria n\u00ba 1.358\/2025 do Minist\u00e9rio da Agricultura e Pecu\u00e1ria (Mapa)<\/a>. Fiscais estaduais agropecu\u00e1rios (FEAs) e respons\u00e1veis t\u00e9cnicos (RTs) passaram por treinamento para padronizar a\u00e7\u00f5es, alinhar procedimentos e tirar d\u00favidas. A capacita\u00e7\u00e3o foi ministrada em Goi\u00e2nia por auditores da Divis\u00e3o de Sanidade de Su\u00eddeos (DISS) do Mapa, e contou com a participa\u00e7\u00e3o de representantes de outros estados e do Distrito Federal.<\/p>\n\n\n\n<p>Publicada em 14 de agosto de 2025, a Portaria SDA\/Mapa n\u00ba 1.358\/2025 instituiu novos \u201cprocedimentos e requisitos para certifica\u00e7\u00e3o de Granjas de Reprodutores Su\u00ednos (GRSCs), para autoriza\u00e7\u00e3o de funcionamento de estabelecimento de alojamento tempor\u00e1rio e para o tr\u00e2nsito de reprodutores su\u00ednos\u201d. O documento revogou a Instru\u00e7\u00e3o Normativa n\u00ba 19\/2002 e a Instru\u00e7\u00e3o de Servi\u00e7o n\u00ba 5\/2002, tamb\u00e9m do Mapa, introduzindo exig\u00eancias sanit\u00e1rias e ampliando o prazo de validade das certifica\u00e7\u00f5es.<\/p>\n\n\n\n<p>Para o presidente da Agrodefesa, Jos\u00e9 Ricardo Caixeta Ramos, as mudan\u00e7as refor\u00e7am a import\u00e2ncia da biosseguridade nas granjas de reprodutores su\u00ednos e promovem maior integra\u00e7\u00e3o entre os \u00f3rg\u00e3os de defesa agropecu\u00e1ria, medidas fundamentais para a prote\u00e7\u00e3o da suinocultura. \u201cA biosseguridade \u00e9 vital para impedir a entrada e dissemina\u00e7\u00e3o de doen\u00e7as, protegendo o alto valor gen\u00e9tico e sanit\u00e1rio do nosso plantel de su\u00ednos. Com maior integra\u00e7\u00e3o e padroniza\u00e7\u00e3o de procedimentos entre o Mapa e os servi\u00e7os veterin\u00e1rios oficiais, conseguiremos avan\u00e7ar na certifica\u00e7\u00e3o das GRSCs mantendo os mais altos padr\u00f5es sanit\u00e1rios. Isso significa maior produtividade e viabilidade econ\u00f4mica para a cadeia\u201d, afirma.<\/p>\n\n\n\n<p>Coordenadora do <a href=\"https:\/\/goias.gov.br\/agrodefesa\/programa-estadual-de-sanidade2\/\" target=\"_blank\" rel=\"noreferrer noopener\">Programa Estadual de Sanidade dos Su\u00eddeos (PESS)<\/a>, Aline Barrichello, destaca que entre as novidades trazidas pela Portaria n\u00ba 1.358\/2025 est\u00e1 a defini\u00e7\u00e3o de crit\u00e9rios mais claros para certifica\u00e7\u00e3o das granjas, al\u00e9m de procedimentos para autoriza\u00e7\u00e3o de estabelecimentos e alojamentos, suspens\u00e3o tempor\u00e1ria e cancelamento de certifica\u00e7\u00e3o. \u201cA atualiza\u00e7\u00e3o tamb\u00e9m modifica o per\u00edodo de validade do certificado, que passa de seis meses para um intervalo de 12 a 24 meses, conforme avalia\u00e7\u00e3o t\u00e9cnica\u201d, acrescenta.<\/p>\n\n\n\n<p><strong>Certifica\u00e7\u00e3o<\/strong><br>Em Goi\u00e1s h\u00e1 19 granjas certificadas que fornecem animais para comercializa\u00e7\u00e3o e\/ou a distribui\u00e7\u00e3o de su\u00ednos destinados \u00e0 reprodu\u00e7\u00e3o. A certifica\u00e7\u00e3o faz parte do Plano Integrado de Vigil\u00e2ncia de Su\u00ednos, que busca fortalecer a vigil\u00e2ncia contra doen\u00e7as, proteger a suinocultura e a economia, al\u00e9m de garantir acesso a mercados internacionais.<\/p>\n\n\n\n<p>Apesar da revoga\u00e7\u00e3o da IN 19\/2002, os certificados emitidos com base na antiga normativa continuam v\u00e1lidos at\u00e9 19 de fevereiro de 2027. At\u00e9 essa data, as granjas certificadas que optarem por manter a certifica\u00e7\u00e3o pela IN\u00ba 19\/2002 devem realizar as renova\u00e7\u00f5es semestrais normalmente. A partir dali, por\u00e9m, os certificados perdem automaticamente a validade, mesmo que ainda estejam dentro do prazo. A migra\u00e7\u00e3o para a Portaria SDA\/MAPA n\u00ba 1.358\/2025 pode ser feita a qualquer momento, desde que a granja cumpra todos os requisitos.<\/p>\n\n\n\n<p>De 20 de fevereiro de 2027 em diante, s\u00f3 ser\u00e3o v\u00e1lidos os certificados emitidos de acordo com a Portaria SDA\/MAPA n\u00ba 1.358\/2025. Assim, as GRSCs precisam solicitar a renova\u00e7\u00e3o com anteced\u00eancia em rela\u00e7\u00e3o a essa data para n\u00e3o correr o risco de perderem suas certifica\u00e7\u00f5es. \u201cA documenta\u00e7\u00e3o para a certifica\u00e7\u00e3o pela nova portaria deve ser providenciada e enviada \u00e0 Agrodefesa com celeridade para verifica\u00e7\u00e3o, haja vista que a etapa de an\u00e1lise documental demandar\u00e1 um tempo maior\u201d, explicou Aline Barrichello.<\/p>\n\n\n\n<p><strong>Outras mudan\u00e7as<br><\/strong>Entre as principais mudan\u00e7as implementadas pela Portaria n\u00ba 1.358\/2025 tamb\u00e9m est\u00e1 a amplia\u00e7\u00e3o das doen\u00e7as monitoradas no processo de certifica\u00e7\u00e3o das granjas. A normativa anterior tinha como foco principal enfermidades como peste su\u00edna cl\u00e1ssica (PSC), doen\u00e7a de Aujeszky, brucelose, tuberculose, sarna e leptospirose. A nova portaria mant\u00e9m as exig\u00eancias relacionadas a PSC e doen\u00e7a de Aujeszky, e passa a incluir a peste su\u00edna africana (PSA) e a s\u00edndrome reprodutiva e respirat\u00f3ria su\u00edna (PRRS), consideradas de grande impacto sanit\u00e1rio para a suinocultura mundial.<\/p>\n\n\n\n<p>Outra mudan\u00e7a importante \u00e9 que o n\u00edvel de biosseguridade das granjas agora tem maior peso no processo de certifica\u00e7\u00e3o. O modelo de certificado tamb\u00e9m foi atualizado, com a nova portaria prevendo modelos padronizados de requerimentos, certificados e relat\u00f3rios de auditoria.<\/p>\n\n\n\n<p>A normativa estabelece ainda a realiza\u00e7\u00e3o de um \u00fanico teste de amostragem fixa para monitoramento sanit\u00e1rio nas granjas certificadas. Tamb\u00e9m houve altera\u00e7\u00e3o nas regras relacionadas \u00e0 participa\u00e7\u00e3o de su\u00ednos provenientes de GRSCs em eventos agropecu\u00e1rios. Antes, a participa\u00e7\u00e3o era vedada. Com a nova portaria, os animais podem participar desses eventos, por\u00e9m permanece proibida a sa\u00edda de su\u00ednos com finalidade de reprodu\u00e7\u00e3o ou recria para reprodu\u00e7\u00e3o ap\u00f3s esses eventos.<\/p>\n\n\n\n<p><strong>Treinamento<\/strong><br>As mudan\u00e7as introduzidas pela normativa do Mapa foram temas da \u201cReuni\u00e3o T\u00e9cnica sobre a Certifica\u00e7\u00e3o de Granjas de Reprodutores Su\u00ednos pela Portaria SDA\/MAPA n\u00ba 1.358\/2025\u201d, realizada no Audit\u00f3rio da Agrodefesa, em Goi\u00e2nia (GO), de 25 a 27 de fevereiro de 2026. Participaram do evento fiscais estaduais agropecu\u00e1rios (FEAs) e respons\u00e1veis t\u00e9cnicos (RTs) de Granjas de Reprodutores Su\u00ednos Certificadas (GRSCs), al\u00e9m de representantes de outros estados e do Distrito Federal. O treinamento foi ministrado pelas auditoras fiscais federais agropecu\u00e1rias (AFFAs) Lia Coswig, Luiza Melo, Alessandra Alves, Rojanna Girardi e Juliane Galvari, da Divis\u00e3o de Sanidade de Su\u00eddeos do Minist\u00e9rio da Agricultura e Pecu\u00e1ria.<\/p>\n\n\n\n<hr class=\"wp-block-separator has-alpha-channel-opacity is-style-dots\"\/>\n\n\n\n<figure class=\"wp-block-gallery has-nested-images columns-default is-cropped wp-block-gallery-1 is-layout-flex wp-block-gallery-is-layout-flex\">\n<figure data-wp-context=\"{&quot;imageId&quot;:&quot;69f49b9e91979&quot;}\" data-wp-interactive=\"core\/image\" data-wp-key=\"69f49b9e91979\" class=\"wp-block-image size-large wp-lightbox-container\"><img decoding=\"async\" width=\"1024\" height=\"576\" data-wp-class--hide=\"state.isContentHidden\" data-wp-class--show=\"state.isContentVisible\" data-wp-init=\"callbacks.setButtonStyles\" data-wp-on--click=\"actions.showLightbox\" data-wp-on--load=\"callbacks.setButtonStyles\" data-wp-on-window--resize=\"callbacks.setButtonStyles\" data-id=\"44129\" src=\"https:\/\/goias.gov.br\/agrodefesa\/wp-content\/uploads\/sites\/49\/2026\/03\/27.03.2026-Treinamento-Granjas-Suinos-1-Foto-Agrodefesa-1024x576.jpeg\" alt=\"\" class=\"wp-image-44129\" srcset=\"https:\/\/goias.gov.br\/agrodefesa\/wp-content\/uploads\/sites\/49\/2026\/03\/27.03.2026-Treinamento-Granjas-Suinos-1-Foto-Agrodefesa-1024x576.jpeg 1024w, https:\/\/goias.gov.br\/agrodefesa\/wp-content\/uploads\/sites\/49\/2026\/03\/27.03.2026-Treinamento-Granjas-Suinos-1-Foto-Agrodefesa-300x169.jpeg 300w, https:\/\/goias.gov.br\/agrodefesa\/wp-content\/uploads\/sites\/49\/2026\/03\/27.03.2026-Treinamento-Granjas-Suinos-1-Foto-Agrodefesa-768x432.jpeg 768w, https:\/\/goias.gov.br\/agrodefesa\/wp-content\/uploads\/sites\/49\/2026\/03\/27.03.2026-Treinamento-Granjas-Suinos-1-Foto-Agrodefesa.jpeg 1280w\" sizes=\"(max-width: 1024px) 100vw, 1024px\" \/><button\n\t\t\tclass=\"lightbox-trigger\"\n\t\t\ttype=\"button\"\n\t\t\taria-haspopup=\"dialog\"\n\t\t\taria-label=\"Ampliar\"\n\t\t\tdata-wp-init=\"callbacks.initTriggerButton\"\n\t\t\tdata-wp-on--click=\"actions.showLightbox\"\n\t\t\tdata-wp-style--right=\"state.imageButtonRight\"\n\t\t\tdata-wp-style--top=\"state.imageButtonTop\"\n\t\t>\n\t\t\t<svg xmlns=\"http:\/\/www.w3.org\/2000\/svg\" width=\"12\" height=\"12\" fill=\"none\" viewBox=\"0 0 12 12\">\n\t\t\t\t<path fill=\"#fff\" d=\"M2 0a2 2 0 0 0-2 2v2h1.5V2a.5.5 0 0 1 .5-.5h2V0H2Zm2 10.5H2a.5.5 0 0 1-.5-.5V8H0v2a2 2 0 0 0 2 2h2v-1.5ZM8 12v-1.5h2a.5.5 0 0 0 .5-.5V8H12v2a2 2 0 0 1-2 2H8Zm2-12a2 2 0 0 1 2 2v2h-1.5V2a.5.5 0 0 0-.5-.5H8V0h2Z\" \/>\n\t\t\t<\/svg>\n\t\t<\/button><\/figure>\n\n\n\n<figure data-wp-context=\"{&quot;imageId&quot;:&quot;69f49b9e94fe2&quot;}\" data-wp-interactive=\"core\/image\" data-wp-key=\"69f49b9e94fe2\" class=\"wp-block-image size-large wp-lightbox-container\"><img decoding=\"async\" width=\"1024\" height=\"576\" data-wp-class--hide=\"state.isContentHidden\" data-wp-class--show=\"state.isContentVisible\" data-wp-init=\"callbacks.setButtonStyles\" data-wp-on--click=\"actions.showLightbox\" data-wp-on--load=\"callbacks.setButtonStyles\" data-wp-on-window--resize=\"callbacks.setButtonStyles\" data-id=\"44128\" src=\"https:\/\/goias.gov.br\/agrodefesa\/wp-content\/uploads\/sites\/49\/2026\/03\/27.03.2026-Treinamento-Granjas-Suinos-2-Foto-Agrodefesa-1024x576.jpeg\" alt=\"\" class=\"wp-image-44128\" srcset=\"https:\/\/goias.gov.br\/agrodefesa\/wp-content\/uploads\/sites\/49\/2026\/03\/27.03.2026-Treinamento-Granjas-Suinos-2-Foto-Agrodefesa-1024x576.jpeg 1024w, https:\/\/goias.gov.br\/agrodefesa\/wp-content\/uploads\/sites\/49\/2026\/03\/27.03.2026-Treinamento-Granjas-Suinos-2-Foto-Agrodefesa-300x169.jpeg 300w, https:\/\/goias.gov.br\/agrodefesa\/wp-content\/uploads\/sites\/49\/2026\/03\/27.03.2026-Treinamento-Granjas-Suinos-2-Foto-Agrodefesa-768x432.jpeg 768w, https:\/\/goias.gov.br\/agrodefesa\/wp-content\/uploads\/sites\/49\/2026\/03\/27.03.2026-Treinamento-Granjas-Suinos-2-Foto-Agrodefesa.jpeg 1280w\" sizes=\"(max-width: 1024px) 100vw, 1024px\" \/><button\n\t\t\tclass=\"lightbox-trigger\"\n\t\t\ttype=\"button\"\n\t\t\taria-haspopup=\"dialog\"\n\t\t\taria-label=\"Ampliar\"\n\t\t\tdata-wp-init=\"callbacks.initTriggerButton\"\n\t\t\tdata-wp-on--click=\"actions.showLightbox\"\n\t\t\tdata-wp-style--right=\"state.imageButtonRight\"\n\t\t\tdata-wp-style--top=\"state.imageButtonTop\"\n\t\t>\n\t\t\t<svg xmlns=\"http:\/\/www.w3.org\/2000\/svg\" width=\"12\" height=\"12\" fill=\"none\" viewBox=\"0 0 12 12\">\n\t\t\t\t<path fill=\"#fff\" d=\"M2 0a2 2 0 0 0-2 2v2h1.5V2a.5.5 0 0 1 .5-.5h2V0H2Zm2 10.5H2a.5.5 0 0 1-.5-.5V8H0v2a2 2 0 0 0 2 2h2v-1.5ZM8 12v-1.5h2a.5.5 0 0 0 .5-.5V8H12v2a2 2 0 0 1-2 2H8Zm2-12a2 2 0 0 1 2 2v2h-1.5V2a.5.5 0 0 0-.5-.5H8V0h2Z\" \/>\n\t\t\t<\/svg>\n\t\t<\/button><\/figure>\n\n\n\n<figure data-wp-context=\"{&quot;imageId&quot;:&quot;69f49b9e98438&quot;}\" data-wp-interactive=\"core\/image\" data-wp-key=\"69f49b9e98438\" class=\"wp-block-image size-large wp-lightbox-container\"><img loading=\"lazy\" decoding=\"async\" width=\"1024\" height=\"576\" data-wp-class--hide=\"state.isContentHidden\" data-wp-class--show=\"state.isContentVisible\" data-wp-init=\"callbacks.setButtonStyles\" data-wp-on--click=\"actions.showLightbox\" data-wp-on--load=\"callbacks.setButtonStyles\" data-wp-on-window--resize=\"callbacks.setButtonStyles\" data-id=\"44131\" src=\"https:\/\/goias.gov.br\/agrodefesa\/wp-content\/uploads\/sites\/49\/2026\/03\/27.03.2026-Treinamento-Granjas-Suinos-3-Foto-Agrodefesa-1024x576.jpeg\" alt=\"\" class=\"wp-image-44131\" srcset=\"https:\/\/goias.gov.br\/agrodefesa\/wp-content\/uploads\/sites\/49\/2026\/03\/27.03.2026-Treinamento-Granjas-Suinos-3-Foto-Agrodefesa-1024x576.jpeg 1024w, https:\/\/goias.gov.br\/agrodefesa\/wp-content\/uploads\/sites\/49\/2026\/03\/27.03.2026-Treinamento-Granjas-Suinos-3-Foto-Agrodefesa-300x169.jpeg 300w, https:\/\/goias.gov.br\/agrodefesa\/wp-content\/uploads\/sites\/49\/2026\/03\/27.03.2026-Treinamento-Granjas-Suinos-3-Foto-Agrodefesa-768x432.jpeg 768w, https:\/\/goias.gov.br\/agrodefesa\/wp-content\/uploads\/sites\/49\/2026\/03\/27.03.2026-Treinamento-Granjas-Suinos-3-Foto-Agrodefesa.jpeg 1280w\" sizes=\"(max-width: 1024px) 100vw, 1024px\" \/><button\n\t\t\tclass=\"lightbox-trigger\"\n\t\t\ttype=\"button\"\n\t\t\taria-haspopup=\"dialog\"\n\t\t\taria-label=\"Ampliar\"\n\t\t\tdata-wp-init=\"callbacks.initTriggerButton\"\n\t\t\tdata-wp-on--click=\"actions.showLightbox\"\n\t\t\tdata-wp-style--right=\"state.imageButtonRight\"\n\t\t\tdata-wp-style--top=\"state.imageButtonTop\"\n\t\t>\n\t\t\t<svg xmlns=\"http:\/\/www.w3.org\/2000\/svg\" width=\"12\" height=\"12\" fill=\"none\" viewBox=\"0 0 12 12\">\n\t\t\t\t<path fill=\"#fff\" d=\"M2 0a2 2 0 0 0-2 2v2h1.5V2a.5.5 0 0 1 .5-.5h2V0H2Zm2 10.5H2a.5.5 0 0 1-.5-.5V8H0v2a2 2 0 0 0 2 2h2v-1.5ZM8 12v-1.5h2a.5.5 0 0 0 .5-.5V8H12v2a2 2 0 0 1-2 2H8Zm2-12a2 2 0 0 1 2 2v2h-1.5V2a.5.5 0 0 0-.5-.5H8V0h2Z\" \/>\n\t\t\t<\/svg>\n\t\t<\/button><\/figure>\n\n\n\n<figure data-wp-context=\"{&quot;imageId&quot;:&quot;69f49b9e99d09&quot;}\" data-wp-interactive=\"core\/image\" data-wp-key=\"69f49b9e99d09\" class=\"wp-block-image size-large wp-lightbox-container\"><img loading=\"lazy\" decoding=\"async\" width=\"1024\" height=\"576\" data-wp-class--hide=\"state.isContentHidden\" data-wp-class--show=\"state.isContentVisible\" data-wp-init=\"callbacks.setButtonStyles\" data-wp-on--click=\"actions.showLightbox\" data-wp-on--load=\"callbacks.setButtonStyles\" data-wp-on-window--resize=\"callbacks.setButtonStyles\" data-id=\"44130\" src=\"https:\/\/goias.gov.br\/agrodefesa\/wp-content\/uploads\/sites\/49\/2026\/03\/27.03.2026-Treinamento-Granjas-Suinos-4-Foto-Agrodefesa-1024x576.jpeg\" alt=\"\" class=\"wp-image-44130\" srcset=\"https:\/\/goias.gov.br\/agrodefesa\/wp-content\/uploads\/sites\/49\/2026\/03\/27.03.2026-Treinamento-Granjas-Suinos-4-Foto-Agrodefesa-1024x576.jpeg 1024w, https:\/\/goias.gov.br\/agrodefesa\/wp-content\/uploads\/sites\/49\/2026\/03\/27.03.2026-Treinamento-Granjas-Suinos-4-Foto-Agrodefesa-300x169.jpeg 300w, https:\/\/goias.gov.br\/agrodefesa\/wp-content\/uploads\/sites\/49\/2026\/03\/27.03.2026-Treinamento-Granjas-Suinos-4-Foto-Agrodefesa-768x432.jpeg 768w, https:\/\/goias.gov.br\/agrodefesa\/wp-content\/uploads\/sites\/49\/2026\/03\/27.03.2026-Treinamento-Granjas-Suinos-4-Foto-Agrodefesa.jpeg 1280w\" sizes=\"(max-width: 1024px) 100vw, 1024px\" \/><button\n\t\t\tclass=\"lightbox-trigger\"\n\t\t\ttype=\"button\"\n\t\t\taria-haspopup=\"dialog\"\n\t\t\taria-label=\"Ampliar\"\n\t\t\tdata-wp-init=\"callbacks.initTriggerButton\"\n\t\t\tdata-wp-on--click=\"actions.showLightbox\"\n\t\t\tdata-wp-style--right=\"state.imageButtonRight\"\n\t\t\tdata-wp-style--top=\"state.imageButtonTop\"\n\t\t>\n\t\t\t<svg xmlns=\"http:\/\/www.w3.org\/2000\/svg\" width=\"12\" height=\"12\" fill=\"none\" viewBox=\"0 0 12 12\">\n\t\t\t\t<path fill=\"#fff\" d=\"M2 0a2 2 0 0 0-2 2v2h1.5V2a.5.5 0 0 1 .5-.5h2V0H2Zm2 10.5H2a.5.5 0 0 1-.5-.5V8H0v2a2 2 0 0 0 2 2h2v-1.5ZM8 12v-1.5h2a.5.5 0 0 0 .5-.5V8H12v2a2 2 0 0 1-2 2H8Zm2-12a2 2 0 0 1 2 2v2h-1.5V2a.5.5 0 0 0-.5-.5H8V0h2Z\" \/>\n\t\t\t<\/svg>\n\t\t<\/button><\/figure>\n\n\n\n<figure data-wp-context=\"{&quot;imageId&quot;:&quot;69f49b9e9c657&quot;}\" data-wp-interactive=\"core\/image\" data-wp-key=\"69f49b9e9c657\" class=\"wp-block-image size-large wp-lightbox-container\"><img loading=\"lazy\" decoding=\"async\" width=\"1024\" height=\"576\" data-wp-class--hide=\"state.isContentHidden\" data-wp-class--show=\"state.isContentVisible\" data-wp-init=\"callbacks.setButtonStyles\" data-wp-on--click=\"actions.showLightbox\" data-wp-on--load=\"callbacks.setButtonStyles\" data-wp-on-window--resize=\"callbacks.setButtonStyles\" data-id=\"44132\" src=\"https:\/\/goias.gov.br\/agrodefesa\/wp-content\/uploads\/sites\/49\/2026\/03\/27.03.2026-Treinamento-Granjas-Suinos-5-2-Foto-Agrodefesa-1024x576.jpeg\" alt=\"\" class=\"wp-image-44132\" srcset=\"https:\/\/goias.gov.br\/agrodefesa\/wp-content\/uploads\/sites\/49\/2026\/03\/27.03.2026-Treinamento-Granjas-Suinos-5-2-Foto-Agrodefesa-1024x576.jpeg 1024w, https:\/\/goias.gov.br\/agrodefesa\/wp-content\/uploads\/sites\/49\/2026\/03\/27.03.2026-Treinamento-Granjas-Suinos-5-2-Foto-Agrodefesa-300x169.jpeg 300w, https:\/\/goias.gov.br\/agrodefesa\/wp-content\/uploads\/sites\/49\/2026\/03\/27.03.2026-Treinamento-Granjas-Suinos-5-2-Foto-Agrodefesa-768x432.jpeg 768w, https:\/\/goias.gov.br\/agrodefesa\/wp-content\/uploads\/sites\/49\/2026\/03\/27.03.2026-Treinamento-Granjas-Suinos-5-2-Foto-Agrodefesa.jpeg 1186w\" sizes=\"(max-width: 1024px) 100vw, 1024px\" \/><button\n\t\t\tclass=\"lightbox-trigger\"\n\t\t\ttype=\"button\"\n\t\t\taria-haspopup=\"dialog\"\n\t\t\taria-label=\"Ampliar\"\n\t\t\tdata-wp-init=\"callbacks.initTriggerButton\"\n\t\t\tdata-wp-on--click=\"actions.showLightbox\"\n\t\t\tdata-wp-style--right=\"state.imageButtonRight\"\n\t\t\tdata-wp-style--top=\"state.imageButtonTop\"\n\t\t>\n\t\t\t<svg xmlns=\"http:\/\/www.w3.org\/2000\/svg\" width=\"12\" height=\"12\" fill=\"none\" viewBox=\"0 0 12 12\">\n\t\t\t\t<path fill=\"#fff\" d=\"M2 0a2 2 0 0 0-2 2v2h1.5V2a.5.5 0 0 1 .5-.5h2V0H2Zm2 10.5H2a.5.5 0 0 1-.5-.5V8H0v2a2 2 0 0 0 2 2h2v-1.5ZM8 12v-1.5h2a.5.5 0 0 0 .5-.5V8H12v2a2 2 0 0 1-2 2H8Zm2-12a2 2 0 0 1 2 2v2h-1.5V2a.5.5 0 0 0-.5-.5H8V0h2Z\" \/>\n\t\t\t<\/svg>\n\t\t<\/button><\/figure>\n\n\n\n<figure data-wp-context=\"{&quot;imageId&quot;:&quot;69f49b9e9e563&quot;}\" data-wp-interactive=\"core\/image\" data-wp-key=\"69f49b9e9e563\" class=\"wp-block-image size-large wp-lightbox-container\"><img loading=\"lazy\" decoding=\"async\" width=\"1024\" height=\"576\" data-wp-class--hide=\"state.isContentHidden\" data-wp-class--show=\"state.isContentVisible\" data-wp-init=\"callbacks.setButtonStyles\" data-wp-on--click=\"actions.showLightbox\" data-wp-on--load=\"callbacks.setButtonStyles\" data-wp-on-window--resize=\"callbacks.setButtonStyles\" data-id=\"44133\" src=\"https:\/\/goias.gov.br\/agrodefesa\/wp-content\/uploads\/sites\/49\/2026\/03\/27.03.2026-Treinamento-Granjas-Suinos-6-2-Foto-Agrodefesa-1024x576.jpeg\" alt=\"\" class=\"wp-image-44133\" srcset=\"https:\/\/goias.gov.br\/agrodefesa\/wp-content\/uploads\/sites\/49\/2026\/03\/27.03.2026-Treinamento-Granjas-Suinos-6-2-Foto-Agrodefesa-1024x576.jpeg 1024w, https:\/\/goias.gov.br\/agrodefesa\/wp-content\/uploads\/sites\/49\/2026\/03\/27.03.2026-Treinamento-Granjas-Suinos-6-2-Foto-Agrodefesa-300x169.jpeg 300w, https:\/\/goias.gov.br\/agrodefesa\/wp-content\/uploads\/sites\/49\/2026\/03\/27.03.2026-Treinamento-Granjas-Suinos-6-2-Foto-Agrodefesa-768x432.jpeg 768w, https:\/\/goias.gov.br\/agrodefesa\/wp-content\/uploads\/sites\/49\/2026\/03\/27.03.2026-Treinamento-Granjas-Suinos-6-2-Foto-Agrodefesa.jpeg 1280w\" sizes=\"(max-width: 1024px) 100vw, 1024px\" \/><button\n\t\t\tclass=\"lightbox-trigger\"\n\t\t\ttype=\"button\"\n\t\t\taria-haspopup=\"dialog\"\n\t\t\taria-label=\"Ampliar\"\n\t\t\tdata-wp-init=\"callbacks.initTriggerButton\"\n\t\t\tdata-wp-on--click=\"actions.showLightbox\"\n\t\t\tdata-wp-style--right=\"state.imageButtonRight\"\n\t\t\tdata-wp-style--top=\"state.imageButtonTop\"\n\t\t>\n\t\t\t<svg xmlns=\"http:\/\/www.w3.org\/2000\/svg\" width=\"12\" height=\"12\" fill=\"none\" viewBox=\"0 0 12 12\">\n\t\t\t\t<path fill=\"#fff\" d=\"M2 0a2 2 0 0 0-2 2v2h1.5V2a.5.5 0 0 1 .5-.5h2V0H2Zm2 10.5H2a.5.5 0 0 1-.5-.5V8H0v2a2 2 0 0 0 2 2h2v-1.5ZM8 12v-1.5h2a.5.5 0 0 0 .5-.5V8H12v2a2 2 0 0 1-2 2H8Zm2-12a2 2 0 0 1 2 2v2h-1.5V2a.5.5 0 0 0-.5-.5H8V0h2Z\" \/>\n\t\t\t<\/svg>\n\t\t<\/button><\/figure>\n\n\n\n<figure data-wp-context=\"{&quot;imageId&quot;:&quot;69f49b9ea1bf4&quot;}\" data-wp-interactive=\"core\/image\" data-wp-key=\"69f49b9ea1bf4\" class=\"wp-block-image size-large wp-lightbox-container\"><img loading=\"lazy\" decoding=\"async\" width=\"1024\" height=\"576\" data-wp-class--hide=\"state.isContentHidden\" data-wp-class--show=\"state.isContentVisible\" data-wp-init=\"callbacks.setButtonStyles\" data-wp-on--click=\"actions.showLightbox\" data-wp-on--load=\"callbacks.setButtonStyles\" data-wp-on-window--resize=\"callbacks.setButtonStyles\" data-id=\"44134\" src=\"https:\/\/goias.gov.br\/agrodefesa\/wp-content\/uploads\/sites\/49\/2026\/03\/27.03.2026-Treinamento-Granjas-Suinos-7-Foto-Agrodefesa-1024x576.jpeg\" alt=\"\" class=\"wp-image-44134\" srcset=\"https:\/\/goias.gov.br\/agrodefesa\/wp-content\/uploads\/sites\/49\/2026\/03\/27.03.2026-Treinamento-Granjas-Suinos-7-Foto-Agrodefesa-1024x576.jpeg 1024w, https:\/\/goias.gov.br\/agrodefesa\/wp-content\/uploads\/sites\/49\/2026\/03\/27.03.2026-Treinamento-Granjas-Suinos-7-Foto-Agrodefesa-300x169.jpeg 300w, https:\/\/goias.gov.br\/agrodefesa\/wp-content\/uploads\/sites\/49\/2026\/03\/27.03.2026-Treinamento-Granjas-Suinos-7-Foto-Agrodefesa-768x432.jpeg 768w, https:\/\/goias.gov.br\/agrodefesa\/wp-content\/uploads\/sites\/49\/2026\/03\/27.03.2026-Treinamento-Granjas-Suinos-7-Foto-Agrodefesa.jpeg 1280w\" sizes=\"(max-width: 1024px) 100vw, 1024px\" \/><button\n\t\t\tclass=\"lightbox-trigger\"\n\t\t\ttype=\"button\"\n\t\t\taria-haspopup=\"dialog\"\n\t\t\taria-label=\"Ampliar\"\n\t\t\tdata-wp-init=\"callbacks.initTriggerButton\"\n\t\t\tdata-wp-on--click=\"actions.showLightbox\"\n\t\t\tdata-wp-style--right=\"state.imageButtonRight\"\n\t\t\tdata-wp-style--top=\"state.imageButtonTop\"\n\t\t>\n\t\t\t<svg xmlns=\"http:\/\/www.w3.org\/2000\/svg\" width=\"12\" height=\"12\" fill=\"none\" viewBox=\"0 0 12 12\">\n\t\t\t\t<path fill=\"#fff\" d=\"M2 0a2 2 0 0 0-2 2v2h1.5V2a.5.5 0 0 1 .5-.5h2V0H2Zm2 10.5H2a.5.5 0 0 1-.5-.5V8H0v2a2 2 0 0 0 2 2h2v-1.5ZM8 12v-1.5h2a.5.5 0 0 0 .5-.5V8H12v2a2 2 0 0 1-2 2H8Zm2-12a2 2 0 0 1 2 2v2h-1.5V2a.5.5 0 0 0-.5-.5H8V0h2Z\" \/>\n\t\t\t<\/svg>\n\t\t<\/button><\/figure>\n<figcaption class=\"blocks-gallery-caption wp-element-caption\"><em>Reuni\u00e3o T\u00e9cnica sobre a Certifica\u00e7\u00e3o de Granjas de Reprodutores Su\u00ednos pela Portaria SDA\/MAPA n\u00ba 1.358\/2025, realizada nos dias 25 a 27 de fevereiro de 2026 (Foto: Agrodefesa)<\/em><\/figcaption><\/figure>\n\n\n\n<hr class=\"wp-block-separator has-alpha-channel-opacity is-style-dots\"\/>\n\n\n\n<p><strong>Comunica\u00e7\u00e3o Setorial da Ag\u00eancia Goiana de Defesa Agropecu\u00e1ria (Agrodefesa) \u2013 Governo de Goi\u00e1s<\/strong><br>Siga a Agrodefesa no Instagram:\u00a0<a href=\"https:\/\/www.instagram.com\/agrodefesa\/\" target=\"_blank\" rel=\"noreferrer noopener\">@agrodefesa<\/a><br>Acesse o canal de not\u00edcias da Agrodefesa no Whatsapp:\u00a0<a href=\"https:\/\/whatsapp.com\/channel\/0029VbAWZjDAInPsj4o6NO0J\" target=\"_blank\" rel=\"noreferrer noopener\">Agrodefesa Goi\u00e1s<\/a><\/p>\n","protected":false},"excerpt":{"rendered":"<p>Fiscais da Agrodefesa e respons\u00e1veis t\u00e9cnicos por GRSCs receberam treinamento para implementa\u00e7\u00e3o da Portaria n\u00ba 1.358\/2025 do Minist\u00e9rio da Agricultura e Pecu\u00e1ria A Ag\u00eancia Goiana de Defesa Agropecu\u00e1ria (Agrodefesa) est\u00e1 assumindo todas as a\u00e7\u00f5es relacionadas \u00e0 certifica\u00e7\u00e3o de Granjas de Reprodutores Su\u00ednos (GRSCs) no Estado, ap\u00f3s a publica\u00e7\u00e3o da Portaria n\u00ba 1.358\/2025 do Minist\u00e9rio da [&hellip;]<\/p>\n","protected":false},"author":813,"featured_media":44126,"comment_status":"closed","ping_status":"open","sticky":false,"template":"","format":"standard","meta":{"footnotes":""},"categories":[3],"tags":[],"class_list":["post-44124","post","type-post","status-publish","format-standard","has-post-thumbnail","hentry","category-noticias"],"rttpg_featured_image_url":{"full":["https:\/\/goias.gov.br\/agrodefesa\/wp-content\/uploads\/sites\/49\/2026\/03\/Suinos-Foto-Agrodefesa-1.jpeg",960,720,false],"landscape":["https:\/\/goias.gov.br\/agrodefesa\/wp-content\/uploads\/sites\/49\/2026\/03\/Suinos-Foto-Agrodefesa-1.jpeg",960,720,false],"portraits":["https:\/\/goias.gov.br\/agrodefesa\/wp-content\/uploads\/sites\/49\/2026\/03\/Suinos-Foto-Agrodefesa-1.jpeg",960,720,false],"thumbnail":["https:\/\/goias.gov.br\/agrodefesa\/wp-content\/uploads\/sites\/49\/2026\/03\/Suinos-Foto-Agrodefesa-1-150x150.jpeg",150,150,true],"medium":["https:\/\/goias.gov.br\/agrodefesa\/wp-content\/uploads\/sites\/49\/2026\/03\/Suinos-Foto-Agrodefesa-1-300x225.jpeg",300,225,true],"large":["https:\/\/goias.gov.br\/agrodefesa\/wp-content\/uploads\/sites\/49\/2026\/03\/Suinos-Foto-Agrodefesa-1.jpeg",960,720,false],"1536x1536":["https:\/\/goias.gov.br\/agrodefesa\/wp-content\/uploads\/sites\/49\/2026\/03\/Suinos-Foto-Agrodefesa-1.jpeg",960,720,false],"2048x2048":["https:\/\/goias.gov.br\/agrodefesa\/wp-content\/uploads\/sites\/49\/2026\/03\/Suinos-Foto-Agrodefesa-1.jpeg",960,720,false]},"rttpg_author":{"display_name":"marcovigario","author_link":"https:\/\/goias.gov.br\/agrodefesa\/author\/marcovigario\/"},"rttpg_comment":0,"rttpg_category":"<a href=\"https:\/\/goias.gov.br\/agrodefesa\/categoria\/noticias\/\" rel=\"category tag\">Not\u00edcias<\/a>","rttpg_excerpt":"Fiscais da Agrodefesa e respons\u00e1veis t\u00e9cnicos por GRSCs receberam treinamento para implementa\u00e7\u00e3o da Portaria n\u00ba 1.358\/2025 do Minist\u00e9rio da Agricultura e Pecu\u00e1ria A Ag\u00eancia Goiana de Defesa Agropecu\u00e1ria (Agrodefesa) est\u00e1 assumindo todas as a\u00e7\u00f5es relacionadas \u00e0 certifica\u00e7\u00e3o de Granjas de Reprodutores Su\u00ednos (GRSCs) no Estado, ap\u00f3s a publica\u00e7\u00e3o da Portaria n\u00ba 1.358\/2025 do Minist\u00e9rio da&hellip;","_links":{"self":[{"href":"https:\/\/goias.gov.br\/agrodefesa\/wp-json\/wp\/v2\/posts\/44124","targetHints":{"allow":["GET"]}}],"collection":[{"href":"https:\/\/goias.gov.br\/agrodefesa\/wp-json\/wp\/v2\/posts"}],"about":[{"href":"https:\/\/goias.gov.br\/agrodefesa\/wp-json\/wp\/v2\/types\/post"}],"author":[{"embeddable":true,"href":"https:\/\/goias.gov.br\/agrodefesa\/wp-json\/wp\/v2\/users\/813"}],"replies":[{"embeddable":true,"href":"https:\/\/goias.gov.br\/agrodefesa\/wp-json\/wp\/v2\/comments?post=44124"}],"version-history":[{"count":2,"href":"https:\/\/goias.gov.br\/agrodefesa\/wp-json\/wp\/v2\/posts\/44124\/revisions"}],"predecessor-version":[{"id":44173,"href":"https:\/\/goias.gov.br\/agrodefesa\/wp-json\/wp\/v2\/posts\/44124\/revisions\/44173"}],"wp:featuredmedia":[{"embeddable":true,"href":"https:\/\/goias.gov.br\/agrodefesa\/wp-json\/wp\/v2\/media\/44126"}],"wp:attachment":[{"href":"https:\/\/goias.gov.br\/agrodefesa\/wp-json\/wp\/v2\/media?parent=44124"}],"wp:term":[{"taxonomy":"category","embeddable":true,"href":"https:\/\/goias.gov.br\/agrodefesa\/wp-json\/wp\/v2\/categories?post=44124"},{"taxonomy":"post_tag","embeddable":true,"href":"https:\/\/goias.gov.br\/agrodefesa\/wp-json\/wp\/v2\/tags?post=44124"}],"curies":[{"name":"wp","href":"https:\/\/api.w.org\/{rel}","templated":true}]}}