

{"id":3716,"date":"2022-11-24T09:36:53","date_gmt":"2022-11-24T12:36:53","guid":{"rendered":"https:\/\/siteshom.goias.gov.br\/agrodefesa\/lei-geral-de-protecao-de-dados\/"},"modified":"2025-05-21T09:10:51","modified_gmt":"2025-05-21T12:10:51","slug":"lei-geral-de-protecao-de-dados","status":"publish","type":"post","link":"https:\/\/goias.gov.br\/agrodefesa\/lei-geral-de-protecao-de-dados\/","title":{"rendered":"Lei Geral de Prote\u00e7\u00e3o de Dados"},"content":{"rendered":"<p align=\"justify\">O Encarregado \u00e9 a pessoa indicada pelo controlador e operador para atuar como canal de comunica\u00e7\u00e3o entre o controlador, os titulares dos dados e a Autoridade Nacional de Prote\u00e7\u00e3o de Dados (ANPD) (<a href=\"https:\/\/www.planalto.gov.br\/ccivil_03\/_ato2015-2018\/2018\/lei\/l13709.htm\"><u>art. 5\u00b0, VIII, Lei n\u00ba 13.709\/2018 &#8211; LGPD<\/u><\/a>).<\/p>\n<p><strong>Encarregado pelo Tratamento de Dados Pessoais da AGRODEFESA<\/strong><\/p>\n<p>Jos\u00e9 de Souza Reis Filho<\/p>\n<p><a id=\"\" title=\"\" href=\"https:\/\/goias.gov.br\/agrodefesa\/wp-content\/uploads\/sites\/49\/2022\/11\/Encarregado-1df.pdf\" target=\"\" rel=\"noopener\">Portaria 232\/2021<\/a><\/p>\n<p><strong>Lota\u00e7\u00e3o<\/strong><\/p>\n<p>\u00d3rg\u00e3o Colegiado\/Presid\u00eancia<\/p>\n<p><strong>Telefone<\/strong><\/p>\n<p>(62) 3201-3583<\/p>\n<p><strong>E-mail<\/strong><\/p>\n<p>jose.sreis@goias.gov.br<\/p>\n<p>Este e-mail n\u00e3o substitui os demais canais de atendimento regulares do Governo de Goi\u00e1s e n\u00e3o deve ser utilizado para o exerc\u00edcio de Direitos dos Titulares, os quais est\u00e3o acess\u00edveis pelo <a href=\"https:\/\/www.go.gov.br\/servicos-digitais\/cge\/nova-ouvidoria\/pedido-informacao-publica\"><u>Portal Expresso<\/u><\/a>.<\/p>\n<p><strong>Endere\u00e7o<\/strong><\/p>\n<p>Ag\u00eancia Goiana de Defesa Agropecu\u00e1ria<\/p>\n<p>Avenida Lauricio Pedro Rasmussem 2535 Setor Vila Yate, Goi\u00e2nia &#8211; GO<\/p>\n<p>CEP:\u00a074621-005<\/p>\n<p><strong>Previs\u00e3o legal<\/strong><\/p>\n<p>Artigo 41, \u00a71\u00ba, LGPD<\/p>\n<p>&#8220;<em>A identidade e as informa\u00e7\u00f5es de contato do encarregado dever\u00e3o ser divulgadas publicamente, de forma clara e objetiva, preferencialmente no s\u00edtio eletr\u00f4nico do controlador.&#8221;<\/em><\/p>\n<p align=\"justify\"><strong>Atribui\u00e7\u00f5es<\/strong><\/p>\n<p align=\"justify\">Artigo 41, \u00a72\u00ba, LGPD<\/p>\n<p>&#8211; aceitar reclama\u00e7\u00f5es e comunica\u00e7\u00f5es dos titulares, prestar esclarecimentos e adotar provid\u00eancias;<\/p>\n<p>&#8211; receber comunica\u00e7\u00f5es da autoridade nacional e adotar provid\u00eancias;<\/p>\n<p>&#8211; orientar os funcion\u00e1rios e os contratados da entidade a respeito das pr\u00e1ticas a serem tomadas em rela\u00e7\u00e3o \u00e0 prote\u00e7\u00e3o de dados pessoais; e<\/p>\n<p>&#8211; executar as demais atribui\u00e7\u00f5es determinadas pelo controlador ou estabelecidas em normas complementares.<\/p>\n","protected":false},"excerpt":{"rendered":"<p>O Encarregado \u00e9 a pessoa indicada pelo controlador e operador para atuar como canal de comunica\u00e7\u00e3o entre o controlador, os titulares dos dados e a Autoridade Nacional de Prote\u00e7\u00e3o de Dados (ANPD) (art. 5\u00b0, VIII, Lei n\u00ba 13.709\/2018 &#8211; LGPD). Encarregado pelo Tratamento de Dados Pessoais da AGRODEFESA Jos\u00e9 de Souza Reis Filho Portaria 232\/2021 [&hellip;]<\/p>\n","protected":false},"author":1,"featured_media":0,"comment_status":"closed","ping_status":"open","sticky":false,"template":"","format":"standard","meta":{"footnotes":""},"categories":[2],"tags":[],"class_list":["post-3716","post","type-post","status-publish","format-standard","hentry","category-institucional"],"rttpg_featured_image_url":null,"rttpg_author":{"display_name":"wagner.viana","author_link":"https:\/\/goias.gov.br\/agrodefesa\/author\/wagner-viana\/"},"rttpg_comment":0,"rttpg_category":"<a href=\"https:\/\/goias.gov.br\/agrodefesa\/categoria\/institucional\/\" rel=\"category tag\">Institucional<\/a>","rttpg_excerpt":"O Encarregado \u00e9 a pessoa indicada pelo controlador e operador para atuar como canal de comunica\u00e7\u00e3o entre o controlador, os titulares dos dados e a Autoridade Nacional de Prote\u00e7\u00e3o de Dados (ANPD) (art. 5\u00b0, VIII, Lei n\u00ba 13.709\/2018 &#8211; LGPD). Encarregado pelo Tratamento de Dados Pessoais da AGRODEFESA Jos\u00e9 de Souza Reis Filho Portaria 232\/2021&hellip;","_links":{"self":[{"href":"https:\/\/goias.gov.br\/agrodefesa\/wp-json\/wp\/v2\/posts\/3716","targetHints":{"allow":["GET"]}}],"collection":[{"href":"https:\/\/goias.gov.br\/agrodefesa\/wp-json\/wp\/v2\/posts"}],"about":[{"href":"https:\/\/goias.gov.br\/agrodefesa\/wp-json\/wp\/v2\/types\/post"}],"author":[{"embeddable":true,"href":"https:\/\/goias.gov.br\/agrodefesa\/wp-json\/wp\/v2\/users\/1"}],"replies":[{"embeddable":true,"href":"https:\/\/goias.gov.br\/agrodefesa\/wp-json\/wp\/v2\/comments?post=3716"}],"version-history":[{"count":2,"href":"https:\/\/goias.gov.br\/agrodefesa\/wp-json\/wp\/v2\/posts\/3716\/revisions"}],"predecessor-version":[{"id":5775,"href":"https:\/\/goias.gov.br\/agrodefesa\/wp-json\/wp\/v2\/posts\/3716\/revisions\/5775"}],"wp:attachment":[{"href":"https:\/\/goias.gov.br\/agrodefesa\/wp-json\/wp\/v2\/media?parent=3716"}],"wp:term":[{"taxonomy":"category","embeddable":true,"href":"https:\/\/goias.gov.br\/agrodefesa\/wp-json\/wp\/v2\/categories?post=3716"},{"taxonomy":"post_tag","embeddable":true,"href":"https:\/\/goias.gov.br\/agrodefesa\/wp-json\/wp\/v2\/tags?post=3716"}],"curies":[{"name":"wp","href":"https:\/\/api.w.org\/{rel}","templated":true}]}}