

{"id":30389,"date":"2025-06-25T16:27:14","date_gmt":"2025-06-25T19:27:14","guid":{"rendered":"https:\/\/goias.gov.br\/agrodefesa\/?p=30389"},"modified":"2025-06-25T16:31:45","modified_gmt":"2025-06-25T19:31:45","slug":"projetos-de-participacao-social","status":"publish","type":"post","link":"https:\/\/goias.gov.br\/agrodefesa\/projetos-de-participacao-social\/","title":{"rendered":"Projetos de Participa\u00e7\u00e3o Social"},"content":{"rendered":"\n<p>Informamos que a Ag\u00eancia Goiana de Defesa Agropecu\u00e1ria &#8211; Agrodefesa n\u00e3o est\u00e1 inclu\u00edda em nenhum Projeto de Participa\u00e7\u00e3o Social, conforme DESPACHO N\u00ba\u00a080\/2025\/AGRODEFESA\/GEES-12162 (76192270), da Ger\u00eancia de Educa\u00e7\u00e3o Sanit\u00e1ria, no Processo 202300066009073.<\/p>\n\n\n\n<p class=\"has-text-align-right\">Goi\u00e2nia, 25 de junho de 2025<\/p>\n\n\n\n<p class=\"has-text-align-center\"><br><strong>Jos\u00e9 de Souza Reis Filho<\/strong><br>Autoridade respons\u00e1vel pelo monitoramento dos pedidos de Acesso \u00e0 Informa\u00e7\u00e3o, na Ag\u00eancia Goiana de Defesa Agropecu\u00e1ria<br>Portaria 531\/2021<br><\/p>\n\n\n\n<p class=\"has-text-align-center\"><strong>Renan Willian Martins de Abreu<\/strong><br>Diretor de Gest\u00e3o Integrada da Agrodefesa<br><\/p>\n\n\n\n<p class=\"has-text-align-center\"><strong>Jos\u00e9 Ricardo Caixeta Ramos<\/strong><br>Presidente da Agrodefesa<\/p>\n","protected":false},"excerpt":{"rendered":"<p>Informamos que a Ag\u00eancia Goiana de Defesa Agropecu\u00e1ria &#8211; Agrodefesa n\u00e3o est\u00e1 inclu\u00edda em nenhum Projeto de Participa\u00e7\u00e3o Social, conforme DESPACHO N\u00ba\u00a080\/2025\/AGRODEFESA\/GEES-12162 (76192270), da Ger\u00eancia de Educa\u00e7\u00e3o Sanit\u00e1ria, no Processo 202300066009073. Goi\u00e2nia, 25 de junho de 2025 Jos\u00e9 de Souza Reis FilhoAutoridade respons\u00e1vel pelo monitoramento dos pedidos de Acesso \u00e0 Informa\u00e7\u00e3o, na Ag\u00eancia Goiana de [&hellip;]<\/p>\n","protected":false},"author":565,"featured_media":0,"comment_status":"closed","ping_status":"open","sticky":false,"template":"","format":"standard","meta":{"footnotes":""},"categories":[2],"tags":[],"class_list":["post-30389","post","type-post","status-publish","format-standard","hentry","category-institucional"],"rttpg_featured_image_url":null,"rttpg_author":{"display_name":"josesreis","author_link":"https:\/\/goias.gov.br\/agrodefesa\/author\/josesreis\/"},"rttpg_comment":0,"rttpg_category":"<a href=\"https:\/\/goias.gov.br\/agrodefesa\/categoria\/institucional\/\" rel=\"category tag\">Institucional<\/a>","rttpg_excerpt":"Informamos que a Ag\u00eancia Goiana de Defesa Agropecu\u00e1ria &#8211; Agrodefesa n\u00e3o est\u00e1 inclu\u00edda em nenhum Projeto de Participa\u00e7\u00e3o Social, conforme DESPACHO N\u00ba\u00a080\/2025\/AGRODEFESA\/GEES-12162 (76192270), da Ger\u00eancia de Educa\u00e7\u00e3o Sanit\u00e1ria, no Processo 202300066009073. Goi\u00e2nia, 25 de junho de 2025 Jos\u00e9 de Souza Reis FilhoAutoridade respons\u00e1vel pelo monitoramento dos pedidos de Acesso \u00e0 Informa\u00e7\u00e3o, na Ag\u00eancia Goiana de&hellip;","_links":{"self":[{"href":"https:\/\/goias.gov.br\/agrodefesa\/wp-json\/wp\/v2\/posts\/30389","targetHints":{"allow":["GET"]}}],"collection":[{"href":"https:\/\/goias.gov.br\/agrodefesa\/wp-json\/wp\/v2\/posts"}],"about":[{"href":"https:\/\/goias.gov.br\/agrodefesa\/wp-json\/wp\/v2\/types\/post"}],"author":[{"embeddable":true,"href":"https:\/\/goias.gov.br\/agrodefesa\/wp-json\/wp\/v2\/users\/565"}],"replies":[{"embeddable":true,"href":"https:\/\/goias.gov.br\/agrodefesa\/wp-json\/wp\/v2\/comments?post=30389"}],"version-history":[{"count":2,"href":"https:\/\/goias.gov.br\/agrodefesa\/wp-json\/wp\/v2\/posts\/30389\/revisions"}],"predecessor-version":[{"id":30392,"href":"https:\/\/goias.gov.br\/agrodefesa\/wp-json\/wp\/v2\/posts\/30389\/revisions\/30392"}],"wp:attachment":[{"href":"https:\/\/goias.gov.br\/agrodefesa\/wp-json\/wp\/v2\/media?parent=30389"}],"wp:term":[{"taxonomy":"category","embeddable":true,"href":"https:\/\/goias.gov.br\/agrodefesa\/wp-json\/wp\/v2\/categories?post=30389"},{"taxonomy":"post_tag","embeddable":true,"href":"https:\/\/goias.gov.br\/agrodefesa\/wp-json\/wp\/v2\/tags?post=30389"}],"curies":[{"name":"wp","href":"https:\/\/api.w.org\/{rel}","templated":true}]}}