

{"id":29995,"date":"2025-06-18T09:19:17","date_gmt":"2025-06-18T12:19:17","guid":{"rendered":"https:\/\/goias.gov.br\/agrodefesa\/?p=29995"},"modified":"2025-06-18T09:22:09","modified_gmt":"2025-06-18T12:22:09","slug":"goias-conclui-acoes-emergenciais-contra-foco-de-gripe-aviaria","status":"publish","type":"post","link":"https:\/\/goias.gov.br\/agrodefesa\/goias-conclui-acoes-emergenciais-contra-foco-de-gripe-aviaria\/","title":{"rendered":"Goi\u00e1s conclui a\u00e7\u00f5es emergenciais contra foco de gripe avi\u00e1ria"},"content":{"rendered":"\n<p><em>Mais de 190 propriedades foram vistoriadas, 22 mil metros quadrados desinfectados e mais de 1,5 mil pessoas orientadas na regi\u00e3o de Santo Ant\u00f4nio da Barra<\/em><\/p>\n\n\n<div class=\"wp-block-image\">\n<figure class=\"aligncenter size-large\"><img fetchpriority=\"high\" decoding=\"async\" width=\"768\" height=\"1024\" src=\"https:\/\/goias.gov.br\/agrodefesa\/wp-content\/uploads\/sites\/49\/2025\/06\/Imagem-do-WhatsApp-de-2025-06-17-as-16.55.56_2bebbcdd-768x1024.jpg\" alt=\"\" class=\"wp-image-29996\" srcset=\"https:\/\/goias.gov.br\/agrodefesa\/wp-content\/uploads\/sites\/49\/2025\/06\/Imagem-do-WhatsApp-de-2025-06-17-as-16.55.56_2bebbcdd-768x1024.jpg 768w, https:\/\/goias.gov.br\/agrodefesa\/wp-content\/uploads\/sites\/49\/2025\/06\/Imagem-do-WhatsApp-de-2025-06-17-as-16.55.56_2bebbcdd-225x300.jpg 225w, https:\/\/goias.gov.br\/agrodefesa\/wp-content\/uploads\/sites\/49\/2025\/06\/Imagem-do-WhatsApp-de-2025-06-17-as-16.55.56_2bebbcdd.jpg 960w\" sizes=\"(max-width: 768px) 100vw, 768px\" \/><figcaption class=\"wp-element-caption\"><em>Trabalho de Educa\u00e7\u00e3o Sanit\u00e1ria continua em todo o Estado. (Foto: Divulga\u00e7\u00e3o\/Agrodefesa)<\/em><\/figcaption><\/figure>\n<\/div>\n\n\n<p>O Governo de Goi\u00e1s, por meio da Ag\u00eancia Goiana de Defesa Agropecu\u00e1ria (Agrodefesa), concluiu nesta ter\u00e7a-feira (17\/6) as principais a\u00e7\u00f5es emergenciais de conten\u00e7\u00e3o e erradica\u00e7\u00e3o do foco de Influenza Avi\u00e1ria de Alta Patogenicidade (IAAP \u2013 H5N1), registrado em aves de subsist\u00eancia no munic\u00edpio de Santo Ant\u00f4nio da Barra, no Sudoeste goiano. A Agrodefesa refor\u00e7a que o consumo de carne de aves e ovos segue seguro. O caso n\u00e3o envolveu granjas comerciais e n\u00e3o h\u00e1 impacto econ\u00f4mico para o setor produtivo.<\/p>\n\n\n\n<p>O trabalho foi executado com o apoio de diversas institui\u00e7\u00f5es e coordenado pelo Centro de Opera\u00e7\u00f5es de Emerg\u00eancia Zoossanit\u00e1ria (Coezoo). A atua\u00e7\u00e3o seguiu tr\u00eas frentes principais. No foco, as equipes da Agrodefesa realizaram a elimina\u00e7\u00e3o de cerca de 233 aves, entre doentes e que entraram em contato, e a desinfec\u00e7\u00e3o de todas as instala\u00e7\u00f5es usadas na cria\u00e7\u00e3o, totalizando 22 mil metros quadrados. Os animais foram enterrados em valas sanit\u00e1rias, conforme as diretrizes do Plano Nacional de Conting\u00eancia da Influenza Avi\u00e1ria.<\/p>\n\n\n\n<p>Nas zonas de vigil\u00e2ncia, foram vistoriadas 194 propriedades em um raio total de dez quil\u00f4metros do foco. As 25 propriedades mais pr\u00f3ximas, que estavam na zona de tr\u00eas quil\u00f4metros da propriedade, receberam dois ciclos de inspe\u00e7\u00e3o. Tamb\u00e9m foram instaladas duas barreiras sanit\u00e1rias, com cerca de 200 abordagens para orienta\u00e7\u00e3o e desinfec\u00e7\u00e3o de ve\u00edculos.<\/p>\n\n\n\n<p>A terceira frente de trabalho envolveu a\u00e7\u00f5es de educa\u00e7\u00e3o sanit\u00e1ria com a popula\u00e7\u00e3o da regi\u00e3o. Equipes da Agrodefesa realizaram 350 visitas domiciliares e a\u00e7\u00f5es em escolas, feiras e com\u00e9rcios, impactando diretamente cerca de 1,3 mil pessoas com informa\u00e7\u00f5es sobre preven\u00e7\u00e3o e notifica\u00e7\u00e3o da doen\u00e7a.<\/p>\n\n\n\n<p>\u201cMesmo sendo um caso em aves de subsist\u00eancia, sem impacto comercial direto, nossa atua\u00e7\u00e3o foi rigorosa, r\u00e1pida e coordenada. Mostramos que o Estado est\u00e1 preparado para enfrentar situa\u00e7\u00f5es como essa com efici\u00eancia e seriedade. A resposta foi proporcional ao risco, com foco em preservar nossa credibilidade sanit\u00e1ria e proteger a avicultura goiana\u201d, afirmou o presidente da Agrodefesa, Jos\u00e9 Ricardo Caixeta Ramos.<\/p>\n\n\n\n<p>O diretor de Defesa Agropecu\u00e1ria da Agrodefesa, Rafael Vieira, que coordenou a for\u00e7a-tarefa, refor\u00e7a a import\u00e2ncia dos resultados obtidos. \u201cAs a\u00e7\u00f5es de vigil\u00e2ncia foram amplas e detalhadas, e, at\u00e9 o momento, n\u00e3o identificamos novos casos da doen\u00e7a nas propriedades inspecionadas. Isso \u00e9 um indicativo de que o trabalho foi efetivo. Agora entramos em uma nova etapa, com o vazio sanit\u00e1rio na propriedade afetada e continuidade da vigil\u00e2ncia nos arredores\u201d, explica.<\/p>\n\n\n\n<p>A gerente de Sanidade Animal da Agrodefesa, Denise Toledo, que coordenou as opera\u00e7\u00f5es, tamb\u00e9m ressalta a mobiliza\u00e7\u00e3o da equipe t\u00e9cnica, dos profissionais que atuaram no planejamento das atividades e a aplica\u00e7\u00e3o de protocolos com excel\u00eancia. \u201cDesde a primeira notifica\u00e7\u00e3o, atuamos com precis\u00e3o e estrat\u00e9gia. A execu\u00e7\u00e3o foi exemplar, e conseguimos cumprir as etapas do plano de conting\u00eancia com agilidade, garantindo a biosseguridade da regi\u00e3o\u201d.<\/p>\n\n\n\n<p>Pr\u00f3ximos passos<br>Nesta ter\u00e7a-feira (17\/6), come\u00e7ou o per\u00edodo de vazio sanit\u00e1rio na propriedade foco, com dura\u00e7\u00e3o m\u00ednima de 28 dias. Durante esse tempo, fica proibida qualquer nova cria\u00e7\u00e3o de aves no local. As atividades de vigil\u00e2ncia tamb\u00e9m continuam: as equipes retornar\u00e3o a cada dois dias ao foco e semanalmente \u00e0s propriedades da zona de vigil\u00e2ncia. Al\u00e9m disso, o Centro de Opera\u00e7\u00f5es de Emerg\u00eancia ser\u00e1 desmobilizado, e os dados coletados durante a a\u00e7\u00e3o passar\u00e3o por avalia\u00e7\u00e3o t\u00e9cnica para orientar poss\u00edveis medidas complementares.<\/p>\n\n\n\n<p><strong>Atua\u00e7\u00e3o conjunta<br><\/strong>O trabalho da Agrodefesa foi refor\u00e7ado pela parceria com \u00f3rg\u00e3os estaduais e municipais, como as prefeituras de Santo Ant\u00f4nio da Barra e Rio Verde, a Pol\u00edcia Militar (Batalh\u00e3o Rural), o Corpo de Bombeiros, a Defesa Civil, as Secretarias de Sa\u00fade e o Fundo para o Desenvolvimento da Pecu\u00e1ria em Goi\u00e1s (Fundepec), al\u00e9m da iniciativa privada.<\/p>\n\n\n\n<p>\u201cA uni\u00e3o entre as institui\u00e7\u00f5es foi fundamental para esse resultado. Colocamos em pr\u00e1tica um plano que j\u00e1 conhec\u00edamos e agora temos a convic\u00e7\u00e3o de que estamos preparados. A equipe da Agrodefesa demonstrou capacidade t\u00e9cnica, agilidade e comprometimento. Foi uma atua\u00e7\u00e3o exemplar para proteger a sa\u00fade p\u00fablica e a economia do Estado\u201d, refor\u00e7a o presidente Jos\u00e9 Ricardo Caixeta Ramos.<\/p>\n\n\n\n<p>O prefeito de Santo Ant\u00f4nio da Barra, Jos\u00e9 C\u00e2ndido, destaca o papel do munic\u00edpio. \u201cN\u00e3o esper\u00e1vamos essa situa\u00e7\u00e3o, mas o foco foi detectado aqui e enfrentamos com uni\u00e3o. A equipe da Agrodefesa foi precisa no trabalho. A popula\u00e7\u00e3o pode ficar tranquila, pois as a\u00e7\u00f5es foram executadas com responsabilidade&#8221;.<\/p>\n\n\n\n<p>O \u00f3rg\u00e3o orienta a popula\u00e7\u00e3o a continuar atenta aos sinais da doen\u00e7a nas aves e a notificar imediatamente qualquer suspeita por meio do WhatsApp (62) 98164-1128.<\/p>\n\n\n\n<p><strong>Comunica\u00e7\u00e3o Setorial da Ag\u00eancia Goiana de Defesa Agropecu\u00e1ria (Agrodefesa) <\/strong><\/p>\n\n\n\n<p><\/p>\n","protected":false},"excerpt":{"rendered":"<p>Mais de 190 propriedades foram vistoriadas, 22 mil metros quadrados desinfectados e mais de 1,5 mil pessoas orientadas na regi\u00e3o de Santo Ant\u00f4nio da Barra O Governo de Goi\u00e1s, por meio da Ag\u00eancia Goiana de Defesa Agropecu\u00e1ria (Agrodefesa), concluiu nesta ter\u00e7a-feira (17\/6) as principais a\u00e7\u00f5es emergenciais de conten\u00e7\u00e3o e erradica\u00e7\u00e3o do foco de Influenza Avi\u00e1ria [&hellip;]<\/p>\n","protected":false},"author":710,"featured_media":29996,"comment_status":"closed","ping_status":"open","sticky":false,"template":"","format":"standard","meta":{"footnotes":""},"categories":[31,3],"tags":[],"class_list":["post-29995","post","type-post","status-publish","format-standard","has-post-thumbnail","hentry","category-noticia","category-noticias"],"rttpg_featured_image_url":{"full":["https:\/\/goias.gov.br\/agrodefesa\/wp-content\/uploads\/sites\/49\/2025\/06\/Imagem-do-WhatsApp-de-2025-06-17-as-16.55.56_2bebbcdd.jpg",960,1280,false],"landscape":["https:\/\/goias.gov.br\/agrodefesa\/wp-content\/uploads\/sites\/49\/2025\/06\/Imagem-do-WhatsApp-de-2025-06-17-as-16.55.56_2bebbcdd.jpg",960,1280,false],"portraits":["https:\/\/goias.gov.br\/agrodefesa\/wp-content\/uploads\/sites\/49\/2025\/06\/Imagem-do-WhatsApp-de-2025-06-17-as-16.55.56_2bebbcdd.jpg",960,1280,false],"thumbnail":["https:\/\/goias.gov.br\/agrodefesa\/wp-content\/uploads\/sites\/49\/2025\/06\/Imagem-do-WhatsApp-de-2025-06-17-as-16.55.56_2bebbcdd-150x150.jpg",150,150,true],"medium":["https:\/\/goias.gov.br\/agrodefesa\/wp-content\/uploads\/sites\/49\/2025\/06\/Imagem-do-WhatsApp-de-2025-06-17-as-16.55.56_2bebbcdd-225x300.jpg",225,300,true],"large":["https:\/\/goias.gov.br\/agrodefesa\/wp-content\/uploads\/sites\/49\/2025\/06\/Imagem-do-WhatsApp-de-2025-06-17-as-16.55.56_2bebbcdd-768x1024.jpg",768,1024,true],"1536x1536":["https:\/\/goias.gov.br\/agrodefesa\/wp-content\/uploads\/sites\/49\/2025\/06\/Imagem-do-WhatsApp-de-2025-06-17-as-16.55.56_2bebbcdd.jpg",960,1280,false],"2048x2048":["https:\/\/goias.gov.br\/agrodefesa\/wp-content\/uploads\/sites\/49\/2025\/06\/Imagem-do-WhatsApp-de-2025-06-17-as-16.55.56_2bebbcdd.jpg",960,1280,false]},"rttpg_author":{"display_name":"jandababulal","author_link":"https:\/\/goias.gov.br\/agrodefesa\/author\/jandababulal\/"},"rttpg_comment":0,"rttpg_category":"<a href=\"https:\/\/goias.gov.br\/agrodefesa\/categoria\/noticia\/\" rel=\"category tag\">Not\u00edcia<\/a> <a href=\"https:\/\/goias.gov.br\/agrodefesa\/categoria\/noticias\/\" rel=\"category tag\">Not\u00edcias<\/a>","rttpg_excerpt":"Mais de 190 propriedades foram vistoriadas, 22 mil metros quadrados desinfectados e mais de 1,5 mil pessoas orientadas na regi\u00e3o de Santo Ant\u00f4nio da Barra O Governo de Goi\u00e1s, por meio da Ag\u00eancia Goiana de Defesa Agropecu\u00e1ria (Agrodefesa), concluiu nesta ter\u00e7a-feira (17\/6) as principais a\u00e7\u00f5es emergenciais de conten\u00e7\u00e3o e erradica\u00e7\u00e3o do foco de Influenza Avi\u00e1ria&hellip;","_links":{"self":[{"href":"https:\/\/goias.gov.br\/agrodefesa\/wp-json\/wp\/v2\/posts\/29995","targetHints":{"allow":["GET"]}}],"collection":[{"href":"https:\/\/goias.gov.br\/agrodefesa\/wp-json\/wp\/v2\/posts"}],"about":[{"href":"https:\/\/goias.gov.br\/agrodefesa\/wp-json\/wp\/v2\/types\/post"}],"author":[{"embeddable":true,"href":"https:\/\/goias.gov.br\/agrodefesa\/wp-json\/wp\/v2\/users\/710"}],"replies":[{"embeddable":true,"href":"https:\/\/goias.gov.br\/agrodefesa\/wp-json\/wp\/v2\/comments?post=29995"}],"version-history":[{"count":1,"href":"https:\/\/goias.gov.br\/agrodefesa\/wp-json\/wp\/v2\/posts\/29995\/revisions"}],"predecessor-version":[{"id":29997,"href":"https:\/\/goias.gov.br\/agrodefesa\/wp-json\/wp\/v2\/posts\/29995\/revisions\/29997"}],"wp:featuredmedia":[{"embeddable":true,"href":"https:\/\/goias.gov.br\/agrodefesa\/wp-json\/wp\/v2\/media\/29996"}],"wp:attachment":[{"href":"https:\/\/goias.gov.br\/agrodefesa\/wp-json\/wp\/v2\/media?parent=29995"}],"wp:term":[{"taxonomy":"category","embeddable":true,"href":"https:\/\/goias.gov.br\/agrodefesa\/wp-json\/wp\/v2\/categories?post=29995"},{"taxonomy":"post_tag","embeddable":true,"href":"https:\/\/goias.gov.br\/agrodefesa\/wp-json\/wp\/v2\/tags?post=29995"}],"curies":[{"name":"wp","href":"https:\/\/api.w.org\/{rel}","templated":true}]}}