{"id":176,"date":"2014-09-09T12:09:01","date_gmt":"2014-09-09T15:09:01","guid":{"rendered":"https:\/\/siteshom.goias.gov.br\/agrodefesa\/programa-estadual-de-sanidade-apicola\/"},"modified":"2026-08-25T16:59:14","modified_gmt":"2026-08-25T19:59:14","slug":"programa-estadual-de-sanidade-apicola","status":"publish","type":"post","link":"https:\/\/goias.gov.br\/agrodefesa\/programa-estadual-de-sanidade-apicola\/","title":{"rendered":"Programa Estadual de Sa\u00fade das Abelhas &#8211; PESAb"},"content":{"rendered":"\n<p class=\"wp-block-paragraph\"><strong>Coordenador \u2013 Fiscal Agropecu\u00e1rio M\u00e9dico Veterin\u00e1rio Bruno Rodrigues de P\u00e1dua<\/strong><\/p>\n\n\n\n<p class=\"wp-block-paragraph\"><strong>Contato (62) 3201-6724&nbsp;<\/strong><\/p>\n\n\n\n<p class=\"wp-block-paragraph\"><strong>gesan.agrodefesa@goias.gov.br&nbsp;<\/strong><\/p>\n\n\n\n<figure class=\"wp-block-image\"><img fetchpriority=\"high\" decoding=\"async\" width=\"810\" height=\"1024\" src=\"https:\/\/goias.gov.br\/agrodefesa\/wp-content\/uploads\/sites\/49\/2014\/09\/Banner-Apicola2020-103-e1787592568710-810x1024.jpeg\" alt=\"\" class=\"wp-image-171\" srcset=\"https:\/\/goias.gov.br\/agrodefesa\/wp-content\/uploads\/sites\/49\/2014\/09\/Banner-Apicola2020-103-e1787592568710-810x1024.jpeg 810w, https:\/\/goias.gov.br\/agrodefesa\/wp-content\/uploads\/sites\/49\/2014\/09\/Banner-Apicola2020-103-e1787592568710-237x300.jpeg 237w, https:\/\/goias.gov.br\/agrodefesa\/wp-content\/uploads\/sites\/49\/2014\/09\/Banner-Apicola2020-103-e1787592568710-768x971.jpeg 768w, https:\/\/goias.gov.br\/agrodefesa\/wp-content\/uploads\/sites\/49\/2014\/09\/Banner-Apicola2020-103-e1787592568710.jpeg 902w\" sizes=\"(max-width: 810px) 100vw, 810px\" \/><\/figure>\n\n\n\n<p class=\"wp-block-paragraph\"><\/p>\n\n\n\n<h3 class=\"wp-block-heading\">&nbsp;<\/h3>\n\n\n\n<h3 class=\"wp-block-heading\"><span style=\"font-size: 1.5rem;\">Objetivos<\/span><\/h3>\n\n\n\n<p class=\"wp-block-paragraph\">O Programa Estadual de Sa\u00fade das Abelhas \u2013 PESAb trabalha em conson\u00e2ncia com a legisla\u00e7\u00e3o sanit\u00e1ria ap\u00edcola federal com objetivo de fortalecer a cadeia produtiva ap\u00edcola, por meio de a\u00e7\u00f5es de vigil\u00e2ncia e defesa sanit\u00e1ria animal. Para prevenir, diagnosticar, controlar e erradicar doen\u00e7as e pragas que possam causar danos \u00e0 cadeia produtiva ap\u00edcola, o PNSAb promover\u00e1 as seguintes a\u00e7\u00f5es:<\/p>\n\n\n\n<ul class=\"wp-block-list\">\n<li>Educa\u00e7\u00e3o sanit\u00e1ria;<\/li>\n\n\n\n<li>Estudos epidemiol\u00f3gicos;<\/li>\n\n\n\n<li>Controle de tr\u00e2nsito;<\/li>\n\n\n\n<li>Cadastramento, fiscaliza\u00e7\u00e3o e certifica\u00e7\u00e3o sanit\u00e1ria;<\/li>\n\n\n\n<li>Interven\u00e7\u00e3o imediata quando da suspeita ou ocorr\u00eancia de ocorr\u00eancia de doen\u00e7a ou praga de notifica\u00e7\u00e3o obrigat\u00f3ria.<\/li>\n<\/ul>\n\n\n\n<h3 class=\"wp-block-heading\">Legisla\u00e7\u00e3o&nbsp;<\/h3>\n\n\n\n<figure class=\"wp-block-table table table-responsible-lg table-striped\"><table class=\"has-fixed-layout\"><thead><tr><td>Ato<\/td><td>Assunto<\/td><\/tr><\/thead><tbody><tr><td><a href=\"https:\/\/goias.gov.br\/agrodefesa\/wp-content\/uploads\/sites\/49\/2014\/09\/INMAPA1608-05-2008-InstitiuoPNSAp-7f7.pdf\">IN MAPA 16 &#8211; 8\/05\/2008<\/a><\/td><td><p>Institui o Programa Nacional de Sa\u00fade das Abelhas &#8211; PNSAb.<\/p><\/td><\/tr><tr><td><a href=\"https:\/\/goias.gov.br\/agrodefesa\/wp-content\/uploads\/sites\/49\/2014\/09\/3743719.pdf\" target=\"_blank\" rel=\"noopener\">IN AGRODEFESA 11\/2018<\/a><\/td><td>\n<p>Disp\u00f5e sobre os procedimentos cadastrais para fins de fiscaliza\u00e7\u00e3o animal de<br>estabelecimentos rurais e seus propriet\u00e1rios, possuidores ou detentores, a emiss\u00e3o e cancelamento de documentos sanit\u00e1rios e a padroniza\u00e7\u00e3o de procedimentos junto \u00e0 Agrodefesa.<\/p>\n<\/td><\/tr><tr><td><a href=\"https:\/\/goias.gov.br\/agrodefesa\/wp-content\/uploads\/sites\/49\/2014\/09\/diario_oficial_2025_12_10_completo_81.pdf\" target=\"_blank\" rel=\"noopener\">IN AGRODEFESA 07\/2025<\/a><\/td><td>\n<p>Institui o cadastro de apicultores.&nbsp;<\/p>\n<\/td><\/tr><\/tbody><\/table><\/figure>\n\n\n\n<h3 class=\"wp-block-heading\">Orienta\u00e7\u00f5es para cadastro de api\u00e1rios<\/h3>\n\n\n\n<p class=\"wp-block-paragraph\"><a href=\"https:\/\/goias.gov.br\/agrodefesa\/wp-content\/uploads\/sites\/49\/2014\/09\/Manual-de-cadastro-de-apiarios-2025-v2.pdf\" target=\"_blank\" rel=\"noopener\">Manual T\u00e9cnico Operacional Padr\u00e3o 2\u00aa edi\u00e7\u00e3o: Cadastro, Atualiza\u00e7\u00e3o e Fiscaliza\u00e7\u00e3o de Api\u00e1rios<\/a><\/p>\n\n\n\n<p class=\"wp-block-paragraph\"><a href=\"https:\/\/goias.gov.br\/agrodefesa\/wp-content\/uploads\/sites\/49\/2014\/09\/Formulario-padrao-de-cadastro-de-apiarios-ANEXO-1-v2.pdf\" target=\"_blank\" rel=\"noopener\">Ficha de cadastro do apicultor e criador de rainha<\/a><\/p>\n\n\n\n<p class=\"wp-block-paragraph\"><a href=\"https:\/\/goias.gov.br\/agrodefesa\/wp-content\/uploads\/sites\/49\/2014\/09\/Declaracao_Apicultor_e_Meliponicultor___agrodefesa.docx\" target=\"_blank\" rel=\"noopener\">Ficha de cadastro de propriedades sem Inscri\u00e7\u00e3o Estadual<\/a><\/p>\n\n\n\n<h3 class=\"wp-block-heading\">Ocorr\u00eancias Sanit\u00e1rias<\/h3>\n\n\n\n<p class=\"wp-block-paragraph\"><a id=\"\" title=\"\" href=\"https:\/\/goias.gov.br\/agrodefesa\/wp-content\/uploads\/sites\/49\/2014\/09\/notatecnica-296.pdf\" target=\"\" rel=\"noopener\">Primeiro registro de ocorr\u00eancia do Pequeno Besouro das Colmeias (PBC), no Estado de Goi\u00e1s<\/a><\/p>\n\n\n\n<h3 class=\"wp-block-heading\">Boas Pr\u00e1ticas<\/h3>\n\n\n\n<p class=\"wp-block-paragraph\"><a href=\"https:\/\/goias.gov.br\/agrodefesa\/wp-content\/uploads\/sites\/49\/2026\/05\/Guia-de-Boas-Praticas-Agricolas-para-Preservacao-dos-Polinizadores-2026.pdf\" target=\"_blank\" rel=\"noreferrer noopener\">Guia de Boas Pr\u00e1ticas Agr\u00edcolas para Preserva\u00e7\u00e3o dos Polinizadores (2026)<\/a><\/p>\n","protected":false},"excerpt":{"rendered":"<p>Coordenador \u2013 Fiscal Agropecu\u00e1rio M\u00e9dico Veterin\u00e1rio Bruno Rodrigues de P\u00e1dua Contato (62) 3201-6724&nbsp; gesan.agrodefesa@goias.gov.br&nbsp; &nbsp; Objetivos O Programa Estadual de Sa\u00fade das Abelhas \u2013 PESAb trabalha em conson\u00e2ncia com a legisla\u00e7\u00e3o sanit\u00e1ria ap\u00edcola federal com objetivo de fortalecer a cadeia produtiva ap\u00edcola, por meio de a\u00e7\u00f5es de vigil\u00e2ncia e defesa sanit\u00e1ria animal. Para prevenir, diagnosticar, [&hellip;]<\/p>\n","protected":false},"author":7,"featured_media":0,"comment_status":"closed","ping_status":"open","sticky":false,"template":"","format":"standard","meta":{"footnotes":""},"categories":[2],"tags":[],"class_list":["post-176","post","type-post","status-publish","format-standard","hentry","category-institucional"],"rttpg_featured_image_url":null,"rttpg_author":{"display_name":"gustavogoncalves","author_link":"https:\/\/goias.gov.br\/agrodefesa\/author\/gustavogoncalves\/"},"rttpg_comment":0,"rttpg_category":"<a href=\"https:\/\/goias.gov.br\/agrodefesa\/categoria\/institucional\/\" rel=\"category tag\">Institucional<\/a>","rttpg_excerpt":"Coordenador \u2013 Fiscal Agropecu\u00e1rio M\u00e9dico Veterin\u00e1rio Bruno Rodrigues de P\u00e1dua Contato (62) 3201-6724&nbsp; gesan.agrodefesa@goias.gov.br&nbsp; &nbsp; Objetivos O Programa Estadual de Sa\u00fade das Abelhas \u2013 PESAb trabalha em conson\u00e2ncia com a legisla\u00e7\u00e3o sanit\u00e1ria ap\u00edcola federal com objetivo de fortalecer a cadeia produtiva ap\u00edcola, por meio de a\u00e7\u00f5es de vigil\u00e2ncia e defesa sanit\u00e1ria animal. Para prevenir, diagnosticar,&hellip;","_links":{"self":[{"href":"https:\/\/goias.gov.br\/agrodefesa\/wp-json\/wp\/v2\/posts\/176","targetHints":{"allow":["GET"]}}],"collection":[{"href":"https:\/\/goias.gov.br\/agrodefesa\/wp-json\/wp\/v2\/posts"}],"about":[{"href":"https:\/\/goias.gov.br\/agrodefesa\/wp-json\/wp\/v2\/types\/post"}],"author":[{"embeddable":true,"href":"https:\/\/goias.gov.br\/agrodefesa\/wp-json\/wp\/v2\/users\/7"}],"replies":[{"embeddable":true,"href":"https:\/\/goias.gov.br\/agrodefesa\/wp-json\/wp\/v2\/comments?post=176"}],"version-history":[{"count":2,"href":"https:\/\/goias.gov.br\/agrodefesa\/wp-json\/wp\/v2\/posts\/176\/revisions"}],"predecessor-version":[{"id":61765,"href":"https:\/\/goias.gov.br\/agrodefesa\/wp-json\/wp\/v2\/posts\/176\/revisions\/61765"}],"wp:attachment":[{"href":"https:\/\/goias.gov.br\/agrodefesa\/wp-json\/wp\/v2\/media?parent=176"}],"wp:term":[{"taxonomy":"category","embeddable":true,"href":"https:\/\/goias.gov.br\/agrodefesa\/wp-json\/wp\/v2\/categories?post=176"},{"taxonomy":"post_tag","embeddable":true,"href":"https:\/\/goias.gov.br\/agrodefesa\/wp-json\/wp\/v2\/tags?post=176"}],"curies":[{"name":"wp","href":"https:\/\/api.w.org\/{rel}","templated":true}]}}