

{"id":1253,"date":"2014-09-26T11:09:54","date_gmt":"2014-09-26T14:09:54","guid":{"rendered":"https:\/\/siteshom.goias.gov.br\/agrodefesa\/saude-no-servico-pubilco1\/"},"modified":"2025-02-13T09:33:54","modified_gmt":"2025-02-13T12:33:54","slug":"saude-no-servico-pubilco1","status":"publish","type":"post","link":"https:\/\/goias.gov.br\/agrodefesa\/saude-no-servico-pubilco1\/","title":{"rendered":"Sa\u00fade no Servi\u00e7o P\u00fablico"},"content":{"rendered":"\n<div id=\"texto\">\n<figure><img fetchpriority=\"high\" decoding=\"async\" id=\"\" class=\"alignnone wp-image-4788 size-full\" src=\"https:\/\/goias.gov.br\/agrodefesa\/wp-content\/uploads\/sites\/49\/2014\/09\/2024-04-Abril_page-0001.jpg\" alt=\"\" width=\"1241\" height=\"1755\" \/><\/figure>\n<figure><img decoding=\"async\" id=\"\" class=\" size-full wp-image-1210\" title=\"\" src=\"https:\/\/goias.gov.br\/agrodefesa\/wp-content\/uploads\/sites\/49\/2014\/09\/ANIMAAIS-78d.jpg\" alt=\"\" width=\"1241\" height=\"1755\" srcset=\"https:\/\/goias.gov.br\/agrodefesa\/wp-content\/uploads\/sites\/49\/2014\/09\/ANIMAAIS-78d.jpg 1241w, https:\/\/goias.gov.br\/agrodefesa\/wp-content\/uploads\/sites\/49\/2014\/09\/ANIMAAIS-78d-212x300.jpg 212w, https:\/\/goias.gov.br\/agrodefesa\/wp-content\/uploads\/sites\/49\/2014\/09\/ANIMAAIS-78d-724x1024.jpg 724w, https:\/\/goias.gov.br\/agrodefesa\/wp-content\/uploads\/sites\/49\/2014\/09\/ANIMAAIS-78d-768x1086.jpg 768w, https:\/\/goias.gov.br\/agrodefesa\/wp-content\/uploads\/sites\/49\/2014\/09\/ANIMAAIS-78d-1086x1536.jpg 1086w\" sizes=\"(max-width: 1241px) 100vw, 1241px\" \/><\/figure>\n<p>\u00a0<\/p>\n<p><a id=\"\" title=\"\" href=\"https:\/\/goias.gov.br\/agrodefesa\/wp-content\/uploads\/sites\/49\/2014\/09\/CampanhaJunho01-71f.pdf\" target=\"\" rel=\"noopener\">1\u00aa Edi\u00e7\u00e3o Informativo Preventivo Agrodefesa<\/a><br \/><a id=\"\" title=\"\" href=\"https:\/\/goias.gov.br\/agrodefesa\/wp-content\/uploads\/sites\/49\/2014\/09\/CampanhaJulho-2ba.pdf\" target=\"\" rel=\"noopener\">2\u00aa Edi\u00e7\u00e3o Informativo Preventivo Agrodefesa<\/a><br \/><a id=\"\" title=\"\" href=\"https:\/\/goias.gov.br\/agrodefesa\/wp-content\/uploads\/sites\/49\/2014\/09\/CampanhaAgosto-e7e.pdf\" target=\"\" rel=\"noopener\">3\u00aa Edi\u00e7\u00e3o Informativo Preventivo Agrodefesa<\/a><br \/><a id=\"\" title=\"\" href=\"https:\/\/goias.gov.br\/agrodefesa\/wp-content\/uploads\/sites\/49\/2014\/09\/4aedicao-7f3.pdf\" target=\"\" rel=\"noopener\">4\u00aa Edi\u00e7\u00e3o Informativo Preventivo Agrodefesa<\/a><br \/><a id=\"\" title=\"\" href=\"https:\/\/goias.gov.br\/agrodefesa\/wp-content\/uploads\/sites\/49\/2014\/09\/CampanhaOutubrooRosa2022-1-147.pdf\" target=\"\" rel=\"noopener\">5\u00aa Edi\u00e7\u00e3o Informativo Preventivo Agrodefesa<\/a><br \/><a id=\"\" title=\"\" href=\"https:\/\/goias.gov.br\/agrodefesa\/wp-content\/uploads\/sites\/49\/2014\/09\/InformativoAgrodefesanov20222-378.pdf\" target=\"\" rel=\"noopener\">6\u00aa Edi\u00e7\u00e3o Informativo Preventivo Agrodefesa<\/a><br \/><a id=\"\" title=\"\" href=\"https:\/\/goias.gov.br\/agrodefesa\/wp-content\/uploads\/sites\/49\/2014\/09\/7infoagrodefesa-c10.pdf\" target=\"\" rel=\"noopener\">7\u00aa Edi\u00e7\u00e3o Informativo Preventivo Agrodefesa<\/a><br \/><a id=\"\" title=\"\" href=\"https:\/\/goias.gov.br\/agrodefesa\/wp-content\/uploads\/sites\/49\/2014\/09\/8info-974.pdf\" target=\"\" rel=\"noopener\">8\u00aa Edi\u00e7\u00e3o Informativo Preventivo Agrodefesa<\/a><br \/><a id=\"\" title=\"\" href=\"https:\/\/goias.gov.br\/agrodefesa\/wp-content\/uploads\/sites\/49\/2014\/09\/info9-0e2.pdf\" target=\"\" rel=\"noopener\">9\u00aa Edi\u00e7\u00e3o Informativo Preventivo Agrodefesa<\/a><br \/><a id=\"\" title=\"\" href=\"https:\/\/goias.gov.br\/agrodefesa\/wp-content\/uploads\/sites\/49\/2014\/09\/3infomarco-dfc.pdf\" target=\"\" rel=\"noopener\">10\u00aa Edi\u00e7\u00e3o Informativo Preventivo Agrodefesa<\/a><br \/><a id=\"\" title=\"\" href=\"https:\/\/goias.gov.br\/agrodefesa\/wp-content\/uploads\/sites\/49\/2014\/09\/InformativoAbril-bbb.pdf\" target=\"\" rel=\"noopener\">11\u00aa Edi\u00e7\u00e3o Informativo Preventivo Agrodefesa<\/a><br \/><a id=\"\" title=\"\" href=\"https:\/\/goias.gov.br\/agrodefesa\/wp-content\/uploads\/sites\/49\/2014\/09\/ASSEDI-4c4.pdf\" target=\"\" rel=\"noopener\">12\u00aa Edi\u00e7\u00e3o Informativo Preventivo Agrodefesa<\/a><br \/><a id=\"\" title=\"\" href=\"https:\/\/goias.gov.br\/agrodefesa\/wp-content\/uploads\/sites\/49\/2014\/09\/infofadiga-336.pdf\" target=\"\" rel=\"noopener\">13\u00aa Edi\u00e7\u00e3o Informativo Preventivo Agrodefesa<\/a><br \/><a id=\"\" title=\"\" href=\"https:\/\/goias.gov.br\/agrodefesa\/wp-content\/uploads\/sites\/49\/2014\/09\/informativosetembro-fe1.pdf\" target=\"\" rel=\"noopener\">14\u00aa Edi\u00e7\u00e3o Informativo Preventivo Agrodefesa<\/a><br \/><a id=\"\" title=\"\" href=\"https:\/\/goias.gov.br\/agrodefesa\/wp-content\/uploads\/sites\/49\/2014\/09\/infoOut-95e.pdf\" target=\"\" rel=\"noopener\">15\u00aa Edi\u00e7\u00e3o Informativo Preventivo Agrodefesa<\/a><br \/><a id=\"\" title=\"\" href=\"https:\/\/goias.gov.br\/agrodefesa\/wp-content\/uploads\/sites\/49\/2014\/09\/informativonov-297.pdf\" target=\"\" rel=\"noopener\">16\u00aa Edi\u00e7\u00e3o Informativo Preventivo Agrodefesa<\/a><br \/><a id=\"\" title=\"\" href=\"https:\/\/goias.gov.br\/agrodefesa\/wp-content\/uploads\/sites\/49\/2014\/09\/infodez-67b.pdf\" target=\"\" rel=\"noopener\">17\u00aa Edi\u00e7\u00e3o Informativo Preventivo Agrodefesa<\/a><br \/><a id=\"\" title=\"\" href=\"https:\/\/goias.gov.br\/agrodefesa\/wp-content\/uploads\/sites\/49\/2014\/09\/2024info-41f.pdf\" target=\"\" rel=\"noopener\">18\u00aa Edi\u00e7\u00e3o Informativo Preventivo Agrodefesa<\/a><br \/><a id=\"\" title=\"\" href=\"https:\/\/goias.gov.br\/agrodefesa\/wp-content\/uploads\/sites\/49\/2014\/09\/2024-04-Abril_page-0001.jpg\" target=\"\" rel=\"noopener\">19\u00aa Edi\u00e7\u00e3o Informativo Preventivo Agrodefesa<\/a><br \/><a href=\"https:\/\/goias.gov.br\/agrodefesa\/wp-content\/uploads\/sites\/49\/2025\/02\/Informativo-maio-2024.pdf\">20\u00aa Edi\u00e7\u00e3o Informativo Preventivo Agrodefesa<\/a><br \/><a href=\"https:\/\/goias.gov.br\/agrodefesa\/wp-content\/uploads\/sites\/49\/2025\/02\/informativo-junho-2024.pdf\">22\u00aa Edi\u00e7\u00e3o Informativo Preventivo Agrodefesa<\/a><br \/><a href=\"https:\/\/goias.gov.br\/agrodefesa\/wp-content\/uploads\/sites\/49\/2025\/02\/informativo-julho-2024.pdf\">23\u00aa Edi\u00e7\u00e3o Informativo Preventivo Agrodefesa<\/a><br \/><a href=\"https:\/\/goias.gov.br\/agrodefesa\/wp-content\/uploads\/sites\/49\/2025\/02\/informativo-agosto-2024.pdf\">24\u00aa Edi\u00e7\u00e3o Informativo Preventivo Agrodefesa<\/a><br \/><a href=\"https:\/\/goias.gov.br\/agrodefesa\/wp-content\/uploads\/sites\/49\/2025\/02\/informativo-setembro-2024.pdf\">25\u00aa Edi\u00e7\u00e3o Informativo Preventivo Agrodefesa<\/a><br \/><a href=\"https:\/\/goias.gov.br\/agrodefesa\/wp-content\/uploads\/sites\/49\/2025\/02\/informativo-outubro-2024.pdf\">26\u00aa Edi\u00e7\u00e3o Informativo Preventivo Agrodefesa<\/a><br \/><a href=\"https:\/\/goias.gov.br\/agrodefesa\/wp-content\/uploads\/sites\/49\/2025\/02\/informativo-novembro-2024.pdf\">27\u00aa Edi\u00e7\u00e3o Informativo Preventivo Agrodefesa<\/a><br \/><a href=\"https:\/\/goias.gov.br\/agrodefesa\/wp-content\/uploads\/sites\/49\/2025\/02\/informativo-dezembro-2024.pdf\">28\u00aa Edi\u00e7\u00e3o Informativo Preventivo Agrodefesa<\/a><br \/><a href=\"https:\/\/goias.gov.br\/agrodefesa\/wp-content\/uploads\/sites\/49\/2025\/02\/informativo-janeiro-2025.pdf\">29\u00aa Edi\u00e7\u00e3o Informativo Preventivo Agrodefesa<\/a><br \/><a href=\"https:\/\/goias.gov.br\/agrodefesa\/wp-content\/uploads\/sites\/49\/2025\/02\/informativo-fevereiro-2025.pdf\">30\u00aa Edi\u00e7\u00e3o Informativo Preventivo Agrodefesa<\/a><br \/><br \/><\/p>\n<p><a style=\"font-size: revert\" href=\"https:\/\/www.inca.gov.br\/sites\/ufu.sti.inca.local\/files\/\/media\/document\/\/cartil1.pdf\">Cartilha Outubro Rosa<\/a><br \/><a href=\"https:\/\/goias.gov.br\/agrodefesa\/wp-content\/uploads\/sites\/49\/2025\/02\/informativo-dengue-2024.pdf\">Informativo Dengue<\/a><\/p>\n<\/div>\n\n\n\n<div id=\"texto\">\n<p><a id=\"\" title=\"\" href=\"https:\/\/goias.gov.br\/agrodefesa\/wp-content\/uploads\/sites\/49\/2014\/09\/orientacoesacidente-9dd.pdf\" target=\"\" rel=\"noopener\">Orienta\u00e7\u00f5es para Registro de Acidente de Trabalho<\/a><\/p>\n<p><a id=\"\" title=\"\" href=\"https:\/\/goias.gov.br\/agrodefesa\/wp-content\/uploads\/sites\/49\/2014\/09\/fluxogramaacidente-41a.pdf\" target=\"\" rel=\"noopener\">Fluxograma de Acidente de Trabalho<\/a><\/p>\n<p><strong>Ergonomia<\/strong><\/p>\n<p><a id=\"\" title=\"\" href=\"https:\/\/goias.gov.br\/agrodefesa\/wp-content\/uploads\/sites\/49\/2014\/09\/folderergonomia-599.pdf\" target=\"\" rel=\"noopener\">Folder &#8211; Ergonomia<\/a><\/p>\n<p><a id=\"\" title=\"\" href=\"https:\/\/goias.gov.br\/agrodefesa\/wp-content\/uploads\/sites\/49\/2014\/09\/folderalongamento-03a.pdf\" target=\"\" rel=\"noopener\">Folder &#8211; Alongamento<\/a><\/p>\n<p><strong><span style=\"color: black;font-family: Calibri,Arial,Helvetica,sans-serif;font-size: medium\"><span dir=\"ltr\" style=\"font-size: 12pt;background-color: white\"><span style=\"font-family: Arial,Helvetica,sans-serif\">PLANO DE A\u00c7\u00c3O, PREVEN\u00c7\u00c3O E CONTROLE DA EXPOSI\u00c7\u00c3O AO NOVO CORONAV\u00cdRUS &#8211; COVID -19<\/span><\/span><\/span><\/strong><\/p>\n<p><a id=\"\" title=\"\" href=\"https:\/\/goias.gov.br\/agrodefesa\/wp-content\/uploads\/sites\/49\/2014\/09\/ORIENTACOESGERAIS-PlanodeAcaoCOMPLETOCOVID-19Agrodefesa-1-abf.pdf\" target=\"\" rel=\"noopener\">Plano de A\u00e7\u00e3o com Pol\u00edticas e Procedimentos de Orienta\u00e7\u00f5es aos Trabalhadores para evitar a contamina\u00e7\u00e3o com o Novo Coronav\u00edrus<\/a><span style=\"color: black;font-family: Calibri,Arial,Helvetica,sans-serif;font-size: medium\"><span dir=\"ltr\" style=\"font-size: 12pt;background-color: white\"><span style=\"font-family: Calibri,Arial,Helvetica,sans-serif\"><span style=\"font-family: Calibri,Arial,Helvetica,sans-serif;font-size: small\"><span style=\"font-size: 16px\"> &#8211; COVID -19, respeitando as orienta\u00e7\u00f5es do Of\u00edcio circular n\u00ba 1088\/2020\/Minist\u00e9rio da Economia. <\/span><\/span><\/span><\/span><\/span><\/p>\n<div style=\"margin-top: 0;margin-bottom: 0\" align=\"justify\"><strong><span style=\"color: black;font-family: Calibri,Arial,Helvetica,sans-serif;font-size: medium\"><span dir=\"ltr\" style=\"font-size: 12pt;background-color: white\"><span style=\"font-family: Arial,Helvetica,sans-serif\">O QUE VOC\u00ca PRECISA SABER SOBRE O COVID-19?<\/span><\/span><\/span><\/strong><\/div>\n<div style=\"margin-top: 0;margin-bottom: 0\" align=\"justify\"><span style=\"color: black;font-family: Calibri,Arial,Helvetica,sans-serif;font-size: medium\"><span dir=\"ltr\" style=\"font-size: 12pt;background-color: white\"><span style=\"font-family: Arial,Helvetica,sans-serif\">https:\/\/www.saude.go.gov.br\/coronavirus<\/span><\/span><\/span><\/div>\n<p><a href=\"https:\/\/www.goiania.go.gov.br\/goiania-contra-o-coronavirus\/\">https:\/\/www.goiania.go.gov.br\/goiania-contra-o-coronavirus\/<\/a><\/p>\n<p><a id=\"\" title=\"\" href=\"https:\/\/goias.gov.br\/agrodefesa\/wp-content\/uploads\/sites\/49\/2014\/09\/Limpezacorretadasmaosparaimprimirefixar-3da.pdf\" target=\"\" rel=\"noopener\">Procedimentos corretos de limpeza das m\u00e3os<\/a><\/p>\n<h3>Sobre H1N1<\/h3>\n<ul>\n<li><a href=\"https:\/\/goias.gov.br\/agrodefesa\/wp-content\/uploads\/sites\/49\/2014\/09\/folder-o-que-e-o-h1n1-fc0.pdf\">Folder\u00a0 O Que \u00e9 o\u00a0 H1N1<\/a><\/li>\n<li><a href=\"https:\/\/goias.gov.br\/agrodefesa\/wp-content\/uploads\/sites\/49\/2014\/09\/saiba-como-se-proteger-h1n1-dc1.pdf\">Saiba Como Se Proteger\u00a0 H1N1<\/a><\/li>\n<li><a href=\"https:\/\/goias.gov.br\/agrodefesa\/wp-content\/uploads\/sites\/49\/2014\/09\/comunicado-licencas-medicas-h1n1-8ba.pdf\">Comunicado Licen\u00e7as M\u00e9dicas\u00a0 &#8211; H1N1<\/a><\/li>\n<li><a href=\"https:\/\/goias.gov.br\/agrodefesa\/wp-content\/uploads\/sites\/49\/2014\/09\/orientacoes-exames-medicos-periodicos-a2f.pdf\">Orienta\u00e7\u00f5es &#8211;\u00a0 Exames m\u00e9dicos peri\u00f3dicos<\/a><\/li>\n<\/ul>\n<p><span style=\"color: black;font-family: Calibri,Arial,Helvetica,sans-serif;font-size: medium\"><span dir=\"ltr\" style=\"font-size: 12pt;background-color: white\"><span style=\"font-family: Arial,Helvetica,sans-serif\"><b>LAUDOS DE INSALUBRIDADE<\/b><\/span><\/span><\/span><\/p>\n<p>Informamos aos servidores que os laudos de insalubridade ser\u00e3o emitidos por estabelecimento (ambiente\/atividade). Todos os estabelecimentos receber\u00e3o visitas t\u00e9cnicas de profissionais legalmente habilitados para inspe\u00e7\u00f5es e posterior emiss\u00e3o de laudos.<\/p>\n<h3>Raiva<\/h3>\n<p><a id=\"\" title=\"\" href=\"https:\/\/goias.gov.br\/agrodefesa\/wp-content\/uploads\/sites\/49\/2014\/09\/ProcedColeta-51d.pdf\" target=\"\" rel=\"noopener\">Instru\u00e7\u00e3o Normativa n\u00ba 01\/2019\/SESMT\/AGRODEFES \u2013\u201cRAIVA \u2013 Procedimento de Coleta de Sorologia para Controle de Anticorpos Antirr\u00e1bicos<\/a><\/p>\n<p><a id=\"\" title=\"\" href=\"https:\/\/goias.gov.br\/agrodefesa\/wp-content\/uploads\/sites\/49\/2014\/09\/FluxoExameRaiva-940.pdf\" target=\"\" rel=\"noopener\">Fluxograma de Exame da Raiva<\/a><\/p>\n<h3 id=\"texto\">Acidente de Trabalho:<\/h3>\n<h4><a id=\"\" title=\"\" href=\"https:\/\/goias.gov.br\/agrodefesa\/wp-content\/uploads\/sites\/49\/2014\/09\/orientacoesacidente-9dd.pdf\" target=\"\" rel=\"noopener\">Orienta\u00e7\u00f5es para Registro de Acidente de Trabalho<\/a><\/h4>\n<p><a id=\"\" title=\"\" href=\"https:\/\/goias.gov.br\/agrodefesa\/wp-content\/uploads\/sites\/49\/2014\/09\/FormularioRegistrodeAcidente-FRAT-020.doc\" target=\"\" rel=\"noopener\">Formul\u00e1rio Registro Acidente Trabalho &#8211; FRAT<\/a><\/p>\n<p><a id=\"\" title=\"\" href=\"https:\/\/goias.gov.br\/agrodefesa\/wp-content\/uploads\/sites\/49\/2014\/09\/RelatorioMedico-887.pdf\" target=\"\" rel=\"noopener\">Relat\u00f3rio M\u00e9dico<\/a><\/p>\n<p><a id=\"\" title=\"\" href=\"https:\/\/goias.gov.br\/agrodefesa\/wp-content\/uploads\/sites\/49\/2014\/09\/RequerimentoDiversos-1-19a.doc\" target=\"\" rel=\"noopener\">Requerimento Diversos<\/a><\/p>\n<p><a id=\"\" title=\"\" href=\"https:\/\/goias.gov.br\/agrodefesa\/wp-content\/uploads\/sites\/49\/2014\/09\/FichadeCadastro-72d.pdf\" target=\"\" rel=\"noopener\">Ficha de Cadastro<\/a><\/p>\n<p><a id=\"\" title=\"\" href=\"https:\/\/goias.gov.br\/agrodefesa\/wp-content\/uploads\/sites\/49\/2014\/09\/fluxogramaacidente-41a.pdf\" target=\"\" rel=\"noopener\">Fluxograma<\/a><\/p>\n<p><span style=\"color: black;font-family: Calibri,Arial,Helvetica,sans-serif;font-size: medium\"><span dir=\"ltr\" style=\"font-size: 12pt;background-color: white\"><strong>Mais Informa\u00e7\u00f5es para Registro de Acidente de Trabalho<\/strong><\/span><\/span><\/p>\n<ul>\n<li><a id=\"\" title=\"\" href=\"https:\/\/goias.gov.br\/agrodefesa\/wp-content\/uploads\/sites\/49\/2014\/09\/FRAT-1c3.pdf\" target=\"\" rel=\"noopener\">Instru\u00e7\u00f5es de Preenchimento FRAT<\/a><\/li>\n<li><a id=\"\" title=\"\" href=\"https:\/\/goias.gov.br\/agrodefesa\/wp-content\/uploads\/sites\/49\/2014\/09\/FRAT-8e1.odt\" target=\"\" rel=\"noopener\">FRAT\u00a0&#8211; Ficha de Registro de Acidentes de Trabalho Servidor Efetivo<\/a><\/li>\n<li><a href=\"https:\/\/cadastro-cat.inss.gov.br\/CATInternet\/faces\/pages\/index.xhtml\" target=\"_blank\" rel=\"noopener\">CAT &#8211; Comunica\u00e7\u00e3o de Acidente de Trabalho<\/a><\/li>\n<li><a id=\"\" title=\"\" href=\"https:\/\/goias.gov.br\/agrodefesa\/wp-content\/uploads\/sites\/49\/2014\/09\/PROCLINCENCA-914.pdf\" target=\"_blank\" rel=\"noopener\">Procedimentos para Registro de Acidentes &#8211; 1\u00aa Licen\u00e7a<\/a><\/li>\n<li><a id=\"\" title=\"\" href=\"https:\/\/goias.gov.br\/agrodefesa\/wp-content\/uploads\/sites\/49\/2014\/09\/PROCEDALTERAR-3b7.pdf\" target=\"_blank\" rel=\"noopener\">Procedimentos para Registro de Acidentes &#8211; Altera\u00e7\u00e3o de Licen\u00e7a<\/a><\/li>\n<li><a id=\"\" title=\"\" href=\"https:\/\/goias.gov.br\/agrodefesa\/wp-content\/uploads\/sites\/49\/2014\/09\/DOENCAOCUPACIONAL-374.pdf\" target=\"_blank\" rel=\"noopener\">Procedimentos para Registro de Doen\u00e7a Ocupacional<\/a><\/li>\n<li><a id=\"\" title=\"\" href=\"https:\/\/goias.gov.br\/agrodefesa\/wp-content\/uploads\/sites\/49\/2014\/09\/ModeloCondicoes-28c.doc\" target=\"\" rel=\"noopener\">Modelo de Relat\u00f3rio das Condi\u00e7\u00f5es de Trabalho<\/a><\/li>\n<li><a id=\"\" title=\"\" href=\"https:\/\/goias.gov.br\/agrodefesa\/wp-content\/uploads\/sites\/49\/2014\/09\/CONCEITOSORIENTACOES-9c0.pdf\" target=\"_blank\" rel=\"noopener\">Conceito e Orienta\u00e7\u00f5es Acidente de Trabalho.<\/a><\/li>\n<\/ul>\n<div style=\"margin-top: 0;margin-bottom: 0\">\u00a0<\/div>\n<h3>Legisla\u00e7\u00e3o<\/h3>\n<ul>\n<li><a href=\"https:\/\/legisla.casacivil.go.gov.br\/pesquisa_legislacao\/100979\/lei-20756\" target=\"_blank\" rel=\"noopener\">Lei 20.756\/2020\u00a0(Estatuto dos Servidores P\u00fablicos do Estado de Goi\u00e1s)<\/a><\/li>\n<li><a href=\"https:\/\/www.planalto.gov.br\/ccivil_03\/leis\/l6514.htm\" target=\"_blank\" rel=\"noopener\">Lei 6.514\/77 (Relativo \u00e0 Seguran\u00e7a e Medicina do Trabalho)<\/a><\/li>\n<li><a href=\"https:\/\/trabalho.gov.br\/seguranca-e-saude-no-trabalho\/normatizacao\/normas-regulamentadoras\" target=\"_blank\" rel=\"noopener\">Portaria 3.214\/78 (Normas Regulamentadoras do MTE)<\/a><\/li>\n<li><a href=\"https:\/\/sit.trabalho.gov.br\/portal\/index.php\/seguranca-e-saude-no-trabalho\/legislacao-sst\/normas-regulamentadoras?view=default\" target=\"_blank\" rel=\"noopener\">Normas Regulamentadoras &#8211; NRs;<\/a><\/li>\n<li><a href=\"https:\/\/www.planalto.gov.br\/ccivil_03\/leis\/L8213compilado.htm\" target=\"_blank\" rel=\"noopener\">Lei 8.213\/91 (Plano de Benef\u00edcios da Previd\u00eancia Social)<\/a><\/li>\n<li><a href=\"https:\/\/www.gabinetecivil.go.gov.br\/pagina_leis.php?id=19539\" target=\"_blank\" rel=\"noopener\">Lei Estadual 19.145\/2015 (Pol\u00edtica de Seguran\u00e7a e Sa\u00fade no Trabalho do Servidor P\u00fablico)<\/a><\/li>\n<li><a href=\"https:\/\/www.gabinetecivil.go.gov.br\/pagina_leis.php?id=21435\" target=\"_blank\" rel=\"noopener\">Lei Estadual N.\u00ba 19.573\/2016 (pagamento dos adicionais de insalubridade e periculosidade aos servidores p\u00fablicos do Estado de Goi\u00e1s)<\/a><\/li>\n<li><a href=\"https:\/\/portaldoservidor.go.gov.br\/images\/imagens_migradas\/upload\/arquivos\/2017-08\/lei-19_745---institui-o-dia-do-profissional-de-seguranca-do-trabalho.pdf\" target=\"_blank\" rel=\"noopener\">Lei Estadual 19.745\/2017 (Institui o Dia Estadual do Profissional de Seguran\u00e7a do Trabalho)<\/a><\/li>\n<li><a href=\"https:\/\/portaldoservidor.go.gov.br\/images\/imagens_migradas\/upload\/arquivos\/2016-09\/instrucao-normativa-n_004-2016-segplan-gab---geral-sobre-seguranca-e-saude-no-trabalho.pdf\" target=\"_blank\" rel=\"noopener\">Instru\u00e7\u00e3o Normativa N.\u00ba 004\/2016-SEGPLAN\/GAB (Procedimentos e Orienta\u00e7\u00f5es sobre seguran\u00e7a e sa\u00fade no trabalho)<\/a><\/li>\n<li><a href=\"https:\/\/portaldoservidor.go.gov.br\/images\/imagens_migradas\/upload\/arquivos\/2016-09\/instrucao-normativa-especifica-n_-004-2016-segplan-gab---seguranca-e-saude-no-trabalho---eletricista.pdf\" target=\"_blank\" rel=\"noopener\">Instru\u00e7\u00e3o Normativa Espec\u00edfica N.\u00ba 004\/2016-SEGPLAN\/GAB (Procedimentos e Orienta\u00e7\u00f5es sobre seguran\u00e7a e sa\u00fade no trabalho nos servi\u00e7os com eletricidade em baixa tens\u00e3o)<\/a><\/li>\n<li><a href=\"https:\/\/portaldoservidor.go.gov.br\/images\/imagens_migradas\/upload\/arquivos\/2017-06\/in-no_-004-2017-ppra-oficial.pdf\" target=\"_blank\" rel=\"noopener\">Instru\u00e7\u00e3o Normativa N\u00b0004\/2017 PPRA OFICIAL<\/a><\/li>\n<li><a href=\"https:\/\/www.portaldoservidor.go.gov.br\/files\/GESPRE\/SESMT\/InstrucaoNormativan0052017EPI.pdf\" target=\"_blank\" rel=\"noopener\">Instru\u00e7\u00e3o Normativa N\u00b0005\/2017 EPI OFICIAL<\/a><\/li>\n<li><a href=\"https:\/\/portaldoservidor.go.gov.br\/images\/imagens_migradas\/upload\/arquivos\/2017-08\/in-n_o_-06-2017-registro-de-acidentes-do-trabalho-e-doencas-relacionadas-ao-trabalho.pdf\" target=\"_blank\" rel=\"noopener\">Instru\u00e7\u00e3o Normativa N\u00ba 006\/2017-GAB (Procedimentos para registro de acidentes e doen\u00e7as relacionadas ao trabalho)<\/a><\/li>\n<li><a href=\"https:\/\/portaldoservidor.go.gov.br\/images\/imagens_migradas\/upload\/arquivos\/2017-08\/in_n_007_2017_contratos_de_terceirizacao.pdf\" target=\"_blank\" rel=\"noopener\">Instru\u00e7\u00e3o Normativa N\u00b0 007\/2017 -GAB (Procedimentos e requisitos m\u00ednimos a serem seguidos nos contratos de terceiriza\u00e7\u00e3o)<\/a><\/li>\n<li><a href=\"https:\/\/www.administracao.go.gov.br\/images\/Instrucao_Normativa_Exames_Medicos.pdf\" target=\"_blank\" rel=\"noopener\">Instru\u00e7\u00e3o Normativa N\u00ba 009\/2017 &#8211; SEGPLAN\u00a0(Disp\u00f5e sobre os procedimentos acerca da realiza\u00e7\u00e3o dos exames m\u00e9dicos peri\u00f3dicos dos Servidores P\u00fablicos)<\/a><\/li>\n<li><a href=\"https:\/\/portaldoservidor.go.gov.br\/images\/imagens_migradas\/upload\/arquivos\/2018-07\/in-no_-01-2018-equipe-tEcnica-multiprofissional-da-gespre.pdf\" target=\"_blank\" rel=\"noopener\">Instru\u00e7\u00e3o Normativa N\u00b0 001\/2018 &#8211; GAB (Institui a Equipe T\u00e9cnica Multiprofissional na Ger\u00eancia de Sa\u00fade e Preven\u00e7\u00e3o)<\/a><\/li>\n<li><a href=\"https:\/\/portaldoservidor.go.gov.br\/images\/imagens_migradas\/upload\/arquivos\/2018-07\/in-003-2018-direitos-e-benefIcios-dos-integrantes-de-cipa-3.pdf\" target=\"_blank\" rel=\"noopener\">Instru\u00e7\u00e3o Normativa N\u00b0 003\/2018 &#8211; GAB (Regulamenta a concess\u00e3o de benef\u00edcios aos integrantes das CIPAs)<\/a><\/li>\n<li><a href=\"https:\/\/portaldoservidor.go.gov.br\/images\/imagens_migradas\/upload\/arquivos\/2018-07\/in-no_-004-2018--gab--aquisiCAo-de-mobiliArios-e-instalaCAo-de-maquinas-e-equipamentos-1.pdf\" target=\"_blank\" rel=\"noopener\">Instru\u00e7\u00e3o Normativa N\u00b0 004\/2018 &#8211; GAB (Disciplina os crit\u00e9rios t\u00e9cnicos e os requisitos m\u00ednimos a serem seguidos pela Administra\u00e7\u00e3o P\u00fablica estadual na aquisi\u00e7\u00e3o de mobili\u00e1rio, , aquisi\u00e7\u00e3o e instala\u00e7\u00e3o de m\u00e1quinas e equipamentos, e participa\u00e7\u00e3o do SESMT P\u00fablico na an\u00e1lise de projetos de reforma, amplia\u00e7\u00e3o e constru\u00e7\u00e3o)<\/a><\/li>\n<\/ul>\n<h3>EPIS e EPCS<\/h3>\n<h3>Per\u00edcias M\u00e9dicas<\/h3>\n<p>A per\u00edcia m\u00e9dica \u00e9 prevista para os funcion\u00e1rios p\u00fablicos Civis (<a href=\"https:\/\/www.gabinetecivil.goias.gov.br\/pagina_leis.php?id=4221\" target=\"_blank\" rel=\"noopener\">Lei n\u00ba 10.460\/1988<\/a>),\u00a0Militares (<a href=\"https:\/\/www.gabinetecivil.go.gov.br\/pagina_leis.php?id=9258\" target=\"_blank\" rel=\"noopener\">Lei Complementar n\u00ba 77\/2010<\/a>) e profissionais do Magist\u00e9rio (<a href=\"https:\/\/www.gabinetecivil.go.gov.br\/leis_ordinarias\/2001\/lei_13909.htm\" target=\"_blank\" rel=\"noopener\">Lei n\u00ba 13.909\/2001<\/a>)\u00a0deve ser solicitada nos casos descritos abaixo, quando o afastamento do servidor for maior que tr\u00eas dias:<\/p>\n<ul>\n<li><a href=\"https:\/\/www.portaldoservidor.go.gov.br\/component\/content\/article\/198-saude-e-seguranca\/6812-licenca-para-tratamento-de-saude.html?Itemid=101\"><span style=\"color: #202d4f\"><span style=\"font-family: Open Sans\"><span style=\"font-size: small\">Licen\u00e7a <\/span><\/span><\/span><\/a><a href=\"https:\/\/www.portaldoservidor.go.gov.br\/component\/content\/article\/198-saude-e-seguranca\/6812-licenca-para-tratamento-de-saude.html?Itemid=101\"><span style=\"color: #202d4f\"><span style=\"font-family: Open Sans\"><span style=\"font-size: small\">para Tratamento de Sa\u00fade<\/span><\/span><\/span><\/a><\/li>\n<li><span style=\"color: #202d4f\"><span style=\"font-family: Open Sans\"><span style=\"font-size: small\">Licen\u00e7a <\/span><\/span><\/span><a href=\"https:\/\/www.portaldoservidor.go.gov.br\/component\/content\/article\/198-saude-e-seguranca\/6856-licenca-por-motivo-de-doenca-em-pessoa-da-familia-do-servidor.html?Itemid=101\"><span style=\"color: #202d4f\"><span style=\"font-family: Open Sans\"><span style=\"font-size: small\">por Motivo de Doen\u00e7a em Pessoa da Fam\u00edlia do Servidor<\/span><\/span><\/span><\/a><\/li>\n<li><a href=\"https:\/\/www.portaldoservidor.go.gov.br\/component\/content\/article\/198-saude-e-seguranca\/6841-licenca-maternidade.html?Itemid=101\"><span style=\"color: #202d4f\"><span style=\"font-family: Open Sans\"><span style=\"font-size: small\">Licen\u00e7a Maternidade<\/span><\/span><\/span><\/a><\/li>\n<li><a href=\"https:\/\/www.portaldoservidor.go.gov.br\/component\/content\/article\/198-saude-e-seguranca\/6842-licenca-decorrente-de-acidente-de-trabalho-ou-doenca-profissional.html?Itemid=101\"><span style=\"color: #202d4f\"><span style=\"font-family: Open Sans\"><span style=\"font-size: small\">Licen\u00e7a decorrente de Acidente de Trabalho ou Doen\u00e7a Profissional<\/span><\/span><\/span><\/a><\/li>\n<li><a href=\"https:\/\/www.portaldoservidor.go.gov.br\/component\/content\/article\/84-direitos-e-benef%C3%ADcios\/6853-prorrogacao-de-licenca-medica.html?Itemid=101\"><span style=\"color: #202d4f\"><span style=\"font-family: Open Sans\"><span style=\"font-size: small\">Prorroga\u00e7\u00e3o de Licen\u00e7a M\u00e9dica<\/span><\/span><\/span><\/a><\/li>\n<li><a href=\"https:\/\/www.portaldoservidor.go.gov.br\/component\/content\/article\/84-direitos-e-benef%C3%ADcios\/6854-reconsideracao-de-licenca-medica.html?Itemid=101\"><span style=\"color: #202d4f\"><span style=\"font-family: Open Sans\"><span style=\"font-size: small\">Reconsidera\u00e7\u00e3o de Licen\u00e7a M\u00e9dica<\/span><\/span><\/span><\/a><\/li>\n<li><a href=\"https:\/\/www.portaldoservidor.go.gov.br\/component\/content\/article\/2-institucional\/6217-pericia-documental.html?Itemid=101\"><span style=\"color: #202d4f\"><span style=\"font-family: Open Sans\"><span style=\"font-size: small\">Per\u00edcia Documental<\/span><\/span><\/span><\/a><\/li>\n<li><a href=\"https:\/\/www.portaldoservidor.go.gov.br\/component\/content\/article\/84-direitos-e-benef%C3%ADcios\/6838-exame-m%C3%A9dico-admissional.html?Itemid=101\"><span style=\"color: #202d4f\"><span style=\"font-family: Open Sans\"><span style=\"font-size: small\">Exame Admissional<\/span><\/span><\/span><\/a><\/li>\n<li><span style=\"color: #202d4f\"><span style=\"font-family: Open Sans\"><span style=\"font-size: small\"><a href=\"https:\/\/www.portaldoservidor.go.gov.br\/component\/content\/article\/84-direitos-e-benef%C3%ADcios\/6846-per%C3%ADcia-m%C3%A9dica-para-isen%C3%A7%C3%A3o-de-imposto-de-renda.html?Itemid=101\">Per\u00edcia M\u00e9dica para Isen\u00e7\u00e3o de Imposto de Renda<\/a><\/span><\/span><\/span><\/li>\n<\/ul>\n<h3><strong><span style=\"color: #202d4f\"><span style=\"font-family: Open Sans\"><span style=\"font-size: small\">Formul\u00e1rios<\/span><\/span><\/span><\/strong><\/h3>\n<ul>\n<li><a href=\"https:\/\/www.portaldoservidor.go.gov.br\/images\/imagens_migradas\/upload\/arquivos\/2014-08\/ficha-de-cadastro-rev.-1.pdf\" target=\"_blank\" rel=\"noopener\"><span style=\"color: #202d4f\"><span style=\"font-family: Open Sans\"><span style=\"font-size: small\">Ficha Cadastral<\/span><\/span><\/span><\/a><\/li>\n<li><a href=\"https:\/\/www.portaldoservidor.go.gov.br\/images\/imagens_migradas\/upload\/arquivos\/2018-03\/relatorio-medico-para-solicitacao-de-licenca-medica.pdf\" target=\"_blank\" rel=\"noopener\"><span style=\"color: #202d4f\"><span style=\"font-family: Open Sans\"><span style=\"font-size: small\">Relat\u00f3rio M\u00e9dico Assistente<\/span><\/span><\/span><\/a><strong><span style=\"color: #1a1a1a\"><span style=\"font-family: Open Sans\"><span style=\"font-size: small\"><b>(necess\u00e1rio imprimir frente e verso)<\/b><\/span><\/span><\/span><\/strong><\/li>\n<li><a href=\"https:\/\/www.portaldoservidor.go.gov.br\/component\/content\/article\/198-saude-e-seguranca\/7110-formul%C3%A1rios-necess%C3%A1rios-para-abertura-de-processo-de-readapta%C3%A7%C3%A3o-de-fun%C3%A7%C3%A3o.html?Itemid=101\"><span style=\"color: #202d4f\"><span style=\"font-family: Open Sans\"><span style=\"font-size: small\">Formul\u00e1rios Necess\u00e1rios para Abertura de Processo de Readapta\u00e7\u00e3o de Fun\u00e7\u00e3o<\/span><\/span><\/span><\/a><\/li>\n<li><a href=\"https:\/\/www.portaldoservidor.go.gov.br\/images\/imagens_migradas\/upload\/arquivos\/2015-01\/formulario-requerimentos-diversos.pdf\" target=\"_blank\" rel=\"noopener\"><span style=\"color: #202d4f\"><span style=\"font-family: Open Sans\"><span style=\"font-size: small\">Requerimento de Assuntos Diversos<\/span><\/span><\/span><\/a><\/li>\n<li><a href=\"https:\/\/www.portaldoservidor.go.gov.br\/images\/imagens_migradas\/upload\/arquivos\/2015-10\/ficha-de-registro-de-acidentes-servidor-efetivo---frat-versao-03-set-2015.pdf\" target=\"_blank\" rel=\"noopener\"><span style=\"color: #1a1a1a\"><span style=\"font-family: Open Sans\"><span style=\"font-size: small\"><u>Ficha de Registro de Acidente de Trabalho preenchida (Servidores Efetivos)<\/u><\/span><\/span><\/span><\/a><\/li>\n<li><a href=\"https:\/\/www.previdencia.gov.br\/forms\/formularios\/form001.html\" target=\"_blank\" rel=\"noopener\"><span style=\"color: #202d4f\"><span style=\"font-family: Open Sans\"><span style=\"font-size: small\">Comunica\u00e7\u00e3o de Acidente de Trabalho preenchida (Servidores enquadrados no Regime Geral de Previd\u00eancia Social)<\/span><\/span><\/span><\/a><\/li>\n<li><a href=\"https:\/\/www.portaldoservidor.go.gov.br\/images\/imagens_migradas\/upload\/arquivos\/2012-11\/parametros1.pdf\" target=\"_blank\" rel=\"noopener\"><span style=\"color: #202d4f\"><span style=\"font-family: Open Sans\"><span style=\"font-size: small\">Par\u00e2metros de Afastamentos por Motivos de Doen\u00e7a<\/span><\/span><\/span><\/a><\/li>\n<li><a href=\"https:\/\/www.portaldoservidor.go.gov.br\/post\/ver\/177826\"><span style=\"color: #202d4f\"><span style=\"font-family: Open Sans\"><span style=\"font-size: small\">Altera\u00e7\u00f5es de Licen\u00e7a de Tratamento de Sa\u00fade para Acidente de Trabalho ou Mol\u00e9stia Profissional<\/span><\/span><\/span><\/a><\/li>\n<li><a href=\"https:\/\/www.portaldoservidor.go.gov.br\/images\/imagens_migradas\/upload\/arquivos\/2014-08\/manual-de-servicos-gespre.pdf\" target=\"_blank\" rel=\"noopener\"><span style=\"color: #202d4f\"><span style=\"font-family: Open Sans\"><span style=\"font-size: small\">Manual de per\u00edcias m\u00e9dicas<\/span><\/span><\/span><\/a><\/li>\n<li><a href=\"https:\/\/www.portaldoservidor.go.gov.br\/images\/imagens_migradas\/upload\/arquivos\/2015-11\/protocolo-para-concessao-de-autorizacao-de-tratamento-continuo.pdf\" target=\"_blank\" rel=\"noopener\"><span style=\"color: #202d4f\"><span style=\"font-family: Open Sans\"><span style=\"font-size: small\">Protocolo para concess\u00e3o de autoriza\u00e7\u00e3o de tratamento cont\u00ednuo<\/span><\/span><\/span><\/a><\/li>\n<\/ul>\n<p><a href=\"https:\/\/goias.gov.br\/agrodefesa\/wp-content\/uploads\/sites\/49\/2014\/09\/ficha-de-controle-individual-de-epis-edb.doc\">ficha-de-controle-individual-de-epis<\/a><\/p>\n<h3>Sa\u00fade do Servidor<\/h3>\n<p>Disp\u00f5e sobre a Pol\u00edtica de Seguran\u00e7a e Sa\u00fade no Trabalho dos Servidores P\u00fablicos do Poder Executivo e d\u00e1 outras provid\u00eancias.<\/p>\n<p>Esta Lei institui, no \u00e2mbito da Administra\u00e7\u00e3o P\u00fablica direta e indireta do Poder Executivo, a Pol\u00edtica de Seguran\u00e7a e Sa\u00fade no Trabalho dos Servidores P\u00fablicos, que consubstancia o conjunto de princ\u00edpios, diretrizes e estrat\u00e9gias para o desenvolvimento de aten\u00e7\u00e3o integral \u00e0 sa\u00fade no trabalho, com \u00eanfase nas a\u00e7\u00f5es de vigil\u00e2ncia, assist\u00eancia e educa\u00e7\u00e3o em seguran\u00e7a e sa\u00fade.<\/p>\n<p>A partir do Concurso P\u00fablico realizado em mar\u00e7o de 2006, foram efetivados 50 T\u00e9cnicos em Seguran\u00e7a do Trabalho, 12 M\u00e9dicos do Trabalho e 12 Engenheiros de Seguran\u00e7a do Trabalho para composi\u00e7\u00e3o dos SESMTs em diversos \u00f3rg\u00e3os da Administra\u00e7\u00e3o P\u00fablica do Estado de Goi\u00e1s.<\/p>\n<p>Esses\u00a0profissionais de seguran\u00e7a e sa\u00fade v\u00eam desempenhando suas fun\u00e7\u00f5es em diversos \u00f3rg\u00e3os.\u00a0Dentre as principais atividades desenvolvidas destacam-se:<\/p>\n<p><span style=\"font-family: Open Sans\"><span style=\"font-size: small\"><span style=\"color: #ffffff\">Acidente de Trabalho<\/span><\/span><\/span><\/p>\n<p align=\"left\"><span style=\"color: #202d4f\"><span style=\"font-family: Open Sans\"><span style=\"font-size: medium\"><b>Links<\/b><\/span><\/span><\/span><\/p>\n<ul>\n<li><a href=\"https:\/\/wwwhomolog.portaldoservidor.go.gov.br\/images\/imagens_migradas\/upload\/arquivos\/2016-09\/conceito-e-orientacoes-acidente-de-trabalho-e-doenca-ocupacional.pdf\" target=\"_blank\" rel=\"noopener\"><span style=\"color: #202d4f\"><span style=\"font-family: Open Sans\"><span style=\"font-size: small\">Conceito e Orienta\u00e7\u00f5es Acidente de Trabalho e Doen\u00e7a Ocupacional<\/span><\/span><\/span><\/a><\/li>\n<li><a href=\"https:\/\/wwwhomolog.portaldoservidor.go.gov.br\/images\/imagens_migradas\/upload\/arquivos\/2016-09\/ficha-de-registro-de-acidentes-servidor-efetivo---frat-versao-03-set-2015.doc\" target=\"_blank\" rel=\"noopener\"><span style=\"color: #202d4f\"><span style=\"font-family: Open Sans\"><span style=\"font-size: small\">FRAT &#8211; Ficha de Registro de Acidentes de Trabalho Servidor Efetivo<\/span><\/span><\/span><\/a><\/li>\n<li><a href=\"https:\/\/wwwhomolog.portaldoservidor.go.gov.br\/images\/imagens_migradas\/upload\/arquivos\/2016-09\/instrucoes-de-preenchimento---frat-versao-03-set-2015.pdf\" target=\"_blank\" rel=\"noopener\"><span style=\"color: #202d4f\"><span style=\"font-family: Open Sans\"><span style=\"font-size: small\">Instru\u00e7\u00f5es de Preenchimento FRAT<\/span><\/span><\/span><\/a><\/li>\n<li><a href=\"https:\/\/cat.inss.gov.br\/servicos\/cat\/cat.shtm\" target=\"_blank\" rel=\"noopener\"><span style=\"color: #202d4f\"><span style=\"font-family: Open Sans\"><span style=\"font-size: small\">CAT &#8211; Comunica\u00e7\u00e3o de Acidente de Trabalho (Fa\u00e7a o download do programa da previd\u00eancia)<\/span><\/span><\/span><\/a><\/li>\n<li><a href=\"https:\/\/wwwhomolog.portaldoservidor.go.gov.br\/images\/imagens_migradas\/upload\/arquivos\/2017-08\/procedimentos-para-registro-de-acidentes---1a_-licenca.pdf\" target=\"_blank\" rel=\"noopener\"><span style=\"color: #202d4f\"><span style=\"font-family: Open Sans\"><span style=\"font-size: small\">Procedimentos para Registro de Acidentes &#8211; 1\u00aa Licen\u00e7a;<\/span><\/span><\/span><\/a><\/li>\n<li><a href=\"https:\/\/wwwhomolog.portaldoservidor.go.gov.br\/images\/imagens_migradas\/upload\/arquivos\/2017-08\/procedimentos-para-registro-de-acidentes---alteracao-de-licenca.pdf\" target=\"_blank\" rel=\"noopener\"><span style=\"color: #202d4f\"><span style=\"font-family: Open Sans\"><span style=\"font-size: small\">Procedimentos para Registro de Acidentes &#8211; Altera\u00e7\u00e3o de Licen\u00e7a;<\/span><\/span><\/span><\/a><\/li>\n<li><a href=\"https:\/\/wwwhomolog.portaldoservidor.go.gov.br\/images\/imagens_migradas\/upload\/arquivos\/2017-08\/procedimentos-para-registro-de-doenca-ocupacional.pdf\" target=\"_blank\" rel=\"noopener\"><span style=\"color: #202d4f\"><span style=\"font-family: Open Sans\"><span style=\"font-size: small\">Procedimentos para Registro de Doen\u00e7a Ocupacional.<\/span><\/span><\/span><\/a><\/li>\n<li><a href=\"https:\/\/wwwhomolog.portaldoservidor.go.gov.br\/images\/imagens_migradas\/upload\/arquivos\/2017-09\/modelo-de-relatorio-das-condicoes-de-trabalho---sesmt---em-branco.doc\" target=\"_blank\" rel=\"noopener\"><span style=\"color: #202d4f\"><span style=\"font-family: Open Sans\"><span style=\"font-size: small\">Modelo de Relat\u00f3rio das Condi\u00e7\u00f5es de Trabalho &#8211; SESMT<\/span><\/span><\/span><\/a><span style=\"color: #000000\"><span style=\"font-family: Open Sans\"><span style=\"font-size: small\">.<\/span><\/span><\/span><\/li>\n<\/ul>\n<h2 align=\"left\"><span style=\"color: #202d4f\"><span style=\"font-family: Open Sans\"><span style=\"font-size: medium\"><b>Equipamentos de Prote\u00e7\u00e3o Coletiva\/Individual &#8211; EPCs\/EPIs Ocupacional<\/b><\/span><\/span><\/span><\/h2>\n<p align=\"left\"><span style=\"color: #202d4f\"><span style=\"font-family: Open Sans\"><b><span style=\"font-size: medium\">Links<\/span><\/b><\/span><\/span><\/p>\n<ul>\n<li><a href=\"https:\/\/wwwhomolog.portaldoservidor.go.gov.br\/images\/imagens_migradas\/upload\/arquivos\/2016-09\/definicoes-de-epc-e-epi.pdf\" target=\"_blank\" rel=\"noopener\"><span style=\"color: #202d4f\"><span style=\"font-family: Open Sans\"><span style=\"font-size: small\">Defini\u00e7\u00f5es de EPC e EPI<\/span><\/span><\/span><\/a><\/li>\n<li><a href=\"https:\/\/wwwhomolog.portaldoservidor.go.gov.br\/images\/imagens_migradas\/upload\/arquivos\/2016-09\/epi---eletricista-portal---versAo-01-2016.docx\" target=\"_blank\" rel=\"noopener\"><span style=\"color: #1a1a1a\"><span style=\"font-family: Open Sans\"><span style=\"font-size: small\"><u>Lista de EPI &#8211; Eletricidade<\/u><\/span><\/span><\/span><\/a><\/li>\n<li><a href=\"https:\/\/wwwhomolog.portaldoservidor.go.gov.br\/images\/imagens_migradas\/upload\/arquivos\/2016-09\/epc---eletricista-portal---versAo-01-2016.docx\" target=\"_blank\" rel=\"noopener\"><span style=\"color: #202d4f\"><span style=\"font-family: Open Sans\"><span style=\"font-size: small\">Lista de EPC &#8211; Eletricidade<\/span><\/span><\/span><\/a><\/li>\n<li><a href=\"https:\/\/wwwhomolog.portaldoservidor.go.gov.br\/images\/imagens_migradas\/upload\/arquivos\/2017-06\/relacao-de-epiacutes-cadastrados-no-comprasnet---gespre.pdf\" target=\"_blank\" rel=\"noopener\"><span style=\"color: #202d4f\"><span style=\"font-family: Open Sans\"><span style=\"font-size: small\">Rela\u00e7\u00e3o de EPIs 2017<\/span><\/span><\/span><\/a><\/li>\n<\/ul>\n<p align=\"left\">\u00a0<\/p>\n<h3>Legisla\u00e7\u00e3o:<\/h3>\n<ul>\n<li><a href=\"https:\/\/www.gabinetecivil.go.gov.br\/pagina_leis.php?id=21435\" target=\"_blank\" rel=\"noopener\"><span style=\"color: #202d4f\"><span style=\"font-family: Open Sans\"><span style=\"font-size: small\">Lei Estadual N.\u00ba 19.573\/2016 (pagamento dos adicionais de insalubridade e periculosidade aos servidores p\u00fablicos do Estado de Goi\u00e1s)<\/span><\/span><\/span><\/a><\/li>\n<li><a href=\"https:\/\/www.gabinetecivil.go.gov.br\/pagina_leis.php?id=19539\" target=\"_blank\" rel=\"noopener\"><span style=\"color: #202d4f\"><span style=\"font-family: Open Sans\"><span style=\"font-size: small\">Lei Estadual 19.145\/2015 (Pol\u00edtica de Seguran\u00e7a e Sa\u00fade no Trabalho do Servidor P\u00fablico)<\/span><\/span><\/span><\/a><\/li>\n<li><a href=\"https:\/\/www.gabinetecivil.go.gov.br\/pagina_decretos.php?id=1164\" target=\"_blank\" rel=\"noopener\"><span style=\"color: #202d4f\"><span style=\"font-family: Open Sans\"><span style=\"font-size: small\">Decreto 5.757\/2003 (Programa Sa\u00fade no Servi\u00e7o P\u00fablico)<\/span><\/span><\/span><\/a><\/li>\n<li><a href=\"https:\/\/www.gabinetecivil.go.gov.br\/pagina_leis.php?id=4221\" target=\"_blank\" rel=\"noopener\"><span style=\"color: #202d4f\"><span style=\"font-family: Open Sans\"><span style=\"font-size: small\">Lei 10.460\/88 (Estatuto dos Servidores P\u00fablicos do Estado de Goi\u00e1s)<\/span><\/span><\/span><\/a><\/li>\n<li><a href=\"https:\/\/www.planalto.gov.br\/ccivil_03\/leis\/l6514.htm\" target=\"_blank\" rel=\"noopener\"><span style=\"color: #202d4f\"><span style=\"font-family: Open Sans\"><span style=\"font-size: small\">Lei 6.514\/77 (Relativo \u00e0 Seguran\u00e7a e Medicina do Trabalho)<\/span><\/span><\/span><\/a><\/li>\n<li><a href=\"https:\/\/trabalho.gov.br\/seguranca-e-saude-no-trabalho\/normatizacao\/normas-regulamentadoras\" target=\"_blank\" rel=\"noopener\"><span style=\"color: #202d4f\"><span style=\"font-family: Open Sans\"><span style=\"font-size: small\">Portaria 3.214\/78 (Normas Regulamentadoras do MTE)<\/span><\/span><\/span><\/a><\/li>\n<li><a href=\"https:\/\/www.planalto.gov.br\/ccivil_03\/leis\/L8213compilado.htm\" target=\"_blank\" rel=\"noopener\"><span style=\"color: #202d4f\"><span style=\"font-family: Open Sans\"><span style=\"font-size: small\">Lei 8.213\/91 (Plano de Benef\u00edcios da Previd\u00eancia Social)<\/span><\/span><\/span><\/a><\/li>\n<li><a href=\"https:\/\/wwwhomolog.portaldoservidor.go.gov.br\/images\/imagens_migradas\/upload\/arquivos\/2016-09\/instrucao-normativa-n_004-2016-segplan-gab---geral-sobre-seguranca-e-saude-no-trabalho.pdf\" target=\"_blank\" rel=\"noopener\"><span style=\"color: #202d4f\"><span style=\"font-family: Open Sans\"><span style=\"font-size: small\">Instru\u00e7\u00e3o Normativa N.\u00ba 004\/2016-SEGPLAN\/GAB (Procedimentos e Orienta\u00e7\u00f5es sobre seguran\u00e7a e sa\u00fade no trabalho)<\/span><\/span><\/span><\/a><\/li>\n<li><a href=\"https:\/\/wwwhomolog.portaldoservidor.go.gov.br\/images\/imagens_migradas\/upload\/arquivos\/2016-09\/instrucao-normativa-especifica-n_-004-2016-segplan-gab---seguranca-e-saude-no-trabalho---eletricista.pdf\" target=\"_blank\" rel=\"noopener\"><span style=\"color: #202d4f\"><span style=\"font-family: Open Sans\"><span style=\"font-size: small\">Instru\u00e7\u00e3o Normativa Espec\u00edfica N.\u00ba 004\/2016-SEGPLAN\/GAB (Procedimentos e Orienta\u00e7\u00f5es sobre seguran\u00e7a e sa\u00fade no trabalho nos servi\u00e7os com eletricidade em baixa tens\u00e3o)<\/span><\/span><\/span><\/a><\/li>\n<li><a href=\"https:\/\/wwwhomolog.portaldoservidor.go.gov.br\/images\/imagens_migradas\/upload\/arquivos\/2016-09\/procedimento-para-implantacao-da-instrucao-normativa.pdf\" target=\"_blank\" rel=\"noopener\"><span style=\"color: #202d4f\"><span style=\"font-family: Open Sans\"><span style=\"font-size: small\">Procedimentos para implanta\u00e7\u00e3o da Instru\u00e7\u00e3o Normativa<\/span><\/span><\/span><\/a><\/li>\n<li><a href=\"https:\/\/wwwhomolog.portaldoservidor.go.gov.br\/images\/imagens_migradas\/upload\/arquivos\/2017-06\/in-no_-004-2017-ppra-oficial.pdf\" target=\"_blank\" rel=\"noopener\"><span style=\"color: #202d4f\"><span style=\"font-family: Open Sans\"><span style=\"font-size: small\">Instru\u00e7\u00e3o Normativa N\u00b0004\/2017 PPRA OFICIAL<\/span><\/span><\/span><\/a><\/li>\n<li><a href=\"https:\/\/wwwhomolog.portaldoservidor.go.gov.br\/images\/imagens_migradas\/upload\/arquivos\/2017-06\/in-no_-005-2017-epi---oficial.pdf\" target=\"_blank\" rel=\"noopener\"><span style=\"color: #202d4f\"><span style=\"font-family: Open Sans\"><span style=\"font-size: small\">Instru\u00e7\u00e3o Normativa N\u00b0005\/2017 EPI OFICIAL<\/span><\/span><\/span><\/a><\/li>\n<li><a href=\"https:\/\/wwwhomolog.portaldoservidor.go.gov.br\/images\/imagens_migradas\/upload\/arquivos\/2017-06\/instruCOes-normativas-ppras-e-epis-publicadas.pdf\" target=\"_blank\" rel=\"noopener\"><span style=\"color: #202d4f\"><span style=\"font-family: Open Sans\"><span style=\"font-size: small\">Instru\u00e7\u00f5es Normativas PPRAs e EPIs Publicadas e Di\u00e1rio Oficial<\/span><\/span><\/span><\/a><\/li>\n<li><a href=\"https:\/\/wwwhomolog.portaldoservidor.go.gov.br\/images\/imagens_migradas\/upload\/arquivos\/2017-08\/lei-19_745---institui-o-dia-do-profissional-de-seguranca-do-trabalho.pdf\" target=\"_blank\" rel=\"noopener\"><span style=\"color: #202d4f\"><span style=\"font-family: Open Sans\"><span style=\"font-size: small\">Lei Estadual 19.745\/2017 (Institui o Dia Estadual do Profissional de Seguran\u00e7a do Trabalho)<\/span><\/span><\/span><\/a><\/li>\n<li><a href=\"https:\/\/wwwhomolog.portaldoservidor.go.gov.br\/images\/imagens_migradas\/upload\/arquivos\/2017-08\/in-n_o_-06-2017-registro-de-acidentes-do-trabalho-e-doencas-relacionadas-ao-trabalho.pdf\" target=\"_blank\" rel=\"noopener\"><span style=\"color: #202d4f\"><span style=\"font-family: Open Sans\"><span style=\"font-size: small\">Instru\u00e7\u00e3o Normativa N\u00ba 06\/2017-GAB (Procedimentos para registro de acidentes e doen\u00e7as relacionadas ao trabalho).<\/span><\/span><\/span><\/a><\/li>\n<li><a href=\"https:\/\/wwwhomolog.portaldoservidor.go.gov.br\/images\/imagens_migradas\/upload\/arquivos\/2017-08\/in_n_007_2017_contratos_de_terceirizacao.pdf\" target=\"_blank\" rel=\"noopener\"><span style=\"color: #1a1a1a\"><span style=\"font-family: Open Sans\"><span style=\"font-size: small\"><u>Instru\u00e7\u00e3o Normativa N\u00b0 007\/2017 -GAB (Procedimentos e requisitos m\u00ednimos a serem seguidos nos contratos de terceiriza\u00e7\u00e3o)<\/u><\/span><\/span><\/span><\/a><\/li>\n<li><a href=\"https:\/\/wwwhomolog.portaldoservidor.go.gov.br\/images\/imagens_migradas\/upload\/arquivos\/2018-07\/in-no_-01-2018-equipe-tEcnica-multiprofissional-da-gespre.pdf\" target=\"_blank\" rel=\"noopener\"><span style=\"color: #202d4f\"><span style=\"font-family: Open Sans\"><span style=\"font-size: small\">Instru\u00e7\u00e3o Normativa N\u00b0 001\/2018 &#8211; GAB (Institui a Equipe T\u00e9cnica Multiprofissional na Ger\u00eancia de Sa\u00fade e Preven\u00e7\u00e3o)<\/span><\/span><\/span><\/a><\/li>\n<li><a href=\"https:\/\/wwwhomolog.portaldoservidor.go.gov.br\/images\/imagens_migradas\/upload\/arquivos\/2018-07\/in-003-2018-direitos-e-benefIcios-dos-integrantes-de-cipa-3.pdf\" target=\"_blank\" rel=\"noopener\"><span style=\"color: #202d4f\"><span style=\"font-family: Open Sans\"><span style=\"font-size: small\">Instru\u00e7\u00e3o Normativa N\u00b0 003\/2018 &#8211; GAB (Regulamenta a concess\u00e3o de benef\u00edcios aos integrantes das CIPAs)<\/span><\/span><\/span><\/a><\/li>\n<li><a href=\"https:\/\/wwwhomolog.portaldoservidor.go.gov.br\/images\/imagens_migradas\/upload\/arquivos\/2018-07\/in-no_-004-2018--gab--aquisiCAo-de-mobiliArios-e-instalaCAo-de-maquinas-e-equipamentos-1.pdf\" target=\"_blank\" rel=\"noopener\"><span style=\"color: #202d4f\"><span style=\"font-family: Open Sans\"><span style=\"font-size: small\">Instru\u00e7\u00e3o Normativa N\u00b0 004\/2018 &#8211; GAB (Disciplina os crit\u00e9rios t\u00e9cnicos e os requisitos m\u00ednimos a serem seguidos pela Administra\u00e7\u00e3o P\u00fablica estadual na aquisi\u00e7\u00e3o de mobili\u00e1rio, , aquisi\u00e7\u00e3o e instala\u00e7\u00e3o de m\u00e1quinas e equipamentos, e participa\u00e7\u00e3o do SESMT P\u00fablico na an\u00e1lise de projetos de reforma, amplia\u00e7\u00e3o e constru\u00e7\u00e3o)<\/span><\/span><\/span><\/a><\/li>\n<\/ul>\n<h2>\u00a0<\/h2>\n<h2><span style=\"color: #202d4f\"><span style=\"font-family: Open Sans\"><span style=\"font-size: medium\"><b>Documentos Padronizados<\/b><\/span><\/span><\/span><\/h2>\n<p align=\"left\"><span style=\"color: #1a1a1a\"><span style=\"font-family: Open Sans\"><span style=\"font-size: medium\"><b>Links<\/b><\/span><\/span><\/span><\/p>\n<ul>\n<li><a href=\"https:\/\/wwwhomolog.portaldoservidor.go.gov.br\/images\/imagens_migradas\/upload\/arquivos\/2016-09\/controle-de-hidrantes.xls\" target=\"_blank\" rel=\"noopener\"><span style=\"color: #202d4f\"><span style=\"font-family: Open Sans\"><span style=\"font-size: small\">Controle de Hidrantes<\/span><\/span><\/span><\/a><\/li>\n<li><a href=\"https:\/\/wwwhomolog.portaldoservidor.go.gov.br\/images\/imagens_migradas\/upload\/arquivos\/2016-09\/controle-mensal-de-extintores.xls\" target=\"_blank\" rel=\"noopener\"><span style=\"color: #202d4f\"><span style=\"font-family: Open Sans\"><span style=\"font-size: small\">Controle Mensal de Extintores<\/span><\/span><\/span><\/a><\/li>\n<li><a href=\"https:\/\/wwwhomolog.portaldoservidor.go.gov.br\/images\/imagens_migradas\/upload\/arquivos\/2016-09\/ficha-de-controle-de-equipamentos-radioativos.doc\" target=\"_blank\" rel=\"noopener\"><span style=\"color: #202d4f\"><span style=\"font-family: Open Sans\"><span style=\"font-size: small\">Ficha de Controle de Equipamentos Radioativos<\/span><\/span><\/span><\/a><\/li>\n<li><a href=\"https:\/\/wwwhomolog.portaldoservidor.go.gov.br\/images\/imagens_migradas\/upload\/arquivos\/2016-09\/ficha-de-controle-de-produtos-quimicos.doc\" target=\"_blank\" rel=\"noopener\"><span style=\"color: #202d4f\"><span style=\"font-family: Open Sans\"><span style=\"font-size: small\">Ficha de Controle de Produtos Qu\u00edmicos<\/span><\/span><\/span><\/a><\/li>\n<li><a href=\"https:\/\/wwwhomolog.portaldoservidor.go.gov.br\/images\/imagens_migradas\/upload\/arquivos\/2016-09\/ficha-de-controle-individual-de-epis.doc\" target=\"_blank\" rel=\"noopener\"><span style=\"color: #202d4f\"><span style=\"font-family: Open Sans\"><span style=\"font-size: small\">Ficha de Controle Individual de EPIs<\/span><\/span><\/span><\/a><\/li>\n<li><a href=\"https:\/\/wwwhomolog.portaldoservidor.go.gov.br\/images\/imagens_migradas\/upload\/arquivos\/2016-09\/permissao-para-trabalho-a-quente.pdf\" target=\"_blank\" rel=\"noopener\"><span style=\"color: #202d4f\"><span style=\"font-family: Open Sans\"><span style=\"font-size: small\">Permiss\u00e3o para Trabalho a Quente<\/span><\/span><\/span><\/a><\/li>\n<li><a href=\"https:\/\/wwwhomolog.portaldoservidor.go.gov.br\/images\/imagens_migradas\/upload\/arquivos\/2016-09\/permissao-para-trabalho-em-altura.pdf\" target=\"_blank\" rel=\"noopener\"><span style=\"color: #202d4f\"><span style=\"font-family: Open Sans\"><span style=\"font-size: small\">Permiss\u00e3o para Trabalho em Altura<\/span><\/span><\/span><\/a><\/li>\n<li><a href=\"https:\/\/wwwhomolog.portaldoservidor.go.gov.br\/images\/imagens_migradas\/upload\/arquivos\/2016-09\/permissao-para-trabalho-em-altura---andaime.pdf\" target=\"_blank\" rel=\"noopener\"><span style=\"color: #202d4f\"><span style=\"font-family: Open Sans\"><span style=\"font-size: small\">Permiss\u00e3o para Trabalho em Altura &#8211; Andaime<\/span><\/span><\/span><\/a><\/li>\n<li><a href=\"https:\/\/wwwhomolog.portaldoservidor.go.gov.br\/images\/imagens_migradas\/upload\/arquivos\/2016-09\/permissao-para-trabalho-em-altura---cadeiras-suspensas.pdf\" target=\"_blank\" rel=\"noopener\"><span style=\"color: #202d4f\"><span style=\"font-family: Open Sans\"><span style=\"font-size: small\">Permiss\u00e3o para Trabalho em Altura &#8211; Cadeiras Suspensas<\/span><\/span><\/span><\/a><\/li>\n<li><a href=\"https:\/\/wwwhomolog.portaldoservidor.go.gov.br\/images\/imagens_migradas\/upload\/arquivos\/2016-09\/permissao-para-trabalho-em-altura---escada-movel.pdf\" target=\"_blank\" rel=\"noopener\"><span style=\"color: #202d4f\"><span style=\"font-family: Open Sans\"><span style=\"font-size: small\">Permiss\u00e3o para Trabalho em Altura &#8211; Escada M\u00f3vel<\/span><\/span><\/span><\/a><\/li>\n<li><a href=\"https:\/\/wwwhomolog.portaldoservidor.go.gov.br\/images\/imagens_migradas\/upload\/arquivos\/2016-09\/permissao-para-trabalho-em-altura---plataforma-elevatoria.pdf\" target=\"_blank\" rel=\"noopener\"><span style=\"color: #202d4f\"><span style=\"font-family: Open Sans\"><span style=\"font-size: small\">Permiss\u00e3o para Trabalho em Altura &#8211; Plataforma Elevat\u00f3ria<\/span><\/span><\/span><\/a><\/li>\n<li><a href=\"https:\/\/wwwhomolog.portaldoservidor.go.gov.br\/images\/imagens_migradas\/upload\/arquivos\/2016-09\/permissao-para-trabalho-em-espaco-confinado.pdf\" target=\"_blank\" rel=\"noopener\"><span style=\"color: #202d4f\"><span style=\"font-family: Open Sans\"><span style=\"font-size: small\">Permiss\u00e3o para Trabalho em Espa\u00e7o Confinado<\/span><\/span><\/span><\/a><\/li>\n<li><a href=\"https:\/\/wwwhomolog.portaldoservidor.go.gov.br\/images\/imagens_migradas\/upload\/arquivos\/2016-09\/permissao-para-trabalho-que-envolve-energia-perigosa.pdf\" target=\"_blank\" rel=\"noopener\"><span style=\"color: #202d4f\"><span style=\"font-family: Open Sans\"><span style=\"font-size: small\">Permiss\u00e3o para Trabalho que Envolve Energia Perigosa<\/span><\/span><\/span><\/a><\/li>\n<\/ul>\n<h3>Comiss\u00e3o Interna de Preven\u00e7\u00e3o de Acidente \u2013 CIPA:<\/h3>\n<p>CIPA da AGRODEFESA<\/p>\n<p>Lista Contatos da CIPA da AGRODEFESA<\/p>\n<h2><span style=\"color: #202d4f\"><span style=\"font-family: Open Sans\"><span style=\"font-size: medium\"><b>CIPA &#8211; Comiss\u00e3o Interna de Preven\u00e7\u00e3o de Acidentes<\/b><\/span><\/span><\/span><\/h2>\n<p align=\"left\"><span style=\"color: #202d4f\"><span style=\"font-family: Open Sans\"><span style=\"font-size: medium\"><b>Links<\/b><\/span><\/span><\/span><\/p>\n<ul>\n<li><a href=\"https:\/\/wwwhomolog.portaldoservidor.go.gov.br\/images\/imagens_migradas\/upload\/arquivos\/2016-09\/ata-de-eleicao.doc\" target=\"_blank\" rel=\"noopener\"><span style=\"color: #202d4f\"><span style=\"font-family: Open Sans\"><span style=\"font-size: small\">Ata de Elei\u00e7\u00e3o<\/span><\/span><\/span><\/a><\/li>\n<li><a href=\"https:\/\/wwwhomolog.portaldoservidor.go.gov.br\/images\/imagens_migradas\/upload\/arquivos\/2016-09\/ata-de-instalacao-e-posse.doc\" target=\"_blank\" rel=\"noopener\"><span style=\"color: #202d4f\"><span style=\"font-family: Open Sans\"><span style=\"font-size: small\">Ata de Instala\u00e7\u00e3o e Posse<\/span><\/span><\/span><\/a><\/li>\n<li><a href=\"https:\/\/wwwhomolog.portaldoservidor.go.gov.br\/images\/imagens_migradas\/upload\/arquivos\/2016-09\/ata-de-reuniao.doc\" target=\"_blank\" rel=\"noopener\"><span style=\"color: #202d4f\"><span style=\"font-family: Open Sans\"><span style=\"font-size: small\">Ata de Reuni\u00e3o<\/span><\/span><\/span><\/a><\/li>\n<li><a href=\"https:\/\/wwwhomolog.portaldoservidor.go.gov.br\/images\/imagens_migradas\/upload\/arquivos\/2016-09\/cedula-de-votacao.doc\" target=\"_blank\" rel=\"noopener\"><span style=\"color: #202d4f\"><span style=\"font-family: Open Sans\"><span style=\"font-size: small\">C\u00e9dula de Vota\u00e7\u00e3o<\/span><\/span><\/span><\/a><\/li>\n<li><a href=\"https:\/\/wwwhomolog.portaldoservidor.go.gov.br\/images\/imagens_migradas\/upload\/arquivos\/2016-09\/comprovante-de-inscricao.doc\" target=\"_blank\" rel=\"noopener\"><span style=\"color: #202d4f\"><span style=\"font-family: Open Sans\"><span style=\"font-size: small\">Comprovante de Inscri\u00e7\u00e3o<\/span><\/span><\/span><\/a><\/li>\n<li><a href=\"https:\/\/wwwhomolog.portaldoservidor.go.gov.br\/images\/imagens_migradas\/upload\/arquivos\/2016-09\/designacao-comissao-eleitoral.doc\" target=\"_blank\" rel=\"noopener\"><span style=\"color: #202d4f\"><span style=\"font-family: Open Sans\"><span style=\"font-size: small\">Designa\u00e7\u00e3o Comiss\u00e3o Eleitoral<\/span><\/span><\/span><\/a><\/li>\n<li><a href=\"https:\/\/wwwhomolog.portaldoservidor.go.gov.br\/images\/imagens_migradas\/upload\/arquivos\/2016-09\/designacao-do-representantes-do-empregador.doc\" target=\"_blank\" rel=\"noopener\"><span style=\"color: #202d4f\"><span style=\"font-family: Open Sans\"><span style=\"font-size: small\">Designa\u00e7\u00e3o dos Representantes do Empregador<\/span><\/span><\/span><\/a><\/li>\n<li><a href=\"https:\/\/wwwhomolog.portaldoservidor.go.gov.br\/images\/imagens_migradas\/upload\/arquivos\/2016-09\/divulgacao-dos-resultados.doc\" target=\"_blank\" rel=\"noopener\"><span style=\"color: #202d4f\"><span style=\"font-family: Open Sans\"><span style=\"font-size: small\">Divulga\u00e7\u00e3o dos Resultados<\/span><\/span><\/span><\/a><\/li>\n<li><a href=\"https:\/\/wwwhomolog.portaldoservidor.go.gov.br\/images\/imagens_migradas\/upload\/arquivos\/2016-09\/edital-de-convocacao-para-eleicao.doc\" target=\"_blank\" rel=\"noopener\"><span style=\"color: #202d4f\"><span style=\"font-family: Open Sans\"><span style=\"font-size: small\">Edital de Convoca\u00e7\u00e3o para Elei\u00e7\u00e3o<\/span><\/span><\/span><\/a><\/li>\n<li><a href=\"https:\/\/wwwhomolog.portaldoservidor.go.gov.br\/images\/imagens_migradas\/upload\/arquivos\/2016-09\/edital-de-inscricao.doc\" target=\"_blank\" rel=\"noopener\"><span style=\"color: #202d4f\"><span style=\"font-family: Open Sans\"><span style=\"font-size: small\">Edital de Inscri\u00e7\u00e3o<\/span><\/span><\/span><\/a><\/li>\n<li><a href=\"https:\/\/wwwhomolog.portaldoservidor.go.gov.br\/images\/imagens_migradas\/upload\/arquivos\/2016-09\/indicacao-dos-designados.doc\" target=\"_blank\" rel=\"noopener\"><span style=\"color: #202d4f\"><span style=\"font-family: Open Sans\"><span style=\"font-size: small\">Indica\u00e7\u00e3o dos Designados<\/span><\/span><\/span><\/a><\/li>\n<li><a href=\"https:\/\/wwwhomolog.portaldoservidor.go.gov.br\/images\/imagens_migradas\/upload\/arquivos\/2016-09\/lista-de-presenca-reunioes.doc\" target=\"_blank\" rel=\"noopener\"><span style=\"color: #202d4f\"><span style=\"font-family: Open Sans\"><span style=\"font-size: small\">Lista de Presen\u00e7a Reuni\u00f5es<\/span><\/span><\/span><\/a><\/li>\n<li><a href=\"https:\/\/wwwhomolog.portaldoservidor.go.gov.br\/images\/imagens_migradas\/upload\/arquivos\/2016-09\/lista-de-presenca-votacao.doc\" target=\"_blank\" rel=\"noopener\"><span style=\"color: #202d4f\"><span style=\"font-family: Open Sans\"><span style=\"font-size: small\">Lista de Presen\u00e7a Vota\u00e7\u00e3o<\/span><\/span><\/span><\/a><\/li>\n<li><a href=\"https:\/\/wwwhomolog.portaldoservidor.go.gov.br\/images\/imagens_migradas\/upload\/arquivos\/2016-09\/plano-de-trabalho-atribuicoes-cipa.doc\" target=\"_blank\" rel=\"noopener\"><span style=\"color: #202d4f\"><span style=\"font-family: Open Sans\"><span style=\"font-size: small\">Plano de Trabalho &#8211; Atribui\u00e7\u00f5es CIPA<\/span><\/span><\/span><\/a><\/li>\n<li><a href=\"https:\/\/wwwhomolog.portaldoservidor.go.gov.br\/images\/imagens_migradas\/upload\/arquivos\/2016-09\/relatorio-de-cipa-do-estabelecimento---Orgao.doc\" target=\"_blank\" rel=\"noopener\"><span style=\"color: #202d4f\"><span style=\"font-family: Open Sans\"><span style=\"font-size: small\">Relat\u00f3rio de CIPA do Estabelecimento-\u00d3rg\u00e3o<\/span><\/span><\/span><\/a><\/li>\n<\/ul>\n<p align=\"left\">\u00a0<\/p>\n<h3>SESMT<\/h3>\n<p>(62) 3201-3545 (62)\u00a098164-0801<\/p>\n<h2><span style=\"color: #202d4f\"><span style=\"font-family: Open Sans\"><span style=\"font-size: medium\"><b>SESMT P\u00fablico &#8211; Servi\u00e7os de Seguran\u00e7a e Sa\u00fade no Trabalho do Servidor P\u00fablico<\/b><\/span><\/span><\/span><\/h2>\n<p align=\"left\"><span style=\"color: #202d4f\"><span style=\"font-family: Open Sans\"><span style=\"font-size: medium\"><b>Links<\/b><\/span><\/span><\/span><\/p>\n<ul>\n<li><a href=\"https:\/\/wwwhomolog.portaldoservidor.go.gov.br\/images\/imagens_migradas\/upload\/arquivos\/2016-10\/contatos-sesmt.jpg\" target=\"_blank\" rel=\"noopener\"><span style=\"color: #202d4f\"><span style=\"font-family: Open Sans\"><span style=\"font-size: small\">Lista de contatos do Sesmt em cada \u00f3rg\u00e3o<\/span><\/span><\/span><\/a><\/li>\n<\/ul>\n<p align=\"left\">\u00a0<\/p>\n<h3>Per\u00edcias M\u00e9dicas<\/h3>\n<p>Para agendamento de Per\u00edcias M\u00e9dicas e Exames Admissionais: (62) 3269-4202<\/p>\n<ul>\n<li>Informa\u00e7\u00f5es sobre o agendamento e realiza\u00e7\u00e3o de per\u00edcias m\u00e9dicas na Ger\u00eancia de Sa\u00fade e Preven\u00e7\u00e3o:<\/li>\n<li>Licen\u00e7a M\u00e9dica para servidores com diagn\u00f3stico de Gripe Influenza A\/H1N1<\/li>\n<li>Licen\u00e7a M\u00e9dica para Servidores com suspeita de Zika v\u00edrus<\/li>\n<li>Documentos necess\u00e1rios para Licen\u00e7a M\u00e9dica do Pr\u00f3prio Servidor;<\/li>\n<li>Documentos necess\u00e1rios para Licen\u00e7a Acompanhante;<\/li>\n<li>Documentos necess\u00e1rios para Licen\u00e7a de Acidente de Trabalho\/Mol\u00e9stia Profissional &#8211; 1\u00aa licen\u00e7a referente ao acidente ou doen\u00e7a;<\/li>\n<li>Per\u00edcia Documental<\/li>\n<\/ul>\n<\/div>\n","protected":false},"excerpt":{"rendered":"<p>\u00a0 1\u00aa Edi\u00e7\u00e3o Informativo Preventivo Agrodefesa2\u00aa Edi\u00e7\u00e3o Informativo Preventivo Agrodefesa3\u00aa Edi\u00e7\u00e3o Informativo Preventivo Agrodefesa4\u00aa Edi\u00e7\u00e3o Informativo Preventivo Agrodefesa5\u00aa Edi\u00e7\u00e3o Informativo Preventivo Agrodefesa6\u00aa Edi\u00e7\u00e3o Informativo Preventivo Agrodefesa7\u00aa Edi\u00e7\u00e3o Informativo Preventivo Agrodefesa8\u00aa Edi\u00e7\u00e3o Informativo Preventivo Agrodefesa9\u00aa Edi\u00e7\u00e3o Informativo Preventivo Agrodefesa10\u00aa Edi\u00e7\u00e3o Informativo Preventivo Agrodefesa11\u00aa Edi\u00e7\u00e3o Informativo Preventivo Agrodefesa12\u00aa Edi\u00e7\u00e3o Informativo Preventivo Agrodefesa13\u00aa Edi\u00e7\u00e3o Informativo Preventivo Agrodefesa14\u00aa Edi\u00e7\u00e3o [&hellip;]<\/p>\n","protected":false},"author":7,"featured_media":0,"comment_status":"closed","ping_status":"open","sticky":false,"template":"","format":"standard","meta":{"footnotes":""},"categories":[7],"tags":[],"class_list":["post-1253","post","type-post","status-publish","format-standard","hentry","category-recursos-humanos"],"rttpg_featured_image_url":null,"rttpg_author":{"display_name":"gustavogoncalves","author_link":"https:\/\/goias.gov.br\/agrodefesa\/author\/gustavogoncalves\/"},"rttpg_comment":0,"rttpg_category":"<a href=\"https:\/\/goias.gov.br\/agrodefesa\/categoria\/recursos-humanos\/\" rel=\"category tag\">Recursos Humanos<\/a>","rttpg_excerpt":"\u00a0 1\u00aa Edi\u00e7\u00e3o Informativo Preventivo Agrodefesa2\u00aa Edi\u00e7\u00e3o Informativo Preventivo Agrodefesa3\u00aa Edi\u00e7\u00e3o Informativo Preventivo Agrodefesa4\u00aa Edi\u00e7\u00e3o Informativo Preventivo Agrodefesa5\u00aa Edi\u00e7\u00e3o Informativo Preventivo Agrodefesa6\u00aa Edi\u00e7\u00e3o Informativo Preventivo Agrodefesa7\u00aa Edi\u00e7\u00e3o Informativo Preventivo Agrodefesa8\u00aa Edi\u00e7\u00e3o Informativo Preventivo Agrodefesa9\u00aa Edi\u00e7\u00e3o Informativo Preventivo Agrodefesa10\u00aa Edi\u00e7\u00e3o Informativo Preventivo Agrodefesa11\u00aa Edi\u00e7\u00e3o Informativo Preventivo Agrodefesa12\u00aa Edi\u00e7\u00e3o Informativo Preventivo Agrodefesa13\u00aa Edi\u00e7\u00e3o Informativo Preventivo Agrodefesa14\u00aa Edi\u00e7\u00e3o&hellip;","_links":{"self":[{"href":"https:\/\/goias.gov.br\/agrodefesa\/wp-json\/wp\/v2\/posts\/1253","targetHints":{"allow":["GET"]}}],"collection":[{"href":"https:\/\/goias.gov.br\/agrodefesa\/wp-json\/wp\/v2\/posts"}],"about":[{"href":"https:\/\/goias.gov.br\/agrodefesa\/wp-json\/wp\/v2\/types\/post"}],"author":[{"embeddable":true,"href":"https:\/\/goias.gov.br\/agrodefesa\/wp-json\/wp\/v2\/users\/7"}],"replies":[{"embeddable":true,"href":"https:\/\/goias.gov.br\/agrodefesa\/wp-json\/wp\/v2\/comments?post=1253"}],"version-history":[{"count":2,"href":"https:\/\/goias.gov.br\/agrodefesa\/wp-json\/wp\/v2\/posts\/1253\/revisions"}],"predecessor-version":[{"id":20549,"href":"https:\/\/goias.gov.br\/agrodefesa\/wp-json\/wp\/v2\/posts\/1253\/revisions\/20549"}],"wp:attachment":[{"href":"https:\/\/goias.gov.br\/agrodefesa\/wp-json\/wp\/v2\/media?parent=1253"}],"wp:term":[{"taxonomy":"category","embeddable":true,"href":"https:\/\/goias.gov.br\/agrodefesa\/wp-json\/wp\/v2\/categories?post=1253"},{"taxonomy":"post_tag","embeddable":true,"href":"https:\/\/goias.gov.br\/agrodefesa\/wp-json\/wp\/v2\/tags?post=1253"}],"curies":[{"name":"wp","href":"https:\/\/api.w.org\/{rel}","templated":true}]}}