{"id":90550,"date":"2026-08-13T16:40:09","date_gmt":"2026-08-13T19:40:09","guid":{"rendered":"https:\/\/goias.gov.br\/agricultura\/?p=90550"},"modified":"2026-08-13T16:40:09","modified_gmt":"2026-08-13T19:40:09","slug":"milho-agro-em-dados-julho-2026","status":"publish","type":"post","link":"https:\/\/goias.gov.br\/agricultura\/milho-agro-em-dados-julho-2026\/","title":{"rendered":"MILHO \u2013 AGRO EM DADOS \/ JULHO 2026"},"content":{"rendered":"<div class=\"wp-block-image\">\n<figure class=\"aligncenter is-resized\"><a href=\"https:\/\/goias.gov.br\/agricultura\/milho-agro-em-dados-agosto-2024-2\/\" target=\"_blank\" rel=\"noreferrer noopener\"><img decoding=\"async\" src=\"https:\/\/goias.gov.br\/agricultura\/wp-content\/uploads\/sites\/50\/2024\/09\/icones_site-07-2-1024x331.png\" alt=\"\" style=\"width:400px\" \/><\/a><\/figure>\n<\/div>\n\n\n<p class=\"wp-block-paragraph\">Em junho de 2026, o pre\u00e7o do milho acumulou a terceira queda mensal consecutiva, encerrando o m\u00eas cotado a R$63,68 por saca, valor inferior ao registrado no mesmo per\u00edodo em 2025. A desvaloriza\u00e7\u00e3o decorre, dentre outros fatores, do aumento da oferta nacional, sustentada tanto pela colheita da safra de ver\u00e3o quanto pelos estoques remanescentes da temporada 2024\/25, estimados pela Conab em 12,4 milh\u00f5es de toneladas. Al\u00e9m disso, a expectativa de estoques finais de 13,2 milh\u00f5es de toneladas ao t\u00e9rmino da atual safra brasileira refor\u00e7a a percep\u00e7\u00e3o de um mercado bem abastecido, contribuindo para a manuten\u00e7\u00e3o da press\u00e3o baixista sobre as cota\u00e7\u00f5es.<br>Em rela\u00e7\u00e3o ao progresso da safra, a colheita do milho safrinha teve in\u00edcio na segunda semana de junho e encerrou o m\u00eas com 3,0% da \u00e1rea colhida em Goi\u00e1s. Durante esse per\u00edodo houve registro de precipita\u00e7\u00f5es, apesar disso, o desenvolvimento da cultura n\u00e3o foi favorecido, visto que a maioria das lavouras j\u00e1 havia conclu\u00eddo a fase de enchimento de gr\u00e3os. Assim, as chuvas ocorreram quando o potencial produtivo j\u00e1 estava praticamente consolidado nas principais regi\u00f5es produtoras. Desse modo, estima-se que a produtividade seja de 5,4 t\/ha, o que representa uma redu\u00e7\u00e3o de 22,4%, em rela\u00e7\u00e3o \u00e0 safra anterior.<br>No panorama internacional, apesar da retra\u00e7\u00e3o das exporta\u00e7\u00f5es goianas de milho em gr\u00e3o de janeiro a maio de 2026, os embarques dos derivados do cereal seguem em trajet\u00f3ria de crescimento, o que demonstra o potencial da industrializa\u00e7\u00e3o como estrat\u00e9gia para aumentar a rentabilidade do setor. Esses produtos s\u00e3o comercializados por pre\u00e7os significativamente superiores aos do milho in natura, o que amplia o retorno obtido com o com\u00e9rcio exterior. Entre eles, destaca-se o milho doce preparado, em que Goi\u00e1s lidera as exporta\u00e7\u00f5es nacionais, respons\u00e1vel por 74,7% do valor total exportado pelo Brasil no per\u00edodo. Nesse derivado, Goi\u00e1s ocupa posi\u00e7\u00e3o de lideran\u00e7a nacional, o qual responde por 74,7% do valor exportado pelo Brasil no per\u00edodo. Al\u00e9m da relev\u00e2ncia na pauta exportadora estadual, no m\u00eas de maio, o produto apresentou pre\u00e7o m\u00e9dio de US$ 1.244,89 por tonelada, acr\u00e9scimo de 0,6%, quando comparado ao mesmo per\u00edodo de 2025.<\/p>\n\n\n\n<figure class=\"wp-block-image size-full\"><img fetchpriority=\"high\" decoding=\"async\" width=\"902\" height=\"246\" src=\"https:\/\/goias.gov.br\/agricultura\/wp-content\/uploads\/sites\/50\/2026\/08\/image-117.png\" alt=\"\" class=\"wp-image-90551\" srcset=\"https:\/\/goias.gov.br\/agricultura\/wp-content\/uploads\/sites\/50\/2026\/08\/image-117.png 902w, https:\/\/goias.gov.br\/agricultura\/wp-content\/uploads\/sites\/50\/2026\/08\/image-117-300x82.png 300w, https:\/\/goias.gov.br\/agricultura\/wp-content\/uploads\/sites\/50\/2026\/08\/image-117-768x209.png 768w\" sizes=\"(max-width: 902px) 100vw, 902px\" \/><\/figure>\n\n\n\n<details class=\"wp-block-details has-vivid-cyan-blue-color has-text-color has-link-color wp-elements-8a9bee865fe3acb1c733333f449562b0 is-layout-flow wp-block-details-is-layout-flow\"><summary><img decoding=\"async\" fetchpriority=\"low\" src=\"https:\/\/goias.gov.br\/agricultura\/wp-content\/uploads\/sites\/50\/2024\/06\/image-9.png\" alt=\"O atributo alt desta imagem est\u00e1 vazio. O nome do arquivo \u00e9 image-9.png\">&nbsp;COTA\u00c7\u00d5ES \u2013 Indicador do Milho Esalq\/BM&amp;FBOVESPA (R$\/saca 60kg)<\/summary>\n<p class=\"wp-block-paragraph\"><\/p>\n\n\n\n<figure class=\"wp-block-image size-full is-resized\"><img decoding=\"async\" width=\"902\" height=\"506\" fetchpriority=\"low\" src=\"https:\/\/goias.gov.br\/agricultura\/wp-content\/uploads\/sites\/50\/2026\/08\/image-118.png\" alt=\"\" class=\"wp-image-90552\" style=\"width:720px\" srcset=\"https:\/\/goias.gov.br\/agricultura\/wp-content\/uploads\/sites\/50\/2026\/08\/image-118.png 902w, https:\/\/goias.gov.br\/agricultura\/wp-content\/uploads\/sites\/50\/2026\/08\/image-118-300x168.png 300w, https:\/\/goias.gov.br\/agricultura\/wp-content\/uploads\/sites\/50\/2026\/08\/image-118-768x431.png 768w\" sizes=\"(max-width: 902px) 100vw, 902px\" \/><\/figure>\n\n\n\n<p class=\"wp-block-paragraph\"><\/p>\n<\/details>\n\n\n\n<details class=\"wp-block-details has-vivid-cyan-blue-color has-text-color has-link-color wp-elements-26c872147693298cdc3697ad8cc5220e is-layout-flow wp-block-details-is-layout-flow\"><summary><img decoding=\"async\" fetchpriority=\"low\" src=\"https:\/\/goias.gov.br\/agricultura\/wp-content\/uploads\/sites\/50\/2024\/06\/image-9.png\" alt=\"O atributo alt desta imagem est\u00e1 vazio. O nome do arquivo \u00e9 image-9.png\">&nbsp;SAFRA DE MILHO TOTAL 2025\/26<\/summary>\n<p class=\"wp-block-paragraph\"><\/p>\n\n\n\n<figure class=\"wp-block-image size-full is-resized\"><img decoding=\"async\" width=\"910\" height=\"223\" fetchpriority=\"low\" src=\"https:\/\/goias.gov.br\/agricultura\/wp-content\/uploads\/sites\/50\/2026\/08\/image-119.png\" alt=\"\" class=\"wp-image-90553\" style=\"width:720px\" srcset=\"https:\/\/goias.gov.br\/agricultura\/wp-content\/uploads\/sites\/50\/2026\/08\/image-119.png 910w, https:\/\/goias.gov.br\/agricultura\/wp-content\/uploads\/sites\/50\/2026\/08\/image-119-300x74.png 300w, https:\/\/goias.gov.br\/agricultura\/wp-content\/uploads\/sites\/50\/2026\/08\/image-119-768x188.png 768w\" sizes=\"(max-width: 910px) 100vw, 910px\" \/><\/figure>\n\n\n\n<p class=\"wp-block-paragraph\"><\/p>\n\n\n\n<figure class=\"wp-block-image size-full is-resized\"><img loading=\"lazy\" decoding=\"async\" width=\"905\" height=\"594\" fetchpriority=\"low\" src=\"https:\/\/goias.gov.br\/agricultura\/wp-content\/uploads\/sites\/50\/2026\/08\/image-120.png\" alt=\"\" class=\"wp-image-90554\" style=\"width:720px\" srcset=\"https:\/\/goias.gov.br\/agricultura\/wp-content\/uploads\/sites\/50\/2026\/08\/image-120.png 905w, https:\/\/goias.gov.br\/agricultura\/wp-content\/uploads\/sites\/50\/2026\/08\/image-120-300x197.png 300w, https:\/\/goias.gov.br\/agricultura\/wp-content\/uploads\/sites\/50\/2026\/08\/image-120-768x504.png 768w\" sizes=\"(max-width: 905px) 100vw, 905px\" \/><\/figure>\n\n\n\n<p class=\"wp-block-paragraph\"><\/p>\n\n\n\n<figure class=\"wp-block-image size-full is-resized\"><img loading=\"lazy\" decoding=\"async\" width=\"911\" height=\"426\" fetchpriority=\"low\" src=\"https:\/\/goias.gov.br\/agricultura\/wp-content\/uploads\/sites\/50\/2026\/08\/image-121.png\" alt=\"\" class=\"wp-image-90555\" style=\"width:720px\" srcset=\"https:\/\/goias.gov.br\/agricultura\/wp-content\/uploads\/sites\/50\/2026\/08\/image-121.png 911w, https:\/\/goias.gov.br\/agricultura\/wp-content\/uploads\/sites\/50\/2026\/08\/image-121-300x140.png 300w, https:\/\/goias.gov.br\/agricultura\/wp-content\/uploads\/sites\/50\/2026\/08\/image-121-768x359.png 768w\" sizes=\"(max-width: 911px) 100vw, 911px\" \/><\/figure>\n\n\n\n<p class=\"wp-block-paragraph\"><\/p>\n<\/details>\n\n\n\n<details class=\"wp-block-details has-vivid-cyan-blue-color has-text-color has-link-color wp-elements-fa0541ac1107aff387671a7c90f03877 is-layout-flow wp-block-details-is-layout-flow\"><summary><img decoding=\"async\" fetchpriority=\"low\" src=\"https:\/\/goias.gov.br\/agricultura\/wp-content\/uploads\/sites\/50\/2024\/06\/image-9.png\" alt=\"O atributo alt desta imagem est\u00e1 vazio. O nome do arquivo \u00e9 image-9.png\">&nbsp;GOI\u00c1S \u2013 VALOR BRUTO DA PRODU\u00c7\u00c3O DO MILHO (VBP) Estimativa 2026<\/summary>\n<p class=\"wp-block-paragraph\"><\/p>\n\n\n\n<figure class=\"wp-block-image size-full is-resized\"><img loading=\"lazy\" decoding=\"async\" width=\"902\" height=\"393\" fetchpriority=\"low\" src=\"https:\/\/goias.gov.br\/agricultura\/wp-content\/uploads\/sites\/50\/2026\/08\/image-122.png\" alt=\"\" class=\"wp-image-90556\" style=\"width:720px\" srcset=\"https:\/\/goias.gov.br\/agricultura\/wp-content\/uploads\/sites\/50\/2026\/08\/image-122.png 902w, https:\/\/goias.gov.br\/agricultura\/wp-content\/uploads\/sites\/50\/2026\/08\/image-122-300x131.png 300w, https:\/\/goias.gov.br\/agricultura\/wp-content\/uploads\/sites\/50\/2026\/08\/image-122-768x335.png 768w\" sizes=\"(max-width: 902px) 100vw, 902px\" \/><\/figure>\n\n\n\n<p class=\"wp-block-paragraph\"><\/p>\n<\/details>\n\n\n\n<details class=\"wp-block-details has-vivid-cyan-blue-color has-text-color has-link-color wp-elements-86be9b741ab01339560d2bc3bd572ef1 is-layout-flow wp-block-details-is-layout-flow\"><summary><img decoding=\"async\" fetchpriority=\"low\" src=\"https:\/\/goias.gov.br\/agricultura\/wp-content\/uploads\/sites\/50\/2024\/06\/image-9.png\" alt=\"O atributo alt desta imagem est\u00e1 vazio. O nome do arquivo \u00e9 image-9.png\">&nbsp;BRASIL \u2013 EXPORTA\u00c7\u00d5ES DO MILHO EM GR\u00c3O<\/summary>\n<p class=\"wp-block-paragraph\"><\/p>\n\n\n\n<figure class=\"wp-block-image size-full is-resized\"><img loading=\"lazy\" decoding=\"async\" width=\"903\" height=\"239\" fetchpriority=\"low\" src=\"https:\/\/goias.gov.br\/agricultura\/wp-content\/uploads\/sites\/50\/2026\/08\/image-123.png\" alt=\"\" class=\"wp-image-90557\" style=\"width:720px\" srcset=\"https:\/\/goias.gov.br\/agricultura\/wp-content\/uploads\/sites\/50\/2026\/08\/image-123.png 903w, https:\/\/goias.gov.br\/agricultura\/wp-content\/uploads\/sites\/50\/2026\/08\/image-123-300x79.png 300w, https:\/\/goias.gov.br\/agricultura\/wp-content\/uploads\/sites\/50\/2026\/08\/image-123-768x203.png 768w\" sizes=\"(max-width: 903px) 100vw, 903px\" \/><\/figure>\n\n\n\n<p class=\"wp-block-paragraph\"><\/p>\n\n\n\n<figure class=\"wp-block-image size-full is-resized\"><img loading=\"lazy\" decoding=\"async\" width=\"908\" height=\"542\" fetchpriority=\"low\" src=\"https:\/\/goias.gov.br\/agricultura\/wp-content\/uploads\/sites\/50\/2026\/08\/image-124.png\" alt=\"\" class=\"wp-image-90558\" style=\"width:720px\" srcset=\"https:\/\/goias.gov.br\/agricultura\/wp-content\/uploads\/sites\/50\/2026\/08\/image-124.png 908w, https:\/\/goias.gov.br\/agricultura\/wp-content\/uploads\/sites\/50\/2026\/08\/image-124-300x179.png 300w, https:\/\/goias.gov.br\/agricultura\/wp-content\/uploads\/sites\/50\/2026\/08\/image-124-768x458.png 768w\" sizes=\"(max-width: 908px) 100vw, 908px\" \/><\/figure>\n\n\n\n<p class=\"wp-block-paragraph\"><\/p>\n<\/details>\n\n\n\n<details class=\"wp-block-details has-vivid-cyan-blue-color has-text-color has-link-color wp-elements-e0b79b25c7e1d31ba5cfcbb2d68c7b85 is-layout-flow wp-block-details-is-layout-flow\"><summary><img decoding=\"async\" fetchpriority=\"low\" src=\"https:\/\/goias.gov.br\/agricultura\/wp-content\/uploads\/sites\/50\/2024\/06\/image-9.png\" alt=\"O atributo alt desta imagem est\u00e1 vazio. O nome do arquivo \u00e9 image-9.png\">&nbsp;GOI\u00c1S \u2013 EXPORTA\u00c7\u00d5ES DO MILHO EM GR\u00c3O<\/summary>\n<p class=\"wp-block-paragraph\"><\/p>\n\n\n\n<figure class=\"wp-block-image size-full is-resized\"><img loading=\"lazy\" decoding=\"async\" width=\"909\" height=\"346\" fetchpriority=\"low\" src=\"https:\/\/goias.gov.br\/agricultura\/wp-content\/uploads\/sites\/50\/2026\/08\/image-125.png\" alt=\"\" class=\"wp-image-90559\" style=\"width:720px\" srcset=\"https:\/\/goias.gov.br\/agricultura\/wp-content\/uploads\/sites\/50\/2026\/08\/image-125.png 909w, https:\/\/goias.gov.br\/agricultura\/wp-content\/uploads\/sites\/50\/2026\/08\/image-125-300x114.png 300w, https:\/\/goias.gov.br\/agricultura\/wp-content\/uploads\/sites\/50\/2026\/08\/image-125-768x292.png 768w\" sizes=\"(max-width: 909px) 100vw, 909px\" \/><\/figure>\n\n\n\n<p class=\"wp-block-paragraph\"><\/p>\n\n\n\n<figure class=\"wp-block-image size-full is-resized\"><img loading=\"lazy\" decoding=\"async\" width=\"913\" height=\"813\" fetchpriority=\"low\" src=\"https:\/\/goias.gov.br\/agricultura\/wp-content\/uploads\/sites\/50\/2026\/08\/image-126.png\" alt=\"\" class=\"wp-image-90560\" style=\"width:720px\" srcset=\"https:\/\/goias.gov.br\/agricultura\/wp-content\/uploads\/sites\/50\/2026\/08\/image-126.png 913w, https:\/\/goias.gov.br\/agricultura\/wp-content\/uploads\/sites\/50\/2026\/08\/image-126-300x267.png 300w, https:\/\/goias.gov.br\/agricultura\/wp-content\/uploads\/sites\/50\/2026\/08\/image-126-768x684.png 768w\" sizes=\"(max-width: 913px) 100vw, 913px\" \/><\/figure>\n\n\n\n<p class=\"wp-block-paragraph\"><\/p>\n\n\n\n<p class=\"wp-block-paragraph\"><\/p>\n<\/details>\n\n\n\n<figure class=\"wp-block-image\"><a href=\"https:\/\/docs.google.com\/forms\/d\/e\/1FAIpQLSdyXGjUmk0KJiSDxOtezAWsI-NFfBfGX0kRMjGUpawkCPPpkg\/viewform\" target=\"_blank\" rel=\"noreferrer noopener\"><img loading=\"lazy\" decoding=\"async\" width=\"3307\" height=\"828\" src=\"https:\/\/goias.gov.br\/agricultura\/wp-content\/uploads\/sites\/50\/2024\/07\/barra_pesquisa-1.png\" alt=\"\" class=\"wp-image-18955\" \/><\/a><\/figure>\n\n\n\n<p class=\"wp-block-paragraph\"><\/p>\n","protected":false},"excerpt":{"rendered":"<p>Em junho de 2026, o pre\u00e7o do milho acumulou a terceira queda mensal consecutiva, encerrando o m\u00eas cotado a R$63,68 por saca, valor inferior ao registrado no mesmo per\u00edodo em 2025. A desvaloriza\u00e7\u00e3o decorre, dentre outros fatores, do aumento da oferta nacional, sustentada tanto pela colheita da safra de ver\u00e3o quanto pelos estoques remanescentes da [&hellip;]<\/p>\n","protected":false},"author":939,"featured_media":0,"comment_status":"closed","ping_status":"open","sticky":false,"template":"","format":"standard","meta":{"footnotes":""},"categories":[1],"tags":[],"class_list":["post-90550","post","type-post","status-publish","format-standard","hentry","category-sem-categoria"],"rttpg_featured_image_url":null,"rttpg_author":{"display_name":"beatrizrocha","author_link":"https:\/\/goias.gov.br\/agricultura\/author\/beatrizrocha\/"},"rttpg_comment":0,"rttpg_category":"<a href=\"https:\/\/goias.gov.br\/agricultura\/categoria\/sem-categoria\/\" rel=\"category tag\">Sem categoria<\/a>","rttpg_excerpt":"Em junho de 2026, o pre\u00e7o do milho acumulou a terceira queda mensal consecutiva, encerrando o m\u00eas cotado a R$63,68 por saca, valor inferior ao registrado no mesmo per\u00edodo em 2025. A desvaloriza\u00e7\u00e3o decorre, dentre outros fatores, do aumento da oferta nacional, sustentada tanto pela colheita da safra de ver\u00e3o quanto pelos estoques remanescentes da&hellip;","_links":{"self":[{"href":"https:\/\/goias.gov.br\/agricultura\/wp-json\/wp\/v2\/posts\/90550","targetHints":{"allow":["GET"]}}],"collection":[{"href":"https:\/\/goias.gov.br\/agricultura\/wp-json\/wp\/v2\/posts"}],"about":[{"href":"https:\/\/goias.gov.br\/agricultura\/wp-json\/wp\/v2\/types\/post"}],"author":[{"embeddable":true,"href":"https:\/\/goias.gov.br\/agricultura\/wp-json\/wp\/v2\/users\/939"}],"replies":[{"embeddable":true,"href":"https:\/\/goias.gov.br\/agricultura\/wp-json\/wp\/v2\/comments?post=90550"}],"version-history":[{"count":1,"href":"https:\/\/goias.gov.br\/agricultura\/wp-json\/wp\/v2\/posts\/90550\/revisions"}],"predecessor-version":[{"id":90561,"href":"https:\/\/goias.gov.br\/agricultura\/wp-json\/wp\/v2\/posts\/90550\/revisions\/90561"}],"wp:attachment":[{"href":"https:\/\/goias.gov.br\/agricultura\/wp-json\/wp\/v2\/media?parent=90550"}],"wp:term":[{"taxonomy":"category","embeddable":true,"href":"https:\/\/goias.gov.br\/agricultura\/wp-json\/wp\/v2\/categories?post=90550"},{"taxonomy":"post_tag","embeddable":true,"href":"https:\/\/goias.gov.br\/agricultura\/wp-json\/wp\/v2\/tags?post=90550"}],"curies":[{"name":"wp","href":"https:\/\/api.w.org\/{rel}","templated":true}]}}