{"id":90504,"date":"2026-08-13T16:10:15","date_gmt":"2026-08-13T19:10:15","guid":{"rendered":"https:\/\/goias.gov.br\/agricultura\/?p=90504"},"modified":"2026-08-13T16:10:15","modified_gmt":"2026-08-13T19:10:15","slug":"frangos-agro-em-dados-julho-2026","status":"publish","type":"post","link":"https:\/\/goias.gov.br\/agricultura\/frangos-agro-em-dados-julho-2026\/","title":{"rendered":"FRANGOS \u2013 AGRO EM DADOS \/ JULHO 2026"},"content":{"rendered":"<div class=\"wp-block-image\">\n<figure class=\"aligncenter is-resized\"><a href=\"https:\/\/goias.gov.br\/agricultura\/frangos-agro-em-dados-setembro-2024\/\" target=\"_blank\" rel=\"noreferrer noopener\"><img decoding=\"async\" src=\"https:\/\/goias.gov.br\/agricultura\/wp-content\/uploads\/sites\/50\/2024\/09\/icones_site-04-2-1024x331.png\" alt=\"\" style=\"width:400px\" \/><\/a><\/figure>\n<\/div>\n\n\n<p class=\"wp-block-paragraph\">Goi\u00e1s destaca-se como um dos principais polos da avicultura brasileira, com a produ\u00e7\u00e3o concentrada nas regi\u00f5es Centro e Sul do estado. Ademais, Goi\u00e1s ocupa a quinta posi\u00e7\u00e3o nacional e possui dois dos dez maiores munic\u00edpios brasileiros em efetivo de galin\u00e1ceos. Segundo o IBGE, Rio Verde ocupa a s\u00e9tima posi\u00e7\u00e3o no ranking nacional e Itabera\u00ed, a d\u00e9cima. A presen\u00e7a de dois munic\u00edpios entre os maiores produtores do pa\u00eds demonstra a relev\u00e2ncia da atividade av\u00edcola nesses polos, sustentada pela integra\u00e7\u00e3o entre a produ\u00e7\u00e3o de gr\u00e3os, que garante o fornecimento de insumos para a alimenta\u00e7\u00e3o das aves, e a ind\u00fastria de processamento de carnes. Essa estrutura produtiva contribuiu para recorde no abate de frangos, que alcan\u00e7ou 135,6 milh\u00f5es de cabe\u00e7as no primeiro trimestre de 2026, aumento de 7,1% em rela\u00e7\u00e3o ao mesmo per\u00edodo do ano anterior.<br>Nesse \u00e2mbito, o mercado externo aquecido tem estimulado a avicultura goiana, o estado ocupa a quinta posi\u00e7\u00e3o entre os maiores exportadores de carne de frango do pa\u00eds e apresenta trajet\u00f3ria consistente de crescimento desde 2022. Ao considerar janeiro a maio de 2026, o volume exportado registrou marco hist\u00f3rico com aumento de 69,9% em rela\u00e7\u00e3o ao mesmo intervalo do ano anterior. Esse desempenho \u00e9 acompanhado por um n\u00famero recorde de destinos, com 91 pa\u00edses atendidos nesse per\u00edodo, o que demonstra a diversifica\u00e7\u00e3o dos mercados.<\/p>\n\n\n\n<figure class=\"wp-block-image size-full\"><img fetchpriority=\"high\" decoding=\"async\" width=\"847\" height=\"265\" src=\"https:\/\/goias.gov.br\/agricultura\/wp-content\/uploads\/sites\/50\/2026\/08\/image-88.png\" alt=\"\" class=\"wp-image-90505\" srcset=\"https:\/\/goias.gov.br\/agricultura\/wp-content\/uploads\/sites\/50\/2026\/08\/image-88.png 847w, https:\/\/goias.gov.br\/agricultura\/wp-content\/uploads\/sites\/50\/2026\/08\/image-88-300x94.png 300w, https:\/\/goias.gov.br\/agricultura\/wp-content\/uploads\/sites\/50\/2026\/08\/image-88-768x240.png 768w\" sizes=\"(max-width: 847px) 100vw, 847px\" \/><\/figure>\n\n\n\n<details class=\"wp-block-details has-vivid-cyan-blue-color has-text-color has-link-color wp-elements-aefd6546fb3ece0f79ece90511d72bda is-layout-flow wp-block-details-is-layout-flow\"><summary><img decoding=\"async\" fetchpriority=\"low\" src=\"https:\/\/goias.gov.br\/agricultura\/wp-content\/uploads\/sites\/50\/2024\/06\/image-9.png\" alt=\"O atributo alt desta imagem est\u00e1 vazio. O nome do arquivo \u00e9 image-9.png\">&nbsp;COTA\u00c7\u00d5ES \u2013 Pre\u00e7o do Frango Resfriado Cepea\/Esalq-SP (R$\/Kg)<\/summary>\n<p class=\"wp-block-paragraph\"><\/p>\n\n\n\n<figure class=\"wp-block-image size-full is-resized\"><img decoding=\"async\" width=\"848\" height=\"412\" fetchpriority=\"low\" src=\"https:\/\/goias.gov.br\/agricultura\/wp-content\/uploads\/sites\/50\/2026\/08\/image-89.png\" alt=\"\" class=\"wp-image-90506\" style=\"width:720px\" srcset=\"https:\/\/goias.gov.br\/agricultura\/wp-content\/uploads\/sites\/50\/2026\/08\/image-89.png 848w, https:\/\/goias.gov.br\/agricultura\/wp-content\/uploads\/sites\/50\/2026\/08\/image-89-300x146.png 300w, https:\/\/goias.gov.br\/agricultura\/wp-content\/uploads\/sites\/50\/2026\/08\/image-89-768x373.png 768w\" sizes=\"(max-width: 848px) 100vw, 848px\" \/><\/figure>\n\n\n\n<p class=\"wp-block-paragraph\"><\/p>\n<\/details>\n\n\n\n<details class=\"wp-block-details has-vivid-cyan-blue-color has-text-color has-link-color wp-elements-3c5dbe4ba2c6b7ea6754ff9db04d259f is-layout-flow wp-block-details-is-layout-flow\"><summary><img decoding=\"async\" fetchpriority=\"low\" src=\"https:\/\/goias.gov.br\/agricultura\/wp-content\/uploads\/sites\/50\/2024\/06\/image-9.png\" alt=\"O atributo alt desta imagem est\u00e1 vazio. O nome do arquivo \u00e9 image-9.png\">&nbsp;ABATE DE FRANGOS<\/summary>\n<p class=\"wp-block-paragraph\"><\/p>\n\n\n\n<figure class=\"wp-block-image size-full\"><img decoding=\"async\" width=\"724\" height=\"166\" fetchpriority=\"low\" src=\"https:\/\/goias.gov.br\/agricultura\/wp-content\/uploads\/sites\/50\/2026\/08\/image-17.png\" alt=\"\" class=\"wp-image-90393\" srcset=\"https:\/\/goias.gov.br\/agricultura\/wp-content\/uploads\/sites\/50\/2026\/08\/image-17.png 724w, https:\/\/goias.gov.br\/agricultura\/wp-content\/uploads\/sites\/50\/2026\/08\/image-17-300x69.png 300w\" sizes=\"(max-width: 724px) 100vw, 724px\" \/><\/figure>\n\n\n\n<p class=\"wp-block-paragraph\"><\/p>\n\n\n\n<figure class=\"wp-block-image size-full\"><img loading=\"lazy\" decoding=\"async\" width=\"724\" height=\"651\" fetchpriority=\"low\" src=\"https:\/\/goias.gov.br\/agricultura\/wp-content\/uploads\/sites\/50\/2026\/08\/image-18.png\" alt=\"\" class=\"wp-image-90395\" srcset=\"https:\/\/goias.gov.br\/agricultura\/wp-content\/uploads\/sites\/50\/2026\/08\/image-18.png 724w, https:\/\/goias.gov.br\/agricultura\/wp-content\/uploads\/sites\/50\/2026\/08\/image-18-300x270.png 300w\" sizes=\"(max-width: 724px) 100vw, 724px\" \/><\/figure>\n\n\n\n<p class=\"wp-block-paragraph\"><\/p>\n<\/details>\n\n\n\n<details class=\"wp-block-details has-vivid-cyan-blue-color has-text-color has-link-color wp-elements-7e933c83db24fb29e19231d437bce873 is-layout-flow wp-block-details-is-layout-flow\"><summary><img decoding=\"async\" fetchpriority=\"low\" src=\"https:\/\/goias.gov.br\/agricultura\/wp-content\/uploads\/sites\/50\/2024\/06\/image-9.png\" alt=\"O atributo alt desta imagem est\u00e1 vazio. O nome do arquivo \u00e9 image-9.png\">&nbsp;PRODU\u00c7\u00c3O DE OVOS DE GALINHA<\/summary>\n<p class=\"wp-block-paragraph\"><\/p>\n\n\n\n<figure class=\"wp-block-image size-full\"><img loading=\"lazy\" decoding=\"async\" width=\"725\" height=\"673\" fetchpriority=\"low\" src=\"https:\/\/goias.gov.br\/agricultura\/wp-content\/uploads\/sites\/50\/2026\/08\/image-19.png\" alt=\"\" class=\"wp-image-90396\" srcset=\"https:\/\/goias.gov.br\/agricultura\/wp-content\/uploads\/sites\/50\/2026\/08\/image-19.png 725w, https:\/\/goias.gov.br\/agricultura\/wp-content\/uploads\/sites\/50\/2026\/08\/image-19-300x278.png 300w\" sizes=\"(max-width: 725px) 100vw, 725px\" \/><\/figure>\n\n\n\n<p class=\"wp-block-paragraph\"><\/p>\n\n\n\n<figure class=\"wp-block-image size-full\"><img loading=\"lazy\" decoding=\"async\" width=\"728\" height=\"227\" fetchpriority=\"low\" src=\"https:\/\/goias.gov.br\/agricultura\/wp-content\/uploads\/sites\/50\/2026\/08\/image-20.png\" alt=\"\" class=\"wp-image-90394\" srcset=\"https:\/\/goias.gov.br\/agricultura\/wp-content\/uploads\/sites\/50\/2026\/08\/image-20.png 728w, https:\/\/goias.gov.br\/agricultura\/wp-content\/uploads\/sites\/50\/2026\/08\/image-20-300x94.png 300w\" sizes=\"(max-width: 728px) 100vw, 728px\" \/><\/figure>\n\n\n\n<p class=\"wp-block-paragraph\"><\/p>\n<\/details>\n\n\n\n<details class=\"wp-block-details has-vivid-cyan-blue-color has-text-color has-link-color wp-elements-17585fc13db1f6ae3f9dbe61055e21e6 is-layout-flow wp-block-details-is-layout-flow\"><summary><img decoding=\"async\" fetchpriority=\"low\" src=\"https:\/\/goias.gov.br\/agricultura\/wp-content\/uploads\/sites\/50\/2024\/06\/image-9.png\" alt=\"O atributo alt desta imagem est\u00e1 vazio. O nome do arquivo \u00e9 image-9.png\">&nbsp;VALOR BRUTO DA PRODU\u00c7\u00c3O DE FRANGOS (VBP) Estimativa 2026<\/summary>\n<p class=\"wp-block-paragraph\"><\/p>\n\n\n\n<figure class=\"wp-block-image size-full is-resized\"><img loading=\"lazy\" decoding=\"async\" width=\"858\" height=\"392\" fetchpriority=\"low\" src=\"https:\/\/goias.gov.br\/agricultura\/wp-content\/uploads\/sites\/50\/2026\/08\/image-90.png\" alt=\"\" class=\"wp-image-90509\" style=\"width:720px\" srcset=\"https:\/\/goias.gov.br\/agricultura\/wp-content\/uploads\/sites\/50\/2026\/08\/image-90.png 858w, https:\/\/goias.gov.br\/agricultura\/wp-content\/uploads\/sites\/50\/2026\/08\/image-90-300x137.png 300w, https:\/\/goias.gov.br\/agricultura\/wp-content\/uploads\/sites\/50\/2026\/08\/image-90-768x351.png 768w\" sizes=\"(max-width: 858px) 100vw, 858px\" \/><\/figure>\n\n\n\n<p class=\"wp-block-paragraph\"><\/p>\n<\/details>\n\n\n\n<details class=\"wp-block-details has-vivid-cyan-blue-color has-text-color has-link-color wp-elements-721995025b7c5844402fc4efb446e914 is-layout-flow wp-block-details-is-layout-flow\"><summary><img decoding=\"async\" fetchpriority=\"low\" src=\"https:\/\/goias.gov.br\/agricultura\/wp-content\/uploads\/sites\/50\/2024\/06\/image-9.png\" alt=\"O atributo alt desta imagem est\u00e1 vazio. O nome do arquivo \u00e9 image-9.png\">&nbsp;BRASIL \u2013 EXPORTA\u00c7\u00d5ES DE CARNE DE FRANGO<\/summary>\n<p class=\"wp-block-paragraph\"><\/p>\n\n\n\n<figure class=\"wp-block-image size-full is-resized\"><img loading=\"lazy\" decoding=\"async\" width=\"850\" height=\"874\" fetchpriority=\"low\" src=\"https:\/\/goias.gov.br\/agricultura\/wp-content\/uploads\/sites\/50\/2026\/08\/image-91.png\" alt=\"\" class=\"wp-image-90510\" style=\"width:720px\" srcset=\"https:\/\/goias.gov.br\/agricultura\/wp-content\/uploads\/sites\/50\/2026\/08\/image-91.png 850w, https:\/\/goias.gov.br\/agricultura\/wp-content\/uploads\/sites\/50\/2026\/08\/image-91-292x300.png 292w, https:\/\/goias.gov.br\/agricultura\/wp-content\/uploads\/sites\/50\/2026\/08\/image-91-768x790.png 768w\" sizes=\"(max-width: 850px) 100vw, 850px\" \/><\/figure>\n\n\n\n<p class=\"wp-block-paragraph\"><\/p>\n<\/details>\n\n\n\n<details class=\"wp-block-details has-vivid-cyan-blue-color has-text-color has-link-color wp-elements-17ee4addba44a1caa2a79d11e184a521 is-layout-flow wp-block-details-is-layout-flow\"><summary><img decoding=\"async\" fetchpriority=\"low\" src=\"https:\/\/goias.gov.br\/agricultura\/wp-content\/uploads\/sites\/50\/2024\/06\/image-9.png\" alt=\"O atributo alt desta imagem est\u00e1 vazio. O nome do arquivo \u00e9 image-9.png\">&nbsp;GOI\u00c1S \u2013 EXPORTA\u00c7\u00d5ES DE CARNE DE FRANGO<\/summary>\n<p class=\"wp-block-paragraph\"><\/p>\n\n\n\n<figure class=\"wp-block-image size-full is-resized\"><img loading=\"lazy\" decoding=\"async\" width=\"852\" height=\"731\" fetchpriority=\"low\" src=\"https:\/\/goias.gov.br\/agricultura\/wp-content\/uploads\/sites\/50\/2026\/08\/image-92.png\" alt=\"\" class=\"wp-image-90511\" style=\"width:720px\" srcset=\"https:\/\/goias.gov.br\/agricultura\/wp-content\/uploads\/sites\/50\/2026\/08\/image-92.png 852w, https:\/\/goias.gov.br\/agricultura\/wp-content\/uploads\/sites\/50\/2026\/08\/image-92-300x257.png 300w, https:\/\/goias.gov.br\/agricultura\/wp-content\/uploads\/sites\/50\/2026\/08\/image-92-768x659.png 768w\" sizes=\"(max-width: 852px) 100vw, 852px\" \/><\/figure>\n\n\n\n<p class=\"wp-block-paragraph\"><\/p>\n\n\n\n<figure class=\"wp-block-image size-full is-resized\"><img loading=\"lazy\" decoding=\"async\" width=\"851\" height=\"851\" fetchpriority=\"low\" src=\"https:\/\/goias.gov.br\/agricultura\/wp-content\/uploads\/sites\/50\/2026\/08\/image-93.png\" alt=\"\" class=\"wp-image-90512\" style=\"width:720px\" srcset=\"https:\/\/goias.gov.br\/agricultura\/wp-content\/uploads\/sites\/50\/2026\/08\/image-93.png 851w, https:\/\/goias.gov.br\/agricultura\/wp-content\/uploads\/sites\/50\/2026\/08\/image-93-300x300.png 300w, https:\/\/goias.gov.br\/agricultura\/wp-content\/uploads\/sites\/50\/2026\/08\/image-93-150x150.png 150w, https:\/\/goias.gov.br\/agricultura\/wp-content\/uploads\/sites\/50\/2026\/08\/image-93-768x768.png 768w\" sizes=\"(max-width: 851px) 100vw, 851px\" \/><\/figure>\n\n\n\n<p class=\"wp-block-paragraph\"><\/p>\n<\/details>\n\n\n\n<figure class=\"wp-block-image\"><a href=\"https:\/\/docs.google.com\/forms\/d\/e\/1FAIpQLSdyXGjUmk0KJiSDxOtezAWsI-NFfBfGX0kRMjGUpawkCPPpkg\/viewform\" target=\"_blank\" rel=\"noreferrer noopener\"><img loading=\"lazy\" decoding=\"async\" width=\"3307\" height=\"828\" src=\"https:\/\/goias.gov.br\/agricultura\/wp-content\/uploads\/sites\/50\/2024\/07\/barra_pesquisa-1.png\" alt=\"\" class=\"wp-image-18955\" \/><\/a><\/figure>\n\n\n\n<p class=\"wp-block-paragraph\"><\/p>\n","protected":false},"excerpt":{"rendered":"<p>Goi\u00e1s destaca-se como um dos principais polos da avicultura brasileira, com a produ\u00e7\u00e3o concentrada nas regi\u00f5es Centro e Sul do estado. Ademais, Goi\u00e1s ocupa a quinta posi\u00e7\u00e3o nacional e possui dois dos dez maiores munic\u00edpios brasileiros em efetivo de galin\u00e1ceos. Segundo o IBGE, Rio Verde ocupa a s\u00e9tima posi\u00e7\u00e3o no ranking nacional e Itabera\u00ed, a [&hellip;]<\/p>\n","protected":false},"author":939,"featured_media":0,"comment_status":"closed","ping_status":"open","sticky":false,"template":"","format":"standard","meta":{"footnotes":""},"categories":[1],"tags":[],"class_list":["post-90504","post","type-post","status-publish","format-standard","hentry","category-sem-categoria"],"rttpg_featured_image_url":null,"rttpg_author":{"display_name":"beatrizrocha","author_link":"https:\/\/goias.gov.br\/agricultura\/author\/beatrizrocha\/"},"rttpg_comment":0,"rttpg_category":"<a href=\"https:\/\/goias.gov.br\/agricultura\/categoria\/sem-categoria\/\" rel=\"category tag\">Sem categoria<\/a>","rttpg_excerpt":"Goi\u00e1s destaca-se como um dos principais polos da avicultura brasileira, com a produ\u00e7\u00e3o concentrada nas regi\u00f5es Centro e Sul do estado. Ademais, Goi\u00e1s ocupa a quinta posi\u00e7\u00e3o nacional e possui dois dos dez maiores munic\u00edpios brasileiros em efetivo de galin\u00e1ceos. Segundo o IBGE, Rio Verde ocupa a s\u00e9tima posi\u00e7\u00e3o no ranking nacional e Itabera\u00ed, a&hellip;","_links":{"self":[{"href":"https:\/\/goias.gov.br\/agricultura\/wp-json\/wp\/v2\/posts\/90504","targetHints":{"allow":["GET"]}}],"collection":[{"href":"https:\/\/goias.gov.br\/agricultura\/wp-json\/wp\/v2\/posts"}],"about":[{"href":"https:\/\/goias.gov.br\/agricultura\/wp-json\/wp\/v2\/types\/post"}],"author":[{"embeddable":true,"href":"https:\/\/goias.gov.br\/agricultura\/wp-json\/wp\/v2\/users\/939"}],"replies":[{"embeddable":true,"href":"https:\/\/goias.gov.br\/agricultura\/wp-json\/wp\/v2\/comments?post=90504"}],"version-history":[{"count":2,"href":"https:\/\/goias.gov.br\/agricultura\/wp-json\/wp\/v2\/posts\/90504\/revisions"}],"predecessor-version":[{"id":90513,"href":"https:\/\/goias.gov.br\/agricultura\/wp-json\/wp\/v2\/posts\/90504\/revisions\/90513"}],"wp:attachment":[{"href":"https:\/\/goias.gov.br\/agricultura\/wp-json\/wp\/v2\/media?parent=90504"}],"wp:term":[{"taxonomy":"category","embeddable":true,"href":"https:\/\/goias.gov.br\/agricultura\/wp-json\/wp\/v2\/categories?post=90504"},{"taxonomy":"post_tag","embeddable":true,"href":"https:\/\/goias.gov.br\/agricultura\/wp-json\/wp\/v2\/tags?post=90504"}],"curies":[{"name":"wp","href":"https:\/\/api.w.org\/{rel}","templated":true}]}}