{"id":90494,"date":"2026-08-13T16:02:09","date_gmt":"2026-08-13T19:02:09","guid":{"rendered":"https:\/\/goias.gov.br\/agricultura\/?p=90494"},"modified":"2026-08-21T16:22:56","modified_gmt":"2026-08-21T19:22:56","slug":"suinos-agro-em-dados-agosto-2026-2","status":"publish","type":"post","link":"https:\/\/goias.gov.br\/agricultura\/suinos-agro-em-dados-agosto-2026-2\/","title":{"rendered":"SU\u00cdNOS \u2013 AGRO EM DADOS \/ JULHO 2026"},"content":{"rendered":"<div class=\"wp-block-image\">\n<figure class=\"aligncenter is-resized\"><a href=\"https:\/\/goias.gov.br\/agricultura\/suinos-agro-em-dados-setembro-2024\/\" target=\"_blank\" rel=\"noreferrer noopener\"><img fetchpriority=\"high\" decoding=\"async\" width=\"1024\" height=\"331\" src=\"https:\/\/goias.gov.br\/agricultura\/wp-content\/uploads\/sites\/50\/2024\/12\/image-115.png\" alt=\"\" class=\"wp-image-37787\" style=\"width:400px\" srcset=\"https:\/\/goias.gov.br\/agricultura\/wp-content\/uploads\/sites\/50\/2024\/12\/image-115.png 1024w, https:\/\/goias.gov.br\/agricultura\/wp-content\/uploads\/sites\/50\/2024\/12\/image-115-300x97.png 300w, https:\/\/goias.gov.br\/agricultura\/wp-content\/uploads\/sites\/50\/2024\/12\/image-115-768x248.png 768w\" sizes=\"(max-width: 1024px) 100vw, 1024px\" \/><\/a><\/figure>\n<\/div>\n\n\n<p class=\"wp-block-paragraph\">A suinocultura brasileira apresentou um cen\u00e1rio de ajustes ao longo dos primeiros meses de 2026, marcado pela retra\u00e7\u00e3o dos pre\u00e7os pagos ao produtor e por um mercado dom\u00e9stico com demanda moderada. Apesar desse contexto, a atividade segue impulsionada pelo desempenho das exporta\u00e7\u00f5es e pela relev\u00e2ncia econ\u00f4mica da cadeia produtiva no pa\u00eds.<br>Em rela\u00e7\u00e3o \u00e0s cota\u00e7\u00f5es, o su\u00edno vivo apresentou desvaloriza\u00e7\u00e3o. De acordo com o Cepea, o pre\u00e7o m\u00e9dio registrado em maio de 2026 ficou 6,4% abaixo do valor registrado no mesmo m\u00eas de 2025, refletindo o enfraquecimento da demanda no mercado interno. Esse movimento tamb\u00e9m foi observado nos levantamentos do Instituto Mato-grossense de Economia Agropecu\u00e1ria (IMEA)*, que apontaram varia\u00e7\u00e3o negativa de 17,0% no pre\u00e7o do quilograma do su\u00edno vivo entre janeiro e maio de 2026, em compara\u00e7\u00e3o com igual per\u00edodo do ano anterior.<br>Em rela\u00e7\u00e3o aos abates, no primeiro trimestre de 2026, Goi\u00e1s registrou um discreto aumento de 0,5% no n\u00famero de cabe\u00e7as su\u00ednas abatidas em rela\u00e7\u00e3o ao mesmo per\u00edodo de 2025. No cen\u00e1rio nacional, o crescimento foi de 5,5%, alcan\u00e7ando 15,2 milh\u00f5es de cabe\u00e7as abatidas, o maior volume j\u00e1 registrado para um primeiro trimestre nos \u00faltimos dez anos. Esse comportamento pode ser atribu\u00eddo ao aumento da oferta de carne su\u00edna e da disponibilidade interna, que depreciaram as cota\u00e7\u00f5es no mercado dom\u00e9stico, mesmo com as exporta\u00e7\u00f5es em n\u00edveis elevados.<br>No com\u00e9rcio exterior, as movimenta\u00e7\u00f5es est\u00e3o aquecidas no acumulado do ano de 2026. No primeiro trimestre de 2026, Goi\u00e1s exportou 8,9 mil toneladas do produto, crescimento de 23,9% frente ao mesmo per\u00edodo do ano anterior, com receita de US$16,4 milh\u00f5es e embarques para 18 destinos, o que favorece a diversifica\u00e7\u00e3o dos mercados atendidos e fortalece a presen\u00e7a internacional da cadeia suin\u00edcola goiana.<br>De modo geral, o setor enfrenta um momento de press\u00e3o sobre as receitas dos produtores em raz\u00e3o da queda dos pre\u00e7os no mercado interno. Todavia, a manuten\u00e7\u00e3o dos embarques internacionais contribui para a movimenta\u00e7\u00e3o da cadeia suin\u00edcola em Goi\u00e1s, que segue acompanhando a evolu\u00e7\u00e3o da demanda e das oportunidades no mercado externo.<\/p>\n\n\n\n<p class=\"has-small-font-size wp-block-paragraph\">*A an\u00e1lise do IMEA foi feita com foco na regi\u00e3o Centro-sul do pa\u00eds.<\/p>\n\n\n\n<figure class=\"wp-block-image size-full\"><img decoding=\"async\" width=\"910\" height=\"237\" src=\"https:\/\/goias.gov.br\/agricultura\/wp-content\/uploads\/sites\/50\/2026\/08\/image-81.png\" alt=\"\" class=\"wp-image-90496\" srcset=\"https:\/\/goias.gov.br\/agricultura\/wp-content\/uploads\/sites\/50\/2026\/08\/image-81.png 910w, https:\/\/goias.gov.br\/agricultura\/wp-content\/uploads\/sites\/50\/2026\/08\/image-81-300x78.png 300w, https:\/\/goias.gov.br\/agricultura\/wp-content\/uploads\/sites\/50\/2026\/08\/image-81-768x200.png 768w\" sizes=\"(max-width: 910px) 100vw, 910px\" \/><\/figure>\n\n\n\n<details class=\"wp-block-details has-vivid-cyan-blue-color has-text-color has-link-color wp-elements-6ba3380f749693dd197bd8b7d4f6026f is-layout-flow wp-block-details-is-layout-flow\"><summary><img decoding=\"async\" fetchpriority=\"low\" src=\"https:\/\/goias.gov.br\/agricultura\/wp-content\/uploads\/sites\/50\/2024\/06\/image-9.png\" alt=\"O atributo alt desta imagem est\u00e1 vazio. O nome do arquivo \u00e9 image-9.png\">&nbsp;COTA\u00c7\u00d5ES \u2013 Indicador do Su\u00edno Vivo Cepea\/Esalq-SP (R$\/Kg)<\/summary>\n<p class=\"wp-block-paragraph\"><\/p>\n\n\n\n<figure class=\"wp-block-image size-full is-resized\"><img decoding=\"async\" width=\"908\" height=\"529\" fetchpriority=\"low\" src=\"https:\/\/goias.gov.br\/agricultura\/wp-content\/uploads\/sites\/50\/2026\/08\/image-82.png\" alt=\"\" class=\"wp-image-90497\" style=\"aspect-ratio:1.7164750957854407;object-fit:cover;width:720px\" srcset=\"https:\/\/goias.gov.br\/agricultura\/wp-content\/uploads\/sites\/50\/2026\/08\/image-82.png 908w, https:\/\/goias.gov.br\/agricultura\/wp-content\/uploads\/sites\/50\/2026\/08\/image-82-300x175.png 300w, https:\/\/goias.gov.br\/agricultura\/wp-content\/uploads\/sites\/50\/2026\/08\/image-82-768x447.png 768w\" sizes=\"(max-width: 908px) 100vw, 908px\" \/><\/figure>\n<\/details>\n\n\n\n<details class=\"wp-block-details has-vivid-cyan-blue-color has-text-color has-link-color wp-elements-6c6b682cf75bba86e78033a6b7839969 is-layout-flow wp-block-details-is-layout-flow\"><summary><img decoding=\"async\" fetchpriority=\"low\" src=\"https:\/\/goias.gov.br\/agricultura\/wp-content\/uploads\/sites\/50\/2024\/06\/image-9.png\" alt=\"O atributo alt desta imagem est\u00e1 vazio. O nome do arquivo \u00e9 image-9.png\">&nbsp;ABATES DE SU\u00cdNOS<\/summary>\n<figure class=\"wp-block-image size-full\"><img loading=\"lazy\" decoding=\"async\" width=\"723\" height=\"904\" fetchpriority=\"low\" src=\"https:\/\/goias.gov.br\/agricultura\/wp-content\/uploads\/sites\/50\/2026\/06\/image-17.png\" alt=\"\" class=\"wp-image-83461\" srcset=\"https:\/\/goias.gov.br\/agricultura\/wp-content\/uploads\/sites\/50\/2026\/06\/image-17.png 723w, https:\/\/goias.gov.br\/agricultura\/wp-content\/uploads\/sites\/50\/2026\/06\/image-17-240x300.png 240w\" sizes=\"(max-width: 723px) 100vw, 723px\" \/><\/figure>\n\n\n\n<figure class=\"wp-block-image size-full\"><img loading=\"lazy\" decoding=\"async\" width=\"730\" height=\"238\" fetchpriority=\"low\" src=\"https:\/\/goias.gov.br\/agricultura\/wp-content\/uploads\/sites\/50\/2026\/08\/image-83.png\" alt=\"\" class=\"wp-image-90498\" srcset=\"https:\/\/goias.gov.br\/agricultura\/wp-content\/uploads\/sites\/50\/2026\/08\/image-83.png 730w, https:\/\/goias.gov.br\/agricultura\/wp-content\/uploads\/sites\/50\/2026\/08\/image-83-300x98.png 300w\" sizes=\"(max-width: 730px) 100vw, 730px\" \/><\/figure>\n\n\n\n<p class=\"wp-block-paragraph\"><\/p>\n<\/details>\n\n\n\n<details class=\"wp-block-details has-vivid-cyan-blue-color has-text-color has-link-color wp-elements-9f07e7b96ad97d9fd70c64156a12a429 is-layout-flow wp-block-details-is-layout-flow\"><summary><img decoding=\"async\" fetchpriority=\"low\" src=\"https:\/\/goias.gov.br\/agricultura\/wp-content\/uploads\/sites\/50\/2024\/06\/image-9.png\" alt=\"O atributo alt desta imagem est\u00e1 vazio. O nome do arquivo \u00e9 image-9.png\">&nbsp;VALOR BRUTO DA PRODU\u00c7\u00c3O DE SU\u00cdNOS (VBP) \u2013 Estimativa 2026<\/summary>\n<p class=\"wp-block-paragraph\"><\/p>\n\n\n\n<figure class=\"wp-block-image size-full\"><img loading=\"lazy\" decoding=\"async\" width=\"729\" height=\"326\" fetchpriority=\"low\" src=\"https:\/\/goias.gov.br\/agricultura\/wp-content\/uploads\/sites\/50\/2026\/08\/image-84.png\" alt=\"\" class=\"wp-image-90499\" srcset=\"https:\/\/goias.gov.br\/agricultura\/wp-content\/uploads\/sites\/50\/2026\/08\/image-84.png 729w, https:\/\/goias.gov.br\/agricultura\/wp-content\/uploads\/sites\/50\/2026\/08\/image-84-300x134.png 300w\" sizes=\"(max-width: 729px) 100vw, 729px\" \/><\/figure>\n\n\n\n<p class=\"wp-block-paragraph\"><\/p>\n<\/details>\n\n\n\n<details class=\"wp-block-details has-vivid-cyan-blue-color has-text-color has-link-color wp-elements-6076de2798d830617614c56241f76626 is-layout-flow wp-block-details-is-layout-flow\"><summary><img decoding=\"async\" fetchpriority=\"low\" src=\"https:\/\/goias.gov.br\/agricultura\/wp-content\/uploads\/sites\/50\/2024\/06\/image-9.png\" alt=\"O atributo alt desta imagem est\u00e1 vazio. O nome do arquivo \u00e9 image-9.png\">&nbsp;BRASIL \u2013 EXPORTA\u00c7\u00d5ES DE CARNE SU\u00cdNA<\/summary>\n<p class=\"wp-block-paragraph\"><\/p>\n\n\n\n<figure class=\"wp-block-image size-full\"><img loading=\"lazy\" decoding=\"async\" width=\"727\" height=\"780\" fetchpriority=\"low\" src=\"https:\/\/goias.gov.br\/agricultura\/wp-content\/uploads\/sites\/50\/2026\/08\/image-85.png\" alt=\"\" class=\"wp-image-90500\" srcset=\"https:\/\/goias.gov.br\/agricultura\/wp-content\/uploads\/sites\/50\/2026\/08\/image-85.png 727w, https:\/\/goias.gov.br\/agricultura\/wp-content\/uploads\/sites\/50\/2026\/08\/image-85-280x300.png 280w\" sizes=\"(max-width: 727px) 100vw, 727px\" \/><\/figure>\n\n\n\n<p class=\"wp-block-paragraph\"><\/p>\n<\/details>\n\n\n\n<details class=\"wp-block-details has-vivid-cyan-blue-color has-text-color has-link-color wp-elements-27bcfe53f5396b535d5abb7d47315d92 is-layout-flow wp-block-details-is-layout-flow\"><summary><img decoding=\"async\" fetchpriority=\"low\" src=\"https:\/\/goias.gov.br\/agricultura\/wp-content\/uploads\/sites\/50\/2024\/06\/image-9.png\" alt=\"O atributo alt desta imagem est\u00e1 vazio. O nome do arquivo \u00e9 image-9.png\">&nbsp;GOI\u00c1S \u2013 EXPORTA\u00c7\u00d5ES DE CARNE SU\u00cdNA<\/summary>\n<p class=\"wp-block-paragraph\"><\/p>\n\n\n\n<figure class=\"wp-block-image size-full\"><img loading=\"lazy\" decoding=\"async\" width=\"732\" height=\"619\" fetchpriority=\"low\" src=\"https:\/\/goias.gov.br\/agricultura\/wp-content\/uploads\/sites\/50\/2026\/08\/image-86.png\" alt=\"\" class=\"wp-image-90501\" srcset=\"https:\/\/goias.gov.br\/agricultura\/wp-content\/uploads\/sites\/50\/2026\/08\/image-86.png 732w, https:\/\/goias.gov.br\/agricultura\/wp-content\/uploads\/sites\/50\/2026\/08\/image-86-300x254.png 300w\" sizes=\"(max-width: 732px) 100vw, 732px\" \/><\/figure>\n\n\n\n<p class=\"wp-block-paragraph\"><\/p>\n\n\n\n<figure class=\"wp-block-image size-full is-resized\"><img loading=\"lazy\" decoding=\"async\" width=\"852\" height=\"839\" fetchpriority=\"low\" src=\"https:\/\/goias.gov.br\/agricultura\/wp-content\/uploads\/sites\/50\/2026\/08\/image-87.png\" alt=\"\" class=\"wp-image-90502\" style=\"aspect-ratio:1.0155084153459641;object-fit:cover;width:720px\" srcset=\"https:\/\/goias.gov.br\/agricultura\/wp-content\/uploads\/sites\/50\/2026\/08\/image-87.png 852w, https:\/\/goias.gov.br\/agricultura\/wp-content\/uploads\/sites\/50\/2026\/08\/image-87-300x295.png 300w, https:\/\/goias.gov.br\/agricultura\/wp-content\/uploads\/sites\/50\/2026\/08\/image-87-768x756.png 768w\" sizes=\"(max-width: 852px) 100vw, 852px\" \/><\/figure>\n\n\n\n<p class=\"wp-block-paragraph\"><\/p>\n<\/details>\n\n\n\n<figure class=\"wp-block-image\"><a href=\"https:\/\/docs.google.com\/forms\/d\/e\/1FAIpQLSdyXGjUmk0KJiSDxOtezAWsI-NFfBfGX0kRMjGUpawkCPPpkg\/viewform\" target=\"_blank\" rel=\"noreferrer noopener\"><img loading=\"lazy\" decoding=\"async\" width=\"3307\" height=\"828\" src=\"https:\/\/goias.gov.br\/agricultura\/wp-content\/uploads\/sites\/50\/2024\/07\/barra_pesquisa-1.png\" alt=\"\" class=\"wp-image-18955\" \/><\/a><\/figure>\n\n\n\n<p class=\"wp-block-paragraph\"><\/p>\n","protected":false},"excerpt":{"rendered":"<p>A suinocultura brasileira apresentou um cen\u00e1rio de ajustes ao longo dos primeiros meses de 2026, marcado pela retra\u00e7\u00e3o dos pre\u00e7os pagos ao produtor e por um mercado dom\u00e9stico com demanda moderada. Apesar desse contexto, a atividade segue impulsionada pelo desempenho das exporta\u00e7\u00f5es e pela relev\u00e2ncia econ\u00f4mica da cadeia produtiva no pa\u00eds.Em rela\u00e7\u00e3o \u00e0s cota\u00e7\u00f5es, o [&hellip;]<\/p>\n","protected":false},"author":939,"featured_media":0,"comment_status":"closed","ping_status":"open","sticky":false,"template":"","format":"standard","meta":{"footnotes":""},"categories":[1],"tags":[],"class_list":["post-90494","post","type-post","status-publish","format-standard","hentry","category-sem-categoria"],"rttpg_featured_image_url":null,"rttpg_author":{"display_name":"beatrizrocha","author_link":"https:\/\/goias.gov.br\/agricultura\/author\/beatrizrocha\/"},"rttpg_comment":0,"rttpg_category":"<a href=\"https:\/\/goias.gov.br\/agricultura\/categoria\/sem-categoria\/\" rel=\"category tag\">Sem categoria<\/a>","rttpg_excerpt":"A suinocultura brasileira apresentou um cen\u00e1rio de ajustes ao longo dos primeiros meses de 2026, marcado pela retra\u00e7\u00e3o dos pre\u00e7os pagos ao produtor e por um mercado dom\u00e9stico com demanda moderada. Apesar desse contexto, a atividade segue impulsionada pelo desempenho das exporta\u00e7\u00f5es e pela relev\u00e2ncia econ\u00f4mica da cadeia produtiva no pa\u00eds.Em rela\u00e7\u00e3o \u00e0s cota\u00e7\u00f5es, o&hellip;","_links":{"self":[{"href":"https:\/\/goias.gov.br\/agricultura\/wp-json\/wp\/v2\/posts\/90494","targetHints":{"allow":["GET"]}}],"collection":[{"href":"https:\/\/goias.gov.br\/agricultura\/wp-json\/wp\/v2\/posts"}],"about":[{"href":"https:\/\/goias.gov.br\/agricultura\/wp-json\/wp\/v2\/types\/post"}],"author":[{"embeddable":true,"href":"https:\/\/goias.gov.br\/agricultura\/wp-json\/wp\/v2\/users\/939"}],"replies":[{"embeddable":true,"href":"https:\/\/goias.gov.br\/agricultura\/wp-json\/wp\/v2\/comments?post=90494"}],"version-history":[{"count":2,"href":"https:\/\/goias.gov.br\/agricultura\/wp-json\/wp\/v2\/posts\/90494\/revisions"}],"predecessor-version":[{"id":90849,"href":"https:\/\/goias.gov.br\/agricultura\/wp-json\/wp\/v2\/posts\/90494\/revisions\/90849"}],"wp:attachment":[{"href":"https:\/\/goias.gov.br\/agricultura\/wp-json\/wp\/v2\/media?parent=90494"}],"wp:term":[{"taxonomy":"category","embeddable":true,"href":"https:\/\/goias.gov.br\/agricultura\/wp-json\/wp\/v2\/categories?post=90494"},{"taxonomy":"post_tag","embeddable":true,"href":"https:\/\/goias.gov.br\/agricultura\/wp-json\/wp\/v2\/tags?post=90494"}],"curies":[{"name":"wp","href":"https:\/\/api.w.org\/{rel}","templated":true}]}}