

{"id":77118,"date":"2026-04-01T17:55:17","date_gmt":"2026-04-01T20:55:17","guid":{"rendered":"https:\/\/goias.gov.br\/agricultura\/?p=77118"},"modified":"2026-04-01T17:55:33","modified_gmt":"2026-04-01T20:55:33","slug":"seapa-marca-presenca-na-tecnoshow-comigo-2026-com-programacao-completa-para-o-produtor-goiano","status":"publish","type":"post","link":"https:\/\/goias.gov.br\/agricultura\/seapa-marca-presenca-na-tecnoshow-comigo-2026-com-programacao-completa-para-o-produtor-goiano\/","title":{"rendered":"Seapa marca presen\u00e7a na Tecnoshow Comigo 2026 com programa\u00e7\u00e3o completa para o produtor goiano"},"content":{"rendered":"\n<p><em>Secretaria levar\u00e1 portf\u00f3lio de programas, plant\u00e3o t\u00e9cnico, entrega de cart\u00f5es do Cr\u00e9dito Social, Feira do Produtor, encontro com secret\u00e1rios municipais e reuni\u00e3o do FCO<\/em><\/p>\n\n\n\n<div class=\"wp-block-group is-vertical is-layout-flex wp-container-core-group-is-layout-8cf370e7 wp-block-group-is-layout-flex\">\n<figure class=\"wp-block-image size-large\"><img fetchpriority=\"high\" decoding=\"async\" width=\"1024\" height=\"576\" src=\"https:\/\/goias.gov.br\/agricultura\/wp-content\/uploads\/sites\/50\/2026\/04\/WhatsApp-Image-2026-04-01-at-14.58.26-1024x576.jpeg\" alt=\"\" class=\"wp-image-77133\" srcset=\"https:\/\/goias.gov.br\/agricultura\/wp-content\/uploads\/sites\/50\/2026\/04\/WhatsApp-Image-2026-04-01-at-14.58.26-1024x576.jpeg 1024w, https:\/\/goias.gov.br\/agricultura\/wp-content\/uploads\/sites\/50\/2026\/04\/WhatsApp-Image-2026-04-01-at-14.58.26-300x169.jpeg 300w, https:\/\/goias.gov.br\/agricultura\/wp-content\/uploads\/sites\/50\/2026\/04\/WhatsApp-Image-2026-04-01-at-14.58.26-768x432.jpeg 768w, https:\/\/goias.gov.br\/agricultura\/wp-content\/uploads\/sites\/50\/2026\/04\/WhatsApp-Image-2026-04-01-at-14.58.26-1536x864.jpeg 1536w, https:\/\/goias.gov.br\/agricultura\/wp-content\/uploads\/sites\/50\/2026\/04\/WhatsApp-Image-2026-04-01-at-14.58.26-2048x1152.jpeg 2048w\" sizes=\"(max-width: 1024px) 100vw, 1024px\" \/><\/figure>\n\n\n\n<p><sup>Produtores rurais ter\u00e3o acesso a informa\u00e7\u00f5es sobre os programas e contar\u00e3o com servidores dispon\u00edveis para orienta\u00e7\u00e3o ao longo dos cinco dias de evento <strong>Foto:<\/strong> Lucas Eug\u00eanio\/Seapa<\/sup><\/p>\n<\/div>\n\n\n\n<p><\/p>\n\n\n\n<p>A Secretaria de Estado de Agricultura, Pecu\u00e1ria e Abastecimento (Seapa) estar\u00e1 presente na Tecnoshow Comigo 2026. O evento ocorre de 6 a 10 de abril, no Centro Tecnol\u00f3gico Comigo (CTC), em Rio Verde (GO), e chega \u00e0 sua 23\u00aa edi\u00e7\u00e3o com o tema &#8220;O Agro Conecta&#8221;.<\/p>\n\n\n\n<p>Organizada pela Cooperativa Agroindustrial dos Produtores Rurais do Sudoeste Goiano (Comigo), a feira re\u00fane produtores, pesquisadores, empresas e especialistas de todo o pa\u00eds para debater inova\u00e7\u00e3o, mercado e tend\u00eancias do agroneg\u00f3cio, com cerca de 700 expositores confirmados. \u00c9 nesse cen\u00e1rio que a Seapa estar\u00e1 presente com plant\u00e3o t\u00e9cnico de servidores para apresentar e esclarecer d\u00favidas sobre o portf\u00f3lio de programas e a\u00e7\u00f5es da secretaria.<\/p>\n\n\n\n<p>O secret\u00e1rio de Estado, Pedro Leonardo Rezende, lembra que Goi\u00e1s tem a agropecu\u00e1ria como uma das principais fontes de renda e o setor se consolida como base da economia local. Para ele, feiras como a Tecnoshow cumprem papel estrat\u00e9gico nesse processo. &#8220;Mais que eventos no calend\u00e1rio, elas s\u00e3o vitrines de inova\u00e7\u00e3o e espa\u00e7os de neg\u00f3cios. A cada ano, vemos novidades e tecnologias que saem do papel e permitem que Goi\u00e1s siga alcan\u00e7ando recordes de produ\u00e7\u00e3o e garantindo o abastecimento n\u00e3o s\u00f3 do Brasil, como do mundo&#8221;, ressalta o titular da Seapa.<\/p>\n\n\n\n<p><strong>Agricultura Familiar<br><\/strong>Uma das a\u00e7\u00f5es da Seapa ser\u00e1 a entrega de cart\u00f5es do Goi\u00e1s Social para agricultores de 5 munic\u00edpios, al\u00e9m dos certificados dos cursos aplicados pela Emater Goi\u00e1s. Durante o evento, ao todo ser\u00e3o 95 cart\u00f5es e 172 certificados , representando um investimento de R$473 mil em qualifica\u00e7\u00e3o e acesso a cr\u00e9dito para agricultores e produtores familiares do estado.<\/p>\n\n\n\n<p>O projeto Feira do Produtor tamb\u00e9m estar\u00e1 presente no estande da Emater Goi\u00e1s, com barracas montadas para a comercializa\u00e7\u00e3o de panificados, doces, queijos e embutidos, oferecendo ao p\u00fablico da Tecnoshow acesso direto \u00e0 produ\u00e7\u00e3o da agricultura familiar goiana.<\/p>\n\n\n\n<p><strong>Gest\u00e3o Municipal<br><\/strong>No dia 7 de abril, das 10h \u00e0s 12h, a Seapa, em parceria com a Prefeitura de Rio Verde, promover\u00e1 o Caf\u00e9 &amp; Prosa, encontro que reunir\u00e1 secret\u00e1rios municipais de agricultura de todo o estado de Goi\u00e1s. O objetivo \u00e9 atualizar os gestores sobre o portf\u00f3lio de programas da secretaria, fortalecer a interlocu\u00e7\u00e3o entre o Estado e os munic\u00edpios e garantir que as prefeituras tenham acesso \u00e0s a\u00e7\u00f5es e projetos em curso. O encontro tamb\u00e9m abrir\u00e1 espa\u00e7o para troca de experi\u00eancias e boas pr\u00e1ticas entre os participantes.<\/p>\n\n\n\n<p><strong>Financiamento Rural<br><\/strong>No primeiro dia do evento, 6 de abril, ser\u00e1 realizada presencialmente a 423\u00aa reuni\u00e3o da C\u00e2mara Deliberativa do Conselho de Desenvolvimento do Estado de Goi\u00e1s (CDE-GO\/FCO), assim como ocorreu na edi\u00e7\u00e3o anterior. O FCO \u00e9 uma das principais ferramentas de fortalecimento da agropecu\u00e1ria conduzidas pela secretaria e tem como objetivo promover o desenvolvimento econ\u00f4mico e social de Goi\u00e1s por meio do financiamento aos setores produtivos, com recursos provenientes do Imposto de Renda, do Imposto sobre Produtos Industrializados e do retorno das opera\u00e7\u00f5es de cr\u00e9dito.<\/p>\n\n\n\n<p><strong>Secretaria de Agricultura, Pecu\u00e1ria e Abastecimento \u2013 Governo de Goi\u00e1s<\/strong><\/p>\n","protected":false},"excerpt":{"rendered":"<p>Secretaria levar\u00e1 portf\u00f3lio de programas, plant\u00e3o t\u00e9cnico, entrega de cart\u00f5es do Cr\u00e9dito Social, Feira do Produtor, encontro com secret\u00e1rios municipais e reuni\u00e3o do FCO Produtores rurais ter\u00e3o acesso a informa\u00e7\u00f5es sobre os programas e contar\u00e3o com servidores dispon\u00edveis para orienta\u00e7\u00e3o ao longo dos cinco dias de evento Foto: Lucas Eug\u00eanio\/Seapa A Secretaria de Estado de [&hellip;]<\/p>\n","protected":false},"author":292,"featured_media":77133,"comment_status":"closed","ping_status":"open","sticky":false,"template":"","format":"standard","meta":{"footnotes":""},"categories":[4],"tags":[],"class_list":["post-77118","post","type-post","status-publish","format-standard","has-post-thumbnail","hentry","category-noticias"],"rttpg_featured_image_url":{"full":["https:\/\/goias.gov.br\/agricultura\/wp-content\/uploads\/sites\/50\/2026\/04\/WhatsApp-Image-2026-04-01-at-14.58.26.jpeg",4160,2340,false],"landscape":["https:\/\/goias.gov.br\/agricultura\/wp-content\/uploads\/sites\/50\/2026\/04\/WhatsApp-Image-2026-04-01-at-14.58.26.jpeg",4160,2340,false],"portraits":["https:\/\/goias.gov.br\/agricultura\/wp-content\/uploads\/sites\/50\/2026\/04\/WhatsApp-Image-2026-04-01-at-14.58.26.jpeg",4160,2340,false],"thumbnail":["https:\/\/goias.gov.br\/agricultura\/wp-content\/uploads\/sites\/50\/2026\/04\/WhatsApp-Image-2026-04-01-at-14.58.26-150x150.jpeg",150,150,true],"medium":["https:\/\/goias.gov.br\/agricultura\/wp-content\/uploads\/sites\/50\/2026\/04\/WhatsApp-Image-2026-04-01-at-14.58.26-300x169.jpeg",300,169,true],"large":["https:\/\/goias.gov.br\/agricultura\/wp-content\/uploads\/sites\/50\/2026\/04\/WhatsApp-Image-2026-04-01-at-14.58.26-1024x576.jpeg",1024,576,true],"1536x1536":["https:\/\/goias.gov.br\/agricultura\/wp-content\/uploads\/sites\/50\/2026\/04\/WhatsApp-Image-2026-04-01-at-14.58.26-1536x864.jpeg",1536,864,true],"2048x2048":["https:\/\/goias.gov.br\/agricultura\/wp-content\/uploads\/sites\/50\/2026\/04\/WhatsApp-Image-2026-04-01-at-14.58.26-2048x1152.jpeg",2048,1152,true]},"rttpg_author":{"display_name":"lucaselima","author_link":"https:\/\/goias.gov.br\/agricultura\/author\/lucaselima\/"},"rttpg_comment":0,"rttpg_category":"<a href=\"https:\/\/goias.gov.br\/agricultura\/categoria\/noticias\/\" rel=\"category tag\">Not\u00edcias<\/a>","rttpg_excerpt":"Secretaria levar\u00e1 portf\u00f3lio de programas, plant\u00e3o t\u00e9cnico, entrega de cart\u00f5es do Cr\u00e9dito Social, Feira do Produtor, encontro com secret\u00e1rios municipais e reuni\u00e3o do FCO Produtores rurais ter\u00e3o acesso a informa\u00e7\u00f5es sobre os programas e contar\u00e3o com servidores dispon\u00edveis para orienta\u00e7\u00e3o ao longo dos cinco dias de evento Foto: Lucas Eug\u00eanio\/Seapa A Secretaria de Estado de&hellip;","_links":{"self":[{"href":"https:\/\/goias.gov.br\/agricultura\/wp-json\/wp\/v2\/posts\/77118","targetHints":{"allow":["GET"]}}],"collection":[{"href":"https:\/\/goias.gov.br\/agricultura\/wp-json\/wp\/v2\/posts"}],"about":[{"href":"https:\/\/goias.gov.br\/agricultura\/wp-json\/wp\/v2\/types\/post"}],"author":[{"embeddable":true,"href":"https:\/\/goias.gov.br\/agricultura\/wp-json\/wp\/v2\/users\/292"}],"replies":[{"embeddable":true,"href":"https:\/\/goias.gov.br\/agricultura\/wp-json\/wp\/v2\/comments?post=77118"}],"version-history":[{"count":2,"href":"https:\/\/goias.gov.br\/agricultura\/wp-json\/wp\/v2\/posts\/77118\/revisions"}],"predecessor-version":[{"id":77276,"href":"https:\/\/goias.gov.br\/agricultura\/wp-json\/wp\/v2\/posts\/77118\/revisions\/77276"}],"wp:featuredmedia":[{"embeddable":true,"href":"https:\/\/goias.gov.br\/agricultura\/wp-json\/wp\/v2\/media\/77133"}],"wp:attachment":[{"href":"https:\/\/goias.gov.br\/agricultura\/wp-json\/wp\/v2\/media?parent=77118"}],"wp:term":[{"taxonomy":"category","embeddable":true,"href":"https:\/\/goias.gov.br\/agricultura\/wp-json\/wp\/v2\/categories?post=77118"},{"taxonomy":"post_tag","embeddable":true,"href":"https:\/\/goias.gov.br\/agricultura\/wp-json\/wp\/v2\/tags?post=77118"}],"curies":[{"name":"wp","href":"https:\/\/api.w.org\/{rel}","templated":true}]}}