

{"id":74781,"date":"2026-03-12T16:41:05","date_gmt":"2026-03-12T19:41:05","guid":{"rendered":"https:\/\/goias.gov.br\/agricultura\/?p=74781"},"modified":"2026-03-12T16:41:05","modified_gmt":"2026-03-12T19:41:05","slug":"aviso-de-pauta-caravana-do-agro-exportador-debate-oportunidades-para-a-pecuaria-goiana-no-mercado-internacional-em-goiania","status":"publish","type":"post","link":"https:\/\/goias.gov.br\/agricultura\/aviso-de-pauta-caravana-do-agro-exportador-debate-oportunidades-para-a-pecuaria-goiana-no-mercado-internacional-em-goiania\/","title":{"rendered":"AVISO DE PAUTA: Caravana do Agro Exportador debate oportunidades para a pecu\u00e1ria goiana no mercado internacional em Goi\u00e2nia"},"content":{"rendered":"\n<p><em>Governo de Goi\u00e1s sedia ciclo de debates, de iniciativa do Minist\u00e9rio de Agricultura e Pecu\u00e1ria, que nesta edi\u00e7\u00e3o traz como tema a pecu\u00e1ria bovina<\/em><\/p>\n\n\n<div class=\"wp-block-image\">\n<figure class=\"aligncenter size-large is-resized\"><img fetchpriority=\"high\" decoding=\"async\" width=\"724\" height=\"1024\" src=\"https:\/\/goias.gov.br\/agricultura\/wp-content\/uploads\/sites\/50\/2026\/03\/card-verde-claro-pag-1-pdf-724x1024.jpg\" alt=\"\" class=\"wp-image-74823\" style=\"width:388px;height:auto\"\/><\/figure>\n<\/div>\n\n\n<p><\/p>\n\n\n\n<p><\/p>\n\n\n\n<p>A Secretaria de Estado de Agricultura, Pecu\u00e1ria e Abastecimento de Goi\u00e1s recebe, no pr\u00f3ximo dia 17 de mar\u00e7o (ter\u00e7a-feira), a Caravana do Agro Exportador, iniciativa promovida em parceria com o Minist\u00e9rio da Agricultura e Pecu\u00e1ria (Mapa), Ag\u00eancia Goiana de Defesa Agropecu\u00e1ria (Agrodefesa) e Federa\u00e7\u00e3o da Agricultura e Pecu\u00e1ria de Goi\u00e1s (Faeg), com o objetivo de aproximar produtores, entidades do setor e representantes institucionais das oportunidades de inser\u00e7\u00e3o do agro brasileiro no mercado internacional. O encontro ser\u00e1 realizado das 8h \u00e0s 18h, no audit\u00f3rio da Seapa, em Goi\u00e2nia, com foco na pecu\u00e1ria.<\/p>\n\n\n\n<p>A programa\u00e7\u00e3o re\u00fane especialistas nacionais, adidos agr\u00edcolas brasileiros no exterior, representantes de entidades do setor produtivo e institui\u00e7\u00f5es estrat\u00e9gicas para discutir exporta\u00e7\u00e3o de carne bovina, exig\u00eancias sanit\u00e1rias, rastreabilidade, acordos comerciais, sustentabilidade e acesso a mercados como China e Uni\u00e3o Europeia.<\/p>\n\n\n\n<p>Entre os temas centrais est\u00e3o as estrat\u00e9gias do governo federal para internacionaliza\u00e7\u00e3o do agro brasileiro, cotas e tarifas de importa\u00e7\u00e3o, exig\u00eancias de qualidade da carne e regulamenta\u00e7\u00f5es internacionais.<\/p>\n\n\n\n<p>Durante o dia, a agenda inclui palestras sobre acesso ao mercado chin\u00eas, oportunidades na Uni\u00e3o Europeia, promo\u00e7\u00e3o de exporta\u00e7\u00f5es, rastreabilidade bovina, sustentabilidade e cen\u00e1rios da pecu\u00e1ria de corte brasileira, al\u00e9m de uma mesa-redonda com representantes da ind\u00fastria, setor produtivo e institui\u00e7\u00f5es parceiras, refor\u00e7ando o papel de Goi\u00e1s como protagonista na agenda exportadora do agroneg\u00f3cio brasileiro.<\/p>\n\n\n\n<p>As inscri\u00e7\u00f5es s\u00e3o gratuitas e podem ser feitas pelo site <a href=\"https:\/\/agroexportador.my.canva.site\/\">https:\/\/agroexportador.my.canva.site\/<\/a>, onde tamb\u00e9m \u00e9 poss\u00edvel ter acesso \u00e0 programa\u00e7\u00e3o completa do evento.<\/p>\n\n\n\n<p><strong>Servi\u00e7o<\/strong><br><strong>Evento:<\/strong> Caravana do Agro Exportador<br><strong>Data: <\/strong>17 de mar\u00e7o de 2026<br><strong>Hor\u00e1rio:<\/strong> 8h \u00e0s 18h<br><strong>Local:<\/strong> Audit\u00f3rio da Secretaria de Estado de Agricultura, Pecu\u00e1ria e Abastecimento de Goi\u00e1s &#8211; Rua 256, 52 &#8211; Setor Leste Universit\u00e1rio, Goi\u00e2nia \u2013 GO. (<a href=\"https:\/\/share.google\/NmFb4sVbINEhnrMJo\" data-type=\"link\" data-id=\"https:\/\/share.google\/NmFb4sVbINEhnrMJo\">Localiza\u00e7\u00e3o<\/a>)<br><strong>Programa\u00e7\u00e3o completa e inscri\u00e7\u00f5es:<\/strong> <a href=\"https:\/\/agroexportador.my.canva.site\/\">https:\/\/agroexportador.my.canva.site\/<\/a><\/p>\n\n\n\n<p><strong>Secretaria de Estado de Agricultura, Pecu\u00e1ria e Abastecimento \u2013 Governo de Goi\u00e1s<\/strong><\/p>\n","protected":false},"excerpt":{"rendered":"<p>Governo de Goi\u00e1s sedia ciclo de debates, de iniciativa do Minist\u00e9rio de Agricultura e Pecu\u00e1ria, que nesta edi\u00e7\u00e3o traz como tema a pecu\u00e1ria bovina A Secretaria de Estado de Agricultura, Pecu\u00e1ria e Abastecimento de Goi\u00e1s recebe, no pr\u00f3ximo dia 17 de mar\u00e7o (ter\u00e7a-feira), a Caravana do Agro Exportador, iniciativa promovida em parceria com o Minist\u00e9rio [&hellip;]<\/p>\n","protected":false},"author":292,"featured_media":74832,"comment_status":"closed","ping_status":"open","sticky":false,"template":"","format":"standard","meta":{"footnotes":""},"categories":[4],"tags":[],"class_list":["post-74781","post","type-post","status-publish","format-standard","has-post-thumbnail","hentry","category-noticias"],"rttpg_featured_image_url":{"full":["https:\/\/goias.gov.br\/agricultura\/wp-content\/uploads\/sites\/50\/2026\/03\/card-verde-claro-pag-1-pdf.io_.jpg",1080,1333,false],"landscape":["https:\/\/goias.gov.br\/agricultura\/wp-content\/uploads\/sites\/50\/2026\/03\/card-verde-claro-pag-1-pdf.io_.jpg",1080,1333,false],"portraits":["https:\/\/goias.gov.br\/agricultura\/wp-content\/uploads\/sites\/50\/2026\/03\/card-verde-claro-pag-1-pdf.io_.jpg",1080,1333,false],"thumbnail":["https:\/\/goias.gov.br\/agricultura\/wp-content\/uploads\/sites\/50\/2026\/03\/card-verde-claro-pag-1-pdf.io_-150x150.jpg",150,150,true],"medium":["https:\/\/goias.gov.br\/agricultura\/wp-content\/uploads\/sites\/50\/2026\/03\/card-verde-claro-pag-1-pdf.io_-243x300.jpg",243,300,true],"large":["https:\/\/goias.gov.br\/agricultura\/wp-content\/uploads\/sites\/50\/2026\/03\/card-verde-claro-pag-1-pdf.io_-830x1024.jpg",830,1024,true],"1536x1536":["https:\/\/goias.gov.br\/agricultura\/wp-content\/uploads\/sites\/50\/2026\/03\/card-verde-claro-pag-1-pdf.io_.jpg",1080,1333,false],"2048x2048":["https:\/\/goias.gov.br\/agricultura\/wp-content\/uploads\/sites\/50\/2026\/03\/card-verde-claro-pag-1-pdf.io_.jpg",1080,1333,false]},"rttpg_author":{"display_name":"lucaselima","author_link":"https:\/\/goias.gov.br\/agricultura\/author\/lucaselima\/"},"rttpg_comment":0,"rttpg_category":"<a href=\"https:\/\/goias.gov.br\/agricultura\/categoria\/noticias\/\" rel=\"category tag\">Not\u00edcias<\/a>","rttpg_excerpt":"Governo de Goi\u00e1s sedia ciclo de debates, de iniciativa do Minist\u00e9rio de Agricultura e Pecu\u00e1ria, que nesta edi\u00e7\u00e3o traz como tema a pecu\u00e1ria bovina A Secretaria de Estado de Agricultura, Pecu\u00e1ria e Abastecimento de Goi\u00e1s recebe, no pr\u00f3ximo dia 17 de mar\u00e7o (ter\u00e7a-feira), a Caravana do Agro Exportador, iniciativa promovida em parceria com o Minist\u00e9rio&hellip;","_links":{"self":[{"href":"https:\/\/goias.gov.br\/agricultura\/wp-json\/wp\/v2\/posts\/74781","targetHints":{"allow":["GET"]}}],"collection":[{"href":"https:\/\/goias.gov.br\/agricultura\/wp-json\/wp\/v2\/posts"}],"about":[{"href":"https:\/\/goias.gov.br\/agricultura\/wp-json\/wp\/v2\/types\/post"}],"author":[{"embeddable":true,"href":"https:\/\/goias.gov.br\/agricultura\/wp-json\/wp\/v2\/users\/292"}],"replies":[{"embeddable":true,"href":"https:\/\/goias.gov.br\/agricultura\/wp-json\/wp\/v2\/comments?post=74781"}],"version-history":[{"count":2,"href":"https:\/\/goias.gov.br\/agricultura\/wp-json\/wp\/v2\/posts\/74781\/revisions"}],"predecessor-version":[{"id":74828,"href":"https:\/\/goias.gov.br\/agricultura\/wp-json\/wp\/v2\/posts\/74781\/revisions\/74828"}],"wp:featuredmedia":[{"embeddable":true,"href":"https:\/\/goias.gov.br\/agricultura\/wp-json\/wp\/v2\/media\/74832"}],"wp:attachment":[{"href":"https:\/\/goias.gov.br\/agricultura\/wp-json\/wp\/v2\/media?parent=74781"}],"wp:term":[{"taxonomy":"category","embeddable":true,"href":"https:\/\/goias.gov.br\/agricultura\/wp-json\/wp\/v2\/categories?post=74781"},{"taxonomy":"post_tag","embeddable":true,"href":"https:\/\/goias.gov.br\/agricultura\/wp-json\/wp\/v2\/tags?post=74781"}],"curies":[{"name":"wp","href":"https:\/\/api.w.org\/{rel}","templated":true}]}}