

{"id":74699,"date":"2026-03-10T17:19:19","date_gmt":"2026-03-10T20:19:19","guid":{"rendered":"https:\/\/goias.gov.br\/agricultura\/?p=74699"},"modified":"2026-03-10T17:19:19","modified_gmt":"2026-03-10T20:19:19","slug":"aviso-de-pauta-governo-de-goias-realiza-inauguracao-entregas-e-anuncio-de-investimentos-de-mais-r66-milhoes-no-nordeste-goiano","status":"publish","type":"post","link":"https:\/\/goias.gov.br\/agricultura\/aviso-de-pauta-governo-de-goias-realiza-inauguracao-entregas-e-anuncio-de-investimentos-de-mais-r66-milhoes-no-nordeste-goiano\/","title":{"rendered":"Aviso de pauta: Governo de Goi\u00e1s realiza inaugura\u00e7\u00e3o, entregas e an\u00fancio de investimentos de mais R$6,6 milh\u00f5es no nordeste goiano"},"content":{"rendered":"\n<p><em>Evento inclui inaugura\u00e7\u00e3o da Casa do Mel, entrega de kits produtivos e an\u00fancio de agroind\u00fastria de frutas que atender\u00e1 produtores da regi\u00e3o do V\u00e3o do Paran\u00e3<\/em><\/p>\n\n\n\n<p>O Governo de Goi\u00e1s, por meio da Secretaria de Estado de Agricultura, Pecu\u00e1ria e Abastecimento (Seapa) e do Goi\u00e1s Social, realiza na pr\u00f3xima quarta-feira (11\/3), \u00e0s 8h30, no munic\u00edpio de Flores de Goi\u00e1s, uma agenda de entregas e an\u00fancios voltados ao fortalecimento da produ\u00e7\u00e3o rural e da agricultura familiar na regi\u00e3o. A programa\u00e7\u00e3o inclui a inaugura\u00e7\u00e3o da Casa do Mel, entrega de kits de apicultura e de kits do Programa Feira do Produtor, al\u00e9m da vistoria \u00e0 obra da agroind\u00fastria de processamento de frutas e do an\u00fancio de novos produtores aprovados pelo Programa de Aquisi\u00e7\u00e3o de Alimentos em seu recorte para povos remanescentes de quilombo (PAA Quilombola).<\/p>\n\n\n\n<p>A inaugura\u00e7\u00e3o da Casa do Mel faz parte de projeto estruturante da Seapa em parceria com a Secretaria da Retomada e o munic\u00edpio de Flores de Goi\u00e1s para fomentar a apicultura local. Como parte da iniciativa, tamb\u00e9m ser\u00e3o entregues 150 kits do projeto Apicultura Social ao munic\u00edpio. Cada kit cont\u00e9m dez itens essenciais para o manejo ap\u00edcola, incluindo macac\u00e3o, luvas de seguran\u00e7a, chap\u00e9u, bota de seguran\u00e7a, fumigador, centr\u00edfuga manual, garfo desoperculador, caixa de abelha com melgueira, alimentador de cobertura de colmeia e caixa isca.<\/p>\n\n\n\n<p><strong>Fomento Rural<\/strong><br>Destaque da agenda ser\u00e1 o lan\u00e7amento da pedra fundamental da agroind\u00fastria destinada ao processamento de frutas produzidas na regi\u00e3o do V\u00e3o do Paran\u00e3. O empreendimento, que est\u00e1 sendo executado pela Secretaria de Estado da Infraestrutura (Seinfra), conta com investimento de R$ 5 milh\u00f5es, com recursos do Fundo Protege, e dever\u00e1 atender mais de 100 produtores de frutas do V\u00e3o do Paran\u00e3.<\/p>\n\n\n\n<p>Na ocasi\u00e3o tamb\u00e9m ser\u00e1 anunciado o ingresso de mais 94 produtores que estavam em cadastro reserva no PAA Quilombola, com investimento adicional de R$ 1,3 milh\u00e3o. Com a amplia\u00e7\u00e3o, o programa passar\u00e1 a atender 228 produtores em 15 munic\u00edpios goianos, somando R$ 3,3 milh\u00f5es em recursos e previs\u00e3o de aquisi\u00e7\u00e3o de aproximadamente 228 toneladas de alimentos da agricultura familiar.<\/p>\n\n\n\n<p>A programa\u00e7\u00e3o inclui ainda a entrega de 30 kits do projeto Feira do Produtor, destinados \u00e0 estrutura\u00e7\u00e3o da comercializa\u00e7\u00e3o direta da produ\u00e7\u00e3o local. Cada kit cont\u00e9m uma tenda com balc\u00e3o acoplado e dez caixas pl\u00e1sticas. A iniciativa integra um total de 800 kits que ser\u00e3o distribu\u00eddos em Goi\u00e1s.<\/p>\n\n\n\n<p><strong>Servi\u00e7o<\/strong><br><strong>Assunto: <\/strong>Agenda de entregas e an\u00fancios voltados ao fortalecimento da produ\u00e7\u00e3o rural e da agricultura familiar na regi\u00e3o do V\u00e3o do Paran\u00e3<br><strong>Quando<\/strong>: Quarta-feira (11\/3), \u00e0s 8h30<br><strong>Onde:<\/strong> Casa do Mel &#8211; PA Concei\u00e7\u00e3o &#8211; Zona Rural de Flores de Goi\u00e1s (https:\/\/maps.app.goo.gl\/qaFTvXp9riWPsmuh7)<\/p>\n\n\n\n<p><strong>Secretaria de Estado de Agricultura, Pecu\u00e1ria e Abastecimento \u2013 Governo de Goi\u00e1s<\/strong><\/p>\n\n\n\n<div class=\"wp-block-group is-vertical is-layout-flex wp-container-core-group-is-layout-8cf370e7 wp-block-group-is-layout-flex\"><div class=\"wp-block-image\">\n<figure class=\"aligncenter size-large is-resized\"><img fetchpriority=\"high\" decoding=\"async\" width=\"576\" height=\"1024\" src=\"https:\/\/goias.gov.br\/agricultura\/wp-content\/uploads\/sites\/50\/2026\/03\/WhatsApp-Image-2026-03-09-at-09.59.28-576x1024.jpeg\" alt=\"\" class=\"wp-image-74717\" style=\"width:348px;height:auto\" srcset=\"https:\/\/goias.gov.br\/agricultura\/wp-content\/uploads\/sites\/50\/2026\/03\/WhatsApp-Image-2026-03-09-at-09.59.28-576x1024.jpeg 576w, https:\/\/goias.gov.br\/agricultura\/wp-content\/uploads\/sites\/50\/2026\/03\/WhatsApp-Image-2026-03-09-at-09.59.28-169x300.jpeg 169w, https:\/\/goias.gov.br\/agricultura\/wp-content\/uploads\/sites\/50\/2026\/03\/WhatsApp-Image-2026-03-09-at-09.59.28-768x1366.jpeg 768w, https:\/\/goias.gov.br\/agricultura\/wp-content\/uploads\/sites\/50\/2026\/03\/WhatsApp-Image-2026-03-09-at-09.59.28-864x1536.jpeg 864w, https:\/\/goias.gov.br\/agricultura\/wp-content\/uploads\/sites\/50\/2026\/03\/WhatsApp-Image-2026-03-09-at-09.59.28.jpeg 899w\" sizes=\"(max-width: 576px) 100vw, 576px\" \/><\/figure>\n<\/div>\n\n\n<p class=\"has-text-align-center\"><sub><em>Fotos: Divulga\u00e7\u00e3o <\/em><\/sub><\/p>\n\n\n\n<p><\/p>\n<\/div>\n","protected":false},"excerpt":{"rendered":"<p>Evento inclui inaugura\u00e7\u00e3o da Casa do Mel, entrega de kits produtivos e an\u00fancio de agroind\u00fastria de frutas que atender\u00e1 produtores da regi\u00e3o do V\u00e3o do Paran\u00e3 O Governo de Goi\u00e1s, por meio da Secretaria de Estado de Agricultura, Pecu\u00e1ria e Abastecimento (Seapa) e do Goi\u00e1s Social, realiza na pr\u00f3xima quarta-feira (11\/3), \u00e0s 8h30, no munic\u00edpio [&hellip;]<\/p>\n","protected":false},"author":292,"featured_media":74717,"comment_status":"closed","ping_status":"open","sticky":false,"template":"","format":"standard","meta":{"footnotes":""},"categories":[4],"tags":[],"class_list":["post-74699","post","type-post","status-publish","format-standard","has-post-thumbnail","hentry","category-noticias"],"rttpg_featured_image_url":{"full":["https:\/\/goias.gov.br\/agricultura\/wp-content\/uploads\/sites\/50\/2026\/03\/WhatsApp-Image-2026-03-09-at-09.59.28.jpeg",899,1599,false],"landscape":["https:\/\/goias.gov.br\/agricultura\/wp-content\/uploads\/sites\/50\/2026\/03\/WhatsApp-Image-2026-03-09-at-09.59.28.jpeg",899,1599,false],"portraits":["https:\/\/goias.gov.br\/agricultura\/wp-content\/uploads\/sites\/50\/2026\/03\/WhatsApp-Image-2026-03-09-at-09.59.28.jpeg",899,1599,false],"thumbnail":["https:\/\/goias.gov.br\/agricultura\/wp-content\/uploads\/sites\/50\/2026\/03\/WhatsApp-Image-2026-03-09-at-09.59.28-150x150.jpeg",150,150,true],"medium":["https:\/\/goias.gov.br\/agricultura\/wp-content\/uploads\/sites\/50\/2026\/03\/WhatsApp-Image-2026-03-09-at-09.59.28-169x300.jpeg",169,300,true],"large":["https:\/\/goias.gov.br\/agricultura\/wp-content\/uploads\/sites\/50\/2026\/03\/WhatsApp-Image-2026-03-09-at-09.59.28-576x1024.jpeg",576,1024,true],"1536x1536":["https:\/\/goias.gov.br\/agricultura\/wp-content\/uploads\/sites\/50\/2026\/03\/WhatsApp-Image-2026-03-09-at-09.59.28-864x1536.jpeg",864,1536,true],"2048x2048":["https:\/\/goias.gov.br\/agricultura\/wp-content\/uploads\/sites\/50\/2026\/03\/WhatsApp-Image-2026-03-09-at-09.59.28.jpeg",899,1599,false]},"rttpg_author":{"display_name":"lucaselima","author_link":"https:\/\/goias.gov.br\/agricultura\/author\/lucaselima\/"},"rttpg_comment":0,"rttpg_category":"<a href=\"https:\/\/goias.gov.br\/agricultura\/categoria\/noticias\/\" rel=\"category tag\">Not\u00edcias<\/a>","rttpg_excerpt":"Evento inclui inaugura\u00e7\u00e3o da Casa do Mel, entrega de kits produtivos e an\u00fancio de agroind\u00fastria de frutas que atender\u00e1 produtores da regi\u00e3o do V\u00e3o do Paran\u00e3 O Governo de Goi\u00e1s, por meio da Secretaria de Estado de Agricultura, Pecu\u00e1ria e Abastecimento (Seapa) e do Goi\u00e1s Social, realiza na pr\u00f3xima quarta-feira (11\/3), \u00e0s 8h30, no munic\u00edpio&hellip;","_links":{"self":[{"href":"https:\/\/goias.gov.br\/agricultura\/wp-json\/wp\/v2\/posts\/74699","targetHints":{"allow":["GET"]}}],"collection":[{"href":"https:\/\/goias.gov.br\/agricultura\/wp-json\/wp\/v2\/posts"}],"about":[{"href":"https:\/\/goias.gov.br\/agricultura\/wp-json\/wp\/v2\/types\/post"}],"author":[{"embeddable":true,"href":"https:\/\/goias.gov.br\/agricultura\/wp-json\/wp\/v2\/users\/292"}],"replies":[{"embeddable":true,"href":"https:\/\/goias.gov.br\/agricultura\/wp-json\/wp\/v2\/comments?post=74699"}],"version-history":[{"count":1,"href":"https:\/\/goias.gov.br\/agricultura\/wp-json\/wp\/v2\/posts\/74699\/revisions"}],"predecessor-version":[{"id":74760,"href":"https:\/\/goias.gov.br\/agricultura\/wp-json\/wp\/v2\/posts\/74699\/revisions\/74760"}],"wp:featuredmedia":[{"embeddable":true,"href":"https:\/\/goias.gov.br\/agricultura\/wp-json\/wp\/v2\/media\/74717"}],"wp:attachment":[{"href":"https:\/\/goias.gov.br\/agricultura\/wp-json\/wp\/v2\/media?parent=74699"}],"wp:term":[{"taxonomy":"category","embeddable":true,"href":"https:\/\/goias.gov.br\/agricultura\/wp-json\/wp\/v2\/categories?post=74699"},{"taxonomy":"post_tag","embeddable":true,"href":"https:\/\/goias.gov.br\/agricultura\/wp-json\/wp\/v2\/tags?post=74699"}],"curies":[{"name":"wp","href":"https:\/\/api.w.org\/{rel}","templated":true}]}}