

{"id":73137,"date":"2026-02-18T12:23:00","date_gmt":"2026-02-18T15:23:00","guid":{"rendered":"https:\/\/goias.gov.br\/agricultura\/?p=73137"},"modified":"2026-02-18T12:23:01","modified_gmt":"2026-02-18T15:23:01","slug":"destaque-do-mes-agro-em-dados-fevereiro-2026-mandioca","status":"publish","type":"post","link":"https:\/\/goias.gov.br\/agricultura\/destaque-do-mes-agro-em-dados-fevereiro-2026-mandioca\/","title":{"rendered":"DESTAQUE DO M\u00caS \u2013 AGRO EM DADOS \/ FEVEREIRO 2026 (MANDIOCA)"},"content":{"rendered":"<div class=\"wp-block-image\">\n<figure class=\"aligncenter size-full\"><img fetchpriority=\"high\" decoding=\"async\" width=\"658\" height=\"158\" src=\"https:\/\/goias.gov.br\/agricultura\/wp-content\/uploads\/sites\/50\/2026\/02\/Captura-de-tela-2026-02-18-114553.png\" alt=\"\" class=\"wp-image-73053\" srcset=\"https:\/\/goias.gov.br\/agricultura\/wp-content\/uploads\/sites\/50\/2026\/02\/Captura-de-tela-2026-02-18-114553.png 658w, https:\/\/goias.gov.br\/agricultura\/wp-content\/uploads\/sites\/50\/2026\/02\/Captura-de-tela-2026-02-18-114553-300x72.png 300w\" sizes=\"(max-width: 658px) 100vw, 658px\" \/><\/figure>\n<\/div>\n\n\n<figure class=\"wp-block-image size-large is-resized\"><img decoding=\"async\" width=\"701\" height=\"1024\" src=\"https:\/\/goias.gov.br\/agricultura\/wp-content\/uploads\/sites\/50\/2026\/02\/image-51-701x1024.jpg\" alt=\"\" class=\"wp-image-73138\" style=\"width:840px;height:auto\" srcset=\"https:\/\/goias.gov.br\/agricultura\/wp-content\/uploads\/sites\/50\/2026\/02\/image-51-701x1024.jpg 701w, https:\/\/goias.gov.br\/agricultura\/wp-content\/uploads\/sites\/50\/2026\/02\/image-51-205x300.jpg 205w, https:\/\/goias.gov.br\/agricultura\/wp-content\/uploads\/sites\/50\/2026\/02\/image-51.jpg 737w\" sizes=\"(max-width: 701px) 100vw, 701px\" \/><\/figure>\n\n\n\n<figure class=\"wp-block-image size-full is-resized\"><img decoding=\"async\" width=\"730\" height=\"277\" src=\"https:\/\/goias.gov.br\/agricultura\/wp-content\/uploads\/sites\/50\/2026\/02\/image-51.png\" alt=\"\" class=\"wp-image-73141\" style=\"width:840px;height:auto\" srcset=\"https:\/\/goias.gov.br\/agricultura\/wp-content\/uploads\/sites\/50\/2026\/02\/image-51.png 730w, https:\/\/goias.gov.br\/agricultura\/wp-content\/uploads\/sites\/50\/2026\/02\/image-51-300x114.png 300w\" sizes=\"(max-width: 730px) 100vw, 730px\" \/><\/figure>\n\n\n\n<figure class=\"wp-block-image size-full is-resized\"><img loading=\"lazy\" decoding=\"async\" width=\"727\" height=\"596\" src=\"https:\/\/goias.gov.br\/agricultura\/wp-content\/uploads\/sites\/50\/2026\/02\/image-52.jpg\" alt=\"\" class=\"wp-image-73142\" style=\"width:840px;height:auto\" srcset=\"https:\/\/goias.gov.br\/agricultura\/wp-content\/uploads\/sites\/50\/2026\/02\/image-52.jpg 727w, https:\/\/goias.gov.br\/agricultura\/wp-content\/uploads\/sites\/50\/2026\/02\/image-52-300x246.jpg 300w\" sizes=\"(max-width: 727px) 100vw, 727px\" \/><\/figure>\n\n\n\n<figure class=\"wp-block-image size-full is-resized\"><img loading=\"lazy\" decoding=\"async\" width=\"734\" height=\"321\" src=\"https:\/\/goias.gov.br\/agricultura\/wp-content\/uploads\/sites\/50\/2026\/02\/image-52.png\" alt=\"\" class=\"wp-image-73147\" style=\"width:840px;height:auto\" srcset=\"https:\/\/goias.gov.br\/agricultura\/wp-content\/uploads\/sites\/50\/2026\/02\/image-52.png 734w, https:\/\/goias.gov.br\/agricultura\/wp-content\/uploads\/sites\/50\/2026\/02\/image-52-300x131.png 300w\" sizes=\"(max-width: 734px) 100vw, 734px\" \/><\/figure>\n\n\n\n<details class=\"wp-block-details has-vivid-cyan-blue-color has-text-color has-link-color wp-elements-fe0e666f7cf31a09abc45ebe6e9805ba is-layout-flow wp-block-details-is-layout-flow\"><summary><img decoding=\"async\" src=\"https:\/\/goias.gov.br\/agricultura\/wp-content\/uploads\/sites\/50\/2024\/06\/image-9.png\" alt=\"O atributo alt desta imagem est\u00e1 vazio. O nome do arquivo \u00e9 image-9.png\">\u00a0COTA\u00c7\u00d5ES &#8211; Pre\u00e7os da Raiz de Mandioca &#8211; Regi\u00e3o COP\/PR (R$\/t)<\/summary>\n<p><\/p>\n\n\n\n<figure class=\"wp-block-image size-full\"><img loading=\"lazy\" decoding=\"async\" width=\"732\" height=\"387\" src=\"https:\/\/goias.gov.br\/agricultura\/wp-content\/uploads\/sites\/50\/2026\/02\/image-53.png\" alt=\"\" class=\"wp-image-73174\" srcset=\"https:\/\/goias.gov.br\/agricultura\/wp-content\/uploads\/sites\/50\/2026\/02\/image-53.png 732w, https:\/\/goias.gov.br\/agricultura\/wp-content\/uploads\/sites\/50\/2026\/02\/image-53-300x159.png 300w\" sizes=\"(max-width: 732px) 100vw, 732px\" \/><\/figure>\n\n\n\n<p><\/p>\n<\/details>\n\n\n\n<details class=\"wp-block-details has-vivid-cyan-blue-color has-text-color has-link-color wp-elements-bdda5332f7f333fd4523bf625e6f8e25 is-layout-flow wp-block-details-is-layout-flow\"><summary><img decoding=\"async\" src=\"https:\/\/goias.gov.br\/agricultura\/wp-content\/uploads\/sites\/50\/2024\/06\/image-9.png\" alt=\"O atributo alt desta imagem est\u00e1 vazio. O nome do arquivo \u00e9 image-9.png\">\u00a0SAFRA DE MANDIOCA 2026<\/summary>\n<p><\/p>\n\n\n\n<figure class=\"wp-block-image size-full\"><img loading=\"lazy\" decoding=\"async\" width=\"730\" height=\"988\" src=\"https:\/\/goias.gov.br\/agricultura\/wp-content\/uploads\/sites\/50\/2026\/02\/image-54.png\" alt=\"\" class=\"wp-image-73176\" srcset=\"https:\/\/goias.gov.br\/agricultura\/wp-content\/uploads\/sites\/50\/2026\/02\/image-54.png 730w, https:\/\/goias.gov.br\/agricultura\/wp-content\/uploads\/sites\/50\/2026\/02\/image-54-222x300.png 222w\" sizes=\"(max-width: 730px) 100vw, 730px\" \/><\/figure>\n\n\n\n<p><\/p>\n\n\n\n<figure class=\"wp-block-image size-full\"><img loading=\"lazy\" decoding=\"async\" width=\"728\" height=\"324\" src=\"https:\/\/goias.gov.br\/agricultura\/wp-content\/uploads\/sites\/50\/2026\/02\/image-55.png\" alt=\"\" class=\"wp-image-73179\" srcset=\"https:\/\/goias.gov.br\/agricultura\/wp-content\/uploads\/sites\/50\/2026\/02\/image-55.png 728w, https:\/\/goias.gov.br\/agricultura\/wp-content\/uploads\/sites\/50\/2026\/02\/image-55-300x134.png 300w\" sizes=\"(max-width: 728px) 100vw, 728px\" \/><\/figure>\n\n\n\n<p><\/p>\n\n\n\n<figure class=\"wp-block-image size-full\"><img loading=\"lazy\" decoding=\"async\" width=\"728\" height=\"576\" src=\"https:\/\/goias.gov.br\/agricultura\/wp-content\/uploads\/sites\/50\/2026\/02\/image-56.png\" alt=\"\" class=\"wp-image-73180\" srcset=\"https:\/\/goias.gov.br\/agricultura\/wp-content\/uploads\/sites\/50\/2026\/02\/image-56.png 728w, https:\/\/goias.gov.br\/agricultura\/wp-content\/uploads\/sites\/50\/2026\/02\/image-56-300x237.png 300w\" sizes=\"(max-width: 728px) 100vw, 728px\" \/><\/figure>\n\n\n\n<p><\/p>\n<\/details>\n\n\n\n<details class=\"wp-block-details has-vivid-cyan-blue-color has-text-color has-link-color wp-elements-296274e7b451f70738c33c566fe2f46e is-layout-flow wp-block-details-is-layout-flow\"><summary><img decoding=\"async\" src=\"https:\/\/goias.gov.br\/agricultura\/wp-content\/uploads\/sites\/50\/2024\/06\/image-9.png\" alt=\"O atributo alt desta imagem est\u00e1 vazio. O nome do arquivo \u00e9 image-9.png\">\u00a0VALOR BRUTO DA PRODU\u00c7\u00c3O DE MANDIOCA (VBP) &#8211; Estimativa 2025<\/summary>\n<p><\/p>\n\n\n\n<figure class=\"wp-block-image size-full\"><img loading=\"lazy\" decoding=\"async\" width=\"722\" height=\"501\" src=\"https:\/\/goias.gov.br\/agricultura\/wp-content\/uploads\/sites\/50\/2026\/02\/image-57.png\" alt=\"\" class=\"wp-image-73181\" srcset=\"https:\/\/goias.gov.br\/agricultura\/wp-content\/uploads\/sites\/50\/2026\/02\/image-57.png 722w, https:\/\/goias.gov.br\/agricultura\/wp-content\/uploads\/sites\/50\/2026\/02\/image-57-300x208.png 300w\" sizes=\"(max-width: 722px) 100vw, 722px\" \/><\/figure>\n\n\n\n<p><\/p>\n<\/details>\n\n\n\n<details class=\"wp-block-details has-vivid-cyan-blue-color has-text-color has-link-color wp-elements-2361c23fe0d1b4cd18b7ec1b3df1a9ff is-layout-flow wp-block-details-is-layout-flow\"><summary><img decoding=\"async\" src=\"https:\/\/goias.gov.br\/agricultura\/wp-content\/uploads\/sites\/50\/2024\/06\/image-9.png\" alt=\"O atributo alt desta imagem est\u00e1 vazio. O nome do arquivo \u00e9 image-9.png\">\u00a0EXPORTA\u00c7\u00d5ES DE MANDIOCA E F\u00c9CULA DE MANDIOCA<\/summary>\n<p><\/p>\n\n\n\n<figure class=\"wp-block-image size-full\"><img loading=\"lazy\" decoding=\"async\" width=\"725\" height=\"162\" src=\"https:\/\/goias.gov.br\/agricultura\/wp-content\/uploads\/sites\/50\/2026\/02\/image-58.png\" alt=\"\" class=\"wp-image-73182\" srcset=\"https:\/\/goias.gov.br\/agricultura\/wp-content\/uploads\/sites\/50\/2026\/02\/image-58.png 725w, https:\/\/goias.gov.br\/agricultura\/wp-content\/uploads\/sites\/50\/2026\/02\/image-58-300x67.png 300w\" sizes=\"(max-width: 725px) 100vw, 725px\" \/><\/figure>\n\n\n\n<p><\/p>\n\n\n\n<figure class=\"wp-block-image size-full\"><img loading=\"lazy\" decoding=\"async\" width=\"729\" height=\"606\" src=\"https:\/\/goias.gov.br\/agricultura\/wp-content\/uploads\/sites\/50\/2026\/02\/image-59.png\" alt=\"\" class=\"wp-image-73183\" srcset=\"https:\/\/goias.gov.br\/agricultura\/wp-content\/uploads\/sites\/50\/2026\/02\/image-59.png 729w, https:\/\/goias.gov.br\/agricultura\/wp-content\/uploads\/sites\/50\/2026\/02\/image-59-300x249.png 300w\" sizes=\"(max-width: 729px) 100vw, 729px\" \/><\/figure>\n\n\n\n<p><\/p>\n\n\n\n<figure class=\"wp-block-image size-full\"><img loading=\"lazy\" decoding=\"async\" width=\"727\" height=\"724\" src=\"https:\/\/goias.gov.br\/agricultura\/wp-content\/uploads\/sites\/50\/2026\/02\/image-60.png\" alt=\"\" class=\"wp-image-73184\" srcset=\"https:\/\/goias.gov.br\/agricultura\/wp-content\/uploads\/sites\/50\/2026\/02\/image-60.png 727w, https:\/\/goias.gov.br\/agricultura\/wp-content\/uploads\/sites\/50\/2026\/02\/image-60-300x300.png 300w, https:\/\/goias.gov.br\/agricultura\/wp-content\/uploads\/sites\/50\/2026\/02\/image-60-150x150.png 150w\" sizes=\"(max-width: 727px) 100vw, 727px\" \/><\/figure>\n\n\n\n<p><\/p>\n<\/details>\n\n\n\n<figure class=\"wp-block-image\"><a href=\"https:\/\/docs.google.com\/forms\/d\/e\/1FAIpQLSdyXGjUmk0KJiSDxOtezAWsI-NFfBfGX0kRMjGUpawkCPPpkg\/viewform\" target=\"_blank\" rel=\"noreferrer noopener\"><img loading=\"lazy\" decoding=\"async\" width=\"3307\" height=\"828\" src=\"https:\/\/goias.gov.br\/agricultura\/wp-content\/uploads\/sites\/50\/2024\/07\/barra_pesquisa-1.png\" alt=\"\" class=\"wp-image-18955\" \/><\/a><\/figure>\n\n\n\n<p><\/p>\n\n\n\n<p><\/p>\n\n\n\n<p><\/p>\n","protected":false},"excerpt":{"rendered":"","protected":false},"author":295,"featured_media":0,"comment_status":"closed","ping_status":"open","sticky":false,"template":"","format":"standard","meta":{"footnotes":""},"categories":[41],"tags":[],"class_list":["post-73137","post","type-post","status-publish","format-standard","hentry","category-agro-em-dados-destaque-do-mes"],"rttpg_featured_image_url":null,"rttpg_author":{"display_name":"rafaelcorreia","author_link":"https:\/\/goias.gov.br\/agricultura\/author\/rafaelcorreia\/"},"rttpg_comment":0,"rttpg_category":"<a href=\"https:\/\/goias.gov.br\/agricultura\/categoria\/agro-em-dados-destaque-do-mes\/\" rel=\"category tag\">AGRO EM DADOS - DESTAQUE DO M\u00caS<\/a>","rttpg_excerpt":null,"_links":{"self":[{"href":"https:\/\/goias.gov.br\/agricultura\/wp-json\/wp\/v2\/posts\/73137","targetHints":{"allow":["GET"]}}],"collection":[{"href":"https:\/\/goias.gov.br\/agricultura\/wp-json\/wp\/v2\/posts"}],"about":[{"href":"https:\/\/goias.gov.br\/agricultura\/wp-json\/wp\/v2\/types\/post"}],"author":[{"embeddable":true,"href":"https:\/\/goias.gov.br\/agricultura\/wp-json\/wp\/v2\/users\/295"}],"replies":[{"embeddable":true,"href":"https:\/\/goias.gov.br\/agricultura\/wp-json\/wp\/v2\/comments?post=73137"}],"version-history":[{"count":1,"href":"https:\/\/goias.gov.br\/agricultura\/wp-json\/wp\/v2\/posts\/73137\/revisions"}],"predecessor-version":[{"id":73185,"href":"https:\/\/goias.gov.br\/agricultura\/wp-json\/wp\/v2\/posts\/73137\/revisions\/73185"}],"wp:attachment":[{"href":"https:\/\/goias.gov.br\/agricultura\/wp-json\/wp\/v2\/media?parent=73137"}],"wp:term":[{"taxonomy":"category","embeddable":true,"href":"https:\/\/goias.gov.br\/agricultura\/wp-json\/wp\/v2\/categories?post=73137"},{"taxonomy":"post_tag","embeddable":true,"href":"https:\/\/goias.gov.br\/agricultura\/wp-json\/wp\/v2\/tags?post=73137"}],"curies":[{"name":"wp","href":"https:\/\/api.w.org\/{rel}","templated":true}]}}