

{"id":71581,"date":"2026-01-07T10:53:46","date_gmt":"2026-01-07T13:53:46","guid":{"rendered":"https:\/\/goias.gov.br\/agricultura\/?p=71581"},"modified":"2026-01-07T10:53:46","modified_gmt":"2026-01-07T13:53:46","slug":"suinos-agro-em-dados-marco-2025-2","status":"publish","type":"post","link":"https:\/\/goias.gov.br\/agricultura\/suinos-agro-em-dados-marco-2025-2\/","title":{"rendered":"SU\u00cdNOS \u2013 AGRO EM DADOS \/ MAR\u00c7O 2025"},"content":{"rendered":"<div class=\"wp-block-image\">\n<figure class=\"aligncenter is-resized\"><a href=\"https:\/\/goias.gov.br\/agricultura\/suinos-agro-em-dados-setembro-2024\/\" target=\"_blank\" rel=\"noreferrer noopener\"><img fetchpriority=\"high\" decoding=\"async\" width=\"1024\" height=\"331\" src=\"https:\/\/goias.gov.br\/agricultura\/wp-content\/uploads\/sites\/50\/2024\/12\/image-115.png\" alt=\"\" class=\"wp-image-37787\" style=\"width:400px\" srcset=\"https:\/\/goias.gov.br\/agricultura\/wp-content\/uploads\/sites\/50\/2024\/12\/image-115.png 1024w, https:\/\/goias.gov.br\/agricultura\/wp-content\/uploads\/sites\/50\/2024\/12\/image-115-300x97.png 300w, https:\/\/goias.gov.br\/agricultura\/wp-content\/uploads\/sites\/50\/2024\/12\/image-115-768x248.png 768w\" sizes=\"(max-width: 1024px) 100vw, 1024px\" \/><\/a><\/figure>\n<\/div>\n\n\n<p>A desvaloriza\u00e7\u00e3o das cota\u00e7\u00f5es do su\u00edno vivo, iniciadas em dezembro do ano passado, persistiu em janeiro de 2025, impactando na redu\u00e7\u00e3o no poder de compra do suinocultor brasileiro, em raz\u00e3o do aumento nas despesas com ra\u00e7\u00e3o, transporte, m\u00e3o de obra, sanidade, entre outros.<\/p>\n\n\n\n<p>De acordo com a Embrapa, a varia\u00e7\u00e3o do custo com ra\u00e7\u00e3o, em rela\u00e7\u00e3o ao m\u00eas anterior, foi de 1,28% e no acumulado de doze meses ficou em 5,95%, nos principais estados produtores da carne su\u00edna. Entretanto, com a flutua\u00e7\u00e3o nas cota\u00e7\u00f5es, a competitividade da carne su\u00edna aumentou frente \u00e0s demais, devido \u00e0 leve valoriza\u00e7\u00e3o da prote\u00edna av\u00edcola e estabilidade da bovina, em rela\u00e7\u00e3o a dezembro de 2024.<\/p>\n\n\n\n<p>Em fevereiro, houve recupera\u00e7\u00e3o nas cota\u00e7\u00f5es do su\u00edno vivo, quando comparado ao m\u00eas anterior, o reajuste foi de 11,1% na m\u00e9dia mensal, em raz\u00e3o da oferta ajustada frente \u00e0s demandas interna e externa aquecidas.<\/p>\n\n\n\n<p>No panorama internacional, em janeiro, houve crescimento de 29,8% no volume exportado por Goi\u00e1s, com acr\u00e9scimo nas aquisi\u00e7\u00f5es de Singapura (+17,6%), Chile (107,6%) e Haiti (149,7%). Em rela\u00e7\u00e3o aos pa\u00edses importadores, o Qu\u00eania iniciou as aquisi\u00e7\u00f5es de carne su\u00edna goiana em 2023. Em 2024, adquiriu 135,0 toneladas e j\u00e1 no primeiro m\u00eas de 2025, atingiu 52,1% do volume adquirido no acumulado do ano anterior (70,3 toneladas), ocupando o quarto lugar no ranking de destinos das exporta\u00e7\u00f5es goianas.<\/p>\n\n\n\n<p>Em janeiro, o cen\u00e1rio tamb\u00e9m foi positivo para as exporta\u00e7\u00f5es brasileiras, com acr\u00e9scimo de 6,4% em quantidade exportada, frente ao mesmo per\u00edodo de 2024, com envio para 80 destinos. Em rela\u00e7\u00e3o aos principais pa\u00edses importadores, mesmo com redu\u00e7\u00e3o de 4,7 pontos percentuais, em compara\u00e7\u00e3o a janeiro do ano anterior, a China respondeu pela maior parcela do mercado, absorvendo 20,0% do volume total exportado. J\u00e1 as Filipinas e o Jap\u00e3o tiveram aumento em suas aquisi\u00e7\u00f5es e foram respons\u00e1veis por 18,5% e 8,3%, respectivamente, do volume destinado \u00e0 exporta\u00e7\u00e3o. Dessa forma, ocuparam o segundo e o terceiro lugar no ranking de destinos das exporta\u00e7\u00f5es brasileiras nesse per\u00edodo. A diversifica\u00e7\u00e3o dos mercados externos tem se mostrado indispens\u00e1vel para diminuir a depend\u00eancia das transa\u00e7\u00f5es com o pa\u00eds asi\u00e1tico.<\/p>\n\n\n\n<p><\/p>\n\n\n\n<details class=\"wp-block-details has-vivid-cyan-blue-color has-text-color has-link-color wp-elements-01272a75d344434b657df7a252cde799 is-layout-flow wp-block-details-is-layout-flow\"><summary><img decoding=\"async\" src=\"https:\/\/goias.gov.br\/agricultura\/wp-content\/uploads\/sites\/50\/2024\/06\/image-9.png\" alt=\"O atributo alt desta imagem est\u00e1 vazio. O nome do arquivo \u00e9 image-9.png\">&nbsp;COTA\u00c7\u00d5ES \u2013 Indicador do Su\u00edno Vivo Cepea\/Esalq-SP (R$\/Kg)<\/summary>\n<p><\/p>\n\n\n\n<figure class=\"wp-block-image size-full\"><img decoding=\"async\" width=\"730\" height=\"435\" src=\"https:\/\/goias.gov.br\/agricultura\/wp-content\/uploads\/sites\/50\/2026\/01\/image-6.png\" alt=\"\" class=\"wp-image-71582\" srcset=\"https:\/\/goias.gov.br\/agricultura\/wp-content\/uploads\/sites\/50\/2026\/01\/image-6.png 730w, https:\/\/goias.gov.br\/agricultura\/wp-content\/uploads\/sites\/50\/2026\/01\/image-6-300x179.png 300w\" sizes=\"(max-width: 730px) 100vw, 730px\" \/><\/figure>\n\n\n\n<p><\/p>\n<\/details>\n\n\n\n<details class=\"wp-block-details has-vivid-cyan-blue-color has-text-color has-link-color wp-elements-a7eff2e04c0e6aae296c40d8a9f54218 is-layout-flow wp-block-details-is-layout-flow\"><summary><img decoding=\"async\" src=\"https:\/\/goias.gov.br\/agricultura\/wp-content\/uploads\/sites\/50\/2024\/06\/image-9.png\" alt=\"O atributo alt desta imagem est\u00e1 vazio. O nome do arquivo \u00e9 image-9.png\">\u00a0VALOR BRUTO DA PRODU\u00c7\u00c3O DE SU\u00cdNOS (VBP) \u2013 Estimativa 2025<\/summary>\n<p><\/p>\n\n\n\n<figure class=\"wp-block-image size-full\"><img decoding=\"async\" width=\"729\" height=\"317\" src=\"https:\/\/goias.gov.br\/agricultura\/wp-content\/uploads\/sites\/50\/2026\/01\/image-7.png\" alt=\"\" class=\"wp-image-71583\" srcset=\"https:\/\/goias.gov.br\/agricultura\/wp-content\/uploads\/sites\/50\/2026\/01\/image-7.png 729w, https:\/\/goias.gov.br\/agricultura\/wp-content\/uploads\/sites\/50\/2026\/01\/image-7-300x130.png 300w\" sizes=\"(max-width: 729px) 100vw, 729px\" \/><\/figure>\n\n\n\n<p><\/p>\n<\/details>\n\n\n\n<details class=\"wp-block-details has-vivid-cyan-blue-color has-text-color has-link-color wp-elements-fbb3c846f1d626c00ac1e3e5985c1f85 is-layout-flow wp-block-details-is-layout-flow\"><summary><img decoding=\"async\" src=\"https:\/\/goias.gov.br\/agricultura\/wp-content\/uploads\/sites\/50\/2024\/06\/image-9.png\" alt=\"O atributo alt desta imagem est\u00e1 vazio. O nome do arquivo \u00e9 image-9.png\">&nbsp;BRASIL \u2013 EXPORTA\u00c7\u00d5ES DE CARNE SU\u00cdNA<\/summary>\n<p><\/p>\n\n\n\n<figure class=\"wp-block-image size-full\"><img loading=\"lazy\" decoding=\"async\" width=\"724\" height=\"758\" src=\"https:\/\/goias.gov.br\/agricultura\/wp-content\/uploads\/sites\/50\/2026\/01\/image-8.png\" alt=\"\" class=\"wp-image-71584\" srcset=\"https:\/\/goias.gov.br\/agricultura\/wp-content\/uploads\/sites\/50\/2026\/01\/image-8.png 724w, https:\/\/goias.gov.br\/agricultura\/wp-content\/uploads\/sites\/50\/2026\/01\/image-8-287x300.png 287w\" sizes=\"(max-width: 724px) 100vw, 724px\" \/><\/figure>\n\n\n\n<p><\/p>\n<\/details>\n\n\n\n<details class=\"wp-block-details has-vivid-cyan-blue-color has-text-color has-link-color wp-elements-6d2399dca88559904c10fa4774f053be is-layout-flow wp-block-details-is-layout-flow\"><summary><img decoding=\"async\" src=\"https:\/\/goias.gov.br\/agricultura\/wp-content\/uploads\/sites\/50\/2024\/06\/image-9.png\" alt=\"O atributo alt desta imagem est\u00e1 vazio. O nome do arquivo \u00e9 image-9.png\">&nbsp;GOI\u00c1S \u2013 EXPORTA\u00c7\u00d5ES DE CARNE SU\u00cdNA<\/summary>\n<p><\/p>\n\n\n\n<figure class=\"wp-block-image size-full\"><img loading=\"lazy\" decoding=\"async\" width=\"730\" height=\"564\" src=\"https:\/\/goias.gov.br\/agricultura\/wp-content\/uploads\/sites\/50\/2026\/01\/image-9.png\" alt=\"\" class=\"wp-image-71586\" srcset=\"https:\/\/goias.gov.br\/agricultura\/wp-content\/uploads\/sites\/50\/2026\/01\/image-9.png 730w, https:\/\/goias.gov.br\/agricultura\/wp-content\/uploads\/sites\/50\/2026\/01\/image-9-300x232.png 300w\" sizes=\"(max-width: 730px) 100vw, 730px\" \/><\/figure>\n\n\n\n<p><\/p>\n\n\n\n<figure class=\"wp-block-image size-full\"><img loading=\"lazy\" decoding=\"async\" width=\"727\" height=\"818\" src=\"https:\/\/goias.gov.br\/agricultura\/wp-content\/uploads\/sites\/50\/2026\/01\/image-10.png\" alt=\"\" class=\"wp-image-71585\" srcset=\"https:\/\/goias.gov.br\/agricultura\/wp-content\/uploads\/sites\/50\/2026\/01\/image-10.png 727w, https:\/\/goias.gov.br\/agricultura\/wp-content\/uploads\/sites\/50\/2026\/01\/image-10-267x300.png 267w\" sizes=\"(max-width: 727px) 100vw, 727px\" \/><\/figure>\n\n\n\n<p><\/p>\n\n\n\n<figure class=\"wp-block-image size-full\"><img loading=\"lazy\" decoding=\"async\" width=\"727\" height=\"508\" src=\"https:\/\/goias.gov.br\/agricultura\/wp-content\/uploads\/sites\/50\/2026\/01\/image-11.png\" alt=\"\" class=\"wp-image-71587\" srcset=\"https:\/\/goias.gov.br\/agricultura\/wp-content\/uploads\/sites\/50\/2026\/01\/image-11.png 727w, https:\/\/goias.gov.br\/agricultura\/wp-content\/uploads\/sites\/50\/2026\/01\/image-11-300x210.png 300w\" sizes=\"(max-width: 727px) 100vw, 727px\" \/><\/figure>\n\n\n\n<p><\/p>\n<\/details>\n\n\n\n<figure class=\"wp-block-image\"><a href=\"https:\/\/docs.google.com\/forms\/d\/e\/1FAIpQLSdyXGjUmk0KJiSDxOtezAWsI-NFfBfGX0kRMjGUpawkCPPpkg\/viewform\" target=\"_blank\" rel=\"noreferrer noopener\"><img loading=\"lazy\" decoding=\"async\" width=\"3307\" height=\"828\" src=\"https:\/\/goias.gov.br\/agricultura\/wp-content\/uploads\/sites\/50\/2024\/07\/barra_pesquisa-1.png\" alt=\"\" class=\"wp-image-18955\" \/><\/a><\/figure>\n\n\n\n<p><\/p>\n","protected":false},"excerpt":{"rendered":"<p>A desvaloriza\u00e7\u00e3o das cota\u00e7\u00f5es do su\u00edno vivo, iniciadas em dezembro do ano passado, persistiu em janeiro de 2025, impactando na redu\u00e7\u00e3o no poder de compra do suinocultor brasileiro, em raz\u00e3o do aumento nas despesas com ra\u00e7\u00e3o, transporte, m\u00e3o de obra, sanidade, entre outros. De acordo com a Embrapa, a varia\u00e7\u00e3o do custo com ra\u00e7\u00e3o, em [&hellip;]<\/p>\n","protected":false},"author":295,"featured_media":0,"comment_status":"closed","ping_status":"open","sticky":false,"template":"","format":"standard","meta":{"footnotes":""},"categories":[34],"tags":[],"class_list":["post-71581","post","type-post","status-publish","format-standard","hentry","category-agro-em-dados-suinos"],"rttpg_featured_image_url":null,"rttpg_author":{"display_name":"rafaelcorreia","author_link":"https:\/\/goias.gov.br\/agricultura\/author\/rafaelcorreia\/"},"rttpg_comment":0,"rttpg_category":"<a href=\"https:\/\/goias.gov.br\/agricultura\/categoria\/agro-em-dados-suinos\/\" rel=\"category tag\">AGRO EM DADOS - SU\u00cdNOS<\/a>","rttpg_excerpt":"A desvaloriza\u00e7\u00e3o das cota\u00e7\u00f5es do su\u00edno vivo, iniciadas em dezembro do ano passado, persistiu em janeiro de 2025, impactando na redu\u00e7\u00e3o no poder de compra do suinocultor brasileiro, em raz\u00e3o do aumento nas despesas com ra\u00e7\u00e3o, transporte, m\u00e3o de obra, sanidade, entre outros. De acordo com a Embrapa, a varia\u00e7\u00e3o do custo com ra\u00e7\u00e3o, em&hellip;","_links":{"self":[{"href":"https:\/\/goias.gov.br\/agricultura\/wp-json\/wp\/v2\/posts\/71581","targetHints":{"allow":["GET"]}}],"collection":[{"href":"https:\/\/goias.gov.br\/agricultura\/wp-json\/wp\/v2\/posts"}],"about":[{"href":"https:\/\/goias.gov.br\/agricultura\/wp-json\/wp\/v2\/types\/post"}],"author":[{"embeddable":true,"href":"https:\/\/goias.gov.br\/agricultura\/wp-json\/wp\/v2\/users\/295"}],"replies":[{"embeddable":true,"href":"https:\/\/goias.gov.br\/agricultura\/wp-json\/wp\/v2\/comments?post=71581"}],"version-history":[{"count":1,"href":"https:\/\/goias.gov.br\/agricultura\/wp-json\/wp\/v2\/posts\/71581\/revisions"}],"predecessor-version":[{"id":71588,"href":"https:\/\/goias.gov.br\/agricultura\/wp-json\/wp\/v2\/posts\/71581\/revisions\/71588"}],"wp:attachment":[{"href":"https:\/\/goias.gov.br\/agricultura\/wp-json\/wp\/v2\/media?parent=71581"}],"wp:term":[{"taxonomy":"category","embeddable":true,"href":"https:\/\/goias.gov.br\/agricultura\/wp-json\/wp\/v2\/categories?post=71581"},{"taxonomy":"post_tag","embeddable":true,"href":"https:\/\/goias.gov.br\/agricultura\/wp-json\/wp\/v2\/tags?post=71581"}],"curies":[{"name":"wp","href":"https:\/\/api.w.org\/{rel}","templated":true}]}}