

{"id":64449,"date":"2025-09-11T11:10:40","date_gmt":"2025-09-11T14:10:40","guid":{"rendered":"https:\/\/goias.gov.br\/agricultura\/?p=64449"},"modified":"2025-09-11T11:10:42","modified_gmt":"2025-09-11T14:10:42","slug":"milho-agro-em-dados-setembro-2025","status":"publish","type":"post","link":"https:\/\/goias.gov.br\/agricultura\/milho-agro-em-dados-setembro-2025\/","title":{"rendered":"MILHO \u2013 AGRO EM DADOS \/ SETEMBRO 2025"},"content":{"rendered":"<div class=\"wp-block-image\">\n<figure class=\"aligncenter is-resized\"><a href=\"https:\/\/goias.gov.br\/agricultura\/milho-agro-em-dados-agosto-2024-2\/\" target=\"_blank\" rel=\"noreferrer noopener\"><img decoding=\"async\" src=\"https:\/\/goias.gov.br\/agricultura\/wp-content\/uploads\/sites\/50\/2024\/09\/icones_site-07-2-1024x331.png\" alt=\"\" style=\"width:400px\" \/><\/a><\/figure>\n<\/div>\n\n\n<p>Em agosto, as cota\u00e7\u00f5es do milho seguiram em trajet\u00f3ria de queda, entretanto, alcan\u00e7aram n\u00edveis superiores aos observados nos dois \u00faltimos anos para esse per\u00edodo, registrando uma m\u00e9dia mensal de R$63,87\/saca (ver gr\u00e1fico da s\u00e9rie hist\u00f3rica de pre\u00e7os). Esse cen\u00e1rio pode ser atribu\u00eddo \u00e0 ampla oferta mundial do cereal, associada \u00e0 colheita da segunda safra no Brasil. De acordo com a Conab, j\u00e1 foram colhidos 97,0% do total cultivado no pa\u00eds e 98,0% pelo estado de Goi\u00e1s, at\u00e9 a data de 30\/08. Al\u00e9m disso, o USDA, em seu relat\u00f3rio mensal, estimou uma produ\u00e7\u00e3o global com m\u00e1xima hist\u00f3rica de 1,288 bilh\u00e3o de toneladas, na qual o Brasil \u00e9 respons\u00e1vel por 10,2% do total. Diante disso, a combina\u00e7\u00e3o desses fatores contribu\u00ed- ram para pressionar negativamente os pre\u00e7os do gr\u00e3o.<\/p>\n\n\n\n<p>A produ\u00e7\u00e3o brasileira e goiana 2024\/25 deve superar a temporada recorde 2022\/23, segundo a Conab. Esse desempenho hist\u00f3rico no ciclo atual permitir\u00e1 um aumento nosestoques brasileiros do cereal, projetado em 10,2 milh\u00f5es de toneladas, frente aos 7,2 milh\u00f5es registrados na safra 2022\/23. Quanto \u00e0 destina\u00e7\u00e3o do milho na safra 2024\/25, \u00e9 estimado uma produ\u00e7\u00e3o de 800,4 milh\u00f5es de litros de etanol por Goi\u00e1s e de 7,8 bilh\u00f5es de litros a n\u00edvel nacional, crescimento de 19,2%* e de 32,4%*, respectivamente.<\/p>\n\n\n\n<p>No panorama internacional, as exporta\u00e7\u00f5es do milho tamb\u00e9m incluem derivados que agregam valor, como o amido de milho, farinha de milho, milho doce preparado e \u00f3leo de milho. Para Goi\u00e1s, dentre estes, destaca-se o \u00f3leo de milho, no qual o volume exportado de janeiro a julho foi vinte vezes maior frente ao registrado no mesmo per\u00edodo do ano anterior, alcan\u00e7ando 7,4 mil toneladas. No ranking das exporta\u00e7\u00f5es por estado desse derivado, Goi\u00e1s saiu do sexto lugar em 2024 para quarto lugar em 2025, demonstrando assim um cen\u00e1rio promissor para o setor.<\/p>\n\n\n\n<p><\/p>\n\n\n\n<details class=\"wp-block-details has-vivid-cyan-blue-color has-text-color has-link-color wp-elements-31e83cbf3425acc40616abae711cc82f is-layout-flow wp-block-details-is-layout-flow\"><summary><img decoding=\"async\" src=\"https:\/\/goias.gov.br\/agricultura\/wp-content\/uploads\/sites\/50\/2024\/06\/image-9.png\" alt=\"O atributo alt desta imagem est\u00e1 vazio. O nome do arquivo \u00e9 image-9.png\">&nbsp;COTA\u00c7\u00d5ES \u2013 Indicador do Milho Esalq\/BM&amp;FBOVESPA (R$\/saca 60kg)<\/summary>\n<p><\/p>\n\n\n\n<figure class=\"wp-block-image size-large\"><img fetchpriority=\"high\" decoding=\"async\" width=\"1024\" height=\"576\" src=\"https:\/\/goias.gov.br\/agricultura\/wp-content\/uploads\/sites\/50\/2025\/09\/image-36-1024x576.png\" alt=\"\" class=\"wp-image-64450\" srcset=\"https:\/\/goias.gov.br\/agricultura\/wp-content\/uploads\/sites\/50\/2025\/09\/image-36-1024x576.png 1024w, https:\/\/goias.gov.br\/agricultura\/wp-content\/uploads\/sites\/50\/2025\/09\/image-36-300x169.png 300w, https:\/\/goias.gov.br\/agricultura\/wp-content\/uploads\/sites\/50\/2025\/09\/image-36-768x432.png 768w, https:\/\/goias.gov.br\/agricultura\/wp-content\/uploads\/sites\/50\/2025\/09\/image-36.png 1092w\" sizes=\"(max-width: 1024px) 100vw, 1024px\" \/><\/figure>\n\n\n\n<p><\/p>\n<\/details>\n\n\n\n<details class=\"wp-block-details has-vivid-cyan-blue-color has-text-color has-link-color wp-elements-a276b024679130a181b92412fd59c30a is-layout-flow wp-block-details-is-layout-flow\"><summary><img decoding=\"async\" src=\"https:\/\/goias.gov.br\/agricultura\/wp-content\/uploads\/sites\/50\/2024\/06\/image-9.png\" alt=\"O atributo alt desta imagem est\u00e1 vazio. O nome do arquivo \u00e9 image-9.png\">&nbsp;SAFRA DE MILHO TOTAL 2024\/25<\/summary>\n<p><\/p>\n\n\n\n<figure class=\"wp-block-image size-large\"><img decoding=\"async\" width=\"1024\" height=\"263\" src=\"https:\/\/goias.gov.br\/agricultura\/wp-content\/uploads\/sites\/50\/2025\/09\/image-37-1024x263.png\" alt=\"\" class=\"wp-image-64451\" srcset=\"https:\/\/goias.gov.br\/agricultura\/wp-content\/uploads\/sites\/50\/2025\/09\/image-37-1024x263.png 1024w, https:\/\/goias.gov.br\/agricultura\/wp-content\/uploads\/sites\/50\/2025\/09\/image-37-300x77.png 300w, https:\/\/goias.gov.br\/agricultura\/wp-content\/uploads\/sites\/50\/2025\/09\/image-37-768x197.png 768w, https:\/\/goias.gov.br\/agricultura\/wp-content\/uploads\/sites\/50\/2025\/09\/image-37.png 1091w\" sizes=\"(max-width: 1024px) 100vw, 1024px\" \/><\/figure>\n\n\n\n<p><\/p>\n\n\n\n<figure class=\"wp-block-image size-large\"><img decoding=\"async\" width=\"1024\" height=\"976\" src=\"https:\/\/goias.gov.br\/agricultura\/wp-content\/uploads\/sites\/50\/2025\/09\/image-38-1024x976.png\" alt=\"\" class=\"wp-image-64452\" srcset=\"https:\/\/goias.gov.br\/agricultura\/wp-content\/uploads\/sites\/50\/2025\/09\/image-38-1024x976.png 1024w, https:\/\/goias.gov.br\/agricultura\/wp-content\/uploads\/sites\/50\/2025\/09\/image-38-300x286.png 300w, https:\/\/goias.gov.br\/agricultura\/wp-content\/uploads\/sites\/50\/2025\/09\/image-38-768x732.png 768w, https:\/\/goias.gov.br\/agricultura\/wp-content\/uploads\/sites\/50\/2025\/09\/image-38.png 1092w\" sizes=\"(max-width: 1024px) 100vw, 1024px\" \/><\/figure>\n\n\n\n<p><\/p>\n\n\n\n<figure class=\"wp-block-image size-large\"><img loading=\"lazy\" decoding=\"async\" width=\"1024\" height=\"480\" src=\"https:\/\/goias.gov.br\/agricultura\/wp-content\/uploads\/sites\/50\/2025\/09\/image-39-1024x480.png\" alt=\"\" class=\"wp-image-64453\" srcset=\"https:\/\/goias.gov.br\/agricultura\/wp-content\/uploads\/sites\/50\/2025\/09\/image-39-1024x480.png 1024w, https:\/\/goias.gov.br\/agricultura\/wp-content\/uploads\/sites\/50\/2025\/09\/image-39-300x141.png 300w, https:\/\/goias.gov.br\/agricultura\/wp-content\/uploads\/sites\/50\/2025\/09\/image-39-768x360.png 768w, https:\/\/goias.gov.br\/agricultura\/wp-content\/uploads\/sites\/50\/2025\/09\/image-39.png 1096w\" sizes=\"(max-width: 1024px) 100vw, 1024px\" \/><\/figure>\n\n\n\n<p><\/p>\n<\/details>\n\n\n\n<details class=\"wp-block-details has-vivid-cyan-blue-color has-text-color has-link-color wp-elements-84eff6f7744cc0310178bf46a4c05f5f is-layout-flow wp-block-details-is-layout-flow\"><summary><img decoding=\"async\" src=\"https:\/\/goias.gov.br\/agricultura\/wp-content\/uploads\/sites\/50\/2024\/06\/image-9.png\" alt=\"O atributo alt desta imagem est\u00e1 vazio. O nome do arquivo \u00e9 image-9.png\">&nbsp;GOI\u00c1S \u2013 VALOR BRUTO DA PRODU\u00c7\u00c3O DO MILHO (VBP) Estimativa 2025<\/summary>\n<p><\/p>\n\n\n\n<figure class=\"wp-block-image size-large\"><img loading=\"lazy\" decoding=\"async\" width=\"1024\" height=\"404\" src=\"https:\/\/goias.gov.br\/agricultura\/wp-content\/uploads\/sites\/50\/2025\/09\/image-40-1024x404.png\" alt=\"\" class=\"wp-image-64454\" srcset=\"https:\/\/goias.gov.br\/agricultura\/wp-content\/uploads\/sites\/50\/2025\/09\/image-40-1024x404.png 1024w, https:\/\/goias.gov.br\/agricultura\/wp-content\/uploads\/sites\/50\/2025\/09\/image-40-300x118.png 300w, https:\/\/goias.gov.br\/agricultura\/wp-content\/uploads\/sites\/50\/2025\/09\/image-40-768x303.png 768w, https:\/\/goias.gov.br\/agricultura\/wp-content\/uploads\/sites\/50\/2025\/09\/image-40.png 1100w\" sizes=\"(max-width: 1024px) 100vw, 1024px\" \/><\/figure>\n\n\n\n<p><\/p>\n<\/details>\n\n\n\n<details class=\"wp-block-details has-vivid-cyan-blue-color has-text-color has-link-color wp-elements-d847e7a4a230e0b1b3ed913bb49f57fe is-layout-flow wp-block-details-is-layout-flow\"><summary><img decoding=\"async\" src=\"https:\/\/goias.gov.br\/agricultura\/wp-content\/uploads\/sites\/50\/2024\/06\/image-9.png\" alt=\"O atributo alt desta imagem est\u00e1 vazio. O nome do arquivo \u00e9 image-9.png\">&nbsp;BRASIL \u2013 EXPORTA\u00c7\u00d5ES DO MILHO EM GR\u00c3O<\/summary>\n<p><\/p>\n\n\n\n<figure class=\"wp-block-image size-large\"><img loading=\"lazy\" decoding=\"async\" width=\"756\" height=\"1024\" src=\"https:\/\/goias.gov.br\/agricultura\/wp-content\/uploads\/sites\/50\/2025\/09\/image-41-756x1024.jpg\" alt=\"\" class=\"wp-image-64455\" srcset=\"https:\/\/goias.gov.br\/agricultura\/wp-content\/uploads\/sites\/50\/2025\/09\/image-41-756x1024.jpg 756w, https:\/\/goias.gov.br\/agricultura\/wp-content\/uploads\/sites\/50\/2025\/09\/image-41-221x300.jpg 221w, https:\/\/goias.gov.br\/agricultura\/wp-content\/uploads\/sites\/50\/2025\/09\/image-41-768x1041.jpg 768w, https:\/\/goias.gov.br\/agricultura\/wp-content\/uploads\/sites\/50\/2025\/09\/image-41.jpg 1112w\" sizes=\"(max-width: 756px) 100vw, 756px\" \/><\/figure>\n\n\n\n<p><\/p>\n\n\n\n<p><\/p>\n\n\n\n<figure class=\"wp-block-image size-large\"><img loading=\"lazy\" decoding=\"async\" width=\"1024\" height=\"68\" src=\"https:\/\/goias.gov.br\/agricultura\/wp-content\/uploads\/sites\/50\/2025\/08\/image-41-1024x68.png\" alt=\"\" class=\"wp-image-62829\" srcset=\"https:\/\/goias.gov.br\/agricultura\/wp-content\/uploads\/sites\/50\/2025\/08\/image-41-1024x68.png 1024w, https:\/\/goias.gov.br\/agricultura\/wp-content\/uploads\/sites\/50\/2025\/08\/image-41-300x20.png 300w, https:\/\/goias.gov.br\/agricultura\/wp-content\/uploads\/sites\/50\/2025\/08\/image-41-768x51.png 768w, https:\/\/goias.gov.br\/agricultura\/wp-content\/uploads\/sites\/50\/2025\/08\/image-41.png 1099w\" sizes=\"(max-width: 1024px) 100vw, 1024px\" \/><\/figure>\n\n\n\n<p><\/p>\n<\/details>\n\n\n\n<details class=\"wp-block-details has-vivid-cyan-blue-color has-text-color has-link-color wp-elements-7bf2b0670ebe6a262c58d345b7746c8e is-layout-flow wp-block-details-is-layout-flow\"><summary><img decoding=\"async\" src=\"https:\/\/goias.gov.br\/agricultura\/wp-content\/uploads\/sites\/50\/2024\/06\/image-9.png\" alt=\"O atributo alt desta imagem est\u00e1 vazio. O nome do arquivo \u00e9 image-9.png\">&nbsp;GOI\u00c1S \u2013 EXPORTA\u00c7\u00d5ES DO MILHO EM GR\u00c3O<\/summary>\n<p><\/p>\n\n\n\n<figure class=\"wp-block-image size-large\"><img loading=\"lazy\" decoding=\"async\" width=\"1024\" height=\"409\" src=\"https:\/\/goias.gov.br\/agricultura\/wp-content\/uploads\/sites\/50\/2025\/09\/image-41-1024x409.png\" alt=\"\" class=\"wp-image-64456\" srcset=\"https:\/\/goias.gov.br\/agricultura\/wp-content\/uploads\/sites\/50\/2025\/09\/image-41-1024x409.png 1024w, https:\/\/goias.gov.br\/agricultura\/wp-content\/uploads\/sites\/50\/2025\/09\/image-41-300x120.png 300w, https:\/\/goias.gov.br\/agricultura\/wp-content\/uploads\/sites\/50\/2025\/09\/image-41-768x307.png 768w, https:\/\/goias.gov.br\/agricultura\/wp-content\/uploads\/sites\/50\/2025\/09\/image-41.png 1100w\" sizes=\"(max-width: 1024px) 100vw, 1024px\" \/><\/figure>\n\n\n\n<p><\/p>\n\n\n\n<figure class=\"wp-block-image size-large\"><img loading=\"lazy\" decoding=\"async\" width=\"960\" height=\"1024\" src=\"https:\/\/goias.gov.br\/agricultura\/wp-content\/uploads\/sites\/50\/2025\/09\/image-42-960x1024.png\" alt=\"\" class=\"wp-image-64457\" srcset=\"https:\/\/goias.gov.br\/agricultura\/wp-content\/uploads\/sites\/50\/2025\/09\/image-42-960x1024.png 960w, https:\/\/goias.gov.br\/agricultura\/wp-content\/uploads\/sites\/50\/2025\/09\/image-42-281x300.png 281w, https:\/\/goias.gov.br\/agricultura\/wp-content\/uploads\/sites\/50\/2025\/09\/image-42-768x819.png 768w, https:\/\/goias.gov.br\/agricultura\/wp-content\/uploads\/sites\/50\/2025\/09\/image-42.png 1095w\" sizes=\"(max-width: 960px) 100vw, 960px\" \/><\/figure>\n\n\n\n<p><\/p>\n\n\n\n<figure class=\"wp-block-image size-large\"><img loading=\"lazy\" decoding=\"async\" width=\"1024\" height=\"789\" src=\"https:\/\/goias.gov.br\/agricultura\/wp-content\/uploads\/sites\/50\/2025\/09\/image-43-1024x789.png\" alt=\"\" class=\"wp-image-64458\" srcset=\"https:\/\/goias.gov.br\/agricultura\/wp-content\/uploads\/sites\/50\/2025\/09\/image-43-1024x789.png 1024w, https:\/\/goias.gov.br\/agricultura\/wp-content\/uploads\/sites\/50\/2025\/09\/image-43-300x231.png 300w, https:\/\/goias.gov.br\/agricultura\/wp-content\/uploads\/sites\/50\/2025\/09\/image-43-768x592.png 768w, https:\/\/goias.gov.br\/agricultura\/wp-content\/uploads\/sites\/50\/2025\/09\/image-43.png 1100w\" sizes=\"(max-width: 1024px) 100vw, 1024px\" \/><\/figure>\n\n\n\n<p><\/p>\n<\/details>\n\n\n\n<figure class=\"wp-block-image\"><a href=\"https:\/\/docs.google.com\/forms\/d\/e\/1FAIpQLSdyXGjUmk0KJiSDxOtezAWsI-NFfBfGX0kRMjGUpawkCPPpkg\/viewform\" target=\"_blank\" rel=\"noreferrer noopener\"><img loading=\"lazy\" decoding=\"async\" width=\"3307\" height=\"828\" src=\"https:\/\/goias.gov.br\/agricultura\/wp-content\/uploads\/sites\/50\/2024\/07\/barra_pesquisa-1.png\" alt=\"\" class=\"wp-image-18955\" \/><\/a><\/figure>\n\n\n\n<p><\/p>\n\n\n\n<p><\/p>\n\n\n\n<p><\/p>\n","protected":false},"excerpt":{"rendered":"<p>Em agosto, as cota\u00e7\u00f5es do milho seguiram em trajet\u00f3ria de queda, entretanto, alcan\u00e7aram n\u00edveis superiores aos observados nos dois \u00faltimos anos para esse per\u00edodo, registrando uma m\u00e9dia mensal de R$63,87\/saca (ver gr\u00e1fico da s\u00e9rie hist\u00f3rica de pre\u00e7os). Esse cen\u00e1rio pode ser atribu\u00eddo \u00e0 ampla oferta mundial do cereal, associada \u00e0 colheita da segunda safra no [&hellip;]<\/p>\n","protected":false},"author":295,"featured_media":0,"comment_status":"closed","ping_status":"open","sticky":false,"template":"","format":"standard","meta":{"footnotes":""},"categories":[38],"tags":[],"class_list":["post-64449","post","type-post","status-publish","format-standard","hentry","category-agro-em-dados-milho"],"rttpg_featured_image_url":null,"rttpg_author":{"display_name":"rafaelcorreia","author_link":"https:\/\/goias.gov.br\/agricultura\/author\/rafaelcorreia\/"},"rttpg_comment":0,"rttpg_category":"<a href=\"https:\/\/goias.gov.br\/agricultura\/categoria\/agro-em-dados-milho\/\" rel=\"category tag\">AGRO EM DADOS - MILHO<\/a>","rttpg_excerpt":"Em agosto, as cota\u00e7\u00f5es do milho seguiram em trajet\u00f3ria de queda, entretanto, alcan\u00e7aram n\u00edveis superiores aos observados nos dois \u00faltimos anos para esse per\u00edodo, registrando uma m\u00e9dia mensal de R$63,87\/saca (ver gr\u00e1fico da s\u00e9rie hist\u00f3rica de pre\u00e7os). Esse cen\u00e1rio pode ser atribu\u00eddo \u00e0 ampla oferta mundial do cereal, associada \u00e0 colheita da segunda safra no&hellip;","_links":{"self":[{"href":"https:\/\/goias.gov.br\/agricultura\/wp-json\/wp\/v2\/posts\/64449","targetHints":{"allow":["GET"]}}],"collection":[{"href":"https:\/\/goias.gov.br\/agricultura\/wp-json\/wp\/v2\/posts"}],"about":[{"href":"https:\/\/goias.gov.br\/agricultura\/wp-json\/wp\/v2\/types\/post"}],"author":[{"embeddable":true,"href":"https:\/\/goias.gov.br\/agricultura\/wp-json\/wp\/v2\/users\/295"}],"replies":[{"embeddable":true,"href":"https:\/\/goias.gov.br\/agricultura\/wp-json\/wp\/v2\/comments?post=64449"}],"version-history":[{"count":1,"href":"https:\/\/goias.gov.br\/agricultura\/wp-json\/wp\/v2\/posts\/64449\/revisions"}],"predecessor-version":[{"id":64459,"href":"https:\/\/goias.gov.br\/agricultura\/wp-json\/wp\/v2\/posts\/64449\/revisions\/64459"}],"wp:attachment":[{"href":"https:\/\/goias.gov.br\/agricultura\/wp-json\/wp\/v2\/media?parent=64449"}],"wp:term":[{"taxonomy":"category","embeddable":true,"href":"https:\/\/goias.gov.br\/agricultura\/wp-json\/wp\/v2\/categories?post=64449"},{"taxonomy":"post_tag","embeddable":true,"href":"https:\/\/goias.gov.br\/agricultura\/wp-json\/wp\/v2\/tags?post=64449"}],"curies":[{"name":"wp","href":"https:\/\/api.w.org\/{rel}","templated":true}]}}