

{"id":62812,"date":"2025-08-11T18:30:32","date_gmt":"2025-08-11T21:30:32","guid":{"rendered":"https:\/\/goias.gov.br\/agricultura\/?p=62812"},"modified":"2025-08-13T15:32:01","modified_gmt":"2025-08-13T18:32:01","slug":"soja-agro-em-dados-agosto-2025","status":"publish","type":"post","link":"https:\/\/goias.gov.br\/agricultura\/soja-agro-em-dados-agosto-2025\/","title":{"rendered":"SOJA \u2013 AGRO EM DADOS \/ AGOSTO 2025"},"content":{"rendered":"<div class=\"wp-block-image\">\n<figure class=\"aligncenter is-resized\"><a href=\"https:\/\/goias.gov.br\/agricultura\/soja-agro-em-dados-setembro-2024\/\" target=\"_blank\" rel=\"noreferrer noopener\"><img fetchpriority=\"high\" decoding=\"async\" width=\"1024\" height=\"332\" src=\"https:\/\/goias.gov.br\/agricultura\/wp-content\/uploads\/sites\/50\/2024\/12\/image-116.png\" alt=\"\" class=\"wp-image-37939\" style=\"width:400px\" srcset=\"https:\/\/goias.gov.br\/agricultura\/wp-content\/uploads\/sites\/50\/2024\/12\/image-116.png 1024w, https:\/\/goias.gov.br\/agricultura\/wp-content\/uploads\/sites\/50\/2024\/12\/image-116-300x97.png 300w, https:\/\/goias.gov.br\/agricultura\/wp-content\/uploads\/sites\/50\/2024\/12\/image-116-768x249.png 768w\" sizes=\"(max-width: 1024px) 100vw, 1024px\" \/><\/a><\/figure>\n<\/div>\n\n\n<p>O vazio sanit\u00e1rio em Goi\u00e1s, al\u00e9m de ser uma medida fitossanit\u00e1ria essencial, oferece uma oportunidade estrat\u00e9gica para os produtores reavaliarem suas decis\u00f5es de venda, armazenagem e custeio da pr\u00f3xima safra. Esse per\u00edodo refor\u00e7a a import\u00e2ncia de um planejamento cuidadoso para o segundo semestre, considerando vari\u00e1veis como pre\u00e7os, c\u00e2mbio, pr\u00eamios de exporta\u00e7\u00e3o e o cen\u00e1rio pol\u00edtico, que pode impactar diretamente as margens de comercializa\u00e7\u00e3o. Com isso, destaca-se o desempenho das exporta\u00e7\u00f5es no primeiro semestre de 2025: o Brasil embarcou 64,9 milh\u00f5es de toneladas de soja em gr\u00e3o, alta de 1,2% frente ao mesmo per\u00edodo de 2024, enquanto Goi\u00e1s contribuiu com 8,3 milh\u00f5es de toneladas, crescimento de 7,8%, evidenciando sua competitividade e relev\u00e2ncia nas exporta\u00e7\u00f5es nacionais. <\/p>\n\n\n\n<p>Em rela\u00e7\u00e3o aos derivados, \u00e9 constatado uma din\u00e2mica moldando o perfil exportador. Quanto ao farelo de soja, no primeiro semestre de 2025, o Brasil embarcou 11,5 milh\u00f5es de toneladas do subproduto, aumento de 1,1% frente ao mesmo intervalo do ano passado, de acordo com o Comex Stat. Nesse mesmo per\u00edodo, Goi\u00e1s participou com 1,2 milh\u00e3o de toneladas, com demanda de pa\u00edses da Uni\u00e3o Europeia e do Sudeste Asi\u00e1tico. A Alemanha, por exemplo, aumentou 15,3% no valor pago por tonelada de farelo de soja, intensificando suas aquisi\u00e7\u00f5es do subproduto goiano. O cen\u00e1rio corrobora a tend\u00eancia de maior industrializa\u00e7\u00e3o da oleaginosa no estado, que come\u00e7a a se consolidar como fornecedor estrat\u00e9gico de prote\u00edna vegetal para nutri\u00e7\u00e3o animal, agregando valor \u00e0 cadeia produtiva local.<\/p>\n\n\n\n<p>No mercado dom\u00e9stico, a expectativa de recupera\u00e7\u00e3o gradual nas cota\u00e7\u00f5es permanece moderada. O pre\u00e7o m\u00e9dio da soja em julho foi de R$136,89\/saca, segundo o CEPEA\/Esalq, com alta de 1,9% em rela\u00e7\u00e3o a junho, embora ainda abaixo dos patamares de 2024. A press\u00e3o exercida pela colheita robusta nos Estados Unidos e pela retomada parcial da safra argentina t\u00eam mantido os contratos da Bolsa de Chicago (CBOT) em patamares mais baixos, impactando diretamente os pre\u00e7os praticados nos portos brasileiros.<\/p>\n\n\n\n<p><\/p>\n\n\n\n<details class=\"wp-block-details has-vivid-cyan-blue-color has-text-color has-link-color wp-elements-3039aedc183ab453a1207648523af307 is-layout-flow wp-block-details-is-layout-flow\"><summary><img decoding=\"async\" src=\"https:\/\/goias.gov.br\/agricultura\/wp-content\/uploads\/sites\/50\/2024\/06\/image-9.png\" alt=\"O atributo alt desta imagem est\u00e1 vazio. O nome do arquivo \u00e9 image-9.png\">&nbsp;COTA\u00c7\u00d5ES \u2013 Indicador da Soja Esalq\/BM&amp;FBOVESPA-Paranagu\u00e1 (R$\/saca 60kg)<\/summary>\n<p><\/p>\n\n\n\n<figure class=\"wp-block-image size-large\"><img decoding=\"async\" width=\"1024\" height=\"608\" src=\"https:\/\/goias.gov.br\/agricultura\/wp-content\/uploads\/sites\/50\/2025\/07\/image-96-1024x608.png\" alt=\"\" class=\"wp-image-62813\" srcset=\"https:\/\/goias.gov.br\/agricultura\/wp-content\/uploads\/sites\/50\/2025\/07\/image-96-1024x608.png 1024w, https:\/\/goias.gov.br\/agricultura\/wp-content\/uploads\/sites\/50\/2025\/07\/image-96-300x178.png 300w, https:\/\/goias.gov.br\/agricultura\/wp-content\/uploads\/sites\/50\/2025\/07\/image-96-768x456.png 768w, https:\/\/goias.gov.br\/agricultura\/wp-content\/uploads\/sites\/50\/2025\/07\/image-96.png 1092w\" sizes=\"(max-width: 1024px) 100vw, 1024px\" \/><\/figure>\n\n\n\n<p><\/p>\n<\/details>\n\n\n\n<details class=\"wp-block-details has-vivid-cyan-blue-color has-text-color has-link-color wp-elements-214a7b6b2aa61fda82ed63aa5e2eb48b is-layout-flow wp-block-details-is-layout-flow\"><summary><img decoding=\"async\" src=\"https:\/\/goias.gov.br\/agricultura\/wp-content\/uploads\/sites\/50\/2024\/06\/image-9.png\" alt=\"O atributo alt desta imagem est\u00e1 vazio. O nome do arquivo \u00e9 image-9.png\">&nbsp;SAFRA DE SOJA 2024\/25<\/summary>\n<p><\/p>\n\n\n\n<figure class=\"wp-block-image size-large\"><img decoding=\"async\" width=\"1024\" height=\"285\" src=\"https:\/\/goias.gov.br\/agricultura\/wp-content\/uploads\/sites\/50\/2025\/07\/image-97-1024x285.png\" alt=\"\" class=\"wp-image-62814\" srcset=\"https:\/\/goias.gov.br\/agricultura\/wp-content\/uploads\/sites\/50\/2025\/07\/image-97-1024x285.png 1024w, https:\/\/goias.gov.br\/agricultura\/wp-content\/uploads\/sites\/50\/2025\/07\/image-97-300x83.png 300w, https:\/\/goias.gov.br\/agricultura\/wp-content\/uploads\/sites\/50\/2025\/07\/image-97-768x213.png 768w, https:\/\/goias.gov.br\/agricultura\/wp-content\/uploads\/sites\/50\/2025\/07\/image-97.png 1090w\" sizes=\"(max-width: 1024px) 100vw, 1024px\" \/><\/figure>\n\n\n\n<p><\/p>\n\n\n\n<figure class=\"wp-block-image size-large\"><img loading=\"lazy\" decoding=\"async\" width=\"1024\" height=\"648\" src=\"https:\/\/goias.gov.br\/agricultura\/wp-content\/uploads\/sites\/50\/2025\/07\/image-98-1024x648.png\" alt=\"\" class=\"wp-image-62815\" srcset=\"https:\/\/goias.gov.br\/agricultura\/wp-content\/uploads\/sites\/50\/2025\/07\/image-98-1024x648.png 1024w, https:\/\/goias.gov.br\/agricultura\/wp-content\/uploads\/sites\/50\/2025\/07\/image-98-300x190.png 300w, https:\/\/goias.gov.br\/agricultura\/wp-content\/uploads\/sites\/50\/2025\/07\/image-98-768x486.png 768w, https:\/\/goias.gov.br\/agricultura\/wp-content\/uploads\/sites\/50\/2025\/07\/image-98.png 1094w\" sizes=\"(max-width: 1024px) 100vw, 1024px\" \/><\/figure>\n\n\n\n<p><\/p>\n<\/details>\n\n\n\n<details class=\"wp-block-details has-vivid-cyan-blue-color has-text-color has-link-color wp-elements-23fb7d248384fd3317bc9b9fbc626477 is-layout-flow wp-block-details-is-layout-flow\"><summary><img decoding=\"async\" src=\"https:\/\/goias.gov.br\/agricultura\/wp-content\/uploads\/sites\/50\/2024\/06\/image-9.png\" alt=\"O atributo alt desta imagem est\u00e1 vazio. O nome do arquivo \u00e9 image-9.png\"> VALOR BRUTO DA PRODU\u00c7\u00c3O DA SOJA (VBP) &#8211; Estimativa 2025<\/summary>\n<p><\/p>\n\n\n\n<figure class=\"wp-block-image size-large\"><img loading=\"lazy\" decoding=\"async\" width=\"1024\" height=\"394\" src=\"https:\/\/goias.gov.br\/agricultura\/wp-content\/uploads\/sites\/50\/2025\/07\/image-99-1024x394.png\" alt=\"\" class=\"wp-image-62816\" srcset=\"https:\/\/goias.gov.br\/agricultura\/wp-content\/uploads\/sites\/50\/2025\/07\/image-99-1024x394.png 1024w, https:\/\/goias.gov.br\/agricultura\/wp-content\/uploads\/sites\/50\/2025\/07\/image-99-300x115.png 300w, https:\/\/goias.gov.br\/agricultura\/wp-content\/uploads\/sites\/50\/2025\/07\/image-99-768x296.png 768w, https:\/\/goias.gov.br\/agricultura\/wp-content\/uploads\/sites\/50\/2025\/07\/image-99.png 1094w\" sizes=\"(max-width: 1024px) 100vw, 1024px\" \/><\/figure>\n\n\n\n<p><\/p>\n<\/details>\n\n\n\n<details class=\"wp-block-details has-vivid-cyan-blue-color has-text-color has-link-color wp-elements-f95288e9a3c3abad20730269b64837cc is-layout-flow wp-block-details-is-layout-flow\"><summary><img decoding=\"async\" src=\"https:\/\/goias.gov.br\/agricultura\/wp-content\/uploads\/sites\/50\/2024\/06\/image-9.png\" alt=\"O atributo alt desta imagem est\u00e1 vazio. O nome do arquivo \u00e9 image-9.png\">&nbsp;BRASIL &#8211; EXPORTA\u00c7\u00d5ES DO COMPLEXO SOJA<\/summary>\n<p><\/p>\n\n\n\n<figure class=\"wp-block-image size-large\"><img loading=\"lazy\" decoding=\"async\" width=\"1024\" height=\"875\" src=\"https:\/\/goias.gov.br\/agricultura\/wp-content\/uploads\/sites\/50\/2025\/07\/image-100-1024x875.png\" alt=\"\" class=\"wp-image-62817\" srcset=\"https:\/\/goias.gov.br\/agricultura\/wp-content\/uploads\/sites\/50\/2025\/07\/image-100-1024x875.png 1024w, https:\/\/goias.gov.br\/agricultura\/wp-content\/uploads\/sites\/50\/2025\/07\/image-100-300x256.png 300w, https:\/\/goias.gov.br\/agricultura\/wp-content\/uploads\/sites\/50\/2025\/07\/image-100-768x656.png 768w, https:\/\/goias.gov.br\/agricultura\/wp-content\/uploads\/sites\/50\/2025\/07\/image-100.png 1091w\" sizes=\"(max-width: 1024px) 100vw, 1024px\" \/><\/figure>\n\n\n\n<p><\/p>\n<\/details>\n\n\n\n<details class=\"wp-block-details has-vivid-cyan-blue-color has-text-color has-link-color wp-elements-390e5af0dd0d3d2c856a7841847b25f1 is-layout-flow wp-block-details-is-layout-flow\"><summary><img decoding=\"async\" src=\"https:\/\/goias.gov.br\/agricultura\/wp-content\/uploads\/sites\/50\/2024\/06\/image-9.png\" alt=\"O atributo alt desta imagem est\u00e1 vazio. O nome do arquivo \u00e9 image-9.png\">&nbsp;GOI\u00c1S &#8211; EXPORTA\u00c7\u00d5ES DO COMPLEXO SOJA<\/summary>\n<p><\/p>\n\n\n\n<figure class=\"wp-block-image size-large\"><img loading=\"lazy\" decoding=\"async\" width=\"1024\" height=\"1008\" src=\"https:\/\/goias.gov.br\/agricultura\/wp-content\/uploads\/sites\/50\/2025\/07\/image-101-1024x1008.png\" alt=\"\" class=\"wp-image-62818\" srcset=\"https:\/\/goias.gov.br\/agricultura\/wp-content\/uploads\/sites\/50\/2025\/07\/image-101-1024x1008.png 1024w, https:\/\/goias.gov.br\/agricultura\/wp-content\/uploads\/sites\/50\/2025\/07\/image-101-300x295.png 300w, https:\/\/goias.gov.br\/agricultura\/wp-content\/uploads\/sites\/50\/2025\/07\/image-101-768x756.png 768w, https:\/\/goias.gov.br\/agricultura\/wp-content\/uploads\/sites\/50\/2025\/07\/image-101.png 1097w\" sizes=\"(max-width: 1024px) 100vw, 1024px\" \/><\/figure>\n\n\n\n<p><\/p>\n\n\n\n<figure class=\"wp-block-image size-large\"><img loading=\"lazy\" decoding=\"async\" width=\"1024\" height=\"894\" src=\"https:\/\/goias.gov.br\/agricultura\/wp-content\/uploads\/sites\/50\/2025\/07\/image-102-1024x894.png\" alt=\"\" class=\"wp-image-62819\" srcset=\"https:\/\/goias.gov.br\/agricultura\/wp-content\/uploads\/sites\/50\/2025\/07\/image-102-1024x894.png 1024w, https:\/\/goias.gov.br\/agricultura\/wp-content\/uploads\/sites\/50\/2025\/07\/image-102-300x262.png 300w, https:\/\/goias.gov.br\/agricultura\/wp-content\/uploads\/sites\/50\/2025\/07\/image-102-768x670.png 768w, https:\/\/goias.gov.br\/agricultura\/wp-content\/uploads\/sites\/50\/2025\/07\/image-102.png 1093w\" sizes=\"(max-width: 1024px) 100vw, 1024px\" \/><\/figure>\n\n\n\n<p><\/p>\n\n\n\n<p><\/p>\n<\/details>\n\n\n\n<details class=\"wp-block-details is-layout-flow wp-block-details-is-layout-flow\"><summary><\/summary>\n<p><\/p>\n<\/details>\n\n\n\n<figure class=\"wp-block-image\"><a href=\"https:\/\/docs.google.com\/forms\/d\/e\/1FAIpQLSdyXGjUmk0KJiSDxOtezAWsI-NFfBfGX0kRMjGUpawkCPPpkg\/viewform\"><img loading=\"lazy\" decoding=\"async\" width=\"2560\" height=\"641\" src=\"https:\/\/goias.gov.br\/agricultura\/wp-content\/uploads\/sites\/50\/2024\/12\/image-117-scaled.jpg\" alt=\"O atributo alt desta imagem est\u00e1 vazio. O nome do arquivo \u00e9 barra_pesquisa-1.png\" class=\"wp-image-37940\" srcset=\"https:\/\/goias.gov.br\/agricultura\/wp-content\/uploads\/sites\/50\/2024\/12\/image-117-scaled.jpg 2560w, https:\/\/goias.gov.br\/agricultura\/wp-content\/uploads\/sites\/50\/2024\/12\/image-117-300x75.jpg 300w, https:\/\/goias.gov.br\/agricultura\/wp-content\/uploads\/sites\/50\/2024\/12\/image-117-1024x256.jpg 1024w, https:\/\/goias.gov.br\/agricultura\/wp-content\/uploads\/sites\/50\/2024\/12\/image-117-768x192.jpg 768w, https:\/\/goias.gov.br\/agricultura\/wp-content\/uploads\/sites\/50\/2024\/12\/image-117-1536x385.jpg 1536w, https:\/\/goias.gov.br\/agricultura\/wp-content\/uploads\/sites\/50\/2024\/12\/image-117-2048x513.jpg 2048w\" sizes=\"(max-width: 2560px) 100vw, 2560px\" \/><\/a><\/figure>\n\n\n\n<p><\/p>\n","protected":false},"excerpt":{"rendered":"<p>O vazio sanit\u00e1rio em Goi\u00e1s, al\u00e9m de ser uma medida fitossanit\u00e1ria essencial, oferece uma oportunidade estrat\u00e9gica para os produtores reavaliarem suas decis\u00f5es de venda, armazenagem e custeio da pr\u00f3xima safra. Esse per\u00edodo refor\u00e7a a import\u00e2ncia de um planejamento cuidadoso para o segundo semestre, considerando vari\u00e1veis como pre\u00e7os, c\u00e2mbio, pr\u00eamios de exporta\u00e7\u00e3o e o cen\u00e1rio pol\u00edtico, [&hellip;]<\/p>\n","protected":false},"author":295,"featured_media":0,"comment_status":"closed","ping_status":"open","sticky":false,"template":"","format":"standard","meta":{"footnotes":""},"categories":[37],"tags":[],"class_list":["post-62812","post","type-post","status-publish","format-standard","hentry","category-agro-em-dados-soja"],"rttpg_featured_image_url":null,"rttpg_author":{"display_name":"rafaelcorreia","author_link":"https:\/\/goias.gov.br\/agricultura\/author\/rafaelcorreia\/"},"rttpg_comment":0,"rttpg_category":"<a href=\"https:\/\/goias.gov.br\/agricultura\/categoria\/agro-em-dados-soja\/\" rel=\"category tag\">AGRO EM DADOS - SOJA<\/a>","rttpg_excerpt":"O vazio sanit\u00e1rio em Goi\u00e1s, al\u00e9m de ser uma medida fitossanit\u00e1ria essencial, oferece uma oportunidade estrat\u00e9gica para os produtores reavaliarem suas decis\u00f5es de venda, armazenagem e custeio da pr\u00f3xima safra. Esse per\u00edodo refor\u00e7a a import\u00e2ncia de um planejamento cuidadoso para o segundo semestre, considerando vari\u00e1veis como pre\u00e7os, c\u00e2mbio, pr\u00eamios de exporta\u00e7\u00e3o e o cen\u00e1rio pol\u00edtico,&hellip;","_links":{"self":[{"href":"https:\/\/goias.gov.br\/agricultura\/wp-json\/wp\/v2\/posts\/62812","targetHints":{"allow":["GET"]}}],"collection":[{"href":"https:\/\/goias.gov.br\/agricultura\/wp-json\/wp\/v2\/posts"}],"about":[{"href":"https:\/\/goias.gov.br\/agricultura\/wp-json\/wp\/v2\/types\/post"}],"author":[{"embeddable":true,"href":"https:\/\/goias.gov.br\/agricultura\/wp-json\/wp\/v2\/users\/295"}],"replies":[{"embeddable":true,"href":"https:\/\/goias.gov.br\/agricultura\/wp-json\/wp\/v2\/comments?post=62812"}],"version-history":[{"count":2,"href":"https:\/\/goias.gov.br\/agricultura\/wp-json\/wp\/v2\/posts\/62812\/revisions"}],"predecessor-version":[{"id":63044,"href":"https:\/\/goias.gov.br\/agricultura\/wp-json\/wp\/v2\/posts\/62812\/revisions\/63044"}],"wp:attachment":[{"href":"https:\/\/goias.gov.br\/agricultura\/wp-json\/wp\/v2\/media?parent=62812"}],"wp:term":[{"taxonomy":"category","embeddable":true,"href":"https:\/\/goias.gov.br\/agricultura\/wp-json\/wp\/v2\/categories?post=62812"},{"taxonomy":"post_tag","embeddable":true,"href":"https:\/\/goias.gov.br\/agricultura\/wp-json\/wp\/v2\/tags?post=62812"}],"curies":[{"name":"wp","href":"https:\/\/api.w.org\/{rel}","templated":true}]}}