

{"id":56365,"date":"2025-06-06T18:01:08","date_gmt":"2025-06-06T21:01:08","guid":{"rendered":"https:\/\/goias.gov.br\/agricultura\/?p=56365"},"modified":"2025-06-06T18:01:11","modified_gmt":"2025-06-06T21:01:11","slug":"suinos-agro-em-dados-junho-2025","status":"publish","type":"post","link":"https:\/\/goias.gov.br\/agricultura\/suinos-agro-em-dados-junho-2025\/","title":{"rendered":"SU\u00cdNOS \u2013 AGRO EM DADOS \/ JUNHO 2025"},"content":{"rendered":"<div class=\"wp-block-image\">\n<figure class=\"aligncenter is-resized\"><a href=\"https:\/\/goias.gov.br\/agricultura\/suinos-agro-em-dados-setembro-2024\/\" target=\"_blank\" rel=\"noreferrer noopener\"><img fetchpriority=\"high\" decoding=\"async\" width=\"1024\" height=\"331\" src=\"https:\/\/goias.gov.br\/agricultura\/wp-content\/uploads\/sites\/50\/2024\/12\/image-115.png\" alt=\"\" class=\"wp-image-37787\" style=\"width:400px\" srcset=\"https:\/\/goias.gov.br\/agricultura\/wp-content\/uploads\/sites\/50\/2024\/12\/image-115.png 1024w, https:\/\/goias.gov.br\/agricultura\/wp-content\/uploads\/sites\/50\/2024\/12\/image-115-300x97.png 300w, https:\/\/goias.gov.br\/agricultura\/wp-content\/uploads\/sites\/50\/2024\/12\/image-115-768x248.png 768w\" sizes=\"(max-width: 1024px) 100vw, 1024px\" \/><\/a><\/figure>\n<\/div>\n\n\n<p>No mercado interno, a carne su\u00edna perdeu competitividade em rela\u00e7\u00e3o \u00e0 carne de frango no m\u00eas de maio. Na m\u00e9dia mensal, o pre\u00e7o da carca\u00e7a especial su\u00edna no atacado* elevou-se em 2,4% em rela\u00e7\u00e3o ao m\u00eas anterior, comercializada a R$12,74\/kg. Na mesma base de compara\u00e7\u00e3o, a carne de frango resfriada apresentou queda de 0,4% e a congelada de 0,7% .<\/p>\n\n\n\n<p>No mercado externo, em abril, o Brasil alcan\u00e7ou mais um recorde nas exporta\u00e7\u00f5es de carne su\u00edna, foram 123,0 mil toneladas embarcadas no valor de US$294,8 milh\u00f5es, crescimento de 14,1% e 24,1% respectivamente, quando comparado ao ano anterior. Para Goi\u00e1s, nesse per\u00edodo foi registrado o melhor desempenho para um m\u00eas de abril desde 2017.<\/p>\n\n\n\n<p>Ademais, em rela\u00e7\u00e3o aos destinos da carne su\u00edna goiana, destaca-se Hong Kong, com a importa\u00e7\u00e3o de 158,4 toneladas no acumulado de janeiro a abril, enquanto que em 2024 as aquisi\u00e7\u00f5es se concentraram no segundo semestre do ano. O pa\u00eds asi\u00e1tico configura-se como um mercado em ascens\u00e3o, visto que, atualmente, ocupa a quarta posi\u00e7\u00e3o no ranking dos destinos das exporta\u00e7\u00f5es brasileiras e, para Goi\u00e1s, est\u00e1 na quinta coloca\u00e7\u00e3o.<\/p>\n\n\n\n<p>Para 2025, a proje\u00e7\u00e3o \u00e9 de acr\u00e9scimo de 3,3% na disponibilidade interna de carne su\u00edna, acompanhando o crescimento da popula\u00e7\u00e3o, de acordo com a Conab. Para o mercado externo, \u00e9 esperado um aumento anual de 2,8% nas exporta\u00e7\u00f5es da prote\u00edna. Esse cen\u00e1rio j\u00e1 pode ser observado no bom desempenho das exporta\u00e7\u00f5es brasileiras e goianas no acumulado do ano, com acr\u00e9scimo no volume exportado de 16,8%** para o Brasil e de 17,2%** para Goi\u00e1s.<\/p>\n\n\n\n<p><\/p>\n\n\n\n<details class=\"wp-block-details has-vivid-cyan-blue-color has-text-color has-link-color wp-elements-3047825981aedf075207de5f206c1df0 is-layout-flow wp-block-details-is-layout-flow\"><summary><img decoding=\"async\" src=\"https:\/\/goias.gov.br\/agricultura\/wp-content\/uploads\/sites\/50\/2024\/06\/image-9.png\" alt=\"O atributo alt desta imagem est\u00e1 vazio. O nome do arquivo \u00e9 image-9.png\">&nbsp;COTA\u00c7\u00d5ES \u2013 Indicador do Su\u00edno Vivo Cepea\/Esalq-SP (R$\/Kg)<\/summary>\n<p><\/p>\n\n\n\n<figure class=\"wp-block-image size-full\"><img decoding=\"async\" width=\"731\" height=\"366\" src=\"https:\/\/goias.gov.br\/agricultura\/wp-content\/uploads\/sites\/50\/2025\/06\/image-11.png\" alt=\"\" class=\"wp-image-56366\" srcset=\"https:\/\/goias.gov.br\/agricultura\/wp-content\/uploads\/sites\/50\/2025\/06\/image-11.png 731w, https:\/\/goias.gov.br\/agricultura\/wp-content\/uploads\/sites\/50\/2025\/06\/image-11-300x150.png 300w\" sizes=\"(max-width: 731px) 100vw, 731px\" \/><\/figure>\n\n\n\n<p><\/p>\n\n\n\n<p><\/p>\n<\/details>\n\n\n\n<details class=\"wp-block-details has-vivid-cyan-blue-color has-text-color has-link-color wp-elements-ae76f57baabc5333742e63d21e455072 is-layout-flow wp-block-details-is-layout-flow\"><summary><img decoding=\"async\" src=\"https:\/\/goias.gov.br\/agricultura\/wp-content\/uploads\/sites\/50\/2024\/06\/image-9.png\" alt=\"O atributo alt desta imagem est\u00e1 vazio. O nome do arquivo \u00e9 image-9.png\">\u00a0ABATES DE SU\u00cdNOS<\/summary>\n<p><\/p>\n\n\n\n<figure class=\"wp-block-image size-full\"><img decoding=\"async\" width=\"723\" height=\"639\" src=\"https:\/\/goias.gov.br\/agricultura\/wp-content\/uploads\/sites\/50\/2025\/06\/image-12.png\" alt=\"\" class=\"wp-image-56367\" srcset=\"https:\/\/goias.gov.br\/agricultura\/wp-content\/uploads\/sites\/50\/2025\/06\/image-12.png 723w, https:\/\/goias.gov.br\/agricultura\/wp-content\/uploads\/sites\/50\/2025\/06\/image-12-300x265.png 300w\" sizes=\"(max-width: 723px) 100vw, 723px\" \/><\/figure>\n\n\n\n<p><\/p>\n\n\n\n<figure class=\"wp-block-image size-full\"><img loading=\"lazy\" decoding=\"async\" width=\"732\" height=\"341\" src=\"https:\/\/goias.gov.br\/agricultura\/wp-content\/uploads\/sites\/50\/2025\/06\/image-13.png\" alt=\"\" class=\"wp-image-56368\" srcset=\"https:\/\/goias.gov.br\/agricultura\/wp-content\/uploads\/sites\/50\/2025\/06\/image-13.png 732w, https:\/\/goias.gov.br\/agricultura\/wp-content\/uploads\/sites\/50\/2025\/06\/image-13-300x140.png 300w\" sizes=\"(max-width: 732px) 100vw, 732px\" \/><\/figure>\n\n\n\n<p><\/p>\n\n\n\n<p><\/p>\n\n\n\n<p><\/p>\n<\/details>\n\n\n\n<details class=\"wp-block-details has-vivid-cyan-blue-color has-text-color has-link-color wp-elements-f57a26a872c2315b5353fcb3daa8f336 is-layout-flow wp-block-details-is-layout-flow\"><summary><img decoding=\"async\" src=\"https:\/\/goias.gov.br\/agricultura\/wp-content\/uploads\/sites\/50\/2024\/06\/image-9.png\" alt=\"O atributo alt desta imagem est\u00e1 vazio. O nome do arquivo \u00e9 image-9.png\">&nbsp;VALOR BRUTO DA PRODU\u00c7\u00c3O DE SU\u00cdNOS (VBP) \u2013 Estimativa 2024<\/summary>\n<p><\/p>\n\n\n\n<figure class=\"wp-block-image size-full\"><img loading=\"lazy\" decoding=\"async\" width=\"734\" height=\"299\" src=\"https:\/\/goias.gov.br\/agricultura\/wp-content\/uploads\/sites\/50\/2025\/06\/image-14.png\" alt=\"\" class=\"wp-image-56369\" srcset=\"https:\/\/goias.gov.br\/agricultura\/wp-content\/uploads\/sites\/50\/2025\/06\/image-14.png 734w, https:\/\/goias.gov.br\/agricultura\/wp-content\/uploads\/sites\/50\/2025\/06\/image-14-300x122.png 300w\" sizes=\"(max-width: 734px) 100vw, 734px\" \/><\/figure>\n\n\n\n<p><\/p>\n\n\n\n<p><\/p>\n<\/details>\n\n\n\n<details class=\"wp-block-details has-vivid-cyan-blue-color has-text-color has-link-color wp-elements-540cc0ee091934e4be00755b3ce50dac is-layout-flow wp-block-details-is-layout-flow\"><summary><img decoding=\"async\" src=\"https:\/\/goias.gov.br\/agricultura\/wp-content\/uploads\/sites\/50\/2024\/06\/image-9.png\" alt=\"O atributo alt desta imagem est\u00e1 vazio. O nome do arquivo \u00e9 image-9.png\">&nbsp;BRASIL \u2013 EXPORTA\u00c7\u00d5ES DE CARNE SU\u00cdNA<\/summary>\n<p><\/p>\n\n\n\n<figure class=\"wp-block-image size-full\"><img loading=\"lazy\" decoding=\"async\" width=\"730\" height=\"702\" src=\"https:\/\/goias.gov.br\/agricultura\/wp-content\/uploads\/sites\/50\/2025\/06\/image-15.png\" alt=\"\" class=\"wp-image-56370\" srcset=\"https:\/\/goias.gov.br\/agricultura\/wp-content\/uploads\/sites\/50\/2025\/06\/image-15.png 730w, https:\/\/goias.gov.br\/agricultura\/wp-content\/uploads\/sites\/50\/2025\/06\/image-15-300x288.png 300w\" sizes=\"(max-width: 730px) 100vw, 730px\" \/><\/figure>\n\n\n\n<p><\/p>\n\n\n\n<p><\/p>\n\n\n\n<p><\/p>\n<\/details>\n\n\n\n<details class=\"wp-block-details has-vivid-cyan-blue-color has-text-color has-link-color wp-elements-3b70f7e16b885d56bb101c69cd77695d is-layout-flow wp-block-details-is-layout-flow\"><summary><img decoding=\"async\" src=\"https:\/\/goias.gov.br\/agricultura\/wp-content\/uploads\/sites\/50\/2024\/06\/image-9.png\" alt=\"O atributo alt desta imagem est\u00e1 vazio. O nome do arquivo \u00e9 image-9.png\">&nbsp;GOI\u00c1S \u2013 EXPORTA\u00c7\u00d5ES DE CARNE SU\u00cdNA<\/summary>\n<p><\/p>\n\n\n\n<figure class=\"wp-block-image size-full\"><img loading=\"lazy\" decoding=\"async\" width=\"731\" height=\"786\" src=\"https:\/\/goias.gov.br\/agricultura\/wp-content\/uploads\/sites\/50\/2025\/06\/image-16.png\" alt=\"\" class=\"wp-image-56371\" srcset=\"https:\/\/goias.gov.br\/agricultura\/wp-content\/uploads\/sites\/50\/2025\/06\/image-16.png 731w, https:\/\/goias.gov.br\/agricultura\/wp-content\/uploads\/sites\/50\/2025\/06\/image-16-279x300.png 279w\" sizes=\"(max-width: 731px) 100vw, 731px\" \/><\/figure>\n\n\n\n<p><\/p>\n\n\n\n<figure class=\"wp-block-image size-full\"><img loading=\"lazy\" decoding=\"async\" width=\"730\" height=\"561\" src=\"https:\/\/goias.gov.br\/agricultura\/wp-content\/uploads\/sites\/50\/2025\/06\/image-17.png\" alt=\"\" class=\"wp-image-56372\" srcset=\"https:\/\/goias.gov.br\/agricultura\/wp-content\/uploads\/sites\/50\/2025\/06\/image-17.png 730w, https:\/\/goias.gov.br\/agricultura\/wp-content\/uploads\/sites\/50\/2025\/06\/image-17-300x231.png 300w\" sizes=\"(max-width: 730px) 100vw, 730px\" \/><\/figure>\n\n\n\n<p><\/p>\n\n\n\n<p><\/p>\n\n\n\n<p><\/p>\n\n\n\n<p><\/p>\n\n\n\n<p><\/p>\n\n\n\n<p><\/p>\n<\/details>\n\n\n\n<figure class=\"wp-block-image\"><a href=\"https:\/\/docs.google.com\/forms\/d\/e\/1FAIpQLSdyXGjUmk0KJiSDxOtezAWsI-NFfBfGX0kRMjGUpawkCPPpkg\/viewform\" target=\"_blank\" rel=\"noreferrer noopener\"><img loading=\"lazy\" decoding=\"async\" width=\"3307\" height=\"828\" src=\"https:\/\/goias.gov.br\/agricultura\/wp-content\/uploads\/sites\/50\/2024\/07\/barra_pesquisa-1.png\" alt=\"\" class=\"wp-image-18955\" \/><\/a><\/figure>\n\n\n\n<p><\/p>\n\n\n\n<p><\/p>\n","protected":false},"excerpt":{"rendered":"<p>No mercado interno, a carne su\u00edna perdeu competitividade em rela\u00e7\u00e3o \u00e0 carne de frango no m\u00eas de maio. Na m\u00e9dia mensal, o pre\u00e7o da carca\u00e7a especial su\u00edna no atacado* elevou-se em 2,4% em rela\u00e7\u00e3o ao m\u00eas anterior, comercializada a R$12,74\/kg. Na mesma base de compara\u00e7\u00e3o, a carne de frango resfriada apresentou queda de 0,4% e [&hellip;]<\/p>\n","protected":false},"author":295,"featured_media":0,"comment_status":"closed","ping_status":"open","sticky":false,"template":"","format":"standard","meta":{"footnotes":""},"categories":[34],"tags":[],"class_list":["post-56365","post","type-post","status-publish","format-standard","hentry","category-agro-em-dados-suinos"],"rttpg_featured_image_url":null,"rttpg_author":{"display_name":"rafaelcorreia","author_link":"https:\/\/goias.gov.br\/agricultura\/author\/rafaelcorreia\/"},"rttpg_comment":0,"rttpg_category":"<a href=\"https:\/\/goias.gov.br\/agricultura\/categoria\/agro-em-dados-suinos\/\" rel=\"category tag\">AGRO EM DADOS - SU\u00cdNOS<\/a>","rttpg_excerpt":"No mercado interno, a carne su\u00edna perdeu competitividade em rela\u00e7\u00e3o \u00e0 carne de frango no m\u00eas de maio. Na m\u00e9dia mensal, o pre\u00e7o da carca\u00e7a especial su\u00edna no atacado* elevou-se em 2,4% em rela\u00e7\u00e3o ao m\u00eas anterior, comercializada a R$12,74\/kg. Na mesma base de compara\u00e7\u00e3o, a carne de frango resfriada apresentou queda de 0,4% e&hellip;","_links":{"self":[{"href":"https:\/\/goias.gov.br\/agricultura\/wp-json\/wp\/v2\/posts\/56365","targetHints":{"allow":["GET"]}}],"collection":[{"href":"https:\/\/goias.gov.br\/agricultura\/wp-json\/wp\/v2\/posts"}],"about":[{"href":"https:\/\/goias.gov.br\/agricultura\/wp-json\/wp\/v2\/types\/post"}],"author":[{"embeddable":true,"href":"https:\/\/goias.gov.br\/agricultura\/wp-json\/wp\/v2\/users\/295"}],"replies":[{"embeddable":true,"href":"https:\/\/goias.gov.br\/agricultura\/wp-json\/wp\/v2\/comments?post=56365"}],"version-history":[{"count":1,"href":"https:\/\/goias.gov.br\/agricultura\/wp-json\/wp\/v2\/posts\/56365\/revisions"}],"predecessor-version":[{"id":56373,"href":"https:\/\/goias.gov.br\/agricultura\/wp-json\/wp\/v2\/posts\/56365\/revisions\/56373"}],"wp:attachment":[{"href":"https:\/\/goias.gov.br\/agricultura\/wp-json\/wp\/v2\/media?parent=56365"}],"wp:term":[{"taxonomy":"category","embeddable":true,"href":"https:\/\/goias.gov.br\/agricultura\/wp-json\/wp\/v2\/categories?post=56365"},{"taxonomy":"post_tag","embeddable":true,"href":"https:\/\/goias.gov.br\/agricultura\/wp-json\/wp\/v2\/tags?post=56365"}],"curies":[{"name":"wp","href":"https:\/\/api.w.org\/{rel}","templated":true}]}}