

{"id":5485,"date":"2019-05-22T16:09:33","date_gmt":"2019-05-22T19:09:33","guid":{"rendered":"https:\/\/siteshom.goias.gov.br\/agricultura\/secretario-de-agricultura-antonio-carlos-e-eleito-vice-presidente-do-conseagri\/"},"modified":"2019-05-22T16:09:33","modified_gmt":"2019-05-22T19:09:33","slug":"secretario-de-agricultura-antonio-carlos-e-eleito-vice-presidente-do-conseagri","status":"publish","type":"post","link":"https:\/\/goias.gov.br\/agricultura\/secretario-de-agricultura-antonio-carlos-e-eleito-vice-presidente-do-conseagri\/","title":{"rendered":"Secret\u00e1rio de Agricultura Ant\u00f4nio Carlos \u00e9 eleito vice-presidente do Conseagri"},"content":{"rendered":"<p style=\"text-align: center;\"><img fetchpriority=\"high\" decoding=\"async\" class=\" size-full wp-image-5484\" alt=\"\" id=\"\" src=\"https:\/\/goias.gov.br\/agricultura\/wp-content\/uploads\/sites\/50\/2019\/05\/2205Conseagri-27b.jpeg\" title=\"\" width=\"1040\" height=\"780\" srcset=\"https:\/\/goias.gov.br\/agricultura\/wp-content\/uploads\/sites\/50\/2019\/05\/2205Conseagri-27b.jpeg 1040w, https:\/\/goias.gov.br\/agricultura\/wp-content\/uploads\/sites\/50\/2019\/05\/2205Conseagri-27b-300x225.jpeg 300w, https:\/\/goias.gov.br\/agricultura\/wp-content\/uploads\/sites\/50\/2019\/05\/2205Conseagri-27b-1024x768.jpeg 1024w, https:\/\/goias.gov.br\/agricultura\/wp-content\/uploads\/sites\/50\/2019\/05\/2205Conseagri-27b-768x576.jpeg 768w, https:\/\/goias.gov.br\/agricultura\/wp-content\/uploads\/sites\/50\/2019\/05\/2205Conseagri-27b-600x450.jpeg 600w\" sizes=\"(max-width: 1040px) 100vw, 1040px\" \/><em>Elei&ccedil;&atilde;o ocorreu durante encontro dos secret&aacute;rios de Agricultura dos estados e do Distrito Federal, em Bras&iacute;lia.&nbsp;<br \/>\nEle assume o cargo para os pr&oacute;ximos dois anos<\/em><\/p>\n<p>O secret&aacute;rio de Estado de Agricultura, Pecu&aacute;ria e Abastecimento, Ant&ocirc;nio Carlos de Souza Lima Neto, foi eleito nesta quarta-feira, 22 de maio, em Bras&iacute;lia (DF), vice-presidente do Conselho Nacional dos Secret&aacute;rios de Estado de Agricultura (Conseagri), representando a regi&atilde;o Centro-Oeste. J&aacute; o secret&aacute;rio da Para&iacute;ba, Efraim Morais, assume a presid&ecirc;ncia do Conselho. A elei&ccedil;&atilde;o da nova diretoria para o pr&oacute;ximo bi&ecirc;nio (2019\/2020) ocorreu durante reuni&atilde;o na capital federal, com a presen&ccedil;a de todos os secret&aacute;rios de Agricultura dos estados brasileiros e do Distrito Federal.<\/p>\n<p>Al&eacute;m da elei&ccedil;&atilde;o, os participantes discutiram temas ligados ao segmento agropecu&aacute;rio, que contribuir&atilde;o para o desenvolvimento de a&ccedil;&otilde;es e projetos nos estados e no Pa&iacute;s. Entre os assuntos debatidos neste primeiro encontro de 2019 &ndash; e que ser&atilde;o levados para a ministra de Agricultura, Pecu&aacute;ria e Abastecimento, Tereza Cristina -, est&atilde;o estrutura da defesa animal e vegetal, fortalecimento da assist&ecirc;ncia t&eacute;cnica e extens&atilde;o rural, cr&eacute;dito rural e regulariza&ccedil;&atilde;o fundi&aacute;ria.&nbsp;<\/p>\n<p><strong>Conseagri<\/strong><br \/>\nO Conselho Nacional dos Secret&aacute;rios de Estado de Agricultura (Conseagri) &eacute; uma unidade colegiada deliberativa, que tem por finalidade decidir sobre todos os assuntos pertinentes ao desenvolvimento rural e agr&aacute;rio do Pa&iacute;s, envolvendo a promo&ccedil;&atilde;o da integra&ccedil;&atilde;o e da interlocu&ccedil;&atilde;o entre as Secretarias de Estado e do Distrito Federal, estabelecimento de normas uniformes e harm&ocirc;nicas de operacionaliza&ccedil;&atilde;o de um mesmo e complexo assunto que venha a afetar os setores rural e agr&aacute;rio em &acirc;mbito nacional, assim como propiciar e intermediar a coopera&ccedil;&atilde;o t&eacute;cnica e a troca de experi&ecirc;ncias e informa&ccedil;&otilde;es entre seus integrantes, o setor privado, &oacute;rg&atilde;os e entidades p&uacute;blicas, nacionais e internacionais.<\/p>\n<p>Tamb&eacute;m s&atilde;o responsabilidade do Conselho propor ao Governo, em todas as suas inst&acirc;ncias, solu&ccedil;&otilde;es sobre quest&otilde;es pertinentes ao &acirc;mbito de suas a&ccedil;&otilde;es, ampliar a articula&ccedil;&atilde;o pol&iacute;tica institucional com o Minist&eacute;rio de Agricultura, Pecu&aacute;ria e Abastecimento, visando aperfei&ccedil;oar a efetiva&ccedil;&atilde;o de a&ccedil;&otilde;es relativas aos setores rural e agr&aacute;rio do pa&iacute;s, e discutir outros temas de interesse comum.<\/p>\n<p>O Conseagri &eacute; composto pelos secret&aacute;rios de Estados de Agricultura de cada Estado-membro e do Distrito Federal, que s&atilde;o membros efetivos, enquanto forem titulares das respectivas Secretarias de Estado. A estrutura do Conselho Nacional &eacute; constitu&iacute;da por presid&ecirc;ncia e coordenadores regionais. A presid&ecirc;ncia, de &acirc;mbito nacional, tem a fun&ccedil;&atilde;o de coordenar toda a operacionaliza&ccedil;&atilde;o do Conselho Nacional e &eacute; exercida por um presidente e um vice-presidente, que s&atilde;o eleitos pela maioria simples dos membros efetivos presentes na reuni&atilde;o de elei&ccedil;&atilde;o, para exercerem o mandato de dois anos, enquanto estiverem na titularidade das Secretarias de Estado de Agricultura, n&atilde;o sendo admitida reelei&ccedil;&atilde;o. J&aacute; as Coordenadorias Regionais s&atilde;o no n&uacute;mero de cinco, sendo cada uma representativa de cada regi&atilde;o do pa&iacute;s e de atribui&ccedil;&otilde;es regionais, atuantes nos Estados de sua respectiva regi&atilde;o.<\/p>\n<p>I &ndash; Coordena&ccedil;&atilde;o da Regi&atilde;o Norte que abrange os Estados do Acre, Amazonas, Amap&aacute;, Par&aacute;, Rond&ocirc;nia, Roraima e Tocantins;<br \/>\nII &#8211; Coordena&ccedil;&atilde;o da Regi&atilde;o Nordeste que abrange os Estados de Alagoas, Bahia, Cear&aacute;, Maranh&atilde;o, Para&iacute;ba, Pernambuco, Piau&iacute;, Rio Grande do Norte e Sergipe;<br \/>\nIII &ndash; Coordena&ccedil;&atilde;o da Regi&atilde;o Centro-Oeste, que abrange o Distrito Federal, Goi&aacute;s, Mato Grosso e Mato Grosso do Sul;<br \/>\nIV &ndash;Coordena&ccedil;&atilde;o da Regi&atilde;o Sudeste, que abrange os Estados de Minas Gerais, Esp&iacute;rito Santo, Rio de Janeiro e S&atilde;o Paulo e;<br \/>\nV &ndash; Coordena&ccedil;&atilde;o da Regi&atilde;o Sul, que abrange os Estado de Paran&aacute;, Santa Catarina e Rio Grande do Sul.<\/p>\n<p><strong>Encontros<\/strong><br \/>\nO Conselho Nacional reunir&aacute;, ordinariamente, uma vez por semestre, por convoca&ccedil;&atilde;o de seu presidente e, extraordinariamente, quando convocado por seu presidente ou pela maioria de seus membros, devendo estar presentes no m&iacute;nimo a metade de seus membros que deliberar&atilde;o por maioria. As reuni&otilde;es ordin&aacute;rias e extraordin&aacute;rias ser&atilde;o convocadas, respectivamente, com anteced&ecirc;ncia m&iacute;nima de dez e cinco cinco dias, encaminhando-se, previamente, aos seus membros o resumo dos assuntos objeto da reuni&atilde;o, bem como a data, o hor&aacute;rio e o local de sua realiza&ccedil;&atilde;o.<\/p>\n<p><strong>Comunica&ccedil;&atilde;o Setorial da Secretaria de Estado de Agricultura, Pecu&aacute;ria e Abastecimento (Seapa)<\/strong><br \/>\nFernando Dantas &ndash; (62) 3201-8909<\/p>\n","protected":false},"excerpt":{"rendered":"<p>Elei&ccedil;&atilde;o ocorreu durante encontro dos secret&aacute;rios de Agricultura dos estados e do Distrito Federal, em Bras&iacute;lia.&nbsp; Ele assume o cargo para os pr&oacute;ximos dois anos O secret&aacute;rio de Estado de Agricultura, Pecu&aacute;ria e Abastecimento, Ant&ocirc;nio Carlos de Souza Lima Neto, foi eleito nesta quarta-feira, 22 de maio, em Bras&iacute;lia (DF), vice-presidente do Conselho Nacional dos [&hellip;]<\/p>\n","protected":false},"author":1101,"featured_media":5484,"comment_status":"closed","ping_status":"open","sticky":false,"template":"","format":"standard","meta":{"footnotes":""},"categories":[4],"tags":[],"class_list":["post-5485","post","type-post","status-publish","format-standard","has-post-thumbnail","hentry","category-noticias"],"rttpg_featured_image_url":{"full":["https:\/\/goias.gov.br\/agricultura\/wp-content\/uploads\/sites\/50\/2019\/05\/2205Conseagri-27b.jpeg",1040,780,false],"landscape":["https:\/\/goias.gov.br\/agricultura\/wp-content\/uploads\/sites\/50\/2019\/05\/2205Conseagri-27b.jpeg",1040,780,false],"portraits":["https:\/\/goias.gov.br\/agricultura\/wp-content\/uploads\/sites\/50\/2019\/05\/2205Conseagri-27b.jpeg",1040,780,false],"thumbnail":["https:\/\/goias.gov.br\/agricultura\/wp-content\/uploads\/sites\/50\/2019\/05\/2205Conseagri-27b-150x150.jpeg",150,150,true],"medium":["https:\/\/goias.gov.br\/agricultura\/wp-content\/uploads\/sites\/50\/2019\/05\/2205Conseagri-27b-300x225.jpeg",300,225,true],"large":["https:\/\/goias.gov.br\/agricultura\/wp-content\/uploads\/sites\/50\/2019\/05\/2205Conseagri-27b-1024x768.jpeg",1024,768,true],"1536x1536":["https:\/\/goias.gov.br\/agricultura\/wp-content\/uploads\/sites\/50\/2019\/05\/2205Conseagri-27b.jpeg",1040,780,false],"2048x2048":["https:\/\/goias.gov.br\/agricultura\/wp-content\/uploads\/sites\/50\/2019\/05\/2205Conseagri-27b.jpeg",1040,780,false]},"rttpg_author":{"display_name":"","author_link":"https:\/\/goias.gov.br\/agricultura\/author\/"},"rttpg_comment":0,"rttpg_category":"<a href=\"https:\/\/goias.gov.br\/agricultura\/categoria\/noticias\/\" rel=\"category tag\">Not\u00edcias<\/a>","rttpg_excerpt":"Elei&ccedil;&atilde;o ocorreu durante encontro dos secret&aacute;rios de Agricultura dos estados e do Distrito Federal, em Bras&iacute;lia.&nbsp; Ele assume o cargo para os pr&oacute;ximos dois anos O secret&aacute;rio de Estado de Agricultura, Pecu&aacute;ria e Abastecimento, Ant&ocirc;nio Carlos de Souza Lima Neto, foi eleito nesta quarta-feira, 22 de maio, em Bras&iacute;lia (DF), vice-presidente do Conselho Nacional dos&hellip;","_links":{"self":[{"href":"https:\/\/goias.gov.br\/agricultura\/wp-json\/wp\/v2\/posts\/5485","targetHints":{"allow":["GET"]}}],"collection":[{"href":"https:\/\/goias.gov.br\/agricultura\/wp-json\/wp\/v2\/posts"}],"about":[{"href":"https:\/\/goias.gov.br\/agricultura\/wp-json\/wp\/v2\/types\/post"}],"author":[{"embeddable":true,"href":"https:\/\/goias.gov.br\/agricultura\/wp-json\/wp\/v2\/users\/1101"}],"replies":[{"embeddable":true,"href":"https:\/\/goias.gov.br\/agricultura\/wp-json\/wp\/v2\/comments?post=5485"}],"version-history":[{"count":0,"href":"https:\/\/goias.gov.br\/agricultura\/wp-json\/wp\/v2\/posts\/5485\/revisions"}],"wp:featuredmedia":[{"embeddable":true,"href":"https:\/\/goias.gov.br\/agricultura\/wp-json\/wp\/v2\/media\/5484"}],"wp:attachment":[{"href":"https:\/\/goias.gov.br\/agricultura\/wp-json\/wp\/v2\/media?parent=5485"}],"wp:term":[{"taxonomy":"category","embeddable":true,"href":"https:\/\/goias.gov.br\/agricultura\/wp-json\/wp\/v2\/categories?post=5485"},{"taxonomy":"post_tag","embeddable":true,"href":"https:\/\/goias.gov.br\/agricultura\/wp-json\/wp\/v2\/tags?post=5485"}],"curies":[{"name":"wp","href":"https:\/\/api.w.org\/{rel}","templated":true}]}}