

{"id":4120,"date":"2015-02-25T13:02:27","date_gmt":"2015-02-25T16:02:27","guid":{"rendered":"https:\/\/siteshom.goias.gov.br\/agricultura\/conesan-go\/"},"modified":"2024-10-30T16:24:10","modified_gmt":"2024-10-30T19:24:10","slug":"conesan-go","status":"publish","type":"post","link":"https:\/\/goias.gov.br\/agricultura\/conesan-go\/","title":{"rendered":"Conesan-GO"},"content":{"rendered":"<div class=\"wp-block-image\">\n<figure class=\"aligncenter size-large is-resized\"><img fetchpriority=\"high\" decoding=\"async\" width=\"1024\" height=\"768\" src=\"https:\/\/goias.gov.br\/agricultura\/wp-content\/uploads\/sites\/50\/2015\/02\/20241030_150221-1024x768.jpg\" alt=\"\" class=\"wp-image-31859\" style=\"width:803px;height:auto\" srcset=\"https:\/\/goias.gov.br\/agricultura\/wp-content\/uploads\/sites\/50\/2015\/02\/20241030_150221-1024x768.jpg 1024w, https:\/\/goias.gov.br\/agricultura\/wp-content\/uploads\/sites\/50\/2015\/02\/20241030_150221-300x225.jpg 300w, https:\/\/goias.gov.br\/agricultura\/wp-content\/uploads\/sites\/50\/2015\/02\/20241030_150221-768x576.jpg 768w, https:\/\/goias.gov.br\/agricultura\/wp-content\/uploads\/sites\/50\/2015\/02\/20241030_150221-1536x1152.jpg 1536w, https:\/\/goias.gov.br\/agricultura\/wp-content\/uploads\/sites\/50\/2015\/02\/20241030_150221-2048x1536.jpg 2048w, https:\/\/goias.gov.br\/agricultura\/wp-content\/uploads\/sites\/50\/2015\/02\/20241030_150221-600x450.jpg 600w\" sizes=\"(max-width: 1024px) 100vw, 1024px\" \/><\/figure>\n<\/div>\n\n<p>Conselho Estadual de Seguran\u00e7a Alimentar e Nutricional de Goi\u00e1s (CONESAN-GO) tem como objetivo deliberar, propor e monitorar a\u00e7\u00f5es e pol\u00edticas de seguran\u00e7a alimentar e nutricional sustent\u00e1vel no \u00e2mbito do Estado de Goi\u00e1s e \u00e9 um instrumento de articula\u00e7\u00e3o entre governo e sociedade civil na proposi\u00e7\u00e3o de diretrizes para pol\u00edticas e a\u00e7\u00f5es na \u00e1rea da alimenta\u00e7\u00e3o e nutri\u00e7\u00e3o.<\/p>\n<p>O Conselho estabelece um di\u00e1logo permanente entre o Governo de Goi\u00e1s, o Minist\u00e9rio de Seguran\u00e7a Alimentar e Combate \u00e0 Fome, os demais minist\u00e9rios e a sociedade para a defini\u00e7\u00e3o de prioridades.<\/p>\n<p>O Conselho foi criado pelo <a href=\"https:\/\/goias.gov.br\/agricultura\/wp-content\/uploads\/sites\/50\/2015\/02\/00-decreto-numerado-no_-8_818-conesan-9b4.pdf\" target=\"_blank\" rel=\"noopener\">Decreto n\u00ba 8.818<\/a>, de 29 de novembro de 2016, instalado, conforme o Art. 1\u00ba, na Secretaria de Estado de Desenvolvimento Econ\u00f4mico, Cienti\u00edfico e Tecnol\u00f3gico e de Agricultura, Pecu\u00e1ria e Irriga\u00e7\u00e3o &#8211; SED.<\/p>\n<p>A atribui\u00e7\u00e3o fundamental do CONESAN-GO \u00e9 assessorar na formula\u00e7\u00e3o de pol\u00edticas p\u00fablicas de SAN e na defini\u00e7\u00e3o de orienta\u00e7\u00f5es para que o estado garanta o direito humano \u00e0 alimenta\u00e7\u00e3o adequada. O CONESAN-GO integrar\u00e1 as a\u00e7\u00f5es governamentais visando o atendimento da parcela da popula\u00e7\u00e3o que n\u00e3o disp\u00f5e de meios para promover suas necessidades b\u00e1sicas, em especial, o combate \u00e0 fome.<\/p>\n<h2>Compet\u00eancias<\/h2>\n<ol style=\"list-style-type: upper-roman;\" start=\"1\">\n<li>propor e acompanhar as formas de articula\u00e7\u00e3o e mobiliza\u00e7\u00e3o da sociedade civil organizada no \u00e2mbito da Pol\u00edtica Estadual de Seguran\u00e7a Alimentar e Nutricional, indicando as prioridades;<\/li>\n<li>formular diretrizes da Pol\u00edtica Estadual de Seguran\u00e7a Alimentar e Nutricional e definir prioridades que visem \u00e0 garantia do direito da pessoa \u00e0 alimenta\u00e7\u00e3o;<\/li>\n<li>realizar, incentivar e apoiar estudos que fundamentem as propostas ligadas \u00e0 seguran\u00e7a alimentar e nutricional;<\/li>\n<li>estabelecer parcerias com entidades afins que garantam mobiliza\u00e7\u00e3o e racionaliza\u00e7\u00e3o no uso adequado do combate \u00e0 fome e mis\u00e9ria;<\/li>\n<li>estabelecer rela\u00e7\u00f5es de coopera\u00e7\u00e3o e trocas de experi\u00eancias com os demais Conselhos Estaduais de Seguran\u00e7a Alimentar e Nutricional, prioritariamente da Regi\u00e3o Centro-Oeste, e com o Conselho Nacional de Seguran\u00e7a Alimentar e Nutricional &#8211; CONSEA;<\/li>\n<li>propor, no plano estadual, a\u00e7\u00f5es e projetos priorit\u00e1rios na \u00e1rea de seguran\u00e7a alimentar e nutricional, a serem inclu\u00eddos na Lei de Diretrizes Or\u00e7ament\u00e1rias (LDO) e no Or\u00e7amento-Geral do Estado (OGE);<\/li>\n<li>estimular a cria\u00e7\u00e3o de conselhos municipais de seguran\u00e7a alimentar e nutricional, fortalecer os existentes e manter rela\u00e7\u00f5es de coopera\u00e7\u00e3o m\u00fatua entre eles. Par\u00e1grafo \u00fanico.<\/li>\n<\/ol>\n<p>Na aus\u00eancia de convoca\u00e7\u00e3o por parte do Governador do Estado de Goi\u00e1s, no prazo regulamentar, a Confer\u00eancia Estadual de Seguran\u00e7a Alimentar e Nutricional ser\u00e1 convocada pelo CONESAN-GO.<\/p>\n<h2>Composi\u00e7\u00e3o<\/h2>\n<p>O Conselho \u00e9 integrado por 30 (trinta) conselheiros, sendo 2\/3 (dois ter\u00e7os) deles indicados pela sociedade civil organizada e 1\/3 (um ter\u00e7o) pelo poder p\u00fablico.<\/p>\n<p>O CONESAN-GO \u00e9 presidido por um dos representantes da sociedade civil e tem como secret\u00e1rio executivo um representante do governo, sendo seus membros, juntamente com seus suplementes nomeados por ato do Governador do Estado, para um mandato de 4 (quatro) anos, permitida uma recondu\u00e7\u00e3o.<\/p>\n<h3>Representantes<\/h3>\n<table class=\"table table-responsible-lg\">\n<thead>\n<tr>\n<th colspan=\"3\" scope=\"col\">\n<p style=\"text-align: center;\"><strong>DIRETORIA EXECUTIVA (Gest\u00e3o 2018\/2022)<\/strong><\/p>\n<\/th>\n<\/tr>\n<\/thead>\n<tbody>\n<tr>\n<td><img decoding=\"async\" class=\" size-full wp-image-4052\" title=\"Dinair Pereira Duarte Furtado\" src=\"https:\/\/goias.gov.br\/agricultura\/wp-content\/uploads\/sites\/50\/2015\/02\/dinair-54c.jpg\" alt=\"Dinair Pereira Duarte Furtado\" width=\"99\" height=\"116\" \/><\/td>\n<td><img decoding=\"async\" class=\" size-full wp-image-4054\" title=\"Donizete de Deus Alves\" src=\"https:\/\/goias.gov.br\/agricultura\/wp-content\/uploads\/sites\/50\/2015\/02\/foto-suely1-6ad.jpg\" alt=\"Donizete de Deus Alves\" width=\"119\" height=\"118\" srcset=\"https:\/\/goias.gov.br\/agricultura\/wp-content\/uploads\/sites\/50\/2015\/02\/foto-suely1-6ad.jpg 419w, https:\/\/goias.gov.br\/agricultura\/wp-content\/uploads\/sites\/50\/2015\/02\/foto-suely1-6ad-300x297.jpg 300w, https:\/\/goias.gov.br\/agricultura\/wp-content\/uploads\/sites\/50\/2015\/02\/foto-suely1-6ad-150x150.jpg 150w\" sizes=\"(max-width: 119px) 100vw, 119px\" \/><\/td>\n<td><img loading=\"lazy\" decoding=\"async\" class=\" size-full wp-image-4055\" title=\"Nirl\u00e3n Arruda de Abreu\" src=\"https:\/\/goias.gov.br\/agricultura\/wp-content\/uploads\/sites\/50\/2015\/02\/nirlan-406.jpg\" alt=\"Nirl\u00e3n Arruda de Abreu\" width=\"100\" height=\"117\" \/><\/td>\n<\/tr>\n<tr>\n<td>\n<p><strong>Presidente:<\/strong><\/p>\n<p>Dinair Pereira Duarte Furtad<\/p>\n<\/td>\n<td>\n<p><strong>Vice Presidente:<\/strong><\/p>\n<p>Sueli Essado Pereira<\/p>\n<\/td>\n<td>\n<p><strong>Secret\u00e1rio Executivo:<\/strong><\/p>\n<p>Nirl\u00e3n Arruda de Abreu<\/p>\n<\/td>\n<\/tr>\n<tr>\n<td colspan=\"3\">\n<p><strong>APOIO ADMINISTRATIVO<\/strong><\/p>\n<\/td>\n<\/tr>\n<tr>\n<td><img decoding=\"async\" class=\" size-full wp-image-4056\" title=\"Keila Sousa\" src=\"https:\/\/goias.gov.br\/agricultura\/wp-content\/uploads\/sites\/50\/2015\/02\/keila-1fe.jpg\" alt=\"Keila Sousa\" width=\"100\" srcset=\"https:\/\/goias.gov.br\/agricultura\/wp-content\/uploads\/sites\/50\/2015\/02\/keila-1fe.jpg 291w, https:\/\/goias.gov.br\/agricultura\/wp-content\/uploads\/sites\/50\/2015\/02\/keila-1fe-150x150.jpg 150w\" sizes=\"(max-width: 291px) 100vw, 291px\" \/><\/td>\n<td><img decoding=\"async\" class=\" size-full wp-image-4057\" title=\"Sirlainy Miranda\" src=\"https:\/\/goias.gov.br\/agricultura\/wp-content\/uploads\/sites\/50\/2015\/02\/sirlainy-f4f.jpg\" alt=\"Sirlainy Miranda\" width=\"100\" \/><\/td>\n<td>\u00a0<\/td>\n<\/tr>\n<tr>\n<td><strong>Estagi\u00e1ria de Nutri\u00e7\u00e3o:<\/strong><br \/>Keila Sousa<\/td>\n<td colspan=\"2\">\n<p><strong>Estagi\u00e1ria de Engenharia de Alimentos: <\/strong><br \/>Sirlainy Miranda<\/p>\n<\/td>\n<\/tr>\n<\/tbody>\n<\/table>\n<p>\u00a0<\/p>\n<p><a href=\"https:\/\/goias.gov.br\/agricultura\/wp-content\/uploads\/sites\/50\/2015\/02\/reuniao-ordinaria-do-conesan-realizada-no-dia-25-de-abril-de-2018-1fc.pdf\" target=\"_blank\" rel=\"noopener\"><img loading=\"lazy\" decoding=\"async\" class=\" size-full wp-image-4059\" title=\"\" src=\"https:\/\/goias.gov.br\/agricultura\/wp-content\/uploads\/sites\/50\/2015\/02\/reuniao-de-25-04-2018-7b5.png\" alt=\"\" width=\"766\" height=\"60\" srcset=\"https:\/\/goias.gov.br\/agricultura\/wp-content\/uploads\/sites\/50\/2015\/02\/reuniao-de-25-04-2018-7b5.png 766w, https:\/\/goias.gov.br\/agricultura\/wp-content\/uploads\/sites\/50\/2015\/02\/reuniao-de-25-04-2018-7b5-300x23.png 300w\" sizes=\"(max-width: 766px) 100vw, 766px\" \/><\/a><\/p>\n<p><a href=\"https:\/\/goias.gov.br\/agricultura\/wp-content\/uploads\/sites\/50\/2015\/02\/relatOrio-de-aCOes-e-atividades-do-conesan-janeiro-a-dezembro-2017-9f8.pdf\" target=\"_blank\" rel=\"noopener\"><img loading=\"lazy\" decoding=\"async\" class=\" size-full wp-image-4061\" title=\"\" src=\"https:\/\/goias.gov.br\/agricultura\/wp-content\/uploads\/sites\/50\/2015\/02\/relatorio-de-acoes-e-atividades-2017-148.png\" alt=\"\" width=\"766\" height=\"60\" srcset=\"https:\/\/goias.gov.br\/agricultura\/wp-content\/uploads\/sites\/50\/2015\/02\/relatorio-de-acoes-e-atividades-2017-148.png 766w, https:\/\/goias.gov.br\/agricultura\/wp-content\/uploads\/sites\/50\/2015\/02\/relatorio-de-acoes-e-atividades-2017-148-300x23.png 300w\" sizes=\"(max-width: 766px) 100vw, 766px\" \/><\/a><\/p>\n<p><a href=\"https:\/\/goias.gov.br\/agricultura\/wp-content\/uploads\/sites\/50\/2015\/02\/relatorio-final-encontro-para-a-5a_-cnsan2-75c.pdf\"><img loading=\"lazy\" decoding=\"async\" class=\" size-full wp-image-4063\" title=\"\" src=\"https:\/\/goias.gov.br\/agricultura\/wp-content\/uploads\/sites\/50\/2015\/02\/relatorio-para-5a-cnsan-61f.png\" alt=\"\" width=\"766\" height=\"60\" srcset=\"https:\/\/goias.gov.br\/agricultura\/wp-content\/uploads\/sites\/50\/2015\/02\/relatorio-para-5a-cnsan-61f.png 766w, https:\/\/goias.gov.br\/agricultura\/wp-content\/uploads\/sites\/50\/2015\/02\/relatorio-para-5a-cnsan-61f-300x23.png 300w\" sizes=\"(max-width: 766px) 100vw, 766px\" \/><\/a><\/p>\n<p><a title=\"Eventos de 2018\" href=\"https:\/\/goias.gov.br\/agricultura\/wp-content\/uploads\/sites\/50\/2015\/02\/eventos-de-2018-34e.pdf\"><img loading=\"lazy\" decoding=\"async\" class=\" size-full wp-image-4065\" title=\"Eventos de 2018\" src=\"https:\/\/goias.gov.br\/agricultura\/wp-content\/uploads\/sites\/50\/2015\/02\/eventos-de-2018-7cb.png\" alt=\"Eventos de 2018\" width=\"766\" height=\"60\" srcset=\"https:\/\/goias.gov.br\/agricultura\/wp-content\/uploads\/sites\/50\/2015\/02\/eventos-de-2018-7cb.png 766w, https:\/\/goias.gov.br\/agricultura\/wp-content\/uploads\/sites\/50\/2015\/02\/eventos-de-2018-7cb-300x23.png 300w\" sizes=\"(max-width: 766px) 100vw, 766px\" \/><\/a><\/p>\n<p><a title=\"Calend\u00e1rio 2018\" href=\"https:\/\/goias.gov.br\/agricultura\/wp-content\/uploads\/sites\/50\/2015\/02\/calendario-2018-778.pdf\"><img loading=\"lazy\" decoding=\"async\" class=\" size-full wp-image-4067\" title=\"Calend\u00e1rio de 2018\" src=\"https:\/\/goias.gov.br\/agricultura\/wp-content\/uploads\/sites\/50\/2015\/02\/calendario-de-2018-bc3.png\" alt=\"Calend\u00e1rio de 2018\" width=\"766\" height=\"60\" srcset=\"https:\/\/goias.gov.br\/agricultura\/wp-content\/uploads\/sites\/50\/2015\/02\/calendario-de-2018-bc3.png 766w, https:\/\/goias.gov.br\/agricultura\/wp-content\/uploads\/sites\/50\/2015\/02\/calendario-de-2018-bc3-300x23.png 300w\" sizes=\"(max-width: 766px) 100vw, 766px\" \/><\/a><\/p>\n<p><a title=\"\u00c1lbum de fotos de 2017\" href=\"https:\/\/goias.gov.br\/agricultura\/wp-content\/uploads\/sites\/50\/2015\/02\/album-de-fotos-2017-34c.pdf\"><img loading=\"lazy\" decoding=\"async\" class=\" size-full wp-image-4069\" title=\"\u00c1lbum de fotos de 2017\" src=\"https:\/\/goias.gov.br\/agricultura\/wp-content\/uploads\/sites\/50\/2015\/02\/Album-de-fotos-de-2017-846.png\" alt=\"\u00c1lbum de fotos de 2017\" width=\"766\" height=\"60\" srcset=\"https:\/\/goias.gov.br\/agricultura\/wp-content\/uploads\/sites\/50\/2015\/02\/Album-de-fotos-de-2017-846.png 766w, https:\/\/goias.gov.br\/agricultura\/wp-content\/uploads\/sites\/50\/2015\/02\/Album-de-fotos-de-2017-846-300x23.png 300w\" sizes=\"(max-width: 766px) 100vw, 766px\" \/><\/a><\/p>\n<p><a href=\"https:\/\/goias.gov.br\/agricultura\/wp-content\/uploads\/sites\/50\/2015\/02\/calendario-de-reunioes-do-conesan-em-2016-c6c.pdf\"><img loading=\"lazy\" decoding=\"async\" class=\" size-full wp-image-4071\" title=\"Calend\u00e1rio 2016\" src=\"https:\/\/goias.gov.br\/agricultura\/wp-content\/uploads\/sites\/50\/2015\/02\/calendario-conesan-2016-568.png\" alt=\"Calend\u00e1rio 2016\" width=\"766\" height=\"60\" srcset=\"https:\/\/goias.gov.br\/agricultura\/wp-content\/uploads\/sites\/50\/2015\/02\/calendario-conesan-2016-568.png 766w, https:\/\/goias.gov.br\/agricultura\/wp-content\/uploads\/sites\/50\/2015\/02\/calendario-conesan-2016-568-300x23.png 300w\" sizes=\"(max-width: 766px) 100vw, 766px\" \/><\/a><\/p>\n<p><a href=\"https:\/\/goias.gov.br\/agricultura\/wp-content\/uploads\/sites\/50\/2015\/02\/01-material-sitio-segundo-semestre-2016-1-95c.pdf\" target=\"_blank\" rel=\"noopener\"><img loading=\"lazy\" decoding=\"async\" class=\" size-full wp-image-4073\" title=\"\" src=\"https:\/\/goias.gov.br\/agricultura\/wp-content\/uploads\/sites\/50\/2015\/02\/atividade-do-segundo-semestre-de-2016-8f5.png\" alt=\"\" width=\"766\" height=\"60\" srcset=\"https:\/\/goias.gov.br\/agricultura\/wp-content\/uploads\/sites\/50\/2015\/02\/atividade-do-segundo-semestre-de-2016-8f5.png 766w, https:\/\/goias.gov.br\/agricultura\/wp-content\/uploads\/sites\/50\/2015\/02\/atividade-do-segundo-semestre-de-2016-8f5-300x23.png 300w\" sizes=\"(max-width: 766px) 100vw, 766px\" \/><\/a><\/p>\n<p><a href=\"https:\/\/goias.gov.br\/agricultura\/wp-content\/uploads\/sites\/50\/2015\/02\/01-material-para-o-sitio-eventos-maio-junho-julho-87b.pdf\"><img loading=\"lazy\" decoding=\"async\" class=\" size-full wp-image-4075\" title=\"\" src=\"https:\/\/goias.gov.br\/agricultura\/wp-content\/uploads\/sites\/50\/2015\/02\/atividade-de-maio-junho-e-julho-2016-44f.png\" alt=\"\" width=\"766\" height=\"60\" srcset=\"https:\/\/goias.gov.br\/agricultura\/wp-content\/uploads\/sites\/50\/2015\/02\/atividade-de-maio-junho-e-julho-2016-44f.png 766w, https:\/\/goias.gov.br\/agricultura\/wp-content\/uploads\/sites\/50\/2015\/02\/atividade-de-maio-junho-e-julho-2016-44f-300x23.png 300w\" sizes=\"(max-width: 766px) 100vw, 766px\" \/><\/a><\/p>\n<p><a href=\"https:\/\/goias.gov.br\/agricultura\/wp-content\/uploads\/sites\/50\/2015\/02\/01-material-sitio-junho-2016-796.pdf\"><img loading=\"lazy\" decoding=\"async\" class=\" size-full wp-image-4077\" title=\"\" src=\"https:\/\/goias.gov.br\/agricultura\/wp-content\/uploads\/sites\/50\/2015\/02\/atividade-de-junho-2016-dc6.png\" alt=\"\" width=\"766\" height=\"60\" srcset=\"https:\/\/goias.gov.br\/agricultura\/wp-content\/uploads\/sites\/50\/2015\/02\/atividade-de-junho-2016-dc6.png 766w, https:\/\/goias.gov.br\/agricultura\/wp-content\/uploads\/sites\/50\/2015\/02\/atividade-de-junho-2016-dc6-300x23.png 300w\" sizes=\"(max-width: 766px) 100vw, 766px\" \/><\/a><\/p>\n<p><a href=\"https:\/\/goias.gov.br\/agricultura\/wp-content\/uploads\/sites\/50\/2015\/02\/001-material-sitio-maio-2016-37d.pdf\"><img loading=\"lazy\" decoding=\"async\" class=\" size-full wp-image-4079\" title=\"\" src=\"https:\/\/goias.gov.br\/agricultura\/wp-content\/uploads\/sites\/50\/2015\/02\/atividade-de-maio-2016-ef9.png\" alt=\"\" width=\"766\" height=\"60\" srcset=\"https:\/\/goias.gov.br\/agricultura\/wp-content\/uploads\/sites\/50\/2015\/02\/atividade-de-maio-2016-ef9.png 766w, https:\/\/goias.gov.br\/agricultura\/wp-content\/uploads\/sites\/50\/2015\/02\/atividade-de-maio-2016-ef9-300x23.png 300w\" sizes=\"(max-width: 766px) 100vw, 766px\" \/><\/a><\/p>\n<p><a href=\"https:\/\/goias.gov.br\/agricultura\/wp-content\/uploads\/sites\/50\/2015\/02\/atividades-do-primeiro-quadrimestre-de-2016-95c.pdf\"><img loading=\"lazy\" decoding=\"async\" class=\" size-full wp-image-4081\" title=\"\" src=\"https:\/\/goias.gov.br\/agricultura\/wp-content\/uploads\/sites\/50\/2015\/02\/atividades-do-primeiro-quadrimestre-de-2016-d7b.png\" alt=\"\" width=\"766\" height=\"60\" srcset=\"https:\/\/goias.gov.br\/agricultura\/wp-content\/uploads\/sites\/50\/2015\/02\/atividades-do-primeiro-quadrimestre-de-2016-d7b.png 766w, https:\/\/goias.gov.br\/agricultura\/wp-content\/uploads\/sites\/50\/2015\/02\/atividades-do-primeiro-quadrimestre-de-2016-d7b-300x23.png 300w\" sizes=\"(max-width: 766px) 100vw, 766px\" \/><\/a><\/p>\n<p><a href=\"https:\/\/goias.gov.br\/agricultura\/wp-content\/uploads\/sites\/50\/2015\/02\/reuniao-do-conesan-com-o-vice-governador-realizada-em-09-de-dezembro-de-2015-d64.pdf\"><img loading=\"lazy\" decoding=\"async\" class=\" size-full wp-image-4083\" src=\"https:\/\/goias.gov.br\/agricultura\/wp-content\/uploads\/sites\/50\/2015\/02\/reuniao-do-conesan-com-o-vice-governador-dezembro-2015-566.png\" alt=\"Reuni\u00e3o do CONESAN com o Vice Governador, em 09 de Dezembro de 2015\" width=\"766\" height=\"60\" srcset=\"https:\/\/goias.gov.br\/agricultura\/wp-content\/uploads\/sites\/50\/2015\/02\/reuniao-do-conesan-com-o-vice-governador-dezembro-2015-566.png 766w, https:\/\/goias.gov.br\/agricultura\/wp-content\/uploads\/sites\/50\/2015\/02\/reuniao-do-conesan-com-o-vice-governador-dezembro-2015-566-300x23.png 300w\" sizes=\"(max-width: 766px) 100vw, 766px\" \/><\/a><\/p>\n<p><a href=\"https:\/\/goias.gov.br\/agricultura\/wp-content\/uploads\/sites\/50\/2015\/02\/01-material-sitio-5a_-conferencia-nacional-revidado-em-05-04-2016-d47.pdf\"><img loading=\"lazy\" decoding=\"async\" class=\" size-full wp-image-4085\" title=\"Quinto CNSAN\" src=\"https:\/\/goias.gov.br\/agricultura\/wp-content\/uploads\/sites\/50\/2015\/02\/5o-cnsan-97a.png\" alt=\"Participa\u00e7\u00e3o no quinto CNSAN em Novembro de 2015\" width=\"766\" height=\"60\" srcset=\"https:\/\/goias.gov.br\/agricultura\/wp-content\/uploads\/sites\/50\/2015\/02\/5o-cnsan-97a.png 766w, https:\/\/goias.gov.br\/agricultura\/wp-content\/uploads\/sites\/50\/2015\/02\/5o-cnsan-97a-300x23.png 300w\" sizes=\"(max-width: 766px) 100vw, 766px\" \/><\/a><\/p>\n<p><a href=\"https:\/\/goias.gov.br\/agricultura\/?p=2178\"><img loading=\"lazy\" decoding=\"async\" class=\" size-full wp-image-4086\" src=\"https:\/\/goias.gov.br\/agricultura\/wp-content\/uploads\/sites\/50\/2015\/02\/4o_-seminario-de-seguranca-alimentar-e-nutricional-outubro-2015-309.png\" alt=\"Realiza\u00e7\u00e3o do IV Semin\u00e1rio de Seguran\u00e7a Alimentar e Nutricional, em comemora\u00e7\u00e3o ao Dia Mundial de Alimenta\u00e7\u00e3o, em 21 de Outubro de 2015\" width=\"766\" height=\"60\" srcset=\"https:\/\/goias.gov.br\/agricultura\/wp-content\/uploads\/sites\/50\/2015\/02\/4o_-seminario-de-seguranca-alimentar-e-nutricional-outubro-2015-309.png 766w, https:\/\/goias.gov.br\/agricultura\/wp-content\/uploads\/sites\/50\/2015\/02\/4o_-seminario-de-seguranca-alimentar-e-nutricional-outubro-2015-309-300x23.png 300w\" sizes=\"(max-width: 766px) 100vw, 766px\" \/><\/a><\/p>\n<p><a href=\"https:\/\/goias.gov.br\/agricultura\/wp-content\/uploads\/sites\/50\/2015\/02\/realizacao-da-5a_-conferencia-estadual-de-seguranca-alimentar-e-nutricional-em-goiania-em-agosto-de-2015-f33.pdf\"><img loading=\"lazy\" decoding=\"async\" class=\" size-full wp-image-4088\" src=\"https:\/\/goias.gov.br\/agricultura\/wp-content\/uploads\/sites\/50\/2015\/02\/conferencia-estadual-de-seguranca-alimentar-e-nutricional-em-goiania-agosto-2015-9f9.png\" alt=\"Realiza\u00e7\u00e3o da 5\u00aa Confer\u00eancia Estadual de Seguran\u00e7a Alimentar e Nutricional, em Goi\u00e2nia, de 26 a 28 de Agosto de 2015\" width=\"766\" height=\"60\" srcset=\"https:\/\/goias.gov.br\/agricultura\/wp-content\/uploads\/sites\/50\/2015\/02\/conferencia-estadual-de-seguranca-alimentar-e-nutricional-em-goiania-agosto-2015-9f9.png 766w, https:\/\/goias.gov.br\/agricultura\/wp-content\/uploads\/sites\/50\/2015\/02\/conferencia-estadual-de-seguranca-alimentar-e-nutricional-em-goiania-agosto-2015-9f9-300x23.png 300w\" sizes=\"(max-width: 766px) 100vw, 766px\" \/><\/a><\/p>\n<p><a href=\"https:\/\/goias.gov.br\/agricultura\/wp-content\/uploads\/sites\/50\/2015\/02\/realizacao-da-conferencia-municipal-de-rio-verde-em-25-de-junho-de-2015-d31.pdf\"><img loading=\"lazy\" decoding=\"async\" class=\" size-full wp-image-4090\" src=\"https:\/\/goias.gov.br\/agricultura\/wp-content\/uploads\/sites\/50\/2015\/02\/conferencia-municipal-de-rio-verde-junho-20151-506.png\" alt=\"Realiza\u00e7\u00e3o da Confer\u00eancia Municipal de Rio Verde em 25 de Junho de 2015\" width=\"766\" height=\"60\" srcset=\"https:\/\/goias.gov.br\/agricultura\/wp-content\/uploads\/sites\/50\/2015\/02\/conferencia-municipal-de-rio-verde-junho-20151-506.png 766w, https:\/\/goias.gov.br\/agricultura\/wp-content\/uploads\/sites\/50\/2015\/02\/conferencia-municipal-de-rio-verde-junho-20151-506-300x23.png 300w\" sizes=\"(max-width: 766px) 100vw, 766px\" \/><\/a><\/p>\n<p><a href=\"https:\/\/goias.gov.br\/agricultura\/wp-content\/uploads\/sites\/50\/2015\/02\/realizacao-da-conferencia-regional-em-morrinhosem-19-de-junho-de-2015-dbd.pdf\"><img loading=\"lazy\" decoding=\"async\" class=\" size-full wp-image-4092\" src=\"https:\/\/goias.gov.br\/agricultura\/wp-content\/uploads\/sites\/50\/2015\/02\/conferencia-regional-em-morrinhos-junho-20151-c33.png\" alt=\"Realiza\u00e7\u00e3o da Confer\u00eancia Regional, em Morrinhos, em 19 de Junho de 2015\" width=\"766\" height=\"60\" srcset=\"https:\/\/goias.gov.br\/agricultura\/wp-content\/uploads\/sites\/50\/2015\/02\/conferencia-regional-em-morrinhos-junho-20151-c33.png 766w, https:\/\/goias.gov.br\/agricultura\/wp-content\/uploads\/sites\/50\/2015\/02\/conferencia-regional-em-morrinhos-junho-20151-c33-300x23.png 300w\" sizes=\"(max-width: 766px) 100vw, 766px\" \/><\/a><\/p>\n<p><a href=\"https:\/\/goias.gov.br\/agricultura\/wp-content\/uploads\/sites\/50\/2015\/02\/realizacao-da-conferencia-regional-de-luziania-em-17-de-junho-de-2015-142.pdf\"><img loading=\"lazy\" decoding=\"async\" class=\" size-full wp-image-4094\" src=\"https:\/\/goias.gov.br\/agricultura\/wp-content\/uploads\/sites\/50\/2015\/02\/conferencia-regional-em-luziania-junho-2015-aaa.png\" alt=\"Realiza\u00e7\u00e3o da Confer\u00eancia Regional, em Luzi\u00e2nia, em 17 de Junho de 2015\" width=\"766\" height=\"60\" srcset=\"https:\/\/goias.gov.br\/agricultura\/wp-content\/uploads\/sites\/50\/2015\/02\/conferencia-regional-em-luziania-junho-2015-aaa.png 766w, https:\/\/goias.gov.br\/agricultura\/wp-content\/uploads\/sites\/50\/2015\/02\/conferencia-regional-em-luziania-junho-2015-aaa-300x23.png 300w\" sizes=\"(max-width: 766px) 100vw, 766px\" \/><\/a><\/p>\n<p><a href=\"https:\/\/goias.gov.br\/agricultura\/wp-content\/uploads\/sites\/50\/2015\/02\/realizacao-da-conferencia-regional-em-goianesia-em-12-de-junho-de-2015-de9.pdf\"><img loading=\"lazy\" decoding=\"async\" class=\" size-full wp-image-4096\" src=\"https:\/\/goias.gov.br\/agricultura\/wp-content\/uploads\/sites\/50\/2015\/02\/conferencia-regional-em-goianesia-junho-2015-b93.png\" alt=\"Realiza\u00e7\u00e3o da Confer\u00eancia Regional, em Goian\u00e9sia, em 12 de Junho de 2015\" width=\"766\" height=\"60\" srcset=\"https:\/\/goias.gov.br\/agricultura\/wp-content\/uploads\/sites\/50\/2015\/02\/conferencia-regional-em-goianesia-junho-2015-b93.png 766w, https:\/\/goias.gov.br\/agricultura\/wp-content\/uploads\/sites\/50\/2015\/02\/conferencia-regional-em-goianesia-junho-2015-b93-300x23.png 300w\" sizes=\"(max-width: 766px) 100vw, 766px\" \/><\/a><\/p>\n<p><a href=\"https:\/\/goias.gov.br\/agricultura\/wp-content\/uploads\/sites\/50\/2015\/02\/realizacao-da-conferencia-municipal-de-goiania-realizada-em-09-de-junho-de-2015-27c.pdf\"><img loading=\"lazy\" decoding=\"async\" class=\" size-full wp-image-4098\" src=\"https:\/\/goias.gov.br\/agricultura\/wp-content\/uploads\/sites\/50\/2015\/02\/conferencia-municipal-de-goiania-junho-20151-cda.png\" alt=\"Realiza\u00e7\u00e3o da Confer\u00eancia Municipal de Goi\u00e2nia, em 09 de Junho de 2015\" width=\"766\" height=\"60\" srcset=\"https:\/\/goias.gov.br\/agricultura\/wp-content\/uploads\/sites\/50\/2015\/02\/conferencia-municipal-de-goiania-junho-20151-cda.png 766w, https:\/\/goias.gov.br\/agricultura\/wp-content\/uploads\/sites\/50\/2015\/02\/conferencia-municipal-de-goiania-junho-20151-cda-300x23.png 300w\" sizes=\"(max-width: 766px) 100vw, 766px\" \/><\/a><\/p>\n<p><a href=\"https:\/\/goias.gov.br\/agricultura\/wp-content\/uploads\/sites\/50\/2015\/02\/realizacao-da-conferencia-municipal-de-uruana-em-26-de-maio-de-2015-fa5.pdf\"><img loading=\"lazy\" decoding=\"async\" class=\" size-full wp-image-4100\" src=\"https:\/\/goias.gov.br\/agricultura\/wp-content\/uploads\/sites\/50\/2015\/02\/conferencia-municipal-de-uruana-maio-2015-487.png\" alt=\"Realiza\u00e7\u00e3o da Confer\u00eancia Municipal de Uruana, em 26 de Maio de 2015\" width=\"766\" height=\"60\" srcset=\"https:\/\/goias.gov.br\/agricultura\/wp-content\/uploads\/sites\/50\/2015\/02\/conferencia-municipal-de-uruana-maio-2015-487.png 766w, https:\/\/goias.gov.br\/agricultura\/wp-content\/uploads\/sites\/50\/2015\/02\/conferencia-municipal-de-uruana-maio-2015-487-300x23.png 300w\" sizes=\"(max-width: 766px) 100vw, 766px\" \/><\/a><\/p>\n<p><a href=\"https:\/\/goias.gov.br\/agricultura\/wp-content\/uploads\/sites\/50\/2015\/02\/realizacao-da-conferencia-regional-no-sudoeste-goiano-em-jatai-em-21-de-maio-de-2015-b94.pdf\"><img loading=\"lazy\" decoding=\"async\" class=\" size-full wp-image-4102\" src=\"https:\/\/goias.gov.br\/agricultura\/wp-content\/uploads\/sites\/50\/2015\/02\/conferencia-regional-em-jatai-maio-2015-ebd.png\" alt=\"Realiza\u00e7\u00e3o da Confer\u00eancia Regional no Sudoeste Goiano, em Jata\u00ed, em 21 de Maio de 2015\" width=\"766\" height=\"60\" srcset=\"https:\/\/goias.gov.br\/agricultura\/wp-content\/uploads\/sites\/50\/2015\/02\/conferencia-regional-em-jatai-maio-2015-ebd.png 766w, https:\/\/goias.gov.br\/agricultura\/wp-content\/uploads\/sites\/50\/2015\/02\/conferencia-regional-em-jatai-maio-2015-ebd-300x23.png 300w\" sizes=\"(max-width: 766px) 100vw, 766px\" \/><\/a><\/p>\n<p><a href=\"https:\/\/goias.gov.br\/agricultura\/wp-content\/uploads\/sites\/50\/2015\/02\/realizacao-da-conferencia-regional-de-seguranca-alimentar-e-nutricionalem-aparecida-de-goiania-em-15-de-maio-de-2015-d8f.pdf\"><img loading=\"lazy\" decoding=\"async\" class=\" size-full wp-image-4104\" src=\"https:\/\/goias.gov.br\/agricultura\/wp-content\/uploads\/sites\/50\/2015\/02\/conferencia-regional-em-aparecida-de-goiania-maio-2015-68f.png\" alt=\"Realiza\u00e7\u00e3o da Confer\u00eancia Regional de Seguran\u00e7a Alimentar e Nutricional, em Aparecida de Goi\u00e2nia, em 15 de Maio de 2015\" width=\"766\" height=\"60\" srcset=\"https:\/\/goias.gov.br\/agricultura\/wp-content\/uploads\/sites\/50\/2015\/02\/conferencia-regional-em-aparecida-de-goiania-maio-2015-68f.png 766w, https:\/\/goias.gov.br\/agricultura\/wp-content\/uploads\/sites\/50\/2015\/02\/conferencia-regional-em-aparecida-de-goiania-maio-2015-68f-300x23.png 300w\" sizes=\"(max-width: 766px) 100vw, 766px\" \/><\/a><\/p>\n<p><a href=\"https:\/\/goias.gov.br\/agricultura\/?p=2178\"><img loading=\"lazy\" decoding=\"async\" class=\" size-full wp-image-4105\" src=\"https:\/\/goias.gov.br\/agricultura\/wp-content\/uploads\/sites\/50\/2015\/02\/conferencia-regional-em-jussara-maio-2015-4bc.png\" alt=\"Realiza\u00e7\u00e3o da Confer\u00eancia Regional de Seguran\u00e7a Alimentar e Nutricional no Oeste Goiano, em Jussara, em 07 de Maio de 2015\" width=\"766\" height=\"60\" srcset=\"https:\/\/goias.gov.br\/agricultura\/wp-content\/uploads\/sites\/50\/2015\/02\/conferencia-regional-em-jussara-maio-2015-4bc.png 766w, https:\/\/goias.gov.br\/agricultura\/wp-content\/uploads\/sites\/50\/2015\/02\/conferencia-regional-em-jussara-maio-2015-4bc-300x23.png 300w\" sizes=\"(max-width: 766px) 100vw, 766px\" \/><\/a><\/p>\n<p><a href=\"https:\/\/goias.gov.br\/agricultura\/wp-content\/uploads\/sites\/50\/2015\/02\/posse-da-nova-diretoria-do-conesan-gestao-2014-2017-realizada-em-21-de-agosto-de-2015-265.pdf\"><img loading=\"lazy\" decoding=\"async\" class=\" size-full wp-image-4107\" title=\"Posse da Nova Diretoria\" src=\"https:\/\/goias.gov.br\/agricultura\/wp-content\/uploads\/sites\/50\/2015\/02\/posse-da-nova-diretoria-agosto-2014-1e1.png\" alt=\"Posse da Nova Diretoria\" width=\"766\" height=\"60\" srcset=\"https:\/\/goias.gov.br\/agricultura\/wp-content\/uploads\/sites\/50\/2015\/02\/posse-da-nova-diretoria-agosto-2014-1e1.png 766w, https:\/\/goias.gov.br\/agricultura\/wp-content\/uploads\/sites\/50\/2015\/02\/posse-da-nova-diretoria-agosto-2014-1e1-300x23.png 300w\" sizes=\"(max-width: 766px) 100vw, 766px\" \/><\/a><\/p>\n<p><strong>Not\u00edcias:<\/strong><\/p>\n<p><strong><a href=\"https:\/\/www.sed.go.gov.br\/post\/ver\/206707\/conesan-realiza-reuniao-ordinaria-e-apresenta-balanco-de-acoes\"><span class=\"dataNoticia\">16\/12\/2015 &#8211; Conesan realiza reuni\u00e3o ordin\u00e1ria e apresenta balan\u00e7o de a\u00e7\u00f5es<\/span><\/a><\/strong><\/p>\n<p><strong>Documenta\u00e7\u00e3o Anos anteriores <\/strong><\/p>\n<table class=\"table table-responsible-lg table-striped\">\n<tbody>\n<tr>\n<td style=\"width: 32px; vertical-align: middle;\"><a href=\"https:\/\/goias.gov.br\/agricultura\/wp-content\/uploads\/sites\/50\/2015\/02\/calendario-de-reunioes-do-conesan-2013-4b6.pdf\" target=\"_blank\" rel=\"noopener\"><img loading=\"lazy\" decoding=\"async\" class=\" size-full wp-image-3909\" title=\"Clique Aqui para Baixar!\" src=\"https:\/\/goias.gov.br\/agricultura\/wp-content\/uploads\/sites\/50\/2015\/02\/pdf-3c4.gif\" alt=\"\" width=\"32\" height=\"32\" border=\"0\" \/><\/a><\/td>\n<td>\n<p>Calend\u00e1rio de reuni\u00f5es do CONESAN &#8211; 2013<\/p>\n<p>Conselheiros, convidados e observadores, a sua participa\u00e7\u00e3o \u00e9 essencial para o \u00eaxito de nossos trabalhos.<br \/>Agendem-se, compare\u00e7am, colaborem!<br \/>E um 2013 de \u00eaxitos para todos e todas!<br \/>Veja calend\u00e1rio ao lado (clique e baixe)<\/p>\n<\/td>\n<\/tr>\n<tr>\n<td style=\"width: 32px; vertical-align: middle;\"><a href=\"https:\/\/goias.gov.br\/agricultura\/wp-content\/uploads\/sites\/50\/2015\/02\/atencao-goias-ja-tem-a-sua-lei-de-seguranca-alimentar-e-nutricional-11d.pdf\" target=\"_blank\" rel=\"noopener\"><img loading=\"lazy\" decoding=\"async\" class=\" size-full wp-image-3909\" title=\"Clique Aqui para Baixar!\" src=\"https:\/\/goias.gov.br\/agricultura\/wp-content\/uploads\/sites\/50\/2015\/02\/pdf-3c4.gif\" alt=\"\" width=\"32\" height=\"32\" border=\"0\" \/><\/a><\/td>\n<td>\n<p>Aten\u00e7\u00e3o! Goi\u00e1s j\u00e1 tem a sua Lei de Seguran\u00e7a Alimentar e Nutricional!<\/p>\n<p>A Lei n\u00b0 17.892, que disp\u00f5e da Pol\u00edtica Estadual de Seguran\u00e7a Alimentar e Nutricional, j\u00e1 foi sancionada pelo Governador do Estado, Sr. Marconi Perillo, e publicada no Di\u00e1rio Oficial em 27 de dezembro de 2012.<br \/>A exist\u00eancia desta Lei significa um passo decisivo para a implementa\u00e7\u00e3o de a\u00e7\u00f5es de Seguran\u00e7a Alimentar e Nutricional \u2013 SAN, na perspectiva da realiza\u00e7\u00e3o do Direito Humano \u00e0 Alimenta\u00e7\u00e3o Adequada \u2013 DHAA.<br \/>O CONESAN est\u00e1 em festa!<br \/>Veja a Lei completa ao lado (clique e baixe)<\/p>\n<\/td>\n<\/tr>\n<tr>\n<td style=\"width: 32px; vertical-align: middle;\"><a href=\"https:\/\/goias.gov.br\/agricultura\/?p=2173\" target=\"_blank\" rel=\"noopener\"><img loading=\"lazy\" decoding=\"async\" class=\" size-full wp-image-3909\" title=\"Clique Aqui para Baixar!\" src=\"https:\/\/goias.gov.br\/agricultura\/wp-content\/uploads\/sites\/50\/2015\/02\/pdf-3c4.gif\" alt=\"\" width=\"32\" height=\"32\" border=\"0\" \/><\/a><\/td>\n<td>\n<p>Oficina Regional do SISAN \u2013 Centro-Oeste<\/p>\n<p>Ocorreu em Bras\u00edlia, de 10 a 11 de dezembro de 2012, a Oficina Regional de Constru\u00e7\u00e3o do Sistema Nacional de Seguran\u00e7a Alimentar e Nutricional (SISAN) na regi\u00e3o Centro- Oeste.<br \/>Veja mat\u00e9ria completa ao lado (clique e baixe)<\/p>\n<\/td>\n<\/tr>\n<tr>\n<td style=\"width: 32px; vertical-align: middle;\"><a href=\"https:\/\/goias.gov.br\/agricultura\/wp-content\/uploads\/sites\/50\/2015\/02\/noticia-seminario-sobre-o-dia-mundial-da-alimentacao-1d6.pdf\" target=\"_blank\" rel=\"noopener\"><img loading=\"lazy\" decoding=\"async\" class=\" size-full wp-image-3909\" title=\"Clique Aqui para Baixar!\" src=\"https:\/\/goias.gov.br\/agricultura\/wp-content\/uploads\/sites\/50\/2015\/02\/pdf-3c4.gif\" alt=\"\" width=\"32\" height=\"32\" border=\"0\" \/><\/a><\/td>\n<td>\n<p>NOT\u00cdCIA &#8211; Semin\u00e1rio sobre o Dia Mundial da Alimenta\u00e7\u00e3o<\/p>\n<p>Ocorreu no dia 16 de outro, no audit\u00f3rio da Seagro, em homenagem passagem do Dia Mundial da Alimenta\u00e7\u00e3o, o qual representa um chamamento aos pa\u00edses para a ado\u00e7\u00e3o de pol\u00edticas, programas e a\u00e7\u00f5es voltadas para eliminar a fome no mundo e assegurar a seguran\u00e7a alimentar dos povos<br \/>Veja mat\u00e9ria completa ao lado (clique e baixe)<\/p>\n<\/td>\n<\/tr>\n<tr>\n<td style=\"width: 32px; vertical-align: middle;\"><a href=\"https:\/\/goias.gov.br\/agricultura\/wp-content\/uploads\/sites\/50\/2015\/02\/noticia-carta-aberta-de-integrantes-do-forum-goiano-sobre-agrotoxicos-183.pdf\" target=\"_blank\" rel=\"noopener\"><img loading=\"lazy\" decoding=\"async\" class=\" size-full wp-image-3909\" title=\"Clique Aqui para Baixar!\" src=\"https:\/\/goias.gov.br\/agricultura\/wp-content\/uploads\/sites\/50\/2015\/02\/pdf-3c4.gif\" alt=\"\" width=\"32\" height=\"32\" border=\"0\" \/><\/a><\/td>\n<td>\n<p>NOT\u00cdCIA &#8211; CARTA ABERTA de integrantes do F\u00f3rum Goiano sobre agrot\u00f3xicos<\/p>\n<p>F\u00f3rum sobre Agrot\u00f3xicos \u00e9 uma organiza\u00e7\u00e3o da sociedade civil, constitu\u00eddo em 17 de novembro de 2011, e tem como um dos objetivo promover ampla discuss\u00e3o sobre os preju\u00edzos que o uso indiscriminado de agrot\u00f3xicos pode causar a sa\u00fade do trabalhador e do consumidor e tamb\u00e9m ao meio ambiente.<br \/>Veja mat\u00e9ria completa ao lado (clique e baixe)<\/p>\n<\/td>\n<\/tr>\n<tr>\n<td style=\"width: 32px; vertical-align: middle;\"><a href=\"https:\/\/goias.gov.br\/agricultura\/wp-content\/uploads\/sites\/50\/2015\/02\/oficina-nacional-sobre-a-consolidacao-do-sisan-821.pdf\" target=\"_blank\" rel=\"noopener\"><img loading=\"lazy\" decoding=\"async\" class=\" size-full wp-image-3909\" title=\"Clique Aqui para Baixar!\" src=\"https:\/\/goias.gov.br\/agricultura\/wp-content\/uploads\/sites\/50\/2015\/02\/pdf-3c4.gif\" alt=\"\" width=\"32\" height=\"32\" border=\"0\" \/><\/a><\/td>\n<td>\n<p>Oficina Nacional sobre a consolida\u00e7\u00e3o do SISAN<\/p>\n<p>Nos dias 28 e 29 de agosto aconteceu em Bras\u00edlia a Oficina Nacional sobre a consolida\u00e7\u00e3o do SISAN, tendo como p\u00fablico alvo gestores estaduais e municipais, conselheiros(as) nacionais e estaduais\/distrital de SAN, membros da CAISAN e convidados(as).<br \/>Veja mat\u00e9ria completa ao lado (clique e baixe)<\/p>\n<\/td>\n<\/tr>\n<tr>\n<td style=\"width: 32px; vertical-align: middle;\"><a href=\"https:\/\/goias.gov.br\/agricultura\/wp-content\/uploads\/sites\/50\/2015\/02\/presidenta-do-conesan-e-homenageada-0df.pdf\" target=\"_blank\" rel=\"noopener\"><img loading=\"lazy\" decoding=\"async\" class=\" size-full wp-image-3909\" title=\"Clique Aqui para Baixar!\" src=\"https:\/\/goias.gov.br\/agricultura\/wp-content\/uploads\/sites\/50\/2015\/02\/pdf-3c4.gif\" alt=\"\" width=\"32\" height=\"32\" border=\"0\" \/><\/a><\/td>\n<td>\n<p>Presidenta do CONESAN \u00e9 homenageada<\/p>\n<p>No dia 21 de agosto o Sindicato de Nutricionistas do Estado de Goi\u00e1s &#8211; Sineg, organizou um jantar comemorativo pelo Dia do Nutricionista, na Churrascaria Gramado, em Goi\u00e2nia.<br \/>Veja mat\u00e9ria completa ao lado (clique e baixe)<\/p>\n<\/td>\n<\/tr>\n<tr>\n<td style=\"width: 32px; vertical-align: middle;\"><a href=\"https:\/\/goias.gov.br\/agricultura\/wp-content\/uploads\/sites\/50\/2015\/02\/noticia-a-cpce-tem-nova-coordenacao-bbe.pdf\" target=\"_blank\" rel=\"noopener\"><img loading=\"lazy\" decoding=\"async\" class=\" size-full wp-image-3909\" title=\"Clique Aqui para Baixar!\" src=\"https:\/\/goias.gov.br\/agricultura\/wp-content\/uploads\/sites\/50\/2015\/02\/pdf-3c4.gif\" alt=\"\" width=\"32\" height=\"32\" border=\"0\" \/><\/a><\/td>\n<td>\n<p>NOT\u00cdCIA &#8211; A CPCE tem nova coordena\u00e7\u00e3o<\/p>\n<p>A Comiss\u00e3o de Presidentes de Conselhos Estaduais de Seguran\u00e7a Alimentar e Nutricional (CPCE) tem nova coordena\u00e7\u00e3o na gest\u00e3o 2012\/2013. A presidente da coordena\u00e7\u00e3o \u00e9 Katia Cilene de Mendon\u00e7a Almeida, presidenta do Consea-AP.<br \/>Tamb\u00e9m foram escolhidas para a coordena\u00e7\u00e3o Dulce Terezinha Oliveira da Cunha e Norma Sueli Marques da Costa Alberto, presidentes dos Conseas Goi\u00e1s e Piau\u00ed, respectivamente. Pela segunda vez a presidente do CONESAN-GO \u00e9 reconduzida \u00e0 Coordena\u00e7\u00e3o, a qual tamb\u00e9m j\u00e1 a presidiu.<br \/>Veja mat\u00e9ria completa ao lado (clique e baixe)<\/p>\n<\/td>\n<\/tr>\n<tr>\n<td style=\"width: 32px; vertical-align: middle;\"><a href=\"https:\/\/goias.gov.br\/agricultura\/wp-content\/uploads\/sites\/50\/2015\/02\/informacao-agrotoxico-f83.pdf\" target=\"_blank\" rel=\"noopener\"><img loading=\"lazy\" decoding=\"async\" class=\" size-full wp-image-3909\" title=\"Clique Aqui para Baixar!\" src=\"https:\/\/goias.gov.br\/agricultura\/wp-content\/uploads\/sites\/50\/2015\/02\/pdf-3c4.gif\" alt=\"\" width=\"32\" height=\"32\" border=\"0\" \/><\/a><\/td>\n<td>\n<p>INFORMA\u00c7\u00c3O &#8211; Agrot\u00f3xico<\/p>\n<p>Agrot\u00f3xico, piment\u00e3o e suco de laranja.<br \/>Texto trata do uso indiscriminado de agrot\u00f3xico<br \/>Autor: Jos\u00e9 Agenor \u00c1lvares da Silva<br \/>Diretor da Ag\u00eancia Nacional de Vigil\u00e2ncia Sanit\u00e1ria (Anvisa)<\/p>\n<\/td>\n<\/tr>\n<tr>\n<td style=\"width: 32px; vertical-align: middle;\"><a href=\"https:\/\/goias.gov.br\/agricultura\/wp-content\/uploads\/sites\/50\/2015\/02\/informacao-4a.-cnsan-carta-de-salvador-ba-39f.pdf\" target=\"_blank\" rel=\"noopener\"><img loading=\"lazy\" decoding=\"async\" class=\" size-full wp-image-3909\" title=\"Clique Aqui para Baixar!\" src=\"https:\/\/goias.gov.br\/agricultura\/wp-content\/uploads\/sites\/50\/2015\/02\/pdf-3c4.gif\" alt=\"\" width=\"32\" height=\"32\" border=\"0\" \/><\/a><\/td>\n<td>\n<p>INFORMA\u00c7\u00c3O &#8211; 4\u00aa CNSAN &#8211; Carta de Salvador (BA)<\/p>\n<p>Reportagem da Presidente Dulce Terezinha<\/p>\n<\/td>\n<\/tr>\n<tr>\n<td style=\"width: 32px; vertical-align: middle;\"><a href=\"https:\/\/goias.gov.br\/agricultura\/wp-content\/uploads\/sites\/50\/2015\/02\/informacao-4a.-cnsan-declaracao-d4f.pdf\" target=\"_blank\" rel=\"noopener\"><img loading=\"lazy\" decoding=\"async\" class=\" size-full wp-image-3909\" title=\"Clique Aqui para Baixar!\" src=\"https:\/\/goias.gov.br\/agricultura\/wp-content\/uploads\/sites\/50\/2015\/02\/pdf-3c4.gif\" alt=\"\" width=\"32\" height=\"32\" border=\"0\" \/><\/a><\/td>\n<td>\n<p>INFORMA\u00c7\u00c3O &#8211; 4\u00aa CNSAN &#8211; Declara\u00e7\u00e3o<\/p>\n<p>Declara\u00e7\u00e3o Pelo Direito Humano \u00e0 Alimenta\u00e7\u00e3o Adequada e Saud\u00e1vel &#8211; A 4\u00aa CNSAN reuniu na cidade de Salvador (BA), entre 07 e 10 de Novembro de 2011- Deliberou.<\/p>\n<\/td>\n<\/tr>\n<tr>\n<td style=\"width: 32px; vertical-align: middle;\"><a href=\"https:\/\/goias.gov.br\/agricultura\/wp-content\/uploads\/sites\/50\/2015\/02\/documento-decreto-no.-7.272-de-25-de-agosto-de-2010-3f4.pdf\" target=\"_blank\" rel=\"noopener\"><img loading=\"lazy\" decoding=\"async\" class=\" size-full wp-image-3909\" title=\"Clique Aqui para Baixar!\" src=\"https:\/\/goias.gov.br\/agricultura\/wp-content\/uploads\/sites\/50\/2015\/02\/pdf-3c4.gif\" alt=\"\" width=\"32\" height=\"32\" border=\"0\" \/><\/a><\/td>\n<td>\n<p>DOCUMENTO &#8211; Decreto N\u00ba 7.272, de 25 de agosto de 2010<\/p>\n<p>Regulamenta a Lei no 11.346, de 15 de setembro de 2006, que cria o Sistema Nacional de Seguran\u00e7a Alimentar e Nutricional &#8211; SISAN.<br \/>Estabelece os par\u00e2metros para a elabora\u00e7\u00e3o do Plano Nacional de Seguran\u00e7a Alimentar e Nutricional, e d\u00e1 outras provid\u00eancias.<\/p>\n<\/td>\n<\/tr>\n<tr>\n<td style=\"width: 32px; vertical-align: middle;\"><a href=\"https:\/\/goias.gov.br\/agricultura\/wp-content\/uploads\/sites\/50\/2015\/02\/documento-decreto-no.-5.997-de-20-de-agosto-de-2004-161.pdf\" target=\"_blank\" rel=\"noopener\"><img loading=\"lazy\" decoding=\"async\" class=\" size-full wp-image-3909\" title=\"Clique Aqui para Baixar!\" src=\"https:\/\/goias.gov.br\/agricultura\/wp-content\/uploads\/sites\/50\/2015\/02\/pdf-3c4.gif\" alt=\"\" width=\"32\" height=\"32\" border=\"0\" \/><\/a><\/td>\n<td>\n<p>DOCUMENTO &#8211; Decreto n\u00ba 5.997, de 20 de agosto de 2004<\/p>\n<p>Cria o Conselho Estadual de Seguran\u00e7a Alimentar e Nutricional (CONESAN-GO) e d\u00e1 outras provid\u00eancias.<\/p>\n<\/td>\n<\/tr>\n<tr>\n<td style=\"width: 32px; vertical-align: middle;\"><a href=\"https:\/\/www.sed.go.gov.br\/post\/ver\/206707\/conesan-realiza-reuniao-ordinaria-e-apresenta-balanco-de-acoes\" target=\"_blank\" rel=\"noopener\"><img loading=\"lazy\" decoding=\"async\" class=\" size-full wp-image-3909\" title=\"Clique Aqui para Baixar!\" src=\"https:\/\/goias.gov.br\/agricultura\/wp-content\/uploads\/sites\/50\/2015\/02\/pdf-3c4.gif\" alt=\"\" width=\"32\" height=\"32\" border=\"0\" \/><\/a><\/td>\n<td>\n<p>DOCUMENTO &#8211; Conesan realiza reuni\u00e3o ordin\u00e1ria e apresenta balan\u00e7o de a\u00e7\u00f5es<\/p>\n<p>Superintendente executivo de Agricultura da SED, Ant\u00f4nio Fl\u00e1vio de Lima tamb\u00e9m participou do encontro de trabalho<\/p>\n<\/td>\n<\/tr>\n<\/tbody>\n<\/table>","protected":false},"excerpt":{"rendered":"<p>Conselho Estadual de Seguran\u00e7a Alimentar e Nutricional de Goi\u00e1s (CONESAN-GO) tem como objetivo deliberar, propor e monitorar a\u00e7\u00f5es e pol\u00edticas de seguran\u00e7a alimentar e nutricional sustent\u00e1vel no \u00e2mbito do Estado de Goi\u00e1s e \u00e9 um instrumento de articula\u00e7\u00e3o entre governo e sociedade civil na proposi\u00e7\u00e3o de diretrizes para pol\u00edticas e a\u00e7\u00f5es na \u00e1rea da alimenta\u00e7\u00e3o [&hellip;]<\/p>\n","protected":false},"author":7,"featured_media":0,"comment_status":"closed","ping_status":"open","sticky":false,"template":"","format":"standard","meta":{"footnotes":""},"categories":[2],"tags":[],"class_list":["post-4120","post","type-post","status-publish","format-standard","hentry","category-institucional"],"rttpg_featured_image_url":null,"rttpg_author":{"display_name":"gustavogoncalves","author_link":"https:\/\/goias.gov.br\/agricultura\/author\/gustavogoncalves\/"},"rttpg_comment":0,"rttpg_category":"<a href=\"https:\/\/goias.gov.br\/agricultura\/categoria\/institucional\/\" rel=\"category tag\">Institucional<\/a>","rttpg_excerpt":"Conselho Estadual de Seguran\u00e7a Alimentar e Nutricional de Goi\u00e1s (CONESAN-GO) tem como objetivo deliberar, propor e monitorar a\u00e7\u00f5es e pol\u00edticas de seguran\u00e7a alimentar e nutricional sustent\u00e1vel no \u00e2mbito do Estado de Goi\u00e1s e \u00e9 um instrumento de articula\u00e7\u00e3o entre governo e sociedade civil na proposi\u00e7\u00e3o de diretrizes para pol\u00edticas e a\u00e7\u00f5es na \u00e1rea da alimenta\u00e7\u00e3o&hellip;","_links":{"self":[{"href":"https:\/\/goias.gov.br\/agricultura\/wp-json\/wp\/v2\/posts\/4120","targetHints":{"allow":["GET"]}}],"collection":[{"href":"https:\/\/goias.gov.br\/agricultura\/wp-json\/wp\/v2\/posts"}],"about":[{"href":"https:\/\/goias.gov.br\/agricultura\/wp-json\/wp\/v2\/types\/post"}],"author":[{"embeddable":true,"href":"https:\/\/goias.gov.br\/agricultura\/wp-json\/wp\/v2\/users\/7"}],"replies":[{"embeddable":true,"href":"https:\/\/goias.gov.br\/agricultura\/wp-json\/wp\/v2\/comments?post=4120"}],"version-history":[{"count":2,"href":"https:\/\/goias.gov.br\/agricultura\/wp-json\/wp\/v2\/posts\/4120\/revisions"}],"predecessor-version":[{"id":31876,"href":"https:\/\/goias.gov.br\/agricultura\/wp-json\/wp\/v2\/posts\/4120\/revisions\/31876"}],"wp:attachment":[{"href":"https:\/\/goias.gov.br\/agricultura\/wp-json\/wp\/v2\/media?parent=4120"}],"wp:term":[{"taxonomy":"category","embeddable":true,"href":"https:\/\/goias.gov.br\/agricultura\/wp-json\/wp\/v2\/categories?post=4120"},{"taxonomy":"post_tag","embeddable":true,"href":"https:\/\/goias.gov.br\/agricultura\/wp-json\/wp\/v2\/tags?post=4120"}],"curies":[{"name":"wp","href":"https:\/\/api.w.org\/{rel}","templated":true}]}}