

{"id":38738,"date":"2025-01-14T16:47:05","date_gmt":"2025-01-14T19:47:05","guid":{"rendered":"https:\/\/goias.gov.br\/agricultura\/?p=38738"},"modified":"2025-09-18T13:52:08","modified_gmt":"2025-09-18T16:52:08","slug":"acordo-de-cooperacao-2025","status":"publish","type":"post","link":"https:\/\/goias.gov.br\/agricultura\/acordo-de-cooperacao-2025\/","title":{"rendered":"Acordo de Coopera\u00e7\u00e3o 2025"},"content":{"rendered":"\n<p><\/p>\n\n\n\n<p><strong>Acordo de Coopera\u00e7\u00e3o T\u00e9cnica n.\u00b0 011\/2025<\/strong><\/p>\n\n\n\n<p>Processo n.\u00ba 202317647004150<\/p>\n\n\n\n<p><strong>Objeto:<\/strong>\u00a0Acordo visa estabelecer a colabora\u00e7\u00e3o e integra\u00e7\u00e3o de esfor\u00e7os entre a SEAPA e o Munic\u00edpio de Teresina de Goi\u00e1s, com foco principal na aloca\u00e7\u00e3o de um servidor municipal para facilitar as tratativas relacionadas \u00e0 Regulariza\u00e7\u00e3o Fundi\u00e1ria de Terras Devolutas no munic\u00edpio.<\/p>\n\n\n\n<p><strong><strong>Vig\u00eancia:\u00a0<\/strong><\/strong>In\u00edcio: 08\/09\/2025                       Fim: 07\/09\/2028<\/p>\n\n\n\n<p><strong>Documentos:<\/strong><\/p>\n\n\n\n<p>08\/09\/2025 \u2013 <a href=\"https:\/\/goias.gov.br\/agricultura\/wp-content\/uploads\/sites\/50\/2025\/09\/Act-011.pdf\" data-type=\"link\" data-id=\"https:\/\/goias.gov.br\/agricultura\/wp-content\/uploads\/sites\/50\/2025\/09\/Act-011.pdf\" target=\"_blank\" rel=\"noreferrer noopener\">Acordo_de_Coopera\u00e7\u00e3o_011_2025.pdf<\/a><\/p>\n\n\n\n<p>10\/09\/2025 \u2013 <a href=\"https:\/\/goias.gov.br\/agricultura\/wp-content\/uploads\/sites\/50\/2025\/09\/DOE-Act-011.pdf\" data-type=\"link\" data-id=\"https:\/\/goias.gov.br\/agricultura\/wp-content\/uploads\/sites\/50\/2025\/09\/DOE-Act-011.pdf\" target=\"_blank\" rel=\"noreferrer noopener\">Publica\u00e7\u00e3o_DOE.pdf<\/a><\/p>\n\n\n\n<hr class=\"wp-block-separator has-alpha-channel-opacity\" \/>\n\n\n\n<p><strong>Acordo de Coopera\u00e7\u00e3o T\u00e9cnica n.\u00b0 010\/2025<\/strong><\/p>\n\n\n\n<p>Processo n.\u00ba 202317647004150<\/p>\n\n\n\n<p><strong>Objeto:<\/strong>\u00a0Acordo visa estabelecer a colabora\u00e7\u00e3o e integra\u00e7\u00e3o de esfor\u00e7os entre a SEAPA e o Munic\u00edpio de S\u00e3o Jo\u00e3o D&#8217;Alian\u00e7a, com foco principal na aloca\u00e7\u00e3o de um servidor municipal para facilitar as tratativas relacionadas \u00e0 Regulariza\u00e7\u00e3o Fundi\u00e1ria de Terras Devolutas no munic\u00edpio.<\/p>\n\n\n\n<p><strong><strong>Vig\u00eancia:\u00a0<\/strong><\/strong>In\u00edcio: 08\/09\/2025                        Fim: 07\/09\/2028<\/p>\n\n\n\n<p><strong>Documentos:<\/strong><\/p>\n\n\n\n<p>08\/09\/2025 \u2013 <a href=\"https:\/\/goias.gov.br\/agricultura\/wp-content\/uploads\/sites\/50\/2025\/09\/Act-010.pdf\" data-type=\"link\" data-id=\"https:\/\/goias.gov.br\/agricultura\/wp-content\/uploads\/sites\/50\/2025\/09\/Act-010.pdf\" target=\"_blank\" rel=\"noreferrer noopener\">Acordo_de_Coopera\u00e7\u00e3o_010_2025.pdf<\/a><\/p>\n\n\n\n<p>10\/09\/2025 \u2013 <a href=\"https:\/\/goias.gov.br\/agricultura\/wp-content\/uploads\/sites\/50\/2025\/09\/DOE-Act-010.pdf\" data-type=\"link\" data-id=\"https:\/\/goias.gov.br\/agricultura\/wp-content\/uploads\/sites\/50\/2025\/09\/DOE-Act-010.pdf\" target=\"_blank\" rel=\"noreferrer noopener\">Publica\u00e7\u00e3o_DOE.pdf<\/a><\/p>\n\n\n\n<hr class=\"wp-block-separator has-alpha-channel-opacity\" \/>\n\n\n\n<p><strong>Acordo de Coopera\u00e7\u00e3o T\u00e9cnica n.\u00b0 009\/2025<\/strong><\/p>\n\n\n\n<p>Processo n.\u00ba 202317647004150<\/p>\n\n\n\n<p><strong>Objeto:<\/strong>\u00a0Acordo visa estabelecer a colabora\u00e7\u00e3o e integra\u00e7\u00e3o de esfor\u00e7os entre a SEAPA e o Munic\u00edpio de Niquel\u00e2ndia, com foco principal na aloca\u00e7\u00e3o de um servidor municipal para facilitar as tratativas relacionadas \u00e0 Regulariza\u00e7\u00e3o Fundi\u00e1ria de Terras Devolutas no munic\u00edpio.<\/p>\n\n\n\n<p><strong><strong>Vig\u00eancia:\u00a0<\/strong><\/strong>In\u00edcio: 08\/09\/2025                        Fim: 07\/09\/2028<\/p>\n\n\n\n<p><strong>Documentos:<\/strong><\/p>\n\n\n\n<p>08\/09\/2025 \u2013 <a href=\"https:\/\/goias.gov.br\/agricultura\/wp-content\/uploads\/sites\/50\/2025\/09\/Act-009.pdf\" data-type=\"link\" data-id=\"https:\/\/goias.gov.br\/agricultura\/wp-content\/uploads\/sites\/50\/2025\/09\/Act-009.pdf\" target=\"_blank\" rel=\"noreferrer noopener\">Acordo_de_Coopera\u00e7\u00e3o_009_2025.pdf<\/a><\/p>\n\n\n\n<p>10\/09\/2025 \u2013 <a href=\"https:\/\/goias.gov.br\/agricultura\/wp-content\/uploads\/sites\/50\/2025\/09\/DOE-Act-009.pdf\" data-type=\"link\" data-id=\"https:\/\/goias.gov.br\/agricultura\/wp-content\/uploads\/sites\/50\/2025\/09\/DOE-Act-009.pdf\" target=\"_blank\" rel=\"noreferrer noopener\">Publica\u00e7\u00e3o_DOE.pdf<\/a><\/p>\n\n\n\n<hr class=\"wp-block-separator has-alpha-channel-opacity\" \/>\n\n\n\n<p><strong>Acordo de Coopera\u00e7\u00e3o T\u00e9cnica n.\u00b0 008\/2025<\/strong><\/p>\n\n\n\n<p>Processo n.\u00ba 202317647004150<\/p>\n\n\n\n<p><strong>Objeto:<\/strong>\u00a0Acordo visa estabelecer a colabora\u00e7\u00e3o e integra\u00e7\u00e3o de esfor\u00e7os entre a SEAPA e o Munic\u00edpio de Nova Roma, com foco principal na aloca\u00e7\u00e3o de um servidor municipal para facilitar as tratativas relacionadas \u00e0 Regulariza\u00e7\u00e3o Fundi\u00e1ria de Terras Devolutas no munic\u00edpio.<\/p>\n\n\n\n<p><strong><strong>Vig\u00eancia:\u00a0<\/strong><\/strong>In\u00edcio: 08\/09\/2025                         Fim: 07\/09\/2028<\/p>\n\n\n\n<p><strong>Documentos:<\/strong><\/p>\n\n\n\n<p>08\/09\/2025 \u2013 <a href=\"https:\/\/goias.gov.br\/agricultura\/wp-content\/uploads\/sites\/50\/2025\/09\/Act-008.pdf\" data-type=\"link\" data-id=\"https:\/\/goias.gov.br\/agricultura\/wp-content\/uploads\/sites\/50\/2025\/09\/Act-008.pdf\" target=\"_blank\" rel=\"noreferrer noopener\">Acordo_de_Coopera\u00e7\u00e3o_008_2025.pdf<\/a><\/p>\n\n\n\n<p>10\/09\/2025 \u2013 <a href=\"https:\/\/goias.gov.br\/agricultura\/wp-content\/uploads\/sites\/50\/2025\/09\/DOE-Act-008.pdf\" data-type=\"link\" data-id=\"https:\/\/goias.gov.br\/agricultura\/wp-content\/uploads\/sites\/50\/2025\/09\/DOE-Act-008.pdf\" target=\"_blank\" rel=\"noreferrer noopener\">Publica\u00e7\u00e3o_DOE.pdf<\/a><\/p>\n\n\n\n<hr class=\"wp-block-separator has-alpha-channel-opacity\" \/>\n\n\n\n<p><strong>Acordo de Coopera\u00e7\u00e3o T\u00e9cnica n.\u00b0 007\/2025<\/strong><\/p>\n\n\n\n<p>Processo n.\u00ba 202317647004150<\/p>\n\n\n\n<p><strong>Objeto:<\/strong>\u00a0Acordo visa estabelecer a colabora\u00e7\u00e3o e integra\u00e7\u00e3o de esfor\u00e7os entre a SEAPA e o Munic\u00edpio de Colinas do Sul, com foco principal na aloca\u00e7\u00e3o de um servidor municipal para facilitar as tratativas relacionadas \u00e0 Regulariza\u00e7\u00e3o Fundi\u00e1ria de Terras Devolutas no munic\u00edpio.<\/p>\n\n\n\n<p><strong><strong>Vig\u00eancia:\u00a0<\/strong><\/strong>In\u00edcio: 08\/09\/2025                          Fim: 07\/09\/2028<\/p>\n\n\n\n<p><strong>Documentos:<\/strong><\/p>\n\n\n\n<p>08\/09\/2025 \u2013 <a href=\"https:\/\/goias.gov.br\/agricultura\/wp-content\/uploads\/sites\/50\/2025\/09\/Act-007.pdf\" data-type=\"link\" data-id=\"https:\/\/goias.gov.br\/agricultura\/wp-content\/uploads\/sites\/50\/2025\/09\/Act-007.pdf\" target=\"_blank\" rel=\"noreferrer noopener\">Acordo_de_Coopera\u00e7\u00e3o_007_2025.pdf<\/a><\/p>\n\n\n\n<p>10\/09\/2025 \u2013 <a href=\"https:\/\/goias.gov.br\/agricultura\/wp-content\/uploads\/sites\/50\/2025\/09\/DOE-Act-007.pdf\" data-type=\"link\" data-id=\"https:\/\/goias.gov.br\/agricultura\/wp-content\/uploads\/sites\/50\/2025\/09\/DOE-Act-007.pdf\" target=\"_blank\" rel=\"noreferrer noopener\">Publica\u00e7\u00e3o_DOE.pdf<\/a><\/p>\n\n\n\n<hr class=\"wp-block-separator has-alpha-channel-opacity\" \/>\n\n\n\n<p><strong>Acordo de Coopera\u00e7\u00e3o T\u00e9cnica n.\u00b0 006\/2025<\/strong><\/p>\n\n\n\n<p>Processo n.\u00ba 202317647004150<\/p>\n\n\n\n<p><strong>Objeto:<\/strong>\u00a0Acordo visa estabelecer a colabora\u00e7\u00e3o e integra\u00e7\u00e3o de esfor\u00e7os entre a SEAPA e o Munic\u00edpio de Cavalcante, com foco principal na aloca\u00e7\u00e3o de um servidor municipal para facilitar as tratativas relacionadas \u00e0 Regulariza\u00e7\u00e3o Fundi\u00e1ria de Terras Devolutas no munic\u00edpio.<\/p>\n\n\n\n<p><strong><strong>Vig\u00eancia:\u00a0<\/strong><\/strong>In\u00edcio: 08\/09\/2025                         Fim: 07\/09\/2028<\/p>\n\n\n\n<p><strong>Documentos:<\/strong><\/p>\n\n\n\n<p>08\/09\/2025 \u2013 <a href=\"https:\/\/goias.gov.br\/agricultura\/wp-content\/uploads\/sites\/50\/2025\/09\/Act-006.pdf\" data-type=\"link\" data-id=\"https:\/\/goias.gov.br\/agricultura\/wp-content\/uploads\/sites\/50\/2025\/09\/Act-006.pdf\" target=\"_blank\" rel=\"noreferrer noopener\">Acordo_de_Coopera\u00e7\u00e3o_006_2025.pdf<\/a><\/p>\n\n\n\n<p>10\/09\/2025 \u2013 <a href=\"https:\/\/goias.gov.br\/agricultura\/wp-content\/uploads\/sites\/50\/2025\/09\/DOE-Act-006.pdf\" data-type=\"link\" data-id=\"https:\/\/goias.gov.br\/agricultura\/wp-content\/uploads\/sites\/50\/2025\/09\/DOE-Act-006.pdf\" target=\"_blank\" rel=\"noreferrer noopener\">Publica\u00e7\u00e3o_DOE.pdf<\/a><\/p>\n\n\n\n<hr class=\"wp-block-separator has-alpha-channel-opacity\" \/>\n\n\n\n<p><strong>Acordo de Coopera\u00e7\u00e3o T\u00e9cnica n.\u00b0 005\/2025<\/strong><\/p>\n\n\n\n<p>Processo n.\u00ba 202317647004150<\/p>\n\n\n\n<p><strong>Objeto:<\/strong>\u00a0Acordo visa estabelecer a colabora\u00e7\u00e3o e integra\u00e7\u00e3o de esfor\u00e7os entre a SEAPA e o Munic\u00edpio de Alto Para\u00edso de Goi\u00e1s, com foco principal na aloca\u00e7\u00e3o de um servidor municipal para facilitar as tratativas relacionadas \u00e0 Regulariza\u00e7\u00e3o Fundi\u00e1ria de Terras Devolutas no munic\u00edpio.<\/p>\n\n\n\n<p><strong><strong>Vig\u00eancia:\u00a0<\/strong><\/strong>In\u00edcio: 08\/09\/2025                           Fim: 07\/09\/2028<\/p>\n\n\n\n<p><strong>Documentos:<\/strong><\/p>\n\n\n\n<p>08\/09\/2025 \u2013 <a href=\"https:\/\/goias.gov.br\/agricultura\/wp-content\/uploads\/sites\/50\/2025\/09\/Act-005.pdf\" data-type=\"link\" data-id=\"https:\/\/goias.gov.br\/agricultura\/wp-content\/uploads\/sites\/50\/2025\/09\/Act-005.pdf\" target=\"_blank\" rel=\"noreferrer noopener\">Acordo_de_Coopera\u00e7\u00e3o_005_2025.pdf<\/a><\/p>\n\n\n\n<p>10\/09\/2025 \u2013 <a href=\"https:\/\/goias.gov.br\/agricultura\/wp-content\/uploads\/sites\/50\/2025\/09\/DOE-Act-005.pdf\" data-type=\"link\" data-id=\"https:\/\/goias.gov.br\/agricultura\/wp-content\/uploads\/sites\/50\/2025\/09\/DOE-Act-005.pdf\" target=\"_blank\" rel=\"noreferrer noopener\">Publica\u00e7\u00e3o_DOE.pdf<\/a><\/p>\n\n\n\n<hr class=\"wp-block-separator has-alpha-channel-opacity\" \/>\n\n\n\n<p><strong>Acordo de Coopera\u00e7\u00e3o T\u00e9cnica n.\u00b0 004\/2025<\/strong><\/p>\n\n\n\n<p>Processo n.\u00ba 202517647002256<\/p>\n\n\n\n<p><strong>Objeto:<\/strong>\u00a0Promo\u00e7\u00e3o da inclus\u00e3o produtiva com a implanta\u00e7\u00e3o de sistemas de irriga\u00e7\u00e3o e assist\u00eancia t\u00e9cnica para o plantio de frut\u00edferas em propriedades rurais de pequenos produtores, oriundos da reforma agr\u00e1ria, localizados na regi\u00e3o nordeste do Estado de Goi\u00e1s, nos Munic\u00edpios de Flores de Goi\u00e1s, Formosa e S\u00e3o Jo\u00e3o D&#8217; Alian\u00e7a.<\/p>\n\n\n\n<p><strong><strong>Vig\u00eancia:\u00a0<\/strong><\/strong>In\u00edcio: 27\/08\/2025                            Fim: 26\/04\/2028<\/p>\n\n\n\n<p><strong>Documentos:<\/strong><\/p>\n\n\n\n<p>27\/08\/2025 \u2013 <a href=\"https:\/\/goias.gov.br\/agricultura\/wp-content\/uploads\/sites\/50\/2025\/09\/Act-004.pdf\" data-type=\"link\" data-id=\"https:\/\/goias.gov.br\/agricultura\/wp-content\/uploads\/sites\/50\/2025\/09\/Act-004.pdf\" target=\"_blank\" rel=\"noreferrer noopener\">Acordo_de_Coopera\u00e7\u00e3o_004_2025.pdf<\/a><\/p>\n\n\n\n<p>28\/08\/2025 \u2013 <a href=\"https:\/\/goias.gov.br\/agricultura\/wp-content\/uploads\/sites\/50\/2025\/09\/DOE-Act-004.pdf\" data-type=\"link\" data-id=\"https:\/\/goias.gov.br\/agricultura\/wp-content\/uploads\/sites\/50\/2025\/09\/DOE-Act-004.pdf\" target=\"_blank\" rel=\"noreferrer noopener\">Publica\u00e7\u00e3o_DOE.pdf<\/a><\/p>\n\n\n\n<hr class=\"wp-block-separator has-alpha-channel-opacity\" \/>\n\n\n\n<p><strong>Acordo de Coopera\u00e7\u00e3o T\u00e9cnica n.\u00b0 003\/2025<\/strong><\/p>\n\n\n\n<p>Processo n.\u00ba 202417647001969<\/p>\n\n\n\n<p><strong>Objeto:<\/strong>&nbsp;Formaliza\u00e7\u00e3o de parceria entre a&nbsp;Secretaria de Estado de Infraestrutura &#8211; SEINFRA e a&nbsp;Secretaria de Estado de Agricultura, Pecu\u00e1ria e Abastecimento &#8211; SEAPA para elabora\u00e7\u00e3o de projetos e contrata\u00e7\u00e3o de empresa especializada para execu\u00e7\u00e3o da obra da agroind\u00fastria de produ\u00e7\u00e3o de polpas de frutas em Flores de Goi\u00e1s, relacionada ao Programa de Fruticultura irrigada do V\u00e3o do Paran\u00e3<\/p>\n\n\n\n<p><strong><strong>Vig\u00eancia:\u00a0<\/strong><\/strong>In\u00edcio: 16\/01\/2025                            Fim: 15\/01\/2026<\/p>\n\n\n\n<p><strong>Documentos:<\/strong><\/p>\n\n\n\n<p><a href=\"https:\/\/goias.gov.br\/agricultura\/wp-content\/uploads\/sites\/50\/2025\/03\/act-003.pdf\" target=\"_blank\" rel=\"noreferrer noopener\">15\/01\/2025 \u2013 Acordo_de_Coopera\u00e7\u00e3o_003_2025.pdf<\/a><\/p>\n\n\n\n<p><a href=\"https:\/\/goias.gov.br\/agricultura\/wp-content\/uploads\/sites\/50\/2025\/03\/act-.-doe003.pdf\" target=\"_blank\" rel=\"noreferrer noopener\">17\/01\/2025 \u2013 Publica\u00e7\u00e3o_DOE.pdf<\/a><\/p>\n\n\n\n<hr class=\"wp-block-separator has-alpha-channel-opacity\" \/>\n\n\n\n<p><strong>Acordo de Coopera\u00e7\u00e3o T\u00e9cnica n.\u00b0 002\/2025<\/strong><\/p>\n\n\n\n<p>Processo n.\u00ba 202417647000585<\/p>\n\n\n\n<p><strong>Objeto:<\/strong>&nbsp;<strong>Acordo de Coopera\u00e7\u00e3o T\u00e9cnica<\/strong>&nbsp;a coopera\u00e7\u00e3o entre os part\u00edcipes para promo\u00e7\u00e3o da inclus\u00e3o produtiva com<strong>&nbsp;<\/strong>assist\u00eancia t\u00e9cnica e gerencial&nbsp;(ATeG)&nbsp;para o plantio de esp\u00e9cies frut\u00edcolas em propriedades rurais de pequenos produtores, oriundos da reforma agr\u00e1ria,&nbsp;localizados na regi\u00e3o nordeste do Estado de Goi\u00e1s, nos Munic\u00edpios de Flores de Goi\u00e1s, Formosa e S\u00e3o Jo\u00e3o d&#8217;Alian\u00e7a.<\/p>\n\n\n\n<p><strong><strong>Vig\u00eancia:\u00a0<\/strong><\/strong>In\u00edcio: 15\/01\/2025                      Fim: 14\/01\/2026<\/p>\n\n\n\n<p><strong>Documentos:<\/strong><\/p>\n\n\n\n<p><a href=\"https:\/\/goias.gov.br\/agricultura\/wp-content\/uploads\/sites\/50\/2025\/03\/act-002.pdf\" target=\"_blank\" rel=\"noreferrer noopener\">15\/01\/2025 \u2013 Acordo_de_Coopera\u00e7\u00e3o_002_2025.pdf<\/a><\/p>\n\n\n\n<p><a href=\"https:\/\/goias.gov.br\/agricultura\/wp-content\/uploads\/sites\/50\/2025\/03\/act-.-doe.pdf\" target=\"_blank\" rel=\"noreferrer noopener\">16\/01\/2025 \u2013 Publica\u00e7\u00e3o_DOE.pdf<\/a><\/p>\n\n\n\n<hr class=\"wp-block-separator has-alpha-channel-opacity\" \/>\n\n\n\n<p><strong>Acordo de Coopera\u00e7\u00e3o T\u00e9cnica n.\u00b0 001\/2025<\/strong><\/p>\n\n\n\n<p>Processo n.\u00ba 202417647004522<\/p>\n\n\n\n<p><strong>Objeto:&nbsp;<\/strong>&nbsp;Constitui objeto deste&nbsp;<strong>Acordo de Coopera\u00e7\u00e3o T\u00e9cnica<\/strong>&nbsp;a conjuga\u00e7\u00e3o m\u00fatua de esfor\u00e7os entre os part\u00edcipes para promo\u00e7\u00e3o de atividades conjuntas visando ampliar a \u00e1rea ocupada com sistemas de Integra\u00e7\u00e3o lavoura-pecu\u00e1ria-\ufb02oresta (ILPF) em Goi\u00e1s, por meio da difus\u00e3o da tecnologia atrav\u00e9s de eventos de transfer\u00eancia de tecnologia como dias de campo, reuni\u00f5es t\u00e9cnicas, workshops, entre outros; da qualifica\u00e7\u00e3o profissional para os t\u00e9cnicos de assist\u00eancia rural acerca de sistemas integrados ILPF; da realiza\u00e7\u00e3o de diagn\u00f3sticos de adotabilidade da tecnologia, assim como, da \u00e1rea de ILPF em uso, como forma de levantamento dos gargalos e potencialidades para a ado\u00e7\u00e3o, notadamente, daqueles sistemas que contemplem o componente florestal.<\/p>\n\n\n\n<p><strong>Vig\u00eancia:\u00a0<\/strong>In\u00edcio: 08\/01\/2024                    Fim: 07\/01\/2027<\/p>\n\n\n\n<p><strong>Documentos:<\/strong><\/p>\n\n\n\n<p><a href=\"https:\/\/goias.gov.br\/agricultura\/wp-content\/uploads\/sites\/50\/2025\/01\/SEI_GOVERNADORIA-69103038-Acordo-de-Cooperacao-Tecnica.pdf\" target=\"_blank\" rel=\"noreferrer noopener\">08\/01\/2025 \u2013 Acordo_de_Coopera\u00e7\u00e3o_001_2025.pdf<\/a><\/p>\n\n\n\n<p><a href=\"https:\/\/goias.gov.br\/agricultura\/wp-content\/uploads\/sites\/50\/2025\/01\/extrato_ACT_STELLA_1.pdf\" target=\"_blank\" rel=\"noreferrer noopener\">13\/01\/2025 \u2013 Publica\u00e7\u00e3o_DOE.pdf<\/a><\/p>\n","protected":false},"excerpt":{"rendered":"<p>Acordo de Coopera\u00e7\u00e3o T\u00e9cnica n.\u00b0 011\/2025 Processo n.\u00ba 202317647004150 Objeto:\u00a0Acordo visa estabelecer a colabora\u00e7\u00e3o e integra\u00e7\u00e3o de esfor\u00e7os entre a SEAPA e o Munic\u00edpio de Teresina de Goi\u00e1s, com foco principal na aloca\u00e7\u00e3o de um servidor municipal para facilitar as tratativas relacionadas \u00e0 Regulariza\u00e7\u00e3o Fundi\u00e1ria de Terras Devolutas no munic\u00edpio. Vig\u00eancia:\u00a0In\u00edcio: 08\/09\/2025 Fim: 07\/09\/2028 Documentos: [&hellip;]<\/p>\n","protected":false},"author":295,"featured_media":0,"comment_status":"closed","ping_status":"open","sticky":false,"template":"","format":"standard","meta":{"footnotes":""},"categories":[11],"tags":[],"class_list":["post-38738","post","type-post","status-publish","format-standard","hentry","category-licitacoes"],"rttpg_featured_image_url":null,"rttpg_author":{"display_name":"rafaelcorreia","author_link":"https:\/\/goias.gov.br\/agricultura\/author\/rafaelcorreia\/"},"rttpg_comment":0,"rttpg_category":"<a href=\"https:\/\/goias.gov.br\/agricultura\/categoria\/licitacoes\/\" rel=\"category tag\">Ger\u00eancia de Compras Governamentais<\/a>","rttpg_excerpt":"Acordo de Coopera\u00e7\u00e3o T\u00e9cnica n.\u00b0 011\/2025 Processo n.\u00ba 202317647004150 Objeto:\u00a0Acordo visa estabelecer a colabora\u00e7\u00e3o e integra\u00e7\u00e3o de esfor\u00e7os entre a SEAPA e o Munic\u00edpio de Teresina de Goi\u00e1s, com foco principal na aloca\u00e7\u00e3o de um servidor municipal para facilitar as tratativas relacionadas \u00e0 Regulariza\u00e7\u00e3o Fundi\u00e1ria de Terras Devolutas no munic\u00edpio. Vig\u00eancia:\u00a0In\u00edcio: 08\/09\/2025 Fim: 07\/09\/2028 Documentos:&hellip;","_links":{"self":[{"href":"https:\/\/goias.gov.br\/agricultura\/wp-json\/wp\/v2\/posts\/38738","targetHints":{"allow":["GET"]}}],"collection":[{"href":"https:\/\/goias.gov.br\/agricultura\/wp-json\/wp\/v2\/posts"}],"about":[{"href":"https:\/\/goias.gov.br\/agricultura\/wp-json\/wp\/v2\/types\/post"}],"author":[{"embeddable":true,"href":"https:\/\/goias.gov.br\/agricultura\/wp-json\/wp\/v2\/users\/295"}],"replies":[{"embeddable":true,"href":"https:\/\/goias.gov.br\/agricultura\/wp-json\/wp\/v2\/comments?post=38738"}],"version-history":[{"count":2,"href":"https:\/\/goias.gov.br\/agricultura\/wp-json\/wp\/v2\/posts\/38738\/revisions"}],"predecessor-version":[{"id":65171,"href":"https:\/\/goias.gov.br\/agricultura\/wp-json\/wp\/v2\/posts\/38738\/revisions\/65171"}],"wp:attachment":[{"href":"https:\/\/goias.gov.br\/agricultura\/wp-json\/wp\/v2\/media?parent=38738"}],"wp:term":[{"taxonomy":"category","embeddable":true,"href":"https:\/\/goias.gov.br\/agricultura\/wp-json\/wp\/v2\/categories?post=38738"},{"taxonomy":"post_tag","embeddable":true,"href":"https:\/\/goias.gov.br\/agricultura\/wp-json\/wp\/v2\/tags?post=38738"}],"curies":[{"name":"wp","href":"https:\/\/api.w.org\/{rel}","templated":true}]}}