

{"id":25921,"date":"2024-09-11T16:08:22","date_gmt":"2024-09-11T19:08:22","guid":{"rendered":"https:\/\/goias.gov.br\/agricultura\/?p=25921"},"modified":"2024-10-17T10:04:47","modified_gmt":"2024-10-17T13:04:47","slug":"soja-agro-em-dados-setembro-2024","status":"publish","type":"post","link":"https:\/\/goias.gov.br\/agricultura\/soja-agro-em-dados-setembro-2024\/","title":{"rendered":"SOJA \u2013 AGRO EM DADOS \/ SETEMBRO 2024"},"content":{"rendered":"<div class=\"wp-block-image\">\n<figure class=\"aligncenter is-resized\"><a href=\"https:\/\/goias.gov.br\/agricultura\/soja-agro-em-dados-setembro-2024\/\" target=\"_blank\" rel=\"noreferrer noopener\"><img decoding=\"async\" src=\"https:\/\/goias.gov.br\/agricultura\/wp-content\/uploads\/sites\/50\/2024\/09\/icones_site-06-2-1024x332.png\" alt=\"\" style=\"width:450px\"\/><\/a><\/figure>\n<\/div>\n\n\n<p>A oferta mundial recorde na temporada 2023\/24 e as proje\u00e7\u00f5es de alta disponibilidade na safra 2024\/25, somadas \u00e0 varia\u00e7\u00e3o negativa do d\u00f3lar frente ao real no m\u00eas de agosto, pressionaram as cota\u00e7\u00f5es da soja para baixo, no mercado brasileiro e internacional, na primeira quinzena do m\u00eas.<\/p>\n\n\n\n<p>Nas exporta\u00e7\u00f5es do acumulado deste ano (janeiro a julho), embora tenha-se observado um aumento de 3,0% no volume exportado dos produtos do complexo soja brasileiro, em rela\u00e7\u00e3o ao mesmo per\u00edodo de 2023, houve redu\u00e7\u00e3o de significativos 15,4% no valor auferido, revelando desvaloriza\u00e7\u00e3o da oleaginosa no mercado externo.<\/p>\n\n\n\n<p>Em rela\u00e7\u00e3o aos produtos derivados do complexo soja, os pre\u00e7os e os pr\u00eamios de exporta\u00e7\u00e3o do \u00f3leo de soja tiveram alta no cen\u00e1rio nacional no m\u00eas de julho, impulsionados pela maior demanda, sobretudo, de ind\u00fastrias de biodiesel. De fato, julho foi o m\u00eas de 2024 em que mais se embarcou \u00f3leo de soja no Brasil, alcan\u00e7ando 207,7 mil toneladas, 48,9% a mais comparativamente ao m\u00eas anterior, ao valor de US$196,7 milh\u00f5es.<\/p>\n\n\n\n<p>Em Goi\u00e1s, terceiro colocado no pa\u00eds em exporta\u00e7\u00e3o do \u00f3leo de soja, no acumulado de janeiro a julho deste ano, foram embarcadas 106,8 mil toneladas, ao valor de US$97,7 milh\u00f5es, recuos de 22,1% e 32,2%, respectivamente, em compara\u00e7\u00e3o ao mesmo per\u00edodo de 2023. Abril foi o m\u00eas de destaque em termos de volume e de valor exportado, com registro de envio de 25,5 mil toneladas e faturamento de US$22,5 milh\u00f5es, incremento decorrente, sobretudo, do pico de valoriza\u00e7\u00e3o do d\u00f3lar naquele m\u00eas.<\/p>\n\n\n\n<p>Com o crescimento da demanda por \u00f3leo de soja, as ind\u00fastrias brasileiras tendem a aumentar o esmagamento da oleaginosa, elevando-se a produ\u00e7\u00e3o do farelo de soja, cujo excedente no mercado tem pressionado os pre\u00e7os para baixo. De janeiro a julho de 2024, o Brasil exportou 13,3 milh\u00f5es de toneladas do farelo de soja, 3,6% a mais comparativamente ao mesmo per\u00edodo de 2023, ao valor de US$5,7 bilh\u00f5es, recuo de 14,3%. O estado de Goi\u00e1s, que tem a 4\u00aa posi\u00e7\u00e3o no ranking nacional de exporta\u00e7\u00e3o desse subproduto, embarcou 1,5 milh\u00e3o de toneladas nos sete primeiros meses deste ano, aumento de 0,1% em rela\u00e7\u00e3o ao mesmo per\u00edodo de 2023, ao valor de US$668,9 milh\u00f5es, recuo de 15,8%. O m\u00eas de abril foi o que mais se exportou: 329,8 mil toneladas, aumento de 33,3% em rela\u00e7\u00e3o a abril de 2023, e de 74,5 % em rela\u00e7\u00e3o a mar\u00e7o\/24, ao valor de US$138,2 milh\u00f5es.<\/p>\n\n\n\n<details class=\"wp-block-details has-vivid-cyan-blue-color has-text-color has-link-color wp-elements-f77726a7f004b0da5eb99551589daefb is-layout-flow wp-block-details-is-layout-flow\"><summary><img decoding=\"async\" src=\"https:\/\/goias.gov.br\/agricultura\/wp-content\/uploads\/sites\/50\/2024\/06\/image-9.png\" alt=\"O atributo alt desta imagem est\u00e1 vazio. O nome do arquivo \u00e9 image-9.png\">&nbsp;COTA\u00c7\u00d5ES \u2013 Indicador da Soja Esalq\/BM&amp;FBOVESPA-Paranagu\u00e1 (R$\/saca 60kg)<\/summary>\n<p><\/p>\n\n\n\n<figure class=\"wp-block-image size-large\"><img fetchpriority=\"high\" decoding=\"async\" width=\"1024\" height=\"445\" src=\"https:\/\/goias.gov.br\/agricultura\/wp-content\/uploads\/sites\/50\/2024\/09\/image-35-1024x445.png\" alt=\"\" class=\"wp-image-26671\" srcset=\"https:\/\/goias.gov.br\/agricultura\/wp-content\/uploads\/sites\/50\/2024\/09\/image-35-1024x445.png 1024w, https:\/\/goias.gov.br\/agricultura\/wp-content\/uploads\/sites\/50\/2024\/09\/image-35-300x130.png 300w, https:\/\/goias.gov.br\/agricultura\/wp-content\/uploads\/sites\/50\/2024\/09\/image-35-768x333.png 768w, https:\/\/goias.gov.br\/agricultura\/wp-content\/uploads\/sites\/50\/2024\/09\/image-35.png 1032w\" sizes=\"(max-width: 1024px) 100vw, 1024px\" \/><\/figure>\n\n\n\n<p><\/p>\n\n\n\n<p><\/p>\n<\/details>\n\n\n\n<details class=\"wp-block-details has-vivid-cyan-blue-color has-text-color has-link-color wp-elements-6852f934e7ff432a258b1532f53fabf4 is-layout-flow wp-block-details-is-layout-flow\"><summary><img decoding=\"async\" src=\"https:\/\/goias.gov.br\/agricultura\/wp-content\/uploads\/sites\/50\/2024\/06\/image-9.png\" alt=\"O atributo alt desta imagem est\u00e1 vazio. O nome do arquivo \u00e9 image-9.png\"> SAFRA DE SOJA 2023\/24 Estimativa<\/summary>\n<p><\/p>\n\n\n\n<p><\/p>\n\n\n\n<figure class=\"wp-block-image size-large\"><img decoding=\"async\" width=\"1024\" height=\"654\" src=\"https:\/\/goias.gov.br\/agricultura\/wp-content\/uploads\/sites\/50\/2024\/09\/image-98-1024x654.png\" alt=\"\" class=\"wp-image-29964\" srcset=\"https:\/\/goias.gov.br\/agricultura\/wp-content\/uploads\/sites\/50\/2024\/09\/image-98-1024x654.png 1024w, https:\/\/goias.gov.br\/agricultura\/wp-content\/uploads\/sites\/50\/2024\/09\/image-98-300x192.png 300w, https:\/\/goias.gov.br\/agricultura\/wp-content\/uploads\/sites\/50\/2024\/09\/image-98-768x491.png 768w, https:\/\/goias.gov.br\/agricultura\/wp-content\/uploads\/sites\/50\/2024\/09\/image-98.png 1185w\" sizes=\"(max-width: 1024px) 100vw, 1024px\" \/><\/figure>\n\n\n\n<p><\/p>\n\n\n\n<p><\/p>\n<\/details>\n\n\n\n<details class=\"wp-block-details has-vivid-cyan-blue-color has-text-color has-link-color wp-elements-33680ea02f0cd476eecff365afa42a3f is-layout-flow wp-block-details-is-layout-flow\"><summary><img decoding=\"async\" src=\"https:\/\/goias.gov.br\/agricultura\/wp-content\/uploads\/sites\/50\/2024\/06\/image-9.png\" alt=\"O atributo alt desta imagem est\u00e1 vazio. O nome do arquivo \u00e9 image-9.png\">&nbsp;GOI\u00c1S: VALOR BRUTO DA PRODU\u00c7\u00c3O DA SOJA (VBP) Estimativa 2024<\/summary>\n<p><\/p>\n\n\n\n<figure class=\"wp-block-image size-large\"><img decoding=\"async\" width=\"1024\" height=\"362\" src=\"https:\/\/goias.gov.br\/agricultura\/wp-content\/uploads\/sites\/50\/2024\/09\/image-100-1024x362.png\" alt=\"\" class=\"wp-image-29972\" srcset=\"https:\/\/goias.gov.br\/agricultura\/wp-content\/uploads\/sites\/50\/2024\/09\/image-100-1024x362.png 1024w, https:\/\/goias.gov.br\/agricultura\/wp-content\/uploads\/sites\/50\/2024\/09\/image-100-300x106.png 300w, https:\/\/goias.gov.br\/agricultura\/wp-content\/uploads\/sites\/50\/2024\/09\/image-100-768x272.png 768w, https:\/\/goias.gov.br\/agricultura\/wp-content\/uploads\/sites\/50\/2024\/09\/image-100.png 1195w\" sizes=\"(max-width: 1024px) 100vw, 1024px\" \/><\/figure>\n\n\n\n<p><\/p>\n<\/details>\n\n\n\n<details class=\"wp-block-details has-vivid-cyan-blue-color has-text-color has-link-color wp-elements-382b9df600caa0d7cbb7ec3c734e6432 is-layout-flow wp-block-details-is-layout-flow\"><summary><img decoding=\"async\" src=\"https:\/\/goias.gov.br\/agricultura\/wp-content\/uploads\/sites\/50\/2024\/06\/image-9.png\" alt=\"O atributo alt desta imagem est\u00e1 vazio. O nome do arquivo \u00e9 image-9.png\">&nbsp;BRASIL: EXPORTA\u00c7\u00d5ES DO COMPLEXO SOJA<\/summary>\n<p><\/p>\n\n\n\n<figure class=\"wp-block-image size-large\"><img loading=\"lazy\" decoding=\"async\" width=\"1024\" height=\"243\" src=\"https:\/\/goias.gov.br\/agricultura\/wp-content\/uploads\/sites\/50\/2024\/09\/image-101-1024x243.png\" alt=\"\" class=\"wp-image-29975\" srcset=\"https:\/\/goias.gov.br\/agricultura\/wp-content\/uploads\/sites\/50\/2024\/09\/image-101-1024x243.png 1024w, https:\/\/goias.gov.br\/agricultura\/wp-content\/uploads\/sites\/50\/2024\/09\/image-101-300x71.png 300w, https:\/\/goias.gov.br\/agricultura\/wp-content\/uploads\/sites\/50\/2024\/09\/image-101-768x182.png 768w, https:\/\/goias.gov.br\/agricultura\/wp-content\/uploads\/sites\/50\/2024\/09\/image-101.png 1187w\" sizes=\"(max-width: 1024px) 100vw, 1024px\" \/><\/figure>\n\n\n\n<p><\/p>\n\n\n\n<figure class=\"wp-block-image size-large\"><img loading=\"lazy\" decoding=\"async\" width=\"1024\" height=\"753\" src=\"https:\/\/goias.gov.br\/agricultura\/wp-content\/uploads\/sites\/50\/2024\/09\/image-102-1024x753.png\" alt=\"\" class=\"wp-image-29978\" srcset=\"https:\/\/goias.gov.br\/agricultura\/wp-content\/uploads\/sites\/50\/2024\/09\/image-102-1024x753.png 1024w, https:\/\/goias.gov.br\/agricultura\/wp-content\/uploads\/sites\/50\/2024\/09\/image-102-300x221.png 300w, https:\/\/goias.gov.br\/agricultura\/wp-content\/uploads\/sites\/50\/2024\/09\/image-102-768x565.png 768w, https:\/\/goias.gov.br\/agricultura\/wp-content\/uploads\/sites\/50\/2024\/09\/image-102.png 1149w\" sizes=\"(max-width: 1024px) 100vw, 1024px\" \/><\/figure>\n\n\n\n<p><\/p>\n\n\n\n<p><\/p>\n\n\n\n<details class=\"wp-block-details is-layout-flow wp-block-details-is-layout-flow\"><summary><\/summary>\n<p><\/p>\n\n\n\n<figure class=\"wp-block-image size-large\"><img loading=\"lazy\" decoding=\"async\" width=\"1024\" height=\"851\" src=\"https:\/\/goias.gov.br\/agricultura\/wp-content\/uploads\/sites\/50\/2024\/09\/image-40-1024x851.png\" alt=\"\" class=\"wp-image-26696\" srcset=\"https:\/\/goias.gov.br\/agricultura\/wp-content\/uploads\/sites\/50\/2024\/09\/image-40-1024x851.png 1024w, https:\/\/goias.gov.br\/agricultura\/wp-content\/uploads\/sites\/50\/2024\/09\/image-40-300x249.png 300w, https:\/\/goias.gov.br\/agricultura\/wp-content\/uploads\/sites\/50\/2024\/09\/image-40-768x638.png 768w, https:\/\/goias.gov.br\/agricultura\/wp-content\/uploads\/sites\/50\/2024\/09\/image-40.png 1035w\" sizes=\"(max-width: 1024px) 100vw, 1024px\" \/><\/figure>\n\n\n\n<p><\/p>\n<\/details>\n<\/details>\n\n\n\n<details class=\"wp-block-details has-vivid-cyan-blue-color has-text-color has-link-color wp-elements-68d65ec7cdd8df8d068cf3218ca65c22 is-layout-flow wp-block-details-is-layout-flow\"><summary><img decoding=\"async\" src=\"https:\/\/goias.gov.br\/agricultura\/wp-content\/uploads\/sites\/50\/2024\/06\/image-9.png\" alt=\"O atributo alt desta imagem est\u00e1 vazio. O nome do arquivo \u00e9 image-9.png\">&nbsp;GOI\u00c1S: EXPORTA\u00c7\u00d5ES DO COMPLEXO SOJA<\/summary>\n<p><\/p>\n\n\n\n<figure class=\"wp-block-image size-large\"><img loading=\"lazy\" decoding=\"async\" width=\"1024\" height=\"383\" src=\"https:\/\/goias.gov.br\/agricultura\/wp-content\/uploads\/sites\/50\/2024\/09\/image-103-1024x383.png\" alt=\"\" class=\"wp-image-29983\" srcset=\"https:\/\/goias.gov.br\/agricultura\/wp-content\/uploads\/sites\/50\/2024\/09\/image-103-1024x383.png 1024w, https:\/\/goias.gov.br\/agricultura\/wp-content\/uploads\/sites\/50\/2024\/09\/image-103-300x112.png 300w, https:\/\/goias.gov.br\/agricultura\/wp-content\/uploads\/sites\/50\/2024\/09\/image-103-768x287.png 768w, https:\/\/goias.gov.br\/agricultura\/wp-content\/uploads\/sites\/50\/2024\/09\/image-103.png 1157w\" sizes=\"(max-width: 1024px) 100vw, 1024px\" \/><\/figure>\n\n\n\n<p><\/p>\n\n\n\n<figure class=\"wp-block-image size-large\"><img loading=\"lazy\" decoding=\"async\" width=\"1024\" height=\"859\" src=\"https:\/\/goias.gov.br\/agricultura\/wp-content\/uploads\/sites\/50\/2024\/09\/image-41-1024x859.png\" alt=\"\" class=\"wp-image-26699\" srcset=\"https:\/\/goias.gov.br\/agricultura\/wp-content\/uploads\/sites\/50\/2024\/09\/image-41-1024x859.png 1024w, https:\/\/goias.gov.br\/agricultura\/wp-content\/uploads\/sites\/50\/2024\/09\/image-41-300x252.png 300w, https:\/\/goias.gov.br\/agricultura\/wp-content\/uploads\/sites\/50\/2024\/09\/image-41-768x644.png 768w, https:\/\/goias.gov.br\/agricultura\/wp-content\/uploads\/sites\/50\/2024\/09\/image-41.png 1035w\" sizes=\"(max-width: 1024px) 100vw, 1024px\" \/><\/figure>\n\n\n\n<p><\/p>\n\n\n\n<figure class=\"wp-block-image size-large\"><img loading=\"lazy\" decoding=\"async\" width=\"1024\" height=\"430\" src=\"https:\/\/goias.gov.br\/agricultura\/wp-content\/uploads\/sites\/50\/2024\/09\/image-42-1024x430.png\" alt=\"\" class=\"wp-image-26704\" srcset=\"https:\/\/goias.gov.br\/agricultura\/wp-content\/uploads\/sites\/50\/2024\/09\/image-42-1024x430.png 1024w, https:\/\/goias.gov.br\/agricultura\/wp-content\/uploads\/sites\/50\/2024\/09\/image-42-300x126.png 300w, https:\/\/goias.gov.br\/agricultura\/wp-content\/uploads\/sites\/50\/2024\/09\/image-42-768x322.png 768w, https:\/\/goias.gov.br\/agricultura\/wp-content\/uploads\/sites\/50\/2024\/09\/image-42.png 1039w\" sizes=\"(max-width: 1024px) 100vw, 1024px\" \/><\/figure>\n\n\n\n<p><\/p>\n\n\n\n<figure class=\"wp-block-image size-large\"><img loading=\"lazy\" decoding=\"async\" width=\"1024\" height=\"582\" src=\"https:\/\/goias.gov.br\/agricultura\/wp-content\/uploads\/sites\/50\/2024\/09\/image-43-1024x582.png\" alt=\"\" class=\"wp-image-26707\" srcset=\"https:\/\/goias.gov.br\/agricultura\/wp-content\/uploads\/sites\/50\/2024\/09\/image-43-1024x582.png 1024w, https:\/\/goias.gov.br\/agricultura\/wp-content\/uploads\/sites\/50\/2024\/09\/image-43-300x171.png 300w, https:\/\/goias.gov.br\/agricultura\/wp-content\/uploads\/sites\/50\/2024\/09\/image-43-768x437.png 768w, https:\/\/goias.gov.br\/agricultura\/wp-content\/uploads\/sites\/50\/2024\/09\/image-43.png 1032w\" sizes=\"(max-width: 1024px) 100vw, 1024px\" \/><\/figure>\n\n\n\n<p><\/p>\n<\/details>\n\n\n\n<p><\/p>\n\n\n\n<figure class=\"wp-block-image\"><img loading=\"lazy\" decoding=\"async\" width=\"3307\" height=\"828\" src=\"https:\/\/goias.gov.br\/agricultura\/wp-content\/uploads\/sites\/50\/2024\/07\/barra_pesquisa-1.png\" alt=\"\" class=\"wp-image-18955\"\/><\/figure>\n\n\n\n<p><\/p>\n\n\n\n<p><\/p>\n","protected":false},"excerpt":{"rendered":"<p>A oferta mundial recorde na temporada 2023\/24 e as proje\u00e7\u00f5es de alta disponibilidade na safra 2024\/25, somadas \u00e0 varia\u00e7\u00e3o negativa do d\u00f3lar frente ao real no m\u00eas de agosto, pressionaram as cota\u00e7\u00f5es da soja para baixo, no mercado brasileiro e internacional, na primeira quinzena do m\u00eas. Nas exporta\u00e7\u00f5es do acumulado deste ano (janeiro a julho), [&hellip;]<\/p>\n","protected":false},"author":292,"featured_media":0,"comment_status":"closed","ping_status":"open","sticky":false,"template":"","format":"standard","meta":{"footnotes":""},"categories":[37],"tags":[],"class_list":["post-25921","post","type-post","status-publish","format-standard","hentry","category-agro-em-dados-soja"],"rttpg_featured_image_url":null,"rttpg_author":{"display_name":"lucaselima","author_link":"https:\/\/goias.gov.br\/agricultura\/author\/lucaselima\/"},"rttpg_comment":0,"rttpg_category":"<a href=\"https:\/\/goias.gov.br\/agricultura\/categoria\/agro-em-dados-soja\/\" rel=\"category tag\">AGRO EM DADOS - SOJA<\/a>","rttpg_excerpt":"A oferta mundial recorde na temporada 2023\/24 e as proje\u00e7\u00f5es de alta disponibilidade na safra 2024\/25, somadas \u00e0 varia\u00e7\u00e3o negativa do d\u00f3lar frente ao real no m\u00eas de agosto, pressionaram as cota\u00e7\u00f5es da soja para baixo, no mercado brasileiro e internacional, na primeira quinzena do m\u00eas. Nas exporta\u00e7\u00f5es do acumulado deste ano (janeiro a julho),&hellip;","_links":{"self":[{"href":"https:\/\/goias.gov.br\/agricultura\/wp-json\/wp\/v2\/posts\/25921","targetHints":{"allow":["GET"]}}],"collection":[{"href":"https:\/\/goias.gov.br\/agricultura\/wp-json\/wp\/v2\/posts"}],"about":[{"href":"https:\/\/goias.gov.br\/agricultura\/wp-json\/wp\/v2\/types\/post"}],"author":[{"embeddable":true,"href":"https:\/\/goias.gov.br\/agricultura\/wp-json\/wp\/v2\/users\/292"}],"replies":[{"embeddable":true,"href":"https:\/\/goias.gov.br\/agricultura\/wp-json\/wp\/v2\/comments?post=25921"}],"version-history":[{"count":2,"href":"https:\/\/goias.gov.br\/agricultura\/wp-json\/wp\/v2\/posts\/25921\/revisions"}],"predecessor-version":[{"id":29986,"href":"https:\/\/goias.gov.br\/agricultura\/wp-json\/wp\/v2\/posts\/25921\/revisions\/29986"}],"wp:attachment":[{"href":"https:\/\/goias.gov.br\/agricultura\/wp-json\/wp\/v2\/media?parent=25921"}],"wp:term":[{"taxonomy":"category","embeddable":true,"href":"https:\/\/goias.gov.br\/agricultura\/wp-json\/wp\/v2\/categories?post=25921"},{"taxonomy":"post_tag","embeddable":true,"href":"https:\/\/goias.gov.br\/agricultura\/wp-json\/wp\/v2\/tags?post=25921"}],"curies":[{"name":"wp","href":"https:\/\/api.w.org\/{rel}","templated":true}]}}