

{"id":14392,"date":"2024-03-08T11:26:00","date_gmt":"2024-03-08T14:26:00","guid":{"rendered":"https:\/\/goias.gov.br\/agricultura\/?p=14392"},"modified":"2024-03-08T11:46:21","modified_gmt":"2024-03-08T14:46:21","slug":"agro-em-dados-marco-de-2024","status":"publish","type":"post","link":"https:\/\/goias.gov.br\/agricultura\/agro-em-dados-marco-de-2024\/","title":{"rendered":"Agro em Dados &#8211; Mar\u00e7o de 2024"},"content":{"rendered":"\n<p><em>Neste m\u00eas, o destaque do Agro em Dados foi o algod\u00e3o, cujo per\u00edodo atual \u00e9 de encerramento da safra, com estimativa de produ\u00e7\u00e3o de 151,3 mil toneladas, cultivadas em 34,5 mil hectares de terra. Os n\u00fameros representam um crescimento de 16,5% em rela\u00e7\u00e3o \u00e0 safra anterior, e colocam Goi\u00e1s em quinto lugar na produ\u00e7\u00e3o nacional da fibra. Confira abaixo o boletim completo.<\/em><\/p>\n\n\n\n<div data-wp-interactive=\"core\/file\" class=\"wp-block-file\"><object data-wp-bind--hidden=\"!state.hasPdfPreview\" hidden class=\"wp-block-file__embed\" data=\"https:\/\/goias.gov.br\/agricultura\/wp-content\/uploads\/sites\/50\/2024\/03\/AGRO-EM-DADOS-MARCO-1.pdf\" type=\"application\/pdf\" style=\"width:100%;height:1290px\" aria-label=\"Incorporado de AGRO EM DADOS - MARCO (1).\"><\/object><a id=\"wp-block-file--media-89eb0e7e-7fee-4b63-a36f-498908855271\" href=\"https:\/\/goias.gov.br\/agricultura\/wp-content\/uploads\/sites\/50\/2024\/03\/AGRO-EM-DADOS-MARCO-1.pdf\" target=\"_blank\" rel=\"noreferrer noopener\">AGRO EM DADOS &#8211; MARCO (1)<\/a><\/div>\n","protected":false},"excerpt":{"rendered":"<p>Neste m\u00eas, o destaque do Agro em Dados foi o algod\u00e3o, cujo per\u00edodo atual \u00e9 de encerramento da safra, com estimativa de produ\u00e7\u00e3o de 151,3 mil toneladas, cultivadas em 34,5 mil hectares de terra. Os n\u00fameros representam um crescimento de 16,5% em rela\u00e7\u00e3o \u00e0 safra anterior, e colocam Goi\u00e1s em quinto lugar na produ\u00e7\u00e3o nacional [&hellip;]<\/p>\n","protected":false},"author":292,"featured_media":0,"comment_status":"closed","ping_status":"open","sticky":false,"template":"","format":"standard","meta":{"footnotes":""},"categories":[1],"tags":[26,30,29,28,27],"class_list":["post-14392","post","type-post","status-publish","format-standard","hentry","category-sem-categoria","tag-agroemdados","tag-agronegocio","tag-boletim","tag-boletimdoagro","tag-boletimmensal"],"rttpg_featured_image_url":null,"rttpg_author":{"display_name":"lucaselima","author_link":"https:\/\/goias.gov.br\/agricultura\/author\/lucaselima\/"},"rttpg_comment":0,"rttpg_category":"<a href=\"https:\/\/goias.gov.br\/agricultura\/categoria\/sem-categoria\/\" rel=\"category tag\">Sem categoria<\/a>","rttpg_excerpt":"Neste m\u00eas, o destaque do Agro em Dados foi o algod\u00e3o, cujo per\u00edodo atual \u00e9 de encerramento da safra, com estimativa de produ\u00e7\u00e3o de 151,3 mil toneladas, cultivadas em 34,5 mil hectares de terra. Os n\u00fameros representam um crescimento de 16,5% em rela\u00e7\u00e3o \u00e0 safra anterior, e colocam Goi\u00e1s em quinto lugar na produ\u00e7\u00e3o nacional&hellip;","_links":{"self":[{"href":"https:\/\/goias.gov.br\/agricultura\/wp-json\/wp\/v2\/posts\/14392","targetHints":{"allow":["GET"]}}],"collection":[{"href":"https:\/\/goias.gov.br\/agricultura\/wp-json\/wp\/v2\/posts"}],"about":[{"href":"https:\/\/goias.gov.br\/agricultura\/wp-json\/wp\/v2\/types\/post"}],"author":[{"embeddable":true,"href":"https:\/\/goias.gov.br\/agricultura\/wp-json\/wp\/v2\/users\/292"}],"replies":[{"embeddable":true,"href":"https:\/\/goias.gov.br\/agricultura\/wp-json\/wp\/v2\/comments?post=14392"}],"version-history":[{"count":2,"href":"https:\/\/goias.gov.br\/agricultura\/wp-json\/wp\/v2\/posts\/14392\/revisions"}],"predecessor-version":[{"id":14400,"href":"https:\/\/goias.gov.br\/agricultura\/wp-json\/wp\/v2\/posts\/14392\/revisions\/14400"}],"wp:attachment":[{"href":"https:\/\/goias.gov.br\/agricultura\/wp-json\/wp\/v2\/media?parent=14392"}],"wp:term":[{"taxonomy":"category","embeddable":true,"href":"https:\/\/goias.gov.br\/agricultura\/wp-json\/wp\/v2\/categories?post=14392"},{"taxonomy":"post_tag","embeddable":true,"href":"https:\/\/goias.gov.br\/agricultura\/wp-json\/wp\/v2\/tags?post=14392"}],"curies":[{"name":"wp","href":"https:\/\/api.w.org\/{rel}","templated":true}]}}